{"id":196563,"date":"2019-08-11T17:55:23","date_gmt":"2019-08-11T17:55:23","guid":{"rendered":"https:\/\/www.meydan.tv\/article\/bagirovun-vekil-repressiyasi\/"},"modified":"2019-08-11T17:55:23","modified_gmt":"2019-08-11T17:55:23","slug":"bagirovun-vekil-repressiyasi","status":"publish","type":"post","link":"https:\/\/www.meydan.tv\/az\/article\/bagirovun-vekil-repressiyasi\/","title":{"rendered":"Ba\u011f\u0131rovun v\u0259kil repressiyas\u0131"},"content":{"rendered":"<p>\n  \u0130llah da, m\u0259cbur deyil ki, xalqa qar\u015f\u0131 haqs\u0131zl\u0131qlar\u0131 ancaq m\u0259murlar etsin. V\u0259kill\u0259rin d\u0259 bunu etm\u0259k kimi bir &quot;haqq\u0131\u201d olmal\u0131d\u0131r:\n<\/p>\n<ol>\n<li>\n    Onlar da r\u00fc\u015fv\u0259tl\u0259 i\u015f h\u0259ll ed\u0259 bil\u0259rl\u0259r v\u0259 ya r\u00fc\u015fv\u0259tin verilm\u0259sin\u0259 vasit\u0259\u00e7i (makler) ola bil\u0259rl\u0259r.\n  <\/li>\n<li>\n    R\u00fc\u015fv\u0259t da\u015f\u0131ya bil\u0259rl\u0259r. (inkassatorluq)\n  <\/li>\n<li>\n    M\u00fcdafi\u0259 etdiyi \u015f\u0259xsl\u0259rin \u015f\u0259xsin\u0259 aid v\u0259 sirr t\u0259\u015fkil ed\u0259n m\u0259lumatlar\u0131 payla\u015fa bil\u0259rl\u0259r.\n  <\/li>\n<li>\n    Onlar da saxta se\u00e7iml\u0259rin qurban\u0131d\u0131rlar.\n  <\/li>\n<li>\n    Onlar da siyasi m\u00f6vqe g\u00f6st\u0259rib hakim partiyan\u0131n bir struktur b\u00f6lm\u0259si v\u0259 ya h\u00f6kum\u0259tin bir qurumu kimi yar\u0131na bil\u0259rl\u0259r.\n  <\/li>\n<\/ol>\n<p>\n  Y\u0259ni, dem\u0259yim o ki, v\u0259kill\u0259rd\u0259n \u00e7ox \u015fey g\u00f6zl\u0259m\u0259yin. Onlar\u0131n da bu hala d\u00fc\u015fm\u0259l\u0259rinin s\u0259b\u0259bi siyasi sistemin zay v\u0259 \u00e7\u00fcr\u00fck, o c\u00fcml\u0259d\u0259n korrupsiyala\u015fm\u0131\u015f olmas\u0131d\u0131r. Amma r\u0259hb\u0259rliyini t\u0259nqid el\u0259m\u0259k laz\u0131md\u0131r. \u00dczv v\u0259kill\u0259r is\u0259 n\u0259 q\u0259d\u0259r ki, dill\u0259rini dinm\u0259z qoyub, a\u011f\u0131zlar\u0131na su al\u0131b, ma\u011fm\u0131nl\u0131q ed\u0259c\u0259kl\u0259r, bir o q\u0259d\u0259r onlar da h\u0259d\u0259f\u0259 al\u0131nacaqlar. Bu, he\u00e7 bir dostumda q\u0131c\u0131q yaratmas\u0131n. \u00c7\u00fcnki v\u0259ziyy\u0259tin bu hala g\u0259lm\u0259sind\u0259 h\u0259m d\u0259 onlar\u0131n g\u00fcnah\u0131 var. \u00c7\u00fcnki onlar h\u0259mkarlar\u0131 haqs\u0131z yer\u0259 c\u0259zaland\u0131r\u0131landa, kollegiyadan xaric edil\u0259nd\u0259 he\u00e7 bir s\u00f6z dem\u0259dil\u0259r. Susdular. Haqs\u0131zl\u0131\u011fa qar\u015f\u0131 bir k\u0259lm\u0259 bel\u0259 dill\u0259nm\u0259dil\u0259r. R\u0259yas\u0259t hey\u0259tinin \u00fczvl\u0259ri \u00f6zl\u0259rini zorla d\u00f6vl\u0259t qurumu kimi \u201cfacebook\u201d hesablar\u0131na soxu\u015fduranda &quot;like\u201d qoydular v\u0259 r\u0259hb\u0259rliyin xo\u015funa g\u0259lm\u0259y\u0259 \u00e7al\u0131\u015fd\u0131lar. Onlar n\u00fcmun\u0259ni m\u00fcbariz v\u0259kil h\u0259mkarlar\u0131ndan deyil, &quot;s\u0259drim, s\u0259drim&quot; deyib, r\u0259hb\u0259rliyin dal\u0131nca d\u00fc\u015f\u00fcb yaltaql\u0131q ed\u0259nl\u0259rd\u0259n g\u00f6t\u00fcrd\u00fcl\u0259r v\u0259 &quot;palaza b\u00fcr\u00fcn, ell\u0259 s\u00fcr\u00fcn&quot; prinsipi il\u0259 h\u0259r\u0259k\u0259t edib \u00f6zl\u0259rini &quot;\u015firin satma\u011fa&quot; \u00e7al\u0131\u015fd\u0131lar. Burada bel\u0259 yen\u0259 onlar\u0131 q\u0131namama\u011f\u0131m g\u0259lir. \u00c7\u00fcnki o yaz\u0131qlar\u0131 da kollegiyadan \u00e7\u0131xara bil\u0259rl\u0259r. Bu kollegiyan\u0131n r\u0259hb\u0259rliyinin \u0259lind\u0259 \u201c2\u00d72\u201d q\u0259d\u0259r asan v\u0259 sad\u0259dir. Ondan sonra n\u00fcmay\u0259nd\u0259lik d\u0259 yoxdur ki, gedib bir \u015f\u0259kild\u0259 ail\u0259sin\u0259 \u00e7\u00f6r\u0259k qazans\u0131nlar. B\u0259li, indiki kollegiya r\u0259hb\u0259rliyi m\u00f6vcud sistemin siyasi x\u0259ttinin davam\u0131 olaraq insanlar\u0131 iqtisadi c\u0259h\u0259td\u0259n s\u0131na\u011fa \u00e7\u0259kir. M\u0259hz bu s\u0259b\u0259bd\u0259ndir ki, ya\u015fl\u0131-ba\u015fl\u0131 adamlar kollegiya r\u0259hb\u0259rliyinin bir payla\u015f\u0131m\u0131 olan kimi m\u0259dhiyy\u0259l\u0259r yazmaq \u00fc\u00e7\u00fcn n\u00f6vb\u0259y\u0259 dayan\u0131rlar. H\u0259l\u0259 b\u0259zil\u0259ri f\u0259rqli g\u00f6z\u00fcnm\u0259k, g\u00f6z\u0259 girm\u0259k \u00fc\u00e7\u00fcn b\u00fct\u00fcn h\u0259rfl\u0259ri b\u00f6y\u00fck v\u0259 bir q\u0259zet s\u0259hif\u0259si boyda \u015f\u0259rh yazmaqla yaltaql\u0131q \u2013 b\u0259lk\u0259 d\u0259 qorxaql\u0131q \u2013 \u015f\u0259hv\u0259tini bu \u015f\u0259kild\u0259 \u00f6ld\u00fcrm\u0259y\u0259 \u00e7al\u0131\u015f\u0131rlar. \u0130ndi \u0259min\u0259m ki, bu yaz\u0131n\u0131 oxuyan v\u0259 i\u00e7ind\u0259 h\u0259l\u0259 d\u0259 l\u0259yaq\u0259t hissi \u00f6lm\u0259y\u0259n dostlar\u0131m\u0131z utanc t\u0259b\u0259ss\u00fcm\u00fc ed\u0259r\u0259k, ba\u015flar\u0131n\u0131 bulayacaqlar. Dostlar, siz n\u0259 q\u0259d\u0259r sussan\u0131z, bir o q\u0259d\u0259r ac\u0131 \u00e7\u0259k\u0259c\u0259ksiniz. H\u0259m daxili vicdan\u0131n\u0131z\u0131n ac\u0131s\u0131n\u0131, h\u0259m d\u0259, m\u0259nim kimi susma\u011f\u0131 bacarmayan, s\u00f6z\u00fcn\u00fc \u00e7\u0259kinm\u0259d\u0259n dey\u0259 bil\u0259n adamlar\u0131n s\u00f6zl\u0259rind\u0259n ac\u0131 \u00e7\u0259k\u0259c\u0259ksiniz. \u00c7\u00fcnki \u00f6z\u00fcn\u00fc bil\u0259n biri kimi \u0259minlikl\u0259 dey\u0259 bil\u0259r\u0259m ki, m\u0259nim dostluq etdikl\u0259rim vicdans\u0131z v\u0259 \u015f\u0259r\u0259fsiz ola bilm\u0259z. O c\u00fcml\u0259d\u0259n siz&#8230;\n<\/p>\n<p>\n  C\u0259miyy\u0259tin h\u0259r \u015feyd\u0259n x\u0259b\u0259ri var. Yuxar\u0131da qeyd etdiyim kimi, v\u0259killiyin bu hala sal\u0131nmas\u0131nda birba\u015fa siyasi sistem g\u00fcnahkard\u0131r. O siyasi sistem ki, onu t\u0259nqid ed\u0259nl\u0259ri \u201cerm\u0259ni d\u0259yirman\u0131na su t\u00f6k\u0259n kimi\u201d q\u0259l\u0259m\u0259 verir v\u0259 tan\u0131td\u0131r\u0131r. Xalq\u0131m\u0131n v\u0259 ali pe\u015f\u0259 olan v\u0259killiyin (m\u0259n\u0259 g\u00f6r\u0259 bu pe\u015f\u0259l\u0259rin \u0259n alisidir) m\u0259hv olmas\u0131 \u00fc\u00e7\u00fcn meydana \u201cba\u011f\u0131rov\u201d markal\u0131 bi\u00e7ici represiya ma\u015f\u0131n\u0131 salanlar m\u0259hz muxtaryanlar\u0131n rahat top oynamas\u0131 \u00fc\u00e7\u00fcn \u015f\u0259rait yaratmal\u0131 idi. Ona g\u00f6r\u0259 d\u0259 dig\u0259r v\u0259kill\u0259rin m\u0259hz onlar\u0131 haql\u0131 olaraq ma\u011fm\u0131n, fa\u011f\u0131r adland\u0131ranlara di\u015f q\u0131cama\u011fa g\u00fcc\u00fc \u00e7at\u0131r. \u00d6zl\u0259rinin ba\u015fbil\u0259nl\u0259rin\u0259 is\u0259 s\u00f6z dey\u0259 bilm\u0259zl\u0259r. \u00c7\u00fcnki d\u0259rhal k\u0259narla\u015fd\u0131r\u0131lmaq qorxusu var, t\u0259hdid oluna, yegan\u0259 \u00e7\u00f6r\u0259k yeri \u0259lind\u0259n al\u0131na bil\u0259r! \u00c7\u00fcnki kollegiyan\u0131n R\u0259yas\u0259t Hey\u0259ti buna qadirdir. \u00c7\u00fcnki onlar bir prinsipl\u0259 \u00e7al\u0131\u015f\u0131rlar : \u201cYa bizd\u0259ndir, ya da d\u00fc\u015fm\u0259n\u201d. \u0130ndiki halda is\u0259 hakimiyy\u0259t kimd\u0259dirs\u0259, o da g\u00fccl\u00fcd\u00fcr.\n<\/p>\n<p>\n  Amma v\u0259kill\u0259r s\u0131ravi v\u0259t\u0259nda\u015flardan f\u0259rqli olaraq birl\u0259\u015f\u0259, ciddi \u015f\u0259kild\u0259 t\u0259\u015fkilatlana v\u0259 indiki r\u0259hb\u0259rliyin b\u00fct\u00fcn iyr\u0259nclikl\u0259rini h\u0259r bir h\u0259mkara t\u0259bli\u011f edib, bu repressiyaya son qoya bil\u0259rl\u0259r. Bunun \u00fc\u00e7\u00fcn irad\u0259, s\u00f6z\u00fc bir yer\u0259 qoymaq v\u0259 qorxmamaq laz\u0131md\u0131r. \u018fks t\u0259qdird\u0259 \u0259min olun, bu repressiv r\u0259hb\u0259rliyin muxtaryanlar\u0131 zaman\u0131 g\u0259l\u0259nd\u0259 sizin d\u0259 qap\u0131n\u0131za qol vuracaq. Onda gec olacaq. H\u0259m d\u0259 \u00e7ox gec!<\/p>\n","protected":false},"excerpt":{"rendered":"<p>V\u0259kill\u0259r s\u0131ravi v\u0259t\u0259nda\u015flardan f\u0259rqli olaraq birl\u0259\u015f\u0259, bu repressiyaya son qoya bil\u0259rl\u0259r<\/p>\n","protected":false},"author":11,"featured_media":128006,"comment_status":"closed","ping_status":"open","sticky":false,"template":"","format":"standard","meta":{"_acf_changed":false,"_sitemap_exclude":false,"_sitemap_priority":"","_sitemap_frequency":"","footnotes":""},"categories":[57],"tags":[],"class_list":["post-196563","post","type-post","status-publish","format-standard","has-post-thumbnail","hentry","category-menim-fikrimce","infinite-scroll-item","generate-columns","tablet-grid-50","mobile-grid-100","grid-parent","grid-33","no-featured-image-padding"],"acf":[],"yoast_head":"<!-- This site is optimized with the Yoast SEO plugin v27.4 - https:\/\/yoast.com\/product\/yoast-seo-wordpress\/ -->\n<title>Ba\u011f\u0131rovun v\u0259kil repressiyas\u0131 - MEYDAN.TV<\/title>\n<meta name=\"robots\" content=\"index, follow, max-snippet:-1, max-image-preview:large, max-video-preview:-1\" \/>\n<link rel=\"canonical\" href=\"https:\/\/www.meydan.tv\/az\/article\/bagirovun-vekil-repressiyasi\/\" \/>\n<meta property=\"og:locale\" content=\"az_AZ\" \/>\n<meta property=\"og:type\" content=\"article\" \/>\n<meta property=\"og:title\" content=\"Ba\u011f\u0131rovun v\u0259kil repressiyas\u0131 - MEYDAN.TV\" \/>\n<meta property=\"og:description\" content=\"V\u0259kill\u0259r s\u0131ravi v\u0259t\u0259nda\u015flardan f\u0259rqli olaraq birl\u0259\u015f\u0259, bu repressiyaya son qoya bil\u0259rl\u0259r\" \/>\n<meta property=\"og:url\" content=\"https:\/\/www.meydan.tv\/az\/article\/bagirovun-vekil-repressiyasi\/\" \/>\n<meta property=\"og:site_name\" content=\"MEYDAN.TV\" \/>\n<meta property=\"article:published_time\" content=\"2019-08-11T17:55:23+00:00\" \/>\n<meta property=\"og:image\" content=\"https:\/\/www.meydan.tv\/wp-content\/uploads\/copy_of_untitled_design_ziknqsg.png\" \/>\n\t<meta property=\"og:image:width\" content=\"1280\" \/>\n\t<meta property=\"og:image:height\" content=\"720\" \/>\n\t<meta property=\"og:image:type\" content=\"image\/png\" \/>\n<meta name=\"author\" content=\"user-manager\" \/>\n<meta name=\"twitter:card\" content=\"summary_large_image\" \/>\n<script type=\"application\/ld+json\" class=\"yoast-schema-graph\">{\"@context\":\"https:\\\/\\\/schema.org\",\"@graph\":[{\"@type\":\"Article\",\"@id\":\"https:\\\/\\\/www.meydan.tv\\\/az\\\/article\\\/bagirovun-vekil-repressiyasi\\\/#article\",\"isPartOf\":{\"@id\":\"https:\\\/\\\/www.meydan.tv\\\/az\\\/article\\\/bagirovun-vekil-repressiyasi\\\/\"},\"author\":{\"name\":\"user-manager\",\"@id\":\"https:\\\/\\\/www.meydan.tv\\\/az\\\/#\\\/schema\\\/person\\\/10d11eccf6da3662cf5fdab9806ea91a\"},\"headline\":\"Ba\u011f\u0131rovun v\u0259kil repressiyas\u0131\",\"datePublished\":\"2019-08-11T17:55:23+00:00\",\"mainEntityOfPage\":{\"@id\":\"https:\\\/\\\/www.meydan.tv\\\/az\\\/article\\\/bagirovun-vekil-repressiyasi\\\/\"},\"wordCount\":959,\"publisher\":{\"@id\":\"https:\\\/\\\/www.meydan.tv\\\/az\\\/#organization\"},\"image\":{\"@id\":\"https:\\\/\\\/www.meydan.tv\\\/az\\\/article\\\/bagirovun-vekil-repressiyasi\\\/#primaryimage\"},\"thumbnailUrl\":\"https:\\\/\\\/www.meydan.tv\\\/wp-content\\\/uploads\\\/copy_of_untitled_design_ziknqsg.png\",\"articleSection\":[\"M\u0259nim Fikrimc\u0259\"],\"inLanguage\":\"az\"},{\"@type\":\"WebPage\",\"@id\":\"https:\\\/\\\/www.meydan.tv\\\/az\\\/article\\\/bagirovun-vekil-repressiyasi\\\/\",\"url\":\"https:\\\/\\\/www.meydan.tv\\\/az\\\/article\\\/bagirovun-vekil-repressiyasi\\\/\",\"name\":\"Ba\u011f\u0131rovun v\u0259kil repressiyas\u0131 - MEYDAN.TV\",\"isPartOf\":{\"@id\":\"https:\\\/\\\/www.meydan.tv\\\/az\\\/#website\"},\"primaryImageOfPage\":{\"@id\":\"https:\\\/\\\/www.meydan.tv\\\/az\\\/article\\\/bagirovun-vekil-repressiyasi\\\/#primaryimage\"},\"image\":{\"@id\":\"https:\\\/\\\/www.meydan.tv\\\/az\\\/article\\\/bagirovun-vekil-repressiyasi\\\/#primaryimage\"},\"thumbnailUrl\":\"https:\\\/\\\/www.meydan.tv\\\/wp-content\\\/uploads\\\/copy_of_untitled_design_ziknqsg.png\",\"datePublished\":\"2019-08-11T17:55:23+00:00\",\"breadcrumb\":{\"@id\":\"https:\\\/\\\/www.meydan.tv\\\/az\\\/article\\\/bagirovun-vekil-repressiyasi\\\/#breadcrumb\"},\"inLanguage\":\"az\",\"potentialAction\":[{\"@type\":\"ReadAction\",\"target\":[\"https:\\\/\\\/www.meydan.tv\\\/az\\\/article\\\/bagirovun-vekil-repressiyasi\\\/\"]}]},{\"@type\":\"ImageObject\",\"inLanguage\":\"az\",\"@id\":\"https:\\\/\\\/www.meydan.tv\\\/az\\\/article\\\/bagirovun-vekil-repressiyasi\\\/#primaryimage\",\"url\":\"https:\\\/\\\/www.meydan.tv\\\/wp-content\\\/uploads\\\/copy_of_untitled_design_ziknqsg.png\",\"contentUrl\":\"https:\\\/\\\/www.meydan.tv\\\/wp-content\\\/uploads\\\/copy_of_untitled_design_ziknqsg.png\",\"width\":1280,\"height\":720,\"caption\":\"Source: Meydan TV\"},{\"@type\":\"BreadcrumbList\",\"@id\":\"https:\\\/\\\/www.meydan.tv\\\/az\\\/article\\\/bagirovun-vekil-repressiyasi\\\/#breadcrumb\",\"itemListElement\":[{\"@type\":\"ListItem\",\"position\":1,\"name\":\"Ana s\u0259hif\u0259\",\"item\":\"https:\\\/\\\/www.meydan.tv\\\/az\\\/\"},{\"@type\":\"ListItem\",\"position\":2,\"name\":\"M\u0259nim Fikrimc\u0259\",\"item\":\"https:\\\/\\\/www.meydan.tv\\\/az\\\/section\\\/menim-fikrimce\\\/\"},{\"@type\":\"ListItem\",\"position\":3,\"name\":\"Ba\u011f\u0131rovun v\u0259kil repressiyas\u0131\"}]},{\"@type\":\"WebSite\",\"@id\":\"https:\\\/\\\/www.meydan.tv\\\/az\\\/#website\",\"url\":\"https:\\\/\\\/www.meydan.tv\\\/az\\\/\",\"name\":\"MEYDAN.TV\",\"description\":\"Meydan TV Az\u0259rbaycan\u0131n media m\u0259kan\u0131ndak\u0131 alternativ s\u0259sidir\",\"publisher\":{\"@id\":\"https:\\\/\\\/www.meydan.tv\\\/az\\\/#organization\"},\"potentialAction\":[{\"@type\":\"SearchAction\",\"target\":{\"@type\":\"EntryPoint\",\"urlTemplate\":\"https:\\\/\\\/www.meydan.tv\\\/az\\\/?s={search_term_string}\"},\"query-input\":{\"@type\":\"PropertyValueSpecification\",\"valueRequired\":true,\"valueName\":\"search_term_string\"}}],\"inLanguage\":\"az\"},{\"@type\":\"Organization\",\"@id\":\"https:\\\/\\\/www.meydan.tv\\\/az\\\/#organization\",\"name\":\"Meydan TV\",\"url\":\"https:\\\/\\\/www.meydan.tv\\\/az\\\/\",\"logo\":{\"@type\":\"ImageObject\",\"inLanguage\":\"az\",\"@id\":\"https:\\\/\\\/www.meydan.tv\\\/az\\\/#\\\/schema\\\/logo\\\/image\\\/\",\"url\":\"https:\\\/\\\/www.meydan.tv\\\/wp-content\\\/uploads\\\/2021\\\/07\\\/meydan-logo.svg\",\"contentUrl\":\"https:\\\/\\\/www.meydan.tv\\\/wp-content\\\/uploads\\\/2021\\\/07\\\/meydan-logo.svg\",\"width\":195,\"height\":46,\"caption\":\"Meydan TV\"},\"image\":{\"@id\":\"https:\\\/\\\/www.meydan.tv\\\/az\\\/#\\\/schema\\\/logo\\\/image\\\/\"}},{\"@type\":\"Person\",\"@id\":\"https:\\\/\\\/www.meydan.tv\\\/az\\\/#\\\/schema\\\/person\\\/10d11eccf6da3662cf5fdab9806ea91a\",\"name\":\"user-manager\"}]}<\/script>\n<!-- \/ Yoast SEO plugin. -->","yoast_head_json":{"title":"Ba\u011f\u0131rovun v\u0259kil repressiyas\u0131 - MEYDAN.TV","robots":{"index":"index","follow":"follow","max-snippet":"max-snippet:-1","max-image-preview":"max-image-preview:large","max-video-preview":"max-video-preview:-1"},"canonical":"https:\/\/www.meydan.tv\/az\/article\/bagirovun-vekil-repressiyasi\/","og_locale":"az_AZ","og_type":"article","og_title":"Ba\u011f\u0131rovun v\u0259kil repressiyas\u0131 - MEYDAN.TV","og_description":"V\u0259kill\u0259r s\u0131ravi v\u0259t\u0259nda\u015flardan f\u0259rqli olaraq birl\u0259\u015f\u0259, bu repressiyaya son qoya bil\u0259rl\u0259r","og_url":"https:\/\/www.meydan.tv\/az\/article\/bagirovun-vekil-repressiyasi\/","og_site_name":"MEYDAN.TV","article_published_time":"2019-08-11T17:55:23+00:00","og_image":[{"width":1280,"height":720,"url":"https:\/\/www.meydan.tv\/wp-content\/uploads\/copy_of_untitled_design_ziknqsg.png","type":"image\/png"}],"author":"user-manager","twitter_card":"summary_large_image","schema":{"@context":"https:\/\/schema.org","@graph":[{"@type":"Article","@id":"https:\/\/www.meydan.tv\/az\/article\/bagirovun-vekil-repressiyasi\/#article","isPartOf":{"@id":"https:\/\/www.meydan.tv\/az\/article\/bagirovun-vekil-repressiyasi\/"},"author":{"name":"user-manager","@id":"https:\/\/www.meydan.tv\/az\/#\/schema\/person\/10d11eccf6da3662cf5fdab9806ea91a"},"headline":"Ba\u011f\u0131rovun v\u0259kil repressiyas\u0131","datePublished":"2019-08-11T17:55:23+00:00","mainEntityOfPage":{"@id":"https:\/\/www.meydan.tv\/az\/article\/bagirovun-vekil-repressiyasi\/"},"wordCount":959,"publisher":{"@id":"https:\/\/www.meydan.tv\/az\/#organization"},"image":{"@id":"https:\/\/www.meydan.tv\/az\/article\/bagirovun-vekil-repressiyasi\/#primaryimage"},"thumbnailUrl":"https:\/\/www.meydan.tv\/wp-content\/uploads\/copy_of_untitled_design_ziknqsg.png","articleSection":["M\u0259nim Fikrimc\u0259"],"inLanguage":"az"},{"@type":"WebPage","@id":"https:\/\/www.meydan.tv\/az\/article\/bagirovun-vekil-repressiyasi\/","url":"https:\/\/www.meydan.tv\/az\/article\/bagirovun-vekil-repressiyasi\/","name":"Ba\u011f\u0131rovun v\u0259kil repressiyas\u0131 - MEYDAN.TV","isPartOf":{"@id":"https:\/\/www.meydan.tv\/az\/#website"},"primaryImageOfPage":{"@id":"https:\/\/www.meydan.tv\/az\/article\/bagirovun-vekil-repressiyasi\/#primaryimage"},"image":{"@id":"https:\/\/www.meydan.tv\/az\/article\/bagirovun-vekil-repressiyasi\/#primaryimage"},"thumbnailUrl":"https:\/\/www.meydan.tv\/wp-content\/uploads\/copy_of_untitled_design_ziknqsg.png","datePublished":"2019-08-11T17:55:23+00:00","breadcrumb":{"@id":"https:\/\/www.meydan.tv\/az\/article\/bagirovun-vekil-repressiyasi\/#breadcrumb"},"inLanguage":"az","potentialAction":[{"@type":"ReadAction","target":["https:\/\/www.meydan.tv\/az\/article\/bagirovun-vekil-repressiyasi\/"]}]},{"@type":"ImageObject","inLanguage":"az","@id":"https:\/\/www.meydan.tv\/az\/article\/bagirovun-vekil-repressiyasi\/#primaryimage","url":"https:\/\/www.meydan.tv\/wp-content\/uploads\/copy_of_untitled_design_ziknqsg.png","contentUrl":"https:\/\/www.meydan.tv\/wp-content\/uploads\/copy_of_untitled_design_ziknqsg.png","width":1280,"height":720,"caption":"Source: Meydan TV"},{"@type":"BreadcrumbList","@id":"https:\/\/www.meydan.tv\/az\/article\/bagirovun-vekil-repressiyasi\/#breadcrumb","itemListElement":[{"@type":"ListItem","position":1,"name":"Ana s\u0259hif\u0259","item":"https:\/\/www.meydan.tv\/az\/"},{"@type":"ListItem","position":2,"name":"M\u0259nim Fikrimc\u0259","item":"https:\/\/www.meydan.tv\/az\/section\/menim-fikrimce\/"},{"@type":"ListItem","position":3,"name":"Ba\u011f\u0131rovun v\u0259kil repressiyas\u0131"}]},{"@type":"WebSite","@id":"https:\/\/www.meydan.tv\/az\/#website","url":"https:\/\/www.meydan.tv\/az\/","name":"MEYDAN.TV","description":"Meydan TV Az\u0259rbaycan\u0131n media m\u0259kan\u0131ndak\u0131 alternativ s\u0259sidir","publisher":{"@id":"https:\/\/www.meydan.tv\/az\/#organization"},"potentialAction":[{"@type":"SearchAction","target":{"@type":"EntryPoint","urlTemplate":"https:\/\/www.meydan.tv\/az\/?s={search_term_string}"},"query-input":{"@type":"PropertyValueSpecification","valueRequired":true,"valueName":"search_term_string"}}],"inLanguage":"az"},{"@type":"Organization","@id":"https:\/\/www.meydan.tv\/az\/#organization","name":"Meydan TV","url":"https:\/\/www.meydan.tv\/az\/","logo":{"@type":"ImageObject","inLanguage":"az","@id":"https:\/\/www.meydan.tv\/az\/#\/schema\/logo\/image\/","url":"https:\/\/www.meydan.tv\/wp-content\/uploads\/2021\/07\/meydan-logo.svg","contentUrl":"https:\/\/www.meydan.tv\/wp-content\/uploads\/2021\/07\/meydan-logo.svg","width":195,"height":46,"caption":"Meydan TV"},"image":{"@id":"https:\/\/www.meydan.tv\/az\/#\/schema\/logo\/image\/"}},{"@type":"Person","@id":"https:\/\/www.meydan.tv\/az\/#\/schema\/person\/10d11eccf6da3662cf5fdab9806ea91a","name":"user-manager"}]}},"_links":{"self":[{"href":"https:\/\/www.meydan.tv\/az\/wp-json\/wp\/v2\/posts\/196563","targetHints":{"allow":["GET"]}}],"collection":[{"href":"https:\/\/www.meydan.tv\/az\/wp-json\/wp\/v2\/posts"}],"about":[{"href":"https:\/\/www.meydan.tv\/az\/wp-json\/wp\/v2\/types\/post"}],"author":[{"embeddable":true,"href":"https:\/\/www.meydan.tv\/az\/wp-json\/wp\/v2\/users\/11"}],"replies":[{"embeddable":true,"href":"https:\/\/www.meydan.tv\/az\/wp-json\/wp\/v2\/comments?post=196563"}],"version-history":[{"count":0,"href":"https:\/\/www.meydan.tv\/az\/wp-json\/wp\/v2\/posts\/196563\/revisions"}],"wp:featuredmedia":[{"embeddable":true,"href":"https:\/\/www.meydan.tv\/az\/wp-json\/wp\/v2\/media\/128006"}],"wp:attachment":[{"href":"https:\/\/www.meydan.tv\/az\/wp-json\/wp\/v2\/media?parent=196563"}],"wp:term":[{"taxonomy":"category","embeddable":true,"href":"https:\/\/www.meydan.tv\/az\/wp-json\/wp\/v2\/categories?post=196563"},{"taxonomy":"post_tag","embeddable":true,"href":"https:\/\/www.meydan.tv\/az\/wp-json\/wp\/v2\/tags?post=196563"}],"curies":[{"name":"wp","href":"https:\/\/api.w.org\/{rel}","templated":true}]}}