{"id":196550,"date":"2019-08-09T14:31:38","date_gmt":"2019-08-09T14:31:38","guid":{"rendered":"https:\/\/www.meydan.tv\/article\/oglumun-nesini-goturmeye-gedende-dediler-3-min-dollar-hormet-et-sehid-adi-verek\/"},"modified":"2019-08-09T14:31:38","modified_gmt":"2019-08-09T14:31:38","slug":"oglumun-nesini-goturmeye-gedende-dediler-3-min-dollar-hormet-et-sehid-adi-verek","status":"publish","type":"post","link":"https:\/\/www.meydan.tv\/az\/article\/oglumun-nesini-goturmeye-gedende-dediler-3-min-dollar-hormet-et-sehid-adi-verek\/","title":{"rendered":"&#8221;O\u011flumun n\u0259\u015fini g\u00f6t\u00fcrm\u0259y\u0259 ged\u0259nd\u0259 dedil\u0259r, 3 min dollar h\u00f6rm\u0259t et, \u015f\u0259hid ad\u0131 ver\u0259k&#8221;"},"content":{"rendered":"<p>\n  <i><br \/>\n    Ucar sakini deyir ki, 25 il \u00f6nc\u0259 itirdiyi o\u011flunun haqq\u0131 tapdan\u0131b<br \/>\n  <\/i>\n<\/p>\n<p>\n  Ucar\u0131n K\u00fc\u00e7\u0259k\u0259nd k\u0259ndinin sakini, 63 ya\u015fl\u0131 F\u0259rid\u0259 Mustafayeva onkoloji x\u0259st\u0259likd\u0259n \u0259ziyy\u0259t \u00e7\u0259kir. 6 ay \u00f6nc\u0259 bilib x\u0259st\u0259 oldu\u011funu. Dediyin\u0259 g\u00f6r\u0259, xeyli yanl\u0131\u015f m\u00fcalic\u0259d\u0259n sonra d\u0259qiq diaqnoz qoyulub. T\u0259cili \u0259mm\u0259liyyatla m\u0259d\u0259sini g\u00f6t\u00fcr\u00fcbl\u0259r. 6 ay \u0259rzind\u0259 b\u00fct\u00fcn h\u0259yat\u0131n\u0131n d\u0259yi\u015fdiyini bildirir:\n<\/p>\n<p>\n  \u201cBilir\u0259m ki, v\u0259ziyy\u0259tim a\u011f\u0131rd\u0131r. V\u0259 m\u0259n bu g\u00fcn \u00f6vladlar\u0131m\u0131n \u00fcz\u00fcn\u0259 baxanda x\u0259cal\u0259t \u00e7\u0259kir\u0259m. Onlar\u0131 vaxt\u0131nda oxutmad\u0131\u011f\u0131m, bir s\u0259n\u0259d sahibi etm\u0259diyim halda bu g\u00fcn m\u00fcalic\u0259m\u0259 g\u00f6r\u0259 borc, kredit i\u00e7ind\u0259 ya\u015fad\u0131ram. Ham\u0131s\u0131n\u0131n evi yar\u0131m\u00e7\u0131q, h\u0259yatlar\u0131 a\u011f\u0131r\u2026 Onlar\u0131 bel\u0259 qoyub getm\u0259k a\u011f\u0131rd\u0131r. H\u0259yatd\u0131r d\u0259, n\u0259 etm\u0259k olar, m\u0259nimki d\u0259 bel\u0259 g\u0259tirdi\u201d.\n<\/p>\n<p>\n  G\u00fccl\u0259 d\u0259rind\u0259n n\u0259f\u0259s al\u0131b, s\u00f6z\u00fcn\u0259 davam edir. Deyir, el\u0259 \u0259vv\u0259ld\u0259n kas\u0131b olublar. Normal g\u00fcn g\u00f6rd\u00fcy\u00fc olmay\u0131b:\n<\/p>\n<p>\n  \u201cU\u015faqlar\u0131 yar\u0131ac-yar\u0131tox saxlam\u0131\u015f\u0131q, ancaq qar\u0131nlar\u0131n\u0131 doyuzdura bilmi\u015fik. G\u0259linin ad\u0131na 2500 manat kredit g\u00f6t\u00fcr\u00fcb bir-iki ma\u015f\u0131n da\u015f t\u00f6k\u00fcrd\u00fcm h\u0259y\u0259t\u0259. Sonra pensiyamla az-az qaytar\u0131rd\u0131m. Ax\u0131rda i\u015f el\u0259 g\u0259tirdi ki, x\u0259st\u0259l\u0259ndim. \u0130ndi d\u0259 kredit g\u00f6t\u00fcrm\u00fc\u015f\u00fck. 11 mind\u0259n \u00e7ox borcumuz var. M\u0259nim \u0259m\u0259liyyat\u0131m, kimya terapiyalar v\u0259 s. Aya 700 manatdan \u00e7ox pul \u00e7\u0131x\u0131r. Deyir\u0259m, etm\u0259yin, qoyun \u00f6l\u00fcm. \u00dcr\u0259kl\u0259ri g\u00f6t\u00fcrm\u00fcr\u201d.\n<\/p>\n<p>\n  F\u0259rid\u0259 Mustafayevan\u0131n 3 o\u011flu 1 q\u0131z\u0131 var. Deyir, o\u011flunun birini 1994-c\u00fc ild\u0259, h\u0259rbid\u0259 itirib:\n<\/p>\n<p>\n  \u201cX\u0259b\u0259ri g\u0259l\u0259nd\u0259 el\u0259 bildim daha ya\u015famaram, \u00f6l\u0259r\u0259m. Amma zamanla anlad\u0131m ki, insan h\u0259r ac\u0131ya d\u00f6z\u0259 bilir. \u018fslind\u0259 ya\u015famad\u0131m, buna ya\u015famaq dem\u0259k olmaz. N\u0259\u015fini g\u00f6t\u00fcrm\u0259y\u0259 ged\u0259nd\u0259 dedil\u0259r ki, 3 min dollar h\u00f6rm\u0259t el\u0259 \u015f\u0259hid ad\u0131 ver\u0259k, m\u00fcavin\u0259t al. M\u0259n bu t\u0259klifi e\u015fitdiyim\u0259 utand\u0131m, ancaq onlar bel\u0259 t\u0259klif etm\u0259kd\u0259n z\u0259rr\u0259 q\u0259d\u0259r utan\u0131b-q\u0131zarmad\u0131lar. Raz\u0131la\u015fmad\u0131m, dedim, \u015f\u0259hidlik m\u0259nim o\u011flumun haqq\u0131d\u0131r. Haql\u0131 verilm\u0259li olan ad\u0131, niy\u0259 onun ruhunu incidib pulla alaq? M\u0259n\u0259 m\u00fcavin\u0259t d\u0259 laz\u0131m deyil. Bel\u0259c\u0259, o\u011fluma bir ad verm\u0259dil\u0259r\u201d.\n<\/p>\n<p>\n  Ana deyir ki, o\u011flan n\u0259v\u0259l\u0259rinin \u201c\u0259mimiz \u015f\u0259hid oldu, he\u00e7 ad\u0131 da yoxdur. Biz h\u0259rbiy\u0259 getm\u0259y\u0259c\u0259yik\u201d, &#8211; dem\u0259si onun \u00fcr\u0259yini incidir:\n<\/p>\n<figure class=\"wp-block-image size-large\">\n  <img decoding=\"async\" src=\"https:\/\/www.meydan.tv\/az\/image_from_ios-4-jpg-46\/\" alt=\"image_from_ios (4).jpg\" class=\"wp-image-127985\"\/><figcaption>\n    Mustafayevl\u0259rin ya\u015fad\u0131\u011f\u0131 ev<br \/>\n  <\/figcaption><\/figure>\n<p>\n  \u201cHaqs\u0131z da deyill\u0259r. Evd\u0259 e\u015fidibl\u0259r, dan\u0131\u015f\u0131rlar. N\u0259 etsinl\u0259r, u\u015faq g\u00f6rd\u00fcy\u00fcn\u00fc g\u00f6t\u00fcr\u0259r. H\u0259r \u015feyd\u0259 haqs\u0131zl\u0131qd\u0131r, bir bu deyil ki&#8230; X\u0259st\u0259y\u0259m, borc-x\u0259rcl\u0259 m\u00fcalic\u0259 olunuram. Sabah \u00f6ls\u0259m, bu u\u015faqlar m\u0259n\u0259 nec\u0259 m\u0259clis d\u00fcz\u0259ld\u0259c\u0259kl\u0259r, bilmir\u0259m. Evim u\u00e7ub-t\u00f6k\u00fcl\u00fcr. Ham\u0131s\u0131n\u0131n evi yar\u0131mc\u0131q, pis g\u00fcnd\u0259. Bel\u0259 bir h\u0259yatla h\u0259l\u0259 bir m\u0259n d\u0259 y\u00fck\u0259m onlara. Utan\u0131ram, x\u0259cal\u0259t \u00e7\u0259kir\u0259m\u201d.\n<\/p>\n<p>\n  F.Mustafayeva deyir ki, ill\u0259rdir g\u00f6rd\u00fcy\u00fc b\u00fct\u00fcn haqs\u0131zl\u0131qlara susur:\n<\/p>\n<p>\n  \u201cDeyirdim, y\u0259qin bu z\u00fclm\u00fcn bir sonu olar. Dayanarlar, bit\u0259r. Get-ged\u0259 h\u0259r \u015fey daha da bet\u0259r oldu. \u0130ndi dan\u0131\u015fmaq ist\u0259yir\u0259m. \u0130tiril\u0259si he\u00e7 n\u0259yim qalmay\u0131b. Bir can\u0131m vard\u0131, o da x\u0259st\u0259 d\u00fc\u015f\u00fcb. S\u0259simi e\u015fidin, m\u0259n\u0259 pul, m\u00fcavin\u0259t laz\u0131m deyil. Bar\u0131 o\u011fluma bir \u015f\u0259hidlik ad\u0131 verin, g\u00f6z\u00fcm arxada getm\u0259yim. \u00d6vladlar\u0131mdan biri \u00fc\u00e7\u00fcn n\u0259y\u0259s\u0259 nail olmu\u015f v\u0259ziyy\u0259td\u0259 gedim bu h\u0259yatdan\u201d.\n<\/p>\n<p>\n  Meydan TV m\u0259s\u0259l\u0259y\u0259 M\u00fcdafi\u0259 Nazirliyind\u0259n m\u00fcnasib\u0259t \u00f6yr\u0259n\u0259 bilm\u0259yib.\n<\/p>\n<p>\n  F.Mustafayeva is\u0259 son \u00fcmid olaraq Prezident \u0130lham \u018fliyeva, Birinci vitse-prezident Mehriban \u018fliyevaya tutub \u00fcz\u00fcn\u00fc:\n<\/p>\n<p>\n  \u201cBir anan\u0131n son arzusunu yerin\u0259 yetirin. Nolar, m\u0259nim balama \u015f\u0259hidlik ad\u0131 verin. Bu, onun haqq\u0131d\u0131r\u201d.\n<\/p>\n<figure class=\"wp-block-image size-large\">\n  <img decoding=\"async\" src=\"https:\/\/www.meydan.tv\/az\/image_from_ios__1_-jpg\/\" alt=\"image_from_ios__1_.jpg\" class=\"wp-image-127982\"\/><figcaption>\n    evin tavan\u0131<br \/>\n  <\/figcaption><\/figure>\n","protected":false},"excerpt":{"rendered":"<p>S\u0259simi e\u015fidin, m\u0259n\u0259 pul, m\u00fcavin\u0259t laz\u0131m deyil.<\/p>\n","protected":false},"author":11,"featured_media":127976,"comment_status":"closed","ping_status":"open","sticky":false,"template":"","format":"standard","meta":{"_acf_changed":false,"_sitemap_exclude":false,"_sitemap_priority":"","_sitemap_frequency":"","footnotes":""},"categories":[60],"tags":[],"class_list":["post-196550","post","type-post","status-publish","format-standard","has-post-thumbnail","hentry","category-bolge","infinite-scroll-item","generate-columns","tablet-grid-50","mobile-grid-100","grid-parent","grid-33","no-featured-image-padding"],"acf":[],"yoast_head":"<!-- This site is optimized with the Yoast SEO plugin v27.5 - https:\/\/yoast.com\/product\/yoast-seo-wordpress\/ -->\n<title>&#039;&#039;O\u011flumun n\u0259\u015fini g\u00f6t\u00fcrm\u0259y\u0259 ged\u0259nd\u0259 dedil\u0259r, 3 min dollar h\u00f6rm\u0259t et, \u015f\u0259hid ad\u0131 ver\u0259k&#039;&#039; - MEYDAN.TV<\/title>\n<meta name=\"robots\" content=\"index, follow, max-snippet:-1, max-image-preview:large, max-video-preview:-1\" \/>\n<link rel=\"canonical\" href=\"https:\/\/www.meydan.tv\/az\/article\/oglumun-nesini-goturmeye-gedende-dediler-3-min-dollar-hormet-et-sehid-adi-verek\/\" \/>\n<meta property=\"og:locale\" content=\"az_AZ\" \/>\n<meta property=\"og:type\" content=\"article\" \/>\n<meta property=\"og:title\" content=\"&#039;&#039;O\u011flumun n\u0259\u015fini g\u00f6t\u00fcrm\u0259y\u0259 ged\u0259nd\u0259 dedil\u0259r, 3 min dollar h\u00f6rm\u0259t et, \u015f\u0259hid ad\u0131 ver\u0259k&#039;&#039; - MEYDAN.TV\" \/>\n<meta property=\"og:description\" content=\"S\u0259simi e\u015fidin, m\u0259n\u0259 pul, m\u00fcavin\u0259t laz\u0131m deyil.\" \/>\n<meta property=\"og:url\" content=\"https:\/\/www.meydan.tv\/az\/article\/oglumun-nesini-goturmeye-gedende-dediler-3-min-dollar-hormet-et-sehid-adi-verek\/\" \/>\n<meta property=\"og:site_name\" content=\"MEYDAN.TV\" \/>\n<meta property=\"article:published_time\" content=\"2019-08-09T14:31:38+00:00\" \/>\n<meta property=\"og:image\" content=\"https:\/\/www.meydan.tv\/wp-content\/uploads\/image_from_ios__2_-scaled.jpg\" \/>\n\t<meta property=\"og:image:width\" content=\"2560\" \/>\n\t<meta property=\"og:image:height\" content=\"1920\" \/>\n\t<meta property=\"og:image:type\" content=\"image\/jpeg\" \/>\n<meta name=\"author\" content=\"user-manager\" \/>\n<meta name=\"twitter:card\" content=\"summary_large_image\" \/>\n<script type=\"application\/ld+json\" class=\"yoast-schema-graph\">{\"@context\":\"https:\\\/\\\/schema.org\",\"@graph\":[{\"@type\":\"Article\",\"@id\":\"https:\\\/\\\/www.meydan.tv\\\/az\\\/article\\\/oglumun-nesini-goturmeye-gedende-dediler-3-min-dollar-hormet-et-sehid-adi-verek\\\/#article\",\"isPartOf\":{\"@id\":\"https:\\\/\\\/www.meydan.tv\\\/az\\\/article\\\/oglumun-nesini-goturmeye-gedende-dediler-3-min-dollar-hormet-et-sehid-adi-verek\\\/\"},\"author\":{\"name\":\"user-manager\",\"@id\":\"https:\\\/\\\/www.meydan.tv\\\/az\\\/#\\\/schema\\\/person\\\/10d11eccf6da3662cf5fdab9806ea91a\"},\"headline\":\"&#8221;O\u011flumun n\u0259\u015fini g\u00f6t\u00fcrm\u0259y\u0259 ged\u0259nd\u0259 dedil\u0259r, 3 min dollar h\u00f6rm\u0259t et, \u015f\u0259hid ad\u0131 ver\u0259k&#8221;\",\"datePublished\":\"2019-08-09T14:31:38+00:00\",\"mainEntityOfPage\":{\"@id\":\"https:\\\/\\\/www.meydan.tv\\\/az\\\/article\\\/oglumun-nesini-goturmeye-gedende-dediler-3-min-dollar-hormet-et-sehid-adi-verek\\\/\"},\"wordCount\":754,\"publisher\":{\"@id\":\"https:\\\/\\\/www.meydan.tv\\\/az\\\/#organization\"},\"image\":{\"@id\":\"https:\\\/\\\/www.meydan.tv\\\/az\\\/article\\\/oglumun-nesini-goturmeye-gedende-dediler-3-min-dollar-hormet-et-sehid-adi-verek\\\/#primaryimage\"},\"thumbnailUrl\":\"https:\\\/\\\/www.meydan.tv\\\/wp-content\\\/uploads\\\/image_from_ios__2_-scaled.jpg\",\"articleSection\":[\"B\u00f6lg\u0259\"],\"inLanguage\":\"az\"},{\"@type\":\"WebPage\",\"@id\":\"https:\\\/\\\/www.meydan.tv\\\/az\\\/article\\\/oglumun-nesini-goturmeye-gedende-dediler-3-min-dollar-hormet-et-sehid-adi-verek\\\/\",\"url\":\"https:\\\/\\\/www.meydan.tv\\\/az\\\/article\\\/oglumun-nesini-goturmeye-gedende-dediler-3-min-dollar-hormet-et-sehid-adi-verek\\\/\",\"name\":\"''O\u011flumun n\u0259\u015fini g\u00f6t\u00fcrm\u0259y\u0259 ged\u0259nd\u0259 dedil\u0259r, 3 min dollar h\u00f6rm\u0259t et, \u015f\u0259hid ad\u0131 ver\u0259k'' - MEYDAN.TV\",\"isPartOf\":{\"@id\":\"https:\\\/\\\/www.meydan.tv\\\/az\\\/#website\"},\"primaryImageOfPage\":{\"@id\":\"https:\\\/\\\/www.meydan.tv\\\/az\\\/article\\\/oglumun-nesini-goturmeye-gedende-dediler-3-min-dollar-hormet-et-sehid-adi-verek\\\/#primaryimage\"},\"image\":{\"@id\":\"https:\\\/\\\/www.meydan.tv\\\/az\\\/article\\\/oglumun-nesini-goturmeye-gedende-dediler-3-min-dollar-hormet-et-sehid-adi-verek\\\/#primaryimage\"},\"thumbnailUrl\":\"https:\\\/\\\/www.meydan.tv\\\/wp-content\\\/uploads\\\/image_from_ios__2_-scaled.jpg\",\"datePublished\":\"2019-08-09T14:31:38+00:00\",\"breadcrumb\":{\"@id\":\"https:\\\/\\\/www.meydan.tv\\\/az\\\/article\\\/oglumun-nesini-goturmeye-gedende-dediler-3-min-dollar-hormet-et-sehid-adi-verek\\\/#breadcrumb\"},\"inLanguage\":\"az\",\"potentialAction\":[{\"@type\":\"ReadAction\",\"target\":[\"https:\\\/\\\/www.meydan.tv\\\/az\\\/article\\\/oglumun-nesini-goturmeye-gedende-dediler-3-min-dollar-hormet-et-sehid-adi-verek\\\/\"]}]},{\"@type\":\"ImageObject\",\"inLanguage\":\"az\",\"@id\":\"https:\\\/\\\/www.meydan.tv\\\/az\\\/article\\\/oglumun-nesini-goturmeye-gedende-dediler-3-min-dollar-hormet-et-sehid-adi-verek\\\/#primaryimage\",\"url\":\"https:\\\/\\\/www.meydan.tv\\\/wp-content\\\/uploads\\\/image_from_ios__2_-scaled.jpg\",\"contentUrl\":\"https:\\\/\\\/www.meydan.tv\\\/wp-content\\\/uploads\\\/image_from_ios__2_-scaled.jpg\",\"width\":2560,\"height\":1920,\"caption\":\"Source: meydan tv\"},{\"@type\":\"BreadcrumbList\",\"@id\":\"https:\\\/\\\/www.meydan.tv\\\/az\\\/article\\\/oglumun-nesini-goturmeye-gedende-dediler-3-min-dollar-hormet-et-sehid-adi-verek\\\/#breadcrumb\",\"itemListElement\":[{\"@type\":\"ListItem\",\"position\":1,\"name\":\"Ana s\u0259hif\u0259\",\"item\":\"https:\\\/\\\/www.meydan.tv\\\/az\\\/\"},{\"@type\":\"ListItem\",\"position\":2,\"name\":\"B\u00f6lg\u0259\",\"item\":\"https:\\\/\\\/www.meydan.tv\\\/az\\\/section\\\/bolge\\\/\"},{\"@type\":\"ListItem\",\"position\":3,\"name\":\"&#8221;O\u011flumun n\u0259\u015fini g\u00f6t\u00fcrm\u0259y\u0259 ged\u0259nd\u0259 dedil\u0259r, 3 min dollar h\u00f6rm\u0259t et, \u015f\u0259hid ad\u0131 ver\u0259k&#8221;\"}]},{\"@type\":\"WebSite\",\"@id\":\"https:\\\/\\\/www.meydan.tv\\\/az\\\/#website\",\"url\":\"https:\\\/\\\/www.meydan.tv\\\/az\\\/\",\"name\":\"MEYDAN.TV\",\"description\":\"Meydan TV Az\u0259rbaycan\u0131n media m\u0259kan\u0131ndak\u0131 alternativ s\u0259sidir\",\"publisher\":{\"@id\":\"https:\\\/\\\/www.meydan.tv\\\/az\\\/#organization\"},\"potentialAction\":[{\"@type\":\"SearchAction\",\"target\":{\"@type\":\"EntryPoint\",\"urlTemplate\":\"https:\\\/\\\/www.meydan.tv\\\/az\\\/?s={search_term_string}\"},\"query-input\":{\"@type\":\"PropertyValueSpecification\",\"valueRequired\":true,\"valueName\":\"search_term_string\"}}],\"inLanguage\":\"az\"},{\"@type\":\"Organization\",\"@id\":\"https:\\\/\\\/www.meydan.tv\\\/az\\\/#organization\",\"name\":\"Meydan TV\",\"url\":\"https:\\\/\\\/www.meydan.tv\\\/az\\\/\",\"logo\":{\"@type\":\"ImageObject\",\"inLanguage\":\"az\",\"@id\":\"https:\\\/\\\/www.meydan.tv\\\/az\\\/#\\\/schema\\\/logo\\\/image\\\/\",\"url\":\"https:\\\/\\\/www.meydan.tv\\\/wp-content\\\/uploads\\\/2021\\\/07\\\/meydan-logo.svg\",\"contentUrl\":\"https:\\\/\\\/www.meydan.tv\\\/wp-content\\\/uploads\\\/2021\\\/07\\\/meydan-logo.svg\",\"width\":195,\"height\":46,\"caption\":\"Meydan TV\"},\"image\":{\"@id\":\"https:\\\/\\\/www.meydan.tv\\\/az\\\/#\\\/schema\\\/logo\\\/image\\\/\"}},{\"@type\":\"Person\",\"@id\":\"https:\\\/\\\/www.meydan.tv\\\/az\\\/#\\\/schema\\\/person\\\/10d11eccf6da3662cf5fdab9806ea91a\",\"name\":\"user-manager\"}]}<\/script>\n<!-- \/ Yoast SEO plugin. -->","yoast_head_json":{"title":"''O\u011flumun n\u0259\u015fini g\u00f6t\u00fcrm\u0259y\u0259 ged\u0259nd\u0259 dedil\u0259r, 3 min dollar h\u00f6rm\u0259t et, \u015f\u0259hid ad\u0131 ver\u0259k'' - MEYDAN.TV","robots":{"index":"index","follow":"follow","max-snippet":"max-snippet:-1","max-image-preview":"max-image-preview:large","max-video-preview":"max-video-preview:-1"},"canonical":"https:\/\/www.meydan.tv\/az\/article\/oglumun-nesini-goturmeye-gedende-dediler-3-min-dollar-hormet-et-sehid-adi-verek\/","og_locale":"az_AZ","og_type":"article","og_title":"''O\u011flumun n\u0259\u015fini g\u00f6t\u00fcrm\u0259y\u0259 ged\u0259nd\u0259 dedil\u0259r, 3 min dollar h\u00f6rm\u0259t et, \u015f\u0259hid ad\u0131 ver\u0259k'' - MEYDAN.TV","og_description":"S\u0259simi e\u015fidin, m\u0259n\u0259 pul, m\u00fcavin\u0259t laz\u0131m deyil.","og_url":"https:\/\/www.meydan.tv\/az\/article\/oglumun-nesini-goturmeye-gedende-dediler-3-min-dollar-hormet-et-sehid-adi-verek\/","og_site_name":"MEYDAN.TV","article_published_time":"2019-08-09T14:31:38+00:00","og_image":[{"width":2560,"height":1920,"url":"https:\/\/www.meydan.tv\/wp-content\/uploads\/image_from_ios__2_-scaled.jpg","type":"image\/jpeg"}],"author":"user-manager","twitter_card":"summary_large_image","schema":{"@context":"https:\/\/schema.org","@graph":[{"@type":"Article","@id":"https:\/\/www.meydan.tv\/az\/article\/oglumun-nesini-goturmeye-gedende-dediler-3-min-dollar-hormet-et-sehid-adi-verek\/#article","isPartOf":{"@id":"https:\/\/www.meydan.tv\/az\/article\/oglumun-nesini-goturmeye-gedende-dediler-3-min-dollar-hormet-et-sehid-adi-verek\/"},"author":{"name":"user-manager","@id":"https:\/\/www.meydan.tv\/az\/#\/schema\/person\/10d11eccf6da3662cf5fdab9806ea91a"},"headline":"&#8221;O\u011flumun n\u0259\u015fini g\u00f6t\u00fcrm\u0259y\u0259 ged\u0259nd\u0259 dedil\u0259r, 3 min dollar h\u00f6rm\u0259t et, \u015f\u0259hid ad\u0131 ver\u0259k&#8221;","datePublished":"2019-08-09T14:31:38+00:00","mainEntityOfPage":{"@id":"https:\/\/www.meydan.tv\/az\/article\/oglumun-nesini-goturmeye-gedende-dediler-3-min-dollar-hormet-et-sehid-adi-verek\/"},"wordCount":754,"publisher":{"@id":"https:\/\/www.meydan.tv\/az\/#organization"},"image":{"@id":"https:\/\/www.meydan.tv\/az\/article\/oglumun-nesini-goturmeye-gedende-dediler-3-min-dollar-hormet-et-sehid-adi-verek\/#primaryimage"},"thumbnailUrl":"https:\/\/www.meydan.tv\/wp-content\/uploads\/image_from_ios__2_-scaled.jpg","articleSection":["B\u00f6lg\u0259"],"inLanguage":"az"},{"@type":"WebPage","@id":"https:\/\/www.meydan.tv\/az\/article\/oglumun-nesini-goturmeye-gedende-dediler-3-min-dollar-hormet-et-sehid-adi-verek\/","url":"https:\/\/www.meydan.tv\/az\/article\/oglumun-nesini-goturmeye-gedende-dediler-3-min-dollar-hormet-et-sehid-adi-verek\/","name":"''O\u011flumun n\u0259\u015fini g\u00f6t\u00fcrm\u0259y\u0259 ged\u0259nd\u0259 dedil\u0259r, 3 min dollar h\u00f6rm\u0259t et, \u015f\u0259hid ad\u0131 ver\u0259k'' - MEYDAN.TV","isPartOf":{"@id":"https:\/\/www.meydan.tv\/az\/#website"},"primaryImageOfPage":{"@id":"https:\/\/www.meydan.tv\/az\/article\/oglumun-nesini-goturmeye-gedende-dediler-3-min-dollar-hormet-et-sehid-adi-verek\/#primaryimage"},"image":{"@id":"https:\/\/www.meydan.tv\/az\/article\/oglumun-nesini-goturmeye-gedende-dediler-3-min-dollar-hormet-et-sehid-adi-verek\/#primaryimage"},"thumbnailUrl":"https:\/\/www.meydan.tv\/wp-content\/uploads\/image_from_ios__2_-scaled.jpg","datePublished":"2019-08-09T14:31:38+00:00","breadcrumb":{"@id":"https:\/\/www.meydan.tv\/az\/article\/oglumun-nesini-goturmeye-gedende-dediler-3-min-dollar-hormet-et-sehid-adi-verek\/#breadcrumb"},"inLanguage":"az","potentialAction":[{"@type":"ReadAction","target":["https:\/\/www.meydan.tv\/az\/article\/oglumun-nesini-goturmeye-gedende-dediler-3-min-dollar-hormet-et-sehid-adi-verek\/"]}]},{"@type":"ImageObject","inLanguage":"az","@id":"https:\/\/www.meydan.tv\/az\/article\/oglumun-nesini-goturmeye-gedende-dediler-3-min-dollar-hormet-et-sehid-adi-verek\/#primaryimage","url":"https:\/\/www.meydan.tv\/wp-content\/uploads\/image_from_ios__2_-scaled.jpg","contentUrl":"https:\/\/www.meydan.tv\/wp-content\/uploads\/image_from_ios__2_-scaled.jpg","width":2560,"height":1920,"caption":"Source: meydan tv"},{"@type":"BreadcrumbList","@id":"https:\/\/www.meydan.tv\/az\/article\/oglumun-nesini-goturmeye-gedende-dediler-3-min-dollar-hormet-et-sehid-adi-verek\/#breadcrumb","itemListElement":[{"@type":"ListItem","position":1,"name":"Ana s\u0259hif\u0259","item":"https:\/\/www.meydan.tv\/az\/"},{"@type":"ListItem","position":2,"name":"B\u00f6lg\u0259","item":"https:\/\/www.meydan.tv\/az\/section\/bolge\/"},{"@type":"ListItem","position":3,"name":"&#8221;O\u011flumun n\u0259\u015fini g\u00f6t\u00fcrm\u0259y\u0259 ged\u0259nd\u0259 dedil\u0259r, 3 min dollar h\u00f6rm\u0259t et, \u015f\u0259hid ad\u0131 ver\u0259k&#8221;"}]},{"@type":"WebSite","@id":"https:\/\/www.meydan.tv\/az\/#website","url":"https:\/\/www.meydan.tv\/az\/","name":"MEYDAN.TV","description":"Meydan TV Az\u0259rbaycan\u0131n media m\u0259kan\u0131ndak\u0131 alternativ s\u0259sidir","publisher":{"@id":"https:\/\/www.meydan.tv\/az\/#organization"},"potentialAction":[{"@type":"SearchAction","target":{"@type":"EntryPoint","urlTemplate":"https:\/\/www.meydan.tv\/az\/?s={search_term_string}"},"query-input":{"@type":"PropertyValueSpecification","valueRequired":true,"valueName":"search_term_string"}}],"inLanguage":"az"},{"@type":"Organization","@id":"https:\/\/www.meydan.tv\/az\/#organization","name":"Meydan TV","url":"https:\/\/www.meydan.tv\/az\/","logo":{"@type":"ImageObject","inLanguage":"az","@id":"https:\/\/www.meydan.tv\/az\/#\/schema\/logo\/image\/","url":"https:\/\/www.meydan.tv\/wp-content\/uploads\/2021\/07\/meydan-logo.svg","contentUrl":"https:\/\/www.meydan.tv\/wp-content\/uploads\/2021\/07\/meydan-logo.svg","width":195,"height":46,"caption":"Meydan TV"},"image":{"@id":"https:\/\/www.meydan.tv\/az\/#\/schema\/logo\/image\/"}},{"@type":"Person","@id":"https:\/\/www.meydan.tv\/az\/#\/schema\/person\/10d11eccf6da3662cf5fdab9806ea91a","name":"user-manager"}]}},"_links":{"self":[{"href":"https:\/\/www.meydan.tv\/az\/wp-json\/wp\/v2\/posts\/196550","targetHints":{"allow":["GET"]}}],"collection":[{"href":"https:\/\/www.meydan.tv\/az\/wp-json\/wp\/v2\/posts"}],"about":[{"href":"https:\/\/www.meydan.tv\/az\/wp-json\/wp\/v2\/types\/post"}],"author":[{"embeddable":true,"href":"https:\/\/www.meydan.tv\/az\/wp-json\/wp\/v2\/users\/11"}],"replies":[{"embeddable":true,"href":"https:\/\/www.meydan.tv\/az\/wp-json\/wp\/v2\/comments?post=196550"}],"version-history":[{"count":0,"href":"https:\/\/www.meydan.tv\/az\/wp-json\/wp\/v2\/posts\/196550\/revisions"}],"wp:featuredmedia":[{"embeddable":true,"href":"https:\/\/www.meydan.tv\/az\/wp-json\/wp\/v2\/media\/127976"}],"wp:attachment":[{"href":"https:\/\/www.meydan.tv\/az\/wp-json\/wp\/v2\/media?parent=196550"}],"wp:term":[{"taxonomy":"category","embeddable":true,"href":"https:\/\/www.meydan.tv\/az\/wp-json\/wp\/v2\/categories?post=196550"},{"taxonomy":"post_tag","embeddable":true,"href":"https:\/\/www.meydan.tv\/az\/wp-json\/wp\/v2\/tags?post=196550"}],"curies":[{"name":"wp","href":"https:\/\/api.w.org\/{rel}","templated":true}]}}