{"id":196534,"date":"2019-08-08T15:04:12","date_gmt":"2019-08-08T15:04:12","guid":{"rendered":"https:\/\/www.meydan.tv\/article\/kamal-abdullanin-prinsipleri-ondan-ibaretdir-ki-o-tehqir-edende-susmalisan\/"},"modified":"2019-08-08T15:04:12","modified_gmt":"2019-08-08T15:04:12","slug":"kamal-abdullanin-prinsipleri-ondan-ibaretdir-ki-o-tehqir-edende-susmalisan","status":"publish","type":"post","link":"https:\/\/www.meydan.tv\/az\/article\/kamal-abdullanin-prinsipleri-ondan-ibaretdir-ki-o-tehqir-edende-susmalisan\/","title":{"rendered":"&#8221;Kamal Abdullan\u0131n i\u015f prinsipl\u0259ri ondan ibar\u0259tdir ki, o, t\u0259hqir ed\u0259nd\u0259 susmal\u0131san&#8221;"},"content":{"rendered":"<p>\n  <i><br \/>\n    \u201cUniversitet\u0259 \u00f6z \u0259s\u0259ri kimi baxd\u0131\u011f\u0131ndan ssenarisi \u00fczr\u0259 d\u0259 idar\u0259 edir\u201d<br \/>\n  <\/i>\n<\/p>\n<p>\n  <b><br \/>\n    Az\u0259rbaycan Dill\u0259r Universitetinin rektoru, akademik Kamal Abdulla il\u0259 filologiya-jurnalistika fak\u00fclt\u0259sinin ke\u00e7mi\u015f dekan\u0131 V\u00fcsal\u0259 A\u011fab\u0259yli aras\u0131ndak\u0131 qalmaqal art\u0131q m\u0259hk\u0259m\u0259 m\u00fcst\u0259visin\u0259 ke\u00e7ib. Rektor Kamal Abdulla qar\u015f\u0131 t\u0259r\u0259fi v\u0259 \u201cxural.com\u201d sayt\u0131n\u0131 m\u0259hk\u0259m\u0259y\u0259 ver\u0259r\u0259k 10 min manat t\u0259zminat t\u0259l\u0259b edir. Eyni zamanda, rektor<br \/>\n  <\/b><br \/>\n  <a href=\"https:\/\/kulis.az\/news\/25782\"><br \/>\n    <b><br \/>\n      &quot;kilis.az\u201d<br \/>\n    <\/b><br \/>\n  <\/a><br \/>\n  <b><br \/>\n    sayt\u0131nda V\u00fcsal\u0259 A\u011fab\u0259yli bar\u0259d\u0259 ciddi ittihamlar s\u0259sl\u0259ndirib, m\u0259hk\u0259m\u0259 instansiyalar\u0131n\u0131n onun xeyrin\u0259 q\u0259rar q\u0259bul ed\u0259c\u0259yini bildirib. Meydan TV-nin suallar\u0131n\u0131 V\u00fcsala A\u011fab\u0259yli cavabland\u0131r\u0131r.<br \/>\n  <\/b>\n<\/p>\n<p>\n  &#8211;<br \/>\n  <i><br \/>\n    V\u00fcsal\u0259 xan\u0131m, rektor Kamal Abdulla il\u0259 qar\u015f\u0131durma n\u0259d\u0259n ba\u015flad\u0131 v\u0259 m\u00fcnasib\u0259tl\u0259r n\u0259 \u00fc\u00e7\u00fcn m\u0259hk\u0259m\u0259 m\u00fcst\u0259visin\u0259 ke\u00e7di?<br \/>\n  <\/i>\n<\/p>\n<p>\n  &#8211; Kamal Abdulla dostunun q\u0131z\u0131n\u0131 b\u0259han\u0259 edib m\u0259n\u0259 h\u00fccum etdi, sonrak\u0131 m\u00fcsahib\u0259l\u0259rind\u0259 f\u0259rqli m\u0259nz\u0259r\u0259 ortaya qoydu. Etiraf etdi ki, \u00f6z komandas\u0131n\u0131 yaratmaq ist\u0259yir, V\u00fcsal\u0259 A\u011fab\u0259yli d\u0259 onun komandas\u0131n\u0131n \u00fczv\u00fc deyildi v\u0259 \u00f6z\u00fcn\u0259 uy\u011fun, xasiyy\u0259tin\u0259 b\u0259l\u0259d oldu\u011fu adam\u0131 fak\u00fclt\u0259y\u0259 dekan t\u0259yin etm\u0259k ist\u0259yir. Bir n\u00f6v d\u0259 dostunun q\u0131z\u0131n\u0131 da b\u0259han\u0259 kimi istifad\u0259 etdi.\n<\/p>\n<p>\n  &#8211;<br \/>\n  <i><br \/>\n    Amma o, sizi t\u0259dris prosesind\u0259 \u00e7ox ciddi n\u00f6qsanlara g\u00f6r\u0259 t\u00f6hm\u0259t almaqda ittiham edir. N\u00f6qsanlar\u0131n\u0131z n\u0259d\u0259n ibar\u0259tdir?<br \/>\n  <\/i>\n<\/p>\n<p>\n  &#8211; 2018-ci ilin oktyabr\u0131ndan noyabr\u0131na q\u0259d\u0259r, bir ay \u0259rzind\u0259 T\u0259hsil Nazirliyinin t\u0259\u015fkil etdiyi Akkreditasya Komissiyas\u0131 Dill\u0259r Universitetinin b\u00fct\u00fcn fak\u00fclt\u0259l\u0259rind\u0259 ara\u015fd\u0131rma aparm\u0131\u015fd\u0131, h\u0259m t\u0259dris s\u0259n\u0259dl\u0259ri, h\u0259m elmi f\u0259aliyy\u0259t, h\u0259m ixtisaslar\u0131n g\u00f6st\u0259ricil\u0259ri ara\u015fd\u0131r\u0131ld\u0131 v\u0259 q\u0259na\u0259tb\u0259xs say\u0131ld\u0131. \u018fg\u0259r m\u0259nim c\u00fczi d\u0259 olsa s\u0259hvim olsayd\u0131, k\u0259nardan g\u0259l\u0259n ekspertl\u0259rin diqq\u0259tind\u0259n yay\u0131nmazd\u0131. B\u0259s niy\u0259 nazirliyin ekspertl\u0259ri h\u0259r hans\u0131 n\u00f6qsan\u0131 v\u0259 fakt\u0131 a\u015fkara \u00e7\u0131xara bilm\u0259dil\u0259r? Amma bundan sonra m\u0259n Kamal Abdullan\u0131n dostunun q\u0131z\u0131n\u0131n d\u0259rsind\u0259 i\u015ftirak etdim v\u0259 d\u0259rsi d\u00fczg\u00fcn t\u0259\u015fkil etm\u0259diyini g\u00f6rd\u00fcm.\n<\/p>\n<p>\n  &#8211;<br \/>\n  <i><br \/>\n    \u00dcmumiyy\u0259tl\u0259, dostu kimdir, konkretlik g\u0259tir\u0259 bil\u0259rsinizmi?<br \/>\n  <\/i>\n<\/p>\n<p>\n  &#8211; S\u00f6hb\u0259t \u00c7\u0259rk\u0259z Qurbanl\u0131n\u0131n q\u0131z\u0131 N\u0259rgiz Qurbanl\u0131dan gedir. Kamal m\u00fc\u0259llim \u0259vv\u0259ll\u0259r bizim universitetd\u0259 \u00e7al\u0131\u015f\u0131b, \u00dcmumi Dil\u00e7ilik Kafedras\u0131n\u0131n m\u00fcdiri idi, h\u0259min ill\u0259rd\u0259 onun bir ne\u00e7\u0259 dostu olub. M\u0259nim atam Dill\u0259r Universitetind\u0259 i\u015fl\u0259m\u0259yib v\u0259 onunla dostluq m\u00fcnasib\u0259tl\u0259ri olmay\u0131b dey\u0259, m\u0259ni t\u0259hqir etm\u0259li, \u0259zm\u0259li v\u0259 a\u011fl\u0131na g\u0259l\u0259n davran\u0131\u015f\u0131 g\u00f6st\u0259rm\u0259lidir?! Bu g\u00fcn rektor vaxtil\u0259 dost oldu\u011fu insanlar\u0131n \u00f6vladlar\u0131na himay\u0259darl\u0131q edir, idar\u0259etm\u0259ni dostluq m\u00fcnasib\u0259tl\u0259ri \u00fcz\u0259rind\u0259 qurur ki, sabah h\u0259min adamlardan da istifad\u0259 etsin.\n<\/p>\n<p>\n  &#8211;<br \/>\n  <i><br \/>\n    Rektorun s\u00f6yl\u0259dikl\u0259rin\u0259 g\u00f6r\u0259 sizi bir il \u0259vv\u0259l dekan v\u0259zif\u0259sind\u0259n \u00e7\u0131xartmaq ist\u0259yib, amma yalvarma\u011f\u0131n\u0131z n\u0259tic\u0259sind\u0259 q\u0259rar\u0131n\u0131 d\u0259yi\u015fib. H\u0259tta bel\u0259 bir c\u00fcml\u0259 i\u015fl\u0259dib: \u201cBir qad\u0131n\u0131n bu q\u0259d\u0259r yalvarma\u011f\u0131 m\u00fcqabilind\u0259 i\u015fd\u0259n \u00e7\u0131xartma\u011fa \u00fcr\u0259yim g\u0259lm\u0259di, sonra g\u00f6rd\u00fcm m\u00fcmk\u00fcn deyil\u2026\u201d Bel\u0259 bir hadis\u0259 olubmu?<br \/>\n  <\/i>\n<\/p>\n<p>\n  &#8211; Sizc\u0259, bu, akademik c\u00fcml\u0259dir, yaxud fikirdir?! \u018fg\u0259r bir dekan\u0131n rektorun dediyi d\u0259r\u0259c\u0259d\u0259 n\u00f6qsanlar\u0131 varsa, yalvar\u0131b a\u011flamaqla kimis\u0259 i\u015f\u0259 g\u00f6t\u00fcr\u00fcrl\u0259r v\u0259 ya i\u015fd\u0259n \u00e7\u0131xar\u0131rlar?\n<\/p>\n<p>\n  &#8211;<br \/>\n  <i><br \/>\n    B\u0259lk\u0259 rektorun dediyi kimi sizin i\u015f prinsipl\u0259rinizl\u0259 rektorun i\u015f prinsipl\u0259riniz uy\u011fun g\u0259lmir? \u00dcmumiyy\u0259tl\u0259, n\u0259d\u0259n ibar\u0259tdir onun i\u015f prinsipl\u0259ri?<br \/>\n  <\/i>\n<\/p>\n<p>\n  &#8211; Kamal Abdullan\u0131n i\u015f prinsipl\u0259ri ondan ibar\u0259tdir ki, o, t\u0259hqir ed\u0259nd\u0259 susmal\u0131san, onun dostlar\u0131na x\u00fcsusi meydan verm\u0259lis\u0259n, n\u0259hay\u0259t, he\u00e7 bir yerd\u0259 n\u00f6qsanlardan dan\u0131\u015fmamal\u0131san.\n<\/p>\n<p>\n  &#8211;<br \/>\n  <i><br \/>\n    T\u0259hqir edir?<br \/>\n  <\/i>\n<\/p>\n<p>\n  &#8211; \u018flb\u0259tt\u0259, \u00f6z\u00fc d\u0259 \u00e7ox a\u00e7\u0131q formada t\u0259hqir edir.\n<\/p>\n<figure class=\"wp-block-image size-large\">\n  <img decoding=\"async\" src=\"https:\/\/www.meydan.tv\/az\/68673746_359347181662962_3382833336022990848_n-jpg\/\" alt=\"68673746_359347181662962_3382833336022990848_n.jpg\" class=\"wp-image-127922\"\/><figcaption>\n    V\u00fcsal\u0259 A\u011fab\u0259yli<br \/>\n  <\/figcaption><\/figure>\n<p>\n  <i><br \/>\n    &#8211; Bu, siz t\u0259r\u0259fd\u0259n ciddi ittihamd\u0131r, m\u00fc\u0259lliml\u0259r d\u0259, kollektiv d\u0259 susur?!<br \/>\n  <\/i>\n<\/p>\n<p>\n  &#8211; Ham\u0131 susur, \u00e7\u00fcnki i\u015fl\u0259rini itirm\u0259k ist\u0259mir. Susmayanda m\u0259nim kimi h\u0259d\u0259f\u0259 g\u0259lirl\u0259r. Biri var d\u0259hlizd\u0259 qeyri-etik ifad\u0259 i\u015fl\u0259tsin, biri d\u0259 var Elmi \u015euralarda, rektoratda. S\u0259ni aya\u011fa qald\u0131r\u0131b \u00e7ox kobud, rektora yara\u015fmayan ifad\u0259 i\u015fl\u0259dir, ard\u0131nca sual edir ki, xo\u015fun g\u0259lmir? S\u0259nd\u0259n cavab g\u00f6zl\u0259yir ki, g\u00f6rs\u00fcn, hans\u0131 cavab\u0131 ver\u0259c\u0259ks\u0259n. B\u0259zil\u0259ri d\u0259 \u201cKamal m\u00fc\u0259llim, \u0259rk edirsiniz\u201d dey\u0259 reaksiya verir. \u00c7ox q\u0259rib\u0259 v\u0259ziyy\u0259t yaran\u0131b. Kamal Abdulla bizi t\u0259hqir edir, b\u00f6htan at\u0131r, amma bizim iddialar\u0131m\u0131z\u0131 Dill\u0259r Universitetinin \u00fcnvan\u0131na y\u00f6n\u0259ldir. Niy\u0259 kollektivi bu m\u0259s\u0259l\u0259y\u0259 qar\u0131\u015fd\u0131r\u0131r? \u018fg\u0259r rektor \u00e7ox ideal idar\u0259etm\u0259 qurdu\u011funu s\u00fcbut etm\u0259y\u0259 \u00e7al\u0131\u015f\u0131rsa, ham\u0131n\u0131n ondan raz\u0131 oldu\u011funu g\u00f6st\u0259rm\u0259k ist\u0259yirs\u0259, etiraz ed\u0259n bir-iki n\u0259f\u0259rin fikirl\u0259rind\u0259n niy\u0259 narahat olur? Yaxud humanizmd\u0259n dan\u0131\u015f\u0131r v\u0259 deyir ki, V\u00fcsal\u0259 A\u011fab\u0259ylini i\u015fd\u0259n yox, v\u0259zif\u0259d\u0259n \u00e7\u0131xar\u0131b, Elmira Bax\u0131\u015f\u0259liyeva ya\u015fl\u0131 oldu\u011fu \u00fc\u00e7\u00fcn k\u0259narla\u015fd\u0131r\u0131b, b\u0259s P\u0259rvin M\u00fcrs\u0259lovan\u0131 niy\u0259 i\u015fd\u0259n uzaqla\u015fd\u0131r\u0131b?\n<\/p>\n<p>\n  &#8211;<br \/>\n  <i><br \/>\n    Siz\u0259 t\u00f6hm\u0259tin a\u00e7\u0131q d\u0259rsd\u0259ki n\u00f6qsanlar\u0131n\u0131za g\u00f6r\u0259 verildiyi bildirilir, \u0259sas\u0131 varm\u0131?<br \/>\n  <\/i>\n<\/p>\n<p>\n  &#8211; Deyil\u0259nl\u0259rl\u0259 raz\u0131la\u015fm\u0131ram. \u00c7\u00fcnki m\u0259n a\u00e7\u0131q d\u0259rsi rektorun \u0259mri \u0259sas\u0131nda t\u0259\u015fkil etmi\u015fdim. \u018fmrd\u0259 g\u00f6st\u0259rilm\u0259yib ki, d\u0259rs 90 d\u0259qiq\u0259 dinl\u0259nilm\u0259lidir, m\u0259n t\u0259r\u0259fd\u0259n \u0259mrin sonunda g\u00f6st\u0259ril\u0259n meyarlar\u0131n ham\u0131s\u0131na riay\u0259t olunub. \u0130kinci, o biri komissiya \u00fczvl\u0259ri niy\u0259 gizl\u0259dilir? Suala cavab yoxdur, m\u0259n d\u0259 bilmir\u0259m. M\u0259s\u0259l\u0259 ondad\u0131r ki, 6-7 n\u0259f\u0259r komissiya \u00fczv\u00fcn\u00fcn h\u0259r biri protokolu imzalay\u0131b, m\u0259g\u0259r, m\u0259n onlar\u0131 m\u0259cbur etmi\u015f\u0259m?\n<\/p>\n<p>\n  &#8211;<br \/>\n  <i><br \/>\n    Sizd\u0259 protokol varm\u0131?<br \/>\n  <\/i>\n<\/p>\n<p>\n  &#8211; \u018flb\u0259tt\u0259. Onlar g\u00f6rd\u00fckl\u0259ri d\u0259rsi qiym\u0259tl\u0259ndiribl\u0259r. Sual yaran\u0131r, niy\u0259 onlara ba\u015fqa bir irad bildirilmir, m\u00fcnasib\u0259tl\u0259ri dinl\u0259nilmir? Yaxud n\u0259 \u00fc\u00e7\u00fcn t\u0259klif olunmad\u0131 ki, N\u0259rgiz Qurbanl\u0131n\u0131n d\u0259rsi yenid\u0259n t\u0259\u015fkil olunsun, buyursun ke\u00e7sin? Birinci d\u0259f\u0259 4 bal al\u0131b, ikinci d\u0259f\u0259 t\u0259\u015fkil olunsun v\u0259 10 bal als\u0131n.\n<\/p>\n<p>\n  &#8211;<br \/>\n  <i><br \/>\n    \u00dcmumiyy\u0259tl\u0259, universitetd\u0259, t\u00f6hm\u0259t proseduru nec\u0259dir, rektor q\u0259rar\u0131 \u00f6z\u00fc q\u0259bul edir, yoxsa, Elmi \u015euran\u0131n, yaxud ba\u015fqa bir komissiyan\u0131n t\u0259qdimat\u0131 \u0259sas\u0131nda \u0259mr verir?<br \/>\n  <\/i>\n<\/p>\n<p>\n  &#8211; Dekabr\u0131n 17-d\u0259 Elmi \u015eurada etiraz \u00e7\u0131x\u0131\u015f\u0131 etdiyim\u0259 g\u00f6r\u0259 el\u0259 h\u0259min g\u00fcn\u00fc t\u00f6hm\u0259t verdi.\n<\/p>\n<p>\n  &#8211;<br \/>\n  <i><br \/>\n    Hans\u0131 m\u0259s\u0259l\u0259 haqda \u00e7\u0131x\u0131\u015f etmi\u015fdiniz?<br \/>\n  <\/i>\n<\/p>\n<p>\n  &#8211; N\u0259rgiz Qurbanl\u0131 m\u0259s\u0259l\u0259sin\u0259 g\u00f6r\u0259. Rektor dedi ki, s\u0259n bizi barma\u011f\u0131na dolam\u0131san, \u00fcr\u0259yin ist\u0259diyin kimi onu qiym\u0259tl\u0259ndirmis\u0259n, o, m\u0259nim dostumun q\u0131z\u0131d\u0131r\u2026\n<\/p>\n<p>\n  &#8211;<br \/>\n  <i><br \/>\n    El\u0259c\u0259 d\u0259 deyir ki, dostumun q\u0131z\u0131d\u0131r\u2026?<br \/>\n  <\/i>\n<\/p>\n<p>\n  &#8211; B\u0259li, el\u0259c\u0259 d\u0259 deyir. H\u0259l\u0259 bir d\u0259 \u0259lav\u0259 edir ki, s\u0259n kim\u0259 ili\u015fdiyini bilmirs\u0259n\u2026\n<\/p>\n<p>\n  <i><br \/>\n    &#8211; Bunlar\u0131 da deyir?<br \/>\n  <\/i>\n<\/p>\n<p>\n  &#8211; B\u0259li, deyir v\u0259 g\u00f6zl\u0259yir ki, m\u0259n susam. \u018flimi qald\u0131r\u0131b \u201colar m\u00fcnasib\u0259t bildirim\u201d dem\u0259k ist\u0259yir\u0259m, cavab verir ki, laz\u0131m deyil s\u0259nin m\u00fcnasib\u0259tin.\n<\/p>\n<p>\n  <i><br \/>\n    &#8211; Y\u0259ni 50 il\u0259 q\u0259d\u0259r ya\u015f\u0131 olan Dill\u0259r Universitetind\u0259 professor, m\u00fc\u0259llim yoxdurmu ki, rektora dayan desin?<br \/>\n  <\/i>\n<\/p>\n<p>\n  &#8211; Bir n\u0259f\u0259r dedi, T\u0259rbiy\u0259 \u0130\u015fl\u0259ri \u00fczr\u0259 prorektor v\u0259 sosial m\u0259s\u0259l\u0259l\u0259r \u00fczr\u0259 m\u00fc\u015favir \u018fl\u0259ddin m\u00fc\u0259llim, amma bug\u00fcnk\u00fc g\u00fcnd\u0259 onun pis v\u0259ziyy\u0259td\u0259 qalmas\u0131n\u0131 ist\u0259mir\u0259m. \u018fl\u0259ddin m\u00fc\u0259llim etiraz etdi v\u0259 pis v\u0259ziyy\u0259t\u0259 d\u00fc\u015fd\u00fc, haz\u0131rda o he\u00e7 yerd\u0259 yoxdur v\u0259 sonradan el\u0259 v\u0259ziyy\u0259t\u0259 d\u00fc\u015fd\u00fc ki, haqq\u0131mdak\u0131 m\u0259lum r\u0259yi imzalama\u011fa m\u0259cbur oldu.\n<\/p>\n<p>\n  <i><br \/>\n    &#8211; Siz bu m\u0259s\u0259l\u0259n ictimail\u0259\u015fdirm\u0259zd\u0259n \u0259vv\u0259l rektora m\u00fcraci\u0259tl\u0259r etmisinizmi?<br \/>\n  <\/i>\n<\/p>\n<p>\n  &#8211; Rektor dekabr\u0131n 17-d\u0259 m\u0259n\u0259 t\u00f6hm\u0259t verib, raz\u0131la\u015fmam\u0131\u015fam v\u0259 bir g\u00fcn sonra, dekabr\u0131n 18-d\u0259 m\u00fcraci\u0259t etmi\u015f\u0259m. M\u00fcraci\u0259timd\u0259 h\u00fcquqi \u0259saslar g\u00f6st\u0259rdim, \u018fm\u0259k M\u0259c\u0259ll\u0259sinin madd\u0259l\u0259rin\u0259 istinad ed\u0259r\u0259k t\u00f6hm\u0259tin qanunsuzlu\u011funu ortaya qoydum. Cavab g\u00f6zl\u0259dim, amma bunun \u0259v\u0259zind\u0259 N\u0259rgiz Qurbanl\u0131n\u0131n kabinetim\u0259 h\u00fccumu t\u0259\u015fkil edildi. D\u00fc\u015f\u00fcn\u00fcld\u00fc ki, b\u0259lk\u0259 m\u0259n d\u0259 onun \u00fcslubunda cavab verim, ancaq he\u00e7 bir reaksiyam olmad\u0131. Bundan sonra N\u0259rgiz Qurbanl\u0131 a\u011fl\u0131na g\u0259l\u0259n ifad\u0259l\u0259r i\u015fl\u0259tdi, az qald\u0131 \u0259l qald\u0131rs\u0131n, bunu g\u00f6r\u0259nl\u0259r var. T\u0259s\u0259vv\u00fcr edin ki, i\u015f\u00e7il\u0259r N\u0259rgiz Qurbanl\u0131n\u0131 ota\u011f\u0131mdan nec\u0259 \u00e7\u0259tinlikl\u0259 \u00e7\u0131xartd\u0131lar. H\u0259tta m\u0259n\u0259 irad tutdular ki, niy\u0259 N\u0259rgiz Qurbanl\u0131n\u0131n s\u0259sini yazm\u0131san, n\u0259 \u00fc\u00e7\u00fcn yazmaml\u0131yd\u0131m?! Ax\u0131 m\u0259n hans\u0131 formada Qurbanl\u0131n\u0131n n\u0259slim\u0259, atama s\u00f6yd\u00fcy\u00fcn\u00fc nec\u0259 s\u00fcbut ed\u0259 bil\u0259rdim? \u00dcmumiyy\u0259tl\u0259, N\u0259rgiz Qurbanl\u0131 rektorun dostunun q\u0131z\u0131 oldu\u011funa g\u00f6r\u0259 atama s\u00f6ym\u0259lidir? M\u0259nim atam onun atas\u0131ndan da yeri g\u0259ls\u0259, qat-qat art\u0131q insand\u0131r. Dekabr\u0131n 17-d\u0259 m\u0259n\u0259 t\u00f6hm\u0259t verib, bir g\u00fcn sonra \u0259mr imzalay\u0131r ki, bu t\u00f6hm\u0259t \u0259mrind\u0259 veril\u0259n m\u00fcdd\u0259alar ara\u015fd\u0131r\u0131ls\u0131n. Sual yaran\u0131r, \u0259vv\u0259la, ara\u015fd\u0131rard\u0131n v\u0259 t\u00f6hm\u0259tin uy\u011fun olub-olmamas\u0131n\u0131 bilib sonra ver\u0259rdin d\u0259. \u0130kincisi, dekabr\u0131n 17-d\u0259 t\u00f6hm\u0259t verilib, 3 g\u00fcn sonra, 20 dekabrda N\u0259rgiz Qurbanl\u0131n\u0131n m\u00fcraci\u0259tini yaz\u0131blar. H\u0259tta xronologiya da uy\u011fun g\u0259lmir, t\u0259\u015fkilat\u00e7\u0131l\u0131q i\u015fi d\u0259 d\u00fczg\u00fcn qurulmay\u0131b.\n<\/p>\n<figure class=\"wp-block-image size-large\">\n  <img decoding=\"async\" src=\"https:\/\/www.meydan.tv\/az\/67742848_2265660050415923_1103979892707426304_n-jpg\/\" alt=\"67742848_2265660050415923_1103979892707426304_n.jpg\" class=\"wp-image-127931\"\/><figcaption>\n    V\u00fcsal\u0259 A\u011fab\u0259yli<br \/>\n  <\/figcaption><\/figure>\n<p>\n  <i><br \/>\n    &#8211; Siz i\u015f\u0259 getm\u0259d\u0259n nec\u0259 maa\u015f t\u0259l\u0259b etmisiniz, buna ayd\u0131nl\u0131q g\u0259tir\u0259 bil\u0259rsinizmi?<br \/>\n  <\/i>\n<\/p>\n<p>\n  &#8211; El\u0259 \u015fey ola bil\u0259r? \u0130\u015f\u0259 getm\u0259y\u0259n adam nec\u0259 maa\u015f t\u0259l\u0259b ed\u0259 bil\u0259r? Rektor kart sistemin\u0259 may\u0131n 1-d\u0259n ke\u00e7ib, \u0259g\u0259r kart\u0131m i\u015fl\u0259m\u0259yibs\u0259, may\u0131n maa\u015f\u0131n\u0131 nec\u0259 alm\u0131\u015fam? Maa\u015f\u0131m yar\u0131m\u015ftat dosent maa\u015f\u0131d\u0131r, f\u0259ls\u0259f\u0259 doktoruyam, ald\u0131\u011f\u0131m maa\u015f 340 manatd\u0131r. \u0130yunda maa\u015f\u0131m\u0131 k\u0259sib. Q\u0259r\u0259zli add\u0131md\u0131r. Nec\u0259 olur ki, rektorun komandas\u0131nda olanlar i\u015f\u0259 g\u0259lmir, amma maa\u015f al\u0131rlar?!\n<\/p>\n<p>\n  &#8211;<br \/>\n  <i><br \/>\n    Dedikl\u0259rinizi faktlarla t\u0259sdiql\u0259y\u0259 bil\u0259rsinizmi?<br \/>\n  <\/i>\n<\/p>\n<p>\n  &#8211; B\u0259li.\n<\/p>\n<p>\n  &#8211;<br \/>\n  <i><br \/>\n    M\u0259s\u0259l\u0259n, kiml\u0259r?<br \/>\n  <\/i>\n<\/p>\n<p>\n  &#8211; Asud\u0259 xan\u0131m Kamal Abdullan\u0131n sa\u011f \u0259li say\u0131lan N\u00fc\u015fab\u0259 Tanr\u0131verdiyevan\u0131n yax\u0131n qohumudur, baxmayaraq ki, bunu inkar edir. Onu xadim\u0259 ad\u0131 il\u0259 yazd\u0131rsalar da, i\u015f\u0259 g\u0259lmir. M\u0259n bu m\u0259s\u0259l\u0259ni a\u015fkarlayan kimi i\u015fd\u0259n uzaqla\u015fd\u0131rd\u0131lar. \u018fg\u0259r yalan idis\u0259, niy\u0259 i\u015fd\u0259n \u00e7\u0131xartd\u0131lar? Dem\u0259li, bu adam i\u015fd\u0259 olmad\u0131\u011f\u0131 halda 326 manat maa\u015f al\u0131rd\u0131, amma m\u0259n dosent kimi 300 manat\u0131m\u0131 ala bilmir\u0259m.\n<\/p>\n<p>\n  &#8211;<br \/>\n  <i><br \/>\n    N\u00fc\u015fab\u0259 Tanr\u0131verdiyevan\u0131n v\u0259zif\u0259si n\u0259d\u0259n ibar\u0259tdir?<br \/>\n  <\/i>\n<\/p>\n<p>\n  &#8211; N\u00fc\u015fab\u0259 Tanr\u0131verdiyevan\u0131n v\u0259zif\u0259si h\u0259r \u015feydir, universditetd\u0259 h\u0259m maliyy\u0259, h\u0259m i\u015f\u0259g\u00f6t\u00fcrm\u0259 m\u0259s\u0259l\u0259l\u0259rin\u0259 bax\u0131r, h\u0259r \u015fey\u0259 n\u0259zar\u0259t edir. Bu adam yem\u0259kxana i\u015f\u00e7il\u0259rinin d\u0259 g\u0259lib-getm\u0259yin\u0259 n\u0259zar\u0259t edir.\n<\/p>\n<p>\n  &#8211;<br \/>\n  <i><br \/>\n    R\u0259smi v\u0259zif\u0259si n\u0259dir?<br \/>\n  <\/i>\n<\/p>\n<p>\n  &#8211; Ad olaraq maliyy\u0259 i\u015fl\u0259ri \u00fczr\u0259 m\u00fc\u015favir gedir, amma m\u00fchasibatl\u0131\u011f\u0131n da i\u015fl\u0259rin\u0259 n\u0259zar\u0259t edir.\n<\/p>\n<p>\n  <i><br \/>\n    &#8211; \u018fvv\u0259ll\u0259r Dill\u0259r Universitetind\u0259 \u00e7al\u0131\u015f\u0131bm\u0131?<br \/>\n  <\/i>\n<\/p>\n<p>\n  &#8211; Xeyr, N\u00fc\u015fab\u0259 Tanr\u0131verdiyevan\u0131 Slavyan Universitetind\u0259n g\u0259tirib.\n<\/p>\n<p>\n  <i><br \/>\n    &#8211; V\u00fcsal\u0259 xan\u0131m, ikinci t\u00f6hm\u0259ti i\u015fd\u0259 bir d\u0259f\u0259 oldu\u011funuz \u00fc\u00e7\u00fcn ald\u0131\u011f\u0131n\u0131z bildirilir. Do\u011frudanm\u0131, i\u015f\u0259 getmirsiniz v\u0259 t\u00f6hm\u0259ti buna g\u00f6r\u0259 alm\u0131s\u0131n\u0131z?<br \/>\n  <\/i>\n<\/p>\n<p>\n  &#8211; \u018fg\u0259r kart\u0131m i\u015fl\u0259mirdis\u0259, ayda bir d\u0259f\u0259 nec\u0259 sistem\u0259 d\u00fc\u015f\u00fcb? Bu, nec\u0259 olur? \u0130\u015fl\u0259y\u0259n kartd\u0131rsa, o biri g\u00fcnl\u0259r niy\u0259 hesablanmay\u0131b? Bu suallara cavab verilm\u0259lidir.\n<\/p>\n<p>\n  &#8211;<br \/>\n  <i><br \/>\n    Kamal Abdulla universitetd\u0259ki bu v\u0259ziyy\u0259ti komik adland\u0131r\u0131b, sizin t\u0259r\u0259fd\u0259n bu m\u0259nz\u0259r\u0259 nec\u0259 qiym\u0259tl\u0259ndirilir?<br \/>\n  <\/i>\n<\/p>\n<p>\n  &#8211; Kamal Abdulla universitet\u0259 \u00f6z \u0259s\u0259ri kimi baxd\u0131\u011f\u0131ndan ssenarisi \u00fczr\u0259 d\u0259 idar\u0259 edir. Y\u0259ni n\u0259 qayda-qanun, n\u0259 \u0259sasnam\u0259, n\u0259 d\u0259 \u018fm\u0259k M\u0259c\u0259ll\u0259si n\u0259z\u0259r\u0259 al\u0131n\u0131r, yaln\u0131z \u00f6z\u00fcn\u00fcn qanun v\u0259 qaydalar\u0131 i\u015fl\u0259yir, he\u00e7 k\u0259s d\u0259 buna etiraz ed\u0259 bilmir.\n<\/p>\n<p>\n  &#8211;<br \/>\n  <i><br \/>\n    B\u0259lk\u0259 Kamal m\u00fc\u0259llim universitetin idar\u0259etm\u0259sind\u0259 daxili \u0259sasnam\u0259y\u0259 \u0259saslan\u0131r?<br \/>\n  <\/i>\n<\/p>\n<p>\n  &#8211; Ax\u0131 daxili \u0259sasnam\u0259d\u0259 el\u0259 bir \u015fey yoxdur. Elmi \u015eura var v\u0259 onun \u0259sasnam\u0259sin\u0259 g\u00f6r\u0259 dekan\u0131 i\u015fd\u0259n \u00e7\u0131xartmaq \u00fc\u00e7\u00fcn \u0259n az\u0131 onun r\u0259hb\u0259rlik etdiyi fak\u00fclt\u0259 Elmi \u015euras\u0131n\u0131n \u00fc\u00e7d\u0259 iki hiss\u0259si rektor qar\u015f\u0131s\u0131nda v\u0259sat\u0259t qald\u0131rmal\u0131d\u0131r. Akkreditasya Komissiyas\u0131n\u0131n m\u0259nim f\u0259aliyy\u0259timi noyabrda q\u0259na\u0259tb\u0259x\u015f hesab etdiyini yuxar\u0131da s\u00f6yl\u0259dim, dekabrda is\u0259 rektorun 3 n\u0259f\u0259rd\u0259n ibar\u0259t yaratd\u0131\u011f\u0131 komissiya n\u0259 q\u0259d\u0259r \u201cn\u00f6qsanlar\u201d a\u015fkarlad\u0131, bunlar t\u00f6hm\u0259t \u0259mri ver\u0259nd\u0259n sonra olub. Sual yaran\u0131r, \u0259g\u0259r pis dekan idims\u0259, fak\u00fclt\u0259 Elmi \u015euras\u0131 rektor qar\u015f\u0131s\u0131nda niy\u0259 v\u0259sat\u0259t qald\u0131rmay\u0131b?\n<\/p>\n<p>\n  &#8211;<br \/>\n  <i><br \/>\n    T\u0259hsil nazirin\u0259, Milli M\u0259clisin Elm v\u0259 T\u0259hsil Komit\u0259sin\u0259 v\u0259 Prezident yan\u0131nda T\u0259hsil Komissiyas\u0131na m\u00fcraci\u0259t etmisinizmi?<br \/>\n  <\/i>\n<\/p>\n<p>\n  &#8211; B\u0259li, ad\u0131n\u0131 \u00e7\u0259kdiyiniz b\u00fct\u00fcn qurumlardan m\u0259hk\u0259m\u0259y\u0259 m\u00fcraci\u0259t etm\u0259k haqda cavab m\u0259ktubu alm\u0131\u015fam.\n<\/p>\n<p>\n  &#8211;<br \/>\n  <i><br \/>\n    B\u0259s t\u0259hsil naziri il\u0259 g\u00f6r\u00fc\u015f\u0259 c\u0259hd etmisinizmi?<br \/>\n  <\/i>\n<\/p>\n<p>\n  &#8211; \u018flb\u0259tt\u0259, \u0259vv\u0259l al\u0131nmad\u0131, sonra s\u0259hh\u0259timd\u0259 problem oldu\u011fundan T\u00fcrkiy\u0259y\u0259 getdim, o zaman m\u0259ni axtar\u0131blar. Yen\u0259 c\u0259hd ed\u0259c\u0259m.\n<\/p>\n<p>\n  &#8211;<br \/>\n  <i><br \/>\n    Siz\u0259 universitetd\u0259 a\u00e7\u0131q v\u0259 gizli formada d\u0259st\u0259k ver\u0259nl\u0259r varm\u0131?<br \/>\n  <\/i>\n<\/p>\n<p>\n  &#8211; D\u0259st\u0259k ver\u0259nl\u0259r \u00e7ox idi, amma qorxurlar. T\u0259s\u0259vv\u00fcr edin ki, \u015f\u00f6b\u0259-\u015f\u00f6b\u0259 g\u0259zib tap\u015f\u0131r\u0131q verirl\u0259r ki, \u201cFacebook\u201dda, universitetin s\u0259hif\u0259sind\u0259 V\u00fcsal\u0259 A\u011fab\u0259ylinin \u0259leyhin\u0259 status, \u015f\u0259rh yaz\u0131b, cavab verin ona. V\u0259 bunu yazandan sonra da \u015f\u0259klini \u00e7\u0259kib g\u00f6st\u0259rirl\u0259r ki, filank\u0259sl\u0259r yazd\u0131. Yaln\u0131z yem\u0259kxana i\u015f\u00e7isi v\u0259 xadim\u0259 qal\u0131b ki, s\u0259hif\u0259m\u0259 \u015f\u0259rh yazmas\u0131n, \u00e7ox t\u0259\u0259ss\u00fcf ki, \u201ccopy past\u201d \u015f\u0259klind\u0259 \u015f\u0259rhl\u0259r yaz\u0131rlar, m\u0259s\u0259l\u0259nin m\u0259\u011fzini bilmirl\u0259r. \u018fg\u0259r onlar yazd\u0131qlar\u0131mdan stress\u0259 d\u00fc\u015f\u00fcrl\u0259rs\u0259, niy\u0259 s\u0259hif\u0259mi izl\u0259yirl\u0259r, izl\u0259m\u0259sinl\u0259r d\u0259? \u0130kinci d\u0259 stress\u0259 d\u00fc\u015f\u0259nl\u0259r b\u0259s Kamal Abdullan\u0131n add\u0131mlar\u0131ndan niy\u0259 stress\u0259 d\u00fc\u015fm\u00fcrl\u0259r, t\u0259s\u0259vv\u00fcr edin ki, akademik-rektor o boyda kollektivi \u0259leyhim\u0259 qald\u0131r\u0131b.\n<\/p>\n<p>\n  &#8211;<br \/>\n  <i><br \/>\n    Y\u0259ni trollar ordusu yaran\u0131b?<br \/>\n  <\/i>\n<\/p>\n<figure class=\"wp-block-image size-large\">\n  <img decoding=\"async\" src=\"https:\/\/www.meydan.tv\/az\/68589845_1173343836182724_8654081406034509824_n-jpg\/\" alt=\"68589845_1173343836182724_8654081406034509824_n.jpg\" class=\"wp-image-127934\"\/><figcaption>\n    V\u00fcsal\u0259 A\u011fab\u0259yli<br \/>\n  <\/figcaption><\/figure>\n<p>\n  &#8211; Tam do\u011frudur v\u0259 a\u00e7\u0131q \u015f\u0259kild\u0259 \u00e7al\u0131\u015f\u0131rlar, bunu gizl\u0259tmir d\u0259. M\u0259s\u0259l\u0259 ondad\u0131r ki, ba\u015fqa t\u0259l\u0259b\u0259l\u0259r m\u0259n\u0259 deyirl\u0259r ki, siz\u0259 d\u0259st\u0259k \u015f\u0259rhl\u0259rini silirl\u0259r, b\u0259s hardad\u0131r burda s\u00f6z azadl\u0131\u011f\u0131?! G\u00f6r\u00fcn, hans\u0131 v\u0259ziyy\u0259tdir ki, jurnalist yeti\u015fdir\u0259n universitetin rektoru g\u0259ncl\u0259r \u00fcz\u0259rind\u0259 bu c\u00fcr manipulyasiya edir, h\u0259l\u0259 bu g\u0259ncl\u0259r g\u0259l\u0259c\u0259yin jurnalisti olacaqlar, indid\u0259n onlar\u0131 hans\u0131 hala sal\u0131rlar?! T\u0259l\u0259b\u0259l\u0259r m\u0259ni \u00e7ox d\u0259st\u0259kl\u0259dil\u0259r, aya\u011fa qalxm\u0131\u015fd\u0131lar, x\u0259st\u0259xanada yan\u0131ma g\u0259ldil\u0259r ki, qay\u0131d\u0131m yerim\u0259. Bax\u0131n, Kamal m\u00fc\u0259llim onlar\u0131n m\u0259ni m\u00fcdafi\u0259 etm\u0259l\u0259rini i\u011fti\u015fa\u015f adland\u0131r\u0131r, amma \u00f6z\u00fcn\u00fcn dostunun q\u0131z\u0131, T\u0259rc\u00fcm\u0259 fak\u00fclt\u0259sinin dekan\u0131 B\u0259n\u00f6v\u015f\u0259 M\u0259mm\u0259dovan\u0131n yerini d\u0259yi\u015f\u0259nd\u0259, t\u0259l\u0259b\u0259l\u0259r etiraz etdiyi \u00fc\u00e7\u00fcn onu dekan sevgisi sayd\u0131. Niy\u0259 ayr\u0131-se\u00e7kilik edirs\u0259n, han\u0131 b\u0259s eyni dediyin prinsip? Rektor burda Konstitusiyan\u0131 da pozur.\n<\/p>\n<p>\n  <i><br \/>\n    &#8211; Sizinl\u0259 b\u0259rab\u0259r c\u0259zaland\u0131r\u0131lan h\u0259mkarlar\u0131n\u0131z da var, onlar universitetd\u0259 korrupsiya hallar\u0131n\u0131n oldu\u011funu iddia edir, deyil\u0259nl\u0259ri b\u00f6l\u00fc\u015f\u00fcrs\u00fcn\u00fczm\u00fc?<br \/>\n  <\/i>\n<\/p>\n<p>\n  &#8211; Korrupsiya varsa da, g\u00fcnahkar rektordur, o, v\u0259ziyy\u0259ti t\u0259nziml\u0259m\u0259li, probleml\u0259ri aradan qald\u0131rmal\u0131d\u0131r. \u018fg\u0259r m\u0259nim adi m\u00fc\u0259llim\u0259 d\u0259rsi d\u00fczg\u00fcn t\u0259\u015fkil etm\u0259k haqda s\u00f6z dem\u0259k haq\u0131m yoxdursa, n\u0259y\u0259 m\u00fcdaxil\u0259 ed\u0259 bil\u0259r\u0259m? Ola bilm\u0259z ki, rektorun universitetd\u0259ki v\u0259ziyy\u0259td\u0259n x\u0259b\u0259ri olmas\u0131n, bir semester d\u0259rs\u0259 g\u0259lm\u0259y\u0259n t\u0259l\u0259b\u0259l\u0259r var\u2026\n<\/p>\n<p>\n  &#8211;<br \/>\n  <i><br \/>\n    El\u0259l\u0259ri d\u0259 var?<br \/>\n  <\/i>\n<\/p>\n<p>\n  &#8211; O c\u00fcr t\u0259l\u0259b\u0259l\u0259r \u00e7oxdur v\u0259 m\u0259nd\u0259 d\u0259 onlar\u0131n ad\u0131 var. Semestr boyu d\u0259rs\u0259 g\u0259lmir v\u0259 f\u0259xri m\u0259zun kimi universiteti bitirir. \u00c7\u00fcnki onlar Kamal m\u00fc\u0259llimin trollar ordusundand\u0131r. T\u0259xmin\u0259n 70-\u0259 yax\u0131n bel\u0259 t\u0259l\u0259b\u0259 var, az deyil.\n<\/p>\n<p>\n  &#8211;<br \/>\n  <i><br \/>\n    V\u00fcsal\u0259 xan\u0131m, Kamal Abdulla m\u0259hk\u0259m\u0259l\u0259rd\u0259 d\u0259 qalib g\u0259l\u0259c\u0259yini deyirs\u0259, bundan sonra n\u0259 d\u00fc\u015f\u00fcn\u00fcrs\u00fcn\u00fcz?<br \/>\n  <\/i>\n<\/p>\n<p>\n  &#8211; M\u0259n geri durmayacam, bu, m\u0259nim \u00fc\u00e7\u00fcn i\u015f m\u0259s\u0259l\u0259si deyil. M\u0259n Kamal Abdulladan n\u0259 v\u0259zif\u0259 ist\u0259yir\u0259m, n\u0259 kreslo, n\u0259 d\u0259 ba\u015fqa bir \u015fey. \u00dcmumiyy\u0259tl\u0259, onun rektor oldu\u011fu zaman he\u00e7 bir administrativ v\u0259zif\u0259d\u0259 \u00e7al\u0131\u015fmaq ist\u0259mir\u0259m. Sad\u0259c\u0259, onun qanunsuz h\u0259r\u0259k\u0259tl\u0259rini s\u00fcbut etm\u0259k ist\u0259yir\u0259m. Dem\u0259k ist\u0259yir\u0259m ki, siz bu insanlarla bu c\u00fcr davran\u0131\u015f s\u0259rgil\u0259y\u0259 bilm\u0259zsiniz v\u0259 i\u015f\u00e7il\u0259ri t\u0259hqir etm\u0259k olmaz. Sona q\u0259d\u0259r ged\u0259c\u0259m, biz m\u0259hk\u0259m\u0259y\u0259 verm\u0259mi\u015fdik, amma rektor h\u0259l\u0259 fevralda t\u0259kidl\u0259 deyirdi ki, buyursunlar, m\u00fcraci\u0259t etsinl\u0259r, g\u00f6rs\u00fcnl\u0259r, kim qazanacaq. O zaman deyirdi ki, m\u0259hk\u0259m\u0259l\u0259rin n\u0259tic\u0259si universitetin xeyrin\u0259 olacaq. H\u0259l\u0259 iddia \u0259riz\u0259si il\u0259 tan\u0131\u015f olmadan hardan bilir ki, xeyrin\u0259 h\u0259ll olunacaq? G\u00f6r\u00fcn\u0259n odur ki, h\u0259l\u0259 onun xeyrin\u0259 gedir. Amma bu, o anlama g\u0259lm\u0259sin ki, yerli m\u0259hk\u0259m\u0259l\u0259rin v\u0259 median\u0131n qar\u015f\u0131s\u0131n\u0131 almaqla susaca\u011f\u0131q, biz beyn\u0259lxalq m\u0259tbuata \u00e7\u0131xaca\u011f\u0131q. Kamal Abdullan\u0131n yerli mediaya ciddi t\u0259siri var, hans\u0131 orqanda \u0259leyhin\u0259 yaz\u0131, yaxud informasiya yay\u0131ld\u0131sa, h\u0259min media orqan\u0131 m\u0259hk\u0259m\u0259 il\u0259 h\u0259d\u0259l\u0259nir. Art\u0131q &quot;xural.com\u201d m\u0259hk\u0259m\u0259y\u0259 verilib. Biz xarici mediaya \u00e7\u0131xaca\u011f\u0131q, bunun \u00fc\u00e7\u00fcn t\u0259rc\u00fcm\u0259\u00e7iy\u0259 ehtiyac\u0131m\u0131z yoxdur, \u00e7\u00fcnki ingilis dilini bilirik. Yerli m\u0259hk\u0259ml\u0259rd\u0259 qar\u015f\u0131m\u0131z\u0131 alacaq, \u00fcz tutaca\u011f\u0131q Avropa M\u0259hk\u0259m\u0259sin\u0259, g\u00f6r\u0259k, orda nec\u0259 qar\u015f\u0131m\u0131z\u0131 alacaq?!<\/p>\n","protected":false},"excerpt":{"rendered":"<p>Semestr boyu d\u0259rs\u0259 g\u0259lmir v\u0259 f\u0259xri m\u0259zun kimi universiteti bitirir.<\/p>\n","protected":false},"author":11,"featured_media":127919,"comment_status":"closed","ping_status":"open","sticky":false,"template":"","format":"standard","meta":{"_acf_changed":false,"_sitemap_exclude":false,"_sitemap_priority":"","_sitemap_frequency":"","footnotes":""},"categories":[56],"tags":[],"class_list":["post-196534","post","type-post","status-publish","format-standard","has-post-thumbnail","hentry","category-xeberler","infinite-scroll-item","generate-columns","tablet-grid-50","mobile-grid-100","grid-parent","grid-33","no-featured-image-padding"],"acf":[],"yoast_head":"<!-- This site is optimized with the Yoast SEO plugin v27.5 - https:\/\/yoast.com\/product\/yoast-seo-wordpress\/ -->\n<title>&#039;&#039;Kamal Abdullan\u0131n i\u015f prinsipl\u0259ri ondan ibar\u0259tdir ki, o, t\u0259hqir ed\u0259nd\u0259 susmal\u0131san&#039;&#039; - MEYDAN.TV<\/title>\n<meta name=\"robots\" content=\"index, follow, max-snippet:-1, max-image-preview:large, max-video-preview:-1\" \/>\n<link rel=\"canonical\" href=\"https:\/\/www.meydan.tv\/az\/article\/kamal-abdullanin-prinsipleri-ondan-ibaretdir-ki-o-tehqir-edende-susmalisan\/\" \/>\n<meta property=\"og:locale\" content=\"az_AZ\" \/>\n<meta property=\"og:type\" content=\"article\" \/>\n<meta property=\"og:title\" content=\"&#039;&#039;Kamal Abdullan\u0131n i\u015f prinsipl\u0259ri ondan ibar\u0259tdir ki, o, t\u0259hqir ed\u0259nd\u0259 susmal\u0131san&#039;&#039; - MEYDAN.TV\" \/>\n<meta property=\"og:description\" content=\"Semestr boyu d\u0259rs\u0259 g\u0259lmir v\u0259 f\u0259xri m\u0259zun kimi universiteti bitirir.\" \/>\n<meta property=\"og:url\" content=\"https:\/\/www.meydan.tv\/az\/article\/kamal-abdullanin-prinsipleri-ondan-ibaretdir-ki-o-tehqir-edende-susmalisan\/\" \/>\n<meta property=\"og:site_name\" content=\"MEYDAN.TV\" \/>\n<meta property=\"article:published_time\" content=\"2019-08-08T15:04:12+00:00\" \/>\n<meta property=\"og:image\" content=\"https:\/\/www.meydan.tv\/wp-content\/uploads\/67872520_2682657761791382_6869557708983369728_n.jpg\" \/>\n\t<meta property=\"og:image:width\" content=\"960\" \/>\n\t<meta property=\"og:image:height\" content=\"632\" \/>\n\t<meta property=\"og:image:type\" content=\"image\/jpeg\" \/>\n<meta name=\"author\" content=\"user-manager\" \/>\n<meta name=\"twitter:card\" content=\"summary_large_image\" \/>\n<script type=\"application\/ld+json\" class=\"yoast-schema-graph\">{\"@context\":\"https:\\\/\\\/schema.org\",\"@graph\":[{\"@type\":\"Article\",\"@id\":\"https:\\\/\\\/www.meydan.tv\\\/az\\\/article\\\/kamal-abdullanin-prinsipleri-ondan-ibaretdir-ki-o-tehqir-edende-susmalisan\\\/#article\",\"isPartOf\":{\"@id\":\"https:\\\/\\\/www.meydan.tv\\\/az\\\/article\\\/kamal-abdullanin-prinsipleri-ondan-ibaretdir-ki-o-tehqir-edende-susmalisan\\\/\"},\"author\":{\"name\":\"user-manager\",\"@id\":\"https:\\\/\\\/www.meydan.tv\\\/az\\\/#\\\/schema\\\/person\\\/10d11eccf6da3662cf5fdab9806ea91a\"},\"headline\":\"&#8221;Kamal Abdullan\u0131n i\u015f prinsipl\u0259ri ondan ibar\u0259tdir ki, o, t\u0259hqir ed\u0259nd\u0259 susmal\u0131san&#8221;\",\"datePublished\":\"2019-08-08T15:04:12+00:00\",\"mainEntityOfPage\":{\"@id\":\"https:\\\/\\\/www.meydan.tv\\\/az\\\/article\\\/kamal-abdullanin-prinsipleri-ondan-ibaretdir-ki-o-tehqir-edende-susmalisan\\\/\"},\"wordCount\":3381,\"publisher\":{\"@id\":\"https:\\\/\\\/www.meydan.tv\\\/az\\\/#organization\"},\"image\":{\"@id\":\"https:\\\/\\\/www.meydan.tv\\\/az\\\/article\\\/kamal-abdullanin-prinsipleri-ondan-ibaretdir-ki-o-tehqir-edende-susmalisan\\\/#primaryimage\"},\"thumbnailUrl\":\"https:\\\/\\\/www.meydan.tv\\\/wp-content\\\/uploads\\\/67872520_2682657761791382_6869557708983369728_n.jpg\",\"articleSection\":[\"X\u0259b\u0259rl\u0259r\"],\"inLanguage\":\"az\"},{\"@type\":\"WebPage\",\"@id\":\"https:\\\/\\\/www.meydan.tv\\\/az\\\/article\\\/kamal-abdullanin-prinsipleri-ondan-ibaretdir-ki-o-tehqir-edende-susmalisan\\\/\",\"url\":\"https:\\\/\\\/www.meydan.tv\\\/az\\\/article\\\/kamal-abdullanin-prinsipleri-ondan-ibaretdir-ki-o-tehqir-edende-susmalisan\\\/\",\"name\":\"''Kamal Abdullan\u0131n i\u015f prinsipl\u0259ri ondan ibar\u0259tdir ki, o, t\u0259hqir ed\u0259nd\u0259 susmal\u0131san'' - MEYDAN.TV\",\"isPartOf\":{\"@id\":\"https:\\\/\\\/www.meydan.tv\\\/az\\\/#website\"},\"primaryImageOfPage\":{\"@id\":\"https:\\\/\\\/www.meydan.tv\\\/az\\\/article\\\/kamal-abdullanin-prinsipleri-ondan-ibaretdir-ki-o-tehqir-edende-susmalisan\\\/#primaryimage\"},\"image\":{\"@id\":\"https:\\\/\\\/www.meydan.tv\\\/az\\\/article\\\/kamal-abdullanin-prinsipleri-ondan-ibaretdir-ki-o-tehqir-edende-susmalisan\\\/#primaryimage\"},\"thumbnailUrl\":\"https:\\\/\\\/www.meydan.tv\\\/wp-content\\\/uploads\\\/67872520_2682657761791382_6869557708983369728_n.jpg\",\"datePublished\":\"2019-08-08T15:04:12+00:00\",\"breadcrumb\":{\"@id\":\"https:\\\/\\\/www.meydan.tv\\\/az\\\/article\\\/kamal-abdullanin-prinsipleri-ondan-ibaretdir-ki-o-tehqir-edende-susmalisan\\\/#breadcrumb\"},\"inLanguage\":\"az\",\"potentialAction\":[{\"@type\":\"ReadAction\",\"target\":[\"https:\\\/\\\/www.meydan.tv\\\/az\\\/article\\\/kamal-abdullanin-prinsipleri-ondan-ibaretdir-ki-o-tehqir-edende-susmalisan\\\/\"]}]},{\"@type\":\"ImageObject\",\"inLanguage\":\"az\",\"@id\":\"https:\\\/\\\/www.meydan.tv\\\/az\\\/article\\\/kamal-abdullanin-prinsipleri-ondan-ibaretdir-ki-o-tehqir-edende-susmalisan\\\/#primaryimage\",\"url\":\"https:\\\/\\\/www.meydan.tv\\\/wp-content\\\/uploads\\\/67872520_2682657761791382_6869557708983369728_n.jpg\",\"contentUrl\":\"https:\\\/\\\/www.meydan.tv\\\/wp-content\\\/uploads\\\/67872520_2682657761791382_6869557708983369728_n.jpg\",\"width\":960,\"height\":632,\"caption\":\"Source: meydan tv\"},{\"@type\":\"BreadcrumbList\",\"@id\":\"https:\\\/\\\/www.meydan.tv\\\/az\\\/article\\\/kamal-abdullanin-prinsipleri-ondan-ibaretdir-ki-o-tehqir-edende-susmalisan\\\/#breadcrumb\",\"itemListElement\":[{\"@type\":\"ListItem\",\"position\":1,\"name\":\"Ana s\u0259hif\u0259\",\"item\":\"https:\\\/\\\/www.meydan.tv\\\/az\\\/\"},{\"@type\":\"ListItem\",\"position\":2,\"name\":\"X\u0259b\u0259rl\u0259r\",\"item\":\"https:\\\/\\\/www.meydan.tv\\\/az\\\/section\\\/xeberler\\\/\"},{\"@type\":\"ListItem\",\"position\":3,\"name\":\"&#8221;Kamal Abdullan\u0131n i\u015f prinsipl\u0259ri ondan ibar\u0259tdir ki, o, t\u0259hqir ed\u0259nd\u0259 susmal\u0131san&#8221;\"}]},{\"@type\":\"WebSite\",\"@id\":\"https:\\\/\\\/www.meydan.tv\\\/az\\\/#website\",\"url\":\"https:\\\/\\\/www.meydan.tv\\\/az\\\/\",\"name\":\"MEYDAN.TV\",\"description\":\"Meydan TV Az\u0259rbaycan\u0131n media m\u0259kan\u0131ndak\u0131 alternativ s\u0259sidir\",\"publisher\":{\"@id\":\"https:\\\/\\\/www.meydan.tv\\\/az\\\/#organization\"},\"potentialAction\":[{\"@type\":\"SearchAction\",\"target\":{\"@type\":\"EntryPoint\",\"urlTemplate\":\"https:\\\/\\\/www.meydan.tv\\\/az\\\/?s={search_term_string}\"},\"query-input\":{\"@type\":\"PropertyValueSpecification\",\"valueRequired\":true,\"valueName\":\"search_term_string\"}}],\"inLanguage\":\"az\"},{\"@type\":\"Organization\",\"@id\":\"https:\\\/\\\/www.meydan.tv\\\/az\\\/#organization\",\"name\":\"Meydan TV\",\"url\":\"https:\\\/\\\/www.meydan.tv\\\/az\\\/\",\"logo\":{\"@type\":\"ImageObject\",\"inLanguage\":\"az\",\"@id\":\"https:\\\/\\\/www.meydan.tv\\\/az\\\/#\\\/schema\\\/logo\\\/image\\\/\",\"url\":\"https:\\\/\\\/www.meydan.tv\\\/wp-content\\\/uploads\\\/2021\\\/07\\\/meydan-logo.svg\",\"contentUrl\":\"https:\\\/\\\/www.meydan.tv\\\/wp-content\\\/uploads\\\/2021\\\/07\\\/meydan-logo.svg\",\"width\":195,\"height\":46,\"caption\":\"Meydan TV\"},\"image\":{\"@id\":\"https:\\\/\\\/www.meydan.tv\\\/az\\\/#\\\/schema\\\/logo\\\/image\\\/\"}},{\"@type\":\"Person\",\"@id\":\"https:\\\/\\\/www.meydan.tv\\\/az\\\/#\\\/schema\\\/person\\\/10d11eccf6da3662cf5fdab9806ea91a\",\"name\":\"user-manager\"}]}<\/script>\n<!-- \/ Yoast SEO plugin. -->","yoast_head_json":{"title":"''Kamal Abdullan\u0131n i\u015f prinsipl\u0259ri ondan ibar\u0259tdir ki, o, t\u0259hqir ed\u0259nd\u0259 susmal\u0131san'' - MEYDAN.TV","robots":{"index":"index","follow":"follow","max-snippet":"max-snippet:-1","max-image-preview":"max-image-preview:large","max-video-preview":"max-video-preview:-1"},"canonical":"https:\/\/www.meydan.tv\/az\/article\/kamal-abdullanin-prinsipleri-ondan-ibaretdir-ki-o-tehqir-edende-susmalisan\/","og_locale":"az_AZ","og_type":"article","og_title":"''Kamal Abdullan\u0131n i\u015f prinsipl\u0259ri ondan ibar\u0259tdir ki, o, t\u0259hqir ed\u0259nd\u0259 susmal\u0131san'' - MEYDAN.TV","og_description":"Semestr boyu d\u0259rs\u0259 g\u0259lmir v\u0259 f\u0259xri m\u0259zun kimi universiteti bitirir.","og_url":"https:\/\/www.meydan.tv\/az\/article\/kamal-abdullanin-prinsipleri-ondan-ibaretdir-ki-o-tehqir-edende-susmalisan\/","og_site_name":"MEYDAN.TV","article_published_time":"2019-08-08T15:04:12+00:00","og_image":[{"width":960,"height":632,"url":"https:\/\/www.meydan.tv\/wp-content\/uploads\/67872520_2682657761791382_6869557708983369728_n.jpg","type":"image\/jpeg"}],"author":"user-manager","twitter_card":"summary_large_image","schema":{"@context":"https:\/\/schema.org","@graph":[{"@type":"Article","@id":"https:\/\/www.meydan.tv\/az\/article\/kamal-abdullanin-prinsipleri-ondan-ibaretdir-ki-o-tehqir-edende-susmalisan\/#article","isPartOf":{"@id":"https:\/\/www.meydan.tv\/az\/article\/kamal-abdullanin-prinsipleri-ondan-ibaretdir-ki-o-tehqir-edende-susmalisan\/"},"author":{"name":"user-manager","@id":"https:\/\/www.meydan.tv\/az\/#\/schema\/person\/10d11eccf6da3662cf5fdab9806ea91a"},"headline":"&#8221;Kamal Abdullan\u0131n i\u015f prinsipl\u0259ri ondan ibar\u0259tdir ki, o, t\u0259hqir ed\u0259nd\u0259 susmal\u0131san&#8221;","datePublished":"2019-08-08T15:04:12+00:00","mainEntityOfPage":{"@id":"https:\/\/www.meydan.tv\/az\/article\/kamal-abdullanin-prinsipleri-ondan-ibaretdir-ki-o-tehqir-edende-susmalisan\/"},"wordCount":3381,"publisher":{"@id":"https:\/\/www.meydan.tv\/az\/#organization"},"image":{"@id":"https:\/\/www.meydan.tv\/az\/article\/kamal-abdullanin-prinsipleri-ondan-ibaretdir-ki-o-tehqir-edende-susmalisan\/#primaryimage"},"thumbnailUrl":"https:\/\/www.meydan.tv\/wp-content\/uploads\/67872520_2682657761791382_6869557708983369728_n.jpg","articleSection":["X\u0259b\u0259rl\u0259r"],"inLanguage":"az"},{"@type":"WebPage","@id":"https:\/\/www.meydan.tv\/az\/article\/kamal-abdullanin-prinsipleri-ondan-ibaretdir-ki-o-tehqir-edende-susmalisan\/","url":"https:\/\/www.meydan.tv\/az\/article\/kamal-abdullanin-prinsipleri-ondan-ibaretdir-ki-o-tehqir-edende-susmalisan\/","name":"''Kamal Abdullan\u0131n i\u015f prinsipl\u0259ri ondan ibar\u0259tdir ki, o, t\u0259hqir ed\u0259nd\u0259 susmal\u0131san'' - MEYDAN.TV","isPartOf":{"@id":"https:\/\/www.meydan.tv\/az\/#website"},"primaryImageOfPage":{"@id":"https:\/\/www.meydan.tv\/az\/article\/kamal-abdullanin-prinsipleri-ondan-ibaretdir-ki-o-tehqir-edende-susmalisan\/#primaryimage"},"image":{"@id":"https:\/\/www.meydan.tv\/az\/article\/kamal-abdullanin-prinsipleri-ondan-ibaretdir-ki-o-tehqir-edende-susmalisan\/#primaryimage"},"thumbnailUrl":"https:\/\/www.meydan.tv\/wp-content\/uploads\/67872520_2682657761791382_6869557708983369728_n.jpg","datePublished":"2019-08-08T15:04:12+00:00","breadcrumb":{"@id":"https:\/\/www.meydan.tv\/az\/article\/kamal-abdullanin-prinsipleri-ondan-ibaretdir-ki-o-tehqir-edende-susmalisan\/#breadcrumb"},"inLanguage":"az","potentialAction":[{"@type":"ReadAction","target":["https:\/\/www.meydan.tv\/az\/article\/kamal-abdullanin-prinsipleri-ondan-ibaretdir-ki-o-tehqir-edende-susmalisan\/"]}]},{"@type":"ImageObject","inLanguage":"az","@id":"https:\/\/www.meydan.tv\/az\/article\/kamal-abdullanin-prinsipleri-ondan-ibaretdir-ki-o-tehqir-edende-susmalisan\/#primaryimage","url":"https:\/\/www.meydan.tv\/wp-content\/uploads\/67872520_2682657761791382_6869557708983369728_n.jpg","contentUrl":"https:\/\/www.meydan.tv\/wp-content\/uploads\/67872520_2682657761791382_6869557708983369728_n.jpg","width":960,"height":632,"caption":"Source: meydan tv"},{"@type":"BreadcrumbList","@id":"https:\/\/www.meydan.tv\/az\/article\/kamal-abdullanin-prinsipleri-ondan-ibaretdir-ki-o-tehqir-edende-susmalisan\/#breadcrumb","itemListElement":[{"@type":"ListItem","position":1,"name":"Ana s\u0259hif\u0259","item":"https:\/\/www.meydan.tv\/az\/"},{"@type":"ListItem","position":2,"name":"X\u0259b\u0259rl\u0259r","item":"https:\/\/www.meydan.tv\/az\/section\/xeberler\/"},{"@type":"ListItem","position":3,"name":"&#8221;Kamal Abdullan\u0131n i\u015f prinsipl\u0259ri ondan ibar\u0259tdir ki, o, t\u0259hqir ed\u0259nd\u0259 susmal\u0131san&#8221;"}]},{"@type":"WebSite","@id":"https:\/\/www.meydan.tv\/az\/#website","url":"https:\/\/www.meydan.tv\/az\/","name":"MEYDAN.TV","description":"Meydan TV Az\u0259rbaycan\u0131n media m\u0259kan\u0131ndak\u0131 alternativ s\u0259sidir","publisher":{"@id":"https:\/\/www.meydan.tv\/az\/#organization"},"potentialAction":[{"@type":"SearchAction","target":{"@type":"EntryPoint","urlTemplate":"https:\/\/www.meydan.tv\/az\/?s={search_term_string}"},"query-input":{"@type":"PropertyValueSpecification","valueRequired":true,"valueName":"search_term_string"}}],"inLanguage":"az"},{"@type":"Organization","@id":"https:\/\/www.meydan.tv\/az\/#organization","name":"Meydan TV","url":"https:\/\/www.meydan.tv\/az\/","logo":{"@type":"ImageObject","inLanguage":"az","@id":"https:\/\/www.meydan.tv\/az\/#\/schema\/logo\/image\/","url":"https:\/\/www.meydan.tv\/wp-content\/uploads\/2021\/07\/meydan-logo.svg","contentUrl":"https:\/\/www.meydan.tv\/wp-content\/uploads\/2021\/07\/meydan-logo.svg","width":195,"height":46,"caption":"Meydan TV"},"image":{"@id":"https:\/\/www.meydan.tv\/az\/#\/schema\/logo\/image\/"}},{"@type":"Person","@id":"https:\/\/www.meydan.tv\/az\/#\/schema\/person\/10d11eccf6da3662cf5fdab9806ea91a","name":"user-manager"}]}},"_links":{"self":[{"href":"https:\/\/www.meydan.tv\/az\/wp-json\/wp\/v2\/posts\/196534","targetHints":{"allow":["GET"]}}],"collection":[{"href":"https:\/\/www.meydan.tv\/az\/wp-json\/wp\/v2\/posts"}],"about":[{"href":"https:\/\/www.meydan.tv\/az\/wp-json\/wp\/v2\/types\/post"}],"author":[{"embeddable":true,"href":"https:\/\/www.meydan.tv\/az\/wp-json\/wp\/v2\/users\/11"}],"replies":[{"embeddable":true,"href":"https:\/\/www.meydan.tv\/az\/wp-json\/wp\/v2\/comments?post=196534"}],"version-history":[{"count":0,"href":"https:\/\/www.meydan.tv\/az\/wp-json\/wp\/v2\/posts\/196534\/revisions"}],"wp:featuredmedia":[{"embeddable":true,"href":"https:\/\/www.meydan.tv\/az\/wp-json\/wp\/v2\/media\/127919"}],"wp:attachment":[{"href":"https:\/\/www.meydan.tv\/az\/wp-json\/wp\/v2\/media?parent=196534"}],"wp:term":[{"taxonomy":"category","embeddable":true,"href":"https:\/\/www.meydan.tv\/az\/wp-json\/wp\/v2\/categories?post=196534"},{"taxonomy":"post_tag","embeddable":true,"href":"https:\/\/www.meydan.tv\/az\/wp-json\/wp\/v2\/tags?post=196534"}],"curies":[{"name":"wp","href":"https:\/\/api.w.org\/{rel}","templated":true}]}}