{"id":196507,"date":"2019-08-06T11:47:54","date_gmt":"2019-08-06T11:47:54","guid":{"rendered":"https:\/\/www.meydan.tv\/article\/gune-8-manatla-aile-dolandirmaq-olar\/"},"modified":"2019-08-06T11:47:54","modified_gmt":"2019-08-06T11:47:54","slug":"gune-8-manatla-aile-dolandirmaq-olar","status":"publish","type":"post","link":"https:\/\/www.meydan.tv\/az\/article\/gune-8-manatla-aile-dolandirmaq-olar\/","title":{"rendered":"&#8221;G\u00fcn\u0259 8 manatla ail\u0259 doland\u0131rmaq olar?!&#8221;"},"content":{"rendered":"<p>\n  <i><br \/>\n    \u015eirvan sakini h\u0259kiml\u0259rin s\u0259hvi ucbat\u0131ndan yataq x\u0259st\u0259sin\u0259 \u00e7evrildiyini deyir<br \/>\n  <\/i>\n<\/p>\n<p>\n  \u015eirvan \u015f\u0259h\u0259rind\u0259 ya\u015fayan M\u00fc\u015ffiq \u0130smay\u0131lovun c\u0259mi 48 ya\u015f\u0131 var, amma yeriy\u0259 bilmir. \u0130ki ildir yataq x\u0259st\u0259sin\u0259 \u00e7evrilib&#8230;\n<\/p>\n<p>\n  M\u00fc\u015ffiq \u015eirvanda f\u0259rdi tikintil\u0259rd\u0259 usta i\u015fl\u0259m\u0259kl\u0259 ail\u0259sini doland\u0131r\u0131rm\u0131\u015f. \u0130ki il \u0259vv\u0259l h\u00fcnd\u00fcrd\u0259n y\u0131x\u0131l\u0131b, omba s\u00fcm\u00fcy\u00fc s\u0131n\u0131b. Deyir ki, h\u0259kiml\u0259r ona s\u0259hv diaqnoz qoyublar, iki ay tamam ayr\u0131 istiqam\u0259t \u00fczr\u0259 m\u00fcalic\u0259 al\u0131b:\n<\/p>\n<p>\n  \u201cT\u0259cili tibbi yard\u0131m ma\u015f\u0131n\u0131 g\u0259ldi. Sonradan x\u0259st\u0259xanan\u0131n h\u0259kimi t\u0259cili tibbi yard\u0131m\u0131n qoydu\u011fu diaqnozu t\u0259sdiql\u0259di. Dedil\u0259r ki, sinir damar\u0131n dart\u0131l\u0131b. \u0130ki ay evd\u0259 m\u00fcalic\u0259 ald\u0131m. H\u0259kim\u0259 inand\u0131m, n\u0259 dedis\u0259, el\u0259dim. Halbuki diaqnozu d\u00fcz qoymam\u0131\u015fd\u0131lar. Bahal\u0131 d\u0259rmanlar ald\u0131r\u0131rd\u0131lar\u201d.\n<\/p>\n<p>\n  M\u00fc\u015ffiqin h\u0259r\u0259k\u0259t qabiliyy\u0259ti m\u0259hdudla\u015f\u0131b. Dan\u0131\u015f\u0131r ki, b\u00fct\u00fcn g\u00fcn\u00fc uzan\u0131r. Biziml\u0259 h\u0259y\u0259td\u0259 oturdu\u011fu yer\u0259 i\u015far\u0259 vurur: \u201c\u018fn uzaq getdiyim m\u0259saf\u0259 bura q\u0259d\u0259rdi\u201d.\n<\/p>\n<figure class=\"wp-block-image size-large\">\n  <img decoding=\"async\" src=\"https:\/\/www.meydan.tv\/az\/musfiq-ismayilov-2\/\" alt=\"M\u00fc\u015ffiq \u0130smay\u0131lov\" class=\"wp-image-127841\"\/><figcaption>\n    M\u00fc\u015fviq \u0130smay\u0131lov<br \/>\n  <\/figcaption><\/figure>\n<p>\n  M\u00fc\u015ffiq deyir ki, sonradan Bak\u0131da ona \u0259m\u0259liyyat\u0131n vacibliyini bildiribl\u0259r. \u00c7ox klinikaya ba\u015f vurublar, ucuz yer axtar\u0131blar. Amma 7 min manatdan a\u015fa\u011f\u0131 d\u00fc\u015f\u0259n olmay\u0131b:\n<\/p>\n<p>\n  \u201cT\u0259kc\u0259 \u015eirvanda bir h\u0259kim dedi ki, 4 min manata \u0259m\u0259liyyat el\u0259y\u0259r\u0259m. O pul da yoxdur, nec\u0259 el\u0259yim?!\u201d\n<\/p>\n<p>\n  <b><br \/>\n    \u201c8 manat \u00fc\u00e7\u00fcn b\u00fct\u00fcn g\u00fcn\u00fc i\u015fl\u0259yir\u0259m\u201d<br \/>\n  <\/b>\n<\/p>\n<p>\n  M\u00fc\u015ffiqin h\u0259yat yolda\u015f\u0131 Ruhiyy\u0259 \u0130smay\u0131lova \u015eirvandak\u0131 restoranlardan birind\u0259 qabyuyan i\u015fl\u0259yir. \u201c8 manat \u00fc\u00e7\u00fcn b\u00fct\u00fcn g\u00fcn\u00fc i\u015fl\u0259yir\u0259m\u201d, &#8211; deyir. Ba\u015fqa \u00e7ar\u0259 yoxdur. D\u00f6rdn\u0259f\u0259rlik ail\u0259nin y\u00fck\u00fc tamamil\u0259 onun \u00fcz\u0259rin\u0259 d\u00fc\u015f\u00fcb. M\u00fc\u015ffiq he\u00e7 \u00e7\u0259likl\u0259 d\u0259 yeriy\u0259 bilmir.\n<\/p>\n<figure class=\"wp-block-image size-large\">\n  <img decoding=\"async\" src=\"https:\/\/www.meydan.tv\/az\/ruhiyye-ismayilova\/\" alt=\"Ruhiyy\u0259 \u0130smay\u0131lova\" class=\"wp-image-127826\"\/><figcaption>\n    Ruhiyy\u0259 \u0130smay\u0131lova<br \/>\n  <\/figcaption><\/figure>\n<p>\n  Evin b\u00f6y\u00fck u\u015fa\u011f\u0131 olan o\u011flu da \u00fcr\u0259k x\u0259st\u0259liyind\u0259n \u0259ziyy\u0259t \u00e7\u0259kir. Buna g\u00f6r\u0259 h\u0259rbi xidm\u0259t\u0259 aparmay\u0131blar. Ail\u0259nin q\u0131z ovlad\u0131 orta m\u0259kt\u0259bi yenic\u0259 bitirib.\n<\/p>\n<p>\n  Ruhiyy\u0259 h\u0259r g\u00fcn i\u015fl\u0259yir. Be\u015f g\u00fcn g\u00fcnd\u00fcz, be\u015f g\u00fcn gec\u0259 n\u00f6vb\u0259sind\u0259 olur. Amma 8 manatla dolanmaq m\u00fcmk\u00fcn deyil: \u201cM\u0259n d\u0259 i\u015fl\u0259m\u0259s\u0259m, ac\u0131ndan \u00f6l\u0259rik. Qohumlar \u0259rzaq bax\u0131m\u0131ndan k\u00f6m\u0259k el\u0259m\u0259y\u0259 \u00e7al\u0131\u015f\u0131r. Amma ham\u0131n\u0131n v\u0259ziyy\u0259ti a\u011f\u0131rd\u0131\u201c.\n<\/p>\n<p>\n  Ruhiyy\u0259 h\u0259r d\u0259f\u0259 s\u00f6hb\u0259t\u0259 qo\u015fulanda daha \u00e7ox h\u0259yat yolda\u015f\u0131n\u0131n s\u0259hh\u0259ti \u00fc\u00e7\u00fcn narahatl\u0131q ifad\u0259 edir. Onsuz da h\u0259mi\u015f\u0259 \u00e7\u0259tinlik olub. Amma indi M\u00fc\u015ffiqin \u0259m\u0259liyyat\u0131 h\u0259r \u015feyd\u0259n vacibdir.\n<\/p>\n<p>\n  <b><br \/>\n    \u201cG\u00f6z\u00fcm\u00fcz\u00fcn qaba\u011f\u0131nda \u015fam kimi \u0259riyir\u201d<br \/>\n  <\/b>\n<\/p>\n<p>\n  M\u00fc\u015ffiq dan\u0131\u015fd\u0131qca dilxor olur, susur. Bac\u0131s\u0131 Reyhan \u0130smay\u0131lova s\u00f6hb\u0259t\u0259 qo\u015fulur. Deyir ki, qarda\u015f\u0131gilin ail\u0259si \u00e7ox ruhdan d\u00fc\u015f\u00fcb. \u00c7\u00fcnki m\u00fcbariz\u0259 aparma\u011fa g\u00fccl\u0259ri yoxdur: \u201cBir adam\u0131n ki evin\u0259 g\u00fcn\u0259 8 manat pul g\u0259l\u0259, nec\u0259 dolanarlar?! N\u0259 pensiya al\u0131r, n\u0259 d\u0259 sosial yard\u0131m. Ustal\u0131q el\u0259y\u0259nd\u0259 ail\u0259sini saxlaya bilirdi. \u0130ndi \u00e7ox a\u011f\u0131r v\u0259ziyy\u0259td\u0259dil\u0259r. Lap tutaq ki, h\u0259r\u0259 bir az \u0259rzaq g\u0259tirdi. Bununla ail\u0259 dolanmaz. Bu d\u0259qiq\u0259 m\u0259nim 40 manat supulu borcum var, \u00f6d\u0259y\u0259 bilmir\u0259m, pensiyan\u0131 g\u00f6zl\u0259yir\u0259m. G\u00f6r\u00fcn qarda\u015f\u0131m n\u0259 \u00e7\u0259kir&#8230; G\u00f6z\u00fcm\u00fcz\u00fcn qaba\u011f\u0131nda \u015fam kimi \u0259riyir. Bu boyda igid niy\u0259 yataq x\u0259st\u0259si olsun?!\u201d\n<\/p>\n<p>\n  M\u00fc\u015ffiqin ail\u0259si il\u0259 ya\u015fad\u0131\u011f\u0131 ev \u00fcmumi h\u0259y\u0259td\u0259di, \u00f6z\u00fc d\u0259 nimda\u015f v\u0259ziyy\u0259td\u0259. Reyhan \u0130smay\u0131lova deyir ki, bu yar\u0131m\u00e7\u0131q tikili m\u0259rhum atas\u0131ndan qal\u0131b, sonradan qarda\u015f\u0131 he\u00e7 bir i\u015f g\u00f6r\u0259 bilm\u0259yib.\n<\/p>\n<p>\n  M\u00fc\u015ffiq dill\u0259nir: \u201cM\u0259nim \u00fc\u00e7\u00fcn h\u0259ddind\u0259n art\u0131q a\u011f\u0131rd\u0131. Ail\u0259y\u0259 k\u00f6m\u0259k el\u0259y\u0259 bilm\u0259diyim\u0259 g\u00f6r\u0259 \u00e7ox \u0259zab \u00e7\u0259kir\u0259m\u201d.\n<\/p>\n<p>\n  Ruhiyy\u0259 t\u0259kc\u0259 onu \u0259lav\u0259 el\u0259yir ki, indi \u0259n \u0259sas\u0131 h\u0259yat yolda\u015f\u0131n\u0131n sa\u011flaml\u0131\u011f\u0131d\u0131r&#8230;\n<\/p>\n<p>\n  S\u00f6hb\u0259timiz bitir. M\u00fc\u015ffiq \u00e7\u0259tinlikl\u0259 aya\u011fa qalx\u0131b siqaret yand\u0131r\u0131r&#8230;\n<\/p>\n<figure class=\"wp-block-image size-large\">\n  <img decoding=\"async\" src=\"https:\/\/www.meydan.tv\/az\/ev-4\/\" alt=\"Ev\" class=\"wp-image-127836\"\/><figcaption>\n    Ev<br \/>\n  <\/figcaption><\/figure>\n<figure class=\"wp-block-image size-large\">\n  <img decoding=\"async\" src=\"https:\/\/www.meydan.tv\/az\/ev-3\/\" alt=\"Ev\" class=\"wp-image-127832\"\/><figcaption>\n    Ev<br \/>\n  <\/figcaption><\/figure>\n","protected":false},"excerpt":{"rendered":"<p>\u015eirvan sakini h\u0259kiml\u0259rin s\u0259hvi ucbat\u0131ndan yataq x\u0259st\u0259sin\u0259 \u00e7evrildiyini deyir<\/p>\n","protected":false},"author":11,"featured_media":127835,"comment_status":"closed","ping_status":"open","sticky":false,"template":"","format":"standard","meta":{"_acf_changed":false,"_sitemap_exclude":false,"_sitemap_priority":"","_sitemap_frequency":"","footnotes":""},"categories":[60],"tags":[],"class_list":["post-196507","post","type-post","status-publish","format-standard","has-post-thumbnail","hentry","category-bolge","infinite-scroll-item","generate-columns","tablet-grid-50","mobile-grid-100","grid-parent","grid-33","no-featured-image-padding"],"acf":[],"yoast_head":"<!-- This site is optimized with the Yoast SEO plugin v27.5 - https:\/\/yoast.com\/product\/yoast-seo-wordpress\/ -->\n<title>&#039;&#039;G\u00fcn\u0259 8 manatla ail\u0259 doland\u0131rmaq olar?!&#039;&#039; - MEYDAN.TV<\/title>\n<meta name=\"robots\" content=\"index, follow, max-snippet:-1, max-image-preview:large, max-video-preview:-1\" \/>\n<link rel=\"canonical\" href=\"https:\/\/www.meydan.tv\/az\/article\/gune-8-manatla-aile-dolandirmaq-olar\/\" \/>\n<meta property=\"og:locale\" content=\"az_AZ\" \/>\n<meta property=\"og:type\" content=\"article\" \/>\n<meta property=\"og:title\" content=\"&#039;&#039;G\u00fcn\u0259 8 manatla ail\u0259 doland\u0131rmaq olar?!&#039;&#039; - MEYDAN.TV\" \/>\n<meta property=\"og:description\" content=\"\u015eirvan sakini h\u0259kiml\u0259rin s\u0259hvi ucbat\u0131ndan yataq x\u0259st\u0259sin\u0259 \u00e7evrildiyini deyir\" \/>\n<meta property=\"og:url\" content=\"https:\/\/www.meydan.tv\/az\/article\/gune-8-manatla-aile-dolandirmaq-olar\/\" \/>\n<meta property=\"og:site_name\" content=\"MEYDAN.TV\" \/>\n<meta property=\"article:published_time\" content=\"2019-08-06T11:47:54+00:00\" \/>\n<meta property=\"og:image\" content=\"https:\/\/www.meydan.tv\/wp-content\/uploads\/image_from_ios_62.jpg\" \/>\n\t<meta property=\"og:image:width\" content=\"1006\" \/>\n\t<meta property=\"og:image:height\" content=\"750\" \/>\n\t<meta property=\"og:image:type\" content=\"image\/jpeg\" \/>\n<meta name=\"author\" content=\"user-manager\" \/>\n<meta name=\"twitter:card\" content=\"summary_large_image\" \/>\n<script type=\"application\/ld+json\" class=\"yoast-schema-graph\">{\"@context\":\"https:\\\/\\\/schema.org\",\"@graph\":[{\"@type\":\"Article\",\"@id\":\"https:\\\/\\\/www.meydan.tv\\\/az\\\/article\\\/gune-8-manatla-aile-dolandirmaq-olar\\\/#article\",\"isPartOf\":{\"@id\":\"https:\\\/\\\/www.meydan.tv\\\/az\\\/article\\\/gune-8-manatla-aile-dolandirmaq-olar\\\/\"},\"author\":{\"name\":\"user-manager\",\"@id\":\"https:\\\/\\\/www.meydan.tv\\\/az\\\/#\\\/schema\\\/person\\\/10d11eccf6da3662cf5fdab9806ea91a\"},\"headline\":\"&#8221;G\u00fcn\u0259 8 manatla ail\u0259 doland\u0131rmaq olar?!&#8221;\",\"datePublished\":\"2019-08-06T11:47:54+00:00\",\"mainEntityOfPage\":{\"@id\":\"https:\\\/\\\/www.meydan.tv\\\/az\\\/article\\\/gune-8-manatla-aile-dolandirmaq-olar\\\/\"},\"wordCount\":731,\"publisher\":{\"@id\":\"https:\\\/\\\/www.meydan.tv\\\/az\\\/#organization\"},\"image\":{\"@id\":\"https:\\\/\\\/www.meydan.tv\\\/az\\\/article\\\/gune-8-manatla-aile-dolandirmaq-olar\\\/#primaryimage\"},\"thumbnailUrl\":\"https:\\\/\\\/www.meydan.tv\\\/wp-content\\\/uploads\\\/image_from_ios_62.jpg\",\"articleSection\":[\"B\u00f6lg\u0259\"],\"inLanguage\":\"az\"},{\"@type\":\"WebPage\",\"@id\":\"https:\\\/\\\/www.meydan.tv\\\/az\\\/article\\\/gune-8-manatla-aile-dolandirmaq-olar\\\/\",\"url\":\"https:\\\/\\\/www.meydan.tv\\\/az\\\/article\\\/gune-8-manatla-aile-dolandirmaq-olar\\\/\",\"name\":\"''G\u00fcn\u0259 8 manatla ail\u0259 doland\u0131rmaq olar?!'' - MEYDAN.TV\",\"isPartOf\":{\"@id\":\"https:\\\/\\\/www.meydan.tv\\\/az\\\/#website\"},\"primaryImageOfPage\":{\"@id\":\"https:\\\/\\\/www.meydan.tv\\\/az\\\/article\\\/gune-8-manatla-aile-dolandirmaq-olar\\\/#primaryimage\"},\"image\":{\"@id\":\"https:\\\/\\\/www.meydan.tv\\\/az\\\/article\\\/gune-8-manatla-aile-dolandirmaq-olar\\\/#primaryimage\"},\"thumbnailUrl\":\"https:\\\/\\\/www.meydan.tv\\\/wp-content\\\/uploads\\\/image_from_ios_62.jpg\",\"datePublished\":\"2019-08-06T11:47:54+00:00\",\"breadcrumb\":{\"@id\":\"https:\\\/\\\/www.meydan.tv\\\/az\\\/article\\\/gune-8-manatla-aile-dolandirmaq-olar\\\/#breadcrumb\"},\"inLanguage\":\"az\",\"potentialAction\":[{\"@type\":\"ReadAction\",\"target\":[\"https:\\\/\\\/www.meydan.tv\\\/az\\\/article\\\/gune-8-manatla-aile-dolandirmaq-olar\\\/\"]}]},{\"@type\":\"ImageObject\",\"inLanguage\":\"az\",\"@id\":\"https:\\\/\\\/www.meydan.tv\\\/az\\\/article\\\/gune-8-manatla-aile-dolandirmaq-olar\\\/#primaryimage\",\"url\":\"https:\\\/\\\/www.meydan.tv\\\/wp-content\\\/uploads\\\/image_from_ios_62.jpg\",\"contentUrl\":\"https:\\\/\\\/www.meydan.tv\\\/wp-content\\\/uploads\\\/image_from_ios_62.jpg\",\"width\":1006,\"height\":750,\"caption\":\"Source: Meydan TV\"},{\"@type\":\"BreadcrumbList\",\"@id\":\"https:\\\/\\\/www.meydan.tv\\\/az\\\/article\\\/gune-8-manatla-aile-dolandirmaq-olar\\\/#breadcrumb\",\"itemListElement\":[{\"@type\":\"ListItem\",\"position\":1,\"name\":\"Ana s\u0259hif\u0259\",\"item\":\"https:\\\/\\\/www.meydan.tv\\\/az\\\/\"},{\"@type\":\"ListItem\",\"position\":2,\"name\":\"B\u00f6lg\u0259\",\"item\":\"https:\\\/\\\/www.meydan.tv\\\/az\\\/section\\\/bolge\\\/\"},{\"@type\":\"ListItem\",\"position\":3,\"name\":\"&#8221;G\u00fcn\u0259 8 manatla ail\u0259 doland\u0131rmaq olar?!&#8221;\"}]},{\"@type\":\"WebSite\",\"@id\":\"https:\\\/\\\/www.meydan.tv\\\/az\\\/#website\",\"url\":\"https:\\\/\\\/www.meydan.tv\\\/az\\\/\",\"name\":\"MEYDAN.TV\",\"description\":\"Meydan TV Az\u0259rbaycan\u0131n media m\u0259kan\u0131ndak\u0131 alternativ s\u0259sidir\",\"publisher\":{\"@id\":\"https:\\\/\\\/www.meydan.tv\\\/az\\\/#organization\"},\"potentialAction\":[{\"@type\":\"SearchAction\",\"target\":{\"@type\":\"EntryPoint\",\"urlTemplate\":\"https:\\\/\\\/www.meydan.tv\\\/az\\\/?s={search_term_string}\"},\"query-input\":{\"@type\":\"PropertyValueSpecification\",\"valueRequired\":true,\"valueName\":\"search_term_string\"}}],\"inLanguage\":\"az\"},{\"@type\":\"Organization\",\"@id\":\"https:\\\/\\\/www.meydan.tv\\\/az\\\/#organization\",\"name\":\"Meydan TV\",\"url\":\"https:\\\/\\\/www.meydan.tv\\\/az\\\/\",\"logo\":{\"@type\":\"ImageObject\",\"inLanguage\":\"az\",\"@id\":\"https:\\\/\\\/www.meydan.tv\\\/az\\\/#\\\/schema\\\/logo\\\/image\\\/\",\"url\":\"https:\\\/\\\/www.meydan.tv\\\/wp-content\\\/uploads\\\/2021\\\/07\\\/meydan-logo.svg\",\"contentUrl\":\"https:\\\/\\\/www.meydan.tv\\\/wp-content\\\/uploads\\\/2021\\\/07\\\/meydan-logo.svg\",\"width\":195,\"height\":46,\"caption\":\"Meydan TV\"},\"image\":{\"@id\":\"https:\\\/\\\/www.meydan.tv\\\/az\\\/#\\\/schema\\\/logo\\\/image\\\/\"}},{\"@type\":\"Person\",\"@id\":\"https:\\\/\\\/www.meydan.tv\\\/az\\\/#\\\/schema\\\/person\\\/10d11eccf6da3662cf5fdab9806ea91a\",\"name\":\"user-manager\"}]}<\/script>\n<!-- \/ Yoast SEO plugin. -->","yoast_head_json":{"title":"''G\u00fcn\u0259 8 manatla ail\u0259 doland\u0131rmaq olar?!'' - MEYDAN.TV","robots":{"index":"index","follow":"follow","max-snippet":"max-snippet:-1","max-image-preview":"max-image-preview:large","max-video-preview":"max-video-preview:-1"},"canonical":"https:\/\/www.meydan.tv\/az\/article\/gune-8-manatla-aile-dolandirmaq-olar\/","og_locale":"az_AZ","og_type":"article","og_title":"''G\u00fcn\u0259 8 manatla ail\u0259 doland\u0131rmaq olar?!'' - MEYDAN.TV","og_description":"\u015eirvan sakini h\u0259kiml\u0259rin s\u0259hvi ucbat\u0131ndan yataq x\u0259st\u0259sin\u0259 \u00e7evrildiyini deyir","og_url":"https:\/\/www.meydan.tv\/az\/article\/gune-8-manatla-aile-dolandirmaq-olar\/","og_site_name":"MEYDAN.TV","article_published_time":"2019-08-06T11:47:54+00:00","og_image":[{"width":1006,"height":750,"url":"https:\/\/www.meydan.tv\/wp-content\/uploads\/image_from_ios_62.jpg","type":"image\/jpeg"}],"author":"user-manager","twitter_card":"summary_large_image","schema":{"@context":"https:\/\/schema.org","@graph":[{"@type":"Article","@id":"https:\/\/www.meydan.tv\/az\/article\/gune-8-manatla-aile-dolandirmaq-olar\/#article","isPartOf":{"@id":"https:\/\/www.meydan.tv\/az\/article\/gune-8-manatla-aile-dolandirmaq-olar\/"},"author":{"name":"user-manager","@id":"https:\/\/www.meydan.tv\/az\/#\/schema\/person\/10d11eccf6da3662cf5fdab9806ea91a"},"headline":"&#8221;G\u00fcn\u0259 8 manatla ail\u0259 doland\u0131rmaq olar?!&#8221;","datePublished":"2019-08-06T11:47:54+00:00","mainEntityOfPage":{"@id":"https:\/\/www.meydan.tv\/az\/article\/gune-8-manatla-aile-dolandirmaq-olar\/"},"wordCount":731,"publisher":{"@id":"https:\/\/www.meydan.tv\/az\/#organization"},"image":{"@id":"https:\/\/www.meydan.tv\/az\/article\/gune-8-manatla-aile-dolandirmaq-olar\/#primaryimage"},"thumbnailUrl":"https:\/\/www.meydan.tv\/wp-content\/uploads\/image_from_ios_62.jpg","articleSection":["B\u00f6lg\u0259"],"inLanguage":"az"},{"@type":"WebPage","@id":"https:\/\/www.meydan.tv\/az\/article\/gune-8-manatla-aile-dolandirmaq-olar\/","url":"https:\/\/www.meydan.tv\/az\/article\/gune-8-manatla-aile-dolandirmaq-olar\/","name":"''G\u00fcn\u0259 8 manatla ail\u0259 doland\u0131rmaq olar?!'' - MEYDAN.TV","isPartOf":{"@id":"https:\/\/www.meydan.tv\/az\/#website"},"primaryImageOfPage":{"@id":"https:\/\/www.meydan.tv\/az\/article\/gune-8-manatla-aile-dolandirmaq-olar\/#primaryimage"},"image":{"@id":"https:\/\/www.meydan.tv\/az\/article\/gune-8-manatla-aile-dolandirmaq-olar\/#primaryimage"},"thumbnailUrl":"https:\/\/www.meydan.tv\/wp-content\/uploads\/image_from_ios_62.jpg","datePublished":"2019-08-06T11:47:54+00:00","breadcrumb":{"@id":"https:\/\/www.meydan.tv\/az\/article\/gune-8-manatla-aile-dolandirmaq-olar\/#breadcrumb"},"inLanguage":"az","potentialAction":[{"@type":"ReadAction","target":["https:\/\/www.meydan.tv\/az\/article\/gune-8-manatla-aile-dolandirmaq-olar\/"]}]},{"@type":"ImageObject","inLanguage":"az","@id":"https:\/\/www.meydan.tv\/az\/article\/gune-8-manatla-aile-dolandirmaq-olar\/#primaryimage","url":"https:\/\/www.meydan.tv\/wp-content\/uploads\/image_from_ios_62.jpg","contentUrl":"https:\/\/www.meydan.tv\/wp-content\/uploads\/image_from_ios_62.jpg","width":1006,"height":750,"caption":"Source: Meydan TV"},{"@type":"BreadcrumbList","@id":"https:\/\/www.meydan.tv\/az\/article\/gune-8-manatla-aile-dolandirmaq-olar\/#breadcrumb","itemListElement":[{"@type":"ListItem","position":1,"name":"Ana s\u0259hif\u0259","item":"https:\/\/www.meydan.tv\/az\/"},{"@type":"ListItem","position":2,"name":"B\u00f6lg\u0259","item":"https:\/\/www.meydan.tv\/az\/section\/bolge\/"},{"@type":"ListItem","position":3,"name":"&#8221;G\u00fcn\u0259 8 manatla ail\u0259 doland\u0131rmaq olar?!&#8221;"}]},{"@type":"WebSite","@id":"https:\/\/www.meydan.tv\/az\/#website","url":"https:\/\/www.meydan.tv\/az\/","name":"MEYDAN.TV","description":"Meydan TV Az\u0259rbaycan\u0131n media m\u0259kan\u0131ndak\u0131 alternativ s\u0259sidir","publisher":{"@id":"https:\/\/www.meydan.tv\/az\/#organization"},"potentialAction":[{"@type":"SearchAction","target":{"@type":"EntryPoint","urlTemplate":"https:\/\/www.meydan.tv\/az\/?s={search_term_string}"},"query-input":{"@type":"PropertyValueSpecification","valueRequired":true,"valueName":"search_term_string"}}],"inLanguage":"az"},{"@type":"Organization","@id":"https:\/\/www.meydan.tv\/az\/#organization","name":"Meydan TV","url":"https:\/\/www.meydan.tv\/az\/","logo":{"@type":"ImageObject","inLanguage":"az","@id":"https:\/\/www.meydan.tv\/az\/#\/schema\/logo\/image\/","url":"https:\/\/www.meydan.tv\/wp-content\/uploads\/2021\/07\/meydan-logo.svg","contentUrl":"https:\/\/www.meydan.tv\/wp-content\/uploads\/2021\/07\/meydan-logo.svg","width":195,"height":46,"caption":"Meydan TV"},"image":{"@id":"https:\/\/www.meydan.tv\/az\/#\/schema\/logo\/image\/"}},{"@type":"Person","@id":"https:\/\/www.meydan.tv\/az\/#\/schema\/person\/10d11eccf6da3662cf5fdab9806ea91a","name":"user-manager"}]}},"_links":{"self":[{"href":"https:\/\/www.meydan.tv\/az\/wp-json\/wp\/v2\/posts\/196507","targetHints":{"allow":["GET"]}}],"collection":[{"href":"https:\/\/www.meydan.tv\/az\/wp-json\/wp\/v2\/posts"}],"about":[{"href":"https:\/\/www.meydan.tv\/az\/wp-json\/wp\/v2\/types\/post"}],"author":[{"embeddable":true,"href":"https:\/\/www.meydan.tv\/az\/wp-json\/wp\/v2\/users\/11"}],"replies":[{"embeddable":true,"href":"https:\/\/www.meydan.tv\/az\/wp-json\/wp\/v2\/comments?post=196507"}],"version-history":[{"count":0,"href":"https:\/\/www.meydan.tv\/az\/wp-json\/wp\/v2\/posts\/196507\/revisions"}],"wp:featuredmedia":[{"embeddable":true,"href":"https:\/\/www.meydan.tv\/az\/wp-json\/wp\/v2\/media\/127835"}],"wp:attachment":[{"href":"https:\/\/www.meydan.tv\/az\/wp-json\/wp\/v2\/media?parent=196507"}],"wp:term":[{"taxonomy":"category","embeddable":true,"href":"https:\/\/www.meydan.tv\/az\/wp-json\/wp\/v2\/categories?post=196507"},{"taxonomy":"post_tag","embeddable":true,"href":"https:\/\/www.meydan.tv\/az\/wp-json\/wp\/v2\/tags?post=196507"}],"curies":[{"name":"wp","href":"https:\/\/api.w.org\/{rel}","templated":true}]}}