{"id":196485,"date":"2019-08-03T12:14:05","date_gmt":"2019-08-03T12:14:05","guid":{"rendered":"https:\/\/www.meydan.tv\/article\/qubada-qiymetler-ucuz-olsa-camaatimiz-pulu-ele-ozumuze-xercleyer\/"},"modified":"2019-08-03T12:14:05","modified_gmt":"2019-08-03T12:14:05","slug":"qubada-qiymetler-ucuz-olsa-camaatimiz-pulu-ele-ozumuze-xercleyer","status":"publish","type":"post","link":"https:\/\/www.meydan.tv\/az\/article\/qubada-qiymetler-ucuz-olsa-camaatimiz-pulu-ele-ozumuze-xercleyer\/","title":{"rendered":"Qubada: Qiym\u0259tl\u0259r ucuz olsa, camaat\u0131m\u0131z pulu el\u0259 \u00f6z\u00fcm\u00fcz\u0259 x\u0259rcl\u0259y\u0259r"},"content":{"rendered":"<p>\n  <i><br \/>\n    \u201c\u018fvv\u0259lki ill\u0259r\u0259 nisb\u0259t\u0259n bu il \u0259r\u0259bl\u0259r az g\u0259ldi\u201d<br \/>\n  <\/i>\n<\/p>\n<p>\n  \u0130lkin Abbasov art\u0131q \u00fc\u00e7\u00fcnc\u00fc ildir ki, yay\u0131 Qubada ke\u00e7irir. Amma turist kimi yox. O, dinc\u0259lm\u0259k \u00fc\u00e7\u00fcn deyil, i\u015fl\u0259m\u0259k \u00fc\u00e7\u00fcn ya\u015fad\u0131\u011f\u0131 \u015eabran rayonundan Qubaya g\u0259lir.\n<\/p>\n<p>\n  Bak\u0131dan 168 km m\u0259saf\u0259d\u0259 yerl\u0259\u015f\u0259n Quba<br \/>\n  <b><\/b><br \/>\n  tarixi memarl\u0131q abid\u0259l\u0259ri v\u0259 s\u0259fal\u0131 gu\u015f\u0259l\u0259ri il\u0259 turizm m\u0259rk\u0259zin\u0259 \u00e7evrilib. Quban\u0131n X\u0131nal\u0131q k\u0259ndini az qala b\u00fct\u00fcn \u00f6lk\u0259 tan\u0131y\u0131r. \u015eahda\u011f\u0131n yax\u0131nl\u0131\u011f\u0131nda, da\u011flar il\u0259 \u0259hat\u0259 olunmu\u015f bir \u0259razid\u0259, Ba\u015f Qafqaz v\u0259 Yan silsil\u0259l\u0259ri aras\u0131ndak\u0131 \u00e7\u00f6k\u0259klikd\u0259 yerl\u0259\u015f\u0259n X\u0131nal\u0131q k\u0259ndi Quba \u015f\u0259h\u0259rind\u0259n 57 km-lik m\u0259saf\u0259d\u0259dir. Bu k\u0259nd daha \u00e7ox heyvandarl\u0131q v\u0259 xalq s\u0259n\u0259ti incil\u0259ri il\u0259 m\u0259\u015fhurdur.\n<\/p>\n<p>\n  Yolun uzunlu\u011fu v\u0259 yerl\u0259\u015fdiyi co\u011frafi m\u0259kan\u0131n \u00e7\u0259tinliyi he\u00e7 d\u0259 b\u00fct\u00fcn turistl\u0259rin yolunu X\u0131nal\u0131qdan salm\u0131r.\n<\/p>\n<p>\n  Amma Qubaya gedib Q\u0259\u00e7r\u0259\u015f deyil\u0259n \u0259raziy\u0259 ba\u015f \u00e7\u0259km\u0259y\u0259n y\u0259qin ki, tap\u0131lmaz. Q\u0259\u00e7r\u0259\u015f k\u0259ndin\u0259 uzanan yolboyu d\u00fcz\u00fclm\u00fc\u015f kafel\u0259r, istirah\u0259t m\u0259rk\u0259zl\u0259ri yayda dolu olur. El\u0259 \u0130lkin Abbasov da h\u0259min kafel\u0259rd\u0259n birind\u0259 \u00e7al\u0131\u015f\u0131r. \u0130lkinin s\u00f6zl\u0259rin\u0259 g\u00f6r\u0259, s\u00f6z\u00fcged\u0259n \u0259razi q\u0131\u015fda da f\u0259aliyy\u0259t g\u00f6st\u0259rir. \u00c7\u00fcnki qar g\u00f6rm\u0259k \u00fc\u00e7\u00fcn Qubaya \u00fcz tutanlar da az deyil. \u0130lkin is\u0259 yaln\u0131z yayda i\u015fl\u0259yir:\n<\/p>\n<p>\n  \u201cYayda i\u015fl\u0259m\u0259k \u0259lveri\u015flidir, h\u0259m hava imkan verir ki, el\u0259 kafed\u0259 gec\u0259l\u0259yim, h\u0259m d\u0259 istid\u0259n qa\u00e7\u0131b g\u0259l\u0259nl\u0259r qar g\u00f6rm\u0259y\u0259 g\u0259l\u0259nl\u0259rd\u0259n \u00e7ox olur\u201d.\n<\/p>\n<p>\n  Qazanc\u0131na g\u0259linc\u0259, \u0130lkinin naraz\u0131l\u0131\u011f\u0131 yoxdur:\n<\/p>\n<p>\n  \u201c24 ya\u015f\u0131m var. Ya\u015fad\u0131\u011f\u0131m k\u0259ndd\u0259 cavanlar\u0131n \u00e7oxu i\u015fsizdi. \u018fks\u0259riyy\u0259ti Bak\u0131ya \u00fcz tutub. Bir ara m\u0259n d\u0259 getm\u0259k ist\u0259dim, sonra g\u00f6rd\u00fcm b\u00f6y\u00fck \u015f\u0259h\u0259rl\u0259rd\u0259 ya\u015famaq \u00e7\u0259tindir, qazanc\u0131n el\u0259 yolpuluna, kiray\u0259y\u0259 \u00e7\u0131x\u0131r. \u00dc\u00e7 ildir g\u0259lir\u0259m bura, \u015f\u00fck\u00fcr, ayl\u0131q qazanc\u0131m da var, b\u0259x\u015fi\u015fl\u0259r d\u0259 pis olmur. H\u0259rd\u0259n xarici qonaq olanda b\u0259x\u015fi\u015f lap \u0259la olur\u201d.\n<\/p>\n<p>\n  Amma \u0130lkin Abbasovu \u00fcz\u0259n i\u015fin m\u00fcv\u0259qq\u0259ti olmas\u0131d\u0131r:\n<\/p>\n<p>\n  \u201cC\u0259mi 3-4 ay qazanc\u0131m olur, sonra yen\u0259 qay\u0131d\u0131ram k\u0259nd\u0259, yen\u0259 pulsuzluq, \u00e7\u0259tinlik. Bu c\u00fcr ya\u015famaqla n\u0259 \u00f6z\u00fcn\u0259 \u015f\u0259rait yaratmaq, n\u0259 d\u0259 evl\u0259nib o\u011ful-u\u015faq sahibi olmaq olar. G\u00f6r\u0259k d\u0259, Allah k\u0259rimdir, y\u0259qin bir \u00e7ar\u0259 tap\u0131lar\u201d.\n<\/p>\n<figure class=\"wp-block-image size-large\">\n  <img decoding=\"async\" src=\"https:\/\/www.meydan.tv\/az\/qubada-otellerin-biri\/\" alt=\"Qubada otell\u0259rin biri\" class=\"wp-image-127682\"\/><figcaption>\n    Qubada otell\u0259rin biri<br \/>\n  <\/figcaption><\/figure>\n<p>\n  Quban\u0131n etnik t\u0259rkibi d\u0259 z\u0259ngindir. Burada tatlar, l\u0259zgil\u0259r, y\u0259hudil\u0259r v\u0259 dig\u0259rl\u0259ri ya\u015fay\u0131r. Dig\u0259r h\u0259ms\u00f6hb\u0259timiz \u0259sl\u0259n qubal\u0131 olan Murad Tanarverdiyevdir. O, ixtisasca m\u00fc\u0259llimdir, amma pe\u015f\u0259si \u00fczr\u0259 \u00e7al\u0131\u015fm\u0131r. 36 ya\u015fl\u0131 Murad\u0131n Bak\u0131da ki\u00e7ik biznesi var. Deyir ki, pay\u0131zda alma t\u0259dar\u00fck\u00fc il\u0259 m\u0259\u015f\u011ful olur. Rayonda valideynl\u0259rinin b\u00f6y\u00fck alma ba\u011f\u0131 var. O ba\u011f\u0131n meyv\u0259l\u0259rinin \u015f\u0259h\u0259rd\u0259 sat\u0131\u015f\u0131n\u0131 t\u0259\u015fkil edir. Yayda is\u0259 daha \u00e7ox Qubaya turist aparmaqla m\u0259\u015f\u011fuldur. \u018fsas\u0259n \u0259r\u0259bl\u0259rin rayonlar\u0131na s\u0259f\u0259rini t\u0259\u015fkil edir:\n<\/p>\n<p>\n  \u201c\u018fvv\u0259lki ill\u0259r\u0259 nisb\u0259t\u0259n bu il \u0259r\u0259bl\u0259r az g\u0259ldi. Halbuki son iki ild\u0259 n\u0259 q\u0259d\u0259r \u0259r\u0259b da\u015f\u0131m\u0131\u015fam Qubaya. D\u00fczd\u00fcr, kafel\u0259ri b\u0259rbad g\u00fcn\u0259 qoyurlar, amma \u0259v\u0259zind\u0259 yax\u015f\u0131 pul x\u0259rcl\u0259yirl\u0259r\u201d.\n<\/p>\n<p>\n  Murad Tanarverdiyev deyir ki, tarix\u00e7i oldu\u011fundan turistl\u0259ri \u0259sas\u0259n tarixi yerl\u0259ri g\u00f6rm\u0259y\u0259 apar\u0131r. Bir d\u0259 s\u0259fal\u0131 yerl\u0259r\u0259 &#8211; T\u0259ngalt\u0131ya, Q\u0259\u00e7r\u0259\u015f\u0259:\n<\/p>\n<p>\n  \u201cH\u0259rd\u0259n X\u0131nal\u0131\u011fa da apar\u0131ram, o da yax\u015f\u0131 pul ver\u0259nd\u0259. D\u00fczd\u00fcr, yol \u0259vv\u0259lkin\u0259 g\u00f6r\u0259 yax\u015f\u0131d\u0131r, amma uzaqd\u0131r, adama gedib-g\u0259lm\u0259k el\u0259 d\u0259 s\u0259rf etmir. Bir d\u0259 y\u0259hudil\u0259rin ya\u015fad\u0131\u011f\u0131 Q\u0131rm\u0131z\u0131 Q\u0259s\u0259b\u0259 t\u0259r\u0259f\u0259 apar\u0131ram. Oran\u0131n da t\u0259bi\u0259ti g\u00f6z\u0259ldir. B\u0130rc\u0259 pis olan odur ki, turizmi laz\u0131m\u0131 s\u0259viyy\u0259d\u0259 inki\u015faf etdirmirl\u0259r. Qiym\u0259tl\u0259r ucuz olsa, camaat\u0131m\u0131z G\u00fcrc\u00fcstana, T\u00fcrkiy\u0259y\u0259 t\u00f6kd\u00fcy\u00fc pulu el\u0259 \u00f6z\u00fcm\u00fcz\u0259 x\u0259rcl\u0259y\u0259r. Bizim t\u0259bi\u0259t g\u00f6z\u0259lliyin\u0259 g\u00f6r\u0259 onlardan he\u00e7 d\u0259 geri qalm\u0131r\u201d.\n<\/p>\n<p>\n  Qiym\u0259tl\u0259r\u0259 g\u0259linc\u0259, o q\u0259d\u0259r d\u0259 ucuz hesab olunmur. M\u0259s\u0259l\u0259n, Q\u0259\u00e7r\u0259\u015f yolundak\u0131 kafel\u0259rd\u0259 bir \u00e7aynik \u00e7ay v\u0259 m\u00fcr\u0259bb\u0259nin qiym\u0259ti 10 manatd\u0131r. Pomidor-yumurta, pendir v\u0259 ya\u011f\u0131n daxil oldu\u011fu s\u0259h\u0259r yem\u0259si menyusunun qiym\u0259ti 25 manatdan ba\u015flay\u0131r. Bal, qaymaq \u0259lav\u0259 olunarsa, qiym\u0259t y\u00fcks\u0259lir.\n<\/p>\n<p>\n  Murad deyir ki, xidm\u0259t s\u0259viyy\u0259si a\u015fa\u011f\u0131 olsa da, yem\u0259kl\u0259rinin dad\u0131na v\u0259 qiym\u0259tin\u0259 g\u00f6r\u0259 \u00c7\u0259nlibel g\u00f6l\u00fcn\u00fcn \u0259traf\u0131ndak\u0131 restoranlar daha \u0259lveri\u015flidir:\n<\/p>\n<p>\n  \u201cQ\u0259\u00e7r\u0259\u015fi ham\u0131 tan\u0131y\u0131r, g\u0259l\u0259nl\u0259r \u00e7ox olur dey\u0259 qiym\u0259tl\u0259ri d\u0259 ist\u0259dikl\u0259ri kimi qald\u0131r\u0131rlar. Bilirl\u0259r ki, g\u0259l\u0259n onsuz da d\u00f6n\u0259c\u0259k. Amma \u00c7\u0259nlibel t\u0259r\u0259f bel\u0259 i\u015fl\u0259k yer deyil. Orda m\u0259s\u0259l\u0259n, saca qoyulmu\u015f toyuq, xiyar-pomidor, \u00e7\u00f6r\u0259k v\u0259 sair 35-40 manata ba\u015fa g\u0259lir. Q\u0259\u00e7r\u0259\u015fd\u0259 is\u0259 t\u0259xmin\u0259n bir \u015fi\u015f l\u00fcl\u0259kabab 5 manat, tik\u0259 kabab 6, xan kabab\u0131 7 manatd\u0131r\u201d.\n<\/p>\n<p>\n  H\u0259ms\u00f6hb\u0259timiz deyir ki, Qubada ev kiray\u0259l\u0259m\u0259k d\u0259 otell\u0259rd\u0259 qalmaqdan s\u0259rf\u0259lidir:\n<\/p>\n<p>\n  \u201c\u015e\u0259raiti yax\u015f\u0131 olan otellerin bir gec\u0259lik qiym\u0259ti t\u0259xmin\u0259n 100 manatdan ba\u015flay\u0131r. Buna gec\u0259 qalmaq v\u0259 s\u0259h\u0259r yem\u0259yi daxildir. Evl\u0259ri is\u0259 ucuz kiray\u0259l\u0259m\u0259k olur. El\u0259 yerli camaat\u0131n \u0259sas qazanc\u0131 turizmd\u0259n \u00e7\u0131x\u0131r dey\u0259 evini kiray\u0259y\u0259 ver\u0259nl\u0259r d\u0259 \u00e7oxdur. Bak\u0131ya yax\u0131n oldu\u011funda \u00e7ox vaxt adamlar tezd\u0259n g\u0259lib, gec\u0259 d\u0259 qay\u0131d\u0131rlar\u201d.\n<\/p>\n<p>\n  Quba \u015firniyyat\u0131 il\u0259 d\u0259 tan\u0131n\u0131r. Rayona g\u0259l\u0259n turistl\u0259r geri d\u00f6nd\u00fcy\u00fcnd\u0259 \u00f6zl\u0259ri il\u0259 paxlava, \u015f\u0259k\u0259rbura g\u00f6t\u00fcr\u00fcr. El\u0259 \u015f\u0259h\u0259rin m\u0259rk\u0259zind\u0259 bir \u00e7ox yerd\u0259 bu \u015firniyyatlar h\u0259m sat\u0131l\u0131r, h\u0259m d\u0259 sifari\u015f edilir. Quba \u015f\u0259k\u0259rburas\u0131n\u0131n birinin qiym\u0259ti 1-1,20 manatd\u0131r. Bu \u015firniyyat\u0131n qiym\u0259ti a\u015fa\u011f\u0131 olmasa da, meyv\u0259l\u0259r Bak\u0131ya nisb\u0259t\u0259n ucuzdur. \u018fsas\u0259n m\u00f6vs\u00fcmi meyv\u0259l\u0259r yolboyu d\u00fcz\u00fcl\u0259n pi\u015ftaxtalar\u0131 b\u0259z\u0259yir.\n<\/p>\n<p>\n  Gah g\u00fcn\u0259\u015fin \u015f\u00fcalar\u0131 alt\u0131nda yanan, gah da s\u0259rin mehi, ya\u011fmurlu havas\u0131 il\u0259 onu g\u00f6rm\u0259y\u0259 g\u0259l\u0259nl\u0259ri qar\u015f\u0131layan Qubaya getm\u0259k n\u0259 q\u0259d\u0259r asand\u0131rsa, Bak\u0131ya do\u011fru uzanan k\u0259l\u0259-k\u00f6t\u00fcr yollarla geri d\u00f6nm\u0259k o q\u0259d\u0259r \u0259ziyy\u0259tlidir. S\u00fcr\u0259tli avtomobil yolunun bir ne\u00e7\u0259 km-lik hiss\u0259sind\u0259 b\u00f6y\u00fck \u00e7uxurlar \u0259m\u0259l\u0259 g\u0259lib. Yolun paytaxta g\u0259li\u015f hiss\u0259sind\u0259k\u0131 problem \u00f6z\u00fcn\u00fc Siy\u0259z\u0259n rayonundan ba\u015flayaraq, X\u0131z\u0131n\u0131n Gil\u0259zi q\u0259s\u0259b\u0259sin\u0259 q\u0259d\u0259r olan hiss\u0259d\u0259 daha \u00e7ox g\u00f6st\u0259rir.\n<\/p>\n<p>\n  Bu v\u0259ziyy\u0259t s\u00fcr\u00fcc\u00fcl\u0259r \u00fc\u00e7\u00fcn t\u0259hl\u00fck\u0259 yarad\u0131r. S\u00fcr\u00fcc\u00fcl\u0259rin \u0259ks\u0259riyy\u0259ti yolda tez-tez zolaq d\u0259yi\u015fdirm\u0259y\u0259 m\u0259cbur qal\u0131rlar. \u00c7uxura d\u00fc\u015fm\u0259m\u0259k \u00fc\u00e7\u00fcn edil\u0259n ani manevrl\u0259r is\u0259 magistral yolda q\u0259za riskini art\u0131r\u0131r.\n<\/p>\n<p>\n  \u201cAz\u0259rbaycan Avtomobil Yollar\u0131\u201d D\u00f6vl\u0259t Agentliyinin m\u0259tbuat katibi Anar N\u0259c\u0259fli is\u0259 m\u0259tbuata deyib ki, yol \u00e7\u0259kil\u0259n zaman tikinti i\u015fl\u0259ri aparan podrad\u00e7\u0131 \u015firk\u0259tl\u0259rin i\u015fin\u0259 n\u0259zar\u0259t olunmay\u0131b. Bu s\u0259b\u0259bd\u0259n yolda konstruktiv s\u0259hvl\u0259r\u0259 yol verilib. Yolda qrunt sular\u0131n\u0131n \u00f6t\u00fcr\u00fclm\u0259si \u00fc\u00e7\u00fcn drenaj sistemi pis qurulub v\u0259 yaxud b\u0259zi hiss\u0259l\u0259rd\u0259, \u00fcmumiyy\u0259tl\u0259, bu sistem yarad\u0131lmay\u0131b. Yolun da\u011f\u0131lmas\u0131n\u0131n dig\u0259r bir s\u0259b\u0259bi is\u0259 h\u0259ddind\u0259n art\u0131q y\u00fckl\u0259n\u0259n avtomobill\u0259rin h\u0259min yoldan h\u0259r\u0259k\u0259t etm\u0259sidir.\n<\/p>\n<p>\n  Anar N\u0259c\u0259flinin s\u00f6zl\u0259rin\u0259 g\u00f6r\u0259, yolun deformasiyaya u\u011frayan hiss\u0259l\u0259rind\u0259 t\u0259mir i\u015fl\u0259ri apar\u0131l\u0131r.<\/p>\n","protected":false},"excerpt":{"rendered":"<p>\u201c\u018fvv\u0259lki ill\u0259r\u0259 nisb\u0259t\u0259n bu il \u0259r\u0259bl\u0259r az g\u0259ldi\u201d<\/p>\n","protected":false},"author":11,"featured_media":127685,"comment_status":"closed","ping_status":"open","sticky":false,"template":"","format":"standard","meta":{"_acf_changed":false,"_sitemap_exclude":false,"_sitemap_priority":"","_sitemap_frequency":"","footnotes":""},"categories":[60],"tags":[],"class_list":["post-196485","post","type-post","status-publish","format-standard","has-post-thumbnail","hentry","category-bolge","infinite-scroll-item","generate-columns","tablet-grid-50","mobile-grid-100","grid-parent","grid-33","no-featured-image-padding"],"acf":[],"yoast_head":"<!-- This site is optimized with the Yoast SEO plugin v27.5 - https:\/\/yoast.com\/product\/yoast-seo-wordpress\/ -->\n<title>Qubada: Qiym\u0259tl\u0259r ucuz olsa, camaat\u0131m\u0131z pulu el\u0259 \u00f6z\u00fcm\u00fcz\u0259 x\u0259rcl\u0259y\u0259r - MEYDAN.TV<\/title>\n<meta name=\"robots\" content=\"index, follow, max-snippet:-1, max-image-preview:large, max-video-preview:-1\" \/>\n<link rel=\"canonical\" href=\"https:\/\/www.meydan.tv\/az\/article\/qubada-qiymetler-ucuz-olsa-camaatimiz-pulu-ele-ozumuze-xercleyer\/\" \/>\n<meta property=\"og:locale\" content=\"az_AZ\" \/>\n<meta property=\"og:type\" content=\"article\" \/>\n<meta property=\"og:title\" content=\"Qubada: Qiym\u0259tl\u0259r ucuz olsa, camaat\u0131m\u0131z pulu el\u0259 \u00f6z\u00fcm\u00fcz\u0259 x\u0259rcl\u0259y\u0259r - MEYDAN.TV\" \/>\n<meta property=\"og:description\" content=\"\u201c\u018fvv\u0259lki ill\u0259r\u0259 nisb\u0259t\u0259n bu il \u0259r\u0259bl\u0259r az g\u0259ldi\u201d\" \/>\n<meta property=\"og:url\" content=\"https:\/\/www.meydan.tv\/az\/article\/qubada-qiymetler-ucuz-olsa-camaatimiz-pulu-ele-ozumuze-xercleyer\/\" \/>\n<meta property=\"og:site_name\" content=\"MEYDAN.TV\" \/>\n<meta property=\"article:published_time\" content=\"2019-08-03T12:14:05+00:00\" \/>\n<meta property=\"og:image\" content=\"https:\/\/www.meydan.tv\/wp-content\/uploads\/screenshot_2019-07-31_at_17.44.19-1200x655.png\" \/>\n\t<meta property=\"og:image:width\" content=\"1200\" \/>\n\t<meta property=\"og:image:height\" content=\"655\" \/>\n\t<meta property=\"og:image:type\" content=\"image\/png\" \/>\n<meta name=\"author\" content=\"user-manager\" \/>\n<meta name=\"twitter:card\" content=\"summary_large_image\" \/>\n<script type=\"application\/ld+json\" class=\"yoast-schema-graph\">{\"@context\":\"https:\\\/\\\/schema.org\",\"@graph\":[{\"@type\":\"Article\",\"@id\":\"https:\\\/\\\/www.meydan.tv\\\/az\\\/article\\\/qubada-qiymetler-ucuz-olsa-camaatimiz-pulu-ele-ozumuze-xercleyer\\\/#article\",\"isPartOf\":{\"@id\":\"https:\\\/\\\/www.meydan.tv\\\/az\\\/article\\\/qubada-qiymetler-ucuz-olsa-camaatimiz-pulu-ele-ozumuze-xercleyer\\\/\"},\"author\":{\"name\":\"user-manager\",\"@id\":\"https:\\\/\\\/www.meydan.tv\\\/az\\\/#\\\/schema\\\/person\\\/10d11eccf6da3662cf5fdab9806ea91a\"},\"headline\":\"Qubada: Qiym\u0259tl\u0259r ucuz olsa, camaat\u0131m\u0131z pulu el\u0259 \u00f6z\u00fcm\u00fcz\u0259 x\u0259rcl\u0259y\u0259r\",\"datePublished\":\"2019-08-03T12:14:05+00:00\",\"mainEntityOfPage\":{\"@id\":\"https:\\\/\\\/www.meydan.tv\\\/az\\\/article\\\/qubada-qiymetler-ucuz-olsa-camaatimiz-pulu-ele-ozumuze-xercleyer\\\/\"},\"wordCount\":1463,\"publisher\":{\"@id\":\"https:\\\/\\\/www.meydan.tv\\\/az\\\/#organization\"},\"image\":{\"@id\":\"https:\\\/\\\/www.meydan.tv\\\/az\\\/article\\\/qubada-qiymetler-ucuz-olsa-camaatimiz-pulu-ele-ozumuze-xercleyer\\\/#primaryimage\"},\"thumbnailUrl\":\"https:\\\/\\\/www.meydan.tv\\\/wp-content\\\/uploads\\\/screenshot_2019-07-31_at_17.44.19.png\",\"articleSection\":[\"B\u00f6lg\u0259\"],\"inLanguage\":\"az\"},{\"@type\":\"WebPage\",\"@id\":\"https:\\\/\\\/www.meydan.tv\\\/az\\\/article\\\/qubada-qiymetler-ucuz-olsa-camaatimiz-pulu-ele-ozumuze-xercleyer\\\/\",\"url\":\"https:\\\/\\\/www.meydan.tv\\\/az\\\/article\\\/qubada-qiymetler-ucuz-olsa-camaatimiz-pulu-ele-ozumuze-xercleyer\\\/\",\"name\":\"Qubada: Qiym\u0259tl\u0259r ucuz olsa, camaat\u0131m\u0131z pulu el\u0259 \u00f6z\u00fcm\u00fcz\u0259 x\u0259rcl\u0259y\u0259r - MEYDAN.TV\",\"isPartOf\":{\"@id\":\"https:\\\/\\\/www.meydan.tv\\\/az\\\/#website\"},\"primaryImageOfPage\":{\"@id\":\"https:\\\/\\\/www.meydan.tv\\\/az\\\/article\\\/qubada-qiymetler-ucuz-olsa-camaatimiz-pulu-ele-ozumuze-xercleyer\\\/#primaryimage\"},\"image\":{\"@id\":\"https:\\\/\\\/www.meydan.tv\\\/az\\\/article\\\/qubada-qiymetler-ucuz-olsa-camaatimiz-pulu-ele-ozumuze-xercleyer\\\/#primaryimage\"},\"thumbnailUrl\":\"https:\\\/\\\/www.meydan.tv\\\/wp-content\\\/uploads\\\/screenshot_2019-07-31_at_17.44.19.png\",\"datePublished\":\"2019-08-03T12:14:05+00:00\",\"breadcrumb\":{\"@id\":\"https:\\\/\\\/www.meydan.tv\\\/az\\\/article\\\/qubada-qiymetler-ucuz-olsa-camaatimiz-pulu-ele-ozumuze-xercleyer\\\/#breadcrumb\"},\"inLanguage\":\"az\",\"potentialAction\":[{\"@type\":\"ReadAction\",\"target\":[\"https:\\\/\\\/www.meydan.tv\\\/az\\\/article\\\/qubada-qiymetler-ucuz-olsa-camaatimiz-pulu-ele-ozumuze-xercleyer\\\/\"]}]},{\"@type\":\"ImageObject\",\"inLanguage\":\"az\",\"@id\":\"https:\\\/\\\/www.meydan.tv\\\/az\\\/article\\\/qubada-qiymetler-ucuz-olsa-camaatimiz-pulu-ele-ozumuze-xercleyer\\\/#primaryimage\",\"url\":\"https:\\\/\\\/www.meydan.tv\\\/wp-content\\\/uploads\\\/screenshot_2019-07-31_at_17.44.19.png\",\"contentUrl\":\"https:\\\/\\\/www.meydan.tv\\\/wp-content\\\/uploads\\\/screenshot_2019-07-31_at_17.44.19.png\",\"width\":2052,\"height\":1120,\"caption\":\"Source: Meydan TV\"},{\"@type\":\"BreadcrumbList\",\"@id\":\"https:\\\/\\\/www.meydan.tv\\\/az\\\/article\\\/qubada-qiymetler-ucuz-olsa-camaatimiz-pulu-ele-ozumuze-xercleyer\\\/#breadcrumb\",\"itemListElement\":[{\"@type\":\"ListItem\",\"position\":1,\"name\":\"Ana s\u0259hif\u0259\",\"item\":\"https:\\\/\\\/www.meydan.tv\\\/az\\\/\"},{\"@type\":\"ListItem\",\"position\":2,\"name\":\"B\u00f6lg\u0259\",\"item\":\"https:\\\/\\\/www.meydan.tv\\\/az\\\/section\\\/bolge\\\/\"},{\"@type\":\"ListItem\",\"position\":3,\"name\":\"Qubada: Qiym\u0259tl\u0259r ucuz olsa, camaat\u0131m\u0131z pulu el\u0259 \u00f6z\u00fcm\u00fcz\u0259 x\u0259rcl\u0259y\u0259r\"}]},{\"@type\":\"WebSite\",\"@id\":\"https:\\\/\\\/www.meydan.tv\\\/az\\\/#website\",\"url\":\"https:\\\/\\\/www.meydan.tv\\\/az\\\/\",\"name\":\"MEYDAN.TV\",\"description\":\"Meydan TV Az\u0259rbaycan\u0131n media m\u0259kan\u0131ndak\u0131 alternativ s\u0259sidir\",\"publisher\":{\"@id\":\"https:\\\/\\\/www.meydan.tv\\\/az\\\/#organization\"},\"potentialAction\":[{\"@type\":\"SearchAction\",\"target\":{\"@type\":\"EntryPoint\",\"urlTemplate\":\"https:\\\/\\\/www.meydan.tv\\\/az\\\/?s={search_term_string}\"},\"query-input\":{\"@type\":\"PropertyValueSpecification\",\"valueRequired\":true,\"valueName\":\"search_term_string\"}}],\"inLanguage\":\"az\"},{\"@type\":\"Organization\",\"@id\":\"https:\\\/\\\/www.meydan.tv\\\/az\\\/#organization\",\"name\":\"Meydan TV\",\"url\":\"https:\\\/\\\/www.meydan.tv\\\/az\\\/\",\"logo\":{\"@type\":\"ImageObject\",\"inLanguage\":\"az\",\"@id\":\"https:\\\/\\\/www.meydan.tv\\\/az\\\/#\\\/schema\\\/logo\\\/image\\\/\",\"url\":\"https:\\\/\\\/www.meydan.tv\\\/wp-content\\\/uploads\\\/2021\\\/07\\\/meydan-logo.svg\",\"contentUrl\":\"https:\\\/\\\/www.meydan.tv\\\/wp-content\\\/uploads\\\/2021\\\/07\\\/meydan-logo.svg\",\"width\":195,\"height\":46,\"caption\":\"Meydan TV\"},\"image\":{\"@id\":\"https:\\\/\\\/www.meydan.tv\\\/az\\\/#\\\/schema\\\/logo\\\/image\\\/\"}},{\"@type\":\"Person\",\"@id\":\"https:\\\/\\\/www.meydan.tv\\\/az\\\/#\\\/schema\\\/person\\\/10d11eccf6da3662cf5fdab9806ea91a\",\"name\":\"user-manager\"}]}<\/script>\n<!-- \/ Yoast SEO plugin. -->","yoast_head_json":{"title":"Qubada: Qiym\u0259tl\u0259r ucuz olsa, camaat\u0131m\u0131z pulu el\u0259 \u00f6z\u00fcm\u00fcz\u0259 x\u0259rcl\u0259y\u0259r - MEYDAN.TV","robots":{"index":"index","follow":"follow","max-snippet":"max-snippet:-1","max-image-preview":"max-image-preview:large","max-video-preview":"max-video-preview:-1"},"canonical":"https:\/\/www.meydan.tv\/az\/article\/qubada-qiymetler-ucuz-olsa-camaatimiz-pulu-ele-ozumuze-xercleyer\/","og_locale":"az_AZ","og_type":"article","og_title":"Qubada: Qiym\u0259tl\u0259r ucuz olsa, camaat\u0131m\u0131z pulu el\u0259 \u00f6z\u00fcm\u00fcz\u0259 x\u0259rcl\u0259y\u0259r - MEYDAN.TV","og_description":"\u201c\u018fvv\u0259lki ill\u0259r\u0259 nisb\u0259t\u0259n bu il \u0259r\u0259bl\u0259r az g\u0259ldi\u201d","og_url":"https:\/\/www.meydan.tv\/az\/article\/qubada-qiymetler-ucuz-olsa-camaatimiz-pulu-ele-ozumuze-xercleyer\/","og_site_name":"MEYDAN.TV","article_published_time":"2019-08-03T12:14:05+00:00","og_image":[{"width":1200,"height":655,"url":"https:\/\/www.meydan.tv\/wp-content\/uploads\/screenshot_2019-07-31_at_17.44.19-1200x655.png","type":"image\/png"}],"author":"user-manager","twitter_card":"summary_large_image","schema":{"@context":"https:\/\/schema.org","@graph":[{"@type":"Article","@id":"https:\/\/www.meydan.tv\/az\/article\/qubada-qiymetler-ucuz-olsa-camaatimiz-pulu-ele-ozumuze-xercleyer\/#article","isPartOf":{"@id":"https:\/\/www.meydan.tv\/az\/article\/qubada-qiymetler-ucuz-olsa-camaatimiz-pulu-ele-ozumuze-xercleyer\/"},"author":{"name":"user-manager","@id":"https:\/\/www.meydan.tv\/az\/#\/schema\/person\/10d11eccf6da3662cf5fdab9806ea91a"},"headline":"Qubada: Qiym\u0259tl\u0259r ucuz olsa, camaat\u0131m\u0131z pulu el\u0259 \u00f6z\u00fcm\u00fcz\u0259 x\u0259rcl\u0259y\u0259r","datePublished":"2019-08-03T12:14:05+00:00","mainEntityOfPage":{"@id":"https:\/\/www.meydan.tv\/az\/article\/qubada-qiymetler-ucuz-olsa-camaatimiz-pulu-ele-ozumuze-xercleyer\/"},"wordCount":1463,"publisher":{"@id":"https:\/\/www.meydan.tv\/az\/#organization"},"image":{"@id":"https:\/\/www.meydan.tv\/az\/article\/qubada-qiymetler-ucuz-olsa-camaatimiz-pulu-ele-ozumuze-xercleyer\/#primaryimage"},"thumbnailUrl":"https:\/\/www.meydan.tv\/wp-content\/uploads\/screenshot_2019-07-31_at_17.44.19.png","articleSection":["B\u00f6lg\u0259"],"inLanguage":"az"},{"@type":"WebPage","@id":"https:\/\/www.meydan.tv\/az\/article\/qubada-qiymetler-ucuz-olsa-camaatimiz-pulu-ele-ozumuze-xercleyer\/","url":"https:\/\/www.meydan.tv\/az\/article\/qubada-qiymetler-ucuz-olsa-camaatimiz-pulu-ele-ozumuze-xercleyer\/","name":"Qubada: Qiym\u0259tl\u0259r ucuz olsa, camaat\u0131m\u0131z pulu el\u0259 \u00f6z\u00fcm\u00fcz\u0259 x\u0259rcl\u0259y\u0259r - MEYDAN.TV","isPartOf":{"@id":"https:\/\/www.meydan.tv\/az\/#website"},"primaryImageOfPage":{"@id":"https:\/\/www.meydan.tv\/az\/article\/qubada-qiymetler-ucuz-olsa-camaatimiz-pulu-ele-ozumuze-xercleyer\/#primaryimage"},"image":{"@id":"https:\/\/www.meydan.tv\/az\/article\/qubada-qiymetler-ucuz-olsa-camaatimiz-pulu-ele-ozumuze-xercleyer\/#primaryimage"},"thumbnailUrl":"https:\/\/www.meydan.tv\/wp-content\/uploads\/screenshot_2019-07-31_at_17.44.19.png","datePublished":"2019-08-03T12:14:05+00:00","breadcrumb":{"@id":"https:\/\/www.meydan.tv\/az\/article\/qubada-qiymetler-ucuz-olsa-camaatimiz-pulu-ele-ozumuze-xercleyer\/#breadcrumb"},"inLanguage":"az","potentialAction":[{"@type":"ReadAction","target":["https:\/\/www.meydan.tv\/az\/article\/qubada-qiymetler-ucuz-olsa-camaatimiz-pulu-ele-ozumuze-xercleyer\/"]}]},{"@type":"ImageObject","inLanguage":"az","@id":"https:\/\/www.meydan.tv\/az\/article\/qubada-qiymetler-ucuz-olsa-camaatimiz-pulu-ele-ozumuze-xercleyer\/#primaryimage","url":"https:\/\/www.meydan.tv\/wp-content\/uploads\/screenshot_2019-07-31_at_17.44.19.png","contentUrl":"https:\/\/www.meydan.tv\/wp-content\/uploads\/screenshot_2019-07-31_at_17.44.19.png","width":2052,"height":1120,"caption":"Source: Meydan TV"},{"@type":"BreadcrumbList","@id":"https:\/\/www.meydan.tv\/az\/article\/qubada-qiymetler-ucuz-olsa-camaatimiz-pulu-ele-ozumuze-xercleyer\/#breadcrumb","itemListElement":[{"@type":"ListItem","position":1,"name":"Ana s\u0259hif\u0259","item":"https:\/\/www.meydan.tv\/az\/"},{"@type":"ListItem","position":2,"name":"B\u00f6lg\u0259","item":"https:\/\/www.meydan.tv\/az\/section\/bolge\/"},{"@type":"ListItem","position":3,"name":"Qubada: Qiym\u0259tl\u0259r ucuz olsa, camaat\u0131m\u0131z pulu el\u0259 \u00f6z\u00fcm\u00fcz\u0259 x\u0259rcl\u0259y\u0259r"}]},{"@type":"WebSite","@id":"https:\/\/www.meydan.tv\/az\/#website","url":"https:\/\/www.meydan.tv\/az\/","name":"MEYDAN.TV","description":"Meydan TV Az\u0259rbaycan\u0131n media m\u0259kan\u0131ndak\u0131 alternativ s\u0259sidir","publisher":{"@id":"https:\/\/www.meydan.tv\/az\/#organization"},"potentialAction":[{"@type":"SearchAction","target":{"@type":"EntryPoint","urlTemplate":"https:\/\/www.meydan.tv\/az\/?s={search_term_string}"},"query-input":{"@type":"PropertyValueSpecification","valueRequired":true,"valueName":"search_term_string"}}],"inLanguage":"az"},{"@type":"Organization","@id":"https:\/\/www.meydan.tv\/az\/#organization","name":"Meydan TV","url":"https:\/\/www.meydan.tv\/az\/","logo":{"@type":"ImageObject","inLanguage":"az","@id":"https:\/\/www.meydan.tv\/az\/#\/schema\/logo\/image\/","url":"https:\/\/www.meydan.tv\/wp-content\/uploads\/2021\/07\/meydan-logo.svg","contentUrl":"https:\/\/www.meydan.tv\/wp-content\/uploads\/2021\/07\/meydan-logo.svg","width":195,"height":46,"caption":"Meydan TV"},"image":{"@id":"https:\/\/www.meydan.tv\/az\/#\/schema\/logo\/image\/"}},{"@type":"Person","@id":"https:\/\/www.meydan.tv\/az\/#\/schema\/person\/10d11eccf6da3662cf5fdab9806ea91a","name":"user-manager"}]}},"_links":{"self":[{"href":"https:\/\/www.meydan.tv\/az\/wp-json\/wp\/v2\/posts\/196485","targetHints":{"allow":["GET"]}}],"collection":[{"href":"https:\/\/www.meydan.tv\/az\/wp-json\/wp\/v2\/posts"}],"about":[{"href":"https:\/\/www.meydan.tv\/az\/wp-json\/wp\/v2\/types\/post"}],"author":[{"embeddable":true,"href":"https:\/\/www.meydan.tv\/az\/wp-json\/wp\/v2\/users\/11"}],"replies":[{"embeddable":true,"href":"https:\/\/www.meydan.tv\/az\/wp-json\/wp\/v2\/comments?post=196485"}],"version-history":[{"count":0,"href":"https:\/\/www.meydan.tv\/az\/wp-json\/wp\/v2\/posts\/196485\/revisions"}],"wp:featuredmedia":[{"embeddable":true,"href":"https:\/\/www.meydan.tv\/az\/wp-json\/wp\/v2\/media\/127685"}],"wp:attachment":[{"href":"https:\/\/www.meydan.tv\/az\/wp-json\/wp\/v2\/media?parent=196485"}],"wp:term":[{"taxonomy":"category","embeddable":true,"href":"https:\/\/www.meydan.tv\/az\/wp-json\/wp\/v2\/categories?post=196485"},{"taxonomy":"post_tag","embeddable":true,"href":"https:\/\/www.meydan.tv\/az\/wp-json\/wp\/v2\/tags?post=196485"}],"curies":[{"name":"wp","href":"https:\/\/api.w.org\/{rel}","templated":true}]}}