{"id":196477,"date":"2019-08-02T13:53:23","date_gmt":"2019-08-02T13:53:23","guid":{"rendered":"https:\/\/www.meydan.tv\/article\/ucarli-sehmdarlar-mecburuq-vetendasliqdan-imtina-edek\/"},"modified":"2019-08-02T13:53:23","modified_gmt":"2019-08-02T13:53:23","slug":"ucarli-sehmdarlar-mecburuq-vetendasliqdan-imtina-edek","status":"publish","type":"post","link":"https:\/\/www.meydan.tv\/az\/article\/ucarli-sehmdarlar-mecburuq-vetendasliqdan-imtina-edek\/","title":{"rendered":"Ucarl\u0131 s\u0259hmdarlar: M\u0259cburuq v\u0259t\u0259nda\u015fl\u0131qdan imtina ed\u0259k"},"content":{"rendered":"<p>\n  <i><br \/>\n    \u015eikay\u0259t\u00e7il\u0259r T\u00fcrkiy\u0259 s\u0259firliyinin \u00f6n\u00fcnd\u0259 d\u0259 aksiya ke\u00e7irm\u0259k ist\u0259yirl\u0259r<br \/>\n  <\/i>\n<\/p>\n<p>\n  \u201c1997-ci ild\u0259n Ucar Pamb\u0131q A\u00e7\u0131q S\u0259hmdar C\u0259miyy\u0259ti \u00f6z\u0259ll\u0259\u015fdi. Ucar camaat\u0131n\u0131n da bu zavodda s\u0259hml\u0259ri var idi. Daha do\u011frusu, \u00e7ekl\u0259ri, dvidentl\u0259ri&#8230; Biz\u0259 dedil\u0259r ki, g\u0259tirin h\u0259min \u00e7ekl\u0259rin ham\u0131s\u0131n\u0131 zavoda t\u0259hvil verin, yoxsa sizi i\u015fd\u0259n \u00e7\u0131xaraca\u011f\u0131q. Biz d\u0259 \u0259lacs\u0131z g\u0259tirib b\u00fct\u00fcn \u201cvau\u00e7er\u201dl\u0259rimizi qoyduq zavoda. Qanunla zavod \u00f6z g\u0259lirind\u0259n biz\u0259 d\u0259 pay verm\u0259lidir. Ancaq 23 ild\u0259 bir q\u0259pik d\u0259 g\u00f6rm\u0259mi\u015fik\u201d.\n<\/p>\n<p>\n  Ucar sakini B\u0259xtiyar K\u0259rimov bel\u0259 deyir. O da Ucar Pamb\u0131q A\u00e7\u0131q S\u0259hmdar C\u0259miyy\u0259tinin s\u0259hmdar\u0131d\u0131r. Daha 20 s\u0259hmdarla birg\u0259 Prezident Administrasiyas\u0131n\u0131n qar\u015f\u0131s\u0131nda g\u00f6zl\u0259yib.\n<\/p>\n<p>\n  Deyir, onlar\u0131 q\u0259bul ed\u0259n\u0259d\u0259k buradan getm\u0259k fikirl\u0259ri yoxdur.\n<\/p>\n<p>\n  \u201cBir-iki il deyil, 20 ild\u0259n art\u0131qd\u0131r i\u015fl\u0259yirl\u0259r. Qanunla g\u0259lirl\u0259rinin m\u00fc\u0259yy\u0259n hiss\u0259sini biz\u0259 d\u0259 verm\u0259lidirl\u0259r. Ancaq bug\u00fcn\u0259d\u0259k biz\u0259 bir q\u0259pik d\u0259 ver\u0259n olmay\u0131b. Bir ne\u00e7\u0259 il bundan \u00f6nc\u0259 \u201cMKT \u0130stehsalat Kommersiya\u201d \u015firk\u0259ti h\u0259min zavodla m\u00fcqavil\u0259 ba\u011flad\u0131. Birg\u0259 i\u015fl\u0259yirl\u0259r, ancaq camaat\u0131n pulunu vermirl\u0259r. \u00d6z\u0259rind\u0259n ba\u015fqa qazanan yoxdur\u201d \u2013 daha bir \u015fikay\u0259t\u00e7i B\u0259hr\u0259m Quliyev bel\u0259 s\u00f6yl\u0259yir.\n<\/p>\n<p>\n  \u015eikay\u0259t\u00e7il\u0259r deyirl\u0259r ki, indiy\u0259d\u0259k yazmad\u0131qlar\u0131, \u015fikay\u0259t etm\u0259dikl\u0259ri qurum qalmay\u0131b. Ancaq bir n\u0259tic\u0259si olmay\u0131b. Bu q\u0259d\u0259r \u015fikay\u0259td\u0259n sonra onlara zavoddan deyilib ki, sizin s\u0259hml\u0259rinizin 16 manat qiym\u0259ti var:\n<\/p>\n<p>\n  \u201cZavodun i\u00e7ind\u0259 o q\u0259d\u0259r texnikas\u0131, mal-qaras\u0131 v\u0259 s. var. Ham\u0131s\u0131n\u0131 sat\u0131blar, darmada\u011f\u0131n edibl\u0259r. \u00dcst\u0259lik, s\u0259hmdarlar\u0131n i\u015ftirak\u0131 olmadan. \u0130ndi d\u0259 deyirl\u0259r ki, sizin \u00e7ekl\u0259rin qiym\u0259ti 16 manatd\u0131r&quot;.\n<\/p>\n<p>\n  &quot;Hara yazd\u0131q, cavab g\u0259lm\u0259di. Son olaraq g\u0259ldik bura. \u0130lk d\u0259f\u0259 3 g\u00fcn \u0259vv\u0259l g\u0259lmi\u015fdik. Zavod r\u0259hb\u0259ri \u015eaban S\u0259m\u0259dovun o\u011flu \u015e\u0259hriyar S\u0259m\u0259dov z\u0259ng edib dedi ki, qay\u0131d\u0131n geri, sizin pullar\u0131n\u0131z hesablan\u0131b veril\u0259c\u0259k. Dedi, 3 g\u00fcn\u0259 b\u00fct\u00fcn probleml\u0259riniz h\u0259llini tapacaq. Biz d\u0259 insan\u0131q, inand\u0131q v\u0259 geri d\u00f6nd\u00fck. Ged\u0259nd\u0259n sonra m\u0259lum oldu ki, biz\u0259 200 manat n\u0259z\u0259rd\u0259 tutublar. Bununla raz\u0131la\u015fmad\u0131q, 500 manatad\u0259k qald\u0131rd\u0131lar. Camaat da hirsl\u0259ndi, dedil\u0259r, biz dil\u0259n\u00e7i deyilik, n\u0259 edirik, 500 manat\u0131. \u0130ll\u0259rdir milyonlar qazanm\u0131s\u0131n\u0131z, biz\u0259 r\u0259va bildiyiniz 500 manatd\u0131r? Yenid\u0259n bu g\u00fcn g\u0259ldik Prezident Administrasiyas\u0131n\u0131n qar\u015f\u0131s\u0131na\u201d, \u2013 \u015fikay\u0259t\u00e7il\u0259rd\u0259n Xav\u0259r S\u0259m\u0259dovan\u0131n s\u00f6zl\u0259ridir.\n<\/p>\n<p>\n  \u201c3 g\u00fcn \u0259vv\u0259l d\u0259 Prezident Administrasiyas\u0131n\u0131n \u00f6n\u00fcn\u0259 g\u0259lmi\u015fdik. 20-d\u0259n \u00e7ox adam\u0131q. G\u0259ldik ki, etiraz ed\u0259k. Bu zaman r\u0259hb\u0259rliyin o\u011flu z\u0259ng etdi biz\u0259. Yalvard\u0131, yaxard\u0131 ki, pulunuzu ver\u0259c\u0259yik, d\u00f6n\u00fcn rayona. Biz d\u0259 inan\u0131b, qay\u0131td\u0131q. Biz\u0259 dedil\u0259r ki, h\u0259r\u0259niz\u0259 200 manat pul ver\u0259c\u0259yik. 23 ildir zavod i\u015fl\u0259yir, 23 ildir qazan\u0131rlar, s\u0259hmdarlara c\u0259mi 200 manat\u0131 layiq bilirl\u0259r. Bizin dvidentl\u0259rimizin, \u00e7ekl\u0259rimizin \u0259n az\u0131 5-10 min qiym\u0259ti var. Bunun qar\u015f\u0131l\u0131\u011f\u0131nda biz\u0259 200 manat verm\u0259k ist\u0259yir. Camaat da dedi ki, biz dil\u0259n\u00e7i deyilik, ist\u0259mirik. Biz d\u0259 yenid\u0259n g\u0259ldik bura. \u0130ndi d\u0259 deyir ki, yax\u015f\u0131 edirik, bir q\u0259pik d\u0259 verm\u0259y\u0259c\u0259yik. \u00c7\u00fcnki siz yenid\u0259n getmisiniz Prezident Administrasiyas\u0131n\u0131n \u00f6n\u00fcn\u0259. Biz v\u0259t\u0259nda\u015flar olaraq qalm\u0131\u015f\u0131q pis durumda. Administrasiyadan da deyirl\u0259r ki, sizi ancaq ay\u0131n 8-d\u0259 q\u0259bul ed\u0259 bil\u0259rik. Biz borc-x\u0259rcl\u0259 bura q\u0259d\u0259r g\u0259lib \u00e7\u0131xm\u0131\u015f\u0131q. \u0130ndi bir d\u0259 gedib 8-d\u0259 n\u0259 il\u0259 g\u0259l\u0259k? M\u0259cburuq ged\u0259k T\u00fcrkiy\u0259 S\u0259firliyinin \u00f6n\u00fcn\u0259 ki, biz v\u0259t\u0259nda\u015fl\u0131qdan imtina edirik, bizi q\u0259bul edin,\u201d- B\u0259xtiyar K\u0259rimov deyir.\n<\/p>\n<p>\n  M\u0259s\u0259l\u0259y\u0259 m\u00fcnasib\u0259t bildir\u0259n Zavod direktoru \u015e\u0259hriyar S\u0259m\u0259dov s\u0259hmdarlar\u0131n s\u0259brli olmas\u0131n\u0131 m\u0259sl\u0259h\u0259t g\u00f6r\u00fcb:\n<\/p>\n<p>\n  \u201cBilirsiniz, biz d\u0259 s\u0259hmdar\u0131q, h\u0259min problem h\u0259m d\u0259 bizimdir. Ka\u015f bir az s\u0259brli olalar. Administrasiyan\u0131n qar\u015f\u0131s\u0131na getm\u0259kl\u0259, T\u00fcrkiy\u0259 s\u0259firlliyin\u0259 m\u00fcraci\u0259t etm\u0259kl\u0259 n\u0259 \u0259ld\u0259 ed\u0259c\u0259kl\u0259r? Bir az s\u0259brli olsunlar, h\u0259ll olunacaq problemdir. C\u0259nab prezidentimiz indiy\u0259d\u0259k hans\u0131 problemi h\u0259ll etm\u0259yib? O, h\u0259r \u015feyi h\u0259ll ed\u0259r. Biz d\u0259 onlar kimi s\u0259hmdar\u0131q v\u0259 bu, h\u0259m d\u0259 bizim problemimizdir. Biz d\u0259 tezlikl\u0259 problemin h\u0259ll edilm\u0259sinin t\u0259r\u0259fdar\u0131y\u0131q. Biz buna g\u00f6r\u0259 onlara demi\u015fik ki, bir ne\u00e7\u0259 g\u00fcn g\u00f6zl\u0259yin, \u00e7al\u0131\u015f\u0131r\u0131q\u201d.<\/p>\n","protected":false},"excerpt":{"rendered":"<p>Zavodun i\u00e7ind\u0259 o q\u0259d\u0259r texnikas\u0131, mal-qaras\u0131 v\u0259 s. var. Ham\u0131s\u0131n\u0131 sat\u0131blar, darmada\u011f\u0131n edibl\u0259r.<\/p>\n","protected":false},"author":11,"featured_media":70655,"comment_status":"closed","ping_status":"open","sticky":false,"template":"","format":"standard","meta":{"_acf_changed":false,"_sitemap_exclude":false,"_sitemap_priority":"","_sitemap_frequency":"","footnotes":""},"categories":[60],"tags":[],"class_list":["post-196477","post","type-post","status-publish","format-standard","has-post-thumbnail","hentry","category-bolge","infinite-scroll-item","generate-columns","tablet-grid-50","mobile-grid-100","grid-parent","grid-33","no-featured-image-padding"],"acf":[],"yoast_head":"<!-- This site is optimized with the Yoast SEO plugin v27.5 - https:\/\/yoast.com\/product\/yoast-seo-wordpress\/ -->\n<title>Ucarl\u0131 s\u0259hmdarlar: M\u0259cburuq v\u0259t\u0259nda\u015fl\u0131qdan imtina ed\u0259k - MEYDAN.TV<\/title>\n<meta name=\"robots\" content=\"index, follow, max-snippet:-1, max-image-preview:large, max-video-preview:-1\" \/>\n<link rel=\"canonical\" href=\"https:\/\/www.meydan.tv\/az\/article\/ucarli-sehmdarlar-mecburuq-vetendasliqdan-imtina-edek\/\" \/>\n<meta property=\"og:locale\" content=\"az_AZ\" \/>\n<meta property=\"og:type\" content=\"article\" \/>\n<meta property=\"og:title\" content=\"Ucarl\u0131 s\u0259hmdarlar: M\u0259cburuq v\u0259t\u0259nda\u015fl\u0131qdan imtina ed\u0259k - MEYDAN.TV\" \/>\n<meta property=\"og:description\" content=\"Zavodun i\u00e7ind\u0259 o q\u0259d\u0259r texnikas\u0131, mal-qaras\u0131 v\u0259 s. var. Ham\u0131s\u0131n\u0131 sat\u0131blar, darmada\u011f\u0131n edibl\u0259r.\" \/>\n<meta property=\"og:url\" content=\"https:\/\/www.meydan.tv\/az\/article\/ucarli-sehmdarlar-mecburuq-vetendasliqdan-imtina-edek\/\" \/>\n<meta property=\"og:site_name\" content=\"MEYDAN.TV\" \/>\n<meta property=\"article:published_time\" content=\"2019-08-02T13:53:23+00:00\" \/>\n<meta property=\"og:image\" content=\"https:\/\/www.meydan.tv\/wp-content\/uploads\/27045.jpg\" \/>\n\t<meta property=\"og:image:width\" content=\"987\" \/>\n\t<meta property=\"og:image:height\" content=\"555\" \/>\n\t<meta property=\"og:image:type\" content=\"image\/jpeg\" \/>\n<meta name=\"author\" content=\"user-manager\" \/>\n<meta name=\"twitter:card\" content=\"summary_large_image\" \/>\n<script type=\"application\/ld+json\" class=\"yoast-schema-graph\">{\"@context\":\"https:\\\/\\\/schema.org\",\"@graph\":[{\"@type\":\"Article\",\"@id\":\"https:\\\/\\\/www.meydan.tv\\\/az\\\/article\\\/ucarli-sehmdarlar-mecburuq-vetendasliqdan-imtina-edek\\\/#article\",\"isPartOf\":{\"@id\":\"https:\\\/\\\/www.meydan.tv\\\/az\\\/article\\\/ucarli-sehmdarlar-mecburuq-vetendasliqdan-imtina-edek\\\/\"},\"author\":{\"name\":\"user-manager\",\"@id\":\"https:\\\/\\\/www.meydan.tv\\\/az\\\/#\\\/schema\\\/person\\\/10d11eccf6da3662cf5fdab9806ea91a\"},\"headline\":\"Ucarl\u0131 s\u0259hmdarlar: M\u0259cburuq v\u0259t\u0259nda\u015fl\u0131qdan imtina ed\u0259k\",\"datePublished\":\"2019-08-02T13:53:23+00:00\",\"mainEntityOfPage\":{\"@id\":\"https:\\\/\\\/www.meydan.tv\\\/az\\\/article\\\/ucarli-sehmdarlar-mecburuq-vetendasliqdan-imtina-edek\\\/\"},\"wordCount\":877,\"publisher\":{\"@id\":\"https:\\\/\\\/www.meydan.tv\\\/az\\\/#organization\"},\"image\":{\"@id\":\"https:\\\/\\\/www.meydan.tv\\\/az\\\/article\\\/ucarli-sehmdarlar-mecburuq-vetendasliqdan-imtina-edek\\\/#primaryimage\"},\"thumbnailUrl\":\"https:\\\/\\\/www.meydan.tv\\\/wp-content\\\/uploads\\\/27045.jpg\",\"articleSection\":[\"B\u00f6lg\u0259\"],\"inLanguage\":\"az\"},{\"@type\":\"WebPage\",\"@id\":\"https:\\\/\\\/www.meydan.tv\\\/az\\\/article\\\/ucarli-sehmdarlar-mecburuq-vetendasliqdan-imtina-edek\\\/\",\"url\":\"https:\\\/\\\/www.meydan.tv\\\/az\\\/article\\\/ucarli-sehmdarlar-mecburuq-vetendasliqdan-imtina-edek\\\/\",\"name\":\"Ucarl\u0131 s\u0259hmdarlar: M\u0259cburuq v\u0259t\u0259nda\u015fl\u0131qdan imtina ed\u0259k - MEYDAN.TV\",\"isPartOf\":{\"@id\":\"https:\\\/\\\/www.meydan.tv\\\/az\\\/#website\"},\"primaryImageOfPage\":{\"@id\":\"https:\\\/\\\/www.meydan.tv\\\/az\\\/article\\\/ucarli-sehmdarlar-mecburuq-vetendasliqdan-imtina-edek\\\/#primaryimage\"},\"image\":{\"@id\":\"https:\\\/\\\/www.meydan.tv\\\/az\\\/article\\\/ucarli-sehmdarlar-mecburuq-vetendasliqdan-imtina-edek\\\/#primaryimage\"},\"thumbnailUrl\":\"https:\\\/\\\/www.meydan.tv\\\/wp-content\\\/uploads\\\/27045.jpg\",\"datePublished\":\"2019-08-02T13:53:23+00:00\",\"breadcrumb\":{\"@id\":\"https:\\\/\\\/www.meydan.tv\\\/az\\\/article\\\/ucarli-sehmdarlar-mecburuq-vetendasliqdan-imtina-edek\\\/#breadcrumb\"},\"inLanguage\":\"az\",\"potentialAction\":[{\"@type\":\"ReadAction\",\"target\":[\"https:\\\/\\\/www.meydan.tv\\\/az\\\/article\\\/ucarli-sehmdarlar-mecburuq-vetendasliqdan-imtina-edek\\\/\"]}]},{\"@type\":\"ImageObject\",\"inLanguage\":\"az\",\"@id\":\"https:\\\/\\\/www.meydan.tv\\\/az\\\/article\\\/ucarli-sehmdarlar-mecburuq-vetendasliqdan-imtina-edek\\\/#primaryimage\",\"url\":\"https:\\\/\\\/www.meydan.tv\\\/wp-content\\\/uploads\\\/27045.jpg\",\"contentUrl\":\"https:\\\/\\\/www.meydan.tv\\\/wp-content\\\/uploads\\\/27045.jpg\",\"width\":987,\"height\":555,\"caption\":\"Foto: arxiv\"},{\"@type\":\"BreadcrumbList\",\"@id\":\"https:\\\/\\\/www.meydan.tv\\\/az\\\/article\\\/ucarli-sehmdarlar-mecburuq-vetendasliqdan-imtina-edek\\\/#breadcrumb\",\"itemListElement\":[{\"@type\":\"ListItem\",\"position\":1,\"name\":\"Ana s\u0259hif\u0259\",\"item\":\"https:\\\/\\\/www.meydan.tv\\\/az\\\/\"},{\"@type\":\"ListItem\",\"position\":2,\"name\":\"B\u00f6lg\u0259\",\"item\":\"https:\\\/\\\/www.meydan.tv\\\/az\\\/section\\\/bolge\\\/\"},{\"@type\":\"ListItem\",\"position\":3,\"name\":\"Ucarl\u0131 s\u0259hmdarlar: M\u0259cburuq v\u0259t\u0259nda\u015fl\u0131qdan imtina ed\u0259k\"}]},{\"@type\":\"WebSite\",\"@id\":\"https:\\\/\\\/www.meydan.tv\\\/az\\\/#website\",\"url\":\"https:\\\/\\\/www.meydan.tv\\\/az\\\/\",\"name\":\"MEYDAN.TV\",\"description\":\"Meydan TV Az\u0259rbaycan\u0131n media m\u0259kan\u0131ndak\u0131 alternativ s\u0259sidir\",\"publisher\":{\"@id\":\"https:\\\/\\\/www.meydan.tv\\\/az\\\/#organization\"},\"potentialAction\":[{\"@type\":\"SearchAction\",\"target\":{\"@type\":\"EntryPoint\",\"urlTemplate\":\"https:\\\/\\\/www.meydan.tv\\\/az\\\/?s={search_term_string}\"},\"query-input\":{\"@type\":\"PropertyValueSpecification\",\"valueRequired\":true,\"valueName\":\"search_term_string\"}}],\"inLanguage\":\"az\"},{\"@type\":\"Organization\",\"@id\":\"https:\\\/\\\/www.meydan.tv\\\/az\\\/#organization\",\"name\":\"Meydan TV\",\"url\":\"https:\\\/\\\/www.meydan.tv\\\/az\\\/\",\"logo\":{\"@type\":\"ImageObject\",\"inLanguage\":\"az\",\"@id\":\"https:\\\/\\\/www.meydan.tv\\\/az\\\/#\\\/schema\\\/logo\\\/image\\\/\",\"url\":\"https:\\\/\\\/www.meydan.tv\\\/wp-content\\\/uploads\\\/2021\\\/07\\\/meydan-logo.svg\",\"contentUrl\":\"https:\\\/\\\/www.meydan.tv\\\/wp-content\\\/uploads\\\/2021\\\/07\\\/meydan-logo.svg\",\"width\":195,\"height\":46,\"caption\":\"Meydan TV\"},\"image\":{\"@id\":\"https:\\\/\\\/www.meydan.tv\\\/az\\\/#\\\/schema\\\/logo\\\/image\\\/\"}},{\"@type\":\"Person\",\"@id\":\"https:\\\/\\\/www.meydan.tv\\\/az\\\/#\\\/schema\\\/person\\\/10d11eccf6da3662cf5fdab9806ea91a\",\"name\":\"user-manager\"}]}<\/script>\n<!-- \/ Yoast SEO plugin. -->","yoast_head_json":{"title":"Ucarl\u0131 s\u0259hmdarlar: M\u0259cburuq v\u0259t\u0259nda\u015fl\u0131qdan imtina ed\u0259k - MEYDAN.TV","robots":{"index":"index","follow":"follow","max-snippet":"max-snippet:-1","max-image-preview":"max-image-preview:large","max-video-preview":"max-video-preview:-1"},"canonical":"https:\/\/www.meydan.tv\/az\/article\/ucarli-sehmdarlar-mecburuq-vetendasliqdan-imtina-edek\/","og_locale":"az_AZ","og_type":"article","og_title":"Ucarl\u0131 s\u0259hmdarlar: M\u0259cburuq v\u0259t\u0259nda\u015fl\u0131qdan imtina ed\u0259k - MEYDAN.TV","og_description":"Zavodun i\u00e7ind\u0259 o q\u0259d\u0259r texnikas\u0131, mal-qaras\u0131 v\u0259 s. var. Ham\u0131s\u0131n\u0131 sat\u0131blar, darmada\u011f\u0131n edibl\u0259r.","og_url":"https:\/\/www.meydan.tv\/az\/article\/ucarli-sehmdarlar-mecburuq-vetendasliqdan-imtina-edek\/","og_site_name":"MEYDAN.TV","article_published_time":"2019-08-02T13:53:23+00:00","og_image":[{"width":987,"height":555,"url":"https:\/\/www.meydan.tv\/wp-content\/uploads\/27045.jpg","type":"image\/jpeg"}],"author":"user-manager","twitter_card":"summary_large_image","schema":{"@context":"https:\/\/schema.org","@graph":[{"@type":"Article","@id":"https:\/\/www.meydan.tv\/az\/article\/ucarli-sehmdarlar-mecburuq-vetendasliqdan-imtina-edek\/#article","isPartOf":{"@id":"https:\/\/www.meydan.tv\/az\/article\/ucarli-sehmdarlar-mecburuq-vetendasliqdan-imtina-edek\/"},"author":{"name":"user-manager","@id":"https:\/\/www.meydan.tv\/az\/#\/schema\/person\/10d11eccf6da3662cf5fdab9806ea91a"},"headline":"Ucarl\u0131 s\u0259hmdarlar: M\u0259cburuq v\u0259t\u0259nda\u015fl\u0131qdan imtina ed\u0259k","datePublished":"2019-08-02T13:53:23+00:00","mainEntityOfPage":{"@id":"https:\/\/www.meydan.tv\/az\/article\/ucarli-sehmdarlar-mecburuq-vetendasliqdan-imtina-edek\/"},"wordCount":877,"publisher":{"@id":"https:\/\/www.meydan.tv\/az\/#organization"},"image":{"@id":"https:\/\/www.meydan.tv\/az\/article\/ucarli-sehmdarlar-mecburuq-vetendasliqdan-imtina-edek\/#primaryimage"},"thumbnailUrl":"https:\/\/www.meydan.tv\/wp-content\/uploads\/27045.jpg","articleSection":["B\u00f6lg\u0259"],"inLanguage":"az"},{"@type":"WebPage","@id":"https:\/\/www.meydan.tv\/az\/article\/ucarli-sehmdarlar-mecburuq-vetendasliqdan-imtina-edek\/","url":"https:\/\/www.meydan.tv\/az\/article\/ucarli-sehmdarlar-mecburuq-vetendasliqdan-imtina-edek\/","name":"Ucarl\u0131 s\u0259hmdarlar: M\u0259cburuq v\u0259t\u0259nda\u015fl\u0131qdan imtina ed\u0259k - MEYDAN.TV","isPartOf":{"@id":"https:\/\/www.meydan.tv\/az\/#website"},"primaryImageOfPage":{"@id":"https:\/\/www.meydan.tv\/az\/article\/ucarli-sehmdarlar-mecburuq-vetendasliqdan-imtina-edek\/#primaryimage"},"image":{"@id":"https:\/\/www.meydan.tv\/az\/article\/ucarli-sehmdarlar-mecburuq-vetendasliqdan-imtina-edek\/#primaryimage"},"thumbnailUrl":"https:\/\/www.meydan.tv\/wp-content\/uploads\/27045.jpg","datePublished":"2019-08-02T13:53:23+00:00","breadcrumb":{"@id":"https:\/\/www.meydan.tv\/az\/article\/ucarli-sehmdarlar-mecburuq-vetendasliqdan-imtina-edek\/#breadcrumb"},"inLanguage":"az","potentialAction":[{"@type":"ReadAction","target":["https:\/\/www.meydan.tv\/az\/article\/ucarli-sehmdarlar-mecburuq-vetendasliqdan-imtina-edek\/"]}]},{"@type":"ImageObject","inLanguage":"az","@id":"https:\/\/www.meydan.tv\/az\/article\/ucarli-sehmdarlar-mecburuq-vetendasliqdan-imtina-edek\/#primaryimage","url":"https:\/\/www.meydan.tv\/wp-content\/uploads\/27045.jpg","contentUrl":"https:\/\/www.meydan.tv\/wp-content\/uploads\/27045.jpg","width":987,"height":555,"caption":"Foto: arxiv"},{"@type":"BreadcrumbList","@id":"https:\/\/www.meydan.tv\/az\/article\/ucarli-sehmdarlar-mecburuq-vetendasliqdan-imtina-edek\/#breadcrumb","itemListElement":[{"@type":"ListItem","position":1,"name":"Ana s\u0259hif\u0259","item":"https:\/\/www.meydan.tv\/az\/"},{"@type":"ListItem","position":2,"name":"B\u00f6lg\u0259","item":"https:\/\/www.meydan.tv\/az\/section\/bolge\/"},{"@type":"ListItem","position":3,"name":"Ucarl\u0131 s\u0259hmdarlar: M\u0259cburuq v\u0259t\u0259nda\u015fl\u0131qdan imtina ed\u0259k"}]},{"@type":"WebSite","@id":"https:\/\/www.meydan.tv\/az\/#website","url":"https:\/\/www.meydan.tv\/az\/","name":"MEYDAN.TV","description":"Meydan TV Az\u0259rbaycan\u0131n media m\u0259kan\u0131ndak\u0131 alternativ s\u0259sidir","publisher":{"@id":"https:\/\/www.meydan.tv\/az\/#organization"},"potentialAction":[{"@type":"SearchAction","target":{"@type":"EntryPoint","urlTemplate":"https:\/\/www.meydan.tv\/az\/?s={search_term_string}"},"query-input":{"@type":"PropertyValueSpecification","valueRequired":true,"valueName":"search_term_string"}}],"inLanguage":"az"},{"@type":"Organization","@id":"https:\/\/www.meydan.tv\/az\/#organization","name":"Meydan TV","url":"https:\/\/www.meydan.tv\/az\/","logo":{"@type":"ImageObject","inLanguage":"az","@id":"https:\/\/www.meydan.tv\/az\/#\/schema\/logo\/image\/","url":"https:\/\/www.meydan.tv\/wp-content\/uploads\/2021\/07\/meydan-logo.svg","contentUrl":"https:\/\/www.meydan.tv\/wp-content\/uploads\/2021\/07\/meydan-logo.svg","width":195,"height":46,"caption":"Meydan TV"},"image":{"@id":"https:\/\/www.meydan.tv\/az\/#\/schema\/logo\/image\/"}},{"@type":"Person","@id":"https:\/\/www.meydan.tv\/az\/#\/schema\/person\/10d11eccf6da3662cf5fdab9806ea91a","name":"user-manager"}]}},"_links":{"self":[{"href":"https:\/\/www.meydan.tv\/az\/wp-json\/wp\/v2\/posts\/196477","targetHints":{"allow":["GET"]}}],"collection":[{"href":"https:\/\/www.meydan.tv\/az\/wp-json\/wp\/v2\/posts"}],"about":[{"href":"https:\/\/www.meydan.tv\/az\/wp-json\/wp\/v2\/types\/post"}],"author":[{"embeddable":true,"href":"https:\/\/www.meydan.tv\/az\/wp-json\/wp\/v2\/users\/11"}],"replies":[{"embeddable":true,"href":"https:\/\/www.meydan.tv\/az\/wp-json\/wp\/v2\/comments?post=196477"}],"version-history":[{"count":0,"href":"https:\/\/www.meydan.tv\/az\/wp-json\/wp\/v2\/posts\/196477\/revisions"}],"wp:featuredmedia":[{"embeddable":true,"href":"https:\/\/www.meydan.tv\/az\/wp-json\/wp\/v2\/media\/70655"}],"wp:attachment":[{"href":"https:\/\/www.meydan.tv\/az\/wp-json\/wp\/v2\/media?parent=196477"}],"wp:term":[{"taxonomy":"category","embeddable":true,"href":"https:\/\/www.meydan.tv\/az\/wp-json\/wp\/v2\/categories?post=196477"},{"taxonomy":"post_tag","embeddable":true,"href":"https:\/\/www.meydan.tv\/az\/wp-json\/wp\/v2\/tags?post=196477"}],"curies":[{"name":"wp","href":"https:\/\/api.w.org\/{rel}","templated":true}]}}