{"id":196432,"date":"2019-07-31T17:34:13","date_gmt":"2019-07-31T17:34:13","guid":{"rendered":"https:\/\/www.meydan.tv\/article\/celilabadin-70-yasli-sakini-icra-bascisinin-gosterisile-meni-doyduler\/"},"modified":"2019-07-31T17:34:13","modified_gmt":"2019-07-31T17:34:13","slug":"celilabadin-70-yasli-sakini-icra-bascisinin-gosterisile-meni-doyduler","status":"publish","type":"post","link":"https:\/\/www.meydan.tv\/az\/article\/celilabadin-70-yasli-sakini-icra-bascisinin-gosterisile-meni-doyduler\/","title":{"rendered":"C\u0259lilabad\u0131n 70 ya\u015fl\u0131 sakini: \u0130cra ba\u015f\u00e7\u0131s\u0131n\u0131n g\u00f6st\u0259ri\u015fil\u0259 m\u0259ni d\u00f6yd\u00fcl\u0259r"},"content":{"rendered":"<p>\n  <i><br \/>\n    \u201cBizi d\u00f6y\u00fcb apard\u0131lar, 9 c\u0259rg\u0259ni darmada\u011f\u0131n el\u0259dil\u0259r, \u0259ziyy\u0259timizi yer\u0259 vurdular\u201d<br \/>\n  <\/i>\n<\/p>\n<p>\n  C\u0259lilabadda ya\u015fayan 70 ya\u015fl\u0131 Ayd\u0131n H\u00fcseynov paytaxt\u0131n Yasamal rayonunun icra ba\u015f\u00e7\u0131s\u0131 \u018fziz \u018fzizovdan \u015fikay\u0259t\u00e7idir. Q\u0259rib\u0259 g\u00f6r\u00fcn\u0259 bil\u0259r, ancaq m\u0259s\u0259l\u0259 ondad\u0131r ki, \u018fziz \u018fzizov Yasamala C\u0259lilabaddan g\u0259lib. O, 2006-2008-ci ill\u0259rd\u0259 C\u0259lilabad Rayon \u0130cra Hakimiyy\u0259tinin ba\u015f\u00e7\u0131s\u0131 olub. Ayd\u0131n H\u00fcseynov deyir ki, d\u00f6vl\u0259tin s\u0259n\u0259d-s\u00fcbutla ona v\u0259 ail\u0259 \u00fczvl\u0259rin\u0259 verdiyi pay torpaqlar\u0131 \u018f.\u018fzizov onun \u0259lind\u0259n al\u0131b, ba\u015fqa adamlara sat\u0131b.\n<\/p>\n<p>\n  <b><br \/>\n    \u201cE\u015fitdik ki, icra ba\u015f\u00e7\u0131s\u0131 pay torpaqlar\u0131m\u0131z\u0131 ba\u015fqas\u0131na sat\u0131r\u201d<br \/>\n  <\/b>\n<\/p>\n<p>\n  Ayd\u0131n H\u00fcseynovun b\u0259hs etdiyi pay torpaqlar C\u0259lilabad \u015f\u0259h\u0259rinin Qurtulu\u015f k\u00fc\u00e7\u0259sind\u0259 yerl\u0259\u015fir: \u201cO torpaq sah\u0259l\u0259ri m\u0259n v\u0259 ail\u0259 \u00fczvl\u0259rim\u0259 verilib. M\u0259nim, h\u0259yat yolda\u015f\u0131m\u0131n v\u0259 \u00f6vladlar\u0131m\u0131n ad\u0131na ayr\u0131-ayr\u0131l\u0131qda d\u00f6vl\u0259t akt\u0131 verilib. C\u0259lilabad Rayon Aqrar \u0130slahat Komissiyas\u0131n\u0131n verdiyi, torpa\u011fa m\u00fclkiyy\u0259t h\u00fcququna dair d\u00f6vl\u0259t akt\u0131. \u00d6z\u00fc d\u0259 d\u00fcn\u0259n, sra\u011fag\u00fcn yox, 2001-ci ild\u0259 verilib bu s\u0259n\u0259dl\u0259r biz\u0259. O \u0259razil\u0259r yola yax\u0131n, yax\u015f\u0131 yerd\u0259dir. 2015-ci ild\u0259 e\u015fitdik ki, icra ba\u015f\u00e7\u0131s\u0131 bizim pay torpaqlar\u0131n\u0131 ba\u015fqas\u0131na satmaq ist\u0259yir. \u018flimizd\u0259ki s\u0259n\u0259dl\u0259r \u0259sas\u0131nda \u00e7\u0131xar\u0131\u015f almaq \u00fc\u00e7\u00fcn m\u00fcraci\u0259t el\u0259dik. \u018fvv\u0259lc\u0259 o\u011flum Da\u015f\u0131nmaz \u018fmlak\u0131n D\u00f6vl\u0259t Reyestr Xidm\u0259tinin rayondak\u0131 idar\u0259sind\u0259n \u00e7\u0131xar\u0131\u015f ald\u0131. Sonra m\u0259n, yolda\u015f\u0131m m\u00fcraci\u0259t ed\u0259nd\u0259 icra hakimiyy\u0259ti x\u0259b\u0259r tutdu. T\u0259s\u0259vv\u00fcr edin, \u00e7\u0131xar\u0131\u015f \u00fc\u00e7\u00fcn d\u00f6vl\u0259t r\u00fcsumunu da \u00f6d\u0259mi\u015fdik, s\u0259n\u0259dl\u0259rimizi g\u00f6t\u00fcrm\u00fc\u015fd\u00fcl\u0259r. Ancaq verm\u0259dil\u0259r. O\u011fluma da idar\u0259d\u0259n demi\u015fdil\u0259r ki, \u201cs\u0259n \u00e7\u0131xar\u0131\u015f\u0131 g\u0259tir, sonra qaytaraca\u011f\u0131q\u201d. Onu da l\u0259\u011fv el\u0259m\u0259k ist\u0259yirdil\u0259r. Verm\u0259dik, dedik ki, sistemd\u0259 k\u00f6k\u00fc var, laz\u0131md\u0131rsa, oradan istifad\u0259 edin\u201d.\n<\/p>\n<p>\n  <b><br \/>\n    \u201cBizi d\u00f6y\u00fcb apard\u0131lar\u201d<br \/>\n  <\/b>\n<\/p>\n<p>\n  Ayd\u0131n H\u00fcseynov v\u0259 yax\u0131nlar\u0131 h\u0259min pay torpaqlarda \u00fcz\u00fcml\u00fck sal\u0131b. Deyir ki, 2015-ci ild\u0259 \u0259razini suvard\u0131\u011f\u0131 vaxt bir ne\u00e7\u0259 ma\u015f\u0131nla polisl\u0259r g\u0259lib, \u00f6z\u00fcn\u00fc v\u0259 yan\u0131nda olan bir n\u0259f\u0259ri d\u00f6y\u00fcb, \u0259ll\u0259rini ba\u011flay\u0131b apar\u0131blar. \u00dcz\u00fcml\u00fcy\u00fcn bir hiss\u0259sini d\u0259 da\u011f\u0131d\u0131blar: \u201cHam\u0131s\u0131 \u018fziz \u018fzizovun g\u00f6st\u0259ri\u015fi idi. Bizi d\u00f6y\u00fcb apard\u0131lar, 9 c\u0259rg\u0259ni darmada\u011f\u0131n el\u0259dil\u0259r, \u0259ziyy\u0259timizi yer\u0259 vurdular. Sonra da g\u0259tirib materiallar t\u00f6k\u00fcb, tikinti aparma\u011fa ba\u015flad\u0131lar. Bir bina tikib, i\u015f\u0131q idar\u0259sin\u0259 verdil\u0259r. G\u00f6zd\u0259n p\u0259rd\u0259 asmaq \u00fc\u00e7\u00fcn idi. M\u0259qs\u0259d idar\u0259sinin ad\u0131yla \u0259razini \u0259limizd\u0259n almaq idi. G\u00fcn\u00fc bu g\u00fcn d\u0259 o binada 3-4 n\u0259f\u0259r adam oturur. \u00c7\u00fcnki rayonda i\u015f\u0131q idar\u0259sinin ba\u015fqa binas\u0131 var, ora i\u015fl\u0259yir. Kifay\u0259t q\u0259d\u0259r b\u00f6y\u00fck \u0259razisi d\u0259 var\u201d.\n<\/p>\n<figure class=\"wp-block-image size-large\">\n  <img decoding=\"async\" src=\"https:\/\/www.meydan.tv\/az\/sahe\/\" alt=\"Sah\u0259\" class=\"wp-image-127670\"\/><figcaption>\n    Sah\u0259<br \/>\n  <\/figcaption><\/figure>\n<p>\n  <b><br \/>\n    \u201cAyd\u0131n H\u00fcseynov \u00f6z \u0259razisil\u0259 yana\u015f\u0131, d\u00f6vl\u0259tin torpa\u011f\u0131n\u0131 da z\u0259bt edib\u201d<br \/>\n  <\/b>\n<\/p>\n<p>\n  C\u0259lilabad Rayon \u0130cra Hakimiyy\u0259ti is\u0259 Ayd\u0131n H\u00fcseynovun d\u00f6vl\u0259tin m\u00fclkiyy\u0259tind\u0259 olan torpaqlar\u0131 z\u0259bt etdiyini iddia ed\u0259r\u0259k, \u0259razinin bo\u015fald\u0131lmas\u0131 \u00fc\u00e7\u00fcn m\u0259hk\u0259m\u0259y\u0259 m\u00fcraci\u0259t edib. Sabiq icra ba\u015f\u00e7\u0131s\u0131 iddia \u0259riz\u0259sind\u0259 yaz\u0131b ki, m\u00fcbahis\u0259li \u0259razid\u0259 0.6 hektar torpaq sah\u0259si 2013-c\u00fc ild\u0259 Qaraba\u011f m\u00fcharib\u0259si \u0259lill\u0259ri v\u0259 \u015f\u0259hid ail\u0259l\u0259ri \u00fc\u00e7\u00fcn 54 m\u0259nzilli ya\u015fay\u0131\u015f binas\u0131n\u0131n tikintisi \u00fc\u00e7\u00fcn ayr\u0131l\u0131b: \u201cAyd\u0131n H\u00fcseynov 2001-ci ild\u0259 k\u0259nd t\u0259s\u0259rr\u00fcfat\u0131 m\u0259hsullar\u0131n\u0131n istehsal\u0131 m\u0259qs\u0259dil\u0259 ona veril\u0259n 0.81 hektar torpaq sah\u0259sil\u0259 yana\u015f\u0131, h\u0259min 0.6 hektar \u0259razini d\u0259 z\u0259bt edib. O torpaq sah\u0259sinin bir hiss\u0259sind\u0259 \u00fcz\u00fcm ba\u011f\u0131 sal\u0131b. Ondan d\u0259f\u0259l\u0259rl\u0259 \u0259razini azad etm\u0259k t\u0259l\u0259b olunub, bo\u015faltmay\u0131b. Sonradan \u201cAz\u0259ri\u015f\u0131q\u201d ASC-nin r\u0259hb\u0259rliyi C\u0259lilabad Rayon \u0130cra Hakimiyy\u0259tin\u0259 m\u00fcraci\u0259t ed\u0259r\u0259k, rayon elektrik \u015f\u0259b\u0259k\u0259sin\u0259 bina tikm\u0259k \u00fc\u00e7\u00fcn yer ayr\u0131lmas\u0131n\u0131 ist\u0259yib. Torpaq sah\u0259sind\u0259n 1 il \u0259rzind\u0259 istifad\u0259 etm\u0259diyin\u0259 g\u00f6r\u0259 \u018fm\u0259k v\u0259 \u018fhalinin Sosial M\u00fcdafi\u0259si Nazirliyinin istifad\u0259sin\u0259 xitam verilib. H\u0259min torpaq sah\u0259si elektrik \u015f\u0259b\u0259k\u0259sin\u0259 inzibati bina tikilm\u0259si m\u0259qs\u0259dil\u0259 ayr\u0131l\u0131b\u201d.\n<\/p>\n<p>\n  \u0130cra Hakimiyy\u0259ti 0.60 hektar \u0259razinin bo\u015fald\u0131lmas\u0131 haqq\u0131nda q\u0259rar \u00e7\u0131xar\u0131lmas\u0131n\u0131 ist\u0259yib. M\u00fcbahis\u0259li \u0259razinin 0.14 hektar\u0131 il\u0259 ba\u011fl\u0131 m\u00fclkiyy\u0259 h\u00fcququna dair \u00e7\u0131xar\u0131\u015f oldu\u011funa g\u00f6r\u0259, C\u0259lilabad Rayon M\u0259hk\u0259m\u0259si ancaq 0.46 hektarl\u0131q sah\u0259 il\u0259 ba\u011fl\u0131 icra ba\u015f\u00e7\u0131s\u0131n\u0131n ist\u0259yini t\u0259min ed\u0259 bilib \u2013 Ayd\u0131n H\u00fcseynovun bu \u0259razid\u0259n \u00e7\u0131xar\u0131lmas\u0131na q\u0259rar verilib.\n<\/p>\n<p>\n  <b><br \/>\n    \u201cPrezident n\u0259 q\u0259d\u0259r deyir, e\u015fitmirl\u0259r\u201d<br \/>\n  <\/b>\n<\/p>\n<p>\n  \u201cOnun ad\u0131 m\u0259hk\u0259m\u0259 idi, \u00f6z\u00fcnd\u0259 m\u0259hk\u0259m\u0259d\u0259n \u0259s\u0259r-\u0259lam\u0259t yox idi. K\u00f6hn\u0259 tarixl\u0259 iddia haz\u0131rlay\u0131b, bu i\u015fi d\u00fcz\u00fcb-qo\u015fdular. M\u0259hk\u0259m\u0259 vaxt\u0131 art\u0131q orada binan\u0131 tikmi\u015fdil\u0259r, haz\u0131r idi. Guya m\u0259hk\u0259m\u0259 ekspertiza ke\u00e7irib. Ham\u0131s\u0131 yalan, ham\u0131s\u0131 saxta. B\u0259s bu ekspert g\u0259lib demir ki, h\u0259l\u0259 m\u0259hk\u0259m\u0259 q\u0259rar\u0131 olmadan bu bina \u0259razid\u0259 nec\u0259 tikilib? Prezident n\u0259 q\u0259d\u0259r f\u0259rmanlar, s\u0259r\u0259ncamlar verir ki, m\u0259hk\u0259m\u0259l\u0259r d\u00fcz i\u015fl\u0259sin, \u0259dal\u0259tli olsun, adamlar\u0131n haqq\u0131n\u0131n tapdanmas\u0131na imkan verm\u0259sin. T\u0259\u0259ss\u00fcf ki, m\u0259hk\u0259m\u0259l\u0259r bunlar\u0131 e\u015fitmirl\u0259r\u201d, &#8211; Ayd\u0131n H\u00fcseynov gileyl\u0259nir.\n<\/p>\n<p>\n  \u015eirvan Apelyasiya M\u0259hk\u0259m\u0259si d\u0259, Ali M\u0259hk\u0259m\u0259 d\u0259 C\u0259lilabad Rayon M\u0259hk\u0259m\u0259sinin q\u0259rar\u0131n\u0131 q\u00fcvv\u0259d\u0259 saxlay\u0131b. Ayd\u0131n H\u00fcseynov m\u00fclkiyy\u0259t h\u00fcququnun pozuntusuyla \u0259laq\u0259dar Avropa \u0130nsan Haqlar\u0131 M\u0259hk\u0259m\u0259sin\u0259 \u00fcz tutaca\u011f\u0131n\u0131 deyir:\n<\/p>\n<p>\n  \u201cO vaxt b\u0259l\u0259diyy\u0259d\u0259n g\u0259ldil\u0259r ki, s\u0259n bu torpaqlar\u0131 ver icra ba\u015f\u00e7\u0131s\u0131na, s\u0259n\u0259 ba\u015fqa yerd\u0259n torpaq versin, pensiyan\u0131 da art\u0131racaq. Dedim niy\u0259? Raz\u0131la\u015fmad\u0131m. \u018fziz \u018fzizovun da\u011f\u0131td\u0131\u011f\u0131 \u00fcz\u00fcml\u00fckl\u0259ri bilirsiz n\u0259 z\u00fclml\u0259 yaratm\u0131\u015fd\u0131m?\u201d\n<\/p>\n<p>\n  Meydan TV m\u0259s\u0259l\u0259y\u0259 Yasamal Rayon \u0130cra Hakimiyy\u0259tinin ba\u015f\u00e7\u0131s\u0131 \u018fziz \u018fzizovun m\u00fcnasib\u0259tini \u00f6yr\u0259n\u0259 bilm\u0259yib. Qurumdan bildirilib ki, bu iddian\u0131n Yasamal R\u0130H-\u0259 aidiyyati olmad\u0131\u011f\u0131ndan m\u00fcnasib\u0259t bildir\u0259 bilm\u0259zl\u0259r.\n<\/p>\n<figure class=\"wp-block-image size-large\">\n  <img decoding=\"async\" src=\"https:\/\/www.meydan.tv\/az\/bina-3\/\" alt=\"Bina\" class=\"wp-image-127673\"\/><figcaption>\n    Bina<br \/>\n  <\/figcaption><\/figure>\n<figure class=\"wp-block-image size-large\">\n  <img decoding=\"async\" src=\"https:\/\/www.meydan.tv\/az\/senedler-4\/\" alt=\"S\u0259n\u0259dl\u0259r\" class=\"wp-image-127676\"\/><figcaption>\n    S\u0259n\u0259dl\u0259r<br \/>\n  <\/figcaption><\/figure>\n<figure class=\"wp-block-image size-large\">\n  <img decoding=\"async\" src=\"https:\/\/www.meydan.tv\/az\/senedler-5\/\" alt=\"S\u0259n\u0259dl\u0259r\" class=\"wp-image-127679\"\/><figcaption>\n    S\u0259n\u0259dl\u0259r<br \/>\n  <\/figcaption><\/figure>\n","protected":false},"excerpt":{"rendered":"<p>\u201cBizi d\u00f6y\u00fcb apard\u0131lar, 9 c\u0259rg\u0259ni darmada\u011f\u0131n el\u0259dil\u0259r, \u0259ziyy\u0259timizi yer\u0259 vurdular\u201d<\/p>\n","protected":false},"author":11,"featured_media":127664,"comment_status":"closed","ping_status":"open","sticky":false,"template":"","format":"standard","meta":{"_acf_changed":false,"_sitemap_exclude":false,"_sitemap_priority":"","_sitemap_frequency":"","footnotes":""},"categories":[60],"tags":[],"class_list":["post-196432","post","type-post","status-publish","format-standard","has-post-thumbnail","hentry","category-bolge","infinite-scroll-item","generate-columns","tablet-grid-50","mobile-grid-100","grid-parent","grid-33","no-featured-image-padding"],"acf":[],"yoast_head":"<!-- This site is optimized with the Yoast SEO plugin v27.5 - https:\/\/yoast.com\/product\/yoast-seo-wordpress\/ -->\n<title>C\u0259lilabad\u0131n 70 ya\u015fl\u0131 sakini: \u0130cra ba\u015f\u00e7\u0131s\u0131n\u0131n g\u00f6st\u0259ri\u015fil\u0259 m\u0259ni d\u00f6yd\u00fcl\u0259r - MEYDAN.TV<\/title>\n<meta name=\"robots\" content=\"index, follow, max-snippet:-1, max-image-preview:large, max-video-preview:-1\" \/>\n<link rel=\"canonical\" href=\"https:\/\/www.meydan.tv\/az\/article\/celilabadin-70-yasli-sakini-icra-bascisinin-gosterisile-meni-doyduler\/\" \/>\n<meta property=\"og:locale\" content=\"az_AZ\" \/>\n<meta property=\"og:type\" content=\"article\" \/>\n<meta property=\"og:title\" content=\"C\u0259lilabad\u0131n 70 ya\u015fl\u0131 sakini: \u0130cra ba\u015f\u00e7\u0131s\u0131n\u0131n g\u00f6st\u0259ri\u015fil\u0259 m\u0259ni d\u00f6yd\u00fcl\u0259r - MEYDAN.TV\" \/>\n<meta property=\"og:description\" content=\"\u201cBizi d\u00f6y\u00fcb apard\u0131lar, 9 c\u0259rg\u0259ni darmada\u011f\u0131n el\u0259dil\u0259r, \u0259ziyy\u0259timizi yer\u0259 vurdular\u201d\" \/>\n<meta property=\"og:url\" content=\"https:\/\/www.meydan.tv\/az\/article\/celilabadin-70-yasli-sakini-icra-bascisinin-gosterisile-meni-doyduler\/\" \/>\n<meta property=\"og:site_name\" content=\"MEYDAN.TV\" \/>\n<meta property=\"article:published_time\" content=\"2019-07-31T17:34:13+00:00\" \/>\n<meta property=\"og:image\" content=\"https:\/\/www.meydan.tv\/wp-content\/uploads\/image_from_ios_55.jpg\" \/>\n\t<meta property=\"og:image:width\" content=\"1000\" \/>\n\t<meta property=\"og:image:height\" content=\"750\" \/>\n\t<meta property=\"og:image:type\" content=\"image\/jpeg\" \/>\n<meta name=\"author\" content=\"user-manager\" \/>\n<meta name=\"twitter:card\" content=\"summary_large_image\" \/>\n<script type=\"application\/ld+json\" class=\"yoast-schema-graph\">{\"@context\":\"https:\\\/\\\/schema.org\",\"@graph\":[{\"@type\":\"Article\",\"@id\":\"https:\\\/\\\/www.meydan.tv\\\/az\\\/article\\\/celilabadin-70-yasli-sakini-icra-bascisinin-gosterisile-meni-doyduler\\\/#article\",\"isPartOf\":{\"@id\":\"https:\\\/\\\/www.meydan.tv\\\/az\\\/article\\\/celilabadin-70-yasli-sakini-icra-bascisinin-gosterisile-meni-doyduler\\\/\"},\"author\":{\"name\":\"user-manager\",\"@id\":\"https:\\\/\\\/www.meydan.tv\\\/az\\\/#\\\/schema\\\/person\\\/10d11eccf6da3662cf5fdab9806ea91a\"},\"headline\":\"C\u0259lilabad\u0131n 70 ya\u015fl\u0131 sakini: \u0130cra ba\u015f\u00e7\u0131s\u0131n\u0131n g\u00f6st\u0259ri\u015fil\u0259 m\u0259ni d\u00f6yd\u00fcl\u0259r\",\"datePublished\":\"2019-07-31T17:34:13+00:00\",\"mainEntityOfPage\":{\"@id\":\"https:\\\/\\\/www.meydan.tv\\\/az\\\/article\\\/celilabadin-70-yasli-sakini-icra-bascisinin-gosterisile-meni-doyduler\\\/\"},\"wordCount\":1176,\"publisher\":{\"@id\":\"https:\\\/\\\/www.meydan.tv\\\/az\\\/#organization\"},\"image\":{\"@id\":\"https:\\\/\\\/www.meydan.tv\\\/az\\\/article\\\/celilabadin-70-yasli-sakini-icra-bascisinin-gosterisile-meni-doyduler\\\/#primaryimage\"},\"thumbnailUrl\":\"https:\\\/\\\/www.meydan.tv\\\/wp-content\\\/uploads\\\/image_from_ios_55.jpg\",\"articleSection\":[\"B\u00f6lg\u0259\"],\"inLanguage\":\"az\"},{\"@type\":\"WebPage\",\"@id\":\"https:\\\/\\\/www.meydan.tv\\\/az\\\/article\\\/celilabadin-70-yasli-sakini-icra-bascisinin-gosterisile-meni-doyduler\\\/\",\"url\":\"https:\\\/\\\/www.meydan.tv\\\/az\\\/article\\\/celilabadin-70-yasli-sakini-icra-bascisinin-gosterisile-meni-doyduler\\\/\",\"name\":\"C\u0259lilabad\u0131n 70 ya\u015fl\u0131 sakini: \u0130cra ba\u015f\u00e7\u0131s\u0131n\u0131n g\u00f6st\u0259ri\u015fil\u0259 m\u0259ni d\u00f6yd\u00fcl\u0259r - MEYDAN.TV\",\"isPartOf\":{\"@id\":\"https:\\\/\\\/www.meydan.tv\\\/az\\\/#website\"},\"primaryImageOfPage\":{\"@id\":\"https:\\\/\\\/www.meydan.tv\\\/az\\\/article\\\/celilabadin-70-yasli-sakini-icra-bascisinin-gosterisile-meni-doyduler\\\/#primaryimage\"},\"image\":{\"@id\":\"https:\\\/\\\/www.meydan.tv\\\/az\\\/article\\\/celilabadin-70-yasli-sakini-icra-bascisinin-gosterisile-meni-doyduler\\\/#primaryimage\"},\"thumbnailUrl\":\"https:\\\/\\\/www.meydan.tv\\\/wp-content\\\/uploads\\\/image_from_ios_55.jpg\",\"datePublished\":\"2019-07-31T17:34:13+00:00\",\"breadcrumb\":{\"@id\":\"https:\\\/\\\/www.meydan.tv\\\/az\\\/article\\\/celilabadin-70-yasli-sakini-icra-bascisinin-gosterisile-meni-doyduler\\\/#breadcrumb\"},\"inLanguage\":\"az\",\"potentialAction\":[{\"@type\":\"ReadAction\",\"target\":[\"https:\\\/\\\/www.meydan.tv\\\/az\\\/article\\\/celilabadin-70-yasli-sakini-icra-bascisinin-gosterisile-meni-doyduler\\\/\"]}]},{\"@type\":\"ImageObject\",\"inLanguage\":\"az\",\"@id\":\"https:\\\/\\\/www.meydan.tv\\\/az\\\/article\\\/celilabadin-70-yasli-sakini-icra-bascisinin-gosterisile-meni-doyduler\\\/#primaryimage\",\"url\":\"https:\\\/\\\/www.meydan.tv\\\/wp-content\\\/uploads\\\/image_from_ios_55.jpg\",\"contentUrl\":\"https:\\\/\\\/www.meydan.tv\\\/wp-content\\\/uploads\\\/image_from_ios_55.jpg\",\"width\":1000,\"height\":750,\"caption\":\"Source: Meydan TV\"},{\"@type\":\"BreadcrumbList\",\"@id\":\"https:\\\/\\\/www.meydan.tv\\\/az\\\/article\\\/celilabadin-70-yasli-sakini-icra-bascisinin-gosterisile-meni-doyduler\\\/#breadcrumb\",\"itemListElement\":[{\"@type\":\"ListItem\",\"position\":1,\"name\":\"Ana s\u0259hif\u0259\",\"item\":\"https:\\\/\\\/www.meydan.tv\\\/az\\\/\"},{\"@type\":\"ListItem\",\"position\":2,\"name\":\"B\u00f6lg\u0259\",\"item\":\"https:\\\/\\\/www.meydan.tv\\\/az\\\/section\\\/bolge\\\/\"},{\"@type\":\"ListItem\",\"position\":3,\"name\":\"C\u0259lilabad\u0131n 70 ya\u015fl\u0131 sakini: \u0130cra ba\u015f\u00e7\u0131s\u0131n\u0131n g\u00f6st\u0259ri\u015fil\u0259 m\u0259ni d\u00f6yd\u00fcl\u0259r\"}]},{\"@type\":\"WebSite\",\"@id\":\"https:\\\/\\\/www.meydan.tv\\\/az\\\/#website\",\"url\":\"https:\\\/\\\/www.meydan.tv\\\/az\\\/\",\"name\":\"MEYDAN.TV\",\"description\":\"Meydan TV Az\u0259rbaycan\u0131n media m\u0259kan\u0131ndak\u0131 alternativ s\u0259sidir\",\"publisher\":{\"@id\":\"https:\\\/\\\/www.meydan.tv\\\/az\\\/#organization\"},\"potentialAction\":[{\"@type\":\"SearchAction\",\"target\":{\"@type\":\"EntryPoint\",\"urlTemplate\":\"https:\\\/\\\/www.meydan.tv\\\/az\\\/?s={search_term_string}\"},\"query-input\":{\"@type\":\"PropertyValueSpecification\",\"valueRequired\":true,\"valueName\":\"search_term_string\"}}],\"inLanguage\":\"az\"},{\"@type\":\"Organization\",\"@id\":\"https:\\\/\\\/www.meydan.tv\\\/az\\\/#organization\",\"name\":\"Meydan TV\",\"url\":\"https:\\\/\\\/www.meydan.tv\\\/az\\\/\",\"logo\":{\"@type\":\"ImageObject\",\"inLanguage\":\"az\",\"@id\":\"https:\\\/\\\/www.meydan.tv\\\/az\\\/#\\\/schema\\\/logo\\\/image\\\/\",\"url\":\"https:\\\/\\\/www.meydan.tv\\\/wp-content\\\/uploads\\\/2021\\\/07\\\/meydan-logo.svg\",\"contentUrl\":\"https:\\\/\\\/www.meydan.tv\\\/wp-content\\\/uploads\\\/2021\\\/07\\\/meydan-logo.svg\",\"width\":195,\"height\":46,\"caption\":\"Meydan TV\"},\"image\":{\"@id\":\"https:\\\/\\\/www.meydan.tv\\\/az\\\/#\\\/schema\\\/logo\\\/image\\\/\"}},{\"@type\":\"Person\",\"@id\":\"https:\\\/\\\/www.meydan.tv\\\/az\\\/#\\\/schema\\\/person\\\/10d11eccf6da3662cf5fdab9806ea91a\",\"name\":\"user-manager\"}]}<\/script>\n<!-- \/ Yoast SEO plugin. -->","yoast_head_json":{"title":"C\u0259lilabad\u0131n 70 ya\u015fl\u0131 sakini: \u0130cra ba\u015f\u00e7\u0131s\u0131n\u0131n g\u00f6st\u0259ri\u015fil\u0259 m\u0259ni d\u00f6yd\u00fcl\u0259r - MEYDAN.TV","robots":{"index":"index","follow":"follow","max-snippet":"max-snippet:-1","max-image-preview":"max-image-preview:large","max-video-preview":"max-video-preview:-1"},"canonical":"https:\/\/www.meydan.tv\/az\/article\/celilabadin-70-yasli-sakini-icra-bascisinin-gosterisile-meni-doyduler\/","og_locale":"az_AZ","og_type":"article","og_title":"C\u0259lilabad\u0131n 70 ya\u015fl\u0131 sakini: \u0130cra ba\u015f\u00e7\u0131s\u0131n\u0131n g\u00f6st\u0259ri\u015fil\u0259 m\u0259ni d\u00f6yd\u00fcl\u0259r - MEYDAN.TV","og_description":"\u201cBizi d\u00f6y\u00fcb apard\u0131lar, 9 c\u0259rg\u0259ni darmada\u011f\u0131n el\u0259dil\u0259r, \u0259ziyy\u0259timizi yer\u0259 vurdular\u201d","og_url":"https:\/\/www.meydan.tv\/az\/article\/celilabadin-70-yasli-sakini-icra-bascisinin-gosterisile-meni-doyduler\/","og_site_name":"MEYDAN.TV","article_published_time":"2019-07-31T17:34:13+00:00","og_image":[{"width":1000,"height":750,"url":"https:\/\/www.meydan.tv\/wp-content\/uploads\/image_from_ios_55.jpg","type":"image\/jpeg"}],"author":"user-manager","twitter_card":"summary_large_image","schema":{"@context":"https:\/\/schema.org","@graph":[{"@type":"Article","@id":"https:\/\/www.meydan.tv\/az\/article\/celilabadin-70-yasli-sakini-icra-bascisinin-gosterisile-meni-doyduler\/#article","isPartOf":{"@id":"https:\/\/www.meydan.tv\/az\/article\/celilabadin-70-yasli-sakini-icra-bascisinin-gosterisile-meni-doyduler\/"},"author":{"name":"user-manager","@id":"https:\/\/www.meydan.tv\/az\/#\/schema\/person\/10d11eccf6da3662cf5fdab9806ea91a"},"headline":"C\u0259lilabad\u0131n 70 ya\u015fl\u0131 sakini: \u0130cra ba\u015f\u00e7\u0131s\u0131n\u0131n g\u00f6st\u0259ri\u015fil\u0259 m\u0259ni d\u00f6yd\u00fcl\u0259r","datePublished":"2019-07-31T17:34:13+00:00","mainEntityOfPage":{"@id":"https:\/\/www.meydan.tv\/az\/article\/celilabadin-70-yasli-sakini-icra-bascisinin-gosterisile-meni-doyduler\/"},"wordCount":1176,"publisher":{"@id":"https:\/\/www.meydan.tv\/az\/#organization"},"image":{"@id":"https:\/\/www.meydan.tv\/az\/article\/celilabadin-70-yasli-sakini-icra-bascisinin-gosterisile-meni-doyduler\/#primaryimage"},"thumbnailUrl":"https:\/\/www.meydan.tv\/wp-content\/uploads\/image_from_ios_55.jpg","articleSection":["B\u00f6lg\u0259"],"inLanguage":"az"},{"@type":"WebPage","@id":"https:\/\/www.meydan.tv\/az\/article\/celilabadin-70-yasli-sakini-icra-bascisinin-gosterisile-meni-doyduler\/","url":"https:\/\/www.meydan.tv\/az\/article\/celilabadin-70-yasli-sakini-icra-bascisinin-gosterisile-meni-doyduler\/","name":"C\u0259lilabad\u0131n 70 ya\u015fl\u0131 sakini: \u0130cra ba\u015f\u00e7\u0131s\u0131n\u0131n g\u00f6st\u0259ri\u015fil\u0259 m\u0259ni d\u00f6yd\u00fcl\u0259r - MEYDAN.TV","isPartOf":{"@id":"https:\/\/www.meydan.tv\/az\/#website"},"primaryImageOfPage":{"@id":"https:\/\/www.meydan.tv\/az\/article\/celilabadin-70-yasli-sakini-icra-bascisinin-gosterisile-meni-doyduler\/#primaryimage"},"image":{"@id":"https:\/\/www.meydan.tv\/az\/article\/celilabadin-70-yasli-sakini-icra-bascisinin-gosterisile-meni-doyduler\/#primaryimage"},"thumbnailUrl":"https:\/\/www.meydan.tv\/wp-content\/uploads\/image_from_ios_55.jpg","datePublished":"2019-07-31T17:34:13+00:00","breadcrumb":{"@id":"https:\/\/www.meydan.tv\/az\/article\/celilabadin-70-yasli-sakini-icra-bascisinin-gosterisile-meni-doyduler\/#breadcrumb"},"inLanguage":"az","potentialAction":[{"@type":"ReadAction","target":["https:\/\/www.meydan.tv\/az\/article\/celilabadin-70-yasli-sakini-icra-bascisinin-gosterisile-meni-doyduler\/"]}]},{"@type":"ImageObject","inLanguage":"az","@id":"https:\/\/www.meydan.tv\/az\/article\/celilabadin-70-yasli-sakini-icra-bascisinin-gosterisile-meni-doyduler\/#primaryimage","url":"https:\/\/www.meydan.tv\/wp-content\/uploads\/image_from_ios_55.jpg","contentUrl":"https:\/\/www.meydan.tv\/wp-content\/uploads\/image_from_ios_55.jpg","width":1000,"height":750,"caption":"Source: Meydan TV"},{"@type":"BreadcrumbList","@id":"https:\/\/www.meydan.tv\/az\/article\/celilabadin-70-yasli-sakini-icra-bascisinin-gosterisile-meni-doyduler\/#breadcrumb","itemListElement":[{"@type":"ListItem","position":1,"name":"Ana s\u0259hif\u0259","item":"https:\/\/www.meydan.tv\/az\/"},{"@type":"ListItem","position":2,"name":"B\u00f6lg\u0259","item":"https:\/\/www.meydan.tv\/az\/section\/bolge\/"},{"@type":"ListItem","position":3,"name":"C\u0259lilabad\u0131n 70 ya\u015fl\u0131 sakini: \u0130cra ba\u015f\u00e7\u0131s\u0131n\u0131n g\u00f6st\u0259ri\u015fil\u0259 m\u0259ni d\u00f6yd\u00fcl\u0259r"}]},{"@type":"WebSite","@id":"https:\/\/www.meydan.tv\/az\/#website","url":"https:\/\/www.meydan.tv\/az\/","name":"MEYDAN.TV","description":"Meydan TV Az\u0259rbaycan\u0131n media m\u0259kan\u0131ndak\u0131 alternativ s\u0259sidir","publisher":{"@id":"https:\/\/www.meydan.tv\/az\/#organization"},"potentialAction":[{"@type":"SearchAction","target":{"@type":"EntryPoint","urlTemplate":"https:\/\/www.meydan.tv\/az\/?s={search_term_string}"},"query-input":{"@type":"PropertyValueSpecification","valueRequired":true,"valueName":"search_term_string"}}],"inLanguage":"az"},{"@type":"Organization","@id":"https:\/\/www.meydan.tv\/az\/#organization","name":"Meydan TV","url":"https:\/\/www.meydan.tv\/az\/","logo":{"@type":"ImageObject","inLanguage":"az","@id":"https:\/\/www.meydan.tv\/az\/#\/schema\/logo\/image\/","url":"https:\/\/www.meydan.tv\/wp-content\/uploads\/2021\/07\/meydan-logo.svg","contentUrl":"https:\/\/www.meydan.tv\/wp-content\/uploads\/2021\/07\/meydan-logo.svg","width":195,"height":46,"caption":"Meydan TV"},"image":{"@id":"https:\/\/www.meydan.tv\/az\/#\/schema\/logo\/image\/"}},{"@type":"Person","@id":"https:\/\/www.meydan.tv\/az\/#\/schema\/person\/10d11eccf6da3662cf5fdab9806ea91a","name":"user-manager"}]}},"_links":{"self":[{"href":"https:\/\/www.meydan.tv\/az\/wp-json\/wp\/v2\/posts\/196432","targetHints":{"allow":["GET"]}}],"collection":[{"href":"https:\/\/www.meydan.tv\/az\/wp-json\/wp\/v2\/posts"}],"about":[{"href":"https:\/\/www.meydan.tv\/az\/wp-json\/wp\/v2\/types\/post"}],"author":[{"embeddable":true,"href":"https:\/\/www.meydan.tv\/az\/wp-json\/wp\/v2\/users\/11"}],"replies":[{"embeddable":true,"href":"https:\/\/www.meydan.tv\/az\/wp-json\/wp\/v2\/comments?post=196432"}],"version-history":[{"count":0,"href":"https:\/\/www.meydan.tv\/az\/wp-json\/wp\/v2\/posts\/196432\/revisions"}],"wp:featuredmedia":[{"embeddable":true,"href":"https:\/\/www.meydan.tv\/az\/wp-json\/wp\/v2\/media\/127664"}],"wp:attachment":[{"href":"https:\/\/www.meydan.tv\/az\/wp-json\/wp\/v2\/media?parent=196432"}],"wp:term":[{"taxonomy":"category","embeddable":true,"href":"https:\/\/www.meydan.tv\/az\/wp-json\/wp\/v2\/categories?post=196432"},{"taxonomy":"post_tag","embeddable":true,"href":"https:\/\/www.meydan.tv\/az\/wp-json\/wp\/v2\/tags?post=196432"}],"curies":[{"name":"wp","href":"https:\/\/api.w.org\/{rel}","templated":true}]}}