{"id":196429,"date":"2019-07-31T17:48:35","date_gmt":"2019-07-31T17:48:35","guid":{"rendered":"https:\/\/www.meydan.tv\/article\/mingecevir-sakinleri-yaratdigimiz-yasalliqlari-mehv-elediler\/"},"modified":"2019-07-31T17:48:35","modified_gmt":"2019-07-31T17:48:35","slug":"mingecevir-sakinleri-yaratdigimiz-yasalliqlari-mehv-elediler","status":"publish","type":"post","link":"https:\/\/www.meydan.tv\/az\/article\/mingecevir-sakinleri-yaratdigimiz-yasalliqlari-mehv-elediler\/","title":{"rendered":"Ming\u0259\u00e7evir sakinl\u0259ri: Yaratd\u0131\u011f\u0131m\u0131z ya\u015f\u0131ll\u0131qlar\u0131 m\u0259hv el\u0259dil\u0259r"},"content":{"rendered":"<p>\n  <i><br \/>\n    \u015e\u0259h\u0259rin 20 yanvar k\u00fc\u00e7\u0259sind\u0259 ya\u015f\u0131ll\u0131qlar\u0131n m\u0259hv edilm\u0259si, tikinti i\u015fl\u0259rinin apar\u0131lmas\u0131 b\u0259zi sakinl\u0259ri naraz\u0131 sal\u0131b<br \/>\n  <\/i>\n<\/p>\n<p>\n  \u201cBir d\u0259st\u0259 zal\u0131m\u0131n \u0259lind\u0259 qalm\u0131\u015f\u0131q. Z\u0259hm\u0259tl\u0259 yaratd\u0131\u011f\u0131m\u0131z ya\u015f\u0131ll\u0131\u011f\u0131 m\u0259hv edib yerind\u0259 tikinti apar\u0131rlar. N\u0259 tikdikl\u0259ri d\u0259 b\u0259lli deyil, el\u0259c\u0259 bir-birinin ard\u0131nca tikib qap\u0131s\u0131na q\u0131f\u0131l vururlar, he\u00e7 istifad\u0259 d\u0259 etmirl\u0259r. Adam m\u0259qs\u0259dl\u0259rini anlaya bilmir\u201d.\n<\/p>\n<p>\n  Ming\u0259\u00e7evird\u0259ki G\u00fcll\u00fcba\u011f ya\u015fay\u0131\u015f massivinin yax\u0131nl\u0131\u011f\u0131nda yerl\u0259\u015f\u0259n 20 yanvar k\u00fc\u00e7\u0259sinin sakinl\u0259ri Meydan TV-y\u0259 dan\u0131\u015f\u0131rlar ki, yerli icra hakimiyy\u0259ti \u0259razid\u0259ki ya\u015f\u0131ll\u0131\u011f\u0131 m\u0259hv edib. Bir m\u00fcdd\u0259tdir ki, ya\u015f\u0131ll\u0131qlar\u0131n yerind\u0259 tikinti i\u015fl\u0259ri apar\u0131l\u0131r. B\u0259zi tikilil\u0259r haz\u0131r olsa da, uzun m\u00fcdd\u0259tdir ki, istifad\u0259y\u0259 verilm\u0259yib v\u0259 hans\u0131 m\u0259qs\u0259dl\u0259 tikildiyi d\u0259 sakinl\u0259r\u0259 m\u0259lum deyil. B\u0259zi tikintil\u0259rs\u0259 h\u0259l\u0259 d\u0259 davam edir.\n<\/p>\n<p>\n  <b><br \/>\n    \u201cKimisi g\u00fcll\u0259r \u0259kmi\u015fdi, kimisi meyv\u0259 a\u011faclar\u0131&#8230;\u201d<br \/>\n  <\/b>\n<\/p>\n<p>\n  Sakin Nadir \u018fliyev:\n<\/p>\n<p>\n  \u201cAdamlar binalar\u0131n \u0259traf\u0131n\u0131 t\u0259mizl\u0259yib ya\u015f\u0131ll\u0131qlar yaratm\u0131\u015fd\u0131lar. Kimisi g\u00fcll\u0259r \u0259kmi\u015fdi, kimisi meyv\u0259 a\u011faclar\u0131&#8230; Skamyalar d\u00fcz\u0259ltmi\u015fdik, inc\u0259lirdik. Bunlar neyl\u0259dil\u0259r? \u00d6zl\u0259rini k\u00fc\u00e7\u0259 adamlar\u0131 kimi apard\u0131lar. G\u0259lib ya\u015f\u0131ll\u0131qlar\u0131 m\u0259hv el\u0259dil\u0259r, dedil\u0259r, siz kimsiz ki, burda g\u00fcl \u0259kirsiz, a\u011fac \u0259kirsiz&#8230; Dem\u0259li, ya\u015f\u0131ll\u0131\u011f\u0131 da\u011f\u0131tma\u011f\u0131n ad\u0131n\u0131 da \u201c\u0259razid\u0259 t\u0259mizlik i\u015fl\u0259ri aparmaq\u201d qoydular. Dedik, ax\u0131, ya\u015f\u0131ll\u0131q zibil deyil ki, siz \u0259razid\u0259 t\u0259mizliyi g\u00fcll\u0259ri, a\u011faclar\u0131 q\u0131rmaqla aparas\u0131z. Burda zibil adam\u0131n a\u011fz\u0131na girirdi, ill\u0259rl\u0259 g\u0259lib t\u0259mizl\u0259mirdiz, indi ya\u015f\u0131ll\u0131q g\u00f6z\u00fcn\u00fcz\u0259 zibil kimi g\u00f6r\u00fcn\u00fcr, q\u0131r\u0131b t\u00f6k\u00fcrs\u00fcz\u201d.\n<\/p>\n<p>\n  Bel\u0259c\u0259, \u0259vv\u0259lc\u0259 sakinl\u0259r\u0259 bildirilib ki, \u0259razid\u0259 t\u0259mizlik i\u015fl\u0259ri apar\u0131l\u0131r. \u00d6zba\u015f\u0131na yarad\u0131lan ya\u015f\u0131ll\u0131q m\u0259hv edilib. Ancaq sonradan sakinl\u0259r\u0259 m\u0259lum olub ki, \u0259slind\u0259 m\u0259qs\u0259d ba\u015fqa imi\u015f.\n<\/p>\n<p>\n  <b><br \/>\n    \u201cDan\u0131\u015fanda da deyirl\u0259r, prezindetin g\u00f6st\u0259ri\u015fin\u0259 qar\u015f\u0131 \u00e7\u0131x\u0131rsan\u201d<br \/>\n  <\/b>\n<\/p>\n<p>\n  \u201cA\u011faclar\u0131n k\u0259silm\u0259sin\u0259 etiraz\u0131m\u0131z\u0131 bildir\u0259nd\u0259, icra hakimiyy\u0259tinin n\u00fcmay\u0259nd\u0259si g\u0259ldi, dedi, ba\u015f\u00e7\u0131n\u0131n \u0259mridir, ki\u015fi prezidentin g\u00f6st\u0259ri\u015fin\u0259 uy\u011fun olaraq abadl\u0131q i\u015fl\u0259ri g\u00f6r\u00fcr, siz prezidentin g\u00f6st\u0259ri\u015fin\u0259, icra ba\u015f\u00e7\u0131s\u0131n\u0131n g\u00f6rd\u00fcy\u00fc i\u015fl\u0259r\u0259 qar\u015f\u0131 \u00e7\u0131x\u0131rs\u0131z?.. Ya\u015f\u0131ll\u0131q m\u0259hv edildi, bir d\u0259 baxd\u0131q ki, k\u00fc\u00e7\u0259miz\u0259 a\u011f\u0131r texnikalar g\u0259tirildi, qaz\u0131nt\u0131 i\u015fl\u0259ri g\u00f6r\u00fcld\u00fc, tikinti materiallar\u0131 g\u0259tirildi, f\u0259hl\u0259l\u0259ri t\u00f6kd\u00fcl\u0259r, ba\u015flad\u0131lar tikinti i\u015fl\u0259ri g\u00f6rm\u0259y\u0259\u201c, &#8211; bunu is\u0259 ba\u015fqa sakin G\u00fclnar\u0259 Muradova deyir. Onun s\u00f6zl\u0259rin\u0259 g\u00f6r\u0259, binalardak\u0131 kommunal x\u0259ttl\u0259r k\u00f6hn\u0259lib, evl\u0259rd\u0259 istilik yoxdur. Q\u0131\u015fda adamlar evl\u0259rini elektrikl\u0259 q\u0131zd\u0131r\u0131rlar, ancaq aidiyy\u0259ti qurumlar t\u0259dbir g\u00f6rm\u00fcr.\n<\/p>\n<p>\n  <b><br \/>\n    \u201cH\u0259r\u0259si bir g\u00fcl \u0259kib, sonra da \u0259razini z\u0259bt etmi\u015fdi\u201d<br \/>\n  <\/b>\n<\/p>\n<p>\n  \u201c\u0130cra hakimiyy\u0259tind\u0259n g\u0259l\u0259nl\u0259r deyirl\u0259r, sizin\u00e7\u00fcn abadl\u0131q i\u015fl\u0259ri g\u00f6r\u00fcr\u00fck. El\u0259 v\u0259t\u0259nda\u015f\u0131n qay\u011f\u0131s\u0131na qaland\u0131larsa, el\u0259 g\u0259lib binalardak\u0131 istilik \u015f\u0259raitimizi qursunlar. Q\u0131\u015fda soyuqdan donuruq. G\u0259lib \u0259kdiyimiz g\u00fcll\u0259ri, meyv\u0259l\u0259ri q\u0131r\u0131b atmaqdansa, istiliyi t\u0259min el\u0259sinl\u0259r, dey\u0259k ki, b\u0259li, h\u00f6kum\u0259t qay\u011f\u0131m\u0131z\u0131 \u00e7\u0259kir. Yoxsa ki, \u00f6zl\u0259ri \u00fc\u00e7\u00fcn yer sat\u0131b, obyekt tikib pul qazan\u0131rlar, deyirl\u0259r, v\u0259t\u0259nda\u015flar\u0131n rahatl\u0131\u011f\u0131 \u00fc\u00e7\u00fcn abadl\u0131q i\u015fl\u0259ri g\u00f6r\u00fcr\u00fck,\u201c- sakinl\u0259r deyir.\n<\/p>\n<p>\n  Sakinl\u0259rin dem\u0259sin\u0259 g\u00f6r\u0259, icra hakimiyy\u0259tinin da\u011f\u0131td\u0131\u011f\u0131 b\u0259zi yerl\u0259r aylard\u0131r ki, el\u0259 o v\u0259ziyy\u0259td\u0259 d\u0259 qal\u0131b. He\u00e7 da\u011f\u0131td\u0131qlar\u0131n\u0131 da da\u015f\u0131y\u0131b aparmay\u0131blar. T\u0259miz k\u00fc\u00e7\u0259l\u0259ri daha da \u00e7irkl\u0259ndiribl\u0259r.\n<\/p>\n<p>\n  Ming\u0259\u00e7evir \u015e\u0259h\u0259r \u0130cra Hakimiyy\u0259tind\u0259n Meydan TV-y\u0259 bildirilib ki, sakinl\u0259r ya\u015f\u0131ll\u0131q yaratmaq b\u0259han\u0259sil\u0259 binalar\u0131n \u0259traf\u0131ndak\u0131 \u0259razil\u0259ri hasarlayaraq z\u0259bt edibl\u0259r. \u0130cra ba\u015f\u00e7\u0131s\u0131n\u0131n g\u00f6st\u0259ri\u015fi il\u0259 bir m\u00fcdd\u0259t \u0259vv\u0259l hasarlar s\u00f6k\u00fcl\u00fcb. Tikintil\u0259rin is\u0259 h\u0259min binalar\u0131n \u0259razil\u0259rin\u0259 aidiyy\u0259ti yoxdur: \u201cBirincisi, h\u0259r\u0259 bir g\u00fcl \u0259kib, sonra da g\u00fcl \u0259kdiyi yeri hasara al\u0131b, torpa\u011f\u0131 z\u0259bt etmi\u015fdi. Binan\u0131n \u0259traf\u0131ndak\u0131 \u0259razil\u0259ri biri torla, biri taxtalarla, biri da\u015fla hasara alm\u0131\u015fd\u0131. \u0130kincisi, hans\u0131sa sahibkar orda qanuni yolla yer al\u0131b v\u0259 indi d\u0259 obyekt tikir, bunun n\u0259 binalarla, n\u0259 d\u0259 binalar\u0131n sakinl\u0259ril\u0259, ya\u015f\u0131ll\u0131qlarla \u0259laq\u0259si var. \u0130cra hakimiyy\u0259ti sakinl\u0259rin \u00f6zba\u015f\u0131nal\u0131qlar\u0131n\u0131n qar\u015f\u0131s\u0131n\u0131 al\u0131b, z\u0259bt etdikl\u0259ri torpaqlar\u0131 hasarlardan t\u0259mizl\u0259yib, abadl\u0131q i\u015fl\u0259ri apar\u0131b. He\u00e7 bir ya\u015f\u0131ll\u0131\u011fa m\u00fcdaxil\u0259 olunmay\u0131b, \u0259ksin\u0259, k\u00fc\u00e7\u0259d\u0259 t\u0259mizlik i\u015fl\u0259ri apar\u0131l\u0131b, zibil qutular\u0131 qoyulub\u201d.<\/p>\n","protected":false},"excerpt":{"rendered":"<p>\u015e\u0259h\u0259rin 20 yanvar k\u00fc\u00e7\u0259sind\u0259 ya\u015f\u0131ll\u0131qlar\u0131n m\u0259hv edilm\u0259si, tikinti i\u015fl\u0259rinin apar\u0131lmas\u0131 b\u0259zi sakinl\u0259ri naraz\u0131 sal\u0131b<\/p>\n","protected":false},"author":11,"featured_media":127661,"comment_status":"closed","ping_status":"open","sticky":false,"template":"","format":"standard","meta":{"_acf_changed":false,"_sitemap_exclude":false,"_sitemap_priority":"","_sitemap_frequency":"","footnotes":""},"categories":[60],"tags":[],"class_list":["post-196429","post","type-post","status-publish","format-standard","has-post-thumbnail","hentry","category-bolge","infinite-scroll-item","generate-columns","tablet-grid-50","mobile-grid-100","grid-parent","grid-33","no-featured-image-padding"],"acf":[],"yoast_head":"<!-- This site is optimized with the Yoast SEO plugin v27.5 - https:\/\/yoast.com\/product\/yoast-seo-wordpress\/ -->\n<title>Ming\u0259\u00e7evir sakinl\u0259ri: Yaratd\u0131\u011f\u0131m\u0131z ya\u015f\u0131ll\u0131qlar\u0131 m\u0259hv el\u0259dil\u0259r - MEYDAN.TV<\/title>\n<meta name=\"robots\" content=\"index, follow, max-snippet:-1, max-image-preview:large, max-video-preview:-1\" \/>\n<link rel=\"canonical\" href=\"https:\/\/www.meydan.tv\/az\/article\/mingecevir-sakinleri-yaratdigimiz-yasalliqlari-mehv-elediler\/\" \/>\n<meta property=\"og:locale\" content=\"az_AZ\" \/>\n<meta property=\"og:type\" content=\"article\" \/>\n<meta property=\"og:title\" content=\"Ming\u0259\u00e7evir sakinl\u0259ri: Yaratd\u0131\u011f\u0131m\u0131z ya\u015f\u0131ll\u0131qlar\u0131 m\u0259hv el\u0259dil\u0259r - MEYDAN.TV\" \/>\n<meta property=\"og:description\" content=\"\u015e\u0259h\u0259rin 20 yanvar k\u00fc\u00e7\u0259sind\u0259 ya\u015f\u0131ll\u0131qlar\u0131n m\u0259hv edilm\u0259si, tikinti i\u015fl\u0259rinin apar\u0131lmas\u0131 b\u0259zi sakinl\u0259ri naraz\u0131 sal\u0131b\" \/>\n<meta property=\"og:url\" content=\"https:\/\/www.meydan.tv\/az\/article\/mingecevir-sakinleri-yaratdigimiz-yasalliqlari-mehv-elediler\/\" \/>\n<meta property=\"og:site_name\" content=\"MEYDAN.TV\" \/>\n<meta property=\"article:published_time\" content=\"2019-07-31T17:48:35+00:00\" \/>\n<meta property=\"og:image\" content=\"https:\/\/www.meydan.tv\/wp-content\/uploads\/21_3pggnt7-scaled.jpg\" \/>\n\t<meta property=\"og:image:width\" content=\"2560\" \/>\n\t<meta property=\"og:image:height\" content=\"1594\" \/>\n\t<meta property=\"og:image:type\" content=\"image\/jpeg\" \/>\n<meta name=\"author\" content=\"user-manager\" \/>\n<meta name=\"twitter:card\" content=\"summary_large_image\" \/>\n<script type=\"application\/ld+json\" class=\"yoast-schema-graph\">{\"@context\":\"https:\\\/\\\/schema.org\",\"@graph\":[{\"@type\":\"Article\",\"@id\":\"https:\\\/\\\/www.meydan.tv\\\/az\\\/article\\\/mingecevir-sakinleri-yaratdigimiz-yasalliqlari-mehv-elediler\\\/#article\",\"isPartOf\":{\"@id\":\"https:\\\/\\\/www.meydan.tv\\\/az\\\/article\\\/mingecevir-sakinleri-yaratdigimiz-yasalliqlari-mehv-elediler\\\/\"},\"author\":{\"name\":\"user-manager\",\"@id\":\"https:\\\/\\\/www.meydan.tv\\\/az\\\/#\\\/schema\\\/person\\\/10d11eccf6da3662cf5fdab9806ea91a\"},\"headline\":\"Ming\u0259\u00e7evir sakinl\u0259ri: Yaratd\u0131\u011f\u0131m\u0131z ya\u015f\u0131ll\u0131qlar\u0131 m\u0259hv el\u0259dil\u0259r\",\"datePublished\":\"2019-07-31T17:48:35+00:00\",\"mainEntityOfPage\":{\"@id\":\"https:\\\/\\\/www.meydan.tv\\\/az\\\/article\\\/mingecevir-sakinleri-yaratdigimiz-yasalliqlari-mehv-elediler\\\/\"},\"wordCount\":908,\"publisher\":{\"@id\":\"https:\\\/\\\/www.meydan.tv\\\/az\\\/#organization\"},\"image\":{\"@id\":\"https:\\\/\\\/www.meydan.tv\\\/az\\\/article\\\/mingecevir-sakinleri-yaratdigimiz-yasalliqlari-mehv-elediler\\\/#primaryimage\"},\"thumbnailUrl\":\"https:\\\/\\\/www.meydan.tv\\\/wp-content\\\/uploads\\\/21_3pggnt7-scaled.jpg\",\"articleSection\":[\"B\u00f6lg\u0259\"],\"inLanguage\":\"az\"},{\"@type\":\"WebPage\",\"@id\":\"https:\\\/\\\/www.meydan.tv\\\/az\\\/article\\\/mingecevir-sakinleri-yaratdigimiz-yasalliqlari-mehv-elediler\\\/\",\"url\":\"https:\\\/\\\/www.meydan.tv\\\/az\\\/article\\\/mingecevir-sakinleri-yaratdigimiz-yasalliqlari-mehv-elediler\\\/\",\"name\":\"Ming\u0259\u00e7evir sakinl\u0259ri: Yaratd\u0131\u011f\u0131m\u0131z ya\u015f\u0131ll\u0131qlar\u0131 m\u0259hv el\u0259dil\u0259r - MEYDAN.TV\",\"isPartOf\":{\"@id\":\"https:\\\/\\\/www.meydan.tv\\\/az\\\/#website\"},\"primaryImageOfPage\":{\"@id\":\"https:\\\/\\\/www.meydan.tv\\\/az\\\/article\\\/mingecevir-sakinleri-yaratdigimiz-yasalliqlari-mehv-elediler\\\/#primaryimage\"},\"image\":{\"@id\":\"https:\\\/\\\/www.meydan.tv\\\/az\\\/article\\\/mingecevir-sakinleri-yaratdigimiz-yasalliqlari-mehv-elediler\\\/#primaryimage\"},\"thumbnailUrl\":\"https:\\\/\\\/www.meydan.tv\\\/wp-content\\\/uploads\\\/21_3pggnt7-scaled.jpg\",\"datePublished\":\"2019-07-31T17:48:35+00:00\",\"breadcrumb\":{\"@id\":\"https:\\\/\\\/www.meydan.tv\\\/az\\\/article\\\/mingecevir-sakinleri-yaratdigimiz-yasalliqlari-mehv-elediler\\\/#breadcrumb\"},\"inLanguage\":\"az\",\"potentialAction\":[{\"@type\":\"ReadAction\",\"target\":[\"https:\\\/\\\/www.meydan.tv\\\/az\\\/article\\\/mingecevir-sakinleri-yaratdigimiz-yasalliqlari-mehv-elediler\\\/\"]}]},{\"@type\":\"ImageObject\",\"inLanguage\":\"az\",\"@id\":\"https:\\\/\\\/www.meydan.tv\\\/az\\\/article\\\/mingecevir-sakinleri-yaratdigimiz-yasalliqlari-mehv-elediler\\\/#primaryimage\",\"url\":\"https:\\\/\\\/www.meydan.tv\\\/wp-content\\\/uploads\\\/21_3pggnt7-scaled.jpg\",\"contentUrl\":\"https:\\\/\\\/www.meydan.tv\\\/wp-content\\\/uploads\\\/21_3pggnt7-scaled.jpg\",\"width\":2560,\"height\":1594,\"caption\":\"Source: google\"},{\"@type\":\"BreadcrumbList\",\"@id\":\"https:\\\/\\\/www.meydan.tv\\\/az\\\/article\\\/mingecevir-sakinleri-yaratdigimiz-yasalliqlari-mehv-elediler\\\/#breadcrumb\",\"itemListElement\":[{\"@type\":\"ListItem\",\"position\":1,\"name\":\"Ana s\u0259hif\u0259\",\"item\":\"https:\\\/\\\/www.meydan.tv\\\/az\\\/\"},{\"@type\":\"ListItem\",\"position\":2,\"name\":\"B\u00f6lg\u0259\",\"item\":\"https:\\\/\\\/www.meydan.tv\\\/az\\\/section\\\/bolge\\\/\"},{\"@type\":\"ListItem\",\"position\":3,\"name\":\"Ming\u0259\u00e7evir sakinl\u0259ri: Yaratd\u0131\u011f\u0131m\u0131z ya\u015f\u0131ll\u0131qlar\u0131 m\u0259hv el\u0259dil\u0259r\"}]},{\"@type\":\"WebSite\",\"@id\":\"https:\\\/\\\/www.meydan.tv\\\/az\\\/#website\",\"url\":\"https:\\\/\\\/www.meydan.tv\\\/az\\\/\",\"name\":\"MEYDAN.TV\",\"description\":\"Meydan TV Az\u0259rbaycan\u0131n media m\u0259kan\u0131ndak\u0131 alternativ s\u0259sidir\",\"publisher\":{\"@id\":\"https:\\\/\\\/www.meydan.tv\\\/az\\\/#organization\"},\"potentialAction\":[{\"@type\":\"SearchAction\",\"target\":{\"@type\":\"EntryPoint\",\"urlTemplate\":\"https:\\\/\\\/www.meydan.tv\\\/az\\\/?s={search_term_string}\"},\"query-input\":{\"@type\":\"PropertyValueSpecification\",\"valueRequired\":true,\"valueName\":\"search_term_string\"}}],\"inLanguage\":\"az\"},{\"@type\":\"Organization\",\"@id\":\"https:\\\/\\\/www.meydan.tv\\\/az\\\/#organization\",\"name\":\"Meydan TV\",\"url\":\"https:\\\/\\\/www.meydan.tv\\\/az\\\/\",\"logo\":{\"@type\":\"ImageObject\",\"inLanguage\":\"az\",\"@id\":\"https:\\\/\\\/www.meydan.tv\\\/az\\\/#\\\/schema\\\/logo\\\/image\\\/\",\"url\":\"https:\\\/\\\/www.meydan.tv\\\/wp-content\\\/uploads\\\/2021\\\/07\\\/meydan-logo.svg\",\"contentUrl\":\"https:\\\/\\\/www.meydan.tv\\\/wp-content\\\/uploads\\\/2021\\\/07\\\/meydan-logo.svg\",\"width\":195,\"height\":46,\"caption\":\"Meydan TV\"},\"image\":{\"@id\":\"https:\\\/\\\/www.meydan.tv\\\/az\\\/#\\\/schema\\\/logo\\\/image\\\/\"}},{\"@type\":\"Person\",\"@id\":\"https:\\\/\\\/www.meydan.tv\\\/az\\\/#\\\/schema\\\/person\\\/10d11eccf6da3662cf5fdab9806ea91a\",\"name\":\"user-manager\"}]}<\/script>\n<!-- \/ Yoast SEO plugin. -->","yoast_head_json":{"title":"Ming\u0259\u00e7evir sakinl\u0259ri: Yaratd\u0131\u011f\u0131m\u0131z ya\u015f\u0131ll\u0131qlar\u0131 m\u0259hv el\u0259dil\u0259r - MEYDAN.TV","robots":{"index":"index","follow":"follow","max-snippet":"max-snippet:-1","max-image-preview":"max-image-preview:large","max-video-preview":"max-video-preview:-1"},"canonical":"https:\/\/www.meydan.tv\/az\/article\/mingecevir-sakinleri-yaratdigimiz-yasalliqlari-mehv-elediler\/","og_locale":"az_AZ","og_type":"article","og_title":"Ming\u0259\u00e7evir sakinl\u0259ri: Yaratd\u0131\u011f\u0131m\u0131z ya\u015f\u0131ll\u0131qlar\u0131 m\u0259hv el\u0259dil\u0259r - MEYDAN.TV","og_description":"\u015e\u0259h\u0259rin 20 yanvar k\u00fc\u00e7\u0259sind\u0259 ya\u015f\u0131ll\u0131qlar\u0131n m\u0259hv edilm\u0259si, tikinti i\u015fl\u0259rinin apar\u0131lmas\u0131 b\u0259zi sakinl\u0259ri naraz\u0131 sal\u0131b","og_url":"https:\/\/www.meydan.tv\/az\/article\/mingecevir-sakinleri-yaratdigimiz-yasalliqlari-mehv-elediler\/","og_site_name":"MEYDAN.TV","article_published_time":"2019-07-31T17:48:35+00:00","og_image":[{"width":2560,"height":1594,"url":"https:\/\/www.meydan.tv\/wp-content\/uploads\/21_3pggnt7-scaled.jpg","type":"image\/jpeg"}],"author":"user-manager","twitter_card":"summary_large_image","schema":{"@context":"https:\/\/schema.org","@graph":[{"@type":"Article","@id":"https:\/\/www.meydan.tv\/az\/article\/mingecevir-sakinleri-yaratdigimiz-yasalliqlari-mehv-elediler\/#article","isPartOf":{"@id":"https:\/\/www.meydan.tv\/az\/article\/mingecevir-sakinleri-yaratdigimiz-yasalliqlari-mehv-elediler\/"},"author":{"name":"user-manager","@id":"https:\/\/www.meydan.tv\/az\/#\/schema\/person\/10d11eccf6da3662cf5fdab9806ea91a"},"headline":"Ming\u0259\u00e7evir sakinl\u0259ri: Yaratd\u0131\u011f\u0131m\u0131z ya\u015f\u0131ll\u0131qlar\u0131 m\u0259hv el\u0259dil\u0259r","datePublished":"2019-07-31T17:48:35+00:00","mainEntityOfPage":{"@id":"https:\/\/www.meydan.tv\/az\/article\/mingecevir-sakinleri-yaratdigimiz-yasalliqlari-mehv-elediler\/"},"wordCount":908,"publisher":{"@id":"https:\/\/www.meydan.tv\/az\/#organization"},"image":{"@id":"https:\/\/www.meydan.tv\/az\/article\/mingecevir-sakinleri-yaratdigimiz-yasalliqlari-mehv-elediler\/#primaryimage"},"thumbnailUrl":"https:\/\/www.meydan.tv\/wp-content\/uploads\/21_3pggnt7-scaled.jpg","articleSection":["B\u00f6lg\u0259"],"inLanguage":"az"},{"@type":"WebPage","@id":"https:\/\/www.meydan.tv\/az\/article\/mingecevir-sakinleri-yaratdigimiz-yasalliqlari-mehv-elediler\/","url":"https:\/\/www.meydan.tv\/az\/article\/mingecevir-sakinleri-yaratdigimiz-yasalliqlari-mehv-elediler\/","name":"Ming\u0259\u00e7evir sakinl\u0259ri: Yaratd\u0131\u011f\u0131m\u0131z ya\u015f\u0131ll\u0131qlar\u0131 m\u0259hv el\u0259dil\u0259r - MEYDAN.TV","isPartOf":{"@id":"https:\/\/www.meydan.tv\/az\/#website"},"primaryImageOfPage":{"@id":"https:\/\/www.meydan.tv\/az\/article\/mingecevir-sakinleri-yaratdigimiz-yasalliqlari-mehv-elediler\/#primaryimage"},"image":{"@id":"https:\/\/www.meydan.tv\/az\/article\/mingecevir-sakinleri-yaratdigimiz-yasalliqlari-mehv-elediler\/#primaryimage"},"thumbnailUrl":"https:\/\/www.meydan.tv\/wp-content\/uploads\/21_3pggnt7-scaled.jpg","datePublished":"2019-07-31T17:48:35+00:00","breadcrumb":{"@id":"https:\/\/www.meydan.tv\/az\/article\/mingecevir-sakinleri-yaratdigimiz-yasalliqlari-mehv-elediler\/#breadcrumb"},"inLanguage":"az","potentialAction":[{"@type":"ReadAction","target":["https:\/\/www.meydan.tv\/az\/article\/mingecevir-sakinleri-yaratdigimiz-yasalliqlari-mehv-elediler\/"]}]},{"@type":"ImageObject","inLanguage":"az","@id":"https:\/\/www.meydan.tv\/az\/article\/mingecevir-sakinleri-yaratdigimiz-yasalliqlari-mehv-elediler\/#primaryimage","url":"https:\/\/www.meydan.tv\/wp-content\/uploads\/21_3pggnt7-scaled.jpg","contentUrl":"https:\/\/www.meydan.tv\/wp-content\/uploads\/21_3pggnt7-scaled.jpg","width":2560,"height":1594,"caption":"Source: google"},{"@type":"BreadcrumbList","@id":"https:\/\/www.meydan.tv\/az\/article\/mingecevir-sakinleri-yaratdigimiz-yasalliqlari-mehv-elediler\/#breadcrumb","itemListElement":[{"@type":"ListItem","position":1,"name":"Ana s\u0259hif\u0259","item":"https:\/\/www.meydan.tv\/az\/"},{"@type":"ListItem","position":2,"name":"B\u00f6lg\u0259","item":"https:\/\/www.meydan.tv\/az\/section\/bolge\/"},{"@type":"ListItem","position":3,"name":"Ming\u0259\u00e7evir sakinl\u0259ri: Yaratd\u0131\u011f\u0131m\u0131z ya\u015f\u0131ll\u0131qlar\u0131 m\u0259hv el\u0259dil\u0259r"}]},{"@type":"WebSite","@id":"https:\/\/www.meydan.tv\/az\/#website","url":"https:\/\/www.meydan.tv\/az\/","name":"MEYDAN.TV","description":"Meydan TV Az\u0259rbaycan\u0131n media m\u0259kan\u0131ndak\u0131 alternativ s\u0259sidir","publisher":{"@id":"https:\/\/www.meydan.tv\/az\/#organization"},"potentialAction":[{"@type":"SearchAction","target":{"@type":"EntryPoint","urlTemplate":"https:\/\/www.meydan.tv\/az\/?s={search_term_string}"},"query-input":{"@type":"PropertyValueSpecification","valueRequired":true,"valueName":"search_term_string"}}],"inLanguage":"az"},{"@type":"Organization","@id":"https:\/\/www.meydan.tv\/az\/#organization","name":"Meydan TV","url":"https:\/\/www.meydan.tv\/az\/","logo":{"@type":"ImageObject","inLanguage":"az","@id":"https:\/\/www.meydan.tv\/az\/#\/schema\/logo\/image\/","url":"https:\/\/www.meydan.tv\/wp-content\/uploads\/2021\/07\/meydan-logo.svg","contentUrl":"https:\/\/www.meydan.tv\/wp-content\/uploads\/2021\/07\/meydan-logo.svg","width":195,"height":46,"caption":"Meydan TV"},"image":{"@id":"https:\/\/www.meydan.tv\/az\/#\/schema\/logo\/image\/"}},{"@type":"Person","@id":"https:\/\/www.meydan.tv\/az\/#\/schema\/person\/10d11eccf6da3662cf5fdab9806ea91a","name":"user-manager"}]}},"_links":{"self":[{"href":"https:\/\/www.meydan.tv\/az\/wp-json\/wp\/v2\/posts\/196429","targetHints":{"allow":["GET"]}}],"collection":[{"href":"https:\/\/www.meydan.tv\/az\/wp-json\/wp\/v2\/posts"}],"about":[{"href":"https:\/\/www.meydan.tv\/az\/wp-json\/wp\/v2\/types\/post"}],"author":[{"embeddable":true,"href":"https:\/\/www.meydan.tv\/az\/wp-json\/wp\/v2\/users\/11"}],"replies":[{"embeddable":true,"href":"https:\/\/www.meydan.tv\/az\/wp-json\/wp\/v2\/comments?post=196429"}],"version-history":[{"count":0,"href":"https:\/\/www.meydan.tv\/az\/wp-json\/wp\/v2\/posts\/196429\/revisions"}],"wp:featuredmedia":[{"embeddable":true,"href":"https:\/\/www.meydan.tv\/az\/wp-json\/wp\/v2\/media\/127661"}],"wp:attachment":[{"href":"https:\/\/www.meydan.tv\/az\/wp-json\/wp\/v2\/media?parent=196429"}],"wp:term":[{"taxonomy":"category","embeddable":true,"href":"https:\/\/www.meydan.tv\/az\/wp-json\/wp\/v2\/categories?post=196429"},{"taxonomy":"post_tag","embeddable":true,"href":"https:\/\/www.meydan.tv\/az\/wp-json\/wp\/v2\/tags?post=196429"}],"curies":[{"name":"wp","href":"https:\/\/api.w.org\/{rel}","templated":true}]}}