{"id":196417,"date":"2019-07-31T12:11:02","date_gmt":"2019-07-31T12:11:02","guid":{"rendered":"https:\/\/www.meydan.tv\/article\/bizim-ev-yananda-yanginsondurenler-girdimancaydan-su-doldururmuslar\/"},"modified":"2019-07-31T12:11:02","modified_gmt":"2019-07-31T12:11:02","slug":"bizim-ev-yananda-yanginsondurenler-girdimancaydan-su-doldururmuslar","status":"publish","type":"post","link":"https:\/\/www.meydan.tv\/az\/article\/bizim-ev-yananda-yanginsondurenler-girdimancaydan-su-doldururmuslar\/","title":{"rendered":"&#8221;Bizim ev yananda, yan\u011f\u0131ns\u00f6nd\u00fcr\u0259nl\u0259r Girdiman\u00e7aydan su doldururmu\u015flar&#8221;"},"content":{"rendered":"<p>\n  <i><br \/>\n    Evi yanan A\u011fsu sakini azya\u015fl\u0131 u\u015faqlar\u0131 il\u0259 h\u0259y\u0259td\u0259 gec\u0259l\u0259diyini deyir<br \/>\n  <\/i>\n<\/p>\n<p>\n  Bu il iyulun 26-da A\u011fsu rayonu, Kala\u011fayl\u0131 k\u0259nd sakini \u0130bad\u0259t Ayd\u0131n q\u0131z\u0131 Q\u0259mb\u0259rovaya m\u0259xsus olan birm\u0259rt\u0259b\u0259li f\u0259rdi ya\u015fay\u0131\u015f evi tamamil\u0259 yan\u0131b.\n<\/p>\n<p>\n  \u0130bad\u0259t Q\u0259mb\u0259rovan\u0131n o\u011flu Radim Q\u0259mb\u0259rov Meydan TV-y\u0259 a\u00e7\u0131qlamas\u0131nda bildirib ki, yan\u011f\u0131n g\u00fcnorta saatlar\u0131nda ba\u015f verib. Yan\u011f\u0131nla ba\u011fl\u0131 F\u00f6vq\u0259lad\u0259 Hallar Nazirliyinin qaynar x\u0259ttin\u0259 m\u0259lumat verils\u0259 d\u0259, yan\u011f\u0131ns\u00f6nd\u00fcr\u0259nl\u0259r vaxt\u0131nda hadis\u0259 yerin\u0259 \u00e7ata bilm\u0259yib.\n<\/p>\n<p>\n  N\u0259tic\u0259d\u0259 ail\u0259y\u0259 iyirmi min manat civar\u0131nda ziyan d\u0259yib:\n<\/p>\n<p>\n  \u201cG\u00fcnorta anam, h\u0259yat yolda\u015f\u0131m v\u0259 iki u\u015fa\u011f\u0131mla yat\u0131blarm\u0131\u015f. Q\u0259fil q\u0131z\u0131m anam\u0131 oyad\u0131b ki, n\u0259n\u0259, burnuma t\u00fcst\u00fc iyi g\u0259lir, bo\u011fuluram. Bizd\u0259 qara d\u00f6\u015f\u0259m\u0259 yox idi. K\u0259ndd\u0259 \u00e7ox adam, tavan\u0131 qam\u0131\u015f qar\u011f\u0131s\u0131ndan edir. Quru qam\u0131\u015f qar\u011f\u0131s\u0131na od d\u00fc\u015f\u00fcb, ev yanma\u011fa ba\u015flay\u0131b. Bir d\u0259 onu g\u00f6r\u00fcbl\u0259r ki, \u015f\u00fc\u015f\u0259b\u0259nd yan\u0131b, alov dig\u0259r ota\u011fa ke\u00e7ir. H\u0259min vaxt i\u015fd\u0259 idim, evd\u0259n z\u0259ng g\u0259ldi, yolda\u015f\u0131m a\u011flaya-a\u011flaya dedi ki, evimiz yan\u0131r. Tez dostlar\u0131ma z\u0259ng el\u0259dim, g\u0259lib m\u0259ni g\u00f6t\u00fcrd\u00fcl\u0259r. Getdim ki, ev tamamil\u0259 yanaraq k\u00fcl\u0259 d\u00f6n\u00fcb. \u0130\u00e7\u0259risind\u0259ki b\u00fct\u00fcn \u0259\u015fyalar, s\u0259n\u0259dl\u0259rimiz d\u0259 yand\u0131. U\u015faqlar evd\u0259n ayaqyal\u0131n qa\u00e7m\u0131\u015fd\u0131lar, \u201c\u015f\u0259pit\u201d n\u0259dir onu da \u00e7\u0131xara bilm\u0259dik. Ev yanma\u011fa ba\u015flayan kimi, k\u0259nd camaat\u0131 F\u00f6vq\u0259lad\u0259 Hallar Nazirliyinin qaynar x\u0259ttin\u0259 z\u0259ng edibl\u0259r. Yolda\u015f\u0131m telefonla x\u0259b\u0259r ed\u0259nd\u0259 ki, ev yan\u0131r, m\u0259n d\u0259 tez z\u0259ng edib, hadis\u0259yl\u0259 ba\u011fl\u0131 x\u0259b\u0259r verdim. Yan\u011f\u0131ndan M\u00fchafiz\u0259 Xidm\u0259ti bizim k\u0259ndd\u0259n t\u0259xmin\u0259n 7 kilometr aral\u0131dad\u0131r. T\u0259s\u0259vv\u00fcr edin, bizim ev yananda, yan\u011f\u0131ns\u00f6nd\u00fcr\u0259nl\u0259r Girdiman\u00e7aydan su doldururmu\u015flar. Y\u0259n haz\u0131r v\u0259ziyy\u0259td\u0259 olmay\u0131blar\u201d.\n<\/p>\n<figure class=\"wp-block-image size-large\">\n  <img decoding=\"async\" src=\"https:\/\/www.meydan.tv\/az\/67320693_2904748386234270_6416396100424433664_n-jpg\/\" alt=\"67320693_2904748386234270_6416396100424433664_n.jpg\" class=\"wp-image-127625\"\/><figcaption>\n    Q\u0259mb\u0259rovan\u0131n evi<br \/>\n  <\/figcaption><\/figure>\n<p>\n  Radim Q\u0259mb\u0259rov ona d\u0259y\u0259n maddi ziyandan daha \u00e7ox 9 v\u0259 7 ya\u015flar\u0131nda \u00f6vladlar\u0131n\u0131n haz\u0131rda h\u0259y\u0259td\u0259, a\u00e7\u0131q havada ya\u015famas\u0131ndan narahatd\u0131r:\n<\/p>\n<p>\n  \u201cHaz\u0131rda iki azya\u015fl\u0131 \u00f6vlad\u0131m, x\u0259st\u0259 anam v\u0259 h\u0259yat yolda\u015f\u0131mla h\u0259y\u0259td\u0259 ya\u015fay\u0131ram. U\u015faqlar\u0131 a\u011fcaqanadlar yaman g\u00fcn\u0259 qoyub. A\u00e7\u0131q havada qurd-qu\u015f, ilan, k\u0259rt\u0259nk\u0259l\u0259 var. S\u0259h\u0259r\u0259 kimi yatm\u0131ram, ilan olur, \u0259qr\u0259b olur. Ona g\u00f6r\u0259 bir az ehtiyat edir\u0259m. Gec\u0259l\u0259ri yatmay\u0131b, u\u015faqlar\u0131ma ke\u015fik \u00e7\u0259kir\u0259m\u201d.\n<\/p>\n<p>\n  Radim Q\u0259mb\u0259rov deyir ki, bu ilin fevral\u0131nda ba\u015f ver\u0259n z\u0259lz\u0259l\u0259 zaman\u0131 onlar\u0131n da evi q\u0259zal\u0131 v\u0259ziyy\u0259t\u0259 d\u00fc\u015f\u00fcbm\u00fc\u015f. Bununla ba\u011fl\u0131 aidiyyat\u0131 qurumlara m\u00fcraci\u0259t edib. F\u00f6vq\u0259lad\u0259 Hallar Nazirliyinin Komissiyas\u0131 ev\u0259 bax\u0131\u015f ke\u00e7ir\u0259r\u0259k, t\u0259mir yazsalar da, sonradan he\u00e7 bir x\u0259b\u0259r-\u0259t\u0259r \u00e7\u0131xmay\u0131b:\n<\/p>\n<p>\n  \u201cYan\u011f\u0131ndan \u0259vv\u0259l ev\u0259 bax\u0131\u015f ke\u00e7irilib, t\u0259mir yaz\u0131lm\u0131\u015fd\u0131. A\u011fsu rayonunda \u00e7ox evl\u0259rd\u0259, t\u0259mir-b\u0259rpa i\u015fl\u0259ri apar\u0131l\u0131r. Amma biz t\u0259r\u0259fl\u0259r\u0259 h\u0259l\u0259 ki, g\u0259l\u0259n yoxdur. Ona g\u00f6r\u0259 d\u0259 narahatam. Bu yan\u011f\u0131ndan sonra F\u00f6vq\u0259lad\u0259 Hallar Nazirliyind\u0259 oldum, s\u00f6z verildi ki, m\u0259s\u0259l\u0259 ara\u015fd\u0131r\u0131lacaq. Dedikl\u0259rin\u0259 g\u00f6r\u0259, ev\u0259 yan\u011f\u0131ndan sonra t\u0259krar bax\u0131\u015f ke\u00e7iril\u0259c\u0259k. Deyibl\u0259r ki, h\u0259l\u0259lik, bizi avqustun \u0259vv\u0259ll\u0259rind\u0259 \u00e7ad\u0131rla t\u0259min ed\u0259c\u0259kl\u0259r. \u00c7al\u0131\u015f\u0131ram ki, n\u0259 q\u0259d\u0259r havalar \u0259lveri\u015flidir, tikinti i\u015fl\u0259rin\u0259 ba\u015flas\u0131nlar. Qar\u015f\u0131dan q\u0131\u015f g\u0259lir, iki u\u015faqla n\u0259 ed\u0259c\u0259yimizi bilmirik. H\u0259l\u0259lik, u\u015faqlara bir-iki d\u0259st geyim alm\u0131\u015fam, sonras\u0131na da Allah k\u0259rimdir\u201d.\n<\/p>\n<figure class=\"wp-block-image size-large\">\n  <img decoding=\"async\" src=\"https:\/\/www.meydan.tv\/az\/67297599_2904747272901048_4237753628628090880_n-jpg\/\" alt=\"67297599_2904747272901048_4237753628628090880_n.jpg\" class=\"wp-image-127628\"\/><figcaption>\n    yan\u011f\u0131n zaman\u0131<br \/>\n  <\/figcaption><\/figure>\n<p>\n  FHN-nin Tikintid\u0259 T\u0259hl\u00fck\u0259sizliy\u0259 N\u0259zar\u0259t D\u00f6vl\u0259t Agentliyind\u0259n Meydan TV-y\u0259 veril\u0259n m\u0259lumata g\u00f6r\u0259, evin yan\u011f\u0131n s\u0259b\u0259bl\u0259ri ara\u015fd\u0131r\u0131l\u0131b, m\u0259lum olub ki, hadis\u0259 q\u0131saqapanma n\u0259tic\u0259sind\u0259 ba\u015f verib:\n<\/p>\n<p>\n  \u201cBiz ail\u0259nin t\u0259la\u015f\u0131n\u0131 ba\u015fa d\u00fc\u015f\u00fcr\u00fck, narahat olurlar. Lakin g\u00f6z\u00fcyumulu i\u015fi ba\u015flaya bilm\u0259rik, yan\u011f\u0131n\u0131n s\u0259b\u0259bl\u0259rini ara\u015fd\u0131rmal\u0131yd\u0131q. \u00c7\u00fcnki olub ki, evl\u0259rin q\u0259sd\u0259n yand\u0131r\u0131lmas\u0131 kimi hallara da rast g\u0259lmi\u015fik. Bu evin yan\u011f\u0131n s\u0259b\u0259bl\u0259ri ara\u015fd\u0131r\u0131l\u0131rd\u0131. Art\u0131q g\u00f6st\u0259ri\u015f verilib. Yax\u0131n g\u00fcnl\u0259rd\u0259 b\u0259rpa i\u015fl\u0259rin\u0259 ba\u015flan\u0131lacaq\u201d.\n<\/p>\n<p>\n  FHN-nin D\u00f6vl\u0259t Yan\u011f\u0131ndan M\u00fchafiz\u0259 Xidm\u0259tind\u0259n yan\u011f\u0131ns\u00f6nd\u00fcr\u0259nl\u0259rin hadis\u0259 yerin\u0259 gec g\u0259lm\u0259si m\u0259s\u0259l\u0259sin\u0259 m\u00fcnasib\u0259t \u00f6yr\u0259nm\u0259k m\u00fcmk\u00fcn olmay\u0131b.\n<\/p>\n<figure class=\"wp-block-image size-large\">\n  <img decoding=\"async\" src=\"https:\/\/www.meydan.tv\/az\/67777736_2904748592900916_8664628003172515840_n-jpg\/\" alt=\"67777736_2904748592900916_8664628003172515840_n.jpg\" class=\"wp-image-127631\"\/><figcaption>\n    Q\u0259mb\u0259rovlar\u0131n evi<br \/>\n  <\/figcaption><\/figure>\n","protected":false},"excerpt":{"rendered":"<p>Lakin g\u00f6z\u00fcyumulu i\u015fi ba\u015flaya bilm\u0259rik, yan\u011f\u0131n\u0131n s\u0259b\u0259bl\u0259rini ara\u015fd\u0131rmal\u0131yd\u0131q.<\/p>\n","protected":false},"author":11,"featured_media":127622,"comment_status":"closed","ping_status":"open","sticky":false,"template":"","format":"standard","meta":{"_acf_changed":false,"_sitemap_exclude":false,"_sitemap_priority":"","_sitemap_frequency":"","footnotes":""},"categories":[60],"tags":[],"class_list":["post-196417","post","type-post","status-publish","format-standard","has-post-thumbnail","hentry","category-bolge","infinite-scroll-item","generate-columns","tablet-grid-50","mobile-grid-100","grid-parent","grid-33","no-featured-image-padding"],"acf":[],"yoast_head":"<!-- This site is optimized with the Yoast SEO plugin v27.5 - https:\/\/yoast.com\/product\/yoast-seo-wordpress\/ -->\n<title>&#039;&#039;Bizim ev yananda, yan\u011f\u0131ns\u00f6nd\u00fcr\u0259nl\u0259r Girdiman\u00e7aydan su doldururmu\u015flar&#039;&#039; - MEYDAN.TV<\/title>\n<meta name=\"robots\" content=\"index, follow, max-snippet:-1, max-image-preview:large, max-video-preview:-1\" \/>\n<link rel=\"canonical\" href=\"https:\/\/www.meydan.tv\/az\/article\/bizim-ev-yananda-yanginsondurenler-girdimancaydan-su-doldururmuslar\/\" \/>\n<meta property=\"og:locale\" content=\"az_AZ\" \/>\n<meta property=\"og:type\" content=\"article\" \/>\n<meta property=\"og:title\" content=\"&#039;&#039;Bizim ev yananda, yan\u011f\u0131ns\u00f6nd\u00fcr\u0259nl\u0259r Girdiman\u00e7aydan su doldururmu\u015flar&#039;&#039; - MEYDAN.TV\" \/>\n<meta property=\"og:description\" content=\"Lakin g\u00f6z\u00fcyumulu i\u015fi ba\u015flaya bilm\u0259rik, yan\u011f\u0131n\u0131n s\u0259b\u0259bl\u0259rini ara\u015fd\u0131rmal\u0131yd\u0131q.\" \/>\n<meta property=\"og:url\" content=\"https:\/\/www.meydan.tv\/az\/article\/bizim-ev-yananda-yanginsondurenler-girdimancaydan-su-doldururmuslar\/\" \/>\n<meta property=\"og:site_name\" content=\"MEYDAN.TV\" \/>\n<meta property=\"article:published_time\" content=\"2019-07-31T12:11:02+00:00\" \/>\n<meta property=\"og:image\" content=\"https:\/\/www.meydan.tv\/wp-content\/uploads\/67712384_2904746856234423_1011245230889893888_n.jpg\" \/>\n\t<meta property=\"og:image:width\" content=\"960\" \/>\n\t<meta property=\"og:image:height\" content=\"720\" \/>\n\t<meta property=\"og:image:type\" content=\"image\/jpeg\" \/>\n<meta name=\"author\" content=\"user-manager\" \/>\n<meta name=\"twitter:card\" content=\"summary_large_image\" \/>\n<script type=\"application\/ld+json\" class=\"yoast-schema-graph\">{\"@context\":\"https:\\\/\\\/schema.org\",\"@graph\":[{\"@type\":\"Article\",\"@id\":\"https:\\\/\\\/www.meydan.tv\\\/az\\\/article\\\/bizim-ev-yananda-yanginsondurenler-girdimancaydan-su-doldururmuslar\\\/#article\",\"isPartOf\":{\"@id\":\"https:\\\/\\\/www.meydan.tv\\\/az\\\/article\\\/bizim-ev-yananda-yanginsondurenler-girdimancaydan-su-doldururmuslar\\\/\"},\"author\":{\"name\":\"user-manager\",\"@id\":\"https:\\\/\\\/www.meydan.tv\\\/az\\\/#\\\/schema\\\/person\\\/10d11eccf6da3662cf5fdab9806ea91a\"},\"headline\":\"&#8221;Bizim ev yananda, yan\u011f\u0131ns\u00f6nd\u00fcr\u0259nl\u0259r Girdiman\u00e7aydan su doldururmu\u015flar&#8221;\",\"datePublished\":\"2019-07-31T12:11:02+00:00\",\"mainEntityOfPage\":{\"@id\":\"https:\\\/\\\/www.meydan.tv\\\/az\\\/article\\\/bizim-ev-yananda-yanginsondurenler-girdimancaydan-su-doldururmuslar\\\/\"},\"wordCount\":884,\"publisher\":{\"@id\":\"https:\\\/\\\/www.meydan.tv\\\/az\\\/#organization\"},\"image\":{\"@id\":\"https:\\\/\\\/www.meydan.tv\\\/az\\\/article\\\/bizim-ev-yananda-yanginsondurenler-girdimancaydan-su-doldururmuslar\\\/#primaryimage\"},\"thumbnailUrl\":\"https:\\\/\\\/www.meydan.tv\\\/wp-content\\\/uploads\\\/67712384_2904746856234423_1011245230889893888_n.jpg\",\"articleSection\":[\"B\u00f6lg\u0259\"],\"inLanguage\":\"az\"},{\"@type\":\"WebPage\",\"@id\":\"https:\\\/\\\/www.meydan.tv\\\/az\\\/article\\\/bizim-ev-yananda-yanginsondurenler-girdimancaydan-su-doldururmuslar\\\/\",\"url\":\"https:\\\/\\\/www.meydan.tv\\\/az\\\/article\\\/bizim-ev-yananda-yanginsondurenler-girdimancaydan-su-doldururmuslar\\\/\",\"name\":\"''Bizim ev yananda, yan\u011f\u0131ns\u00f6nd\u00fcr\u0259nl\u0259r Girdiman\u00e7aydan su doldururmu\u015flar'' - MEYDAN.TV\",\"isPartOf\":{\"@id\":\"https:\\\/\\\/www.meydan.tv\\\/az\\\/#website\"},\"primaryImageOfPage\":{\"@id\":\"https:\\\/\\\/www.meydan.tv\\\/az\\\/article\\\/bizim-ev-yananda-yanginsondurenler-girdimancaydan-su-doldururmuslar\\\/#primaryimage\"},\"image\":{\"@id\":\"https:\\\/\\\/www.meydan.tv\\\/az\\\/article\\\/bizim-ev-yananda-yanginsondurenler-girdimancaydan-su-doldururmuslar\\\/#primaryimage\"},\"thumbnailUrl\":\"https:\\\/\\\/www.meydan.tv\\\/wp-content\\\/uploads\\\/67712384_2904746856234423_1011245230889893888_n.jpg\",\"datePublished\":\"2019-07-31T12:11:02+00:00\",\"breadcrumb\":{\"@id\":\"https:\\\/\\\/www.meydan.tv\\\/az\\\/article\\\/bizim-ev-yananda-yanginsondurenler-girdimancaydan-su-doldururmuslar\\\/#breadcrumb\"},\"inLanguage\":\"az\",\"potentialAction\":[{\"@type\":\"ReadAction\",\"target\":[\"https:\\\/\\\/www.meydan.tv\\\/az\\\/article\\\/bizim-ev-yananda-yanginsondurenler-girdimancaydan-su-doldururmuslar\\\/\"]}]},{\"@type\":\"ImageObject\",\"inLanguage\":\"az\",\"@id\":\"https:\\\/\\\/www.meydan.tv\\\/az\\\/article\\\/bizim-ev-yananda-yanginsondurenler-girdimancaydan-su-doldururmuslar\\\/#primaryimage\",\"url\":\"https:\\\/\\\/www.meydan.tv\\\/wp-content\\\/uploads\\\/67712384_2904746856234423_1011245230889893888_n.jpg\",\"contentUrl\":\"https:\\\/\\\/www.meydan.tv\\\/wp-content\\\/uploads\\\/67712384_2904746856234423_1011245230889893888_n.jpg\",\"width\":960,\"height\":720,\"caption\":\"Source: meydan tv\"},{\"@type\":\"BreadcrumbList\",\"@id\":\"https:\\\/\\\/www.meydan.tv\\\/az\\\/article\\\/bizim-ev-yananda-yanginsondurenler-girdimancaydan-su-doldururmuslar\\\/#breadcrumb\",\"itemListElement\":[{\"@type\":\"ListItem\",\"position\":1,\"name\":\"Ana s\u0259hif\u0259\",\"item\":\"https:\\\/\\\/www.meydan.tv\\\/az\\\/\"},{\"@type\":\"ListItem\",\"position\":2,\"name\":\"B\u00f6lg\u0259\",\"item\":\"https:\\\/\\\/www.meydan.tv\\\/az\\\/section\\\/bolge\\\/\"},{\"@type\":\"ListItem\",\"position\":3,\"name\":\"&#8221;Bizim ev yananda, yan\u011f\u0131ns\u00f6nd\u00fcr\u0259nl\u0259r Girdiman\u00e7aydan su doldururmu\u015flar&#8221;\"}]},{\"@type\":\"WebSite\",\"@id\":\"https:\\\/\\\/www.meydan.tv\\\/az\\\/#website\",\"url\":\"https:\\\/\\\/www.meydan.tv\\\/az\\\/\",\"name\":\"MEYDAN.TV\",\"description\":\"Meydan TV Az\u0259rbaycan\u0131n media m\u0259kan\u0131ndak\u0131 alternativ s\u0259sidir\",\"publisher\":{\"@id\":\"https:\\\/\\\/www.meydan.tv\\\/az\\\/#organization\"},\"potentialAction\":[{\"@type\":\"SearchAction\",\"target\":{\"@type\":\"EntryPoint\",\"urlTemplate\":\"https:\\\/\\\/www.meydan.tv\\\/az\\\/?s={search_term_string}\"},\"query-input\":{\"@type\":\"PropertyValueSpecification\",\"valueRequired\":true,\"valueName\":\"search_term_string\"}}],\"inLanguage\":\"az\"},{\"@type\":\"Organization\",\"@id\":\"https:\\\/\\\/www.meydan.tv\\\/az\\\/#organization\",\"name\":\"Meydan TV\",\"url\":\"https:\\\/\\\/www.meydan.tv\\\/az\\\/\",\"logo\":{\"@type\":\"ImageObject\",\"inLanguage\":\"az\",\"@id\":\"https:\\\/\\\/www.meydan.tv\\\/az\\\/#\\\/schema\\\/logo\\\/image\\\/\",\"url\":\"https:\\\/\\\/www.meydan.tv\\\/wp-content\\\/uploads\\\/2021\\\/07\\\/meydan-logo.svg\",\"contentUrl\":\"https:\\\/\\\/www.meydan.tv\\\/wp-content\\\/uploads\\\/2021\\\/07\\\/meydan-logo.svg\",\"width\":195,\"height\":46,\"caption\":\"Meydan TV\"},\"image\":{\"@id\":\"https:\\\/\\\/www.meydan.tv\\\/az\\\/#\\\/schema\\\/logo\\\/image\\\/\"}},{\"@type\":\"Person\",\"@id\":\"https:\\\/\\\/www.meydan.tv\\\/az\\\/#\\\/schema\\\/person\\\/10d11eccf6da3662cf5fdab9806ea91a\",\"name\":\"user-manager\"}]}<\/script>\n<!-- \/ Yoast SEO plugin. -->","yoast_head_json":{"title":"''Bizim ev yananda, yan\u011f\u0131ns\u00f6nd\u00fcr\u0259nl\u0259r Girdiman\u00e7aydan su doldururmu\u015flar'' - MEYDAN.TV","robots":{"index":"index","follow":"follow","max-snippet":"max-snippet:-1","max-image-preview":"max-image-preview:large","max-video-preview":"max-video-preview:-1"},"canonical":"https:\/\/www.meydan.tv\/az\/article\/bizim-ev-yananda-yanginsondurenler-girdimancaydan-su-doldururmuslar\/","og_locale":"az_AZ","og_type":"article","og_title":"''Bizim ev yananda, yan\u011f\u0131ns\u00f6nd\u00fcr\u0259nl\u0259r Girdiman\u00e7aydan su doldururmu\u015flar'' - MEYDAN.TV","og_description":"Lakin g\u00f6z\u00fcyumulu i\u015fi ba\u015flaya bilm\u0259rik, yan\u011f\u0131n\u0131n s\u0259b\u0259bl\u0259rini ara\u015fd\u0131rmal\u0131yd\u0131q.","og_url":"https:\/\/www.meydan.tv\/az\/article\/bizim-ev-yananda-yanginsondurenler-girdimancaydan-su-doldururmuslar\/","og_site_name":"MEYDAN.TV","article_published_time":"2019-07-31T12:11:02+00:00","og_image":[{"width":960,"height":720,"url":"https:\/\/www.meydan.tv\/wp-content\/uploads\/67712384_2904746856234423_1011245230889893888_n.jpg","type":"image\/jpeg"}],"author":"user-manager","twitter_card":"summary_large_image","schema":{"@context":"https:\/\/schema.org","@graph":[{"@type":"Article","@id":"https:\/\/www.meydan.tv\/az\/article\/bizim-ev-yananda-yanginsondurenler-girdimancaydan-su-doldururmuslar\/#article","isPartOf":{"@id":"https:\/\/www.meydan.tv\/az\/article\/bizim-ev-yananda-yanginsondurenler-girdimancaydan-su-doldururmuslar\/"},"author":{"name":"user-manager","@id":"https:\/\/www.meydan.tv\/az\/#\/schema\/person\/10d11eccf6da3662cf5fdab9806ea91a"},"headline":"&#8221;Bizim ev yananda, yan\u011f\u0131ns\u00f6nd\u00fcr\u0259nl\u0259r Girdiman\u00e7aydan su doldururmu\u015flar&#8221;","datePublished":"2019-07-31T12:11:02+00:00","mainEntityOfPage":{"@id":"https:\/\/www.meydan.tv\/az\/article\/bizim-ev-yananda-yanginsondurenler-girdimancaydan-su-doldururmuslar\/"},"wordCount":884,"publisher":{"@id":"https:\/\/www.meydan.tv\/az\/#organization"},"image":{"@id":"https:\/\/www.meydan.tv\/az\/article\/bizim-ev-yananda-yanginsondurenler-girdimancaydan-su-doldururmuslar\/#primaryimage"},"thumbnailUrl":"https:\/\/www.meydan.tv\/wp-content\/uploads\/67712384_2904746856234423_1011245230889893888_n.jpg","articleSection":["B\u00f6lg\u0259"],"inLanguage":"az"},{"@type":"WebPage","@id":"https:\/\/www.meydan.tv\/az\/article\/bizim-ev-yananda-yanginsondurenler-girdimancaydan-su-doldururmuslar\/","url":"https:\/\/www.meydan.tv\/az\/article\/bizim-ev-yananda-yanginsondurenler-girdimancaydan-su-doldururmuslar\/","name":"''Bizim ev yananda, yan\u011f\u0131ns\u00f6nd\u00fcr\u0259nl\u0259r Girdiman\u00e7aydan su doldururmu\u015flar'' - MEYDAN.TV","isPartOf":{"@id":"https:\/\/www.meydan.tv\/az\/#website"},"primaryImageOfPage":{"@id":"https:\/\/www.meydan.tv\/az\/article\/bizim-ev-yananda-yanginsondurenler-girdimancaydan-su-doldururmuslar\/#primaryimage"},"image":{"@id":"https:\/\/www.meydan.tv\/az\/article\/bizim-ev-yananda-yanginsondurenler-girdimancaydan-su-doldururmuslar\/#primaryimage"},"thumbnailUrl":"https:\/\/www.meydan.tv\/wp-content\/uploads\/67712384_2904746856234423_1011245230889893888_n.jpg","datePublished":"2019-07-31T12:11:02+00:00","breadcrumb":{"@id":"https:\/\/www.meydan.tv\/az\/article\/bizim-ev-yananda-yanginsondurenler-girdimancaydan-su-doldururmuslar\/#breadcrumb"},"inLanguage":"az","potentialAction":[{"@type":"ReadAction","target":["https:\/\/www.meydan.tv\/az\/article\/bizim-ev-yananda-yanginsondurenler-girdimancaydan-su-doldururmuslar\/"]}]},{"@type":"ImageObject","inLanguage":"az","@id":"https:\/\/www.meydan.tv\/az\/article\/bizim-ev-yananda-yanginsondurenler-girdimancaydan-su-doldururmuslar\/#primaryimage","url":"https:\/\/www.meydan.tv\/wp-content\/uploads\/67712384_2904746856234423_1011245230889893888_n.jpg","contentUrl":"https:\/\/www.meydan.tv\/wp-content\/uploads\/67712384_2904746856234423_1011245230889893888_n.jpg","width":960,"height":720,"caption":"Source: meydan tv"},{"@type":"BreadcrumbList","@id":"https:\/\/www.meydan.tv\/az\/article\/bizim-ev-yananda-yanginsondurenler-girdimancaydan-su-doldururmuslar\/#breadcrumb","itemListElement":[{"@type":"ListItem","position":1,"name":"Ana s\u0259hif\u0259","item":"https:\/\/www.meydan.tv\/az\/"},{"@type":"ListItem","position":2,"name":"B\u00f6lg\u0259","item":"https:\/\/www.meydan.tv\/az\/section\/bolge\/"},{"@type":"ListItem","position":3,"name":"&#8221;Bizim ev yananda, yan\u011f\u0131ns\u00f6nd\u00fcr\u0259nl\u0259r Girdiman\u00e7aydan su doldururmu\u015flar&#8221;"}]},{"@type":"WebSite","@id":"https:\/\/www.meydan.tv\/az\/#website","url":"https:\/\/www.meydan.tv\/az\/","name":"MEYDAN.TV","description":"Meydan TV Az\u0259rbaycan\u0131n media m\u0259kan\u0131ndak\u0131 alternativ s\u0259sidir","publisher":{"@id":"https:\/\/www.meydan.tv\/az\/#organization"},"potentialAction":[{"@type":"SearchAction","target":{"@type":"EntryPoint","urlTemplate":"https:\/\/www.meydan.tv\/az\/?s={search_term_string}"},"query-input":{"@type":"PropertyValueSpecification","valueRequired":true,"valueName":"search_term_string"}}],"inLanguage":"az"},{"@type":"Organization","@id":"https:\/\/www.meydan.tv\/az\/#organization","name":"Meydan TV","url":"https:\/\/www.meydan.tv\/az\/","logo":{"@type":"ImageObject","inLanguage":"az","@id":"https:\/\/www.meydan.tv\/az\/#\/schema\/logo\/image\/","url":"https:\/\/www.meydan.tv\/wp-content\/uploads\/2021\/07\/meydan-logo.svg","contentUrl":"https:\/\/www.meydan.tv\/wp-content\/uploads\/2021\/07\/meydan-logo.svg","width":195,"height":46,"caption":"Meydan TV"},"image":{"@id":"https:\/\/www.meydan.tv\/az\/#\/schema\/logo\/image\/"}},{"@type":"Person","@id":"https:\/\/www.meydan.tv\/az\/#\/schema\/person\/10d11eccf6da3662cf5fdab9806ea91a","name":"user-manager"}]}},"_links":{"self":[{"href":"https:\/\/www.meydan.tv\/az\/wp-json\/wp\/v2\/posts\/196417","targetHints":{"allow":["GET"]}}],"collection":[{"href":"https:\/\/www.meydan.tv\/az\/wp-json\/wp\/v2\/posts"}],"about":[{"href":"https:\/\/www.meydan.tv\/az\/wp-json\/wp\/v2\/types\/post"}],"author":[{"embeddable":true,"href":"https:\/\/www.meydan.tv\/az\/wp-json\/wp\/v2\/users\/11"}],"replies":[{"embeddable":true,"href":"https:\/\/www.meydan.tv\/az\/wp-json\/wp\/v2\/comments?post=196417"}],"version-history":[{"count":0,"href":"https:\/\/www.meydan.tv\/az\/wp-json\/wp\/v2\/posts\/196417\/revisions"}],"wp:featuredmedia":[{"embeddable":true,"href":"https:\/\/www.meydan.tv\/az\/wp-json\/wp\/v2\/media\/127622"}],"wp:attachment":[{"href":"https:\/\/www.meydan.tv\/az\/wp-json\/wp\/v2\/media?parent=196417"}],"wp:term":[{"taxonomy":"category","embeddable":true,"href":"https:\/\/www.meydan.tv\/az\/wp-json\/wp\/v2\/categories?post=196417"},{"taxonomy":"post_tag","embeddable":true,"href":"https:\/\/www.meydan.tv\/az\/wp-json\/wp\/v2\/tags?post=196417"}],"curies":[{"name":"wp","href":"https:\/\/api.w.org\/{rel}","templated":true}]}}