{"id":196388,"date":"2019-07-29T16:33:35","date_gmt":"2019-07-29T16:33:35","guid":{"rendered":"https:\/\/www.meydan.tv\/article\/bmt-ye-sikayetname\/"},"modified":"2019-07-29T16:33:35","modified_gmt":"2019-07-29T16:33:35","slug":"bmt-ye-sikayetname","status":"publish","type":"post","link":"https:\/\/www.meydan.tv\/az\/article\/bmt-ye-sikayetname\/","title":{"rendered":"BMT-y\u0259 \u015fikay\u0259tnam\u0259"},"content":{"rendered":"<p>\n  Bizim hakim siyasi sinfin \u0259xlaq\u0131 v\u0259 z\u0259kas\u0131, yum\u015faq des\u0259k, kamillikd\u0259n uzaqd\u0131r. C\u0259miyy\u0259td\u0259 bel\u0259 bir fikir dola\u015f\u0131r ki, bu \u0259xlaq\u0131 naqis hakimiyy\u0259ti z\u0259ka v\u0259 \u0259xlaq bax\u0131m\u0131ndan daha kamil m\u00fcxalif\u0259t \u0259v\u0259z etm\u0259lidir. M\u0259hz buna g\u00f6r\u0259 \u0259hali se\u00e7kil\u0259rd\u0259 m\u00fcxalif\u0259t\u0259 s\u0259s verir, etiraz n\u00fcmayi\u015fl\u0259rin\u0259 \u00e7\u0131x\u0131r, h\u0259r\u00e7\u0259nd bilir ki, hakimiyy\u0259t bu zaman xalq\u0131 d\u00f6y\u0259c\u0259k v\u0259 h\u0259tta \u00f6ld\u00fcr\u0259c\u0259k. Ke\u00e7\u0259n \u0259srin \u0259vv\u0259lind\u0259 azadl\u0131qsev\u0259rl\u0259r rus \u00e7arizminin z\u00fclm\u00fcn\u0259 qar\u015f\u0131 \u015f\u00fcurlu sur\u0259td\u0259 kazak q\u0131rmanclar\u0131n\u0131n v\u0259 \u0259sg\u0259r s\u00fcng\u00fcl\u0259rinin \u00fcst\u00fcn\u0259 getdikl\u0259ri kimi, az\u0259rbaycanl\u0131 ki\u015fil\u0259r v\u0259 qad\u0131nlar demokratiya v\u0259 v\u0259t\u0259n namin\u0259 polis zopalar\u0131na v\u0259 m\u0259hb\u0259s t\u0259hl\u00fck\u0259sin\u0259 qar\u015f\u0131 c\u0259sar\u0259tl\u0259 qalx\u0131rlar. Pisl\u0259ri ist\u0259mirik! Yax\u015f\u0131lar\u0131 ist\u0259yirik!\n<\/p>\n<p>\n  Lakin hakimiyy\u0259t h\u0259r d\u0259f\u0259 xalqa qar\u015f\u0131 zor i\u015fl\u0259dir v\u0259 se\u00e7kil\u0259ri saxtala\u015fd\u0131r\u0131r. Bir d\u0259f\u0259, iki d\u0259f\u0259&#8230; N\u0259hay\u0259t, m\u00fcxalif\u0259t anlay\u0131r ki, d\u00f6y\u00fcl\u0259n u\u015faq olmaq ay\u0131bd\u0131r. Ax\u0131 h\u0259r d\u0259f\u0259 d\u00f6y\u00fcl\u0259nd\u0259n sonra m\u00fcxalif\u0259tin olan-qalan h\u00f6rm\u0259ti isti g\u00fcn\u0259\u015f \u015f\u00fcalar\u0131n\u0131n alt\u0131nda olan buz kimi \u0259riyir. Onda R\u0259sul Quliyevin-S\u0259rdar C\u0259lalo\u011flunun Demokrat Partiyas\u0131 m\u00fcxalif\u0259t\u0259 t\u0259klif verdi ki, birl\u0259\u015fib Birl\u0259\u015fmi\u015f Mill\u0259tl\u0259r T\u0259\u015fkilat\u0131na bir d\u0259n\u0259 \u015fikay\u0259tnam\u0259 yazaq! Yazaq ki, Kofi Annan baba, imdad\u0131m\u0131za \u00e7at, hakimiyy\u0259timiz xalqlar\u0131n h\u00fcquqlar\u0131 haqq\u0131nda b\u00fct\u00fcn m\u00f6vcud beyn\u0259lxalq qanunlar\u0131 imzalamas\u0131na r\u0259\u011fm\u0259n se\u00e7kil\u0259rin n\u0259tic\u0259l\u0259rini saxtala\u015fd\u0131r\u0131r. Etiraz ed\u0259nl\u0259ri is\u0259 ba\u015f\u0131ndan rezin d\u0259y\u0259n\u0259kl\u0259 vurur, m\u0259hb\u0259s\u0259 sal\u0131r v\u0259 onlar\u0131n ac ail\u0259l\u0259rini m\u0259cbur edir ki, yek\u0259qar\u0131n polisl\u0259r\u0259 r\u00fc\u015fv\u0259t verib m\u0259hb\u0259sd\u0259ki \u0259zizl\u0259rin\u0259 \u0259rzaq sovqat\u0131 \u00e7atd\u0131rs\u0131nlar. B\u0259li, \u0259ziz Kofi baba, v\u0259ziyy\u0259t bel\u0259c\u0259 f\u0259nad\u0131r, odur ki, qoy BMT g\u0259lsin Az\u0259rbaycana v\u0259 d\u00fcnyada \u0259n t\u0259miz, \u0259n \u0259dal\u0259tli v\u0259 \u0259n \u015f\u0259ffaf se\u00e7kil\u0259ri ke\u00e7irsin. \u00c7\u00fcnki biz bu Prezident Aparat\u0131nda v\u0259 M\u0259rk\u0259zi Se\u00e7ki Komissiyas\u0131nda i\u015fl\u0259y\u0259n d\u0259l\u0259duzlara v\u0259 f\u0131r\u0131ldaq\u00e7\u0131lara d\u0259xi inanm\u0131r\u0131q!\n<\/p>\n<p>\n  \u2026Bu q\u0259ziyy\u0259 2000-ci ilin isti yay\u0131nda ba\u015f vermi\u015fdi. H\u0259min vaxtda da bizim partiyalar bir-birini sevmirdi, lakin qar\u015f\u0131l\u0131ql\u0131 nifr\u0259t h\u0259l\u0259 indiki y\u00fcks\u0259k h\u0259dd\u0259 \u00e7atmam\u0131\u015fd\u0131. Bu olmayan m\u0259h\u0259bb\u0259t\u0259 r\u0259\u011fm\u0259n q\u0259rara al\u0131nd\u0131 ki, 21 m\u00fcxalif\u0259t partiyas\u0131 bu \u015fikay\u0259tnam\u0259ni \u0259n y\u00fcks\u0259k s\u0259viyy\u0259d\u0259, y\u0259ni partiya s\u0259drl\u0259ri s\u0259viyy\u0259sind\u0259 imzalas\u0131nlar v\u0259 Nyu-Yorka \u00fc\u00e7 n\u0259f\u0259ri ezam etsinl\u0259r: bir sa\u011f\u00e7\u0131n\u0131, bir sol\u00e7unu, bir d\u0259n\u0259 d\u0259 lap sa\u011f\u00e7\u0131n\u0131.\n<\/p>\n<p>\n  Nyu-Yorka s\u0259f\u0259ri m\u0259n\u0259 t\u0259klif ed\u0259nd\u0259 b\u0259nd\u0259niz q\u0259ti etiraz etdi: niy\u0259 m\u0259n? M\u0259nim pul kis\u0259m bo\u015fdur, Ab\u015feron ba\u011flar\u0131na getm\u0259y\u0259 \u00e7atar, f\u0259q\u0259t Amerikaya \u00e7atmaz. Lakin siyasi c\u0259miyy\u0259t \u00fcst\u00fcm\u0259 d\u00fc\u015fd\u00fc v\u0259 dedi ki, \u201cm\u0259s\u0259l\u0259nin maddi c\u0259h\u0259ti qoy s\u0259ni qay\u011f\u0131land\u0131rmas\u0131n, bilet alarlar, qar\u015f\u0131layarlar, yerl\u0259\u015fdir\u0259rl\u0259r, suyunu-\u00e7\u00f6r\u0259yini ver\u0259rl\u0259r, geriy\u0259 yola salarlar\u201d.\n<\/p>\n<p>\n  Ham\u0131 bilir ki, m\u0259nim z\u0259if damar\u0131m harad\u0131r. Dey\u0259nd\u0259 ki, c\u0259miyy\u0259tin m\u0259nafeyi t\u0259l\u0259b edir, m\u0259n \u00f6z\u00fcm\u00fc unudub lap tank\u0131n \u00fcst\u00fcn\u0259 ged\u0259r\u0259m. Bel\u0259c\u0259 d\u0259 m\u0259ni inand\u0131rd\u0131lar ki, Nyu-Yorka s\u0259f\u0259r mill\u0259t\u0259 fayda g\u0259tir\u0259c\u0259k. Na\u0259lac raz\u0131la\u015f\u0131b soru\u015fdum ki, \u201cb\u0259s, m\u00fcsafirl\u0259rim kimdir\u201d? Dedil\u0259r ki, bu \u0259n yax\u015f\u0131 insanlard\u0131r, istibdada qar\u015f\u0131 m\u0259tin m\u00fcbariz S\u0259rdar C\u0259lalo\u011flu v\u0259 jurnalistl\u0259rin dostu Nazim M\u00fcz\u0259ff\u0259rlidir.\n<\/p>\n<p>\n  2000-ci ilin iyun ay\u0131n\u0131n 14-d\u0259 21 partiyan\u0131n lideri t\u0259nt\u0259n\u0259li \u015f\u0259kild\u0259 bu \u015fikay\u0259tnam\u0259ni imzalad\u0131, ay\u0131n 16-da is\u0259 b\u0259nd\u0259niz art\u0131q hava liman\u0131nda \u0259lind\u0259 oraya v\u0259 geriy\u0259 u\u00e7u\u015f bileti tutan S\u0259rdar C\u0259lalo\u011flu il\u0259 g\u00f6r\u00fc\u015fd\u00fc. \u201cB\u0259s Nazim b\u0259y han\u0131?\u201d-b\u0259nd\u0259niz soru\u015fdu. S\u0259rdar b\u0259y cavab verdi ki, \u201cOnun AB\u015e-da t\u0259cili i\u015fl\u0259ri var idi, ona g\u00f6r\u0259 d\u00fcn\u0259n u\u00e7ub Amerikaya\u201d. M\u0259n t\u0259\u0259cc\u00fcbl\u0259ndim v\u0259 d\u00fc\u015f\u00fcnd\u00fcm: \u201cQ\u0259rib\u0259dir. Nazim b\u0259yin Amerikada t\u0259cili i\u015fl\u0259ri var. M\u0259nim is\u0259 h\u0259tta Bak\u0131da t\u0259cili i\u015fim yoxdur. \u0130\u015fimi-g\u00fcc\u00fcm\u00fc at\u0131b q\u0259lb\u0259n inanmad\u0131\u011f\u0131m adamlar\u0131n i\u015fi \u00fc\u00e7\u00fcn d\u00fcnyan\u0131n o biri ba\u015f\u0131na u\u00e7uram\u201d.\n<\/p>\n<p>\n  S\u00f6z\u00fcn d\u00fcz\u00fc, m\u00fcxalif\u0259tin BMT-y\u0259 \u0259rzi-hal\u0131 v\u0259 bunun n\u0259tic\u0259sind\u0259 Kofi Annan\u0131n m\u00fcst\u0259qil Az\u0259rbaycana se\u00e7ki komissiyas\u0131 g\u00f6nd\u0259rm\u0259si m\u0259s\u0259l\u0259si s\u0131rf siyasi t\u0259bli\u011fat gedi\u015fi idi. M\u00fcxalif\u0259t bunu \u00e7ox g\u00f6z\u0259l anlay\u0131rd\u0131. Bilirdik ki, BMT m\u00fcst\u0259sna b\u00fcrokratik v\u0259 h\u0259dsiz r\u00fc\u015fv\u0259t\u0259 bula\u015fm\u0131\u015f t\u0259\u015fkilatd\u0131r, bilirdik ki, oran\u0131n a\u011fas\u0131 be\u015f f\u00f6vq\u0259ld\u00f6vl\u0259tdir v\u0259 bu be\u015f d\u00f6vl\u0259t 190 d\u00f6vl\u0259ti ist\u0259diyi kimi oynad\u0131r. Bilirdik ki, BMT-d\u0259 q\u0259rarlar\u0131 m\u00fcxalif\u0259t deyil, h\u00f6kum\u0259tl\u0259r q\u0259bul edir. Bilirdik ki, \u00c7ilid\u0259 se\u00e7kil\u0259ri BMT Auqusto Pino\u00e7etin raz\u0131l\u0131\u011f\u0131 il\u0259 ke\u00e7irmi\u015fdi, Kampu\u00e7iyada is\u0259 se\u00e7kil\u0259ri BMT ona g\u00f6r\u0259 ke\u00e7irmi\u015fdi ki, \u00f6lk\u0259 fel\u0259n da\u011f\u0131lm\u0131\u015fd\u0131. Bizim Pino\u00e7et bel\u0259 bir raz\u0131l\u0131\u011f\u0131 he\u00e7 vaxt verm\u0259z, bizim \u00f6lk\u0259 is\u0259, baxmayaraq ki, mill\u0259tin bir hiss\u0259sinin v\u0259 \u0259cn\u0259bil\u0259rin i\u015f\u011fal\u0131 alt\u0131ndad\u0131r, f\u0259q\u0259t neft s\u0259rv\u0259tinin ucbat\u0131ndan sabit v\u0259 g\u0259l\u0259c\u0259yi olan \u00f6lk\u0259 say\u0131l\u0131r.\n<\/p>\n<p>\n  Lakin biz d\u0259 sad\u0259l\u00f6vh deyildik v\u0259 anlay\u0131rd\u0131q ki, bu qanunla uzla\u015fmayan m\u00fcraci\u0259t bizim h\u0259yas\u0131z hakimiyy\u0259tin se\u00e7kil\u0259rimizin \u0259dal\u0259tliliyi haqq\u0131nda b\u00fct\u00fcn d\u00fcnyaya dan\u0131\u015fd\u0131\u011f\u0131 na\u011f\u0131l\u0131n mahiyy\u0259tini if\u015fa ed\u0259c\u0259kdi.\n<\/p>\n<p>\n  M\u00fcxt\u0259s\u0259r, on bir saat t\u0259yyar\u0259d\u0259 u\u00e7andan sonra Nyu-Yorkda endik, oradan Va\u015finqtona yolland\u0131q, Kapitoliy t\u0259p\u0259sind\u0259ki binalar\u0131n d\u0259hlizl\u0259rini dola\u015fd\u0131q, a\u011fsa\u00e7 senator v\u0259 konqresmenl\u0259rl\u0259 g\u00f6r\u00fc\u015fd\u00fck, bir \u00e7ox m\u00f6t\u0259b\u0259r v\u0259 n\u00fcfuzlu misterl\u0259r\u0259 v\u0259 missl\u0259r\u0259, fondlara v\u0259 q\u0259zet redaksiyalar\u0131na d\u0259yib bizim d\u0259l\u0259duz hakimiyy\u0259tin x\u0259cal\u0259tind\u0259n \u00e7\u0131xd\u0131q. Xudahafizl\u0259\u015f\u0259nd\u0259 d\u0259 t\u0259v\u0259qqe etdik ki, onlarla g\u00f6r\u00fc\u015f\u0259nd\u0259 onlara \u0259l verm\u0259sinl\u0259r v\u0259 salamlar\u0131n\u0131 almas\u0131nlar, zira bizim hakimiyy\u0259t buna layiq deyil. Qoy Az\u0259rbaycan hakimiyy\u0259ti anlas\u0131n ki, Konstitusiyam\u0131z\u0131n birinci b\u0259ndind\u0259 yaz\u0131lm\u0131\u015f \u201chakimiyy\u0259tin m\u0259nb\u0259yi xalqd\u0131r\u201d m\u0259fhumunu pozanda, hans\u0131 c\u0259zaya layiqdir.\n<\/p>\n<p>\n  B\u0259li, Va\u015finqton d\u0259hlizl\u0259rind\u0259 bizim pisl\u0259ri onlar\u0131n yax\u015f\u0131lar\u0131na satandan sonra geriy\u0259, Nyu-Yorka qay\u0131td\u0131q. M\u0259n sabiq sovet v\u0259t\u0259nda\u015f\u0131 kimi h\u0259y\u0259can ke\u00e7irm\u0259y\u0259 ba\u015flad\u0131m. Ax\u0131 m\u0259n 21 partiyan\u0131n tap\u015f\u0131r\u0131\u011f\u0131n\u0131 h\u0259l\u0259 yerin\u0259 yetirm\u0259mi\u015fdim. Bel\u0259 d\u0259 i\u015f olar? M\u0259ktubu BMT-y\u0259 \u00e7atd\u0131rmaq d\u0259midir! V\u0259 m\u0259n m\u0259tbuat\u0131n \u0259n yax\u015f\u0131 dostu Nazim b\u0259yd\u0259n soru\u015furam ki, \u201c\u018f b\u0259 BMT-y\u0259 n\u0259 vaxt gedirik?\u201d Nazim b\u0259y n\u0259 des\u0259 yax\u015f\u0131d\u0131r? \u201cM\u0259n BMT-y\u0259 ged\u0259 bilm\u0259y\u0259c\u0259y\u0259m, t\u0259cili i\u015fl\u0259rim var, siz S\u0259rdar b\u0259yl\u0259 ged\u0259rsiniz\u201d.\n<\/p>\n<p>\n  M\u00fcxt\u0259s\u0259r, BMT-y\u0259 S\u0259rdar b\u0259yl\u0259 ikilikd\u0259 ged\u0259si olduq. G\u00f6r\u00fc\u015f t\u0259yin olunmu\u015fdu. M\u00fchafiz\u0259 xidm\u0259ti bizi \u0130st-Riverin sahilind\u0259 yerl\u0259\u015f\u0259n m\u00f6ht\u0259\u015f\u0259m g\u00f6yd\u0259l\u0259nin hans\u0131sa yuxar\u0131 m\u0259rt\u0259b\u0259sin\u0259 \u00e7atd\u0131rd\u0131 v\u0259 biz&#8230; biz\u0259 \u00e7ox ox\u015fayan bir k\u0259sl\u0259 g\u00f6r\u00fc\u015fd\u00fck. N\u0259 xo\u015f t\u0259sad\u00fcf! S\u0259n dem\u0259, BMT-d\u0259 demokratiya v\u0259 se\u00e7ki m\u0259s\u0259l\u0259l\u0259rin\u0259 Dondar soyadl\u0131 bir t\u00fcrk k\u00f6k\u0259nli diplomat bax\u0131rm\u0131\u015f! O q\u0259d\u0259r sevindim ki, ona bizim Tovuz rayonunda Dondar k\u0259ndinin olmas\u0131 bar\u0259d\u0259 bilgi ver\u0259 bilm\u0259dim.\n<\/p>\n<p>\n  \u018flim h\u0259y\u0259candan \u0259s\u0259-\u0259s\u0259 qovluqdan \u015fikay\u0259tnam\u0259nin m\u0259tnini \u00e7\u0131xard\u0131m v\u0259 BMT m\u0259suluna verdim. S\u00f6zd\u0259 d\u0259 izah etdim ki, Az\u0259rbaycan\u0131n 21 partiyas\u0131 hakimiyy\u0259t\u0259 inanmad\u0131\u011f\u0131na g\u00f6r\u0259 BMT-d\u0259n se\u00e7kil\u0259ri t\u0259\u00e7kil etm\u0259yi v\u0259 ke\u00e7irm\u0259yi xahi\u015f edir.\n<\/p>\n<p>\n  Dondar b\u0259y m\u0259ktubu diqq\u0259tl\u0259 oxudu, n\u0259d\u0259ns\u0259 imzalar\u0131 \u00e7ox diqq\u0259tl\u0259 \u00f6yr\u0259ndi v\u0259 sonra dinm\u0259d\u0259n masas\u0131n\u0131n sa\u011f siyrm\u0259sind\u0259n bir v\u0259r\u0259q ka\u011f\u0131z \u00e7\u0131xar\u0131b qar\u015f\u0131s\u0131na qoydu v\u0259 m\u0259n verdiyim ka\u011f\u0131zla bu ka\u011f\u0131z\u0131 tutu\u015fdurma\u011fa ba\u015flad\u0131.  N\u0259d\u0259ns\u0259 bu m\u00fcqayis\u0259 zaman\u0131 onun qa\u015flar\u0131 t\u0259\u0259cc\u00fcb ifad\u0259si kimi h\u0259rd\u0259n yuxar\u0131 qalx\u0131r, h\u0259rd\u0259n yerin\u0259 qay\u0131d\u0131rd\u0131. N\u0259hay\u0259t, \u00f6z m\u00fcqayis\u0259li t\u0259hlil i\u015fini qurtard\u0131 v\u0259 masas\u0131n\u0131n siyirm\u0259sind\u0259n \u00e7\u0131xard\u0131\u011f\u0131 ka\u011f\u0131z\u0131 k\u0259mali-ehtiramla m\u0259n\u0259 uzatd\u0131. M\u0259n onun \u0259lind\u0259n hans\u0131sa m\u00fch\u00fcm BMT s\u0259n\u0259dini ald\u0131m v\u0259 oxuma\u011fa ba\u015flad\u0131m.\n<\/p>\n<p>\n  M\u00f6ht\u0259r\u0259m oxucu, sizi ba\u015f\u0131n\u0131zdan k\u0259rpic il\u0259, yaxud, zorba d\u0259y\u0259n\u0259kl\u0259 vurublarm\u0131? \u018fg\u0259r bel\u0259 bir xo\u015fb\u0259xtlik siz\u0259 n\u0259sib olmay\u0131bsa, siz m\u0259nim n\u0259l\u0259ri, hans\u0131 hissl\u0259ri ke\u00e7irdiyimi bilm\u0259zsiniz.\n<\/p>\n<p>\n  \u018flimd\u0259 tutdu\u011fum ka\u011f\u0131zda Az\u0259rbaycan\u0131n 18 partiyas\u0131n\u0131n imzas\u0131 var idi. Bu m\u0259ktubda onlar xahi\u015f edirdil\u0259r ki, BMT Az\u0259rbaycan hakimiyy\u0259tinin t\u0259\u015fkil ed\u0259c\u0259yi v\u0259 ke\u00e7ir\u0259c\u0259yi se\u00e7kil\u0259r\u0259 n\u0259zar\u0259tini g\u00fccl\u0259ndirsin. 18 imza, h\u0259min partiyalar \u00e7\u0131x \u00fc\u00e7 partiya: Sosial-Demokrat, V\u0259hd\u0259t v\u0259 \u0130slam partiyalar\u0131.\n<\/p>\n<p>\n  M\u0259n q\u0131zard\u0131m. Bax\u0131\u015flar\u0131m\u0131 yer\u0259 zill\u0259dim. Dinm\u0259zc\u0259 aya\u011fa qaxd\u0131m v\u0259 t\u0259zim edib sa\u011folla\u015fd\u0131m. Ard\u0131mca tatar-monqol sif\u0259tinin ifad\u0259si \u0259sla d\u0259yi\u015fm\u0259mi\u015f S\u0259rdar C\u0259lalo\u011flu \u00e7\u0131xd\u0131. Bu istibdada qar\u015f\u0131 m\u0259tin m\u00fcbarizin sif\u0259ti d\u0259yi\u015fm\u0259di, he\u00e7 hal\u0131na t\u0259fav\u00fct etm\u0259di.\n<\/p>\n<p>\n  Az\u0259rbaycan m\u0259tbuat\u0131n\u0131n \u0259n yax\u015f\u0131 dostu biziml\u0259 geriy\u0259 u\u00e7mad\u0131. G\u00f6r\u00fcn\u00fcr, onun Amerikadak\u0131 t\u0259cili i\u015fl\u0259ri h\u0259l\u0259 sona yetm\u0259mi\u015fdi.\n<\/p>\n<p>\n  M\u0259ni t\u0259\u0259cc\u00fcbl\u0259ndir\u0259n bizim m\u00fcxalif\u0259tin liderl\u0259rinin \u0259xlaqi q\u0131vraql\u0131\u011f\u0131 deyil. M\u0259ni heyran ed\u0259n Prezident Aparat\u0131n\u0131n y\u00fcks\u0259k \u00e7evikliyi deyil. M\u0259ni bu iqtidara v\u0259 m\u00fcxalif\u0259t\u0259 b\u00f6l\u00fcn\u00fcb 25 ildir ki, xalq\u0131m\u0131z\u0131 \u0259l\u0259 salan d\u0259l\u0259duz d\u0259st\u0259sinin y\u00fcks\u0259k intizam\u0131 v\u0259 i\u015f qabiliyy\u0259tidir. M\u0259ni bu d\u0259l\u0259duzlara inan\u0131b aldanan xalq\u0131m\u0131z\u0131n sad\u0259dilliyi heyr\u0259t\u0259 g\u0259tirir.\n<\/p>\n<p>\n  H\u0259min g\u00fcn\u0259 q\u0259d\u0259r m\u0259n Heyd\u0259r \u018fliyevin m\u00fcxalif\u0259t liderl\u0259rin\u0259 h\u0259qar\u0259tl\u0259 yana\u015fmas\u0131n\u0131n sirrini anlam\u0131rd\u0131m. M\u0259rhum \u00dcmummilli lider onlar\u0131 da\u015f d\u00f6vr\u00fcn\u00fcn insanlar\u0131 adland\u0131r\u0131rd\u0131.  H\u0259min g\u00fcn m\u0259n onun bu h\u0259qar\u0259tli yana\u015fmas\u0131n\u0131n sirrini anlad\u0131m.\n<\/p>\n<p>\n  Bu m\u00fct\u0259\u015f\u0259kkil d\u0259l\u0259duz d\u0259st\u0259sinin intizam\u0131 ordumuzda olsayd\u0131, qa\u00e7q\u0131nlar\u0131m\u0131z \u00e7oxdan yurdlar\u0131na qay\u0131tm\u0131\u015f olard\u0131.\n<\/p>\n<p>\n  P.S.: M\u0259n daima M\u0259mm\u0259dov S\u0259rdar C\u0259lal o\u011flunun vicdan deyil\u0259n bir n\u0259sn\u0259y\u0259 m\u00fcraci\u0259t etm\u0259d\u0259n ya\u015famas\u0131na heyr\u0259tl\u0259 baxm\u0131\u015fam. Tam \u0259min\u0259m ki, bu adam \u00f6z \u00f6vlad\u0131na eyni t\u0259rbiy\u0259ni verib.\n<\/p>\n<p>\n  Bir d\u0259f\u0259 e\u015fitdim ki, v\u0259t\u0259nimizi a\u011f g\u00fcn\u0259 \u00e7\u0131xardandan sonra S\u0259rdar b\u0259y o\u011flunu ya\u015famaq \u00fc\u00e7\u00fcn Norve\u00e7\u0259 g\u00f6nd\u0259rib. O\u011flu da orda sosial \u015f\u0259b\u0259k\u0259l\u0259rd\u0259 t\u00fcrk mill\u0259t\u00e7isi kimi \u00e7\u0131x\u0131\u015f edir. Barma\u011f\u0131m\u0131 di\u015fl\u0259yib d\u00fc\u015f\u00fcnd\u00fcm: \u201c bu abad Norve\u00e7in b\u0259xt\u0259v\u0259r g\u00fcnl\u0259rinin sonu yax\u0131nla\u015f\u0131r\u201d.\n<\/p>\n<p>\n  B\u0259li, bir g\u00fcn e\u015fitdim ki, sakit v\u0259 lal-dinm\u0259z Breyvik soyadl\u0131 bir norve\u00e7 ki\u015fisi g\u0259lm\u0259 \u015f\u0259rqlil\u0259rin t\u0259hl\u00fck\u0259sind\u0259n \u00f6z mill\u0259tini x\u0259b\u0259rdar etm\u0259k m\u0259qs\u0259dil\u0259 paytaxtda partlay\u0131\u015f t\u00f6r\u0259dib, sonra is\u0259 bir adaya gedib oradak\u0131 g\u00fcnahs\u0131z g\u0259ncl\u0259ri g\u00fcll\u0259l\u0259yib. M\u0259hk\u0259m\u0259d\u0259 m\u0259lum oldu ki, g\u0259lm\u0259l\u0259rin b\u00f6yl\u0259 m\u00fcxt\u0259lifliyind\u0259n onun ba\u015f\u0131na y\u00fcng\u00fclc\u0259 hava g\u0259lib. Bu havan\u0131n t\u0259sirind\u0259n Breyvik g\u0259lm\u0259 miqrantlar\u0131n yerli xalq\u0131n b\u0259nz\u0259rsiz m\u0259d\u0259niyy\u0259tin\u0259 qar\u015f\u0131 t\u00f6r\u0259tdiyi t\u0259hl\u00fck\u0259 bar\u0259d\u0259 elmi bir \u0259s\u0259r d\u0259 yaz\u0131b.\n<\/p>\n<p>\n  \u0130ndi m\u0259n d\u00fc\u015f\u00fcn\u00fcr\u0259m: b\u0259lk\u0259 bu zavall\u0131 Breyvik m\u00f6ht\u0259\u015f\u0259m M\u0259mm\u0259dovlar s\u00fclal\u0259sinin \u015fanl\u0131 n\u00fcmay\u0259nd\u0259si il\u0259 tan\u0131\u015f olandan sonra ba\u015f\u0131na hava g\u0259lib?\n<\/p>\n<p>\n  M\u0259n\u0259 g\u0259ldikd\u0259, m\u0259n \u00f6z xalq\u0131m\u0131n i\u00e7ind\u0259 ya\u015fad\u0131\u011f\u0131ma g\u00f6r\u0259 bel\u0259-bel\u0259 b\u0259dii h\u0259r\u0259k\u0259tl\u0259r\u0259 qar\u015f\u0131 d\u00f6z\u00fcm\u00fcm yaran\u0131b, zira \u00f6yr\u0259nc\u0259liy\u0259m v\u0259 ad\u0259tk\u0259rd\u0259y\u0259m. El\u0259 bilin ki, m\u0259ni u\u015faql\u0131qdan ilan o q\u0259d\u0259r \u00e7al\u0131b ki, ta b\u0259d\u0259nim z\u0259h\u0259r\u0259 \u00f6yr\u0259nib.\n<\/p>\n<p>\n  M\u0259n sad\u0259c\u0259 ham\u0131n\u0131n bizd\u0259 siyas\u0259t dediyi sah\u0259d\u0259n bilm\u0259rr\u0259 \u00fcz\u00fcl\u00fc\u015fm\u00fc\u015f\u0259m.\n<\/p>\n<p>\n  P.P.S: Bird\u0259n \u00fcr\u0259yiniz\u0259 n\u0259 is\u0259 g\u0259l\u0259r ha-a-a. Bu ikinci s\u0259n\u0259d\u0259 imza atmam\u015f \u00fc\u00e7 partiyan\u0131 deyir\u0259m. Prezident Aparat\u0131 \u00f6z s\u0259m\u0259r\u0259li f\u0259aliyy\u0259ti il\u0259 bu \u00fc\u00e7 partiyan\u0131 da dig\u0259rl\u0259rinin hal\u0131na sald\u0131, indi \u00f6lk\u0259mizd\u0259 \u201ckonstruktiv\u201d m\u00f6vqe tutmayan \u0259n\u0259n\u0259vi m\u00fcxalif\u0259t partiyas\u0131 qalmay\u0131b.\n<\/p>\n<p>\n  \u00dcmid qal\u0131b yaln\u0131z yeni q\u00fcvv\u0259l\u0259r\u0259.<\/p>\n","protected":false},"excerpt":{"rendered":"<p>2000-ci ilin iyun ay\u0131n\u0131n 14-d\u0259 21 partiyan\u0131n lideri t\u0259nt\u0259n\u0259li \u015f\u0259kild\u0259 bu \u015fikay\u0259tnam\u0259ni imzalad\u0131<\/p>\n","protected":false},"author":11,"featured_media":120856,"comment_status":"closed","ping_status":"open","sticky":false,"template":"","format":"standard","meta":{"_acf_changed":false,"_sitemap_exclude":false,"_sitemap_priority":"","_sitemap_frequency":"","footnotes":""},"categories":[57],"tags":[],"class_list":["post-196388","post","type-post","status-publish","format-standard","has-post-thumbnail","hentry","category-menim-fikrimce","infinite-scroll-item","generate-columns","tablet-grid-50","mobile-grid-100","grid-parent","grid-33","no-featured-image-padding"],"acf":[],"yoast_head":"<!-- This site is optimized with the Yoast SEO plugin v27.4 - https:\/\/yoast.com\/product\/yoast-seo-wordpress\/ -->\n<title>BMT-y\u0259 \u015fikay\u0259tnam\u0259 - MEYDAN.TV<\/title>\n<meta name=\"robots\" content=\"index, follow, max-snippet:-1, max-image-preview:large, max-video-preview:-1\" \/>\n<link rel=\"canonical\" href=\"https:\/\/www.meydan.tv\/az\/article\/bmt-ye-sikayetname\/\" \/>\n<meta property=\"og:locale\" content=\"az_AZ\" \/>\n<meta property=\"og:type\" content=\"article\" \/>\n<meta property=\"og:title\" content=\"BMT-y\u0259 \u015fikay\u0259tnam\u0259 - MEYDAN.TV\" \/>\n<meta property=\"og:description\" content=\"2000-ci ilin iyun ay\u0131n\u0131n 14-d\u0259 21 partiyan\u0131n lideri t\u0259nt\u0259n\u0259li \u015f\u0259kild\u0259 bu \u015fikay\u0259tnam\u0259ni imzalad\u0131\" \/>\n<meta property=\"og:url\" content=\"https:\/\/www.meydan.tv\/az\/article\/bmt-ye-sikayetname\/\" \/>\n<meta property=\"og:site_name\" content=\"MEYDAN.TV\" \/>\n<meta property=\"article:published_time\" content=\"2019-07-29T16:33:35+00:00\" \/>\n<meta property=\"og:image\" content=\"https:\/\/www.meydan.tv\/wp-content\/uploads\/zar.jpg\" \/>\n\t<meta property=\"og:image:width\" content=\"853\" \/>\n\t<meta property=\"og:image:height\" content=\"480\" \/>\n\t<meta property=\"og:image:type\" content=\"image\/jpeg\" \/>\n<meta name=\"author\" content=\"user-manager\" \/>\n<meta name=\"twitter:card\" content=\"summary_large_image\" \/>\n<script type=\"application\/ld+json\" class=\"yoast-schema-graph\">{\"@context\":\"https:\\\/\\\/schema.org\",\"@graph\":[{\"@type\":\"Article\",\"@id\":\"https:\\\/\\\/www.meydan.tv\\\/az\\\/article\\\/bmt-ye-sikayetname\\\/#article\",\"isPartOf\":{\"@id\":\"https:\\\/\\\/www.meydan.tv\\\/az\\\/article\\\/bmt-ye-sikayetname\\\/\"},\"author\":{\"name\":\"user-manager\",\"@id\":\"https:\\\/\\\/www.meydan.tv\\\/az\\\/#\\\/schema\\\/person\\\/10d11eccf6da3662cf5fdab9806ea91a\"},\"headline\":\"BMT-y\u0259 \u015fikay\u0259tnam\u0259\",\"datePublished\":\"2019-07-29T16:33:35+00:00\",\"mainEntityOfPage\":{\"@id\":\"https:\\\/\\\/www.meydan.tv\\\/az\\\/article\\\/bmt-ye-sikayetname\\\/\"},\"wordCount\":2442,\"publisher\":{\"@id\":\"https:\\\/\\\/www.meydan.tv\\\/az\\\/#organization\"},\"image\":{\"@id\":\"https:\\\/\\\/www.meydan.tv\\\/az\\\/article\\\/bmt-ye-sikayetname\\\/#primaryimage\"},\"thumbnailUrl\":\"https:\\\/\\\/www.meydan.tv\\\/wp-content\\\/uploads\\\/zar.jpg\",\"articleSection\":[\"M\u0259nim Fikrimc\u0259\"],\"inLanguage\":\"az\"},{\"@type\":\"WebPage\",\"@id\":\"https:\\\/\\\/www.meydan.tv\\\/az\\\/article\\\/bmt-ye-sikayetname\\\/\",\"url\":\"https:\\\/\\\/www.meydan.tv\\\/az\\\/article\\\/bmt-ye-sikayetname\\\/\",\"name\":\"BMT-y\u0259 \u015fikay\u0259tnam\u0259 - MEYDAN.TV\",\"isPartOf\":{\"@id\":\"https:\\\/\\\/www.meydan.tv\\\/az\\\/#website\"},\"primaryImageOfPage\":{\"@id\":\"https:\\\/\\\/www.meydan.tv\\\/az\\\/article\\\/bmt-ye-sikayetname\\\/#primaryimage\"},\"image\":{\"@id\":\"https:\\\/\\\/www.meydan.tv\\\/az\\\/article\\\/bmt-ye-sikayetname\\\/#primaryimage\"},\"thumbnailUrl\":\"https:\\\/\\\/www.meydan.tv\\\/wp-content\\\/uploads\\\/zar.jpg\",\"datePublished\":\"2019-07-29T16:33:35+00:00\",\"breadcrumb\":{\"@id\":\"https:\\\/\\\/www.meydan.tv\\\/az\\\/article\\\/bmt-ye-sikayetname\\\/#breadcrumb\"},\"inLanguage\":\"az\",\"potentialAction\":[{\"@type\":\"ReadAction\",\"target\":[\"https:\\\/\\\/www.meydan.tv\\\/az\\\/article\\\/bmt-ye-sikayetname\\\/\"]}]},{\"@type\":\"ImageObject\",\"inLanguage\":\"az\",\"@id\":\"https:\\\/\\\/www.meydan.tv\\\/az\\\/article\\\/bmt-ye-sikayetname\\\/#primaryimage\",\"url\":\"https:\\\/\\\/www.meydan.tv\\\/wp-content\\\/uploads\\\/zar.jpg\",\"contentUrl\":\"https:\\\/\\\/www.meydan.tv\\\/wp-content\\\/uploads\\\/zar.jpg\",\"width\":853,\"height\":480,\"caption\":\"Source: \u041c\u0435\u0439\u0434\u0430\u043d \u0422\u0412\"},{\"@type\":\"BreadcrumbList\",\"@id\":\"https:\\\/\\\/www.meydan.tv\\\/az\\\/article\\\/bmt-ye-sikayetname\\\/#breadcrumb\",\"itemListElement\":[{\"@type\":\"ListItem\",\"position\":1,\"name\":\"Ana s\u0259hif\u0259\",\"item\":\"https:\\\/\\\/www.meydan.tv\\\/az\\\/\"},{\"@type\":\"ListItem\",\"position\":2,\"name\":\"M\u0259nim Fikrimc\u0259\",\"item\":\"https:\\\/\\\/www.meydan.tv\\\/az\\\/section\\\/menim-fikrimce\\\/\"},{\"@type\":\"ListItem\",\"position\":3,\"name\":\"BMT-y\u0259 \u015fikay\u0259tnam\u0259\"}]},{\"@type\":\"WebSite\",\"@id\":\"https:\\\/\\\/www.meydan.tv\\\/az\\\/#website\",\"url\":\"https:\\\/\\\/www.meydan.tv\\\/az\\\/\",\"name\":\"MEYDAN.TV\",\"description\":\"Meydan TV Az\u0259rbaycan\u0131n media m\u0259kan\u0131ndak\u0131 alternativ s\u0259sidir\",\"publisher\":{\"@id\":\"https:\\\/\\\/www.meydan.tv\\\/az\\\/#organization\"},\"potentialAction\":[{\"@type\":\"SearchAction\",\"target\":{\"@type\":\"EntryPoint\",\"urlTemplate\":\"https:\\\/\\\/www.meydan.tv\\\/az\\\/?s={search_term_string}\"},\"query-input\":{\"@type\":\"PropertyValueSpecification\",\"valueRequired\":true,\"valueName\":\"search_term_string\"}}],\"inLanguage\":\"az\"},{\"@type\":\"Organization\",\"@id\":\"https:\\\/\\\/www.meydan.tv\\\/az\\\/#organization\",\"name\":\"Meydan TV\",\"url\":\"https:\\\/\\\/www.meydan.tv\\\/az\\\/\",\"logo\":{\"@type\":\"ImageObject\",\"inLanguage\":\"az\",\"@id\":\"https:\\\/\\\/www.meydan.tv\\\/az\\\/#\\\/schema\\\/logo\\\/image\\\/\",\"url\":\"https:\\\/\\\/www.meydan.tv\\\/wp-content\\\/uploads\\\/2021\\\/07\\\/meydan-logo.svg\",\"contentUrl\":\"https:\\\/\\\/www.meydan.tv\\\/wp-content\\\/uploads\\\/2021\\\/07\\\/meydan-logo.svg\",\"width\":195,\"height\":46,\"caption\":\"Meydan TV\"},\"image\":{\"@id\":\"https:\\\/\\\/www.meydan.tv\\\/az\\\/#\\\/schema\\\/logo\\\/image\\\/\"}},{\"@type\":\"Person\",\"@id\":\"https:\\\/\\\/www.meydan.tv\\\/az\\\/#\\\/schema\\\/person\\\/10d11eccf6da3662cf5fdab9806ea91a\",\"name\":\"user-manager\"}]}<\/script>\n<!-- \/ Yoast SEO plugin. -->","yoast_head_json":{"title":"BMT-y\u0259 \u015fikay\u0259tnam\u0259 - MEYDAN.TV","robots":{"index":"index","follow":"follow","max-snippet":"max-snippet:-1","max-image-preview":"max-image-preview:large","max-video-preview":"max-video-preview:-1"},"canonical":"https:\/\/www.meydan.tv\/az\/article\/bmt-ye-sikayetname\/","og_locale":"az_AZ","og_type":"article","og_title":"BMT-y\u0259 \u015fikay\u0259tnam\u0259 - MEYDAN.TV","og_description":"2000-ci ilin iyun ay\u0131n\u0131n 14-d\u0259 21 partiyan\u0131n lideri t\u0259nt\u0259n\u0259li \u015f\u0259kild\u0259 bu \u015fikay\u0259tnam\u0259ni imzalad\u0131","og_url":"https:\/\/www.meydan.tv\/az\/article\/bmt-ye-sikayetname\/","og_site_name":"MEYDAN.TV","article_published_time":"2019-07-29T16:33:35+00:00","og_image":[{"width":853,"height":480,"url":"https:\/\/www.meydan.tv\/wp-content\/uploads\/zar.jpg","type":"image\/jpeg"}],"author":"user-manager","twitter_card":"summary_large_image","schema":{"@context":"https:\/\/schema.org","@graph":[{"@type":"Article","@id":"https:\/\/www.meydan.tv\/az\/article\/bmt-ye-sikayetname\/#article","isPartOf":{"@id":"https:\/\/www.meydan.tv\/az\/article\/bmt-ye-sikayetname\/"},"author":{"name":"user-manager","@id":"https:\/\/www.meydan.tv\/az\/#\/schema\/person\/10d11eccf6da3662cf5fdab9806ea91a"},"headline":"BMT-y\u0259 \u015fikay\u0259tnam\u0259","datePublished":"2019-07-29T16:33:35+00:00","mainEntityOfPage":{"@id":"https:\/\/www.meydan.tv\/az\/article\/bmt-ye-sikayetname\/"},"wordCount":2442,"publisher":{"@id":"https:\/\/www.meydan.tv\/az\/#organization"},"image":{"@id":"https:\/\/www.meydan.tv\/az\/article\/bmt-ye-sikayetname\/#primaryimage"},"thumbnailUrl":"https:\/\/www.meydan.tv\/wp-content\/uploads\/zar.jpg","articleSection":["M\u0259nim Fikrimc\u0259"],"inLanguage":"az"},{"@type":"WebPage","@id":"https:\/\/www.meydan.tv\/az\/article\/bmt-ye-sikayetname\/","url":"https:\/\/www.meydan.tv\/az\/article\/bmt-ye-sikayetname\/","name":"BMT-y\u0259 \u015fikay\u0259tnam\u0259 - MEYDAN.TV","isPartOf":{"@id":"https:\/\/www.meydan.tv\/az\/#website"},"primaryImageOfPage":{"@id":"https:\/\/www.meydan.tv\/az\/article\/bmt-ye-sikayetname\/#primaryimage"},"image":{"@id":"https:\/\/www.meydan.tv\/az\/article\/bmt-ye-sikayetname\/#primaryimage"},"thumbnailUrl":"https:\/\/www.meydan.tv\/wp-content\/uploads\/zar.jpg","datePublished":"2019-07-29T16:33:35+00:00","breadcrumb":{"@id":"https:\/\/www.meydan.tv\/az\/article\/bmt-ye-sikayetname\/#breadcrumb"},"inLanguage":"az","potentialAction":[{"@type":"ReadAction","target":["https:\/\/www.meydan.tv\/az\/article\/bmt-ye-sikayetname\/"]}]},{"@type":"ImageObject","inLanguage":"az","@id":"https:\/\/www.meydan.tv\/az\/article\/bmt-ye-sikayetname\/#primaryimage","url":"https:\/\/www.meydan.tv\/wp-content\/uploads\/zar.jpg","contentUrl":"https:\/\/www.meydan.tv\/wp-content\/uploads\/zar.jpg","width":853,"height":480,"caption":"Source: \u041c\u0435\u0439\u0434\u0430\u043d \u0422\u0412"},{"@type":"BreadcrumbList","@id":"https:\/\/www.meydan.tv\/az\/article\/bmt-ye-sikayetname\/#breadcrumb","itemListElement":[{"@type":"ListItem","position":1,"name":"Ana s\u0259hif\u0259","item":"https:\/\/www.meydan.tv\/az\/"},{"@type":"ListItem","position":2,"name":"M\u0259nim Fikrimc\u0259","item":"https:\/\/www.meydan.tv\/az\/section\/menim-fikrimce\/"},{"@type":"ListItem","position":3,"name":"BMT-y\u0259 \u015fikay\u0259tnam\u0259"}]},{"@type":"WebSite","@id":"https:\/\/www.meydan.tv\/az\/#website","url":"https:\/\/www.meydan.tv\/az\/","name":"MEYDAN.TV","description":"Meydan TV Az\u0259rbaycan\u0131n media m\u0259kan\u0131ndak\u0131 alternativ s\u0259sidir","publisher":{"@id":"https:\/\/www.meydan.tv\/az\/#organization"},"potentialAction":[{"@type":"SearchAction","target":{"@type":"EntryPoint","urlTemplate":"https:\/\/www.meydan.tv\/az\/?s={search_term_string}"},"query-input":{"@type":"PropertyValueSpecification","valueRequired":true,"valueName":"search_term_string"}}],"inLanguage":"az"},{"@type":"Organization","@id":"https:\/\/www.meydan.tv\/az\/#organization","name":"Meydan TV","url":"https:\/\/www.meydan.tv\/az\/","logo":{"@type":"ImageObject","inLanguage":"az","@id":"https:\/\/www.meydan.tv\/az\/#\/schema\/logo\/image\/","url":"https:\/\/www.meydan.tv\/wp-content\/uploads\/2021\/07\/meydan-logo.svg","contentUrl":"https:\/\/www.meydan.tv\/wp-content\/uploads\/2021\/07\/meydan-logo.svg","width":195,"height":46,"caption":"Meydan TV"},"image":{"@id":"https:\/\/www.meydan.tv\/az\/#\/schema\/logo\/image\/"}},{"@type":"Person","@id":"https:\/\/www.meydan.tv\/az\/#\/schema\/person\/10d11eccf6da3662cf5fdab9806ea91a","name":"user-manager"}]}},"_links":{"self":[{"href":"https:\/\/www.meydan.tv\/az\/wp-json\/wp\/v2\/posts\/196388","targetHints":{"allow":["GET"]}}],"collection":[{"href":"https:\/\/www.meydan.tv\/az\/wp-json\/wp\/v2\/posts"}],"about":[{"href":"https:\/\/www.meydan.tv\/az\/wp-json\/wp\/v2\/types\/post"}],"author":[{"embeddable":true,"href":"https:\/\/www.meydan.tv\/az\/wp-json\/wp\/v2\/users\/11"}],"replies":[{"embeddable":true,"href":"https:\/\/www.meydan.tv\/az\/wp-json\/wp\/v2\/comments?post=196388"}],"version-history":[{"count":0,"href":"https:\/\/www.meydan.tv\/az\/wp-json\/wp\/v2\/posts\/196388\/revisions"}],"wp:featuredmedia":[{"embeddable":true,"href":"https:\/\/www.meydan.tv\/az\/wp-json\/wp\/v2\/media\/120856"}],"wp:attachment":[{"href":"https:\/\/www.meydan.tv\/az\/wp-json\/wp\/v2\/media?parent=196388"}],"wp:term":[{"taxonomy":"category","embeddable":true,"href":"https:\/\/www.meydan.tv\/az\/wp-json\/wp\/v2\/categories?post=196388"},{"taxonomy":"post_tag","embeddable":true,"href":"https:\/\/www.meydan.tv\/az\/wp-json\/wp\/v2\/tags?post=196388"}],"curies":[{"name":"wp","href":"https:\/\/api.w.org\/{rel}","templated":true}]}}