{"id":196382,"date":"2019-07-29T13:01:36","date_gmt":"2019-07-29T13:01:36","guid":{"rendered":"https:\/\/www.meydan.tv\/article\/coxusaqli-ana-icra-hakimiyyetinde-dediler-ki-nece-dogmusan-ele-de-saxla\/"},"modified":"2019-07-29T13:01:36","modified_gmt":"2019-07-29T13:01:36","slug":"coxusaqli-ana-icra-hakimiyyetinde-dediler-ki-nece-dogmusan-ele-de-saxla","status":"publish","type":"post","link":"https:\/\/www.meydan.tv\/az\/article\/coxusaqli-ana-icra-hakimiyyetinde-dediler-ki-nece-dogmusan-ele-de-saxla\/","title":{"rendered":"\u00c7oxu\u015faql\u0131 ana: \u0130cra Hakimiyy\u0259tind\u0259 dedil\u0259r ki, nec\u0259 do\u011fmusan, el\u0259 d\u0259 saxla"},"content":{"rendered":"<p>\n  <i><br \/>\n    &#x27;&#x27;Bu d\u0259qiq\u0259 evd\u0259 bir par\u00e7a \u00e7\u00f6r\u0259k yoxdu ki, u\u015faqlara verim&#8230;&#x27;&#x27;<br \/>\n  <\/i>\n<\/p>\n<p>\n  K\u00fcrd\u0259mirin Muradxan k\u0259ndind\u0259n olan Z\u00fclfiyy\u0259 M\u0259mm\u0259dova dolanmaq \u00fc\u00e7\u00fcn rayon m\u0259rk\u0259zin\u0259 \u00fcz tutsa da, burada yaln\u0131z \u00e7\u0259tinlik g\u00f6r\u00fcb. \u0130ndi alt\u0131 u\u015fa\u011f\u0131 t\u0259k b\u00f6y\u00fctm\u0259k m\u0259cburiyy\u0259tind\u0259 qal\u0131b. Dediyin\u0259 g\u00f6r\u0259, evd\u0259 adi yem\u0259k tapmaq m\u00fc\u015fk\u00fcl m\u0259s\u0259l\u0259y\u0259 \u00e7evrilib.\n<\/p>\n<p>\n  <i><br \/>\n    \u201cM\u0259hk\u0259m\u0259 \u0259dal\u0259tsizlik el\u0259di\u201d<br \/>\n  <\/i>\n<\/p>\n<p>\n  Z\u00fclfiyy\u0259 M\u0259mm\u0259dova \u00f6vladlar\u0131 il\u0259 K\u00fcrd\u0259mird\u0259 kiray\u0259d\u0259 ya\u015fay\u0131r. Dan\u0131\u015f\u0131r ki, iki d\u0259f\u0259 ail\u0259 h\u0259yat\u0131 qurub. \u0130lk nikahdan iki \u00f6vlad\u0131 olub. H\u0259yat yolda\u015f\u0131 il\u0259 yollar\u0131 ayr\u0131landan sonra aliment almaq ist\u0259yib. M\u0259hk\u0259m\u0259y\u0259 m\u00fcraci\u0259t edib, oradan ke\u00e7mi\u015f h\u0259yat yolda\u015f\u0131n\u0131 tapmad\u0131qlar\u0131n\u0131 bildiribl\u0259r. Bir m\u00fcdd\u0259t sonra Z\u00fclfiyy\u0259 ikinci d\u0259f\u0259 ail\u0259 h\u0259yat\u0131 qurub:\n<\/p>\n<p>\n  \u201c\u00c7ox a\u011f\u0131r idi v\u0259ziyy\u0259tim. \u0130kinci d\u0259f\u0259 ail\u0259 h\u0259yat\u0131 qurdum ki, u\u015faqlara, m\u0259n\u0259 sahib \u00e7\u0131xs\u0131n. D\u00f6rd \u00f6vlad\u0131m\u0131z d\u00fcnyaya g\u0259ldi. O da alt\u0131 il \u0259vv\u0259l at\u0131b getdi. T\u0259k qad\u0131n\u0131n bu q\u0259d\u0259r k\u00fclf\u0259ti saxlamas\u0131 m\u00fcmk\u00fcn deyil\u201d.\n<\/p>\n<p>\n  Z\u00fclfiyy\u0259 yen\u0259 aliment almaq \u00fc\u00e7\u00fcn ikinci h\u0259yat yolda\u015f\u0131n\u0131n do\u011fuldu\u011fu Salyandak\u0131 yerli m\u0259hk\u0259m\u0259y\u0259 \u00fcz tutub. Qad\u0131n iddia edir ki, m\u0259hk\u0259m\u0259 ona qar\u015f\u0131 \u0259dal\u0259tsizlik el\u0259yib, \u0259leyhin\u0259 q\u0259rar \u00e7\u0131xar\u0131b:\n<\/p>\n<p>\n  \u201cSalyan m\u0259hk\u0259m\u0259sin\u0259 on d\u0259f\u0259 getmi\u015f\u0259m. Dedil\u0259r ki, o\u011flan\u0131n psixi probleml\u0259ri var, aliment d\u00fc\u015fm\u00fcr. Halbuki, normal adamd\u0131. X\u0259st\u0259xanada bir ay yatd\u0131 ki, aliment verm\u0259sin. M\u0259hk\u0259m\u0259 bil\u0259r\u0259kd\u0259n onun xeyrin\u0259 q\u0259rar \u00e7\u0131xard\u0131\u201d.\n<\/p>\n<p>\n  Qad\u0131n dan\u0131\u015f\u0131r ki, d\u00f6rd u\u015fa\u011f\u0131n\u0131n atas\u0131 indi Bak\u0131da ya\u015fay\u0131r. Ondan bo\u015fanandan sonra bir d\u0259f\u0259 d\u0259 ail\u0259 h\u0259yat\u0131 qurub, ayr\u0131l\u0131b. U\u015faqlarla he\u00e7 maraqlanm\u0131r.\n<\/p>\n<p>\n  <i><br \/>\n    \u201cM\u0259scid k\u00f6m\u0259k edir\u201d<br \/>\n  <\/i>\n<\/p>\n<p>\n  Z\u00fclfiyy\u0259 M\u0259mm\u0259dova \u00e7oxu\u015faql\u0131 ana kimi pul al\u0131r, amma dolan\u0131\u015f\u0131\u011fa \u00e7atm\u0131r. Deyir ki, t\u0259kc\u0259 kiray\u0259 pulu, kommunal x\u0259rcl\u0259r 200 manat\u0131 ke\u00e7ir. M\u0259scid k\u00f6m\u0259yin\u0259 \u00e7at\u0131r, ona \u0259rzaq g\u00f6nd\u0259rirl\u0259r:\n<\/p>\n<p>\n  \u201cSiz g\u0259lm\u0259mi\u015fd\u0259n bir az \u0259vv\u0259l m\u0259scid\u0259 z\u0259ng vurub yen\u0259 yard\u0131m ist\u0259dim. K\u00f6m\u0259k el\u0259m\u0259s\u0259l\u0259r, ac\u0131ndan \u00f6l\u00fcr\u00fck\u201d.\n<\/p>\n<p>\n  Z\u00fclfiyy\u0259 k\u00f6m\u0259k \u00fc\u00e7\u00fcn \u00e7ox yer\u0259 m\u00fcraci\u0259t edib. H\u0259tta K\u00fcrd\u0259mir Rayon \u0130cra Hakimiyy\u0259tin\u0259 d\u0259 gedib:\n<\/p>\n<p>\n  \u201cU\u015faqlar\u0131 saxlaya bilm\u0259diyimi dan\u0131\u015fd\u0131m. \u0130cra Hakimiyy\u0259tind\u0259 dedil\u0259r ki, nec\u0259 do\u011fmusan, el\u0259 d\u0259 saxla\u201d.\n<\/p>\n<p>\n  Z\u00fclfiyy\u0259nin yax\u0131nlar\u0131 da imkans\u0131zd\u0131r, \u00e7oxu\u015faql\u0131 ail\u0259y\u0259 k\u00f6m\u0259k ed\u0259 bilmirl\u0259r. Kiray\u0259 ya\u015fad\u0131\u011f\u0131 evl\u0259rd\u0259n pulu \u00f6d\u0259m\u0259diyin\u0259 g\u00f6r\u0259 qovuldu\u011fu da olub, bir-iki g\u00fcn bac\u0131s\u0131na s\u0131\u011f\u0131n\u0131b:\n<\/p>\n<p>\n  \u201cAras\u0131nda yax\u015f\u0131s\u0131 da olub. Ev yiy\u0259si vard\u0131, m\u0259ni bir il pulsuz saxlad\u0131\u201d.\n<\/p>\n<p>\n  Qad\u0131n\u0131n valideynl\u0259ri Muradxanda ya\u015fay\u0131r. Deyir, x\u0259st\u0259, qoca adamlard\u0131r, onlar\u0131n \u00f6z\u00fcn\u0259 k\u00f6m\u0259k laz\u0131md\u0131r.\n<\/p>\n<p>\n  <i><br \/>\n    \u201cEvd\u0259 bir par\u00e7a \u00e7\u00f6r\u0259k yoxdu ki, u\u015faqlara verim\u201d<br \/>\n  <\/i>\n<\/p>\n<p>\n  Z\u00fclfiyy\u0259 M\u0259mm\u0259dova \u00fc\u00e7 d\u0259f\u0259 \u0259m\u0259liyyat olundu\u011funu deyir. \u00d6vladlar\u0131ndan \u00fc\u00e7\u00fc x\u0259st\u0259likl\u0259rd\u0259n \u0259ziyy\u0259t \u00e7\u0259kir, onlar\u0131n da m\u00fcalic\u0259sin\u0259 az pul x\u0259rcl\u0259mir:\n<\/p>\n<p>\n  \u201cHe\u00e7 bir yerd\u0259 i\u015fl\u0259mir\u0259m. Bel\u0259 bax\u0131ram, bu q\u0259d\u0259r u\u015faqla he\u00e7 i\u015fl\u0259m\u0259k d\u0259 m\u00fcmk\u00fcn deyil. \u00dcst\u0259lik, x\u0259st\u0259dil\u0259r. S\u0259nan, \u00fcmumiyy\u0259tl\u0259, dan\u0131\u015fa bilmir. Ke\u00e7\u0259n il m\u0259kt\u0259bd\u0259n saxlatd\u0131rm\u0131\u015fam. Sentyabrda o biri o\u011flumla d\u0259rs\u0259 ged\u0259c\u0259k. Q\u0131z\u0131m Elza avtomobil q\u0259zas\u0131ndan sonra ciddi probleml\u0259rl\u0259 ya\u015fay\u0131r. H\u0259mi\u015f\u0259 ba\u015fa\u011fr\u0131lar\u0131 olur. S\u0259idin t\u0259cili \u0259m\u0259liyyata ehtiyac\u0131 var. G\u00f6z\u00fcnd\u0259 \u00e7\u0259plik yaran\u0131b\u201d.\n<\/p>\n<p>\n  Bu il Z\u00fclfiyy\u0259nin b\u00fct\u00fcn u\u015faqlar\u0131 eyni vaxtda m\u0259kt\u0259b\u0259 ged\u0259c\u0259k. Deyir ki, onsuz da \u00e7anta \u00e7atm\u0131rd\u0131, n\u00f6vb\u0259 il\u0259 g\u00f6t\u00fcr\u00fcrd\u00fcl\u0259r:\n<\/p>\n<p>\n  \u201cT\u0259s\u0259vv\u00fcr edin, alt\u0131 u\u015fa\u011f\u0131n m\u0259kt\u0259b\u0259 getm\u0259si n\u0259 dem\u0259kdi? Onlar\u0131 nec\u0259 yola salacam? Paltar tapm\u0131ram geyindirm\u0259y\u0259. \u018fynind\u0259 g\u00f6rd\u00fckl\u0259rinizin he\u00e7 birini almam\u0131\u015f\u0131q, ham\u0131s\u0131n\u0131 ba\u015fqalar\u0131 verib. K\u00f6hn\u0259 paltarlard\u0131\u201d, &#8211; qad\u0131n bel\u0259 dan\u0131\u015f\u0131r.\n<\/p>\n<p>\n  Z\u00fclfiyy\u0259 u\u015faqlar\u0131n e\u015fitm\u0259diyin\u0259 \u0259min olandan sonra yava\u015fca deyir ki, ne\u00e7\u0259 d\u0259f\u0259 intihar el\u0259m\u0259k ist\u0259yib, amma onlara g\u00f6r\u0259 son anda fikrind\u0259n da\u015f\u0131n\u0131b:\n<\/p>\n<p>\n  \u201cBu d\u0259qiq\u0259 evd\u0259 bir par\u00e7a \u00e7\u00f6r\u0259k yoxdu ki, u\u015faqlara verim&#8230;\u201d<\/p>\n","protected":false},"excerpt":{"rendered":"<p>Ev yiy\u0259si vard\u0131, m\u0259ni bir il pulsuz saxlad\u0131<\/p>\n","protected":false},"author":11,"featured_media":127538,"comment_status":"closed","ping_status":"open","sticky":false,"template":"","format":"standard","meta":{"_acf_changed":false,"_sitemap_exclude":false,"_sitemap_priority":"","_sitemap_frequency":"","footnotes":""},"categories":[60],"tags":[],"class_list":["post-196382","post","type-post","status-publish","format-standard","has-post-thumbnail","hentry","category-bolge","infinite-scroll-item","generate-columns","tablet-grid-50","mobile-grid-100","grid-parent","grid-33","no-featured-image-padding"],"acf":[],"yoast_head":"<!-- This site is optimized with the Yoast SEO plugin v27.5 - https:\/\/yoast.com\/product\/yoast-seo-wordpress\/ -->\n<title>\u00c7oxu\u015faql\u0131 ana: \u0130cra Hakimiyy\u0259tind\u0259 dedil\u0259r ki, nec\u0259 do\u011fmusan, el\u0259 d\u0259 saxla - MEYDAN.TV<\/title>\n<meta name=\"robots\" content=\"index, follow, max-snippet:-1, max-image-preview:large, max-video-preview:-1\" \/>\n<link rel=\"canonical\" href=\"https:\/\/www.meydan.tv\/az\/article\/coxusaqli-ana-icra-hakimiyyetinde-dediler-ki-nece-dogmusan-ele-de-saxla\/\" \/>\n<meta property=\"og:locale\" content=\"az_AZ\" \/>\n<meta property=\"og:type\" content=\"article\" \/>\n<meta property=\"og:title\" content=\"\u00c7oxu\u015faql\u0131 ana: \u0130cra Hakimiyy\u0259tind\u0259 dedil\u0259r ki, nec\u0259 do\u011fmusan, el\u0259 d\u0259 saxla - MEYDAN.TV\" \/>\n<meta property=\"og:description\" content=\"Ev yiy\u0259si vard\u0131, m\u0259ni bir il pulsuz saxlad\u0131\" \/>\n<meta property=\"og:url\" content=\"https:\/\/www.meydan.tv\/az\/article\/coxusaqli-ana-icra-hakimiyyetinde-dediler-ki-nece-dogmusan-ele-de-saxla\/\" \/>\n<meta property=\"og:site_name\" content=\"MEYDAN.TV\" \/>\n<meta property=\"article:published_time\" content=\"2019-07-29T13:01:36+00:00\" \/>\n<meta property=\"og:image\" content=\"https:\/\/www.meydan.tv\/wp-content\/uploads\/image_from_ios_s2fvklp.jpg\" \/>\n\t<meta property=\"og:image:width\" content=\"1006\" \/>\n\t<meta property=\"og:image:height\" content=\"750\" \/>\n\t<meta property=\"og:image:type\" content=\"image\/jpeg\" \/>\n<meta name=\"author\" content=\"user-manager\" \/>\n<meta name=\"twitter:card\" content=\"summary_large_image\" \/>\n<script type=\"application\/ld+json\" class=\"yoast-schema-graph\">{\"@context\":\"https:\\\/\\\/schema.org\",\"@graph\":[{\"@type\":\"Article\",\"@id\":\"https:\\\/\\\/www.meydan.tv\\\/az\\\/article\\\/coxusaqli-ana-icra-hakimiyyetinde-dediler-ki-nece-dogmusan-ele-de-saxla\\\/#article\",\"isPartOf\":{\"@id\":\"https:\\\/\\\/www.meydan.tv\\\/az\\\/article\\\/coxusaqli-ana-icra-hakimiyyetinde-dediler-ki-nece-dogmusan-ele-de-saxla\\\/\"},\"author\":{\"name\":\"user-manager\",\"@id\":\"https:\\\/\\\/www.meydan.tv\\\/az\\\/#\\\/schema\\\/person\\\/10d11eccf6da3662cf5fdab9806ea91a\"},\"headline\":\"\u00c7oxu\u015faql\u0131 ana: \u0130cra Hakimiyy\u0259tind\u0259 dedil\u0259r ki, nec\u0259 do\u011fmusan, el\u0259 d\u0259 saxla\",\"datePublished\":\"2019-07-29T13:01:36+00:00\",\"mainEntityOfPage\":{\"@id\":\"https:\\\/\\\/www.meydan.tv\\\/az\\\/article\\\/coxusaqli-ana-icra-hakimiyyetinde-dediler-ki-nece-dogmusan-ele-de-saxla\\\/\"},\"wordCount\":844,\"publisher\":{\"@id\":\"https:\\\/\\\/www.meydan.tv\\\/az\\\/#organization\"},\"image\":{\"@id\":\"https:\\\/\\\/www.meydan.tv\\\/az\\\/article\\\/coxusaqli-ana-icra-hakimiyyetinde-dediler-ki-nece-dogmusan-ele-de-saxla\\\/#primaryimage\"},\"thumbnailUrl\":\"https:\\\/\\\/www.meydan.tv\\\/wp-content\\\/uploads\\\/image_from_ios_s2fvklp.jpg\",\"articleSection\":[\"B\u00f6lg\u0259\"],\"inLanguage\":\"az\"},{\"@type\":\"WebPage\",\"@id\":\"https:\\\/\\\/www.meydan.tv\\\/az\\\/article\\\/coxusaqli-ana-icra-hakimiyyetinde-dediler-ki-nece-dogmusan-ele-de-saxla\\\/\",\"url\":\"https:\\\/\\\/www.meydan.tv\\\/az\\\/article\\\/coxusaqli-ana-icra-hakimiyyetinde-dediler-ki-nece-dogmusan-ele-de-saxla\\\/\",\"name\":\"\u00c7oxu\u015faql\u0131 ana: \u0130cra Hakimiyy\u0259tind\u0259 dedil\u0259r ki, nec\u0259 do\u011fmusan, el\u0259 d\u0259 saxla - MEYDAN.TV\",\"isPartOf\":{\"@id\":\"https:\\\/\\\/www.meydan.tv\\\/az\\\/#website\"},\"primaryImageOfPage\":{\"@id\":\"https:\\\/\\\/www.meydan.tv\\\/az\\\/article\\\/coxusaqli-ana-icra-hakimiyyetinde-dediler-ki-nece-dogmusan-ele-de-saxla\\\/#primaryimage\"},\"image\":{\"@id\":\"https:\\\/\\\/www.meydan.tv\\\/az\\\/article\\\/coxusaqli-ana-icra-hakimiyyetinde-dediler-ki-nece-dogmusan-ele-de-saxla\\\/#primaryimage\"},\"thumbnailUrl\":\"https:\\\/\\\/www.meydan.tv\\\/wp-content\\\/uploads\\\/image_from_ios_s2fvklp.jpg\",\"datePublished\":\"2019-07-29T13:01:36+00:00\",\"breadcrumb\":{\"@id\":\"https:\\\/\\\/www.meydan.tv\\\/az\\\/article\\\/coxusaqli-ana-icra-hakimiyyetinde-dediler-ki-nece-dogmusan-ele-de-saxla\\\/#breadcrumb\"},\"inLanguage\":\"az\",\"potentialAction\":[{\"@type\":\"ReadAction\",\"target\":[\"https:\\\/\\\/www.meydan.tv\\\/az\\\/article\\\/coxusaqli-ana-icra-hakimiyyetinde-dediler-ki-nece-dogmusan-ele-de-saxla\\\/\"]}]},{\"@type\":\"ImageObject\",\"inLanguage\":\"az\",\"@id\":\"https:\\\/\\\/www.meydan.tv\\\/az\\\/article\\\/coxusaqli-ana-icra-hakimiyyetinde-dediler-ki-nece-dogmusan-ele-de-saxla\\\/#primaryimage\",\"url\":\"https:\\\/\\\/www.meydan.tv\\\/wp-content\\\/uploads\\\/image_from_ios_s2fvklp.jpg\",\"contentUrl\":\"https:\\\/\\\/www.meydan.tv\\\/wp-content\\\/uploads\\\/image_from_ios_s2fvklp.jpg\",\"width\":1006,\"height\":750,\"caption\":\"Source: meydan tv\"},{\"@type\":\"BreadcrumbList\",\"@id\":\"https:\\\/\\\/www.meydan.tv\\\/az\\\/article\\\/coxusaqli-ana-icra-hakimiyyetinde-dediler-ki-nece-dogmusan-ele-de-saxla\\\/#breadcrumb\",\"itemListElement\":[{\"@type\":\"ListItem\",\"position\":1,\"name\":\"Ana s\u0259hif\u0259\",\"item\":\"https:\\\/\\\/www.meydan.tv\\\/az\\\/\"},{\"@type\":\"ListItem\",\"position\":2,\"name\":\"B\u00f6lg\u0259\",\"item\":\"https:\\\/\\\/www.meydan.tv\\\/az\\\/section\\\/bolge\\\/\"},{\"@type\":\"ListItem\",\"position\":3,\"name\":\"\u00c7oxu\u015faql\u0131 ana: \u0130cra Hakimiyy\u0259tind\u0259 dedil\u0259r ki, nec\u0259 do\u011fmusan, el\u0259 d\u0259 saxla\"}]},{\"@type\":\"WebSite\",\"@id\":\"https:\\\/\\\/www.meydan.tv\\\/az\\\/#website\",\"url\":\"https:\\\/\\\/www.meydan.tv\\\/az\\\/\",\"name\":\"MEYDAN.TV\",\"description\":\"Meydan TV Az\u0259rbaycan\u0131n media m\u0259kan\u0131ndak\u0131 alternativ s\u0259sidir\",\"publisher\":{\"@id\":\"https:\\\/\\\/www.meydan.tv\\\/az\\\/#organization\"},\"potentialAction\":[{\"@type\":\"SearchAction\",\"target\":{\"@type\":\"EntryPoint\",\"urlTemplate\":\"https:\\\/\\\/www.meydan.tv\\\/az\\\/?s={search_term_string}\"},\"query-input\":{\"@type\":\"PropertyValueSpecification\",\"valueRequired\":true,\"valueName\":\"search_term_string\"}}],\"inLanguage\":\"az\"},{\"@type\":\"Organization\",\"@id\":\"https:\\\/\\\/www.meydan.tv\\\/az\\\/#organization\",\"name\":\"Meydan TV\",\"url\":\"https:\\\/\\\/www.meydan.tv\\\/az\\\/\",\"logo\":{\"@type\":\"ImageObject\",\"inLanguage\":\"az\",\"@id\":\"https:\\\/\\\/www.meydan.tv\\\/az\\\/#\\\/schema\\\/logo\\\/image\\\/\",\"url\":\"https:\\\/\\\/www.meydan.tv\\\/wp-content\\\/uploads\\\/2021\\\/07\\\/meydan-logo.svg\",\"contentUrl\":\"https:\\\/\\\/www.meydan.tv\\\/wp-content\\\/uploads\\\/2021\\\/07\\\/meydan-logo.svg\",\"width\":195,\"height\":46,\"caption\":\"Meydan TV\"},\"image\":{\"@id\":\"https:\\\/\\\/www.meydan.tv\\\/az\\\/#\\\/schema\\\/logo\\\/image\\\/\"}},{\"@type\":\"Person\",\"@id\":\"https:\\\/\\\/www.meydan.tv\\\/az\\\/#\\\/schema\\\/person\\\/10d11eccf6da3662cf5fdab9806ea91a\",\"name\":\"user-manager\"}]}<\/script>\n<!-- \/ Yoast SEO plugin. -->","yoast_head_json":{"title":"\u00c7oxu\u015faql\u0131 ana: \u0130cra Hakimiyy\u0259tind\u0259 dedil\u0259r ki, nec\u0259 do\u011fmusan, el\u0259 d\u0259 saxla - MEYDAN.TV","robots":{"index":"index","follow":"follow","max-snippet":"max-snippet:-1","max-image-preview":"max-image-preview:large","max-video-preview":"max-video-preview:-1"},"canonical":"https:\/\/www.meydan.tv\/az\/article\/coxusaqli-ana-icra-hakimiyyetinde-dediler-ki-nece-dogmusan-ele-de-saxla\/","og_locale":"az_AZ","og_type":"article","og_title":"\u00c7oxu\u015faql\u0131 ana: \u0130cra Hakimiyy\u0259tind\u0259 dedil\u0259r ki, nec\u0259 do\u011fmusan, el\u0259 d\u0259 saxla - MEYDAN.TV","og_description":"Ev yiy\u0259si vard\u0131, m\u0259ni bir il pulsuz saxlad\u0131","og_url":"https:\/\/www.meydan.tv\/az\/article\/coxusaqli-ana-icra-hakimiyyetinde-dediler-ki-nece-dogmusan-ele-de-saxla\/","og_site_name":"MEYDAN.TV","article_published_time":"2019-07-29T13:01:36+00:00","og_image":[{"width":1006,"height":750,"url":"https:\/\/www.meydan.tv\/wp-content\/uploads\/image_from_ios_s2fvklp.jpg","type":"image\/jpeg"}],"author":"user-manager","twitter_card":"summary_large_image","schema":{"@context":"https:\/\/schema.org","@graph":[{"@type":"Article","@id":"https:\/\/www.meydan.tv\/az\/article\/coxusaqli-ana-icra-hakimiyyetinde-dediler-ki-nece-dogmusan-ele-de-saxla\/#article","isPartOf":{"@id":"https:\/\/www.meydan.tv\/az\/article\/coxusaqli-ana-icra-hakimiyyetinde-dediler-ki-nece-dogmusan-ele-de-saxla\/"},"author":{"name":"user-manager","@id":"https:\/\/www.meydan.tv\/az\/#\/schema\/person\/10d11eccf6da3662cf5fdab9806ea91a"},"headline":"\u00c7oxu\u015faql\u0131 ana: \u0130cra Hakimiyy\u0259tind\u0259 dedil\u0259r ki, nec\u0259 do\u011fmusan, el\u0259 d\u0259 saxla","datePublished":"2019-07-29T13:01:36+00:00","mainEntityOfPage":{"@id":"https:\/\/www.meydan.tv\/az\/article\/coxusaqli-ana-icra-hakimiyyetinde-dediler-ki-nece-dogmusan-ele-de-saxla\/"},"wordCount":844,"publisher":{"@id":"https:\/\/www.meydan.tv\/az\/#organization"},"image":{"@id":"https:\/\/www.meydan.tv\/az\/article\/coxusaqli-ana-icra-hakimiyyetinde-dediler-ki-nece-dogmusan-ele-de-saxla\/#primaryimage"},"thumbnailUrl":"https:\/\/www.meydan.tv\/wp-content\/uploads\/image_from_ios_s2fvklp.jpg","articleSection":["B\u00f6lg\u0259"],"inLanguage":"az"},{"@type":"WebPage","@id":"https:\/\/www.meydan.tv\/az\/article\/coxusaqli-ana-icra-hakimiyyetinde-dediler-ki-nece-dogmusan-ele-de-saxla\/","url":"https:\/\/www.meydan.tv\/az\/article\/coxusaqli-ana-icra-hakimiyyetinde-dediler-ki-nece-dogmusan-ele-de-saxla\/","name":"\u00c7oxu\u015faql\u0131 ana: \u0130cra Hakimiyy\u0259tind\u0259 dedil\u0259r ki, nec\u0259 do\u011fmusan, el\u0259 d\u0259 saxla - MEYDAN.TV","isPartOf":{"@id":"https:\/\/www.meydan.tv\/az\/#website"},"primaryImageOfPage":{"@id":"https:\/\/www.meydan.tv\/az\/article\/coxusaqli-ana-icra-hakimiyyetinde-dediler-ki-nece-dogmusan-ele-de-saxla\/#primaryimage"},"image":{"@id":"https:\/\/www.meydan.tv\/az\/article\/coxusaqli-ana-icra-hakimiyyetinde-dediler-ki-nece-dogmusan-ele-de-saxla\/#primaryimage"},"thumbnailUrl":"https:\/\/www.meydan.tv\/wp-content\/uploads\/image_from_ios_s2fvklp.jpg","datePublished":"2019-07-29T13:01:36+00:00","breadcrumb":{"@id":"https:\/\/www.meydan.tv\/az\/article\/coxusaqli-ana-icra-hakimiyyetinde-dediler-ki-nece-dogmusan-ele-de-saxla\/#breadcrumb"},"inLanguage":"az","potentialAction":[{"@type":"ReadAction","target":["https:\/\/www.meydan.tv\/az\/article\/coxusaqli-ana-icra-hakimiyyetinde-dediler-ki-nece-dogmusan-ele-de-saxla\/"]}]},{"@type":"ImageObject","inLanguage":"az","@id":"https:\/\/www.meydan.tv\/az\/article\/coxusaqli-ana-icra-hakimiyyetinde-dediler-ki-nece-dogmusan-ele-de-saxla\/#primaryimage","url":"https:\/\/www.meydan.tv\/wp-content\/uploads\/image_from_ios_s2fvklp.jpg","contentUrl":"https:\/\/www.meydan.tv\/wp-content\/uploads\/image_from_ios_s2fvklp.jpg","width":1006,"height":750,"caption":"Source: meydan tv"},{"@type":"BreadcrumbList","@id":"https:\/\/www.meydan.tv\/az\/article\/coxusaqli-ana-icra-hakimiyyetinde-dediler-ki-nece-dogmusan-ele-de-saxla\/#breadcrumb","itemListElement":[{"@type":"ListItem","position":1,"name":"Ana s\u0259hif\u0259","item":"https:\/\/www.meydan.tv\/az\/"},{"@type":"ListItem","position":2,"name":"B\u00f6lg\u0259","item":"https:\/\/www.meydan.tv\/az\/section\/bolge\/"},{"@type":"ListItem","position":3,"name":"\u00c7oxu\u015faql\u0131 ana: \u0130cra Hakimiyy\u0259tind\u0259 dedil\u0259r ki, nec\u0259 do\u011fmusan, el\u0259 d\u0259 saxla"}]},{"@type":"WebSite","@id":"https:\/\/www.meydan.tv\/az\/#website","url":"https:\/\/www.meydan.tv\/az\/","name":"MEYDAN.TV","description":"Meydan TV Az\u0259rbaycan\u0131n media m\u0259kan\u0131ndak\u0131 alternativ s\u0259sidir","publisher":{"@id":"https:\/\/www.meydan.tv\/az\/#organization"},"potentialAction":[{"@type":"SearchAction","target":{"@type":"EntryPoint","urlTemplate":"https:\/\/www.meydan.tv\/az\/?s={search_term_string}"},"query-input":{"@type":"PropertyValueSpecification","valueRequired":true,"valueName":"search_term_string"}}],"inLanguage":"az"},{"@type":"Organization","@id":"https:\/\/www.meydan.tv\/az\/#organization","name":"Meydan TV","url":"https:\/\/www.meydan.tv\/az\/","logo":{"@type":"ImageObject","inLanguage":"az","@id":"https:\/\/www.meydan.tv\/az\/#\/schema\/logo\/image\/","url":"https:\/\/www.meydan.tv\/wp-content\/uploads\/2021\/07\/meydan-logo.svg","contentUrl":"https:\/\/www.meydan.tv\/wp-content\/uploads\/2021\/07\/meydan-logo.svg","width":195,"height":46,"caption":"Meydan TV"},"image":{"@id":"https:\/\/www.meydan.tv\/az\/#\/schema\/logo\/image\/"}},{"@type":"Person","@id":"https:\/\/www.meydan.tv\/az\/#\/schema\/person\/10d11eccf6da3662cf5fdab9806ea91a","name":"user-manager"}]}},"_links":{"self":[{"href":"https:\/\/www.meydan.tv\/az\/wp-json\/wp\/v2\/posts\/196382","targetHints":{"allow":["GET"]}}],"collection":[{"href":"https:\/\/www.meydan.tv\/az\/wp-json\/wp\/v2\/posts"}],"about":[{"href":"https:\/\/www.meydan.tv\/az\/wp-json\/wp\/v2\/types\/post"}],"author":[{"embeddable":true,"href":"https:\/\/www.meydan.tv\/az\/wp-json\/wp\/v2\/users\/11"}],"replies":[{"embeddable":true,"href":"https:\/\/www.meydan.tv\/az\/wp-json\/wp\/v2\/comments?post=196382"}],"version-history":[{"count":0,"href":"https:\/\/www.meydan.tv\/az\/wp-json\/wp\/v2\/posts\/196382\/revisions"}],"wp:featuredmedia":[{"embeddable":true,"href":"https:\/\/www.meydan.tv\/az\/wp-json\/wp\/v2\/media\/127538"}],"wp:attachment":[{"href":"https:\/\/www.meydan.tv\/az\/wp-json\/wp\/v2\/media?parent=196382"}],"wp:term":[{"taxonomy":"category","embeddable":true,"href":"https:\/\/www.meydan.tv\/az\/wp-json\/wp\/v2\/categories?post=196382"},{"taxonomy":"post_tag","embeddable":true,"href":"https:\/\/www.meydan.tv\/az\/wp-json\/wp\/v2\/tags?post=196382"}],"curies":[{"name":"wp","href":"https:\/\/api.w.org\/{rel}","templated":true}]}}