{"id":196378,"date":"2019-07-28T18:23:14","date_gmt":"2019-07-28T18:23:14","guid":{"rendered":"https:\/\/www.meydan.tv\/article\/hokumetden-bir-manat-gelirimiz-yoxdur\/"},"modified":"2019-07-28T18:23:14","modified_gmt":"2019-07-28T18:23:14","slug":"hokumetden-bir-manat-gelirimiz-yoxdur","status":"publish","type":"post","link":"https:\/\/www.meydan.tv\/az\/article\/hokumetden-bir-manat-gelirimiz-yoxdur\/","title":{"rendered":"&#8221;H\u00f6kum\u0259td\u0259n bir manat g\u0259lirimiz yoxdur&#8221;"},"content":{"rendered":"<p>\n  <i><br \/>\n    \u015eamax\u0131 sakinl\u0259ri sosial yard\u0131m ala bilm\u0259dikl\u0259rind\u0259n gileyl\u0259nirl\u0259r<br \/>\n  <\/i>\n<\/p>\n<p>\n  \u015eamax\u0131 sakinl\u0259ri naraz\u0131l\u0131q edir. \u015eikay\u0259tl\u0259ri d\u0259 odur ki, yerli d\u00f6vl\u0259t qurumlar\u0131 onlar\u0131n probleml\u0259rini g\u00f6rm\u0259zlikd\u0259n g\u0259lir. \u018fziz\u0259 Eyyubova Meydan TV-y\u0259 bildirir ki, z\u0259lz\u0259l\u0259 n\u0259tic\u0259sind\u0259 evi q\u0259zal\u0131 v\u0259ziyy\u0259t\u0259 d\u00fc\u015f\u00fcb.\n<\/p>\n<p>\n  Bununla ba\u011fl\u0131 d\u0259f\u0259l\u0259rl\u0259 \u015eamax\u0131 Rayon \u0130cra Hakimiyy\u0259tin\u0259 m\u00fcraci\u0259t edib:\n<\/p>\n<p>\n  \u201cD\u0259f\u0259l\u0259rl\u0259 icrada olmu\u015fam, amma bir d\u0259f\u0259 d\u0259 olsun ba\u015f\u00e7\u0131n\u0131 g\u00f6rm\u0259mi\u015f\u0259m ki, d\u0259rdimi deyim. \u015eikay\u0259t\u00e7il\u0259ri g\u00f6r\u0259n kimi icran\u0131n adamlar\u0131 qa\u00e7\u0131b gedirl\u0259r. Sosial problemi olan ail\u0259l\u0259ri q\u0259bul etm\u0259kd\u0259n yay\u0131n\u0131rlar, d\u0259rdini dem\u0259y\u0259 adam da tapm\u0131rsan. On yeddi ildir, alt\u0131 yetim saxlay\u0131ram, bir o\u011flum, be\u015f q\u0131z\u0131m var. \u0130\u015fl\u0259mir\u0259m, bir yerd\u0259n g\u0259lirim yoxdur. Qohum-\u0259qr\u0259ba k\u00f6m\u0259klik edib, q\u0131zlar\u0131m\u0131 birt\u0259h\u0259r, \u0259zab-\u0259ziyy\u0259tl\u0259 g\u0259lin k\u00f6\u00e7\u00fcrm\u00fc\u015f\u0259m. Evim z\u0259lz\u0259l\u0259d\u0259n z\u0259r\u0259r g\u00f6r\u00fcb. Bir d\u0259f\u0259 bax\u0131\u015f ke\u00e7iribl\u0259r, deyibl\u0259r ki, d\u00fcz\u0259l\u0259c\u0259k. Amma o ged\u0259n-gedibl\u0259r. Divarlar aralan\u0131b, da\u015flar\u0131n aras\u0131ndan ev\u0259 k\u0259rt\u0259nk\u0259l\u0259 girir. U\u015fa\u011f\u0131n \u00fcz\u00fcn\u00fc yatd\u0131\u011f\u0131 yerd\u0259 qurd di\u015fl\u0259yib, sif\u0259ti \u015fi\u015fib, n\u0259 boyda olmu\u015fdu. Bu vaxta kimi kimins\u0259 \u00fcst\u00fcn\u0259 getm\u0259mi\u015f\u0259m, \u015fikay\u0259t etm\u0259mi\u015f\u0259m ki, m\u0259n ac\u0131ndan \u00f6l\u00fcr\u0259m. Amma indi imkan\u0131m yoxdur. U\u015fa\u011f\u0131m x\u0259st\u0259 can\u0131yla gedib, da\u015f qald\u0131r\u0131r, be\u015f-on manat pul g\u0259tirir, m\u0259n d\u0259 qazpulu, i\u015f\u0131qpulu verir\u0259m. Ancaq qarn\u0131m\u0131z\u0131 doland\u0131ra bilirik, iki y\u00fcz manata q\u0259d\u0259r qaza borcum var, vallah, ver\u0259 bilmirik. H\u00f6kum\u0259td\u0259n bir manat g\u0259lirimiz yoxdur. Burada uzunqulaq ya\u015fam\u0131r, insan ya\u015fay\u0131r. Prezident v\u0259sait ay\u0131r\u0131b, siz d\u0259 g\u0259lin, bu camaat\u0131n qeydin\u0259 qal\u0131n. N\u0259 evl\u0259rin tikintisin\u0259 baxan var, n\u0259 d\u0259 dig\u0259r probleml\u0259r\u0259. \u00c7ox xahi\u015f edir\u0259m, aidiyyat\u0131 orqanlar evimin tikintisi il\u0259 maraqlans\u0131nlar\u201d.\n<\/p>\n<p>\n  \u015eamax\u0131 sakini Telman Camalov is\u0259 \u00fcnvanl\u0131 sosial yard\u0131m ala bilm\u0259m\u0259sind\u0259n giley-g\u00fczar edir. \u0130ddias\u0131na g\u00f6r\u0259, D\u00f6vl\u0259t Sosial M\u00fcdafi\u0259 Fondunun \u015eamax\u0131 Rayon \u015e\u00f6b\u0259sind\u0259 ona s\u00fcni mane\u0259l\u0259r yarad\u0131l\u0131r:\n<\/p>\n<figure class=\"wp-block-image size-large\">\n  <img decoding=\"async\" src=\"https:\/\/www.meydan.tv\/az\/image_from_ios-1-png\/\" alt=\"image_from_ios (1).png\" class=\"wp-image-127460\"\/><figcaption>\n    Telman Camalov<br \/>\n  <\/figcaption><\/figure>\n<p>\n  \u201cOrada i\u015fl\u0259y\u0259nl\u0259rin ham\u0131s\u0131 r\u00fc\u015fv\u0259txorluqla m\u0259\u015f\u011fuldur. Kimin pulu varsa, ona \u00fcnvanl\u0131 sosial yard\u0131m d\u00fcz\u0259ldirl\u0259r. Pulu olmayan\u0131 is\u0259 adam hesab etmirl\u0259r. O\u011flum evlidir, iki \u00f6vlad\u0131 var. Ail\u0259si il\u0259 birg\u0259 m\u0259nim evimd\u0259 ya\u015fay\u0131r. Haz\u0131rda evd\u0259 doqquz n\u0259f\u0259rd\u0259n ibar\u0259t b\u00f6y\u00fck bir ail\u0259yik. Fondun rayon \u015f\u00f6b\u0259sind\u0259 m\u0259n\u0259 deyirl\u0259r ki, s\u0259n\u0259 sosial yard\u0131m d\u00fc\u015fm\u00fcr. Deyir ki, g\u0259r\u0259k o\u011flunun ayr\u0131 evi ola. \u018fg\u0259r m\u0259n o\u011fluma ev tik\u0259, yaxud kiray\u0259y\u0259 \u00e7\u0131xara bilmir\u0259ms\u0259, onu nec\u0259 ayr\u0131 ev\u0259 sala bil\u0259r\u0259m? O\u011flum ayda iki y\u00fcz manat maa\u015f al\u0131r. Bu pulla n\u0259f\u0259rlik ail\u0259ni saxlamaq olar? 57 ya\u015f\u0131m var, hara i\u015f axtarma\u011fa gedir\u0259m, m\u0259n\u0259 deyirl\u0259r ki, s\u0259nin m\u00fcdd\u0259tin ke\u00e7ib, i\u015fl\u0259y\u0259 bilm\u0259zs\u0259n. Yax\u015f\u0131, m\u0259n i\u015fl\u0259y\u0259 bilmir\u0259m. O\u011flum da m\u0259nim evimd\u0259 ya\u015fay\u0131r. Biz neyl\u0259m\u0259liyik? Torpaq ala bilmirik, ev tik\u0259 bilmirik. B\u0259s m\u0259n yaz\u0131q neyl\u0259yim? G\u0259lib, \u00f6zl\u0259ri baxs\u0131nlar ki, doqquz n\u0259f\u0259r adam bir evd\u0259 hans\u0131 \u015f\u0259raitd\u0259 ya\u015fay\u0131r. Bunlar camaata d\u00fc\u015fm\u0259n k\u0259silibl\u0259r, ac\u0131ndan \u00f6ld\u00fcr\u00fcrl\u0259r\u201d.\n<\/p>\n<p>\n  D\u00f6vl\u0259t Sosial M\u00fcdafi\u0259 Fondunun \u015eamax\u0131 Rayon \u015e\u00f6b\u0259sind\u0259n Meydan TV-y\u0259 bildirilib ki, Telman Camalov \u00fcnvanl\u0131 sosial yard\u0131m almaq \u00fc\u00e7\u00fcn m\u00fcraci\u0259t ed\u0259n zaman ail\u0259 \u00fczvl\u0259rinin say\u0131n\u0131 d\u00fczg\u00fcn qeyd etm\u0259yib:\n<\/p>\n<p>\n  \u201c\u00dcnvanl\u0131 sosial yard\u0131m haqq\u0131nda qaydalara \u0259sas\u0259n, v\u0259t\u0259nda\u015fa bildirilib ki, iki ail\u0259 bir yerd\u0259 ya\u015fay\u0131rsa, yard\u0131m almaq \u00fc\u00e7\u00fcn ayr\u0131-ayr\u0131l\u0131qda deyil, birlikd\u0259 m\u00fcraci\u0259t etm\u0259k laz\u0131md\u0131r. Telman Camalovun ail\u0259sind\u0259 \u00f6vlad valideynl\u0259ri il\u0259 birg\u0259 ya\u015fasa da, \u00fcnvanl\u0131 sosial yard\u0131m \u00fc\u00e7\u00fcn ayr\u0131-ayr\u0131 m\u00fcraci\u0259t etm\u0259k ist\u0259yirl\u0259r. Qayda budur, iki ail\u0259 bir yerd\u0259 ya\u015fay\u0131rsa, birg\u0259 m\u00fcraci\u0259t etm\u0259lidir ki, \u00fcmumi t\u0259yinat verilsin\u201d.\n<\/p>\n<p>\n  \u015eamax\u0131 Rayon \u0130cra Hakimiyy\u0259ti Memarl\u0131q v\u0259 Tikinti \u015e\u00f6b\u0259sind\u0259n Meydan TV-y\u0259 bildirilib ki, t\u0259mir\u0259 yaz\u0131lan evl\u0259r\u0259 ikinci d\u0259f\u0259 bax\u0131\u015f ke\u00e7irilib, t\u0259krar qiym\u0259tl\u0259ndirilm\u0259 apar\u0131lacaq:\n<\/p>\n<p>\n  \u201cHaz\u0131rda F\u00f6vq\u0259lad\u0259 Hallar Nazirliyinin Komissiyas\u0131, onlarla birg\u0259 i\u015fl\u0259y\u0259n tikinti \u015firk\u0259tl\u0259ri, h\u0259m\u00e7inin \u201cSukanal\u201d Elmi-T\u0259dqiqat v\u0259 Layih\u0259 \u0130nstitutunun \u0259m\u0259kda\u015flar\u0131 buradad\u0131r. Onlar q\u0259zal\u0131 olan b\u00fct\u00fcn evl\u0259r\u0259 bir-bir bax\u0131\u015f ke\u00e7irirl\u0259r. Haz\u0131rda 170-d\u0259n yuxar\u0131 m\u00fc\u0259mmal\u0131 problemi olan evl\u0259r var. Y\u0259ni h\u0259min evl\u0259r\u0259 t\u0259mir yaz\u0131l\u0131b. T\u0259krar bax\u0131\u015f ke\u00e7irildikd\u0259n sonra d\u0259qiql\u0259\u015fdiril\u0259c\u0259k. M\u0259s\u0259l\u0259n, ev t\u0259mir\u0259 yaram\u0131r, \u00e7\u00fcnki daha \u00e7ox maliyy\u0259 v\u0259saiti ayr\u0131lmal\u0131d\u0131r. T\u0259mir b\u0259rpa il\u0259 \u0259v\u0259z olunacaq. H\u0259m\u00e7inin b\u0259rpa yaz\u0131lan evl\u0259r var ki, y\u00fcks\u0259k maliyy\u0259y\u0259 ba\u015fa g\u0259ldiyin\u0259 g\u00f6r\u0259 onu d\u0259yi\u015fdirib, q\u0259zal\u0131 ev kimi qeydiyyata alacaqlar. Bunlar ham\u0131s\u0131 qeyri-\u015f\u0259rtsiz h\u0259yata ke\u00e7iril\u0259c\u0259k. \u018fziz\u0259 Eyyubovaya t\u00f6vsiy\u0259 edirik ki, \u0130H-n\u0259 yax\u0131nla\u015f\u0131b, siyah\u0131s\u0131n\u0131n n\u0259 yerd\u0259 olma\u011f\u0131 il\u0259 maraqlans\u0131n\u201d.<\/p>\n","protected":false},"excerpt":{"rendered":"<p>Orada i\u015fl\u0259y\u0259nl\u0259rin ham\u0131s\u0131 r\u00fc\u015fv\u0259txorluqla m\u0259\u015f\u011fuldur.<\/p>\n","protected":false},"author":11,"featured_media":127457,"comment_status":"closed","ping_status":"open","sticky":false,"template":"","format":"standard","meta":{"_acf_changed":false,"_sitemap_exclude":false,"_sitemap_priority":"","_sitemap_frequency":"","footnotes":""},"categories":[60],"tags":[],"class_list":["post-196378","post","type-post","status-publish","format-standard","has-post-thumbnail","hentry","category-bolge","infinite-scroll-item","generate-columns","tablet-grid-50","mobile-grid-100","grid-parent","grid-33","no-featured-image-padding"],"acf":[],"yoast_head":"<!-- This site is optimized with the Yoast SEO plugin v27.5 - https:\/\/yoast.com\/product\/yoast-seo-wordpress\/ -->\n<title>&#039;&#039;H\u00f6kum\u0259td\u0259n bir manat g\u0259lirimiz yoxdur&#039;&#039; - MEYDAN.TV<\/title>\n<meta name=\"robots\" content=\"index, follow, max-snippet:-1, max-image-preview:large, max-video-preview:-1\" \/>\n<link rel=\"canonical\" href=\"https:\/\/www.meydan.tv\/az\/article\/hokumetden-bir-manat-gelirimiz-yoxdur\/\" \/>\n<meta property=\"og:locale\" content=\"az_AZ\" \/>\n<meta property=\"og:type\" content=\"article\" \/>\n<meta property=\"og:title\" content=\"&#039;&#039;H\u00f6kum\u0259td\u0259n bir manat g\u0259lirimiz yoxdur&#039;&#039; - MEYDAN.TV\" \/>\n<meta property=\"og:description\" content=\"Orada i\u015fl\u0259y\u0259nl\u0259rin ham\u0131s\u0131 r\u00fc\u015fv\u0259txorluqla m\u0259\u015f\u011fuldur.\" \/>\n<meta property=\"og:url\" content=\"https:\/\/www.meydan.tv\/az\/article\/hokumetden-bir-manat-gelirimiz-yoxdur\/\" \/>\n<meta property=\"og:site_name\" content=\"MEYDAN.TV\" \/>\n<meta property=\"article:published_time\" content=\"2019-07-28T18:23:14+00:00\" \/>\n<meta property=\"og:image\" content=\"https:\/\/www.meydan.tv\/wp-content\/uploads\/image_from_ios_d5usw1m.png\" \/>\n\t<meta property=\"og:image:width\" content=\"949\" \/>\n\t<meta property=\"og:image:height\" content=\"480\" \/>\n\t<meta property=\"og:image:type\" content=\"image\/png\" \/>\n<meta name=\"author\" content=\"user-manager\" \/>\n<meta name=\"twitter:card\" content=\"summary_large_image\" \/>\n<script type=\"application\/ld+json\" class=\"yoast-schema-graph\">{\"@context\":\"https:\\\/\\\/schema.org\",\"@graph\":[{\"@type\":\"Article\",\"@id\":\"https:\\\/\\\/www.meydan.tv\\\/az\\\/article\\\/hokumetden-bir-manat-gelirimiz-yoxdur\\\/#article\",\"isPartOf\":{\"@id\":\"https:\\\/\\\/www.meydan.tv\\\/az\\\/article\\\/hokumetden-bir-manat-gelirimiz-yoxdur\\\/\"},\"author\":{\"name\":\"user-manager\",\"@id\":\"https:\\\/\\\/www.meydan.tv\\\/az\\\/#\\\/schema\\\/person\\\/10d11eccf6da3662cf5fdab9806ea91a\"},\"headline\":\"&#8221;H\u00f6kum\u0259td\u0259n bir manat g\u0259lirimiz yoxdur&#8221;\",\"datePublished\":\"2019-07-28T18:23:14+00:00\",\"mainEntityOfPage\":{\"@id\":\"https:\\\/\\\/www.meydan.tv\\\/az\\\/article\\\/hokumetden-bir-manat-gelirimiz-yoxdur\\\/\"},\"wordCount\":991,\"publisher\":{\"@id\":\"https:\\\/\\\/www.meydan.tv\\\/az\\\/#organization\"},\"image\":{\"@id\":\"https:\\\/\\\/www.meydan.tv\\\/az\\\/article\\\/hokumetden-bir-manat-gelirimiz-yoxdur\\\/#primaryimage\"},\"thumbnailUrl\":\"https:\\\/\\\/www.meydan.tv\\\/wp-content\\\/uploads\\\/image_from_ios_d5usw1m.png\",\"articleSection\":[\"B\u00f6lg\u0259\"],\"inLanguage\":\"az\"},{\"@type\":\"WebPage\",\"@id\":\"https:\\\/\\\/www.meydan.tv\\\/az\\\/article\\\/hokumetden-bir-manat-gelirimiz-yoxdur\\\/\",\"url\":\"https:\\\/\\\/www.meydan.tv\\\/az\\\/article\\\/hokumetden-bir-manat-gelirimiz-yoxdur\\\/\",\"name\":\"''H\u00f6kum\u0259td\u0259n bir manat g\u0259lirimiz yoxdur'' - MEYDAN.TV\",\"isPartOf\":{\"@id\":\"https:\\\/\\\/www.meydan.tv\\\/az\\\/#website\"},\"primaryImageOfPage\":{\"@id\":\"https:\\\/\\\/www.meydan.tv\\\/az\\\/article\\\/hokumetden-bir-manat-gelirimiz-yoxdur\\\/#primaryimage\"},\"image\":{\"@id\":\"https:\\\/\\\/www.meydan.tv\\\/az\\\/article\\\/hokumetden-bir-manat-gelirimiz-yoxdur\\\/#primaryimage\"},\"thumbnailUrl\":\"https:\\\/\\\/www.meydan.tv\\\/wp-content\\\/uploads\\\/image_from_ios_d5usw1m.png\",\"datePublished\":\"2019-07-28T18:23:14+00:00\",\"breadcrumb\":{\"@id\":\"https:\\\/\\\/www.meydan.tv\\\/az\\\/article\\\/hokumetden-bir-manat-gelirimiz-yoxdur\\\/#breadcrumb\"},\"inLanguage\":\"az\",\"potentialAction\":[{\"@type\":\"ReadAction\",\"target\":[\"https:\\\/\\\/www.meydan.tv\\\/az\\\/article\\\/hokumetden-bir-manat-gelirimiz-yoxdur\\\/\"]}]},{\"@type\":\"ImageObject\",\"inLanguage\":\"az\",\"@id\":\"https:\\\/\\\/www.meydan.tv\\\/az\\\/article\\\/hokumetden-bir-manat-gelirimiz-yoxdur\\\/#primaryimage\",\"url\":\"https:\\\/\\\/www.meydan.tv\\\/wp-content\\\/uploads\\\/image_from_ios_d5usw1m.png\",\"contentUrl\":\"https:\\\/\\\/www.meydan.tv\\\/wp-content\\\/uploads\\\/image_from_ios_d5usw1m.png\",\"width\":949,\"height\":480,\"caption\":\"Source: meydan.tv\"},{\"@type\":\"BreadcrumbList\",\"@id\":\"https:\\\/\\\/www.meydan.tv\\\/az\\\/article\\\/hokumetden-bir-manat-gelirimiz-yoxdur\\\/#breadcrumb\",\"itemListElement\":[{\"@type\":\"ListItem\",\"position\":1,\"name\":\"Ana s\u0259hif\u0259\",\"item\":\"https:\\\/\\\/www.meydan.tv\\\/az\\\/\"},{\"@type\":\"ListItem\",\"position\":2,\"name\":\"B\u00f6lg\u0259\",\"item\":\"https:\\\/\\\/www.meydan.tv\\\/az\\\/section\\\/bolge\\\/\"},{\"@type\":\"ListItem\",\"position\":3,\"name\":\"&#8221;H\u00f6kum\u0259td\u0259n bir manat g\u0259lirimiz yoxdur&#8221;\"}]},{\"@type\":\"WebSite\",\"@id\":\"https:\\\/\\\/www.meydan.tv\\\/az\\\/#website\",\"url\":\"https:\\\/\\\/www.meydan.tv\\\/az\\\/\",\"name\":\"MEYDAN.TV\",\"description\":\"Meydan TV Az\u0259rbaycan\u0131n media m\u0259kan\u0131ndak\u0131 alternativ s\u0259sidir\",\"publisher\":{\"@id\":\"https:\\\/\\\/www.meydan.tv\\\/az\\\/#organization\"},\"potentialAction\":[{\"@type\":\"SearchAction\",\"target\":{\"@type\":\"EntryPoint\",\"urlTemplate\":\"https:\\\/\\\/www.meydan.tv\\\/az\\\/?s={search_term_string}\"},\"query-input\":{\"@type\":\"PropertyValueSpecification\",\"valueRequired\":true,\"valueName\":\"search_term_string\"}}],\"inLanguage\":\"az\"},{\"@type\":\"Organization\",\"@id\":\"https:\\\/\\\/www.meydan.tv\\\/az\\\/#organization\",\"name\":\"Meydan TV\",\"url\":\"https:\\\/\\\/www.meydan.tv\\\/az\\\/\",\"logo\":{\"@type\":\"ImageObject\",\"inLanguage\":\"az\",\"@id\":\"https:\\\/\\\/www.meydan.tv\\\/az\\\/#\\\/schema\\\/logo\\\/image\\\/\",\"url\":\"https:\\\/\\\/www.meydan.tv\\\/wp-content\\\/uploads\\\/2021\\\/07\\\/meydan-logo.svg\",\"contentUrl\":\"https:\\\/\\\/www.meydan.tv\\\/wp-content\\\/uploads\\\/2021\\\/07\\\/meydan-logo.svg\",\"width\":195,\"height\":46,\"caption\":\"Meydan TV\"},\"image\":{\"@id\":\"https:\\\/\\\/www.meydan.tv\\\/az\\\/#\\\/schema\\\/logo\\\/image\\\/\"}},{\"@type\":\"Person\",\"@id\":\"https:\\\/\\\/www.meydan.tv\\\/az\\\/#\\\/schema\\\/person\\\/10d11eccf6da3662cf5fdab9806ea91a\",\"name\":\"user-manager\"}]}<\/script>\n<!-- \/ Yoast SEO plugin. -->","yoast_head_json":{"title":"''H\u00f6kum\u0259td\u0259n bir manat g\u0259lirimiz yoxdur'' - MEYDAN.TV","robots":{"index":"index","follow":"follow","max-snippet":"max-snippet:-1","max-image-preview":"max-image-preview:large","max-video-preview":"max-video-preview:-1"},"canonical":"https:\/\/www.meydan.tv\/az\/article\/hokumetden-bir-manat-gelirimiz-yoxdur\/","og_locale":"az_AZ","og_type":"article","og_title":"''H\u00f6kum\u0259td\u0259n bir manat g\u0259lirimiz yoxdur'' - MEYDAN.TV","og_description":"Orada i\u015fl\u0259y\u0259nl\u0259rin ham\u0131s\u0131 r\u00fc\u015fv\u0259txorluqla m\u0259\u015f\u011fuldur.","og_url":"https:\/\/www.meydan.tv\/az\/article\/hokumetden-bir-manat-gelirimiz-yoxdur\/","og_site_name":"MEYDAN.TV","article_published_time":"2019-07-28T18:23:14+00:00","og_image":[{"width":949,"height":480,"url":"https:\/\/www.meydan.tv\/wp-content\/uploads\/image_from_ios_d5usw1m.png","type":"image\/png"}],"author":"user-manager","twitter_card":"summary_large_image","schema":{"@context":"https:\/\/schema.org","@graph":[{"@type":"Article","@id":"https:\/\/www.meydan.tv\/az\/article\/hokumetden-bir-manat-gelirimiz-yoxdur\/#article","isPartOf":{"@id":"https:\/\/www.meydan.tv\/az\/article\/hokumetden-bir-manat-gelirimiz-yoxdur\/"},"author":{"name":"user-manager","@id":"https:\/\/www.meydan.tv\/az\/#\/schema\/person\/10d11eccf6da3662cf5fdab9806ea91a"},"headline":"&#8221;H\u00f6kum\u0259td\u0259n bir manat g\u0259lirimiz yoxdur&#8221;","datePublished":"2019-07-28T18:23:14+00:00","mainEntityOfPage":{"@id":"https:\/\/www.meydan.tv\/az\/article\/hokumetden-bir-manat-gelirimiz-yoxdur\/"},"wordCount":991,"publisher":{"@id":"https:\/\/www.meydan.tv\/az\/#organization"},"image":{"@id":"https:\/\/www.meydan.tv\/az\/article\/hokumetden-bir-manat-gelirimiz-yoxdur\/#primaryimage"},"thumbnailUrl":"https:\/\/www.meydan.tv\/wp-content\/uploads\/image_from_ios_d5usw1m.png","articleSection":["B\u00f6lg\u0259"],"inLanguage":"az"},{"@type":"WebPage","@id":"https:\/\/www.meydan.tv\/az\/article\/hokumetden-bir-manat-gelirimiz-yoxdur\/","url":"https:\/\/www.meydan.tv\/az\/article\/hokumetden-bir-manat-gelirimiz-yoxdur\/","name":"''H\u00f6kum\u0259td\u0259n bir manat g\u0259lirimiz yoxdur'' - MEYDAN.TV","isPartOf":{"@id":"https:\/\/www.meydan.tv\/az\/#website"},"primaryImageOfPage":{"@id":"https:\/\/www.meydan.tv\/az\/article\/hokumetden-bir-manat-gelirimiz-yoxdur\/#primaryimage"},"image":{"@id":"https:\/\/www.meydan.tv\/az\/article\/hokumetden-bir-manat-gelirimiz-yoxdur\/#primaryimage"},"thumbnailUrl":"https:\/\/www.meydan.tv\/wp-content\/uploads\/image_from_ios_d5usw1m.png","datePublished":"2019-07-28T18:23:14+00:00","breadcrumb":{"@id":"https:\/\/www.meydan.tv\/az\/article\/hokumetden-bir-manat-gelirimiz-yoxdur\/#breadcrumb"},"inLanguage":"az","potentialAction":[{"@type":"ReadAction","target":["https:\/\/www.meydan.tv\/az\/article\/hokumetden-bir-manat-gelirimiz-yoxdur\/"]}]},{"@type":"ImageObject","inLanguage":"az","@id":"https:\/\/www.meydan.tv\/az\/article\/hokumetden-bir-manat-gelirimiz-yoxdur\/#primaryimage","url":"https:\/\/www.meydan.tv\/wp-content\/uploads\/image_from_ios_d5usw1m.png","contentUrl":"https:\/\/www.meydan.tv\/wp-content\/uploads\/image_from_ios_d5usw1m.png","width":949,"height":480,"caption":"Source: meydan.tv"},{"@type":"BreadcrumbList","@id":"https:\/\/www.meydan.tv\/az\/article\/hokumetden-bir-manat-gelirimiz-yoxdur\/#breadcrumb","itemListElement":[{"@type":"ListItem","position":1,"name":"Ana s\u0259hif\u0259","item":"https:\/\/www.meydan.tv\/az\/"},{"@type":"ListItem","position":2,"name":"B\u00f6lg\u0259","item":"https:\/\/www.meydan.tv\/az\/section\/bolge\/"},{"@type":"ListItem","position":3,"name":"&#8221;H\u00f6kum\u0259td\u0259n bir manat g\u0259lirimiz yoxdur&#8221;"}]},{"@type":"WebSite","@id":"https:\/\/www.meydan.tv\/az\/#website","url":"https:\/\/www.meydan.tv\/az\/","name":"MEYDAN.TV","description":"Meydan TV Az\u0259rbaycan\u0131n media m\u0259kan\u0131ndak\u0131 alternativ s\u0259sidir","publisher":{"@id":"https:\/\/www.meydan.tv\/az\/#organization"},"potentialAction":[{"@type":"SearchAction","target":{"@type":"EntryPoint","urlTemplate":"https:\/\/www.meydan.tv\/az\/?s={search_term_string}"},"query-input":{"@type":"PropertyValueSpecification","valueRequired":true,"valueName":"search_term_string"}}],"inLanguage":"az"},{"@type":"Organization","@id":"https:\/\/www.meydan.tv\/az\/#organization","name":"Meydan TV","url":"https:\/\/www.meydan.tv\/az\/","logo":{"@type":"ImageObject","inLanguage":"az","@id":"https:\/\/www.meydan.tv\/az\/#\/schema\/logo\/image\/","url":"https:\/\/www.meydan.tv\/wp-content\/uploads\/2021\/07\/meydan-logo.svg","contentUrl":"https:\/\/www.meydan.tv\/wp-content\/uploads\/2021\/07\/meydan-logo.svg","width":195,"height":46,"caption":"Meydan TV"},"image":{"@id":"https:\/\/www.meydan.tv\/az\/#\/schema\/logo\/image\/"}},{"@type":"Person","@id":"https:\/\/www.meydan.tv\/az\/#\/schema\/person\/10d11eccf6da3662cf5fdab9806ea91a","name":"user-manager"}]}},"_links":{"self":[{"href":"https:\/\/www.meydan.tv\/az\/wp-json\/wp\/v2\/posts\/196378","targetHints":{"allow":["GET"]}}],"collection":[{"href":"https:\/\/www.meydan.tv\/az\/wp-json\/wp\/v2\/posts"}],"about":[{"href":"https:\/\/www.meydan.tv\/az\/wp-json\/wp\/v2\/types\/post"}],"author":[{"embeddable":true,"href":"https:\/\/www.meydan.tv\/az\/wp-json\/wp\/v2\/users\/11"}],"replies":[{"embeddable":true,"href":"https:\/\/www.meydan.tv\/az\/wp-json\/wp\/v2\/comments?post=196378"}],"version-history":[{"count":0,"href":"https:\/\/www.meydan.tv\/az\/wp-json\/wp\/v2\/posts\/196378\/revisions"}],"wp:featuredmedia":[{"embeddable":true,"href":"https:\/\/www.meydan.tv\/az\/wp-json\/wp\/v2\/media\/127457"}],"wp:attachment":[{"href":"https:\/\/www.meydan.tv\/az\/wp-json\/wp\/v2\/media?parent=196378"}],"wp:term":[{"taxonomy":"category","embeddable":true,"href":"https:\/\/www.meydan.tv\/az\/wp-json\/wp\/v2\/categories?post=196378"},{"taxonomy":"post_tag","embeddable":true,"href":"https:\/\/www.meydan.tv\/az\/wp-json\/wp\/v2\/tags?post=196378"}],"curies":[{"name":"wp","href":"https:\/\/api.w.org\/{rel}","templated":true}]}}