{"id":196376,"date":"2019-07-28T12:32:27","date_gmt":"2019-07-28T12:32:27","guid":{"rendered":"https:\/\/www.meydan.tv\/article\/sehv-diaqnozlar-pervanenin-ayaga-qalxmasini-mumkunsuz-edib\/"},"modified":"2019-07-28T12:32:27","modified_gmt":"2019-07-28T12:32:27","slug":"sehv-diaqnozlar-pervanenin-ayaga-qalxmasini-mumkunsuz-edib","status":"publish","type":"post","link":"https:\/\/www.meydan.tv\/az\/article\/sehv-diaqnozlar-pervanenin-ayaga-qalxmasini-mumkunsuz-edib\/","title":{"rendered":"&#8221;S\u0259hv diaqnozlar P\u0259rvan\u0259nin aya\u011fa qalxmas\u0131n\u0131 m\u00fcmk\u00fcns\u00fcz edib&#8221;"},"content":{"rendered":"<p>\n  <i><br \/>\n    &#x27;&#x27;H\u0259r \u015feyimizi sat\u0131b onun m\u00fcalic\u0259sin\u0259 x\u0259rcl\u0259dik. Amma&#8230;&#x27;&#x27;<br \/>\n  <\/i>\n<\/p>\n<p>\n  Balak\u0259nin Qazma k\u0259ndind\u0259 ya\u015fayan P\u0259rvan\u0259 Osmanova \u00f6m\u00fcrl\u00fck \u0259lil arabas\u0131na m\u0259hkum edilib. H\u0259yat yolda\u015f\u0131 Faiq Osmanov deyir, P\u0259rvan\u0259y\u0259 bu m\u0259hkumlu\u011fu ya\u015fadan yerli s\u0259hiyy\u0259 i\u015f\u00e7il\u0259ri olub. Bir ne\u00e7\u0259 il \u0259vv\u0259l g\u0259nc qad\u0131n\u0131n s\u0259hh\u0259tiyl\u0259 ba\u011fl\u0131 s\u0259hv diaqnoz v\u0259 m\u00fcalic\u0259l\u0259rin n\u0259tic\u0259sind\u0259 o, fiziki h\u0259r\u0259k\u0259tini tamamil\u0259 itirib.\n<\/p>\n<p>\n  <i><br \/>\n    \u201c\u018fvv\u0259l komaya, sonra da savads\u0131z h\u0259kiml\u0259rin \u0259lin\u0259 d\u00fc\u015fd\u00fc\u201d<br \/>\n  <\/i>\n<\/p>\n<p>\n  \u201c6 il \u0259vv\u0259l P\u0259rvan\u0259 m\u0259lum olmayan s\u0259b\u0259bd\u0259n komaya d\u00fc\u015fd\u00fc, ay\u0131landa is\u0259 nitq v\u0259 g\u00f6rm\u0259 qabiliyy\u0259tini itirmi\u015fdi. Sonra m\u0259lum oldu ki, onun a\u015fa\u011f\u0131 \u0259traflar\u0131 da iflic olub. H\u0259kiml\u0259r\u0259 m\u00fcraci\u0259t etdik. H\u0259r\u0259si bir na\u011f\u0131l dan\u0131\u015fd\u0131, h\u0259r\u0259si bir diaqnoz qoydu, h\u0259r\u0259si bir m\u00fcalic\u0259 yazd\u0131&#8230; Bir h\u0259kim dig\u0259r h\u0259kimin diaqnozunu s\u0259hv \u00e7\u0131xatd\u0131, \u00f6z\u00fc d\u0259 n\u00f6vb\u0259ti s\u0259hv diaqnozu qoydu. Bel\u0259c\u0259, P\u0259rvan\u0259 savads\u0131z h\u0259kiml\u0259rin \u0259lind\u0259 qald\u0131. Onu aya\u011fa qald\u0131rmaq \u00fc\u00e7\u00fcn 50 min manatdan \u00e7ox x\u0259rcimiz \u00e7\u0131xd\u0131, g\u0259l ki, he\u00e7 bir n\u0259tic\u0259 \u0259ld\u0259 ed\u0259 bilm\u0259dik\u201d.\n<\/p>\n<p>\n  P\u0259rvan\u0259 Osmanova sa\u011flaml\u0131\u011f\u0131n\u0131 itir\u0259n\u0259d\u0259k el\u0259 Qazma k\u0259ndind\u0259ki 1 sayl\u0131 orta m\u0259kt\u0259bd\u0259 ingilis dili m\u00fc\u0259llim\u0259si i\u015fl\u0259yib. H\u0259yat\u0131n\u0131n sonrak\u0131 hiss\u0259sini is\u0259 x\u0259st\u0259xana palatalar\u0131nda ke\u00e7irib. Bir m\u00fcdd\u0259t \u201cbeynind\u0259ki soyuqlamaya g\u00f6r\u0259\u201d Bak\u0131dak\u0131 1 sayl\u0131 \u015e\u0259h\u0259r Klinik X\u0259st\u0259xanas\u0131nda yat\u0131b. Ancaq ail\u0259si g\u00f6r\u0259nd\u0259 ki, h\u0259kiml\u0259r m\u00fcalic\u0259ni d\u00fczg\u00fcn aparm\u0131r, onu ba\u015fqa x\u0259st\u0259xanaya g\u00f6t\u00fcr\u00fcbl\u0259r.\n<\/p>\n<p>\n  <i><br \/>\n    \u201cDedil\u0259r ki, bu n\u0259 x\u0259st\u0259likdirs\u0259, tapa bilmirik\u201d<br \/>\n  <\/i>\n<\/p>\n<p>\n  \u201c1 sayl\u0131 \u015e\u0259h\u0259r Klini X\u0259st\u0259xanas\u0131nda bahal\u0131 d\u0259rmanlar ald\u0131r\u0131rd\u0131lar, ancaq ordan Mirqas\u0131mov ad\u0131na x\u0259st\u0259xanaya g\u00f6t\u00fcr\u0259nd\u0259 bildirdil\u0259r ki, o d\u0259rmanlar \u0259ksin\u0259, P\u0259rvan\u0259nin durumunu daha da a\u011f\u0131rla\u015fd\u0131r\u0131rm\u0131\u015f. Yen\u0259 xeyli bahal\u0131 iyn\u0259-d\u0259rmanlar v\u0259 sonda dedil\u0259r ki, x\u0259st\u0259liyin n\u0259 oldu\u011funu m\u00fc\u0259yy\u0259n ed\u0259 bilmirl\u0259r. D\u00fcz 1 il s\u0259hv diaqnozlarla x\u0259st\u0259xanalar\u0131 g\u0259zdirdik P\u0259rvan\u0259ni. Sonra ba\u015fa d\u00fc\u015fd\u00fck ki, bir xalatlar\u0131n\u0131n h\u0259r iki cibini daim x\u0259st\u0259nin yax\u0131n\u0131 \u00fc\u00e7\u00fcn a\u00e7\u0131q saxlayan yerli h\u0259kiml\u0259r onun durumunu daha da a\u011f\u0131rla\u015fd\u0131rmaqla m\u0259\u015f\u011fuldular. G\u00f6t\u00fcr\u00fcb Rusiyaya apard\u0131q. Rusiyada tamamil\u0259 ba\u015fqa diaqnozlar qoyuldu, dedil\u0259r ki, x\u0259st\u0259liyinin ilk vaxtlar\u0131 olsayd\u0131, onu xilas etm\u0259k olard\u0131. \u0130ki d\u0259f\u0259 Rusiyaya, bir d\u0259f\u0259 T\u00fcrkiy\u0259y\u0259 apard\u0131q, eyni s\u00f6zl\u0259ri e\u015fitdik. Dedil\u0259r, s\u0259hv diaqnozlar, s\u0259hv iyn\u0259-d\u0259rmanlar P\u0259rvan\u0259nin aya\u011fa qaxmas\u0131n\u0131 yerli-dibli m\u00fcmk\u00fcns\u00fcz edib,\u201d- h\u0259yat yolda\u015f\u0131 deyir.\n<\/p>\n<figure class=\"wp-block-image size-large\">\n  <img decoding=\"async\" src=\"https:\/\/www.meydan.tv\/az\/parvana_osmanova6-jpg\/\" alt=\"parvana_osmanova6.jpg\" class=\"wp-image-127419\"\/><figcaption>\n    P\u0259rvan\u0259 Osmanova<br \/>\n  <\/figcaption><\/figure>\n<p>\n  <i><br \/>\n    &quot;Almaniyada m\u00fcayin\u0259 olunmal\u0131d\u0131r, pul yoxdur\u201d<br \/>\n  <\/i>\n<\/p>\n<p>\n  Bir m\u00fcdd\u0259t \u0259vv\u0259ls\u0259 Almaniyadan d\u0259v\u0259t olunan h\u0259kim P\u0259rvan\u0259 Osmanovan\u0131n m\u00fcayin\u0259 \u00fc\u00e7\u00fcn h\u0259min \u00f6lk\u0259y\u0259 g\u00f6t\u00fcr\u00fclm\u00fcsini t\u00f6vsiy\u0259 edib. Ancaq P\u0259rvan\u0259nin aya\u011fa qalxmas\u0131 \u00fc\u00e7\u00fcn ev-e\u015fiyini, \u0259\u015fyalar\u0131n\u0131 bel\u0259 sat\u0131b yerli h\u0259kiml\u0259r\u0259 vermi\u015f ail\u0259nin buna maddi imkan\u0131 \u00e7atm\u0131r. 6 ild\u0259n \u00e7oxdur ki, Faiq Osmanov h\u0259m iki azya\u015fl\u0131 \u00f6vlad\u0131na, h\u0259m d\u0259 \u0259lil arabas\u0131ndak\u0131 h\u0259yat yolda\u015f\u0131na bax\u0131r. P\u0259rvan\u0259nin ac\u0131s\u0131 az imi\u015f kimi, \u00fcst\u0259lik, \u00f6vladlar\u0131ndan biri d\u0259 ill\u0259rdir ki, astma-bronxitd\u0259n \u0259ziyy\u0259t \u00e7\u0259kir. Faiq Osmanov i\u015fsizdir, g\u0259lirinin olmamas\u0131 P\u0259rvan\u0259nin v\u0259 azya\u015fl\u0131 \u00f6vlad\u0131n\u0131n m\u00fcalic\u0259l\u0259rini imkans\u0131z edir.\n<\/p>\n<p>\n  <i><br \/>\n    \u201cS\u0259ttar Mehbal\u0131yev 100 manat g\u00f6nd\u0259rmi\u015fdi\u201d<br \/>\n  <\/i>\n<\/p>\n<p>\n  \u201cBir ne\u00e7\u0259 il \u0259vv\u0259l P\u0259rvan\u0259nin i\u015f yolda\u015flar\u0131 y\u0131\u011f\u0131\u015f\u0131b H\u0259mkarlar \u0130ttifaq\u0131n\u0131n s\u0259dri S\u0259ttar Mehbal\u0131yev\u0259 m\u00fcraci\u0259t etdil\u0259r ki, m\u00fcalic\u0259y\u0259 maddi d\u0259st\u0259k versin, o da 100 manat g\u00f6nd\u0259rdi. P\u0259rvan\u0259nin Almaniyada m\u00fcayin\u0259si vacibdir. Onun aya\u011fa qalxmas\u0131na \u00fcmid yeri var. Sad\u0259c\u0259, imkans\u0131zl\u0131q \u0259l-qolumuzu ba\u011flay\u0131b. Ka\u015f ki, yerli h\u0259kiml\u0259r\u0259 t\u00f6kd\u00fcy\u00fcm\u00fcz pullarla vaxt\u0131nda Almaniyaya ged\u0259rdik, indi P\u0259rvan\u0259 d\u0259 ayaq \u00fcst\u0259 idi, ail\u0259mizin, balalar\u0131m\u0131z\u0131n qay\u011f\u0131s\u0131n\u0131 birlikd\u0259 \u00e7\u0259kirdik,\u201d- Faiq Osmanov t\u0259\u0259ss\u00fcfl\u0259nir.\n<\/p>\n<p>\n  S\u0259hiyy\u0259 Nazirliyind\u0259n bildirilib ki, \u00f6lk\u0259 daxilind\u0259 m\u00fcalic\u0259si m\u00fcmk\u00fcn olmayan x\u0259st\u0259l\u0259rin xaric\u0259 g\u00f6nd\u0259rilm\u0259si m\u0259s\u0259l\u0259sin\u0259 S\u0259hiyy\u0259 Nazirliyinin il\u0259 \u018fm\u0259k v\u0259 \u018fhalinin Sosial M\u00fcdafi\u0259si Nazirliyinin \u0259m\u0259kda\u015flar\u0131ndan ibar\u0259t komissiya bax\u0131r. P\u0259rvan\u0259 Osmanovan\u0131n yax\u0131nlar\u0131 onun xaricd\u0259 m\u00fcayin\u0259 v\u0259 m\u00fcalic\u0259si \u00fc\u00e7\u00fcn h\u0259min komissiyaya m\u00fcraci\u0259t ed\u0259 bil\u0259rl\u0259r.<\/p>\n","protected":false},"excerpt":{"rendered":"<p>Bir ne\u00e7\u0259 il \u0259vv\u0259l P\u0259rvan\u0259nin i\u015f yolda\u015flar\u0131 y\u0131\u011f\u0131\u015f\u0131b H\u0259mkarlar \u0130ttifaq\u0131n\u0131n s\u0259dri S\u0259ttar Mehbal\u0131yev\u0259 m\u00fcraci\u0259t etdil\u0259r ki, m\u00fcalic\u0259y\u0259 maddi d\u0259st\u0259k versin, o da 100 manat g\u00f6nd\u0259rdi.<\/p>\n","protected":false},"author":11,"featured_media":127418,"comment_status":"closed","ping_status":"open","sticky":false,"template":"","format":"standard","meta":{"_acf_changed":false,"_sitemap_exclude":false,"_sitemap_priority":"","_sitemap_frequency":"","footnotes":""},"categories":[60],"tags":[],"class_list":["post-196376","post","type-post","status-publish","format-standard","has-post-thumbnail","hentry","category-bolge","infinite-scroll-item","generate-columns","tablet-grid-50","mobile-grid-100","grid-parent","grid-33","no-featured-image-padding"],"acf":[],"yoast_head":"<!-- This site is optimized with the Yoast SEO plugin v27.5 - https:\/\/yoast.com\/product\/yoast-seo-wordpress\/ -->\n<title>&#039;&#039;S\u0259hv diaqnozlar P\u0259rvan\u0259nin aya\u011fa qalxmas\u0131n\u0131 m\u00fcmk\u00fcns\u00fcz edib&#039;&#039; - MEYDAN.TV<\/title>\n<meta name=\"robots\" content=\"index, follow, max-snippet:-1, max-image-preview:large, max-video-preview:-1\" \/>\n<link rel=\"canonical\" href=\"https:\/\/www.meydan.tv\/az\/article\/sehv-diaqnozlar-pervanenin-ayaga-qalxmasini-mumkunsuz-edib\/\" \/>\n<meta property=\"og:locale\" content=\"az_AZ\" \/>\n<meta property=\"og:type\" content=\"article\" \/>\n<meta property=\"og:title\" content=\"&#039;&#039;S\u0259hv diaqnozlar P\u0259rvan\u0259nin aya\u011fa qalxmas\u0131n\u0131 m\u00fcmk\u00fcns\u00fcz edib&#039;&#039; - MEYDAN.TV\" \/>\n<meta property=\"og:description\" content=\"Bir ne\u00e7\u0259 il \u0259vv\u0259l P\u0259rvan\u0259nin i\u015f yolda\u015flar\u0131 y\u0131\u011f\u0131\u015f\u0131b H\u0259mkarlar \u0130ttifaq\u0131n\u0131n s\u0259dri S\u0259ttar Mehbal\u0131yev\u0259 m\u00fcraci\u0259t etdil\u0259r ki, m\u00fcalic\u0259y\u0259 maddi d\u0259st\u0259k versin, o da 100 manat g\u00f6nd\u0259rdi.\" \/>\n<meta property=\"og:url\" content=\"https:\/\/www.meydan.tv\/az\/article\/sehv-diaqnozlar-pervanenin-ayaga-qalxmasini-mumkunsuz-edib\/\" \/>\n<meta property=\"og:site_name\" content=\"MEYDAN.TV\" \/>\n<meta property=\"article:published_time\" content=\"2019-07-28T12:32:27+00:00\" \/>\n<meta property=\"og:image\" content=\"https:\/\/www.meydan.tv\/wp-content\/uploads\/parvana_osmanova3.jpg\" \/>\n\t<meta property=\"og:image:width\" content=\"1280\" \/>\n\t<meta property=\"og:image:height\" content=\"720\" \/>\n\t<meta property=\"og:image:type\" content=\"image\/jpeg\" \/>\n<meta name=\"author\" content=\"user-manager\" \/>\n<meta name=\"twitter:card\" content=\"summary_large_image\" \/>\n<script type=\"application\/ld+json\" class=\"yoast-schema-graph\">{\"@context\":\"https:\\\/\\\/schema.org\",\"@graph\":[{\"@type\":\"Article\",\"@id\":\"https:\\\/\\\/www.meydan.tv\\\/az\\\/article\\\/sehv-diaqnozlar-pervanenin-ayaga-qalxmasini-mumkunsuz-edib\\\/#article\",\"isPartOf\":{\"@id\":\"https:\\\/\\\/www.meydan.tv\\\/az\\\/article\\\/sehv-diaqnozlar-pervanenin-ayaga-qalxmasini-mumkunsuz-edib\\\/\"},\"author\":{\"name\":\"user-manager\",\"@id\":\"https:\\\/\\\/www.meydan.tv\\\/az\\\/#\\\/schema\\\/person\\\/10d11eccf6da3662cf5fdab9806ea91a\"},\"headline\":\"&#8221;S\u0259hv diaqnozlar P\u0259rvan\u0259nin aya\u011fa qalxmas\u0131n\u0131 m\u00fcmk\u00fcns\u00fcz edib&#8221;\",\"datePublished\":\"2019-07-28T12:32:27+00:00\",\"mainEntityOfPage\":{\"@id\":\"https:\\\/\\\/www.meydan.tv\\\/az\\\/article\\\/sehv-diaqnozlar-pervanenin-ayaga-qalxmasini-mumkunsuz-edib\\\/\"},\"wordCount\":874,\"publisher\":{\"@id\":\"https:\\\/\\\/www.meydan.tv\\\/az\\\/#organization\"},\"image\":{\"@id\":\"https:\\\/\\\/www.meydan.tv\\\/az\\\/article\\\/sehv-diaqnozlar-pervanenin-ayaga-qalxmasini-mumkunsuz-edib\\\/#primaryimage\"},\"thumbnailUrl\":\"https:\\\/\\\/www.meydan.tv\\\/wp-content\\\/uploads\\\/parvana_osmanova3.jpg\",\"articleSection\":[\"B\u00f6lg\u0259\"],\"inLanguage\":\"az\"},{\"@type\":\"WebPage\",\"@id\":\"https:\\\/\\\/www.meydan.tv\\\/az\\\/article\\\/sehv-diaqnozlar-pervanenin-ayaga-qalxmasini-mumkunsuz-edib\\\/\",\"url\":\"https:\\\/\\\/www.meydan.tv\\\/az\\\/article\\\/sehv-diaqnozlar-pervanenin-ayaga-qalxmasini-mumkunsuz-edib\\\/\",\"name\":\"''S\u0259hv diaqnozlar P\u0259rvan\u0259nin aya\u011fa qalxmas\u0131n\u0131 m\u00fcmk\u00fcns\u00fcz edib'' - MEYDAN.TV\",\"isPartOf\":{\"@id\":\"https:\\\/\\\/www.meydan.tv\\\/az\\\/#website\"},\"primaryImageOfPage\":{\"@id\":\"https:\\\/\\\/www.meydan.tv\\\/az\\\/article\\\/sehv-diaqnozlar-pervanenin-ayaga-qalxmasini-mumkunsuz-edib\\\/#primaryimage\"},\"image\":{\"@id\":\"https:\\\/\\\/www.meydan.tv\\\/az\\\/article\\\/sehv-diaqnozlar-pervanenin-ayaga-qalxmasini-mumkunsuz-edib\\\/#primaryimage\"},\"thumbnailUrl\":\"https:\\\/\\\/www.meydan.tv\\\/wp-content\\\/uploads\\\/parvana_osmanova3.jpg\",\"datePublished\":\"2019-07-28T12:32:27+00:00\",\"breadcrumb\":{\"@id\":\"https:\\\/\\\/www.meydan.tv\\\/az\\\/article\\\/sehv-diaqnozlar-pervanenin-ayaga-qalxmasini-mumkunsuz-edib\\\/#breadcrumb\"},\"inLanguage\":\"az\",\"potentialAction\":[{\"@type\":\"ReadAction\",\"target\":[\"https:\\\/\\\/www.meydan.tv\\\/az\\\/article\\\/sehv-diaqnozlar-pervanenin-ayaga-qalxmasini-mumkunsuz-edib\\\/\"]}]},{\"@type\":\"ImageObject\",\"inLanguage\":\"az\",\"@id\":\"https:\\\/\\\/www.meydan.tv\\\/az\\\/article\\\/sehv-diaqnozlar-pervanenin-ayaga-qalxmasini-mumkunsuz-edib\\\/#primaryimage\",\"url\":\"https:\\\/\\\/www.meydan.tv\\\/wp-content\\\/uploads\\\/parvana_osmanova3.jpg\",\"contentUrl\":\"https:\\\/\\\/www.meydan.tv\\\/wp-content\\\/uploads\\\/parvana_osmanova3.jpg\",\"width\":1280,\"height\":720,\"caption\":\"Source: meydan tv\"},{\"@type\":\"BreadcrumbList\",\"@id\":\"https:\\\/\\\/www.meydan.tv\\\/az\\\/article\\\/sehv-diaqnozlar-pervanenin-ayaga-qalxmasini-mumkunsuz-edib\\\/#breadcrumb\",\"itemListElement\":[{\"@type\":\"ListItem\",\"position\":1,\"name\":\"Ana s\u0259hif\u0259\",\"item\":\"https:\\\/\\\/www.meydan.tv\\\/az\\\/\"},{\"@type\":\"ListItem\",\"position\":2,\"name\":\"B\u00f6lg\u0259\",\"item\":\"https:\\\/\\\/www.meydan.tv\\\/az\\\/section\\\/bolge\\\/\"},{\"@type\":\"ListItem\",\"position\":3,\"name\":\"&#8221;S\u0259hv diaqnozlar P\u0259rvan\u0259nin aya\u011fa qalxmas\u0131n\u0131 m\u00fcmk\u00fcns\u00fcz edib&#8221;\"}]},{\"@type\":\"WebSite\",\"@id\":\"https:\\\/\\\/www.meydan.tv\\\/az\\\/#website\",\"url\":\"https:\\\/\\\/www.meydan.tv\\\/az\\\/\",\"name\":\"MEYDAN.TV\",\"description\":\"Meydan TV Az\u0259rbaycan\u0131n media m\u0259kan\u0131ndak\u0131 alternativ s\u0259sidir\",\"publisher\":{\"@id\":\"https:\\\/\\\/www.meydan.tv\\\/az\\\/#organization\"},\"potentialAction\":[{\"@type\":\"SearchAction\",\"target\":{\"@type\":\"EntryPoint\",\"urlTemplate\":\"https:\\\/\\\/www.meydan.tv\\\/az\\\/?s={search_term_string}\"},\"query-input\":{\"@type\":\"PropertyValueSpecification\",\"valueRequired\":true,\"valueName\":\"search_term_string\"}}],\"inLanguage\":\"az\"},{\"@type\":\"Organization\",\"@id\":\"https:\\\/\\\/www.meydan.tv\\\/az\\\/#organization\",\"name\":\"Meydan TV\",\"url\":\"https:\\\/\\\/www.meydan.tv\\\/az\\\/\",\"logo\":{\"@type\":\"ImageObject\",\"inLanguage\":\"az\",\"@id\":\"https:\\\/\\\/www.meydan.tv\\\/az\\\/#\\\/schema\\\/logo\\\/image\\\/\",\"url\":\"https:\\\/\\\/www.meydan.tv\\\/wp-content\\\/uploads\\\/2021\\\/07\\\/meydan-logo.svg\",\"contentUrl\":\"https:\\\/\\\/www.meydan.tv\\\/wp-content\\\/uploads\\\/2021\\\/07\\\/meydan-logo.svg\",\"width\":195,\"height\":46,\"caption\":\"Meydan TV\"},\"image\":{\"@id\":\"https:\\\/\\\/www.meydan.tv\\\/az\\\/#\\\/schema\\\/logo\\\/image\\\/\"}},{\"@type\":\"Person\",\"@id\":\"https:\\\/\\\/www.meydan.tv\\\/az\\\/#\\\/schema\\\/person\\\/10d11eccf6da3662cf5fdab9806ea91a\",\"name\":\"user-manager\"}]}<\/script>\n<!-- \/ Yoast SEO plugin. -->","yoast_head_json":{"title":"''S\u0259hv diaqnozlar P\u0259rvan\u0259nin aya\u011fa qalxmas\u0131n\u0131 m\u00fcmk\u00fcns\u00fcz edib'' - MEYDAN.TV","robots":{"index":"index","follow":"follow","max-snippet":"max-snippet:-1","max-image-preview":"max-image-preview:large","max-video-preview":"max-video-preview:-1"},"canonical":"https:\/\/www.meydan.tv\/az\/article\/sehv-diaqnozlar-pervanenin-ayaga-qalxmasini-mumkunsuz-edib\/","og_locale":"az_AZ","og_type":"article","og_title":"''S\u0259hv diaqnozlar P\u0259rvan\u0259nin aya\u011fa qalxmas\u0131n\u0131 m\u00fcmk\u00fcns\u00fcz edib'' - MEYDAN.TV","og_description":"Bir ne\u00e7\u0259 il \u0259vv\u0259l P\u0259rvan\u0259nin i\u015f yolda\u015flar\u0131 y\u0131\u011f\u0131\u015f\u0131b H\u0259mkarlar \u0130ttifaq\u0131n\u0131n s\u0259dri S\u0259ttar Mehbal\u0131yev\u0259 m\u00fcraci\u0259t etdil\u0259r ki, m\u00fcalic\u0259y\u0259 maddi d\u0259st\u0259k versin, o da 100 manat g\u00f6nd\u0259rdi.","og_url":"https:\/\/www.meydan.tv\/az\/article\/sehv-diaqnozlar-pervanenin-ayaga-qalxmasini-mumkunsuz-edib\/","og_site_name":"MEYDAN.TV","article_published_time":"2019-07-28T12:32:27+00:00","og_image":[{"width":1280,"height":720,"url":"https:\/\/www.meydan.tv\/wp-content\/uploads\/parvana_osmanova3.jpg","type":"image\/jpeg"}],"author":"user-manager","twitter_card":"summary_large_image","schema":{"@context":"https:\/\/schema.org","@graph":[{"@type":"Article","@id":"https:\/\/www.meydan.tv\/az\/article\/sehv-diaqnozlar-pervanenin-ayaga-qalxmasini-mumkunsuz-edib\/#article","isPartOf":{"@id":"https:\/\/www.meydan.tv\/az\/article\/sehv-diaqnozlar-pervanenin-ayaga-qalxmasini-mumkunsuz-edib\/"},"author":{"name":"user-manager","@id":"https:\/\/www.meydan.tv\/az\/#\/schema\/person\/10d11eccf6da3662cf5fdab9806ea91a"},"headline":"&#8221;S\u0259hv diaqnozlar P\u0259rvan\u0259nin aya\u011fa qalxmas\u0131n\u0131 m\u00fcmk\u00fcns\u00fcz edib&#8221;","datePublished":"2019-07-28T12:32:27+00:00","mainEntityOfPage":{"@id":"https:\/\/www.meydan.tv\/az\/article\/sehv-diaqnozlar-pervanenin-ayaga-qalxmasini-mumkunsuz-edib\/"},"wordCount":874,"publisher":{"@id":"https:\/\/www.meydan.tv\/az\/#organization"},"image":{"@id":"https:\/\/www.meydan.tv\/az\/article\/sehv-diaqnozlar-pervanenin-ayaga-qalxmasini-mumkunsuz-edib\/#primaryimage"},"thumbnailUrl":"https:\/\/www.meydan.tv\/wp-content\/uploads\/parvana_osmanova3.jpg","articleSection":["B\u00f6lg\u0259"],"inLanguage":"az"},{"@type":"WebPage","@id":"https:\/\/www.meydan.tv\/az\/article\/sehv-diaqnozlar-pervanenin-ayaga-qalxmasini-mumkunsuz-edib\/","url":"https:\/\/www.meydan.tv\/az\/article\/sehv-diaqnozlar-pervanenin-ayaga-qalxmasini-mumkunsuz-edib\/","name":"''S\u0259hv diaqnozlar P\u0259rvan\u0259nin aya\u011fa qalxmas\u0131n\u0131 m\u00fcmk\u00fcns\u00fcz edib'' - MEYDAN.TV","isPartOf":{"@id":"https:\/\/www.meydan.tv\/az\/#website"},"primaryImageOfPage":{"@id":"https:\/\/www.meydan.tv\/az\/article\/sehv-diaqnozlar-pervanenin-ayaga-qalxmasini-mumkunsuz-edib\/#primaryimage"},"image":{"@id":"https:\/\/www.meydan.tv\/az\/article\/sehv-diaqnozlar-pervanenin-ayaga-qalxmasini-mumkunsuz-edib\/#primaryimage"},"thumbnailUrl":"https:\/\/www.meydan.tv\/wp-content\/uploads\/parvana_osmanova3.jpg","datePublished":"2019-07-28T12:32:27+00:00","breadcrumb":{"@id":"https:\/\/www.meydan.tv\/az\/article\/sehv-diaqnozlar-pervanenin-ayaga-qalxmasini-mumkunsuz-edib\/#breadcrumb"},"inLanguage":"az","potentialAction":[{"@type":"ReadAction","target":["https:\/\/www.meydan.tv\/az\/article\/sehv-diaqnozlar-pervanenin-ayaga-qalxmasini-mumkunsuz-edib\/"]}]},{"@type":"ImageObject","inLanguage":"az","@id":"https:\/\/www.meydan.tv\/az\/article\/sehv-diaqnozlar-pervanenin-ayaga-qalxmasini-mumkunsuz-edib\/#primaryimage","url":"https:\/\/www.meydan.tv\/wp-content\/uploads\/parvana_osmanova3.jpg","contentUrl":"https:\/\/www.meydan.tv\/wp-content\/uploads\/parvana_osmanova3.jpg","width":1280,"height":720,"caption":"Source: meydan tv"},{"@type":"BreadcrumbList","@id":"https:\/\/www.meydan.tv\/az\/article\/sehv-diaqnozlar-pervanenin-ayaga-qalxmasini-mumkunsuz-edib\/#breadcrumb","itemListElement":[{"@type":"ListItem","position":1,"name":"Ana s\u0259hif\u0259","item":"https:\/\/www.meydan.tv\/az\/"},{"@type":"ListItem","position":2,"name":"B\u00f6lg\u0259","item":"https:\/\/www.meydan.tv\/az\/section\/bolge\/"},{"@type":"ListItem","position":3,"name":"&#8221;S\u0259hv diaqnozlar P\u0259rvan\u0259nin aya\u011fa qalxmas\u0131n\u0131 m\u00fcmk\u00fcns\u00fcz edib&#8221;"}]},{"@type":"WebSite","@id":"https:\/\/www.meydan.tv\/az\/#website","url":"https:\/\/www.meydan.tv\/az\/","name":"MEYDAN.TV","description":"Meydan TV Az\u0259rbaycan\u0131n media m\u0259kan\u0131ndak\u0131 alternativ s\u0259sidir","publisher":{"@id":"https:\/\/www.meydan.tv\/az\/#organization"},"potentialAction":[{"@type":"SearchAction","target":{"@type":"EntryPoint","urlTemplate":"https:\/\/www.meydan.tv\/az\/?s={search_term_string}"},"query-input":{"@type":"PropertyValueSpecification","valueRequired":true,"valueName":"search_term_string"}}],"inLanguage":"az"},{"@type":"Organization","@id":"https:\/\/www.meydan.tv\/az\/#organization","name":"Meydan TV","url":"https:\/\/www.meydan.tv\/az\/","logo":{"@type":"ImageObject","inLanguage":"az","@id":"https:\/\/www.meydan.tv\/az\/#\/schema\/logo\/image\/","url":"https:\/\/www.meydan.tv\/wp-content\/uploads\/2021\/07\/meydan-logo.svg","contentUrl":"https:\/\/www.meydan.tv\/wp-content\/uploads\/2021\/07\/meydan-logo.svg","width":195,"height":46,"caption":"Meydan TV"},"image":{"@id":"https:\/\/www.meydan.tv\/az\/#\/schema\/logo\/image\/"}},{"@type":"Person","@id":"https:\/\/www.meydan.tv\/az\/#\/schema\/person\/10d11eccf6da3662cf5fdab9806ea91a","name":"user-manager"}]}},"_links":{"self":[{"href":"https:\/\/www.meydan.tv\/az\/wp-json\/wp\/v2\/posts\/196376","targetHints":{"allow":["GET"]}}],"collection":[{"href":"https:\/\/www.meydan.tv\/az\/wp-json\/wp\/v2\/posts"}],"about":[{"href":"https:\/\/www.meydan.tv\/az\/wp-json\/wp\/v2\/types\/post"}],"author":[{"embeddable":true,"href":"https:\/\/www.meydan.tv\/az\/wp-json\/wp\/v2\/users\/11"}],"replies":[{"embeddable":true,"href":"https:\/\/www.meydan.tv\/az\/wp-json\/wp\/v2\/comments?post=196376"}],"version-history":[{"count":0,"href":"https:\/\/www.meydan.tv\/az\/wp-json\/wp\/v2\/posts\/196376\/revisions"}],"wp:featuredmedia":[{"embeddable":true,"href":"https:\/\/www.meydan.tv\/az\/wp-json\/wp\/v2\/media\/127418"}],"wp:attachment":[{"href":"https:\/\/www.meydan.tv\/az\/wp-json\/wp\/v2\/media?parent=196376"}],"wp:term":[{"taxonomy":"category","embeddable":true,"href":"https:\/\/www.meydan.tv\/az\/wp-json\/wp\/v2\/categories?post=196376"},{"taxonomy":"post_tag","embeddable":true,"href":"https:\/\/www.meydan.tv\/az\/wp-json\/wp\/v2\/tags?post=196376"}],"curies":[{"name":"wp","href":"https:\/\/api.w.org\/{rel}","templated":true}]}}