{"id":196344,"date":"2019-07-25T11:38:56","date_gmt":"2019-07-25T11:38:56","guid":{"rendered":"https:\/\/www.meydan.tv\/article\/agsuda-ancaq-zelzeleden-zerercekmis-imkanli-adamlarin-evlerini-tikirler\/"},"modified":"2019-07-25T11:38:56","modified_gmt":"2019-07-25T11:38:56","slug":"agsuda-ancaq-zelzeleden-zerercekmis-imkanli-adamlarin-evlerini-tikirler","status":"publish","type":"post","link":"https:\/\/www.meydan.tv\/az\/article\/agsuda-ancaq-zelzeleden-zerercekmis-imkanli-adamlarin-evlerini-tikirler\/","title":{"rendered":"&#8221;A\u011fsuda ancaq z\u0259lz\u0259l\u0259d\u0259n z\u0259r\u0259r\u00e7\u0259kmi\u015f imkanl\u0131 adamlar\u0131n evl\u0259rini tikirl\u0259r&#8221;"},"content":{"rendered":"<p>\n  <i><br \/>\n    A\u011fsu sakini F\u00f6vq\u0259lad\u0259 Hallar Komissiyas\u0131n\u0131n i\u015find\u0259n naraz\u0131d\u0131r<br \/>\n  <\/i>\n<\/p>\n<p>\n  \u201cZ\u0259lz\u0259l\u0259 olanda tavandan taxta qopub d\u00fc\u015fd\u00fc \u00fcst\u00fcm\u0259. Divarlar yar\u0131l\u0131b, si\u00e7ovullar evin i\u00e7in\u0259 girib-\u00e7\u0131x\u0131rlar. F\u00f6vq\u0259lad\u0259 Hallar Nazirliyinin n\u00fcmay\u0259nd\u0259si is\u0259 deyir ki, y\u00fcng\u00fclvari t\u0259mir laz\u0131md\u0131r. 70 ilin evi u\u00e7ulub t\u00f6k\u00fcl\u00fcr, bu adam is\u0259 deyir ki, el\u0259-bel\u0259 \u015feydir. Bel\u0259 \u00e7\u0131x\u0131r, ev ba\u015f\u0131ma u\u00e7mal\u0131d\u0131r ki, bunlar da h\u0259r\u0259k\u0259t\u0259 g\u0259lsinl\u0259r\u201d.\n<\/p>\n<p>\n  Bu s\u00f6zl\u0259ri Meydan TV-y\u0259 A\u011fsu \u015f\u0259h\u0259ri, Heyd\u0259r \u018fliyev k\u00fc\u00e7\u0259si, ev 4 \u00fcnvan\u0131nda ya\u015fayan G\u00fclar\u0259 \u00c7oban q\u0131z\u0131 M\u0259mm\u0259dova deyir.\n<\/p>\n<p>\n  Bildirir ki, z\u0259lz\u0259l\u0259d\u0259n sonra q\u0259zal\u0131 v\u0259ziyy\u0259t\u0259 d\u00fc\u015f\u0259n evi il\u0259 ba\u011fl\u0131 Birinci vitse-prezident Mehriban \u018fliyevaya, \u00f6lk\u0259 ba\u015f\u00e7\u0131s\u0131 \u0130lham \u018fliyev\u0259 m\u0259ktub yaz\u0131b:\n<\/p>\n<p>\n  \u201cM\u0259ktubumun cavab\u0131 A\u011fsu Rayon \u0130cra Hakimiyy\u0259tin\u0259 y\u00f6nl\u0259ndirildi. Onlar da bildirdil\u0259r ki, eviniz\u0259 bax\u0131\u015f ke\u00e7irilib q\u0259rar veril\u0259c\u0259k. F\u00f6vq\u0259lad\u0259d\u0259n g\u0259lib baxd\u0131lar, ba\u015f\u0131ma u\u00e7an ev\u0259 t\u0259mir yazd\u0131lar. A\u011fsuda ancaq z\u0259lz\u0259l\u0259d\u0259n z\u0259r\u0259r\u00e7\u0259kmi\u015f imkanl\u0131 adamlar\u0131n evl\u0259rini tikirl\u0259r. Onlardan m\u00fc\u0259yy\u0259n m\u0259bl\u0259\u011fd\u0259 r\u00fc\u015fv\u0259t al\u0131rar, evl\u0259rini tikirl\u0259r. M\u0259nim o q\u0259d\u0259r pulum haradand\u0131r? Olsa, evimi \u00f6z\u00fcm tikdir\u0259rdim. 58 ya\u015f\u0131m var, x\u0259st\u0259, \u0259lil adamam, 200 kiloyam, art\u0131q \u00e7\u0259kid\u0259n \u0259ziyy\u0259t \u00e7\u0259kir\u0259m. S\u0259rb\u0259st g\u0259z\u0259 bilmir\u0259m, bir \u0259limd\u0259 \u0259sa, dig\u0259rind\u0259 d\u0259 d\u00f6\u015f\u0259m\u0259sil\u0259n a\u011facla h\u0259r\u0259k\u0259t edir\u0259m.\n<\/p>\n<figure class=\"wp-block-image size-large\">\n  <img decoding=\"async\" src=\"https:\/\/www.meydan.tv\/az\/66872076_2888579154517860_8736634603063738368_n-jpg\/\" alt=\"66872076_2888579154517860_8736634603063738368_n.jpg\" class=\"wp-image-127349\"\/><figcaption>\n    G\u00fclar\u0259 M\u0259mm\u0259dovan\u0131n evi<br \/>\n  <\/figcaption><\/figure>\n<p>\n  Fevralda z\u0259lz\u0259l\u0259 olanda, az qald\u0131 ki, ev ba\u015f\u0131ma u\u00e7sun. Qarda\u015f\u0131mgill\u0259 eyni h\u0259y\u0259td\u0259 ya\u015fay\u0131r\u0131q, g\u0259lib, o\u011flu il\u0259 k\u00f6m\u0259kl\u0259\u015fib, m\u0259ni bay\u0131ra \u00e7\u0131xard\u0131lar. Aidiyyat\u0131 qurumlardan soru\u015furam, x\u0259st\u0259 adamam, ev u\u00e7sa, alt\u0131nda qal\u0131b \u00f6ls\u0259m, kim cavabdeh olacaq?\u201d\n<\/p>\n<p>\n  G\u00fclar\u0259 M\u0259mm\u0259dova deyir ki, haz\u0131rda evind\u0259 ya\u015famaq olduqca t\u0259hl\u00fck\u0259lidir. Lakin bununla bel\u0259, \u00fcmidini \u00fczm\u00fcr, g\u00f6zl\u0259yir ki, b\u0259lk\u0259 onun da evini t\u0259mir etdil\u0259r:\n<\/p>\n<p>\n  \u201cEv \u0259vv\u0259ld\u0259n q\u0259zal\u0131 durumda idi. Lakin bu son z\u0259lz\u0259l\u0259d\u0259n sonra d\u0259rin yar\u011fanlar yaran\u0131b. Ev m\u0259ng\u0259n\u0259y\u0259 al\u0131nm\u0131\u015fd\u0131 ki, u\u00e7mas\u0131n. Z\u0259lz\u0259l\u0259d\u0259n sonra evin divarlar\u0131 daha da araland\u0131, sanki s\u00fcr\u00fc\u015fm\u0259 oldu. Ev i\u00e7\u0259rid\u0259n u\u00e7du t\u00f6k\u00fcld\u00fc. Qarda\u015f\u0131m dedi ki, bu evd\u0259 ya\u015famaq t\u0259hl\u00fck\u0259lidir, g\u0259l, bizim evimizd\u0259 ya\u015fa, raz\u0131la\u015fmad\u0131m. X\u0259st\u0259 adamam, m\u0259n\u0259 istirah\u0259t, sakitlik laz\u0131md\u0131r. Onlar da k\u00fclf\u0259tdir, \u00fcst\u0259lik, balaca n\u0259v\u0259l\u0259ri var. Ona g\u00f6r\u0259 raz\u0131la\u015fm\u0131ram, deyir\u0259m ki, sizinl\u0259 ya\u015faya bilm\u0259r\u0259m.\n<\/p>\n<figure class=\"wp-block-image size-large\">\n  <img decoding=\"async\" src=\"https:\/\/www.meydan.tv\/az\/67307839_2888578834517892_8185100986247806976_n-jpg\/\" alt=\"67307839_2888578834517892_8185100986247806976_n.jpg\" class=\"wp-image-127355\"\/><figcaption>\n    z\u0259lz\u0259l\u0259d\u0259n z\u0259d\u0259l\u0259n\u0259n ev<br \/>\n  <\/figcaption><\/figure>\n<p>\n  Cavanl\u0131\u011f\u0131mda x\u0259st\u0259l\u0259ndim, \u015fok v\u0259ziyy\u0259tin\u0259 d\u00fc\u015fd\u00fcm. Bir sutkadan sonra ay\u0131ld\u0131m. Ail\u0259 qurmad\u0131m, hormonal d\u0259rmanlar i\u00e7dim, bel\u0259c\u0259 k\u00f6k\u0259lm\u0259 getdi. S\u0259hh\u0259timd\u0259 bir \u00e7ox problemim var. \u018flil adamam, yeri g\u0259ls\u0259, k\u00f6kum\u0259t m\u0259n\u0259 bax\u0131c\u0131 ay\u0131rmal\u0131d\u0131r. \u0130kinci qrup \u0259lil kimi 160 manat t\u0259qa\u00fcd al\u0131ram, onun yar\u0131dan \u00e7oxunu h\u0259r ay aptekd\u0259 x\u0259rcl\u0259yir\u0259m. H\u0259l\u0259 bunun kommunallar\u0131 da var. Qarda\u015f\u0131mla, h\u0259yat yolda\u015f\u0131 m\u0259n\u0259 baxmasalar, bu dam\u0131n alt\u0131nda kims\u0259zilikd\u0259n \u00f6l\u0259r\u0259m. Yen\u0259 d\u0259 \u00fcmidimi \u00fczm\u0259mi\u015f\u0259m, b\u0259lk\u0259 insafa g\u0259lib, m\u0259nim d\u0259 evimi tikdil\u0259r\u201d.\n<\/p>\n<p>\n  A\u011fsu Rayon \u0130cra Hakimiyy\u0259ti Memarl\u0131q v\u0259 Tikinti \u015e\u00f6b\u0259sind\u0259n Meydan TV-y\u0259 bildirilib ki, t\u0259mir\u0259 yaz\u0131lan evl\u0259r\u0259 ikinci d\u0259f\u0259 bax\u0131\u015f ke\u00e7irilib, t\u0259krar qiym\u0259tl\u0259ndirilm\u0259 apar\u0131lacaq.\n<\/p>\n<p>\n  Bildirilib ki, \u015fikay\u0259t\u00e7i evl\u0259rin siyah\u0131ya al\u0131nmas\u0131 v\u0259 m\u00fcvafiq t\u0259dbirl\u0259rin g\u00f6r\u00fclm\u0259si il\u0259 ba\u011fl\u0131 F\u00f6vq\u0259lad\u0259 Hallar Nazirliyinin A\u011fsu rayonundak\u0131 \u015f\u00f6b\u0259sin\u0259 t\u0259krar m\u00fcraci\u0259t etsin.\n<\/p>\n<figure class=\"wp-block-image size-large\">\n  <img decoding=\"async\" src=\"https:\/\/www.meydan.tv\/az\/67065717_2888579241184518_6662156603002716160_n-jpg-2\/\" alt=\"67065717_2888579241184518_6662156603002716160_n.jpg\" class=\"wp-image-127358\"\/><figcaption>\n    evin \u00e7\u00f6l hiss\u0259si<br \/>\n  <\/figcaption><\/figure>\n","protected":false},"excerpt":{"rendered":"<p>\u0130kinci qrup \u0259lil kimi 160 manat t\u0259qa\u00fcd al\u0131ram, onun yar\u0131dan \u00e7oxunu h\u0259r ay aptekd\u0259 x\u0259rcl\u0259yir\u0259m.<\/p>\n","protected":false},"author":11,"featured_media":127346,"comment_status":"closed","ping_status":"open","sticky":false,"template":"","format":"standard","meta":{"_acf_changed":false,"_sitemap_exclude":false,"_sitemap_priority":"","_sitemap_frequency":"","footnotes":""},"categories":[60],"tags":[],"class_list":["post-196344","post","type-post","status-publish","format-standard","has-post-thumbnail","hentry","category-bolge","infinite-scroll-item","generate-columns","tablet-grid-50","mobile-grid-100","grid-parent","grid-33","no-featured-image-padding"],"acf":[],"yoast_head":"<!-- This site is optimized with the Yoast SEO plugin v27.5 - https:\/\/yoast.com\/product\/yoast-seo-wordpress\/ -->\n<title>&#039;&#039;A\u011fsuda ancaq z\u0259lz\u0259l\u0259d\u0259n z\u0259r\u0259r\u00e7\u0259kmi\u015f imkanl\u0131 adamlar\u0131n evl\u0259rini tikirl\u0259r&#039;&#039; - MEYDAN.TV<\/title>\n<meta name=\"robots\" content=\"index, follow, max-snippet:-1, max-image-preview:large, max-video-preview:-1\" \/>\n<link rel=\"canonical\" href=\"https:\/\/www.meydan.tv\/az\/article\/agsuda-ancaq-zelzeleden-zerercekmis-imkanli-adamlarin-evlerini-tikirler\/\" \/>\n<meta property=\"og:locale\" content=\"az_AZ\" \/>\n<meta property=\"og:type\" content=\"article\" \/>\n<meta property=\"og:title\" content=\"&#039;&#039;A\u011fsuda ancaq z\u0259lz\u0259l\u0259d\u0259n z\u0259r\u0259r\u00e7\u0259kmi\u015f imkanl\u0131 adamlar\u0131n evl\u0259rini tikirl\u0259r&#039;&#039; - MEYDAN.TV\" \/>\n<meta property=\"og:description\" content=\"\u0130kinci qrup \u0259lil kimi 160 manat t\u0259qa\u00fcd al\u0131ram, onun yar\u0131dan \u00e7oxunu h\u0259r ay aptekd\u0259 x\u0259rcl\u0259yir\u0259m.\" \/>\n<meta property=\"og:url\" content=\"https:\/\/www.meydan.tv\/az\/article\/agsuda-ancaq-zelzeleden-zerercekmis-imkanli-adamlarin-evlerini-tikirler\/\" \/>\n<meta property=\"og:site_name\" content=\"MEYDAN.TV\" \/>\n<meta property=\"article:published_time\" content=\"2019-07-25T11:38:56+00:00\" \/>\n<meta property=\"og:image\" content=\"https:\/\/www.meydan.tv\/wp-content\/uploads\/67112409_2888579051184537_8731398209001226240_n.jpg\" \/>\n\t<meta property=\"og:image:width\" content=\"720\" \/>\n\t<meta property=\"og:image:height\" content=\"960\" \/>\n\t<meta property=\"og:image:type\" content=\"image\/jpeg\" \/>\n<meta name=\"author\" content=\"user-manager\" \/>\n<meta name=\"twitter:card\" content=\"summary_large_image\" \/>\n<script type=\"application\/ld+json\" class=\"yoast-schema-graph\">{\"@context\":\"https:\\\/\\\/schema.org\",\"@graph\":[{\"@type\":\"Article\",\"@id\":\"https:\\\/\\\/www.meydan.tv\\\/az\\\/article\\\/agsuda-ancaq-zelzeleden-zerercekmis-imkanli-adamlarin-evlerini-tikirler\\\/#article\",\"isPartOf\":{\"@id\":\"https:\\\/\\\/www.meydan.tv\\\/az\\\/article\\\/agsuda-ancaq-zelzeleden-zerercekmis-imkanli-adamlarin-evlerini-tikirler\\\/\"},\"author\":{\"name\":\"user-manager\",\"@id\":\"https:\\\/\\\/www.meydan.tv\\\/az\\\/#\\\/schema\\\/person\\\/10d11eccf6da3662cf5fdab9806ea91a\"},\"headline\":\"&#8221;A\u011fsuda ancaq z\u0259lz\u0259l\u0259d\u0259n z\u0259r\u0259r\u00e7\u0259kmi\u015f imkanl\u0131 adamlar\u0131n evl\u0259rini tikirl\u0259r&#8221;\",\"datePublished\":\"2019-07-25T11:38:56+00:00\",\"mainEntityOfPage\":{\"@id\":\"https:\\\/\\\/www.meydan.tv\\\/az\\\/article\\\/agsuda-ancaq-zelzeleden-zerercekmis-imkanli-adamlarin-evlerini-tikirler\\\/\"},\"wordCount\":743,\"publisher\":{\"@id\":\"https:\\\/\\\/www.meydan.tv\\\/az\\\/#organization\"},\"image\":{\"@id\":\"https:\\\/\\\/www.meydan.tv\\\/az\\\/article\\\/agsuda-ancaq-zelzeleden-zerercekmis-imkanli-adamlarin-evlerini-tikirler\\\/#primaryimage\"},\"thumbnailUrl\":\"https:\\\/\\\/www.meydan.tv\\\/wp-content\\\/uploads\\\/67112409_2888579051184537_8731398209001226240_n.jpg\",\"articleSection\":[\"B\u00f6lg\u0259\"],\"inLanguage\":\"az\"},{\"@type\":\"WebPage\",\"@id\":\"https:\\\/\\\/www.meydan.tv\\\/az\\\/article\\\/agsuda-ancaq-zelzeleden-zerercekmis-imkanli-adamlarin-evlerini-tikirler\\\/\",\"url\":\"https:\\\/\\\/www.meydan.tv\\\/az\\\/article\\\/agsuda-ancaq-zelzeleden-zerercekmis-imkanli-adamlarin-evlerini-tikirler\\\/\",\"name\":\"''A\u011fsuda ancaq z\u0259lz\u0259l\u0259d\u0259n z\u0259r\u0259r\u00e7\u0259kmi\u015f imkanl\u0131 adamlar\u0131n evl\u0259rini tikirl\u0259r'' - MEYDAN.TV\",\"isPartOf\":{\"@id\":\"https:\\\/\\\/www.meydan.tv\\\/az\\\/#website\"},\"primaryImageOfPage\":{\"@id\":\"https:\\\/\\\/www.meydan.tv\\\/az\\\/article\\\/agsuda-ancaq-zelzeleden-zerercekmis-imkanli-adamlarin-evlerini-tikirler\\\/#primaryimage\"},\"image\":{\"@id\":\"https:\\\/\\\/www.meydan.tv\\\/az\\\/article\\\/agsuda-ancaq-zelzeleden-zerercekmis-imkanli-adamlarin-evlerini-tikirler\\\/#primaryimage\"},\"thumbnailUrl\":\"https:\\\/\\\/www.meydan.tv\\\/wp-content\\\/uploads\\\/67112409_2888579051184537_8731398209001226240_n.jpg\",\"datePublished\":\"2019-07-25T11:38:56+00:00\",\"breadcrumb\":{\"@id\":\"https:\\\/\\\/www.meydan.tv\\\/az\\\/article\\\/agsuda-ancaq-zelzeleden-zerercekmis-imkanli-adamlarin-evlerini-tikirler\\\/#breadcrumb\"},\"inLanguage\":\"az\",\"potentialAction\":[{\"@type\":\"ReadAction\",\"target\":[\"https:\\\/\\\/www.meydan.tv\\\/az\\\/article\\\/agsuda-ancaq-zelzeleden-zerercekmis-imkanli-adamlarin-evlerini-tikirler\\\/\"]}]},{\"@type\":\"ImageObject\",\"inLanguage\":\"az\",\"@id\":\"https:\\\/\\\/www.meydan.tv\\\/az\\\/article\\\/agsuda-ancaq-zelzeleden-zerercekmis-imkanli-adamlarin-evlerini-tikirler\\\/#primaryimage\",\"url\":\"https:\\\/\\\/www.meydan.tv\\\/wp-content\\\/uploads\\\/67112409_2888579051184537_8731398209001226240_n.jpg\",\"contentUrl\":\"https:\\\/\\\/www.meydan.tv\\\/wp-content\\\/uploads\\\/67112409_2888579051184537_8731398209001226240_n.jpg\",\"width\":720,\"height\":960,\"caption\":\"Source: meydan tv\"},{\"@type\":\"BreadcrumbList\",\"@id\":\"https:\\\/\\\/www.meydan.tv\\\/az\\\/article\\\/agsuda-ancaq-zelzeleden-zerercekmis-imkanli-adamlarin-evlerini-tikirler\\\/#breadcrumb\",\"itemListElement\":[{\"@type\":\"ListItem\",\"position\":1,\"name\":\"Ana s\u0259hif\u0259\",\"item\":\"https:\\\/\\\/www.meydan.tv\\\/az\\\/\"},{\"@type\":\"ListItem\",\"position\":2,\"name\":\"B\u00f6lg\u0259\",\"item\":\"https:\\\/\\\/www.meydan.tv\\\/az\\\/section\\\/bolge\\\/\"},{\"@type\":\"ListItem\",\"position\":3,\"name\":\"&#8221;A\u011fsuda ancaq z\u0259lz\u0259l\u0259d\u0259n z\u0259r\u0259r\u00e7\u0259kmi\u015f imkanl\u0131 adamlar\u0131n evl\u0259rini tikirl\u0259r&#8221;\"}]},{\"@type\":\"WebSite\",\"@id\":\"https:\\\/\\\/www.meydan.tv\\\/az\\\/#website\",\"url\":\"https:\\\/\\\/www.meydan.tv\\\/az\\\/\",\"name\":\"MEYDAN.TV\",\"description\":\"Meydan TV Az\u0259rbaycan\u0131n media m\u0259kan\u0131ndak\u0131 alternativ s\u0259sidir\",\"publisher\":{\"@id\":\"https:\\\/\\\/www.meydan.tv\\\/az\\\/#organization\"},\"potentialAction\":[{\"@type\":\"SearchAction\",\"target\":{\"@type\":\"EntryPoint\",\"urlTemplate\":\"https:\\\/\\\/www.meydan.tv\\\/az\\\/?s={search_term_string}\"},\"query-input\":{\"@type\":\"PropertyValueSpecification\",\"valueRequired\":true,\"valueName\":\"search_term_string\"}}],\"inLanguage\":\"az\"},{\"@type\":\"Organization\",\"@id\":\"https:\\\/\\\/www.meydan.tv\\\/az\\\/#organization\",\"name\":\"Meydan TV\",\"url\":\"https:\\\/\\\/www.meydan.tv\\\/az\\\/\",\"logo\":{\"@type\":\"ImageObject\",\"inLanguage\":\"az\",\"@id\":\"https:\\\/\\\/www.meydan.tv\\\/az\\\/#\\\/schema\\\/logo\\\/image\\\/\",\"url\":\"https:\\\/\\\/www.meydan.tv\\\/wp-content\\\/uploads\\\/2021\\\/07\\\/meydan-logo.svg\",\"contentUrl\":\"https:\\\/\\\/www.meydan.tv\\\/wp-content\\\/uploads\\\/2021\\\/07\\\/meydan-logo.svg\",\"width\":195,\"height\":46,\"caption\":\"Meydan TV\"},\"image\":{\"@id\":\"https:\\\/\\\/www.meydan.tv\\\/az\\\/#\\\/schema\\\/logo\\\/image\\\/\"}},{\"@type\":\"Person\",\"@id\":\"https:\\\/\\\/www.meydan.tv\\\/az\\\/#\\\/schema\\\/person\\\/10d11eccf6da3662cf5fdab9806ea91a\",\"name\":\"user-manager\"}]}<\/script>\n<!-- \/ Yoast SEO plugin. -->","yoast_head_json":{"title":"''A\u011fsuda ancaq z\u0259lz\u0259l\u0259d\u0259n z\u0259r\u0259r\u00e7\u0259kmi\u015f imkanl\u0131 adamlar\u0131n evl\u0259rini tikirl\u0259r'' - MEYDAN.TV","robots":{"index":"index","follow":"follow","max-snippet":"max-snippet:-1","max-image-preview":"max-image-preview:large","max-video-preview":"max-video-preview:-1"},"canonical":"https:\/\/www.meydan.tv\/az\/article\/agsuda-ancaq-zelzeleden-zerercekmis-imkanli-adamlarin-evlerini-tikirler\/","og_locale":"az_AZ","og_type":"article","og_title":"''A\u011fsuda ancaq z\u0259lz\u0259l\u0259d\u0259n z\u0259r\u0259r\u00e7\u0259kmi\u015f imkanl\u0131 adamlar\u0131n evl\u0259rini tikirl\u0259r'' - MEYDAN.TV","og_description":"\u0130kinci qrup \u0259lil kimi 160 manat t\u0259qa\u00fcd al\u0131ram, onun yar\u0131dan \u00e7oxunu h\u0259r ay aptekd\u0259 x\u0259rcl\u0259yir\u0259m.","og_url":"https:\/\/www.meydan.tv\/az\/article\/agsuda-ancaq-zelzeleden-zerercekmis-imkanli-adamlarin-evlerini-tikirler\/","og_site_name":"MEYDAN.TV","article_published_time":"2019-07-25T11:38:56+00:00","og_image":[{"width":720,"height":960,"url":"https:\/\/www.meydan.tv\/wp-content\/uploads\/67112409_2888579051184537_8731398209001226240_n.jpg","type":"image\/jpeg"}],"author":"user-manager","twitter_card":"summary_large_image","schema":{"@context":"https:\/\/schema.org","@graph":[{"@type":"Article","@id":"https:\/\/www.meydan.tv\/az\/article\/agsuda-ancaq-zelzeleden-zerercekmis-imkanli-adamlarin-evlerini-tikirler\/#article","isPartOf":{"@id":"https:\/\/www.meydan.tv\/az\/article\/agsuda-ancaq-zelzeleden-zerercekmis-imkanli-adamlarin-evlerini-tikirler\/"},"author":{"name":"user-manager","@id":"https:\/\/www.meydan.tv\/az\/#\/schema\/person\/10d11eccf6da3662cf5fdab9806ea91a"},"headline":"&#8221;A\u011fsuda ancaq z\u0259lz\u0259l\u0259d\u0259n z\u0259r\u0259r\u00e7\u0259kmi\u015f imkanl\u0131 adamlar\u0131n evl\u0259rini tikirl\u0259r&#8221;","datePublished":"2019-07-25T11:38:56+00:00","mainEntityOfPage":{"@id":"https:\/\/www.meydan.tv\/az\/article\/agsuda-ancaq-zelzeleden-zerercekmis-imkanli-adamlarin-evlerini-tikirler\/"},"wordCount":743,"publisher":{"@id":"https:\/\/www.meydan.tv\/az\/#organization"},"image":{"@id":"https:\/\/www.meydan.tv\/az\/article\/agsuda-ancaq-zelzeleden-zerercekmis-imkanli-adamlarin-evlerini-tikirler\/#primaryimage"},"thumbnailUrl":"https:\/\/www.meydan.tv\/wp-content\/uploads\/67112409_2888579051184537_8731398209001226240_n.jpg","articleSection":["B\u00f6lg\u0259"],"inLanguage":"az"},{"@type":"WebPage","@id":"https:\/\/www.meydan.tv\/az\/article\/agsuda-ancaq-zelzeleden-zerercekmis-imkanli-adamlarin-evlerini-tikirler\/","url":"https:\/\/www.meydan.tv\/az\/article\/agsuda-ancaq-zelzeleden-zerercekmis-imkanli-adamlarin-evlerini-tikirler\/","name":"''A\u011fsuda ancaq z\u0259lz\u0259l\u0259d\u0259n z\u0259r\u0259r\u00e7\u0259kmi\u015f imkanl\u0131 adamlar\u0131n evl\u0259rini tikirl\u0259r'' - MEYDAN.TV","isPartOf":{"@id":"https:\/\/www.meydan.tv\/az\/#website"},"primaryImageOfPage":{"@id":"https:\/\/www.meydan.tv\/az\/article\/agsuda-ancaq-zelzeleden-zerercekmis-imkanli-adamlarin-evlerini-tikirler\/#primaryimage"},"image":{"@id":"https:\/\/www.meydan.tv\/az\/article\/agsuda-ancaq-zelzeleden-zerercekmis-imkanli-adamlarin-evlerini-tikirler\/#primaryimage"},"thumbnailUrl":"https:\/\/www.meydan.tv\/wp-content\/uploads\/67112409_2888579051184537_8731398209001226240_n.jpg","datePublished":"2019-07-25T11:38:56+00:00","breadcrumb":{"@id":"https:\/\/www.meydan.tv\/az\/article\/agsuda-ancaq-zelzeleden-zerercekmis-imkanli-adamlarin-evlerini-tikirler\/#breadcrumb"},"inLanguage":"az","potentialAction":[{"@type":"ReadAction","target":["https:\/\/www.meydan.tv\/az\/article\/agsuda-ancaq-zelzeleden-zerercekmis-imkanli-adamlarin-evlerini-tikirler\/"]}]},{"@type":"ImageObject","inLanguage":"az","@id":"https:\/\/www.meydan.tv\/az\/article\/agsuda-ancaq-zelzeleden-zerercekmis-imkanli-adamlarin-evlerini-tikirler\/#primaryimage","url":"https:\/\/www.meydan.tv\/wp-content\/uploads\/67112409_2888579051184537_8731398209001226240_n.jpg","contentUrl":"https:\/\/www.meydan.tv\/wp-content\/uploads\/67112409_2888579051184537_8731398209001226240_n.jpg","width":720,"height":960,"caption":"Source: meydan tv"},{"@type":"BreadcrumbList","@id":"https:\/\/www.meydan.tv\/az\/article\/agsuda-ancaq-zelzeleden-zerercekmis-imkanli-adamlarin-evlerini-tikirler\/#breadcrumb","itemListElement":[{"@type":"ListItem","position":1,"name":"Ana s\u0259hif\u0259","item":"https:\/\/www.meydan.tv\/az\/"},{"@type":"ListItem","position":2,"name":"B\u00f6lg\u0259","item":"https:\/\/www.meydan.tv\/az\/section\/bolge\/"},{"@type":"ListItem","position":3,"name":"&#8221;A\u011fsuda ancaq z\u0259lz\u0259l\u0259d\u0259n z\u0259r\u0259r\u00e7\u0259kmi\u015f imkanl\u0131 adamlar\u0131n evl\u0259rini tikirl\u0259r&#8221;"}]},{"@type":"WebSite","@id":"https:\/\/www.meydan.tv\/az\/#website","url":"https:\/\/www.meydan.tv\/az\/","name":"MEYDAN.TV","description":"Meydan TV Az\u0259rbaycan\u0131n media m\u0259kan\u0131ndak\u0131 alternativ s\u0259sidir","publisher":{"@id":"https:\/\/www.meydan.tv\/az\/#organization"},"potentialAction":[{"@type":"SearchAction","target":{"@type":"EntryPoint","urlTemplate":"https:\/\/www.meydan.tv\/az\/?s={search_term_string}"},"query-input":{"@type":"PropertyValueSpecification","valueRequired":true,"valueName":"search_term_string"}}],"inLanguage":"az"},{"@type":"Organization","@id":"https:\/\/www.meydan.tv\/az\/#organization","name":"Meydan TV","url":"https:\/\/www.meydan.tv\/az\/","logo":{"@type":"ImageObject","inLanguage":"az","@id":"https:\/\/www.meydan.tv\/az\/#\/schema\/logo\/image\/","url":"https:\/\/www.meydan.tv\/wp-content\/uploads\/2021\/07\/meydan-logo.svg","contentUrl":"https:\/\/www.meydan.tv\/wp-content\/uploads\/2021\/07\/meydan-logo.svg","width":195,"height":46,"caption":"Meydan TV"},"image":{"@id":"https:\/\/www.meydan.tv\/az\/#\/schema\/logo\/image\/"}},{"@type":"Person","@id":"https:\/\/www.meydan.tv\/az\/#\/schema\/person\/10d11eccf6da3662cf5fdab9806ea91a","name":"user-manager"}]}},"_links":{"self":[{"href":"https:\/\/www.meydan.tv\/az\/wp-json\/wp\/v2\/posts\/196344","targetHints":{"allow":["GET"]}}],"collection":[{"href":"https:\/\/www.meydan.tv\/az\/wp-json\/wp\/v2\/posts"}],"about":[{"href":"https:\/\/www.meydan.tv\/az\/wp-json\/wp\/v2\/types\/post"}],"author":[{"embeddable":true,"href":"https:\/\/www.meydan.tv\/az\/wp-json\/wp\/v2\/users\/11"}],"replies":[{"embeddable":true,"href":"https:\/\/www.meydan.tv\/az\/wp-json\/wp\/v2\/comments?post=196344"}],"version-history":[{"count":0,"href":"https:\/\/www.meydan.tv\/az\/wp-json\/wp\/v2\/posts\/196344\/revisions"}],"wp:featuredmedia":[{"embeddable":true,"href":"https:\/\/www.meydan.tv\/az\/wp-json\/wp\/v2\/media\/127346"}],"wp:attachment":[{"href":"https:\/\/www.meydan.tv\/az\/wp-json\/wp\/v2\/media?parent=196344"}],"wp:term":[{"taxonomy":"category","embeddable":true,"href":"https:\/\/www.meydan.tv\/az\/wp-json\/wp\/v2\/categories?post=196344"},{"taxonomy":"post_tag","embeddable":true,"href":"https:\/\/www.meydan.tv\/az\/wp-json\/wp\/v2\/tags?post=196344"}],"curies":[{"name":"wp","href":"https:\/\/api.w.org\/{rel}","templated":true}]}}