{"id":196312,"date":"2019-07-22T18:38:49","date_gmt":"2019-07-22T18:38:49","guid":{"rendered":"https:\/\/www.meydan.tv\/article\/omere-arzularim\/"},"modified":"2019-07-22T18:38:49","modified_gmt":"2019-07-22T18:38:49","slug":"omere-arzularim","status":"publish","type":"post","link":"https:\/\/www.meydan.tv\/az\/article\/omere-arzularim\/","title":{"rendered":"\u00d6m\u0259r\u0259 arzular\u0131m"},"content":{"rendered":"<figure class=\"wp-block-image size-large\">\n  <img decoding=\"async\" src=\"https:\/\/www.meydan.tv\/az\/20531\/\" alt=\"\" class=\"wp-image-20531\"\/><figcaption>\n    \u00d6m\u0259r\u0259 arzular\u0131m<br \/>\n  <\/figcaption><\/figure>\n<p>\n  Xocal\u0131 soyq\u0131r\u0131m\u0131 g\u00fcn\u00fc \u00d6m\u0259rin ad g\u00fcn\u00fcd\u00fcr. Biz ail\u0259si olaraq, he\u00e7 vaxt h\u0259min g\u00fcn qeyd etm\u0259mi\u015fik. H\u0259r il f\u0259rqli g\u00fcnl\u0259rd\u0259 qeyd etmi\u015fik.<\/p>\n<p>  \u0130ndi \u00d6m\u0259rin 20 ya\u015f\u0131 tamam olur. 2-ci do\u011fum g\u00fcn\u00fcd\u00fcr ki, h\u0259bsd\u0259 qeyd edir. 18 ya\u015f\u0131 var idi tutulanda. Bu yolu tutanda is\u0259 15 ya\u015f\u0131 var idi. He\u00e7 vaxt k\u00fcy\u0259 d\u00fc\u015fm\u0259d\u0259n, a\u011f\u0131lla, \u00f6z d\u0259rrak\u0259si il\u0259 n\u0259 etdiyini bilirdi. Ona g\u00f6r\u0259 d\u0259 h\u0259d\u0259l\u0259n\u0259nd\u0259 d\u0259 \u00f6lk\u0259y\u0259 qay\u0131td\u0131. Xaricd\u0259ki t\u0259hsilinin yar\u0131m\u00e7\u0131q qala, g\u0259nc h\u0259yat\u0131n\u0131n azadl\u0131qdan m\u0259hrum v\u0259ziyy\u0259td\u0259 ke\u00e7\u0259 bilm\u0259sini g\u00f6z\u0259 ald\u0131 v\u0259 qay\u0131td\u0131. H\u0259bs olundu, \u015f\u0259rl\u0259ndi, amma he\u00e7 vaxt s\u0131nmad\u0131, h\u0259mi\u015f\u0259 ba\u015f\u0131 dik, aln\u0131 a\u00e7\u0131q oldu. Bizim ona verdiyimiz t\u0259rbiy\u0259y\u0259 layiq oldu.<\/p>\n<p>  Anas\u0131n\u0131n o\u011fluna n\u0259 arzular\u0131 ola bil\u0259r ki?! Tezlikl\u0259 sa\u011f-salamat azad olsun, yar\u0131m\u00e7\u0131q qalan t\u0259hsilini davam etdirsin, atas\u0131 a\u011f\u0131r x\u0259st\u0259dir, bu g\u00fcnl\u0259rind\u0259 onun yan\u0131nda olsun, qarda\u015f\u0131na dayaq olsun.<\/p>\n<p>  Xalq\u0131na, mill\u0259tin\u0259 layiqli bir v\u0259t\u0259nda\u015f olsun. Haqq, \u0259dal\u0259t, in\u015fallah, \u00f6z yerini tapar. M\u0259nim o\u011flum 18 ya\u015f\u0131nda narkotika ittiham\u0131 il\u0259 h\u0259bs olunub. Gec\u0259-g\u00fcnd\u00fcz \u0259lind\u0259n kitab d\u00fc\u015fm\u0259y\u0259n, \u00f6lk\u0259si u\u011frunda \u00f6z\u00fcn\u00fc qurban ver\u0259 bil\u0259n, h\u0259l\u0259 u\u015faq ya\u015flar\u0131ndan maarif\u00e7i m\u00fcbariz\u0259 aparan bir g\u0259ncin narkotika ittiham\u0131 g\u00fcl\u00fcncd\u00fcr. Narkotikl\u0259 tutulan adam\u0131n yax\u0131nlar\u0131 utana bil\u0259r, amma haz\u0131rk\u0131 \u0259n g\u0259nc siyasi m\u0259hbus m\u0259nim o\u011flumdur v\u0259 bununla yaln\u0131z f\u0259xr etm\u0259k olar.<\/p>\n<p>  V\u0259 m\u0259n bir ana olaraq, g\u00fcnahs\u0131z balama azadl\u0131q arzulay\u0131ram. V\u0259 onu azadl\u0131qda t\u0259brik etm\u0259k ist\u0259yir\u0259m.<\/p>\n","protected":false},"excerpt":{"rendered":"<p>Xalq\u0131na, mill\u0259tin\u0259 layiqli bir v\u0259t\u0259nda\u015f olsun. Haqq, \u0259dal\u0259t, in\u015fallah, \u00f6z yerini tapar&#8230;<\/p>\n","protected":false},"author":11,"featured_media":20531,"comment_status":"closed","ping_status":"open","sticky":false,"template":"","format":"standard","meta":{"_acf_changed":false,"_sitemap_exclude":false,"_sitemap_priority":"","_sitemap_frequency":"","footnotes":""},"categories":[57],"tags":[],"class_list":["post-196312","post","type-post","status-publish","format-standard","has-post-thumbnail","hentry","category-menim-fikrimce","infinite-scroll-item","generate-columns","tablet-grid-50","mobile-grid-100","grid-parent","grid-33","no-featured-image-padding"],"acf":[],"yoast_head":"<!-- This site is optimized with the Yoast SEO plugin v27.4 - https:\/\/yoast.com\/product\/yoast-seo-wordpress\/ -->\n<title>\u00d6m\u0259r\u0259 arzular\u0131m - MEYDAN.TV<\/title>\n<meta name=\"robots\" content=\"index, follow, max-snippet:-1, max-image-preview:large, max-video-preview:-1\" \/>\n<link rel=\"canonical\" href=\"https:\/\/www.meydan.tv\/az\/article\/omere-arzularim\/\" \/>\n<meta property=\"og:locale\" content=\"az_AZ\" \/>\n<meta property=\"og:type\" content=\"article\" \/>\n<meta property=\"og:title\" content=\"\u00d6m\u0259r\u0259 arzular\u0131m - MEYDAN.TV\" \/>\n<meta property=\"og:description\" content=\"Xalq\u0131na, mill\u0259tin\u0259 layiqli bir v\u0259t\u0259nda\u015f olsun. Haqq, \u0259dal\u0259t, in\u015fallah, \u00f6z yerini tapar...\" \/>\n<meta property=\"og:url\" content=\"https:\/\/www.meydan.tv\/az\/article\/omere-arzularim\/\" \/>\n<meta property=\"og:site_name\" content=\"MEYDAN.TV\" \/>\n<meta property=\"article:published_time\" content=\"2019-07-22T18:38:49+00:00\" \/>\n<meta property=\"og:image\" content=\"https:\/\/www.meydan.tv\/wp-content\/uploads\/7390.jpg\" \/>\n\t<meta property=\"og:image:width\" content=\"500\" \/>\n\t<meta property=\"og:image:height\" content=\"304\" \/>\n\t<meta property=\"og:image:type\" content=\"image\/jpeg\" \/>\n<meta name=\"author\" content=\"user-manager\" \/>\n<meta name=\"twitter:card\" content=\"summary_large_image\" \/>\n<script type=\"application\/ld+json\" class=\"yoast-schema-graph\">{\"@context\":\"https:\\\/\\\/schema.org\",\"@graph\":[{\"@type\":\"Article\",\"@id\":\"https:\\\/\\\/www.meydan.tv\\\/az\\\/article\\\/omere-arzularim\\\/#article\",\"isPartOf\":{\"@id\":\"https:\\\/\\\/www.meydan.tv\\\/az\\\/article\\\/omere-arzularim\\\/\"},\"author\":{\"name\":\"user-manager\",\"@id\":\"https:\\\/\\\/www.meydan.tv\\\/az\\\/#\\\/schema\\\/person\\\/10d11eccf6da3662cf5fdab9806ea91a\"},\"headline\":\"\u00d6m\u0259r\u0259 arzular\u0131m\",\"datePublished\":\"2019-07-22T18:38:49+00:00\",\"mainEntityOfPage\":{\"@id\":\"https:\\\/\\\/www.meydan.tv\\\/az\\\/article\\\/omere-arzularim\\\/\"},\"wordCount\":333,\"publisher\":{\"@id\":\"https:\\\/\\\/www.meydan.tv\\\/az\\\/#organization\"},\"image\":{\"@id\":\"https:\\\/\\\/www.meydan.tv\\\/az\\\/article\\\/omere-arzularim\\\/#primaryimage\"},\"thumbnailUrl\":\"https:\\\/\\\/www.meydan.tv\\\/wp-content\\\/uploads\\\/7390.jpg\",\"articleSection\":[\"M\u0259nim Fikrimc\u0259\"],\"inLanguage\":\"az\"},{\"@type\":\"WebPage\",\"@id\":\"https:\\\/\\\/www.meydan.tv\\\/az\\\/article\\\/omere-arzularim\\\/\",\"url\":\"https:\\\/\\\/www.meydan.tv\\\/az\\\/article\\\/omere-arzularim\\\/\",\"name\":\"\u00d6m\u0259r\u0259 arzular\u0131m - MEYDAN.TV\",\"isPartOf\":{\"@id\":\"https:\\\/\\\/www.meydan.tv\\\/az\\\/#website\"},\"primaryImageOfPage\":{\"@id\":\"https:\\\/\\\/www.meydan.tv\\\/az\\\/article\\\/omere-arzularim\\\/#primaryimage\"},\"image\":{\"@id\":\"https:\\\/\\\/www.meydan.tv\\\/az\\\/article\\\/omere-arzularim\\\/#primaryimage\"},\"thumbnailUrl\":\"https:\\\/\\\/www.meydan.tv\\\/wp-content\\\/uploads\\\/7390.jpg\",\"datePublished\":\"2019-07-22T18:38:49+00:00\",\"breadcrumb\":{\"@id\":\"https:\\\/\\\/www.meydan.tv\\\/az\\\/article\\\/omere-arzularim\\\/#breadcrumb\"},\"inLanguage\":\"az\",\"potentialAction\":[{\"@type\":\"ReadAction\",\"target\":[\"https:\\\/\\\/www.meydan.tv\\\/az\\\/article\\\/omere-arzularim\\\/\"]}]},{\"@type\":\"ImageObject\",\"inLanguage\":\"az\",\"@id\":\"https:\\\/\\\/www.meydan.tv\\\/az\\\/article\\\/omere-arzularim\\\/#primaryimage\",\"url\":\"https:\\\/\\\/www.meydan.tv\\\/wp-content\\\/uploads\\\/7390.jpg\",\"contentUrl\":\"https:\\\/\\\/www.meydan.tv\\\/wp-content\\\/uploads\\\/7390.jpg\",\"width\":500,\"height\":304,\"caption\":\"Source:\"},{\"@type\":\"BreadcrumbList\",\"@id\":\"https:\\\/\\\/www.meydan.tv\\\/az\\\/article\\\/omere-arzularim\\\/#breadcrumb\",\"itemListElement\":[{\"@type\":\"ListItem\",\"position\":1,\"name\":\"Ana s\u0259hif\u0259\",\"item\":\"https:\\\/\\\/www.meydan.tv\\\/az\\\/\"},{\"@type\":\"ListItem\",\"position\":2,\"name\":\"M\u0259nim Fikrimc\u0259\",\"item\":\"https:\\\/\\\/www.meydan.tv\\\/az\\\/section\\\/menim-fikrimce\\\/\"},{\"@type\":\"ListItem\",\"position\":3,\"name\":\"\u00d6m\u0259r\u0259 arzular\u0131m\"}]},{\"@type\":\"WebSite\",\"@id\":\"https:\\\/\\\/www.meydan.tv\\\/az\\\/#website\",\"url\":\"https:\\\/\\\/www.meydan.tv\\\/az\\\/\",\"name\":\"MEYDAN.TV\",\"description\":\"Meydan TV Az\u0259rbaycan\u0131n media m\u0259kan\u0131ndak\u0131 alternativ s\u0259sidir\",\"publisher\":{\"@id\":\"https:\\\/\\\/www.meydan.tv\\\/az\\\/#organization\"},\"potentialAction\":[{\"@type\":\"SearchAction\",\"target\":{\"@type\":\"EntryPoint\",\"urlTemplate\":\"https:\\\/\\\/www.meydan.tv\\\/az\\\/?s={search_term_string}\"},\"query-input\":{\"@type\":\"PropertyValueSpecification\",\"valueRequired\":true,\"valueName\":\"search_term_string\"}}],\"inLanguage\":\"az\"},{\"@type\":\"Organization\",\"@id\":\"https:\\\/\\\/www.meydan.tv\\\/az\\\/#organization\",\"name\":\"Meydan TV\",\"url\":\"https:\\\/\\\/www.meydan.tv\\\/az\\\/\",\"logo\":{\"@type\":\"ImageObject\",\"inLanguage\":\"az\",\"@id\":\"https:\\\/\\\/www.meydan.tv\\\/az\\\/#\\\/schema\\\/logo\\\/image\\\/\",\"url\":\"https:\\\/\\\/www.meydan.tv\\\/wp-content\\\/uploads\\\/2021\\\/07\\\/meydan-logo.svg\",\"contentUrl\":\"https:\\\/\\\/www.meydan.tv\\\/wp-content\\\/uploads\\\/2021\\\/07\\\/meydan-logo.svg\",\"width\":195,\"height\":46,\"caption\":\"Meydan TV\"},\"image\":{\"@id\":\"https:\\\/\\\/www.meydan.tv\\\/az\\\/#\\\/schema\\\/logo\\\/image\\\/\"}},{\"@type\":\"Person\",\"@id\":\"https:\\\/\\\/www.meydan.tv\\\/az\\\/#\\\/schema\\\/person\\\/10d11eccf6da3662cf5fdab9806ea91a\",\"name\":\"user-manager\"}]}<\/script>\n<!-- \/ Yoast SEO plugin. -->","yoast_head_json":{"title":"\u00d6m\u0259r\u0259 arzular\u0131m - MEYDAN.TV","robots":{"index":"index","follow":"follow","max-snippet":"max-snippet:-1","max-image-preview":"max-image-preview:large","max-video-preview":"max-video-preview:-1"},"canonical":"https:\/\/www.meydan.tv\/az\/article\/omere-arzularim\/","og_locale":"az_AZ","og_type":"article","og_title":"\u00d6m\u0259r\u0259 arzular\u0131m - MEYDAN.TV","og_description":"Xalq\u0131na, mill\u0259tin\u0259 layiqli bir v\u0259t\u0259nda\u015f olsun. Haqq, \u0259dal\u0259t, in\u015fallah, \u00f6z yerini tapar...","og_url":"https:\/\/www.meydan.tv\/az\/article\/omere-arzularim\/","og_site_name":"MEYDAN.TV","article_published_time":"2019-07-22T18:38:49+00:00","og_image":[{"width":500,"height":304,"url":"https:\/\/www.meydan.tv\/wp-content\/uploads\/7390.jpg","type":"image\/jpeg"}],"author":"user-manager","twitter_card":"summary_large_image","schema":{"@context":"https:\/\/schema.org","@graph":[{"@type":"Article","@id":"https:\/\/www.meydan.tv\/az\/article\/omere-arzularim\/#article","isPartOf":{"@id":"https:\/\/www.meydan.tv\/az\/article\/omere-arzularim\/"},"author":{"name":"user-manager","@id":"https:\/\/www.meydan.tv\/az\/#\/schema\/person\/10d11eccf6da3662cf5fdab9806ea91a"},"headline":"\u00d6m\u0259r\u0259 arzular\u0131m","datePublished":"2019-07-22T18:38:49+00:00","mainEntityOfPage":{"@id":"https:\/\/www.meydan.tv\/az\/article\/omere-arzularim\/"},"wordCount":333,"publisher":{"@id":"https:\/\/www.meydan.tv\/az\/#organization"},"image":{"@id":"https:\/\/www.meydan.tv\/az\/article\/omere-arzularim\/#primaryimage"},"thumbnailUrl":"https:\/\/www.meydan.tv\/wp-content\/uploads\/7390.jpg","articleSection":["M\u0259nim Fikrimc\u0259"],"inLanguage":"az"},{"@type":"WebPage","@id":"https:\/\/www.meydan.tv\/az\/article\/omere-arzularim\/","url":"https:\/\/www.meydan.tv\/az\/article\/omere-arzularim\/","name":"\u00d6m\u0259r\u0259 arzular\u0131m - MEYDAN.TV","isPartOf":{"@id":"https:\/\/www.meydan.tv\/az\/#website"},"primaryImageOfPage":{"@id":"https:\/\/www.meydan.tv\/az\/article\/omere-arzularim\/#primaryimage"},"image":{"@id":"https:\/\/www.meydan.tv\/az\/article\/omere-arzularim\/#primaryimage"},"thumbnailUrl":"https:\/\/www.meydan.tv\/wp-content\/uploads\/7390.jpg","datePublished":"2019-07-22T18:38:49+00:00","breadcrumb":{"@id":"https:\/\/www.meydan.tv\/az\/article\/omere-arzularim\/#breadcrumb"},"inLanguage":"az","potentialAction":[{"@type":"ReadAction","target":["https:\/\/www.meydan.tv\/az\/article\/omere-arzularim\/"]}]},{"@type":"ImageObject","inLanguage":"az","@id":"https:\/\/www.meydan.tv\/az\/article\/omere-arzularim\/#primaryimage","url":"https:\/\/www.meydan.tv\/wp-content\/uploads\/7390.jpg","contentUrl":"https:\/\/www.meydan.tv\/wp-content\/uploads\/7390.jpg","width":500,"height":304,"caption":"Source:"},{"@type":"BreadcrumbList","@id":"https:\/\/www.meydan.tv\/az\/article\/omere-arzularim\/#breadcrumb","itemListElement":[{"@type":"ListItem","position":1,"name":"Ana s\u0259hif\u0259","item":"https:\/\/www.meydan.tv\/az\/"},{"@type":"ListItem","position":2,"name":"M\u0259nim Fikrimc\u0259","item":"https:\/\/www.meydan.tv\/az\/section\/menim-fikrimce\/"},{"@type":"ListItem","position":3,"name":"\u00d6m\u0259r\u0259 arzular\u0131m"}]},{"@type":"WebSite","@id":"https:\/\/www.meydan.tv\/az\/#website","url":"https:\/\/www.meydan.tv\/az\/","name":"MEYDAN.TV","description":"Meydan TV Az\u0259rbaycan\u0131n media m\u0259kan\u0131ndak\u0131 alternativ s\u0259sidir","publisher":{"@id":"https:\/\/www.meydan.tv\/az\/#organization"},"potentialAction":[{"@type":"SearchAction","target":{"@type":"EntryPoint","urlTemplate":"https:\/\/www.meydan.tv\/az\/?s={search_term_string}"},"query-input":{"@type":"PropertyValueSpecification","valueRequired":true,"valueName":"search_term_string"}}],"inLanguage":"az"},{"@type":"Organization","@id":"https:\/\/www.meydan.tv\/az\/#organization","name":"Meydan TV","url":"https:\/\/www.meydan.tv\/az\/","logo":{"@type":"ImageObject","inLanguage":"az","@id":"https:\/\/www.meydan.tv\/az\/#\/schema\/logo\/image\/","url":"https:\/\/www.meydan.tv\/wp-content\/uploads\/2021\/07\/meydan-logo.svg","contentUrl":"https:\/\/www.meydan.tv\/wp-content\/uploads\/2021\/07\/meydan-logo.svg","width":195,"height":46,"caption":"Meydan TV"},"image":{"@id":"https:\/\/www.meydan.tv\/az\/#\/schema\/logo\/image\/"}},{"@type":"Person","@id":"https:\/\/www.meydan.tv\/az\/#\/schema\/person\/10d11eccf6da3662cf5fdab9806ea91a","name":"user-manager"}]}},"_links":{"self":[{"href":"https:\/\/www.meydan.tv\/az\/wp-json\/wp\/v2\/posts\/196312","targetHints":{"allow":["GET"]}}],"collection":[{"href":"https:\/\/www.meydan.tv\/az\/wp-json\/wp\/v2\/posts"}],"about":[{"href":"https:\/\/www.meydan.tv\/az\/wp-json\/wp\/v2\/types\/post"}],"author":[{"embeddable":true,"href":"https:\/\/www.meydan.tv\/az\/wp-json\/wp\/v2\/users\/11"}],"replies":[{"embeddable":true,"href":"https:\/\/www.meydan.tv\/az\/wp-json\/wp\/v2\/comments?post=196312"}],"version-history":[{"count":0,"href":"https:\/\/www.meydan.tv\/az\/wp-json\/wp\/v2\/posts\/196312\/revisions"}],"wp:featuredmedia":[{"embeddable":true,"href":"https:\/\/www.meydan.tv\/az\/wp-json\/wp\/v2\/media\/20531"}],"wp:attachment":[{"href":"https:\/\/www.meydan.tv\/az\/wp-json\/wp\/v2\/media?parent=196312"}],"wp:term":[{"taxonomy":"category","embeddable":true,"href":"https:\/\/www.meydan.tv\/az\/wp-json\/wp\/v2\/categories?post=196312"},{"taxonomy":"post_tag","embeddable":true,"href":"https:\/\/www.meydan.tv\/az\/wp-json\/wp\/v2\/tags?post=196312"}],"curies":[{"name":"wp","href":"https:\/\/api.w.org\/{rel}","templated":true}]}}