{"id":196286,"date":"2019-07-20T08:30:19","date_gmt":"2019-07-20T08:30:19","guid":{"rendered":"https:\/\/www.meydan.tv\/article\/saatli-sakini-hekim-deyir-men-senin-xestene-cibimden-derman-alasi-deyilem\/"},"modified":"2019-07-20T08:30:19","modified_gmt":"2019-07-20T08:30:19","slug":"saatli-sakini-hekim-deyir-men-senin-xestene-cibimden-derman-alasi-deyilem","status":"publish","type":"post","link":"https:\/\/www.meydan.tv\/az\/article\/saatli-sakini-hekim-deyir-men-senin-xestene-cibimden-derman-alasi-deyilem\/","title":{"rendered":"Saatl\u0131 sakini: H\u0259kim deyir, m\u0259n s\u0259nin x\u0259st\u0259n\u0259 cibimd\u0259n d\u0259rman alas\u0131 deyil\u0259m"},"content":{"rendered":"<p>\n  <i><br \/>\n    &#x27;&#x27;S\u0259h\u0259r\u0259d\u0259k d\u0259hlizd\u0259 stullar\u0131n \u00fcst\u00fcnd\u0259 qovrula-qovrula qald\u0131m&#x27;&#x27;<br \/>\n  <\/i>\n<\/p>\n<p>\n  \u201c10 g\u00fcn\u0259 yax\u0131nd\u0131r ki, g\u0259linim x\u0259st\u0259xanalardad\u0131r. B\u0259tnind\u0259ki k\u00f6rp\u0259sini qeys\u0259riyy\u0259 yolu il\u0259 g\u00f6t\u00fcrm\u0259lidil\u0259r. Pulumuz yoxdur dey\u0259, x\u0259st\u0259xanalar bir-birin\u0259 \u00f6t\u00fcr\u0259-\u00f6t\u00fcr\u0259 qal\u0131b\u201d.\n<\/p>\n<p>\n  Saatl\u0131n\u0131n Azadk\u0259nd k\u0259nd sakini Qism\u0259t S\u0259m\u0259dov Meydan TV-y\u0259 dan\u0131\u015f\u0131r ki, g\u0259lini Esmira S\u0259m\u0259dovan\u0131n b\u0259tnind\u0259ki k\u00f6rp\u0259 qeys\u0259riyy\u0259 yolu il\u0259 g\u00f6t\u00fcr\u00fclm\u0259lidir. Ancaq ail\u0259 imkans\u0131z oldu\u011fundan x\u0259st\u0259xanalar \u0259m\u0259liyyat\u0131 h\u0259yata ke\u00e7irmir. Qism\u0259t S\u0259m\u0259dovun s\u00f6zl\u0259rin\u0259 g\u00f6r\u0259, bir ne\u00e7\u0259 g\u00fcn \u0259vv\u0259l Esmira S\u0259m\u0259dovan\u0131n hal\u0131 pisl\u0259\u015fib. Onu Saatl\u0131 rayonundak\u0131 do\u011fum evin\u0259 g\u00f6t\u00fcr\u00fcbl\u0259r. Ancaq x\u0259st\u0259xanada ail\u0259y\u0259 bildirilib ki, hamil\u0259 qad\u0131n\u0131n durumu a\u011f\u0131rd\u0131r, onun m\u00fcalic\u0259si bu x\u0259st\u0259xanal\u0131q deyil. M\u0259sl\u0259h\u0259t g\u00f6r\u00fcl\u00fcb ki, ail\u0259 \u00fczvl\u0259ri Esmira S\u0259m\u0259dovan\u0131 Sabirabad rayonundak\u0131 do\u011fum evin\u0259 g\u00f6t\u00fcrs\u00fcnl\u0259r. Ail\u0259 \u00fczvl\u0259ri bel\u0259 d\u0259 edibl\u0259r. Esmira S\u0259m\u0259dova bu do\u011fum evind\u0259 t\u0259xmin\u0259n 5 g\u00fcn qald\u0131qdan sonra durumu daha da a\u011f\u0131rla\u015fd\u0131\u011f\u0131ndan onu t\u0259cili yard\u0131m ma\u015f\u0131n\u0131 il\u0259 Bak\u0131ya \u2013 Respublika Kliniki X\u0259st\u0259xanas\u0131na g\u00f6nd\u0259ribl\u0259r.\n<\/p>\n<p>\n  <i><br \/>\n    \u201cDedim, \u00f6ld\u00fcrm\u0259k ist\u0259yirsizs\u0259, \u00f6ld\u00fcr\u00fcn\u201d<br \/>\n  <\/i>\n<\/p>\n<p>\n  Qism\u0259t S\u0259m\u0259dov s\u00f6z\u00fcn\u0259 davam edir:\n<\/p>\n<p>\n  \u201c\u0130yulun 16-dan ordad\u0131r. Do\u011fum \u015f\u00f6b\u0259sind\u0259n Sevinc h\u0259kiml\u0259 \u0259laq\u0259 saxlam\u0131\u015fam, bildirmi\u015f\u0259m ki, \u00e7ox imkans\u0131z\u0131q, g\u0259linin \u0259ri d\u0259 a\u011f\u0131r x\u0259st\u0259dir, bu aralar siz\u0259 \u201ch\u00f6rm\u0259t\u201d ed\u0259 bilm\u0259y\u0259c\u0259yik, siz x\u0259st\u0259mizi sa\u011f-salamat \u0259m\u0259liyyatdan \u00e7\u0131xar\u0131n, k\u00f6rp\u0259sini sa\u011f-salamat biz\u0259 verin, siz\u0259 s\u00f6z verir\u0259m ki, \u0259limiz\u0259 imkan d\u00fc\u015f\u0259n kimi g\u0259lib sizi g\u00f6r\u0259c\u0259yik. H\u0259kim dedi, he\u00e7 olmasa bunun iyn\u0259-d\u0259rman\u0131n\u0131 al\u0131n, verin. Dedim, vallah, billah, imkan\u0131m\u0131z yoxdur. H\u0259kim \u00fcst\u00fcm\u0259 ac\u0131qland\u0131 ki, m\u0259n bunun iyn\u0259-d\u0259rman\u0131n\u0131 \u00f6z cibimd\u0259n alas\u0131 deyil\u0259m, n\u0259 vaxt al\u0131b ver\u0259rsiz, m\u00fcalic\u0259y\u0259 ba\u015flayar\u0131q. M\u0259n d\u0259 dedim, a q\u0131z\u0131m, pulumuz yoxdur dey\u0259, u\u015faq anan\u0131n qarn\u0131nda qalmal\u0131d\u0131? \u00d6ld\u00fcrm\u0259k ist\u0259yirsizs\u0259, \u00f6ld\u00fcr\u00fcn, dinc\u0259lin\u201d.\n<\/p>\n<p>\n  <i><br \/>\n    \u201cDeyirl\u0259r, ail\u0259n g\u0259lm\u0259yinc\u0259, \u0259m\u0259liyyat olmayacaq\u201d<br \/>\n  <\/i>\n<\/p>\n<p>\n  Qism\u0259t S\u0259m\u0259dovun s\u00f6zl\u0259rin\u0259 g\u00f6r\u0259, g\u0259lini Esmira S\u0259m\u0259dova da bir ne\u00e7\u0259 d\u0259f\u0259 ail\u0259 il\u0259 telefon \u0259laq\u0259si saxlay\u0131b:\n<\/p>\n<figure class=\"wp-block-image size-large\">\n  <img decoding=\"async\" src=\"https:\/\/www.meydan.tv\/az\/untitled_design-png-2\/\" alt=\"untitled_design.png\" class=\"wp-image-127178\"\/><figcaption>\n    hamil\u0259 qad\u0131n<br \/>\n  <\/figcaption><\/figure>\n<p>\n  \u201cG\u0259linim d\u0259 h\u0259r g\u00fcn z\u0259ng vurub deyir ki, m\u0259ni \u0259m\u0259liyyatdan \u0259vv\u0259l 3-4 g\u00fcn m\u00fc\u0259lic\u0259 etm\u0259lidil\u0259r, ancaq m\u00fcalic\u0259m\u0259 ba\u015flam\u0131rlar, deyirl\u0259r, z\u0259ng vur, ail\u0259n\u0259 de, g\u0259lsinl\u0259r, reseptl\u0259ri g\u00f6t\u00fcr\u00fcb d\u0259rmanlar\u0131 als\u0131nlar. \u018fm\u0259liyyat da etmirl\u0259r ki, ail\u0259n g\u0259lsin, dan\u0131\u015faq, sonra \u0259m\u0259liyyata g\u00f6t\u00fcr\u0259k\u201d.\n<\/p>\n<p>\n  Meydan TV m\u00fcxbiri m\u0259s\u0259l\u0259y\u0259 ayd\u0131nl\u0131q g\u0259tirm\u0259k \u00fc\u00e7\u00fcn Respublika Klinik X\u0259st\u0259xanas\u0131 il\u0259 \u0259laq\u0259 saxlay\u0131b. X\u0259st\u0259xanadan bildirilib ki, Esmira S\u0259m\u0259dova iyunun 16-dan 17-n\u0259 ke\u00e7\u0259n gec\u0259 x\u0259st\u0259xanaya q\u0259bul olunub, \u0259m\u0259liyyatqaba\u011f\u0131 t\u0259dbirl\u0259r g\u00f6r\u00fcl\u00fcb v\u0259 \u0259m\u0259liyyata g\u00f6t\u00fcr\u00fcl\u0259c\u0259k. X\u0259st\u0259xana Esmira S\u0259m\u0259dovan\u0131n ail\u0259 \u00fczvl\u0259rinin Meydan TV-y\u0259 dedikl\u0259rini t\u0259kzib edib v\u0259 bildirilib ki, b\u00fct\u00fcn t\u0259dbirl\u0259r x\u0259st\u0259xana hesab\u0131na g\u00f6r\u00fcl\u00fcr.\n<\/p>\n<p>\n  <i><br \/>\n    \u201cS\u0259h\u0259r\u0259d\u0259k d\u0259hlizd\u0259 stullar\u0131n \u00fcst\u00fcnd\u0259 a\u011fr\u0131 \u00e7\u0259k\u0259-\u00e7\u0259k\u0259 qald\u0131m\u201d<br \/>\n  <\/i>\n<\/p>\n<p>\n  Meydan TV m\u00fcxbirinin x\u0259st\u0259xanayla yaratd\u0131\u011f\u0131 \u0259laq\u0259d\u0259n sonra Esmira S\u0259m\u0259dovan\u0131n ail\u0259 \u00fczvl\u0259ri z\u0259ng vuraraq bildiribl\u0259r ki, onu \u0259m\u0259liyyata g\u00f6t\u00fcr\u00fcbl\u0259r. Meydan TV m\u00fcxbiri \u0259m\u0259liyyatdan sonra Esmira S\u0259m\u0259dovayla da dan\u0131\u015f\u0131b. Qad\u0131n bildirib ki, x\u0259st\u0259xanaya daxil olan gec\u0259ni a\u011fr\u0131lar\u0131 \u00e7ox olub v\u0259 o, bu v\u0259ziyy\u0259td\u0259 q\u0259bul \u015f\u00f6b\u0259sind\u0259 stullar\u0131n \u00fcst\u00fcnd\u0259 yat\u0131b: \u201c\u018fvv\u0259l dedil\u0259r, h\u0259l\u0259 8 ayl\u0131qd\u0131r, niy\u0259 g\u0259lmis\u0259n? Dedim, \u00f6z\u00fcm g\u0259lm\u0259mi\u015f\u0259m, x\u0259st\u0259xanan\u0131n t\u0259cili tibbi yard\u0131m ma\u015f\u0131n\u0131 g\u0259tirib. Bu u\u015faq 3 g\u00fcn d\u0259 b\u0259tnimd\u0259 qalsa, bo\u011fulacaq, t\u0259cili g\u00f6t\u00fcrm\u0259k laz\u0131md\u0131r. M\u0259ni palataya g\u00f6t\u00fcrm\u0259dil\u0259r, dedil\u0259r ki, yer yoxdur, s\u0259h\u0259r\u0259 kimi d\u0259hlizd\u0259 otur, g\u00f6r\u0259k, neynirik. Ancaq yax\u015f\u0131 anlay\u0131rd\u0131m ki, pul verm\u0259diyimiz \u00fc\u00e7\u00fcn m\u0259ni d\u0259, b\u0259tnimd\u0259ki balam\u0131 da incidirl\u0259r. S\u0259h\u0259r\u0259d\u0259k d\u0259hlizd\u0259 stullar\u0131n \u00fcst\u00fcnd\u0259 qovrula-qovrula qald\u0131m. S\u0259h\u0259r g\u0259lib palataya \u00e7\u0131xard\u0131lar, dedil\u0259r, adamlar\u0131n g\u0259lsin, h\u0259kimi g\u00f6rs\u00fcn, d\u0259rmanlar\u0131 als\u0131n, \u0259m\u0259liyyat\u0131 dan\u0131\u015fs\u0131n. M\u0259n ail\u0259ml\u0259 bir ne\u00e7\u0259 d\u0259f\u0259 dan\u0131\u015fd\u0131m, yolda\u015f\u0131m da a\u011f\u0131r x\u0259st\u0259dir, \u00e7ox kas\u0131b ail\u0259d\u0259n\u0259m. He\u00e7 g\u00f6zl\u0259m\u0259diyim halda bu g\u00fcn m\u0259ni \u0259m\u0259liyyata g\u00f6t\u00fcrd\u00fcl\u0259r. D\u00fc\u015f\u00fcn\u00fcrd\u00fcm ki, y\u0259qin m\u0259ni \u0259m\u0259liyyat etm\u0259y\u0259c\u0259kl\u0259r, bir b\u0259han\u0259yl\u0259 burdan da yola salacaqlar\u201d.\n<\/p>\n<p>\n  Esmira S\u0259m\u0259dova bundan \u0259vv\u0259l d\u0259 iki d\u0259f\u0259 qeys\u0259riyy\u0259 \u0259m\u0259liyyat\u0131 olunub. Birinci d\u0259f\u0259 k\u00f6rp\u0259si b\u0259tnind\u0259n \u00f6l\u00fc v\u0259ziyy\u0259td\u0259 g\u00f6t\u00fcr\u00fcl\u00fcb. \u0130kinci \u0259m\u0259liyyatdan is\u0259 bir q\u0131z\u0131 var v\u0259 7 ya\u015f\u0131ndad\u0131r.\n<\/p>\n<figure class=\"wp-block-image size-large\">\n  <img decoding=\"async\" src=\"https:\/\/www.meydan.tv\/az\/4778-suture_surgery_maternity_female_adult_sad-1296x728-header-jpg\/\" alt=\"4778-suture_surgery_maternity_female_adult_sad-1296&#215;728-header.jpg\" class=\"wp-image-127172\"\/><figcaption>\n    pasiyent<br \/>\n  <\/figcaption><\/figure>\n","protected":false},"excerpt":{"rendered":"<p>\u018fm\u0259liyyat da etmirl\u0259r ki, ail\u0259n g\u0259lsin, dan\u0131\u015faq, sonra \u0259m\u0259liyyata g\u00f6t\u00fcr\u0259k.<\/p>\n","protected":false},"author":11,"featured_media":127169,"comment_status":"closed","ping_status":"open","sticky":false,"template":"","format":"standard","meta":{"_acf_changed":false,"_sitemap_exclude":false,"_sitemap_priority":"","_sitemap_frequency":"","footnotes":""},"categories":[60],"tags":[],"class_list":["post-196286","post","type-post","status-publish","format-standard","has-post-thumbnail","hentry","category-bolge","infinite-scroll-item","generate-columns","tablet-grid-50","mobile-grid-100","grid-parent","grid-33","no-featured-image-padding"],"acf":[],"yoast_head":"<!-- This site is optimized with the Yoast SEO plugin v27.5 - https:\/\/yoast.com\/product\/yoast-seo-wordpress\/ -->\n<title>Saatl\u0131 sakini: H\u0259kim deyir, m\u0259n s\u0259nin x\u0259st\u0259n\u0259 cibimd\u0259n d\u0259rman alas\u0131 deyil\u0259m - MEYDAN.TV<\/title>\n<meta name=\"robots\" content=\"index, follow, max-snippet:-1, max-image-preview:large, max-video-preview:-1\" \/>\n<link rel=\"canonical\" href=\"https:\/\/www.meydan.tv\/az\/article\/saatli-sakini-hekim-deyir-men-senin-xestene-cibimden-derman-alasi-deyilem\/\" \/>\n<meta property=\"og:locale\" content=\"az_AZ\" \/>\n<meta property=\"og:type\" content=\"article\" \/>\n<meta property=\"og:title\" content=\"Saatl\u0131 sakini: H\u0259kim deyir, m\u0259n s\u0259nin x\u0259st\u0259n\u0259 cibimd\u0259n d\u0259rman alas\u0131 deyil\u0259m - MEYDAN.TV\" \/>\n<meta property=\"og:description\" content=\"\u018fm\u0259liyyat da etmirl\u0259r ki, ail\u0259n g\u0259lsin, dan\u0131\u015faq, sonra \u0259m\u0259liyyata g\u00f6t\u00fcr\u0259k.\" \/>\n<meta property=\"og:url\" content=\"https:\/\/www.meydan.tv\/az\/article\/saatli-sakini-hekim-deyir-men-senin-xestene-cibimden-derman-alasi-deyilem\/\" \/>\n<meta property=\"og:site_name\" content=\"MEYDAN.TV\" \/>\n<meta property=\"article:published_time\" content=\"2019-07-20T08:30:19+00:00\" \/>\n<meta property=\"og:image\" content=\"https:\/\/www.meydan.tv\/wp-content\/uploads\/propublica_article_graphic.png\" \/>\n\t<meta property=\"og:image:width\" content=\"1089\" \/>\n\t<meta property=\"og:image:height\" content=\"632\" \/>\n\t<meta property=\"og:image:type\" content=\"image\/png\" \/>\n<meta name=\"author\" content=\"user-manager\" \/>\n<meta name=\"twitter:card\" content=\"summary_large_image\" \/>\n<script type=\"application\/ld+json\" class=\"yoast-schema-graph\">{\"@context\":\"https:\\\/\\\/schema.org\",\"@graph\":[{\"@type\":\"Article\",\"@id\":\"https:\\\/\\\/www.meydan.tv\\\/az\\\/article\\\/saatli-sakini-hekim-deyir-men-senin-xestene-cibimden-derman-alasi-deyilem\\\/#article\",\"isPartOf\":{\"@id\":\"https:\\\/\\\/www.meydan.tv\\\/az\\\/article\\\/saatli-sakini-hekim-deyir-men-senin-xestene-cibimden-derman-alasi-deyilem\\\/\"},\"author\":{\"name\":\"user-manager\",\"@id\":\"https:\\\/\\\/www.meydan.tv\\\/az\\\/#\\\/schema\\\/person\\\/10d11eccf6da3662cf5fdab9806ea91a\"},\"headline\":\"Saatl\u0131 sakini: H\u0259kim deyir, m\u0259n s\u0259nin x\u0259st\u0259n\u0259 cibimd\u0259n d\u0259rman alas\u0131 deyil\u0259m\",\"datePublished\":\"2019-07-20T08:30:19+00:00\",\"mainEntityOfPage\":{\"@id\":\"https:\\\/\\\/www.meydan.tv\\\/az\\\/article\\\/saatli-sakini-hekim-deyir-men-senin-xestene-cibimden-derman-alasi-deyilem\\\/\"},\"wordCount\":1011,\"publisher\":{\"@id\":\"https:\\\/\\\/www.meydan.tv\\\/az\\\/#organization\"},\"image\":{\"@id\":\"https:\\\/\\\/www.meydan.tv\\\/az\\\/article\\\/saatli-sakini-hekim-deyir-men-senin-xestene-cibimden-derman-alasi-deyilem\\\/#primaryimage\"},\"thumbnailUrl\":\"https:\\\/\\\/www.meydan.tv\\\/wp-content\\\/uploads\\\/propublica_article_graphic.png\",\"articleSection\":[\"B\u00f6lg\u0259\"],\"inLanguage\":\"az\"},{\"@type\":\"WebPage\",\"@id\":\"https:\\\/\\\/www.meydan.tv\\\/az\\\/article\\\/saatli-sakini-hekim-deyir-men-senin-xestene-cibimden-derman-alasi-deyilem\\\/\",\"url\":\"https:\\\/\\\/www.meydan.tv\\\/az\\\/article\\\/saatli-sakini-hekim-deyir-men-senin-xestene-cibimden-derman-alasi-deyilem\\\/\",\"name\":\"Saatl\u0131 sakini: H\u0259kim deyir, m\u0259n s\u0259nin x\u0259st\u0259n\u0259 cibimd\u0259n d\u0259rman alas\u0131 deyil\u0259m - MEYDAN.TV\",\"isPartOf\":{\"@id\":\"https:\\\/\\\/www.meydan.tv\\\/az\\\/#website\"},\"primaryImageOfPage\":{\"@id\":\"https:\\\/\\\/www.meydan.tv\\\/az\\\/article\\\/saatli-sakini-hekim-deyir-men-senin-xestene-cibimden-derman-alasi-deyilem\\\/#primaryimage\"},\"image\":{\"@id\":\"https:\\\/\\\/www.meydan.tv\\\/az\\\/article\\\/saatli-sakini-hekim-deyir-men-senin-xestene-cibimden-derman-alasi-deyilem\\\/#primaryimage\"},\"thumbnailUrl\":\"https:\\\/\\\/www.meydan.tv\\\/wp-content\\\/uploads\\\/propublica_article_graphic.png\",\"datePublished\":\"2019-07-20T08:30:19+00:00\",\"breadcrumb\":{\"@id\":\"https:\\\/\\\/www.meydan.tv\\\/az\\\/article\\\/saatli-sakini-hekim-deyir-men-senin-xestene-cibimden-derman-alasi-deyilem\\\/#breadcrumb\"},\"inLanguage\":\"az\",\"potentialAction\":[{\"@type\":\"ReadAction\",\"target\":[\"https:\\\/\\\/www.meydan.tv\\\/az\\\/article\\\/saatli-sakini-hekim-deyir-men-senin-xestene-cibimden-derman-alasi-deyilem\\\/\"]}]},{\"@type\":\"ImageObject\",\"inLanguage\":\"az\",\"@id\":\"https:\\\/\\\/www.meydan.tv\\\/az\\\/article\\\/saatli-sakini-hekim-deyir-men-senin-xestene-cibimden-derman-alasi-deyilem\\\/#primaryimage\",\"url\":\"https:\\\/\\\/www.meydan.tv\\\/wp-content\\\/uploads\\\/propublica_article_graphic.png\",\"contentUrl\":\"https:\\\/\\\/www.meydan.tv\\\/wp-content\\\/uploads\\\/propublica_article_graphic.png\",\"width\":1089,\"height\":632,\"caption\":\"Foto: Meydan.TV\"},{\"@type\":\"BreadcrumbList\",\"@id\":\"https:\\\/\\\/www.meydan.tv\\\/az\\\/article\\\/saatli-sakini-hekim-deyir-men-senin-xestene-cibimden-derman-alasi-deyilem\\\/#breadcrumb\",\"itemListElement\":[{\"@type\":\"ListItem\",\"position\":1,\"name\":\"Ana s\u0259hif\u0259\",\"item\":\"https:\\\/\\\/www.meydan.tv\\\/az\\\/\"},{\"@type\":\"ListItem\",\"position\":2,\"name\":\"B\u00f6lg\u0259\",\"item\":\"https:\\\/\\\/www.meydan.tv\\\/az\\\/section\\\/bolge\\\/\"},{\"@type\":\"ListItem\",\"position\":3,\"name\":\"Saatl\u0131 sakini: H\u0259kim deyir, m\u0259n s\u0259nin x\u0259st\u0259n\u0259 cibimd\u0259n d\u0259rman alas\u0131 deyil\u0259m\"}]},{\"@type\":\"WebSite\",\"@id\":\"https:\\\/\\\/www.meydan.tv\\\/az\\\/#website\",\"url\":\"https:\\\/\\\/www.meydan.tv\\\/az\\\/\",\"name\":\"MEYDAN.TV\",\"description\":\"Meydan TV Az\u0259rbaycan\u0131n media m\u0259kan\u0131ndak\u0131 alternativ s\u0259sidir\",\"publisher\":{\"@id\":\"https:\\\/\\\/www.meydan.tv\\\/az\\\/#organization\"},\"potentialAction\":[{\"@type\":\"SearchAction\",\"target\":{\"@type\":\"EntryPoint\",\"urlTemplate\":\"https:\\\/\\\/www.meydan.tv\\\/az\\\/?s={search_term_string}\"},\"query-input\":{\"@type\":\"PropertyValueSpecification\",\"valueRequired\":true,\"valueName\":\"search_term_string\"}}],\"inLanguage\":\"az\"},{\"@type\":\"Organization\",\"@id\":\"https:\\\/\\\/www.meydan.tv\\\/az\\\/#organization\",\"name\":\"Meydan TV\",\"url\":\"https:\\\/\\\/www.meydan.tv\\\/az\\\/\",\"logo\":{\"@type\":\"ImageObject\",\"inLanguage\":\"az\",\"@id\":\"https:\\\/\\\/www.meydan.tv\\\/az\\\/#\\\/schema\\\/logo\\\/image\\\/\",\"url\":\"https:\\\/\\\/www.meydan.tv\\\/wp-content\\\/uploads\\\/2021\\\/07\\\/meydan-logo.svg\",\"contentUrl\":\"https:\\\/\\\/www.meydan.tv\\\/wp-content\\\/uploads\\\/2021\\\/07\\\/meydan-logo.svg\",\"width\":195,\"height\":46,\"caption\":\"Meydan TV\"},\"image\":{\"@id\":\"https:\\\/\\\/www.meydan.tv\\\/az\\\/#\\\/schema\\\/logo\\\/image\\\/\"}},{\"@type\":\"Person\",\"@id\":\"https:\\\/\\\/www.meydan.tv\\\/az\\\/#\\\/schema\\\/person\\\/10d11eccf6da3662cf5fdab9806ea91a\",\"name\":\"user-manager\"}]}<\/script>\n<!-- \/ Yoast SEO plugin. -->","yoast_head_json":{"title":"Saatl\u0131 sakini: H\u0259kim deyir, m\u0259n s\u0259nin x\u0259st\u0259n\u0259 cibimd\u0259n d\u0259rman alas\u0131 deyil\u0259m - MEYDAN.TV","robots":{"index":"index","follow":"follow","max-snippet":"max-snippet:-1","max-image-preview":"max-image-preview:large","max-video-preview":"max-video-preview:-1"},"canonical":"https:\/\/www.meydan.tv\/az\/article\/saatli-sakini-hekim-deyir-men-senin-xestene-cibimden-derman-alasi-deyilem\/","og_locale":"az_AZ","og_type":"article","og_title":"Saatl\u0131 sakini: H\u0259kim deyir, m\u0259n s\u0259nin x\u0259st\u0259n\u0259 cibimd\u0259n d\u0259rman alas\u0131 deyil\u0259m - MEYDAN.TV","og_description":"\u018fm\u0259liyyat da etmirl\u0259r ki, ail\u0259n g\u0259lsin, dan\u0131\u015faq, sonra \u0259m\u0259liyyata g\u00f6t\u00fcr\u0259k.","og_url":"https:\/\/www.meydan.tv\/az\/article\/saatli-sakini-hekim-deyir-men-senin-xestene-cibimden-derman-alasi-deyilem\/","og_site_name":"MEYDAN.TV","article_published_time":"2019-07-20T08:30:19+00:00","og_image":[{"width":1089,"height":632,"url":"https:\/\/www.meydan.tv\/wp-content\/uploads\/propublica_article_graphic.png","type":"image\/png"}],"author":"user-manager","twitter_card":"summary_large_image","schema":{"@context":"https:\/\/schema.org","@graph":[{"@type":"Article","@id":"https:\/\/www.meydan.tv\/az\/article\/saatli-sakini-hekim-deyir-men-senin-xestene-cibimden-derman-alasi-deyilem\/#article","isPartOf":{"@id":"https:\/\/www.meydan.tv\/az\/article\/saatli-sakini-hekim-deyir-men-senin-xestene-cibimden-derman-alasi-deyilem\/"},"author":{"name":"user-manager","@id":"https:\/\/www.meydan.tv\/az\/#\/schema\/person\/10d11eccf6da3662cf5fdab9806ea91a"},"headline":"Saatl\u0131 sakini: H\u0259kim deyir, m\u0259n s\u0259nin x\u0259st\u0259n\u0259 cibimd\u0259n d\u0259rman alas\u0131 deyil\u0259m","datePublished":"2019-07-20T08:30:19+00:00","mainEntityOfPage":{"@id":"https:\/\/www.meydan.tv\/az\/article\/saatli-sakini-hekim-deyir-men-senin-xestene-cibimden-derman-alasi-deyilem\/"},"wordCount":1011,"publisher":{"@id":"https:\/\/www.meydan.tv\/az\/#organization"},"image":{"@id":"https:\/\/www.meydan.tv\/az\/article\/saatli-sakini-hekim-deyir-men-senin-xestene-cibimden-derman-alasi-deyilem\/#primaryimage"},"thumbnailUrl":"https:\/\/www.meydan.tv\/wp-content\/uploads\/propublica_article_graphic.png","articleSection":["B\u00f6lg\u0259"],"inLanguage":"az"},{"@type":"WebPage","@id":"https:\/\/www.meydan.tv\/az\/article\/saatli-sakini-hekim-deyir-men-senin-xestene-cibimden-derman-alasi-deyilem\/","url":"https:\/\/www.meydan.tv\/az\/article\/saatli-sakini-hekim-deyir-men-senin-xestene-cibimden-derman-alasi-deyilem\/","name":"Saatl\u0131 sakini: H\u0259kim deyir, m\u0259n s\u0259nin x\u0259st\u0259n\u0259 cibimd\u0259n d\u0259rman alas\u0131 deyil\u0259m - MEYDAN.TV","isPartOf":{"@id":"https:\/\/www.meydan.tv\/az\/#website"},"primaryImageOfPage":{"@id":"https:\/\/www.meydan.tv\/az\/article\/saatli-sakini-hekim-deyir-men-senin-xestene-cibimden-derman-alasi-deyilem\/#primaryimage"},"image":{"@id":"https:\/\/www.meydan.tv\/az\/article\/saatli-sakini-hekim-deyir-men-senin-xestene-cibimden-derman-alasi-deyilem\/#primaryimage"},"thumbnailUrl":"https:\/\/www.meydan.tv\/wp-content\/uploads\/propublica_article_graphic.png","datePublished":"2019-07-20T08:30:19+00:00","breadcrumb":{"@id":"https:\/\/www.meydan.tv\/az\/article\/saatli-sakini-hekim-deyir-men-senin-xestene-cibimden-derman-alasi-deyilem\/#breadcrumb"},"inLanguage":"az","potentialAction":[{"@type":"ReadAction","target":["https:\/\/www.meydan.tv\/az\/article\/saatli-sakini-hekim-deyir-men-senin-xestene-cibimden-derman-alasi-deyilem\/"]}]},{"@type":"ImageObject","inLanguage":"az","@id":"https:\/\/www.meydan.tv\/az\/article\/saatli-sakini-hekim-deyir-men-senin-xestene-cibimden-derman-alasi-deyilem\/#primaryimage","url":"https:\/\/www.meydan.tv\/wp-content\/uploads\/propublica_article_graphic.png","contentUrl":"https:\/\/www.meydan.tv\/wp-content\/uploads\/propublica_article_graphic.png","width":1089,"height":632,"caption":"Foto: Meydan.TV"},{"@type":"BreadcrumbList","@id":"https:\/\/www.meydan.tv\/az\/article\/saatli-sakini-hekim-deyir-men-senin-xestene-cibimden-derman-alasi-deyilem\/#breadcrumb","itemListElement":[{"@type":"ListItem","position":1,"name":"Ana s\u0259hif\u0259","item":"https:\/\/www.meydan.tv\/az\/"},{"@type":"ListItem","position":2,"name":"B\u00f6lg\u0259","item":"https:\/\/www.meydan.tv\/az\/section\/bolge\/"},{"@type":"ListItem","position":3,"name":"Saatl\u0131 sakini: H\u0259kim deyir, m\u0259n s\u0259nin x\u0259st\u0259n\u0259 cibimd\u0259n d\u0259rman alas\u0131 deyil\u0259m"}]},{"@type":"WebSite","@id":"https:\/\/www.meydan.tv\/az\/#website","url":"https:\/\/www.meydan.tv\/az\/","name":"MEYDAN.TV","description":"Meydan TV Az\u0259rbaycan\u0131n media m\u0259kan\u0131ndak\u0131 alternativ s\u0259sidir","publisher":{"@id":"https:\/\/www.meydan.tv\/az\/#organization"},"potentialAction":[{"@type":"SearchAction","target":{"@type":"EntryPoint","urlTemplate":"https:\/\/www.meydan.tv\/az\/?s={search_term_string}"},"query-input":{"@type":"PropertyValueSpecification","valueRequired":true,"valueName":"search_term_string"}}],"inLanguage":"az"},{"@type":"Organization","@id":"https:\/\/www.meydan.tv\/az\/#organization","name":"Meydan TV","url":"https:\/\/www.meydan.tv\/az\/","logo":{"@type":"ImageObject","inLanguage":"az","@id":"https:\/\/www.meydan.tv\/az\/#\/schema\/logo\/image\/","url":"https:\/\/www.meydan.tv\/wp-content\/uploads\/2021\/07\/meydan-logo.svg","contentUrl":"https:\/\/www.meydan.tv\/wp-content\/uploads\/2021\/07\/meydan-logo.svg","width":195,"height":46,"caption":"Meydan TV"},"image":{"@id":"https:\/\/www.meydan.tv\/az\/#\/schema\/logo\/image\/"}},{"@type":"Person","@id":"https:\/\/www.meydan.tv\/az\/#\/schema\/person\/10d11eccf6da3662cf5fdab9806ea91a","name":"user-manager"}]}},"_links":{"self":[{"href":"https:\/\/www.meydan.tv\/az\/wp-json\/wp\/v2\/posts\/196286","targetHints":{"allow":["GET"]}}],"collection":[{"href":"https:\/\/www.meydan.tv\/az\/wp-json\/wp\/v2\/posts"}],"about":[{"href":"https:\/\/www.meydan.tv\/az\/wp-json\/wp\/v2\/types\/post"}],"author":[{"embeddable":true,"href":"https:\/\/www.meydan.tv\/az\/wp-json\/wp\/v2\/users\/11"}],"replies":[{"embeddable":true,"href":"https:\/\/www.meydan.tv\/az\/wp-json\/wp\/v2\/comments?post=196286"}],"version-history":[{"count":0,"href":"https:\/\/www.meydan.tv\/az\/wp-json\/wp\/v2\/posts\/196286\/revisions"}],"wp:featuredmedia":[{"embeddable":true,"href":"https:\/\/www.meydan.tv\/az\/wp-json\/wp\/v2\/media\/127169"}],"wp:attachment":[{"href":"https:\/\/www.meydan.tv\/az\/wp-json\/wp\/v2\/media?parent=196286"}],"wp:term":[{"taxonomy":"category","embeddable":true,"href":"https:\/\/www.meydan.tv\/az\/wp-json\/wp\/v2\/categories?post=196286"},{"taxonomy":"post_tag","embeddable":true,"href":"https:\/\/www.meydan.tv\/az\/wp-json\/wp\/v2\/tags?post=196286"}],"curies":[{"name":"wp","href":"https:\/\/api.w.org\/{rel}","templated":true}]}}