{"id":196275,"date":"2019-07-19T11:41:01","date_gmt":"2019-07-19T11:41:01","guid":{"rendered":"https:\/\/www.meydan.tv\/article\/demirci-sexinin-sakinleri\/"},"modified":"2019-07-19T11:41:01","modified_gmt":"2019-07-19T11:41:01","slug":"demirci-sexinin-sakinleri","status":"publish","type":"post","link":"https:\/\/www.meydan.tv\/az\/article\/demirci-sexinin-sakinleri\/","title":{"rendered":"D\u0259mir\u00e7i sexinin sakinl\u0259ri"},"content":{"rendered":"<p>\n  <i><br \/>\n    &#x27;&#x27;V\u0259t\u0259n\u0259 xidm\u0259t etm\u0259k \u00fc\u00e7\u00fcn aparanda he\u00e7 soru\u015fan olmayacaq ki, bu u\u015faqlar hans\u0131 \u015f\u0259raitd\u0259 b\u00f6y\u00fcy\u00fcb&#x27;&#x27;<br \/>\n  <\/i>\n<\/p>\n<p>\n  \u201c2 u\u015faqla 15 ildir d\u0259mir\u00e7i sexind\u0259 ya\u015fay\u0131r\u0131q. Bir bax\u0131n, g\u00f6r\u00fcn burada ya\u015famaq olarm\u0131? Biz buna ya\u015famaq yox, s\u00fcr\u00fcnm\u0259k deyirik. D\u00f6vl\u0259t binas\u0131d\u0131r, \u0259vv\u0259ll\u0259r d\u0259mir\u00e7i sexi olub. D\u00f6\u015f\u0259m\u0259si, divar\u0131 ham\u0131s\u0131 betondur\u201d.\n<\/p>\n<p>\n  K\u00fcrd\u0259mir sakini Elsev\u0259r Seyfiyev bel\u0259 deyir. Binan\u0131n sovetd\u0259nqalma oldu\u011funu s\u00f6yl\u0259y\u0259n \u015fikay\u0259t\u00e7i \u0259lav\u0259 edir ki, bura ya\u015famaq \u00fc\u00e7\u00fcn tamamil\u0259 \u0259lveri\u015fsizdir. \u0130mkanlar\u0131 da yoxdur ki, ya gedib kiray\u0259 qals\u0131nlar, ya da ev tikdirsinl\u0259r.\n<\/p>\n<p>\n  <i><br \/>\n    \u201cYolda\u015f\u0131m t\u0259k i\u015fl\u0259yir, \u00e7atd\u0131ra bilmirik, \u00e7\u0259tindir\u201d<br \/>\n  <\/i>\n<\/p>\n<p>\n  \u201c\u0130mkan\u0131m\u0131z yoxdur. Ail\u0259 b\u00f6y\u00fckd\u00fcr, t\u0259kc\u0259 yolda\u015f\u0131m i\u015fl\u0259yir. O da m\u00fc\u0259llim\u0259dir. Bir ne\u00e7\u0259 saat d\u0259rs deyir. Qazand\u0131\u011f\u0131 yem\u0259yimizi ancaq \u00f6d\u0259yir. D\u0259f\u0259l\u0259rl\u0259 \u00fcnvanl\u0131 sosial yard\u0131ma m\u00fcraci\u0259t etmi\u015fik. Uzun \u00e7\u0259k-\u00e7evird\u0259n sonra g\u0259lib baxd\u0131lar, ya\u015fay\u0131\u015f\u0131m\u0131zla, dolan\u0131\u015f\u0131\u011f\u0131m\u0131zla tan\u0131\u015f oldular. Dedil\u0259r, siz\u0259 yard\u0131m d\u00fc\u015f\u00fcr, t\u0259yin edil\u0259 bil\u0259r. Onu da, aylard\u0131r g\u00f6zl\u0259yirik\u201d, &#8211; Elsev\u0259r Seyfiyevin s\u00f6zl\u0259ridir.\n<\/p>\n<figure class=\"wp-block-image size-large\">\n  <img decoding=\"async\" src=\"https:\/\/www.meydan.tv\/az\/image_from_ios-6-jpg-20\/\" alt=\"image_from_ios (6).jpg\" class=\"wp-image-127097\"\/><figcaption>\n    evin d\u00f6\u015f\u0259m\u0259si<br \/>\n  <\/figcaption><\/figure>\n<p>\n  <i><br \/>\n    \u201c\u0130\u015f yox, sosial gecikir, \u0259ld\u0259n d\u0259 he\u00e7 n\u0259 g\u0259lmir\u201d<br \/>\n  <\/i>\n<\/p>\n<p>\n  Elsev\u0259r Seyfiyev cuzi \u0259m\u0259k haqq\u0131 il\u0259 ail\u0259 doland\u0131rma\u011f\u0131n \u00e7\u0259tin oldu\u011funu s\u00f6yl\u0259yir. \u00d6z\u00fc d\u0259 i\u015fsizlikd\u0259n \u0259ziyy\u0259t \u00e7\u0259kir. Deyir, d\u0259f\u0259l\u0259rl\u0259 m\u0259\u015f\u011fulluq m\u0259rk\u0259zin\u0259 m\u00fcraci\u0259t edib, ancaq bir n\u0259tic\u0259si olmay\u0131b. \u015eikay\u0259t\u00e7i bildirir ki, i\u015fsizlik b\u00f6lg\u0259l\u0259rd\u0259 ba\u015f al\u0131b gedir. T\u0259k bir n\u0259f\u0259rin problem deyil, k\u00fctl\u0259vidir.\n<\/p>\n<p>\n  \u201c\u0130\u015f yox, sosial gecikir, \u0259ld\u0259n d\u0259 he\u00e7 n\u0259 g\u0259lmir ba\u015fqa. Rayonda insanlarda da pul yoxdur ki, gedib kimins\u0259 qap\u0131s\u0131nda-bacas\u0131nda i\u015fl\u0259yib, bir-iki manat qazanasan. Pulsuzluqdan ham\u0131 \u00f6z i\u015fini \u00f6z\u00fc g\u00f6r\u00fcr. Bizim kimi i\u015fsizl\u0259rin d\u0259 g\u0259lir yeri qalm\u0131r\u201d.\n<\/p>\n<p>\n  <i><br \/>\n    \u201cDa\u015f\u0131n-betonun i\u00e7ind\u0259 2 u\u015faq b\u00f6y\u00fctm\u00fc\u015f\u00fck\u201d<br \/>\n  <\/i>\n<\/p>\n<p>\n  Evin xan\u0131m\u0131 K\u0259mal\u0259 Seyfiyeva da dolan\u0131\u015f\u0131qlar\u0131ndan \u015fikay\u0259t\u00e7idir. Deyir, n\u0259 q\u0259d\u0259r i\u015fl\u0259yir, u\u015faq haz\u0131rla\u015fd\u0131r\u0131r, ancaq bir yer\u0259 \u00e7\u0131xa bilmir. \u0130ll\u0259rdir t\u0259k i\u015fl\u0259m\u0259k, ail\u0259nin y\u00fck\u00fcn\u00fc \u00e7iyinl\u0259rind\u0259 da\u015f\u0131maq onu yorub:\n<\/p>\n<figure class=\"wp-block-image size-large\">\n  <img decoding=\"async\" src=\"https:\/\/www.meydan.tv\/az\/image_from_ios-5-jpg-26\/\" alt=\"image_from_ios (5).jpg\" class=\"wp-image-127103\"\/><figcaption>\n    Elsev\u0259r Seyfiyev<br \/>\n  <\/figcaption><\/figure>\n<p>\n  \u201cYolda\u015f\u0131m i\u015fsizdir. T\u0259k i\u015fl\u0259yir\u0259m. M\u00fc\u0259llim maa\u015f\u0131 da \u00e7ox deyil, \u00e7atd\u0131ra bilmir\u0259m. U\u015faqlar\u0131n h\u0259r ikisi m\u0259kt\u0259blidir. 15 ildir evl\u0259nmi\u015fik. H\u0259min vaxtdan bu z\u00fclmd\u0259yik. Bu betonun i\u00e7ind\u0259, \u015f\u0259raitsizlikd\u0259 ya\u015fay\u0131r\u0131q. Bu v\u0259ziyy\u0259td\u0259 2 u\u015faq b\u00f6y\u00fctm\u00fc\u015f\u00fck. \u0130kisi d\u0259 g\u0259l\u0259c\u0259yin \u0259sg\u0259ridir. V\u0259t\u0259n\u0259 xidm\u0259t etm\u0259k \u00fc\u00e7\u00fcn aparanda he\u00e7 soru\u015fan olmayacaq ki, bu u\u015faqlar hans\u0131 \u015f\u0259raitd\u0259 b\u00f6y\u00fcy\u00fcb\u201d.\n<\/p>\n<p>\n  <i><br \/>\n    \u201cAil\u0259ml\u0259 birg\u0259 15 ildir d\u0259mir\u00e7i sexind\u0259 ya\u015fay\u0131ram\u201d<br \/>\n  <\/i>\n<\/p>\n<p>\n  Elsev\u0259r Seyfiyev deyir ki, 2010-cu ild\u0259 K\u00fcrd\u0259mir rayonunda ev tikintil\u0259ri ba\u015flay\u0131b. \u0130dar\u0259l\u0259rd\u0259, \u015f\u0259raitsiz v\u0259ziyy\u0259td\u0259 ya\u015fayan insanlar\u0131 siyah\u0131ya al\u0131b, onlar\u0131 evl\u0259 t\u0259min edirmi\u015fl\u0259r. Onlar da s\u0259n\u0259dl\u0259rini toplay\u0131b, m\u00fcraci\u0259t edibl\u0259r. Ancaq ail\u0259y\u0259 ev verm\u0259yibl\u0259r. \u201cSizin \u015f\u0259raitiniz normald\u0131r\u201d, &#8211; deyibl\u0259r:\n<\/p>\n<p>\n  \u201cHe\u00e7 bir \u0259lac\u0131 olmad\u0131. H\u0259l\u0259 d\u0259 buraday\u0131q. Kolxozdanqalma idar\u0259dir. D\u0259mir\u00e7i sexi kimi istifad\u0259 edilib. \u0130cra Hakimiyy\u0259tin\u0259, deputatlara, n\u0259 bilim \u0259limiz yet\u0259n ham\u0131ya yazm\u0131\u015f\u0131q. Sosial yard\u0131mla ba\u011fl\u0131 da m\u00fcraci\u0259t etmi\u015fik. N\u0259 bilim, g\u00f6zl\u0259yirik\u201d.\n<\/p>\n<figure class=\"wp-block-image size-large\">\n  <img decoding=\"async\" src=\"https:\/\/www.meydan.tv\/az\/metbex-jpg\/\" alt=\"metbex.jpg\" class=\"wp-image-127100\"\/><figcaption>\n    m\u0259tb\u0259x<br \/>\n  <\/figcaption><\/figure>\n<p>\n  <i><br \/>\n    \u201c\u015eikay\u0259ti varsa, q\u0259bula yaz\u0131ls\u0131n, g\u0259lsin\u201d<br \/>\n  <\/i>\n<\/p>\n<p>\n  K\u0259mal\u0259 Seyfiyeva deyir ki, yolda\u015f\u0131 ill\u0259rdir m\u0259\u015f\u011fullu\u011fa m\u00fcraci\u0259t edib, i\u015f axtar\u0131r. Ancaq n\u0259 bir i\u015f var, n\u0259 d\u0259 axtaran:\n<\/p>\n<p>\n  \u201c\u00c7a\u011f\u0131ran, axtaran yoxdur. Evl\u0259 ba\u011fl\u0131 da ora-bura da n\u0259 q\u0259d\u0259r yazd\u0131q, pozduq, h\u0259l\u0259lik, bir n\u0259tic\u0259si yoxdur, g\u00f6zl\u0259yirik. B\u0259lk\u0259 s\u0259simizi e\u015fid\u0259n olar\u201d.\n<\/p>\n<figure class=\"wp-block-image size-large\">\n  <img decoding=\"async\" src=\"https:\/\/www.meydan.tv\/az\/image_from_ios-1-jpg-41\/\" alt=\"image_from_ios (1).jpg\" class=\"wp-image-127106\"\/><figcaption>\n    yataq ota\u011f\u0131<br \/>\n  <\/figcaption><\/figure>\n<p>\n  Meydan TV m\u0259s\u0259l\u0259y\u0259 m\u00fcnasib\u0259t \u00f6yr\u0259nm\u0259k \u00fc\u00e7\u00fcn K\u00fcrd\u0259mir Rayon \u0130cra Hakimiyy\u0259ti il\u0259 \u0259laq\u0259 saxlay\u0131b. \u0130cra hakimiyy\u0259tind\u0259n deyibl\u0259r ki, i\u015fl\u0259 ba\u011fl\u0131 m\u0259s\u0259l\u0259l\u0259r\u0259 m\u0259\u015f\u011fulluq idar\u0259si bax\u0131r. \u00c7ox vaxt i\u015f olur, v\u0259t\u0259nda\u015flara t\u0259klif edilir, amma onlar b\u0259y\u0259nmirl\u0259r, g\u00f6zl\u0259m\u0259yi se\u00e7irl\u0259r. N\u0259tic\u0259d\u0259 uzan\u0131r, amma kims\u0259 i\u015fsiz qalm\u0131r:\n<\/p>\n<p>\n  \u201cEvl\u0259 ba\u011fl\u0131 m\u0259s\u0259l\u0259y\u0259 g\u0259linc\u0259, icra hakimiyy\u0259ti kims\u0259y\u0259 ev tikmir. V\u0259t\u0259nda\u015f\u0131n dediyi kimi zaman\u0131nda b\u0259lk\u0259 d\u0259 el\u0259 bir \u015fey edilib, ancaq m\u0259n bilmir\u0259m, onda burada i\u015fl\u0259mirdim. Ail\u0259nin maddi durumu h\u0259qiq\u0259t\u0259n a\u011f\u0131rd\u0131rsa, o zaman sosial yard\u0131m ayr\u0131lar. Y\u0259qin ki, tezlikl\u0259 cavab\u0131 \u00e7\u0131xar. \u018fg\u0259r \u0259lav\u0259 n\u0259 \u015fikay\u0259ti, t\u0259l\u0259bi varsa, buyursun, v\u0259t\u0259nda\u015flar\u0131n q\u0259bul g\u00fcn\u00fcn\u0259 yaz\u0131ls\u0131n, q\u0259bul edib, dinl\u0259y\u0259k. \u018flimizd\u0259n g\u0259l\u0259n k\u00f6m\u0259yi ed\u0259rik\u201d.\n<\/p>\n<figure class=\"wp-block-image size-large\">\n  <img decoding=\"async\" src=\"https:\/\/www.meydan.tv\/az\/image_from_ios-4-jpg-43\/\" alt=\"image_from_ios (4).jpg\" class=\"wp-image-127109\"\/><figcaption>\n    ev<br \/>\n  <\/figcaption><\/figure>\n","protected":false},"excerpt":{"rendered":"<p>Rayonda insanlarda da pul yoxdur ki, gedib kimins\u0259 qap\u0131s\u0131nda-bacas\u0131nda i\u015fl\u0259yib, bir-iki manat qazanasan.<\/p>\n","protected":false},"author":11,"featured_media":127094,"comment_status":"closed","ping_status":"open","sticky":false,"template":"","format":"standard","meta":{"_acf_changed":false,"_sitemap_exclude":false,"_sitemap_priority":"","_sitemap_frequency":"","footnotes":""},"categories":[60],"tags":[],"class_list":["post-196275","post","type-post","status-publish","format-standard","has-post-thumbnail","hentry","category-bolge","infinite-scroll-item","generate-columns","tablet-grid-50","mobile-grid-100","grid-parent","grid-33","no-featured-image-padding"],"acf":[],"yoast_head":"<!-- This site is optimized with the Yoast SEO plugin v27.4 - https:\/\/yoast.com\/product\/yoast-seo-wordpress\/ -->\n<title>D\u0259mir\u00e7i sexinin sakinl\u0259ri - MEYDAN.TV<\/title>\n<meta name=\"robots\" content=\"index, follow, max-snippet:-1, max-image-preview:large, max-video-preview:-1\" \/>\n<link rel=\"canonical\" href=\"https:\/\/www.meydan.tv\/az\/article\/demirci-sexinin-sakinleri\/\" \/>\n<meta property=\"og:locale\" content=\"az_AZ\" \/>\n<meta property=\"og:type\" content=\"article\" \/>\n<meta property=\"og:title\" content=\"D\u0259mir\u00e7i sexinin sakinl\u0259ri - MEYDAN.TV\" \/>\n<meta property=\"og:description\" content=\"Rayonda insanlarda da pul yoxdur ki, gedib kimins\u0259 qap\u0131s\u0131nda-bacas\u0131nda i\u015fl\u0259yib, bir-iki manat qazanasan.\" \/>\n<meta property=\"og:url\" content=\"https:\/\/www.meydan.tv\/az\/article\/demirci-sexinin-sakinleri\/\" \/>\n<meta property=\"og:site_name\" content=\"MEYDAN.TV\" \/>\n<meta property=\"article:published_time\" content=\"2019-07-19T11:41:01+00:00\" \/>\n<meta property=\"og:image\" content=\"https:\/\/www.meydan.tv\/wp-content\/uploads\/image_from_ios_2_sgr1ggl-scaled.jpg\" \/>\n\t<meta property=\"og:image:width\" content=\"2560\" \/>\n\t<meta property=\"og:image:height\" content=\"1920\" \/>\n\t<meta property=\"og:image:type\" content=\"image\/jpeg\" \/>\n<meta name=\"author\" content=\"user-manager\" \/>\n<meta name=\"twitter:card\" content=\"summary_large_image\" \/>\n<script type=\"application\/ld+json\" class=\"yoast-schema-graph\">{\"@context\":\"https:\\\/\\\/schema.org\",\"@graph\":[{\"@type\":\"Article\",\"@id\":\"https:\\\/\\\/www.meydan.tv\\\/az\\\/article\\\/demirci-sexinin-sakinleri\\\/#article\",\"isPartOf\":{\"@id\":\"https:\\\/\\\/www.meydan.tv\\\/az\\\/article\\\/demirci-sexinin-sakinleri\\\/\"},\"author\":{\"name\":\"user-manager\",\"@id\":\"https:\\\/\\\/www.meydan.tv\\\/az\\\/#\\\/schema\\\/person\\\/10d11eccf6da3662cf5fdab9806ea91a\"},\"headline\":\"D\u0259mir\u00e7i sexinin sakinl\u0259ri\",\"datePublished\":\"2019-07-19T11:41:01+00:00\",\"mainEntityOfPage\":{\"@id\":\"https:\\\/\\\/www.meydan.tv\\\/az\\\/article\\\/demirci-sexinin-sakinleri\\\/\"},\"wordCount\":912,\"publisher\":{\"@id\":\"https:\\\/\\\/www.meydan.tv\\\/az\\\/#organization\"},\"image\":{\"@id\":\"https:\\\/\\\/www.meydan.tv\\\/az\\\/article\\\/demirci-sexinin-sakinleri\\\/#primaryimage\"},\"thumbnailUrl\":\"https:\\\/\\\/www.meydan.tv\\\/wp-content\\\/uploads\\\/image_from_ios_2_sgr1ggl-scaled.jpg\",\"articleSection\":[\"B\u00f6lg\u0259\"],\"inLanguage\":\"az\"},{\"@type\":\"WebPage\",\"@id\":\"https:\\\/\\\/www.meydan.tv\\\/az\\\/article\\\/demirci-sexinin-sakinleri\\\/\",\"url\":\"https:\\\/\\\/www.meydan.tv\\\/az\\\/article\\\/demirci-sexinin-sakinleri\\\/\",\"name\":\"D\u0259mir\u00e7i sexinin sakinl\u0259ri - MEYDAN.TV\",\"isPartOf\":{\"@id\":\"https:\\\/\\\/www.meydan.tv\\\/az\\\/#website\"},\"primaryImageOfPage\":{\"@id\":\"https:\\\/\\\/www.meydan.tv\\\/az\\\/article\\\/demirci-sexinin-sakinleri\\\/#primaryimage\"},\"image\":{\"@id\":\"https:\\\/\\\/www.meydan.tv\\\/az\\\/article\\\/demirci-sexinin-sakinleri\\\/#primaryimage\"},\"thumbnailUrl\":\"https:\\\/\\\/www.meydan.tv\\\/wp-content\\\/uploads\\\/image_from_ios_2_sgr1ggl-scaled.jpg\",\"datePublished\":\"2019-07-19T11:41:01+00:00\",\"breadcrumb\":{\"@id\":\"https:\\\/\\\/www.meydan.tv\\\/az\\\/article\\\/demirci-sexinin-sakinleri\\\/#breadcrumb\"},\"inLanguage\":\"az\",\"potentialAction\":[{\"@type\":\"ReadAction\",\"target\":[\"https:\\\/\\\/www.meydan.tv\\\/az\\\/article\\\/demirci-sexinin-sakinleri\\\/\"]}]},{\"@type\":\"ImageObject\",\"inLanguage\":\"az\",\"@id\":\"https:\\\/\\\/www.meydan.tv\\\/az\\\/article\\\/demirci-sexinin-sakinleri\\\/#primaryimage\",\"url\":\"https:\\\/\\\/www.meydan.tv\\\/wp-content\\\/uploads\\\/image_from_ios_2_sgr1ggl-scaled.jpg\",\"contentUrl\":\"https:\\\/\\\/www.meydan.tv\\\/wp-content\\\/uploads\\\/image_from_ios_2_sgr1ggl-scaled.jpg\",\"width\":2560,\"height\":1920,\"caption\":\"Source: meydan tv\"},{\"@type\":\"BreadcrumbList\",\"@id\":\"https:\\\/\\\/www.meydan.tv\\\/az\\\/article\\\/demirci-sexinin-sakinleri\\\/#breadcrumb\",\"itemListElement\":[{\"@type\":\"ListItem\",\"position\":1,\"name\":\"Ana s\u0259hif\u0259\",\"item\":\"https:\\\/\\\/www.meydan.tv\\\/az\\\/\"},{\"@type\":\"ListItem\",\"position\":2,\"name\":\"B\u00f6lg\u0259\",\"item\":\"https:\\\/\\\/www.meydan.tv\\\/az\\\/section\\\/bolge\\\/\"},{\"@type\":\"ListItem\",\"position\":3,\"name\":\"D\u0259mir\u00e7i sexinin sakinl\u0259ri\"}]},{\"@type\":\"WebSite\",\"@id\":\"https:\\\/\\\/www.meydan.tv\\\/az\\\/#website\",\"url\":\"https:\\\/\\\/www.meydan.tv\\\/az\\\/\",\"name\":\"MEYDAN.TV\",\"description\":\"Meydan TV Az\u0259rbaycan\u0131n media m\u0259kan\u0131ndak\u0131 alternativ s\u0259sidir\",\"publisher\":{\"@id\":\"https:\\\/\\\/www.meydan.tv\\\/az\\\/#organization\"},\"potentialAction\":[{\"@type\":\"SearchAction\",\"target\":{\"@type\":\"EntryPoint\",\"urlTemplate\":\"https:\\\/\\\/www.meydan.tv\\\/az\\\/?s={search_term_string}\"},\"query-input\":{\"@type\":\"PropertyValueSpecification\",\"valueRequired\":true,\"valueName\":\"search_term_string\"}}],\"inLanguage\":\"az\"},{\"@type\":\"Organization\",\"@id\":\"https:\\\/\\\/www.meydan.tv\\\/az\\\/#organization\",\"name\":\"Meydan TV\",\"url\":\"https:\\\/\\\/www.meydan.tv\\\/az\\\/\",\"logo\":{\"@type\":\"ImageObject\",\"inLanguage\":\"az\",\"@id\":\"https:\\\/\\\/www.meydan.tv\\\/az\\\/#\\\/schema\\\/logo\\\/image\\\/\",\"url\":\"https:\\\/\\\/www.meydan.tv\\\/wp-content\\\/uploads\\\/2021\\\/07\\\/meydan-logo.svg\",\"contentUrl\":\"https:\\\/\\\/www.meydan.tv\\\/wp-content\\\/uploads\\\/2021\\\/07\\\/meydan-logo.svg\",\"width\":195,\"height\":46,\"caption\":\"Meydan TV\"},\"image\":{\"@id\":\"https:\\\/\\\/www.meydan.tv\\\/az\\\/#\\\/schema\\\/logo\\\/image\\\/\"}},{\"@type\":\"Person\",\"@id\":\"https:\\\/\\\/www.meydan.tv\\\/az\\\/#\\\/schema\\\/person\\\/10d11eccf6da3662cf5fdab9806ea91a\",\"name\":\"user-manager\"}]}<\/script>\n<!-- \/ Yoast SEO plugin. -->","yoast_head_json":{"title":"D\u0259mir\u00e7i sexinin sakinl\u0259ri - MEYDAN.TV","robots":{"index":"index","follow":"follow","max-snippet":"max-snippet:-1","max-image-preview":"max-image-preview:large","max-video-preview":"max-video-preview:-1"},"canonical":"https:\/\/www.meydan.tv\/az\/article\/demirci-sexinin-sakinleri\/","og_locale":"az_AZ","og_type":"article","og_title":"D\u0259mir\u00e7i sexinin sakinl\u0259ri - MEYDAN.TV","og_description":"Rayonda insanlarda da pul yoxdur ki, gedib kimins\u0259 qap\u0131s\u0131nda-bacas\u0131nda i\u015fl\u0259yib, bir-iki manat qazanasan.","og_url":"https:\/\/www.meydan.tv\/az\/article\/demirci-sexinin-sakinleri\/","og_site_name":"MEYDAN.TV","article_published_time":"2019-07-19T11:41:01+00:00","og_image":[{"width":2560,"height":1920,"url":"https:\/\/www.meydan.tv\/wp-content\/uploads\/image_from_ios_2_sgr1ggl-scaled.jpg","type":"image\/jpeg"}],"author":"user-manager","twitter_card":"summary_large_image","schema":{"@context":"https:\/\/schema.org","@graph":[{"@type":"Article","@id":"https:\/\/www.meydan.tv\/az\/article\/demirci-sexinin-sakinleri\/#article","isPartOf":{"@id":"https:\/\/www.meydan.tv\/az\/article\/demirci-sexinin-sakinleri\/"},"author":{"name":"user-manager","@id":"https:\/\/www.meydan.tv\/az\/#\/schema\/person\/10d11eccf6da3662cf5fdab9806ea91a"},"headline":"D\u0259mir\u00e7i sexinin sakinl\u0259ri","datePublished":"2019-07-19T11:41:01+00:00","mainEntityOfPage":{"@id":"https:\/\/www.meydan.tv\/az\/article\/demirci-sexinin-sakinleri\/"},"wordCount":912,"publisher":{"@id":"https:\/\/www.meydan.tv\/az\/#organization"},"image":{"@id":"https:\/\/www.meydan.tv\/az\/article\/demirci-sexinin-sakinleri\/#primaryimage"},"thumbnailUrl":"https:\/\/www.meydan.tv\/wp-content\/uploads\/image_from_ios_2_sgr1ggl-scaled.jpg","articleSection":["B\u00f6lg\u0259"],"inLanguage":"az"},{"@type":"WebPage","@id":"https:\/\/www.meydan.tv\/az\/article\/demirci-sexinin-sakinleri\/","url":"https:\/\/www.meydan.tv\/az\/article\/demirci-sexinin-sakinleri\/","name":"D\u0259mir\u00e7i sexinin sakinl\u0259ri - MEYDAN.TV","isPartOf":{"@id":"https:\/\/www.meydan.tv\/az\/#website"},"primaryImageOfPage":{"@id":"https:\/\/www.meydan.tv\/az\/article\/demirci-sexinin-sakinleri\/#primaryimage"},"image":{"@id":"https:\/\/www.meydan.tv\/az\/article\/demirci-sexinin-sakinleri\/#primaryimage"},"thumbnailUrl":"https:\/\/www.meydan.tv\/wp-content\/uploads\/image_from_ios_2_sgr1ggl-scaled.jpg","datePublished":"2019-07-19T11:41:01+00:00","breadcrumb":{"@id":"https:\/\/www.meydan.tv\/az\/article\/demirci-sexinin-sakinleri\/#breadcrumb"},"inLanguage":"az","potentialAction":[{"@type":"ReadAction","target":["https:\/\/www.meydan.tv\/az\/article\/demirci-sexinin-sakinleri\/"]}]},{"@type":"ImageObject","inLanguage":"az","@id":"https:\/\/www.meydan.tv\/az\/article\/demirci-sexinin-sakinleri\/#primaryimage","url":"https:\/\/www.meydan.tv\/wp-content\/uploads\/image_from_ios_2_sgr1ggl-scaled.jpg","contentUrl":"https:\/\/www.meydan.tv\/wp-content\/uploads\/image_from_ios_2_sgr1ggl-scaled.jpg","width":2560,"height":1920,"caption":"Source: meydan tv"},{"@type":"BreadcrumbList","@id":"https:\/\/www.meydan.tv\/az\/article\/demirci-sexinin-sakinleri\/#breadcrumb","itemListElement":[{"@type":"ListItem","position":1,"name":"Ana s\u0259hif\u0259","item":"https:\/\/www.meydan.tv\/az\/"},{"@type":"ListItem","position":2,"name":"B\u00f6lg\u0259","item":"https:\/\/www.meydan.tv\/az\/section\/bolge\/"},{"@type":"ListItem","position":3,"name":"D\u0259mir\u00e7i sexinin sakinl\u0259ri"}]},{"@type":"WebSite","@id":"https:\/\/www.meydan.tv\/az\/#website","url":"https:\/\/www.meydan.tv\/az\/","name":"MEYDAN.TV","description":"Meydan TV Az\u0259rbaycan\u0131n media m\u0259kan\u0131ndak\u0131 alternativ s\u0259sidir","publisher":{"@id":"https:\/\/www.meydan.tv\/az\/#organization"},"potentialAction":[{"@type":"SearchAction","target":{"@type":"EntryPoint","urlTemplate":"https:\/\/www.meydan.tv\/az\/?s={search_term_string}"},"query-input":{"@type":"PropertyValueSpecification","valueRequired":true,"valueName":"search_term_string"}}],"inLanguage":"az"},{"@type":"Organization","@id":"https:\/\/www.meydan.tv\/az\/#organization","name":"Meydan TV","url":"https:\/\/www.meydan.tv\/az\/","logo":{"@type":"ImageObject","inLanguage":"az","@id":"https:\/\/www.meydan.tv\/az\/#\/schema\/logo\/image\/","url":"https:\/\/www.meydan.tv\/wp-content\/uploads\/2021\/07\/meydan-logo.svg","contentUrl":"https:\/\/www.meydan.tv\/wp-content\/uploads\/2021\/07\/meydan-logo.svg","width":195,"height":46,"caption":"Meydan TV"},"image":{"@id":"https:\/\/www.meydan.tv\/az\/#\/schema\/logo\/image\/"}},{"@type":"Person","@id":"https:\/\/www.meydan.tv\/az\/#\/schema\/person\/10d11eccf6da3662cf5fdab9806ea91a","name":"user-manager"}]}},"_links":{"self":[{"href":"https:\/\/www.meydan.tv\/az\/wp-json\/wp\/v2\/posts\/196275","targetHints":{"allow":["GET"]}}],"collection":[{"href":"https:\/\/www.meydan.tv\/az\/wp-json\/wp\/v2\/posts"}],"about":[{"href":"https:\/\/www.meydan.tv\/az\/wp-json\/wp\/v2\/types\/post"}],"author":[{"embeddable":true,"href":"https:\/\/www.meydan.tv\/az\/wp-json\/wp\/v2\/users\/11"}],"replies":[{"embeddable":true,"href":"https:\/\/www.meydan.tv\/az\/wp-json\/wp\/v2\/comments?post=196275"}],"version-history":[{"count":0,"href":"https:\/\/www.meydan.tv\/az\/wp-json\/wp\/v2\/posts\/196275\/revisions"}],"wp:featuredmedia":[{"embeddable":true,"href":"https:\/\/www.meydan.tv\/az\/wp-json\/wp\/v2\/media\/127094"}],"wp:attachment":[{"href":"https:\/\/www.meydan.tv\/az\/wp-json\/wp\/v2\/media?parent=196275"}],"wp:term":[{"taxonomy":"category","embeddable":true,"href":"https:\/\/www.meydan.tv\/az\/wp-json\/wp\/v2\/categories?post=196275"},{"taxonomy":"post_tag","embeddable":true,"href":"https:\/\/www.meydan.tv\/az\/wp-json\/wp\/v2\/tags?post=196275"}],"curies":[{"name":"wp","href":"https:\/\/api.w.org\/{rel}","templated":true}]}}