{"id":196273,"date":"2019-07-19T13:43:03","date_gmt":"2019-07-19T13:43:03","guid":{"rendered":"https:\/\/www.meydan.tv\/article\/daxmada-tenha-yasayan-teqaudcu-hetta-tualete-de-qonsuya-gedirem\/"},"modified":"2019-07-19T13:43:03","modified_gmt":"2019-07-19T13:43:03","slug":"daxmada-tenha-yasayan-teqaudcu-hetta-tualete-de-qonsuya-gedirem","status":"publish","type":"post","link":"https:\/\/www.meydan.tv\/az\/article\/daxmada-tenha-yasayan-teqaudcu-hetta-tualete-de-qonsuya-gedirem\/","title":{"rendered":"Daxmada t\u0259nha ya\u015fayan t\u0259qa\u00fcd\u00e7\u00fc: H\u0259tta tualet\u0259 d\u0259 qon\u015fuya gedir\u0259m&#8230;"},"content":{"rendered":"<p>\n  <i><br \/>\n    &#x27;&#x27;Bir g\u00fcn g\u0259lib g\u00f6rd\u00fcm ki, bir ne\u00e7\u0259 ilan evin ortas\u0131ndad\u0131r&#x27;&#x27;<br \/>\n  <\/i>\n<\/p>\n<p>\n  K\u00fcrd\u0259mirin rayon m\u0259rk\u0259zin\u0259 \u00e7ox da uzaq olmad\u0131\u011f\u0131 deyil\u0259n Ataki\u015fili k\u0259ndin\u0259 xeyli piyada getm\u0259k laz\u0131m g\u0259lir. Zenfira S\u00fcleymanova orada ya\u015fay\u0131r. T\u0259nha qad\u0131n\u0131n daxmas\u0131n\u0131n adic\u0259 qap\u0131s\u0131 da yoxdur.\n<\/p>\n<p>\n  <i><br \/>\n    \u201cH\u0259yat yolda\u015f\u0131m r\u0259hm\u0259t\u0259 ged\u0259nd\u0259n sonra lap pis g\u00fcn\u0259 qald\u0131m\u201d<br \/>\n  <\/i>\n<\/p>\n<p>\n  Zenfira S\u00fcleymanovan\u0131n daxmas\u0131 evl\u0259rin aras\u0131nda tamam itib-bat\u0131b. H\u0259r\u00e7\u0259nd, qon\u015fu evl\u0259r d\u0259 nimda\u015f g\u00f6r\u00fcn\u00fcr. Hiss olunur ki, k\u0259nd camaat\u0131 \u00e7ox da yax\u015f\u0131 ya\u015fam\u0131r. El\u0259 \u00f6zl\u0259ri d\u0259 deyir ki, k\u0259ndd\u0259 i\u015fsizlik b\u00f6y\u00fckd\u00fcr. Amma Zenfira q\u0259d\u0259r v\u0259ziyy\u0259ti a\u011f\u0131r olan yoxdur.\n<\/p>\n<p>\n  Daxman\u0131n ya\u015f\u0131 \u00e7oxdur. Qad\u0131n dan\u0131\u015f\u0131r ki, bura qay\u0131natas\u0131ndan qal\u0131b. Qay\u0131nata v\u0259fat ed\u0259nd\u0259n sonra h\u0259yat yolda\u015f\u0131 il\u0259 bir m\u00fcdd\u0259t onun evind\u0259 ya\u015fay\u0131b. Ev \u00e7ox pis v\u0259ziyy\u0259td\u0259 imi\u015f, tezlikl\u0259 u\u00e7ub. A\u011f\u0131r \u015f\u0259rtl\u0259r alt\u0131nda ya\u015fad\u0131qlar\u0131ndan, b\u0259rpa ed\u0259 bilm\u0259yibl\u0259r. Bu daxmaya k\u00f6\u00e7\u00fcbl\u0259r. Birotaql\u0131, qaranl\u0131q, d\u00f6\u015f\u0259m\u0259si torpaq, dam\u0131 qam\u0131\u015f olan yeri ev d\u0259 adland\u0131rmaq olmur.\n<\/p>\n<p>\n  Zenfira S\u00fcleymanova dan\u0131\u015fanda k\u00f6vr\u0259lir: \u201cH\u0259yat yolda\u015f\u0131m be\u015f ildi r\u0259hm\u0259t\u0259 gedib. Onunla ya\u015fayanda da v\u0259ziyy\u0259timiz a\u011f\u0131r idi. Yem\u0259kxanada i\u015fl\u0259yirdi, g\u00fcn\u0259 3-5 manat qazan\u0131rd\u0131. O, r\u0259hm\u0259t\u0259 ged\u0259nd\u0259n sonra lap pis g\u00fcn\u0259 qald\u0131m. \u00d6vlad\u0131m\u0131z olmay\u0131b. Tamamil\u0259 t\u0259k\u0259m, k\u00f6m\u0259yim yoxdu\u201d.\n<\/p>\n<figure class=\"wp-block-image size-large\">\n  <img decoding=\"async\" src=\"https:\/\/www.meydan.tv\/az\/image_from_ios-2-jpg-48\/\" alt=\"image_from_ios (2).jpg\" class=\"wp-image-127121\"\/><figcaption>\n    Zenfira S\u00fcleymanovan\u0131n evi<br \/>\n  <\/figcaption><\/figure>\n<p>\n  <i><br \/>\n    \u201cGec\u0259 qorxa-qorxa yat\u0131ram, it, \u00e7aqqal g\u0259lir\u201d<br \/>\n  <\/i>\n<\/p>\n<p>\n  Zenfira S\u00fcleymanova deyir ki, daxman\u0131n oldu\u011fu \u0259razi ba\u015fqa adam\u0131nd\u0131r. Buradan getm\u0259si \u00fc\u00e7\u00fcn qad\u0131na d\u0259f\u0259l\u0259rl\u0259 x\u0259b\u0259rdarl\u0131q edib: \u201cDeyir ki, iki o\u011flum var, b\u00f6y\u00fcy\u00fcbl\u0259r, evl\u0259ndirm\u0259liy\u0259m. \u00c7\u0131xma\u011f\u0131m\u0131 ist\u0259yir. Bu dam\u0131n yerind\u0259 ev tik\u0259c\u0259yini deyir\u201d.\n<\/p>\n<p>\n  Daxmada ya\u015fay\u0131\u015f \u00fc\u00e7\u00fcn he\u00e7 bir \u015f\u0259rait yoxdur. \u0130\u00e7m\u0259li su x\u0259tti \u00e7\u0259kilm\u0259yib, qad\u0131n h\u0259r d\u0259f\u0259 laz\u0131m olanda qon\u015fulara a\u011f\u0131z a\u00e7\u0131r. Diqq\u0259td\u0259n qa\u00e7a bil\u0259c\u0259k \u0259sas m\u0259qamlardan birini Zenfira xat\u0131rlad\u0131r: \u201cHamam yoxdu. H\u0259tta tualet\u0259 qon\u015fulara gedir\u0259m\u201d.\n<\/p>\n<p>\n  Zenfira S\u00fcleymanova i\u015fl\u0259mir. Onsuz da k\u0259nd camaat\u0131n\u0131n i\u015f tapmaq \u015fans\u0131, dem\u0259k olar, yoxdur. Qad\u0131n 160 manat pensiyan\u0131n \u00fcmidin\u0259 qal\u0131b. Bunun da bir hiss\u0259sini kommunal borclara x\u0259rcl\u0259yir.\n<\/p>\n<p>\n  \u201cO pulla dolanmaq m\u00fcmk\u00fcn deyil. \u00c7atm\u0131r. He\u00e7 i\u015f\u0131q, qaz pulunu \u00f6d\u0259y\u0259 bilmir\u0259m. G\u00fcc\u00fcm \u00e7atanda verir\u0259m, n\u0259 q\u0259d\u0259r borclu qal\u0131ram. O qap\u0131da-bu qap\u0131da yem\u0259k yeyir\u0259m. Gec\u0259 g\u0259lib qap\u0131n\u0131 ba\u011flay\u0131b yat\u0131ram. Yatanda da qorxa-qorxa. Qarda\u015f\u0131m qon\u015fu k\u0259ndd\u0259 ya\u015fay\u0131r, iki u\u015fa\u011f\u0131 var. Deyir, u\u015faqlardan birini apar yan\u0131na. Nec\u0259 apar\u0131m? Q\u0131z u\u015fa\u011f\u0131d\u0131, qorxar. Ne\u00e7\u0259 d\u0259f\u0259 h\u0259y\u0259t\u0259 sahibsiz it, \u00e7aqqal g\u0259lib, \u00f6z\u00fcm qorxmu\u015fam. Bir g\u00fcn g\u0259lib g\u00f6rd\u00fcm ki, bir ne\u00e7\u0259 ilan evin ortas\u0131ndad\u0131r\u201d.\n<\/p>\n<figure class=\"wp-block-image size-large\">\n  <img decoding=\"async\" src=\"https:\/\/www.meydan.tv\/az\/image_from_ios-5-jpg-25\/\" alt=\"image_from_ios (5).jpg\" class=\"wp-image-127124\"\/><figcaption>\n    m\u0259tb\u0259x<br \/>\n  <\/figcaption><\/figure>\n<p>\n  <i><br \/>\n    \u201cBac\u0131ma g\u00f6r\u0259 \u00fcr\u0259yim a\u011fr\u0131y\u0131r\u201d<br \/>\n  <\/i>\n<\/p>\n<p>\n  Zenfiran\u0131n qarda\u015f\u0131 \u0130xtiyar ail\u0259si il\u0259 X\u0131rdapay k\u0259ndind\u0259 ata evind\u0259 ya\u015fay\u0131r. G\u00f6r\u00fc\u015f\u00fcb s\u00f6hb\u0259tl\u0259\u015firik. Deyir ki, ac\u0131nacaql\u0131 v\u0259ziyy\u0259td\u0259 ya\u015fay\u0131rlar. \u0130\u015f tapma\u011fa \u00e7ox \u00e7al\u0131\u015fsa da, he\u00e7 n\u0259 al\u0131nmay\u0131b. Sosial yard\u0131m almaq c\u0259hdl\u0259ri d\u0259 bo\u015fa \u00e7\u0131x\u0131b. Anal\u0131\u011f\u0131n\u0131n t\u0259qa\u00fcd\u00fc say\u0259sind\u0259 ac\u0131ndan \u00f6lm\u00fcrl\u0259r.\n<\/p>\n<p>\n  H\u0259y\u0259tin \u0259razisi ki\u00e7ikdir. Zenfiran\u0131n ist\u0259yi burada bir otaq tikm\u0259kdir. Deyir, h\u00f6kum\u0259t in\u015faat materiallar\u0131 vers\u0259, tik\u0259 bil\u0259r: \u201cQon\u015fular h\u0259r c\u00fcr k\u00f6m\u0259k el\u0259m\u0259y\u0259 haz\u0131rd\u0131r. G\u0259lib t\u0259m\u0259nnas\u0131z i\u015fl\u0259y\u0259rl\u0259r\u201d.\n<\/p>\n<p>\n  \u0130xtiyar probleml\u0259ri haqda dan\u0131\u015fmaq ist\u0259mir. He\u00e7 \u015f\u0259klini \u00e7\u0259km\u0259yimiz\u0259 d\u0259 imkan vermir. Deyir, \u0259sas bac\u0131s\u0131d\u0131r, onun problemi h\u0259ll olunsun: \u201cOnun v\u0259ziyy\u0259tin\u0259 baxa bilmir\u0259m. \u00dcr\u0259yim a\u011fr\u0131y\u0131r\u201d.\n<\/p>\n<p>\n  K\u00fcrd\u0259mir Rayon \u0130cra Hakimiyy\u0259tind\u0259n Meydan TV-y\u0259 m\u0259s\u0259l\u0259ni diqq\u0259td\u0259 saxlayacaqlar\u0131n\u0131 bildiribl\u0259r.\n<\/p>\n<figure class=\"wp-block-image size-large\">\n  <img decoding=\"async\" src=\"https:\/\/www.meydan.tv\/az\/image_from_ios-6-jpg-21\/\" alt=\"image_from_ios (6).jpg\" class=\"wp-image-127127\"\/><figcaption>\n    Z.S\u00fcleymanovan\u0131n evi<br \/>\n  <\/figcaption><\/figure>\n","protected":false},"excerpt":{"rendered":"<p>\u0130\u00e7m\u0259li su x\u0259tti \u00e7\u0259kilm\u0259yib, qad\u0131n h\u0259r d\u0259f\u0259 laz\u0131m olanda qon\u015fulara a\u011f\u0131z a\u00e7\u0131r<\/p>\n","protected":false},"author":11,"featured_media":127118,"comment_status":"closed","ping_status":"open","sticky":false,"template":"","format":"standard","meta":{"_acf_changed":false,"_sitemap_exclude":false,"_sitemap_priority":"","_sitemap_frequency":"","footnotes":""},"categories":[60],"tags":[],"class_list":["post-196273","post","type-post","status-publish","format-standard","has-post-thumbnail","hentry","category-bolge","infinite-scroll-item","generate-columns","tablet-grid-50","mobile-grid-100","grid-parent","grid-33","no-featured-image-padding"],"acf":[],"yoast_head":"<!-- This site is optimized with the Yoast SEO plugin v27.5 - https:\/\/yoast.com\/product\/yoast-seo-wordpress\/ -->\n<title>Daxmada t\u0259nha ya\u015fayan t\u0259qa\u00fcd\u00e7\u00fc: H\u0259tta tualet\u0259 d\u0259 qon\u015fuya gedir\u0259m... - MEYDAN.TV<\/title>\n<meta name=\"robots\" content=\"index, follow, max-snippet:-1, max-image-preview:large, max-video-preview:-1\" \/>\n<link rel=\"canonical\" href=\"https:\/\/www.meydan.tv\/az\/article\/daxmada-tenha-yasayan-teqaudcu-hetta-tualete-de-qonsuya-gedirem\/\" \/>\n<meta property=\"og:locale\" content=\"az_AZ\" \/>\n<meta property=\"og:type\" content=\"article\" \/>\n<meta property=\"og:title\" content=\"Daxmada t\u0259nha ya\u015fayan t\u0259qa\u00fcd\u00e7\u00fc: H\u0259tta tualet\u0259 d\u0259 qon\u015fuya gedir\u0259m... - MEYDAN.TV\" \/>\n<meta property=\"og:description\" content=\"\u0130\u00e7m\u0259li su x\u0259tti \u00e7\u0259kilm\u0259yib, qad\u0131n h\u0259r d\u0259f\u0259 laz\u0131m olanda qon\u015fulara a\u011f\u0131z a\u00e7\u0131r\" \/>\n<meta property=\"og:url\" content=\"https:\/\/www.meydan.tv\/az\/article\/daxmada-tenha-yasayan-teqaudcu-hetta-tualete-de-qonsuya-gedirem\/\" \/>\n<meta property=\"og:site_name\" content=\"MEYDAN.TV\" \/>\n<meta property=\"article:published_time\" content=\"2019-07-19T13:43:03+00:00\" \/>\n<meta property=\"og:image\" content=\"https:\/\/www.meydan.tv\/wp-content\/uploads\/image_from_ios_1_pstszwm.jpg\" \/>\n\t<meta property=\"og:image:width\" content=\"1006\" \/>\n\t<meta property=\"og:image:height\" content=\"750\" \/>\n\t<meta property=\"og:image:type\" content=\"image\/jpeg\" \/>\n<meta name=\"author\" content=\"user-manager\" \/>\n<meta name=\"twitter:card\" content=\"summary_large_image\" \/>\n<script type=\"application\/ld+json\" class=\"yoast-schema-graph\">{\"@context\":\"https:\\\/\\\/schema.org\",\"@graph\":[{\"@type\":\"Article\",\"@id\":\"https:\\\/\\\/www.meydan.tv\\\/az\\\/article\\\/daxmada-tenha-yasayan-teqaudcu-hetta-tualete-de-qonsuya-gedirem\\\/#article\",\"isPartOf\":{\"@id\":\"https:\\\/\\\/www.meydan.tv\\\/az\\\/article\\\/daxmada-tenha-yasayan-teqaudcu-hetta-tualete-de-qonsuya-gedirem\\\/\"},\"author\":{\"name\":\"user-manager\",\"@id\":\"https:\\\/\\\/www.meydan.tv\\\/az\\\/#\\\/schema\\\/person\\\/10d11eccf6da3662cf5fdab9806ea91a\"},\"headline\":\"Daxmada t\u0259nha ya\u015fayan t\u0259qa\u00fcd\u00e7\u00fc: H\u0259tta tualet\u0259 d\u0259 qon\u015fuya gedir\u0259m&#8230;\",\"datePublished\":\"2019-07-19T13:43:03+00:00\",\"mainEntityOfPage\":{\"@id\":\"https:\\\/\\\/www.meydan.tv\\\/az\\\/article\\\/daxmada-tenha-yasayan-teqaudcu-hetta-tualete-de-qonsuya-gedirem\\\/\"},\"wordCount\":785,\"publisher\":{\"@id\":\"https:\\\/\\\/www.meydan.tv\\\/az\\\/#organization\"},\"image\":{\"@id\":\"https:\\\/\\\/www.meydan.tv\\\/az\\\/article\\\/daxmada-tenha-yasayan-teqaudcu-hetta-tualete-de-qonsuya-gedirem\\\/#primaryimage\"},\"thumbnailUrl\":\"https:\\\/\\\/www.meydan.tv\\\/wp-content\\\/uploads\\\/image_from_ios_1_pstszwm.jpg\",\"articleSection\":[\"B\u00f6lg\u0259\"],\"inLanguage\":\"az\"},{\"@type\":\"WebPage\",\"@id\":\"https:\\\/\\\/www.meydan.tv\\\/az\\\/article\\\/daxmada-tenha-yasayan-teqaudcu-hetta-tualete-de-qonsuya-gedirem\\\/\",\"url\":\"https:\\\/\\\/www.meydan.tv\\\/az\\\/article\\\/daxmada-tenha-yasayan-teqaudcu-hetta-tualete-de-qonsuya-gedirem\\\/\",\"name\":\"Daxmada t\u0259nha ya\u015fayan t\u0259qa\u00fcd\u00e7\u00fc: H\u0259tta tualet\u0259 d\u0259 qon\u015fuya gedir\u0259m... - MEYDAN.TV\",\"isPartOf\":{\"@id\":\"https:\\\/\\\/www.meydan.tv\\\/az\\\/#website\"},\"primaryImageOfPage\":{\"@id\":\"https:\\\/\\\/www.meydan.tv\\\/az\\\/article\\\/daxmada-tenha-yasayan-teqaudcu-hetta-tualete-de-qonsuya-gedirem\\\/#primaryimage\"},\"image\":{\"@id\":\"https:\\\/\\\/www.meydan.tv\\\/az\\\/article\\\/daxmada-tenha-yasayan-teqaudcu-hetta-tualete-de-qonsuya-gedirem\\\/#primaryimage\"},\"thumbnailUrl\":\"https:\\\/\\\/www.meydan.tv\\\/wp-content\\\/uploads\\\/image_from_ios_1_pstszwm.jpg\",\"datePublished\":\"2019-07-19T13:43:03+00:00\",\"breadcrumb\":{\"@id\":\"https:\\\/\\\/www.meydan.tv\\\/az\\\/article\\\/daxmada-tenha-yasayan-teqaudcu-hetta-tualete-de-qonsuya-gedirem\\\/#breadcrumb\"},\"inLanguage\":\"az\",\"potentialAction\":[{\"@type\":\"ReadAction\",\"target\":[\"https:\\\/\\\/www.meydan.tv\\\/az\\\/article\\\/daxmada-tenha-yasayan-teqaudcu-hetta-tualete-de-qonsuya-gedirem\\\/\"]}]},{\"@type\":\"ImageObject\",\"inLanguage\":\"az\",\"@id\":\"https:\\\/\\\/www.meydan.tv\\\/az\\\/article\\\/daxmada-tenha-yasayan-teqaudcu-hetta-tualete-de-qonsuya-gedirem\\\/#primaryimage\",\"url\":\"https:\\\/\\\/www.meydan.tv\\\/wp-content\\\/uploads\\\/image_from_ios_1_pstszwm.jpg\",\"contentUrl\":\"https:\\\/\\\/www.meydan.tv\\\/wp-content\\\/uploads\\\/image_from_ios_1_pstszwm.jpg\",\"width\":1006,\"height\":750,\"caption\":\"Source: meydan tv\"},{\"@type\":\"BreadcrumbList\",\"@id\":\"https:\\\/\\\/www.meydan.tv\\\/az\\\/article\\\/daxmada-tenha-yasayan-teqaudcu-hetta-tualete-de-qonsuya-gedirem\\\/#breadcrumb\",\"itemListElement\":[{\"@type\":\"ListItem\",\"position\":1,\"name\":\"Ana s\u0259hif\u0259\",\"item\":\"https:\\\/\\\/www.meydan.tv\\\/az\\\/\"},{\"@type\":\"ListItem\",\"position\":2,\"name\":\"B\u00f6lg\u0259\",\"item\":\"https:\\\/\\\/www.meydan.tv\\\/az\\\/section\\\/bolge\\\/\"},{\"@type\":\"ListItem\",\"position\":3,\"name\":\"Daxmada t\u0259nha ya\u015fayan t\u0259qa\u00fcd\u00e7\u00fc: H\u0259tta tualet\u0259 d\u0259 qon\u015fuya gedir\u0259m&#8230;\"}]},{\"@type\":\"WebSite\",\"@id\":\"https:\\\/\\\/www.meydan.tv\\\/az\\\/#website\",\"url\":\"https:\\\/\\\/www.meydan.tv\\\/az\\\/\",\"name\":\"MEYDAN.TV\",\"description\":\"Meydan TV Az\u0259rbaycan\u0131n media m\u0259kan\u0131ndak\u0131 alternativ s\u0259sidir\",\"publisher\":{\"@id\":\"https:\\\/\\\/www.meydan.tv\\\/az\\\/#organization\"},\"potentialAction\":[{\"@type\":\"SearchAction\",\"target\":{\"@type\":\"EntryPoint\",\"urlTemplate\":\"https:\\\/\\\/www.meydan.tv\\\/az\\\/?s={search_term_string}\"},\"query-input\":{\"@type\":\"PropertyValueSpecification\",\"valueRequired\":true,\"valueName\":\"search_term_string\"}}],\"inLanguage\":\"az\"},{\"@type\":\"Organization\",\"@id\":\"https:\\\/\\\/www.meydan.tv\\\/az\\\/#organization\",\"name\":\"Meydan TV\",\"url\":\"https:\\\/\\\/www.meydan.tv\\\/az\\\/\",\"logo\":{\"@type\":\"ImageObject\",\"inLanguage\":\"az\",\"@id\":\"https:\\\/\\\/www.meydan.tv\\\/az\\\/#\\\/schema\\\/logo\\\/image\\\/\",\"url\":\"https:\\\/\\\/www.meydan.tv\\\/wp-content\\\/uploads\\\/2021\\\/07\\\/meydan-logo.svg\",\"contentUrl\":\"https:\\\/\\\/www.meydan.tv\\\/wp-content\\\/uploads\\\/2021\\\/07\\\/meydan-logo.svg\",\"width\":195,\"height\":46,\"caption\":\"Meydan TV\"},\"image\":{\"@id\":\"https:\\\/\\\/www.meydan.tv\\\/az\\\/#\\\/schema\\\/logo\\\/image\\\/\"}},{\"@type\":\"Person\",\"@id\":\"https:\\\/\\\/www.meydan.tv\\\/az\\\/#\\\/schema\\\/person\\\/10d11eccf6da3662cf5fdab9806ea91a\",\"name\":\"user-manager\"}]}<\/script>\n<!-- \/ Yoast SEO plugin. -->","yoast_head_json":{"title":"Daxmada t\u0259nha ya\u015fayan t\u0259qa\u00fcd\u00e7\u00fc: H\u0259tta tualet\u0259 d\u0259 qon\u015fuya gedir\u0259m... - MEYDAN.TV","robots":{"index":"index","follow":"follow","max-snippet":"max-snippet:-1","max-image-preview":"max-image-preview:large","max-video-preview":"max-video-preview:-1"},"canonical":"https:\/\/www.meydan.tv\/az\/article\/daxmada-tenha-yasayan-teqaudcu-hetta-tualete-de-qonsuya-gedirem\/","og_locale":"az_AZ","og_type":"article","og_title":"Daxmada t\u0259nha ya\u015fayan t\u0259qa\u00fcd\u00e7\u00fc: H\u0259tta tualet\u0259 d\u0259 qon\u015fuya gedir\u0259m... - MEYDAN.TV","og_description":"\u0130\u00e7m\u0259li su x\u0259tti \u00e7\u0259kilm\u0259yib, qad\u0131n h\u0259r d\u0259f\u0259 laz\u0131m olanda qon\u015fulara a\u011f\u0131z a\u00e7\u0131r","og_url":"https:\/\/www.meydan.tv\/az\/article\/daxmada-tenha-yasayan-teqaudcu-hetta-tualete-de-qonsuya-gedirem\/","og_site_name":"MEYDAN.TV","article_published_time":"2019-07-19T13:43:03+00:00","og_image":[{"width":1006,"height":750,"url":"https:\/\/www.meydan.tv\/wp-content\/uploads\/image_from_ios_1_pstszwm.jpg","type":"image\/jpeg"}],"author":"user-manager","twitter_card":"summary_large_image","schema":{"@context":"https:\/\/schema.org","@graph":[{"@type":"Article","@id":"https:\/\/www.meydan.tv\/az\/article\/daxmada-tenha-yasayan-teqaudcu-hetta-tualete-de-qonsuya-gedirem\/#article","isPartOf":{"@id":"https:\/\/www.meydan.tv\/az\/article\/daxmada-tenha-yasayan-teqaudcu-hetta-tualete-de-qonsuya-gedirem\/"},"author":{"name":"user-manager","@id":"https:\/\/www.meydan.tv\/az\/#\/schema\/person\/10d11eccf6da3662cf5fdab9806ea91a"},"headline":"Daxmada t\u0259nha ya\u015fayan t\u0259qa\u00fcd\u00e7\u00fc: H\u0259tta tualet\u0259 d\u0259 qon\u015fuya gedir\u0259m&#8230;","datePublished":"2019-07-19T13:43:03+00:00","mainEntityOfPage":{"@id":"https:\/\/www.meydan.tv\/az\/article\/daxmada-tenha-yasayan-teqaudcu-hetta-tualete-de-qonsuya-gedirem\/"},"wordCount":785,"publisher":{"@id":"https:\/\/www.meydan.tv\/az\/#organization"},"image":{"@id":"https:\/\/www.meydan.tv\/az\/article\/daxmada-tenha-yasayan-teqaudcu-hetta-tualete-de-qonsuya-gedirem\/#primaryimage"},"thumbnailUrl":"https:\/\/www.meydan.tv\/wp-content\/uploads\/image_from_ios_1_pstszwm.jpg","articleSection":["B\u00f6lg\u0259"],"inLanguage":"az"},{"@type":"WebPage","@id":"https:\/\/www.meydan.tv\/az\/article\/daxmada-tenha-yasayan-teqaudcu-hetta-tualete-de-qonsuya-gedirem\/","url":"https:\/\/www.meydan.tv\/az\/article\/daxmada-tenha-yasayan-teqaudcu-hetta-tualete-de-qonsuya-gedirem\/","name":"Daxmada t\u0259nha ya\u015fayan t\u0259qa\u00fcd\u00e7\u00fc: H\u0259tta tualet\u0259 d\u0259 qon\u015fuya gedir\u0259m... - MEYDAN.TV","isPartOf":{"@id":"https:\/\/www.meydan.tv\/az\/#website"},"primaryImageOfPage":{"@id":"https:\/\/www.meydan.tv\/az\/article\/daxmada-tenha-yasayan-teqaudcu-hetta-tualete-de-qonsuya-gedirem\/#primaryimage"},"image":{"@id":"https:\/\/www.meydan.tv\/az\/article\/daxmada-tenha-yasayan-teqaudcu-hetta-tualete-de-qonsuya-gedirem\/#primaryimage"},"thumbnailUrl":"https:\/\/www.meydan.tv\/wp-content\/uploads\/image_from_ios_1_pstszwm.jpg","datePublished":"2019-07-19T13:43:03+00:00","breadcrumb":{"@id":"https:\/\/www.meydan.tv\/az\/article\/daxmada-tenha-yasayan-teqaudcu-hetta-tualete-de-qonsuya-gedirem\/#breadcrumb"},"inLanguage":"az","potentialAction":[{"@type":"ReadAction","target":["https:\/\/www.meydan.tv\/az\/article\/daxmada-tenha-yasayan-teqaudcu-hetta-tualete-de-qonsuya-gedirem\/"]}]},{"@type":"ImageObject","inLanguage":"az","@id":"https:\/\/www.meydan.tv\/az\/article\/daxmada-tenha-yasayan-teqaudcu-hetta-tualete-de-qonsuya-gedirem\/#primaryimage","url":"https:\/\/www.meydan.tv\/wp-content\/uploads\/image_from_ios_1_pstszwm.jpg","contentUrl":"https:\/\/www.meydan.tv\/wp-content\/uploads\/image_from_ios_1_pstszwm.jpg","width":1006,"height":750,"caption":"Source: meydan tv"},{"@type":"BreadcrumbList","@id":"https:\/\/www.meydan.tv\/az\/article\/daxmada-tenha-yasayan-teqaudcu-hetta-tualete-de-qonsuya-gedirem\/#breadcrumb","itemListElement":[{"@type":"ListItem","position":1,"name":"Ana s\u0259hif\u0259","item":"https:\/\/www.meydan.tv\/az\/"},{"@type":"ListItem","position":2,"name":"B\u00f6lg\u0259","item":"https:\/\/www.meydan.tv\/az\/section\/bolge\/"},{"@type":"ListItem","position":3,"name":"Daxmada t\u0259nha ya\u015fayan t\u0259qa\u00fcd\u00e7\u00fc: H\u0259tta tualet\u0259 d\u0259 qon\u015fuya gedir\u0259m&#8230;"}]},{"@type":"WebSite","@id":"https:\/\/www.meydan.tv\/az\/#website","url":"https:\/\/www.meydan.tv\/az\/","name":"MEYDAN.TV","description":"Meydan TV Az\u0259rbaycan\u0131n media m\u0259kan\u0131ndak\u0131 alternativ s\u0259sidir","publisher":{"@id":"https:\/\/www.meydan.tv\/az\/#organization"},"potentialAction":[{"@type":"SearchAction","target":{"@type":"EntryPoint","urlTemplate":"https:\/\/www.meydan.tv\/az\/?s={search_term_string}"},"query-input":{"@type":"PropertyValueSpecification","valueRequired":true,"valueName":"search_term_string"}}],"inLanguage":"az"},{"@type":"Organization","@id":"https:\/\/www.meydan.tv\/az\/#organization","name":"Meydan TV","url":"https:\/\/www.meydan.tv\/az\/","logo":{"@type":"ImageObject","inLanguage":"az","@id":"https:\/\/www.meydan.tv\/az\/#\/schema\/logo\/image\/","url":"https:\/\/www.meydan.tv\/wp-content\/uploads\/2021\/07\/meydan-logo.svg","contentUrl":"https:\/\/www.meydan.tv\/wp-content\/uploads\/2021\/07\/meydan-logo.svg","width":195,"height":46,"caption":"Meydan TV"},"image":{"@id":"https:\/\/www.meydan.tv\/az\/#\/schema\/logo\/image\/"}},{"@type":"Person","@id":"https:\/\/www.meydan.tv\/az\/#\/schema\/person\/10d11eccf6da3662cf5fdab9806ea91a","name":"user-manager"}]}},"_links":{"self":[{"href":"https:\/\/www.meydan.tv\/az\/wp-json\/wp\/v2\/posts\/196273","targetHints":{"allow":["GET"]}}],"collection":[{"href":"https:\/\/www.meydan.tv\/az\/wp-json\/wp\/v2\/posts"}],"about":[{"href":"https:\/\/www.meydan.tv\/az\/wp-json\/wp\/v2\/types\/post"}],"author":[{"embeddable":true,"href":"https:\/\/www.meydan.tv\/az\/wp-json\/wp\/v2\/users\/11"}],"replies":[{"embeddable":true,"href":"https:\/\/www.meydan.tv\/az\/wp-json\/wp\/v2\/comments?post=196273"}],"version-history":[{"count":0,"href":"https:\/\/www.meydan.tv\/az\/wp-json\/wp\/v2\/posts\/196273\/revisions"}],"wp:featuredmedia":[{"embeddable":true,"href":"https:\/\/www.meydan.tv\/az\/wp-json\/wp\/v2\/media\/127118"}],"wp:attachment":[{"href":"https:\/\/www.meydan.tv\/az\/wp-json\/wp\/v2\/media?parent=196273"}],"wp:term":[{"taxonomy":"category","embeddable":true,"href":"https:\/\/www.meydan.tv\/az\/wp-json\/wp\/v2\/categories?post=196273"},{"taxonomy":"post_tag","embeddable":true,"href":"https:\/\/www.meydan.tv\/az\/wp-json\/wp\/v2\/tags?post=196273"}],"curies":[{"name":"wp","href":"https:\/\/api.w.org\/{rel}","templated":true}]}}