{"id":196257,"date":"2019-07-18T14:34:56","date_gmt":"2019-07-18T14:34:56","guid":{"rendered":"https:\/\/www.meydan.tv\/article\/agsu-sakini-bas-hekimin-muavini-elillik-derecesi-ucun-menden-pul-istedi\/"},"modified":"2019-07-18T14:34:56","modified_gmt":"2019-07-18T14:34:56","slug":"agsu-sakini-bas-hekimin-muavini-elillik-derecesi-ucun-menden-pul-istedi","status":"publish","type":"post","link":"https:\/\/www.meydan.tv\/az\/article\/agsu-sakini-bas-hekimin-muavini-elillik-derecesi-ucun-menden-pul-istedi\/","title":{"rendered":"A\u011fsu sakini: Ba\u015f h\u0259kimin m\u00fcavini \u0259lillik d\u0259r\u0259c\u0259si \u00fc\u00e7\u00fcn m\u0259nd\u0259n pul ist\u0259di"},"content":{"rendered":"<p>\n  <i><br \/>\n    &#x27;&#x27;\u0130ndi d\u0259 m\u0259ni h\u0259d\u0259l\u0259yir ki, s\u0259brli olsayd\u0131n, s\u0259nin i\u015fini d\u00fcz\u00fcb-qo\u015facaqd\u0131m&#x27;&#x27;<br \/>\n  <\/i>\n<\/p>\n<p>\n  \u201cKe\u00e7\u0259n ilin mart\u0131nda qulaqlar\u0131mda problem yaranm\u0131\u015fd\u0131. A\u011fsu Rayon M\u0259rk\u0259zi X\u0259st\u0259xanas\u0131na qulaqlar\u0131m\u0131 yuduzdurma\u011fa getdim. Qulaq-burun-bo\u011faz (LOR-red) h\u0259kimi qulaqlar\u0131m\u0131 yudu, daha sonra da firma d\u0259rmanlar\u0131 yazd\u0131 ki, el\u0259 indi bunlar\u0131 al g\u0259tir, s\u0259n\u0259 m\u00fctl\u0259q m\u00fcalic\u0259 laz\u0131md\u0131r, \u00e7\u00fcnki qulaqlar\u0131nda g\u00f6b\u0259l\u0259k var. Gedib, yazd\u0131\u011f\u0131 d\u0259rmanlar\u0131 ald\u0131m. M\u0259n\u0259 iyn\u0259l\u0259ri vuran kimi \u015fok ke\u00e7irdim. H\u0259min v\u0259ziyy\u0259td\u0259 ortal\u0131qda qald\u0131m, he\u00e7 bir t\u0259dbir g\u00f6r\u00fclm\u0259di. Birc\u0259 \u0259lac\u0131m ona \u00e7atd\u0131 ki, telefonumu g\u00f6t\u00fcr\u00fcb, h\u0259yat yolda\u015f\u0131ma z\u0259ng edib, dedim ki, \u015fok ke\u00e7irmi\u015f\u0259m, durma g\u0259l\u201d.\n<\/p>\n<p>\n  Bu s\u00f6zl\u0259ri Meydan TV-y\u0259 1980-cil il t\u0259v\u0259ll\u00fcdl\u00fc A\u011fsu rayonu, Kala\u011fayl\u0131 k\u0259nd sakini Malik Mehdiyev deyir. O, iddia edir ki, A\u011fsu Rayon M\u0259rk\u0259zi X\u0259st\u0259xanas\u0131nda \u00f6zba\u015f\u0131nal\u0131q, h\u0259kim m\u0259suliyy\u0259tsizliyi, h\u0259m\u00e7inin v\u0259zif\u0259d\u0259n sui-istifad\u0259 hallar\u0131 ba\u015f al\u0131b gedir:\n<\/p>\n<p>\n  \u201cXeyli vaxt ke\u00e7\u0259nd\u0259n, yax\u0131nlar\u0131m x\u0259st\u0259xanaya g\u0259l\u0259nd\u0259n sonra m\u0259ni arabayla reanimasiya \u015f\u00f6b\u0259sin\u0259 qald\u0131r\u0131b, bir sutka orada saxlad\u0131lar. Ke\u00e7irdiyim \u015fok v\u0259ziyy\u0259tind\u0259n sonra sa\u011f qalma\u011f\u0131ma h\u0259kiml\u0259r \u00f6zl\u0259ri d\u0259 m\u0259\u0259tt\u0259l qalm\u0131\u015fd\u0131lar. X\u0259st\u0259xanadan ev\u0259 burax\u0131landa is\u0259 anketimd\u0259 yazd\u0131lar ki, guya belimd\u0259n \u0259m\u0259liyyat olunmu\u015fam. Dan\u0131\u015fmay\u0131m, susum dey\u0259, aptek\u0259 x\u0259rcl\u0259diyim iki y\u00fcz manat\u0131 \u00f6z\u00fcm\u0259 geri qaytard\u0131lar. Bununla da s\u00f6hb\u0259t ba\u011fland\u0131. M\u0259hz h\u0259min hadis\u0259d\u0259n sonra s\u0259hh\u0259tim h\u0259r g\u00fcn daha da a\u011f\u0131rla\u015fd\u0131, \u00fcr\u0259yimd\u0259 probleml\u0259r yarand\u0131. Buradak\u0131 h\u0259kiml\u0259rd\u0259n \u0259limi \u00fczd\u00fcy\u00fcm \u00fc\u00e7\u00fcn K\u00fcrd\u0259mir\u0259 getdim. Oradak\u0131 h\u0259kiml\u0259r dedil\u0259r ki, \u00fcr\u0259yind\u0259 problem var, m\u00fcalic\u0259 yazd\u0131lar. Ev\u0259 qay\u0131td\u0131m, imkans\u0131zl\u0131qdan m\u00fcalic\u0259 olunmad\u0131m. T\u0259s\u0259vv\u00fcr edin, o v\u0259ziyy\u0259td\u0259 d\u0259 m\u0259n Bak\u0131da mebel sexind\u0259 f\u0259hl\u0259 i\u015fl\u0259yirdim. Sentyabr ay\u0131nda g\u00f6rd\u00fcm ki, v\u0259ziyy\u0259tim lap pisdir, Top\u00e7uba\u015fov ad\u0131na Elmi C\u0259rrahiyy\u0259 M\u0259rk\u0259zin\u0259 getdim, orada m\u0259n\u0259 infarkt dioqnozu qoydular. A\u011fsuya g\u0259ldim, x\u0259st\u0259xanada 10 g\u00fcn m\u00fcalic\u0259 olundum, \u0259ksin\u0259, daha da geril\u0259dim. V\u0259ziyy\u0259tim a\u011f\u0131rla\u015fd\u0131, m\u0259ni t\u0259cili apard\u0131lar Bak\u0131ya, \u201cZ\u0259f\u0259ran\u201d Hospitala. Ora \u00e7atan kimi m\u00fcayin\u0259 etdil\u0259r, d\u0259rhal \u0259m\u0259liyyata g\u00f6t\u00fcrd\u00fcl\u0259r. Kardiomiopatiya x\u0259st\u0259liyind\u0259n \u0259ziyy\u0259t \u00e7\u0259kir\u0259m. O vaxtdan h\u0259r g\u00fcn m\u00fct\u0259madi olaraq, 8-10 d\u0259n\u0259 d\u0259rman q\u0259bul edir\u0259m. Y\u0259ni d\u0259rmans\u0131z ya\u015fama\u011f\u0131m m\u00fcmk\u00fcn deyil\u201d.\n<\/p>\n<p>\n  Maddi v\u0259ziyy\u0259ti a\u011f\u0131r olan Malik Mehdiyev bir ildir ki, s\u0259hh\u0259ti il\u0259 ba\u011fl\u0131 \u0259llillik t\u0259qa\u00fcd\u00fc almaq ist\u0259yir. A\u011fsu Rayon M\u0259rk\u0259zi X\u0259st\u0259xanas\u0131na \u0259lillik s\u0259n\u0259dl\u0259rinin haz\u0131rlanmas\u0131 il\u0259 ba\u011fl\u0131 d\u0259f\u0259l\u0259rl\u0259 m\u00fcraci\u0259t edib. Lakin dediyin\u0259 g\u00f6r\u0259, x\u0259st\u0259xanan\u0131n m\u00fcvafiq b\u00f6lm\u0259sinin m\u0259sul h\u0259kimi (ba\u015f h\u0259kimin m\u00fcavini-red) \u018fli H\u00fcseynov ona d\u00fc\u015fm\u0259li olan \u0259lillik d\u0259r\u0259c\u0259sini D\u00f6vl\u0259t Sosial M\u00fcdafi\u0259 Fondunun tibbi-sosial ekspert komissiyas\u0131nda (TSEK) bax\u0131lmas\u0131na imkan vermir:\n<\/p>\n<p>\n  \u201cA\u011fsu Rayon M\u0259rk\u0259zi X\u0259st\u0259xanas\u0131nda m\u0259n\u0259 dedil\u0259r ki, siz alt\u0131 ay bu x\u0259st\u0259xanada qeydiyyatda qalmal\u0131s\u0131n\u0131z. Bundan sonra \u0259lilliyin m\u00fc\u0259yy\u0259n olunmas\u0131 il\u0259 ba\u011fl\u0131 aidiyyat\u0131 qurumlara elektron m\u00fcraci\u0259tiniz h\u0259yata ke\u00e7iril\u0259c\u0259k. N\u0259 laz\u0131md\u0131rsa etdim, qeydiyyatdan ke\u00e7dim. Alt\u0131 ay\u0131n tamam\u0131nda getdim, m\u0259nd\u0259n pul ist\u0259dil\u0259r, iki min manat. Ba\u015f h\u0259kimin m\u00fcavini \u018fli H\u00fcseynov ba\u015fqa adam vasit\u0259sil\u0259 bu m\u0259bl\u0259\u011fi m\u0259nd\u0259n ist\u0259di. Dedi g\u0259tir, iki min manat\u0131 ver, i\u015fini d\u00fcz\u00fcb-qo\u015faq. M\u0259n onlara pulumun olmad\u0131\u011f\u0131n\u0131 dedim, cavab\u0131nda bildirdil\u0259r ki, get, iyunun 15-n\u0259 kimi s\u0259n\u0259dl\u0259rin i\u015fl\u0259n\u0259c\u0259k. M\u0259n d\u0259 iyunun 20-d\u0259 getdim, \u018fli H\u00fcseynov dedi ki, iyul yazm\u0131\u015fam, iyulun 15-d\u0259 g\u0259l\u0259rs\u0259n. \u0130yulun 15-d\u0259 getmi\u015f\u0259m, deyir ki, get, sentyabrda g\u0259l\u0259rs\u0259n. M\u0259n\u0259 deyir ki, ay \u00e7ox, il \u00e7ox, d\u00fcz\u0259l\u0259c\u0259k d\u0259 niy\u0259 t\u0259l\u0259sirs\u0259n? M\u0259n d\u0259 dedim ki, \u201cd\u00fcz\u0259l\u0259c\u0259k\u201d s\u00f6z\u00fc il\u0259 deyil ax\u0131. S\u0259kkiz d\u0259rman\u0131mdan d\u00f6rd\u00fcn\u00fc alma\u011fa pulum yoxdur. Bunlar\u0131 da atmasam, \u00f6l\u0259c\u0259y\u0259m, ya\u015faya bilm\u0259y\u0259c\u0259y\u0259m. X\u0259st\u0259xanan\u0131n n\u0259zar\u0259t\u00e7il\u0259rini \u00e7a\u011f\u0131r\u0131b, t\u00f6kd\u00fc ora. M\u0259ni \u015f\u0259rl\u0259di ki, guya \u0259limd\u0259ki c\u0131\u011faran\u0131 onun ba\u015f\u0131ma vurmu\u015fam. N\u0259zar\u0259t\u00e7il\u0259r d\u0259 g\u0259ldil\u0259r, ayd\u0131nla\u015fd\u0131r\u0131b, g\u00f6rd\u00fcl\u0259r ki, m\u0259n, do\u011frudan da, x\u0259st\u0259y\u0259m, \u0259lim-aya\u011f\u0131m \u0259sir. Dedil\u0259r ki, qarda\u015f, get, \u0259s\u0259bl\u0259rin sakitl\u0259\u015fsin, sonra g\u0259l\u0259rs\u0259n. M\u0259n yenid\u0259n onun yan\u0131na getdim, dedim ki, d\u00f6vl\u0259tin t\u0259sdiql\u0259diyi qanuna \u0259sas\u0259n haqq\u0131m\u0131 t\u0259l\u0259b edir\u0259m. M\u0259n\u0259 ikinci qrup \u0259llillik d\u00fc\u015f\u00fcr. \u0130ndi d\u0259 m\u0259ni h\u0259d\u0259l\u0259yir ki, s\u0259brli olsayd\u0131n, s\u0259nin i\u015fini d\u00fcz\u00fcb-qo\u015facaqd\u0131m\u201d.\n<\/p>\n<figure class=\"wp-block-image size-large\">\n  <img decoding=\"async\" src=\"https:\/\/www.meydan.tv\/az\/img-20190717-wa0024-jpg\/\" alt=\"img-20190717-wa0024.jpg\" class=\"wp-image-127055\"\/><figcaption>\n    Malik Mehdiyev<br \/>\n  <\/figcaption><\/figure>\n<p>\n  H\u0259kiml\u0259r Malik Mehdiyev\u0259 n\u0259inki i\u015fl\u0259m\u0259k, h\u0259tta avtomobil idar\u0259 etm\u0259y\u0259 icaz\u0259 vermir. Ya\u015fay\u0131\u015f\u0131n\u0131n a\u011f\u0131r oldu\u011funu dey\u0259n \u015fikay\u0259t\u00e7i, \u00fcmidini \u0259llillik d\u0259r\u0259c\u0259si m\u00fc\u0259yy\u0259n olundu\u011fu t\u0259qdird\u0259 alaca\u011f\u0131 t\u0259qa\u00fcd\u0259 ba\u011flay\u0131b:\n<\/p>\n<p>\n  \u201cHe\u00e7 olmasa, pensiya al\u0131m ki, d\u0259rmanlara pulum olsun v\u0259 u\u015faqlar\u0131m\u0131 birt\u0259h\u0259r doland\u0131ra bilim. Bo\u011faz\u0131mda \u015fi\u015f var, Milli Onkologiya M\u0259rk\u0259zind\u0259 \u0259m\u0259liyyat \u00fc\u00e7\u00fcn pul ist\u0259yirl\u0259r, onun d\u0259rdin\u0259n qalm\u0131\u015fam bel\u0259. \u00dcr\u0259yimd\u0259 problem oldu\u011fu \u00fc\u00e7\u00fcn qar\u0131n bo\u015flu\u011fuma maye y\u0131\u011f\u0131l\u0131r. Bunu \u00f6nl\u0259m\u0259k \u00fc\u00e7\u00fcn dalbadal sidikqovucular at\u0131ram ki, maye \u00e7\u0259kilsin. O da t\u0259zyiqimi sal\u0131r, dem\u0259k olar ki, g\u00fcn \u0259rzind\u0259 v\u0259ziyy\u0259tim pis olur. \u0130ki ayda bir yoxlan\u0131\u015fa gedir\u0259m. Hardasa 150-200 manat \u00e7\u0131x\u0131r. H\u0259r ay da d\u0259rmanlara 150 manat verir\u0259m. D\u0259rman var, 56 manatd\u0131r. Onu yaln\u0131z bir d\u0259f\u0259 atm\u0131\u015fam, \u00e7\u00fcnki bahad\u0131r, ala bilmir\u0259m. H\u0259r ay bir d\u0259rmana o q\u0259d\u0259r pul verm\u0259y\u0259 g\u00fcc\u00fcm \u00e7atmad\u0131. Halbuki, \u00fcr\u0259yi q\u00fcvv\u0259tl\u0259ndirmk \u00fc\u00e7\u00fcn \u0259n laz\u0131ml\u0131 d\u0259rman odur. Y\u0259ni onu da hesaba alsaq, h\u0259r ay 200 manatdan \u00e7ox d\u0259rmanlara pul verm\u0259liy\u0259m. \u0130\u015fl\u0259mir\u0259m, anam pensiyas\u0131n\u0131 m\u0259n\u0259 g\u00f6nd\u0259rir, d\u0259rmanlar\u0131m\u0131 h\u0259min pulla al\u0131ram. H\u0259yat yolda\u015f\u0131m, kollec bitirib, m\u00fc\u0259llimdir. \u0130\u015f\u0259 d\u00fcz\u0259ltm\u0259k ist\u0259dik, dedil\u0259r, i\u015f yoxdur. \u0130\u015f olanda da r\u00fc\u015fv\u0259t ist\u0259yirl\u0259r. El\u0259 bir m\u0259bl\u0259\u011f ist\u0259yirl\u0259r ki, bir il i\u015fl\u0259s\u0259m, onu qazana bilm\u0259r\u0259m. D\u00f6rd-be\u015f min manat m\u0259nim \u00fc\u00e7\u00fcn b\u00f6y\u00fck m\u0259bl\u0259dir. Bazara getmi\u015fik, iki ya\u015fl\u0131 k\u00f6rp\u0259 q\u0131z\u0131m top ist\u0259yir, ala bilmir\u0259m. Utan\u0131ram, bilmir\u0259m, u\u015faqlar\u0131ma yem\u0259k al\u0131m, yoxsa d\u0259rmanlar\u0131m\u0131?\u201d\n<\/p>\n<p>\n  A\u011fsu Rayon M\u0259rk\u0259zi X\u0259st\u0259xanas\u0131n\u0131n ba\u015f h\u0259kim m\u00fcavini \u018fli H\u00fcseynov Meydan TV \u0259m\u0259kda\u015f\u0131 il\u0259 s\u00f6hb\u0259tind\u0259 \u015fikay\u0259t\u00e7inin iddialar\u0131 il\u0259 raz\u0131la\u015fmay\u0131b.\n<\/p>\n<p>\n  \u201cBu adam\u0131n s\u0259n\u0259dl\u0259ri art\u0131q elektron sistemd\u0259dir, ara\u015fd\u0131rl\u0131r. Cavab\u0131 b\u0259lli olan kimi, m\u0259lumatland\u0131r\u0131lacaq. R\u00fc\u015fv\u0259t m\u0259s\u0259l\u0259si il\u0259 ba\u011fl\u0131 iddiaya g\u0259linc\u0259, bunun \u00fc\u00e7\u00fcn inzibati orqanlara m\u00fcraci\u0259t etsin, el\u0259 bir hal varsa, t\u0259sdiq olunar, g\u00fcnahkar da c\u0259zas\u0131n\u0131 \u00e7\u0259k\u0259r\u201d.<\/p>\n","protected":false},"excerpt":{"rendered":"<p>He\u00e7 olmasa, pensiya al\u0131m ki, d\u0259rmanlara pulum olsun v\u0259 u\u015faqlar\u0131m\u0131 birt\u0259h\u0259r doland\u0131ra bilim.<\/p>\n","protected":false},"author":11,"featured_media":127061,"comment_status":"closed","ping_status":"open","sticky":false,"template":"","format":"standard","meta":{"_acf_changed":false,"_sitemap_exclude":false,"_sitemap_priority":"","_sitemap_frequency":"","footnotes":""},"categories":[60],"tags":[],"class_list":["post-196257","post","type-post","status-publish","format-standard","has-post-thumbnail","hentry","category-bolge","infinite-scroll-item","generate-columns","tablet-grid-50","mobile-grid-100","grid-parent","grid-33","no-featured-image-padding"],"acf":[],"yoast_head":"<!-- This site is optimized with the Yoast SEO plugin v27.4 - https:\/\/yoast.com\/product\/yoast-seo-wordpress\/ -->\n<title>A\u011fsu sakini: Ba\u015f h\u0259kimin m\u00fcavini \u0259lillik d\u0259r\u0259c\u0259si \u00fc\u00e7\u00fcn m\u0259nd\u0259n pul ist\u0259di - MEYDAN.TV<\/title>\n<meta name=\"robots\" content=\"index, follow, max-snippet:-1, max-image-preview:large, max-video-preview:-1\" \/>\n<link rel=\"canonical\" href=\"https:\/\/www.meydan.tv\/az\/article\/agsu-sakini-bas-hekimin-muavini-elillik-derecesi-ucun-menden-pul-istedi\/\" \/>\n<meta property=\"og:locale\" content=\"az_AZ\" \/>\n<meta property=\"og:type\" content=\"article\" \/>\n<meta property=\"og:title\" content=\"A\u011fsu sakini: Ba\u015f h\u0259kimin m\u00fcavini \u0259lillik d\u0259r\u0259c\u0259si \u00fc\u00e7\u00fcn m\u0259nd\u0259n pul ist\u0259di - MEYDAN.TV\" \/>\n<meta property=\"og:description\" content=\"He\u00e7 olmasa, pensiya al\u0131m ki, d\u0259rmanlara pulum olsun v\u0259 u\u015faqlar\u0131m\u0131 birt\u0259h\u0259r doland\u0131ra bilim.\" \/>\n<meta property=\"og:url\" content=\"https:\/\/www.meydan.tv\/az\/article\/agsu-sakini-bas-hekimin-muavini-elillik-derecesi-ucun-menden-pul-istedi\/\" \/>\n<meta property=\"og:site_name\" content=\"MEYDAN.TV\" \/>\n<meta property=\"article:published_time\" content=\"2019-07-18T14:34:56+00:00\" \/>\n<meta property=\"og:image\" content=\"https:\/\/www.meydan.tv\/wp-content\/uploads\/img-20190717-wa0020.jpg\" \/>\n\t<meta property=\"og:image:width\" content=\"1032\" \/>\n\t<meta property=\"og:image:height\" content=\"774\" \/>\n\t<meta property=\"og:image:type\" content=\"image\/jpeg\" \/>\n<meta name=\"author\" content=\"user-manager\" \/>\n<meta name=\"twitter:card\" content=\"summary_large_image\" \/>\n<script type=\"application\/ld+json\" class=\"yoast-schema-graph\">{\"@context\":\"https:\\\/\\\/schema.org\",\"@graph\":[{\"@type\":\"Article\",\"@id\":\"https:\\\/\\\/www.meydan.tv\\\/az\\\/article\\\/agsu-sakini-bas-hekimin-muavini-elillik-derecesi-ucun-menden-pul-istedi\\\/#article\",\"isPartOf\":{\"@id\":\"https:\\\/\\\/www.meydan.tv\\\/az\\\/article\\\/agsu-sakini-bas-hekimin-muavini-elillik-derecesi-ucun-menden-pul-istedi\\\/\"},\"author\":{\"name\":\"user-manager\",\"@id\":\"https:\\\/\\\/www.meydan.tv\\\/az\\\/#\\\/schema\\\/person\\\/10d11eccf6da3662cf5fdab9806ea91a\"},\"headline\":\"A\u011fsu sakini: Ba\u015f h\u0259kimin m\u00fcavini \u0259lillik d\u0259r\u0259c\u0259si \u00fc\u00e7\u00fcn m\u0259nd\u0259n pul ist\u0259di\",\"datePublished\":\"2019-07-18T14:34:56+00:00\",\"mainEntityOfPage\":{\"@id\":\"https:\\\/\\\/www.meydan.tv\\\/az\\\/article\\\/agsu-sakini-bas-hekimin-muavini-elillik-derecesi-ucun-menden-pul-istedi\\\/\"},\"wordCount\":1430,\"publisher\":{\"@id\":\"https:\\\/\\\/www.meydan.tv\\\/az\\\/#organization\"},\"image\":{\"@id\":\"https:\\\/\\\/www.meydan.tv\\\/az\\\/article\\\/agsu-sakini-bas-hekimin-muavini-elillik-derecesi-ucun-menden-pul-istedi\\\/#primaryimage\"},\"thumbnailUrl\":\"https:\\\/\\\/www.meydan.tv\\\/wp-content\\\/uploads\\\/img-20190717-wa0020.jpg\",\"articleSection\":[\"B\u00f6lg\u0259\"],\"inLanguage\":\"az\"},{\"@type\":\"WebPage\",\"@id\":\"https:\\\/\\\/www.meydan.tv\\\/az\\\/article\\\/agsu-sakini-bas-hekimin-muavini-elillik-derecesi-ucun-menden-pul-istedi\\\/\",\"url\":\"https:\\\/\\\/www.meydan.tv\\\/az\\\/article\\\/agsu-sakini-bas-hekimin-muavini-elillik-derecesi-ucun-menden-pul-istedi\\\/\",\"name\":\"A\u011fsu sakini: Ba\u015f h\u0259kimin m\u00fcavini \u0259lillik d\u0259r\u0259c\u0259si \u00fc\u00e7\u00fcn m\u0259nd\u0259n pul ist\u0259di - MEYDAN.TV\",\"isPartOf\":{\"@id\":\"https:\\\/\\\/www.meydan.tv\\\/az\\\/#website\"},\"primaryImageOfPage\":{\"@id\":\"https:\\\/\\\/www.meydan.tv\\\/az\\\/article\\\/agsu-sakini-bas-hekimin-muavini-elillik-derecesi-ucun-menden-pul-istedi\\\/#primaryimage\"},\"image\":{\"@id\":\"https:\\\/\\\/www.meydan.tv\\\/az\\\/article\\\/agsu-sakini-bas-hekimin-muavini-elillik-derecesi-ucun-menden-pul-istedi\\\/#primaryimage\"},\"thumbnailUrl\":\"https:\\\/\\\/www.meydan.tv\\\/wp-content\\\/uploads\\\/img-20190717-wa0020.jpg\",\"datePublished\":\"2019-07-18T14:34:56+00:00\",\"breadcrumb\":{\"@id\":\"https:\\\/\\\/www.meydan.tv\\\/az\\\/article\\\/agsu-sakini-bas-hekimin-muavini-elillik-derecesi-ucun-menden-pul-istedi\\\/#breadcrumb\"},\"inLanguage\":\"az\",\"potentialAction\":[{\"@type\":\"ReadAction\",\"target\":[\"https:\\\/\\\/www.meydan.tv\\\/az\\\/article\\\/agsu-sakini-bas-hekimin-muavini-elillik-derecesi-ucun-menden-pul-istedi\\\/\"]}]},{\"@type\":\"ImageObject\",\"inLanguage\":\"az\",\"@id\":\"https:\\\/\\\/www.meydan.tv\\\/az\\\/article\\\/agsu-sakini-bas-hekimin-muavini-elillik-derecesi-ucun-menden-pul-istedi\\\/#primaryimage\",\"url\":\"https:\\\/\\\/www.meydan.tv\\\/wp-content\\\/uploads\\\/img-20190717-wa0020.jpg\",\"contentUrl\":\"https:\\\/\\\/www.meydan.tv\\\/wp-content\\\/uploads\\\/img-20190717-wa0020.jpg\",\"width\":1032,\"height\":774,\"caption\":\"Foto: Meydan TV\"},{\"@type\":\"BreadcrumbList\",\"@id\":\"https:\\\/\\\/www.meydan.tv\\\/az\\\/article\\\/agsu-sakini-bas-hekimin-muavini-elillik-derecesi-ucun-menden-pul-istedi\\\/#breadcrumb\",\"itemListElement\":[{\"@type\":\"ListItem\",\"position\":1,\"name\":\"Ana s\u0259hif\u0259\",\"item\":\"https:\\\/\\\/www.meydan.tv\\\/az\\\/\"},{\"@type\":\"ListItem\",\"position\":2,\"name\":\"B\u00f6lg\u0259\",\"item\":\"https:\\\/\\\/www.meydan.tv\\\/az\\\/section\\\/bolge\\\/\"},{\"@type\":\"ListItem\",\"position\":3,\"name\":\"A\u011fsu sakini: Ba\u015f h\u0259kimin m\u00fcavini \u0259lillik d\u0259r\u0259c\u0259si \u00fc\u00e7\u00fcn m\u0259nd\u0259n pul ist\u0259di\"}]},{\"@type\":\"WebSite\",\"@id\":\"https:\\\/\\\/www.meydan.tv\\\/az\\\/#website\",\"url\":\"https:\\\/\\\/www.meydan.tv\\\/az\\\/\",\"name\":\"MEYDAN.TV\",\"description\":\"Meydan TV Az\u0259rbaycan\u0131n media m\u0259kan\u0131ndak\u0131 alternativ s\u0259sidir\",\"publisher\":{\"@id\":\"https:\\\/\\\/www.meydan.tv\\\/az\\\/#organization\"},\"potentialAction\":[{\"@type\":\"SearchAction\",\"target\":{\"@type\":\"EntryPoint\",\"urlTemplate\":\"https:\\\/\\\/www.meydan.tv\\\/az\\\/?s={search_term_string}\"},\"query-input\":{\"@type\":\"PropertyValueSpecification\",\"valueRequired\":true,\"valueName\":\"search_term_string\"}}],\"inLanguage\":\"az\"},{\"@type\":\"Organization\",\"@id\":\"https:\\\/\\\/www.meydan.tv\\\/az\\\/#organization\",\"name\":\"Meydan TV\",\"url\":\"https:\\\/\\\/www.meydan.tv\\\/az\\\/\",\"logo\":{\"@type\":\"ImageObject\",\"inLanguage\":\"az\",\"@id\":\"https:\\\/\\\/www.meydan.tv\\\/az\\\/#\\\/schema\\\/logo\\\/image\\\/\",\"url\":\"https:\\\/\\\/www.meydan.tv\\\/wp-content\\\/uploads\\\/2021\\\/07\\\/meydan-logo.svg\",\"contentUrl\":\"https:\\\/\\\/www.meydan.tv\\\/wp-content\\\/uploads\\\/2021\\\/07\\\/meydan-logo.svg\",\"width\":195,\"height\":46,\"caption\":\"Meydan TV\"},\"image\":{\"@id\":\"https:\\\/\\\/www.meydan.tv\\\/az\\\/#\\\/schema\\\/logo\\\/image\\\/\"}},{\"@type\":\"Person\",\"@id\":\"https:\\\/\\\/www.meydan.tv\\\/az\\\/#\\\/schema\\\/person\\\/10d11eccf6da3662cf5fdab9806ea91a\",\"name\":\"user-manager\"}]}<\/script>\n<!-- \/ Yoast SEO plugin. -->","yoast_head_json":{"title":"A\u011fsu sakini: Ba\u015f h\u0259kimin m\u00fcavini \u0259lillik d\u0259r\u0259c\u0259si \u00fc\u00e7\u00fcn m\u0259nd\u0259n pul ist\u0259di - MEYDAN.TV","robots":{"index":"index","follow":"follow","max-snippet":"max-snippet:-1","max-image-preview":"max-image-preview:large","max-video-preview":"max-video-preview:-1"},"canonical":"https:\/\/www.meydan.tv\/az\/article\/agsu-sakini-bas-hekimin-muavini-elillik-derecesi-ucun-menden-pul-istedi\/","og_locale":"az_AZ","og_type":"article","og_title":"A\u011fsu sakini: Ba\u015f h\u0259kimin m\u00fcavini \u0259lillik d\u0259r\u0259c\u0259si \u00fc\u00e7\u00fcn m\u0259nd\u0259n pul ist\u0259di - MEYDAN.TV","og_description":"He\u00e7 olmasa, pensiya al\u0131m ki, d\u0259rmanlara pulum olsun v\u0259 u\u015faqlar\u0131m\u0131 birt\u0259h\u0259r doland\u0131ra bilim.","og_url":"https:\/\/www.meydan.tv\/az\/article\/agsu-sakini-bas-hekimin-muavini-elillik-derecesi-ucun-menden-pul-istedi\/","og_site_name":"MEYDAN.TV","article_published_time":"2019-07-18T14:34:56+00:00","og_image":[{"width":1032,"height":774,"url":"https:\/\/www.meydan.tv\/wp-content\/uploads\/img-20190717-wa0020.jpg","type":"image\/jpeg"}],"author":"user-manager","twitter_card":"summary_large_image","schema":{"@context":"https:\/\/schema.org","@graph":[{"@type":"Article","@id":"https:\/\/www.meydan.tv\/az\/article\/agsu-sakini-bas-hekimin-muavini-elillik-derecesi-ucun-menden-pul-istedi\/#article","isPartOf":{"@id":"https:\/\/www.meydan.tv\/az\/article\/agsu-sakini-bas-hekimin-muavini-elillik-derecesi-ucun-menden-pul-istedi\/"},"author":{"name":"user-manager","@id":"https:\/\/www.meydan.tv\/az\/#\/schema\/person\/10d11eccf6da3662cf5fdab9806ea91a"},"headline":"A\u011fsu sakini: Ba\u015f h\u0259kimin m\u00fcavini \u0259lillik d\u0259r\u0259c\u0259si \u00fc\u00e7\u00fcn m\u0259nd\u0259n pul ist\u0259di","datePublished":"2019-07-18T14:34:56+00:00","mainEntityOfPage":{"@id":"https:\/\/www.meydan.tv\/az\/article\/agsu-sakini-bas-hekimin-muavini-elillik-derecesi-ucun-menden-pul-istedi\/"},"wordCount":1430,"publisher":{"@id":"https:\/\/www.meydan.tv\/az\/#organization"},"image":{"@id":"https:\/\/www.meydan.tv\/az\/article\/agsu-sakini-bas-hekimin-muavini-elillik-derecesi-ucun-menden-pul-istedi\/#primaryimage"},"thumbnailUrl":"https:\/\/www.meydan.tv\/wp-content\/uploads\/img-20190717-wa0020.jpg","articleSection":["B\u00f6lg\u0259"],"inLanguage":"az"},{"@type":"WebPage","@id":"https:\/\/www.meydan.tv\/az\/article\/agsu-sakini-bas-hekimin-muavini-elillik-derecesi-ucun-menden-pul-istedi\/","url":"https:\/\/www.meydan.tv\/az\/article\/agsu-sakini-bas-hekimin-muavini-elillik-derecesi-ucun-menden-pul-istedi\/","name":"A\u011fsu sakini: Ba\u015f h\u0259kimin m\u00fcavini \u0259lillik d\u0259r\u0259c\u0259si \u00fc\u00e7\u00fcn m\u0259nd\u0259n pul ist\u0259di - MEYDAN.TV","isPartOf":{"@id":"https:\/\/www.meydan.tv\/az\/#website"},"primaryImageOfPage":{"@id":"https:\/\/www.meydan.tv\/az\/article\/agsu-sakini-bas-hekimin-muavini-elillik-derecesi-ucun-menden-pul-istedi\/#primaryimage"},"image":{"@id":"https:\/\/www.meydan.tv\/az\/article\/agsu-sakini-bas-hekimin-muavini-elillik-derecesi-ucun-menden-pul-istedi\/#primaryimage"},"thumbnailUrl":"https:\/\/www.meydan.tv\/wp-content\/uploads\/img-20190717-wa0020.jpg","datePublished":"2019-07-18T14:34:56+00:00","breadcrumb":{"@id":"https:\/\/www.meydan.tv\/az\/article\/agsu-sakini-bas-hekimin-muavini-elillik-derecesi-ucun-menden-pul-istedi\/#breadcrumb"},"inLanguage":"az","potentialAction":[{"@type":"ReadAction","target":["https:\/\/www.meydan.tv\/az\/article\/agsu-sakini-bas-hekimin-muavini-elillik-derecesi-ucun-menden-pul-istedi\/"]}]},{"@type":"ImageObject","inLanguage":"az","@id":"https:\/\/www.meydan.tv\/az\/article\/agsu-sakini-bas-hekimin-muavini-elillik-derecesi-ucun-menden-pul-istedi\/#primaryimage","url":"https:\/\/www.meydan.tv\/wp-content\/uploads\/img-20190717-wa0020.jpg","contentUrl":"https:\/\/www.meydan.tv\/wp-content\/uploads\/img-20190717-wa0020.jpg","width":1032,"height":774,"caption":"Foto: Meydan TV"},{"@type":"BreadcrumbList","@id":"https:\/\/www.meydan.tv\/az\/article\/agsu-sakini-bas-hekimin-muavini-elillik-derecesi-ucun-menden-pul-istedi\/#breadcrumb","itemListElement":[{"@type":"ListItem","position":1,"name":"Ana s\u0259hif\u0259","item":"https:\/\/www.meydan.tv\/az\/"},{"@type":"ListItem","position":2,"name":"B\u00f6lg\u0259","item":"https:\/\/www.meydan.tv\/az\/section\/bolge\/"},{"@type":"ListItem","position":3,"name":"A\u011fsu sakini: Ba\u015f h\u0259kimin m\u00fcavini \u0259lillik d\u0259r\u0259c\u0259si \u00fc\u00e7\u00fcn m\u0259nd\u0259n pul ist\u0259di"}]},{"@type":"WebSite","@id":"https:\/\/www.meydan.tv\/az\/#website","url":"https:\/\/www.meydan.tv\/az\/","name":"MEYDAN.TV","description":"Meydan TV Az\u0259rbaycan\u0131n media m\u0259kan\u0131ndak\u0131 alternativ s\u0259sidir","publisher":{"@id":"https:\/\/www.meydan.tv\/az\/#organization"},"potentialAction":[{"@type":"SearchAction","target":{"@type":"EntryPoint","urlTemplate":"https:\/\/www.meydan.tv\/az\/?s={search_term_string}"},"query-input":{"@type":"PropertyValueSpecification","valueRequired":true,"valueName":"search_term_string"}}],"inLanguage":"az"},{"@type":"Organization","@id":"https:\/\/www.meydan.tv\/az\/#organization","name":"Meydan TV","url":"https:\/\/www.meydan.tv\/az\/","logo":{"@type":"ImageObject","inLanguage":"az","@id":"https:\/\/www.meydan.tv\/az\/#\/schema\/logo\/image\/","url":"https:\/\/www.meydan.tv\/wp-content\/uploads\/2021\/07\/meydan-logo.svg","contentUrl":"https:\/\/www.meydan.tv\/wp-content\/uploads\/2021\/07\/meydan-logo.svg","width":195,"height":46,"caption":"Meydan TV"},"image":{"@id":"https:\/\/www.meydan.tv\/az\/#\/schema\/logo\/image\/"}},{"@type":"Person","@id":"https:\/\/www.meydan.tv\/az\/#\/schema\/person\/10d11eccf6da3662cf5fdab9806ea91a","name":"user-manager"}]}},"_links":{"self":[{"href":"https:\/\/www.meydan.tv\/az\/wp-json\/wp\/v2\/posts\/196257","targetHints":{"allow":["GET"]}}],"collection":[{"href":"https:\/\/www.meydan.tv\/az\/wp-json\/wp\/v2\/posts"}],"about":[{"href":"https:\/\/www.meydan.tv\/az\/wp-json\/wp\/v2\/types\/post"}],"author":[{"embeddable":true,"href":"https:\/\/www.meydan.tv\/az\/wp-json\/wp\/v2\/users\/11"}],"replies":[{"embeddable":true,"href":"https:\/\/www.meydan.tv\/az\/wp-json\/wp\/v2\/comments?post=196257"}],"version-history":[{"count":0,"href":"https:\/\/www.meydan.tv\/az\/wp-json\/wp\/v2\/posts\/196257\/revisions"}],"wp:featuredmedia":[{"embeddable":true,"href":"https:\/\/www.meydan.tv\/az\/wp-json\/wp\/v2\/media\/127061"}],"wp:attachment":[{"href":"https:\/\/www.meydan.tv\/az\/wp-json\/wp\/v2\/media?parent=196257"}],"wp:term":[{"taxonomy":"category","embeddable":true,"href":"https:\/\/www.meydan.tv\/az\/wp-json\/wp\/v2\/categories?post=196257"},{"taxonomy":"post_tag","embeddable":true,"href":"https:\/\/www.meydan.tv\/az\/wp-json\/wp\/v2\/tags?post=196257"}],"curies":[{"name":"wp","href":"https:\/\/api.w.org\/{rel}","templated":true}]}}