{"id":196253,"date":"2019-07-18T12:24:06","date_gmt":"2019-07-18T12:24:06","guid":{"rendered":"https:\/\/www.meydan.tv\/article\/genc-ata-pulun-olmadisa-xosbextlik-de-cetin-olur\/"},"modified":"2019-07-18T12:24:06","modified_gmt":"2019-07-18T12:24:06","slug":"genc-ata-pulun-olmadisa-xosbextlik-de-cetin-olur","status":"publish","type":"post","link":"https:\/\/www.meydan.tv\/az\/article\/genc-ata-pulun-olmadisa-xosbextlik-de-cetin-olur\/","title":{"rendered":"G\u0259nc ata: Pulun olmad\u0131sa, xos\u0327b\u0259xtlik d\u0259 c\u0327\u0259tin olur"},"content":{"rendered":"<p>\n  <i><br \/>\n    &#x27;&#x27;G\u0259nc, kis\u0327i ibtidai sinif mu\u0308\u0259llimi &#8211; az\u0259rbaycanl\u0131 t\u0259s\u0259vvu\u0308ru\u0308n\u0259 uyg\u0306un deyil&#x27;&#x27;<br \/>\n  <\/i>\n<\/p>\n<p>\n  <i><br \/>\n    Ail\u0259sini doland\u0131rmaq u\u0308c\u0327u\u0308n xaric\u0259 u\u0308z tutan<br \/>\n  <\/i>\n<\/p>\n<p>\n  Cavidin 25 yas\u0327\u0131 var, ail\u0259lidir, 1 yas\u0327l\u0131 og\u0306ul atas\u0131d\u0131r. Tez-tez saat\u0131na bax\u0131r, is\u0327 yerind\u0259 vaxt\u0131nda olmal\u0131d\u0131r. I\u0307ndi onun o\u0308hd\u0259sind\u0259 says\u0131z ail\u0259 qayg\u0306\u0131lar\u0131, valideynlik m\u0259suliyy\u0259ti var. Deyir ki, Az\u0259rbaycanda g\u0259nc ata olmaq c\u0327ox c\u0327\u0259tindir:\n<\/p>\n<p>\n  \u201cT\u0259rt\u0259r rayonundanam. Pedoqoji Universitetin S\u0327amax\u0131 filial\u0131n\u0131 bitirmis\u0327\u0259m. I\u0307xtisas\u0131m ibtidai sinif mu\u0308\u0259llimliyidir. Mu\u0308\u0259llimliyi sevir\u0259m, amma mu\u0308\u0259llim ola bilm\u0259zdim. Dog\u0306rusu, \u0259traf\u0131n q\u0131nag\u0306\u0131ndan qorxdum. G\u0259nc, kis\u0327i ibtidai sinif mu\u0308\u0259llimi &#8211; az\u0259rbaycanl\u0131 t\u0259s\u0259vvu\u0308ru\u0308n\u0259 uyg\u0306un deyil. H\u0259m d\u0259 maas\u0327\u0131 c\u0327ox azd\u0131r. Bir qazanc\u0131m o oldu ki, h\u0259yat yoldas\u0327\u0131mla universitetd\u0259 tan\u0131s\u0327 oldum. M\u0259nd\u0259n bir kurs yuxar\u0131da oxuyurdu. 2017-ci il sentyabr ay\u0131nda evl\u0259ndik. \u018fslind\u0259 daha tez evl\u0259nm\u0259k ist\u0259yirdim, 2015- ci ild\u0259n nis\u0327anlanm\u0131s\u0327d\u0131q. Sad\u0259c\u0259 maddi probleml\u0259r, sosial t\u0259minat z\u0259if oldug\u0306una go\u0308r\u0259 bu q\u0259d\u0259r l\u0259ngidi\u201d.\n<\/p>\n<p>\n  <i><br \/>\n    \u201cPolis olmaq \u00fc\u00e7\u00fcn 10 min manat ist\u0259dil\u0259r\u201d<br \/>\n  <\/i>\n<\/p>\n<p>\n  Cavid deyir ki, indiy\u0259 kimi mu\u0308xt\u0259lif is\u0327l\u0259rd\u0259 is\u0327l\u0259s\u0259 d\u0259, valideynl\u0259ri onu polis go\u0308rm\u0259k ist\u0259yib. Amma xos\u0327b\u0259xtlikd\u0259n bu arzular\u0131 reallas\u0327may\u0131b:\n<\/p>\n<p>\n  \u201c\u018fsg\u0259rlikd\u0259n g\u0259ldikd\u0259n sonra atam h\u0259rbic\u0327i olmag\u0306\u0131m\u0131 ist\u0259di. Amma m\u0259n ist\u0259mirdim, oradak\u0131 sistemi bilirdim, do\u0308yu\u0308lm\u0259, so\u0308yu\u0308lm\u0259, yaltaql\u0131q v\u0259 s. &#8211; m\u0259nlik deyildi. B\u0259xtimd\u0259n d\u0259 ola bilm\u0259dim. Birinci normativ imtahanlardan kec\u0327dim, amma ikinci m\u0259rh\u0259l\u0259d\u0259 k\u0259sildim. Sonra atam dedi polis olum. H\u0259min vaxt T\u0259rt\u0259rd\u0259 do\u0308vl\u0259t\u0259 x\u0259yan\u0259tl\u0259 bag\u0306l\u0131 m\u0259s\u0259l\u0259l\u0259r bas\u0327lam\u0131s\u0327d\u0131, polis\u0259 ehtiyac vard\u0131. M\u0259n d\u0259 mu\u0308raci\u0259t el\u0259dim, yen\u0259 normativ imtahanlardan kec\u0327dim, ikinci m\u0259rh\u0259l\u0259d\u0259 10 min manat ru\u0308s\u0327v\u0259t ist\u0259dil\u0259r. G\u0259ldim atama dedim, o da fikrind\u0259n vaz kec\u0327di. Yaxs\u0327\u0131 ki bel\u0259 oldu, m\u0259n polis ola bilm\u0259zdim\u201d.\n<\/p>\n<figure class=\"wp-block-image size-large\">\n  <img decoding=\"async\" src=\"https:\/\/www.meydan.tv\/az\/image_from_ios-2-jpg-46\/\" alt=\"image_from_ios (2).jpg\" class=\"wp-image-126986\"\/><figcaption>\n    Cavid Nuruzad\u0259<br \/>\n  <\/figcaption><\/figure>\n<p>\n  H\u0259min mu\u0308dd\u0259td\u0259 o rayonlar\u0131nda k\u0259nd t\u0259s\u0259rru\u0308fat\u0131 il\u0259 m\u0259s\u0327g\u0306ul olub:\n<\/p>\n<p>\n  \u201c1 il yar\u0131m mu\u0308dd\u0259tind\u0259 rayonda yas\u0327ad\u0131m. T\u0259s\u0259rru\u0308fat\u0131m\u0131z var, onunla m\u0259s\u0327g\u0306ul oldum. Bag\u0306, heyvandarl\u0131q v\u0259 s. 2017-nin sentyabr ay\u0131nda evl\u0259ndim. H\u0259yat yoldas\u0327\u0131m ibtidai sinif mu\u0308\u0259llimi is\u0327l\u0259yirdi, m\u0259n d\u0259 ail\u0259y\u0259 yard\u0131mc\u0327\u0131 olmag\u0306a c\u0327al\u0131s\u0327\u0131rd\u0131m. Rayonda v\u0259ziyy\u0259t c\u0327ox pisdir, go\u0308ru\u0308rdu\u0308m ki, bel\u0259 al\u0131nmayacaq. Hec\u0327 bir perspektiv yox idi.\n<\/p>\n<p>\n  Bir d\u0259f\u0259 Bak\u0131ya g\u0259lmis\u0327dim. Dostlarla go\u0308ru\u0308s\u0327\u0259nd\u0259 t\u0259sadu\u0308f\u0259n so\u0308hb\u0259t xaricd\u0259 is\u0327l\u0259m\u0259kd\u0259n du\u0308s\u0327du\u0308. Dedil\u0259r, Pols\u0327ada yaxs\u0327\u0131 is\u0327 imkan\u0131 var, m\u0259nim d\u0259 ag\u0306l\u0131ma batd\u0131. Bas\u0327lad\u0131m s\u0259n\u0259d-su\u0308n\u0259d is\u0327l\u0259rin h\u0259ll etm\u0259y\u0259. 2500 manat x\u0259rcim c\u0327\u0131xd\u0131. O pulu da bankdan kredit go\u0308tu\u0308rmu\u0308s\u0327du\u0308m, h\u0259l\u0259 d\u0259 banka borcu bag\u0306laya bilm\u0259mis\u0327\u0259m.\n<\/p>\n<p>\n  <i><br \/>\n    Xaricd\u0259 ham\u0131 el\u0259 bilir ki, biz ham\u0131m\u0131z varl\u0131y\u0131q, c\u0327u\u0308nki neft o\u0308lk\u0259sind\u0259 yas\u0327ay\u0131r\u0131q<br \/>\n  <\/i>\n<\/p>\n<p>\n  Birt\u0259h\u0259r vizan\u0131 ald\u0131m. Sentyabrda Pols\u0327aya c\u0327atd\u0131m. Mis\u0327inec\u0327 deyil\u0259n s\u0327\u0259h\u0259rcik var, 12 gu\u0308n orada du\u0308lg\u0259r is\u0327l\u0259dim. Saat\u0131ma 5 manat al\u0131rd\u0131m. C\u0327ox ag\u0306\u0131r is\u0327 idi, c\u0327\u0259kdiyimiz \u0259ziyy\u0259t\u0259 d\u0259ymirdi. Polyaklarla mu\u0308bahis\u0259m du\u0308s\u0327du\u0308, m\u0259n\u0259 ag\u0306\u0131r is\u0327 verirdil\u0259r, o\u0308zl\u0259ri is\u0259 is\u0327d\u0259n yay\u0131n\u0131rd\u0131. Etiraz ed\u0259nd\u0259, m\u0259n\u0259 dedil\u0259r ki, bu pul h\u0259tta s\u0259n\u0259 c\u0327oxdu, g\u0259r\u0259k is\u0327l\u0259diyinin haqq\u0131n ver\u0259s\u0259n. I\u0307lk d\u0259f\u0259 onda yad o\u0308lk\u0259d\u0259 olmaq c\u0327ox pis t\u0259sir etdi. Fikirl\u0259s\u0327dim ki, o\u0308z o\u0308lk\u0259md\u0259 bu q\u0259d\u0259r s\u0259rv\u0259t, neft, qaz, imkan oldug\u0306u halda niy\u0259 go\u0308r\u0259 hans\u0131sa polyak m\u0259n\u0259 bu so\u0308zl\u0259ri dem\u0259lidir. Adama t\u0259sir ed\u0259n odur ki, xaricd\u0259 ham\u0131 el\u0259 bilir ki, biz ham\u0131m\u0131z varl\u0131y\u0131q, c\u0327u\u0308nki neft o\u0308lk\u0259sind\u0259 yas\u0327ay\u0131r\u0131q.\n<\/p>\n<p>\n  Aya 400 manat ev\u0259 go\u0308nd\u0259rirdim. Bilirdim ki, Bak\u0131da is\u0327l\u0259s\u0259m, bu pulu go\u0308nd\u0259r\u0259 bilm\u0259r\u0259m, \u0259n az\u0131ndan nec\u0327\u0259 yu\u0308z manat kiray\u0259 haqq\u0131 verm\u0259li olacam. Vars\u0327ava, Kielc\u0327i, Qdansk s\u0327\u0259h\u0259rl\u0259rind\u0259 is\u0327l\u0259dim. H\u0259r\u0259sind\u0259 az mu\u0308dd\u0259t olurdum, 10 gu\u0308n, 1 ay, 3 h\u0259ft\u0259 v\u0259 s. Yad\u0131ma g\u0259lir, Vars\u0327avada bir nec\u0327\u0259 az\u0259rbaycanl\u0131n\u0131n yaratd\u0131g\u0306\u0131 problem\u0259 go\u0308r\u0259 bu\u0308tu\u0308n az\u0259rbaycanl\u0131lar\u0131 qald\u0131g\u0306\u0131m\u0131z hosteld\u0259n qovdular. Q\u0131s\u0327 vaxt\u0131, o\u0308zu\u0308m d\u0259 is\u0327siz idim, gu\u0308cl\u0259 qalmag\u0306a yer tapd\u0131m. 1 ay pec\u0327enya v\u0259 c\u0327ay il\u0259 dolanm\u0131s\u0327am. Qdanskda zavodda is\u0327l\u0259yirdim, m\u0259nfi 18 d\u0259r\u0259c\u0259 temperatur var idi. Qald\u0131g\u0306\u0131m\u0131z hostelin sahibi polyak n\u0259n\u0259 idi, c\u0327ox yaxs\u0327\u0131 qad\u0131n idi. M\u0259n\u0259 isti paltarlar verdi ki, soyuq olmas\u0131n. Oradan c\u0327\u0131xmag\u0306\u0131m\u0131z ist\u0259mirdi, amma c\u0327\u0131xmal\u0131 olduq, c\u0327u\u0308nki c\u0327ox s\u0259liq\u0259siz, nat\u0259miz yer idi.\n<\/p>\n<p>\n  Kielc\u0327id\u0259 do\u0308n\u0259rc\u0327i is\u0327l\u0259dim. \u018fhm\u0259d var idi, tu\u0308rk, is\u0327l\u0259diyim yerin sahibl\u0259rind\u0259n biri idi. M\u0259niml\u0259 prinsip apar\u0131rd\u0131. Onun m\u0259n\u0259 el\u0259dikl\u0259rini yad\u0131ma salanda daha pis oluram. Yen\u0259 polyak\u0131 bas\u0327a du\u0308s\u0327m\u0259k olar, ortaq m\u0259d\u0259niyy\u0259ti, dini, dili bo\u0308lu\u0308s\u0327du\u0308yu\u0308mu\u0308z biri niy\u0259 bel\u0259 el\u0259sin ki?\u201d\n<\/p>\n<figure class=\"wp-block-image size-large\">\n  <img decoding=\"async\" src=\"https:\/\/www.meydan.tv\/az\/image_from_ios_hnr3rwv\/\" alt=\"image_from_ios_hnr3rwv\" class=\"wp-image-126974\"\/><figcaption>\n    Cavid Nuruzad\u0259<br \/>\n  <\/figcaption><\/figure>\n<p>\n  Onun so\u0308zl\u0259rin\u0259 go\u0308r\u0259, ruhdan du\u0308s\u0327du\u0308yu\u0308, u\u0308midsizliy\u0259 qap\u0131ld\u0131g\u0306\u0131 anlar c\u0327ox olub, amma h\u0259r d\u0259f\u0259 ail\u0259sinin varl\u0131g\u0306\u0131 ona stimul verib:\n<\/p>\n<p>\n  \u201cSubay vaxt\u0131 bos\u0327luqda idim, sanki m\u0259qs\u0259dsiz yas\u0327ay\u0131rd\u0131m, amma indi og\u0306luma, ail\u0259m\u0259 go\u0308r\u0259 yas\u0327ay\u0131ram. Og\u0306lum h\u0259r s\u0327eyimdir. \u018fn c\u0327\u0259tin an\u0131mda da du\u0308s\u0327u\u0308nu\u0308r\u0259m ki, og\u0306lum var, onu bo\u0308yu\u0308tm\u0259liy\u0259m. Bu ilin mart ay\u0131nda Bak\u0131ya do\u0308ndu\u0308m. Go\u0308rdu\u0308m bel\u0259 yas\u0327amaq olmur, ail\u0259 ayr\u0131, s\u0259n ayr\u0131 &#8211; al\u0131nm\u0131r. Q\u0259rar verdim ki, nec\u0259 d\u0259 olsa, ail\u0259min yan\u0131nda bir is\u0327 tapmal\u0131yam.\n<\/p>\n<p>\n  Yoldas\u0327\u0131m\u0131 da go\u0308tu\u0308ru\u0308b Bak\u0131ya g\u0259ldim. Haz\u0131rda kiray\u0259d\u0259 qal\u0131ram. 1 otaql\u0131 evdir, 300 manat kiray\u0259 haqq\u0131 veririk. Q\u0259na\u0259tl\u0259 x\u0259rcl\u0259s\u0259n, 300 manat dig\u0259r x\u0259rcl\u0259r\u0259 c\u0327\u0131x\u0131r. 600 manata birt\u0259h\u0259r dolanmaq olur. Evimiz m\u0259kt\u0259b\u0259 yax\u0131n yerl\u0259s\u0327ir, divarlara ibtidai sinif, ibtidai sinif\u0259 q\u0259d\u0259r us\u0327aqlar\u0131n haz\u0131rl\u0131g\u0306\u0131 il\u0259 bag\u0306l\u0131 elan vurmus\u0327am, yoldas\u0327\u0131m haz\u0131rlas\u0131n. H\u0259l\u0259 ki, 1 us\u0327aq haz\u0131rlas\u0327d\u0131r\u0131r. 50 manatdan 10 us\u0327aq haz\u0131rlas\u0327d\u0131rsa, 500 manat edir. Ail\u0259 bu\u0308dc\u0259miz\u0259 c\u0327ox xeyri olar. Ail\u0259 xos\u0327b\u0259xtliyi deyil\u0259n s\u0327ey \u0259sas puldan as\u0131l\u0131d\u0131r. Pulun olmad\u0131sa, xos\u0327b\u0259xtlik d\u0259 c\u0327\u0259tin olur.\n<\/p>\n<p>\n  Amma h\u0259r bir halda Az\u0259rbaycandan getm\u0259k laz\u0131md\u0131r. Burada pul h\u0259qiq\u0259t\u0259n das\u0327dan c\u0327\u0131x\u0131r. Bu d\u0259f\u0259 Pols\u0327aya getm\u0259y\u0259c\u0259m, Amerikan\u0131 fikirl\u0259s\u0327ir\u0259m\u201d.<\/p>\n","protected":false},"excerpt":{"rendered":"<p>Onun so\u0308zl\u0259rin\u0259 go\u0308r\u0259, ruhdan du\u0308s\u0327du\u0308yu\u0308, u\u0308midsizliy\u0259 qap\u0131ld\u0131g\u0306\u0131 anlar c\u0327ox olub, amma h\u0259r d\u0259f\u0259 ail\u0259sinin varl\u0131g\u0306\u0131 ona stimul verib<\/p>\n","protected":false},"author":11,"featured_media":126971,"comment_status":"closed","ping_status":"open","sticky":false,"template":"","format":"standard","meta":{"_acf_changed":false,"_sitemap_exclude":false,"_sitemap_priority":"","_sitemap_frequency":"","footnotes":""},"categories":[60],"tags":[],"class_list":["post-196253","post","type-post","status-publish","format-standard","has-post-thumbnail","hentry","category-bolge","infinite-scroll-item","generate-columns","tablet-grid-50","mobile-grid-100","grid-parent","grid-33","no-featured-image-padding"],"acf":[],"yoast_head":"<!-- This site is optimized with the Yoast SEO plugin v27.4 - https:\/\/yoast.com\/product\/yoast-seo-wordpress\/ -->\n<title>G\u0259nc ata: Pulun olmad\u0131sa, xos\u0327b\u0259xtlik d\u0259 c\u0327\u0259tin olur - MEYDAN.TV<\/title>\n<meta name=\"robots\" content=\"index, follow, max-snippet:-1, max-image-preview:large, max-video-preview:-1\" \/>\n<link rel=\"canonical\" href=\"https:\/\/www.meydan.tv\/az\/article\/genc-ata-pulun-olmadisa-xosbextlik-de-cetin-olur\/\" \/>\n<meta property=\"og:locale\" content=\"az_AZ\" \/>\n<meta property=\"og:type\" content=\"article\" \/>\n<meta property=\"og:title\" content=\"G\u0259nc ata: Pulun olmad\u0131sa, xos\u0327b\u0259xtlik d\u0259 c\u0327\u0259tin olur - MEYDAN.TV\" \/>\n<meta property=\"og:description\" content=\"Onun so\u0308zl\u0259rin\u0259 go\u0308r\u0259, ruhdan du\u0308s\u0327du\u0308yu\u0308, u\u0308midsizliy\u0259 qap\u0131ld\u0131g\u0306\u0131 anlar c\u0327ox olub, amma h\u0259r d\u0259f\u0259 ail\u0259sinin varl\u0131g\u0306\u0131 ona stimul verib\" \/>\n<meta property=\"og:url\" content=\"https:\/\/www.meydan.tv\/az\/article\/genc-ata-pulun-olmadisa-xosbextlik-de-cetin-olur\/\" \/>\n<meta property=\"og:site_name\" content=\"MEYDAN.TV\" \/>\n<meta property=\"article:published_time\" content=\"2019-07-18T12:24:06+00:00\" \/>\n<meta property=\"og:image\" content=\"https:\/\/www.meydan.tv\/wp-content\/uploads\/image_from_ios_1_pjd2mhg.jpg\" \/>\n\t<meta property=\"og:image:width\" content=\"1170\" \/>\n\t<meta property=\"og:image:height\" content=\"1560\" \/>\n\t<meta property=\"og:image:type\" content=\"image\/jpeg\" \/>\n<meta name=\"author\" content=\"user-manager\" \/>\n<meta name=\"twitter:card\" content=\"summary_large_image\" \/>\n<script type=\"application\/ld+json\" class=\"yoast-schema-graph\">{\"@context\":\"https:\\\/\\\/schema.org\",\"@graph\":[{\"@type\":\"Article\",\"@id\":\"https:\\\/\\\/www.meydan.tv\\\/az\\\/article\\\/genc-ata-pulun-olmadisa-xosbextlik-de-cetin-olur\\\/#article\",\"isPartOf\":{\"@id\":\"https:\\\/\\\/www.meydan.tv\\\/az\\\/article\\\/genc-ata-pulun-olmadisa-xosbextlik-de-cetin-olur\\\/\"},\"author\":{\"name\":\"user-manager\",\"@id\":\"https:\\\/\\\/www.meydan.tv\\\/az\\\/#\\\/schema\\\/person\\\/10d11eccf6da3662cf5fdab9806ea91a\"},\"headline\":\"G\u0259nc ata: Pulun olmad\u0131sa, xos\u0327b\u0259xtlik d\u0259 c\u0327\u0259tin olur\",\"datePublished\":\"2019-07-18T12:24:06+00:00\",\"mainEntityOfPage\":{\"@id\":\"https:\\\/\\\/www.meydan.tv\\\/az\\\/article\\\/genc-ata-pulun-olmadisa-xosbextlik-de-cetin-olur\\\/\"},\"wordCount\":1340,\"publisher\":{\"@id\":\"https:\\\/\\\/www.meydan.tv\\\/az\\\/#organization\"},\"image\":{\"@id\":\"https:\\\/\\\/www.meydan.tv\\\/az\\\/article\\\/genc-ata-pulun-olmadisa-xosbextlik-de-cetin-olur\\\/#primaryimage\"},\"thumbnailUrl\":\"https:\\\/\\\/www.meydan.tv\\\/wp-content\\\/uploads\\\/image_from_ios_1_pjd2mhg.jpg\",\"articleSection\":[\"B\u00f6lg\u0259\"],\"inLanguage\":\"az\"},{\"@type\":\"WebPage\",\"@id\":\"https:\\\/\\\/www.meydan.tv\\\/az\\\/article\\\/genc-ata-pulun-olmadisa-xosbextlik-de-cetin-olur\\\/\",\"url\":\"https:\\\/\\\/www.meydan.tv\\\/az\\\/article\\\/genc-ata-pulun-olmadisa-xosbextlik-de-cetin-olur\\\/\",\"name\":\"G\u0259nc ata: Pulun olmad\u0131sa, xos\u0327b\u0259xtlik d\u0259 c\u0327\u0259tin olur - MEYDAN.TV\",\"isPartOf\":{\"@id\":\"https:\\\/\\\/www.meydan.tv\\\/az\\\/#website\"},\"primaryImageOfPage\":{\"@id\":\"https:\\\/\\\/www.meydan.tv\\\/az\\\/article\\\/genc-ata-pulun-olmadisa-xosbextlik-de-cetin-olur\\\/#primaryimage\"},\"image\":{\"@id\":\"https:\\\/\\\/www.meydan.tv\\\/az\\\/article\\\/genc-ata-pulun-olmadisa-xosbextlik-de-cetin-olur\\\/#primaryimage\"},\"thumbnailUrl\":\"https:\\\/\\\/www.meydan.tv\\\/wp-content\\\/uploads\\\/image_from_ios_1_pjd2mhg.jpg\",\"datePublished\":\"2019-07-18T12:24:06+00:00\",\"breadcrumb\":{\"@id\":\"https:\\\/\\\/www.meydan.tv\\\/az\\\/article\\\/genc-ata-pulun-olmadisa-xosbextlik-de-cetin-olur\\\/#breadcrumb\"},\"inLanguage\":\"az\",\"potentialAction\":[{\"@type\":\"ReadAction\",\"target\":[\"https:\\\/\\\/www.meydan.tv\\\/az\\\/article\\\/genc-ata-pulun-olmadisa-xosbextlik-de-cetin-olur\\\/\"]}]},{\"@type\":\"ImageObject\",\"inLanguage\":\"az\",\"@id\":\"https:\\\/\\\/www.meydan.tv\\\/az\\\/article\\\/genc-ata-pulun-olmadisa-xosbextlik-de-cetin-olur\\\/#primaryimage\",\"url\":\"https:\\\/\\\/www.meydan.tv\\\/wp-content\\\/uploads\\\/image_from_ios_1_pjd2mhg.jpg\",\"contentUrl\":\"https:\\\/\\\/www.meydan.tv\\\/wp-content\\\/uploads\\\/image_from_ios_1_pjd2mhg.jpg\",\"width\":1170,\"height\":1560,\"caption\":\"Source: meydan tv\"},{\"@type\":\"BreadcrumbList\",\"@id\":\"https:\\\/\\\/www.meydan.tv\\\/az\\\/article\\\/genc-ata-pulun-olmadisa-xosbextlik-de-cetin-olur\\\/#breadcrumb\",\"itemListElement\":[{\"@type\":\"ListItem\",\"position\":1,\"name\":\"Ana s\u0259hif\u0259\",\"item\":\"https:\\\/\\\/www.meydan.tv\\\/az\\\/\"},{\"@type\":\"ListItem\",\"position\":2,\"name\":\"B\u00f6lg\u0259\",\"item\":\"https:\\\/\\\/www.meydan.tv\\\/az\\\/section\\\/bolge\\\/\"},{\"@type\":\"ListItem\",\"position\":3,\"name\":\"G\u0259nc ata: Pulun olmad\u0131sa, xos\u0327b\u0259xtlik d\u0259 c\u0327\u0259tin olur\"}]},{\"@type\":\"WebSite\",\"@id\":\"https:\\\/\\\/www.meydan.tv\\\/az\\\/#website\",\"url\":\"https:\\\/\\\/www.meydan.tv\\\/az\\\/\",\"name\":\"MEYDAN.TV\",\"description\":\"Meydan TV Az\u0259rbaycan\u0131n media m\u0259kan\u0131ndak\u0131 alternativ s\u0259sidir\",\"publisher\":{\"@id\":\"https:\\\/\\\/www.meydan.tv\\\/az\\\/#organization\"},\"potentialAction\":[{\"@type\":\"SearchAction\",\"target\":{\"@type\":\"EntryPoint\",\"urlTemplate\":\"https:\\\/\\\/www.meydan.tv\\\/az\\\/?s={search_term_string}\"},\"query-input\":{\"@type\":\"PropertyValueSpecification\",\"valueRequired\":true,\"valueName\":\"search_term_string\"}}],\"inLanguage\":\"az\"},{\"@type\":\"Organization\",\"@id\":\"https:\\\/\\\/www.meydan.tv\\\/az\\\/#organization\",\"name\":\"Meydan TV\",\"url\":\"https:\\\/\\\/www.meydan.tv\\\/az\\\/\",\"logo\":{\"@type\":\"ImageObject\",\"inLanguage\":\"az\",\"@id\":\"https:\\\/\\\/www.meydan.tv\\\/az\\\/#\\\/schema\\\/logo\\\/image\\\/\",\"url\":\"https:\\\/\\\/www.meydan.tv\\\/wp-content\\\/uploads\\\/2021\\\/07\\\/meydan-logo.svg\",\"contentUrl\":\"https:\\\/\\\/www.meydan.tv\\\/wp-content\\\/uploads\\\/2021\\\/07\\\/meydan-logo.svg\",\"width\":195,\"height\":46,\"caption\":\"Meydan TV\"},\"image\":{\"@id\":\"https:\\\/\\\/www.meydan.tv\\\/az\\\/#\\\/schema\\\/logo\\\/image\\\/\"}},{\"@type\":\"Person\",\"@id\":\"https:\\\/\\\/www.meydan.tv\\\/az\\\/#\\\/schema\\\/person\\\/10d11eccf6da3662cf5fdab9806ea91a\",\"name\":\"user-manager\"}]}<\/script>\n<!-- \/ Yoast SEO plugin. -->","yoast_head_json":{"title":"G\u0259nc ata: Pulun olmad\u0131sa, xos\u0327b\u0259xtlik d\u0259 c\u0327\u0259tin olur - MEYDAN.TV","robots":{"index":"index","follow":"follow","max-snippet":"max-snippet:-1","max-image-preview":"max-image-preview:large","max-video-preview":"max-video-preview:-1"},"canonical":"https:\/\/www.meydan.tv\/az\/article\/genc-ata-pulun-olmadisa-xosbextlik-de-cetin-olur\/","og_locale":"az_AZ","og_type":"article","og_title":"G\u0259nc ata: Pulun olmad\u0131sa, xos\u0327b\u0259xtlik d\u0259 c\u0327\u0259tin olur - MEYDAN.TV","og_description":"Onun so\u0308zl\u0259rin\u0259 go\u0308r\u0259, ruhdan du\u0308s\u0327du\u0308yu\u0308, u\u0308midsizliy\u0259 qap\u0131ld\u0131g\u0306\u0131 anlar c\u0327ox olub, amma h\u0259r d\u0259f\u0259 ail\u0259sinin varl\u0131g\u0306\u0131 ona stimul verib","og_url":"https:\/\/www.meydan.tv\/az\/article\/genc-ata-pulun-olmadisa-xosbextlik-de-cetin-olur\/","og_site_name":"MEYDAN.TV","article_published_time":"2019-07-18T12:24:06+00:00","og_image":[{"width":1170,"height":1560,"url":"https:\/\/www.meydan.tv\/wp-content\/uploads\/image_from_ios_1_pjd2mhg.jpg","type":"image\/jpeg"}],"author":"user-manager","twitter_card":"summary_large_image","schema":{"@context":"https:\/\/schema.org","@graph":[{"@type":"Article","@id":"https:\/\/www.meydan.tv\/az\/article\/genc-ata-pulun-olmadisa-xosbextlik-de-cetin-olur\/#article","isPartOf":{"@id":"https:\/\/www.meydan.tv\/az\/article\/genc-ata-pulun-olmadisa-xosbextlik-de-cetin-olur\/"},"author":{"name":"user-manager","@id":"https:\/\/www.meydan.tv\/az\/#\/schema\/person\/10d11eccf6da3662cf5fdab9806ea91a"},"headline":"G\u0259nc ata: Pulun olmad\u0131sa, xos\u0327b\u0259xtlik d\u0259 c\u0327\u0259tin olur","datePublished":"2019-07-18T12:24:06+00:00","mainEntityOfPage":{"@id":"https:\/\/www.meydan.tv\/az\/article\/genc-ata-pulun-olmadisa-xosbextlik-de-cetin-olur\/"},"wordCount":1340,"publisher":{"@id":"https:\/\/www.meydan.tv\/az\/#organization"},"image":{"@id":"https:\/\/www.meydan.tv\/az\/article\/genc-ata-pulun-olmadisa-xosbextlik-de-cetin-olur\/#primaryimage"},"thumbnailUrl":"https:\/\/www.meydan.tv\/wp-content\/uploads\/image_from_ios_1_pjd2mhg.jpg","articleSection":["B\u00f6lg\u0259"],"inLanguage":"az"},{"@type":"WebPage","@id":"https:\/\/www.meydan.tv\/az\/article\/genc-ata-pulun-olmadisa-xosbextlik-de-cetin-olur\/","url":"https:\/\/www.meydan.tv\/az\/article\/genc-ata-pulun-olmadisa-xosbextlik-de-cetin-olur\/","name":"G\u0259nc ata: Pulun olmad\u0131sa, xos\u0327b\u0259xtlik d\u0259 c\u0327\u0259tin olur - MEYDAN.TV","isPartOf":{"@id":"https:\/\/www.meydan.tv\/az\/#website"},"primaryImageOfPage":{"@id":"https:\/\/www.meydan.tv\/az\/article\/genc-ata-pulun-olmadisa-xosbextlik-de-cetin-olur\/#primaryimage"},"image":{"@id":"https:\/\/www.meydan.tv\/az\/article\/genc-ata-pulun-olmadisa-xosbextlik-de-cetin-olur\/#primaryimage"},"thumbnailUrl":"https:\/\/www.meydan.tv\/wp-content\/uploads\/image_from_ios_1_pjd2mhg.jpg","datePublished":"2019-07-18T12:24:06+00:00","breadcrumb":{"@id":"https:\/\/www.meydan.tv\/az\/article\/genc-ata-pulun-olmadisa-xosbextlik-de-cetin-olur\/#breadcrumb"},"inLanguage":"az","potentialAction":[{"@type":"ReadAction","target":["https:\/\/www.meydan.tv\/az\/article\/genc-ata-pulun-olmadisa-xosbextlik-de-cetin-olur\/"]}]},{"@type":"ImageObject","inLanguage":"az","@id":"https:\/\/www.meydan.tv\/az\/article\/genc-ata-pulun-olmadisa-xosbextlik-de-cetin-olur\/#primaryimage","url":"https:\/\/www.meydan.tv\/wp-content\/uploads\/image_from_ios_1_pjd2mhg.jpg","contentUrl":"https:\/\/www.meydan.tv\/wp-content\/uploads\/image_from_ios_1_pjd2mhg.jpg","width":1170,"height":1560,"caption":"Source: meydan tv"},{"@type":"BreadcrumbList","@id":"https:\/\/www.meydan.tv\/az\/article\/genc-ata-pulun-olmadisa-xosbextlik-de-cetin-olur\/#breadcrumb","itemListElement":[{"@type":"ListItem","position":1,"name":"Ana s\u0259hif\u0259","item":"https:\/\/www.meydan.tv\/az\/"},{"@type":"ListItem","position":2,"name":"B\u00f6lg\u0259","item":"https:\/\/www.meydan.tv\/az\/section\/bolge\/"},{"@type":"ListItem","position":3,"name":"G\u0259nc ata: Pulun olmad\u0131sa, xos\u0327b\u0259xtlik d\u0259 c\u0327\u0259tin olur"}]},{"@type":"WebSite","@id":"https:\/\/www.meydan.tv\/az\/#website","url":"https:\/\/www.meydan.tv\/az\/","name":"MEYDAN.TV","description":"Meydan TV Az\u0259rbaycan\u0131n media m\u0259kan\u0131ndak\u0131 alternativ s\u0259sidir","publisher":{"@id":"https:\/\/www.meydan.tv\/az\/#organization"},"potentialAction":[{"@type":"SearchAction","target":{"@type":"EntryPoint","urlTemplate":"https:\/\/www.meydan.tv\/az\/?s={search_term_string}"},"query-input":{"@type":"PropertyValueSpecification","valueRequired":true,"valueName":"search_term_string"}}],"inLanguage":"az"},{"@type":"Organization","@id":"https:\/\/www.meydan.tv\/az\/#organization","name":"Meydan TV","url":"https:\/\/www.meydan.tv\/az\/","logo":{"@type":"ImageObject","inLanguage":"az","@id":"https:\/\/www.meydan.tv\/az\/#\/schema\/logo\/image\/","url":"https:\/\/www.meydan.tv\/wp-content\/uploads\/2021\/07\/meydan-logo.svg","contentUrl":"https:\/\/www.meydan.tv\/wp-content\/uploads\/2021\/07\/meydan-logo.svg","width":195,"height":46,"caption":"Meydan TV"},"image":{"@id":"https:\/\/www.meydan.tv\/az\/#\/schema\/logo\/image\/"}},{"@type":"Person","@id":"https:\/\/www.meydan.tv\/az\/#\/schema\/person\/10d11eccf6da3662cf5fdab9806ea91a","name":"user-manager"}]}},"_links":{"self":[{"href":"https:\/\/www.meydan.tv\/az\/wp-json\/wp\/v2\/posts\/196253","targetHints":{"allow":["GET"]}}],"collection":[{"href":"https:\/\/www.meydan.tv\/az\/wp-json\/wp\/v2\/posts"}],"about":[{"href":"https:\/\/www.meydan.tv\/az\/wp-json\/wp\/v2\/types\/post"}],"author":[{"embeddable":true,"href":"https:\/\/www.meydan.tv\/az\/wp-json\/wp\/v2\/users\/11"}],"replies":[{"embeddable":true,"href":"https:\/\/www.meydan.tv\/az\/wp-json\/wp\/v2\/comments?post=196253"}],"version-history":[{"count":0,"href":"https:\/\/www.meydan.tv\/az\/wp-json\/wp\/v2\/posts\/196253\/revisions"}],"wp:featuredmedia":[{"embeddable":true,"href":"https:\/\/www.meydan.tv\/az\/wp-json\/wp\/v2\/media\/126971"}],"wp:attachment":[{"href":"https:\/\/www.meydan.tv\/az\/wp-json\/wp\/v2\/media?parent=196253"}],"wp:term":[{"taxonomy":"category","embeddable":true,"href":"https:\/\/www.meydan.tv\/az\/wp-json\/wp\/v2\/categories?post=196253"},{"taxonomy":"post_tag","embeddable":true,"href":"https:\/\/www.meydan.tv\/az\/wp-json\/wp\/v2\/tags?post=196253"}],"curies":[{"name":"wp","href":"https:\/\/api.w.org\/{rel}","templated":true}]}}