{"id":196252,"date":"2019-07-18T06:33:30","date_gmt":"2019-07-18T06:33:30","guid":{"rendered":"https:\/\/www.meydan.tv\/article\/saatli-sakini-usaqlarin-baxislarindan-gizlenmeye-calisiram\/"},"modified":"2019-07-18T06:33:30","modified_gmt":"2019-07-18T06:33:30","slug":"saatli-sakini-usaqlarin-baxislarindan-gizlenmeye-calisiram","status":"publish","type":"post","link":"https:\/\/www.meydan.tv\/az\/article\/saatli-sakini-usaqlarin-baxislarindan-gizlenmeye-calisiram\/","title":{"rendered":"Saatl\u0131 sakini: U\u015faqlar\u0131n bax\u0131\u015flar\u0131ndan gizl\u0259nm\u0259y\u0259 \u00e7al\u0131\u015f\u0131ram"},"content":{"rendered":"<p>\n  <i><br \/>\n    Elnur S\u0259f\u0259rov h\u0259m x\u0259st\u0259likd\u0259n, h\u0259m d\u0259 s\u0259fal\u0259td\u0259n \u0259ziyy\u0259t \u00e7\u0259kdiyini deyir<br \/>\n  <\/i>\n<\/p>\n<p>\n  \u201cS\u0259h\u0259rd\u0259n ax\u015fama kimi evd\u0259n \u00e7\u0131x\u0131b \u00e7\u00f6r\u0259k axtar\u0131ram, ax\u015fam \u0259limi-qolumu sallay\u0131b ev\u0259 gir\u0259nd\u0259 hiss edir\u0259m ki, u\u015faqlar m\u0259nd\u0259n k\u00fcs\u00fcb. H\u0259rd\u0259n az qal\u0131ram \u00f6z can\u0131ma q\u0259sd el\u0259yim, u\u015faqlar\u0131n ac bax\u0131\u015flar\u0131ndan gizl\u0259nm\u0259y\u0259 \u00e7al\u0131\u015f\u0131ram, yen\u0259 olmur\u201d.\n<\/p>\n<p>\n  Saatl\u0131n\u0131n Qara Nuru k\u0259nd sakini, 36 ya\u015fl\u0131 Elnur S\u0259f\u0259rov deyir bunlar\u0131\u2026 O, ail\u0259 ba\u015f\u00e7\u0131s\u0131d\u0131r, ancaq i\u015fsizlik v\u0259 x\u0259st\u0259liyin\u0259 g\u00f6r\u0259 ail\u0259sinin yan\u0131nda \u00f6z\u00fc demi\u015fk\u0259n, boynu b\u00fck\u00fck qal\u0131b.\n<\/p>\n<p>\n  Elnur S\u0259f\u0259rovun iki azya\u015fl\u0131 \u00f6vlad\u0131 var. Q\u0131z\u0131 14 ya\u015f\u0131ndad\u0131r, m\u0259kt\u0259blidir. Ancaq ata deyir, imkans\u0131zl\u0131qdan \u00e7ox vaxt V\u00fcsal\u0259ni m\u0259kt\u0259b\u0259 yollaya bilmir. O\u011flunun 6 ya\u015f\u0131 var, m\u0259kt\u0259b\u0259 getm\u0259lidir, n\u0259 m\u0259kt\u0259b l\u0259vazimatlar\u0131n\u0131, n\u0259 d\u0259 geyimini alma\u011fa imkan\u0131 var. O\u011flunun da m\u0259kt\u0259b\u0259 getm\u0259si sual alt\u0131na d\u00fc\u015f\u00fcb. Ata deyir, h\u0259l\u0259 bunlar sonran\u0131n i\u015fidir, bu u\u015faqlar he\u00e7 qarn\u0131dolusu yem\u0259k d\u0259 yemirl\u0259r.\n<\/p>\n<p>\n  <i><br \/>\n    \u201c\u00c7ox vaxt ac yat\u0131rlar\u201d<br \/>\n  <\/i>\n<\/p>\n<p>\n  \u201cU\u015faqlar \u00e7ox vaxt ac yat\u0131rlar. Art\u0131q buna \u00f6yr\u0259\u015fibl\u0259r. Vaxtil\u0259 da\u015f da\u015f\u0131m\u0131\u015fam, belimd\u0259 qrija \u0259m\u0259l\u0259 g\u0259lib. Br\u00fcselyoz x\u0259st\u0259liyind\u0259n \u0259ziyy\u0259t \u00e7\u0259kir\u0259m. Br\u00fcselyoza g\u00f6r\u0259 d\u0259f\u0259l\u0259rl\u0259 y\u00fcks\u0259k h\u0259rar\u0259td\u0259n hu\u015fumu itirmi\u015f\u0259m, m\u00fcalic\u0259 ala bilm\u0259diyim \u00fc\u00e7\u00fcn h\u0259rar\u0259t n\u0259tic\u0259sind\u0259 ciy\u0259rl\u0259rim, b\u00f6yr\u0259kl\u0259rim s\u0131radan \u00e7\u0131x\u0131b, n\u0259 br\u00fcselyozdan, n\u0259 d\u0259 o x\u0259st\u0259liyin s\u0131radan \u00e7\u0131xard\u0131\u011f\u0131 orqanlardan m\u00fcalic\u0259 imkan\u0131m var. U\u015faqlar\u0131n ikisi d\u0259 burun-bo\u011faz \u0259m\u0259liyyat\u0131 olunmal\u0131d\u0131r, gec\u0259l\u0259r yatanda bo\u011fulurlar, h\u0259yat yolda\u015f\u0131m k\u0259skin anemiyadan \u0259ziyy\u0259t \u00e7\u0259kir. D\u0259rin m\u00fcalic\u0259, g\u00fccl\u00fc qidalanmaq laz\u0131md\u0131r. He\u00e7 n\u0259y\u0259 g\u00fcc\u00fcm \u00e7atm\u0131r, art\u0131q kas\u0131b\u00e7\u0131l\u0131qla m\u00fcbariz\u0259 apara bilmir\u0259m, h\u0259rd\u0259n \u00f6z\u00fcm\u00fc \u00f6ld\u00fcrm\u0259k ist\u0259yir\u0259m,\u201d- Elnur S\u0259f\u0259rov bel\u0259 deyir.\n<\/p>\n<p>\n  <i><br \/>\n    \u00dcnvanl\u0131 sosial yard\u0131m ala bilmir<br \/>\n  <\/i>\n<\/p>\n<p>\n  Elnur S\u0259f\u0259rov \u00fcnvanl\u0131 sosial yard\u0131m \u00fc\u00e7\u00fcn m\u00fcvafiq quruma m\u00fcraci\u0259t edib. Dem\u0259sin\u0259 g\u00f6r\u0259, ondan pay torpa\u011f\u0131\u0131n \u00c7\u0131xar\u0131\u015f\u0131 t\u0259l\u0259b olunur. O is\u0259 deyir, bu \u00c7\u0131xar\u0131\u015f\u0131 \u0259ld\u0259 etm\u0259k \u00fc\u00e7\u00fcn 500 manat x\u0259rc \u00e7\u0259km\u0259lidir:\n<\/p>\n<p>\n  \u201cEl\u0259 s\u0259n\u0259dl\u0259r t\u0259l\u0259b olunur ki, o s\u0259n\u0259dl\u0259ri \u0259ld\u0259 etm\u0259k m\u00fcmk\u00fcn deyil. \u00c7\u0131xar\u0131\u015fa g\u00f6r\u0259 m\u0259nd\u0259n 500 manat ist\u0259nilir. M\u0259nim k\u00f6rp\u0259l\u0259rim ac\u0131ndan k\u00f6p\u00fck qusur, bunlar m\u0259nd\u0259n r\u00fc\u015fv\u0259t ist\u0259yir. Hals\u0131z, x\u0259st\u0259 can\u0131mla xeyli idar\u0259 qap\u0131lar\u0131nda qald\u0131m, bir-birl\u0259rinin \u00fcst\u00fcn\u0259 \u00f6t\u00fcrd\u00fcl\u0259r. Ax\u0131rda dedil\u0259r, 500 manat x\u0259rci var. H\u0259l\u0259 bununla da i\u015f bitmir. 500 manat\u0131m olsayd\u0131, gedib m\u00fcalic\u0259 alard\u0131m, ayaq \u00fcst\u0259 dayana bil\u0259rdim, hamball\u0131q el\u0259yib bir tik\u0259 \u00e7\u00f6r\u0259k qazanard\u0131m\u201d.\n<\/p>\n<figure class=\"wp-block-image size-large\">\n  <img decoding=\"async\" src=\"https:\/\/www.meydan.tv\/az\/image_from_ios-4-jpg-42\/\" alt=\"image_from_ios (4).jpg\" class=\"wp-image-126959\"\/><figcaption>\n    S\u0259f\u0259rovun evi<br \/>\n  <\/figcaption><\/figure>\n<p>\n  B\u0259zi m\u0259lumatlar\u0131 d\u0259qiql\u0259\u015fdirm\u0259k \u00fc\u00e7\u00fcn Elnur S\u0259f\u0259rovla n\u00f6vb\u0259ti d\u0259f\u0259 telefon \u0259laq\u0259si saxlayanda, o, da\u015f da\u015f\u0131maq \u00fc\u00e7\u00fcn ba\u015fqa k\u0259ndd\u0259 idi. Ancaq hiss olunurdu ki, x\u0259ttin o ba\u015f\u0131nda q\u0259h\u0259r bo\u011faz\u0131nda d\u00fcy\u00fcnl\u0259nmi\u015fdi:\n<\/p>\n<p>\n  \u201cE\u015fitdim bu k\u0259ndd\u0259 da\u015f da\u015f\u0131maq laz\u0131md\u0131r, birt\u0259h\u0259r can\u0131m\u0131 di\u015fim\u0259 tutub g\u0259lmi\u015f\u0259m. \u0130\u015fi ver\u0259n adam deyir, s\u0259n\u0259 q\u0131ymaram da\u015f qald\u0131rasan, h\u0259rar\u0259td\u0259n yan\u0131rsan, hals\u0131zsan\u2026 U\u015faqlarsa evd\u0259 m\u0259ni g\u00f6zl\u0259yir, on manat aparmal\u0131yam, \u00e7\u00f6r\u0259k, q\u0259nd almal\u0131yam\u2026\u201d\n<\/p>\n<p>\n  <i><br \/>\n    \u201cOna qanunvericiliyin t\u0259l\u0259bl\u0259ri izah edilib\u201d<br \/>\n  <\/i>\n<\/p>\n<p>\n  Saatl\u0131 Rayon \u0130cra Hakimiyy\u0259tind\u0259n Meydan TV-y\u0259 bildirilib ki, Elnur S\u0259f\u0259rov i\u015f v\u0259 \u00fcnvanl\u0131 sosial yard\u0131m\u0131n t\u0259yin olunmas\u0131na k\u00f6m\u0259k olunmas\u0131 \u00fc\u00e7\u00fcn quruma m\u00fcraci\u0259t edib. Onu ba\u015f\u00e7\u0131n\u0131n m\u00fcavinl\u0259ri v\u0259 Aparat\u0131n \u015f\u00f6b\u0259 m\u00fcdirl\u0259ri q\u0259bul edib, dinl\u0259yib: \u201cV\u0259t\u0259nda\u015fa qanunvericiliyin t\u0259l\u0259bl\u0259ri izah edilib. Ona bildirilib ki, i\u015fsizlik \u00fc\u00e7\u00fcn rayondak\u0131 M\u0259\u015f\u011fulluq M\u0259rk\u0259zin\u0259, \u00fcnvanl\u0131 sossial yard\u0131m \u00fc\u00e7\u00fcn is\u0259 \u018fm\u0259k v\u0259 \u018fhalinin Sosial M\u00fcdafi\u0259si Nazirliyin\u0259 m\u00fcraci\u0259t etm\u0259lidir. V\u0259t\u0259nda\u015flar el\u0259 d\u00fc\u015f\u00fcn\u00fcrl\u0259r ki, b\u00fct\u00fcn probleml\u0259rin h\u0259lli yerli icra hakimiyy\u0259tind\u0259dir. \u0130cra hakimiyy\u0259tinin el\u0259 bir b\u00fcdc\u0259si yoxdur ki, v\u0259t\u0259nda\u015flar\u0131 m\u00fct\u0259madi maddi yard\u0131mla, i\u015fl\u0259 t\u0259min etsin. Bununla m\u0259\u015f\u011ful olmal\u0131 m\u00fcvafiq qurumlar var\u201d.\n<\/p>\n<p>\n  Saatl\u0131 Rayon Sosial M\u00fcdafi\u0259 M\u0259rk\u0259zind\u0259n bildirilib ki, Elnur S\u0259f\u0259rova \u00fcnvanl\u0131 sosial yard\u0131m \u00fc\u00e7\u00fcn m\u00fcraci\u0259tl\u0259 ba\u011fl\u0131 t\u0259l\u0259b olunan s\u0259n\u0259dl\u0259rin siyah\u0131s\u0131 verilib. \u201cV\u0259t\u0259nda\u015fa izah olunub ki, \u018fm\u0259k v\u0259 \u018fhalinin Sosial M\u00fcdafi\u0259si Nazirliyi yan\u0131nda yarad\u0131lm\u0131\u015f VEMTAS Proqram\u0131na elektron qaydada m\u00fcvafiq s\u0259n\u0259dl\u0259r t\u0259qdim edilm\u0259lidir. Ancaq v\u0259t\u0259nda\u015f h\u0259l\u0259 d\u0259 bu \u0259m\u0259liyyat\u0131 h\u0259yata ke\u00e7irm\u0259yib. T\u0259l\u0259b olunan s\u0259n\u0259dl\u0259r t\u0259qdim olunduqdan sonra ara\u015fd\u0131rmalar\u0131n n\u0259tic\u0259sind\u0259n as\u0131l\u0131 olaraq \u00fcnvanl\u0131 sosial yard\u0131m t\u0259yin edilir v\u0259 ya imtina olunur\u201d.\n<\/p>\n<p>\n  Elnur S\u0259f\u0259rovsa deyir, r\u0259smi qurumlar\u0131n bu cavablar\u0131na nec\u0259 dey\u0259rl\u0259r, \u201cqarn\u0131 toxdur\u201d. Ancaq m\u00fcalic\u0259, i\u015f, \u00fcnvanl\u0131 sosial yard\u0131m \u00fc\u00e7\u00fcn \u00fcz tutdu\u011fu qurumlardan e\u015fitdiyi na\u011f\u0131llar\u0131 azya\u015fl\u0131 \u00f6vladlar\u0131na dan\u0131\u015fa bilmir. Bu na\u011f\u0131llar h\u0259r g\u00fcn ac bax\u0131\u015flar\u0131 ona zill\u0259n\u0259n azya\u015fl\u0131 balalar\u0131n\u0131n qarn\u0131n\u0131 doydurma\u011fa yet\u0259rli deyil.\n<\/p>\n<figure class=\"wp-block-image size-large\">\n  <img decoding=\"async\" src=\"https:\/\/www.meydan.tv\/az\/image_from_ios-5-jpg-24\/\" alt=\"image_from_ios (5).jpg\" class=\"wp-image-126962\"\/><figcaption>\n    ev<br \/>\n  <\/figcaption><\/figure>\n","protected":false},"excerpt":{"rendered":"<p>\u201cU\u015faqlarsa evd\u0259 m\u0259ni g\u00f6zl\u0259yir, on manat aparmal\u0131yam, \u00e7\u00f6r\u0259k, q\u0259nd almal\u0131yam\u2026\u201d<\/p>\n","protected":false},"author":11,"featured_media":126956,"comment_status":"closed","ping_status":"open","sticky":false,"template":"","format":"standard","meta":{"_acf_changed":false,"_sitemap_exclude":false,"_sitemap_priority":"","_sitemap_frequency":"","footnotes":""},"categories":[60],"tags":[],"class_list":["post-196252","post","type-post","status-publish","format-standard","has-post-thumbnail","hentry","category-bolge","infinite-scroll-item","generate-columns","tablet-grid-50","mobile-grid-100","grid-parent","grid-33","no-featured-image-padding"],"acf":[],"yoast_head":"<!-- This site is optimized with the Yoast SEO plugin v27.4 - https:\/\/yoast.com\/product\/yoast-seo-wordpress\/ -->\n<title>Saatl\u0131 sakini: U\u015faqlar\u0131n bax\u0131\u015flar\u0131ndan gizl\u0259nm\u0259y\u0259 \u00e7al\u0131\u015f\u0131ram - MEYDAN.TV<\/title>\n<meta name=\"robots\" content=\"index, follow, max-snippet:-1, max-image-preview:large, max-video-preview:-1\" \/>\n<link rel=\"canonical\" href=\"https:\/\/www.meydan.tv\/az\/article\/saatli-sakini-usaqlarin-baxislarindan-gizlenmeye-calisiram\/\" \/>\n<meta property=\"og:locale\" content=\"az_AZ\" \/>\n<meta property=\"og:type\" content=\"article\" \/>\n<meta property=\"og:title\" content=\"Saatl\u0131 sakini: U\u015faqlar\u0131n bax\u0131\u015flar\u0131ndan gizl\u0259nm\u0259y\u0259 \u00e7al\u0131\u015f\u0131ram - MEYDAN.TV\" \/>\n<meta property=\"og:description\" content=\"\u201cU\u015faqlarsa evd\u0259 m\u0259ni g\u00f6zl\u0259yir, on manat aparmal\u0131yam, \u00e7\u00f6r\u0259k, q\u0259nd almal\u0131yam\u2026\u201d\" \/>\n<meta property=\"og:url\" content=\"https:\/\/www.meydan.tv\/az\/article\/saatli-sakini-usaqlarin-baxislarindan-gizlenmeye-calisiram\/\" \/>\n<meta property=\"og:site_name\" content=\"MEYDAN.TV\" \/>\n<meta property=\"article:published_time\" content=\"2019-07-18T06:33:30+00:00\" \/>\n<meta property=\"og:image\" content=\"https:\/\/www.meydan.tv\/wp-content\/uploads\/image_from_ios_mlih6jl.jpg\" \/>\n\t<meta property=\"og:image:width\" content=\"1280\" \/>\n\t<meta property=\"og:image:height\" content=\"720\" \/>\n\t<meta property=\"og:image:type\" content=\"image\/jpeg\" \/>\n<meta name=\"author\" content=\"user-manager\" \/>\n<meta name=\"twitter:card\" content=\"summary_large_image\" \/>\n<script type=\"application\/ld+json\" class=\"yoast-schema-graph\">{\"@context\":\"https:\\\/\\\/schema.org\",\"@graph\":[{\"@type\":\"Article\",\"@id\":\"https:\\\/\\\/www.meydan.tv\\\/az\\\/article\\\/saatli-sakini-usaqlarin-baxislarindan-gizlenmeye-calisiram\\\/#article\",\"isPartOf\":{\"@id\":\"https:\\\/\\\/www.meydan.tv\\\/az\\\/article\\\/saatli-sakini-usaqlarin-baxislarindan-gizlenmeye-calisiram\\\/\"},\"author\":{\"name\":\"user-manager\",\"@id\":\"https:\\\/\\\/www.meydan.tv\\\/az\\\/#\\\/schema\\\/person\\\/10d11eccf6da3662cf5fdab9806ea91a\"},\"headline\":\"Saatl\u0131 sakini: U\u015faqlar\u0131n bax\u0131\u015flar\u0131ndan gizl\u0259nm\u0259y\u0259 \u00e7al\u0131\u015f\u0131ram\",\"datePublished\":\"2019-07-18T06:33:30+00:00\",\"mainEntityOfPage\":{\"@id\":\"https:\\\/\\\/www.meydan.tv\\\/az\\\/article\\\/saatli-sakini-usaqlarin-baxislarindan-gizlenmeye-calisiram\\\/\"},\"wordCount\":1029,\"publisher\":{\"@id\":\"https:\\\/\\\/www.meydan.tv\\\/az\\\/#organization\"},\"image\":{\"@id\":\"https:\\\/\\\/www.meydan.tv\\\/az\\\/article\\\/saatli-sakini-usaqlarin-baxislarindan-gizlenmeye-calisiram\\\/#primaryimage\"},\"thumbnailUrl\":\"https:\\\/\\\/www.meydan.tv\\\/wp-content\\\/uploads\\\/image_from_ios_mlih6jl.jpg\",\"articleSection\":[\"B\u00f6lg\u0259\"],\"inLanguage\":\"az\"},{\"@type\":\"WebPage\",\"@id\":\"https:\\\/\\\/www.meydan.tv\\\/az\\\/article\\\/saatli-sakini-usaqlarin-baxislarindan-gizlenmeye-calisiram\\\/\",\"url\":\"https:\\\/\\\/www.meydan.tv\\\/az\\\/article\\\/saatli-sakini-usaqlarin-baxislarindan-gizlenmeye-calisiram\\\/\",\"name\":\"Saatl\u0131 sakini: U\u015faqlar\u0131n bax\u0131\u015flar\u0131ndan gizl\u0259nm\u0259y\u0259 \u00e7al\u0131\u015f\u0131ram - MEYDAN.TV\",\"isPartOf\":{\"@id\":\"https:\\\/\\\/www.meydan.tv\\\/az\\\/#website\"},\"primaryImageOfPage\":{\"@id\":\"https:\\\/\\\/www.meydan.tv\\\/az\\\/article\\\/saatli-sakini-usaqlarin-baxislarindan-gizlenmeye-calisiram\\\/#primaryimage\"},\"image\":{\"@id\":\"https:\\\/\\\/www.meydan.tv\\\/az\\\/article\\\/saatli-sakini-usaqlarin-baxislarindan-gizlenmeye-calisiram\\\/#primaryimage\"},\"thumbnailUrl\":\"https:\\\/\\\/www.meydan.tv\\\/wp-content\\\/uploads\\\/image_from_ios_mlih6jl.jpg\",\"datePublished\":\"2019-07-18T06:33:30+00:00\",\"breadcrumb\":{\"@id\":\"https:\\\/\\\/www.meydan.tv\\\/az\\\/article\\\/saatli-sakini-usaqlarin-baxislarindan-gizlenmeye-calisiram\\\/#breadcrumb\"},\"inLanguage\":\"az\",\"potentialAction\":[{\"@type\":\"ReadAction\",\"target\":[\"https:\\\/\\\/www.meydan.tv\\\/az\\\/article\\\/saatli-sakini-usaqlarin-baxislarindan-gizlenmeye-calisiram\\\/\"]}]},{\"@type\":\"ImageObject\",\"inLanguage\":\"az\",\"@id\":\"https:\\\/\\\/www.meydan.tv\\\/az\\\/article\\\/saatli-sakini-usaqlarin-baxislarindan-gizlenmeye-calisiram\\\/#primaryimage\",\"url\":\"https:\\\/\\\/www.meydan.tv\\\/wp-content\\\/uploads\\\/image_from_ios_mlih6jl.jpg\",\"contentUrl\":\"https:\\\/\\\/www.meydan.tv\\\/wp-content\\\/uploads\\\/image_from_ios_mlih6jl.jpg\",\"width\":1280,\"height\":720,\"caption\":\"Source: meydan.tv\"},{\"@type\":\"BreadcrumbList\",\"@id\":\"https:\\\/\\\/www.meydan.tv\\\/az\\\/article\\\/saatli-sakini-usaqlarin-baxislarindan-gizlenmeye-calisiram\\\/#breadcrumb\",\"itemListElement\":[{\"@type\":\"ListItem\",\"position\":1,\"name\":\"Ana s\u0259hif\u0259\",\"item\":\"https:\\\/\\\/www.meydan.tv\\\/az\\\/\"},{\"@type\":\"ListItem\",\"position\":2,\"name\":\"B\u00f6lg\u0259\",\"item\":\"https:\\\/\\\/www.meydan.tv\\\/az\\\/section\\\/bolge\\\/\"},{\"@type\":\"ListItem\",\"position\":3,\"name\":\"Saatl\u0131 sakini: U\u015faqlar\u0131n bax\u0131\u015flar\u0131ndan gizl\u0259nm\u0259y\u0259 \u00e7al\u0131\u015f\u0131ram\"}]},{\"@type\":\"WebSite\",\"@id\":\"https:\\\/\\\/www.meydan.tv\\\/az\\\/#website\",\"url\":\"https:\\\/\\\/www.meydan.tv\\\/az\\\/\",\"name\":\"MEYDAN.TV\",\"description\":\"Meydan TV Az\u0259rbaycan\u0131n media m\u0259kan\u0131ndak\u0131 alternativ s\u0259sidir\",\"publisher\":{\"@id\":\"https:\\\/\\\/www.meydan.tv\\\/az\\\/#organization\"},\"potentialAction\":[{\"@type\":\"SearchAction\",\"target\":{\"@type\":\"EntryPoint\",\"urlTemplate\":\"https:\\\/\\\/www.meydan.tv\\\/az\\\/?s={search_term_string}\"},\"query-input\":{\"@type\":\"PropertyValueSpecification\",\"valueRequired\":true,\"valueName\":\"search_term_string\"}}],\"inLanguage\":\"az\"},{\"@type\":\"Organization\",\"@id\":\"https:\\\/\\\/www.meydan.tv\\\/az\\\/#organization\",\"name\":\"Meydan TV\",\"url\":\"https:\\\/\\\/www.meydan.tv\\\/az\\\/\",\"logo\":{\"@type\":\"ImageObject\",\"inLanguage\":\"az\",\"@id\":\"https:\\\/\\\/www.meydan.tv\\\/az\\\/#\\\/schema\\\/logo\\\/image\\\/\",\"url\":\"https:\\\/\\\/www.meydan.tv\\\/wp-content\\\/uploads\\\/2021\\\/07\\\/meydan-logo.svg\",\"contentUrl\":\"https:\\\/\\\/www.meydan.tv\\\/wp-content\\\/uploads\\\/2021\\\/07\\\/meydan-logo.svg\",\"width\":195,\"height\":46,\"caption\":\"Meydan TV\"},\"image\":{\"@id\":\"https:\\\/\\\/www.meydan.tv\\\/az\\\/#\\\/schema\\\/logo\\\/image\\\/\"}},{\"@type\":\"Person\",\"@id\":\"https:\\\/\\\/www.meydan.tv\\\/az\\\/#\\\/schema\\\/person\\\/10d11eccf6da3662cf5fdab9806ea91a\",\"name\":\"user-manager\"}]}<\/script>\n<!-- \/ Yoast SEO plugin. -->","yoast_head_json":{"title":"Saatl\u0131 sakini: U\u015faqlar\u0131n bax\u0131\u015flar\u0131ndan gizl\u0259nm\u0259y\u0259 \u00e7al\u0131\u015f\u0131ram - MEYDAN.TV","robots":{"index":"index","follow":"follow","max-snippet":"max-snippet:-1","max-image-preview":"max-image-preview:large","max-video-preview":"max-video-preview:-1"},"canonical":"https:\/\/www.meydan.tv\/az\/article\/saatli-sakini-usaqlarin-baxislarindan-gizlenmeye-calisiram\/","og_locale":"az_AZ","og_type":"article","og_title":"Saatl\u0131 sakini: U\u015faqlar\u0131n bax\u0131\u015flar\u0131ndan gizl\u0259nm\u0259y\u0259 \u00e7al\u0131\u015f\u0131ram - MEYDAN.TV","og_description":"\u201cU\u015faqlarsa evd\u0259 m\u0259ni g\u00f6zl\u0259yir, on manat aparmal\u0131yam, \u00e7\u00f6r\u0259k, q\u0259nd almal\u0131yam\u2026\u201d","og_url":"https:\/\/www.meydan.tv\/az\/article\/saatli-sakini-usaqlarin-baxislarindan-gizlenmeye-calisiram\/","og_site_name":"MEYDAN.TV","article_published_time":"2019-07-18T06:33:30+00:00","og_image":[{"width":1280,"height":720,"url":"https:\/\/www.meydan.tv\/wp-content\/uploads\/image_from_ios_mlih6jl.jpg","type":"image\/jpeg"}],"author":"user-manager","twitter_card":"summary_large_image","schema":{"@context":"https:\/\/schema.org","@graph":[{"@type":"Article","@id":"https:\/\/www.meydan.tv\/az\/article\/saatli-sakini-usaqlarin-baxislarindan-gizlenmeye-calisiram\/#article","isPartOf":{"@id":"https:\/\/www.meydan.tv\/az\/article\/saatli-sakini-usaqlarin-baxislarindan-gizlenmeye-calisiram\/"},"author":{"name":"user-manager","@id":"https:\/\/www.meydan.tv\/az\/#\/schema\/person\/10d11eccf6da3662cf5fdab9806ea91a"},"headline":"Saatl\u0131 sakini: U\u015faqlar\u0131n bax\u0131\u015flar\u0131ndan gizl\u0259nm\u0259y\u0259 \u00e7al\u0131\u015f\u0131ram","datePublished":"2019-07-18T06:33:30+00:00","mainEntityOfPage":{"@id":"https:\/\/www.meydan.tv\/az\/article\/saatli-sakini-usaqlarin-baxislarindan-gizlenmeye-calisiram\/"},"wordCount":1029,"publisher":{"@id":"https:\/\/www.meydan.tv\/az\/#organization"},"image":{"@id":"https:\/\/www.meydan.tv\/az\/article\/saatli-sakini-usaqlarin-baxislarindan-gizlenmeye-calisiram\/#primaryimage"},"thumbnailUrl":"https:\/\/www.meydan.tv\/wp-content\/uploads\/image_from_ios_mlih6jl.jpg","articleSection":["B\u00f6lg\u0259"],"inLanguage":"az"},{"@type":"WebPage","@id":"https:\/\/www.meydan.tv\/az\/article\/saatli-sakini-usaqlarin-baxislarindan-gizlenmeye-calisiram\/","url":"https:\/\/www.meydan.tv\/az\/article\/saatli-sakini-usaqlarin-baxislarindan-gizlenmeye-calisiram\/","name":"Saatl\u0131 sakini: U\u015faqlar\u0131n bax\u0131\u015flar\u0131ndan gizl\u0259nm\u0259y\u0259 \u00e7al\u0131\u015f\u0131ram - MEYDAN.TV","isPartOf":{"@id":"https:\/\/www.meydan.tv\/az\/#website"},"primaryImageOfPage":{"@id":"https:\/\/www.meydan.tv\/az\/article\/saatli-sakini-usaqlarin-baxislarindan-gizlenmeye-calisiram\/#primaryimage"},"image":{"@id":"https:\/\/www.meydan.tv\/az\/article\/saatli-sakini-usaqlarin-baxislarindan-gizlenmeye-calisiram\/#primaryimage"},"thumbnailUrl":"https:\/\/www.meydan.tv\/wp-content\/uploads\/image_from_ios_mlih6jl.jpg","datePublished":"2019-07-18T06:33:30+00:00","breadcrumb":{"@id":"https:\/\/www.meydan.tv\/az\/article\/saatli-sakini-usaqlarin-baxislarindan-gizlenmeye-calisiram\/#breadcrumb"},"inLanguage":"az","potentialAction":[{"@type":"ReadAction","target":["https:\/\/www.meydan.tv\/az\/article\/saatli-sakini-usaqlarin-baxislarindan-gizlenmeye-calisiram\/"]}]},{"@type":"ImageObject","inLanguage":"az","@id":"https:\/\/www.meydan.tv\/az\/article\/saatli-sakini-usaqlarin-baxislarindan-gizlenmeye-calisiram\/#primaryimage","url":"https:\/\/www.meydan.tv\/wp-content\/uploads\/image_from_ios_mlih6jl.jpg","contentUrl":"https:\/\/www.meydan.tv\/wp-content\/uploads\/image_from_ios_mlih6jl.jpg","width":1280,"height":720,"caption":"Source: meydan.tv"},{"@type":"BreadcrumbList","@id":"https:\/\/www.meydan.tv\/az\/article\/saatli-sakini-usaqlarin-baxislarindan-gizlenmeye-calisiram\/#breadcrumb","itemListElement":[{"@type":"ListItem","position":1,"name":"Ana s\u0259hif\u0259","item":"https:\/\/www.meydan.tv\/az\/"},{"@type":"ListItem","position":2,"name":"B\u00f6lg\u0259","item":"https:\/\/www.meydan.tv\/az\/section\/bolge\/"},{"@type":"ListItem","position":3,"name":"Saatl\u0131 sakini: U\u015faqlar\u0131n bax\u0131\u015flar\u0131ndan gizl\u0259nm\u0259y\u0259 \u00e7al\u0131\u015f\u0131ram"}]},{"@type":"WebSite","@id":"https:\/\/www.meydan.tv\/az\/#website","url":"https:\/\/www.meydan.tv\/az\/","name":"MEYDAN.TV","description":"Meydan TV Az\u0259rbaycan\u0131n media m\u0259kan\u0131ndak\u0131 alternativ s\u0259sidir","publisher":{"@id":"https:\/\/www.meydan.tv\/az\/#organization"},"potentialAction":[{"@type":"SearchAction","target":{"@type":"EntryPoint","urlTemplate":"https:\/\/www.meydan.tv\/az\/?s={search_term_string}"},"query-input":{"@type":"PropertyValueSpecification","valueRequired":true,"valueName":"search_term_string"}}],"inLanguage":"az"},{"@type":"Organization","@id":"https:\/\/www.meydan.tv\/az\/#organization","name":"Meydan TV","url":"https:\/\/www.meydan.tv\/az\/","logo":{"@type":"ImageObject","inLanguage":"az","@id":"https:\/\/www.meydan.tv\/az\/#\/schema\/logo\/image\/","url":"https:\/\/www.meydan.tv\/wp-content\/uploads\/2021\/07\/meydan-logo.svg","contentUrl":"https:\/\/www.meydan.tv\/wp-content\/uploads\/2021\/07\/meydan-logo.svg","width":195,"height":46,"caption":"Meydan TV"},"image":{"@id":"https:\/\/www.meydan.tv\/az\/#\/schema\/logo\/image\/"}},{"@type":"Person","@id":"https:\/\/www.meydan.tv\/az\/#\/schema\/person\/10d11eccf6da3662cf5fdab9806ea91a","name":"user-manager"}]}},"_links":{"self":[{"href":"https:\/\/www.meydan.tv\/az\/wp-json\/wp\/v2\/posts\/196252","targetHints":{"allow":["GET"]}}],"collection":[{"href":"https:\/\/www.meydan.tv\/az\/wp-json\/wp\/v2\/posts"}],"about":[{"href":"https:\/\/www.meydan.tv\/az\/wp-json\/wp\/v2\/types\/post"}],"author":[{"embeddable":true,"href":"https:\/\/www.meydan.tv\/az\/wp-json\/wp\/v2\/users\/11"}],"replies":[{"embeddable":true,"href":"https:\/\/www.meydan.tv\/az\/wp-json\/wp\/v2\/comments?post=196252"}],"version-history":[{"count":0,"href":"https:\/\/www.meydan.tv\/az\/wp-json\/wp\/v2\/posts\/196252\/revisions"}],"wp:featuredmedia":[{"embeddable":true,"href":"https:\/\/www.meydan.tv\/az\/wp-json\/wp\/v2\/media\/126956"}],"wp:attachment":[{"href":"https:\/\/www.meydan.tv\/az\/wp-json\/wp\/v2\/media?parent=196252"}],"wp:term":[{"taxonomy":"category","embeddable":true,"href":"https:\/\/www.meydan.tv\/az\/wp-json\/wp\/v2\/categories?post=196252"},{"taxonomy":"post_tag","embeddable":true,"href":"https:\/\/www.meydan.tv\/az\/wp-json\/wp\/v2\/tags?post=196252"}],"curies":[{"name":"wp","href":"https:\/\/api.w.org\/{rel}","templated":true}]}}