{"id":196228,"date":"2019-07-16T19:09:44","date_gmt":"2019-07-16T19:09:44","guid":{"rendered":"https:\/\/www.meydan.tv\/article\/sekide-turistleri-aparan-mikroavtobus-asdi\/"},"modified":"2019-07-16T19:09:44","modified_gmt":"2019-07-16T19:09:44","slug":"sekide-turistleri-aparan-mikroavtobus-asdi","status":"publish","type":"post","link":"https:\/\/www.meydan.tv\/az\/article\/sekide-turistleri-aparan-mikroavtobus-asdi\/","title":{"rendered":"\u015e\u0259kid\u0259: Turistl\u0259ri aparan mikroavtobus a\u015fd\u0131"},"content":{"rendered":"<p>\n  <i><br \/>\n    Y\u00fck ma\u015f\u0131n\u0131 2 azya\u015fl\u0131n\u0131n yaralanmas\u0131na s\u0259b\u0259b oldu<br \/>\n  <\/i>\n<\/p>\n<p>\n  \u015e\u0259kid\u0259 turistl\u0259ri aparan mikroavtobusun q\u0259zaya u\u011frad\u0131\u011f\u0131 deyilir. Hadis\u0259 iyulun 16-da \u015e\u0259kinin Ki\u015f k\u0259ndind\u0259 ba\u015f verib.\n<\/p>\n<p>\n  \u201c<br \/>\n  <a href=\"https:\/\/az.trend.az\/azerbaijan\/gundem\/3091468.html\"><br \/>\n    Trend<br \/>\n  <\/a><br \/>\n  \u201din m\u0259lumat\u0131na g\u00f6r\u0259, turistl\u0259ri da\u015f\u0131yan &quot;Sprinter&quot; markal\u0131 mikroavtobusla &quot;Opel&quot; markal\u0131 minik avtomobili toqqu\u015fub. Hadis\u0259 n\u0259tic\u0259sind\u0259 x\u0259sar\u0259t alanlar bar\u0259d\u0259 m\u0259lumat yoxdur.\n<\/p>\n<p>\n  El\u0259 h\u0259min g\u00fcn \u015e\u0259kid\u0259 2 azya\u015fl\u0131n\u0131n x\u0259sar\u0259ti il\u0259 n\u0259tic\u0259l\u0259n\u0259n daha bir yol q\u0259zas\u0131 ba\u015f verib. Hadis\u0259 rayonun Yuxar\u0131 Karvansaray adlanan \u0259razisind\u0259 olub.<br \/>\n  <a href=\"https:\/\/az.trend.az\/azerbaijan\/society\/3091473.html\"><br \/>\n    M\u0259lumata g\u00f6r\u0259<br \/>\n  <\/a><br \/>\n  , \u015f\u0259h\u0259r \u0259razisind\u0259 torpaqla dolu &quot;Z\u0130L&quot; markal\u0131 y\u00fck avtomobili idar\u0259etm\u0259ni itir\u0259r\u0259k divara \u00e7\u0131rp\u0131l\u0131b. N\u0259tic\u0259d\u0259 y\u00fck ma\u015f\u0131n\u0131ndak\u0131 torpaq \u0259razid\u0259 olan azya\u015fl\u0131lar &#8211; 2009-cu il t\u0259v\u0259ll\u00fcdl\u00fc \u0130smay\u0131l Babayev v\u0259 2007-ci il t\u0259v\u0259ll\u00fcdl\u00fc Mira\u011fa Mehdiyevin \u00fcz\u0259rin\u0259 t\u00f6k\u00fcl\u00fcb.\n<\/p>\n<p>\n  H\u0259r iki azya\u015fl\u0131 \u015e\u0259ki \u015e\u0259h\u0259r M\u0259rk\u0259zi X\u0259st\u0259xanas\u0131na yerl\u0259\u015fdirilib.\n<\/p>\n<p>\n  <a href=\"https:\/\/d9mc3ts4czbpr.cloudfront.net\/az\/article\/sekide-agac-asdi-15-yarali-var\/?ref=homepage-news\"><br \/>\n    \u0130yulun 14-d\u0259<br \/>\n  <\/a><br \/>\n  is\u0259 \u015e\u0259ki \u015f\u0259h\u0259rind\u0259 Xan Saray\u0131n\u0131n yan\u0131ndak\u0131 \u015e\u0259rq \u00e7inar\u0131 a\u011fac\u0131n\u0131n bir qolu q\u0131r\u0131laraq a\u015f\u0131b v\u0259 19 n\u0259f\u0259r yaralan\u0131b. Yaral\u0131lar\u0131n \u0259ks\u0259riyy\u0259tinin yerli v\u0259 xarici turistl\u0259r oldu\u011fu bildirilir. \u0130yulun 15-d\u0259 yaral\u0131lardan biri, 32 ya\u015fl\u0131 Xatir\u0259 A\u011famal\u0131yeva v\u0259fat edib.\n<\/p>\n<p>\n  S\u0259hiyy\u0259 Nazirliyinin iyulun 16-da a\u00e7\u0131qlad\u0131\u011f\u0131 m\u0259lumata g\u00f6r\u0259,\n<\/p>\n<p>\n  \u015e\u0259ki \u015e\u0259h\u0259r M\u0259rk\u0259zi X\u0259st\u0259xanas\u0131nda m\u00fcalic\u0259 alan Elxan M\u0259mm\u0259dovun v\u0259ziyy\u0259ti haz\u0131rda orta-a\u011f\u0131r stabil qiym\u0259tl\u0259ndirilir.\n<\/p>\n<p>\n  Kliniki Tibbi M\u0259rk\u0259zd\u0259 m\u00fcalic\u0259si davam ed\u0259n \u0130lkin M\u0259mm\u0259dovun v\u0259ziyy\u0259ti is\u0259 orta a\u011f\u0131rd\u0131r.\n<\/p>\n<p>\n  \u0130yulun 7-d\u0259 UNESCO-nun \u00dcmumd\u00fcnya \u0130rs Komit\u0259sinin Bak\u0131da ke\u00e7iril\u0259n 43-c\u00fc Sessiyas\u0131nda \u015e\u0259ki \u015f\u0259h\u0259rinin tarixi hiss\u0259si v\u0259 \u015e\u0259ki Xan Saray\u0131 D\u00fcnya \u0130rs Siyah\u0131s\u0131na daxil edilib.<\/p>\n","protected":false},"excerpt":{"rendered":"<p>H\u0259r iki azya\u015fl\u0131 \u015e\u0259ki \u015e\u0259h\u0259r M\u0259rk\u0259zi X\u0259st\u0259xanas\u0131na yerl\u0259\u015fdirilib<\/p>\n","protected":false},"author":11,"featured_media":126908,"comment_status":"closed","ping_status":"open","sticky":false,"template":"","format":"standard","meta":{"_acf_changed":false,"_sitemap_exclude":false,"_sitemap_priority":"","_sitemap_frequency":"","footnotes":""},"categories":[60],"tags":[],"class_list":["post-196228","post","type-post","status-publish","format-standard","has-post-thumbnail","hentry","category-bolge","infinite-scroll-item","generate-columns","tablet-grid-50","mobile-grid-100","grid-parent","grid-33","no-featured-image-padding"],"acf":[],"yoast_head":"<!-- This site is optimized with the Yoast SEO plugin v27.4 - https:\/\/yoast.com\/product\/yoast-seo-wordpress\/ -->\n<title>\u015e\u0259kid\u0259: Turistl\u0259ri aparan mikroavtobus a\u015fd\u0131 - MEYDAN.TV<\/title>\n<meta name=\"robots\" content=\"index, follow, max-snippet:-1, max-image-preview:large, max-video-preview:-1\" \/>\n<link rel=\"canonical\" href=\"https:\/\/www.meydan.tv\/az\/article\/sekide-turistleri-aparan-mikroavtobus-asdi\/\" \/>\n<meta property=\"og:locale\" content=\"az_AZ\" \/>\n<meta property=\"og:type\" content=\"article\" \/>\n<meta property=\"og:title\" content=\"\u015e\u0259kid\u0259: Turistl\u0259ri aparan mikroavtobus a\u015fd\u0131 - MEYDAN.TV\" \/>\n<meta property=\"og:description\" content=\"H\u0259r iki azya\u015fl\u0131 \u015e\u0259ki \u015e\u0259h\u0259r M\u0259rk\u0259zi X\u0259st\u0259xanas\u0131na yerl\u0259\u015fdirilib\" \/>\n<meta property=\"og:url\" content=\"https:\/\/www.meydan.tv\/az\/article\/sekide-turistleri-aparan-mikroavtobus-asdi\/\" \/>\n<meta property=\"og:site_name\" content=\"MEYDAN.TV\" \/>\n<meta property=\"article:published_time\" content=\"2019-07-16T19:09:44+00:00\" \/>\n<meta property=\"og:image\" content=\"https:\/\/www.meydan.tv\/wp-content\/uploads\/photo_39063.jpg\" \/>\n\t<meta property=\"og:image:width\" content=\"640\" \/>\n\t<meta property=\"og:image:height\" content=\"480\" \/>\n\t<meta property=\"og:image:type\" content=\"image\/jpeg\" \/>\n<meta name=\"author\" content=\"user-manager\" \/>\n<meta name=\"twitter:card\" content=\"summary_large_image\" \/>\n<script type=\"application\/ld+json\" class=\"yoast-schema-graph\">{\"@context\":\"https:\\\/\\\/schema.org\",\"@graph\":[{\"@type\":\"Article\",\"@id\":\"https:\\\/\\\/www.meydan.tv\\\/az\\\/article\\\/sekide-turistleri-aparan-mikroavtobus-asdi\\\/#article\",\"isPartOf\":{\"@id\":\"https:\\\/\\\/www.meydan.tv\\\/az\\\/article\\\/sekide-turistleri-aparan-mikroavtobus-asdi\\\/\"},\"author\":{\"name\":\"user-manager\",\"@id\":\"https:\\\/\\\/www.meydan.tv\\\/az\\\/#\\\/schema\\\/person\\\/10d11eccf6da3662cf5fdab9806ea91a\"},\"headline\":\"\u015e\u0259kid\u0259: Turistl\u0259ri aparan mikroavtobus a\u015fd\u0131\",\"datePublished\":\"2019-07-16T19:09:44+00:00\",\"mainEntityOfPage\":{\"@id\":\"https:\\\/\\\/www.meydan.tv\\\/az\\\/article\\\/sekide-turistleri-aparan-mikroavtobus-asdi\\\/\"},\"wordCount\":349,\"publisher\":{\"@id\":\"https:\\\/\\\/www.meydan.tv\\\/az\\\/#organization\"},\"image\":{\"@id\":\"https:\\\/\\\/www.meydan.tv\\\/az\\\/article\\\/sekide-turistleri-aparan-mikroavtobus-asdi\\\/#primaryimage\"},\"thumbnailUrl\":\"https:\\\/\\\/www.meydan.tv\\\/wp-content\\\/uploads\\\/photo_39063.jpg\",\"articleSection\":[\"B\u00f6lg\u0259\"],\"inLanguage\":\"az\"},{\"@type\":\"WebPage\",\"@id\":\"https:\\\/\\\/www.meydan.tv\\\/az\\\/article\\\/sekide-turistleri-aparan-mikroavtobus-asdi\\\/\",\"url\":\"https:\\\/\\\/www.meydan.tv\\\/az\\\/article\\\/sekide-turistleri-aparan-mikroavtobus-asdi\\\/\",\"name\":\"\u015e\u0259kid\u0259: Turistl\u0259ri aparan mikroavtobus a\u015fd\u0131 - MEYDAN.TV\",\"isPartOf\":{\"@id\":\"https:\\\/\\\/www.meydan.tv\\\/az\\\/#website\"},\"primaryImageOfPage\":{\"@id\":\"https:\\\/\\\/www.meydan.tv\\\/az\\\/article\\\/sekide-turistleri-aparan-mikroavtobus-asdi\\\/#primaryimage\"},\"image\":{\"@id\":\"https:\\\/\\\/www.meydan.tv\\\/az\\\/article\\\/sekide-turistleri-aparan-mikroavtobus-asdi\\\/#primaryimage\"},\"thumbnailUrl\":\"https:\\\/\\\/www.meydan.tv\\\/wp-content\\\/uploads\\\/photo_39063.jpg\",\"datePublished\":\"2019-07-16T19:09:44+00:00\",\"breadcrumb\":{\"@id\":\"https:\\\/\\\/www.meydan.tv\\\/az\\\/article\\\/sekide-turistleri-aparan-mikroavtobus-asdi\\\/#breadcrumb\"},\"inLanguage\":\"az\",\"potentialAction\":[{\"@type\":\"ReadAction\",\"target\":[\"https:\\\/\\\/www.meydan.tv\\\/az\\\/article\\\/sekide-turistleri-aparan-mikroavtobus-asdi\\\/\"]}]},{\"@type\":\"ImageObject\",\"inLanguage\":\"az\",\"@id\":\"https:\\\/\\\/www.meydan.tv\\\/az\\\/article\\\/sekide-turistleri-aparan-mikroavtobus-asdi\\\/#primaryimage\",\"url\":\"https:\\\/\\\/www.meydan.tv\\\/wp-content\\\/uploads\\\/photo_39063.jpg\",\"contentUrl\":\"https:\\\/\\\/www.meydan.tv\\\/wp-content\\\/uploads\\\/photo_39063.jpg\",\"width\":640,\"height\":480,\"caption\":\"Source: Foto: Turan \u0130A\"},{\"@type\":\"BreadcrumbList\",\"@id\":\"https:\\\/\\\/www.meydan.tv\\\/az\\\/article\\\/sekide-turistleri-aparan-mikroavtobus-asdi\\\/#breadcrumb\",\"itemListElement\":[{\"@type\":\"ListItem\",\"position\":1,\"name\":\"Ana s\u0259hif\u0259\",\"item\":\"https:\\\/\\\/www.meydan.tv\\\/az\\\/\"},{\"@type\":\"ListItem\",\"position\":2,\"name\":\"B\u00f6lg\u0259\",\"item\":\"https:\\\/\\\/www.meydan.tv\\\/az\\\/section\\\/bolge\\\/\"},{\"@type\":\"ListItem\",\"position\":3,\"name\":\"\u015e\u0259kid\u0259: Turistl\u0259ri aparan mikroavtobus a\u015fd\u0131\"}]},{\"@type\":\"WebSite\",\"@id\":\"https:\\\/\\\/www.meydan.tv\\\/az\\\/#website\",\"url\":\"https:\\\/\\\/www.meydan.tv\\\/az\\\/\",\"name\":\"MEYDAN.TV\",\"description\":\"Meydan TV Az\u0259rbaycan\u0131n media m\u0259kan\u0131ndak\u0131 alternativ s\u0259sidir\",\"publisher\":{\"@id\":\"https:\\\/\\\/www.meydan.tv\\\/az\\\/#organization\"},\"potentialAction\":[{\"@type\":\"SearchAction\",\"target\":{\"@type\":\"EntryPoint\",\"urlTemplate\":\"https:\\\/\\\/www.meydan.tv\\\/az\\\/?s={search_term_string}\"},\"query-input\":{\"@type\":\"PropertyValueSpecification\",\"valueRequired\":true,\"valueName\":\"search_term_string\"}}],\"inLanguage\":\"az\"},{\"@type\":\"Organization\",\"@id\":\"https:\\\/\\\/www.meydan.tv\\\/az\\\/#organization\",\"name\":\"Meydan TV\",\"url\":\"https:\\\/\\\/www.meydan.tv\\\/az\\\/\",\"logo\":{\"@type\":\"ImageObject\",\"inLanguage\":\"az\",\"@id\":\"https:\\\/\\\/www.meydan.tv\\\/az\\\/#\\\/schema\\\/logo\\\/image\\\/\",\"url\":\"https:\\\/\\\/www.meydan.tv\\\/wp-content\\\/uploads\\\/2021\\\/07\\\/meydan-logo.svg\",\"contentUrl\":\"https:\\\/\\\/www.meydan.tv\\\/wp-content\\\/uploads\\\/2021\\\/07\\\/meydan-logo.svg\",\"width\":195,\"height\":46,\"caption\":\"Meydan TV\"},\"image\":{\"@id\":\"https:\\\/\\\/www.meydan.tv\\\/az\\\/#\\\/schema\\\/logo\\\/image\\\/\"}},{\"@type\":\"Person\",\"@id\":\"https:\\\/\\\/www.meydan.tv\\\/az\\\/#\\\/schema\\\/person\\\/10d11eccf6da3662cf5fdab9806ea91a\",\"name\":\"user-manager\"}]}<\/script>\n<!-- \/ Yoast SEO plugin. -->","yoast_head_json":{"title":"\u015e\u0259kid\u0259: Turistl\u0259ri aparan mikroavtobus a\u015fd\u0131 - MEYDAN.TV","robots":{"index":"index","follow":"follow","max-snippet":"max-snippet:-1","max-image-preview":"max-image-preview:large","max-video-preview":"max-video-preview:-1"},"canonical":"https:\/\/www.meydan.tv\/az\/article\/sekide-turistleri-aparan-mikroavtobus-asdi\/","og_locale":"az_AZ","og_type":"article","og_title":"\u015e\u0259kid\u0259: Turistl\u0259ri aparan mikroavtobus a\u015fd\u0131 - MEYDAN.TV","og_description":"H\u0259r iki azya\u015fl\u0131 \u015e\u0259ki \u015e\u0259h\u0259r M\u0259rk\u0259zi X\u0259st\u0259xanas\u0131na yerl\u0259\u015fdirilib","og_url":"https:\/\/www.meydan.tv\/az\/article\/sekide-turistleri-aparan-mikroavtobus-asdi\/","og_site_name":"MEYDAN.TV","article_published_time":"2019-07-16T19:09:44+00:00","og_image":[{"width":640,"height":480,"url":"https:\/\/www.meydan.tv\/wp-content\/uploads\/photo_39063.jpg","type":"image\/jpeg"}],"author":"user-manager","twitter_card":"summary_large_image","schema":{"@context":"https:\/\/schema.org","@graph":[{"@type":"Article","@id":"https:\/\/www.meydan.tv\/az\/article\/sekide-turistleri-aparan-mikroavtobus-asdi\/#article","isPartOf":{"@id":"https:\/\/www.meydan.tv\/az\/article\/sekide-turistleri-aparan-mikroavtobus-asdi\/"},"author":{"name":"user-manager","@id":"https:\/\/www.meydan.tv\/az\/#\/schema\/person\/10d11eccf6da3662cf5fdab9806ea91a"},"headline":"\u015e\u0259kid\u0259: Turistl\u0259ri aparan mikroavtobus a\u015fd\u0131","datePublished":"2019-07-16T19:09:44+00:00","mainEntityOfPage":{"@id":"https:\/\/www.meydan.tv\/az\/article\/sekide-turistleri-aparan-mikroavtobus-asdi\/"},"wordCount":349,"publisher":{"@id":"https:\/\/www.meydan.tv\/az\/#organization"},"image":{"@id":"https:\/\/www.meydan.tv\/az\/article\/sekide-turistleri-aparan-mikroavtobus-asdi\/#primaryimage"},"thumbnailUrl":"https:\/\/www.meydan.tv\/wp-content\/uploads\/photo_39063.jpg","articleSection":["B\u00f6lg\u0259"],"inLanguage":"az"},{"@type":"WebPage","@id":"https:\/\/www.meydan.tv\/az\/article\/sekide-turistleri-aparan-mikroavtobus-asdi\/","url":"https:\/\/www.meydan.tv\/az\/article\/sekide-turistleri-aparan-mikroavtobus-asdi\/","name":"\u015e\u0259kid\u0259: Turistl\u0259ri aparan mikroavtobus a\u015fd\u0131 - MEYDAN.TV","isPartOf":{"@id":"https:\/\/www.meydan.tv\/az\/#website"},"primaryImageOfPage":{"@id":"https:\/\/www.meydan.tv\/az\/article\/sekide-turistleri-aparan-mikroavtobus-asdi\/#primaryimage"},"image":{"@id":"https:\/\/www.meydan.tv\/az\/article\/sekide-turistleri-aparan-mikroavtobus-asdi\/#primaryimage"},"thumbnailUrl":"https:\/\/www.meydan.tv\/wp-content\/uploads\/photo_39063.jpg","datePublished":"2019-07-16T19:09:44+00:00","breadcrumb":{"@id":"https:\/\/www.meydan.tv\/az\/article\/sekide-turistleri-aparan-mikroavtobus-asdi\/#breadcrumb"},"inLanguage":"az","potentialAction":[{"@type":"ReadAction","target":["https:\/\/www.meydan.tv\/az\/article\/sekide-turistleri-aparan-mikroavtobus-asdi\/"]}]},{"@type":"ImageObject","inLanguage":"az","@id":"https:\/\/www.meydan.tv\/az\/article\/sekide-turistleri-aparan-mikroavtobus-asdi\/#primaryimage","url":"https:\/\/www.meydan.tv\/wp-content\/uploads\/photo_39063.jpg","contentUrl":"https:\/\/www.meydan.tv\/wp-content\/uploads\/photo_39063.jpg","width":640,"height":480,"caption":"Source: Foto: Turan \u0130A"},{"@type":"BreadcrumbList","@id":"https:\/\/www.meydan.tv\/az\/article\/sekide-turistleri-aparan-mikroavtobus-asdi\/#breadcrumb","itemListElement":[{"@type":"ListItem","position":1,"name":"Ana s\u0259hif\u0259","item":"https:\/\/www.meydan.tv\/az\/"},{"@type":"ListItem","position":2,"name":"B\u00f6lg\u0259","item":"https:\/\/www.meydan.tv\/az\/section\/bolge\/"},{"@type":"ListItem","position":3,"name":"\u015e\u0259kid\u0259: Turistl\u0259ri aparan mikroavtobus a\u015fd\u0131"}]},{"@type":"WebSite","@id":"https:\/\/www.meydan.tv\/az\/#website","url":"https:\/\/www.meydan.tv\/az\/","name":"MEYDAN.TV","description":"Meydan TV Az\u0259rbaycan\u0131n media m\u0259kan\u0131ndak\u0131 alternativ s\u0259sidir","publisher":{"@id":"https:\/\/www.meydan.tv\/az\/#organization"},"potentialAction":[{"@type":"SearchAction","target":{"@type":"EntryPoint","urlTemplate":"https:\/\/www.meydan.tv\/az\/?s={search_term_string}"},"query-input":{"@type":"PropertyValueSpecification","valueRequired":true,"valueName":"search_term_string"}}],"inLanguage":"az"},{"@type":"Organization","@id":"https:\/\/www.meydan.tv\/az\/#organization","name":"Meydan TV","url":"https:\/\/www.meydan.tv\/az\/","logo":{"@type":"ImageObject","inLanguage":"az","@id":"https:\/\/www.meydan.tv\/az\/#\/schema\/logo\/image\/","url":"https:\/\/www.meydan.tv\/wp-content\/uploads\/2021\/07\/meydan-logo.svg","contentUrl":"https:\/\/www.meydan.tv\/wp-content\/uploads\/2021\/07\/meydan-logo.svg","width":195,"height":46,"caption":"Meydan TV"},"image":{"@id":"https:\/\/www.meydan.tv\/az\/#\/schema\/logo\/image\/"}},{"@type":"Person","@id":"https:\/\/www.meydan.tv\/az\/#\/schema\/person\/10d11eccf6da3662cf5fdab9806ea91a","name":"user-manager"}]}},"_links":{"self":[{"href":"https:\/\/www.meydan.tv\/az\/wp-json\/wp\/v2\/posts\/196228","targetHints":{"allow":["GET"]}}],"collection":[{"href":"https:\/\/www.meydan.tv\/az\/wp-json\/wp\/v2\/posts"}],"about":[{"href":"https:\/\/www.meydan.tv\/az\/wp-json\/wp\/v2\/types\/post"}],"author":[{"embeddable":true,"href":"https:\/\/www.meydan.tv\/az\/wp-json\/wp\/v2\/users\/11"}],"replies":[{"embeddable":true,"href":"https:\/\/www.meydan.tv\/az\/wp-json\/wp\/v2\/comments?post=196228"}],"version-history":[{"count":0,"href":"https:\/\/www.meydan.tv\/az\/wp-json\/wp\/v2\/posts\/196228\/revisions"}],"wp:featuredmedia":[{"embeddable":true,"href":"https:\/\/www.meydan.tv\/az\/wp-json\/wp\/v2\/media\/126908"}],"wp:attachment":[{"href":"https:\/\/www.meydan.tv\/az\/wp-json\/wp\/v2\/media?parent=196228"}],"wp:term":[{"taxonomy":"category","embeddable":true,"href":"https:\/\/www.meydan.tv\/az\/wp-json\/wp\/v2\/categories?post=196228"},{"taxonomy":"post_tag","embeddable":true,"href":"https:\/\/www.meydan.tv\/az\/wp-json\/wp\/v2\/tags?post=196228"}],"curies":[{"name":"wp","href":"https:\/\/api.w.org\/{rel}","templated":true}]}}