{"id":196217,"date":"2019-07-16T11:55:06","date_gmt":"2019-07-16T11:55:06","guid":{"rendered":"https:\/\/www.meydan.tv\/article\/saatli-sakini-ehali-icmeye-su-tapmir-ekin-saheleri-susuzluqdan-yanir\/"},"modified":"2019-07-16T11:55:06","modified_gmt":"2019-07-16T11:55:06","slug":"saatli-sakini-ehali-icmeye-su-tapmir-ekin-saheleri-susuzluqdan-yanir","status":"publish","type":"post","link":"https:\/\/www.meydan.tv\/az\/article\/saatli-sakini-ehali-icmeye-su-tapmir-ekin-saheleri-susuzluqdan-yanir\/","title":{"rendered":"Saatl\u0131 sakini: \u018fhali i\u00e7m\u0259y\u0259 su tapm\u0131r, \u0259kin sah\u0259l\u0259ri susuzluqdan yan\u0131r&#8230;"},"content":{"rendered":"<p>\n  <i><br \/>\n    &#x27;&#x27;M\u0259murlar n\u0259 q\u0259d\u0259r torpa\u011f\u0131 \u0259l\u0259 ke\u00e7irib, suyu \u00f6z sah\u0259l\u0259rin\u0259 y\u00f6n\u0259ldibl\u0259r&#x27;&#x27;<br \/>\n  <\/i>\n<\/p>\n<p>\n  Saatl\u0131da Nabatk\u0259nd sakinl\u0259ri su q\u0131tl\u0131\u011f\u0131ndan \u0259ziyy\u0259t \u00e7\u0259kir. N\u0259inki pamb\u0131q sah\u0259l\u0259rini suvara bilmir, h\u0259tta i\u00e7m\u0259y\u0259 d\u0259 keyfiyy\u0259tli su tapm\u0131rlar. D\u0259f\u0259l\u0259rl\u0259 d\u00f6vl\u0259t orqanlar\u0131na \u00fcz tutub, k\u00f6m\u0259k ist\u0259y\u0259n k\u0259nd sakinl\u0259ri deyir ki, ax\u0131rda m\u0259cbur olub, t\u0259xmin\u0259n bir h\u0259ft\u0259 \u00f6nc\u0259 etiraz aksiyas\u0131 ke\u00e7iribl\u0259r.\n<\/p>\n<p>\n  <i><br \/>\n    &quot;M\u0259murlar bizim suya \u015f\u0259rik olurlar\u201d<br \/>\n  <\/i>\n<\/p>\n<p>\n  K\u0259nd sakinl\u0259ri dan\u0131\u015f\u0131r ki, ayr\u0131-ayr\u0131 m\u0259murlar hektarlarla yeri z\u0259bt edib, \u0259kin sah\u0259l\u0259ri sal\u0131blar. Su o \u0259razil\u0259r\u0259 y\u00f6nl\u0259ndirildiyin\u0259 g\u00f6r\u0259 Nabatk\u0259nd\u0259 g\u0259lib \u00e7atm\u0131r. K\u0259ndd\u0259ki kanal\u0131n dibind\u0259 bir az su var, adamlar 200-250 manat x\u0259rc \u00e7\u0259kib motor al\u0131r, bu yolla \u0259kin sah\u0259l\u0259rini suvarma\u011fa \u00e7al\u0131\u015f\u0131r.\n<\/p>\n<p>\n  K\u0259nd sakinl\u0259rind\u0259n Kamran \u018fmirov dan\u0131\u015f\u0131r ki, su problemini \u0259vv\u0259ll\u0259r d\u0259 ya\u015fay\u0131blar, amma bu il v\u0259ziyy\u0259t lap a\u011f\u0131rla\u015f\u0131b:\n<\/p>\n<p>\n  &quot;M\u0259murlar n\u0259 q\u0259d\u0259r torpa\u011f\u0131 \u0259l\u0259 ke\u00e7irib, suyu \u00f6z sah\u0259l\u0259rin\u0259 y\u00f6n\u0259ldibl\u0259r. \u00d6z \u0259kin yerl\u0259rin\u0259 g\u00f6r\u0259 bizim suya da \u015f\u0259rik olurlar. \u0130st\u0259s\u0259l\u0259r, alternativ kanallar \u00e7\u0259k\u0259 bil\u0259rl\u0259r. \u00c7\u0259kmirl\u0259r, bizi d\u0259 susuz qoyurlar\u201d.\n<\/p>\n<figure class=\"wp-block-image size-large\">\n  <img decoding=\"async\" src=\"https:\/\/www.meydan.tv\/az\/kamran-emireov-png\/\" alt=\"kamran emireov.png\" class=\"wp-image-126865\"\/><figcaption>\n    Kamran \u018fmirov<br \/>\n  <\/figcaption><\/figure>\n<p>\n  Susuzluqdan t\u0259kc\u0259 Nabatk\u0259ndd\u0259 \u0259ziyy\u0259t \u00e7\u0259kmirl\u0259r. Qon\u015fu Nizamik\u0259ndd\u0259, \u00c7olpuda da eyni probleml\u0259r ya\u015fan\u0131r. Nabatk\u0259nd camaat\u0131 dan\u0131\u015f\u0131r ki, B\u0259hr\u0259mt\u0259p\u0259d\u0259 suyun \u00e7oxlu\u011funu m\u00fc\u015fahid\u0259 edirl\u0259r, amma k\u0259ndl\u0259r\u0259 g\u0259lib \u00e7atm\u0131r. Pamb\u0131q sah\u0259l\u0259ri susuzluqdan yan\u0131r. M\u0259hsul zay olur, adamlar\u0131n z\u0259hm\u0259ti h\u0259d\u0259r gedir. K\u0259ndd\u0259 deyirl\u0259r ki, h\u0259tta mal-qara da susuzluqdan q\u0131r\u0131l\u0131r.\n<\/p>\n<p>\n  <i><br \/>\n    \u201c\u0130cra ba\u015f\u00e7\u0131s\u0131n\u0131n m\u00fcavini naraz\u0131l\u0131\u011f\u0131 g\u00f6r\u00fcb qa\u00e7d\u0131\u201d<br \/>\n  <\/i>\n<\/p>\n<p>\n  K\u0259nd camaat\u0131 etiraz aksiyas\u0131 ke\u00e7ir\u0259nd\u0259n sonra Saatl\u0131 Rayon \u0130cra Hakimiyy\u0259ti ba\u015f\u00e7\u0131s\u0131n\u0131n m\u00fcavini \u0130lham Quliyev Nabatk\u0259nd\u0259 g\u0259lib. \u0130cra n\u00fcmay\u0259nd\u0259liyinin qar\u015f\u0131s\u0131nda insanlara problemi h\u0259ll ed\u0259c\u0259kl\u0259rin\u0259 s\u00f6z verib.\n<\/p>\n<p>\n  Kamran \u018fmirov deyir ki, h\u0259min v\u0259d s\u00f6z olaraq da qal\u0131b:\n<\/p>\n<p>\n  \u201cV\u0259di yerin\u0259 yetirm\u0259dil\u0259r. O g\u00fcn camaat\u0131n a\u011fz\u0131ndan od t\u00f6k\u00fcl\u00fcrd\u00fc. \u0130lham Quliyev g\u00f6rd\u00fc ki, \u00e7ox adam g\u0259lib, naraz\u0131l\u0131q b\u00f6y\u00fckd\u00fc, dan\u0131\u015fd\u0131, tez \u00e7\u0131x\u0131b getdi. El\u0259 bir problem yoxdu ki, h\u0259lli olmas\u0131n. Sad\u0259c\u0259, h\u0259ll el\u0259m\u0259k ist\u0259mirl\u0259r. D\u00fcn\u0259n k\u0259ndd\u0259 yan\u011f\u0131n ba\u015f verib, yan\u011f\u0131ns\u00f6nd\u00fcr\u0259n ma\u015f\u0131n su tapmay\u0131b istifad\u0259 etm\u0259y\u0259\u201d.\n<\/p>\n<figure class=\"wp-block-image size-large\">\n  <img decoding=\"async\" src=\"https:\/\/www.meydan.tv\/az\/image_from_ios-2-jpg-45\/\" alt=\"image_from_ios (2).jpg\" class=\"wp-image-126856\"\/><figcaption>\n    K\u0259nd\u0259 g\u0259l\u0259n icra ba\u015f\u00e7\u0131s\u0131n\u0131n m\u00fcavini<br \/>\n  <\/figcaption><\/figure>\n<p>\n  Nabatk\u0259ndd\u0259 ya\u015fayan Tahir H\u0259s\u0259nov icra ba\u015f\u00e7\u0131s\u0131n\u0131n m\u00fcavini il\u0259 g\u00f6r\u00fc\u015fd\u0259 i\u015ftirak ed\u0259 bilm\u0259diyin\u0259 g\u00f6r\u0259 t\u0259\u0259ss\u00fcfl\u0259nir. Bildirir ki, ona deyil\u0259si \u00e7ox s\u00f6z\u00fc var:\n<\/p>\n<p>\n  \u201cYonca sah\u0259l\u0259ri suvar\u0131lmal\u0131d\u0131r, su yoxdur. Ancaq motorlardan istifad\u0259 edirik. M\u0259n\u015f\u0259yi m\u0259lum olmayan zin\u0259 suyundan istifad\u0259 etm\u0259li oluruq. Bunun torpa\u011fa yaln\u0131z z\u0259r\u0259ri var. K\u00fcr \u00e7ay\u0131ndan su g\u0259tirm\u0259k layih\u0259si var, ne\u00e7\u0259 il \u0259vv\u0259l icra hakimiyy\u0259tin\u0259 t\u0259qdim olunub. Amma he\u00e7 kim \u00fcz\u0259rind\u0259 i\u015fl\u0259mir. 25-30 il \u0259vv\u0259l kanal vasit\u0259sil\u0259 K\u00fcr \u00e7ay\u0131ndan biz\u0259 su g\u0259lib \u00e7\u0131x\u0131rd\u0131. O x\u0259tti tamam m\u0259hv el\u0259dil\u0259r. Araz \u00e7ay\u0131nda su olanda biz\u0259 verirl\u0259r. K\u00fcrl\u0259 \u0259laq\u0259miz tamam k\u0259silib\u201d.\n<\/p>\n<p>\n  Tahir H\u0259s\u0259nov deyir ki, pamb\u0131\u011fa vaxt\u0131nda su verilm\u0259lidir. Pamb\u0131q \u0259kib, c\u0259mi bir d\u0259f\u0259 suvara bilib. Halbuki birinci d\u0259f\u0259 suvar\u0131landan uza\u011f\u0131 20 g\u00fcn ke\u00e7\u0259nd\u0259n sonra yenid\u0259n suya ehtiyac var: \u201cPamb\u0131\u011f\u0131n m\u00f6vs\u00fcm\u00fcd\u00fcr, az\u0131 \u00fc\u00e7 d\u0259f\u0259 su vurulmal\u0131d\u0131r. M\u0259n on g\u00fcn qabaq bir d\u0259f\u0259 su vermi\u015f\u0259m. Adam var, \u0259kdiyi pamb\u0131\u011fa he\u00e7 su ver\u0259 bilm\u0259yib. Bel\u0259 gets\u0259, m\u0259hsul g\u00f6rm\u0259y\u0259c\u0259yik. Qoza yeti\u015fmir, \u0259ziyy\u0259tin zay olur. M\u0259n pamb\u0131\u011fa zin\u0259 suyu verdim. \u015eirin su ver\u0259 bilm\u0259mi\u015f\u0259m. F\u0259rq b\u00f6y\u00fckd\u00fcr. M\u0259hsuldarl\u0131\u011fa ciddi ziyan d\u0259yir\u201d.\n<\/p>\n<figure class=\"wp-block-image size-large\">\n  <img decoding=\"async\" src=\"https:\/\/www.meydan.tv\/az\/image_from_ios-1-jpg-39\/\" alt=\"image_from_ios (1).jpg\" class=\"wp-image-126868\"\/><figcaption>\n    Tahir H\u0259s\u0259nov<br \/>\n  <\/figcaption><\/figure>\n<p>\n  <i><br \/>\n    \u201c\u0130\u00e7m\u0259y\u0259 su tapa bilmirik\u201d<br \/>\n  <\/i>\n<\/p>\n<p>\n  Kamran \u018fmirov deyir, pamb\u0131q bir yana qals\u0131n, he\u00e7 i\u00e7m\u0259y\u0259 su tapa bilmirl\u0259r. \u018fhali m\u0259cburiyy\u0259td\u0259n zin\u0259 suyu istifad\u0259 edir: \u201c\u00c7\u0259nl\u0259r\u0259 vururuq, durulma\u011f\u0131n\u0131 g\u00f6zl\u0259yirik. \u018fslind\u0259, i\u00e7il\u0259si su deyil\u201d.\n<\/p>\n<p>\n  K\u0259ndd\u0259 dan\u0131\u015f\u0131rlar ki, su \u00e7ox keyfiyy\u0259tsizdir. \u018fvv\u0259lki ill\u0259rd\u0259n \u00e7ox f\u0259rql\u0259nir. Bir az qalan kimi iyl\u0259nir:\n<\/p>\n<p>\n  &quot;T\u0259s\u0259vv\u00fcr edin, insanlar bel\u0259 suyu i\u00e7m\u0259k m\u0259cburiyy\u0259tind\u0259dir. \u018flb\u0259tt\u0259, \u0259g\u0259r tapsalar. Adamlar\u0131n i\u00e7m\u0259li su ehtiyat\u0131 qurtar\u0131b. Torpa\u011f\u0131n d\u0259rin qatlar\u0131ndan \u00e7\u0131xarmaq \u00fc\u00e7\u00fcn quyu qaz\u0131rlar, oradan da su \u00e7\u0131xm\u0131r. \u00c7ox ac\u0131nacaql\u0131 v\u0259ziyy\u0259t yaran\u0131b&#8230;&quot;\n<\/p>\n<figure class=\"wp-block-image size-large\">\n  <img decoding=\"async\" src=\"https:\/\/www.meydan.tv\/az\/image_from_ios-4-jpg-41\/\" alt=\"image_from_ios (4).jpg\" class=\"wp-image-126862\"\/><figcaption>\n    Nabatk\u0259nd<br \/>\n  <\/figcaption><\/figure>\n","protected":false},"excerpt":{"rendered":"<p>T\u0259s\u0259vv\u00fcr edin, insanlar bel\u0259 suyu i\u00e7m\u0259k m\u0259cburiyy\u0259tind\u0259dir.<\/p>\n","protected":false},"author":11,"featured_media":126859,"comment_status":"closed","ping_status":"open","sticky":false,"template":"","format":"standard","meta":{"_acf_changed":false,"_sitemap_exclude":false,"_sitemap_priority":"","_sitemap_frequency":"","footnotes":""},"categories":[60],"tags":[],"class_list":["post-196217","post","type-post","status-publish","format-standard","has-post-thumbnail","hentry","category-bolge","infinite-scroll-item","generate-columns","tablet-grid-50","mobile-grid-100","grid-parent","grid-33","no-featured-image-padding"],"acf":[],"yoast_head":"<!-- This site is optimized with the Yoast SEO plugin v27.4 - https:\/\/yoast.com\/product\/yoast-seo-wordpress\/ -->\n<title>Saatl\u0131 sakini: \u018fhali i\u00e7m\u0259y\u0259 su tapm\u0131r, \u0259kin sah\u0259l\u0259ri susuzluqdan yan\u0131r... - MEYDAN.TV<\/title>\n<meta name=\"robots\" content=\"index, follow, max-snippet:-1, max-image-preview:large, max-video-preview:-1\" \/>\n<link rel=\"canonical\" href=\"https:\/\/www.meydan.tv\/az\/article\/saatli-sakini-ehali-icmeye-su-tapmir-ekin-saheleri-susuzluqdan-yanir\/\" \/>\n<meta property=\"og:locale\" content=\"az_AZ\" \/>\n<meta property=\"og:type\" content=\"article\" \/>\n<meta property=\"og:title\" content=\"Saatl\u0131 sakini: \u018fhali i\u00e7m\u0259y\u0259 su tapm\u0131r, \u0259kin sah\u0259l\u0259ri susuzluqdan yan\u0131r... - MEYDAN.TV\" \/>\n<meta property=\"og:description\" content=\"T\u0259s\u0259vv\u00fcr edin, insanlar bel\u0259 suyu i\u00e7m\u0259k m\u0259cburiyy\u0259tind\u0259dir.\" \/>\n<meta property=\"og:url\" content=\"https:\/\/www.meydan.tv\/az\/article\/saatli-sakini-ehali-icmeye-su-tapmir-ekin-saheleri-susuzluqdan-yanir\/\" \/>\n<meta property=\"og:site_name\" content=\"MEYDAN.TV\" \/>\n<meta property=\"article:published_time\" content=\"2019-07-16T11:55:06+00:00\" \/>\n<meta property=\"og:image\" content=\"https:\/\/www.meydan.tv\/wp-content\/uploads\/copy_of_untitled_design__2_.png\" \/>\n\t<meta property=\"og:image:width\" content=\"1280\" \/>\n\t<meta property=\"og:image:height\" content=\"720\" \/>\n\t<meta property=\"og:image:type\" content=\"image\/png\" \/>\n<meta name=\"author\" content=\"user-manager\" \/>\n<meta name=\"twitter:card\" content=\"summary_large_image\" \/>\n<script type=\"application\/ld+json\" class=\"yoast-schema-graph\">{\"@context\":\"https:\\\/\\\/schema.org\",\"@graph\":[{\"@type\":\"Article\",\"@id\":\"https:\\\/\\\/www.meydan.tv\\\/az\\\/article\\\/saatli-sakini-ehali-icmeye-su-tapmir-ekin-saheleri-susuzluqdan-yanir\\\/#article\",\"isPartOf\":{\"@id\":\"https:\\\/\\\/www.meydan.tv\\\/az\\\/article\\\/saatli-sakini-ehali-icmeye-su-tapmir-ekin-saheleri-susuzluqdan-yanir\\\/\"},\"author\":{\"name\":\"user-manager\",\"@id\":\"https:\\\/\\\/www.meydan.tv\\\/az\\\/#\\\/schema\\\/person\\\/10d11eccf6da3662cf5fdab9806ea91a\"},\"headline\":\"Saatl\u0131 sakini: \u018fhali i\u00e7m\u0259y\u0259 su tapm\u0131r, \u0259kin sah\u0259l\u0259ri susuzluqdan yan\u0131r&#8230;\",\"datePublished\":\"2019-07-16T11:55:06+00:00\",\"mainEntityOfPage\":{\"@id\":\"https:\\\/\\\/www.meydan.tv\\\/az\\\/article\\\/saatli-sakini-ehali-icmeye-su-tapmir-ekin-saheleri-susuzluqdan-yanir\\\/\"},\"wordCount\":905,\"publisher\":{\"@id\":\"https:\\\/\\\/www.meydan.tv\\\/az\\\/#organization\"},\"image\":{\"@id\":\"https:\\\/\\\/www.meydan.tv\\\/az\\\/article\\\/saatli-sakini-ehali-icmeye-su-tapmir-ekin-saheleri-susuzluqdan-yanir\\\/#primaryimage\"},\"thumbnailUrl\":\"https:\\\/\\\/www.meydan.tv\\\/wp-content\\\/uploads\\\/copy_of_untitled_design__2_.png\",\"articleSection\":[\"B\u00f6lg\u0259\"],\"inLanguage\":\"az\"},{\"@type\":\"WebPage\",\"@id\":\"https:\\\/\\\/www.meydan.tv\\\/az\\\/article\\\/saatli-sakini-ehali-icmeye-su-tapmir-ekin-saheleri-susuzluqdan-yanir\\\/\",\"url\":\"https:\\\/\\\/www.meydan.tv\\\/az\\\/article\\\/saatli-sakini-ehali-icmeye-su-tapmir-ekin-saheleri-susuzluqdan-yanir\\\/\",\"name\":\"Saatl\u0131 sakini: \u018fhali i\u00e7m\u0259y\u0259 su tapm\u0131r, \u0259kin sah\u0259l\u0259ri susuzluqdan yan\u0131r... - MEYDAN.TV\",\"isPartOf\":{\"@id\":\"https:\\\/\\\/www.meydan.tv\\\/az\\\/#website\"},\"primaryImageOfPage\":{\"@id\":\"https:\\\/\\\/www.meydan.tv\\\/az\\\/article\\\/saatli-sakini-ehali-icmeye-su-tapmir-ekin-saheleri-susuzluqdan-yanir\\\/#primaryimage\"},\"image\":{\"@id\":\"https:\\\/\\\/www.meydan.tv\\\/az\\\/article\\\/saatli-sakini-ehali-icmeye-su-tapmir-ekin-saheleri-susuzluqdan-yanir\\\/#primaryimage\"},\"thumbnailUrl\":\"https:\\\/\\\/www.meydan.tv\\\/wp-content\\\/uploads\\\/copy_of_untitled_design__2_.png\",\"datePublished\":\"2019-07-16T11:55:06+00:00\",\"breadcrumb\":{\"@id\":\"https:\\\/\\\/www.meydan.tv\\\/az\\\/article\\\/saatli-sakini-ehali-icmeye-su-tapmir-ekin-saheleri-susuzluqdan-yanir\\\/#breadcrumb\"},\"inLanguage\":\"az\",\"potentialAction\":[{\"@type\":\"ReadAction\",\"target\":[\"https:\\\/\\\/www.meydan.tv\\\/az\\\/article\\\/saatli-sakini-ehali-icmeye-su-tapmir-ekin-saheleri-susuzluqdan-yanir\\\/\"]}]},{\"@type\":\"ImageObject\",\"inLanguage\":\"az\",\"@id\":\"https:\\\/\\\/www.meydan.tv\\\/az\\\/article\\\/saatli-sakini-ehali-icmeye-su-tapmir-ekin-saheleri-susuzluqdan-yanir\\\/#primaryimage\",\"url\":\"https:\\\/\\\/www.meydan.tv\\\/wp-content\\\/uploads\\\/copy_of_untitled_design__2_.png\",\"contentUrl\":\"https:\\\/\\\/www.meydan.tv\\\/wp-content\\\/uploads\\\/copy_of_untitled_design__2_.png\",\"width\":1280,\"height\":720,\"caption\":\"Source: meydan tv\"},{\"@type\":\"BreadcrumbList\",\"@id\":\"https:\\\/\\\/www.meydan.tv\\\/az\\\/article\\\/saatli-sakini-ehali-icmeye-su-tapmir-ekin-saheleri-susuzluqdan-yanir\\\/#breadcrumb\",\"itemListElement\":[{\"@type\":\"ListItem\",\"position\":1,\"name\":\"Ana s\u0259hif\u0259\",\"item\":\"https:\\\/\\\/www.meydan.tv\\\/az\\\/\"},{\"@type\":\"ListItem\",\"position\":2,\"name\":\"B\u00f6lg\u0259\",\"item\":\"https:\\\/\\\/www.meydan.tv\\\/az\\\/section\\\/bolge\\\/\"},{\"@type\":\"ListItem\",\"position\":3,\"name\":\"Saatl\u0131 sakini: \u018fhali i\u00e7m\u0259y\u0259 su tapm\u0131r, \u0259kin sah\u0259l\u0259ri susuzluqdan yan\u0131r&#8230;\"}]},{\"@type\":\"WebSite\",\"@id\":\"https:\\\/\\\/www.meydan.tv\\\/az\\\/#website\",\"url\":\"https:\\\/\\\/www.meydan.tv\\\/az\\\/\",\"name\":\"MEYDAN.TV\",\"description\":\"Meydan TV Az\u0259rbaycan\u0131n media m\u0259kan\u0131ndak\u0131 alternativ s\u0259sidir\",\"publisher\":{\"@id\":\"https:\\\/\\\/www.meydan.tv\\\/az\\\/#organization\"},\"potentialAction\":[{\"@type\":\"SearchAction\",\"target\":{\"@type\":\"EntryPoint\",\"urlTemplate\":\"https:\\\/\\\/www.meydan.tv\\\/az\\\/?s={search_term_string}\"},\"query-input\":{\"@type\":\"PropertyValueSpecification\",\"valueRequired\":true,\"valueName\":\"search_term_string\"}}],\"inLanguage\":\"az\"},{\"@type\":\"Organization\",\"@id\":\"https:\\\/\\\/www.meydan.tv\\\/az\\\/#organization\",\"name\":\"Meydan TV\",\"url\":\"https:\\\/\\\/www.meydan.tv\\\/az\\\/\",\"logo\":{\"@type\":\"ImageObject\",\"inLanguage\":\"az\",\"@id\":\"https:\\\/\\\/www.meydan.tv\\\/az\\\/#\\\/schema\\\/logo\\\/image\\\/\",\"url\":\"https:\\\/\\\/www.meydan.tv\\\/wp-content\\\/uploads\\\/2021\\\/07\\\/meydan-logo.svg\",\"contentUrl\":\"https:\\\/\\\/www.meydan.tv\\\/wp-content\\\/uploads\\\/2021\\\/07\\\/meydan-logo.svg\",\"width\":195,\"height\":46,\"caption\":\"Meydan TV\"},\"image\":{\"@id\":\"https:\\\/\\\/www.meydan.tv\\\/az\\\/#\\\/schema\\\/logo\\\/image\\\/\"}},{\"@type\":\"Person\",\"@id\":\"https:\\\/\\\/www.meydan.tv\\\/az\\\/#\\\/schema\\\/person\\\/10d11eccf6da3662cf5fdab9806ea91a\",\"name\":\"user-manager\"}]}<\/script>\n<!-- \/ Yoast SEO plugin. -->","yoast_head_json":{"title":"Saatl\u0131 sakini: \u018fhali i\u00e7m\u0259y\u0259 su tapm\u0131r, \u0259kin sah\u0259l\u0259ri susuzluqdan yan\u0131r... - MEYDAN.TV","robots":{"index":"index","follow":"follow","max-snippet":"max-snippet:-1","max-image-preview":"max-image-preview:large","max-video-preview":"max-video-preview:-1"},"canonical":"https:\/\/www.meydan.tv\/az\/article\/saatli-sakini-ehali-icmeye-su-tapmir-ekin-saheleri-susuzluqdan-yanir\/","og_locale":"az_AZ","og_type":"article","og_title":"Saatl\u0131 sakini: \u018fhali i\u00e7m\u0259y\u0259 su tapm\u0131r, \u0259kin sah\u0259l\u0259ri susuzluqdan yan\u0131r... - MEYDAN.TV","og_description":"T\u0259s\u0259vv\u00fcr edin, insanlar bel\u0259 suyu i\u00e7m\u0259k m\u0259cburiyy\u0259tind\u0259dir.","og_url":"https:\/\/www.meydan.tv\/az\/article\/saatli-sakini-ehali-icmeye-su-tapmir-ekin-saheleri-susuzluqdan-yanir\/","og_site_name":"MEYDAN.TV","article_published_time":"2019-07-16T11:55:06+00:00","og_image":[{"width":1280,"height":720,"url":"https:\/\/www.meydan.tv\/wp-content\/uploads\/copy_of_untitled_design__2_.png","type":"image\/png"}],"author":"user-manager","twitter_card":"summary_large_image","schema":{"@context":"https:\/\/schema.org","@graph":[{"@type":"Article","@id":"https:\/\/www.meydan.tv\/az\/article\/saatli-sakini-ehali-icmeye-su-tapmir-ekin-saheleri-susuzluqdan-yanir\/#article","isPartOf":{"@id":"https:\/\/www.meydan.tv\/az\/article\/saatli-sakini-ehali-icmeye-su-tapmir-ekin-saheleri-susuzluqdan-yanir\/"},"author":{"name":"user-manager","@id":"https:\/\/www.meydan.tv\/az\/#\/schema\/person\/10d11eccf6da3662cf5fdab9806ea91a"},"headline":"Saatl\u0131 sakini: \u018fhali i\u00e7m\u0259y\u0259 su tapm\u0131r, \u0259kin sah\u0259l\u0259ri susuzluqdan yan\u0131r&#8230;","datePublished":"2019-07-16T11:55:06+00:00","mainEntityOfPage":{"@id":"https:\/\/www.meydan.tv\/az\/article\/saatli-sakini-ehali-icmeye-su-tapmir-ekin-saheleri-susuzluqdan-yanir\/"},"wordCount":905,"publisher":{"@id":"https:\/\/www.meydan.tv\/az\/#organization"},"image":{"@id":"https:\/\/www.meydan.tv\/az\/article\/saatli-sakini-ehali-icmeye-su-tapmir-ekin-saheleri-susuzluqdan-yanir\/#primaryimage"},"thumbnailUrl":"https:\/\/www.meydan.tv\/wp-content\/uploads\/copy_of_untitled_design__2_.png","articleSection":["B\u00f6lg\u0259"],"inLanguage":"az"},{"@type":"WebPage","@id":"https:\/\/www.meydan.tv\/az\/article\/saatli-sakini-ehali-icmeye-su-tapmir-ekin-saheleri-susuzluqdan-yanir\/","url":"https:\/\/www.meydan.tv\/az\/article\/saatli-sakini-ehali-icmeye-su-tapmir-ekin-saheleri-susuzluqdan-yanir\/","name":"Saatl\u0131 sakini: \u018fhali i\u00e7m\u0259y\u0259 su tapm\u0131r, \u0259kin sah\u0259l\u0259ri susuzluqdan yan\u0131r... - MEYDAN.TV","isPartOf":{"@id":"https:\/\/www.meydan.tv\/az\/#website"},"primaryImageOfPage":{"@id":"https:\/\/www.meydan.tv\/az\/article\/saatli-sakini-ehali-icmeye-su-tapmir-ekin-saheleri-susuzluqdan-yanir\/#primaryimage"},"image":{"@id":"https:\/\/www.meydan.tv\/az\/article\/saatli-sakini-ehali-icmeye-su-tapmir-ekin-saheleri-susuzluqdan-yanir\/#primaryimage"},"thumbnailUrl":"https:\/\/www.meydan.tv\/wp-content\/uploads\/copy_of_untitled_design__2_.png","datePublished":"2019-07-16T11:55:06+00:00","breadcrumb":{"@id":"https:\/\/www.meydan.tv\/az\/article\/saatli-sakini-ehali-icmeye-su-tapmir-ekin-saheleri-susuzluqdan-yanir\/#breadcrumb"},"inLanguage":"az","potentialAction":[{"@type":"ReadAction","target":["https:\/\/www.meydan.tv\/az\/article\/saatli-sakini-ehali-icmeye-su-tapmir-ekin-saheleri-susuzluqdan-yanir\/"]}]},{"@type":"ImageObject","inLanguage":"az","@id":"https:\/\/www.meydan.tv\/az\/article\/saatli-sakini-ehali-icmeye-su-tapmir-ekin-saheleri-susuzluqdan-yanir\/#primaryimage","url":"https:\/\/www.meydan.tv\/wp-content\/uploads\/copy_of_untitled_design__2_.png","contentUrl":"https:\/\/www.meydan.tv\/wp-content\/uploads\/copy_of_untitled_design__2_.png","width":1280,"height":720,"caption":"Source: meydan tv"},{"@type":"BreadcrumbList","@id":"https:\/\/www.meydan.tv\/az\/article\/saatli-sakini-ehali-icmeye-su-tapmir-ekin-saheleri-susuzluqdan-yanir\/#breadcrumb","itemListElement":[{"@type":"ListItem","position":1,"name":"Ana s\u0259hif\u0259","item":"https:\/\/www.meydan.tv\/az\/"},{"@type":"ListItem","position":2,"name":"B\u00f6lg\u0259","item":"https:\/\/www.meydan.tv\/az\/section\/bolge\/"},{"@type":"ListItem","position":3,"name":"Saatl\u0131 sakini: \u018fhali i\u00e7m\u0259y\u0259 su tapm\u0131r, \u0259kin sah\u0259l\u0259ri susuzluqdan yan\u0131r&#8230;"}]},{"@type":"WebSite","@id":"https:\/\/www.meydan.tv\/az\/#website","url":"https:\/\/www.meydan.tv\/az\/","name":"MEYDAN.TV","description":"Meydan TV Az\u0259rbaycan\u0131n media m\u0259kan\u0131ndak\u0131 alternativ s\u0259sidir","publisher":{"@id":"https:\/\/www.meydan.tv\/az\/#organization"},"potentialAction":[{"@type":"SearchAction","target":{"@type":"EntryPoint","urlTemplate":"https:\/\/www.meydan.tv\/az\/?s={search_term_string}"},"query-input":{"@type":"PropertyValueSpecification","valueRequired":true,"valueName":"search_term_string"}}],"inLanguage":"az"},{"@type":"Organization","@id":"https:\/\/www.meydan.tv\/az\/#organization","name":"Meydan TV","url":"https:\/\/www.meydan.tv\/az\/","logo":{"@type":"ImageObject","inLanguage":"az","@id":"https:\/\/www.meydan.tv\/az\/#\/schema\/logo\/image\/","url":"https:\/\/www.meydan.tv\/wp-content\/uploads\/2021\/07\/meydan-logo.svg","contentUrl":"https:\/\/www.meydan.tv\/wp-content\/uploads\/2021\/07\/meydan-logo.svg","width":195,"height":46,"caption":"Meydan TV"},"image":{"@id":"https:\/\/www.meydan.tv\/az\/#\/schema\/logo\/image\/"}},{"@type":"Person","@id":"https:\/\/www.meydan.tv\/az\/#\/schema\/person\/10d11eccf6da3662cf5fdab9806ea91a","name":"user-manager"}]}},"_links":{"self":[{"href":"https:\/\/www.meydan.tv\/az\/wp-json\/wp\/v2\/posts\/196217","targetHints":{"allow":["GET"]}}],"collection":[{"href":"https:\/\/www.meydan.tv\/az\/wp-json\/wp\/v2\/posts"}],"about":[{"href":"https:\/\/www.meydan.tv\/az\/wp-json\/wp\/v2\/types\/post"}],"author":[{"embeddable":true,"href":"https:\/\/www.meydan.tv\/az\/wp-json\/wp\/v2\/users\/11"}],"replies":[{"embeddable":true,"href":"https:\/\/www.meydan.tv\/az\/wp-json\/wp\/v2\/comments?post=196217"}],"version-history":[{"count":0,"href":"https:\/\/www.meydan.tv\/az\/wp-json\/wp\/v2\/posts\/196217\/revisions"}],"wp:featuredmedia":[{"embeddable":true,"href":"https:\/\/www.meydan.tv\/az\/wp-json\/wp\/v2\/media\/126859"}],"wp:attachment":[{"href":"https:\/\/www.meydan.tv\/az\/wp-json\/wp\/v2\/media?parent=196217"}],"wp:term":[{"taxonomy":"category","embeddable":true,"href":"https:\/\/www.meydan.tv\/az\/wp-json\/wp\/v2\/categories?post=196217"},{"taxonomy":"post_tag","embeddable":true,"href":"https:\/\/www.meydan.tv\/az\/wp-json\/wp\/v2\/tags?post=196217"}],"curies":[{"name":"wp","href":"https:\/\/api.w.org\/{rel}","templated":true}]}}