{"id":196195,"date":"2019-07-15T10:20:20","date_gmt":"2019-07-15T10:20:20","guid":{"rendered":"https:\/\/www.meydan.tv\/article\/berde-sakini-8-sahibkari-aldadib-magazasini-sokduler\/"},"modified":"2019-07-15T10:20:20","modified_gmt":"2019-07-15T10:20:20","slug":"berde-sakini-8-sahibkari-aldadib-magazasini-sokduler","status":"publish","type":"post","link":"https:\/\/www.meydan.tv\/az\/article\/berde-sakini-8-sahibkari-aldadib-magazasini-sokduler\/","title":{"rendered":"B\u0259rd\u0259 sakini: 8 sahibkar\u0131 aldad\u0131b ma\u011fazas\u0131n\u0131 s\u00f6kd\u00fcl\u0259r"},"content":{"rendered":"<p>\n  <i><br \/>\n    Taleh B\u0259d\u0259lov: &#x27;&#x27;Yerli icra hakimiyy\u0259ti Z\u0259rif\u0259 \u018fliyeva ad\u0131na park sal\u0131naca\u011f\u0131n\u0131 dey\u0259r\u0259k, ma\u011fazam\u0131z\u0131 s\u00f6kd\u00fc v\u0259 yerini ba\u015fqalar\u0131na satd\u0131&#x27;&#x27;<br \/>\n  <\/i>\n<\/p>\n<p>\n  \u201cH\u0259r g\u00fcn evimd\u0259n \u00e7\u0131x\u0131b \u0259limd\u0259n al\u0131nm\u0131\u015f m\u00fclk\u00fcm\u00fcn yerind\u0259 ba\u015fqas\u0131n\u0131n ma\u011fazas\u0131n\u0131 g\u00f6r\u0259nd\u0259 \u00f6l\u00fcb-dirilir\u0259m. Bunlar m\u0259ni m\u00fcflisl\u0259\u015fdirdil\u0259r, \u00fcr\u0259k x\u0259st\u0259si el\u0259dil\u0259r, b\u00fct\u00fcn h\u0259yat\u0131m alt-\u00fcst oldu\u201d.\n<\/p>\n<p>\n  B\u0259rd\u0259 sakini Taleh B\u0259d\u0259lov 1985-ci ild\u0259n sahibkarl\u0131qla m\u0259\u015f\u011ful olub. B\u0259rd\u0259nin m\u0259rk\u0259zind\u0259 \u0259rzaq, un m\u0259mulat\u0131, h\u0259diyy\u0259l\u0259rin sat\u0131\u015f\u0131 \u015f\u00f6b\u0259l\u0259ri olan iri ticar\u0259t obyekti f\u0259aliyy\u0259t g\u00f6st\u0259rib. 2011-ci ild\u0259 yerli icra hakimiyy\u0259tind\u0259n sahibkara bildirilib ki, obyektin yerl\u0259\u015fdiyi \u0259razid\u0259 Z\u0259rif\u0259 \u018fliyeva ad\u0131na park\u0131n in\u015fas\u0131na ba\u015flanacaq, buna g\u00f6r\u0259 d\u0259 \u0259razid\u0259ki obyektl\u0259r s\u00f6k\u00fcl\u00fcr. Bel\u0259c\u0259, Taleh B\u0259d\u0259lovun v\u0259 bir ne\u00e7\u0259 sahibkar\u0131n \u015f\u0259xsi m\u00fclkiyy\u0259tind\u0259 olan obyektl\u0259ri s\u00f6k\u00fcl\u00fcb. Ancaq ill\u0259r ke\u00e7s\u0259 d\u0259, \u0259razid\u0259 he\u00e7 bir i\u015f apar\u0131lmay\u0131b. Bir m\u00fcdd\u0259t \u0259vv\u0259ls\u0259 sahibkar g\u00f6r\u00fcb ki, ke\u00e7mi\u015f ma\u011fazas\u0131n\u0131n yerind\u0259 ba\u015fqa ticar\u0259t obyekti tikilir. O, m\u00fcxt\u0259lif qurumlara v\u0259 prezident\u0259 \u015fikay\u0259t ed\u0259nd\u0259n sonra tikinti dayand\u0131r\u0131l\u0131b, yar\u0131m\u00e7\u0131q tikili s\u00f6k\u00fcl\u00fcb. \u018fv\u0259zind\u0259 is\u0259 h\u0259min yerd\u0259 d\u0259mir konstruksiyadan ibar\u0259t olan, i\u00e7\u0259risind\u0259 meyv\u0259-t\u0259r\u0259v\u0259z sat\u0131lan yeni d\u00fckan f\u0259aliyy\u0259t\u0259 ba\u015flay\u0131b.\n<\/p>\n<p>\n  <i><br \/>\n    \u201cBa\u015f\u00e7\u0131 dedi, kimin n\u0259 h\u0259ddin\u0259dir ki, etiraz etsin\u201d<br \/>\n  <\/i>\n<\/p>\n<p>\n  Taleh B\u0259d\u0259lov dan\u0131\u015f\u0131r:\n<\/p>\n<p>\n  \u201cEyni \u0259razid\u0259 ma\u011fazalar\u0131 olan m\u0259nim kimi 8 sahibkar aldad\u0131l\u0131b, ham\u0131ya bildirilmi\u015fdi ki, burada Prezidentin anas\u0131n\u0131n ad\u0131na park sal\u0131n\u0131r v\u0259 kimin n\u0259 h\u0259ddin\u0259dir ki, etiraz etsin. Biz d\u0259 s\u0259simizi \u00e7\u0131xarmad\u0131q, d\u00fc\u015f\u00fcnd\u00fck ki, y\u0259qin s\u00f6k\u00fcl\u0259n m\u00fclkl\u0259rimiz\u0259 g\u00f6r\u0259 kompensasiya \u00f6d\u0259nil\u0259c\u0259k. Ancaq s\u0259s-s\u0259mir \u00e7\u0131xmad\u0131. M\u0259n icra hakimiyy\u0259tin\u0259 get-g\u0259l etm\u0259y\u0259 ba\u015flad\u0131m. El\u0259 h\u0259min ilin noyabr\u0131nda icra hakimiyy\u0259tinin binas\u0131ndan \u0259s\u0259bi v\u0259ziyy\u0259td\u0259 \u00e7\u0131xanda hu\u00e7umu itirib y\u0131x\u0131ld\u0131m, ayaqlar\u0131m s\u0131nd\u0131. 8 aydan \u00e7ox x\u0259st\u0259xalarda m\u00fcalic\u0259 ald\u0131m. \u0130cra hakimiyy\u0259ti il\u0259 d\u00f6y\u00fc\u015f\u0259-d\u00f6y\u00fc\u015f\u0259 2014-c\u00fc ild\u0259 \u00fcr\u0259k x\u0259st\u0259liyin\u0259 d\u0259 tutuldum, a\u011f\u0131r c\u0259rrahiyy\u0259 \u0259m\u0259liyyat\u0131 olundum. Bundan sonra guya m\u0259n\u0259 yaz\u0131qlar\u0131 g\u0259ldi, Qarada\u011fl\u0131 k\u0259ndind\u0259 ma\u011faza \u00fc\u00e7\u00fcn yer ay\u0131rd\u0131lar\u201d.\n<\/p>\n<p>\n  <i><br \/>\n    \u201cMa\u011fazam\u0131 s\u00f6km\u0259kl\u0259ri yetm\u0259di, \u00fcst\u0259lik 6 min pul ald\u0131lar\u201d<br \/>\n  <\/i>\n<\/p>\n<p>\n  Sahibkar\u0131n dem\u0259sin\u0259 g\u00f6r\u0259, ona ayr\u0131lan sah\u0259y\u0259 g\u00f6r\u0259 b\u0259l\u0259diyy\u0259y\u0259 v\u0259 icra hakimiyy\u0259tin\u0259 6 min manat x\u0259rci \u00e7\u0131xd\u0131qdan sonra h\u0259min yerd\u0259n imtina edib:\n<\/p>\n<p>\n  \u201cB\u0259l\u0259diyy\u0259 h\u0259r d\u0259f\u0259 dedi 300 ver, 500 ver&#8230; \u0130cra hakimiyy\u0259tinin memar\u0131 dedi, bilirs\u0259n ki, ba\u015f\u00e7\u0131ya \u015firinlik verm\u0259s\u0259n, orda he\u00e7 n\u0259 tik\u0259 bilm\u0259y\u0259c\u0259ks\u0259n&#8230; Layih\u0259y\u0259 g\u00f6r\u0259 pul, ona pul, buna pul&#8230; G\u00f6rd\u00fcm ki, 6 min manat\u0131m gedib, ortada he\u00e7 n\u0259 yoxdur. \u00dcst\u0259lik, ara\u015fd\u0131rd\u0131m ki, h\u0259min \u0259razid\u0259 el\u0259 d\u0259 ya\u015fay\u0131\u015f yoxdur, orada ma\u011faza tikm\u0259k m\u0259nas\u0131zd\u0131r. H\u0259m d\u0259 ax\u0131 niy\u0259 o ma\u011fazan\u0131 m\u0259n tikm\u0259liy\u0259m? M\u0259nim B\u0259rd\u0259nin m\u0259rk\u0259zind\u0259ki ma\u011fazam\u0131 s\u00f6k\u00fcbl\u0259r, \u0259l-ayaqdan uzaq bir k\u0259ndd\u0259 guya yer ay\u0131r\u0131blar, h\u0259m \u00f6z cibimin puluyla ma\u011faza tikm\u0259liy\u0259m, h\u0259m d\u0259 bunlara \u015firinlik paylamal\u0131yam. Getdim icra hakimiyy\u0259tinin binas\u0131n\u0131n qar\u015f\u0131s\u0131na, saatlarla dir\u0259\u015fdim, s\u0259s-k\u00fcy sald\u0131m, dedim, bu saat burdan Prezident Administrasiyas\u0131n\u0131n qaba\u011f\u0131na gedir\u0259m. Ba\u015f\u00e7\u0131 yan\u0131ma adam g\u00f6nd\u0259rdi, 6 min manat\u0131m\u0131 qaytard\u0131lar, dedil\u0259r, get, sakit otur yerind\u0259&#8230;\u201d.\n<\/p>\n<figure class=\"wp-block-image size-large\">\n  <img decoding=\"async\" src=\"https:\/\/www.meydan.tv\/az\/reg_barda_sahibkar_2-jpg\/\" alt=\"reg_barda_sahibkar_2.jpg\" class=\"wp-image-126805\"\/><figcaption>\n    iddia \u0259riz\u0259si<br \/>\n  <\/figcaption><\/figure>\n<p>\n  <i><br \/>\n    \u201cMa\u011fazalar\u0131n s\u00f6k\u00fclm\u0259sin\u0259 g\u00f6r\u0259 n\u0259 s\u0259r\u0259ncam var, n\u0259 q\u0259rar&#8230;\u201d<br \/>\n  <\/i>\n<\/p>\n<p>\n  Taleh B\u0259d\u0259lov uzun m\u00fcdd\u0259t m\u0259hk\u0259m\u0259y\u0259 m\u00fcraci\u0259t ed\u0259 bilm\u0259yib. Bunun da s\u0259b\u0259bi varm\u0131\u015f. \u0130cra hakimiyy\u0259ti ma\u011fazan\u0131n s\u00f6k\u00fcnt\u00fcs\u00fcyl\u0259 ba\u011fl\u0131 ona h\u0259r hans\u0131 r\u0259smi s\u0259n\u0259d verm\u0259yibmi\u015f. N\u0259hay\u0259t, o, rayonun deputat\u0131na m\u00fcraci\u0259t edib, deputat da icra hakimiyy\u0259tin\u0259 v\u0259t\u0259nda\u015f\u0131n problemi il\u0259 ba\u011fl\u0131 r\u0259smi m\u00fcraci\u0259t edib. H\u0259min m\u00fcraci\u0259t\u0259 r\u0259smi cavab verilib, cavab\u0131n bir sur\u0259ti d\u0259 Taleh B\u0259d\u0259lova g\u0259lib. Yaln\u0131z bundan sonra sahibkar h\u0259min r\u0259smi cavab\u0131 da iddia \u0259riz\u0259sin\u0259 \u0259lav\u0259 ed\u0259r\u0259k G\u0259nc\u0259 \u0130nzibati-\u0130qtisad M\u0259hk\u0259m\u0259sin\u0259 m\u00fcraci\u0259t edib:\n<\/p>\n<p>\n  \u201cT\u0259s\u0259vv\u00fcr edirsiz, m\u0259hk\u0259m\u0259d\u0259 \u00fcz\u0259 \u00e7\u0131x\u0131b ki, ma\u011fazalar\u0131n s\u00f6k\u00fclm\u0259si il\u0259 ba\u011fl\u0131 n\u0259 bir r\u0259smi s\u0259r\u0259ncam, n\u0259 bir q\u0259rar var&#8230; \u0130cra hakimiyy\u0259tinin h\u00fcquq\u015f\u00fcnas\u0131 m\u0259hk\u0259m\u0259y\u0259 adamlar\u0131n \u015f\u0259xsi m\u00fclkiyy\u0259tind\u0259 olmu\u015f ma\u011fazalar\u0131n s\u00f6k\u00fclm\u0259sinin s\u0259b\u0259bini g\u00f6st\u0259r\u0259n bir par\u00e7a ka\u011f\u0131z t\u0259qdim ed\u0259 bilmir. El\u0259c\u0259 deyir ki, ma\u011fazan\u0131 sahibkarlar \u00f6zl\u0259ri s\u00f6k\u00fcb. Hakim\u0259 deyir\u0259m, m\u0259n d\u0259li olmam\u0131\u015fam ki, \u00f6z\u00fcm \u00f6z ma\u011fazam\u0131 s\u00f6k\u00fcb yer\u0259 qoyum, \u00e7\u00f6r\u0259yim\u0259 t\u0259pik vurum?\u201d\n<\/p>\n<p>\n  Taleh B\u0259d\u0259lov deyir, o, haz\u0131rda yaln\u0131z bir ma\u011fazaya g\u00f6r\u0259 m\u0259hk\u0259m\u0259y\u0259 m\u00fcraci\u0259t edib. Faha bir ne\u00e7\u0259 ma\u011fazas\u0131 da s\u00f6k\u00fcl\u00fcb, ancaq h\u0259min obyektl\u0259rin s\u0259n\u0259dl\u0259ri qaydas\u0131nda olmad\u0131\u011f\u0131 \u00fc\u00e7\u00fcn h\u0259l\u0259lik m\u0259hk\u0259m\u0259y\u0259 m\u00fcraci\u0259t ed\u0259 bilmir.\n<\/p>\n<p>\n  <i><br \/>\n    \u201c\u018fll\u0259rind\u0259ki imkanlar, pula h\u0259rislikl\u0259ri&#8230;\u201d<br \/>\n  <\/i>\n<\/p>\n<p>\n  Taleh B\u0259d\u0259lov haz\u0131rda \u00f6z\u00fcn\u00fcn iddia etdiyi kimi, ba\u015f ver\u0259nl\u0259rin n\u0259tic\u0259sind\u0259 tutuldu\u011fu \u00fcr\u0259k x\u0259st\u0259liyin\u0259 g\u00f6r\u0259 t\u0259qa\u00fcdl\u0259 dolan\u0131r. Deyir, vaxtil\u0259 m\u00fclkiyy\u0259tind\u0259 olan ma\u011fazalardan g\u0259l\u0259n g\u0259lirl\u0259 xeyli imkans\u0131z ail\u0259y\u0259 \u0259l tuturmu\u015f. \u0130ndi is\u0259 \u00f6z\u00fc m\u00fcflis v\u0259 kas\u0131b v\u0259ziyy\u0259td\u0259 ya\u015fay\u0131r:\n<\/p>\n<p>\n  \u201cPula h\u0259rislik g\u00f6zl\u0259rini o q\u0259d\u0259r tutub ki, \u0259ll\u0259rind\u0259ki imkanlardan yaln\u0131z v\u0259t\u0259nda\u015f\u0131n h\u0259yat\u0131n\u0131 alt-\u00fcst etm\u0259k \u00fc\u00e7\u00fcn istifad\u0259 edirl\u0259r. Vaxtil\u0259 \u00f6z\u00fcm\u0259 yax\u015f\u0131 ev-e\u015fik d\u00fcz\u0259ltmi\u015fdim. Ma\u011fazalar\u0131m\u0131 \u0259limd\u0259n al\u0131b s\u00f6k\u0259nd\u0259n v\u0259 m\u0259ni x\u0259st\u0259liy\u0259 d\u00fc\u00e7ar ed\u0259nd\u0259n sonra evimi bir \u015firk\u0259t\u0259 kiray\u0259y\u0259 verm\u0259k m\u0259cburiyy\u0259tind\u0259 qald\u0131m. \u00d6z\u00fcm is\u0259 ail\u0259ml\u0259 qohum evin\u0259 s\u0131\u011f\u0131nd\u0131m. \u0130ki ildir ki, \u015firk\u0259t evi qaytar\u0131b v\u0259 daha kiray\u0259y\u0259 d\u0259 ver\u0259 bilmir\u0259m. Haz\u0131rda \u0130randan x\u0131rdavat g\u0259tirib satmaqla ba\u015f\u0131m\u0131z\u0131 doland\u0131r\u0131ram. Halbuki, o ma\u011fazalardan ne\u00e7\u0259-ne\u00e7\u0259 imkans\u0131z ail\u0259 dolan\u0131rd\u0131. \u015e\u0259hid ail\u0259l\u0259rin\u0259 bax\u0131rd\u0131m. Prokurorlu\u011fa m\u00fcraci\u0259t etdim, dedi, m\u0259n ba\u015f\u00e7\u0131yla bacara bilmir\u0259m, yerli m\u0259hk\u0259m\u0259y\u0259 m\u00fcraci\u0259t etdim, dedi, s\u0259n Allah, get, ba\u015fqa m\u0259hk\u0259m\u0259y\u0259 ver, m\u0259ni xataya-b\u0259laya salma&#8230; M\u0259n h\u0259r g\u00fcn evimin qap\u0131s\u0131ndan \u00e7\u0131xanda s\u00f6k\u00fclm\u00fc\u015f m\u00fclk\u00fcm\u00fcn yerind\u0259 ba\u015fqas\u0131n\u0131n ma\u011fazas\u0131n\u0131 g\u00f6r\u00fcr\u0259m, h\u0259r g\u00fcn \u00f6l\u00fcb-dirilir\u0259m. Sahibi olmayan \u00f6lk\u0259d\u0259 m\u0259n nec\u0259 g\u0259l\u0259c\u0259k n\u0259sil yeti\u015fdirim? Obyektl\u0259ri s\u00f6k\u00fclm\u00fc\u015f o biri sahibkarlar g\u00f6rd\u00fcl\u0259r ki, bunlarla m\u00fcbariz\u0259 aparmaq \u0259s\u0259b v\u0259 vaxt itkisidir, ba\u015f g\u00f6t\u00fcr\u00fcb \u00e7\u0131x\u0131b getdil\u0259r. El\u0259 m\u0259nim d\u0259 birc\u0259 \u00fcmidim ona qal\u0131b ki, evimi sat\u0131b, ail\u0259mi d\u0259 g\u00f6t\u00fcr\u00fcb ba\u015fqa \u00f6lk\u0259y\u0259 k\u00f6\u00e7\u00fcm, \u00f6vladlar\u0131m\u0131n, n\u0259v\u0259l\u0259rimin g\u0259l\u0259c\u0259yi \u00fc\u00e7\u00fcn&#8230;\n<\/p>\n<figure class=\"wp-block-image size-large\">\n  <img decoding=\"async\" src=\"https:\/\/www.meydan.tv\/az\/serencam-jpg\/\" alt=\"serencam.jpg\" class=\"wp-image-126808\"\/><figcaption>\n    s\u0259r\u0259ncam<br \/>\n  <\/figcaption><\/figure>\n<p>\n  Eviml\u0259 ma\u011fazan\u0131n aras\u0131 500 metrdir. \u00c7\u0131x\u0131b g\u00f6r\u00fcr\u0259m, \u00fcr\u0259yim a\u011fr\u0131y\u0131r. \u00d6lk\u0259 r\u0259hb\u0259rliyin\u0259 40-a yax\u0131n teleqrama vurmu\u015fam, bir cavab yoxdur. Orda adam var, m\u0259ktublar\u0131, teleqram\u0131 gizl\u0259dirl\u0259r. Bir cavab yoxdur. Ged\u0259n m\u0259ktublar\u0131n q\u0259bzi var, ancaq bir d\u0259n\u0259sin\u0259 d\u0259 cavab yoxdur. Gedib Bak\u0131dan da teleqram vurmu\u015fam, cavab g\u0259lm\u0259yib\u201d.\n<\/p>\n<p>\n  B\u0259rd\u0259 Rayon \u0130cra Hakimiyy\u0259tind\u0259n Meydan TV-y\u0259 Taleh B\u0259d\u0259lovun iddialar\u0131n\u0131n \u0259sass\u0131z oldu\u011funu deyibl\u0259r. Bildiribl\u0259r ki, ona vaxtil\u0259 ba\u015fqa yer t\u0259klif olunub v\u0259 imtina edib. Qurumdan ma\u011fazan\u0131n hans\u0131 \u0259sasla s\u00f6k\u00fcld\u00fcy\u00fc bar\u0259d\u0259 m\u0259lumat verm\u0259yibl\u0259r. Yaln\u0131z onu vur\u011fulay\u0131blar ki, haz\u0131rda sahibkar\u0131n quruma qar\u015f\u0131 iddias\u0131 \u0259sas\u0131nda G\u0259nc\u0259 \u0130nzibati-\u0130qtisad M\u0259hk\u0259m\u0259sind\u0259 hakim Kamil Rzayevin s\u0259drliyi il\u0259 m\u0259hk\u0259m\u0259 ke\u00e7irilir. N\u00f6vb\u0259ti m\u0259hk\u0259m\u0259 iclas\u0131 avqustun 20-d\u0259 davam ed\u0259c\u0259k. M\u0259hk\u0259m\u0259 n\u0259 q\u0259rar \u00e7\u0131xarsa, icra hakimiyy\u0259ti h\u0259min q\u0259rar\u0131 icra ed\u0259c\u0259k.<\/p>\n","protected":false},"excerpt":{"rendered":"<p>Eyni \u0259razid\u0259 ma\u011fazalar\u0131 olan m\u0259nim kimi 8 sahibkar aldad\u0131l\u0131b, ham\u0131ya bildirilmi\u015fdi ki, burada Prezidentin anas\u0131n\u0131n ad\u0131na park sal\u0131n\u0131r v\u0259 kimin n\u0259 h\u0259ddin\u0259dir ki, etiraz etsin.<\/p>\n","protected":false},"author":11,"featured_media":126802,"comment_status":"closed","ping_status":"open","sticky":false,"template":"","format":"standard","meta":{"_acf_changed":false,"_sitemap_exclude":false,"_sitemap_priority":"","_sitemap_frequency":"","footnotes":""},"categories":[60],"tags":[],"class_list":["post-196195","post","type-post","status-publish","format-standard","has-post-thumbnail","hentry","category-bolge","infinite-scroll-item","generate-columns","tablet-grid-50","mobile-grid-100","grid-parent","grid-33","no-featured-image-padding"],"acf":[],"yoast_head":"<!-- This site is optimized with the Yoast SEO plugin v27.4 - https:\/\/yoast.com\/product\/yoast-seo-wordpress\/ -->\n<title>B\u0259rd\u0259 sakini: 8 sahibkar\u0131 aldad\u0131b ma\u011fazas\u0131n\u0131 s\u00f6kd\u00fcl\u0259r - MEYDAN.TV<\/title>\n<meta name=\"robots\" content=\"index, follow, max-snippet:-1, max-image-preview:large, max-video-preview:-1\" \/>\n<link rel=\"canonical\" href=\"https:\/\/www.meydan.tv\/az\/article\/berde-sakini-8-sahibkari-aldadib-magazasini-sokduler\/\" \/>\n<meta property=\"og:locale\" content=\"az_AZ\" \/>\n<meta property=\"og:type\" content=\"article\" \/>\n<meta property=\"og:title\" content=\"B\u0259rd\u0259 sakini: 8 sahibkar\u0131 aldad\u0131b ma\u011fazas\u0131n\u0131 s\u00f6kd\u00fcl\u0259r - MEYDAN.TV\" \/>\n<meta property=\"og:description\" content=\"Eyni \u0259razid\u0259 ma\u011fazalar\u0131 olan m\u0259nim kimi 8 sahibkar aldad\u0131l\u0131b, ham\u0131ya bildirilmi\u015fdi ki, burada Prezidentin anas\u0131n\u0131n ad\u0131na park sal\u0131n\u0131r v\u0259 kimin n\u0259 h\u0259ddin\u0259dir ki, etiraz etsin.\" \/>\n<meta property=\"og:url\" content=\"https:\/\/www.meydan.tv\/az\/article\/berde-sakini-8-sahibkari-aldadib-magazasini-sokduler\/\" \/>\n<meta property=\"og:site_name\" content=\"MEYDAN.TV\" \/>\n<meta property=\"article:published_time\" content=\"2019-07-15T10:20:20+00:00\" \/>\n<meta property=\"og:image\" content=\"https:\/\/www.meydan.tv\/wp-content\/uploads\/reg_barda_sahibkar_taleh_badalov.jpg\" \/>\n\t<meta property=\"og:image:width\" content=\"1280\" \/>\n\t<meta property=\"og:image:height\" content=\"719\" \/>\n\t<meta property=\"og:image:type\" content=\"image\/jpeg\" \/>\n<meta name=\"author\" content=\"user-manager\" \/>\n<meta name=\"twitter:card\" content=\"summary_large_image\" \/>\n<script type=\"application\/ld+json\" class=\"yoast-schema-graph\">{\"@context\":\"https:\\\/\\\/schema.org\",\"@graph\":[{\"@type\":\"Article\",\"@id\":\"https:\\\/\\\/www.meydan.tv\\\/az\\\/article\\\/berde-sakini-8-sahibkari-aldadib-magazasini-sokduler\\\/#article\",\"isPartOf\":{\"@id\":\"https:\\\/\\\/www.meydan.tv\\\/az\\\/article\\\/berde-sakini-8-sahibkari-aldadib-magazasini-sokduler\\\/\"},\"author\":{\"name\":\"user-manager\",\"@id\":\"https:\\\/\\\/www.meydan.tv\\\/az\\\/#\\\/schema\\\/person\\\/10d11eccf6da3662cf5fdab9806ea91a\"},\"headline\":\"B\u0259rd\u0259 sakini: 8 sahibkar\u0131 aldad\u0131b ma\u011fazas\u0131n\u0131 s\u00f6kd\u00fcl\u0259r\",\"datePublished\":\"2019-07-15T10:20:20+00:00\",\"mainEntityOfPage\":{\"@id\":\"https:\\\/\\\/www.meydan.tv\\\/az\\\/article\\\/berde-sakini-8-sahibkari-aldadib-magazasini-sokduler\\\/\"},\"wordCount\":1589,\"publisher\":{\"@id\":\"https:\\\/\\\/www.meydan.tv\\\/az\\\/#organization\"},\"image\":{\"@id\":\"https:\\\/\\\/www.meydan.tv\\\/az\\\/article\\\/berde-sakini-8-sahibkari-aldadib-magazasini-sokduler\\\/#primaryimage\"},\"thumbnailUrl\":\"https:\\\/\\\/www.meydan.tv\\\/wp-content\\\/uploads\\\/reg_barda_sahibkar_taleh_badalov.jpg\",\"articleSection\":[\"B\u00f6lg\u0259\"],\"inLanguage\":\"az\"},{\"@type\":\"WebPage\",\"@id\":\"https:\\\/\\\/www.meydan.tv\\\/az\\\/article\\\/berde-sakini-8-sahibkari-aldadib-magazasini-sokduler\\\/\",\"url\":\"https:\\\/\\\/www.meydan.tv\\\/az\\\/article\\\/berde-sakini-8-sahibkari-aldadib-magazasini-sokduler\\\/\",\"name\":\"B\u0259rd\u0259 sakini: 8 sahibkar\u0131 aldad\u0131b ma\u011fazas\u0131n\u0131 s\u00f6kd\u00fcl\u0259r - MEYDAN.TV\",\"isPartOf\":{\"@id\":\"https:\\\/\\\/www.meydan.tv\\\/az\\\/#website\"},\"primaryImageOfPage\":{\"@id\":\"https:\\\/\\\/www.meydan.tv\\\/az\\\/article\\\/berde-sakini-8-sahibkari-aldadib-magazasini-sokduler\\\/#primaryimage\"},\"image\":{\"@id\":\"https:\\\/\\\/www.meydan.tv\\\/az\\\/article\\\/berde-sakini-8-sahibkari-aldadib-magazasini-sokduler\\\/#primaryimage\"},\"thumbnailUrl\":\"https:\\\/\\\/www.meydan.tv\\\/wp-content\\\/uploads\\\/reg_barda_sahibkar_taleh_badalov.jpg\",\"datePublished\":\"2019-07-15T10:20:20+00:00\",\"breadcrumb\":{\"@id\":\"https:\\\/\\\/www.meydan.tv\\\/az\\\/article\\\/berde-sakini-8-sahibkari-aldadib-magazasini-sokduler\\\/#breadcrumb\"},\"inLanguage\":\"az\",\"potentialAction\":[{\"@type\":\"ReadAction\",\"target\":[\"https:\\\/\\\/www.meydan.tv\\\/az\\\/article\\\/berde-sakini-8-sahibkari-aldadib-magazasini-sokduler\\\/\"]}]},{\"@type\":\"ImageObject\",\"inLanguage\":\"az\",\"@id\":\"https:\\\/\\\/www.meydan.tv\\\/az\\\/article\\\/berde-sakini-8-sahibkari-aldadib-magazasini-sokduler\\\/#primaryimage\",\"url\":\"https:\\\/\\\/www.meydan.tv\\\/wp-content\\\/uploads\\\/reg_barda_sahibkar_taleh_badalov.jpg\",\"contentUrl\":\"https:\\\/\\\/www.meydan.tv\\\/wp-content\\\/uploads\\\/reg_barda_sahibkar_taleh_badalov.jpg\",\"width\":1280,\"height\":719,\"caption\":\"Source: meydan tv\"},{\"@type\":\"BreadcrumbList\",\"@id\":\"https:\\\/\\\/www.meydan.tv\\\/az\\\/article\\\/berde-sakini-8-sahibkari-aldadib-magazasini-sokduler\\\/#breadcrumb\",\"itemListElement\":[{\"@type\":\"ListItem\",\"position\":1,\"name\":\"Ana s\u0259hif\u0259\",\"item\":\"https:\\\/\\\/www.meydan.tv\\\/az\\\/\"},{\"@type\":\"ListItem\",\"position\":2,\"name\":\"B\u00f6lg\u0259\",\"item\":\"https:\\\/\\\/www.meydan.tv\\\/az\\\/section\\\/bolge\\\/\"},{\"@type\":\"ListItem\",\"position\":3,\"name\":\"B\u0259rd\u0259 sakini: 8 sahibkar\u0131 aldad\u0131b ma\u011fazas\u0131n\u0131 s\u00f6kd\u00fcl\u0259r\"}]},{\"@type\":\"WebSite\",\"@id\":\"https:\\\/\\\/www.meydan.tv\\\/az\\\/#website\",\"url\":\"https:\\\/\\\/www.meydan.tv\\\/az\\\/\",\"name\":\"MEYDAN.TV\",\"description\":\"Meydan TV Az\u0259rbaycan\u0131n media m\u0259kan\u0131ndak\u0131 alternativ s\u0259sidir\",\"publisher\":{\"@id\":\"https:\\\/\\\/www.meydan.tv\\\/az\\\/#organization\"},\"potentialAction\":[{\"@type\":\"SearchAction\",\"target\":{\"@type\":\"EntryPoint\",\"urlTemplate\":\"https:\\\/\\\/www.meydan.tv\\\/az\\\/?s={search_term_string}\"},\"query-input\":{\"@type\":\"PropertyValueSpecification\",\"valueRequired\":true,\"valueName\":\"search_term_string\"}}],\"inLanguage\":\"az\"},{\"@type\":\"Organization\",\"@id\":\"https:\\\/\\\/www.meydan.tv\\\/az\\\/#organization\",\"name\":\"Meydan TV\",\"url\":\"https:\\\/\\\/www.meydan.tv\\\/az\\\/\",\"logo\":{\"@type\":\"ImageObject\",\"inLanguage\":\"az\",\"@id\":\"https:\\\/\\\/www.meydan.tv\\\/az\\\/#\\\/schema\\\/logo\\\/image\\\/\",\"url\":\"https:\\\/\\\/www.meydan.tv\\\/wp-content\\\/uploads\\\/2021\\\/07\\\/meydan-logo.svg\",\"contentUrl\":\"https:\\\/\\\/www.meydan.tv\\\/wp-content\\\/uploads\\\/2021\\\/07\\\/meydan-logo.svg\",\"width\":195,\"height\":46,\"caption\":\"Meydan TV\"},\"image\":{\"@id\":\"https:\\\/\\\/www.meydan.tv\\\/az\\\/#\\\/schema\\\/logo\\\/image\\\/\"}},{\"@type\":\"Person\",\"@id\":\"https:\\\/\\\/www.meydan.tv\\\/az\\\/#\\\/schema\\\/person\\\/10d11eccf6da3662cf5fdab9806ea91a\",\"name\":\"user-manager\"}]}<\/script>\n<!-- \/ Yoast SEO plugin. -->","yoast_head_json":{"title":"B\u0259rd\u0259 sakini: 8 sahibkar\u0131 aldad\u0131b ma\u011fazas\u0131n\u0131 s\u00f6kd\u00fcl\u0259r - MEYDAN.TV","robots":{"index":"index","follow":"follow","max-snippet":"max-snippet:-1","max-image-preview":"max-image-preview:large","max-video-preview":"max-video-preview:-1"},"canonical":"https:\/\/www.meydan.tv\/az\/article\/berde-sakini-8-sahibkari-aldadib-magazasini-sokduler\/","og_locale":"az_AZ","og_type":"article","og_title":"B\u0259rd\u0259 sakini: 8 sahibkar\u0131 aldad\u0131b ma\u011fazas\u0131n\u0131 s\u00f6kd\u00fcl\u0259r - MEYDAN.TV","og_description":"Eyni \u0259razid\u0259 ma\u011fazalar\u0131 olan m\u0259nim kimi 8 sahibkar aldad\u0131l\u0131b, ham\u0131ya bildirilmi\u015fdi ki, burada Prezidentin anas\u0131n\u0131n ad\u0131na park sal\u0131n\u0131r v\u0259 kimin n\u0259 h\u0259ddin\u0259dir ki, etiraz etsin.","og_url":"https:\/\/www.meydan.tv\/az\/article\/berde-sakini-8-sahibkari-aldadib-magazasini-sokduler\/","og_site_name":"MEYDAN.TV","article_published_time":"2019-07-15T10:20:20+00:00","og_image":[{"width":1280,"height":719,"url":"https:\/\/www.meydan.tv\/wp-content\/uploads\/reg_barda_sahibkar_taleh_badalov.jpg","type":"image\/jpeg"}],"author":"user-manager","twitter_card":"summary_large_image","schema":{"@context":"https:\/\/schema.org","@graph":[{"@type":"Article","@id":"https:\/\/www.meydan.tv\/az\/article\/berde-sakini-8-sahibkari-aldadib-magazasini-sokduler\/#article","isPartOf":{"@id":"https:\/\/www.meydan.tv\/az\/article\/berde-sakini-8-sahibkari-aldadib-magazasini-sokduler\/"},"author":{"name":"user-manager","@id":"https:\/\/www.meydan.tv\/az\/#\/schema\/person\/10d11eccf6da3662cf5fdab9806ea91a"},"headline":"B\u0259rd\u0259 sakini: 8 sahibkar\u0131 aldad\u0131b ma\u011fazas\u0131n\u0131 s\u00f6kd\u00fcl\u0259r","datePublished":"2019-07-15T10:20:20+00:00","mainEntityOfPage":{"@id":"https:\/\/www.meydan.tv\/az\/article\/berde-sakini-8-sahibkari-aldadib-magazasini-sokduler\/"},"wordCount":1589,"publisher":{"@id":"https:\/\/www.meydan.tv\/az\/#organization"},"image":{"@id":"https:\/\/www.meydan.tv\/az\/article\/berde-sakini-8-sahibkari-aldadib-magazasini-sokduler\/#primaryimage"},"thumbnailUrl":"https:\/\/www.meydan.tv\/wp-content\/uploads\/reg_barda_sahibkar_taleh_badalov.jpg","articleSection":["B\u00f6lg\u0259"],"inLanguage":"az"},{"@type":"WebPage","@id":"https:\/\/www.meydan.tv\/az\/article\/berde-sakini-8-sahibkari-aldadib-magazasini-sokduler\/","url":"https:\/\/www.meydan.tv\/az\/article\/berde-sakini-8-sahibkari-aldadib-magazasini-sokduler\/","name":"B\u0259rd\u0259 sakini: 8 sahibkar\u0131 aldad\u0131b ma\u011fazas\u0131n\u0131 s\u00f6kd\u00fcl\u0259r - MEYDAN.TV","isPartOf":{"@id":"https:\/\/www.meydan.tv\/az\/#website"},"primaryImageOfPage":{"@id":"https:\/\/www.meydan.tv\/az\/article\/berde-sakini-8-sahibkari-aldadib-magazasini-sokduler\/#primaryimage"},"image":{"@id":"https:\/\/www.meydan.tv\/az\/article\/berde-sakini-8-sahibkari-aldadib-magazasini-sokduler\/#primaryimage"},"thumbnailUrl":"https:\/\/www.meydan.tv\/wp-content\/uploads\/reg_barda_sahibkar_taleh_badalov.jpg","datePublished":"2019-07-15T10:20:20+00:00","breadcrumb":{"@id":"https:\/\/www.meydan.tv\/az\/article\/berde-sakini-8-sahibkari-aldadib-magazasini-sokduler\/#breadcrumb"},"inLanguage":"az","potentialAction":[{"@type":"ReadAction","target":["https:\/\/www.meydan.tv\/az\/article\/berde-sakini-8-sahibkari-aldadib-magazasini-sokduler\/"]}]},{"@type":"ImageObject","inLanguage":"az","@id":"https:\/\/www.meydan.tv\/az\/article\/berde-sakini-8-sahibkari-aldadib-magazasini-sokduler\/#primaryimage","url":"https:\/\/www.meydan.tv\/wp-content\/uploads\/reg_barda_sahibkar_taleh_badalov.jpg","contentUrl":"https:\/\/www.meydan.tv\/wp-content\/uploads\/reg_barda_sahibkar_taleh_badalov.jpg","width":1280,"height":719,"caption":"Source: meydan tv"},{"@type":"BreadcrumbList","@id":"https:\/\/www.meydan.tv\/az\/article\/berde-sakini-8-sahibkari-aldadib-magazasini-sokduler\/#breadcrumb","itemListElement":[{"@type":"ListItem","position":1,"name":"Ana s\u0259hif\u0259","item":"https:\/\/www.meydan.tv\/az\/"},{"@type":"ListItem","position":2,"name":"B\u00f6lg\u0259","item":"https:\/\/www.meydan.tv\/az\/section\/bolge\/"},{"@type":"ListItem","position":3,"name":"B\u0259rd\u0259 sakini: 8 sahibkar\u0131 aldad\u0131b ma\u011fazas\u0131n\u0131 s\u00f6kd\u00fcl\u0259r"}]},{"@type":"WebSite","@id":"https:\/\/www.meydan.tv\/az\/#website","url":"https:\/\/www.meydan.tv\/az\/","name":"MEYDAN.TV","description":"Meydan TV Az\u0259rbaycan\u0131n media m\u0259kan\u0131ndak\u0131 alternativ s\u0259sidir","publisher":{"@id":"https:\/\/www.meydan.tv\/az\/#organization"},"potentialAction":[{"@type":"SearchAction","target":{"@type":"EntryPoint","urlTemplate":"https:\/\/www.meydan.tv\/az\/?s={search_term_string}"},"query-input":{"@type":"PropertyValueSpecification","valueRequired":true,"valueName":"search_term_string"}}],"inLanguage":"az"},{"@type":"Organization","@id":"https:\/\/www.meydan.tv\/az\/#organization","name":"Meydan TV","url":"https:\/\/www.meydan.tv\/az\/","logo":{"@type":"ImageObject","inLanguage":"az","@id":"https:\/\/www.meydan.tv\/az\/#\/schema\/logo\/image\/","url":"https:\/\/www.meydan.tv\/wp-content\/uploads\/2021\/07\/meydan-logo.svg","contentUrl":"https:\/\/www.meydan.tv\/wp-content\/uploads\/2021\/07\/meydan-logo.svg","width":195,"height":46,"caption":"Meydan TV"},"image":{"@id":"https:\/\/www.meydan.tv\/az\/#\/schema\/logo\/image\/"}},{"@type":"Person","@id":"https:\/\/www.meydan.tv\/az\/#\/schema\/person\/10d11eccf6da3662cf5fdab9806ea91a","name":"user-manager"}]}},"_links":{"self":[{"href":"https:\/\/www.meydan.tv\/az\/wp-json\/wp\/v2\/posts\/196195","targetHints":{"allow":["GET"]}}],"collection":[{"href":"https:\/\/www.meydan.tv\/az\/wp-json\/wp\/v2\/posts"}],"about":[{"href":"https:\/\/www.meydan.tv\/az\/wp-json\/wp\/v2\/types\/post"}],"author":[{"embeddable":true,"href":"https:\/\/www.meydan.tv\/az\/wp-json\/wp\/v2\/users\/11"}],"replies":[{"embeddable":true,"href":"https:\/\/www.meydan.tv\/az\/wp-json\/wp\/v2\/comments?post=196195"}],"version-history":[{"count":0,"href":"https:\/\/www.meydan.tv\/az\/wp-json\/wp\/v2\/posts\/196195\/revisions"}],"wp:featuredmedia":[{"embeddable":true,"href":"https:\/\/www.meydan.tv\/az\/wp-json\/wp\/v2\/media\/126802"}],"wp:attachment":[{"href":"https:\/\/www.meydan.tv\/az\/wp-json\/wp\/v2\/media?parent=196195"}],"wp:term":[{"taxonomy":"category","embeddable":true,"href":"https:\/\/www.meydan.tv\/az\/wp-json\/wp\/v2\/categories?post=196195"},{"taxonomy":"post_tag","embeddable":true,"href":"https:\/\/www.meydan.tv\/az\/wp-json\/wp\/v2\/tags?post=196195"}],"curies":[{"name":"wp","href":"https:\/\/api.w.org\/{rel}","templated":true}]}}