{"id":196194,"date":"2019-07-15T09:14:43","date_gmt":"2019-07-15T09:14:43","guid":{"rendered":"https:\/\/www.meydan.tv\/article\/anladim-ki-balam-coxdan-cennet-qusuna-donub-hekimler-bizi-aldadir\/"},"modified":"2019-07-15T09:14:43","modified_gmt":"2019-07-15T09:14:43","slug":"anladim-ki-balam-coxdan-cennet-qusuna-donub-hekimler-bizi-aldadir","status":"publish","type":"post","link":"https:\/\/www.meydan.tv\/az\/article\/anladim-ki-balam-coxdan-cennet-qusuna-donub-hekimler-bizi-aldadir\/","title":{"rendered":"&#8221;Anlad\u0131m ki, balam \u00e7oxdan c\u0259nn\u0259t qu\u015funa d\u00f6n\u00fcb, h\u0259kiml\u0259r bizi aldad\u0131r&#8221;"},"content":{"rendered":"<p>\n  <i><br \/>\n    A\u011fda\u015f sakini deyir, vaxt\u0131nda t\u0259cili yard\u0131m ma\u015f\u0131n\u0131 ayr\u0131lsayd\u0131, k\u00f6rp\u0259si sa\u011f qalard\u0131<br \/>\n  <\/i>\n<\/p>\n<p>\n  \u201cH\u0259r iki rayonun x\u0259st\u0259xanalar\u0131 u\u015fa\u011f\u0131n h\u0259yat\u0131n\u0131 xilas etm\u0259k \u00fc\u00e7\u00fcn laz\u0131mi tibbi avadanl\u0131qlar\u0131n olmad\u0131\u011f\u0131n\u0131 bildirdi. U\u015fa\u011f\u0131 t\u0259cili Bak\u0131ya g\u00f6t\u00fcrm\u0259yi m\u0259sl\u0259h\u0259t g\u00f6rs\u0259l\u0259r d\u0259, he\u00e7 biri t\u0259cili yard\u0131m ma\u015f\u0131n\u0131 ay\u0131rmad\u0131. M\u0259n iki rayonun x\u0259st\u0259xanas\u0131 aras\u0131nda qald\u0131m, s\u0259h\u0259r\u0259 yax\u0131n u\u015fa\u011f\u0131m\u0131n cans\u0131z b\u0259d\u0259nini m\u0259n\u0259 verib \u201cke\u00e7mi\u015f olsun\u201d, dedil\u0259r\u201d.\n<\/p>\n<p>\n  A\u011fda\u015f sakini Cavid \u018fl\u0259kb\u0259rov Meydan TV-y\u0259 dan\u0131\u015f\u0131r ki, iyulun 7-d\u0259 ax\u015fam saat 10 rad\u0259l\u0259rind\u0259 10 ayl\u0131q o\u011flu T\u00fcrkelin s\u0259hh\u0259ti q\u0259fil pisl\u0259\u015fib. O, k\u00f6rp\u0259y\u0259 tibbi yard\u0131m g\u00f6st\u0259rilm\u0259si \u00fc\u00e7\u00fcn A\u011fda\u015f rayon M\u0259rk\u0259zi X\u0259st\u0259xanas\u0131na m\u00fcraci\u0259t edib. T\u0259cili Tibbi yard\u0131m \u015e\u00f6b\u0259sinin n\u00f6vb\u0259t\u00e7i h\u0259kimi Aprin T\u0259briz m\u0259sl\u0259h\u0259t g\u00f6r\u00fcb ki, x\u0259st\u0259xanada normal h\u0259kim v\u0259 laz\u0131mi tibbi avadanl\u0131qlar olmad\u0131\u011f\u0131 \u00fc\u00e7\u00fcn k\u00f6rp\u0259ni Ming\u0259\u00e7evir \u015e\u0259h\u0259r M\u0259rk\u0259zi X\u0259st\u0259xanas\u0131na g\u00f6t\u00fcrs\u00fcn. Cavid \u018fl\u0259kb\u0259rov bel\u0259 d\u0259 edib. Ming\u0259\u00e7evir \u015e\u0259h\u0259r M\u0259rk\u0259zi X\u0259st\u0259xanas\u0131nda is\u0259 ona bildirilib ki, u\u015fa\u011fa g\u0259r\u0259k A\u011fda\u015f M\u0259rk\u0259zi X\u0259st\u0259xanas\u0131 tibbi yard\u0131m g\u00f6st\u0259r\u0259rdi v\u0259 ona u\u015fa\u011f\u0131 da g\u00f6t\u00fcr\u00fcb A\u011fda\u015fa qay\u0131tma\u011f\u0131 m\u0259sl\u0259h\u0259t g\u00f6r\u00fcbl\u0259r. Cavid \u018fl\u0259kb\u0259rovsa \u00e7ar\u0259siz durumda oldu\u011funu dey\u0259r\u0259k, v\u0259ziyy\u0259ti a\u011f\u0131rla\u015fan k\u00f6rp\u0259y\u0259 yard\u0131m edilm\u0259sini t\u0259l\u0259b edib. T\u0259xmin\u0259n 30 d\u0259qiq\u0259d\u0259n sonra ataya bildirilib ki, bu x\u0259st\u0259xanada da tibbi avadanl\u0131q yoxdur. M\u0259sl\u0259h\u0259t g\u00f6r\u00fcbl\u0259r ki, u\u015fa\u011f\u0131 Bak\u0131ya, ya da G\u0259nc\u0259y\u0259 apars\u0131n.\n<\/p>\n<p>\n  <i><br \/>\n    \u201cBa\u015f h\u0259kim\u0259 yalvard\u0131m, telefonu qapatd\u0131\u201d<br \/>\n  <\/i>\n<\/p>\n<p>\n  \u201cN\u00f6vb\u0259t\u00e7i h\u0259kim \u015e\u0131x\u0259li A\u015furov dedi, u\u015fa\u011f\u0131 t\u0259cili tibbi yard\u0131m ma\u015f\u0131n\u0131nda h\u0259kim n\u0259zar\u0259tind\u0259 aparmal\u0131san. Get, bir t\u0259cili yard\u0131m ma\u015f\u0131n\u0131 tap g\u0259tir, bizim h\u0259kiml\u0259rd\u0259n qo\u015faq, u\u015fa\u011f\u0131 Bak\u0131ya \u00e7atd\u0131r. M\u0259ns\u0259 dedim ki, t\u0259cili tibbi yard\u0131m ma\u015f\u0131n\u0131 x\u0259st\u0259xanada olur, kartof deyil ki, gedib bazardan alam&#8230; \u00d6z ma\u015f\u0131nlar\u0131n\u0131zdan ay\u0131r\u0131n, u\u015fa\u011f\u0131 Bak\u0131ya \u00e7atd\u0131r\u0131m. Dedi, A\u011fda\u015f sakini oldu\u011fun \u00fc\u00e7\u00fcn bizim x\u0259st\u0259xana s\u0259n\u0259 ma\u015f\u0131n ver\u0259 bilm\u0259z. \u00c7al\u0131\u015f, m\u0259s\u0259l\u0259ni A\u011fda\u015f x\u0259st\u0259xanas\u0131 il\u0259 h\u0259ll et&#8230; \u018fvv\u0259lc\u0259 A\u011fda\u015f M\u0259rk\u0259zi X\u0259st\u0259xanas\u0131n\u0131n T\u0259cili Yard\u0131m \u015e\u00f6b\u0259sinin m\u00fcdiri B\u0259xtiyar Pa\u015fayev\u0259 z\u0259ng vurdum. Sonradan ara\u015fd\u0131rm\u0131\u015fam ki, bu adam\u0131n he\u00e7 tibbi savad\u0131 da yoxmu\u015f. O, z\u0259ng vurma\u011f\u0131m\u0131n s\u0259b\u0259bini bil\u0259nd\u0259 kobud \u015f\u0259kild\u0259 \u201cm\u0259nim n\u00f6mr\u0259mi s\u0259n\u0259 kim verib, m\u0259n bu i\u015fl\u0259r\u0259 baxm\u0131ram\u201d, dedi v\u0259 telefonu s\u00f6nd\u00fcrd\u00fc. Bu d\u0259f\u0259 A\u011fda\u015f x\u0259st\u0259xanas\u0131n\u0131n ba\u015f h\u0259kimi Nuru Nuriyevin mobil telefonuna z\u0259ng vurdum, v\u0259ziyy\u0259ti ba\u015fa sald\u0131m, yalvard\u0131m ki, u\u015faq \u00f6l\u00fcr, n\u0259f\u0259si \u00e7atm\u0131r, t\u0259cili tibbi yard\u0131m ma\u015f\u0131n\u0131 g\u00f6nd\u0259rin, Bak\u0131ya \u00e7atd\u0131r\u0131m. O is\u0259 sakitc\u0259 \u201chans\u0131 x\u0259st\u0259xanaya getmis\u0259ns\u0259, o x\u0259st\u0259xanadan da t\u0259l\u0259b et\u201d, deyib, telefonu qapatd\u0131. Sonra d\u0259f\u0259l\u0259rl\u0259 z\u0259ng vursam da, telefonu s\u00f6nd\u00fcrm\u00fc\u015fd\u00fc dey\u0259, \u0259laq\u0259 yarada bilm\u0259dim,\u201d \u2013 ata dan\u0131\u015f\u0131r.\n<\/p>\n<p>\n  <i><br \/>\n    \u201cN\u00f6vb\u0259t\u00e7i h\u0259kim dedi, ba\u015f h\u0259kim\u0259 z\u0259ng vurma\u011fa qorxuram\u201d<br \/>\n  <\/i>\n<\/p>\n<p>\n  Ata \u00e7ar\u0259siz qalaraq A\u011fda\u015f M\u0259rk\u0259zi X\u0259st\u0259xanas\u0131na qay\u0131d\u0131b. N\u00f6vb\u0259t\u00e7i h\u0259kim ba\u015f h\u0259kiml\u0259 \u0259laq\u0259 saxlad\u0131\u011f\u0131n\u0131, ancaq ba\u015f h\u0259kimin \u201cma\u015f\u0131n yoxdur\u201d, dediyini bildirib. \u018fli yerd\u0259n-g\u00f6yd\u0259n \u00fcz\u00fcl\u0259n ata gec\u0259 saat 2 rad\u0259l\u0259rind\u0259 A\u011fda\u015f rayon polisin\u0259 v\u0259 rayon prokurorlu\u011funa \u00fcz tutub:\n<\/p>\n<p>\n  \u201c\u018fvv\u0259l prokurorlu\u011fa getdim, dedil\u0259r, s\u0259h\u0259r g\u0259l, bildirdim ki, s\u0259h\u0259r\u0259d\u0259k u\u015fa\u011f\u0131m \u00f6l\u0259 bil\u0259r, gec ola bil\u0259r. Ordan rayon polisin\u0259 getdim, polis \u015f\u00f6b\u0259sinin bir \u0259m\u0259kda\u015f\u0131yla b\u0259rab\u0259r yen\u0259 rayon m\u0259rk\u0259zi x\u0259st\u0259xanas\u0131na yolland\u0131m. Polis \u0259m\u0259kda\u015f\u0131 n\u00f6vb\u0259t\u00e7i h\u0259kim\u0259 t\u0259klif etdi ki, ba\u015f h\u0259kiml\u0259 dan\u0131\u015fs\u0131n. Ancaq n\u00f6vb\u0259t\u00e7i h\u0259kim dedi, m\u0259n daha ba\u015f h\u0259kim\u0259 z\u0259ng vurma\u011fa qorxuram. Yen\u0259 \u00e7ar\u0259siz halda Ming\u0259\u00e7evir x\u0259st\u0259xanas\u0131na qay\u0131td\u0131m\u201d.\n<\/p>\n<figure class=\"wp-block-image size-large\">\n  <img decoding=\"async\" src=\"https:\/\/www.meydan.tv\/az\/8817-jpg\/\" alt=\"8817.jpg\" class=\"wp-image-126793\"\/><figcaption>\n    A\u011fda\u015f Rayon M\u0259rk\u0259zi X\u0259st\u0259xanas\u0131<br \/>\n  <\/figcaption><\/figure>\n<p>\n  Cavid \u018fl\u0259kb\u0259rovin s\u00f6zl\u0259rin\u0259 g\u00f6r\u0259, burada da n\u00f6vb\u0259t\u00e7i h\u0259kimd\u0259n Ming\u0259\u00e7evir M\u0259rk\u0259zi X\u0259st\u0259xanas\u0131n\u0131n ba\u015f h\u0259kimin\u0259 z\u0259ng vurmas\u0131n\u0131 ist\u0259yib. N\u00f6vb\u0259t\u00e7i h\u0259kims\u0259 ba\u015f h\u0259kimin n\u00f6mr\u0259sini bilm\u0259diyini deyib. Cavid \u018fl\u0259kb\u0259rovun S\u0259hiyy\u0259 Nazirliyinin \u201cqaynar x\u0259tt\u201d n\u00f6mr\u0259l\u0259rin\u0259 vurdu\u011fu z\u0259ngl\u0259r d\u0259 n\u0259tic\u0259 verm\u0259yib.\n<\/p>\n<p>\n  <i><br \/>\n    \u201cBa\u015f h\u0259kim bizd\u0259n qorunurdu, anlad\u0131m ki, n\u0259s\u0259 var\u201d<br \/>\n  <\/i>\n<\/p>\n<p>\n  Bunlar\u0131n ba\u015f verdiyi zaman k\u0259siyind\u0259 is\u0259 10 ayl\u0131q k\u00f6rp\u0259nin durumu daha da a\u011f\u0131rla\u015f\u0131b:\n<\/p>\n<p>\n  \u201c\u015e\u0131x\u0259li h\u0259kim bizi aldatd\u0131 ki, u\u015fa\u011f\u0131n v\u0259ziyy\u0259ti yax\u015f\u0131la\u015f\u0131b, ona g\u00f6r\u0259 d\u0259 gec\u0259yl\u0259 Bak\u0131ya apar\u0131lmas\u0131na ehtiyac yoxdur. S\u0259h\u0259r ba\u015f h\u0259kim g\u0259lsin, t\u0259cili tibbi yard\u0131m ma\u015f\u0131n\u0131 ay\u0131rar, g\u00f6t\u00fcr\u00fcb Bak\u0131ya aparars\u0131z. U\u015faq reanimasiya \u015f\u00f6b\u0259sind\u0259 idi, n\u00f6vb\u0259t\u00e7i tibb bac\u0131s\u0131 quca\u011f\u0131nda saxlam\u0131\u015fd\u0131, s\u00fcni n\u0259f\u0259s aparat\u0131 il\u0259 n\u0259f\u0259s al\u0131rd\u0131. S\u0259h\u0259r saat 4 rad\u0259l\u0259rind\u0259 \u015e\u0131x\u0259li h\u0259kimin davran\u0131\u015f\u0131ndan hiss etdik ki, n\u0259s\u0259 ba\u015f verib. Art\u0131q bizi reanimasiya \u015f\u00f6b\u0259sin\u0259 d\u0259 yax\u0131n buraxm\u0131rd\u0131lar, bu da \u015f\u00fcbh\u0259l\u0259rimi art\u0131r\u0131rd\u0131. M\u0259n birt\u0259h\u0259r \u00f6z\u00fcm\u00fc reanimasiya ota\u011f\u0131na salanda s\u00fcni n\u0259f\u0259s aparat\u0131na qo\u015fulmu\u015f balam \u00e7oxdan c\u0259nn\u0259t qu\u015funa d\u00f6nm\u00fc\u015fd\u00fc, h\u0259kims\u0259 bizi aldad\u0131rd\u0131\u201d.\n<\/p>\n<figure class=\"wp-block-image size-large\">\n  <img decoding=\"async\" src=\"https:\/\/www.meydan.tv\/az\/image_from_ios-1-jpg-38\/\" alt=\"image_from_ios (1).jpg\" class=\"wp-image-126796\"\/><figcaption>\n    Cavid \u018fl\u0259kb\u0259rovun \u00f6vlad\u0131 T\u00fcrkel<br \/>\n  <\/figcaption><\/figure>\n<p>\n  \u00d6vlad\u0131n\u0131n \u00f6ld\u00fcy\u00fcn\u00fc anlayan ata D\u0130N-nin 102 xidm\u0259tin\u0259 v\u0259 Ba\u015f Prokurorlu\u011fun \u201cqaynar x\u0259tt\u201din\u0259 z\u0259ng vurub. Bundan sonra Ming\u0259\u00e7evir \u015f\u0259h\u0259r Polis \u015e\u00f6b\u0259sinin v\u0259 rayon prokurorlu\u011funun \u0259m\u0259kda\u015flar\u0131 x\u0259st\u0259xanaya g\u0259lib:\n<\/p>\n<p>\n  \u201cM\u0259n \u015foka d\u00fc\u015fm\u00fc\u015fd\u00fcm, q\u0131\u015fq\u0131r\u0131rd\u0131m ki, balam hans\u0131 s\u0259b\u0259bd\u0259n \u00f6ld\u00fc? H\u0259kim g\u00f6zl\u0259rini d\u00f6y\u00fcr, \u00e7iyinl\u0259rini \u00e7\u0259kirdi. Sonra da u\u015fa\u011f\u0131n \u00f6l\u00fcm\u00fcn\u0259 s\u0259b\u0259b kimi s\u0259n\u0259dd\u0259 \u201ct\u0259n\u0259ff\u00fcs \u00e7at\u0131\u015fmazl\u0131\u011f\u0131\u201d qeyd etdi. Ekspertiza prosesi bit\u0259nd\u0259n sonra balam\u0131n cans\u0131z b\u0259d\u0259nini b\u00fck\u00fcb \u00f6z\u00fcm\u0259 verdil\u0259r, g\u00f6z\u00fcya\u015fl\u0131 A\u011fda\u015fa d\u00f6nd\u00fck\u201d.\n<\/p>\n<p>\n  G\u0259nc ata 10 ayl\u0131q k\u00f6rp\u0259sinin \u00f6l\u00fcm\u00fcnd\u0259 h\u0259r iki x\u0259st\u0259xanan\u0131n h\u0259kiml\u0259rini v\u0259 ba\u015f h\u0259kiml\u0259rini g\u00fcnahland\u0131r\u0131r. O, \u00f6lk\u0259 ba\u015f\u00e7\u0131s\u0131na m\u00fcraci\u0259tind\u0259 k\u00f6rp\u0259y\u0259 vaxt\u0131nda tibbi yard\u0131m g\u00f6st\u0259rm\u0259dikl\u0259rini, \u0259ksin\u0259, paytaxtdak\u0131 x\u0259st\u0259xanalardan birin\u0259 \u00e7atd\u0131r\u0131lmas\u0131n\u0131 \u0259ng\u0259ll\u0259dikl\u0259rini yaz\u0131b. Prezidentd\u0259n h\u0259min h\u0259kiml\u0259rin v\u0259 ba\u015f h\u0259kiml\u0259rin \u0259n s\u0259rt \u015f\u0259kild\u0259 c\u0259zaland\u0131r\u0131lmas\u0131n\u0131 t\u0259l\u0259b edib.\n<\/p>\n<p>\n  Atan\u0131n s\u00f6zl\u0259rin\u0259 g\u00f6r\u0259, k\u00f6rp\u0259 T\u00fcrkelin s\u0259hh\u0259tind\u0259 \u0259vv\u0259ll\u0259r he\u00e7 bir problem olmay\u0131b.\n<\/p>\n<p>\n  <i><br \/>\n    \u00d6l\u00fcm fakt\u0131n\u0131 prokurorluq ara\u015fd\u0131r\u0131r<br \/>\n  <\/i>\n<\/p>\n<p>\n  Meydan TV m\u00fcxbiri x\u0259st\u0259xanalarla \u0259laq\u0259 saxlay\u0131b. A\u011fda\u015f Rayon M\u0259rk\u0259zi X\u0259st\u0259xanas\u0131ndan bildirilib ki, \u00f6l\u00fcm fakt\u0131 Ming\u0259\u00e7evir x\u0259st\u0259xanas\u0131nda ba\u015f verdiyi \u00fc\u00e7\u00fcn h\u0259min x\u0259st\u0259xanaya m\u00fcraci\u0259t olunmal\u0131d\u0131r. Ming\u0259\u00e7evir \u015e\u0259h\u0259r X\u0259st\u0259xanas\u0131ndansa bildirilib ki, k\u00f6rp\u0259 x\u0259st\u0259xanaya gec\u0259 saatlar\u0131nda a\u011f\u0131r durumda \u00e7atd\u0131r\u0131l\u0131b. T\u0259n\u0259ff\u00fcs \u00e7at\u0131\u015fmazl\u0131\u011f\u0131mdan ke\u00e7inib. K\u00f6rp\u0259nin durumu a\u011f\u0131r oldu\u011fundan onun gec\u0259yl\u0259 paytaxta g\u00f6nd\u0259rilm\u0259si m\u00fcnasib bilinm\u0259yib.\n<\/p>\n<p>\n  Ming\u0259\u00e7evir \u015f\u0259h\u0259r Prokurorlu\u011fundan bildirilib ki, k\u00f6rp\u0259nin \u00f6l\u00fcm fakt\u0131 il\u0259 ba\u011fl\u0131 ara\u015fd\u0131rma apar\u0131l\u0131r. H\u0259r iki x\u0259st\u0259xanan\u0131n n\u00f6vb\u0259t\u00e7i h\u0259kiml\u0259rinin izahatlar\u0131 al\u0131n\u0131b. Fakta h\u00fcquqi qiym\u0259t ekspertiza r\u0259yi prokurorlu\u011fa daxil olduqdan sonra veril\u0259c\u0259k.\n<\/p>\n<figure class=\"wp-block-image size-large\">\n  <img decoding=\"async\" src=\"https:\/\/www.meydan.tv\/az\/image_from_ios-2-jpg-44\/\" alt=\"image_from_ios (2).jpg\" class=\"wp-image-126799\"\/><figcaption>\n    T\u00fcrkel \u018fl\u0259kb\u0259rov<br \/>\n  <\/figcaption><\/figure>\n<p>\n  Cavid \u018fl\u0259kb\u0259rov deyir, A\u011fda\u015f M\u0259rk\u0259zi X\u0259st\u0259xanas\u0131n\u0131n ba\u015f h\u0259kimi 3 g\u00fcnd\u00fcr ki, onun yan\u0131na x\u0259st\u0259xanan\u0131n h\u0259kiml\u0259rini g\u00f6nd\u0259r\u0259r\u0259k \u015fikay\u0259tini geri g\u00f6t\u00fcrm\u0259sini xahi\u015f edir v\u0259 onunla g\u00f6r\u00fc\u015fm\u0259k ist\u0259diyini bildirir.\n<\/p>\n<p>\n  A\u011fda\u015f v\u0259 Ming\u0259\u00e7evird\u0259 art\u0131q iki ildir ki, icbari tibbi s\u0131\u011forta sistemi t\u0259tbiq olunur. H\u0259min \u015f\u0259h\u0259rl\u0259rd\u0259ki tibb m\u00fc\u0259ssis\u0259l\u0259ri S\u0259hiyy\u0259 Nazirliyind\u0259n al\u0131naraq D\u00f6vl\u0259t \u0130cbari Tibbi S\u0131\u011forta Agentliyin\u0259 verilib. Agentliyin m\u0259tbuat xidm\u0259tind\u0259n m\u0259s\u0259l\u0259y\u0259 m\u00fcnasib\u0259t \u00f6yr\u0259nm\u0259k m\u00fcmk\u00fcn olmay\u0131b.\n<\/p>\n<p>\n  \u0130yunun 28-d\u0259 Ming\u0259\u00e7evir \u015f\u0259h\u0259r sakini \u0130mamverdi \u0130smay\u0131lov da \u00f6vlad\u0131na qar\u015f\u0131 g\u00f6st\u0259ril\u0259n h\u0259kim s\u0259hl\u0259nkarl\u0131\u011f\u0131na etiraz \u0259lam\u0259ti olaraq<br \/>\n  <a href=\"https:\/\/www.meydan.tv\/az\/article\/hekim-laqeydliyine-etiraz-olaraq-ozunu-yandiran-ata-aprel-qazisi-imis\/?ref=search\"><br \/>\n    Ming\u0259\u00e7evir \u015e\u0259h\u0259r M\u0259rk\u0259zi X\u0259st\u0259xanas\u0131<br \/>\n  <\/a><br \/>\n  n\u0131n h\u0259y\u0259tind\u0259 \u00f6z\u00fcn\u00fc yand\u0131rm\u0131\u015fd\u0131.<\/p>\n","protected":false},"excerpt":{"rendered":"<p>M\u0259n iki rayonun x\u0259st\u0259xanas\u0131 aras\u0131nda qald\u0131m, s\u0259h\u0259r\u0259 yax\u0131n u\u015fa\u011f\u0131m\u0131n cans\u0131z b\u0259d\u0259nini m\u0259n\u0259 verib \u201cke\u00e7mi\u015f olsun\u201d, dedil\u0259r<\/p>\n","protected":false},"author":11,"featured_media":126790,"comment_status":"closed","ping_status":"open","sticky":false,"template":"","format":"standard","meta":{"_acf_changed":false,"_sitemap_exclude":false,"_sitemap_priority":"","_sitemap_frequency":"","footnotes":""},"categories":[60],"tags":[],"class_list":["post-196194","post","type-post","status-publish","format-standard","has-post-thumbnail","hentry","category-bolge","infinite-scroll-item","generate-columns","tablet-grid-50","mobile-grid-100","grid-parent","grid-33","no-featured-image-padding"],"acf":[],"yoast_head":"<!-- This site is optimized with the Yoast SEO plugin v27.4 - https:\/\/yoast.com\/product\/yoast-seo-wordpress\/ -->\n<title>&#039;&#039;Anlad\u0131m ki, balam \u00e7oxdan c\u0259nn\u0259t qu\u015funa d\u00f6n\u00fcb, h\u0259kiml\u0259r bizi aldad\u0131r&#039;&#039; - MEYDAN.TV<\/title>\n<meta name=\"robots\" content=\"index, follow, max-snippet:-1, max-image-preview:large, max-video-preview:-1\" \/>\n<link rel=\"canonical\" href=\"https:\/\/www.meydan.tv\/az\/article\/anladim-ki-balam-coxdan-cennet-qusuna-donub-hekimler-bizi-aldadir\/\" \/>\n<meta property=\"og:locale\" content=\"az_AZ\" \/>\n<meta property=\"og:type\" content=\"article\" \/>\n<meta property=\"og:title\" content=\"&#039;&#039;Anlad\u0131m ki, balam \u00e7oxdan c\u0259nn\u0259t qu\u015funa d\u00f6n\u00fcb, h\u0259kiml\u0259r bizi aldad\u0131r&#039;&#039; - MEYDAN.TV\" \/>\n<meta property=\"og:description\" content=\"M\u0259n iki rayonun x\u0259st\u0259xanas\u0131 aras\u0131nda qald\u0131m, s\u0259h\u0259r\u0259 yax\u0131n u\u015fa\u011f\u0131m\u0131n cans\u0131z b\u0259d\u0259nini m\u0259n\u0259 verib \u201cke\u00e7mi\u015f olsun\u201d, dedil\u0259r\" \/>\n<meta property=\"og:url\" content=\"https:\/\/www.meydan.tv\/az\/article\/anladim-ki-balam-coxdan-cennet-qusuna-donub-hekimler-bizi-aldadir\/\" \/>\n<meta property=\"og:site_name\" content=\"MEYDAN.TV\" \/>\n<meta property=\"article:published_time\" content=\"2019-07-15T09:14:43+00:00\" \/>\n<meta property=\"og:image\" content=\"https:\/\/www.meydan.tv\/wp-content\/uploads\/image_from_ios_yi9wuy0.jpg\" \/>\n\t<meta property=\"og:image:width\" content=\"1152\" \/>\n\t<meta property=\"og:image:height\" content=\"864\" \/>\n\t<meta property=\"og:image:type\" content=\"image\/jpeg\" \/>\n<meta name=\"author\" content=\"user-manager\" \/>\n<meta name=\"twitter:card\" content=\"summary_large_image\" \/>\n<script type=\"application\/ld+json\" class=\"yoast-schema-graph\">{\"@context\":\"https:\\\/\\\/schema.org\",\"@graph\":[{\"@type\":\"Article\",\"@id\":\"https:\\\/\\\/www.meydan.tv\\\/az\\\/article\\\/anladim-ki-balam-coxdan-cennet-qusuna-donub-hekimler-bizi-aldadir\\\/#article\",\"isPartOf\":{\"@id\":\"https:\\\/\\\/www.meydan.tv\\\/az\\\/article\\\/anladim-ki-balam-coxdan-cennet-qusuna-donub-hekimler-bizi-aldadir\\\/\"},\"author\":{\"name\":\"user-manager\",\"@id\":\"https:\\\/\\\/www.meydan.tv\\\/az\\\/#\\\/schema\\\/person\\\/10d11eccf6da3662cf5fdab9806ea91a\"},\"headline\":\"&#8221;Anlad\u0131m ki, balam \u00e7oxdan c\u0259nn\u0259t qu\u015funa d\u00f6n\u00fcb, h\u0259kiml\u0259r bizi aldad\u0131r&#8221;\",\"datePublished\":\"2019-07-15T09:14:43+00:00\",\"mainEntityOfPage\":{\"@id\":\"https:\\\/\\\/www.meydan.tv\\\/az\\\/article\\\/anladim-ki-balam-coxdan-cennet-qusuna-donub-hekimler-bizi-aldadir\\\/\"},\"wordCount\":1718,\"publisher\":{\"@id\":\"https:\\\/\\\/www.meydan.tv\\\/az\\\/#organization\"},\"image\":{\"@id\":\"https:\\\/\\\/www.meydan.tv\\\/az\\\/article\\\/anladim-ki-balam-coxdan-cennet-qusuna-donub-hekimler-bizi-aldadir\\\/#primaryimage\"},\"thumbnailUrl\":\"https:\\\/\\\/www.meydan.tv\\\/wp-content\\\/uploads\\\/image_from_ios_yi9wuy0.jpg\",\"articleSection\":[\"B\u00f6lg\u0259\"],\"inLanguage\":\"az\"},{\"@type\":\"WebPage\",\"@id\":\"https:\\\/\\\/www.meydan.tv\\\/az\\\/article\\\/anladim-ki-balam-coxdan-cennet-qusuna-donub-hekimler-bizi-aldadir\\\/\",\"url\":\"https:\\\/\\\/www.meydan.tv\\\/az\\\/article\\\/anladim-ki-balam-coxdan-cennet-qusuna-donub-hekimler-bizi-aldadir\\\/\",\"name\":\"''Anlad\u0131m ki, balam \u00e7oxdan c\u0259nn\u0259t qu\u015funa d\u00f6n\u00fcb, h\u0259kiml\u0259r bizi aldad\u0131r'' - MEYDAN.TV\",\"isPartOf\":{\"@id\":\"https:\\\/\\\/www.meydan.tv\\\/az\\\/#website\"},\"primaryImageOfPage\":{\"@id\":\"https:\\\/\\\/www.meydan.tv\\\/az\\\/article\\\/anladim-ki-balam-coxdan-cennet-qusuna-donub-hekimler-bizi-aldadir\\\/#primaryimage\"},\"image\":{\"@id\":\"https:\\\/\\\/www.meydan.tv\\\/az\\\/article\\\/anladim-ki-balam-coxdan-cennet-qusuna-donub-hekimler-bizi-aldadir\\\/#primaryimage\"},\"thumbnailUrl\":\"https:\\\/\\\/www.meydan.tv\\\/wp-content\\\/uploads\\\/image_from_ios_yi9wuy0.jpg\",\"datePublished\":\"2019-07-15T09:14:43+00:00\",\"breadcrumb\":{\"@id\":\"https:\\\/\\\/www.meydan.tv\\\/az\\\/article\\\/anladim-ki-balam-coxdan-cennet-qusuna-donub-hekimler-bizi-aldadir\\\/#breadcrumb\"},\"inLanguage\":\"az\",\"potentialAction\":[{\"@type\":\"ReadAction\",\"target\":[\"https:\\\/\\\/www.meydan.tv\\\/az\\\/article\\\/anladim-ki-balam-coxdan-cennet-qusuna-donub-hekimler-bizi-aldadir\\\/\"]}]},{\"@type\":\"ImageObject\",\"inLanguage\":\"az\",\"@id\":\"https:\\\/\\\/www.meydan.tv\\\/az\\\/article\\\/anladim-ki-balam-coxdan-cennet-qusuna-donub-hekimler-bizi-aldadir\\\/#primaryimage\",\"url\":\"https:\\\/\\\/www.meydan.tv\\\/wp-content\\\/uploads\\\/image_from_ios_yi9wuy0.jpg\",\"contentUrl\":\"https:\\\/\\\/www.meydan.tv\\\/wp-content\\\/uploads\\\/image_from_ios_yi9wuy0.jpg\",\"width\":1152,\"height\":864,\"caption\":\"Source: meydan tv\"},{\"@type\":\"BreadcrumbList\",\"@id\":\"https:\\\/\\\/www.meydan.tv\\\/az\\\/article\\\/anladim-ki-balam-coxdan-cennet-qusuna-donub-hekimler-bizi-aldadir\\\/#breadcrumb\",\"itemListElement\":[{\"@type\":\"ListItem\",\"position\":1,\"name\":\"Ana s\u0259hif\u0259\",\"item\":\"https:\\\/\\\/www.meydan.tv\\\/az\\\/\"},{\"@type\":\"ListItem\",\"position\":2,\"name\":\"B\u00f6lg\u0259\",\"item\":\"https:\\\/\\\/www.meydan.tv\\\/az\\\/section\\\/bolge\\\/\"},{\"@type\":\"ListItem\",\"position\":3,\"name\":\"&#8221;Anlad\u0131m ki, balam \u00e7oxdan c\u0259nn\u0259t qu\u015funa d\u00f6n\u00fcb, h\u0259kiml\u0259r bizi aldad\u0131r&#8221;\"}]},{\"@type\":\"WebSite\",\"@id\":\"https:\\\/\\\/www.meydan.tv\\\/az\\\/#website\",\"url\":\"https:\\\/\\\/www.meydan.tv\\\/az\\\/\",\"name\":\"MEYDAN.TV\",\"description\":\"Meydan TV Az\u0259rbaycan\u0131n media m\u0259kan\u0131ndak\u0131 alternativ s\u0259sidir\",\"publisher\":{\"@id\":\"https:\\\/\\\/www.meydan.tv\\\/az\\\/#organization\"},\"potentialAction\":[{\"@type\":\"SearchAction\",\"target\":{\"@type\":\"EntryPoint\",\"urlTemplate\":\"https:\\\/\\\/www.meydan.tv\\\/az\\\/?s={search_term_string}\"},\"query-input\":{\"@type\":\"PropertyValueSpecification\",\"valueRequired\":true,\"valueName\":\"search_term_string\"}}],\"inLanguage\":\"az\"},{\"@type\":\"Organization\",\"@id\":\"https:\\\/\\\/www.meydan.tv\\\/az\\\/#organization\",\"name\":\"Meydan TV\",\"url\":\"https:\\\/\\\/www.meydan.tv\\\/az\\\/\",\"logo\":{\"@type\":\"ImageObject\",\"inLanguage\":\"az\",\"@id\":\"https:\\\/\\\/www.meydan.tv\\\/az\\\/#\\\/schema\\\/logo\\\/image\\\/\",\"url\":\"https:\\\/\\\/www.meydan.tv\\\/wp-content\\\/uploads\\\/2021\\\/07\\\/meydan-logo.svg\",\"contentUrl\":\"https:\\\/\\\/www.meydan.tv\\\/wp-content\\\/uploads\\\/2021\\\/07\\\/meydan-logo.svg\",\"width\":195,\"height\":46,\"caption\":\"Meydan TV\"},\"image\":{\"@id\":\"https:\\\/\\\/www.meydan.tv\\\/az\\\/#\\\/schema\\\/logo\\\/image\\\/\"}},{\"@type\":\"Person\",\"@id\":\"https:\\\/\\\/www.meydan.tv\\\/az\\\/#\\\/schema\\\/person\\\/10d11eccf6da3662cf5fdab9806ea91a\",\"name\":\"user-manager\"}]}<\/script>\n<!-- \/ Yoast SEO plugin. -->","yoast_head_json":{"title":"''Anlad\u0131m ki, balam \u00e7oxdan c\u0259nn\u0259t qu\u015funa d\u00f6n\u00fcb, h\u0259kiml\u0259r bizi aldad\u0131r'' - MEYDAN.TV","robots":{"index":"index","follow":"follow","max-snippet":"max-snippet:-1","max-image-preview":"max-image-preview:large","max-video-preview":"max-video-preview:-1"},"canonical":"https:\/\/www.meydan.tv\/az\/article\/anladim-ki-balam-coxdan-cennet-qusuna-donub-hekimler-bizi-aldadir\/","og_locale":"az_AZ","og_type":"article","og_title":"''Anlad\u0131m ki, balam \u00e7oxdan c\u0259nn\u0259t qu\u015funa d\u00f6n\u00fcb, h\u0259kiml\u0259r bizi aldad\u0131r'' - MEYDAN.TV","og_description":"M\u0259n iki rayonun x\u0259st\u0259xanas\u0131 aras\u0131nda qald\u0131m, s\u0259h\u0259r\u0259 yax\u0131n u\u015fa\u011f\u0131m\u0131n cans\u0131z b\u0259d\u0259nini m\u0259n\u0259 verib \u201cke\u00e7mi\u015f olsun\u201d, dedil\u0259r","og_url":"https:\/\/www.meydan.tv\/az\/article\/anladim-ki-balam-coxdan-cennet-qusuna-donub-hekimler-bizi-aldadir\/","og_site_name":"MEYDAN.TV","article_published_time":"2019-07-15T09:14:43+00:00","og_image":[{"width":1152,"height":864,"url":"https:\/\/www.meydan.tv\/wp-content\/uploads\/image_from_ios_yi9wuy0.jpg","type":"image\/jpeg"}],"author":"user-manager","twitter_card":"summary_large_image","schema":{"@context":"https:\/\/schema.org","@graph":[{"@type":"Article","@id":"https:\/\/www.meydan.tv\/az\/article\/anladim-ki-balam-coxdan-cennet-qusuna-donub-hekimler-bizi-aldadir\/#article","isPartOf":{"@id":"https:\/\/www.meydan.tv\/az\/article\/anladim-ki-balam-coxdan-cennet-qusuna-donub-hekimler-bizi-aldadir\/"},"author":{"name":"user-manager","@id":"https:\/\/www.meydan.tv\/az\/#\/schema\/person\/10d11eccf6da3662cf5fdab9806ea91a"},"headline":"&#8221;Anlad\u0131m ki, balam \u00e7oxdan c\u0259nn\u0259t qu\u015funa d\u00f6n\u00fcb, h\u0259kiml\u0259r bizi aldad\u0131r&#8221;","datePublished":"2019-07-15T09:14:43+00:00","mainEntityOfPage":{"@id":"https:\/\/www.meydan.tv\/az\/article\/anladim-ki-balam-coxdan-cennet-qusuna-donub-hekimler-bizi-aldadir\/"},"wordCount":1718,"publisher":{"@id":"https:\/\/www.meydan.tv\/az\/#organization"},"image":{"@id":"https:\/\/www.meydan.tv\/az\/article\/anladim-ki-balam-coxdan-cennet-qusuna-donub-hekimler-bizi-aldadir\/#primaryimage"},"thumbnailUrl":"https:\/\/www.meydan.tv\/wp-content\/uploads\/image_from_ios_yi9wuy0.jpg","articleSection":["B\u00f6lg\u0259"],"inLanguage":"az"},{"@type":"WebPage","@id":"https:\/\/www.meydan.tv\/az\/article\/anladim-ki-balam-coxdan-cennet-qusuna-donub-hekimler-bizi-aldadir\/","url":"https:\/\/www.meydan.tv\/az\/article\/anladim-ki-balam-coxdan-cennet-qusuna-donub-hekimler-bizi-aldadir\/","name":"''Anlad\u0131m ki, balam \u00e7oxdan c\u0259nn\u0259t qu\u015funa d\u00f6n\u00fcb, h\u0259kiml\u0259r bizi aldad\u0131r'' - MEYDAN.TV","isPartOf":{"@id":"https:\/\/www.meydan.tv\/az\/#website"},"primaryImageOfPage":{"@id":"https:\/\/www.meydan.tv\/az\/article\/anladim-ki-balam-coxdan-cennet-qusuna-donub-hekimler-bizi-aldadir\/#primaryimage"},"image":{"@id":"https:\/\/www.meydan.tv\/az\/article\/anladim-ki-balam-coxdan-cennet-qusuna-donub-hekimler-bizi-aldadir\/#primaryimage"},"thumbnailUrl":"https:\/\/www.meydan.tv\/wp-content\/uploads\/image_from_ios_yi9wuy0.jpg","datePublished":"2019-07-15T09:14:43+00:00","breadcrumb":{"@id":"https:\/\/www.meydan.tv\/az\/article\/anladim-ki-balam-coxdan-cennet-qusuna-donub-hekimler-bizi-aldadir\/#breadcrumb"},"inLanguage":"az","potentialAction":[{"@type":"ReadAction","target":["https:\/\/www.meydan.tv\/az\/article\/anladim-ki-balam-coxdan-cennet-qusuna-donub-hekimler-bizi-aldadir\/"]}]},{"@type":"ImageObject","inLanguage":"az","@id":"https:\/\/www.meydan.tv\/az\/article\/anladim-ki-balam-coxdan-cennet-qusuna-donub-hekimler-bizi-aldadir\/#primaryimage","url":"https:\/\/www.meydan.tv\/wp-content\/uploads\/image_from_ios_yi9wuy0.jpg","contentUrl":"https:\/\/www.meydan.tv\/wp-content\/uploads\/image_from_ios_yi9wuy0.jpg","width":1152,"height":864,"caption":"Source: meydan tv"},{"@type":"BreadcrumbList","@id":"https:\/\/www.meydan.tv\/az\/article\/anladim-ki-balam-coxdan-cennet-qusuna-donub-hekimler-bizi-aldadir\/#breadcrumb","itemListElement":[{"@type":"ListItem","position":1,"name":"Ana s\u0259hif\u0259","item":"https:\/\/www.meydan.tv\/az\/"},{"@type":"ListItem","position":2,"name":"B\u00f6lg\u0259","item":"https:\/\/www.meydan.tv\/az\/section\/bolge\/"},{"@type":"ListItem","position":3,"name":"&#8221;Anlad\u0131m ki, balam \u00e7oxdan c\u0259nn\u0259t qu\u015funa d\u00f6n\u00fcb, h\u0259kiml\u0259r bizi aldad\u0131r&#8221;"}]},{"@type":"WebSite","@id":"https:\/\/www.meydan.tv\/az\/#website","url":"https:\/\/www.meydan.tv\/az\/","name":"MEYDAN.TV","description":"Meydan TV Az\u0259rbaycan\u0131n media m\u0259kan\u0131ndak\u0131 alternativ s\u0259sidir","publisher":{"@id":"https:\/\/www.meydan.tv\/az\/#organization"},"potentialAction":[{"@type":"SearchAction","target":{"@type":"EntryPoint","urlTemplate":"https:\/\/www.meydan.tv\/az\/?s={search_term_string}"},"query-input":{"@type":"PropertyValueSpecification","valueRequired":true,"valueName":"search_term_string"}}],"inLanguage":"az"},{"@type":"Organization","@id":"https:\/\/www.meydan.tv\/az\/#organization","name":"Meydan TV","url":"https:\/\/www.meydan.tv\/az\/","logo":{"@type":"ImageObject","inLanguage":"az","@id":"https:\/\/www.meydan.tv\/az\/#\/schema\/logo\/image\/","url":"https:\/\/www.meydan.tv\/wp-content\/uploads\/2021\/07\/meydan-logo.svg","contentUrl":"https:\/\/www.meydan.tv\/wp-content\/uploads\/2021\/07\/meydan-logo.svg","width":195,"height":46,"caption":"Meydan TV"},"image":{"@id":"https:\/\/www.meydan.tv\/az\/#\/schema\/logo\/image\/"}},{"@type":"Person","@id":"https:\/\/www.meydan.tv\/az\/#\/schema\/person\/10d11eccf6da3662cf5fdab9806ea91a","name":"user-manager"}]}},"_links":{"self":[{"href":"https:\/\/www.meydan.tv\/az\/wp-json\/wp\/v2\/posts\/196194","targetHints":{"allow":["GET"]}}],"collection":[{"href":"https:\/\/www.meydan.tv\/az\/wp-json\/wp\/v2\/posts"}],"about":[{"href":"https:\/\/www.meydan.tv\/az\/wp-json\/wp\/v2\/types\/post"}],"author":[{"embeddable":true,"href":"https:\/\/www.meydan.tv\/az\/wp-json\/wp\/v2\/users\/11"}],"replies":[{"embeddable":true,"href":"https:\/\/www.meydan.tv\/az\/wp-json\/wp\/v2\/comments?post=196194"}],"version-history":[{"count":0,"href":"https:\/\/www.meydan.tv\/az\/wp-json\/wp\/v2\/posts\/196194\/revisions"}],"wp:featuredmedia":[{"embeddable":true,"href":"https:\/\/www.meydan.tv\/az\/wp-json\/wp\/v2\/media\/126790"}],"wp:attachment":[{"href":"https:\/\/www.meydan.tv\/az\/wp-json\/wp\/v2\/media?parent=196194"}],"wp:term":[{"taxonomy":"category","embeddable":true,"href":"https:\/\/www.meydan.tv\/az\/wp-json\/wp\/v2\/categories?post=196194"},{"taxonomy":"post_tag","embeddable":true,"href":"https:\/\/www.meydan.tv\/az\/wp-json\/wp\/v2\/tags?post=196194"}],"curies":[{"name":"wp","href":"https:\/\/api.w.org\/{rel}","templated":true}]}}