{"id":196193,"date":"2019-07-14T19:00:39","date_gmt":"2019-07-14T19:00:39","guid":{"rendered":"https:\/\/www.meydan.tv\/article\/ogurlanmis-saatla-bagli-ilkin-ifade-deyisdirilib\/"},"modified":"2019-07-14T19:00:39","modified_gmt":"2019-07-14T19:00:39","slug":"ogurlanmis-saatla-bagli-ilkin-ifade-deyisdirilib","status":"publish","type":"post","link":"https:\/\/www.meydan.tv\/az\/article\/ogurlanmis-saatla-bagli-ilkin-ifade-deyisdirilib\/","title":{"rendered":"O\u011furlanm\u0131\u015f saatla ba\u011fl\u0131 ilkin ifad\u0259 d\u0259yi\u015fdirilib"},"content":{"rendered":"<p>\n  I\u0307spaniyada 1,35 milyon dollarl\u0131q \u201cRichard Mille\u201d markal\u0131 saat\u0131n og\u0306urlanmas\u0131 Az\u0259rbaycanda iddialara v\u0259 ittihamlara yol ac\u0327d\u0131. Bel\u0259 ki, bu saatdan c\u0259mi 75 \u0259d\u0259d istehsal olundug\u0306u v\u0259 \u0259n bahal\u0131 saat oldug\u0306u deyilir. Saat\u0131n sahibi Qafqaz\u0131n n\u0259h\u0259ng do\u0308vl\u0259t neft s\u0327irk\u0259ti SOCAR-\u0131n r\u0259hb\u0259rinin og\u0306ludur. Bu m\u0259s\u0259l\u0259 ciddi siyasi n\u0259tic\u0259l\u0259r\u0259 g\u0259tirib c\u0327\u0131xara bil\u0259r. Az\u0259rbaycan m\u0259tbuat\u0131nda yay\u0131lan m\u0259lumata go\u0308r\u0259 I\u0307biza polisinin hesabat\u0131nda iyunun 19-da og\u0306urlug\u0306un qurban\u0131 olaraq 25 yas\u0327l\u0131 R\u0259s\u0327ad Abdullayev go\u0308st\u0259rilir. Buna cavab olaraq ARDNS\u0327-in m\u0259tbuat katibi bu hadis\u0259ni &quot;saxta&quot; adland\u0131r\u0131b v\u0259 bunu Abdullayevin atas\u0131, neft s\u0327irk\u0259tinin prezidenti Ro\u0308vn\u0259q Abdullayev\u0259 qars\u0327\u0131 q\u0259r\u0259zli add\u0131m oldug\u0306unu deyib. Polis hesabat\u0131nda olan s\u0327\u0259xsi m\u0259lumatlara \u0259sas\u0259n m\u0259lumatlar\u0131n ham\u0131s\u0131 &#8211; s\u0327ikay\u0259tc\u0327inin ad\u0131, dog\u0306uldug\u0306u tarix v\u0259 anas\u0131n\u0131n ad\u0131 Az\u0259rbaycan v\u0259t\u0259ndas\u0327lar\u0131n\u0131n m\u0259lumat bazas\u0131nda go\u0308ru\u0308ndu\u0308yu\u0308 kimi ARDNS\u0327-nin r\u0259hb\u0259rinin og\u0306lunun s\u0327\u0259xsi m\u0259lumatlar\u0131na uyg\u0306un g\u0259lir. Onun polis hesabat\u0131nda go\u0308st\u0259ril\u0259n e-poc\u0327t u\u0308nvan\u0131 da 2014-cu\u0308 ild\u0259 Linkedin-d\u0259 qeyd\u0259 al\u0131nan profill\u0259r s\u0131ras\u0131ndad\u0131r. Polis hesabat\u0131n\u0131 aras\u0327d\u0131ran t\u0259qau\u0308dc\u0327u\u0308 ispan polis m\u0259muru OCCRP il\u0259 mu\u0308sahib\u0259sind\u0259 kec\u0327mis\u0327 h\u0259mkarlar\u0131 t\u0259r\u0259find\u0259n ald\u0131g\u0306\u0131 m\u0259lumata \u0259sas\u0259n bu hadis\u0259ni t\u0259sdiql\u0259di. Bu m\u0259lumat\u0131 \u0259ld\u0259 etm\u0259k s\u0259lahiyy\u0259tin\u0259 malik olmad\u0131g\u0306\u0131 u\u0308c\u0327u\u0308n ad\u0131n\u0131n ac\u0327\u0131qlanmamas\u0131n\u0131 ist\u0259y\u0259n polis m\u0259muru mu\u0308st\u0259ntiql\u0259rin bu og\u0306urluq iddias\u0131 il\u0259 t\u0259\u0259ccu\u0308bl\u0259ndikl\u0259rini bildirdi. &quot;Onlar hec\u0327 vaxt bel\u0259 s\u0327ey go\u0308rm\u0259yib,&quot;-o \u0259lav\u0259 etdi. I\u0307biza s\u0327\u0259h\u0259rinin mu\u0308st\u0259ntiql\u0259ri h\u0259l\u0259 d\u0259 s\u0327ikay\u0259tin du\u0308zgu\u0308n olub-olmamas\u0131n\u0131 bilmirl\u0259r. &quot;\u018fvv\u0259lc\u0259 bas\u0327qa bir az\u0259rbaycanl\u0131 g\u0259ncin saat\u0131n sahibi oldug\u0306u iddia edilib. Timur \u018fhm\u0259dov o\u0308z \u201cYoutube\u201d kanal\u0131nda ail\u0259sinin korrupsiya il\u0259 ittiham olundug\u0306unu xat\u0131rladaraq, saat\u0131n Abdullayev\u0259 m\u0259xsus oldug\u0306unu deyib.\n<\/p>\n<p>\n  \u201cAz\u0259rbaycan neft s\u0327irk\u0259tinin r\u0259hb\u0259rinin og\u0306lu kec\u0327\u0259n h\u0259ft\u0259 \u0130bizada saat\u0131n\u0131 og\u0306urlad\u0131b\u201d dey\u0259 \u018fhm\u0259dov 28 iyun tarixind\u0259 yay\u0131mlad\u0131g\u0306\u0131 videoda bildirib: \u201cAncaq Az\u0259rbaycan medias\u0131nda yaz\u0131l\u0131r ki, bu saat m\u0259nimdir. M\u0259nim milyonlarla pound d\u0259y\u0259rind\u0259ki saatlar\u0131 xos\u0327lad\u0131\u011f\u0131m deyilir. Ancaq h\u0259qiq\u0259td\u0259 m\u0259n saat taxm\u0131ram v\u0259 m\u0259nim saata ehtiyac\u0131m yoxdur, m\u0259n onlar\u0131 sevmir\u0259m. Bu adam ac\u0327\u0131q-ayd\u0131n o\u0308z arxas\u0131n\u0131 xilas etm\u0259y\u0259 c\u0327al\u0131s\u0327\u0131r&quot;.\n<\/p>\n<h3>\n  Yeni hekay\u0259<br \/>\n<\/h3>\n<p>\n  \u018fvv\u0259ll\u0259r SOCAR-\u0131n inkar etm\u0259sin\u0259 baxmayaraq, g\u0259nc Abdullayev hekay\u0259nin az bir hiss\u0259sini q\u0259bul etm\u0259k q\u0259rar\u0131na g\u0259lib.\n<\/p>\n<p>\n  O\u0308nc\u0259ki polis s\u0327ikay\u0259tin\u0259 du\u0308z\u0259lis\u0327 ed\u0259r\u0259k saat\u0131n R\u0259s\u0327ad Abdullayev\u0259 deyil, Seymur Mehdiyev\u0259 m\u0259xsus oldug\u0306u iddia edildi. OCCRP-nin jurnalistl\u0259ri g\u0259ncin 25 yas\u0327\u0131ndak\u0131 v\u0259kili vasit\u0259sil\u0259 ilkin polis s\u0327ikay\u0259tin\u0259 sonradan olunan du\u0308z\u0259lis\u0327i, saat\u0131n kim\u0259 m\u0259xsus oldug\u0306unu v\u0259 d\u0259y\u0259rini go\u0308ru\u0308b. Lakin d\u0259yis\u0327iklikd\u0259 Abdullayev saat m\u0259s\u0259l\u0259sind\u0259n uzaqlas\u0327d\u0131r\u0131l\u0131r, lu\u0308ks \u0259s\u0327yan\u0131n onun o\u0308zu\u0308n\u0259 m\u0259xsus olmad\u0131g\u0306\u0131 v\u0259 bas\u0327qa birind\u0259n borc ald\u0131g\u0306\u0131 deyilir. Saat\u0131n \u0259sas sahibi kimi t\u0259qdim edil\u0259n Seymur Mehdiyevin u\u0308nvan\u0131 kimi Moskva s\u0327\u0259h\u0259rinin m\u0259rk\u0259zind\u0259ki tarixi Tverskaya ku\u0308c\u0327\u0259si go\u0308st\u0259rilir. Reportyorlar Rusiya, Az\u0259rbaycan v\u0259 Bo\u0308yu\u0308k Britaniyada Seymur Mehdiyev ad\u0131nda s\u0327\u0259xsl\u0259r tapd\u0131lar, lakin informasiyan\u0131n az olmas\u0131 bu s\u0327\u0259xsin kimliyini mu\u0308\u0259yy\u0259n etm\u0259y\u0259 imkan vermir. Reportyorlar bu adamlardan h\u0259r hans\u0131 birinin bel\u0259 bir saat\u0131 sat\u0131n alma imkan\u0131 olan is\u0327 adam\u0131 olmas\u0131 il\u0259 bag\u0306l\u0131 hec\u0327 bir su\u0308but tapa bilm\u0259dil\u0259r.\n<\/p>\n<figure class=\"wp-block-image size-large\">\n  <img decoding=\"async\" src=\"https:\/\/www.meydan.tv\/az\/rashadabdullayev-jpg\/\" alt=\"RashadAbdullayev.jpg\" class=\"wp-image-126736\"\/><figcaption>\n    SOCAR prezidentinin o\u011flu R\u0259\u015fad Abdullayev<br \/>\n  <\/figcaption><\/figure>\n<p>\n  Moskvada das\u0327\u0131nmaz \u0259mlak qeydl\u0259rin\u0259 go\u0308r\u0259 polis hesabat\u0131nda Mehdiyev\u0259 m\u0259xsus oldug\u0306u deyil\u0259n m\u0259nzil \u0259slind\u0259 Rusiya Federasiyas\u0131n\u0131n kec\u0327mis\u0327 maliyy\u0259 naziri v\u0259 S\u0327imali Osetiya-Alaniya Respublikas\u0131n\u0131n Bas\u0327 nazirinin mu\u0308avini Oleq Kalaev\u0259 m\u0259xsusdur.\n<\/p>\n<p>\n  &quot;B\u0259li, bu, m\u0259nim m\u0259nzilimdir. Moskvada oldug\u0306um mu\u0308dd\u0259td\u0259 biz burda yas\u0327ay\u0131r\u0131q,&quot; &#8211; dey\u0259 Kalaev OCCRP-y\u0259 bildirib.\n<\/p>\n<p>\n  \u201cM\u0259n Seymur Mehdiyev adl\u0131 bir insan\u0131 tan\u0131m\u0131ram. N\u0259 is\u0259 s\u0259hv olmal\u0131d\u0131r. M\u0259n uzun ill\u0259rdir bu m\u0259nzili alm\u0131s\u0327am. Bu m\u0259nzild\u0259 yaln\u0131z u\u0308c\u0327 n\u0259f\u0259r qeydiyyatdad\u0131r: M\u0259n, og\u0306lum v\u0259 qardas\u0327\u0131m. Bu, yu\u0308z faiz s\u0259hvdir&quot; \u2013 dey\u0259 Kalaev bildirib.\n<\/p>\n<h3>\n  T\u0259vazo\u0308kar m\u0259murlar<br \/>\n<\/h3>\n<p>\n  Az\u0259rbaycan\u0131n prezidenti I\u0307lham \u018fliyev 2003-c\u00fc ild\u0259n b\u0259ri o\u0308lk\u0259y\u0259 r\u0259hb\u0259rlik edir. O\u0308lk\u0259d\u0259 azad m\u0259tbuat v\u0259 siyasi mu\u0308xalif\u0259t tez-tez t\u0259zyiq\u0259 m\u0259ruz qal\u0131r. O\u0308lk\u0259 ru\u0308s\u0327v\u0259tl\u0259 idar\u0259 olunur.\n<\/p>\n<p>\n  O, \u0259n az\u0131 d\u0259yis\u0327iklik etm\u0259k ist\u0259m\u0259si il\u0259 bag\u0306l\u0131 t\u0259\u0259ssu\u0308rat yarad\u0131r\n<\/p>\n<p>\n  &quot;Do\u0308vl\u0259t m\u0259murlar\u0131 t\u0259v\u0259zo\u0308kar davranmal\u0131d\u0131r. Onlar v\u0259 onlar\u0131n ail\u0259 u\u0308zvl\u0259ri&quot; \u2013 Prezident o\u0308t\u0259n il o\u0308z c\u0327\u0131x\u0131s\u0327\u0131nda bildirib:\n<\/p>\n<p>\n  &quot;Onlar insanlarla birlikd\u0259 olmal\u0131, o\u0308zl\u0259rinin xu\u0308susi statusu oldug\u0306unu du\u0308s\u0327u\u0308nm\u0259m\u0259lidirl\u0259r. Onlar\u0131n missiyas\u0131 insanlara xidm\u0259t etm\u0259k v\u0259 onlar\u0131n probleml\u0259rini h\u0259ll etm\u0259k olmal\u0131d\u0131r&quot;.\n<\/p>\n<p>\n  ARDNS\u0327-\u0131n illik hesabat\u0131na go\u0308r\u0259 is\u0259 2018-ci ild\u0259 s\u0327irk\u0259tin prezidenti v\u0259 12 vitse-prezidentinin maas\u0327lar\u0131 v\u0259 qazanclar\u0131 u\u0308mumiyy\u0259tl\u0259 1,28 milyon manat (755,000 ABS\u0327 dollar\u0131) olub. Bu og\u0306urlanm\u0131s\u0327 saat\u0131n d\u0259y\u0259rind\u0259n daha as\u0327ag\u0306\u0131d\u0131r. (Abdullayev saaat\u0131n d\u0259y\u0259rinin 1,2 milyon avro v\u0259 ya 1,35 milyon dollar oldug\u0306unu bildirib. Bu model saat\u0131n \u0259vv\u0259ll\u0259r 1 milyon dollardan ucuz sat\u0131ld\u0131g\u0306\u0131 deyilir).\n<\/p>\n<figure class=\"wp-block-image size-large\">\n  <img decoding=\"async\" src=\"https:\/\/www.meydan.tv\/az\/watchcomparison-jpg\/\" alt=\"WatchComparison.jpg\" class=\"wp-image-126739\"\/><figcaption>\n    R\u0259\u015fad Abdullayevin daha bir milyonluq saat\u0131<br \/>\n  <\/figcaption><\/figure>\n<p>\n  R\u0259s\u0327ad Abdullayev daha o\u0308nc\u0259 d\u0259 OCCRP t\u0259r\u0259find\u0259n aras\u0327d\u0131r\u0131l\u0131b v\u0259 21 yas\u0327\u0131nda olanda ARDNS\u0327 il\u0259 bag\u0306l\u0131 is\u0327 strukturlar\u0131nda c\u0327al\u0131s\u0327d\u0131g\u0306\u0131 v\u0259 Tu\u0308rkiy\u0259d\u0259 minl\u0259rl\u0259 az\u0259rbaycanl\u0131 s\u0327agirdi d\u0259st\u0259kl\u0259y\u0259n neft s\u0327irk\u0259ti il\u0259 \u0259laq\u0259dar bir yard\u0131m d\u0259rn\u0259yin\u0259 r\u0259hb\u0259rlik etdiyi m\u0259lum olub. Aras\u0327d\u0131rmaya go\u0308r\u0259, o, 17 yas\u0327\u0131nda olanda SOCAR s\u0327irk\u0259tind\u0259 is\u0327\u0259 bas\u0327lay\u0131b. \u018fg\u0259r I\u0307spaniyada og\u0306urlanan saat h\u0259qiq\u0259t\u0259n ona m\u0259xsusdursa, bu, R\u0259s\u0327ad Abdullayevin ilk d\u0259y\u0259rli \u0259s\u0327yas\u0131 deyil. 2017-ci ild\u0259 prezidenti oldug\u0306u \u201cS\u0259bail\u201d Futbol Klubunun go\u0308ru\u0308s\u0327u\u0308nd\u0259 c\u0327\u0259kilmis\u0327 fotolarda onun d\u0259y\u0259ri 1 milyondan c\u0327ox olan \u201cRoger Dubuis Excalibur Quatuor\u201d markal\u0131 saat taxd\u0131g\u0306\u0131 go\u0308ru\u0308lu\u0308r. Adbullayevin atas\u0131, ARDNS\u0327-nin prezidenti Ro\u0308vn\u0259q Abdullayev og\u0306lunun taxd\u0131g\u0306\u0131 saatlar d\u0259y\u0259rind\u0259 olmasa da, bahal\u0131 saatlar tax\u0131r. &quot;Bu, ARDNS\u0327-in yu\u0308ks\u0259k v\u0259zif\u0259li m\u0259murlar\u0131n\u0131n v\u0259 yax\u0131nlar\u0131n\u0131n r\u0259smi \u0259m\u0259k haqq\u0131 il\u0259 bag\u0306l\u0131 ciddi suallar dog\u0306urur,&quot; \u2013 korrupsiyaya qars\u0327\u0131 mu\u0308bariz\u0259 aparan v\u0259 daha o\u0308nc\u0259d\u0259 Az\u0131rbaycan\u0131n neft n\u0259h\u0259ngini aras\u0327d\u0131ran \u201cGlobal Witness\u201d t\u0259s\u0327kilat\u0131n\u0131n kampaniyac\u0327\u0131s\u0131 Barnabey Pace bildirib.\n<\/p>\n<p>\n  \u201cYen\u0259 d\u0259 ARDNS\u0327 il\u0259 mu\u0308qavil\u0259 bag\u0306layan faktiki is\u0327c\u0327il\u0259r haqq\u0131nda ictimaiyy\u0259t\u0259 ac\u0327\u0131q m\u0259lumatlar\u0131n olmamas\u0131 il\u0259 bag\u0306l\u0131 narahatl\u0131g\u0306\u0131m\u0131z art\u0131r. Lakin jurnalistl\u0259r v\u0259 v\u0259t\u0259ndas\u0327 c\u0259miyy\u0259ti f\u0259allar\u0131 korrupsiya il\u0259 bag\u0306l\u0131 suallar verdikd\u0259 s\u0327idd\u0259t\u0259 v\u0259 t\u0259zyiql\u0259r\u0259 m\u0259ruz qal\u0131rlar. Az\u0259rbaycan\u0131n neft s\u0259rv\u0259tind\u0259n kiml\u0259rin faydaland\u0131g\u0306\u0131 s\u0327u\u0308bh\u0259lidir&quot; \u2013 dey\u0259 o \u0259lav\u0259 edib.\n<\/p>\n<p>\n  N\u0259 R\u0259s\u0327ad Abdullayev, n\u0259 d\u0259 ARDNS\u0327 s\u0327\u0259rh ist\u0259kl\u0259rimiz\u0259 cavab verm\u0259di.<\/p>\n","protected":false},"excerpt":{"rendered":"<p>\u018fvv\u0259ll\u0259r SOCAR-\u0131n inkar etm\u0259sin\u0259 baxmayaraq, g\u0259nc Abdullayev hekay\u0259nin az bir hiss\u0259sini q\u0259bul etm\u0259k q\u0259rar\u0131na g\u0259lib<\/p>\n","protected":false},"author":11,"featured_media":126733,"comment_status":"closed","ping_status":"open","sticky":false,"template":"","format":"standard","meta":{"_acf_changed":false,"_sitemap_exclude":false,"_sitemap_priority":"","_sitemap_frequency":"","footnotes":""},"categories":[55],"tags":[],"class_list":["post-196193","post","type-post","status-publish","format-standard","has-post-thumbnail","hentry","category-arasdirma","infinite-scroll-item","generate-columns","tablet-grid-50","mobile-grid-100","grid-parent","grid-33","no-featured-image-padding"],"acf":[],"yoast_head":"<!-- This site is optimized with the Yoast SEO plugin v27.4 - https:\/\/yoast.com\/product\/yoast-seo-wordpress\/ -->\n<title>O\u011furlanm\u0131\u015f saatla ba\u011fl\u0131 ilkin ifad\u0259 d\u0259yi\u015fdirilib - MEYDAN.TV<\/title>\n<meta name=\"robots\" content=\"index, follow, max-snippet:-1, max-image-preview:large, max-video-preview:-1\" \/>\n<link rel=\"canonical\" href=\"https:\/\/www.meydan.tv\/az\/article\/ogurlanmis-saatla-bagli-ilkin-ifade-deyisdirilib\/\" \/>\n<meta property=\"og:locale\" content=\"az_AZ\" \/>\n<meta property=\"og:type\" content=\"article\" \/>\n<meta property=\"og:title\" content=\"O\u011furlanm\u0131\u015f saatla ba\u011fl\u0131 ilkin ifad\u0259 d\u0259yi\u015fdirilib - MEYDAN.TV\" \/>\n<meta property=\"og:description\" content=\"\u018fvv\u0259ll\u0259r SOCAR-\u0131n inkar etm\u0259sin\u0259 baxmayaraq, g\u0259nc Abdullayev hekay\u0259nin az bir hiss\u0259sini q\u0259bul etm\u0259k q\u0259rar\u0131na g\u0259lib\" \/>\n<meta property=\"og:url\" content=\"https:\/\/www.meydan.tv\/az\/article\/ogurlanmis-saatla-bagli-ilkin-ifade-deyisdirilib\/\" \/>\n<meta property=\"og:site_name\" content=\"MEYDAN.TV\" \/>\n<meta property=\"article:published_time\" content=\"2019-07-14T19:00:39+00:00\" \/>\n<meta property=\"og:image\" content=\"https:\/\/www.meydan.tv\/wp-content\/uploads\/azeri-oil-chief1.jpg\" \/>\n\t<meta property=\"og:image:width\" content=\"1920\" \/>\n\t<meta property=\"og:image:height\" content=\"1280\" \/>\n\t<meta property=\"og:image:type\" content=\"image\/jpeg\" \/>\n<meta name=\"author\" content=\"user-manager\" \/>\n<meta name=\"twitter:card\" content=\"summary_large_image\" \/>\n<script type=\"application\/ld+json\" class=\"yoast-schema-graph\">{\"@context\":\"https:\\\/\\\/schema.org\",\"@graph\":[{\"@type\":\"Article\",\"@id\":\"https:\\\/\\\/www.meydan.tv\\\/az\\\/article\\\/ogurlanmis-saatla-bagli-ilkin-ifade-deyisdirilib\\\/#article\",\"isPartOf\":{\"@id\":\"https:\\\/\\\/www.meydan.tv\\\/az\\\/article\\\/ogurlanmis-saatla-bagli-ilkin-ifade-deyisdirilib\\\/\"},\"author\":{\"name\":\"user-manager\",\"@id\":\"https:\\\/\\\/www.meydan.tv\\\/az\\\/#\\\/schema\\\/person\\\/10d11eccf6da3662cf5fdab9806ea91a\"},\"headline\":\"O\u011furlanm\u0131\u015f saatla ba\u011fl\u0131 ilkin ifad\u0259 d\u0259yi\u015fdirilib\",\"datePublished\":\"2019-07-14T19:00:39+00:00\",\"mainEntityOfPage\":{\"@id\":\"https:\\\/\\\/www.meydan.tv\\\/az\\\/article\\\/ogurlanmis-saatla-bagli-ilkin-ifade-deyisdirilib\\\/\"},\"wordCount\":1416,\"publisher\":{\"@id\":\"https:\\\/\\\/www.meydan.tv\\\/az\\\/#organization\"},\"image\":{\"@id\":\"https:\\\/\\\/www.meydan.tv\\\/az\\\/article\\\/ogurlanmis-saatla-bagli-ilkin-ifade-deyisdirilib\\\/#primaryimage\"},\"thumbnailUrl\":\"https:\\\/\\\/www.meydan.tv\\\/wp-content\\\/uploads\\\/azeri-oil-chief1.jpg\",\"articleSection\":[\"Ara\u015fd\u0131rma\"],\"inLanguage\":\"az\"},{\"@type\":\"WebPage\",\"@id\":\"https:\\\/\\\/www.meydan.tv\\\/az\\\/article\\\/ogurlanmis-saatla-bagli-ilkin-ifade-deyisdirilib\\\/\",\"url\":\"https:\\\/\\\/www.meydan.tv\\\/az\\\/article\\\/ogurlanmis-saatla-bagli-ilkin-ifade-deyisdirilib\\\/\",\"name\":\"O\u011furlanm\u0131\u015f saatla ba\u011fl\u0131 ilkin ifad\u0259 d\u0259yi\u015fdirilib - MEYDAN.TV\",\"isPartOf\":{\"@id\":\"https:\\\/\\\/www.meydan.tv\\\/az\\\/#website\"},\"primaryImageOfPage\":{\"@id\":\"https:\\\/\\\/www.meydan.tv\\\/az\\\/article\\\/ogurlanmis-saatla-bagli-ilkin-ifade-deyisdirilib\\\/#primaryimage\"},\"image\":{\"@id\":\"https:\\\/\\\/www.meydan.tv\\\/az\\\/article\\\/ogurlanmis-saatla-bagli-ilkin-ifade-deyisdirilib\\\/#primaryimage\"},\"thumbnailUrl\":\"https:\\\/\\\/www.meydan.tv\\\/wp-content\\\/uploads\\\/azeri-oil-chief1.jpg\",\"datePublished\":\"2019-07-14T19:00:39+00:00\",\"breadcrumb\":{\"@id\":\"https:\\\/\\\/www.meydan.tv\\\/az\\\/article\\\/ogurlanmis-saatla-bagli-ilkin-ifade-deyisdirilib\\\/#breadcrumb\"},\"inLanguage\":\"az\",\"potentialAction\":[{\"@type\":\"ReadAction\",\"target\":[\"https:\\\/\\\/www.meydan.tv\\\/az\\\/article\\\/ogurlanmis-saatla-bagli-ilkin-ifade-deyisdirilib\\\/\"]}]},{\"@type\":\"ImageObject\",\"inLanguage\":\"az\",\"@id\":\"https:\\\/\\\/www.meydan.tv\\\/az\\\/article\\\/ogurlanmis-saatla-bagli-ilkin-ifade-deyisdirilib\\\/#primaryimage\",\"url\":\"https:\\\/\\\/www.meydan.tv\\\/wp-content\\\/uploads\\\/azeri-oil-chief1.jpg\",\"contentUrl\":\"https:\\\/\\\/www.meydan.tv\\\/wp-content\\\/uploads\\\/azeri-oil-chief1.jpg\",\"width\":1920,\"height\":1280,\"caption\":\"Source: OCCRP\"},{\"@type\":\"BreadcrumbList\",\"@id\":\"https:\\\/\\\/www.meydan.tv\\\/az\\\/article\\\/ogurlanmis-saatla-bagli-ilkin-ifade-deyisdirilib\\\/#breadcrumb\",\"itemListElement\":[{\"@type\":\"ListItem\",\"position\":1,\"name\":\"Ana s\u0259hif\u0259\",\"item\":\"https:\\\/\\\/www.meydan.tv\\\/az\\\/\"},{\"@type\":\"ListItem\",\"position\":2,\"name\":\"Ara\u015fd\u0131rma\",\"item\":\"https:\\\/\\\/www.meydan.tv\\\/az\\\/section\\\/arasdirma\\\/\"},{\"@type\":\"ListItem\",\"position\":3,\"name\":\"O\u011furlanm\u0131\u015f saatla ba\u011fl\u0131 ilkin ifad\u0259 d\u0259yi\u015fdirilib\"}]},{\"@type\":\"WebSite\",\"@id\":\"https:\\\/\\\/www.meydan.tv\\\/az\\\/#website\",\"url\":\"https:\\\/\\\/www.meydan.tv\\\/az\\\/\",\"name\":\"MEYDAN.TV\",\"description\":\"Meydan TV Az\u0259rbaycan\u0131n media m\u0259kan\u0131ndak\u0131 alternativ s\u0259sidir\",\"publisher\":{\"@id\":\"https:\\\/\\\/www.meydan.tv\\\/az\\\/#organization\"},\"potentialAction\":[{\"@type\":\"SearchAction\",\"target\":{\"@type\":\"EntryPoint\",\"urlTemplate\":\"https:\\\/\\\/www.meydan.tv\\\/az\\\/?s={search_term_string}\"},\"query-input\":{\"@type\":\"PropertyValueSpecification\",\"valueRequired\":true,\"valueName\":\"search_term_string\"}}],\"inLanguage\":\"az\"},{\"@type\":\"Organization\",\"@id\":\"https:\\\/\\\/www.meydan.tv\\\/az\\\/#organization\",\"name\":\"Meydan TV\",\"url\":\"https:\\\/\\\/www.meydan.tv\\\/az\\\/\",\"logo\":{\"@type\":\"ImageObject\",\"inLanguage\":\"az\",\"@id\":\"https:\\\/\\\/www.meydan.tv\\\/az\\\/#\\\/schema\\\/logo\\\/image\\\/\",\"url\":\"https:\\\/\\\/www.meydan.tv\\\/wp-content\\\/uploads\\\/2021\\\/07\\\/meydan-logo.svg\",\"contentUrl\":\"https:\\\/\\\/www.meydan.tv\\\/wp-content\\\/uploads\\\/2021\\\/07\\\/meydan-logo.svg\",\"width\":195,\"height\":46,\"caption\":\"Meydan TV\"},\"image\":{\"@id\":\"https:\\\/\\\/www.meydan.tv\\\/az\\\/#\\\/schema\\\/logo\\\/image\\\/\"}},{\"@type\":\"Person\",\"@id\":\"https:\\\/\\\/www.meydan.tv\\\/az\\\/#\\\/schema\\\/person\\\/10d11eccf6da3662cf5fdab9806ea91a\",\"name\":\"user-manager\"}]}<\/script>\n<!-- \/ Yoast SEO plugin. -->","yoast_head_json":{"title":"O\u011furlanm\u0131\u015f saatla ba\u011fl\u0131 ilkin ifad\u0259 d\u0259yi\u015fdirilib - MEYDAN.TV","robots":{"index":"index","follow":"follow","max-snippet":"max-snippet:-1","max-image-preview":"max-image-preview:large","max-video-preview":"max-video-preview:-1"},"canonical":"https:\/\/www.meydan.tv\/az\/article\/ogurlanmis-saatla-bagli-ilkin-ifade-deyisdirilib\/","og_locale":"az_AZ","og_type":"article","og_title":"O\u011furlanm\u0131\u015f saatla ba\u011fl\u0131 ilkin ifad\u0259 d\u0259yi\u015fdirilib - MEYDAN.TV","og_description":"\u018fvv\u0259ll\u0259r SOCAR-\u0131n inkar etm\u0259sin\u0259 baxmayaraq, g\u0259nc Abdullayev hekay\u0259nin az bir hiss\u0259sini q\u0259bul etm\u0259k q\u0259rar\u0131na g\u0259lib","og_url":"https:\/\/www.meydan.tv\/az\/article\/ogurlanmis-saatla-bagli-ilkin-ifade-deyisdirilib\/","og_site_name":"MEYDAN.TV","article_published_time":"2019-07-14T19:00:39+00:00","og_image":[{"width":1920,"height":1280,"url":"https:\/\/www.meydan.tv\/wp-content\/uploads\/azeri-oil-chief1.jpg","type":"image\/jpeg"}],"author":"user-manager","twitter_card":"summary_large_image","schema":{"@context":"https:\/\/schema.org","@graph":[{"@type":"Article","@id":"https:\/\/www.meydan.tv\/az\/article\/ogurlanmis-saatla-bagli-ilkin-ifade-deyisdirilib\/#article","isPartOf":{"@id":"https:\/\/www.meydan.tv\/az\/article\/ogurlanmis-saatla-bagli-ilkin-ifade-deyisdirilib\/"},"author":{"name":"user-manager","@id":"https:\/\/www.meydan.tv\/az\/#\/schema\/person\/10d11eccf6da3662cf5fdab9806ea91a"},"headline":"O\u011furlanm\u0131\u015f saatla ba\u011fl\u0131 ilkin ifad\u0259 d\u0259yi\u015fdirilib","datePublished":"2019-07-14T19:00:39+00:00","mainEntityOfPage":{"@id":"https:\/\/www.meydan.tv\/az\/article\/ogurlanmis-saatla-bagli-ilkin-ifade-deyisdirilib\/"},"wordCount":1416,"publisher":{"@id":"https:\/\/www.meydan.tv\/az\/#organization"},"image":{"@id":"https:\/\/www.meydan.tv\/az\/article\/ogurlanmis-saatla-bagli-ilkin-ifade-deyisdirilib\/#primaryimage"},"thumbnailUrl":"https:\/\/www.meydan.tv\/wp-content\/uploads\/azeri-oil-chief1.jpg","articleSection":["Ara\u015fd\u0131rma"],"inLanguage":"az"},{"@type":"WebPage","@id":"https:\/\/www.meydan.tv\/az\/article\/ogurlanmis-saatla-bagli-ilkin-ifade-deyisdirilib\/","url":"https:\/\/www.meydan.tv\/az\/article\/ogurlanmis-saatla-bagli-ilkin-ifade-deyisdirilib\/","name":"O\u011furlanm\u0131\u015f saatla ba\u011fl\u0131 ilkin ifad\u0259 d\u0259yi\u015fdirilib - MEYDAN.TV","isPartOf":{"@id":"https:\/\/www.meydan.tv\/az\/#website"},"primaryImageOfPage":{"@id":"https:\/\/www.meydan.tv\/az\/article\/ogurlanmis-saatla-bagli-ilkin-ifade-deyisdirilib\/#primaryimage"},"image":{"@id":"https:\/\/www.meydan.tv\/az\/article\/ogurlanmis-saatla-bagli-ilkin-ifade-deyisdirilib\/#primaryimage"},"thumbnailUrl":"https:\/\/www.meydan.tv\/wp-content\/uploads\/azeri-oil-chief1.jpg","datePublished":"2019-07-14T19:00:39+00:00","breadcrumb":{"@id":"https:\/\/www.meydan.tv\/az\/article\/ogurlanmis-saatla-bagli-ilkin-ifade-deyisdirilib\/#breadcrumb"},"inLanguage":"az","potentialAction":[{"@type":"ReadAction","target":["https:\/\/www.meydan.tv\/az\/article\/ogurlanmis-saatla-bagli-ilkin-ifade-deyisdirilib\/"]}]},{"@type":"ImageObject","inLanguage":"az","@id":"https:\/\/www.meydan.tv\/az\/article\/ogurlanmis-saatla-bagli-ilkin-ifade-deyisdirilib\/#primaryimage","url":"https:\/\/www.meydan.tv\/wp-content\/uploads\/azeri-oil-chief1.jpg","contentUrl":"https:\/\/www.meydan.tv\/wp-content\/uploads\/azeri-oil-chief1.jpg","width":1920,"height":1280,"caption":"Source: OCCRP"},{"@type":"BreadcrumbList","@id":"https:\/\/www.meydan.tv\/az\/article\/ogurlanmis-saatla-bagli-ilkin-ifade-deyisdirilib\/#breadcrumb","itemListElement":[{"@type":"ListItem","position":1,"name":"Ana s\u0259hif\u0259","item":"https:\/\/www.meydan.tv\/az\/"},{"@type":"ListItem","position":2,"name":"Ara\u015fd\u0131rma","item":"https:\/\/www.meydan.tv\/az\/section\/arasdirma\/"},{"@type":"ListItem","position":3,"name":"O\u011furlanm\u0131\u015f saatla ba\u011fl\u0131 ilkin ifad\u0259 d\u0259yi\u015fdirilib"}]},{"@type":"WebSite","@id":"https:\/\/www.meydan.tv\/az\/#website","url":"https:\/\/www.meydan.tv\/az\/","name":"MEYDAN.TV","description":"Meydan TV Az\u0259rbaycan\u0131n media m\u0259kan\u0131ndak\u0131 alternativ s\u0259sidir","publisher":{"@id":"https:\/\/www.meydan.tv\/az\/#organization"},"potentialAction":[{"@type":"SearchAction","target":{"@type":"EntryPoint","urlTemplate":"https:\/\/www.meydan.tv\/az\/?s={search_term_string}"},"query-input":{"@type":"PropertyValueSpecification","valueRequired":true,"valueName":"search_term_string"}}],"inLanguage":"az"},{"@type":"Organization","@id":"https:\/\/www.meydan.tv\/az\/#organization","name":"Meydan TV","url":"https:\/\/www.meydan.tv\/az\/","logo":{"@type":"ImageObject","inLanguage":"az","@id":"https:\/\/www.meydan.tv\/az\/#\/schema\/logo\/image\/","url":"https:\/\/www.meydan.tv\/wp-content\/uploads\/2021\/07\/meydan-logo.svg","contentUrl":"https:\/\/www.meydan.tv\/wp-content\/uploads\/2021\/07\/meydan-logo.svg","width":195,"height":46,"caption":"Meydan TV"},"image":{"@id":"https:\/\/www.meydan.tv\/az\/#\/schema\/logo\/image\/"}},{"@type":"Person","@id":"https:\/\/www.meydan.tv\/az\/#\/schema\/person\/10d11eccf6da3662cf5fdab9806ea91a","name":"user-manager"}]}},"_links":{"self":[{"href":"https:\/\/www.meydan.tv\/az\/wp-json\/wp\/v2\/posts\/196193","targetHints":{"allow":["GET"]}}],"collection":[{"href":"https:\/\/www.meydan.tv\/az\/wp-json\/wp\/v2\/posts"}],"about":[{"href":"https:\/\/www.meydan.tv\/az\/wp-json\/wp\/v2\/types\/post"}],"author":[{"embeddable":true,"href":"https:\/\/www.meydan.tv\/az\/wp-json\/wp\/v2\/users\/11"}],"replies":[{"embeddable":true,"href":"https:\/\/www.meydan.tv\/az\/wp-json\/wp\/v2\/comments?post=196193"}],"version-history":[{"count":0,"href":"https:\/\/www.meydan.tv\/az\/wp-json\/wp\/v2\/posts\/196193\/revisions"}],"wp:featuredmedia":[{"embeddable":true,"href":"https:\/\/www.meydan.tv\/az\/wp-json\/wp\/v2\/media\/126733"}],"wp:attachment":[{"href":"https:\/\/www.meydan.tv\/az\/wp-json\/wp\/v2\/media?parent=196193"}],"wp:term":[{"taxonomy":"category","embeddable":true,"href":"https:\/\/www.meydan.tv\/az\/wp-json\/wp\/v2\/categories?post=196193"},{"taxonomy":"post_tag","embeddable":true,"href":"https:\/\/www.meydan.tv\/az\/wp-json\/wp\/v2\/tags?post=196193"}],"curies":[{"name":"wp","href":"https:\/\/api.w.org\/{rel}","templated":true}]}}