{"id":196190,"date":"2019-07-14T14:58:39","date_gmt":"2019-07-14T14:58:39","guid":{"rendered":"https:\/\/www.meydan.tv\/article\/sekide-agac-asdi-15-yarali-var\/"},"modified":"2019-07-14T14:58:39","modified_gmt":"2019-07-14T14:58:39","slug":"sekide-agac-asdi-15-yarali-var","status":"publish","type":"post","link":"https:\/\/www.meydan.tv\/az\/article\/sekide-agac-asdi-15-yarali-var\/","title":{"rendered":"\u015e\u0259kid\u0259 a\u011fac a\u015fd\u0131, 19 yaral\u0131 var (yenil\u0259nib)"},"content":{"rendered":"<p>\n  ***\n<\/p>\n<p>\n  <i><br \/>\n    S\u0259hiyy\u0259 Nazirliyinin m\u0259lumat\u0131na g\u00f6r\u0259, yaralananlardan 4 n\u0259f\u0259rin v\u0259ziyy\u0259ti a\u011f\u0131rd\u0131r. Dig\u0259r 15 n\u0259f\u0259r\u0259 is\u0259 ilkin tibbi yard\u0131m g\u00f6st\u0259rilib. Nazirlik yaralananlar\u0131n siyah\u0131s\u0131n\u0131 yay\u0131b: Soltanova Sevinc 1940 Rusiya, Soltanova La\u00e7\u0131n 2004 Rusiya, Sara Hasan 1998 Suriya (sa\u011f budun qapal\u0131 travmas\u0131 \u00e7anaqda), Farik al Hasan 1952 Suriya, Mariya al Hasan 2003 Suriya, Samira al Hasan 1965 Suriya, Galia al Hasan 1988 Suriya, R\u0259sulova S\u0259bin\u0259 1983, M\u0259mm\u0259dov Elxan 1993 (onur\u011fan\u0131n qapal\u0131 travmas\u0131), M\u0259mm\u0259dova S\u0259kin\u0259 1998, Teymurova Valid\u0259 1995, A\u011fayev F\u0259rid 1996, M\u0259mm\u0259dov \u0130lkin 1995 (a\u011f\u0131r d\u0259r\u0259c\u0259li K\u0259ll\u0259 beyin travmas\u0131 sa\u011f ayaqda s\u0131n\u0131q), M\u0259mm\u0259dova Zemfira 1994, Naib\u0259 H\u00fcseynova 1968, C\u0259f\u0259rova M\u0259ry\u0259m 1961, Nift\u0259liyeva K\u00f6n\u00fcl 1979, Xasiyeva Yas\u0259m\u0259n 1970, A\u011famal\u0131yeva Xatir\u0259 1987 sa\u011f bald\u0131r s\u00fcm\u00fcy\u00fcn\u00fcn \u00e7ox q\u0259lp\u0259li s\u0131n\u0131\u011f\u0131, travmatik \u015fok. (APA)<br \/>\n  <\/i>\n<\/p>\n<p>\n  ***\n<\/p>\n<p>\n  <i><br \/>\n    Ba\u015f Prokurorluq, D\u00f6vl\u0259t Turizm Agentliyi v\u0259 F\u00f6vq\u0259lad\u0259 Hallar Nazirliyi \u015e\u0259ki rayonunda ba\u015f ver\u0259n hadis\u0259 haqda m\u0259lumat yay\u0131blar.<br \/>\n  <\/i>\n<\/p>\n<p>\n  <i><br \/>\n    Bildirilib ki, hadis\u0259 n\u0259tic\u0259sind\u0259 19 n\u0259f\u0259r m\u00fcxt\u0259lif d\u0259r\u0259c\u0259li b\u0259d\u0259n x\u0259sar\u0259tl\u0259ri alaraq t\u0259cilli olaraq \u015e\u0259ki M\u0259rk\u0259zi Rayon X\u0259st\u0259xanas\u0131na yerl\u0259\u015fdirilibl\u0259r.<br \/>\n  <\/i>\n<\/p>\n<p>\n  <i><br \/>\n    Onlara ilkin t\u0259cilli-tibbi yard\u0131m g\u00f6st\u0259rilib. 4 n\u0259f\u0259rin s\u0259hh\u0259ti a\u011f\u0131r oldu\u011fundan onlar reanimasiya \u015f\u00f6b\u0259sin\u0259 yerl\u0259\u015fdirilibl\u0259r.<br \/>\n  <\/i>\n<\/p>\n<p>\n  ***\n<\/p>\n<p>\n  <i><br \/>\n    Yaral\u0131lar\u0131n be\u015fi xarici turistl\u0259rdir<br \/>\n  <\/i>\n<\/p>\n<p>\n  \u0130yulun 14-d\u0259 saat 11 rad\u0259l\u0259rind\u0259 \u015e\u0259ki rayonunda Xan Saray\u0131n\u0131n yan\u0131ndak\u0131 \u015e\u0259rq \u00e7inar\u0131 a\u011fac\u0131n\u0131n bir qolu q\u0131r\u0131laraq a\u015f\u0131b.\n<\/p>\n<p>\n  N\u0259tic\u0259d\u0259 hadis\u0259 yerind\u0259 olan xeyli adam yaralan\u0131b.\n<\/p>\n<p>\n  M\u0259lumat\u0131 Meydan TV-y\u0259 yerli sakinl\u0259r verib.\n<\/p>\n<p>\n  \u015e\u0259ki Rayon M\u0259rk\u0259zi X\u0259st\u0259xanas\u0131n\u0131n h\u0259kimi D\u00f6vl\u0259t S\u0259f\u0259rova olay\u0131 t\u0259sdiql\u0259yib.\n<\/p>\n<p>\n  O bildirib ki, x\u0259st\u0259xanaya 15 n\u0259f\u0259r yaral\u0131 g\u0259tirilib, onlardan 5-i xarici, qalanlar\u0131 yerli turistl\u0259rdir. Hadis\u0259 n\u0259tic\u0259sind\u0259 \u00f6l\u0259n yoxdur.\n<\/p>\n<p>\n  \u0130yulun 7-d\u0259 UNESCO-nun \u00dcmumd\u00fcnya \u0130rs Komit\u0259sinin Bak\u0131da ke\u00e7iril\u0259n 43-c\u00fc Sessiyas\u0131nda \u015e\u0259ki \u015f\u0259h\u0259rinin tarixi hiss\u0259si v\u0259 \u015e\u0259ki Xan Saray\u0131 D\u00fcnya \u0130rs Siyah\u0131s\u0131na daxil edilib.\n<\/p>\n<figure class=\"wp-block-embed is-type-video is-provider-youtube wp-block-embed-youtube wp-embed-aspect-16-9 wp-has-aspect-ratio\">\n<div class=\"wp-block-embed__wrapper\">\n    <iframe\ttitle=\"\u015e\u0259kid\u0259 a\u011fac faci\u0259sind\u0259n video g\u00f6r\u00fcnt\u00fcl\u0259r\" width=\"1200\" height=\"675\" data-src=\"https:\/\/www.youtube.com\/embed\/C_nbVk7sUaw\"\tframeborder=\"0\"\tallow=\"accelerometer; autoplay; clipboard-write; encrypted-media; gyroscope; picture-in-picture\" allowfullscreen src=\"data:image\/svg+xml;base64,PHN2ZyB3aWR0aD0iMSIgaGVpZ2h0PSIxIiB4bWxucz0iaHR0cDovL3d3dy53My5vcmcvMjAwMC9zdmciPjwvc3ZnPg==\" class=\"lazyload\" data-load-mode=\"1\"><\/iframe>\n  <\/div><figcaption>\n    \u015e\u0259kid\u0259 a\u011fac faci\u0259sind\u0259n video g\u00f6r\u00fcnt\u00fcl\u0259r<br \/>\n  <\/figcaption><\/figure>\n","protected":false},"excerpt":{"rendered":"<p>N\u0259tic\u0259d\u0259 hadis\u0259 yerind\u0259 olan  xeyli adam yaralan\u0131b.<\/p>\n","protected":false},"author":11,"featured_media":126781,"comment_status":"closed","ping_status":"open","sticky":false,"template":"","format":"standard","meta":{"_acf_changed":false,"_sitemap_exclude":false,"_sitemap_priority":"","_sitemap_frequency":"","footnotes":""},"categories":[60],"tags":[],"class_list":["post-196190","post","type-post","status-publish","format-standard","has-post-thumbnail","hentry","category-bolge","infinite-scroll-item","generate-columns","tablet-grid-50","mobile-grid-100","grid-parent","grid-33","no-featured-image-padding"],"acf":[],"yoast_head":"<!-- This site is optimized with the Yoast SEO plugin v27.4 - https:\/\/yoast.com\/product\/yoast-seo-wordpress\/ -->\n<title>\u015e\u0259kid\u0259 a\u011fac a\u015fd\u0131, 19 yaral\u0131 var (yenil\u0259nib) - MEYDAN.TV<\/title>\n<meta name=\"robots\" content=\"index, follow, max-snippet:-1, max-image-preview:large, max-video-preview:-1\" \/>\n<link rel=\"canonical\" href=\"https:\/\/www.meydan.tv\/az\/article\/sekide-agac-asdi-15-yarali-var\/\" \/>\n<meta property=\"og:locale\" content=\"az_AZ\" \/>\n<meta property=\"og:type\" content=\"article\" \/>\n<meta property=\"og:title\" content=\"\u015e\u0259kid\u0259 a\u011fac a\u015fd\u0131, 19 yaral\u0131 var (yenil\u0259nib) - MEYDAN.TV\" \/>\n<meta property=\"og:description\" content=\"N\u0259tic\u0259d\u0259 hadis\u0259 yerind\u0259 olan xeyli adam yaralan\u0131b.\" \/>\n<meta property=\"og:url\" content=\"https:\/\/www.meydan.tv\/az\/article\/sekide-agac-asdi-15-yarali-var\/\" \/>\n<meta property=\"og:site_name\" content=\"MEYDAN.TV\" \/>\n<meta property=\"article:published_time\" content=\"2019-07-14T14:58:39+00:00\" \/>\n<meta property=\"og:image\" content=\"https:\/\/www.meydan.tv\/wp-content\/uploads\/s____ki_xan_saray___common-scaled.jpg\" \/>\n\t<meta property=\"og:image:width\" content=\"2560\" \/>\n\t<meta property=\"og:image:height\" content=\"1773\" \/>\n\t<meta property=\"og:image:type\" content=\"image\/jpeg\" \/>\n<meta name=\"author\" content=\"user-manager\" \/>\n<meta name=\"twitter:card\" content=\"summary_large_image\" \/>\n<script type=\"application\/ld+json\" class=\"yoast-schema-graph\">{\"@context\":\"https:\\\/\\\/schema.org\",\"@graph\":[{\"@type\":\"Article\",\"@id\":\"https:\\\/\\\/www.meydan.tv\\\/az\\\/article\\\/sekide-agac-asdi-15-yarali-var\\\/#article\",\"isPartOf\":{\"@id\":\"https:\\\/\\\/www.meydan.tv\\\/az\\\/article\\\/sekide-agac-asdi-15-yarali-var\\\/\"},\"author\":{\"name\":\"user-manager\",\"@id\":\"https:\\\/\\\/www.meydan.tv\\\/az\\\/#\\\/schema\\\/person\\\/10d11eccf6da3662cf5fdab9806ea91a\"},\"headline\":\"\u015e\u0259kid\u0259 a\u011fac a\u015fd\u0131, 19 yaral\u0131 var (yenil\u0259nib)\",\"datePublished\":\"2019-07-14T14:58:39+00:00\",\"mainEntityOfPage\":{\"@id\":\"https:\\\/\\\/www.meydan.tv\\\/az\\\/article\\\/sekide-agac-asdi-15-yarali-var\\\/\"},\"wordCount\":401,\"publisher\":{\"@id\":\"https:\\\/\\\/www.meydan.tv\\\/az\\\/#organization\"},\"image\":{\"@id\":\"https:\\\/\\\/www.meydan.tv\\\/az\\\/article\\\/sekide-agac-asdi-15-yarali-var\\\/#primaryimage\"},\"thumbnailUrl\":\"https:\\\/\\\/www.meydan.tv\\\/wp-content\\\/uploads\\\/s____ki_xan_saray___common-scaled.jpg\",\"articleSection\":[\"B\u00f6lg\u0259\"],\"inLanguage\":\"az\"},{\"@type\":\"WebPage\",\"@id\":\"https:\\\/\\\/www.meydan.tv\\\/az\\\/article\\\/sekide-agac-asdi-15-yarali-var\\\/\",\"url\":\"https:\\\/\\\/www.meydan.tv\\\/az\\\/article\\\/sekide-agac-asdi-15-yarali-var\\\/\",\"name\":\"\u015e\u0259kid\u0259 a\u011fac a\u015fd\u0131, 19 yaral\u0131 var (yenil\u0259nib) - MEYDAN.TV\",\"isPartOf\":{\"@id\":\"https:\\\/\\\/www.meydan.tv\\\/az\\\/#website\"},\"primaryImageOfPage\":{\"@id\":\"https:\\\/\\\/www.meydan.tv\\\/az\\\/article\\\/sekide-agac-asdi-15-yarali-var\\\/#primaryimage\"},\"image\":{\"@id\":\"https:\\\/\\\/www.meydan.tv\\\/az\\\/article\\\/sekide-agac-asdi-15-yarali-var\\\/#primaryimage\"},\"thumbnailUrl\":\"https:\\\/\\\/www.meydan.tv\\\/wp-content\\\/uploads\\\/s____ki_xan_saray___common-scaled.jpg\",\"datePublished\":\"2019-07-14T14:58:39+00:00\",\"breadcrumb\":{\"@id\":\"https:\\\/\\\/www.meydan.tv\\\/az\\\/article\\\/sekide-agac-asdi-15-yarali-var\\\/#breadcrumb\"},\"inLanguage\":\"az\",\"potentialAction\":[{\"@type\":\"ReadAction\",\"target\":[\"https:\\\/\\\/www.meydan.tv\\\/az\\\/article\\\/sekide-agac-asdi-15-yarali-var\\\/\"]}]},{\"@type\":\"ImageObject\",\"inLanguage\":\"az\",\"@id\":\"https:\\\/\\\/www.meydan.tv\\\/az\\\/article\\\/sekide-agac-asdi-15-yarali-var\\\/#primaryimage\",\"url\":\"https:\\\/\\\/www.meydan.tv\\\/wp-content\\\/uploads\\\/s____ki_xan_saray___common-scaled.jpg\",\"contentUrl\":\"https:\\\/\\\/www.meydan.tv\\\/wp-content\\\/uploads\\\/s____ki_xan_saray___common-scaled.jpg\",\"width\":2560,\"height\":1773,\"caption\":\"Source: google.az\"},{\"@type\":\"BreadcrumbList\",\"@id\":\"https:\\\/\\\/www.meydan.tv\\\/az\\\/article\\\/sekide-agac-asdi-15-yarali-var\\\/#breadcrumb\",\"itemListElement\":[{\"@type\":\"ListItem\",\"position\":1,\"name\":\"Ana s\u0259hif\u0259\",\"item\":\"https:\\\/\\\/www.meydan.tv\\\/az\\\/\"},{\"@type\":\"ListItem\",\"position\":2,\"name\":\"B\u00f6lg\u0259\",\"item\":\"https:\\\/\\\/www.meydan.tv\\\/az\\\/section\\\/bolge\\\/\"},{\"@type\":\"ListItem\",\"position\":3,\"name\":\"\u015e\u0259kid\u0259 a\u011fac a\u015fd\u0131, 19 yaral\u0131 var (yenil\u0259nib)\"}]},{\"@type\":\"WebSite\",\"@id\":\"https:\\\/\\\/www.meydan.tv\\\/az\\\/#website\",\"url\":\"https:\\\/\\\/www.meydan.tv\\\/az\\\/\",\"name\":\"MEYDAN.TV\",\"description\":\"Meydan TV Az\u0259rbaycan\u0131n media m\u0259kan\u0131ndak\u0131 alternativ s\u0259sidir\",\"publisher\":{\"@id\":\"https:\\\/\\\/www.meydan.tv\\\/az\\\/#organization\"},\"potentialAction\":[{\"@type\":\"SearchAction\",\"target\":{\"@type\":\"EntryPoint\",\"urlTemplate\":\"https:\\\/\\\/www.meydan.tv\\\/az\\\/?s={search_term_string}\"},\"query-input\":{\"@type\":\"PropertyValueSpecification\",\"valueRequired\":true,\"valueName\":\"search_term_string\"}}],\"inLanguage\":\"az\"},{\"@type\":\"Organization\",\"@id\":\"https:\\\/\\\/www.meydan.tv\\\/az\\\/#organization\",\"name\":\"Meydan TV\",\"url\":\"https:\\\/\\\/www.meydan.tv\\\/az\\\/\",\"logo\":{\"@type\":\"ImageObject\",\"inLanguage\":\"az\",\"@id\":\"https:\\\/\\\/www.meydan.tv\\\/az\\\/#\\\/schema\\\/logo\\\/image\\\/\",\"url\":\"https:\\\/\\\/www.meydan.tv\\\/wp-content\\\/uploads\\\/2021\\\/07\\\/meydan-logo.svg\",\"contentUrl\":\"https:\\\/\\\/www.meydan.tv\\\/wp-content\\\/uploads\\\/2021\\\/07\\\/meydan-logo.svg\",\"width\":195,\"height\":46,\"caption\":\"Meydan TV\"},\"image\":{\"@id\":\"https:\\\/\\\/www.meydan.tv\\\/az\\\/#\\\/schema\\\/logo\\\/image\\\/\"}},{\"@type\":\"Person\",\"@id\":\"https:\\\/\\\/www.meydan.tv\\\/az\\\/#\\\/schema\\\/person\\\/10d11eccf6da3662cf5fdab9806ea91a\",\"name\":\"user-manager\"}]}<\/script>\n<!-- \/ Yoast SEO plugin. -->","yoast_head_json":{"title":"\u015e\u0259kid\u0259 a\u011fac a\u015fd\u0131, 19 yaral\u0131 var (yenil\u0259nib) - MEYDAN.TV","robots":{"index":"index","follow":"follow","max-snippet":"max-snippet:-1","max-image-preview":"max-image-preview:large","max-video-preview":"max-video-preview:-1"},"canonical":"https:\/\/www.meydan.tv\/az\/article\/sekide-agac-asdi-15-yarali-var\/","og_locale":"az_AZ","og_type":"article","og_title":"\u015e\u0259kid\u0259 a\u011fac a\u015fd\u0131, 19 yaral\u0131 var (yenil\u0259nib) - MEYDAN.TV","og_description":"N\u0259tic\u0259d\u0259 hadis\u0259 yerind\u0259 olan xeyli adam yaralan\u0131b.","og_url":"https:\/\/www.meydan.tv\/az\/article\/sekide-agac-asdi-15-yarali-var\/","og_site_name":"MEYDAN.TV","article_published_time":"2019-07-14T14:58:39+00:00","og_image":[{"width":2560,"height":1773,"url":"https:\/\/www.meydan.tv\/wp-content\/uploads\/s____ki_xan_saray___common-scaled.jpg","type":"image\/jpeg"}],"author":"user-manager","twitter_card":"summary_large_image","schema":{"@context":"https:\/\/schema.org","@graph":[{"@type":"Article","@id":"https:\/\/www.meydan.tv\/az\/article\/sekide-agac-asdi-15-yarali-var\/#article","isPartOf":{"@id":"https:\/\/www.meydan.tv\/az\/article\/sekide-agac-asdi-15-yarali-var\/"},"author":{"name":"user-manager","@id":"https:\/\/www.meydan.tv\/az\/#\/schema\/person\/10d11eccf6da3662cf5fdab9806ea91a"},"headline":"\u015e\u0259kid\u0259 a\u011fac a\u015fd\u0131, 19 yaral\u0131 var (yenil\u0259nib)","datePublished":"2019-07-14T14:58:39+00:00","mainEntityOfPage":{"@id":"https:\/\/www.meydan.tv\/az\/article\/sekide-agac-asdi-15-yarali-var\/"},"wordCount":401,"publisher":{"@id":"https:\/\/www.meydan.tv\/az\/#organization"},"image":{"@id":"https:\/\/www.meydan.tv\/az\/article\/sekide-agac-asdi-15-yarali-var\/#primaryimage"},"thumbnailUrl":"https:\/\/www.meydan.tv\/wp-content\/uploads\/s____ki_xan_saray___common-scaled.jpg","articleSection":["B\u00f6lg\u0259"],"inLanguage":"az"},{"@type":"WebPage","@id":"https:\/\/www.meydan.tv\/az\/article\/sekide-agac-asdi-15-yarali-var\/","url":"https:\/\/www.meydan.tv\/az\/article\/sekide-agac-asdi-15-yarali-var\/","name":"\u015e\u0259kid\u0259 a\u011fac a\u015fd\u0131, 19 yaral\u0131 var (yenil\u0259nib) - MEYDAN.TV","isPartOf":{"@id":"https:\/\/www.meydan.tv\/az\/#website"},"primaryImageOfPage":{"@id":"https:\/\/www.meydan.tv\/az\/article\/sekide-agac-asdi-15-yarali-var\/#primaryimage"},"image":{"@id":"https:\/\/www.meydan.tv\/az\/article\/sekide-agac-asdi-15-yarali-var\/#primaryimage"},"thumbnailUrl":"https:\/\/www.meydan.tv\/wp-content\/uploads\/s____ki_xan_saray___common-scaled.jpg","datePublished":"2019-07-14T14:58:39+00:00","breadcrumb":{"@id":"https:\/\/www.meydan.tv\/az\/article\/sekide-agac-asdi-15-yarali-var\/#breadcrumb"},"inLanguage":"az","potentialAction":[{"@type":"ReadAction","target":["https:\/\/www.meydan.tv\/az\/article\/sekide-agac-asdi-15-yarali-var\/"]}]},{"@type":"ImageObject","inLanguage":"az","@id":"https:\/\/www.meydan.tv\/az\/article\/sekide-agac-asdi-15-yarali-var\/#primaryimage","url":"https:\/\/www.meydan.tv\/wp-content\/uploads\/s____ki_xan_saray___common-scaled.jpg","contentUrl":"https:\/\/www.meydan.tv\/wp-content\/uploads\/s____ki_xan_saray___common-scaled.jpg","width":2560,"height":1773,"caption":"Source: google.az"},{"@type":"BreadcrumbList","@id":"https:\/\/www.meydan.tv\/az\/article\/sekide-agac-asdi-15-yarali-var\/#breadcrumb","itemListElement":[{"@type":"ListItem","position":1,"name":"Ana s\u0259hif\u0259","item":"https:\/\/www.meydan.tv\/az\/"},{"@type":"ListItem","position":2,"name":"B\u00f6lg\u0259","item":"https:\/\/www.meydan.tv\/az\/section\/bolge\/"},{"@type":"ListItem","position":3,"name":"\u015e\u0259kid\u0259 a\u011fac a\u015fd\u0131, 19 yaral\u0131 var (yenil\u0259nib)"}]},{"@type":"WebSite","@id":"https:\/\/www.meydan.tv\/az\/#website","url":"https:\/\/www.meydan.tv\/az\/","name":"MEYDAN.TV","description":"Meydan TV Az\u0259rbaycan\u0131n media m\u0259kan\u0131ndak\u0131 alternativ s\u0259sidir","publisher":{"@id":"https:\/\/www.meydan.tv\/az\/#organization"},"potentialAction":[{"@type":"SearchAction","target":{"@type":"EntryPoint","urlTemplate":"https:\/\/www.meydan.tv\/az\/?s={search_term_string}"},"query-input":{"@type":"PropertyValueSpecification","valueRequired":true,"valueName":"search_term_string"}}],"inLanguage":"az"},{"@type":"Organization","@id":"https:\/\/www.meydan.tv\/az\/#organization","name":"Meydan TV","url":"https:\/\/www.meydan.tv\/az\/","logo":{"@type":"ImageObject","inLanguage":"az","@id":"https:\/\/www.meydan.tv\/az\/#\/schema\/logo\/image\/","url":"https:\/\/www.meydan.tv\/wp-content\/uploads\/2021\/07\/meydan-logo.svg","contentUrl":"https:\/\/www.meydan.tv\/wp-content\/uploads\/2021\/07\/meydan-logo.svg","width":195,"height":46,"caption":"Meydan TV"},"image":{"@id":"https:\/\/www.meydan.tv\/az\/#\/schema\/logo\/image\/"}},{"@type":"Person","@id":"https:\/\/www.meydan.tv\/az\/#\/schema\/person\/10d11eccf6da3662cf5fdab9806ea91a","name":"user-manager"}]}},"_links":{"self":[{"href":"https:\/\/www.meydan.tv\/az\/wp-json\/wp\/v2\/posts\/196190","targetHints":{"allow":["GET"]}}],"collection":[{"href":"https:\/\/www.meydan.tv\/az\/wp-json\/wp\/v2\/posts"}],"about":[{"href":"https:\/\/www.meydan.tv\/az\/wp-json\/wp\/v2\/types\/post"}],"author":[{"embeddable":true,"href":"https:\/\/www.meydan.tv\/az\/wp-json\/wp\/v2\/users\/11"}],"replies":[{"embeddable":true,"href":"https:\/\/www.meydan.tv\/az\/wp-json\/wp\/v2\/comments?post=196190"}],"version-history":[{"count":0,"href":"https:\/\/www.meydan.tv\/az\/wp-json\/wp\/v2\/posts\/196190\/revisions"}],"wp:featuredmedia":[{"embeddable":true,"href":"https:\/\/www.meydan.tv\/az\/wp-json\/wp\/v2\/media\/126781"}],"wp:attachment":[{"href":"https:\/\/www.meydan.tv\/az\/wp-json\/wp\/v2\/media?parent=196190"}],"wp:term":[{"taxonomy":"category","embeddable":true,"href":"https:\/\/www.meydan.tv\/az\/wp-json\/wp\/v2\/categories?post=196190"},{"taxonomy":"post_tag","embeddable":true,"href":"https:\/\/www.meydan.tv\/az\/wp-json\/wp\/v2\/tags?post=196190"}],"curies":[{"name":"wp","href":"https:\/\/api.w.org\/{rel}","templated":true}]}}