{"id":196165,"date":"2019-07-12T10:17:47","date_gmt":"2019-07-12T10:17:47","guid":{"rendered":"https:\/\/www.meydan.tv\/article\/bu-olkede-elimiz-her-seyden-uzulub-bedbext-olmusuq\/"},"modified":"2019-07-12T10:17:47","modified_gmt":"2019-07-12T10:17:47","slug":"bu-olkede-elimiz-her-seyden-uzulub-bedbext-olmusuq","status":"publish","type":"post","link":"https:\/\/www.meydan.tv\/az\/article\/bu-olkede-elimiz-her-seyden-uzulub-bedbext-olmusuq\/","title":{"rendered":"&#8221;Bu \u00f6lk\u0259d\u0259 \u0259limiz h\u0259r \u015feyd\u0259n \u00fcz\u00fcl\u00fcb, b\u0259db\u0259xt olmu\u015fuq&#8221;"},"content":{"rendered":"<p>\n  <i><br \/>\n    K\u00fcrd\u0259mir sakini: &#x27;&#x27;Biz s\u0259h\u0259r n\u0259 yey\u0259c\u0259yimizi bilmirik, qald\u0131 ki, ev t\u0259mir ed\u0259k&#x27;&#x27;<br \/>\n  <\/i>\n<\/p>\n<p>\n  \u201cNormal kanalizasiya sistemi olmad\u0131\u011f\u0131ndan evimiz \u00e7\u00fcr\u00fcy\u00fcb, t\u00f6k\u00fcl\u00fcr. Zirz\u0259misin\u0259 n\u0259 q\u0259d\u0259r su y\u0131\u011f\u0131l\u0131b. Ev \u00f6z\u00fc d\u0259 bir az \u00e7\u00f6k\u0259kd\u0259 yerl\u0259\u015fir. N\u0259tic\u0259d\u0259, ya\u015fanas\u0131 v\u0259ziyy\u0259td\u0259n \u00e7\u0131x\u0131b. G\u00fcn\u00fc-g\u00fcnd\u0259n lap da bet\u0259r duruma d\u00fc\u015f\u00fcr\u201d.\n<\/p>\n<p>\n  K\u00fcrd\u0259mir sakini Elmira H\u0259s\u0259nova bel\u0259 deyir. G\u0259nc ya\u015fda h\u0259yat yolda\u015f\u0131n\u0131 itir\u0259n Elmira xan\u0131m \u00f6vladlar\u0131 il\u0259 birg\u0259 ya\u015fad\u0131\u011f\u0131 evd\u0259n \u00e7\u0131xar\u0131l\u0131b. Deyir, u\u015faqlar\u0131n\u0131 g\u00f6t\u00fcr\u0259r\u0259k, do\u011fulub b\u00f6y\u00fcd\u00fcy\u00fc K\u00fcrd\u0259mir\u0259 g\u0259lib. El\u0259 o vaxtdan can\u0131n\u0131 di\u015fin\u0259 tutub i\u015fl\u0259yib:\n<\/p>\n<p>\n  \u201cDaha \u00e7ox m\u00f6vs\u00fcmi i\u015fl\u0259rd\u0259 \u00e7al\u0131\u015f\u0131rd\u0131m. Ba\u011f-bostan, alaq, h\u0259y\u0259t-baca t\u0259mizliyi v\u0259 s. Birt\u0259h\u0259r b\u00f6y\u00fctd\u00fcm u\u015faqlar\u0131. El\u0259 o z\u00fclml\u0259 d\u0259 bir balaca torpaq al\u0131b, ki\u00e7ik bir ev qaraltd\u0131m. \u0130\u015fl\u0259yib g\u00fccl\u0259, 8 il\u0259 tikdim. Balalar\u0131m\u0131 b\u00f6y\u00fctm\u00fc\u015f\u0259m, indi d\u0259 ev u\u00e7ub, ba\u015f\u0131m\u0131za t\u00f6k\u00fcl\u00fcr. Baxan, maraqlanan yoxdur. Mehriban \u018fliyevaya, \u0130lham \u018fliyev\u0259 d\u0259 yazm\u0131\u015fam. G\u0259lib, baxs\u0131nlar, g\u00f6rs\u00fcnl\u0259r, biz n\u0259 v\u0259ziyy\u0259td\u0259 ya\u015fay\u0131r\u0131q. H\u0259r \u015fey yax\u015f\u0131d\u0131r, insanlar \u0259la ya\u015fay\u0131r dem\u0259kl\u0259 deyil ki\u2026 Q\u0131r\u0131l\u0131r\u0131q, vallah\u201d.\n<\/p>\n<p>\n  Elmira H\u0259s\u0259novan\u0131n bir \u00f6vlad\u0131 x\u0259st\u0259dir. Deyir, onu h\u0259kim\u0259, x\u0259st\u0259xanaya da apara bilmir. Pensiya ya\u015f\u0131n\u0131 art\u0131rmaqla is\u0259 onu alaca\u011f\u0131 m\u0259vacibd\u0259n d\u0259 m\u0259hrum edibl\u0259r:\n<\/p>\n<p>\n  \u201cBiz atl\u0131y\u0131q, o piyada. H\u0259l\u0259 dey\u0259s\u0259n ne\u00e7\u0259 il 6 ay uzanacaq. M\u0259n \u00e7at\u0131ram, o qa\u00e7\u0131r. Ya\u015fl\u0131 adamam, daha i\u015fl\u0259y\u0259 d\u0259 bilmir\u0259m. Q\u0131z\u0131m bo\u015fan\u0131b, qay\u0131d\u0131b. Evd\u0259ki u\u015faq da x\u0259st\u0259. \u0130nan\u0131n, he\u00e7 n\u0259d\u0259n yar\u0131mam\u0131\u015fam. Ha s\u00fcr\u00fcn\u00fcr\u0259m, bir yer\u0259 \u00e7\u0131xa bilmir\u0259m\u201d.\n<\/p>\n<figure class=\"wp-block-image size-large\">\n  <img decoding=\"async\" src=\"https:\/\/www.meydan.tv\/az\/image_from_ios-9-jpg-4\/\" alt=\"image_from_ios (9).jpg\" class=\"wp-image-126688\"\/><figcaption>\n    Elmira H\u0259s\u0259novan\u0131n evi<br \/>\n  <\/figcaption><\/figure>\n<p>\n  E.H\u0259s\u0259nova deyir ki, art\u0131q \u00f6z s\u0259hh\u0259ti d\u0259 i\u015fl\u0259m\u0259y\u0259 imkan vermir. Sosial yard\u0131ma da m\u00fcraci\u0259t edib.\n<\/p>\n<p>\n  \u201cSiz\u0259 d\u00fc\u015fm\u00fcr\u201d, &#8211; cavab\u0131n\u0131 al\u0131b:\n<\/p>\n<p>\n  \u201cBu \u00f6lk\u0259d\u0259 bizim \u0259limiz h\u0259r \u015feyd\u0259n \u00fcz\u00fcl\u00fcb, b\u0259db\u0259xt olmu\u015fuq. Ya\u015fl\u0131 adamam, gedib harada i\u015fl\u0259yim, n\u0259 edim, bilmir\u0259m. Ev d\u0259 bir t\u0259r\u0259fd\u0259n u\u00e7ub-da\u011f\u0131l\u0131r. Qalm\u0131\u015fam bel\u0259. Biz s\u0259h\u0259r n\u0259 yey\u0259c\u0259yimizi bilmirik, qald\u0131 ki, ev t\u0259mir ed\u0259k. Buna \u00fcmumiyy\u0259tl\u0259, imkan\u0131m\u0131z yoxdur. Evin h\u0259r yeri \u00e7\u00fcr\u00fcy\u00fcb. D\u00f6\u015f\u0259m\u0259y\u0259 ayaq bas\u0131rsan, i\u00e7\u0259ri bat\u0131r. Deyir\u0259m d\u0259, \u00e7\u00fcr\u00fcy\u00fcb. M\u0259n daha n\u0259 edim, bilmir\u0259m, \u00e7ar\u0259siz\u0259m. Ke\u00e7\u0259n d\u0259f\u0259 gec\u0259 yuxudan oyand\u0131m ki, \u00e7\u00f6l\u0259 \u00e7\u0131x\u0131m. Ne\u00e7\u0259 yerd\u0259 aya\u011f\u0131m d\u00f6\u015f\u0259m\u0259y\u0259 girdi. Normal kanalizasiya sistemi olsa, evl\u0259rin alt\u0131na su y\u0131\u011f\u0131lmaz\u201d.\n<\/p>\n<p>\n  \u015eikay\u0259t\u00e7i probleml\u0259 ba\u011fl\u0131 K\u00fcrd\u0259mir Rayon \u0130cra Hakimiyy\u0259tin\u0259, Prezident Administrasiyas\u0131na, Birinci vitse-prezident Mehriban \u018fliyevaya m\u0259ktublar yaz\u0131b. Deyir, baxan olmay\u0131b. He\u00e7 m\u0259ktublar\u0131na cavab da almay\u0131blar:\n<\/p>\n<p>\n  \u201cXahi\u015f edir\u0259m, ya biz\u0259 normal bir \u015f\u0259rait yarats\u0131nlar, i\u015fl\u0259y\u0259k, pensiya alaq, dolanaq, ehtiyaclar\u0131m\u0131za ver\u0259k, ya da evimizi t\u0259mir etdirsinl\u0259r. \u0130nan\u0131n, dolana bilmirik. Ham\u0131 sevinir ki, maa\u015flar artd\u0131, v\u0259ziyy\u0259t d\u00fcz\u0259l\u0259c\u0259k. Vallah, i\u015fsiz\u0259, biz\u0259 n\u0259 aidiyyat\u0131? Biz s\u00fcr\u00fcn\u00fcr\u00fck, ya\u015fam\u0131r\u0131q\u201d.\n<\/p>\n<figure class=\"wp-block-image size-large\">\n  <img decoding=\"async\" src=\"https:\/\/www.meydan.tv\/az\/image_from_ios-8-jpg-7\/\" alt=\"image_from_ios (8).jpg\" class=\"wp-image-126691\"\/><figcaption>\n    Elmira H\u0259s\u0259nova<br \/>\n  <\/figcaption><\/figure>\n<p>\n  K\u00fcrd\u0259mir Rayon \u0130cra Hakimiyy\u0259tind\u0259n Meydan TV-y\u0259 bildirilib ki, onlar\u0131n q\u0259zal\u0131 evl\u0259ri t\u0259mir etm\u0259k v\u0259 yaxud yeni ev tikm\u0259k imkanlar\u0131 yoxdur. Ancaq yen\u0259 d\u0259 yerli F\u00f6vq\u0259lad\u0259 Hallar Komissiyas\u0131na m\u00fcraci\u0259t edilm\u0259lidir:\n<\/p>\n<p>\n  \u201cKomissiya baxs\u0131n, b\u0259lk\u0259 he\u00e7 q\u0259zal\u0131 deyil. Onlar\u0131n dem\u0259si il\u0259 olmur b\u0259z\u0259n. \u0130nsanlar \u015fi\u015firtm\u0259yi sevirl\u0259r. Q\u0259zal\u0131 dedikl\u0259ri evl\u0259r \u00e7ox vaxt y\u00fcng\u00fclvari problemli olur. \u0130\u015fsizliy\u0259 g\u0259linc\u0259, M\u0259\u015f\u011fulluq M\u0259rk\u0259zin\u0259 m\u00fcraci\u0259t etsinl\u0259r. M\u0259rk\u0259z i\u015f tapmaqda k\u00f6m\u0259k ed\u0259r\u201d.<\/p>\n","protected":false},"excerpt":{"rendered":"<p>Normal kanalizasiya sistemi olmad\u0131\u011f\u0131ndan evimiz \u00e7\u00fcr\u00fcy\u00fcb, t\u00f6k\u00fcl\u00fcr<\/p>\n","protected":false},"author":11,"featured_media":126685,"comment_status":"closed","ping_status":"open","sticky":false,"template":"","format":"standard","meta":{"_acf_changed":false,"_sitemap_exclude":false,"_sitemap_priority":"","_sitemap_frequency":"","footnotes":""},"categories":[60],"tags":[],"class_list":["post-196165","post","type-post","status-publish","format-standard","has-post-thumbnail","hentry","category-bolge","infinite-scroll-item","generate-columns","tablet-grid-50","mobile-grid-100","grid-parent","grid-33","no-featured-image-padding"],"acf":[],"yoast_head":"<!-- This site is optimized with the Yoast SEO plugin v27.4 - https:\/\/yoast.com\/product\/yoast-seo-wordpress\/ -->\n<title>&#039;&#039;Bu \u00f6lk\u0259d\u0259 \u0259limiz h\u0259r \u015feyd\u0259n \u00fcz\u00fcl\u00fcb, b\u0259db\u0259xt olmu\u015fuq&#039;&#039; - MEYDAN.TV<\/title>\n<meta name=\"robots\" content=\"index, follow, max-snippet:-1, max-image-preview:large, max-video-preview:-1\" \/>\n<link rel=\"canonical\" href=\"https:\/\/www.meydan.tv\/az\/article\/bu-olkede-elimiz-her-seyden-uzulub-bedbext-olmusuq\/\" \/>\n<meta property=\"og:locale\" content=\"az_AZ\" \/>\n<meta property=\"og:type\" content=\"article\" \/>\n<meta property=\"og:title\" content=\"&#039;&#039;Bu \u00f6lk\u0259d\u0259 \u0259limiz h\u0259r \u015feyd\u0259n \u00fcz\u00fcl\u00fcb, b\u0259db\u0259xt olmu\u015fuq&#039;&#039; - MEYDAN.TV\" \/>\n<meta property=\"og:description\" content=\"Normal kanalizasiya sistemi olmad\u0131\u011f\u0131ndan evimiz \u00e7\u00fcr\u00fcy\u00fcb, t\u00f6k\u00fcl\u00fcr\" \/>\n<meta property=\"og:url\" content=\"https:\/\/www.meydan.tv\/az\/article\/bu-olkede-elimiz-her-seyden-uzulub-bedbext-olmusuq\/\" \/>\n<meta property=\"og:site_name\" content=\"MEYDAN.TV\" \/>\n<meta property=\"article:published_time\" content=\"2019-07-12T10:17:47+00:00\" \/>\n<meta property=\"og:image\" content=\"https:\/\/www.meydan.tv\/wp-content\/uploads\/image_from_ios_4_92l5nvt-scaled.jpg\" \/>\n\t<meta property=\"og:image:width\" content=\"2560\" \/>\n\t<meta property=\"og:image:height\" content=\"1920\" \/>\n\t<meta property=\"og:image:type\" content=\"image\/jpeg\" \/>\n<meta name=\"author\" content=\"user-manager\" \/>\n<meta name=\"twitter:card\" content=\"summary_large_image\" \/>\n<script type=\"application\/ld+json\" class=\"yoast-schema-graph\">{\"@context\":\"https:\\\/\\\/schema.org\",\"@graph\":[{\"@type\":\"Article\",\"@id\":\"https:\\\/\\\/www.meydan.tv\\\/az\\\/article\\\/bu-olkede-elimiz-her-seyden-uzulub-bedbext-olmusuq\\\/#article\",\"isPartOf\":{\"@id\":\"https:\\\/\\\/www.meydan.tv\\\/az\\\/article\\\/bu-olkede-elimiz-her-seyden-uzulub-bedbext-olmusuq\\\/\"},\"author\":{\"name\":\"user-manager\",\"@id\":\"https:\\\/\\\/www.meydan.tv\\\/az\\\/#\\\/schema\\\/person\\\/10d11eccf6da3662cf5fdab9806ea91a\"},\"headline\":\"&#8221;Bu \u00f6lk\u0259d\u0259 \u0259limiz h\u0259r \u015feyd\u0259n \u00fcz\u00fcl\u00fcb, b\u0259db\u0259xt olmu\u015fuq&#8221;\",\"datePublished\":\"2019-07-12T10:17:47+00:00\",\"mainEntityOfPage\":{\"@id\":\"https:\\\/\\\/www.meydan.tv\\\/az\\\/article\\\/bu-olkede-elimiz-her-seyden-uzulub-bedbext-olmusuq\\\/\"},\"wordCount\":761,\"publisher\":{\"@id\":\"https:\\\/\\\/www.meydan.tv\\\/az\\\/#organization\"},\"image\":{\"@id\":\"https:\\\/\\\/www.meydan.tv\\\/az\\\/article\\\/bu-olkede-elimiz-her-seyden-uzulub-bedbext-olmusuq\\\/#primaryimage\"},\"thumbnailUrl\":\"https:\\\/\\\/www.meydan.tv\\\/wp-content\\\/uploads\\\/image_from_ios_4_92l5nvt-scaled.jpg\",\"articleSection\":[\"B\u00f6lg\u0259\"],\"inLanguage\":\"az\"},{\"@type\":\"WebPage\",\"@id\":\"https:\\\/\\\/www.meydan.tv\\\/az\\\/article\\\/bu-olkede-elimiz-her-seyden-uzulub-bedbext-olmusuq\\\/\",\"url\":\"https:\\\/\\\/www.meydan.tv\\\/az\\\/article\\\/bu-olkede-elimiz-her-seyden-uzulub-bedbext-olmusuq\\\/\",\"name\":\"''Bu \u00f6lk\u0259d\u0259 \u0259limiz h\u0259r \u015feyd\u0259n \u00fcz\u00fcl\u00fcb, b\u0259db\u0259xt olmu\u015fuq'' - MEYDAN.TV\",\"isPartOf\":{\"@id\":\"https:\\\/\\\/www.meydan.tv\\\/az\\\/#website\"},\"primaryImageOfPage\":{\"@id\":\"https:\\\/\\\/www.meydan.tv\\\/az\\\/article\\\/bu-olkede-elimiz-her-seyden-uzulub-bedbext-olmusuq\\\/#primaryimage\"},\"image\":{\"@id\":\"https:\\\/\\\/www.meydan.tv\\\/az\\\/article\\\/bu-olkede-elimiz-her-seyden-uzulub-bedbext-olmusuq\\\/#primaryimage\"},\"thumbnailUrl\":\"https:\\\/\\\/www.meydan.tv\\\/wp-content\\\/uploads\\\/image_from_ios_4_92l5nvt-scaled.jpg\",\"datePublished\":\"2019-07-12T10:17:47+00:00\",\"breadcrumb\":{\"@id\":\"https:\\\/\\\/www.meydan.tv\\\/az\\\/article\\\/bu-olkede-elimiz-her-seyden-uzulub-bedbext-olmusuq\\\/#breadcrumb\"},\"inLanguage\":\"az\",\"potentialAction\":[{\"@type\":\"ReadAction\",\"target\":[\"https:\\\/\\\/www.meydan.tv\\\/az\\\/article\\\/bu-olkede-elimiz-her-seyden-uzulub-bedbext-olmusuq\\\/\"]}]},{\"@type\":\"ImageObject\",\"inLanguage\":\"az\",\"@id\":\"https:\\\/\\\/www.meydan.tv\\\/az\\\/article\\\/bu-olkede-elimiz-her-seyden-uzulub-bedbext-olmusuq\\\/#primaryimage\",\"url\":\"https:\\\/\\\/www.meydan.tv\\\/wp-content\\\/uploads\\\/image_from_ios_4_92l5nvt-scaled.jpg\",\"contentUrl\":\"https:\\\/\\\/www.meydan.tv\\\/wp-content\\\/uploads\\\/image_from_ios_4_92l5nvt-scaled.jpg\",\"width\":2560,\"height\":1920,\"caption\":\"Source: meydan tv\"},{\"@type\":\"BreadcrumbList\",\"@id\":\"https:\\\/\\\/www.meydan.tv\\\/az\\\/article\\\/bu-olkede-elimiz-her-seyden-uzulub-bedbext-olmusuq\\\/#breadcrumb\",\"itemListElement\":[{\"@type\":\"ListItem\",\"position\":1,\"name\":\"Ana s\u0259hif\u0259\",\"item\":\"https:\\\/\\\/www.meydan.tv\\\/az\\\/\"},{\"@type\":\"ListItem\",\"position\":2,\"name\":\"B\u00f6lg\u0259\",\"item\":\"https:\\\/\\\/www.meydan.tv\\\/az\\\/section\\\/bolge\\\/\"},{\"@type\":\"ListItem\",\"position\":3,\"name\":\"&#8221;Bu \u00f6lk\u0259d\u0259 \u0259limiz h\u0259r \u015feyd\u0259n \u00fcz\u00fcl\u00fcb, b\u0259db\u0259xt olmu\u015fuq&#8221;\"}]},{\"@type\":\"WebSite\",\"@id\":\"https:\\\/\\\/www.meydan.tv\\\/az\\\/#website\",\"url\":\"https:\\\/\\\/www.meydan.tv\\\/az\\\/\",\"name\":\"MEYDAN.TV\",\"description\":\"Meydan TV Az\u0259rbaycan\u0131n media m\u0259kan\u0131ndak\u0131 alternativ s\u0259sidir\",\"publisher\":{\"@id\":\"https:\\\/\\\/www.meydan.tv\\\/az\\\/#organization\"},\"potentialAction\":[{\"@type\":\"SearchAction\",\"target\":{\"@type\":\"EntryPoint\",\"urlTemplate\":\"https:\\\/\\\/www.meydan.tv\\\/az\\\/?s={search_term_string}\"},\"query-input\":{\"@type\":\"PropertyValueSpecification\",\"valueRequired\":true,\"valueName\":\"search_term_string\"}}],\"inLanguage\":\"az\"},{\"@type\":\"Organization\",\"@id\":\"https:\\\/\\\/www.meydan.tv\\\/az\\\/#organization\",\"name\":\"Meydan TV\",\"url\":\"https:\\\/\\\/www.meydan.tv\\\/az\\\/\",\"logo\":{\"@type\":\"ImageObject\",\"inLanguage\":\"az\",\"@id\":\"https:\\\/\\\/www.meydan.tv\\\/az\\\/#\\\/schema\\\/logo\\\/image\\\/\",\"url\":\"https:\\\/\\\/www.meydan.tv\\\/wp-content\\\/uploads\\\/2021\\\/07\\\/meydan-logo.svg\",\"contentUrl\":\"https:\\\/\\\/www.meydan.tv\\\/wp-content\\\/uploads\\\/2021\\\/07\\\/meydan-logo.svg\",\"width\":195,\"height\":46,\"caption\":\"Meydan TV\"},\"image\":{\"@id\":\"https:\\\/\\\/www.meydan.tv\\\/az\\\/#\\\/schema\\\/logo\\\/image\\\/\"}},{\"@type\":\"Person\",\"@id\":\"https:\\\/\\\/www.meydan.tv\\\/az\\\/#\\\/schema\\\/person\\\/10d11eccf6da3662cf5fdab9806ea91a\",\"name\":\"user-manager\"}]}<\/script>\n<!-- \/ Yoast SEO plugin. -->","yoast_head_json":{"title":"''Bu \u00f6lk\u0259d\u0259 \u0259limiz h\u0259r \u015feyd\u0259n \u00fcz\u00fcl\u00fcb, b\u0259db\u0259xt olmu\u015fuq'' - MEYDAN.TV","robots":{"index":"index","follow":"follow","max-snippet":"max-snippet:-1","max-image-preview":"max-image-preview:large","max-video-preview":"max-video-preview:-1"},"canonical":"https:\/\/www.meydan.tv\/az\/article\/bu-olkede-elimiz-her-seyden-uzulub-bedbext-olmusuq\/","og_locale":"az_AZ","og_type":"article","og_title":"''Bu \u00f6lk\u0259d\u0259 \u0259limiz h\u0259r \u015feyd\u0259n \u00fcz\u00fcl\u00fcb, b\u0259db\u0259xt olmu\u015fuq'' - MEYDAN.TV","og_description":"Normal kanalizasiya sistemi olmad\u0131\u011f\u0131ndan evimiz \u00e7\u00fcr\u00fcy\u00fcb, t\u00f6k\u00fcl\u00fcr","og_url":"https:\/\/www.meydan.tv\/az\/article\/bu-olkede-elimiz-her-seyden-uzulub-bedbext-olmusuq\/","og_site_name":"MEYDAN.TV","article_published_time":"2019-07-12T10:17:47+00:00","og_image":[{"width":2560,"height":1920,"url":"https:\/\/www.meydan.tv\/wp-content\/uploads\/image_from_ios_4_92l5nvt-scaled.jpg","type":"image\/jpeg"}],"author":"user-manager","twitter_card":"summary_large_image","schema":{"@context":"https:\/\/schema.org","@graph":[{"@type":"Article","@id":"https:\/\/www.meydan.tv\/az\/article\/bu-olkede-elimiz-her-seyden-uzulub-bedbext-olmusuq\/#article","isPartOf":{"@id":"https:\/\/www.meydan.tv\/az\/article\/bu-olkede-elimiz-her-seyden-uzulub-bedbext-olmusuq\/"},"author":{"name":"user-manager","@id":"https:\/\/www.meydan.tv\/az\/#\/schema\/person\/10d11eccf6da3662cf5fdab9806ea91a"},"headline":"&#8221;Bu \u00f6lk\u0259d\u0259 \u0259limiz h\u0259r \u015feyd\u0259n \u00fcz\u00fcl\u00fcb, b\u0259db\u0259xt olmu\u015fuq&#8221;","datePublished":"2019-07-12T10:17:47+00:00","mainEntityOfPage":{"@id":"https:\/\/www.meydan.tv\/az\/article\/bu-olkede-elimiz-her-seyden-uzulub-bedbext-olmusuq\/"},"wordCount":761,"publisher":{"@id":"https:\/\/www.meydan.tv\/az\/#organization"},"image":{"@id":"https:\/\/www.meydan.tv\/az\/article\/bu-olkede-elimiz-her-seyden-uzulub-bedbext-olmusuq\/#primaryimage"},"thumbnailUrl":"https:\/\/www.meydan.tv\/wp-content\/uploads\/image_from_ios_4_92l5nvt-scaled.jpg","articleSection":["B\u00f6lg\u0259"],"inLanguage":"az"},{"@type":"WebPage","@id":"https:\/\/www.meydan.tv\/az\/article\/bu-olkede-elimiz-her-seyden-uzulub-bedbext-olmusuq\/","url":"https:\/\/www.meydan.tv\/az\/article\/bu-olkede-elimiz-her-seyden-uzulub-bedbext-olmusuq\/","name":"''Bu \u00f6lk\u0259d\u0259 \u0259limiz h\u0259r \u015feyd\u0259n \u00fcz\u00fcl\u00fcb, b\u0259db\u0259xt olmu\u015fuq'' - MEYDAN.TV","isPartOf":{"@id":"https:\/\/www.meydan.tv\/az\/#website"},"primaryImageOfPage":{"@id":"https:\/\/www.meydan.tv\/az\/article\/bu-olkede-elimiz-her-seyden-uzulub-bedbext-olmusuq\/#primaryimage"},"image":{"@id":"https:\/\/www.meydan.tv\/az\/article\/bu-olkede-elimiz-her-seyden-uzulub-bedbext-olmusuq\/#primaryimage"},"thumbnailUrl":"https:\/\/www.meydan.tv\/wp-content\/uploads\/image_from_ios_4_92l5nvt-scaled.jpg","datePublished":"2019-07-12T10:17:47+00:00","breadcrumb":{"@id":"https:\/\/www.meydan.tv\/az\/article\/bu-olkede-elimiz-her-seyden-uzulub-bedbext-olmusuq\/#breadcrumb"},"inLanguage":"az","potentialAction":[{"@type":"ReadAction","target":["https:\/\/www.meydan.tv\/az\/article\/bu-olkede-elimiz-her-seyden-uzulub-bedbext-olmusuq\/"]}]},{"@type":"ImageObject","inLanguage":"az","@id":"https:\/\/www.meydan.tv\/az\/article\/bu-olkede-elimiz-her-seyden-uzulub-bedbext-olmusuq\/#primaryimage","url":"https:\/\/www.meydan.tv\/wp-content\/uploads\/image_from_ios_4_92l5nvt-scaled.jpg","contentUrl":"https:\/\/www.meydan.tv\/wp-content\/uploads\/image_from_ios_4_92l5nvt-scaled.jpg","width":2560,"height":1920,"caption":"Source: meydan tv"},{"@type":"BreadcrumbList","@id":"https:\/\/www.meydan.tv\/az\/article\/bu-olkede-elimiz-her-seyden-uzulub-bedbext-olmusuq\/#breadcrumb","itemListElement":[{"@type":"ListItem","position":1,"name":"Ana s\u0259hif\u0259","item":"https:\/\/www.meydan.tv\/az\/"},{"@type":"ListItem","position":2,"name":"B\u00f6lg\u0259","item":"https:\/\/www.meydan.tv\/az\/section\/bolge\/"},{"@type":"ListItem","position":3,"name":"&#8221;Bu \u00f6lk\u0259d\u0259 \u0259limiz h\u0259r \u015feyd\u0259n \u00fcz\u00fcl\u00fcb, b\u0259db\u0259xt olmu\u015fuq&#8221;"}]},{"@type":"WebSite","@id":"https:\/\/www.meydan.tv\/az\/#website","url":"https:\/\/www.meydan.tv\/az\/","name":"MEYDAN.TV","description":"Meydan TV Az\u0259rbaycan\u0131n media m\u0259kan\u0131ndak\u0131 alternativ s\u0259sidir","publisher":{"@id":"https:\/\/www.meydan.tv\/az\/#organization"},"potentialAction":[{"@type":"SearchAction","target":{"@type":"EntryPoint","urlTemplate":"https:\/\/www.meydan.tv\/az\/?s={search_term_string}"},"query-input":{"@type":"PropertyValueSpecification","valueRequired":true,"valueName":"search_term_string"}}],"inLanguage":"az"},{"@type":"Organization","@id":"https:\/\/www.meydan.tv\/az\/#organization","name":"Meydan TV","url":"https:\/\/www.meydan.tv\/az\/","logo":{"@type":"ImageObject","inLanguage":"az","@id":"https:\/\/www.meydan.tv\/az\/#\/schema\/logo\/image\/","url":"https:\/\/www.meydan.tv\/wp-content\/uploads\/2021\/07\/meydan-logo.svg","contentUrl":"https:\/\/www.meydan.tv\/wp-content\/uploads\/2021\/07\/meydan-logo.svg","width":195,"height":46,"caption":"Meydan TV"},"image":{"@id":"https:\/\/www.meydan.tv\/az\/#\/schema\/logo\/image\/"}},{"@type":"Person","@id":"https:\/\/www.meydan.tv\/az\/#\/schema\/person\/10d11eccf6da3662cf5fdab9806ea91a","name":"user-manager"}]}},"_links":{"self":[{"href":"https:\/\/www.meydan.tv\/az\/wp-json\/wp\/v2\/posts\/196165","targetHints":{"allow":["GET"]}}],"collection":[{"href":"https:\/\/www.meydan.tv\/az\/wp-json\/wp\/v2\/posts"}],"about":[{"href":"https:\/\/www.meydan.tv\/az\/wp-json\/wp\/v2\/types\/post"}],"author":[{"embeddable":true,"href":"https:\/\/www.meydan.tv\/az\/wp-json\/wp\/v2\/users\/11"}],"replies":[{"embeddable":true,"href":"https:\/\/www.meydan.tv\/az\/wp-json\/wp\/v2\/comments?post=196165"}],"version-history":[{"count":0,"href":"https:\/\/www.meydan.tv\/az\/wp-json\/wp\/v2\/posts\/196165\/revisions"}],"wp:featuredmedia":[{"embeddable":true,"href":"https:\/\/www.meydan.tv\/az\/wp-json\/wp\/v2\/media\/126685"}],"wp:attachment":[{"href":"https:\/\/www.meydan.tv\/az\/wp-json\/wp\/v2\/media?parent=196165"}],"wp:term":[{"taxonomy":"category","embeddable":true,"href":"https:\/\/www.meydan.tv\/az\/wp-json\/wp\/v2\/categories?post=196165"},{"taxonomy":"post_tag","embeddable":true,"href":"https:\/\/www.meydan.tv\/az\/wp-json\/wp\/v2\/tags?post=196165"}],"curies":[{"name":"wp","href":"https:\/\/api.w.org\/{rel}","templated":true}]}}