{"id":196162,"date":"2019-07-12T09:37:30","date_gmt":"2019-07-12T09:37:30","guid":{"rendered":"https:\/\/www.meydan.tv\/article\/bergusadlilarin-yolsuzluq-derdi\/"},"modified":"2019-07-12T09:37:30","modified_gmt":"2019-07-12T09:37:30","slug":"bergusadlilarin-yolsuzluq-derdi","status":"publish","type":"post","link":"https:\/\/www.meydan.tv\/az\/article\/bergusadlilarin-yolsuzluq-derdi\/","title":{"rendered":"B\u0259rg\u00fc\u015fadl\u0131lar\u0131n yolsuzluq d\u0259rdi"},"content":{"rendered":"<p>\n  <i><br \/>\n    &#x27;&#x27;Biz h\u0259r \u015fey\u0259 g\u00f6r\u0259 Prezidenti narahat ed\u0259c\u0259yiks\u0259, onda bu strukturlar n\u0259 i\u015f\u0259 yaray\u0131r?&#x27;&#x27;<br \/>\n  <\/i>\n<\/p>\n<p>\n  \u201cH\u0259r g\u00fcn bu yoldan istifad\u0259 edir\u0259m. \u0130nan\u0131n, 2 g\u00fcnd\u0259nbir ma\u015f\u0131n\u0131m t\u0259mird\u0259dir, q\u0131r\u0131l\u0131r, t\u00f6k\u00fcl\u00fcr. H\u0259l\u0259 yax\u015f\u0131 ki, sovet ma\u015f\u0131n\u0131d\u0131r, xarici ma\u015f\u0131nlar\u0131n he\u00e7 d\u00f6z\u00fcm\u00fc olmur. Bura Ucar\u0131n \u0259n b\u00f6y\u00fck k\u0259ndl\u0259rind\u0259ndir. Yolu da n\u0259 az, n\u0259 \u00e7ox 10 kilometrd\u0259n \u00e7oxdur. Bu, 10 kilometrlik yolun ham\u0131s\u0131 d\u0259r\u0259-t\u0259p\u0259, \u00e7ala-\u00e7uxurdur. Televiziyalar deyir, b\u00f6lg\u0259l\u0259rd\u0259 b\u0259rbad k\u0259nd yolu qalmay\u0131b. Han\u0131, budur t\u0259mirli yol?\u201d\n<\/p>\n<p>\n  H\u0259r g\u00fcn B\u0259rg\u00fc\u015fad-Ba\u011fman yolundan istifad\u0259 ed\u0259n taksi s\u00fcr\u00fcc\u00fcs\u00fc \u015eahmar Sad\u0131qov bel\u0259 deyir.\n<\/p>\n<p>\n  Bildirir ki, sonuncu d\u0259f\u0259 yolun n\u0259 zaman t\u0259mir edildiyini xat\u0131rlam\u0131r. Yol \u00fcst\u00fcnd\u0259 olan b\u00fct\u00fcn k\u0259ndl\u0259rin sakinl\u0259ri d\u0259 \u0259ziyy\u0259t \u00e7\u0259kir:\n<\/p>\n<p>\n  \u201cM\u0259s\u0259l\u0259n, bu yol normal olsa, \u015f\u0259h\u0259r\u0259 adam\u0131n birini 2-3 manatdan apararam. Ancaq ma\u015f\u0131n tez-tez xarab olur dey\u0259, h\u0259m d\u0259 30 d\u0259qiq\u0259lik yolu 1 saata gedib \u00e7\u0131xd\u0131\u011f\u0131ma g\u00f6r\u0259 5-6 manata apar\u0131ram. \u0130nan\u0131n \u00fcr\u0259yim a\u011fr\u0131y\u0131r. Kas\u0131b insanlard\u0131r. B\u0259z\u0259n h\u0259kim\u0259 apar\u0131b-g\u0259tirir\u0259m. X\u0259st\u0259dir bilir\u0259m, amma ba\u015fqa neyl\u0259m\u0259k olar? \u00c7\u0259tindir. M\u0259nc\u0259, el\u0259 \u0259n birinci t\u0259mir olunmas\u0131 laz\u0131m olan k\u0259ndl\u0259rd\u0259n biridir\u201d.\n<\/p>\n<figure class=\"wp-block-image size-large\">\n  <img decoding=\"async\" src=\"https:\/\/www.meydan.tv\/az\/image_from_ios-1-jpg-36\/\" alt=\"image_from_ios (1).jpg\" class=\"wp-image-126679\"\/><figcaption>\n    B\u0259rg\u00fc\u015fad-Ba\u011fman yolu<br \/>\n  <\/figcaption><\/figure>\n<p>\n  B\u0259rg\u00fc\u015fad sakini Mahir\u0259 M\u0259mm\u0259dova h\u0259r g\u00fcn bu yolu gedib-g\u0259lir. Deyir, \u015f\u0259h\u0259rd\u0259 xadim\u0259 i\u015fl\u0259yir, k\u0259ndd\u0259 i\u015f yoxdur, m\u0259cburdur h\u0259r g\u00fcn gedib-g\u0259lsin:\n<\/p>\n<p>\n  \u201cTaksiyl\u0259 gedir\u0259m. K\u0259ndd\u0259n \u015f\u0259h\u0259r\u0259 taksil\u0259r i\u015fl\u0259yir. Yolun a\u011fz\u0131na q\u0259d\u0259r piyada gedir\u0259m ki, b\u0259lk\u0259 1 manat ucuz aparalar. \u0130nan\u0131n, 2 yerd\u0259 i\u015fl\u0259yir\u0259m. \u00dcmumi g\u0259lirim 350 manatd\u0131r. Yar\u0131s\u0131 yollara gedir. 5 n\u0259f\u0259rlik ail\u0259md\u0259 i\u015fl\u0259y\u0259n yegan\u0259 adamam. Yolda\u015f\u0131m is\u0259 160 manat pensiya al\u0131r. Birt\u0259h\u0259r dolan\u0131r\u0131q. Yol normal olsa, x\u0259rcim az \u00e7\u0131xar, piyada getm\u0259li olmaram. H\u0259l\u0259 pal\u00e7\u0131qdan dan\u0131\u015fm\u0131ram, inan\u0131n, g\u00f6z\u00fcm\u00fcn i\u00e7in\u0259d\u0259k pal\u00e7\u0131\u011fa bula\u015f\u0131ram\u201d.\n<\/p>\n<p>\n  M.M\u0259mm\u0259dova \u0259lav\u0259 edir ki, k\u0259ndd\u0259 ya\u015fasa da, mal\u0131-heyvan\u0131 yoxdur. \u018fkin-bi\u00e7inl\u0259 d\u0259 m\u0259\u015f\u011ful ola bilmir. H\u0259m x\u0259rc t\u0259l\u0259b edir, h\u0259m d\u0259 suvarma problemi ya\u015fay\u0131r:\n<\/p>\n<p>\n  \u201c\u0130\u015fl\u0259m\u0259kd\u0259n ba\u015fqa \u00e7ar\u0259m yoxdur. Gedib-g\u0259lm\u0259k d\u0259 z\u00fclmd\u00fcr. Can\u0131m\u0131zdan bezmi\u015fik. Taksil\u0259r baha, kas\u0131b\u00e7\u0131l\u0131q. \u0130nan\u0131n, maa\u015f\u0131m\u0131 al\u0131b xeyli hiss\u0259sini 1 manatl\u0131q edib, \u00e7antama at\u0131ram ki, yolpulum x\u0259rcl\u0259nib, getm\u0259sin. Yoxsa ged\u0259 bilm\u0259r\u0259m. \u0130\u015fimd\u0259n olsam, 5 n\u0259f\u0259r 160 manatla dolana bilm\u0259z\u201d.\n<\/p>\n<p>\n  Sakinl\u0259r bildirirl\u0259r ki, yollar\u0131n t\u0259miri il\u0259 ba\u011fl\u0131 d\u0259f\u0259l\u0259rl\u0259 Ucar Rayon \u0130cra Hakimiyy\u0259tin\u0259 m\u0259ktubla m\u00fcraci\u0259t edibl\u0259r:\n<\/p>\n<figure class=\"wp-block-image size-large\">\n  <img decoding=\"async\" src=\"https:\/\/www.meydan.tv\/az\/image_from_ios-jpg-69\/\" alt=\"image_from_ios.jpg\" class=\"wp-image-126676\"\/><figcaption>\n    K\u0259nd yolu<br \/>\n  <\/figcaption><\/figure>\n<p>\n  \u201cHe\u00e7 cavab da ala bilm\u0259mi\u015fik. Bir d\u0259f\u0259 d\u0259 y\u0131\u011f\u0131\u015f\u0131b getmi\u015fdik. Onda da dedil\u0259r ki, icra hakimiyy\u0259tinin yol \u00e7\u0259k\u0259c\u0259k q\u0259d\u0259r \u00e7ox pulu n\u0259 g\u0259zir? B\u0259s biz hara m\u00fcraci\u0259t ed\u0259k? \u0130cra hakimiyy\u0259ti v\u0259t\u0259nda\u015flar\u0131n probleml\u0259rini h\u0259ll ed\u0259n bir qurumdur d\u0259. \u0130cra ba\u015f\u00e7\u0131lar\u0131 prezidentin b\u00f6lg\u0259l\u0259rd\u0259ki k\u00f6m\u0259k\u00e7il\u0259ridir. Biz h\u0259r \u015fey\u0259 g\u00f6r\u0259 Prezidenti narahat ed\u0259c\u0259yiks\u0259, onda bu strukturlar n\u0259 i\u015f\u0259 yaray\u0131r? Bizim \u0259limizd\u0259n icra hakimiyy\u0259tin\u0259 m\u00fcraci\u0259t etm\u0259k g\u0259lir. \u00c7\u00fcnki \u0259limiz onlara \u00e7at\u0131r. Xahi\u015f edirik, bizim bu yolumuzla ba\u011fl\u0131 bir t\u0259dbir g\u00f6r\u00fcls\u00fcn\u201d \u2013 dey\u0259, B\u0259rg\u00fc\u015fad k\u0259ndinin sakinl\u0259ri bildirir.\n<\/p>\n<p>\n  Ucar Rayon \u0130cra Hakimiyy\u0259tinin \u00fcmumi \u015f\u00f6b\u0259sind\u0259n Meydan TV-y\u0259 bildirilib ki, k\u0259nd yollar\u0131n\u0131n \u00e7\u0259kilm\u0259si planda var. Sad\u0259c\u0259 i\u015fl\u0259r m\u0259rh\u0259l\u0259li \u015f\u0259kild\u0259 h\u0259yata ke\u00e7irilir. Zamanla he\u00e7 bir k\u0259ndd\u0259 t\u0259mirsiz yol qalmayacaq:\n<\/p>\n<p>\n  \u201c\u0130nsanlar da bir az s\u0259brli olsunlar. \u0130\u015f gedir, g\u0259l\u0259c\u0259kd\u0259 yollarla ba\u011fl\u0131 problem qalmayacaq\u201d.<\/p>\n","protected":false},"excerpt":{"rendered":"<p>Biz h\u0259r \u015fey\u0259 g\u00f6r\u0259 Prezidenti narahat ed\u0259c\u0259yiks\u0259, onda bu strukturlar n\u0259 i\u015f\u0259 yaray\u0131r?<\/p>\n","protected":false},"author":11,"featured_media":126682,"comment_status":"closed","ping_status":"open","sticky":false,"template":"","format":"standard","meta":{"_acf_changed":false,"_sitemap_exclude":false,"_sitemap_priority":"","_sitemap_frequency":"","footnotes":""},"categories":[60],"tags":[],"class_list":["post-196162","post","type-post","status-publish","format-standard","has-post-thumbnail","hentry","category-bolge","infinite-scroll-item","generate-columns","tablet-grid-50","mobile-grid-100","grid-parent","grid-33","no-featured-image-padding"],"acf":[],"yoast_head":"<!-- This site is optimized with the Yoast SEO plugin v27.4 - https:\/\/yoast.com\/product\/yoast-seo-wordpress\/ -->\n<title>B\u0259rg\u00fc\u015fadl\u0131lar\u0131n yolsuzluq d\u0259rdi - MEYDAN.TV<\/title>\n<meta name=\"robots\" content=\"index, follow, max-snippet:-1, max-image-preview:large, max-video-preview:-1\" \/>\n<link rel=\"canonical\" href=\"https:\/\/www.meydan.tv\/az\/article\/bergusadlilarin-yolsuzluq-derdi\/\" \/>\n<meta property=\"og:locale\" content=\"az_AZ\" \/>\n<meta property=\"og:type\" content=\"article\" \/>\n<meta property=\"og:title\" content=\"B\u0259rg\u00fc\u015fadl\u0131lar\u0131n yolsuzluq d\u0259rdi - MEYDAN.TV\" \/>\n<meta property=\"og:description\" content=\"Biz h\u0259r \u015fey\u0259 g\u00f6r\u0259 Prezidenti narahat ed\u0259c\u0259yiks\u0259, onda bu strukturlar n\u0259 i\u015f\u0259 yaray\u0131r?\" \/>\n<meta property=\"og:url\" content=\"https:\/\/www.meydan.tv\/az\/article\/bergusadlilarin-yolsuzluq-derdi\/\" \/>\n<meta property=\"og:site_name\" content=\"MEYDAN.TV\" \/>\n<meta property=\"article:published_time\" content=\"2019-07-12T09:37:30+00:00\" \/>\n<meta property=\"og:image\" content=\"https:\/\/www.meydan.tv\/wp-content\/uploads\/image_from_ios_2_ztu9frv-scaled.jpg\" \/>\n\t<meta property=\"og:image:width\" content=\"2560\" \/>\n\t<meta property=\"og:image:height\" content=\"1920\" \/>\n\t<meta property=\"og:image:type\" content=\"image\/jpeg\" \/>\n<meta name=\"author\" content=\"user-manager\" \/>\n<meta name=\"twitter:card\" content=\"summary_large_image\" \/>\n<script type=\"application\/ld+json\" class=\"yoast-schema-graph\">{\"@context\":\"https:\\\/\\\/schema.org\",\"@graph\":[{\"@type\":\"Article\",\"@id\":\"https:\\\/\\\/www.meydan.tv\\\/az\\\/article\\\/bergusadlilarin-yolsuzluq-derdi\\\/#article\",\"isPartOf\":{\"@id\":\"https:\\\/\\\/www.meydan.tv\\\/az\\\/article\\\/bergusadlilarin-yolsuzluq-derdi\\\/\"},\"author\":{\"name\":\"user-manager\",\"@id\":\"https:\\\/\\\/www.meydan.tv\\\/az\\\/#\\\/schema\\\/person\\\/10d11eccf6da3662cf5fdab9806ea91a\"},\"headline\":\"B\u0259rg\u00fc\u015fadl\u0131lar\u0131n yolsuzluq d\u0259rdi\",\"datePublished\":\"2019-07-12T09:37:30+00:00\",\"mainEntityOfPage\":{\"@id\":\"https:\\\/\\\/www.meydan.tv\\\/az\\\/article\\\/bergusadlilarin-yolsuzluq-derdi\\\/\"},\"wordCount\":738,\"publisher\":{\"@id\":\"https:\\\/\\\/www.meydan.tv\\\/az\\\/#organization\"},\"image\":{\"@id\":\"https:\\\/\\\/www.meydan.tv\\\/az\\\/article\\\/bergusadlilarin-yolsuzluq-derdi\\\/#primaryimage\"},\"thumbnailUrl\":\"https:\\\/\\\/www.meydan.tv\\\/wp-content\\\/uploads\\\/image_from_ios_2_ztu9frv-scaled.jpg\",\"articleSection\":[\"B\u00f6lg\u0259\"],\"inLanguage\":\"az\"},{\"@type\":\"WebPage\",\"@id\":\"https:\\\/\\\/www.meydan.tv\\\/az\\\/article\\\/bergusadlilarin-yolsuzluq-derdi\\\/\",\"url\":\"https:\\\/\\\/www.meydan.tv\\\/az\\\/article\\\/bergusadlilarin-yolsuzluq-derdi\\\/\",\"name\":\"B\u0259rg\u00fc\u015fadl\u0131lar\u0131n yolsuzluq d\u0259rdi - MEYDAN.TV\",\"isPartOf\":{\"@id\":\"https:\\\/\\\/www.meydan.tv\\\/az\\\/#website\"},\"primaryImageOfPage\":{\"@id\":\"https:\\\/\\\/www.meydan.tv\\\/az\\\/article\\\/bergusadlilarin-yolsuzluq-derdi\\\/#primaryimage\"},\"image\":{\"@id\":\"https:\\\/\\\/www.meydan.tv\\\/az\\\/article\\\/bergusadlilarin-yolsuzluq-derdi\\\/#primaryimage\"},\"thumbnailUrl\":\"https:\\\/\\\/www.meydan.tv\\\/wp-content\\\/uploads\\\/image_from_ios_2_ztu9frv-scaled.jpg\",\"datePublished\":\"2019-07-12T09:37:30+00:00\",\"breadcrumb\":{\"@id\":\"https:\\\/\\\/www.meydan.tv\\\/az\\\/article\\\/bergusadlilarin-yolsuzluq-derdi\\\/#breadcrumb\"},\"inLanguage\":\"az\",\"potentialAction\":[{\"@type\":\"ReadAction\",\"target\":[\"https:\\\/\\\/www.meydan.tv\\\/az\\\/article\\\/bergusadlilarin-yolsuzluq-derdi\\\/\"]}]},{\"@type\":\"ImageObject\",\"inLanguage\":\"az\",\"@id\":\"https:\\\/\\\/www.meydan.tv\\\/az\\\/article\\\/bergusadlilarin-yolsuzluq-derdi\\\/#primaryimage\",\"url\":\"https:\\\/\\\/www.meydan.tv\\\/wp-content\\\/uploads\\\/image_from_ios_2_ztu9frv-scaled.jpg\",\"contentUrl\":\"https:\\\/\\\/www.meydan.tv\\\/wp-content\\\/uploads\\\/image_from_ios_2_ztu9frv-scaled.jpg\",\"width\":2560,\"height\":1920,\"caption\":\"Source: meydan tv\"},{\"@type\":\"BreadcrumbList\",\"@id\":\"https:\\\/\\\/www.meydan.tv\\\/az\\\/article\\\/bergusadlilarin-yolsuzluq-derdi\\\/#breadcrumb\",\"itemListElement\":[{\"@type\":\"ListItem\",\"position\":1,\"name\":\"Ana s\u0259hif\u0259\",\"item\":\"https:\\\/\\\/www.meydan.tv\\\/az\\\/\"},{\"@type\":\"ListItem\",\"position\":2,\"name\":\"B\u00f6lg\u0259\",\"item\":\"https:\\\/\\\/www.meydan.tv\\\/az\\\/section\\\/bolge\\\/\"},{\"@type\":\"ListItem\",\"position\":3,\"name\":\"B\u0259rg\u00fc\u015fadl\u0131lar\u0131n yolsuzluq d\u0259rdi\"}]},{\"@type\":\"WebSite\",\"@id\":\"https:\\\/\\\/www.meydan.tv\\\/az\\\/#website\",\"url\":\"https:\\\/\\\/www.meydan.tv\\\/az\\\/\",\"name\":\"MEYDAN.TV\",\"description\":\"Meydan TV Az\u0259rbaycan\u0131n media m\u0259kan\u0131ndak\u0131 alternativ s\u0259sidir\",\"publisher\":{\"@id\":\"https:\\\/\\\/www.meydan.tv\\\/az\\\/#organization\"},\"potentialAction\":[{\"@type\":\"SearchAction\",\"target\":{\"@type\":\"EntryPoint\",\"urlTemplate\":\"https:\\\/\\\/www.meydan.tv\\\/az\\\/?s={search_term_string}\"},\"query-input\":{\"@type\":\"PropertyValueSpecification\",\"valueRequired\":true,\"valueName\":\"search_term_string\"}}],\"inLanguage\":\"az\"},{\"@type\":\"Organization\",\"@id\":\"https:\\\/\\\/www.meydan.tv\\\/az\\\/#organization\",\"name\":\"Meydan TV\",\"url\":\"https:\\\/\\\/www.meydan.tv\\\/az\\\/\",\"logo\":{\"@type\":\"ImageObject\",\"inLanguage\":\"az\",\"@id\":\"https:\\\/\\\/www.meydan.tv\\\/az\\\/#\\\/schema\\\/logo\\\/image\\\/\",\"url\":\"https:\\\/\\\/www.meydan.tv\\\/wp-content\\\/uploads\\\/2021\\\/07\\\/meydan-logo.svg\",\"contentUrl\":\"https:\\\/\\\/www.meydan.tv\\\/wp-content\\\/uploads\\\/2021\\\/07\\\/meydan-logo.svg\",\"width\":195,\"height\":46,\"caption\":\"Meydan TV\"},\"image\":{\"@id\":\"https:\\\/\\\/www.meydan.tv\\\/az\\\/#\\\/schema\\\/logo\\\/image\\\/\"}},{\"@type\":\"Person\",\"@id\":\"https:\\\/\\\/www.meydan.tv\\\/az\\\/#\\\/schema\\\/person\\\/10d11eccf6da3662cf5fdab9806ea91a\",\"name\":\"user-manager\"}]}<\/script>\n<!-- \/ Yoast SEO plugin. -->","yoast_head_json":{"title":"B\u0259rg\u00fc\u015fadl\u0131lar\u0131n yolsuzluq d\u0259rdi - MEYDAN.TV","robots":{"index":"index","follow":"follow","max-snippet":"max-snippet:-1","max-image-preview":"max-image-preview:large","max-video-preview":"max-video-preview:-1"},"canonical":"https:\/\/www.meydan.tv\/az\/article\/bergusadlilarin-yolsuzluq-derdi\/","og_locale":"az_AZ","og_type":"article","og_title":"B\u0259rg\u00fc\u015fadl\u0131lar\u0131n yolsuzluq d\u0259rdi - MEYDAN.TV","og_description":"Biz h\u0259r \u015fey\u0259 g\u00f6r\u0259 Prezidenti narahat ed\u0259c\u0259yiks\u0259, onda bu strukturlar n\u0259 i\u015f\u0259 yaray\u0131r?","og_url":"https:\/\/www.meydan.tv\/az\/article\/bergusadlilarin-yolsuzluq-derdi\/","og_site_name":"MEYDAN.TV","article_published_time":"2019-07-12T09:37:30+00:00","og_image":[{"width":2560,"height":1920,"url":"https:\/\/www.meydan.tv\/wp-content\/uploads\/image_from_ios_2_ztu9frv-scaled.jpg","type":"image\/jpeg"}],"author":"user-manager","twitter_card":"summary_large_image","schema":{"@context":"https:\/\/schema.org","@graph":[{"@type":"Article","@id":"https:\/\/www.meydan.tv\/az\/article\/bergusadlilarin-yolsuzluq-derdi\/#article","isPartOf":{"@id":"https:\/\/www.meydan.tv\/az\/article\/bergusadlilarin-yolsuzluq-derdi\/"},"author":{"name":"user-manager","@id":"https:\/\/www.meydan.tv\/az\/#\/schema\/person\/10d11eccf6da3662cf5fdab9806ea91a"},"headline":"B\u0259rg\u00fc\u015fadl\u0131lar\u0131n yolsuzluq d\u0259rdi","datePublished":"2019-07-12T09:37:30+00:00","mainEntityOfPage":{"@id":"https:\/\/www.meydan.tv\/az\/article\/bergusadlilarin-yolsuzluq-derdi\/"},"wordCount":738,"publisher":{"@id":"https:\/\/www.meydan.tv\/az\/#organization"},"image":{"@id":"https:\/\/www.meydan.tv\/az\/article\/bergusadlilarin-yolsuzluq-derdi\/#primaryimage"},"thumbnailUrl":"https:\/\/www.meydan.tv\/wp-content\/uploads\/image_from_ios_2_ztu9frv-scaled.jpg","articleSection":["B\u00f6lg\u0259"],"inLanguage":"az"},{"@type":"WebPage","@id":"https:\/\/www.meydan.tv\/az\/article\/bergusadlilarin-yolsuzluq-derdi\/","url":"https:\/\/www.meydan.tv\/az\/article\/bergusadlilarin-yolsuzluq-derdi\/","name":"B\u0259rg\u00fc\u015fadl\u0131lar\u0131n yolsuzluq d\u0259rdi - MEYDAN.TV","isPartOf":{"@id":"https:\/\/www.meydan.tv\/az\/#website"},"primaryImageOfPage":{"@id":"https:\/\/www.meydan.tv\/az\/article\/bergusadlilarin-yolsuzluq-derdi\/#primaryimage"},"image":{"@id":"https:\/\/www.meydan.tv\/az\/article\/bergusadlilarin-yolsuzluq-derdi\/#primaryimage"},"thumbnailUrl":"https:\/\/www.meydan.tv\/wp-content\/uploads\/image_from_ios_2_ztu9frv-scaled.jpg","datePublished":"2019-07-12T09:37:30+00:00","breadcrumb":{"@id":"https:\/\/www.meydan.tv\/az\/article\/bergusadlilarin-yolsuzluq-derdi\/#breadcrumb"},"inLanguage":"az","potentialAction":[{"@type":"ReadAction","target":["https:\/\/www.meydan.tv\/az\/article\/bergusadlilarin-yolsuzluq-derdi\/"]}]},{"@type":"ImageObject","inLanguage":"az","@id":"https:\/\/www.meydan.tv\/az\/article\/bergusadlilarin-yolsuzluq-derdi\/#primaryimage","url":"https:\/\/www.meydan.tv\/wp-content\/uploads\/image_from_ios_2_ztu9frv-scaled.jpg","contentUrl":"https:\/\/www.meydan.tv\/wp-content\/uploads\/image_from_ios_2_ztu9frv-scaled.jpg","width":2560,"height":1920,"caption":"Source: meydan tv"},{"@type":"BreadcrumbList","@id":"https:\/\/www.meydan.tv\/az\/article\/bergusadlilarin-yolsuzluq-derdi\/#breadcrumb","itemListElement":[{"@type":"ListItem","position":1,"name":"Ana s\u0259hif\u0259","item":"https:\/\/www.meydan.tv\/az\/"},{"@type":"ListItem","position":2,"name":"B\u00f6lg\u0259","item":"https:\/\/www.meydan.tv\/az\/section\/bolge\/"},{"@type":"ListItem","position":3,"name":"B\u0259rg\u00fc\u015fadl\u0131lar\u0131n yolsuzluq d\u0259rdi"}]},{"@type":"WebSite","@id":"https:\/\/www.meydan.tv\/az\/#website","url":"https:\/\/www.meydan.tv\/az\/","name":"MEYDAN.TV","description":"Meydan TV Az\u0259rbaycan\u0131n media m\u0259kan\u0131ndak\u0131 alternativ s\u0259sidir","publisher":{"@id":"https:\/\/www.meydan.tv\/az\/#organization"},"potentialAction":[{"@type":"SearchAction","target":{"@type":"EntryPoint","urlTemplate":"https:\/\/www.meydan.tv\/az\/?s={search_term_string}"},"query-input":{"@type":"PropertyValueSpecification","valueRequired":true,"valueName":"search_term_string"}}],"inLanguage":"az"},{"@type":"Organization","@id":"https:\/\/www.meydan.tv\/az\/#organization","name":"Meydan TV","url":"https:\/\/www.meydan.tv\/az\/","logo":{"@type":"ImageObject","inLanguage":"az","@id":"https:\/\/www.meydan.tv\/az\/#\/schema\/logo\/image\/","url":"https:\/\/www.meydan.tv\/wp-content\/uploads\/2021\/07\/meydan-logo.svg","contentUrl":"https:\/\/www.meydan.tv\/wp-content\/uploads\/2021\/07\/meydan-logo.svg","width":195,"height":46,"caption":"Meydan TV"},"image":{"@id":"https:\/\/www.meydan.tv\/az\/#\/schema\/logo\/image\/"}},{"@type":"Person","@id":"https:\/\/www.meydan.tv\/az\/#\/schema\/person\/10d11eccf6da3662cf5fdab9806ea91a","name":"user-manager"}]}},"_links":{"self":[{"href":"https:\/\/www.meydan.tv\/az\/wp-json\/wp\/v2\/posts\/196162","targetHints":{"allow":["GET"]}}],"collection":[{"href":"https:\/\/www.meydan.tv\/az\/wp-json\/wp\/v2\/posts"}],"about":[{"href":"https:\/\/www.meydan.tv\/az\/wp-json\/wp\/v2\/types\/post"}],"author":[{"embeddable":true,"href":"https:\/\/www.meydan.tv\/az\/wp-json\/wp\/v2\/users\/11"}],"replies":[{"embeddable":true,"href":"https:\/\/www.meydan.tv\/az\/wp-json\/wp\/v2\/comments?post=196162"}],"version-history":[{"count":0,"href":"https:\/\/www.meydan.tv\/az\/wp-json\/wp\/v2\/posts\/196162\/revisions"}],"wp:featuredmedia":[{"embeddable":true,"href":"https:\/\/www.meydan.tv\/az\/wp-json\/wp\/v2\/media\/126682"}],"wp:attachment":[{"href":"https:\/\/www.meydan.tv\/az\/wp-json\/wp\/v2\/media?parent=196162"}],"wp:term":[{"taxonomy":"category","embeddable":true,"href":"https:\/\/www.meydan.tv\/az\/wp-json\/wp\/v2\/categories?post=196162"},{"taxonomy":"post_tag","embeddable":true,"href":"https:\/\/www.meydan.tv\/az\/wp-json\/wp\/v2\/tags?post=196162"}],"curies":[{"name":"wp","href":"https:\/\/api.w.org\/{rel}","templated":true}]}}