{"id":196123,"date":"2019-07-09T16:42:14","date_gmt":"2019-07-09T16:42:14","guid":{"rendered":"https:\/\/www.meydan.tv\/article\/yaqub-eyyubovun-sefer-arabasi\/"},"modified":"2019-07-09T16:42:14","modified_gmt":"2019-07-09T16:42:14","slug":"yaqub-eyyubovun-sefer-arabasi","status":"publish","type":"post","link":"https:\/\/www.meydan.tv\/az\/article\/yaqub-eyyubovun-sefer-arabasi\/","title":{"rendered":"Yaqub Eyyubovun s\u0259f\u0259r arabas\u0131"},"content":{"rendered":"<p>\n  <b><br \/>\n    2003-c\u00fc ild\u0259n b\u0259ri h\u00f6kum\u0259t ba\u015f\u00e7\u0131s\u0131n\u0131n birinci m\u00fcavini portfelini da\u015f\u0131yan Yaqub Eyyubovun ail\u0259 biznesin\u0259 h\u0259m d\u0259 Bak\u0131da i\u015fg\u00fczar, s\u0259yah\u0259t v\u0259 s. m\u0259qs\u0259dl\u0259r \u00fc\u00e7\u00fcn istifad\u0259 olunan \u00e7amadan ticar\u0259ti d\u0259 daxildir. Amma bu ail\u0259nin biznesinin bir hiss\u0259si m\u00fcxt\u0259lif yollarla, o c\u00fcml\u0259d\u0259n of\u015for \u015firk\u0259tl\u0259r vasit\u0259sil\u0259 \u00f6lk\u0259d\u0259n k\u0259nara da\u015f\u0131n\u0131b. Bunun \u00fc\u00e7\u00fcn \u00e7amadandan istifad\u0259 etm\u0259k he\u00e7 d\u0259 \u015f\u0259rt deyil.<br \/>\n  <\/b>\n<\/p>\n<p>\n  Orxan Eyyubov \u2013 Yaqub Eyyubovun ki\u00e7ik o\u011flu &#8211; 10 il bundan \u00f6nc\u0259, 27 ya\u015f\u0131nda ik\u0259n Londonda biznes\u0259 ba\u015flayark\u0259n, \u015firk\u0259t\u0259 simvolik olaraq 1 funt yat\u0131rm\u0131\u015fd\u0131. \u0130ndi is\u0259 Dumanl\u0131 Albionun da\u015f\u0131nmaz \u0259mlak bazar\u0131nda \u00e7al\u0131\u015fan h\u0259min \u015firk\u0259tin ba\u015fgic\u0259ll\u0259ndir\u0259n m\u0259bl\u0259\u011fd\u0259 kapital\u0131 var.\n<\/p>\n<p>\n  <b><br \/>\n    \u201cUnifood &amp; Liqors (UK) Limited\u201d<br \/>\n  <\/b><br \/>\n  \u015firk\u0259ti 2009-cu ilin iyunun 9-da Londonda 55 Princes Gate Exhibition Road \u00fcnvan\u0131nda qida v\u0259 i\u00e7ki s\u0259nayesi sah\u0259l\u0259rind\u0259 m\u0259sl\u0259h\u0259t xidm\u0259tl\u0259ri g\u00f6st\u0259rm\u0259k m\u0259qs\u0259dil\u0259 yarad\u0131l\u0131b. Hesabatlarda m\u0259sl\u0259h\u0259t xidm\u0259tl\u0259rinin kim\u0259 v\u0259 harada g\u00f6st\u0259rildiyi \u0259ks olunmasa da, \u015firk\u0259t \u00f6z direktoruna f\u0259aliyy\u0259t ba\u015flad\u0131\u011f\u0131 el\u0259 ilk vaxtdan d\u00f6vriyy\u0259si il\u0259 m\u00fcqayis\u0259d\u0259 y\u00fcks\u0259k hesab oluna bil\u0259c\u0259k m\u0259bl\u0259\u011fl\u0259rd\u0259 m\u00fckafat v\u0259 dividendl\u0259r qazand\u0131r\u0131b. Birinci iki ild\u0259 orta hesabla illik 30 min funt g\u0259lir g\u00f6t\u00fcr\u0259n \u015firk\u0259t Orxan Eyyubova 19.800 funt m\u00fckafat v\u0259 9.500 funt dividend \u00f6d\u0259yib.\n<\/p>\n<p>\n  2012-ci il \u015firk\u0259t \u00fc\u00e7\u00fcn d\u00f6n\u00fc\u015f ili olub. Sentyabrda onun h\u0259m ad\u0131 v\u0259 \u00fcnvan\u0131, h\u0259m d\u0259 f\u0259aliyy\u0259t sferas\u0131 d\u0259yi\u015fdirilib.<br \/>\n  <b><br \/>\n    \u201cNew Canada Capital Ltd\u201d<br \/>\n  <\/b><br \/>\n  ad\u0131 alt\u0131nda i\u015fini da\u015f\u0131nmaz \u0259mlak \u0259m\u0259liyyatlar\u0131 sah\u0259sind\u0259 davam etdir\u0259n \u015firk\u0259t Londondan Ridinq (Reading) \u015f\u0259h\u0259rin\u0259 k\u00f6\u00e7\u00fcb. Bura (One Forbury Square the Forbury) h\u0259m d\u0259 Orxan\u0131n qeydiyyat \u00fcnvan\u0131 olur. S\u0259n\u0259dl\u0259r\u0259 g\u00f6r\u0259, bu zaman Orxan Eyyubov art\u0131q Britaniyada ya\u015famaq h\u00fcququ \u0259ld\u0259 etmi\u015fdi. Orxan \u00f6z\u00fc is\u0259 bu \u015f\u0259h\u0259r\u0259 2018-ci ilin aprelind\u0259 k\u00f6\u00e7\u00fcb.\n<\/p>\n<p>\n  2012-ci ilin oktyabr\u0131n 1-d\u0259 o, \u015firk\u0259td\u0259ki paylar\u0131n 50%-i G\u00fcnay Bayramovaya sat\u0131r. El\u0259 \u015firk\u0259tin s\u00fcr\u0259tli inki\u015faf\u0131 da bu tarixd\u0259n ba\u015flay\u0131r.\n<\/p>\n<p>\n  \u015eirk\u0259t da\u015f\u0131nmaz \u0259mlaka 6.514.728 funt s\u0259rmay\u0259 yat\u0131r\u0131r. Hans\u0131 m\u0259nb\u0259d\u0259n \u2013 bu bar\u0259d\u0259 s\u0259n\u0259dl\u0259rd\u0259 bir soz deyilmir. 30 iyun 2013-c\u00fc il tarixin\u0259 \u015firk\u0259t 132.290 funt m\u0259nf\u0259\u0259t g\u00f6t\u00fcrd\u00fcy\u00fcn\u00fc elan edir. N\u00f6vb\u0259ti maliyy\u0259 ilind\u0259 (iyun 2013-iyun 2014) investisiyalar 8.244.489 funta, m\u0259nf\u0259\u0259t is\u0259 433.726 funta (2015- 453.114 funt) qalx\u0131r.\n<\/p>\n<p>\n  2014-c\u00fc ilin aprelind\u0259 G\u00fcnay v\u0259 Orxan b\u00fct\u00fcn s\u0259hml\u0259ri 3 sat\u0131\u015f \u0259m\u0259liyyat\u0131 il\u0259<br \/>\n  <b><br \/>\n    \u201cPrinceton Management Limited\u201d<br \/>\n  <\/b><br \/>\n  \u015firk\u0259tin\u0259 \u00f6t\u00fcr\u00fcrl\u0259r. M\u0259n\u015f\u0259yi m\u0259lum olmayan bu of\u015for \u015firk\u0259t 2017-ci ilin may\u0131nad\u0259k onun yegan\u0259 s\u0259hmdar\u0131 idi.\n<\/p>\n<p>\n  \u015eirk\u0259t b\u00f6y\u00fcm\u0259kd\u0259 davam edir: 2016-c\u0131 ilin iyununda \u201cNew Canada Capital Ltd\u201d \u015firk\u0259tinin kapital\u0131 qazan\u0131lm\u0131\u015f m\u0259nf\u0259\u0259t hesab\u0131na 500.000 funta \u00e7atd\u0131r\u0131l\u0131r. \u015eirk\u0259tin investisiya \u0259mlak\u0131n\u0131n d\u0259y\u0259ri is\u0259 art\u0131q 12.408.698 funt idi.\n<\/p>\n<p>\n  2016-c\u0131 ilnin dekabr\u0131n Orxan Eyyubov Kanada v\u0259t\u0259nda\u015fl\u0131\u011f\u0131 \u0259ld\u0259 edir. Onun bu \u00f6lk\u0259d\u0259ki \u00fcnvan\u0131 s\u0259n\u0259dl\u0259rd\u0259 \u201cOntario, Oakville, Cornwall Road, 1300, m\u0259nzil 201\u201d kimi t\u0259qdim olunur. Amma Orxan indiy\u0259d\u0259k Az\u0259rbaycan v\u0259t\u0259nda\u015fl\u0131\u011f\u0131n\u0131 da qoruyub saxlay\u0131r.\n<\/p>\n<p>\n  2017-ci ilin aprelind\u0259 \u015firk\u0259tin kapital\u0131na yenid\u0259n 250.000 funt yat\u0131r\u0131l\u0131r. Bir ay sonra is\u0259 \u015firk\u0259t Kanada \u0259silli iki \u015f\u0259xs: 31 ya\u015fl\u0131 Klaudia Yanq\u0131n (Claudia Young), 59 ya\u015fl\u0131 Con Makdonald\u0131n (Cohn McDonald) v\u0259 Orxan Eyyubovun birg\u0259 n\u0259zar\u0259tin\u0259 ke\u00e7ir. Bu \u00f6lk\u0259d\u0259 Con Makdonald v\u0259 Orxan eyni h\u00fcquqi \u00fcnvanda (50 Burnhamthorpe Road West, Suite 900, Mississauga, Ontario) qeydiyyatdad\u0131rlar. Az sonra Klaudia \u015firk\u0259ti t\u0259rk edir v\u0259 iyun ay\u0131ndan Orxan Eyyubov \u201cNew Canada Capital Ltd\u201d \u015firk\u0259tinin 75%-d\u0259k s\u0259hml\u0259rin\u0259 n\u0259zar\u0259ti \u0259ld\u0259 edir. Haz\u0131rda onun biznes orta\u011f\u0131 Con Makdonaldd\u0131r.\n<\/p>\n<p>\n  2018-ci ilin mart\u0131nda \u201cNew Canada Capital Ltd\u201d \u015firk\u0259ti yeni \u00fcnvana, indi m\u0259skunla\u015fd\u0131\u011f\u0131 Thames Tower Biznes M\u0259rk\u0259zin\u0259 k\u00f6\u00e7\u00fcb. O vaxtdan \u015firk\u0259t \u201csaatlar\u0131n\u0131\u201d Miladi t\u0259qvim\u0259 (01 yanvar-31 dekabr) uy\u011funla\u015fd\u0131r\u0131b. 2018-ci ilin iyul ay\u0131nda \u015firk\u0259t kapital\u0131n\u0131 12.484.534 furt \u2013 t\u0259xmin\u0259n investisiya \u0259mlak\u0131n\u0131n d\u0259y\u0259ri h\u0259cmind\u0259 art\u0131r\u0131b v\u0259 haz\u0131rda o, 13.234.534 Britaniya funtu v\u0259 ya t\u0259xmin\u0259n 28,5 milyon manat t\u0259\u015fkil edir.\n<\/p>\n<p>\n  Bu ilin may ay\u0131nda Orxan Eyyubov \u015firk\u0259td\u0259ki direktoru v\u0259zif\u0259sini Maykl Vitbi-Smit\u0259 (Michael Whitby Smith) \u00f6t\u00fcr\u00fcb. Orxan\u0131n atas\u0131 Yaqub Eyyubovla h\u0259mya\u015f\u0131d olan Maykl Birtaniyada da\u015f\u0131nmaz \u0259mlak bazar\u0131nda 50 illik t\u0259cr\u00fcb\u0259y\u0259 malikdir v\u0259 \u201c<br \/>\n  <a href=\"http:\/\/www.whitbysmith.com\/contacts\/\"><br \/>\n    Whitby Smith<br \/>\n  <\/a><br \/>\n  \u201d \u015firk\u0259tinin idar\u0259edici partnyorudur.\n<\/p>\n<p>\n  <b><br \/>\n    \u201cBizim \u0259sas f\u0259aliyy\u0259timiz B\u00f6y\u00fck Britaniyan\u0131n b\u00fct\u00fcn \u0259razisind\u0259 da\u015f\u0131nmaz \u0259mlaka birba\u015fa investisiyalar\u0131 idar\u0259 etm\u0259kdir. \u0130ntizaml\u0131 strategiyam\u0131z, Britaniyan\u0131n da\u015f\u0131nmaz \u0259mlak bazar\u0131n\u0131n v\u0259<br \/>\n  <\/b><br \/>\n  <b><br \/>\n    ingilis h\u00fcququnun Avropan\u0131n qalan hiss\u0259sind\u0259n \u0259n\u0259n\u0259vi \u00fcst\u00fcnl\u00fcy\u00fc say\u0259sind\u0259 g\u00fccl\u00fc v\u0259 h\u0259r z\u00f6vq\u0259 cavab ver\u0259n bir \u00f6z\u0259l \u015firk\u0259t olmaq yolunday\u0131q. Bu yolda ist\u0259nil\u0259n iqtisadi tsikld\u0259 zaman\u0131n s\u0131naqlar\u0131na tab g\u0259tir\u0259c\u0259yimiz\u0259 \u0259minik\u201d<br \/>\n  <\/b><br \/>\n  . \u015eirk\u0259tin korporativ<br \/>\n  <a href=\"http:\/\/www.newcanada.co.uk\/\"><br \/>\n    sayt\u0131nda<br \/>\n  <\/a><br \/>\n  bu ambisiyal\u0131 m\u0259ramnam\u0259d\u0259n ba\u015fqa he\u00e7 bir m\u0259lumat yoxdur.\n<\/p>\n<p>\n  Orxan Eyyubov Kanadada 2014-c\u00fc ilin avqustunda yarad\u0131lan<br \/>\n  <b><br \/>\n    \u201cCanada Ltd\u201d<br \/>\n  <\/b><br \/>\n  \u015firk\u0259tinin direktorlar\u0131ndan biridir. Bundan ba\u015fqa, Ara\u015fd\u0131rma\u00e7\u0131 Jurnalistl\u0259rin Beyn\u0259lxalq Konsorsiumunun \u00fcst\u00fcn\u00fc a\u00e7d\u0131\u011f\u0131 \u201cPanama s\u0259n\u0259dl\u0259ri\u201dn\u0259 g\u00f6r\u0259, o, h\u0259m d\u0259 2012-ci ilin iyununda Britaniyan\u0131n Virgin adalar\u0131nda qeydiyyatdan ke\u00e7mi\u015f<br \/>\n  <b><br \/>\n    \u201c<br \/>\n  <\/b><br \/>\n  <a href=\"https:\/\/offshoreleaks.icij.org\/nodes\/13011428\"><br \/>\n    <b><br \/>\n      Ellisfield Development Ltd<br \/>\n    <\/b><br \/>\n  <\/a><br \/>\n  <b><br \/>\n    \u201d<br \/>\n  <\/b><br \/>\n  \u015firk\u0259tinin m\u00fclkiyy\u0259t\u00e7isi olub. H\u0259min \u015firk\u0259tin h\u00fcquqi \u00fcnvan\u0131 \u0130sve\u00e7r\u0259nin Cenevr\u0259 \u015f\u0259h\u0259ri olub v\u0259 2017-ci ilin fevral\u0131nda \u201cMossack &amp; Fonseca &amp; Co (Jeneva) S.A.\u201d \u015firk\u0259ti onun k\u00f6n\u00fcll\u00fc l\u0259\u011fvin\u0259 ba\u015fland\u0131\u011f\u0131n\u0131 elan edib.\n<\/p>\n<p>\n  \u201cAz\u0259rbaycan paltaryuyan\u0131\u201d ad\u0131n\u0131 alan v\u0259 2012-2014-c\u00fc ill\u0259rd\u0259 2,9 milyard AB\u015e dollar\u0131 m\u0259bl\u0259\u011find\u0259 \u00f6l\u00e7\u00fcl\u0259n v\u0259saitin Az\u0259rbaycandan \u00e7\u0131xar\u0131lmas\u0131, Avropa siyas\u0259t\u00e7il\u0259rinin \u0259l\u0259 al\u0131nmas\u0131 v\u0259 dig\u0259r m\u0259qs\u0259dl\u0259r \u00fc\u00e7\u00fcn istifad\u0259 edilm\u0259sind\u0259n b\u0259hs ed\u0259n beyn\u0259lxalq jurnalist ara\u015fd\u0131rmas\u0131nda Orxan Eyyubovun sahib oldu\u011fu ba\u015fqa bir of\u015for \u015firk\u0259td\u0259n istifad\u0259 olundu\u011fundan da b\u0259hs edilir. Jurnalistl\u0259rin \u201cM\u00fct\u0259\u015f\u0259kkil Cinay\u0259tkarl\u0131q v\u0259 Korrupsiyaya Qar\u015f\u0131 M\u00fcbariz\u0259 Layih\u0259si\u201d (OCCRP) 2017-ci ild\u0259 d\u0259rc etdiyi hay-k\u00fcyl\u00fc v\u0259 if\u015faedici<br \/>\n  <a href=\"https:\/\/www.occrp.org\/en\/azerbaijanilaundromat\/azerbaijans-high-profile-beneficiaries\"><br \/>\n    ara\u015fd\u0131rmaya<br \/>\n  <\/a><br \/>\n  g\u00f6r\u0259, \u201cMetastar LLP\u201d &#8211; pul yuyulmas\u0131nda i\u015ftirak ed\u0259n 4 \u0259sas \u015firk\u0259td\u0259n biri &#8211; Virgin adalar\u0131nda (Britaniya) yarad\u0131lan<br \/>\n  <b><br \/>\n    \u201cVelasco \u0130nternational \u0130NC\u201d<br \/>\n  <\/b><br \/>\n  \u015firk\u0259tin\u0259 2012-ci ilin iyulundan 2013-c\u00fc ilin may ay\u0131nad\u0259k 9 milyon dollardan \u00e7ox pul \u00f6t\u00fcr\u00fcb. Pullar \u015firk\u0259tin Macar\u0131standak\u0131 v\u0259 Kiprd\u0259ki bank hesablar\u0131na hiss\u0259l\u0259rl\u0259 k\u00f6\u00e7\u00fcr\u00fcl\u00fcb. \u015eirk\u0259ts\u0259 Orxan Eyyubova m\u0259xsus imi\u015f. S\u0131zan onminl\u0259rl\u0259 s\u0259n\u0259d aras\u0131nda bunu da t\u0259sdiq ed\u0259n s\u0259n\u0259d var.\n<\/p>\n<p>\n  \u201cPanama s\u0259n\u0259dl\u0259ri\u201dn\u0259 g\u00f6r\u0259, \u201cVelasco \u0130nternational INC\u201d \u015firk\u0259ti Macar\u0131standa of\u015for \u015firk\u0259tl\u0259rin yarad\u0131lmas\u0131 sah\u0259sind\u0259 ixtisasla\u015fan \u201cLevaco\u201d h\u00fcquq agentliyinin sifari\u015fi il\u0259 Britaniyan\u0131n Virgin adalar\u0131nda yarad\u0131l\u0131b. \u015eirk\u0259tin yarad\u0131lmas\u0131 \u00fc\u00e7\u00fcn Baham adalar\u0131nda 2007-ci ilin noyabr ay\u0131nda qurulan<br \/>\n  <b><br \/>\n    \u201cNottingham Holding Limited\u201d<br \/>\n  <\/b><br \/>\n  \u015firk\u0259tind\u0259n istifad\u0259 olunub. Beyn\u0259lxalq mediada \u201cPanama Papers\u201d kimi m\u0259\u015fhurla\u015fan s\u0259n\u0259dl\u0259rin\u0259 g\u00f6r\u0259, bu \u015firk\u0259tin yegan\u0259 sahibi Orxan Eyyubovdur.\n<\/p>\n<p>\n  \u00dcst\u00fcnd\u0259n ill\u0259r ke\u00e7s\u0259 d\u0259, Orxan\u0131n Londondak\u0131 \u201cNew Canada Capital Ltd\u201d \u015firk\u0259tinin 2012-ci ilin ortalar\u0131nda bird\u0259n-bir\u0259 \u201cparlamas\u0131nda\u201d of\u015for hesablardan axan pullar\u0131n i\u015ftirak\u0131 ara\u015fd\u0131r\u0131lmay\u0131b. H\u0259r\u00e7\u0259nd, Macar\u0131stan medias\u0131 Orxan Eyyubovun of\u015for \u015firk\u0259tl\u0259rin\u0259 y\u00f6n\u0259l\u0259n pullar\u0131 bir aspektd\u0259n &#8211; h\u0259min ill\u0259rd\u0259 bu \u00f6lk\u0259d\u0259 h\u0259bsd\u0259 olan az\u0259rbaycanl\u0131 h\u0259rb\u00e7i Ramil S\u0259f\u0259rovun Az\u0259rbaycana ekstradisiyas\u0131 \u00fc\u00e7\u00fcn qeyri-qanuni yollarla istifad\u0259 olunmas\u0131 ehtimal\u0131 \u00fcz\u0259rind\u0259 ara\u015fd\u0131r\u0131b. \u201cAtlasco\u201d q\u0259zetinin<br \/>\n  <a href=\"https:\/\/english.atlatszo.hu\/2017\/09\/09\/azerbaijani-slush-fund-transferred-millions-of-dollars-to-hungary-in-2012\/\"><br \/>\n    t\u0259hqiqat\u0131<br \/>\n  <\/a><br \/>\n  il\u0259 m\u00fc\u0259yy\u0259n olunub ki, \u201cVelasco \u0130nternational \u0130NC\u201d \u015firk\u0259ti bu \u00f6lk\u0259y\u0259 investisiya edib:<br \/>\n  <b><br \/>\n    \u201cBiopalmitin Tejterm\u00e9k Gy\u00e1rt\u00f3 \u00e9s Kereskedelmi Kft\u201d<br \/>\n  <\/b><br \/>\n  \u015firk\u0259tinin s\u0259hml\u0259rinin m\u00fc\u0259yy\u0259n hiss\u0259sini \u0259ld\u0259 edib. S\u00fcd emal\u0131 il\u0259 m\u0259\u015f\u011ful olan bu \u015firk\u0259td\u0259ki pay\u0131n\u0131 Orxan 2011-ci ilin oktyabr\u0131nda Kamran Eyyubova &#8211; \u0259misi o\u011fluna sat\u0131b.\n<\/p>\n<p>\n  \u018fmio\u011fullar\u0131n\u0131n Macar\u0131stana gedib \u00e7\u0131xan biznes ortaql\u0131\u011f\u0131n\u0131n bir ucu Bak\u0131dad\u0131r. Onlar\u0131n M\u00fc\u015fahid\u0259 \u015euras\u0131nda t\u0259msil olunduqlar\u0131<br \/>\n  <b><br \/>\n    \u201c\u0130lrem\u201d<br \/>\n  <\/b><br \/>\n  MMC 2009-cu ilin sentyabr ay\u0131nda yarad\u0131l\u0131b. \u015eirk\u0259tin t\u0259sis\u00e7il\u0259ri \u201c\u0130lkin Ko. Ltd\u201d M\u0259hdud M\u0259suliyy\u0259tli M\u00fc\u0259ssis\u0259si (Az\u0259rbaycan), \u201cCeu-Rem ZRT\u201d (Macar\u0131stan) v\u0259 \u201cKarakos Group S.A.\u201d (Panama) \u015firk\u0259tl\u0259ri olub. M\u00fc\u015fahid\u0259 Suras\u0131n\u0131n s\u0259dri Orxan Eyyubovdur. \u015eurada Kamran Eyyubov v\u0259 iki Macar\u0131stan v\u0259t\u0259nda\u015f\u0131 da t\u0259msil olunur. Macar jurnalistl\u0259ri \u201c\u0130lrem\u201d MMC-nin h\u0259min \u00f6lk\u0259d\u0259ki biznes f\u0259aliyy\u0259tini a\u015fkara \u00e7\u0131xara bilm\u0259yibl\u0259r. El\u0259 Az\u0259rbaycanda da onun n\u0259 i\u015fl\u0259 m\u0259\u015f\u011fuldu\u011fu b\u0259lli deyil.\n<\/p>\n<p>\n  Bak\u0131da, Murtuza Muxtarov k\u00fc\u00e7\u0259si, 13 n\u00f6mr\u0259li evd\u0259ki m\u0259nzill\u0259rd\u0259n birind\u0259 \u201c\u0130lrem\u201d MMC il\u0259 yana\u015f\u0131,<br \/>\n  <b><br \/>\n    \u201c\u0130lkin Ko. Ltd\u201d<br \/>\n  <\/b><br \/>\n  MMM (iyun, 2009),<br \/>\n  <b><br \/>\n    \u201c\u00c7e\u015fm\u0259-1\u201d<br \/>\n  <\/b><br \/>\n  MMC (may, 1998) v\u0259<br \/>\n  <b><br \/>\n    \u201cS\u0259da 1992\u201d<br \/>\n  <\/b><br \/>\n  MMC (iyul, 1998) t\u0259sis olunub. \u201c\u0130lkin Ko. Ltd\u201d v\u0259 \u201c\u00c7e\u015fm\u0259\u201d \u015firk\u0259tl\u0259rin\u0259 Yusif \u018fyyubov &#8211; Ba\u015f nazirin birinci m\u00fcavini Yaqub Eyyubovun ki\u00e7ik qarda\u015f\u0131 \u2013 r\u0259hb\u0259rlik edir.\n<\/p>\n<p>\n  Ba\u015f nazirin birinci m\u00fcavini h\u0259yat yolda\u015f\u0131 Mina M\u0259cid q\u0131z\u0131 il\u0259 birlikd\u0259 Bak\u0131da F\u0259vvar\u0259l\u0259r Meydan\u0131n\u0131n yax\u0131nl\u0131\u011f\u0131nda ya\u015fay\u0131r. Zeynalabdin Ta\u011f\u0131yev k\u00fc\u00e7\u0259sind\u0259ki h\u0259min binan\u0131n bir ba\u015fqa m\u0259nzilind\u0259 onlar\u0131n o\u011flu Orxan da qeydiyyatdad\u0131r.<br \/>\n  <b><br \/>\n    \u201cAspekt-Co\u201d<br \/>\n  <\/b><br \/>\n  MMC atan\u0131n m\u00fclkiyy\u0259tind\u0259 olan m\u0259nzild\u0259 2003-c\u00fc ild\u0259, Yaqub Eyyubov Ba\u015f nazirin m\u00fcavini v\u0259zif\u0259sind\u0259n Ba\u015f nazirin \u201csa\u011f \u0259li\u201d postuna g\u0259tiril\u0259n il, oktyabr\u0131n 29-da \u2013 do\u011fum g\u00fcn\u00fcn\u00fc qeyd ed\u0259nd\u0259n 5 g\u00fcn sonra d\u00f6vl\u0259t qeydiyyat\u0131na al\u0131n\u0131b. \u015eirk\u0259t \u201cPark Bulvar\u201d al\u0131\u015f-veri\u015f m\u0259rk\u0259zi 2013-c\u00fc ild\u0259 istifad\u0259y\u0259 veril\u0259n vaxtdan orada ki\u00e7ik ma\u011faza a\u00e7\u0131b. Ma\u011faza Avropa istehsal\u0131 olan \u00e7anta v\u0259 turist arabalar\u0131n\u0131n sat\u0131\u015f\u0131 il\u0259 m\u0259\u015f\u011fuldur. \u201cAspekt-Co\u201d MMC \u201cSamsonite\u201d ticar\u0259t ni\u015fan\u0131 alt\u0131nda burax\u0131lan m\u0259hsullar\u0131n Az\u0259rbaycanda r\u0259smi sat\u0131\u015f t\u0259msil\u00e7isidir. \u201cSamsonite International S.A.\u201d \u015firk\u0259ti AB\u015e-da yarad\u0131l\u0131b, amma \u0259sas ofisl\u0259rind\u0259n biri L\u00fcksemburqda yerl\u0259\u015fir. Maraql\u0131d\u0131r ki, Emin Eyyubov &#8211; Yaqub Eyyubovun dig\u0259r o\u011flu &#8211; Bel\u00e7ika Krall\u0131\u011f\u0131nda f\u00f6vq\u0259lad\u0259 v\u0259 s\u0259lahiyy\u0259tli s\u0259fir olmaqla yana\u015f\u0131, 2007-ci ilin may\u0131nda h\u0259m d\u0259 L\u00fcksemburq B\u00f6y\u00fck Hersoqlu\u011funa da s\u0259fir t\u0259yin edilib. \u00c7anta, sakvoyaj v\u0259 yol arabalar\u0131n\u0131n Bak\u0131da ticar\u0259tinin t\u0259\u015fkil olunmas\u0131na onun \u201cdiplomatik f\u0259aliyy\u0259tinin\u201d rolu haqda sual\u0131 verm\u0259k \u00fc\u00e7\u00fcn ma\u011fazada olduq. Burada telefon n\u00f6mr\u0259sini g\u00f6t\u00fcrs\u0259l\u0259r d\u0259, cavab veril\u0259c\u0259yin\u0259 s\u00f6z vers\u0259l\u0259r d\u0259, \u0259laq\u0259 saxlamad\u0131lar.\n<\/p>\n<p>\n  Emin Eyyubov 2018-ci ilin oktyabr\u0131nda Az\u0259rbaycan\u0131n Avropa \u015euras\u0131nda daimi n\u00fcmay\u0259nd\u0259si v\u0259zif\u0259sind\u0259n geri \u00e7a\u011f\u0131r\u0131l\u0131b. Bir ay ke\u00e7\u0259r-ke\u00e7m\u0259z o, Bak\u0131da 10.000 manat kapital\u0131 olan<br \/>\n  <b><br \/>\n    \u201cDipcon\u201d<br \/>\n  <\/b><br \/>\n  MMC yarad\u0131b.\n<\/p>\n<p>\n  Ail\u0259nin ortanc\u0131l\u0131, 44 ya\u015fl\u0131 F\u0259rhad Eyyubov h\u00fcquq-m\u00fchafz\u0259 orqanlar\u0131nda \u00e7al\u0131\u015f\u0131r. 2015-ci ilin noyabr ay\u0131ndan b\u0259ri, o, Bak\u0131 \u015f\u0259h\u0259ri D\u00f6vl\u0259t Yol Polisi \u0130dar\u0259sinin r\u0259is m\u00fcavini v\u0259zif\u0259sini da\u015f\u0131y\u0131r.\n<\/p>\n<p>\n  Yaqub Eyyubovun qarda\u015f\u0131 Yusif d\u0259 Az\u0259rbaycanda y\u00fcks\u0259k v\u0259zif\u0259l\u0259rd\u0259 olub. D\u00f6vl\u0259t \u018fmlak\u0131 Nazirliyi D\u00f6vl\u0259t \u0259mlak\u0131n\u0131n idar\u0259 edilm\u0259si v\u0259 istehsal\u0131n t\u0259\u015fkili departamentinin<br \/>\n  <a href=\"http:\/\/www.e-qanun.az\/framework\/719\"><br \/>\n    direktoru<br \/>\n  <\/a><br \/>\n  i\u015fl\u0259yib, nazirliyin kollegiyas\u0131nda t\u0259msil olunub. 2001-ci ild\u0259 Xorvatiyada \u201cMontevideo D.o.o\u201d \u015firk\u0259tini yarad\u0131b. \u015eirk\u0259tin m\u00fclkiyy\u0259tind\u0259 Zaqrebd\u0259, Rije\u00e7ka k\u00fc\u00e7\u0259si, 10 \u00fcnvan\u0131nda yerl\u0259\u015f\u0259n zirz\u0259mi n\u0259z\u0259r\u0259 al\u0131nmaqla \u00fc\u00e7m\u0259rtb\u0259li VITA Fitness &amp; SPA m\u0259rk\u0259zi var. Burada voleybol da daxil olmaqla bir \u00e7ox idman n\u00f6v\u00fc il\u0259 qrup v\u0259 f\u0259rdi \u015f\u0259kild\u0259 m\u0259\u015f\u011ful olmaq h\u0259r c\u00fcr \u015f\u0259rait var. Sauna, hovuz, kafe-bar da ki \u00f6z yerind\u0259. Yusif Eyyubov<br \/>\n  <a href=\"https:\/\/www.facebook.com\/yusif.ayyubov\"><br \/>\n    burada<br \/>\n  <\/a><br \/>\n  10-da \u00e7ox i\u015f yeri a\u00e7\u0131b. Avropada ya\u015fayan jurnalist Cavan\u015fir H\u0259s\u0259nlinin apard\u0131\u011f\u0131 t\u0259hqiqat m\u00fc\u0259yy\u0259n edib ki, \u015firk\u0259tin t\u0259sis\u00e7isi onun yarad\u0131l\u0131mas\u0131na 19,9 milyon xorvat kun\u00fcsi (t\u0259xmin\u0259n 3 milyon AB\u015e dollar\u0131) yat\u0131r\u0131b. Y.Eyyubov Az\u0259rbaycanla \u0259laq\u0259l\u0259rini d\u0259 itirmir. 2017-ci ild\u0259 Az\u0259rbaycan Sahibkarlar (\u0130\u015f\u0259g\u00f6t\u00fcr\u0259nl\u0259r) Konfederasiyas\u0131 onu Xorvatiyada \u00f6z\u00fcn\u00fcn<br \/>\n  <a href=\"http:\/\/ask.org.az\/2017\/03\/01\/az-rbaycan-sahibkarlar-konfederasiyasinin-xorvatiya-respublikasinda-numay-nd-liyi-acilib\/\"><br \/>\n    n\u00fcmay\u0259nd\u0259si<br \/>\n  <\/a><br \/>\n  t\u0259yin edib.\n<\/p>\n<figure class=\"wp-block-image size-large\">\n  <img decoding=\"async\" src=\"https:\/\/www.meydan.tv\/az\/19430072_1921060674774851_3546872044646061194_n-jpg\/\" alt=\"19430072_1921060674774851_3546872044646061194_n.jpg\" class=\"wp-image-126505\"\/><figcaption>\n    Yaqub Eyyubovun qarda\u015f\u0131 Yusif Eyyubov<br \/>\n  <\/figcaption><\/figure>\n<p>\n  Yusif Eyyubov \u0259sas\u0259n xaricd\u0259 ya\u015fasa da, Az\u0259rbaycan<br \/>\n  <a href=\"https:\/\/www.infocenter.gov.az\/page\/voters\/default.aspx?s=16&amp;sm=18\"><br \/>\n    v\u0259t\u0259nda\u015fl\u0131\u011f\u0131n\u0131<br \/>\n  <\/a><br \/>\n  v\u0259 burada \u015f\u0259xsi biznes maraqlar\u0131n\u0131 qoruyub saxlay\u0131r. Bunu onun h\u0259yat yolda\u015f\u0131 Q\u0259nir\u0259 Ramis q\u0131z\u0131 Eyyubova il\u0259 birlikd\u0259 iddia\u00e7\u0131 qismind\u0259 i\u015ftirak etdiyi bir ne\u00e7\u0259 m\u0259hk\u0259m\u0259 \u00e7\u0259ki\u015fm\u0259l\u0259ri d\u0259 t\u0259sdiq edir. 2017-ci ild\u0259 onlar \u201cBak\u0131 Y\u00fckavton\u0259qliyyat\u201d ASC-d\u0259 \u00fcz\u0259rind\u0259 m\u00fclkiyy\u0259t h\u00fcququ \u00fc\u011frunda &quot;El Holding&quot; \u015firk\u0259tl\u0259ri qrupunun prezidenti El\u00e7in C\u0259m\u015fid o\u011flu Muradovla<br \/>\n  <a href=\"http:\/\/bakuappealcourt.gov.az\/az\/content\/show\/289117\"><br \/>\n    m\u0259hk\u0259m\u0259y\u0259<br \/>\n  <\/a><br \/>\n  \u00e7\u0131xmaqdan d\u0259 \u00e7\u0259kinm\u0259yibl\u0259r. Lakin onlar\u0131n iddias\u0131n\u0131 m\u0259hk\u0259m\u0259 t\u0259min etm\u0259yib.\n<\/p>\n<p>\n  Yusif Eyyubovun o\u011flu Kamran h\u0259m elmi-pedaqoji, h\u0259m d\u0259 geni\u015f biznes f\u0259aliyy\u0259ti il\u0259 m\u0259\u015f\u011fuldur. O, Az\u0259rbaycanda v\u0259 Birtaniyada ali t\u0259hsil al\u0131b, elml\u0259r namiz\u0259didir. Bak\u0131 D\u00f6vl\u0259t Universitetinin Beyn\u0259lxalq m\u00fcnasib\u0259tl\u0259r v\u0259 \u0130qtisadiyyat fak\u00fclt\u0259sinin \u0130qtisadiyyat v\u0259 idar\u0259etm\u0259 kafedras\u0131n\u0131n dosenti<br \/>\n  <a href=\"http:\/\/iril.bsu.edu.az\/az\/content\/kamran_eyyubov#.XQS7SNXVLIU\"><br \/>\n    i\u015fl\u0259yib<br \/>\n  <\/a><br \/>\n  . Eyni zamanda D\u00f6vl\u0259t G\u00f6mr\u00fck Akademiyas\u0131n\u0131n iqtisadiyyat v\u0259 t\u0259bi\u0259t f\u0259nl\u0259ri kafedras\u0131n\u0131n m\u00fcdiri olub. Bununla b\u0259rab\u0259r, o, menecer v\u0259 sahibkard\u0131r. Bak\u0131da \u201cS\u0259b\u0259t\u201d v\u0259 \u201cFresco\u201d p\u0259rak\u0259nd\u0259 ticar\u0259t obyektl\u0259rinin sahibi olan \u201cAzeri Retail\u201d MMC-nin ba\u015f icra\u00e7\u0131 direktoru i\u015fl\u0259yib. \u00d6t\u0259n ilin yanvar\u0131nda \u201cRDC\u201d MMC-ni<br \/>\n  <a href=\"https:\/\/rdc.az\/bizim-komanda\/\"><br \/>\n    yarad\u0131b<br \/>\n  <\/a><br \/>\n  . \u015eirk\u0259t biznes idar\u0259etm\u0259 sah\u0259sind\u0259 m\u0259sl\u0259h\u0259t xidm\u0259tl\u0259ri il\u0259 b\u0259rab\u0259r, ictimai ia\u015f\u0259, ticar\u0259t, anbar t\u0259s\u0259rr\u00fcfat\u0131, logistika sah\u0259l\u0259rind\u0259 f\u0259aliyy\u0259t g\u00f6st\u0259rir. \u201cRDC\u201d \u015firk\u0259ti il\u0259 eyni \u00fcnvanda Badamdar q\u0259s\u0259b\u0259sind\u0259ki m\u00fclkl\u0259rd\u0259n birind\u0259 2018-ci ilin mart\u0131nda \u201c\u0130nspire Pilates Studio\u201d MMC<br \/>\n  <a href=\"https:\/\/vergiler.az\/media\/archive\/2018\/12\/26\/newspaper_20181226115209.pdf\"><br \/>\n    t\u0259sis olunub<br \/>\n  <\/a><br \/>\n  . Bu<br \/>\n  <a href=\"https:\/\/www.facebook.com\/Inspire-Pilates-Studio-1471913642941005\/?ref=py_c\"><br \/>\n    \u015firk\u0259t<br \/>\n  <\/a><br \/>\n  Bak\u0131da, A\u015f\u0131q Al\u0131 k\u00fc\u00e7\u0259sind\u0259ki salonda fitnes xidm\u0259tl\u0259ri t\u0259qdim edir. Yusif Eyyubovun Xorvatiyadak\u0131 obyekti kimi.\n<\/p>\n<p>\n  Ba\u015f Nazirin birinci m\u00fcavini Yaqub Eyyubov o\u011flunun B\u00f6y\u00fck Britaniyadak\u0131 biznesin\u0259 \u015f\u0259xsi kapital\u0131 hesab\u0131na yard\u0131m etm\u0259si bar\u0259d\u0259 Nazirl\u0259r Kabinetinin m\u0259tbuat xidm\u0259ti vasit\u0259sil\u0259 \u00fcnvanla\u015fm\u0131\u015f suala cavabdan yay\u0131n\u0131b. Kamran Eyyubov da ilkin kapital\u0131nda atas\u0131n\u0131n pay\u0131n\u0131n olub-olmamas\u0131, \u201cAzeri Retail\u201d MMC-d\u0259 m\u00fclkiyy\u0259t\u00e7i kimi i\u015ftirak\u0131, Macar\u0131standak\u0131 s\u00fcd zavodundak\u0131 s\u0259hm pay\u0131 v\u0259 dig\u0259r bu kimi yaz\u0131l\u0131 suallara cavab verm\u0259yib.<\/p>\n","protected":false},"excerpt":{"rendered":"<p>Ba\u015f nazirin birinci m\u00fcavininin ail\u0259 biznesi geni\u015fl\u0259nir<\/p>\n","protected":false},"author":11,"featured_media":126493,"comment_status":"closed","ping_status":"open","sticky":false,"template":"","format":"standard","meta":{"_acf_changed":false,"_sitemap_exclude":false,"_sitemap_priority":"","_sitemap_frequency":"","footnotes":""},"categories":[55],"tags":[],"class_list":["post-196123","post","type-post","status-publish","format-standard","has-post-thumbnail","hentry","category-arasdirma","infinite-scroll-item","generate-columns","tablet-grid-50","mobile-grid-100","grid-parent","grid-33","no-featured-image-padding"],"acf":[],"yoast_head":"<!-- This site is optimized with the Yoast SEO plugin v27.4 - https:\/\/yoast.com\/product\/yoast-seo-wordpress\/ -->\n<title>Yaqub Eyyubovun s\u0259f\u0259r arabas\u0131 - MEYDAN.TV<\/title>\n<meta name=\"robots\" content=\"index, follow, max-snippet:-1, max-image-preview:large, max-video-preview:-1\" \/>\n<link rel=\"canonical\" href=\"https:\/\/www.meydan.tv\/az\/article\/yaqub-eyyubovun-sefer-arabasi\/\" \/>\n<meta property=\"og:locale\" content=\"az_AZ\" \/>\n<meta property=\"og:type\" content=\"article\" \/>\n<meta property=\"og:title\" content=\"Yaqub Eyyubovun s\u0259f\u0259r arabas\u0131 - MEYDAN.TV\" \/>\n<meta property=\"og:description\" content=\"Ba\u015f nazirin birinci m\u00fcavininin ail\u0259 biznesi geni\u015fl\u0259nir\" \/>\n<meta property=\"og:url\" content=\"https:\/\/www.meydan.tv\/az\/article\/yaqub-eyyubovun-sefer-arabasi\/\" \/>\n<meta property=\"og:site_name\" content=\"MEYDAN.TV\" \/>\n<meta property=\"article:published_time\" content=\"2019-07-09T16:42:14+00:00\" \/>\n<meta property=\"og:image\" content=\"https:\/\/www.meydan.tv\/wp-content\/uploads\/yaqub-eyyubov-putin.jpg\" \/>\n\t<meta property=\"og:image:width\" content=\"1880\" \/>\n\t<meta property=\"og:image:height\" content=\"1160\" \/>\n\t<meta property=\"og:image:type\" content=\"image\/jpeg\" \/>\n<meta name=\"author\" content=\"user-manager\" \/>\n<meta name=\"twitter:card\" content=\"summary_large_image\" \/>\n<script type=\"application\/ld+json\" class=\"yoast-schema-graph\">{\"@context\":\"https:\\\/\\\/schema.org\",\"@graph\":[{\"@type\":\"Article\",\"@id\":\"https:\\\/\\\/www.meydan.tv\\\/az\\\/article\\\/yaqub-eyyubovun-sefer-arabasi\\\/#article\",\"isPartOf\":{\"@id\":\"https:\\\/\\\/www.meydan.tv\\\/az\\\/article\\\/yaqub-eyyubovun-sefer-arabasi\\\/\"},\"author\":{\"name\":\"user-manager\",\"@id\":\"https:\\\/\\\/www.meydan.tv\\\/az\\\/#\\\/schema\\\/person\\\/10d11eccf6da3662cf5fdab9806ea91a\"},\"headline\":\"Yaqub Eyyubovun s\u0259f\u0259r arabas\u0131\",\"datePublished\":\"2019-07-09T16:42:14+00:00\",\"mainEntityOfPage\":{\"@id\":\"https:\\\/\\\/www.meydan.tv\\\/az\\\/article\\\/yaqub-eyyubovun-sefer-arabasi\\\/\"},\"wordCount\":2674,\"publisher\":{\"@id\":\"https:\\\/\\\/www.meydan.tv\\\/az\\\/#organization\"},\"image\":{\"@id\":\"https:\\\/\\\/www.meydan.tv\\\/az\\\/article\\\/yaqub-eyyubovun-sefer-arabasi\\\/#primaryimage\"},\"thumbnailUrl\":\"https:\\\/\\\/www.meydan.tv\\\/wp-content\\\/uploads\\\/yaqub-eyyubov-putin.jpg\",\"articleSection\":[\"Ara\u015fd\u0131rma\"],\"inLanguage\":\"az\"},{\"@type\":\"WebPage\",\"@id\":\"https:\\\/\\\/www.meydan.tv\\\/az\\\/article\\\/yaqub-eyyubovun-sefer-arabasi\\\/\",\"url\":\"https:\\\/\\\/www.meydan.tv\\\/az\\\/article\\\/yaqub-eyyubovun-sefer-arabasi\\\/\",\"name\":\"Yaqub Eyyubovun s\u0259f\u0259r arabas\u0131 - MEYDAN.TV\",\"isPartOf\":{\"@id\":\"https:\\\/\\\/www.meydan.tv\\\/az\\\/#website\"},\"primaryImageOfPage\":{\"@id\":\"https:\\\/\\\/www.meydan.tv\\\/az\\\/article\\\/yaqub-eyyubovun-sefer-arabasi\\\/#primaryimage\"},\"image\":{\"@id\":\"https:\\\/\\\/www.meydan.tv\\\/az\\\/article\\\/yaqub-eyyubovun-sefer-arabasi\\\/#primaryimage\"},\"thumbnailUrl\":\"https:\\\/\\\/www.meydan.tv\\\/wp-content\\\/uploads\\\/yaqub-eyyubov-putin.jpg\",\"datePublished\":\"2019-07-09T16:42:14+00:00\",\"breadcrumb\":{\"@id\":\"https:\\\/\\\/www.meydan.tv\\\/az\\\/article\\\/yaqub-eyyubovun-sefer-arabasi\\\/#breadcrumb\"},\"inLanguage\":\"az\",\"potentialAction\":[{\"@type\":\"ReadAction\",\"target\":[\"https:\\\/\\\/www.meydan.tv\\\/az\\\/article\\\/yaqub-eyyubovun-sefer-arabasi\\\/\"]}]},{\"@type\":\"ImageObject\",\"inLanguage\":\"az\",\"@id\":\"https:\\\/\\\/www.meydan.tv\\\/az\\\/article\\\/yaqub-eyyubovun-sefer-arabasi\\\/#primaryimage\",\"url\":\"https:\\\/\\\/www.meydan.tv\\\/wp-content\\\/uploads\\\/yaqub-eyyubov-putin.jpg\",\"contentUrl\":\"https:\\\/\\\/www.meydan.tv\\\/wp-content\\\/uploads\\\/yaqub-eyyubov-putin.jpg\",\"width\":1880,\"height\":1160,\"caption\":\"Source: Meydan TV\"},{\"@type\":\"BreadcrumbList\",\"@id\":\"https:\\\/\\\/www.meydan.tv\\\/az\\\/article\\\/yaqub-eyyubovun-sefer-arabasi\\\/#breadcrumb\",\"itemListElement\":[{\"@type\":\"ListItem\",\"position\":1,\"name\":\"Ana s\u0259hif\u0259\",\"item\":\"https:\\\/\\\/www.meydan.tv\\\/az\\\/\"},{\"@type\":\"ListItem\",\"position\":2,\"name\":\"Ara\u015fd\u0131rma\",\"item\":\"https:\\\/\\\/www.meydan.tv\\\/az\\\/section\\\/arasdirma\\\/\"},{\"@type\":\"ListItem\",\"position\":3,\"name\":\"Yaqub Eyyubovun s\u0259f\u0259r arabas\u0131\"}]},{\"@type\":\"WebSite\",\"@id\":\"https:\\\/\\\/www.meydan.tv\\\/az\\\/#website\",\"url\":\"https:\\\/\\\/www.meydan.tv\\\/az\\\/\",\"name\":\"MEYDAN.TV\",\"description\":\"Meydan TV Az\u0259rbaycan\u0131n media m\u0259kan\u0131ndak\u0131 alternativ s\u0259sidir\",\"publisher\":{\"@id\":\"https:\\\/\\\/www.meydan.tv\\\/az\\\/#organization\"},\"potentialAction\":[{\"@type\":\"SearchAction\",\"target\":{\"@type\":\"EntryPoint\",\"urlTemplate\":\"https:\\\/\\\/www.meydan.tv\\\/az\\\/?s={search_term_string}\"},\"query-input\":{\"@type\":\"PropertyValueSpecification\",\"valueRequired\":true,\"valueName\":\"search_term_string\"}}],\"inLanguage\":\"az\"},{\"@type\":\"Organization\",\"@id\":\"https:\\\/\\\/www.meydan.tv\\\/az\\\/#organization\",\"name\":\"Meydan TV\",\"url\":\"https:\\\/\\\/www.meydan.tv\\\/az\\\/\",\"logo\":{\"@type\":\"ImageObject\",\"inLanguage\":\"az\",\"@id\":\"https:\\\/\\\/www.meydan.tv\\\/az\\\/#\\\/schema\\\/logo\\\/image\\\/\",\"url\":\"https:\\\/\\\/www.meydan.tv\\\/wp-content\\\/uploads\\\/2021\\\/07\\\/meydan-logo.svg\",\"contentUrl\":\"https:\\\/\\\/www.meydan.tv\\\/wp-content\\\/uploads\\\/2021\\\/07\\\/meydan-logo.svg\",\"width\":195,\"height\":46,\"caption\":\"Meydan TV\"},\"image\":{\"@id\":\"https:\\\/\\\/www.meydan.tv\\\/az\\\/#\\\/schema\\\/logo\\\/image\\\/\"}},{\"@type\":\"Person\",\"@id\":\"https:\\\/\\\/www.meydan.tv\\\/az\\\/#\\\/schema\\\/person\\\/10d11eccf6da3662cf5fdab9806ea91a\",\"name\":\"user-manager\"}]}<\/script>\n<!-- \/ Yoast SEO plugin. -->","yoast_head_json":{"title":"Yaqub Eyyubovun s\u0259f\u0259r arabas\u0131 - MEYDAN.TV","robots":{"index":"index","follow":"follow","max-snippet":"max-snippet:-1","max-image-preview":"max-image-preview:large","max-video-preview":"max-video-preview:-1"},"canonical":"https:\/\/www.meydan.tv\/az\/article\/yaqub-eyyubovun-sefer-arabasi\/","og_locale":"az_AZ","og_type":"article","og_title":"Yaqub Eyyubovun s\u0259f\u0259r arabas\u0131 - MEYDAN.TV","og_description":"Ba\u015f nazirin birinci m\u00fcavininin ail\u0259 biznesi geni\u015fl\u0259nir","og_url":"https:\/\/www.meydan.tv\/az\/article\/yaqub-eyyubovun-sefer-arabasi\/","og_site_name":"MEYDAN.TV","article_published_time":"2019-07-09T16:42:14+00:00","og_image":[{"width":1880,"height":1160,"url":"https:\/\/www.meydan.tv\/wp-content\/uploads\/yaqub-eyyubov-putin.jpg","type":"image\/jpeg"}],"author":"user-manager","twitter_card":"summary_large_image","schema":{"@context":"https:\/\/schema.org","@graph":[{"@type":"Article","@id":"https:\/\/www.meydan.tv\/az\/article\/yaqub-eyyubovun-sefer-arabasi\/#article","isPartOf":{"@id":"https:\/\/www.meydan.tv\/az\/article\/yaqub-eyyubovun-sefer-arabasi\/"},"author":{"name":"user-manager","@id":"https:\/\/www.meydan.tv\/az\/#\/schema\/person\/10d11eccf6da3662cf5fdab9806ea91a"},"headline":"Yaqub Eyyubovun s\u0259f\u0259r arabas\u0131","datePublished":"2019-07-09T16:42:14+00:00","mainEntityOfPage":{"@id":"https:\/\/www.meydan.tv\/az\/article\/yaqub-eyyubovun-sefer-arabasi\/"},"wordCount":2674,"publisher":{"@id":"https:\/\/www.meydan.tv\/az\/#organization"},"image":{"@id":"https:\/\/www.meydan.tv\/az\/article\/yaqub-eyyubovun-sefer-arabasi\/#primaryimage"},"thumbnailUrl":"https:\/\/www.meydan.tv\/wp-content\/uploads\/yaqub-eyyubov-putin.jpg","articleSection":["Ara\u015fd\u0131rma"],"inLanguage":"az"},{"@type":"WebPage","@id":"https:\/\/www.meydan.tv\/az\/article\/yaqub-eyyubovun-sefer-arabasi\/","url":"https:\/\/www.meydan.tv\/az\/article\/yaqub-eyyubovun-sefer-arabasi\/","name":"Yaqub Eyyubovun s\u0259f\u0259r arabas\u0131 - MEYDAN.TV","isPartOf":{"@id":"https:\/\/www.meydan.tv\/az\/#website"},"primaryImageOfPage":{"@id":"https:\/\/www.meydan.tv\/az\/article\/yaqub-eyyubovun-sefer-arabasi\/#primaryimage"},"image":{"@id":"https:\/\/www.meydan.tv\/az\/article\/yaqub-eyyubovun-sefer-arabasi\/#primaryimage"},"thumbnailUrl":"https:\/\/www.meydan.tv\/wp-content\/uploads\/yaqub-eyyubov-putin.jpg","datePublished":"2019-07-09T16:42:14+00:00","breadcrumb":{"@id":"https:\/\/www.meydan.tv\/az\/article\/yaqub-eyyubovun-sefer-arabasi\/#breadcrumb"},"inLanguage":"az","potentialAction":[{"@type":"ReadAction","target":["https:\/\/www.meydan.tv\/az\/article\/yaqub-eyyubovun-sefer-arabasi\/"]}]},{"@type":"ImageObject","inLanguage":"az","@id":"https:\/\/www.meydan.tv\/az\/article\/yaqub-eyyubovun-sefer-arabasi\/#primaryimage","url":"https:\/\/www.meydan.tv\/wp-content\/uploads\/yaqub-eyyubov-putin.jpg","contentUrl":"https:\/\/www.meydan.tv\/wp-content\/uploads\/yaqub-eyyubov-putin.jpg","width":1880,"height":1160,"caption":"Source: Meydan TV"},{"@type":"BreadcrumbList","@id":"https:\/\/www.meydan.tv\/az\/article\/yaqub-eyyubovun-sefer-arabasi\/#breadcrumb","itemListElement":[{"@type":"ListItem","position":1,"name":"Ana s\u0259hif\u0259","item":"https:\/\/www.meydan.tv\/az\/"},{"@type":"ListItem","position":2,"name":"Ara\u015fd\u0131rma","item":"https:\/\/www.meydan.tv\/az\/section\/arasdirma\/"},{"@type":"ListItem","position":3,"name":"Yaqub Eyyubovun s\u0259f\u0259r arabas\u0131"}]},{"@type":"WebSite","@id":"https:\/\/www.meydan.tv\/az\/#website","url":"https:\/\/www.meydan.tv\/az\/","name":"MEYDAN.TV","description":"Meydan TV Az\u0259rbaycan\u0131n media m\u0259kan\u0131ndak\u0131 alternativ s\u0259sidir","publisher":{"@id":"https:\/\/www.meydan.tv\/az\/#organization"},"potentialAction":[{"@type":"SearchAction","target":{"@type":"EntryPoint","urlTemplate":"https:\/\/www.meydan.tv\/az\/?s={search_term_string}"},"query-input":{"@type":"PropertyValueSpecification","valueRequired":true,"valueName":"search_term_string"}}],"inLanguage":"az"},{"@type":"Organization","@id":"https:\/\/www.meydan.tv\/az\/#organization","name":"Meydan TV","url":"https:\/\/www.meydan.tv\/az\/","logo":{"@type":"ImageObject","inLanguage":"az","@id":"https:\/\/www.meydan.tv\/az\/#\/schema\/logo\/image\/","url":"https:\/\/www.meydan.tv\/wp-content\/uploads\/2021\/07\/meydan-logo.svg","contentUrl":"https:\/\/www.meydan.tv\/wp-content\/uploads\/2021\/07\/meydan-logo.svg","width":195,"height":46,"caption":"Meydan TV"},"image":{"@id":"https:\/\/www.meydan.tv\/az\/#\/schema\/logo\/image\/"}},{"@type":"Person","@id":"https:\/\/www.meydan.tv\/az\/#\/schema\/person\/10d11eccf6da3662cf5fdab9806ea91a","name":"user-manager"}]}},"_links":{"self":[{"href":"https:\/\/www.meydan.tv\/az\/wp-json\/wp\/v2\/posts\/196123","targetHints":{"allow":["GET"]}}],"collection":[{"href":"https:\/\/www.meydan.tv\/az\/wp-json\/wp\/v2\/posts"}],"about":[{"href":"https:\/\/www.meydan.tv\/az\/wp-json\/wp\/v2\/types\/post"}],"author":[{"embeddable":true,"href":"https:\/\/www.meydan.tv\/az\/wp-json\/wp\/v2\/users\/11"}],"replies":[{"embeddable":true,"href":"https:\/\/www.meydan.tv\/az\/wp-json\/wp\/v2\/comments?post=196123"}],"version-history":[{"count":0,"href":"https:\/\/www.meydan.tv\/az\/wp-json\/wp\/v2\/posts\/196123\/revisions"}],"wp:featuredmedia":[{"embeddable":true,"href":"https:\/\/www.meydan.tv\/az\/wp-json\/wp\/v2\/media\/126493"}],"wp:attachment":[{"href":"https:\/\/www.meydan.tv\/az\/wp-json\/wp\/v2\/media?parent=196123"}],"wp:term":[{"taxonomy":"category","embeddable":true,"href":"https:\/\/www.meydan.tv\/az\/wp-json\/wp\/v2\/categories?post=196123"},{"taxonomy":"post_tag","embeddable":true,"href":"https:\/\/www.meydan.tv\/az\/wp-json\/wp\/v2\/tags?post=196123"}],"curies":[{"name":"wp","href":"https:\/\/api.w.org\/{rel}","templated":true}]}}