{"id":196103,"date":"2019-07-08T15:05:21","date_gmt":"2019-07-08T15:05:21","guid":{"rendered":"https:\/\/www.meydan.tv\/article\/kurdemir-sakini-butun-qezali-evleri-tikdiler-bizimkinden-basqa\/"},"modified":"2019-07-08T15:05:21","modified_gmt":"2019-07-08T15:05:21","slug":"kurdemir-sakini-butun-qezali-evleri-tikdiler-bizimkinden-basqa","status":"publish","type":"post","link":"https:\/\/www.meydan.tv\/az\/article\/kurdemir-sakini-butun-qezali-evleri-tikdiler-bizimkinden-basqa\/","title":{"rendered":"K\u00fcrd\u0259mir sakini: B\u00fct\u00fcn q\u0259zal\u0131 evl\u0259ri tikdil\u0259r, bizimkind\u0259n ba\u015fqa"},"content":{"rendered":"<p>\n  <i><br \/>\n    &#x27;&#x27;\u0130ki d\u0259f\u0259 icra ba\u015f\u00e7\u0131s\u0131 d\u0259yi\u015fib, bizim i\u015fimiz\u0259 baxan yoxdur&#x27;&#x27;<br \/>\n  <\/i>\n<\/p>\n<p>\n  K\u00fcrd\u0259mir sakini 63 ya\u015fl\u0131 Solmaz Qas\u0131mova ona qar\u015f\u0131 haqs\u0131zl\u0131q edildiyini s\u00f6yl\u0259yir. Deyir, ill\u0259r \u00f6nc\u0259 K\u00fcrd\u0259mird\u0259 z\u0259lz\u0259l\u0259 olan zaman \u00e7atlam\u0131\u015f, q\u0259zal\u0131 \u015f\u0259rait\u0259 d\u00fc\u015fm\u00fc\u015f evl\u0259rin ham\u0131s\u0131n\u0131 d\u00f6vl\u0259t t\u0259mir edib, yaxud yerind\u0259 ba\u015fqa ev tikib, t\u0259kc\u0259 onlar\u0131n evind\u0259n ba\u015fqa:\n<\/p>\n<p>\n  \u201c\u00d6z\u00fcm d\u0259 t\u0259qa\u00fcd\u00e7\u00fc adamam. Evi d\u0259 g\u00f6r\u00fcrs\u00fcn\u00fcz, bir balaca t\u0259kanda yerl\u0259 yeksan olacaq v\u0259ziyy\u0259td\u0259dir. Evimi t\u0259mir etdirm\u0259y\u0259 v\u0259 ya t\u0259z\u0259 ev tikm\u0259y\u0259 imkan\u0131m yoxdur. Faktiki b\u00fct\u00fcn q\u0259zal\u0131 evl\u0259ri yenid\u0259n tikibl\u0259r, s\u0131ra m\u0259n\u0259 \u00e7atanda niy\u0259 ayr\u0131-se\u00e7kilik edibl\u0259r? M\u0259n d\u0259 Az\u0259rbaycan v\u0259t\u0259nda\u015f\u0131yam, ist\u0259yir\u0259m ham\u0131ya edil\u0259n g\u00fcz\u0259\u015ftd\u0259n m\u0259n d\u0259 faydalan\u0131m\u201d.\n<\/p>\n<p>\n  S.Qas\u0131mova deyir ki, uzun m\u00fcdd\u0259tdir \u00f6vladlar\u0131 il\u0259 birg\u0259 bu q\u0259zal\u0131 evd\u0259 ya\u015fay\u0131r. Onlar\u0131n da evi \u0259vv\u0259lc\u0259 K\u00fcrd\u0259mir Rayon \u0130cra Hakimiyy\u0259tinin q\u0259zal\u0131 evl\u0259r siyah\u0131s\u0131na d\u00fc\u015f\u00fcb:\n<\/p>\n<p>\n  \u201cYazm\u0131\u015fd\u0131lar ki, tikil\u0259c\u0259k. 2012-ci il idi. Kimi siyah\u0131ya alm\u0131\u015fd\u0131larsa, ham\u0131s\u0131na ev tikib verdil\u0259r. Bizim pulumuz olmad\u0131, azdan-\u00e7oxdan h\u00f6rm\u0259t etm\u0259dik dey\u0259, qald\u0131. \u018fvv\u0259lc\u0259 dedil\u0259r, \u201ctik\u0259c\u0259yik, arxay\u0131n olun\u201d. \u0130lb\u0259il g\u00f6zl\u0259dik, tikm\u0259dil\u0259r. Bak\u0131ya q\u0259d\u0259r ad\u0131m\u0131z gedib \u00e7\u0131xd\u0131. Onun \u00fcst\u00fcnd\u0259 2 d\u0259f\u0259 icra ba\u015f\u00e7\u0131s\u0131 d\u0259yi\u015fib, bizim i\u015fimiz\u0259 baxan yoxdur\u201d.\n<\/p>\n<figure class=\"wp-block-image size-large\">\n  <img decoding=\"async\" src=\"https:\/\/www.meydan.tv\/az\/image00002-jpeg-23\/\" alt=\"image00002.jpeg\" class=\"wp-image-126418\"\/><figcaption>\n    Solmaz Qas\u0131movan\u0131n evi<br \/>\n  <\/figcaption><\/figure>\n<p>\n  Solmaz Qas\u0131mova bu ev\u0259 g\u0259lin g\u0259lib. Ev 1983-c\u00fc ild\u0259 \u00e7iy k\u0259rpicd\u0259n tikilib. \u015e\u0259raitsizlik, divardak\u0131 \u00e7atlar ilk bax\u0131\u015fdan diqq\u0259t \u00e7\u0259kir:\n<\/p>\n<p>\n  \u201c\u015e\u0259raitsizliyi d\u0259, dar\u0131sqall\u0131\u011f\u0131 da q\u0259bulumdur. M\u0259n raz\u0131, amma t\u0259bii f\u0259lak\u0259t\u0259 d\u0259cavabdeh deyil\u0259m ax\u0131. Z\u0259lz\u0259l\u0259 evimi q\u0259zal\u0131 hala sal\u0131b. \u0130ndi bu evd\u0259 ya\u015famaq t\u0259hl\u00fck\u0259lidir. H\u0259yat yolda\u015f\u0131m\u0131 da \u00e7ox tez itirmi\u015f\u0259m, cavan \u00f6l\u00fcb. U\u015faqlar\u0131 b\u00f6y\u00fck \u00e7\u0259tinlikl\u0259, t\u0259kba\u015f\u0131ma b\u00f6y\u00fctm\u00fc\u015f\u0259m. \u0130ndi n\u0259 onlar\u0131n normal bir i\u015fi var, n\u0259 d\u0259 m\u0259nim. Ev tikm\u0259k is\u0259 asan i\u015f deyil\u201d.\n<\/p>\n<p>\n  S.Qas\u0131mova deyir ki, \u0259g\u0259r h\u0259r il evl\u0259rini y\u00fcng\u00fclvari t\u0259mir etm\u0259s\u0259ydil\u0259r, \u00e7oxdan u\u00e7ub-t\u00f6k\u00fclm\u00fc\u015fd\u00fc:\n<\/p>\n<p>\n  \u201cBiz h\u0259r il bu ev\u0259 \u0259l g\u0259zdiririk. Etm\u0259s\u0259ydik, \u00e7oxdan u\u00e7mu\u015fdu. Birt\u0259h\u0259r saxlam\u0131\u015f\u0131q. \u00d6z\u00fc d\u0259 c\u0259mi bir balaca otaqd\u0131r. He\u00e7 h\u00f6kum\u0259td\u0259n d\u0259 b\u00f6y\u00fck n\u0259s\u0259 ist\u0259mir\u0259m. El\u0259 bu boyda bir ev tikib versin, b\u0259simizdir. Z\u0259lz\u0259l\u0259d\u0259 \u015fkaf\u0131m\u0131z da u\u00e7mu\u015fdu, b\u00fct\u00fcn qab-qaca\u011f\u0131m\u0131z cilik-cilik olmu\u015fdu. \u0130nan\u0131n, bal\u0131 a\u015fa\u011f\u0131 olsa da, z\u0259lz\u0259l\u0259 tez-tez olur. H\u0259r d\u0259f\u0259 d\u0259 \u00fcr\u0259yimiz a\u011fz\u0131m\u0131za g\u0259lir. 3 n\u0259f\u0259rik, o\u011flum, q\u0131z\u0131m v\u0259 m\u0259n. \u00c7ox vaxt qon\u015fular z\u0259lz\u0259l\u0259ni he\u00e7 hiss etmirl\u0259r, amma biz o d\u0259qiq\u0259 bilirik, \u00e7\u00fcnki ev silk\u0259l\u0259nir, q\u0259zal\u0131d\u0131r. N\u0259inki z\u0259lz\u0259l\u0259, k\u00fcl\u0259k \u0259s\u0259nd\u0259 d\u0259 ev t\u0259rp\u0259nir\u201d.\n<\/p>\n<figure class=\"wp-block-image size-large\">\n  <img decoding=\"async\" src=\"https:\/\/www.meydan.tv\/az\/image00003-jpeg-18\/\" alt=\"image00003.jpeg\" class=\"wp-image-126415\"\/><figcaption>\n    m\u0259tb\u0259x<br \/>\n  <\/figcaption><\/figure>\n<p>\n  S.Qas\u0131movan\u0131n ayl\u0131q qazanc\u0131 yaln\u0131z 180 manatl\u0131q pensiyas\u0131d\u0131r. Dediyin\u0259 g\u00f6r\u0259, bu, he\u00e7 d\u0259rmanlar\u0131na \u00e7atm\u0131r:\n<\/p>\n<p>\n  \u201cGedib hardasa qab yuyub, yer s\u00fcp\u00fcr\u0259 d\u0259 bilmir\u0259m. \u00c7\u00fcnki b\u00f6yr\u0259yimin biri yoxdur, dig\u0259rind\u0259 d\u0259 da\u015f \u0259m\u0259l\u0259 g\u0259lib. M\u00fcalic\u0259 etdir\u0259 bilmir\u0259m. \u0130yn\u0259nin biri 25-30 manatd\u0131r. Q\u0131z\u0131m bo\u015fan\u0131b g\u0259lib, o\u011flumun normal i\u015fi yoxdur, qaz bildiri\u015fi paylay\u0131r. Bilinmir h\u0259l\u0259 bu i\u015fd\u0259 davam ed\u0259c\u0259k, ya yox. M\u0259n bilmir\u0259m o pensiyan\u0131 yem\u0259y\u0259, i\u00e7m\u0259y\u0259, kommunala verim, yoxsa iyn\u0259y\u0259-d\u0259rmana. Birt\u0259h\u0259r dolan\u0131r\u0131q\u201d.\n<\/p>\n<p>\n  Onsuz da ki\u00e7ik olan ota\u011f\u0131n t\u0259n ortas\u0131nda dir\u0259k var. Ev sahib\u0259si deyir ki, bunu tavan\u0131n u\u00e7mamas\u0131 \u00fc\u00e7\u00fcn qoydurublar:\n<\/p>\n<p>\n  \u201cD\u0259f\u0259l\u0259rl\u0259 icra hakimiyy\u0259tind\u0259n g\u0259lib bax\u0131blar. He\u00e7 n\u0259 ed\u0259n yoxdur. Baxanlar da deyirl\u0259r ki, b\u0259li, q\u0259zal\u0131d\u0131r. Rayonda evi bu v\u0259ziyy\u0259td\u0259 olmayanlara ev tikildi, biz qald\u0131q. N\u0259 deyim, g\u00f6r\u00fcn\u00fcr, n\u0259s\u0259 umurmu\u015flar, verm\u0259mi\u015fik\u201d.\n<\/p>\n<figure class=\"wp-block-image size-large\">\n  <img decoding=\"async\" src=\"https:\/\/www.meydan.tv\/az\/image00007-jpeg-12\/\" alt=\"image00007.jpeg\" class=\"wp-image-126421\"\/><figcaption>\n    ev<br \/>\n  <\/figcaption><\/figure>\n<p>\n  K\u00fcrd\u0259mir Rayon F\u00f6vq\u0259lad\u0259 Hallar Komissiyas\u0131 is\u0259 v\u0259t\u0259nda\u015f\u0131n onlara deyil, m\u0259tbuata \u00fcz tutmas\u0131ndan naraz\u0131 qal\u0131b. Komissiyadan Meydan TV-y\u0259 deyibl\u0259r ki, v\u0259t\u0259nda\u015f evinin q\u0259zal\u0131 olmas\u0131 il\u0259 ba\u011fl\u0131 m\u0259tbuata yox, onlara m\u00fcraci\u0259t etm\u0259lidir:\n<\/p>\n<p>\n  \u201cBizim \u0259m\u0259kda\u015flar onun evin\u0259 yerind\u0259 bax\u0131\u015f ke\u00e7irib, v\u0259ziyy\u0259tini d\u0259y\u0259rl\u0259ndir\u0259rl\u0259r. \u018fg\u0259r ev h\u0259qiq\u0259t\u0259n q\u0259zal\u0131 v\u0259 ya\u015fanas\u0131 v\u0259ziyy\u0259td\u0259 deyils\u0259, bu zaman Bak\u0131ya m\u0259lumat verilir, b\u00fcdc\u0259 ayr\u0131l\u0131r v\u0259 k\u00f6m\u0259klik g\u00f6st\u0259rilir. Biz\u0259 m\u00fcraci\u0259t etm\u0259yibs\u0259, biz nec\u0259 k\u00f6m\u0259k ed\u0259 bil\u0259rik?\u201d\n<\/p>\n<p>\n  K\u00fcrd\u0259mir Rayon \u0130cra Hakimiyy\u0259tind\u0259n is\u0259 v\u0259t\u0259nda\u015flar\u0131n q\u0259zal\u0131 evl\u0259rini b\u0259rpa etm\u0259k \u00fc\u00e7\u00fcn b\u00fcdc\u0259l\u0259rinin olmad\u0131\u011f\u0131n\u0131 s\u00f6yl\u0259yibl\u0259r.\n<\/p>\n<figure class=\"wp-block-image size-large\">\n  <img decoding=\"async\" src=\"https:\/\/www.meydan.tv\/az\/image00008-jpeg-17\/\" alt=\"image00008.jpeg\" class=\"wp-image-126424\"\/><figcaption>\n    yataq ota\u011f\u0131<br \/>\n  <\/figcaption><\/figure>\n<figure class=\"wp-block-image size-large\">\n  <img decoding=\"async\" src=\"https:\/\/www.meydan.tv\/az\/image00005-jpeg-19\/\" alt=\"image00005.jpeg\" class=\"wp-image-126427\"\/><figcaption>\n    Solmaz Qas\u0131mova<br \/>\n  <\/figcaption><\/figure>\n","protected":false},"excerpt":{"rendered":"<p>K\u00fcrd\u0259mir Rayon F\u00f6vq\u0259lad\u0259 Hallar Komissiyas\u0131 is\u0259 v\u0259t\u0259nda\u015f\u0131n onlara deyil, m\u0259tbuata \u00fcz tutmas\u0131ndan naraz\u0131 qal\u0131b.<\/p>\n","protected":false},"author":11,"featured_media":126412,"comment_status":"closed","ping_status":"open","sticky":false,"template":"","format":"standard","meta":{"_acf_changed":false,"_sitemap_exclude":false,"_sitemap_priority":"","_sitemap_frequency":"","footnotes":""},"categories":[60],"tags":[],"class_list":["post-196103","post","type-post","status-publish","format-standard","has-post-thumbnail","hentry","category-bolge","infinite-scroll-item","generate-columns","tablet-grid-50","mobile-grid-100","grid-parent","grid-33","no-featured-image-padding"],"acf":[],"yoast_head":"<!-- This site is optimized with the Yoast SEO plugin v27.4 - https:\/\/yoast.com\/product\/yoast-seo-wordpress\/ -->\n<title>K\u00fcrd\u0259mir sakini: B\u00fct\u00fcn q\u0259zal\u0131 evl\u0259ri tikdil\u0259r, bizimkind\u0259n ba\u015fqa - MEYDAN.TV<\/title>\n<meta name=\"robots\" content=\"index, follow, max-snippet:-1, max-image-preview:large, max-video-preview:-1\" \/>\n<link rel=\"canonical\" href=\"https:\/\/www.meydan.tv\/az\/article\/kurdemir-sakini-butun-qezali-evleri-tikdiler-bizimkinden-basqa\/\" \/>\n<meta property=\"og:locale\" content=\"az_AZ\" \/>\n<meta property=\"og:type\" content=\"article\" \/>\n<meta property=\"og:title\" content=\"K\u00fcrd\u0259mir sakini: B\u00fct\u00fcn q\u0259zal\u0131 evl\u0259ri tikdil\u0259r, bizimkind\u0259n ba\u015fqa - MEYDAN.TV\" \/>\n<meta property=\"og:description\" content=\"K\u00fcrd\u0259mir Rayon F\u00f6vq\u0259lad\u0259 Hallar Komissiyas\u0131 is\u0259 v\u0259t\u0259nda\u015f\u0131n onlara deyil, m\u0259tbuata \u00fcz tutmas\u0131ndan naraz\u0131 qal\u0131b.\" \/>\n<meta property=\"og:url\" content=\"https:\/\/www.meydan.tv\/az\/article\/kurdemir-sakini-butun-qezali-evleri-tikdiler-bizimkinden-basqa\/\" \/>\n<meta property=\"og:site_name\" content=\"MEYDAN.TV\" \/>\n<meta property=\"article:published_time\" content=\"2019-07-08T15:05:21+00:00\" \/>\n<meta property=\"og:image\" content=\"https:\/\/www.meydan.tv\/wp-content\/uploads\/image00011_fjrqd88.jpeg\" \/>\n\t<meta property=\"og:image:width\" content=\"1365\" \/>\n\t<meta property=\"og:image:height\" content=\"1024\" \/>\n\t<meta property=\"og:image:type\" content=\"image\/jpeg\" \/>\n<meta name=\"author\" content=\"user-manager\" \/>\n<meta name=\"twitter:card\" content=\"summary_large_image\" \/>\n<script type=\"application\/ld+json\" class=\"yoast-schema-graph\">{\"@context\":\"https:\\\/\\\/schema.org\",\"@graph\":[{\"@type\":\"Article\",\"@id\":\"https:\\\/\\\/www.meydan.tv\\\/az\\\/article\\\/kurdemir-sakini-butun-qezali-evleri-tikdiler-bizimkinden-basqa\\\/#article\",\"isPartOf\":{\"@id\":\"https:\\\/\\\/www.meydan.tv\\\/az\\\/article\\\/kurdemir-sakini-butun-qezali-evleri-tikdiler-bizimkinden-basqa\\\/\"},\"author\":{\"name\":\"user-manager\",\"@id\":\"https:\\\/\\\/www.meydan.tv\\\/az\\\/#\\\/schema\\\/person\\\/10d11eccf6da3662cf5fdab9806ea91a\"},\"headline\":\"K\u00fcrd\u0259mir sakini: B\u00fct\u00fcn q\u0259zal\u0131 evl\u0259ri tikdil\u0259r, bizimkind\u0259n ba\u015fqa\",\"datePublished\":\"2019-07-08T15:05:21+00:00\",\"mainEntityOfPage\":{\"@id\":\"https:\\\/\\\/www.meydan.tv\\\/az\\\/article\\\/kurdemir-sakini-butun-qezali-evleri-tikdiler-bizimkinden-basqa\\\/\"},\"wordCount\":949,\"publisher\":{\"@id\":\"https:\\\/\\\/www.meydan.tv\\\/az\\\/#organization\"},\"image\":{\"@id\":\"https:\\\/\\\/www.meydan.tv\\\/az\\\/article\\\/kurdemir-sakini-butun-qezali-evleri-tikdiler-bizimkinden-basqa\\\/#primaryimage\"},\"thumbnailUrl\":\"https:\\\/\\\/www.meydan.tv\\\/wp-content\\\/uploads\\\/image00011_fjrqd88.jpeg\",\"articleSection\":[\"B\u00f6lg\u0259\"],\"inLanguage\":\"az\"},{\"@type\":\"WebPage\",\"@id\":\"https:\\\/\\\/www.meydan.tv\\\/az\\\/article\\\/kurdemir-sakini-butun-qezali-evleri-tikdiler-bizimkinden-basqa\\\/\",\"url\":\"https:\\\/\\\/www.meydan.tv\\\/az\\\/article\\\/kurdemir-sakini-butun-qezali-evleri-tikdiler-bizimkinden-basqa\\\/\",\"name\":\"K\u00fcrd\u0259mir sakini: B\u00fct\u00fcn q\u0259zal\u0131 evl\u0259ri tikdil\u0259r, bizimkind\u0259n ba\u015fqa - MEYDAN.TV\",\"isPartOf\":{\"@id\":\"https:\\\/\\\/www.meydan.tv\\\/az\\\/#website\"},\"primaryImageOfPage\":{\"@id\":\"https:\\\/\\\/www.meydan.tv\\\/az\\\/article\\\/kurdemir-sakini-butun-qezali-evleri-tikdiler-bizimkinden-basqa\\\/#primaryimage\"},\"image\":{\"@id\":\"https:\\\/\\\/www.meydan.tv\\\/az\\\/article\\\/kurdemir-sakini-butun-qezali-evleri-tikdiler-bizimkinden-basqa\\\/#primaryimage\"},\"thumbnailUrl\":\"https:\\\/\\\/www.meydan.tv\\\/wp-content\\\/uploads\\\/image00011_fjrqd88.jpeg\",\"datePublished\":\"2019-07-08T15:05:21+00:00\",\"breadcrumb\":{\"@id\":\"https:\\\/\\\/www.meydan.tv\\\/az\\\/article\\\/kurdemir-sakini-butun-qezali-evleri-tikdiler-bizimkinden-basqa\\\/#breadcrumb\"},\"inLanguage\":\"az\",\"potentialAction\":[{\"@type\":\"ReadAction\",\"target\":[\"https:\\\/\\\/www.meydan.tv\\\/az\\\/article\\\/kurdemir-sakini-butun-qezali-evleri-tikdiler-bizimkinden-basqa\\\/\"]}]},{\"@type\":\"ImageObject\",\"inLanguage\":\"az\",\"@id\":\"https:\\\/\\\/www.meydan.tv\\\/az\\\/article\\\/kurdemir-sakini-butun-qezali-evleri-tikdiler-bizimkinden-basqa\\\/#primaryimage\",\"url\":\"https:\\\/\\\/www.meydan.tv\\\/wp-content\\\/uploads\\\/image00011_fjrqd88.jpeg\",\"contentUrl\":\"https:\\\/\\\/www.meydan.tv\\\/wp-content\\\/uploads\\\/image00011_fjrqd88.jpeg\",\"width\":1365,\"height\":1024,\"caption\":\"Source: Foto: meydan.tv\"},{\"@type\":\"BreadcrumbList\",\"@id\":\"https:\\\/\\\/www.meydan.tv\\\/az\\\/article\\\/kurdemir-sakini-butun-qezali-evleri-tikdiler-bizimkinden-basqa\\\/#breadcrumb\",\"itemListElement\":[{\"@type\":\"ListItem\",\"position\":1,\"name\":\"Ana s\u0259hif\u0259\",\"item\":\"https:\\\/\\\/www.meydan.tv\\\/az\\\/\"},{\"@type\":\"ListItem\",\"position\":2,\"name\":\"B\u00f6lg\u0259\",\"item\":\"https:\\\/\\\/www.meydan.tv\\\/az\\\/section\\\/bolge\\\/\"},{\"@type\":\"ListItem\",\"position\":3,\"name\":\"K\u00fcrd\u0259mir sakini: B\u00fct\u00fcn q\u0259zal\u0131 evl\u0259ri tikdil\u0259r, bizimkind\u0259n ba\u015fqa\"}]},{\"@type\":\"WebSite\",\"@id\":\"https:\\\/\\\/www.meydan.tv\\\/az\\\/#website\",\"url\":\"https:\\\/\\\/www.meydan.tv\\\/az\\\/\",\"name\":\"MEYDAN.TV\",\"description\":\"Meydan TV Az\u0259rbaycan\u0131n media m\u0259kan\u0131ndak\u0131 alternativ s\u0259sidir\",\"publisher\":{\"@id\":\"https:\\\/\\\/www.meydan.tv\\\/az\\\/#organization\"},\"potentialAction\":[{\"@type\":\"SearchAction\",\"target\":{\"@type\":\"EntryPoint\",\"urlTemplate\":\"https:\\\/\\\/www.meydan.tv\\\/az\\\/?s={search_term_string}\"},\"query-input\":{\"@type\":\"PropertyValueSpecification\",\"valueRequired\":true,\"valueName\":\"search_term_string\"}}],\"inLanguage\":\"az\"},{\"@type\":\"Organization\",\"@id\":\"https:\\\/\\\/www.meydan.tv\\\/az\\\/#organization\",\"name\":\"Meydan TV\",\"url\":\"https:\\\/\\\/www.meydan.tv\\\/az\\\/\",\"logo\":{\"@type\":\"ImageObject\",\"inLanguage\":\"az\",\"@id\":\"https:\\\/\\\/www.meydan.tv\\\/az\\\/#\\\/schema\\\/logo\\\/image\\\/\",\"url\":\"https:\\\/\\\/www.meydan.tv\\\/wp-content\\\/uploads\\\/2021\\\/07\\\/meydan-logo.svg\",\"contentUrl\":\"https:\\\/\\\/www.meydan.tv\\\/wp-content\\\/uploads\\\/2021\\\/07\\\/meydan-logo.svg\",\"width\":195,\"height\":46,\"caption\":\"Meydan TV\"},\"image\":{\"@id\":\"https:\\\/\\\/www.meydan.tv\\\/az\\\/#\\\/schema\\\/logo\\\/image\\\/\"}},{\"@type\":\"Person\",\"@id\":\"https:\\\/\\\/www.meydan.tv\\\/az\\\/#\\\/schema\\\/person\\\/10d11eccf6da3662cf5fdab9806ea91a\",\"name\":\"user-manager\"}]}<\/script>\n<!-- \/ Yoast SEO plugin. -->","yoast_head_json":{"title":"K\u00fcrd\u0259mir sakini: B\u00fct\u00fcn q\u0259zal\u0131 evl\u0259ri tikdil\u0259r, bizimkind\u0259n ba\u015fqa - MEYDAN.TV","robots":{"index":"index","follow":"follow","max-snippet":"max-snippet:-1","max-image-preview":"max-image-preview:large","max-video-preview":"max-video-preview:-1"},"canonical":"https:\/\/www.meydan.tv\/az\/article\/kurdemir-sakini-butun-qezali-evleri-tikdiler-bizimkinden-basqa\/","og_locale":"az_AZ","og_type":"article","og_title":"K\u00fcrd\u0259mir sakini: B\u00fct\u00fcn q\u0259zal\u0131 evl\u0259ri tikdil\u0259r, bizimkind\u0259n ba\u015fqa - MEYDAN.TV","og_description":"K\u00fcrd\u0259mir Rayon F\u00f6vq\u0259lad\u0259 Hallar Komissiyas\u0131 is\u0259 v\u0259t\u0259nda\u015f\u0131n onlara deyil, m\u0259tbuata \u00fcz tutmas\u0131ndan naraz\u0131 qal\u0131b.","og_url":"https:\/\/www.meydan.tv\/az\/article\/kurdemir-sakini-butun-qezali-evleri-tikdiler-bizimkinden-basqa\/","og_site_name":"MEYDAN.TV","article_published_time":"2019-07-08T15:05:21+00:00","og_image":[{"width":1365,"height":1024,"url":"https:\/\/www.meydan.tv\/wp-content\/uploads\/image00011_fjrqd88.jpeg","type":"image\/jpeg"}],"author":"user-manager","twitter_card":"summary_large_image","schema":{"@context":"https:\/\/schema.org","@graph":[{"@type":"Article","@id":"https:\/\/www.meydan.tv\/az\/article\/kurdemir-sakini-butun-qezali-evleri-tikdiler-bizimkinden-basqa\/#article","isPartOf":{"@id":"https:\/\/www.meydan.tv\/az\/article\/kurdemir-sakini-butun-qezali-evleri-tikdiler-bizimkinden-basqa\/"},"author":{"name":"user-manager","@id":"https:\/\/www.meydan.tv\/az\/#\/schema\/person\/10d11eccf6da3662cf5fdab9806ea91a"},"headline":"K\u00fcrd\u0259mir sakini: B\u00fct\u00fcn q\u0259zal\u0131 evl\u0259ri tikdil\u0259r, bizimkind\u0259n ba\u015fqa","datePublished":"2019-07-08T15:05:21+00:00","mainEntityOfPage":{"@id":"https:\/\/www.meydan.tv\/az\/article\/kurdemir-sakini-butun-qezali-evleri-tikdiler-bizimkinden-basqa\/"},"wordCount":949,"publisher":{"@id":"https:\/\/www.meydan.tv\/az\/#organization"},"image":{"@id":"https:\/\/www.meydan.tv\/az\/article\/kurdemir-sakini-butun-qezali-evleri-tikdiler-bizimkinden-basqa\/#primaryimage"},"thumbnailUrl":"https:\/\/www.meydan.tv\/wp-content\/uploads\/image00011_fjrqd88.jpeg","articleSection":["B\u00f6lg\u0259"],"inLanguage":"az"},{"@type":"WebPage","@id":"https:\/\/www.meydan.tv\/az\/article\/kurdemir-sakini-butun-qezali-evleri-tikdiler-bizimkinden-basqa\/","url":"https:\/\/www.meydan.tv\/az\/article\/kurdemir-sakini-butun-qezali-evleri-tikdiler-bizimkinden-basqa\/","name":"K\u00fcrd\u0259mir sakini: B\u00fct\u00fcn q\u0259zal\u0131 evl\u0259ri tikdil\u0259r, bizimkind\u0259n ba\u015fqa - MEYDAN.TV","isPartOf":{"@id":"https:\/\/www.meydan.tv\/az\/#website"},"primaryImageOfPage":{"@id":"https:\/\/www.meydan.tv\/az\/article\/kurdemir-sakini-butun-qezali-evleri-tikdiler-bizimkinden-basqa\/#primaryimage"},"image":{"@id":"https:\/\/www.meydan.tv\/az\/article\/kurdemir-sakini-butun-qezali-evleri-tikdiler-bizimkinden-basqa\/#primaryimage"},"thumbnailUrl":"https:\/\/www.meydan.tv\/wp-content\/uploads\/image00011_fjrqd88.jpeg","datePublished":"2019-07-08T15:05:21+00:00","breadcrumb":{"@id":"https:\/\/www.meydan.tv\/az\/article\/kurdemir-sakini-butun-qezali-evleri-tikdiler-bizimkinden-basqa\/#breadcrumb"},"inLanguage":"az","potentialAction":[{"@type":"ReadAction","target":["https:\/\/www.meydan.tv\/az\/article\/kurdemir-sakini-butun-qezali-evleri-tikdiler-bizimkinden-basqa\/"]}]},{"@type":"ImageObject","inLanguage":"az","@id":"https:\/\/www.meydan.tv\/az\/article\/kurdemir-sakini-butun-qezali-evleri-tikdiler-bizimkinden-basqa\/#primaryimage","url":"https:\/\/www.meydan.tv\/wp-content\/uploads\/image00011_fjrqd88.jpeg","contentUrl":"https:\/\/www.meydan.tv\/wp-content\/uploads\/image00011_fjrqd88.jpeg","width":1365,"height":1024,"caption":"Source: Foto: meydan.tv"},{"@type":"BreadcrumbList","@id":"https:\/\/www.meydan.tv\/az\/article\/kurdemir-sakini-butun-qezali-evleri-tikdiler-bizimkinden-basqa\/#breadcrumb","itemListElement":[{"@type":"ListItem","position":1,"name":"Ana s\u0259hif\u0259","item":"https:\/\/www.meydan.tv\/az\/"},{"@type":"ListItem","position":2,"name":"B\u00f6lg\u0259","item":"https:\/\/www.meydan.tv\/az\/section\/bolge\/"},{"@type":"ListItem","position":3,"name":"K\u00fcrd\u0259mir sakini: B\u00fct\u00fcn q\u0259zal\u0131 evl\u0259ri tikdil\u0259r, bizimkind\u0259n ba\u015fqa"}]},{"@type":"WebSite","@id":"https:\/\/www.meydan.tv\/az\/#website","url":"https:\/\/www.meydan.tv\/az\/","name":"MEYDAN.TV","description":"Meydan TV Az\u0259rbaycan\u0131n media m\u0259kan\u0131ndak\u0131 alternativ s\u0259sidir","publisher":{"@id":"https:\/\/www.meydan.tv\/az\/#organization"},"potentialAction":[{"@type":"SearchAction","target":{"@type":"EntryPoint","urlTemplate":"https:\/\/www.meydan.tv\/az\/?s={search_term_string}"},"query-input":{"@type":"PropertyValueSpecification","valueRequired":true,"valueName":"search_term_string"}}],"inLanguage":"az"},{"@type":"Organization","@id":"https:\/\/www.meydan.tv\/az\/#organization","name":"Meydan TV","url":"https:\/\/www.meydan.tv\/az\/","logo":{"@type":"ImageObject","inLanguage":"az","@id":"https:\/\/www.meydan.tv\/az\/#\/schema\/logo\/image\/","url":"https:\/\/www.meydan.tv\/wp-content\/uploads\/2021\/07\/meydan-logo.svg","contentUrl":"https:\/\/www.meydan.tv\/wp-content\/uploads\/2021\/07\/meydan-logo.svg","width":195,"height":46,"caption":"Meydan TV"},"image":{"@id":"https:\/\/www.meydan.tv\/az\/#\/schema\/logo\/image\/"}},{"@type":"Person","@id":"https:\/\/www.meydan.tv\/az\/#\/schema\/person\/10d11eccf6da3662cf5fdab9806ea91a","name":"user-manager"}]}},"_links":{"self":[{"href":"https:\/\/www.meydan.tv\/az\/wp-json\/wp\/v2\/posts\/196103","targetHints":{"allow":["GET"]}}],"collection":[{"href":"https:\/\/www.meydan.tv\/az\/wp-json\/wp\/v2\/posts"}],"about":[{"href":"https:\/\/www.meydan.tv\/az\/wp-json\/wp\/v2\/types\/post"}],"author":[{"embeddable":true,"href":"https:\/\/www.meydan.tv\/az\/wp-json\/wp\/v2\/users\/11"}],"replies":[{"embeddable":true,"href":"https:\/\/www.meydan.tv\/az\/wp-json\/wp\/v2\/comments?post=196103"}],"version-history":[{"count":0,"href":"https:\/\/www.meydan.tv\/az\/wp-json\/wp\/v2\/posts\/196103\/revisions"}],"wp:featuredmedia":[{"embeddable":true,"href":"https:\/\/www.meydan.tv\/az\/wp-json\/wp\/v2\/media\/126412"}],"wp:attachment":[{"href":"https:\/\/www.meydan.tv\/az\/wp-json\/wp\/v2\/media?parent=196103"}],"wp:term":[{"taxonomy":"category","embeddable":true,"href":"https:\/\/www.meydan.tv\/az\/wp-json\/wp\/v2\/categories?post=196103"},{"taxonomy":"post_tag","embeddable":true,"href":"https:\/\/www.meydan.tv\/az\/wp-json\/wp\/v2\/tags?post=196103"}],"curies":[{"name":"wp","href":"https:\/\/api.w.org\/{rel}","templated":true}]}}