{"id":196088,"date":"2019-07-05T14:27:29","date_gmt":"2019-07-05T14:27:29","guid":{"rendered":"https:\/\/www.meydan.tv\/article\/azyasli-ovladimla-birge-acindan-olmeye-mehkum-edilmisik\/"},"modified":"2019-07-05T14:27:29","modified_gmt":"2019-07-05T14:27:29","slug":"azyasli-ovladimla-birge-acindan-olmeye-mehkum-edilmisik","status":"publish","type":"post","link":"https:\/\/www.meydan.tv\/az\/article\/azyasli-ovladimla-birge-acindan-olmeye-mehkum-edilmisik\/","title":{"rendered":"&#8221;Azya\u015fl\u0131 \u00f6vlad\u0131mla birg\u0259 ac\u0131ndan \u00f6lm\u0259y\u0259 m\u0259hkum edilmi\u015fik&#8221;"},"content":{"rendered":"<p>\n  <i><br \/>\n    &#x27;&#x27;M\u0259n ax\u0131r\u0131nc\u0131 d\u0259f\u0259 n\u0259 vaxt 400 manat\u0131 bir yerd\u0259 \u0259limd\u0259 tutdu\u011fumu xat\u0131rlam\u0131ram&#x27;&#x27;<br \/>\n  <\/i>\n<\/p>\n<p>\n  \u201cD\u00f6vl\u0259t m\u0259n\u0259 pay torpa\u011f\u0131 verib dey\u0259, ald\u0131\u011f\u0131m\u0131z \u00fcnvanl\u0131 sosial yard\u0131m\u0131 k\u0259sibl\u0259r. G\u00f6zd\u0259n \u0259lil oldu\u011fum \u00fc\u00e7\u00fcn d\u0259 h\u0259min torpa\u011f\u0131 \u0259kib-bec\u0259r\u0259, aidiyyat\u0131 \u00fczr\u0259 istifad\u0259 ed\u0259 bilmir\u0259m. Bel\u0259 \u00e7\u0131x\u0131r ki, azya\u015fl\u0131 \u00f6vlad\u0131mla birg\u0259 ac\u0131ndan \u00f6lm\u0259y\u0259 m\u0259hkum edilmi\u015fik. \u00c7\u00fcnki ba\u015fqa g\u0259lir m\u0259nb\u0259yimiz yoxdur\u201d.\n<\/p>\n<p>\n  Ucar\u0131n Qazyan k\u0259ndinin sakini Rafiq Q\u0259dirov bel\u0259 deyir. O, birinci qrup g\u00f6zd\u0259n \u0259lildir. Evlidir, bir \u00f6vlad\u0131 var. \u018fm\u0259k qabiliyy\u0259ti olmad\u0131\u011f\u0131ndan ill\u0259rdir d\u00f6vl\u0259td\u0259n \u00fcnvanl\u0131 sosial yard\u0131m almaqla, dolan\u0131rm\u0131\u015f. Bir ne\u00e7\u0259 ildir ki, ald\u0131\u011f\u0131 yard\u0131m k\u0259silib. S\u0259b\u0259b kimi d\u0259 ad\u0131na pay torpa\u011f\u0131n\u0131n oldu\u011fu g\u00f6st\u0259rilib.\n<\/p>\n<p>\n  R.Q\u0259dirov deyir ki, yard\u0131m\u0131n b\u0259rpa edilm\u0259si \u00fc\u00e7\u00fcn ona torpa\u011f\u0131 qohumlar\u0131n\u0131n ad\u0131na ke\u00e7irm\u0259yi v\u0259 ya ba\u011f\u0131\u015flama\u011f\u0131 m\u0259sl\u0259h\u0259t g\u00f6r\u00fcrl\u0259r. Ancaq bunun \u00fc\u00e7\u00fcn t\u0259l\u0259b olunan d\u00f6vl\u0259t r\u00fcsumu \u00e7oxdur, imkan\u0131 \u00e7atm\u0131r:\n<\/p>\n<p>\n  \u201cDeyirl\u0259r, \u201cget torpa\u011fa kup\u00e7a al\u201d. Bu da edir 270 manat. Sonra da ad\u0131mdan \u00e7\u0131xar\u0131b ba\u015fqas\u0131n\u0131n ad\u0131na ke\u00e7irm\u0259mi t\u00f6vsiy\u0259 edirl\u0259r. Bunun da r\u00fcsumu 170 manatd\u0131r. Ham\u0131s\u0131 birlikd\u0259 440 manat. M\u0259n bu q\u0259d\u0259r pulu haradan al\u0131m? H\u0259l\u0259 bunun yolpulu, \u0259lav\u0259 x\u0259rcl\u0259ri var\u201d.\n<\/p>\n<figure class=\"wp-block-image size-large\">\n  <img decoding=\"async\" src=\"https:\/\/www.meydan.tv\/az\/image00005-jpeg-18\/\" alt=\"image00005.jpeg\" class=\"wp-image-126370\"\/><figcaption>\n    Rafiq Q\u0259dirovun evi<br \/>\n  <\/figcaption><\/figure>\n<p>\n  R.Q\u0259dirov deyir ki, onun 440 manat\u0131 olsayd\u0131, \u00fcnvanl\u0131 sosial yard\u0131ma ehtiyac\u0131 olmazd\u0131:\n<\/p>\n<p>\n  \u201cM\u0259nim bu q\u0259d\u0259r pulum varsa, neyl\u0259yir\u0259m sosial yard\u0131m\u0131? 150 manat al\u0131rd\u0131m. 4 n\u0259f\u0259r idik. \u00d6vlad\u0131m\u0131n biri r\u0259hm\u0259t\u0259 getdi dey\u0259, yard\u0131m\u0131n 20 manat\u0131n\u0131 k\u0259sdil\u0259r. Qald\u0131 130 manat\u0131. Sonradan onu da k\u0259sdil\u0259r ki, guya pay topra\u011f\u0131m var, \u0259kib-bec\u0259rib, dolan\u0131m. M\u0259nim d\u0259 g\u00f6zl\u0259rim g\u00f6rm\u00fcr. \u018fm\u0259k qabiliyy\u0259tli biri deyil\u0259m. Ona g\u00f6r\u0259 \u00e7\u0259tindir, t\u0259s\u0259rr\u00fcfat i\u015fi m\u0259nlik deyil\u201d.\n<\/p>\n<p>\n  R.Q\u0259dirov problemi il\u0259 ba\u011fl\u0131 \u00f6t\u0259n il \u018fm\u0259k v\u0259 \u018fhalinin Sosial M\u00fcdafi\u0259si Nazirliyin\u0259 d\u0259 m\u00fcraci\u0259t edib. Deyir, nazirlikd\u0259n ona g\u00f6zd\u0259n \u0259lil oldu\u011fu \u00fc\u00e7\u00fcn yard\u0131m\u0131n b\u0259rpa edil\u0259 bil\u0259c\u0259yini s\u00f6yl\u0259yibl\u0259r, amma faydas\u0131 olmay\u0131b. Yerli qurumlar \u015fikay\u0259tin\u0259 baxmay\u0131blar:\n<\/p>\n<p>\n  \u201c\u018fvv\u0259la, m\u0259n pay torpa\u011f\u0131ndan istifad\u0259 ed\u0259 bilmir\u0259m. \u0130kincisi d\u0259, yeni qanuna g\u00f6r\u0259 pay torpa\u011f\u0131n\u0131n yard\u0131m alma\u011fa he\u00e7 bir aidiyyat\u0131 yoxdur. M\u0259nim yard\u0131m\u0131m\u0131 niy\u0259 k\u0259sibl\u0259r, bilmir\u0259m. Hara da m\u00fcraci\u0259t edirik, ya deyirl\u0259r, \u201cbizlik deyil\u201d, ya da i\u00e7ind\u0259n \u00e7\u0131xa bilm\u0259diyim yol g\u00f6st\u0259rirl\u0259r. Bel\u0259 d\u0259 \u015fey olar?\u201d\n<\/p>\n<p>\n  R.Q\u0259dirov deyir ki, n\u0259 torpa\u011fa \u201ckup\u00e7a\u201d almaq, n\u0259 d\u0259 onu ba\u015fqas\u0131n\u0131n ad\u0131na ke\u00e7irm\u0259k \u00fc\u00e7\u00fcn g\u00f6st\u0259ril\u0259n xidm\u0259tl\u0259rin he\u00e7 biri pulsuz deyil. Onun g\u00fcc\u00fc \u00e7atmayacaq m\u0259bl\u0259\u011fdir &#8211; 440 manatd\u0131r:\n<\/p>\n<p>\n  \u201cM\u0259n ax\u0131r\u0131nc\u0131 d\u0259f\u0259 n\u0259 vaxt 400 manat\u0131 bir yerd\u0259 \u0259limd\u0259 tutdu\u011fumu xat\u0131rlam\u0131ram. Bilirsiz, d\u0259rd bir-iki deyil. Gec ail\u0259 qurmu\u015fam. \u00d6vlad\u0131m ki\u00e7ikdir, m\u0259kt\u0259blidir. \u0130nan\u0131n \u0259ynini-ba\u015f\u0131n\u0131, kitab-d\u0259ft\u0259rini \u00e7atd\u0131ra bilmirik. U\u015fa\u011f\u0131n yan\u0131nda da \u00fcz\u00fcqaray\u0131q. D\u0259f\u0259l\u0259rl\u0259 Ucara getmi\u015f\u0259m. Ax\u0131r\u0131nc\u0131 d\u0259f\u0259 icra hakimiyy\u0259tin\u0259 getdim. Dedim, u\u015fa\u011f\u0131m\u0131 m\u0259kt\u0259b\u0259 g\u00f6nd\u0259r\u0259 bilmir\u0259m, geyimi yoxdur. Sonradan u\u015fa\u011fa paltar g\u00f6nd\u0259rmi\u015fdil\u0259r. Biz u\u015fa\u011fa 50-60 manat verib pal-paltar ala bilmirik. Deyirl\u0259r 440 manat ver torpaq i\u015fini h\u0259ll et\u201d.\n<\/p>\n<p>\n  R.Q\u0259dirov deyir ki, ill\u0259rdir yard\u0131m\u0131n\u0131 k\u0259sibl\u0259r. He\u00e7 maraqlanmay\u0131blar da ki, onlar nec\u0259 dolan\u0131r, n\u0259 yeyib, n\u0259 i\u00e7irl\u0259r:\n<\/p>\n<p>\n  \u201c\u00d6z\u00fc d\u0259, m\u0259n bilir\u0259m, 440 manatla can\u0131m\u0131z\u0131 qurtaran deyilik. \u0130dar\u0259 qap\u0131lar\u0131nda s\u00fcr\u00fcn\u0259c\u0259yik. Get-g\u0259l\u0259 d\u0259 n\u0259 q\u0259d\u0259r x\u0259rcimiz \u00e7\u0131xacaq. \u00dcst\u0259lik, g\u00f6z\u00fcm g\u00f6rm\u00fcr, he\u00e7 yer\u0259 t\u0259k ged\u0259 bilmir\u0259m. Yolda\u015f\u0131mla getm\u0259li olaca\u011fam. Getm\u0259k \u00fc\u00e7\u00fcn d\u0259 taksi tutmal\u0131y\u0131q. Bu torpaq i\u015fini h\u0259ll etm\u0259k biz\u0259 500 manata ba\u015fa g\u0259l\u0259c\u0259k. Onu da hardan al\u0131r\u0131q ax\u0131? Borc alma\u011fa bir insan\u0131m\u0131z da yoxdur. Ham\u0131n\u0131n v\u0259ziyy\u0259ti a\u011f\u0131rd\u0131r. \u0130ndiki z\u0259man\u0259d\u0259 he\u00e7 kim\u0259 a\u011f\u0131z a\u00e7mal\u0131 deyil\u201d.\n<\/p>\n<figure class=\"wp-block-image size-large\">\n  <img decoding=\"async\" src=\"https:\/\/www.meydan.tv\/az\/image00004-jpeg-18\/\" alt=\"image00004.jpeg\" class=\"wp-image-126373\"\/><figcaption>\n    Rafiq Q\u0259dirovun evi<br \/>\n  <\/figcaption><\/figure>\n<p>\n  R.Q\u0259dirov deyir, k\u0259nd yeri el\u0259dir ki, g\u0259r\u0259k \u0259kib-bec\u0259r\u0259s\u0259n, mal-heyvan saxlayasan. Buna da onun v\u0259ziyy\u0259ti \u0259l vermir. Bir t\u00f6vl\u0259si var, o da s\u0131n\u0131q-salxaqd\u0131r. Bir-iki heyvan\u0131 var, ona da \u00e7\u0259tinlikl\u0259 bax\u0131r, yeri yoxdur:\n<\/p>\n<p>\n  \u201c\u0130nan\u0131n k\u0259nd yeridir, ancaq dolana bilmirik. \u00c7\u0259tindir. M\u0259nim \u0259lilliyim var, nec\u0259 \u0259kim-bec\u0259rim. K\u0259ndd\u0259 ba\u015fqa c\u00fcr d\u0259 m\u00fcmk\u00fcn deyil ax\u0131\u201d.\n<\/p>\n<p>\n  Meydan TV m\u0259s\u0259l\u0259y\u0259 m\u00fcnasib\u0259t \u00f6yr\u0259nm\u0259k \u00fc\u00e7\u00fcn D\u00f6vl\u0259t Sosial M\u00fcdafi\u0259 Fondunun Ucar Rayon \u015e\u00f6b\u0259si il\u0259 \u0259laq\u0259 saxlay\u0131b. \u015e\u00f6b\u0259nin \u0259m\u0259kda\u015f\u0131 Oruc Piriyev Rafiq Q\u0259dirovun v\u0259ziyy\u0259tind\u0259n x\u0259b\u0259rdar oldu\u011funu s\u00f6yl\u0259yib. Ona k\u00f6m\u0259k etm\u0259k \u00fc\u00e7\u00fcn \u0259ll\u0259rind\u0259n n\u0259s\u0259 g\u0259lm\u0259diyini deyib:\n<\/p>\n<p>\n  \u201cB\u0259li, v\u0259t\u0259nda\u015f\u0131n ad\u0131na torpaq var. Biz bilirik \u0259kib-bec\u0259r\u0259 bilmir, g\u00f6z\u00fc g\u00f6rm\u00fcr. \u018fvv\u0259l sistem \u00f6z \u0259limizd\u0259 olanda g\u00fcz\u0259\u015ft edirdik, k\u00f6m\u0259k g\u00f6st\u0259rirdik. 2016-c\u0131 ilin fevarl\u0131ndan b\u00fct\u00fcn i\u015fi komp\u00fcter sistemin\u0259 k\u00f6\u00e7\u00fcrd\u00fcl\u0259r. \u0130ndi el\u0259dir ki, v\u0259t\u0259nda\u015f s\u0259n\u0259dl\u0259rini, v\u0259ziyy\u0259tini komp\u00fcterl\u0259, elektron qaydada verir. Komp\u00fcter d\u0259 hesablay\u0131b g\u00f6r\u00fcr ki, v\u0259t\u0259nda\u015f\u0131n ad\u0131na torpaq var, sistem deyir, siz\u0259 yard\u0131m d\u00fc\u015fm\u00fcr. Biz buna n\u0259 ed\u0259 bil\u0259rik ki? V\u0259t\u0259nda\u015fa v\u0259ziyy\u0259td\u0259n bir ne\u00e7\u0259 \u00e7\u0131x\u0131\u015f yolu deyilib. G\u00f6r\u00fcn\u00fcr, onunla da raz\u0131 deyil. Biz daha onun \u00fc\u00e7\u00fcn n\u0259 ed\u0259 bil\u0259rik, bilmir\u0259m. H\u0259r \u015feyi izah etmi\u015fik\u201d.\n<\/p>\n<figure class=\"wp-block-image size-large\">\n  <img decoding=\"async\" src=\"https:\/\/www.meydan.tv\/az\/image00001-jpeg-19\/\" alt=\"image00001.jpeg\" class=\"wp-image-126376\"\/><figcaption>\n    Rafiq Q\u0259dirov<br \/>\n  <\/figcaption><\/figure>\n","protected":false},"excerpt":{"rendered":"<p>R.Q\u0259dirov deyir, k\u0259nd yeri el\u0259dir ki, g\u0259r\u0259k \u0259kib-bec\u0259r\u0259s\u0259n, mal-heyvan saxlayasan.<\/p>\n","protected":false},"author":11,"featured_media":126367,"comment_status":"closed","ping_status":"open","sticky":false,"template":"","format":"standard","meta":{"_acf_changed":false,"_sitemap_exclude":false,"_sitemap_priority":"","_sitemap_frequency":"","footnotes":""},"categories":[60],"tags":[],"class_list":["post-196088","post","type-post","status-publish","format-standard","has-post-thumbnail","hentry","category-bolge","infinite-scroll-item","generate-columns","tablet-grid-50","mobile-grid-100","grid-parent","grid-33","no-featured-image-padding"],"acf":[],"yoast_head":"<!-- This site is optimized with the Yoast SEO plugin v27.4 - https:\/\/yoast.com\/product\/yoast-seo-wordpress\/ -->\n<title>&#039;&#039;Azya\u015fl\u0131 \u00f6vlad\u0131mla birg\u0259 ac\u0131ndan \u00f6lm\u0259y\u0259 m\u0259hkum edilmi\u015fik&#039;&#039; - MEYDAN.TV<\/title>\n<meta name=\"robots\" content=\"index, follow, max-snippet:-1, max-image-preview:large, max-video-preview:-1\" \/>\n<link rel=\"canonical\" href=\"https:\/\/www.meydan.tv\/az\/article\/azyasli-ovladimla-birge-acindan-olmeye-mehkum-edilmisik\/\" \/>\n<meta property=\"og:locale\" content=\"az_AZ\" \/>\n<meta property=\"og:type\" content=\"article\" \/>\n<meta property=\"og:title\" content=\"&#039;&#039;Azya\u015fl\u0131 \u00f6vlad\u0131mla birg\u0259 ac\u0131ndan \u00f6lm\u0259y\u0259 m\u0259hkum edilmi\u015fik&#039;&#039; - MEYDAN.TV\" \/>\n<meta property=\"og:description\" content=\"R.Q\u0259dirov deyir, k\u0259nd yeri el\u0259dir ki, g\u0259r\u0259k \u0259kib-bec\u0259r\u0259s\u0259n, mal-heyvan saxlayasan.\" \/>\n<meta property=\"og:url\" content=\"https:\/\/www.meydan.tv\/az\/article\/azyasli-ovladimla-birge-acindan-olmeye-mehkum-edilmisik\/\" \/>\n<meta property=\"og:site_name\" content=\"MEYDAN.TV\" \/>\n<meta property=\"article:published_time\" content=\"2019-07-05T14:27:29+00:00\" \/>\n<meta property=\"og:image\" content=\"https:\/\/www.meydan.tv\/wp-content\/uploads\/image00003_cb5mp6b.jpeg\" \/>\n\t<meta property=\"og:image:width\" content=\"1365\" \/>\n\t<meta property=\"og:image:height\" content=\"1024\" \/>\n\t<meta property=\"og:image:type\" content=\"image\/jpeg\" \/>\n<meta name=\"author\" content=\"user-manager\" \/>\n<meta name=\"twitter:card\" content=\"summary_large_image\" \/>\n<script type=\"application\/ld+json\" class=\"yoast-schema-graph\">{\"@context\":\"https:\\\/\\\/schema.org\",\"@graph\":[{\"@type\":\"Article\",\"@id\":\"https:\\\/\\\/www.meydan.tv\\\/az\\\/article\\\/azyasli-ovladimla-birge-acindan-olmeye-mehkum-edilmisik\\\/#article\",\"isPartOf\":{\"@id\":\"https:\\\/\\\/www.meydan.tv\\\/az\\\/article\\\/azyasli-ovladimla-birge-acindan-olmeye-mehkum-edilmisik\\\/\"},\"author\":{\"name\":\"user-manager\",\"@id\":\"https:\\\/\\\/www.meydan.tv\\\/az\\\/#\\\/schema\\\/person\\\/10d11eccf6da3662cf5fdab9806ea91a\"},\"headline\":\"&#8221;Azya\u015fl\u0131 \u00f6vlad\u0131mla birg\u0259 ac\u0131ndan \u00f6lm\u0259y\u0259 m\u0259hkum edilmi\u015fik&#8221;\",\"datePublished\":\"2019-07-05T14:27:29+00:00\",\"mainEntityOfPage\":{\"@id\":\"https:\\\/\\\/www.meydan.tv\\\/az\\\/article\\\/azyasli-ovladimla-birge-acindan-olmeye-mehkum-edilmisik\\\/\"},\"wordCount\":1092,\"publisher\":{\"@id\":\"https:\\\/\\\/www.meydan.tv\\\/az\\\/#organization\"},\"image\":{\"@id\":\"https:\\\/\\\/www.meydan.tv\\\/az\\\/article\\\/azyasli-ovladimla-birge-acindan-olmeye-mehkum-edilmisik\\\/#primaryimage\"},\"thumbnailUrl\":\"https:\\\/\\\/www.meydan.tv\\\/wp-content\\\/uploads\\\/image00003_cb5mp6b.jpeg\",\"articleSection\":[\"B\u00f6lg\u0259\"],\"inLanguage\":\"az\"},{\"@type\":\"WebPage\",\"@id\":\"https:\\\/\\\/www.meydan.tv\\\/az\\\/article\\\/azyasli-ovladimla-birge-acindan-olmeye-mehkum-edilmisik\\\/\",\"url\":\"https:\\\/\\\/www.meydan.tv\\\/az\\\/article\\\/azyasli-ovladimla-birge-acindan-olmeye-mehkum-edilmisik\\\/\",\"name\":\"''Azya\u015fl\u0131 \u00f6vlad\u0131mla birg\u0259 ac\u0131ndan \u00f6lm\u0259y\u0259 m\u0259hkum edilmi\u015fik'' - MEYDAN.TV\",\"isPartOf\":{\"@id\":\"https:\\\/\\\/www.meydan.tv\\\/az\\\/#website\"},\"primaryImageOfPage\":{\"@id\":\"https:\\\/\\\/www.meydan.tv\\\/az\\\/article\\\/azyasli-ovladimla-birge-acindan-olmeye-mehkum-edilmisik\\\/#primaryimage\"},\"image\":{\"@id\":\"https:\\\/\\\/www.meydan.tv\\\/az\\\/article\\\/azyasli-ovladimla-birge-acindan-olmeye-mehkum-edilmisik\\\/#primaryimage\"},\"thumbnailUrl\":\"https:\\\/\\\/www.meydan.tv\\\/wp-content\\\/uploads\\\/image00003_cb5mp6b.jpeg\",\"datePublished\":\"2019-07-05T14:27:29+00:00\",\"breadcrumb\":{\"@id\":\"https:\\\/\\\/www.meydan.tv\\\/az\\\/article\\\/azyasli-ovladimla-birge-acindan-olmeye-mehkum-edilmisik\\\/#breadcrumb\"},\"inLanguage\":\"az\",\"potentialAction\":[{\"@type\":\"ReadAction\",\"target\":[\"https:\\\/\\\/www.meydan.tv\\\/az\\\/article\\\/azyasli-ovladimla-birge-acindan-olmeye-mehkum-edilmisik\\\/\"]}]},{\"@type\":\"ImageObject\",\"inLanguage\":\"az\",\"@id\":\"https:\\\/\\\/www.meydan.tv\\\/az\\\/article\\\/azyasli-ovladimla-birge-acindan-olmeye-mehkum-edilmisik\\\/#primaryimage\",\"url\":\"https:\\\/\\\/www.meydan.tv\\\/wp-content\\\/uploads\\\/image00003_cb5mp6b.jpeg\",\"contentUrl\":\"https:\\\/\\\/www.meydan.tv\\\/wp-content\\\/uploads\\\/image00003_cb5mp6b.jpeg\",\"width\":1365,\"height\":1024,\"caption\":\"Source: Foto: meydan.tv\"},{\"@type\":\"BreadcrumbList\",\"@id\":\"https:\\\/\\\/www.meydan.tv\\\/az\\\/article\\\/azyasli-ovladimla-birge-acindan-olmeye-mehkum-edilmisik\\\/#breadcrumb\",\"itemListElement\":[{\"@type\":\"ListItem\",\"position\":1,\"name\":\"Ana s\u0259hif\u0259\",\"item\":\"https:\\\/\\\/www.meydan.tv\\\/az\\\/\"},{\"@type\":\"ListItem\",\"position\":2,\"name\":\"B\u00f6lg\u0259\",\"item\":\"https:\\\/\\\/www.meydan.tv\\\/az\\\/section\\\/bolge\\\/\"},{\"@type\":\"ListItem\",\"position\":3,\"name\":\"&#8221;Azya\u015fl\u0131 \u00f6vlad\u0131mla birg\u0259 ac\u0131ndan \u00f6lm\u0259y\u0259 m\u0259hkum edilmi\u015fik&#8221;\"}]},{\"@type\":\"WebSite\",\"@id\":\"https:\\\/\\\/www.meydan.tv\\\/az\\\/#website\",\"url\":\"https:\\\/\\\/www.meydan.tv\\\/az\\\/\",\"name\":\"MEYDAN.TV\",\"description\":\"Meydan TV Az\u0259rbaycan\u0131n media m\u0259kan\u0131ndak\u0131 alternativ s\u0259sidir\",\"publisher\":{\"@id\":\"https:\\\/\\\/www.meydan.tv\\\/az\\\/#organization\"},\"potentialAction\":[{\"@type\":\"SearchAction\",\"target\":{\"@type\":\"EntryPoint\",\"urlTemplate\":\"https:\\\/\\\/www.meydan.tv\\\/az\\\/?s={search_term_string}\"},\"query-input\":{\"@type\":\"PropertyValueSpecification\",\"valueRequired\":true,\"valueName\":\"search_term_string\"}}],\"inLanguage\":\"az\"},{\"@type\":\"Organization\",\"@id\":\"https:\\\/\\\/www.meydan.tv\\\/az\\\/#organization\",\"name\":\"Meydan TV\",\"url\":\"https:\\\/\\\/www.meydan.tv\\\/az\\\/\",\"logo\":{\"@type\":\"ImageObject\",\"inLanguage\":\"az\",\"@id\":\"https:\\\/\\\/www.meydan.tv\\\/az\\\/#\\\/schema\\\/logo\\\/image\\\/\",\"url\":\"https:\\\/\\\/www.meydan.tv\\\/wp-content\\\/uploads\\\/2021\\\/07\\\/meydan-logo.svg\",\"contentUrl\":\"https:\\\/\\\/www.meydan.tv\\\/wp-content\\\/uploads\\\/2021\\\/07\\\/meydan-logo.svg\",\"width\":195,\"height\":46,\"caption\":\"Meydan TV\"},\"image\":{\"@id\":\"https:\\\/\\\/www.meydan.tv\\\/az\\\/#\\\/schema\\\/logo\\\/image\\\/\"}},{\"@type\":\"Person\",\"@id\":\"https:\\\/\\\/www.meydan.tv\\\/az\\\/#\\\/schema\\\/person\\\/10d11eccf6da3662cf5fdab9806ea91a\",\"name\":\"user-manager\"}]}<\/script>\n<!-- \/ Yoast SEO plugin. -->","yoast_head_json":{"title":"''Azya\u015fl\u0131 \u00f6vlad\u0131mla birg\u0259 ac\u0131ndan \u00f6lm\u0259y\u0259 m\u0259hkum edilmi\u015fik'' - MEYDAN.TV","robots":{"index":"index","follow":"follow","max-snippet":"max-snippet:-1","max-image-preview":"max-image-preview:large","max-video-preview":"max-video-preview:-1"},"canonical":"https:\/\/www.meydan.tv\/az\/article\/azyasli-ovladimla-birge-acindan-olmeye-mehkum-edilmisik\/","og_locale":"az_AZ","og_type":"article","og_title":"''Azya\u015fl\u0131 \u00f6vlad\u0131mla birg\u0259 ac\u0131ndan \u00f6lm\u0259y\u0259 m\u0259hkum edilmi\u015fik'' - MEYDAN.TV","og_description":"R.Q\u0259dirov deyir, k\u0259nd yeri el\u0259dir ki, g\u0259r\u0259k \u0259kib-bec\u0259r\u0259s\u0259n, mal-heyvan saxlayasan.","og_url":"https:\/\/www.meydan.tv\/az\/article\/azyasli-ovladimla-birge-acindan-olmeye-mehkum-edilmisik\/","og_site_name":"MEYDAN.TV","article_published_time":"2019-07-05T14:27:29+00:00","og_image":[{"width":1365,"height":1024,"url":"https:\/\/www.meydan.tv\/wp-content\/uploads\/image00003_cb5mp6b.jpeg","type":"image\/jpeg"}],"author":"user-manager","twitter_card":"summary_large_image","schema":{"@context":"https:\/\/schema.org","@graph":[{"@type":"Article","@id":"https:\/\/www.meydan.tv\/az\/article\/azyasli-ovladimla-birge-acindan-olmeye-mehkum-edilmisik\/#article","isPartOf":{"@id":"https:\/\/www.meydan.tv\/az\/article\/azyasli-ovladimla-birge-acindan-olmeye-mehkum-edilmisik\/"},"author":{"name":"user-manager","@id":"https:\/\/www.meydan.tv\/az\/#\/schema\/person\/10d11eccf6da3662cf5fdab9806ea91a"},"headline":"&#8221;Azya\u015fl\u0131 \u00f6vlad\u0131mla birg\u0259 ac\u0131ndan \u00f6lm\u0259y\u0259 m\u0259hkum edilmi\u015fik&#8221;","datePublished":"2019-07-05T14:27:29+00:00","mainEntityOfPage":{"@id":"https:\/\/www.meydan.tv\/az\/article\/azyasli-ovladimla-birge-acindan-olmeye-mehkum-edilmisik\/"},"wordCount":1092,"publisher":{"@id":"https:\/\/www.meydan.tv\/az\/#organization"},"image":{"@id":"https:\/\/www.meydan.tv\/az\/article\/azyasli-ovladimla-birge-acindan-olmeye-mehkum-edilmisik\/#primaryimage"},"thumbnailUrl":"https:\/\/www.meydan.tv\/wp-content\/uploads\/image00003_cb5mp6b.jpeg","articleSection":["B\u00f6lg\u0259"],"inLanguage":"az"},{"@type":"WebPage","@id":"https:\/\/www.meydan.tv\/az\/article\/azyasli-ovladimla-birge-acindan-olmeye-mehkum-edilmisik\/","url":"https:\/\/www.meydan.tv\/az\/article\/azyasli-ovladimla-birge-acindan-olmeye-mehkum-edilmisik\/","name":"''Azya\u015fl\u0131 \u00f6vlad\u0131mla birg\u0259 ac\u0131ndan \u00f6lm\u0259y\u0259 m\u0259hkum edilmi\u015fik'' - MEYDAN.TV","isPartOf":{"@id":"https:\/\/www.meydan.tv\/az\/#website"},"primaryImageOfPage":{"@id":"https:\/\/www.meydan.tv\/az\/article\/azyasli-ovladimla-birge-acindan-olmeye-mehkum-edilmisik\/#primaryimage"},"image":{"@id":"https:\/\/www.meydan.tv\/az\/article\/azyasli-ovladimla-birge-acindan-olmeye-mehkum-edilmisik\/#primaryimage"},"thumbnailUrl":"https:\/\/www.meydan.tv\/wp-content\/uploads\/image00003_cb5mp6b.jpeg","datePublished":"2019-07-05T14:27:29+00:00","breadcrumb":{"@id":"https:\/\/www.meydan.tv\/az\/article\/azyasli-ovladimla-birge-acindan-olmeye-mehkum-edilmisik\/#breadcrumb"},"inLanguage":"az","potentialAction":[{"@type":"ReadAction","target":["https:\/\/www.meydan.tv\/az\/article\/azyasli-ovladimla-birge-acindan-olmeye-mehkum-edilmisik\/"]}]},{"@type":"ImageObject","inLanguage":"az","@id":"https:\/\/www.meydan.tv\/az\/article\/azyasli-ovladimla-birge-acindan-olmeye-mehkum-edilmisik\/#primaryimage","url":"https:\/\/www.meydan.tv\/wp-content\/uploads\/image00003_cb5mp6b.jpeg","contentUrl":"https:\/\/www.meydan.tv\/wp-content\/uploads\/image00003_cb5mp6b.jpeg","width":1365,"height":1024,"caption":"Source: Foto: meydan.tv"},{"@type":"BreadcrumbList","@id":"https:\/\/www.meydan.tv\/az\/article\/azyasli-ovladimla-birge-acindan-olmeye-mehkum-edilmisik\/#breadcrumb","itemListElement":[{"@type":"ListItem","position":1,"name":"Ana s\u0259hif\u0259","item":"https:\/\/www.meydan.tv\/az\/"},{"@type":"ListItem","position":2,"name":"B\u00f6lg\u0259","item":"https:\/\/www.meydan.tv\/az\/section\/bolge\/"},{"@type":"ListItem","position":3,"name":"&#8221;Azya\u015fl\u0131 \u00f6vlad\u0131mla birg\u0259 ac\u0131ndan \u00f6lm\u0259y\u0259 m\u0259hkum edilmi\u015fik&#8221;"}]},{"@type":"WebSite","@id":"https:\/\/www.meydan.tv\/az\/#website","url":"https:\/\/www.meydan.tv\/az\/","name":"MEYDAN.TV","description":"Meydan TV Az\u0259rbaycan\u0131n media m\u0259kan\u0131ndak\u0131 alternativ s\u0259sidir","publisher":{"@id":"https:\/\/www.meydan.tv\/az\/#organization"},"potentialAction":[{"@type":"SearchAction","target":{"@type":"EntryPoint","urlTemplate":"https:\/\/www.meydan.tv\/az\/?s={search_term_string}"},"query-input":{"@type":"PropertyValueSpecification","valueRequired":true,"valueName":"search_term_string"}}],"inLanguage":"az"},{"@type":"Organization","@id":"https:\/\/www.meydan.tv\/az\/#organization","name":"Meydan TV","url":"https:\/\/www.meydan.tv\/az\/","logo":{"@type":"ImageObject","inLanguage":"az","@id":"https:\/\/www.meydan.tv\/az\/#\/schema\/logo\/image\/","url":"https:\/\/www.meydan.tv\/wp-content\/uploads\/2021\/07\/meydan-logo.svg","contentUrl":"https:\/\/www.meydan.tv\/wp-content\/uploads\/2021\/07\/meydan-logo.svg","width":195,"height":46,"caption":"Meydan TV"},"image":{"@id":"https:\/\/www.meydan.tv\/az\/#\/schema\/logo\/image\/"}},{"@type":"Person","@id":"https:\/\/www.meydan.tv\/az\/#\/schema\/person\/10d11eccf6da3662cf5fdab9806ea91a","name":"user-manager"}]}},"_links":{"self":[{"href":"https:\/\/www.meydan.tv\/az\/wp-json\/wp\/v2\/posts\/196088","targetHints":{"allow":["GET"]}}],"collection":[{"href":"https:\/\/www.meydan.tv\/az\/wp-json\/wp\/v2\/posts"}],"about":[{"href":"https:\/\/www.meydan.tv\/az\/wp-json\/wp\/v2\/types\/post"}],"author":[{"embeddable":true,"href":"https:\/\/www.meydan.tv\/az\/wp-json\/wp\/v2\/users\/11"}],"replies":[{"embeddable":true,"href":"https:\/\/www.meydan.tv\/az\/wp-json\/wp\/v2\/comments?post=196088"}],"version-history":[{"count":0,"href":"https:\/\/www.meydan.tv\/az\/wp-json\/wp\/v2\/posts\/196088\/revisions"}],"wp:featuredmedia":[{"embeddable":true,"href":"https:\/\/www.meydan.tv\/az\/wp-json\/wp\/v2\/media\/126367"}],"wp:attachment":[{"href":"https:\/\/www.meydan.tv\/az\/wp-json\/wp\/v2\/media?parent=196088"}],"wp:term":[{"taxonomy":"category","embeddable":true,"href":"https:\/\/www.meydan.tv\/az\/wp-json\/wp\/v2\/categories?post=196088"},{"taxonomy":"post_tag","embeddable":true,"href":"https:\/\/www.meydan.tv\/az\/wp-json\/wp\/v2\/tags?post=196088"}],"curies":[{"name":"wp","href":"https:\/\/api.w.org\/{rel}","templated":true}]}}