{"id":196072,"date":"2019-07-04T10:08:33","date_gmt":"2019-07-04T10:08:33","guid":{"rendered":"https:\/\/www.meydan.tv\/article\/meni-ya-mualice-etdirsinler-ya-da-qocalar-evine-yerlesdirsinler\/"},"modified":"2019-07-04T10:08:33","modified_gmt":"2019-07-04T10:08:33","slug":"meni-ya-mualice-etdirsinler-ya-da-qocalar-evine-yerlesdirsinler","status":"publish","type":"post","link":"https:\/\/www.meydan.tv\/az\/article\/meni-ya-mualice-etdirsinler-ya-da-qocalar-evine-yerlesdirsinler\/","title":{"rendered":"&#8221;M\u0259ni ya m\u00fcalic\u0259 etdirsinl\u0259r, ya da qocalar evin\u0259 yerl\u0259\u015fdirsinl\u0259r&#8221;"},"content":{"rendered":"<p>\n  <i><br \/>\n    K\u00fcrd\u0259mir sakini intihar h\u0259ddind\u0259 oldu\u011funu deyir<br \/>\n  <\/i>\n<\/p>\n<p>\n  \u201cEl\u0259 yorulmu\u015fam ki, intihar h\u0259ddind\u0259y\u0259m. Bir q\u0259pik g\u0259lirim yox, x\u0259st\u0259y\u0259m, \u00fcst\u0259lik, x\u0259st\u0259 bac\u0131ma bax\u0131ram. \u0130kimiz\u0259 d\u0259 m\u00fcalic\u0259 laz\u0131md\u0131r, oluna bilmirik. M\u0259n \u00fcr\u0259k astmas\u0131, bac\u0131m lal-kar, ruhi x\u0259st\u0259dir. Allah da unudub, h\u00f6kum\u0259t d\u0259&#8230; S\u00fcr\u00fcn\u00fcr\u00fck\u201d.\n<\/p>\n<p>\n  56 ya\u015fl\u0131 K\u00fcrd\u0259mir sakini G\u00fclb\u0259niz Novruzova bel\u0259 deyir. Bildirir ki, bird\u0259n hu\u015funu itirir v\u0259 2-3 saatlarla \u00f6z\u00fcn\u0259 g\u0259l\u0259 bilmir. H\u0259ft\u0259nin 3 g\u00fcn\u00fc t\u0259cili tibbi yard\u0131m \u00e7a\u011f\u0131rmal\u0131 olur. Deyir, hara \u00fcz tutursa, sin\u0259sind\u0259n it\u0259l\u0259yib, geri qaytar\u0131rlar. \u015eikay\u0259tl\u0259ri, probleml\u0259ri il\u0259 maraqlanan yoxdur:\n<\/p>\n<p>\n  \u201cBac\u0131m anadang\u0259lm\u0259 problemlidir. B\u00fct\u00fcn bunlara g\u00f6r\u0259 ayda 61 manat pensiya al\u0131r. El\u0259 bu ev\u0259 gir\u0259n yegan\u0259 pul da odur. D\u00fcz\u00fc, he\u00e7 n\u0259y\u0259 \u00e7atm\u0131r. 2 n\u0259f\u0259rin qidalanmas\u0131, kommunal x\u0259rcl\u0259ri, m\u00fcalic\u0259si 61 manat edir? M\u0259n daha n\u0259 ed\u0259c\u0259yimi bilmir\u0259m. \u00d6z\u00fcm\u0259 q\u0259sd etm\u0259yi d\u00fc\u015f\u00fcn\u00fcr\u0259m. \u00d6z\u00fcm\u0259 q\u0259sd edim?\u201d.\n<\/p>\n<figure class=\"wp-block-image size-large\">\n  <img decoding=\"async\" src=\"https:\/\/www.meydan.tv\/az\/image00009-jpeg-13\/\" alt=\"image00009.jpeg\" class=\"wp-image-126280\"\/><figcaption>\n    Ev<br \/>\n  <\/figcaption><\/figure>\n<p>\n  G.Novruzova deyir ki, he\u00e7 bir yerd\u0259n alacaqlar\u0131 yoxdur. N\u0259 qohum-\u0259qr\u0259ba bax\u0131r, n\u0259 d\u0259 \u00f6vladlar\u0131:\n<\/p>\n<p>\n  \u201cD\u0259f\u0259l\u0259rl\u0259 m\u00fcraci\u0259t etmi\u015f\u0259m ki, he\u00e7 olmazsa m\u0259ni qocalar evin\u0259 verin. Deyirl\u0259r: \u201cO\u011flun-q\u0131z\u0131n var, s\u0259n\u0259 baxs\u0131nlar\u201d. Bu 10-20 ild\u0259 baxmay\u0131blar, indi baxacaqlar? Faktiki 4 ildir d\u00fc\u015fm\u00fc\u015f\u0259m yata\u011fa, o\u011flumun vecin\u0259 d\u0259 deyil. \u0130ndi bilmir\u0259m n\u0259 edim. O yer\u0259 \u00e7atm\u0131\u015fam ki, \u00f6z\u00fcm\u00fc zibilliy\u0259 at\u0131lm\u0131\u015f biri kimi hiss edir\u0259m. \u0130cra Hakimiyy\u0259tin\u0259 m\u00fcraci\u0259t edir\u0259m, deyirl\u0259r, i\u015f ver\u0259k, i\u015fl\u0259. M\u0259n x\u0259st\u0259 hal\u0131mla nec\u0259 i\u015fl\u0259yim? \u00dcr\u0259yim sa\u011flam deyil, i\u015fl\u0259m\u0259k q\u00fcvv\u0259m yoxdur\u201d.\n<\/p>\n<p>\n  G.Novruzova \u0259kiz bac\u0131s\u0131 il\u0259 birg\u0259 ya\u015fay\u0131r. Ayb\u0259niz Novruzova anadang\u0259lm\u0259 dan\u0131\u015fa, e\u015fid\u0259 bilmir v\u0259 ruhi \u0259s\u0259b x\u0259st\u0259liyind\u0259n \u0259ziyy\u0259t \u00e7\u0259kir. Buna g\u00f6r\u0259 is\u0259 ayda c\u0259mi 61 manat pensiya al\u0131r. 56 ya\u015fl\u0131 bac\u0131lar bu pulla dolana bilmirl\u0259r. Pensiya ya\u015flar\u0131n\u0131n \u00e7atmas\u0131na is\u0259 h\u0259l\u0259 \u00e7ox var. Onlar ya\u015faya bilm\u0259dikl\u0259rini, d\u00f6vl\u0259tin onlar\u0131 qocalar evin\u0259 yerl\u0259\u015fdirm\u0259l\u0259rini ist\u0259yirl\u0259r. Ancaq ald\u0131qlar\u0131 cavab \u201co\u011flun, q\u0131z\u0131n var, baxs\u0131n siz\u0259\u201d \u2013 olur:\n<\/p>\n<figure class=\"wp-block-image size-large\">\n  <img decoding=\"async\" src=\"https:\/\/www.meydan.tv\/az\/image00015-jpeg-5\/\" alt=\"image00015.jpeg\" class=\"wp-image-126283\"\/><figcaption>\n    Bac\u0131lar\u0131n ya\u015fad\u0131\u011f\u0131 ev<br \/>\n  <\/figcaption><\/figure>\n<p>\n  \u201cM\u0259n o\u011flum q\u0131z\u0131mla yana\u015f\u0131 d\u00f6vl\u0259tim\u0259 d\u0259 xidm\u0259t etmi\u015f\u0259m. Kolxozda i\u015fl\u0259mi\u015f\u0259m. H\u0259tta dizimi d\u0259 z\u0259d\u0259l\u0259mi\u015f\u0259m. Nec\u0259 laz\u0131md\u0131r, vergi vermi\u015f\u0259m, indi d\u0259 t\u0259l\u0259b edir\u0259m, m\u0259n\u0259 baxs\u0131nlar. M\u0259n pulsuz m\u00fcayin\u0259 olunmaq ist\u0259yir\u0259m. X\u0259st\u0259xanaya gedirs\u0259n, pul ist\u0259yirl\u0259r. N\u0259 d\u0259 pensiya, yard\u0131m vermirl\u0259r ki, \u00f6d\u0259y\u0259m. N\u0259 bac\u0131m, n\u0259 d\u0259 m\u0259n ya\u015fl\u0131l\u0131\u011fa g\u00f6r bir q\u0259pik al\u0131r\u0131q. Sosial yard\u0131ma da m\u00fcraci\u0259t etmi\u015fik. Deyirl\u0259r, siz\u0259 d\u00fc\u015fm\u00fcr. El\u0259c\u0259 ald\u0131\u011f\u0131m\u0131z 61 manatla s\u00fcr\u00fcn\u00fcr\u00fck\u201d.\n<\/p>\n<p>\n  G\u00fclb\u0259niz Novruzova deyir ki, hara m\u00fcraci\u0259t edir, onu get-g\u0259l\u0259 sal\u0131rlar. N\u0259 q\u0259bul edirl\u0259r, n\u0259 d\u0259 \u015fikay\u0259tini dinl\u0259yirl\u0259r:\n<\/p>\n<p>\n  \u201cB\u0259li, 2 o\u011flum, 2 q\u0131z\u0131m var. He\u00e7 birini oxuda bilm\u0259mi\u015f\u0259m. Baba-n\u0259n\u0259 b\u00f6y\u00fcd\u00fcb vaxt\u0131nda. M\u0259n d\u0259 kolxozda i\u015fl\u0259m\u0259kl\u0259, f\u0259hl\u0259likl\u0259 birt\u0259h\u0259r dolanm\u0131\u015fam. \u0130ndi i\u015f el\u0259 g\u0259tirib ki, art\u0131q i\u015f q\u00fcvv\u0259m yoxdur. U\u015faqlar da haray vermirl\u0259r. Baxan\u0131m da olmad\u0131\u011f\u0131ndan az qal\u0131ram intihar edim. N\u0259 edim, sirk\u0259 i\u00e7ib \u00f6z\u00fcm\u00fc \u00f6ld\u00fcr\u00fcm? Az qal\u0131b, \u00e7ox az\u201d.\n<\/p>\n<p>\n  \u015eikay\u0259t\u00e7i deyir ki, d\u0259f\u0259l\u0259rl\u0259 K\u00fcrd\u0259mir Rayon \u0130cra Hakimiyy\u0259tin\u0259 gedib, onladan k\u00f6m\u0259k ist\u0259yib:\n<\/p>\n<figure class=\"wp-block-image size-large\">\n  <img decoding=\"async\" src=\"https:\/\/www.meydan.tv\/az\/image00013-jpeg-8\/\" alt=\"image00013.jpeg\" class=\"wp-image-126289\"\/><figcaption>\n    G\u00fclb\u0259niz Novruzova<br \/>\n  <\/figcaption><\/figure>\n<p>\n  \u201cGedib, a\u011f\u0131z a\u00e7\u0131ram onlara. Amma onlar m\u0259ni q\u0259bul etmirl\u0259r. Pul umurlar m\u0259nd\u0259n? Pulum olsa, onlara niy\u0259 a\u011f\u0131z a\u00e7\u0131m ki? M\u0259n\u0259 rayon m\u0259murlar\u0131 baxm\u0131rlar. Q\u0259bul ed\u0259nd\u0259 d\u0259 sor\u011fu-sual edir, m\u0259ni borclu \u00e7\u0131xar\u0131rlar. Ya da \u00fcmumiyy\u0259tl\u0259, q\u0259bul etmirl\u0259r. M\u0259n\u0259 cavab vermirl\u0259r. D\u00fc\u015f\u00fcn\u00fcrl\u0259r ki, y\u0259qin d\u0259liy\u0259m. M\u0259n\u0259 bir \u00e7ar\u0259 taps\u0131nlar. Ya m\u00fcalic\u0259 etdirsinl\u0259r, ya da qocalar evin\u0259 yerl\u0259\u015fdirsinl\u0259r. M\u0259n gedir\u0259m \u0259ld\u0259n, daha d\u00f6z\u0259 bilmir\u0259m\u201d.\n<\/p>\n<p>\n  G.Novruzova h\u0259yat yolda\u015f\u0131n\u0131 \u00e7oxdan itirib. \u00d6vladlar\u0131n\u0131 da \u00e7\u0259tinlikl\u0259 b\u00f6y\u00fcd\u00fcb. Deyir, indi o q\u0259d\u0259r pulsuzluqdan \u0259ziyy\u0259t \u00e7\u0259kir ki, he\u00e7 q\u0131\u015fda qaz\u0131 da yand\u0131ra bilmir:\n<\/p>\n<p>\n  \u201cX\u0259st\u0259 hal\u0131mla odun do\u011framaqdan birt\u0259h\u0259r oldum. \u0130kimiz d\u0259 bir otaqda yat\u0131b durmu\u015fuq. B\u0259s m\u0259n bi\u00e7ar\u0259 n\u0259 edim, ba\u015f\u0131ma haran\u0131n da\u015f\u0131n\u0131 t\u00f6k\u00fcm? El\u0259 bil bir \u00e7\u00f6p\u0259m, h\u0259r yerd\u0259n it\u0259l\u0259yib at\u0131rlar \u00e7\u00f6l\u0259. M\u0259n\u0259 \u00e7\u00f6p qiym\u0259ti qoyulmayan yer\u0259 nec\u0259 gedim? Ev\u0259 g\u0259l\u0259n qaz burax\u0131r, d\u00fcz\u0259ltdir\u0259 bilmir\u0259m. Suyumu da g\u00fcnl\u0259rdir k\u0259sibl\u0259r, \u00f6d\u0259y\u0259 bilmir\u0259m, da\u015f\u0131y\u0131ram. \u0130\u015f\u0131\u011f\u0131 da qon\u015fu verib. Bir x\u0259tdir. Pulum yoxdur, \u00f6d\u0259y\u0259 bilmir\u0259m, bel\u0259 ya\u015fay\u0131\u015f olmur. Hans\u0131 birini deyim, d\u0259rd bir deyil, iki deyil. H\u0259r \u015feyimiz problemdir\u201d.\n<\/p>\n<figure class=\"wp-block-image size-large\">\n  <img decoding=\"async\" src=\"https:\/\/www.meydan.tv\/az\/image00010-jpeg-7\/\" alt=\"image00010.jpeg\" class=\"wp-image-126286\"\/><figcaption>\n    Ayb\u0259niz Novruzova<br \/>\n  <\/figcaption><\/figure>\n<p>\n  G.Novruzovan\u0131n i\u015f\u0131q, qaz v\u0259 suya xeyli miqdarda borcu yaran\u0131b. Ona g\u00f6r\u0259 b\u00fct\u00fcn kommunal xidm\u0259tl\u0259rin verilm\u0259sini dayand\u0131r\u0131blar:\n<\/p>\n<p>\n  \u201cQaza 250, i\u015f\u0131\u011fa 800, suya 25 manat borcum var. Ona g\u00f6r\u0259 d\u0259 ham\u0131s\u0131n\u0131 k\u0259sibl\u0259r. Gedir\u0259m idar\u0259l\u0259r\u0259, qap\u0131lar\u0131n\u0131 d\u00f6y\u00fcr\u0259m, d\u00fc\u015f\u00fcn\u00fcrl\u0259r ki, ya qara\u00e7\u0131d\u0131r, ya da dil\u0259n\u00e7i. Ya da fikirl\u0259\u015firl\u0259r ki, ba\u015f\u0131nda \u00e7atm\u0131r, g\u0259lir. Pensiya vermirl\u0259r, sosial vermil\u0259r, \u0259l tutmurlar, sonra da deyirl\u0259r, dolan. \u0130ki x\u0259st\u0259 qad\u0131n\u0131q, nec\u0259 ed\u0259k, bilmir\u0259m\u201d.\n<\/p>\n<p>\n  K\u00fcrd\u0259mir Rayon \u0130cra Hakimiyy\u0259tinin \u00fcmumi \u015f\u00f6b\u0259sind\u0259n Meydan TV-y\u0259 bildiribl\u0259r ki, v\u0259t\u0259nda\u015f\u0131n \u015fikay\u0259ti il\u0259 ba\u011fl\u0131 icra hakimiyy\u0259ti he\u00e7 n\u0259 ed\u0259 bilm\u0259z:\n<\/p>\n<p>\n  \u201c\u0130\u015f\u0131q, qaz borcudur, i\u015fl\u0259dib, \u00f6d\u0259m\u0259lidir. Bunun \u00fc\u00e7\u00fcn x\u00fcsusi b\u00fcdc\u0259 yoxdur ki, onlar\u0131n yerin\u0259 icra hakimiyy\u0259ti \u00f6d\u0259sin. Pensiya ya\u015f\u0131na g\u0259linc\u0259, bildiribl\u0259r ki, ya\u015f h\u0259ddini onlar art\u0131rmay\u0131b, \u00fcst\u0259lik, x\u0259st\u0259dirs\u0259, m\u00fcraci\u0259t etsin, b\u0259lk\u0259 m\u00fc\u0259yy\u0259n g\u00fcz\u0259\u015ft edil\u0259r.\n<\/p>\n<p>\n  Deyir, g\u0259lir, guya onu q\u0259bul etmirik. El\u0259 v\u0259t\u0259nda\u015f ola bilm\u0259z ki, g\u00f6r\u00fc\u015f \u00fc\u00e7\u00fcn m\u00fcraci\u0259t etsin, biz \u201cyox\u201d dey\u0259k. H\u0259ft\u0259d\u0259 iki d\u0259f\u0259 icra hakimiyy\u0259ti ba\u015f\u00e7\u0131s\u0131n\u0131n q\u0259bul g\u00fcn\u00fc olur. O, h\u0259min g\u00fcnl\u0259rd\u0259 v\u0259t\u0259nda\u015flar\u0131 q\u0259bul edir, \u015fikay\u0259tl\u0259ri il\u0259 maraqlan\u0131r. H\u0259min xan\u0131m da m\u00fcraci\u0259t etsin, q\u0259bul edib, \u015fikay\u0259ti il\u0259 maraqlanar\u0131q\u201d.\n<\/p>\n<figure class=\"wp-block-image size-large\">\n  <img decoding=\"async\" src=\"https:\/\/www.meydan.tv\/az\/image00017-jpeg-7\/\" alt=\"image00017.jpeg\" class=\"wp-image-126292\"\/><figcaption>\n    bac\u0131lar\u0131n evi<br \/>\n  <\/figcaption><\/figure>\n<p>\n  Bac\u0131lar\u0131n pensiyaya \u00e7\u0131xmas\u0131na \u0259vv\u0259lki hesabla 4 il qalm\u0131\u015fd\u0131. Ancaq pensiya ya\u015f\u0131 art\u0131r\u0131ld\u0131\u011f\u0131ndan onlar \u00fcmidl\u0259rini daha da \u00fcz\u00fcbl\u0259r.\n<\/p>\n<p>\n  2017-ci ild\u0259 Az\u0259rbaycan qanunvericiliyin\u0259 edil\u0259n d\u0259yi\u015fiklikl\u0259 pensiyaya \u00e7\u0131xmaq h\u0259ddi 65 ya\u015f m\u00fc\u0259yy\u0259n edildi.\n<\/p>\n<p>\n  Bu ya\u015f h\u0259ddi \u0259vv\u0259ll\u0259r qad\u0131nlarda 60, ki\u015fil\u0259rd\u0259 is\u0259 63 idi.\n<\/p>\n<p>\n  Lakin bu m\u00fcdd\u0259t m\u0259rh\u0259l\u0259li \u015f\u0259kild\u0259 uzad\u0131l\u0131r. Pensiyaya \u00e7\u0131xmaq ya\u015f\u0131 ki\u015fil\u0259rd\u0259 2017-ci il yanvar\u0131n 1-d\u0259n ba\u015flayaraq 2021-ci il yanvar\u0131n 1-d\u0259k, qad\u0131nlarda is\u0259 2017-ci il yanvar\u0131n 1-d\u0259n 2027-ci il yanvar\u0131n 1-d\u0259k h\u0259r il 6 ay art\u0131r\u0131l\u0131r.\n<\/p>\n<p>\n  \u0130qtisad\u00e7\u0131 Nem\u0259t \u018fliyev deyir ki, pensiya ya\u015f\u0131n\u0131n art\u0131r\u0131lmas\u0131 h\u00f6kum\u0259t\u0259 xeyir g\u0259tirib. Ancaq sad\u0259 insanlar \u00fc\u00e7\u00fcn eynisini dem\u0259k olmaz. M\u0259s\u0259l\u0259n, t\u0259kc\u0259 birc\u0259 ild\u0259, y\u0259ni 2018-ci ild\u0259 pensiya\u00e7\u0131lar\u0131n say\u0131 20.9 min n\u0259f\u0259r azalaraq 1 milyon 320.4 mind\u0259n 1 milyon 299.5 min\u0259 d\u00fc\u015f\u00fcb.\n<\/p>\n<figure class=\"wp-block-image size-large\">\n  <img decoding=\"async\" src=\"https:\/\/www.meydan.tv\/az\/image00008-jpeg-16\/\" alt=\"image00008.jpeg\" class=\"wp-image-126295\"\/><figcaption>\n    evin i\u00e7i<br \/>\n  <\/figcaption><\/figure>\n<p>\n  \u201cOrta ayl\u0131q pensiya m\u0259bl\u0259\u011finin 222.6 manat olmas\u0131n\u0131 n\u0259z\u0259r\u0259 al\u0131b sad\u0259 hesablama ets\u0259k, m\u0259lum olur ki, h\u00f6kum\u0259t pensiya\u00e7\u0131lar\u0131n hesab\u0131na bir aya t\u0259qrib\u0259n 4.6 milyon manat, bir il\u0259 56 milyon manata yax\u0131n ir\u0259li d\u00fc\u015f\u00fcb\u201d, &#8211; dey\u0259 iqtisad\u00e7\u0131 vur\u011fulay\u0131b.\n<\/p>\n<p>\n  M\u00fcxalif v\u0259 m\u00fcst\u0259qil iqtisad\u00e7\u0131lar Az\u0259rbaycanda pensiya ya\u015f\u0131n\u0131n art\u0131r\u0131lmas\u0131 il\u0259 ba\u011fl\u0131 h\u00f6kum\u0259ti daim t\u0259nqid edirl\u0259r. R\u0259smil\u0259r is\u0259 bel\u0259 t\u0259nqidl\u0259ri d\u00fczg\u00fcn saymayaraq, bunu islahatlar\u0131n t\u0259rkibi adland\u0131r\u0131rlar.\n<\/p>\n<figure class=\"wp-block-image size-large\">\n  <img decoding=\"async\" src=\"https:\/\/www.meydan.tv\/az\/image00016-jpeg-6\/\" alt=\"image00016.jpeg\" class=\"wp-image-126298\"\/><figcaption>\n    G\u00fclb\u0259niz Novruzova<br \/>\n  <\/figcaption><\/figure>\n","protected":false},"excerpt":{"rendered":"<p>\u201cOrta ayl\u0131q pensiya m\u0259bl\u0259\u011finin 222.6 manat olmas\u0131n\u0131 n\u0259z\u0259r\u0259 al\u0131b sad\u0259 hesablama ets\u0259k, m\u0259lum olur ki, h\u00f6kum\u0259t pensiya\u00e7\u0131lar\u0131n hesab\u0131na bir aya t\u0259qrib\u0259n 4.6 milyon manat, bir il\u0259 56 milyon manata yax\u0131n ir\u0259li d\u00fc\u015f\u00fcb\u201d, &#8211; dey\u0259 iqtisad\u00e7\u0131 vur\u011fulay\u0131b.<\/p>\n","protected":false},"author":11,"featured_media":126277,"comment_status":"closed","ping_status":"open","sticky":false,"template":"","format":"standard","meta":{"_acf_changed":false,"_sitemap_exclude":false,"_sitemap_priority":"","_sitemap_frequency":"","footnotes":""},"categories":[60],"tags":[],"class_list":["post-196072","post","type-post","status-publish","format-standard","has-post-thumbnail","hentry","category-bolge","infinite-scroll-item","generate-columns","tablet-grid-50","mobile-grid-100","grid-parent","grid-33","no-featured-image-padding"],"acf":[],"yoast_head":"<!-- This site is optimized with the Yoast SEO plugin v27.4 - https:\/\/yoast.com\/product\/yoast-seo-wordpress\/ -->\n<title>&#039;&#039;M\u0259ni ya m\u00fcalic\u0259 etdirsinl\u0259r, ya da qocalar evin\u0259 yerl\u0259\u015fdirsinl\u0259r&#039;&#039; - MEYDAN.TV<\/title>\n<meta name=\"robots\" content=\"index, follow, max-snippet:-1, max-image-preview:large, max-video-preview:-1\" \/>\n<link rel=\"canonical\" href=\"https:\/\/www.meydan.tv\/az\/article\/meni-ya-mualice-etdirsinler-ya-da-qocalar-evine-yerlesdirsinler\/\" \/>\n<meta property=\"og:locale\" content=\"az_AZ\" \/>\n<meta property=\"og:type\" content=\"article\" \/>\n<meta property=\"og:title\" content=\"&#039;&#039;M\u0259ni ya m\u00fcalic\u0259 etdirsinl\u0259r, ya da qocalar evin\u0259 yerl\u0259\u015fdirsinl\u0259r&#039;&#039; - MEYDAN.TV\" \/>\n<meta property=\"og:description\" content=\"\u201cOrta ayl\u0131q pensiya m\u0259bl\u0259\u011finin 222.6 manat olmas\u0131n\u0131 n\u0259z\u0259r\u0259 al\u0131b sad\u0259 hesablama ets\u0259k, m\u0259lum olur ki, h\u00f6kum\u0259t pensiya\u00e7\u0131lar\u0131n hesab\u0131na bir aya t\u0259qrib\u0259n 4.6 milyon manat, bir il\u0259 56 milyon manata yax\u0131n ir\u0259li d\u00fc\u015f\u00fcb\u201d, - dey\u0259 iqtisad\u00e7\u0131 vur\u011fulay\u0131b.\" \/>\n<meta property=\"og:url\" content=\"https:\/\/www.meydan.tv\/az\/article\/meni-ya-mualice-etdirsinler-ya-da-qocalar-evine-yerlesdirsinler\/\" \/>\n<meta property=\"og:site_name\" content=\"MEYDAN.TV\" \/>\n<meta property=\"article:published_time\" content=\"2019-07-04T10:08:33+00:00\" \/>\n<meta property=\"og:image\" content=\"https:\/\/www.meydan.tv\/wp-content\/uploads\/image00014_u9myxgk.jpeg\" \/>\n\t<meta property=\"og:image:width\" content=\"1365\" \/>\n\t<meta property=\"og:image:height\" content=\"1024\" \/>\n\t<meta property=\"og:image:type\" content=\"image\/jpeg\" \/>\n<meta name=\"author\" content=\"user-manager\" \/>\n<meta name=\"twitter:card\" content=\"summary_large_image\" \/>\n<script type=\"application\/ld+json\" class=\"yoast-schema-graph\">{\"@context\":\"https:\\\/\\\/schema.org\",\"@graph\":[{\"@type\":\"Article\",\"@id\":\"https:\\\/\\\/www.meydan.tv\\\/az\\\/article\\\/meni-ya-mualice-etdirsinler-ya-da-qocalar-evine-yerlesdirsinler\\\/#article\",\"isPartOf\":{\"@id\":\"https:\\\/\\\/www.meydan.tv\\\/az\\\/article\\\/meni-ya-mualice-etdirsinler-ya-da-qocalar-evine-yerlesdirsinler\\\/\"},\"author\":{\"name\":\"user-manager\",\"@id\":\"https:\\\/\\\/www.meydan.tv\\\/az\\\/#\\\/schema\\\/person\\\/10d11eccf6da3662cf5fdab9806ea91a\"},\"headline\":\"&#8221;M\u0259ni ya m\u00fcalic\u0259 etdirsinl\u0259r, ya da qocalar evin\u0259 yerl\u0259\u015fdirsinl\u0259r&#8221;\",\"datePublished\":\"2019-07-04T10:08:33+00:00\",\"mainEntityOfPage\":{\"@id\":\"https:\\\/\\\/www.meydan.tv\\\/az\\\/article\\\/meni-ya-mualice-etdirsinler-ya-da-qocalar-evine-yerlesdirsinler\\\/\"},\"wordCount\":1519,\"publisher\":{\"@id\":\"https:\\\/\\\/www.meydan.tv\\\/az\\\/#organization\"},\"image\":{\"@id\":\"https:\\\/\\\/www.meydan.tv\\\/az\\\/article\\\/meni-ya-mualice-etdirsinler-ya-da-qocalar-evine-yerlesdirsinler\\\/#primaryimage\"},\"thumbnailUrl\":\"https:\\\/\\\/www.meydan.tv\\\/wp-content\\\/uploads\\\/image00014_u9myxgk.jpeg\",\"articleSection\":[\"B\u00f6lg\u0259\"],\"inLanguage\":\"az\"},{\"@type\":\"WebPage\",\"@id\":\"https:\\\/\\\/www.meydan.tv\\\/az\\\/article\\\/meni-ya-mualice-etdirsinler-ya-da-qocalar-evine-yerlesdirsinler\\\/\",\"url\":\"https:\\\/\\\/www.meydan.tv\\\/az\\\/article\\\/meni-ya-mualice-etdirsinler-ya-da-qocalar-evine-yerlesdirsinler\\\/\",\"name\":\"''M\u0259ni ya m\u00fcalic\u0259 etdirsinl\u0259r, ya da qocalar evin\u0259 yerl\u0259\u015fdirsinl\u0259r'' - MEYDAN.TV\",\"isPartOf\":{\"@id\":\"https:\\\/\\\/www.meydan.tv\\\/az\\\/#website\"},\"primaryImageOfPage\":{\"@id\":\"https:\\\/\\\/www.meydan.tv\\\/az\\\/article\\\/meni-ya-mualice-etdirsinler-ya-da-qocalar-evine-yerlesdirsinler\\\/#primaryimage\"},\"image\":{\"@id\":\"https:\\\/\\\/www.meydan.tv\\\/az\\\/article\\\/meni-ya-mualice-etdirsinler-ya-da-qocalar-evine-yerlesdirsinler\\\/#primaryimage\"},\"thumbnailUrl\":\"https:\\\/\\\/www.meydan.tv\\\/wp-content\\\/uploads\\\/image00014_u9myxgk.jpeg\",\"datePublished\":\"2019-07-04T10:08:33+00:00\",\"breadcrumb\":{\"@id\":\"https:\\\/\\\/www.meydan.tv\\\/az\\\/article\\\/meni-ya-mualice-etdirsinler-ya-da-qocalar-evine-yerlesdirsinler\\\/#breadcrumb\"},\"inLanguage\":\"az\",\"potentialAction\":[{\"@type\":\"ReadAction\",\"target\":[\"https:\\\/\\\/www.meydan.tv\\\/az\\\/article\\\/meni-ya-mualice-etdirsinler-ya-da-qocalar-evine-yerlesdirsinler\\\/\"]}]},{\"@type\":\"ImageObject\",\"inLanguage\":\"az\",\"@id\":\"https:\\\/\\\/www.meydan.tv\\\/az\\\/article\\\/meni-ya-mualice-etdirsinler-ya-da-qocalar-evine-yerlesdirsinler\\\/#primaryimage\",\"url\":\"https:\\\/\\\/www.meydan.tv\\\/wp-content\\\/uploads\\\/image00014_u9myxgk.jpeg\",\"contentUrl\":\"https:\\\/\\\/www.meydan.tv\\\/wp-content\\\/uploads\\\/image00014_u9myxgk.jpeg\",\"width\":1365,\"height\":1024,\"caption\":\"Source: meydan tv\"},{\"@type\":\"BreadcrumbList\",\"@id\":\"https:\\\/\\\/www.meydan.tv\\\/az\\\/article\\\/meni-ya-mualice-etdirsinler-ya-da-qocalar-evine-yerlesdirsinler\\\/#breadcrumb\",\"itemListElement\":[{\"@type\":\"ListItem\",\"position\":1,\"name\":\"Ana s\u0259hif\u0259\",\"item\":\"https:\\\/\\\/www.meydan.tv\\\/az\\\/\"},{\"@type\":\"ListItem\",\"position\":2,\"name\":\"B\u00f6lg\u0259\",\"item\":\"https:\\\/\\\/www.meydan.tv\\\/az\\\/section\\\/bolge\\\/\"},{\"@type\":\"ListItem\",\"position\":3,\"name\":\"&#8221;M\u0259ni ya m\u00fcalic\u0259 etdirsinl\u0259r, ya da qocalar evin\u0259 yerl\u0259\u015fdirsinl\u0259r&#8221;\"}]},{\"@type\":\"WebSite\",\"@id\":\"https:\\\/\\\/www.meydan.tv\\\/az\\\/#website\",\"url\":\"https:\\\/\\\/www.meydan.tv\\\/az\\\/\",\"name\":\"MEYDAN.TV\",\"description\":\"Meydan TV Az\u0259rbaycan\u0131n media m\u0259kan\u0131ndak\u0131 alternativ s\u0259sidir\",\"publisher\":{\"@id\":\"https:\\\/\\\/www.meydan.tv\\\/az\\\/#organization\"},\"potentialAction\":[{\"@type\":\"SearchAction\",\"target\":{\"@type\":\"EntryPoint\",\"urlTemplate\":\"https:\\\/\\\/www.meydan.tv\\\/az\\\/?s={search_term_string}\"},\"query-input\":{\"@type\":\"PropertyValueSpecification\",\"valueRequired\":true,\"valueName\":\"search_term_string\"}}],\"inLanguage\":\"az\"},{\"@type\":\"Organization\",\"@id\":\"https:\\\/\\\/www.meydan.tv\\\/az\\\/#organization\",\"name\":\"Meydan TV\",\"url\":\"https:\\\/\\\/www.meydan.tv\\\/az\\\/\",\"logo\":{\"@type\":\"ImageObject\",\"inLanguage\":\"az\",\"@id\":\"https:\\\/\\\/www.meydan.tv\\\/az\\\/#\\\/schema\\\/logo\\\/image\\\/\",\"url\":\"https:\\\/\\\/www.meydan.tv\\\/wp-content\\\/uploads\\\/2021\\\/07\\\/meydan-logo.svg\",\"contentUrl\":\"https:\\\/\\\/www.meydan.tv\\\/wp-content\\\/uploads\\\/2021\\\/07\\\/meydan-logo.svg\",\"width\":195,\"height\":46,\"caption\":\"Meydan TV\"},\"image\":{\"@id\":\"https:\\\/\\\/www.meydan.tv\\\/az\\\/#\\\/schema\\\/logo\\\/image\\\/\"}},{\"@type\":\"Person\",\"@id\":\"https:\\\/\\\/www.meydan.tv\\\/az\\\/#\\\/schema\\\/person\\\/10d11eccf6da3662cf5fdab9806ea91a\",\"name\":\"user-manager\"}]}<\/script>\n<!-- \/ Yoast SEO plugin. -->","yoast_head_json":{"title":"''M\u0259ni ya m\u00fcalic\u0259 etdirsinl\u0259r, ya da qocalar evin\u0259 yerl\u0259\u015fdirsinl\u0259r'' - MEYDAN.TV","robots":{"index":"index","follow":"follow","max-snippet":"max-snippet:-1","max-image-preview":"max-image-preview:large","max-video-preview":"max-video-preview:-1"},"canonical":"https:\/\/www.meydan.tv\/az\/article\/meni-ya-mualice-etdirsinler-ya-da-qocalar-evine-yerlesdirsinler\/","og_locale":"az_AZ","og_type":"article","og_title":"''M\u0259ni ya m\u00fcalic\u0259 etdirsinl\u0259r, ya da qocalar evin\u0259 yerl\u0259\u015fdirsinl\u0259r'' - MEYDAN.TV","og_description":"\u201cOrta ayl\u0131q pensiya m\u0259bl\u0259\u011finin 222.6 manat olmas\u0131n\u0131 n\u0259z\u0259r\u0259 al\u0131b sad\u0259 hesablama ets\u0259k, m\u0259lum olur ki, h\u00f6kum\u0259t pensiya\u00e7\u0131lar\u0131n hesab\u0131na bir aya t\u0259qrib\u0259n 4.6 milyon manat, bir il\u0259 56 milyon manata yax\u0131n ir\u0259li d\u00fc\u015f\u00fcb\u201d, - dey\u0259 iqtisad\u00e7\u0131 vur\u011fulay\u0131b.","og_url":"https:\/\/www.meydan.tv\/az\/article\/meni-ya-mualice-etdirsinler-ya-da-qocalar-evine-yerlesdirsinler\/","og_site_name":"MEYDAN.TV","article_published_time":"2019-07-04T10:08:33+00:00","og_image":[{"width":1365,"height":1024,"url":"https:\/\/www.meydan.tv\/wp-content\/uploads\/image00014_u9myxgk.jpeg","type":"image\/jpeg"}],"author":"user-manager","twitter_card":"summary_large_image","schema":{"@context":"https:\/\/schema.org","@graph":[{"@type":"Article","@id":"https:\/\/www.meydan.tv\/az\/article\/meni-ya-mualice-etdirsinler-ya-da-qocalar-evine-yerlesdirsinler\/#article","isPartOf":{"@id":"https:\/\/www.meydan.tv\/az\/article\/meni-ya-mualice-etdirsinler-ya-da-qocalar-evine-yerlesdirsinler\/"},"author":{"name":"user-manager","@id":"https:\/\/www.meydan.tv\/az\/#\/schema\/person\/10d11eccf6da3662cf5fdab9806ea91a"},"headline":"&#8221;M\u0259ni ya m\u00fcalic\u0259 etdirsinl\u0259r, ya da qocalar evin\u0259 yerl\u0259\u015fdirsinl\u0259r&#8221;","datePublished":"2019-07-04T10:08:33+00:00","mainEntityOfPage":{"@id":"https:\/\/www.meydan.tv\/az\/article\/meni-ya-mualice-etdirsinler-ya-da-qocalar-evine-yerlesdirsinler\/"},"wordCount":1519,"publisher":{"@id":"https:\/\/www.meydan.tv\/az\/#organization"},"image":{"@id":"https:\/\/www.meydan.tv\/az\/article\/meni-ya-mualice-etdirsinler-ya-da-qocalar-evine-yerlesdirsinler\/#primaryimage"},"thumbnailUrl":"https:\/\/www.meydan.tv\/wp-content\/uploads\/image00014_u9myxgk.jpeg","articleSection":["B\u00f6lg\u0259"],"inLanguage":"az"},{"@type":"WebPage","@id":"https:\/\/www.meydan.tv\/az\/article\/meni-ya-mualice-etdirsinler-ya-da-qocalar-evine-yerlesdirsinler\/","url":"https:\/\/www.meydan.tv\/az\/article\/meni-ya-mualice-etdirsinler-ya-da-qocalar-evine-yerlesdirsinler\/","name":"''M\u0259ni ya m\u00fcalic\u0259 etdirsinl\u0259r, ya da qocalar evin\u0259 yerl\u0259\u015fdirsinl\u0259r'' - MEYDAN.TV","isPartOf":{"@id":"https:\/\/www.meydan.tv\/az\/#website"},"primaryImageOfPage":{"@id":"https:\/\/www.meydan.tv\/az\/article\/meni-ya-mualice-etdirsinler-ya-da-qocalar-evine-yerlesdirsinler\/#primaryimage"},"image":{"@id":"https:\/\/www.meydan.tv\/az\/article\/meni-ya-mualice-etdirsinler-ya-da-qocalar-evine-yerlesdirsinler\/#primaryimage"},"thumbnailUrl":"https:\/\/www.meydan.tv\/wp-content\/uploads\/image00014_u9myxgk.jpeg","datePublished":"2019-07-04T10:08:33+00:00","breadcrumb":{"@id":"https:\/\/www.meydan.tv\/az\/article\/meni-ya-mualice-etdirsinler-ya-da-qocalar-evine-yerlesdirsinler\/#breadcrumb"},"inLanguage":"az","potentialAction":[{"@type":"ReadAction","target":["https:\/\/www.meydan.tv\/az\/article\/meni-ya-mualice-etdirsinler-ya-da-qocalar-evine-yerlesdirsinler\/"]}]},{"@type":"ImageObject","inLanguage":"az","@id":"https:\/\/www.meydan.tv\/az\/article\/meni-ya-mualice-etdirsinler-ya-da-qocalar-evine-yerlesdirsinler\/#primaryimage","url":"https:\/\/www.meydan.tv\/wp-content\/uploads\/image00014_u9myxgk.jpeg","contentUrl":"https:\/\/www.meydan.tv\/wp-content\/uploads\/image00014_u9myxgk.jpeg","width":1365,"height":1024,"caption":"Source: meydan tv"},{"@type":"BreadcrumbList","@id":"https:\/\/www.meydan.tv\/az\/article\/meni-ya-mualice-etdirsinler-ya-da-qocalar-evine-yerlesdirsinler\/#breadcrumb","itemListElement":[{"@type":"ListItem","position":1,"name":"Ana s\u0259hif\u0259","item":"https:\/\/www.meydan.tv\/az\/"},{"@type":"ListItem","position":2,"name":"B\u00f6lg\u0259","item":"https:\/\/www.meydan.tv\/az\/section\/bolge\/"},{"@type":"ListItem","position":3,"name":"&#8221;M\u0259ni ya m\u00fcalic\u0259 etdirsinl\u0259r, ya da qocalar evin\u0259 yerl\u0259\u015fdirsinl\u0259r&#8221;"}]},{"@type":"WebSite","@id":"https:\/\/www.meydan.tv\/az\/#website","url":"https:\/\/www.meydan.tv\/az\/","name":"MEYDAN.TV","description":"Meydan TV Az\u0259rbaycan\u0131n media m\u0259kan\u0131ndak\u0131 alternativ s\u0259sidir","publisher":{"@id":"https:\/\/www.meydan.tv\/az\/#organization"},"potentialAction":[{"@type":"SearchAction","target":{"@type":"EntryPoint","urlTemplate":"https:\/\/www.meydan.tv\/az\/?s={search_term_string}"},"query-input":{"@type":"PropertyValueSpecification","valueRequired":true,"valueName":"search_term_string"}}],"inLanguage":"az"},{"@type":"Organization","@id":"https:\/\/www.meydan.tv\/az\/#organization","name":"Meydan TV","url":"https:\/\/www.meydan.tv\/az\/","logo":{"@type":"ImageObject","inLanguage":"az","@id":"https:\/\/www.meydan.tv\/az\/#\/schema\/logo\/image\/","url":"https:\/\/www.meydan.tv\/wp-content\/uploads\/2021\/07\/meydan-logo.svg","contentUrl":"https:\/\/www.meydan.tv\/wp-content\/uploads\/2021\/07\/meydan-logo.svg","width":195,"height":46,"caption":"Meydan TV"},"image":{"@id":"https:\/\/www.meydan.tv\/az\/#\/schema\/logo\/image\/"}},{"@type":"Person","@id":"https:\/\/www.meydan.tv\/az\/#\/schema\/person\/10d11eccf6da3662cf5fdab9806ea91a","name":"user-manager"}]}},"_links":{"self":[{"href":"https:\/\/www.meydan.tv\/az\/wp-json\/wp\/v2\/posts\/196072","targetHints":{"allow":["GET"]}}],"collection":[{"href":"https:\/\/www.meydan.tv\/az\/wp-json\/wp\/v2\/posts"}],"about":[{"href":"https:\/\/www.meydan.tv\/az\/wp-json\/wp\/v2\/types\/post"}],"author":[{"embeddable":true,"href":"https:\/\/www.meydan.tv\/az\/wp-json\/wp\/v2\/users\/11"}],"replies":[{"embeddable":true,"href":"https:\/\/www.meydan.tv\/az\/wp-json\/wp\/v2\/comments?post=196072"}],"version-history":[{"count":0,"href":"https:\/\/www.meydan.tv\/az\/wp-json\/wp\/v2\/posts\/196072\/revisions"}],"wp:featuredmedia":[{"embeddable":true,"href":"https:\/\/www.meydan.tv\/az\/wp-json\/wp\/v2\/media\/126277"}],"wp:attachment":[{"href":"https:\/\/www.meydan.tv\/az\/wp-json\/wp\/v2\/media?parent=196072"}],"wp:term":[{"taxonomy":"category","embeddable":true,"href":"https:\/\/www.meydan.tv\/az\/wp-json\/wp\/v2\/categories?post=196072"},{"taxonomy":"post_tag","embeddable":true,"href":"https:\/\/www.meydan.tv\/az\/wp-json\/wp\/v2\/tags?post=196072"}],"curies":[{"name":"wp","href":"https:\/\/api.w.org\/{rel}","templated":true}]}}