{"id":196046,"date":"2019-07-02T13:00:56","date_gmt":"2019-07-02T13:00:56","guid":{"rendered":"https:\/\/www.meydan.tv\/article\/hekim-laqeydliyine-etiraz-olaraq-ozunu-yandiran-ata-aprel-qazisi-imis\/"},"modified":"2019-07-02T13:00:56","modified_gmt":"2019-07-02T13:00:56","slug":"hekim-laqeydliyine-etiraz-olaraq-ozunu-yandiran-ata-aprel-qazisi-imis","status":"publish","type":"post","link":"https:\/\/www.meydan.tv\/az\/article\/hekim-laqeydliyine-etiraz-olaraq-ozunu-yandiran-ata-aprel-qazisi-imis\/","title":{"rendered":"H\u0259kim laqeydliyin\u0259 etiraz olaraq \u00f6z\u00fcn\u00fc yand\u0131ran ata Aprel qazisi imi\u015f"},"content":{"rendered":"<p>\n  \u0130yunun 28-d\u0259 Ming\u0259\u00e7evir \u015e\u0259h\u0259r M\u0259rk\u0259zi X\u0259st\u0259xanas\u0131n\u0131n h\u0259y\u0259tind\u0259 \u00f6z\u00fcn\u00fc yand\u0131ran v\u0259 ay\u0131n 30-da  v\u0259fat ed\u0259n \u0130mamverdi \u0130smay\u0131lov Aprel qazisi imi\u015f. M\u0259lumat\u0131 \u201c<br \/>\n  <a href=\"https:\/\/www.yeniavaz.com\/az\/newscontent\/znewscontent\/111984\/xestexanada-ozunu-yandiran-aprel-qazisi-imis-teferruat\"><br \/>\n    Yeniavaz.com<br \/>\n  <\/a><br \/>\n  \u201d yaz\u0131r ki, bu g\u00fcn onun 3 m\u0259rasimidir. \u0130mamverdi \u0130smay\u0131lov idman\u00e7\u0131, ke\u00e7mi\u015f h\u0259rb\u00e7i, L\u0259l\u0259t\u0259p\u0259 d\u00f6y\u00fc\u015fl\u0259rinin i\u015ftirak\u00e7\u0131s\u0131 olub.\n<\/p>\n<p>\n  Bac\u0131s\u0131 Lamiy\u0259 \u0130smay\u0131lovan\u0131n s\u00f6zl\u0259rin\u0259 g\u00f6r\u0259, \u0130mamverdi \u00fc\u00e7 bac\u0131n\u0131n yegan\u0259 qarda\u015f\u0131 olub. Hadis\u0259 zaman\u0131 x\u0259sar\u0259t alan atas\u0131 is\u0259 sanki ya\u015fananlar\u0131, n\u0259 ba\u015f verdiyini h\u0259l\u0259 tam d\u0259rk el\u0259y\u0259 bilmir.\n<\/p>\n<p>\n  \u201cQarda\u015f\u0131m\u0131n 4 ya\u015fl\u0131 balas\u0131n\u0131n sudur\u011fas\u0131 var, bu hadis\u0259d\u0259n bir ne\u00e7\u0259 g\u00fcn \u00f6nc\u0259 x\u0259st\u0259xanaya apar\u0131lm\u0131\u015fd\u0131. Yen\u0259 d\u0259 u\u015fa\u011fa laz\u0131m\u0131 diqq\u0259t g\u00f6st\u0259rilm\u0259mi\u015fdi v\u0259 biz onu ev\u0259 g\u0259tirmi\u015fdik. Bir ne\u00e7\u0259 g\u00fcn \u00f6nc\u0259 yen\u0259 u\u015fa\u011f\u0131n q\u0131zd\u0131rmas\u0131 qalxd\u0131 v\u0259 gec\u0259 saat 12 rad\u0259l\u0259rind\u0259 ev\u0259 t\u0259cili yard\u0131m \u00e7a\u011f\u0131rd\u0131q. T\u0259cili yard\u0131m briqadas\u0131 dedi ki, biz u\u015fa\u011f\u0131 x\u0259st\u0259xanaya apara bilm\u0259rik, limitimiz dolub. U\u015faq da q\u0131zd\u0131rmadan sudur\u011fa ke\u00e7irir. U\u015fa\u011f\u0131 dava-dala\u015f x\u0259st\u0259xanan\u0131n acil \u015f\u00f6b\u0259sin\u0259 yerl\u0259\u015fdir\u0259 bildik. El\u0259 n\u0259 ba\u015f verdis\u0259 ondan sonra ba\u015flad\u0131. Q\u0131zd\u0131rma i\u00e7\u0259risind\u0259 yanan u\u015fa\u011fa yard\u0131m ed\u0259n olmad\u0131. Qarda\u015f\u0131m Elxan adl\u0131 h\u0259kiml\u0259 dala\u015fd\u0131. H\u0259kim, tibb bac\u0131lar\u0131 bizi a\u011f\u0131r s\u00f6y\u00fc\u015fl\u0259rl\u0259 t\u0259hqir etdil\u0259r. Bu t\u0259hqiri qarda\u015f\u0131m g\u00f6t\u00fcrm\u0259di. O, bunu \u00f6z\u00fcn\u0259 s\u0131\u011f\u0131\u015fd\u0131ra bilm\u0259di. Atam da orda idi. Ham\u0131m\u0131z u\u015fa\u011f\u0131n d\u0259rdin\u0259 yan\u0131rd\u0131q. U\u015faq \u0259ld\u0259n gedirdi. Qarda\u015f\u0131m el\u0259 bildi ki, u\u015faq ke\u00e7inib. \u00d6z\u00fcn\u00fc atd\u0131 \u00e7\u00f6l\u0259, gedib bir butulka benzin al\u0131b ba\u015f\u0131ndan t\u00f6kd\u00fc. Biz el\u0259 bildik ki, \u0259lind\u0259ki i\u00e7m\u0259k \u00fc\u00e7\u00fcn sudur. \u00d6z\u00fcn\u00fc yand\u0131rd\u0131. Q\u0131\u015fq\u0131rd\u0131q ki, biz\u0259 adyal verin, he\u00e7 kim yax\u0131na g\u0259lib qarda\u015f\u0131m\u0131n alovunu s\u00f6nd\u00fcrm\u0259y\u0259 k\u00f6m\u0259k etm\u0259di. Ya\u015fl\u0131 atam \u00f6z\u00fcn\u00fc qarda\u015f\u0131m\u0131n \u00fcst\u00fcn\u0259 atd\u0131. Atam da iki qolundan, \u00fcz\u00fcnd\u0259n yan\u0131q x\u0259sar\u0259tl\u0259ri ald\u0131. Qarda\u015f\u0131m\u0131n b\u0259d\u0259ninin 70 faizi yand\u0131. Hadis\u0259ni g\u00f6r\u0259n x\u0259st\u0259xana i\u015f\u00e7il\u0259ri tez u\u015fa\u011fa da, qarda\u015f\u0131ma da yard\u0131m etdil\u0259r. Amma bir az \u0259vv\u0259l deyirdil\u0259r ki, limit qurtar\u0131b\u201d.\n<\/p>\n<p>\n  Lamiy\u0259 \u0130smay\u0131lova deyir ki, qarda\u015f\u0131 2016-c\u0131 ild\u0259 ba\u015f ver\u0259n Aprel d\u00f6y\u00fc\u015fl\u0259rind\u0259 k\u0259\u015ffiyyatda manqa komandiri olub. \u0130ndi onun 4 ya\u015fl\u0131 o\u011flu atas\u0131z qal\u0131b:\n<\/p>\n<p>\n  \u201c\u0130st\u0259mirik qarda\u015f\u0131m\u0131z\u0131n qan\u0131 yerd\u0259 qals\u0131n. \u0130st\u0259yirik ki, t\u0259dbir g\u00f6r\u00fcls\u00fcn. Hal-haz\u0131rda qarda\u015f\u0131m\u0131n u\u015fa\u011f\u0131 x\u0259st\u0259xanadad\u0131r. Aidiyyat\u0131 qurumlar s\u0259simizi e\u015fitsinl\u0259r. Bu haqs\u0131zl\u0131\u011fa, bu z\u00fclm\u0259 son qoyulsun. Can\u0131n\u0131 v\u0259t\u0259nin\u0259 f\u0259da etmi\u015f bir qaziy\u0259 qar\u015f\u0131 bu c\u00fcr haqs\u0131zl\u0131q ba\u015f verirs\u0259, hans\u0131 v\u0259t\u0259np\u0259rv\u0259rlikd\u0259n dan\u0131\u015fmaq olar?! Bizim da\u011f\u0131m\u0131z y\u0131x\u0131l\u0131b. \u00c7ox xahi\u015f edirik ki, bu m\u0259s\u0259l\u0259 obyektiv ara\u015fd\u0131r\u0131ls\u0131n v\u0259 m\u00fcq\u0259ssirl\u0259r layiq olduqlar\u0131 c\u0259zan\u0131 als\u0131nlar\u201d.\n<\/p>\n<p>\n  \u0130mamverdi \u0130smay\u0131lovun bac\u0131lar\u0131 i\u015f\u0259 \u0259dal\u0259tl\u0259 bax\u0131lmas\u0131 \u00fc\u00e7\u00fcn \u00f6lk\u0259nin Birinci vitse-prezidenti Mehriban \u018fliyevaya m\u00fcraci\u0259t ed\u0259r\u0259k, ondan k\u00f6m\u0259k ist\u0259yibl\u0259r.\n<\/p>\n<p>\n  Art\u0131q 2 ildir ki, Ming\u0259\u00e7evir, A\u011fda\u015f v\u0259 Yevlax \u015f\u0259h\u0259rl\u0259rind\u0259 icbari tibbi s\u0131\u011forta sistemi il\u0259 ba\u011fl\u0131 pilot layih\u0259 t\u0259tbiq edilir. Buna g\u00f6r\u0259 d\u0259 h\u0259r \u00fc\u00e7 rayonda yerl\u0259\u015f\u0259n tibb m\u00fc\u0259ssis\u0259l\u0259ri S\u0259hiyy\u0259 Nazirliyind\u0259n al\u0131naraq \u0130cbari Tibbi S\u0131\u011forta \u00fczr\u0259 D\u00f6vl\u0259t Agentliyin\u0259 verilib.\n<\/p>\n<p>\n  \u0130mamverdi \u0130smay\u0131lov da hadis\u0259d\u0259n 2 g\u00fcn \u00f6nc\u0259, iyunun 27-d\u0259 sosial \u015f\u0259b\u0259k\u0259l\u0259rd\u0259 agentliyin t\u0259rkibind\u0259 olan x\u0259st\u0259xanalar\u0131n f\u0259aliyy\u0259tini pisl\u0259yib:\n<\/p>\n<p>\n  \u201cBunu nec\u0259 ba\u015fa salaq ki, s\u0259nin acild\u0259 (t\u0259cili yard\u0131m) oturan h\u0259kiml\u0259rinin ba\u015flar\u0131 he\u00e7 n\u0259d\u0259n \u00e7\u0131xm\u0131r. Adam\u0131 m\u0259cbur edirl\u0259r ki, b\u0131\u00e7a\u011f\u0131 \u0259lim\u0259 al\u0131b gedib oradak\u0131lar\u0131 \u00f6ld\u00fcr\u0259m. K\u00f6rp\u0259 u\u015fa\u011f\u0131m\u0131 aparm\u0131\u015fam, deyirl\u0259r, he\u00e7 n\u0259d\u0259n ba\u015f\u0131m\u0131z \u00e7\u0131xm\u0131r. Bu \u015f\u0259h\u0259rin yiy\u0259si var, buna bir \u00e7ar\u0259 taps\u0131n?\u201d\n<\/p>\n<p>\n  \u0130cbari Tibbi S\u0131\u011forta \u00fczr\u0259 D\u00f6vl\u0259t Agentliyind\u0259n Meydan TV-y\u0259 deyibl\u0259r ki, suallar yaln\u0131z yaz\u0131l\u0131 sor\u011fu \u0259sas\u0131nda cavabland\u0131r\u0131la bil\u0259r. Meydan TV sual\u0131 agentliyin m\u0259tbuat xidm\u0259tin\u0259 e-mail vasit\u0259sil\u0259 \u00fcnvanlay\u0131b. Agentliyin m\u0259tbuat xidm\u0259tind\u0259n onu da bildiribl\u0259r ki, i\u015f g\u00fcn\u00fcn\u00fcn sonu oldu\u011fundan sor\u011funu bu g\u00fcn cavabland\u0131rmayacaqlar.<\/p>\n","protected":false},"excerpt":{"rendered":"<p>\u201cH\u0259kim, tibb bac\u0131lar\u0131 bizi a\u011f\u0131r s\u00f6y\u00fc\u015fl\u0259rl\u0259 t\u0259hqir etdil\u0259r\u201d<\/p>\n","protected":false},"author":11,"featured_media":126199,"comment_status":"closed","ping_status":"open","sticky":false,"template":"","format":"standard","meta":{"_acf_changed":false,"_sitemap_exclude":false,"_sitemap_priority":"","_sitemap_frequency":"","footnotes":""},"categories":[56],"tags":[],"class_list":["post-196046","post","type-post","status-publish","format-standard","has-post-thumbnail","hentry","category-xeberler","infinite-scroll-item","generate-columns","tablet-grid-50","mobile-grid-100","grid-parent","grid-33","no-featured-image-padding"],"acf":[],"yoast_head":"<!-- This site is optimized with the Yoast SEO plugin v27.5 - https:\/\/yoast.com\/product\/yoast-seo-wordpress\/ -->\n<title>H\u0259kim laqeydliyin\u0259 etiraz olaraq \u00f6z\u00fcn\u00fc yand\u0131ran ata Aprel qazisi imi\u015f - MEYDAN.TV<\/title>\n<meta name=\"robots\" content=\"index, follow, max-snippet:-1, max-image-preview:large, max-video-preview:-1\" \/>\n<link rel=\"canonical\" href=\"https:\/\/www.meydan.tv\/az\/article\/hekim-laqeydliyine-etiraz-olaraq-ozunu-yandiran-ata-aprel-qazisi-imis\/\" \/>\n<meta property=\"og:locale\" content=\"az_AZ\" \/>\n<meta property=\"og:type\" content=\"article\" \/>\n<meta property=\"og:title\" content=\"H\u0259kim laqeydliyin\u0259 etiraz olaraq \u00f6z\u00fcn\u00fc yand\u0131ran ata Aprel qazisi imi\u015f - MEYDAN.TV\" \/>\n<meta property=\"og:description\" content=\"\u201cH\u0259kim, tibb bac\u0131lar\u0131 bizi a\u011f\u0131r s\u00f6y\u00fc\u015fl\u0259rl\u0259 t\u0259hqir etdil\u0259r\u201d\" \/>\n<meta property=\"og:url\" content=\"https:\/\/www.meydan.tv\/az\/article\/hekim-laqeydliyine-etiraz-olaraq-ozunu-yandiran-ata-aprel-qazisi-imis\/\" \/>\n<meta property=\"og:site_name\" content=\"MEYDAN.TV\" \/>\n<meta property=\"article:published_time\" content=\"2019-07-02T13:00:56+00:00\" \/>\n<meta property=\"og:image\" content=\"https:\/\/www.meydan.tv\/wp-content\/uploads\/untitled_design_yqflrla.png\" \/>\n\t<meta property=\"og:image:width\" content=\"1280\" \/>\n\t<meta property=\"og:image:height\" content=\"720\" \/>\n\t<meta property=\"og:image:type\" content=\"image\/png\" \/>\n<meta name=\"author\" content=\"user-manager\" \/>\n<meta name=\"twitter:card\" content=\"summary_large_image\" \/>\n<script type=\"application\/ld+json\" class=\"yoast-schema-graph\">{\"@context\":\"https:\\\/\\\/schema.org\",\"@graph\":[{\"@type\":\"Article\",\"@id\":\"https:\\\/\\\/www.meydan.tv\\\/az\\\/article\\\/hekim-laqeydliyine-etiraz-olaraq-ozunu-yandiran-ata-aprel-qazisi-imis\\\/#article\",\"isPartOf\":{\"@id\":\"https:\\\/\\\/www.meydan.tv\\\/az\\\/article\\\/hekim-laqeydliyine-etiraz-olaraq-ozunu-yandiran-ata-aprel-qazisi-imis\\\/\"},\"author\":{\"name\":\"user-manager\",\"@id\":\"https:\\\/\\\/www.meydan.tv\\\/az\\\/#\\\/schema\\\/person\\\/10d11eccf6da3662cf5fdab9806ea91a\"},\"headline\":\"H\u0259kim laqeydliyin\u0259 etiraz olaraq \u00f6z\u00fcn\u00fc yand\u0131ran ata Aprel qazisi imi\u015f\",\"datePublished\":\"2019-07-02T13:00:56+00:00\",\"mainEntityOfPage\":{\"@id\":\"https:\\\/\\\/www.meydan.tv\\\/az\\\/article\\\/hekim-laqeydliyine-etiraz-olaraq-ozunu-yandiran-ata-aprel-qazisi-imis\\\/\"},\"wordCount\":847,\"publisher\":{\"@id\":\"https:\\\/\\\/www.meydan.tv\\\/az\\\/#organization\"},\"image\":{\"@id\":\"https:\\\/\\\/www.meydan.tv\\\/az\\\/article\\\/hekim-laqeydliyine-etiraz-olaraq-ozunu-yandiran-ata-aprel-qazisi-imis\\\/#primaryimage\"},\"thumbnailUrl\":\"https:\\\/\\\/www.meydan.tv\\\/wp-content\\\/uploads\\\/untitled_design_yqflrla.png\",\"articleSection\":[\"X\u0259b\u0259rl\u0259r\"],\"inLanguage\":\"az\"},{\"@type\":\"WebPage\",\"@id\":\"https:\\\/\\\/www.meydan.tv\\\/az\\\/article\\\/hekim-laqeydliyine-etiraz-olaraq-ozunu-yandiran-ata-aprel-qazisi-imis\\\/\",\"url\":\"https:\\\/\\\/www.meydan.tv\\\/az\\\/article\\\/hekim-laqeydliyine-etiraz-olaraq-ozunu-yandiran-ata-aprel-qazisi-imis\\\/\",\"name\":\"H\u0259kim laqeydliyin\u0259 etiraz olaraq \u00f6z\u00fcn\u00fc yand\u0131ran ata Aprel qazisi imi\u015f - MEYDAN.TV\",\"isPartOf\":{\"@id\":\"https:\\\/\\\/www.meydan.tv\\\/az\\\/#website\"},\"primaryImageOfPage\":{\"@id\":\"https:\\\/\\\/www.meydan.tv\\\/az\\\/article\\\/hekim-laqeydliyine-etiraz-olaraq-ozunu-yandiran-ata-aprel-qazisi-imis\\\/#primaryimage\"},\"image\":{\"@id\":\"https:\\\/\\\/www.meydan.tv\\\/az\\\/article\\\/hekim-laqeydliyine-etiraz-olaraq-ozunu-yandiran-ata-aprel-qazisi-imis\\\/#primaryimage\"},\"thumbnailUrl\":\"https:\\\/\\\/www.meydan.tv\\\/wp-content\\\/uploads\\\/untitled_design_yqflrla.png\",\"datePublished\":\"2019-07-02T13:00:56+00:00\",\"breadcrumb\":{\"@id\":\"https:\\\/\\\/www.meydan.tv\\\/az\\\/article\\\/hekim-laqeydliyine-etiraz-olaraq-ozunu-yandiran-ata-aprel-qazisi-imis\\\/#breadcrumb\"},\"inLanguage\":\"az\",\"potentialAction\":[{\"@type\":\"ReadAction\",\"target\":[\"https:\\\/\\\/www.meydan.tv\\\/az\\\/article\\\/hekim-laqeydliyine-etiraz-olaraq-ozunu-yandiran-ata-aprel-qazisi-imis\\\/\"]}]},{\"@type\":\"ImageObject\",\"inLanguage\":\"az\",\"@id\":\"https:\\\/\\\/www.meydan.tv\\\/az\\\/article\\\/hekim-laqeydliyine-etiraz-olaraq-ozunu-yandiran-ata-aprel-qazisi-imis\\\/#primaryimage\",\"url\":\"https:\\\/\\\/www.meydan.tv\\\/wp-content\\\/uploads\\\/untitled_design_yqflrla.png\",\"contentUrl\":\"https:\\\/\\\/www.meydan.tv\\\/wp-content\\\/uploads\\\/untitled_design_yqflrla.png\",\"width\":1280,\"height\":720,\"caption\":\"Source: Yeni Avaz\"},{\"@type\":\"BreadcrumbList\",\"@id\":\"https:\\\/\\\/www.meydan.tv\\\/az\\\/article\\\/hekim-laqeydliyine-etiraz-olaraq-ozunu-yandiran-ata-aprel-qazisi-imis\\\/#breadcrumb\",\"itemListElement\":[{\"@type\":\"ListItem\",\"position\":1,\"name\":\"Ana s\u0259hif\u0259\",\"item\":\"https:\\\/\\\/www.meydan.tv\\\/az\\\/\"},{\"@type\":\"ListItem\",\"position\":2,\"name\":\"X\u0259b\u0259rl\u0259r\",\"item\":\"https:\\\/\\\/www.meydan.tv\\\/az\\\/section\\\/xeberler\\\/\"},{\"@type\":\"ListItem\",\"position\":3,\"name\":\"H\u0259kim laqeydliyin\u0259 etiraz olaraq \u00f6z\u00fcn\u00fc yand\u0131ran ata Aprel qazisi imi\u015f\"}]},{\"@type\":\"WebSite\",\"@id\":\"https:\\\/\\\/www.meydan.tv\\\/az\\\/#website\",\"url\":\"https:\\\/\\\/www.meydan.tv\\\/az\\\/\",\"name\":\"MEYDAN.TV\",\"description\":\"Meydan TV Az\u0259rbaycan\u0131n media m\u0259kan\u0131ndak\u0131 alternativ s\u0259sidir\",\"publisher\":{\"@id\":\"https:\\\/\\\/www.meydan.tv\\\/az\\\/#organization\"},\"potentialAction\":[{\"@type\":\"SearchAction\",\"target\":{\"@type\":\"EntryPoint\",\"urlTemplate\":\"https:\\\/\\\/www.meydan.tv\\\/az\\\/?s={search_term_string}\"},\"query-input\":{\"@type\":\"PropertyValueSpecification\",\"valueRequired\":true,\"valueName\":\"search_term_string\"}}],\"inLanguage\":\"az\"},{\"@type\":\"Organization\",\"@id\":\"https:\\\/\\\/www.meydan.tv\\\/az\\\/#organization\",\"name\":\"Meydan TV\",\"url\":\"https:\\\/\\\/www.meydan.tv\\\/az\\\/\",\"logo\":{\"@type\":\"ImageObject\",\"inLanguage\":\"az\",\"@id\":\"https:\\\/\\\/www.meydan.tv\\\/az\\\/#\\\/schema\\\/logo\\\/image\\\/\",\"url\":\"https:\\\/\\\/www.meydan.tv\\\/wp-content\\\/uploads\\\/2021\\\/07\\\/meydan-logo.svg\",\"contentUrl\":\"https:\\\/\\\/www.meydan.tv\\\/wp-content\\\/uploads\\\/2021\\\/07\\\/meydan-logo.svg\",\"width\":195,\"height\":46,\"caption\":\"Meydan TV\"},\"image\":{\"@id\":\"https:\\\/\\\/www.meydan.tv\\\/az\\\/#\\\/schema\\\/logo\\\/image\\\/\"}},{\"@type\":\"Person\",\"@id\":\"https:\\\/\\\/www.meydan.tv\\\/az\\\/#\\\/schema\\\/person\\\/10d11eccf6da3662cf5fdab9806ea91a\",\"name\":\"user-manager\"}]}<\/script>\n<!-- \/ Yoast SEO plugin. -->","yoast_head_json":{"title":"H\u0259kim laqeydliyin\u0259 etiraz olaraq \u00f6z\u00fcn\u00fc yand\u0131ran ata Aprel qazisi imi\u015f - MEYDAN.TV","robots":{"index":"index","follow":"follow","max-snippet":"max-snippet:-1","max-image-preview":"max-image-preview:large","max-video-preview":"max-video-preview:-1"},"canonical":"https:\/\/www.meydan.tv\/az\/article\/hekim-laqeydliyine-etiraz-olaraq-ozunu-yandiran-ata-aprel-qazisi-imis\/","og_locale":"az_AZ","og_type":"article","og_title":"H\u0259kim laqeydliyin\u0259 etiraz olaraq \u00f6z\u00fcn\u00fc yand\u0131ran ata Aprel qazisi imi\u015f - MEYDAN.TV","og_description":"\u201cH\u0259kim, tibb bac\u0131lar\u0131 bizi a\u011f\u0131r s\u00f6y\u00fc\u015fl\u0259rl\u0259 t\u0259hqir etdil\u0259r\u201d","og_url":"https:\/\/www.meydan.tv\/az\/article\/hekim-laqeydliyine-etiraz-olaraq-ozunu-yandiran-ata-aprel-qazisi-imis\/","og_site_name":"MEYDAN.TV","article_published_time":"2019-07-02T13:00:56+00:00","og_image":[{"width":1280,"height":720,"url":"https:\/\/www.meydan.tv\/wp-content\/uploads\/untitled_design_yqflrla.png","type":"image\/png"}],"author":"user-manager","twitter_card":"summary_large_image","schema":{"@context":"https:\/\/schema.org","@graph":[{"@type":"Article","@id":"https:\/\/www.meydan.tv\/az\/article\/hekim-laqeydliyine-etiraz-olaraq-ozunu-yandiran-ata-aprel-qazisi-imis\/#article","isPartOf":{"@id":"https:\/\/www.meydan.tv\/az\/article\/hekim-laqeydliyine-etiraz-olaraq-ozunu-yandiran-ata-aprel-qazisi-imis\/"},"author":{"name":"user-manager","@id":"https:\/\/www.meydan.tv\/az\/#\/schema\/person\/10d11eccf6da3662cf5fdab9806ea91a"},"headline":"H\u0259kim laqeydliyin\u0259 etiraz olaraq \u00f6z\u00fcn\u00fc yand\u0131ran ata Aprel qazisi imi\u015f","datePublished":"2019-07-02T13:00:56+00:00","mainEntityOfPage":{"@id":"https:\/\/www.meydan.tv\/az\/article\/hekim-laqeydliyine-etiraz-olaraq-ozunu-yandiran-ata-aprel-qazisi-imis\/"},"wordCount":847,"publisher":{"@id":"https:\/\/www.meydan.tv\/az\/#organization"},"image":{"@id":"https:\/\/www.meydan.tv\/az\/article\/hekim-laqeydliyine-etiraz-olaraq-ozunu-yandiran-ata-aprel-qazisi-imis\/#primaryimage"},"thumbnailUrl":"https:\/\/www.meydan.tv\/wp-content\/uploads\/untitled_design_yqflrla.png","articleSection":["X\u0259b\u0259rl\u0259r"],"inLanguage":"az"},{"@type":"WebPage","@id":"https:\/\/www.meydan.tv\/az\/article\/hekim-laqeydliyine-etiraz-olaraq-ozunu-yandiran-ata-aprel-qazisi-imis\/","url":"https:\/\/www.meydan.tv\/az\/article\/hekim-laqeydliyine-etiraz-olaraq-ozunu-yandiran-ata-aprel-qazisi-imis\/","name":"H\u0259kim laqeydliyin\u0259 etiraz olaraq \u00f6z\u00fcn\u00fc yand\u0131ran ata Aprel qazisi imi\u015f - MEYDAN.TV","isPartOf":{"@id":"https:\/\/www.meydan.tv\/az\/#website"},"primaryImageOfPage":{"@id":"https:\/\/www.meydan.tv\/az\/article\/hekim-laqeydliyine-etiraz-olaraq-ozunu-yandiran-ata-aprel-qazisi-imis\/#primaryimage"},"image":{"@id":"https:\/\/www.meydan.tv\/az\/article\/hekim-laqeydliyine-etiraz-olaraq-ozunu-yandiran-ata-aprel-qazisi-imis\/#primaryimage"},"thumbnailUrl":"https:\/\/www.meydan.tv\/wp-content\/uploads\/untitled_design_yqflrla.png","datePublished":"2019-07-02T13:00:56+00:00","breadcrumb":{"@id":"https:\/\/www.meydan.tv\/az\/article\/hekim-laqeydliyine-etiraz-olaraq-ozunu-yandiran-ata-aprel-qazisi-imis\/#breadcrumb"},"inLanguage":"az","potentialAction":[{"@type":"ReadAction","target":["https:\/\/www.meydan.tv\/az\/article\/hekim-laqeydliyine-etiraz-olaraq-ozunu-yandiran-ata-aprel-qazisi-imis\/"]}]},{"@type":"ImageObject","inLanguage":"az","@id":"https:\/\/www.meydan.tv\/az\/article\/hekim-laqeydliyine-etiraz-olaraq-ozunu-yandiran-ata-aprel-qazisi-imis\/#primaryimage","url":"https:\/\/www.meydan.tv\/wp-content\/uploads\/untitled_design_yqflrla.png","contentUrl":"https:\/\/www.meydan.tv\/wp-content\/uploads\/untitled_design_yqflrla.png","width":1280,"height":720,"caption":"Source: Yeni Avaz"},{"@type":"BreadcrumbList","@id":"https:\/\/www.meydan.tv\/az\/article\/hekim-laqeydliyine-etiraz-olaraq-ozunu-yandiran-ata-aprel-qazisi-imis\/#breadcrumb","itemListElement":[{"@type":"ListItem","position":1,"name":"Ana s\u0259hif\u0259","item":"https:\/\/www.meydan.tv\/az\/"},{"@type":"ListItem","position":2,"name":"X\u0259b\u0259rl\u0259r","item":"https:\/\/www.meydan.tv\/az\/section\/xeberler\/"},{"@type":"ListItem","position":3,"name":"H\u0259kim laqeydliyin\u0259 etiraz olaraq \u00f6z\u00fcn\u00fc yand\u0131ran ata Aprel qazisi imi\u015f"}]},{"@type":"WebSite","@id":"https:\/\/www.meydan.tv\/az\/#website","url":"https:\/\/www.meydan.tv\/az\/","name":"MEYDAN.TV","description":"Meydan TV Az\u0259rbaycan\u0131n media m\u0259kan\u0131ndak\u0131 alternativ s\u0259sidir","publisher":{"@id":"https:\/\/www.meydan.tv\/az\/#organization"},"potentialAction":[{"@type":"SearchAction","target":{"@type":"EntryPoint","urlTemplate":"https:\/\/www.meydan.tv\/az\/?s={search_term_string}"},"query-input":{"@type":"PropertyValueSpecification","valueRequired":true,"valueName":"search_term_string"}}],"inLanguage":"az"},{"@type":"Organization","@id":"https:\/\/www.meydan.tv\/az\/#organization","name":"Meydan TV","url":"https:\/\/www.meydan.tv\/az\/","logo":{"@type":"ImageObject","inLanguage":"az","@id":"https:\/\/www.meydan.tv\/az\/#\/schema\/logo\/image\/","url":"https:\/\/www.meydan.tv\/wp-content\/uploads\/2021\/07\/meydan-logo.svg","contentUrl":"https:\/\/www.meydan.tv\/wp-content\/uploads\/2021\/07\/meydan-logo.svg","width":195,"height":46,"caption":"Meydan TV"},"image":{"@id":"https:\/\/www.meydan.tv\/az\/#\/schema\/logo\/image\/"}},{"@type":"Person","@id":"https:\/\/www.meydan.tv\/az\/#\/schema\/person\/10d11eccf6da3662cf5fdab9806ea91a","name":"user-manager"}]}},"_links":{"self":[{"href":"https:\/\/www.meydan.tv\/az\/wp-json\/wp\/v2\/posts\/196046","targetHints":{"allow":["GET"]}}],"collection":[{"href":"https:\/\/www.meydan.tv\/az\/wp-json\/wp\/v2\/posts"}],"about":[{"href":"https:\/\/www.meydan.tv\/az\/wp-json\/wp\/v2\/types\/post"}],"author":[{"embeddable":true,"href":"https:\/\/www.meydan.tv\/az\/wp-json\/wp\/v2\/users\/11"}],"replies":[{"embeddable":true,"href":"https:\/\/www.meydan.tv\/az\/wp-json\/wp\/v2\/comments?post=196046"}],"version-history":[{"count":0,"href":"https:\/\/www.meydan.tv\/az\/wp-json\/wp\/v2\/posts\/196046\/revisions"}],"wp:featuredmedia":[{"embeddable":true,"href":"https:\/\/www.meydan.tv\/az\/wp-json\/wp\/v2\/media\/126199"}],"wp:attachment":[{"href":"https:\/\/www.meydan.tv\/az\/wp-json\/wp\/v2\/media?parent=196046"}],"wp:term":[{"taxonomy":"category","embeddable":true,"href":"https:\/\/www.meydan.tv\/az\/wp-json\/wp\/v2\/categories?post=196046"},{"taxonomy":"post_tag","embeddable":true,"href":"https:\/\/www.meydan.tv\/az\/wp-json\/wp\/v2\/tags?post=196046"}],"curies":[{"name":"wp","href":"https:\/\/api.w.org\/{rel}","templated":true}]}}