{"id":196031,"date":"2019-06-29T20:24:00","date_gmt":"2019-06-29T20:24:00","guid":{"rendered":"https:\/\/www.meydan.tv\/article\/qusar-sakini-meni-evimden-cixarsalar-ozumu-yandiracam\/"},"modified":"2019-06-29T20:24:00","modified_gmt":"2019-06-29T20:24:00","slug":"qusar-sakini-meni-evimden-cixarsalar-ozumu-yandiracam","status":"publish","type":"post","link":"https:\/\/www.meydan.tv\/az\/article\/qusar-sakini-meni-evimden-cixarsalar-ozumu-yandiracam\/","title":{"rendered":"Qusar sakini: M\u0259ni evimd\u0259n \u00e7\u0131xarsalar \u00f6z\u00fcm\u00fc yand\u0131racam"},"content":{"rendered":"<p>\n  <i><br \/>\n    &#x27;&#x27;Yolda\u015f\u0131m r\u0259hm\u0259t\u0259 ged\u0259nd\u0259n sonra qayn\u0131mla arvad\u0131n\u0131n m\u00fclk \u00fcst\u00fcnd\u0259 ba\u015f\u0131ma a\u00e7mad\u0131qlar\u0131 oyun qalmay\u0131b&#x27;&#x27;<br \/>\n  <\/i>\n<\/p>\n<p>\n  \u201c\u0130yirmi ildir ki, bu ev\u0259 g\u0259lin k\u00f6\u00e7m\u00fc\u015f\u0259m. R\u0259hm\u0259tlik h\u0259yat yolda\u015f\u0131m\u0131n d\u00f6rd u\u015fa\u011f\u0131na anal\u0131q etmi\u015f\u0259m. \u00dc\u00e7 q\u0131z\u0131 \u0259r\u0259 vermi\u015f\u0259m, indi d\u0259 o\u011flumla birg\u0259 ya\u015fay\u0131r\u0131q. Bu u\u015faqlara analar\u0131n\u0131n yoxlu\u011funu hiss etdirm\u0259mi\u015f\u0259m. H\u0259yat yolda\u015f\u0131m 2014-c\u00fc ild\u0259 r\u0259hm\u0259t\u0259 ged\u0259nd\u0259n sonra Rusiyada ya\u015fayan qayn\u0131m D\u0259mir Pa\u015fayevin ail\u0259miz\u0259 qar\u015f\u0131 q\u0259sd-q\u0259r\u0259zi ba\u015fland\u0131. Biz\u0259 m\u0259xsus 25 sot torpa\u011f\u0131 v\u0259 qay\u0131natamdan qalan ikim\u0259rt\u0259b\u0259li k\u00f6hn\u0259 evi \u00f6z ad\u0131na s\u0259n\u0259dl\u0259\u015fdirib, indi d\u0259 m\u0259ni k\u00fc\u00e7\u0259y\u0259 at\u0131r. Qalm\u0131\u015fam aral\u0131qda, kims\u0259siz\u0259m, haray\u0131ma yet\u0259n yoxdur\u201d.\n<\/p>\n<p>\n  Qusar rayonu, \u018fv\u0259cuq k\u0259nd sakini T\u0259yyar\u0259 Salmanova Q\u0259dmulla q\u0131z\u0131 Meydan TV-y\u0259 bel\u0259 deyir.\n<\/p>\n<figure class=\"wp-block-image size-large\">\n  <img decoding=\"async\" src=\"https:\/\/www.meydan.tv\/az\/image_from_ios-4-jpg-35\/\" alt=\"image_from_ios (4).jpg\" class=\"wp-image-126112\"\/><figcaption>\n    ev<br \/>\n  <\/figcaption><\/figure>\n<p>\n  Onun s\u00f6zl\u0259rin\u0259 g\u00f6r\u0259, 1999-cu ild\u0259 38 ya\u015f\u0131nda R\u00fcf\u0259t Pa\u015fayev Pa\u015fa o\u011flu il\u0259 ail\u0259 qursa da, r\u0259smi nikah\u0131 olmay\u0131b. H\u0259yat yolda\u015f\u0131n\u0131n v\u0259fat\u0131ndan sonra evl\u0259 ba\u011fl\u0131 probleml\u0259ri yaran\u0131b:\n<\/p>\n<p>\n  \u201cR\u0259hm\u0259tlik \u0259rim i\u00e7ki d\u00fc\u015fk\u00fcn\u00fc idi. Birinci arvad\u0131 \u00f6l\u0259nd\u0259n \u00fc\u00e7 il sonra m\u0259niml\u0259 evl\u0259ndi, amma r\u0259smi nikaha girm\u0259dik. Onun d\u00f6rd u\u015fa\u011f\u0131na anal\u0131q etdim, b\u00f6y\u00fctd\u00fcm. U\u015faqlar da sa\u011f olsun, m\u0259ni analar\u0131 kimi ist\u0259yirl\u0259r. \u018frimin sa\u011fl\u0131\u011f\u0131nda evimiz\u0259 ka\u011f\u0131z g\u0259ldi ki, b\u0259s h\u0259y\u0259tyan\u0131 sah\u0259miz v\u0259 ev qayn\u0131m D\u0259mirin ad\u0131na ke\u00e7irilib. \u018frim d\u0259 qayn\u0131ma dedi ki, bundan sonra \u0259l-\u0259l\u0259 verib, ya\u015fayaq, bu torpaq h\u0259m s\u0259nin, h\u0259m d\u0259 m\u0259nim balalar\u0131m\u0131nd\u0131r. Qayn\u0131m Rusiyada i\u015fl\u0259yirdi, g\u0259lib h\u0259y\u0259tin bir hiss\u0259sind\u0259 ev tikdi. Yolda\u015f\u0131m r\u0259hm\u0259t\u0259 ged\u0259nd\u0259n sonra qayn\u0131mla arvad\u0131n\u0131n m\u00fclk \u00fcst\u00fcnd\u0259 ba\u015f\u0131ma a\u00e7mad\u0131qlar\u0131 oyun qalmay\u0131b. 2017-ci ild\u0259 m\u0259lum oldu ki, o, torpa\u011f\u0131n 18 sotunu bald\u0131z\u0131 Namiz\u0259 \u018fsg\u0259rova H\u00fcseyn q\u0131z\u0131na sat\u0131b. Nec\u0259 olur ki, bizim ata-baba oca\u011f\u0131m\u0131za Avaran k\u0259ndind\u0259n olan hans\u0131sa qad\u0131n sahib \u00e7\u0131x\u0131r? D\u0259f\u0259l\u0259rl\u0259 i\u015f polis v\u0259 dig\u0259r orqanlara gedib \u00e7\u0131x\u0131b. Lakin \u00f6vladlar\u0131m da, m\u0259n d\u0259 kims\u0259siz oldu\u011fumuzdan bizi e\u015fid\u0259n yoxdur. H\u0259y\u0259tin ta o ba\u015f\u0131nda \u00f6zl\u0259ri \u00fc\u00e7\u00fcn bir ev tikibl\u0259r, g\u0259l g\u00f6r\u0259s\u0259n. Sa\u011fl\u0131qlar\u0131na qism\u0259t, b\u0259s m\u0259nd\u0259n n\u0259 ist\u0259yirl\u0259r? U\u00e7uq-s\u00f6k\u00fck dam\u0131n alt\u0131nda ya\u015fay\u0131ram\u201d.\n<\/p>\n<figure class=\"wp-block-image size-large\">\n  <img decoding=\"async\" src=\"https:\/\/www.meydan.tv\/az\/image_from_ios-7-jpg-7\/\" alt=\"image_from_ios (7).jpg\" class=\"wp-image-126118\"\/><figcaption>\n    T\u0259yyar\u0259 Salmanova<br \/>\n  <\/figcaption><\/figure>\n<p>\n  \u015eikay\u0259t\u00e7inin s\u00f6zl\u0259rin\u0259 g\u00f6r\u0259, R\u00fcf\u0259t Pa\u015fayevin \u00f6vladlar\u0131 da \u0259mil\u0259rinin add\u0131m\u0131na qar\u015f\u0131 \u00e7\u0131x\u0131blar:\n<\/p>\n<p>\n  \u201cQ\u0131zlar etiraz etdi, \u00e7ox s\u00f6z-s\u00f6hb\u0259t oldu. \u018fmil\u0259rind\u0259n soru\u015fdular ki, anam\u0131z v\u0259 qarda\u015f\u0131m\u0131z burada ya\u015fad\u0131\u011f\u0131 halda nec\u0259 olub, s\u0259n torpa\u011f\u0131 satm\u0131san? O da dedi ki, sizin bu evd\u0259 pay\u0131n\u0131z yoxdur. Qusar Rayon M\u0259hk\u0259m\u0259sinin qayn\u0131m\u0131n xeyrin\u0259 \u00e7\u0131xard\u0131\u011f\u0131 q\u0259rardan sonra Sumqay\u0131t Apelyasiya M\u0259hk\u0259m\u0259sin\u0259 apelyasiya \u015fikay\u0259ti verdim. Yen\u0259 d\u0259 i\u015f onlar\u0131n xeyrin\u0259 oldu. \u0130\u015fimiz\u0259 baxm\u0131rlar, bizi saya salan yoxdur. Q\u0131z\u0131m da m\u0259hk\u0259m\u0259y\u0259 m\u00fcraci\u0259t etmi\u015fdi, s\u0259n\u0259dl\u0259rini geri qaytar\u0131blar, q\u0259bul etmirl\u0259r. Bir s\u00f6zl\u0259, bizi evimizd\u0259n \u00e7\u0131xarmaq ist\u0259yirl\u0259r. X\u0259b\u0259rdarl\u0131q m\u0259ktubu g\u0259lib ki, bu ay evi bo\u015fald\u0131m. Ax\u0131 m\u0259nim ged\u0259si yerim yoxdur. Nec\u0259 olur ki, Rusiya v\u0259t\u0259nda\u015f\u0131na burada yer verirsiniz, m\u0259nim o\u011flum gedib, Beyl\u0259qanda \u0259sg\u0259ri xidm\u0259t g\u00f6st\u0259rib, ona niy\u0259 yer vermirsiniz? Verin d\u0259, m\u0259n Az\u0259rbaycan v\u0259t\u0259nda\u015f\u0131yam. Pul verib, saxta s\u0259n\u0259dl\u0259r d\u00fcz\u0259ltm\u0259kl\u0259 bu i\u015f olmur ax\u0131. \u018fg\u0259r \u0259dal\u0259t varsa, bizim \u00fc\u00e7\u00fcn d\u0259 i\u015fl\u0259sin. Qanun ancaq pullu adamlara i\u015fl\u0259yir, kas\u0131blara yox. Ev\u0259 benzin al\u0131b qoymu\u015fam. Sabah g\u0259lib m\u0259ni \u00e7\u0131xarsalar, \u00fcst\u00fcm\u0259 t\u00f6k\u00fcb, od vurub, \u00f6z\u00fcm\u00fc d\u0259, evi d\u0259 yand\u0131raca\u011fam\u201d.\n<\/p>\n<p>\n  M\u0259hk\u0259m\u0259 q\u0259rarlar\u0131 v\u0259 \u015fikay\u0259t\u00e7inin t\u0259qdim etdiyi s\u0259n\u0259dl\u0259rl\u0259 tan\u0131\u015f olan v\u0259kil \u018fsab\u0259li Mustafayev Meydan TV \u0259m\u0259kda\u015f\u0131na m\u0259s\u0259l\u0259ni \u015f\u0259rh edib.\n<\/p>\n<figure class=\"wp-block-image size-large\">\n  <img decoding=\"async\" src=\"https:\/\/www.meydan.tv\/az\/image_from_ios-6-jpg-18\/\" alt=\"image_from_ios (6).jpg\" class=\"wp-image-126115\"\/><figcaption>\n    ev<br \/>\n  <\/figcaption><\/figure>\n<p>\n  Bildirib ki, T\u0259yyar\u0259 Salmanova v\u0259 \u00f6vladlar\u0131 h\u0259min evd\u0259 v\u0259 torpaqda he\u00e7 bir v\u0259r\u0259s\u0259lik h\u00fcququna malik deyill\u0259r:\n<\/p>\n<p>\n  \u201cM\u0259hk\u0259m\u0259 q\u0259rar\u0131ndan bel\u0259 m\u0259lum olur ki, h\u0259min vaxt evd\u0259 v\u0259 torpaq sah\u0259sind\u0259 he\u00e7 kim, n\u0259 u\u015faqlar, n\u0259 d\u0259 qad\u0131n qeydiyyatda olub. R\u00fcf\u0259t Pa\u015fayev sa\u011fl\u0131\u011f\u0131nda torpaq sah\u0259sini v\u0259 evi qarda\u015f\u0131 D\u0259mir Pa\u015fayev\u0259 sat\u0131b. S\u0259n\u0259dl\u0259rd\u0259n m\u0259lum olur ki, ki\u015fi evi arvad\u0131ndan v\u0259 \u00f6vladlar\u0131ndan x\u0259b\u0259rsiz sat\u0131b. Qad\u0131n uzun ill\u0259rdir orada ya\u015fasa da, \u00f6z g\u00fcnah\u0131d\u0131r, R\u00fcf\u0259t Pa\u015fayevl\u0259 r\u0259smi nikaha girm\u0259yib. R\u0259smi nikah\u0131 olsayd\u0131, qay\u0131n\u0131 torpa\u011f\u0131 v\u0259 evi sata bilm\u0259y\u0259c\u0259kdi. Bu m\u0259s\u0259l\u0259d\u0259 qad\u0131na h\u0259r hans\u0131 bir k\u00f6m\u0259klik g\u00f6st\u0259rm\u0259k m\u00fcmk\u00fcn deyil. Biz ham\u0131ya izah edirik ki, Az\u0259rbaycan qanunvericiliyi faktiki nikah\u0131 tan\u0131m\u0131r. Sabah-birig\u00fcn u\u015faqlar v\u0259 qad\u0131n\u0131n \u00f6z\u00fc \u00fc\u00e7\u00fcn bu kimi ciddi probleml\u0259r yaranacaq. Ona g\u00f6r\u0259 d\u0259 r\u0259smi nikah\u0131n ba\u011flanmas\u0131na nail olmaq \u015f\u0259rtdir. R\u00fcf\u0259t Pa\u015fayevin \u00f6vladlar\u0131 da he\u00e7 n\u0259y\u0259 nail ola bilm\u0259y\u0259c\u0259k. M\u0259hz buna g\u00f6r\u0259 atalar\u0131 alq\u0131-satq\u0131 ed\u0259rk\u0259n, onlar\u0131n raz\u0131l\u0131\u011f\u0131n\u0131 alma\u011fa ehtiyac olmay\u0131b. U\u015faqlar qeydiyyatda olsayd\u0131lar, \u0259mil\u0259ri torpaq sah\u0259sini v\u0259 evi satanda, m\u00fctl\u0259q raz\u0131l\u0131qlar\u0131n\u0131 almal\u0131 idi. \u00dcst\u0259lik, \u00f6vladlar\u0131 sonradan m\u0259hk\u0259m\u0259d\u0259n iddia qald\u0131r\u0131b, h\u0259min alq\u0131-satq\u0131n\u0131 l\u0259\u011fv etdir\u0259 bil\u0259rdil\u0259r. M\u0259hk\u0259m\u0259 d\u0259 d\u00fczg\u00fcn q\u0259rar \u00e7\u0131xar\u0131b. \u018fdal\u0259tli, yaxud \u0259dal\u0259tsiz, s\u00f6hb\u0259t ondad\u0131r ki, \u00e7\u0131xar\u0131lan q\u0259rar qanunidir. Neyl\u0259m\u0259k olar, b\u0259z\u0259n qanunla \u0259dal\u0259t bir yer\u0259 s\u0131\u011fm\u0131r\u201d.\n<\/p>\n<figure class=\"wp-block-image size-large\">\n  <img decoding=\"async\" src=\"https:\/\/www.meydan.tv\/az\/image_from_ios-5-jpg-23\/\" alt=\"image_from_ios (5).jpg\" class=\"wp-image-126121\"\/><figcaption>\n    ev<br \/>\n  <\/figcaption><\/figure>\n","protected":false},"excerpt":{"rendered":"<p>M\u0259hk\u0259m\u0259 q\u0259rar\u0131ndan bel\u0259 m\u0259lum olur ki, h\u0259min vaxt evd\u0259 v\u0259 torpaq sah\u0259sind\u0259 he\u00e7 kim, n\u0259 u\u015faqlar, n\u0259 d\u0259 qad\u0131n qeydiyyatda olub.<\/p>\n","protected":false},"author":11,"featured_media":126109,"comment_status":"closed","ping_status":"open","sticky":false,"template":"","format":"standard","meta":{"_acf_changed":false,"_sitemap_exclude":false,"_sitemap_priority":"","_sitemap_frequency":"","footnotes":""},"categories":[60],"tags":[],"class_list":["post-196031","post","type-post","status-publish","format-standard","has-post-thumbnail","hentry","category-bolge","infinite-scroll-item","generate-columns","tablet-grid-50","mobile-grid-100","grid-parent","grid-33","no-featured-image-padding"],"acf":[],"yoast_head":"<!-- This site is optimized with the Yoast SEO plugin v27.4 - https:\/\/yoast.com\/product\/yoast-seo-wordpress\/ -->\n<title>Qusar sakini: M\u0259ni evimd\u0259n \u00e7\u0131xarsalar \u00f6z\u00fcm\u00fc yand\u0131racam - MEYDAN.TV<\/title>\n<meta name=\"robots\" content=\"index, follow, max-snippet:-1, max-image-preview:large, max-video-preview:-1\" \/>\n<link rel=\"canonical\" href=\"https:\/\/www.meydan.tv\/az\/article\/qusar-sakini-meni-evimden-cixarsalar-ozumu-yandiracam\/\" \/>\n<meta property=\"og:locale\" content=\"az_AZ\" \/>\n<meta property=\"og:type\" content=\"article\" \/>\n<meta property=\"og:title\" content=\"Qusar sakini: M\u0259ni evimd\u0259n \u00e7\u0131xarsalar \u00f6z\u00fcm\u00fc yand\u0131racam - MEYDAN.TV\" \/>\n<meta property=\"og:description\" content=\"M\u0259hk\u0259m\u0259 q\u0259rar\u0131ndan bel\u0259 m\u0259lum olur ki, h\u0259min vaxt evd\u0259 v\u0259 torpaq sah\u0259sind\u0259 he\u00e7 kim, n\u0259 u\u015faqlar, n\u0259 d\u0259 qad\u0131n qeydiyyatda olub.\" \/>\n<meta property=\"og:url\" content=\"https:\/\/www.meydan.tv\/az\/article\/qusar-sakini-meni-evimden-cixarsalar-ozumu-yandiracam\/\" \/>\n<meta property=\"og:site_name\" content=\"MEYDAN.TV\" \/>\n<meta property=\"article:published_time\" content=\"2019-06-29T20:24:00+00:00\" \/>\n<meta property=\"og:image\" content=\"https:\/\/www.meydan.tv\/wp-content\/uploads\/image_from_ios_v2ybqya.jpg\" \/>\n\t<meta property=\"og:image:width\" content=\"715\" \/>\n\t<meta property=\"og:image:height\" content=\"537\" \/>\n\t<meta property=\"og:image:type\" content=\"image\/jpeg\" \/>\n<meta name=\"author\" content=\"user-manager\" \/>\n<meta name=\"twitter:card\" content=\"summary_large_image\" \/>\n<script type=\"application\/ld+json\" class=\"yoast-schema-graph\">{\"@context\":\"https:\\\/\\\/schema.org\",\"@graph\":[{\"@type\":\"Article\",\"@id\":\"https:\\\/\\\/www.meydan.tv\\\/az\\\/article\\\/qusar-sakini-meni-evimden-cixarsalar-ozumu-yandiracam\\\/#article\",\"isPartOf\":{\"@id\":\"https:\\\/\\\/www.meydan.tv\\\/az\\\/article\\\/qusar-sakini-meni-evimden-cixarsalar-ozumu-yandiracam\\\/\"},\"author\":{\"name\":\"user-manager\",\"@id\":\"https:\\\/\\\/www.meydan.tv\\\/az\\\/#\\\/schema\\\/person\\\/10d11eccf6da3662cf5fdab9806ea91a\"},\"headline\":\"Qusar sakini: M\u0259ni evimd\u0259n \u00e7\u0131xarsalar \u00f6z\u00fcm\u00fc yand\u0131racam\",\"datePublished\":\"2019-06-29T20:24:00+00:00\",\"mainEntityOfPage\":{\"@id\":\"https:\\\/\\\/www.meydan.tv\\\/az\\\/article\\\/qusar-sakini-meni-evimden-cixarsalar-ozumu-yandiracam\\\/\"},\"wordCount\":1124,\"publisher\":{\"@id\":\"https:\\\/\\\/www.meydan.tv\\\/az\\\/#organization\"},\"image\":{\"@id\":\"https:\\\/\\\/www.meydan.tv\\\/az\\\/article\\\/qusar-sakini-meni-evimden-cixarsalar-ozumu-yandiracam\\\/#primaryimage\"},\"thumbnailUrl\":\"https:\\\/\\\/www.meydan.tv\\\/wp-content\\\/uploads\\\/image_from_ios_v2ybqya.jpg\",\"articleSection\":[\"B\u00f6lg\u0259\"],\"inLanguage\":\"az\"},{\"@type\":\"WebPage\",\"@id\":\"https:\\\/\\\/www.meydan.tv\\\/az\\\/article\\\/qusar-sakini-meni-evimden-cixarsalar-ozumu-yandiracam\\\/\",\"url\":\"https:\\\/\\\/www.meydan.tv\\\/az\\\/article\\\/qusar-sakini-meni-evimden-cixarsalar-ozumu-yandiracam\\\/\",\"name\":\"Qusar sakini: M\u0259ni evimd\u0259n \u00e7\u0131xarsalar \u00f6z\u00fcm\u00fc yand\u0131racam - MEYDAN.TV\",\"isPartOf\":{\"@id\":\"https:\\\/\\\/www.meydan.tv\\\/az\\\/#website\"},\"primaryImageOfPage\":{\"@id\":\"https:\\\/\\\/www.meydan.tv\\\/az\\\/article\\\/qusar-sakini-meni-evimden-cixarsalar-ozumu-yandiracam\\\/#primaryimage\"},\"image\":{\"@id\":\"https:\\\/\\\/www.meydan.tv\\\/az\\\/article\\\/qusar-sakini-meni-evimden-cixarsalar-ozumu-yandiracam\\\/#primaryimage\"},\"thumbnailUrl\":\"https:\\\/\\\/www.meydan.tv\\\/wp-content\\\/uploads\\\/image_from_ios_v2ybqya.jpg\",\"datePublished\":\"2019-06-29T20:24:00+00:00\",\"breadcrumb\":{\"@id\":\"https:\\\/\\\/www.meydan.tv\\\/az\\\/article\\\/qusar-sakini-meni-evimden-cixarsalar-ozumu-yandiracam\\\/#breadcrumb\"},\"inLanguage\":\"az\",\"potentialAction\":[{\"@type\":\"ReadAction\",\"target\":[\"https:\\\/\\\/www.meydan.tv\\\/az\\\/article\\\/qusar-sakini-meni-evimden-cixarsalar-ozumu-yandiracam\\\/\"]}]},{\"@type\":\"ImageObject\",\"inLanguage\":\"az\",\"@id\":\"https:\\\/\\\/www.meydan.tv\\\/az\\\/article\\\/qusar-sakini-meni-evimden-cixarsalar-ozumu-yandiracam\\\/#primaryimage\",\"url\":\"https:\\\/\\\/www.meydan.tv\\\/wp-content\\\/uploads\\\/image_from_ios_v2ybqya.jpg\",\"contentUrl\":\"https:\\\/\\\/www.meydan.tv\\\/wp-content\\\/uploads\\\/image_from_ios_v2ybqya.jpg\",\"width\":715,\"height\":537,\"caption\":\"Source: meydan.tv\"},{\"@type\":\"BreadcrumbList\",\"@id\":\"https:\\\/\\\/www.meydan.tv\\\/az\\\/article\\\/qusar-sakini-meni-evimden-cixarsalar-ozumu-yandiracam\\\/#breadcrumb\",\"itemListElement\":[{\"@type\":\"ListItem\",\"position\":1,\"name\":\"Ana s\u0259hif\u0259\",\"item\":\"https:\\\/\\\/www.meydan.tv\\\/az\\\/\"},{\"@type\":\"ListItem\",\"position\":2,\"name\":\"B\u00f6lg\u0259\",\"item\":\"https:\\\/\\\/www.meydan.tv\\\/az\\\/section\\\/bolge\\\/\"},{\"@type\":\"ListItem\",\"position\":3,\"name\":\"Qusar sakini: M\u0259ni evimd\u0259n \u00e7\u0131xarsalar \u00f6z\u00fcm\u00fc yand\u0131racam\"}]},{\"@type\":\"WebSite\",\"@id\":\"https:\\\/\\\/www.meydan.tv\\\/az\\\/#website\",\"url\":\"https:\\\/\\\/www.meydan.tv\\\/az\\\/\",\"name\":\"MEYDAN.TV\",\"description\":\"Meydan TV Az\u0259rbaycan\u0131n media m\u0259kan\u0131ndak\u0131 alternativ s\u0259sidir\",\"publisher\":{\"@id\":\"https:\\\/\\\/www.meydan.tv\\\/az\\\/#organization\"},\"potentialAction\":[{\"@type\":\"SearchAction\",\"target\":{\"@type\":\"EntryPoint\",\"urlTemplate\":\"https:\\\/\\\/www.meydan.tv\\\/az\\\/?s={search_term_string}\"},\"query-input\":{\"@type\":\"PropertyValueSpecification\",\"valueRequired\":true,\"valueName\":\"search_term_string\"}}],\"inLanguage\":\"az\"},{\"@type\":\"Organization\",\"@id\":\"https:\\\/\\\/www.meydan.tv\\\/az\\\/#organization\",\"name\":\"Meydan TV\",\"url\":\"https:\\\/\\\/www.meydan.tv\\\/az\\\/\",\"logo\":{\"@type\":\"ImageObject\",\"inLanguage\":\"az\",\"@id\":\"https:\\\/\\\/www.meydan.tv\\\/az\\\/#\\\/schema\\\/logo\\\/image\\\/\",\"url\":\"https:\\\/\\\/www.meydan.tv\\\/wp-content\\\/uploads\\\/2021\\\/07\\\/meydan-logo.svg\",\"contentUrl\":\"https:\\\/\\\/www.meydan.tv\\\/wp-content\\\/uploads\\\/2021\\\/07\\\/meydan-logo.svg\",\"width\":195,\"height\":46,\"caption\":\"Meydan TV\"},\"image\":{\"@id\":\"https:\\\/\\\/www.meydan.tv\\\/az\\\/#\\\/schema\\\/logo\\\/image\\\/\"}},{\"@type\":\"Person\",\"@id\":\"https:\\\/\\\/www.meydan.tv\\\/az\\\/#\\\/schema\\\/person\\\/10d11eccf6da3662cf5fdab9806ea91a\",\"name\":\"user-manager\"}]}<\/script>\n<!-- \/ Yoast SEO plugin. -->","yoast_head_json":{"title":"Qusar sakini: M\u0259ni evimd\u0259n \u00e7\u0131xarsalar \u00f6z\u00fcm\u00fc yand\u0131racam - MEYDAN.TV","robots":{"index":"index","follow":"follow","max-snippet":"max-snippet:-1","max-image-preview":"max-image-preview:large","max-video-preview":"max-video-preview:-1"},"canonical":"https:\/\/www.meydan.tv\/az\/article\/qusar-sakini-meni-evimden-cixarsalar-ozumu-yandiracam\/","og_locale":"az_AZ","og_type":"article","og_title":"Qusar sakini: M\u0259ni evimd\u0259n \u00e7\u0131xarsalar \u00f6z\u00fcm\u00fc yand\u0131racam - MEYDAN.TV","og_description":"M\u0259hk\u0259m\u0259 q\u0259rar\u0131ndan bel\u0259 m\u0259lum olur ki, h\u0259min vaxt evd\u0259 v\u0259 torpaq sah\u0259sind\u0259 he\u00e7 kim, n\u0259 u\u015faqlar, n\u0259 d\u0259 qad\u0131n qeydiyyatda olub.","og_url":"https:\/\/www.meydan.tv\/az\/article\/qusar-sakini-meni-evimden-cixarsalar-ozumu-yandiracam\/","og_site_name":"MEYDAN.TV","article_published_time":"2019-06-29T20:24:00+00:00","og_image":[{"width":715,"height":537,"url":"https:\/\/www.meydan.tv\/wp-content\/uploads\/image_from_ios_v2ybqya.jpg","type":"image\/jpeg"}],"author":"user-manager","twitter_card":"summary_large_image","schema":{"@context":"https:\/\/schema.org","@graph":[{"@type":"Article","@id":"https:\/\/www.meydan.tv\/az\/article\/qusar-sakini-meni-evimden-cixarsalar-ozumu-yandiracam\/#article","isPartOf":{"@id":"https:\/\/www.meydan.tv\/az\/article\/qusar-sakini-meni-evimden-cixarsalar-ozumu-yandiracam\/"},"author":{"name":"user-manager","@id":"https:\/\/www.meydan.tv\/az\/#\/schema\/person\/10d11eccf6da3662cf5fdab9806ea91a"},"headline":"Qusar sakini: M\u0259ni evimd\u0259n \u00e7\u0131xarsalar \u00f6z\u00fcm\u00fc yand\u0131racam","datePublished":"2019-06-29T20:24:00+00:00","mainEntityOfPage":{"@id":"https:\/\/www.meydan.tv\/az\/article\/qusar-sakini-meni-evimden-cixarsalar-ozumu-yandiracam\/"},"wordCount":1124,"publisher":{"@id":"https:\/\/www.meydan.tv\/az\/#organization"},"image":{"@id":"https:\/\/www.meydan.tv\/az\/article\/qusar-sakini-meni-evimden-cixarsalar-ozumu-yandiracam\/#primaryimage"},"thumbnailUrl":"https:\/\/www.meydan.tv\/wp-content\/uploads\/image_from_ios_v2ybqya.jpg","articleSection":["B\u00f6lg\u0259"],"inLanguage":"az"},{"@type":"WebPage","@id":"https:\/\/www.meydan.tv\/az\/article\/qusar-sakini-meni-evimden-cixarsalar-ozumu-yandiracam\/","url":"https:\/\/www.meydan.tv\/az\/article\/qusar-sakini-meni-evimden-cixarsalar-ozumu-yandiracam\/","name":"Qusar sakini: M\u0259ni evimd\u0259n \u00e7\u0131xarsalar \u00f6z\u00fcm\u00fc yand\u0131racam - MEYDAN.TV","isPartOf":{"@id":"https:\/\/www.meydan.tv\/az\/#website"},"primaryImageOfPage":{"@id":"https:\/\/www.meydan.tv\/az\/article\/qusar-sakini-meni-evimden-cixarsalar-ozumu-yandiracam\/#primaryimage"},"image":{"@id":"https:\/\/www.meydan.tv\/az\/article\/qusar-sakini-meni-evimden-cixarsalar-ozumu-yandiracam\/#primaryimage"},"thumbnailUrl":"https:\/\/www.meydan.tv\/wp-content\/uploads\/image_from_ios_v2ybqya.jpg","datePublished":"2019-06-29T20:24:00+00:00","breadcrumb":{"@id":"https:\/\/www.meydan.tv\/az\/article\/qusar-sakini-meni-evimden-cixarsalar-ozumu-yandiracam\/#breadcrumb"},"inLanguage":"az","potentialAction":[{"@type":"ReadAction","target":["https:\/\/www.meydan.tv\/az\/article\/qusar-sakini-meni-evimden-cixarsalar-ozumu-yandiracam\/"]}]},{"@type":"ImageObject","inLanguage":"az","@id":"https:\/\/www.meydan.tv\/az\/article\/qusar-sakini-meni-evimden-cixarsalar-ozumu-yandiracam\/#primaryimage","url":"https:\/\/www.meydan.tv\/wp-content\/uploads\/image_from_ios_v2ybqya.jpg","contentUrl":"https:\/\/www.meydan.tv\/wp-content\/uploads\/image_from_ios_v2ybqya.jpg","width":715,"height":537,"caption":"Source: meydan.tv"},{"@type":"BreadcrumbList","@id":"https:\/\/www.meydan.tv\/az\/article\/qusar-sakini-meni-evimden-cixarsalar-ozumu-yandiracam\/#breadcrumb","itemListElement":[{"@type":"ListItem","position":1,"name":"Ana s\u0259hif\u0259","item":"https:\/\/www.meydan.tv\/az\/"},{"@type":"ListItem","position":2,"name":"B\u00f6lg\u0259","item":"https:\/\/www.meydan.tv\/az\/section\/bolge\/"},{"@type":"ListItem","position":3,"name":"Qusar sakini: M\u0259ni evimd\u0259n \u00e7\u0131xarsalar \u00f6z\u00fcm\u00fc yand\u0131racam"}]},{"@type":"WebSite","@id":"https:\/\/www.meydan.tv\/az\/#website","url":"https:\/\/www.meydan.tv\/az\/","name":"MEYDAN.TV","description":"Meydan TV Az\u0259rbaycan\u0131n media m\u0259kan\u0131ndak\u0131 alternativ s\u0259sidir","publisher":{"@id":"https:\/\/www.meydan.tv\/az\/#organization"},"potentialAction":[{"@type":"SearchAction","target":{"@type":"EntryPoint","urlTemplate":"https:\/\/www.meydan.tv\/az\/?s={search_term_string}"},"query-input":{"@type":"PropertyValueSpecification","valueRequired":true,"valueName":"search_term_string"}}],"inLanguage":"az"},{"@type":"Organization","@id":"https:\/\/www.meydan.tv\/az\/#organization","name":"Meydan TV","url":"https:\/\/www.meydan.tv\/az\/","logo":{"@type":"ImageObject","inLanguage":"az","@id":"https:\/\/www.meydan.tv\/az\/#\/schema\/logo\/image\/","url":"https:\/\/www.meydan.tv\/wp-content\/uploads\/2021\/07\/meydan-logo.svg","contentUrl":"https:\/\/www.meydan.tv\/wp-content\/uploads\/2021\/07\/meydan-logo.svg","width":195,"height":46,"caption":"Meydan TV"},"image":{"@id":"https:\/\/www.meydan.tv\/az\/#\/schema\/logo\/image\/"}},{"@type":"Person","@id":"https:\/\/www.meydan.tv\/az\/#\/schema\/person\/10d11eccf6da3662cf5fdab9806ea91a","name":"user-manager"}]}},"_links":{"self":[{"href":"https:\/\/www.meydan.tv\/az\/wp-json\/wp\/v2\/posts\/196031","targetHints":{"allow":["GET"]}}],"collection":[{"href":"https:\/\/www.meydan.tv\/az\/wp-json\/wp\/v2\/posts"}],"about":[{"href":"https:\/\/www.meydan.tv\/az\/wp-json\/wp\/v2\/types\/post"}],"author":[{"embeddable":true,"href":"https:\/\/www.meydan.tv\/az\/wp-json\/wp\/v2\/users\/11"}],"replies":[{"embeddable":true,"href":"https:\/\/www.meydan.tv\/az\/wp-json\/wp\/v2\/comments?post=196031"}],"version-history":[{"count":0,"href":"https:\/\/www.meydan.tv\/az\/wp-json\/wp\/v2\/posts\/196031\/revisions"}],"wp:featuredmedia":[{"embeddable":true,"href":"https:\/\/www.meydan.tv\/az\/wp-json\/wp\/v2\/media\/126109"}],"wp:attachment":[{"href":"https:\/\/www.meydan.tv\/az\/wp-json\/wp\/v2\/media?parent=196031"}],"wp:term":[{"taxonomy":"category","embeddable":true,"href":"https:\/\/www.meydan.tv\/az\/wp-json\/wp\/v2\/categories?post=196031"},{"taxonomy":"post_tag","embeddable":true,"href":"https:\/\/www.meydan.tv\/az\/wp-json\/wp\/v2\/tags?post=196031"}],"curies":[{"name":"wp","href":"https:\/\/api.w.org\/{rel}","templated":true}]}}