{"id":196030,"date":"2019-06-30T13:53:22","date_gmt":"2019-06-30T13:53:22","guid":{"rendered":"https:\/\/www.meydan.tv\/article\/siyezen-sakini-elimde-yaxsi-isim-olsaydi-unvanli-sosial-yardimi-neynirdim\/"},"modified":"2019-06-30T13:53:22","modified_gmt":"2019-06-30T13:53:22","slug":"siyezen-sakini-elimde-yaxsi-isim-olsaydi-unvanli-sosial-yardimi-neynirdim","status":"publish","type":"post","link":"https:\/\/www.meydan.tv\/az\/article\/siyezen-sakini-elimde-yaxsi-isim-olsaydi-unvanli-sosial-yardimi-neynirdim\/","title":{"rendered":"Siy\u0259z\u0259n sakini: \u018flimd\u0259 yax\u015f\u0131 i\u015fim olsayd\u0131, \u00fcnvanl\u0131 sosial yard\u0131m\u0131 neynirdim?"},"content":{"rendered":"<p>\n  <i><br \/>\n    &#x27;&#x27;\u00dc\u00e7 ayd\u0131r apar\u0131b-g\u0259tirirl\u0259r, bezdirirl\u0259r&#x27;&#x27;<br \/>\n  <\/i>\n<\/p>\n<p>\n  Siy\u0259z\u0259nd\u0259 r\u0259smi i\u015f yerl\u0259rinin say\u0131 azd\u0131r. Bu bax\u0131mdan, i\u015fsizlikd\u0259n \u0259ziyy\u0259t \u00e7\u0259k\u0259n insanlar\u0131n dolan\u0131\u015f\u0131\u011f\u0131 da a\u011f\u0131rla\u015f\u0131r. G\u00fcman\u0131 \u00fcnvanl\u0131 sosial yard\u0131ma g\u0259l\u0259nl\u0259rin \u0259ks\u0259riyy\u0259tinin bu \u00fcmidi d\u0259 pu\u00e7 olur. M\u0259s\u0259l\u0259n, Hikm\u0259t Ramazanov, \u018fl\u0259kb\u0259r V\u0259liyevin ail\u0259l\u0259ri kimi&#8230;\n<\/p>\n<p>\n  Pay torpa\u011f\u0131 b\u0259han\u0259 edib sosial yard\u0131m vermirl\u0259r\n<\/p>\n<p>\n  Siy\u0259z\u0259nd\u0259 ya\u015fayan Hikm\u0259t Ramazanov deyir ki, ail\u0259si a\u011f\u0131r v\u0259ziyy\u0259td\u0259dir. \u00dcnvanl\u0131 yard\u0131m \u00fc\u00e7\u00fcn d\u0259 \u00e7ox m\u00fcraci\u0259t edibl\u0259r, amma m\u00fcsb\u0259t cavab ala bilm\u0259yibl\u0259r. D\u00f6vl\u0259t Sosial M\u00fcdafi\u0259 Fondunun Siy\u0259z\u0259n rayon \u015f\u00f6b\u0259sind\u0259n ad\u0131na pay torpaq oldu\u011funa g\u00f6r\u0259 ona \u00fcnvanl\u0131 sosial yard\u0131m d\u00fc\u015fm\u0259diyini bildirirl\u0259r:\n<\/p>\n<p>\n  \u201cT\u0259xmin\u0259n \u00fc\u00e7 hektard\u0131, onu da d\u00fcz-\u0259m\u0259lli istifad\u0259 el\u0259mirik. Atam c\u00fczi hiss\u0259sind\u0259 ot, b\u0259z\u0259n d\u0259 arpa \u0259kir. O torpaq bizim ev\u0259 pul g\u0259tirmir. \u00c7ar\u0259sizlikd\u0259n \u0259kir onu da. K\u0259nd yerind\u0259 ya\u015fay\u0131rlar. Ot olmasa, heyvan saxlamaq m\u00fcmk\u00fcn deyil\u201d.\n<\/p>\n<p>\n  Hikm\u0259t Siy\u0259z\u0259nd\u0259 d\u00fckanda i\u015fl\u0259yir. 300 manatdan bir az art\u0131q maa\u015f al\u0131r:\n<\/p>\n<figure class=\"wp-block-image size-large\">\n  <img decoding=\"async\" src=\"https:\/\/www.meydan.tv\/az\/image_from_ios-4-jpg-36\/\" alt=\"image_from_ios (4).jpg\" class=\"wp-image-126124\"\/><figcaption>\n    Hikm\u0259t Ramazanov<br \/>\n  <\/figcaption><\/figure>\n<p>\n  \u201cOnun da 130 manat\u0131n\u0131 kiray\u0259y\u0259 verir\u0259m. Bunun i\u015f\u0131\u011f\u0131, qaz\u0131, suyu var. Ham\u0131s\u0131n\u0131n pulunu \u00f6d\u0259m\u0259k laz\u0131md\u0131. D\u00f6rd n\u0259f\u0259rlik ail\u0259yik. U\u015faqlar k\u00f6rp\u0259di. H\u0259yat yolda\u015f\u0131m i\u015fl\u0259mir, onlara bax\u0131r. Lap i\u015fl\u0259m\u0259k ist\u0259s\u0259 bel\u0259, i\u015f yoxdu. Valideynl\u0259rim Yenik\u0259ndd\u0259 ya\u015fay\u0131r. G\u0259r\u0259k onlar\u0131n yan\u0131nda qalam. Oradan Siy\u0259z\u0259n\u0259 i\u015f\u0259 g\u0259lib-qay\u0131tmaq m\u00fcmk\u00fcn deyil. \u0130\u015f saat 9-da bitir. H\u0259r g\u00fcn k\u0259nd\u0259 taksi il\u0259 ged\u0259 bilm\u0259r\u0259m ax\u0131&#8230;\u201d\n<\/p>\n<p>\n  <i><br \/>\n    \u201cKimd\u0259n xeyir tuta bilirl\u0259rs\u0259, ona da sosial yard\u0131m verirl\u0259r\u201d<br \/>\n  <\/i>\n<\/p>\n<p>\n  Hikm\u0259tin atas\u0131 Q\u00fcdr\u0259t Ramazanov D\u00f6vl\u0259t Sosial M\u00fcdafi\u0259 Fondunun Siy\u0259z\u0259n rayon \u015f\u00f6b\u0259sini o\u011flundan daha \u00e7ox ittiham edir. Dan\u0131\u015f\u0131r ki, Hikm\u0259t b\u00fct\u00fcn s\u0259n\u0259dl\u0259ri haz\u0131rlay\u0131b, t\u0259qdim el\u0259yib, amma g\u00f6rm\u0259zd\u0259n g\u0259lirl\u0259r: \u201cDeyirl\u0259r ki, Bak\u0131ya g\u00f6nd\u0259rmi\u015fik. Y\u0259qin gizl\u0259dirl\u0259r, biz\u0259 demirl\u0259r. \u00dc\u00e7 ayd\u0131r \u00f6z\u00fcm soru\u015furam, apar\u0131b-g\u0259tirirl\u0259r, bezdirirl\u0259r. Hiss olunur ki, h\u0259ll el\u0259m\u0259k ist\u0259mirl\u0259r\u201d.\n<\/p>\n<p>\n  Q\u00fcdr\u0259t k\u0259ndd\u0259 \u00e7\u0259tin \u015f\u0259rtl\u0259r alt\u0131nda ya\u015fad\u0131qlar\u0131n\u0131 deyir:\n<\/p>\n<p>\n  \u201c\u00d6z\u00fcm\u00fcz \u00e7\u0259tinlikl\u0259 dolan\u0131r\u0131q. U\u015faqlara he\u00e7 k\u00f6m\u0259k el\u0259y\u0259 bilmirik. He\u00e7 yerd\u0259 i\u015fl\u0259mir\u0259m. D\u00f6rd d\u0259f\u0259 \u0259m\u0259liyyat olunmu\u015fam. H\u0259yat yolda\u015f\u0131m ikinci qrup \u0259lildi. C\u0259mi 160 manat pensiya al\u0131r. He\u00e7 iyn\u0259-d\u0259rman\u0131na b\u0259s el\u0259mir. Yoxsa u\u015fa\u011fa da k\u00f6m\u0259k el\u0259y\u0259rik\u201d.\n<\/p>\n<p>\n  Q\u00fcdr\u0259t iddia edir ki, Sosial M\u00fcdafi\u0259 Fondunun yerli \u015f\u00f6b\u0259sind\u0259 \u00fcnvanl\u0131 sosial yard\u0131m alanlardan pul g\u00fcd\u00fcrl\u0259r:\n<\/p>\n<p>\n  \u201cSosial yard\u0131m kiml\u0259r\u0259 verilm\u0259lidi? \u00c7\u0259tin v\u0259ziyy\u0259td\u0259 ya\u015fayanlara, \u00e7ox az maa\u015f alanlara. S\u00fcr\u00fcnd\u00fcr\u00fcrl\u0259r. Bak\u0131da da \u00f6z adamlar\u0131d\u0131. Yan\u0131mda telefonla dan\u0131\u015f\u0131b m\u0259n e\u015fid\u0259-e\u015fid\u0259 deyirl\u0259r ki, buna d\u00fc\u015fm\u00fcr. Kimd\u0259n xeyir tuta bilirl\u0259rs\u0259, ona da sosial yard\u0131m verirl\u0259r\u201d.\n<\/p>\n<p>\n  <i><br \/>\n    \u201cDolanmaq m\u00fcmk\u00fcn deyil\u201d<br \/>\n  <\/i>\n<\/p>\n<p>\n  Siy\u0259z\u0259nd\u0259 ya\u015fayan \u018fl\u0259kb\u0259r V\u0259liyev d\u0259 yerli sosial m\u00fcdafi\u0259 \u015f\u00f6b\u0259sind\u0259n eyni s\u0259b\u0259bd\u0259n imtina cavab\u0131 al\u0131b. Pay torpa\u011f\u0131n\u0131 b\u0259han\u0259 edibl\u0259r:\n<\/p>\n<p>\n  \u201cO torpa\u011f\u0131n he\u00e7 harada oldu\u011funu da bilmir\u0259m. He\u00e7 vaxt istifad\u0259 etm\u0259mi\u015fik. K\u0259ndd\u0259 h\u0259yat \u015f\u0259raiti \u00e7ox a\u011f\u0131rd\u0131. \u0130\u015f \u00fc\u00e7\u00fcn Siy\u0259z\u0259n\u0259 k\u00f6\u00e7d\u00fck. Burada da dolanmaq \u00e7\u0259tindi. C\u0259mi 200 manat maa\u015f al\u0131ram\u201d.\n<\/p>\n<figure class=\"wp-block-image size-large\">\n  <img decoding=\"async\" src=\"https:\/\/www.meydan.tv\/az\/image_from_ios-jpg-66\/\" alt=\"image_from_ios.jpg\" class=\"wp-image-126127\"\/><figcaption>\n    Q\u00fcdr\u0259t Ramazanov<br \/>\n  <\/figcaption><\/figure>\n<p>\n  \u018fl\u0259kb\u0259r ba\u015fqa he\u00e7 bir g\u0259lirinin olmad\u0131\u011f\u0131n\u0131 deyir. Onun da h\u0259yat yolda\u015f\u0131 i\u015fl\u0259mir, k\u00f6rp\u0259sin\u0259 bax\u0131r. Siy\u0259z\u0259nd\u0259 i\u015f tapmaq imkanlar\u0131 da m\u0259hduddur:\n<\/p>\n<p>\n  \u201cBu i\u015fi d\u0259 \u00e7\u0259tinlikl\u0259 tapm\u0131\u015fam. N\u0259 q\u0259d\u0259r i\u015fsiz adam var. Dolanmaq m\u00fcmk\u00fcn deyil. Sosial yard\u0131ma \u00e7ox ehtiyac var. Gedirik, ya torpa\u011f\u0131 b\u0259han\u0259 g\u0259tirirl\u0259r, ya da deyirl\u0259r ki, r\u0259smi i\u015f yeri olmal\u0131d\u0131. R\u0259smi i\u015f yeri olan\u0131n, yax\u015f\u0131 m\u0259vacib alan\u0131n sosial yard\u0131ma nec\u0259 ehtiyac\u0131 yarana bil\u0259r? \u018flimd\u0259 yax\u015f\u0131 i\u015fim olsayd\u0131, yard\u0131m\u0131 neynirdim? M\u0259ntiqi anlamaq olmur\u201d.\n<\/p>\n<p>\n  D\u00f6vl\u0259t Sosial M\u00fcdafi\u0259 Fondundan is\u0259 bildirilib ki, qurumun yerli \u015f\u00f6b\u0259sinin cavab\u0131ndan naraz\u0131 qalanlar yuxar\u0131 instansiyaya \u015fikay\u0259t ed\u0259 bil\u0259rl\u0259r:\n<\/p>\n<p>\n  \u201cRayon \u015f\u00f6b\u0259sind\u0259 bel\u0259, \u0259sass\u0131z ittihamlara cavab verilmir. H\u0259r bir halda, \u015fikay\u0259t ed\u0259 bil\u0259rl\u0259r, ara\u015fd\u0131r\u0131lar\u201d.<\/p>\n","protected":false},"excerpt":{"rendered":"<p>Gedirik, ya torpa\u011f\u0131 b\u0259han\u0259 g\u0259tirirl\u0259r, ya da deyirl\u0259r ki, r\u0259smi i\u015f yeri olmal\u0131d\u0131.<\/p>\n","protected":false},"author":11,"featured_media":126136,"comment_status":"closed","ping_status":"open","sticky":false,"template":"","format":"standard","meta":{"_acf_changed":false,"_sitemap_exclude":false,"_sitemap_priority":"","_sitemap_frequency":"","footnotes":""},"categories":[60],"tags":[],"class_list":["post-196030","post","type-post","status-publish","format-standard","has-post-thumbnail","hentry","category-bolge","infinite-scroll-item","generate-columns","tablet-grid-50","mobile-grid-100","grid-parent","grid-33","no-featured-image-padding"],"acf":[],"yoast_head":"<!-- This site is optimized with the Yoast SEO plugin v27.4 - https:\/\/yoast.com\/product\/yoast-seo-wordpress\/ -->\n<title>Siy\u0259z\u0259n sakini: \u018flimd\u0259 yax\u015f\u0131 i\u015fim olsayd\u0131, \u00fcnvanl\u0131 sosial yard\u0131m\u0131 neynirdim? - MEYDAN.TV<\/title>\n<meta name=\"robots\" content=\"index, follow, max-snippet:-1, max-image-preview:large, max-video-preview:-1\" \/>\n<link rel=\"canonical\" href=\"https:\/\/www.meydan.tv\/az\/article\/siyezen-sakini-elimde-yaxsi-isim-olsaydi-unvanli-sosial-yardimi-neynirdim\/\" \/>\n<meta property=\"og:locale\" content=\"az_AZ\" \/>\n<meta property=\"og:type\" content=\"article\" \/>\n<meta property=\"og:title\" content=\"Siy\u0259z\u0259n sakini: \u018flimd\u0259 yax\u015f\u0131 i\u015fim olsayd\u0131, \u00fcnvanl\u0131 sosial yard\u0131m\u0131 neynirdim? - MEYDAN.TV\" \/>\n<meta property=\"og:description\" content=\"Gedirik, ya torpa\u011f\u0131 b\u0259han\u0259 g\u0259tirirl\u0259r, ya da deyirl\u0259r ki, r\u0259smi i\u015f yeri olmal\u0131d\u0131.\" \/>\n<meta property=\"og:url\" content=\"https:\/\/www.meydan.tv\/az\/article\/siyezen-sakini-elimde-yaxsi-isim-olsaydi-unvanli-sosial-yardimi-neynirdim\/\" \/>\n<meta property=\"og:site_name\" content=\"MEYDAN.TV\" \/>\n<meta property=\"article:published_time\" content=\"2019-06-30T13:53:22+00:00\" \/>\n<meta property=\"og:image\" content=\"https:\/\/www.meydan.tv\/wp-content\/uploads\/06b573f0d7c9b7d0b86ac2322d6cb1fd.png\" \/>\n\t<meta property=\"og:image:width\" content=\"1095\" \/>\n\t<meta property=\"og:image:height\" content=\"1051\" \/>\n\t<meta property=\"og:image:type\" content=\"image\/png\" \/>\n<meta name=\"author\" content=\"user-manager\" \/>\n<meta name=\"twitter:card\" content=\"summary_large_image\" \/>\n<script type=\"application\/ld+json\" class=\"yoast-schema-graph\">{\"@context\":\"https:\\\/\\\/schema.org\",\"@graph\":[{\"@type\":\"Article\",\"@id\":\"https:\\\/\\\/www.meydan.tv\\\/az\\\/article\\\/siyezen-sakini-elimde-yaxsi-isim-olsaydi-unvanli-sosial-yardimi-neynirdim\\\/#article\",\"isPartOf\":{\"@id\":\"https:\\\/\\\/www.meydan.tv\\\/az\\\/article\\\/siyezen-sakini-elimde-yaxsi-isim-olsaydi-unvanli-sosial-yardimi-neynirdim\\\/\"},\"author\":{\"name\":\"user-manager\",\"@id\":\"https:\\\/\\\/www.meydan.tv\\\/az\\\/#\\\/schema\\\/person\\\/10d11eccf6da3662cf5fdab9806ea91a\"},\"headline\":\"Siy\u0259z\u0259n sakini: \u018flimd\u0259 yax\u015f\u0131 i\u015fim olsayd\u0131, \u00fcnvanl\u0131 sosial yard\u0131m\u0131 neynirdim?\",\"datePublished\":\"2019-06-30T13:53:22+00:00\",\"mainEntityOfPage\":{\"@id\":\"https:\\\/\\\/www.meydan.tv\\\/az\\\/article\\\/siyezen-sakini-elimde-yaxsi-isim-olsaydi-unvanli-sosial-yardimi-neynirdim\\\/\"},\"wordCount\":849,\"publisher\":{\"@id\":\"https:\\\/\\\/www.meydan.tv\\\/az\\\/#organization\"},\"image\":{\"@id\":\"https:\\\/\\\/www.meydan.tv\\\/az\\\/article\\\/siyezen-sakini-elimde-yaxsi-isim-olsaydi-unvanli-sosial-yardimi-neynirdim\\\/#primaryimage\"},\"thumbnailUrl\":\"https:\\\/\\\/www.meydan.tv\\\/wp-content\\\/uploads\\\/06b573f0d7c9b7d0b86ac2322d6cb1fd.png\",\"articleSection\":[\"B\u00f6lg\u0259\"],\"inLanguage\":\"az\"},{\"@type\":\"WebPage\",\"@id\":\"https:\\\/\\\/www.meydan.tv\\\/az\\\/article\\\/siyezen-sakini-elimde-yaxsi-isim-olsaydi-unvanli-sosial-yardimi-neynirdim\\\/\",\"url\":\"https:\\\/\\\/www.meydan.tv\\\/az\\\/article\\\/siyezen-sakini-elimde-yaxsi-isim-olsaydi-unvanli-sosial-yardimi-neynirdim\\\/\",\"name\":\"Siy\u0259z\u0259n sakini: \u018flimd\u0259 yax\u015f\u0131 i\u015fim olsayd\u0131, \u00fcnvanl\u0131 sosial yard\u0131m\u0131 neynirdim? - MEYDAN.TV\",\"isPartOf\":{\"@id\":\"https:\\\/\\\/www.meydan.tv\\\/az\\\/#website\"},\"primaryImageOfPage\":{\"@id\":\"https:\\\/\\\/www.meydan.tv\\\/az\\\/article\\\/siyezen-sakini-elimde-yaxsi-isim-olsaydi-unvanli-sosial-yardimi-neynirdim\\\/#primaryimage\"},\"image\":{\"@id\":\"https:\\\/\\\/www.meydan.tv\\\/az\\\/article\\\/siyezen-sakini-elimde-yaxsi-isim-olsaydi-unvanli-sosial-yardimi-neynirdim\\\/#primaryimage\"},\"thumbnailUrl\":\"https:\\\/\\\/www.meydan.tv\\\/wp-content\\\/uploads\\\/06b573f0d7c9b7d0b86ac2322d6cb1fd.png\",\"datePublished\":\"2019-06-30T13:53:22+00:00\",\"breadcrumb\":{\"@id\":\"https:\\\/\\\/www.meydan.tv\\\/az\\\/article\\\/siyezen-sakini-elimde-yaxsi-isim-olsaydi-unvanli-sosial-yardimi-neynirdim\\\/#breadcrumb\"},\"inLanguage\":\"az\",\"potentialAction\":[{\"@type\":\"ReadAction\",\"target\":[\"https:\\\/\\\/www.meydan.tv\\\/az\\\/article\\\/siyezen-sakini-elimde-yaxsi-isim-olsaydi-unvanli-sosial-yardimi-neynirdim\\\/\"]}]},{\"@type\":\"ImageObject\",\"inLanguage\":\"az\",\"@id\":\"https:\\\/\\\/www.meydan.tv\\\/az\\\/article\\\/siyezen-sakini-elimde-yaxsi-isim-olsaydi-unvanli-sosial-yardimi-neynirdim\\\/#primaryimage\",\"url\":\"https:\\\/\\\/www.meydan.tv\\\/wp-content\\\/uploads\\\/06b573f0d7c9b7d0b86ac2322d6cb1fd.png\",\"contentUrl\":\"https:\\\/\\\/www.meydan.tv\\\/wp-content\\\/uploads\\\/06b573f0d7c9b7d0b86ac2322d6cb1fd.png\",\"width\":1095,\"height\":1051,\"caption\":\"Source: meydan.tv\"},{\"@type\":\"BreadcrumbList\",\"@id\":\"https:\\\/\\\/www.meydan.tv\\\/az\\\/article\\\/siyezen-sakini-elimde-yaxsi-isim-olsaydi-unvanli-sosial-yardimi-neynirdim\\\/#breadcrumb\",\"itemListElement\":[{\"@type\":\"ListItem\",\"position\":1,\"name\":\"Ana s\u0259hif\u0259\",\"item\":\"https:\\\/\\\/www.meydan.tv\\\/az\\\/\"},{\"@type\":\"ListItem\",\"position\":2,\"name\":\"B\u00f6lg\u0259\",\"item\":\"https:\\\/\\\/www.meydan.tv\\\/az\\\/section\\\/bolge\\\/\"},{\"@type\":\"ListItem\",\"position\":3,\"name\":\"Siy\u0259z\u0259n sakini: \u018flimd\u0259 yax\u015f\u0131 i\u015fim olsayd\u0131, \u00fcnvanl\u0131 sosial yard\u0131m\u0131 neynirdim?\"}]},{\"@type\":\"WebSite\",\"@id\":\"https:\\\/\\\/www.meydan.tv\\\/az\\\/#website\",\"url\":\"https:\\\/\\\/www.meydan.tv\\\/az\\\/\",\"name\":\"MEYDAN.TV\",\"description\":\"Meydan TV Az\u0259rbaycan\u0131n media m\u0259kan\u0131ndak\u0131 alternativ s\u0259sidir\",\"publisher\":{\"@id\":\"https:\\\/\\\/www.meydan.tv\\\/az\\\/#organization\"},\"potentialAction\":[{\"@type\":\"SearchAction\",\"target\":{\"@type\":\"EntryPoint\",\"urlTemplate\":\"https:\\\/\\\/www.meydan.tv\\\/az\\\/?s={search_term_string}\"},\"query-input\":{\"@type\":\"PropertyValueSpecification\",\"valueRequired\":true,\"valueName\":\"search_term_string\"}}],\"inLanguage\":\"az\"},{\"@type\":\"Organization\",\"@id\":\"https:\\\/\\\/www.meydan.tv\\\/az\\\/#organization\",\"name\":\"Meydan TV\",\"url\":\"https:\\\/\\\/www.meydan.tv\\\/az\\\/\",\"logo\":{\"@type\":\"ImageObject\",\"inLanguage\":\"az\",\"@id\":\"https:\\\/\\\/www.meydan.tv\\\/az\\\/#\\\/schema\\\/logo\\\/image\\\/\",\"url\":\"https:\\\/\\\/www.meydan.tv\\\/wp-content\\\/uploads\\\/2021\\\/07\\\/meydan-logo.svg\",\"contentUrl\":\"https:\\\/\\\/www.meydan.tv\\\/wp-content\\\/uploads\\\/2021\\\/07\\\/meydan-logo.svg\",\"width\":195,\"height\":46,\"caption\":\"Meydan TV\"},\"image\":{\"@id\":\"https:\\\/\\\/www.meydan.tv\\\/az\\\/#\\\/schema\\\/logo\\\/image\\\/\"}},{\"@type\":\"Person\",\"@id\":\"https:\\\/\\\/www.meydan.tv\\\/az\\\/#\\\/schema\\\/person\\\/10d11eccf6da3662cf5fdab9806ea91a\",\"name\":\"user-manager\"}]}<\/script>\n<!-- \/ Yoast SEO plugin. -->","yoast_head_json":{"title":"Siy\u0259z\u0259n sakini: \u018flimd\u0259 yax\u015f\u0131 i\u015fim olsayd\u0131, \u00fcnvanl\u0131 sosial yard\u0131m\u0131 neynirdim? - MEYDAN.TV","robots":{"index":"index","follow":"follow","max-snippet":"max-snippet:-1","max-image-preview":"max-image-preview:large","max-video-preview":"max-video-preview:-1"},"canonical":"https:\/\/www.meydan.tv\/az\/article\/siyezen-sakini-elimde-yaxsi-isim-olsaydi-unvanli-sosial-yardimi-neynirdim\/","og_locale":"az_AZ","og_type":"article","og_title":"Siy\u0259z\u0259n sakini: \u018flimd\u0259 yax\u015f\u0131 i\u015fim olsayd\u0131, \u00fcnvanl\u0131 sosial yard\u0131m\u0131 neynirdim? - MEYDAN.TV","og_description":"Gedirik, ya torpa\u011f\u0131 b\u0259han\u0259 g\u0259tirirl\u0259r, ya da deyirl\u0259r ki, r\u0259smi i\u015f yeri olmal\u0131d\u0131.","og_url":"https:\/\/www.meydan.tv\/az\/article\/siyezen-sakini-elimde-yaxsi-isim-olsaydi-unvanli-sosial-yardimi-neynirdim\/","og_site_name":"MEYDAN.TV","article_published_time":"2019-06-30T13:53:22+00:00","og_image":[{"width":1095,"height":1051,"url":"https:\/\/www.meydan.tv\/wp-content\/uploads\/06b573f0d7c9b7d0b86ac2322d6cb1fd.png","type":"image\/png"}],"author":"user-manager","twitter_card":"summary_large_image","schema":{"@context":"https:\/\/schema.org","@graph":[{"@type":"Article","@id":"https:\/\/www.meydan.tv\/az\/article\/siyezen-sakini-elimde-yaxsi-isim-olsaydi-unvanli-sosial-yardimi-neynirdim\/#article","isPartOf":{"@id":"https:\/\/www.meydan.tv\/az\/article\/siyezen-sakini-elimde-yaxsi-isim-olsaydi-unvanli-sosial-yardimi-neynirdim\/"},"author":{"name":"user-manager","@id":"https:\/\/www.meydan.tv\/az\/#\/schema\/person\/10d11eccf6da3662cf5fdab9806ea91a"},"headline":"Siy\u0259z\u0259n sakini: \u018flimd\u0259 yax\u015f\u0131 i\u015fim olsayd\u0131, \u00fcnvanl\u0131 sosial yard\u0131m\u0131 neynirdim?","datePublished":"2019-06-30T13:53:22+00:00","mainEntityOfPage":{"@id":"https:\/\/www.meydan.tv\/az\/article\/siyezen-sakini-elimde-yaxsi-isim-olsaydi-unvanli-sosial-yardimi-neynirdim\/"},"wordCount":849,"publisher":{"@id":"https:\/\/www.meydan.tv\/az\/#organization"},"image":{"@id":"https:\/\/www.meydan.tv\/az\/article\/siyezen-sakini-elimde-yaxsi-isim-olsaydi-unvanli-sosial-yardimi-neynirdim\/#primaryimage"},"thumbnailUrl":"https:\/\/www.meydan.tv\/wp-content\/uploads\/06b573f0d7c9b7d0b86ac2322d6cb1fd.png","articleSection":["B\u00f6lg\u0259"],"inLanguage":"az"},{"@type":"WebPage","@id":"https:\/\/www.meydan.tv\/az\/article\/siyezen-sakini-elimde-yaxsi-isim-olsaydi-unvanli-sosial-yardimi-neynirdim\/","url":"https:\/\/www.meydan.tv\/az\/article\/siyezen-sakini-elimde-yaxsi-isim-olsaydi-unvanli-sosial-yardimi-neynirdim\/","name":"Siy\u0259z\u0259n sakini: \u018flimd\u0259 yax\u015f\u0131 i\u015fim olsayd\u0131, \u00fcnvanl\u0131 sosial yard\u0131m\u0131 neynirdim? - MEYDAN.TV","isPartOf":{"@id":"https:\/\/www.meydan.tv\/az\/#website"},"primaryImageOfPage":{"@id":"https:\/\/www.meydan.tv\/az\/article\/siyezen-sakini-elimde-yaxsi-isim-olsaydi-unvanli-sosial-yardimi-neynirdim\/#primaryimage"},"image":{"@id":"https:\/\/www.meydan.tv\/az\/article\/siyezen-sakini-elimde-yaxsi-isim-olsaydi-unvanli-sosial-yardimi-neynirdim\/#primaryimage"},"thumbnailUrl":"https:\/\/www.meydan.tv\/wp-content\/uploads\/06b573f0d7c9b7d0b86ac2322d6cb1fd.png","datePublished":"2019-06-30T13:53:22+00:00","breadcrumb":{"@id":"https:\/\/www.meydan.tv\/az\/article\/siyezen-sakini-elimde-yaxsi-isim-olsaydi-unvanli-sosial-yardimi-neynirdim\/#breadcrumb"},"inLanguage":"az","potentialAction":[{"@type":"ReadAction","target":["https:\/\/www.meydan.tv\/az\/article\/siyezen-sakini-elimde-yaxsi-isim-olsaydi-unvanli-sosial-yardimi-neynirdim\/"]}]},{"@type":"ImageObject","inLanguage":"az","@id":"https:\/\/www.meydan.tv\/az\/article\/siyezen-sakini-elimde-yaxsi-isim-olsaydi-unvanli-sosial-yardimi-neynirdim\/#primaryimage","url":"https:\/\/www.meydan.tv\/wp-content\/uploads\/06b573f0d7c9b7d0b86ac2322d6cb1fd.png","contentUrl":"https:\/\/www.meydan.tv\/wp-content\/uploads\/06b573f0d7c9b7d0b86ac2322d6cb1fd.png","width":1095,"height":1051,"caption":"Source: meydan.tv"},{"@type":"BreadcrumbList","@id":"https:\/\/www.meydan.tv\/az\/article\/siyezen-sakini-elimde-yaxsi-isim-olsaydi-unvanli-sosial-yardimi-neynirdim\/#breadcrumb","itemListElement":[{"@type":"ListItem","position":1,"name":"Ana s\u0259hif\u0259","item":"https:\/\/www.meydan.tv\/az\/"},{"@type":"ListItem","position":2,"name":"B\u00f6lg\u0259","item":"https:\/\/www.meydan.tv\/az\/section\/bolge\/"},{"@type":"ListItem","position":3,"name":"Siy\u0259z\u0259n sakini: \u018flimd\u0259 yax\u015f\u0131 i\u015fim olsayd\u0131, \u00fcnvanl\u0131 sosial yard\u0131m\u0131 neynirdim?"}]},{"@type":"WebSite","@id":"https:\/\/www.meydan.tv\/az\/#website","url":"https:\/\/www.meydan.tv\/az\/","name":"MEYDAN.TV","description":"Meydan TV Az\u0259rbaycan\u0131n media m\u0259kan\u0131ndak\u0131 alternativ s\u0259sidir","publisher":{"@id":"https:\/\/www.meydan.tv\/az\/#organization"},"potentialAction":[{"@type":"SearchAction","target":{"@type":"EntryPoint","urlTemplate":"https:\/\/www.meydan.tv\/az\/?s={search_term_string}"},"query-input":{"@type":"PropertyValueSpecification","valueRequired":true,"valueName":"search_term_string"}}],"inLanguage":"az"},{"@type":"Organization","@id":"https:\/\/www.meydan.tv\/az\/#organization","name":"Meydan TV","url":"https:\/\/www.meydan.tv\/az\/","logo":{"@type":"ImageObject","inLanguage":"az","@id":"https:\/\/www.meydan.tv\/az\/#\/schema\/logo\/image\/","url":"https:\/\/www.meydan.tv\/wp-content\/uploads\/2021\/07\/meydan-logo.svg","contentUrl":"https:\/\/www.meydan.tv\/wp-content\/uploads\/2021\/07\/meydan-logo.svg","width":195,"height":46,"caption":"Meydan TV"},"image":{"@id":"https:\/\/www.meydan.tv\/az\/#\/schema\/logo\/image\/"}},{"@type":"Person","@id":"https:\/\/www.meydan.tv\/az\/#\/schema\/person\/10d11eccf6da3662cf5fdab9806ea91a","name":"user-manager"}]}},"_links":{"self":[{"href":"https:\/\/www.meydan.tv\/az\/wp-json\/wp\/v2\/posts\/196030","targetHints":{"allow":["GET"]}}],"collection":[{"href":"https:\/\/www.meydan.tv\/az\/wp-json\/wp\/v2\/posts"}],"about":[{"href":"https:\/\/www.meydan.tv\/az\/wp-json\/wp\/v2\/types\/post"}],"author":[{"embeddable":true,"href":"https:\/\/www.meydan.tv\/az\/wp-json\/wp\/v2\/users\/11"}],"replies":[{"embeddable":true,"href":"https:\/\/www.meydan.tv\/az\/wp-json\/wp\/v2\/comments?post=196030"}],"version-history":[{"count":0,"href":"https:\/\/www.meydan.tv\/az\/wp-json\/wp\/v2\/posts\/196030\/revisions"}],"wp:featuredmedia":[{"embeddable":true,"href":"https:\/\/www.meydan.tv\/az\/wp-json\/wp\/v2\/media\/126136"}],"wp:attachment":[{"href":"https:\/\/www.meydan.tv\/az\/wp-json\/wp\/v2\/media?parent=196030"}],"wp:term":[{"taxonomy":"category","embeddable":true,"href":"https:\/\/www.meydan.tv\/az\/wp-json\/wp\/v2\/categories?post=196030"},{"taxonomy":"post_tag","embeddable":true,"href":"https:\/\/www.meydan.tv\/az\/wp-json\/wp\/v2\/tags?post=196030"}],"curies":[{"name":"wp","href":"https:\/\/api.w.org\/{rel}","templated":true}]}}