{"id":196025,"date":"2019-06-29T06:19:16","date_gmt":"2019-06-29T06:19:16","guid":{"rendered":"https:\/\/www.meydan.tv\/article\/imkan-vermirler-ki-ev-tikim-elilliyi-olan-aile-uzvlerimi-yigim-icerisine\/"},"modified":"2019-06-29T06:19:16","modified_gmt":"2019-06-29T06:19:16","slug":"imkan-vermirler-ki-ev-tikim-elilliyi-olan-aile-uzvlerimi-yigim-icerisine","status":"publish","type":"post","link":"https:\/\/www.meydan.tv\/az\/article\/imkan-vermirler-ki-ev-tikim-elilliyi-olan-aile-uzvlerimi-yigim-icerisine\/","title":{"rendered":"&#8221;\u0130mkan vermirl\u0259r ki, ev tikim, \u0259lilliyi olan ail\u0259 \u00fczvl\u0259rimi y\u0131\u011f\u0131m i\u00e7\u0259risin\u0259&#8230;&#8221;"},"content":{"rendered":"<p>\n  <i><br \/>\n    Yard\u0131ml\u0131da 17 n\u0259f\u0259rlik ail\u0259 bir m\u0259nzild\u0259 ya\u015fay\u0131r<br \/>\n  <\/i>\n<\/p>\n<p>\n  \u201c\u018flilliyi olan qarda\u015flar\u0131m da, bac\u0131m da ya\u015flan\u0131r. S\u0131xl\u0131q i\u00e7\u0259risind\u0259 ya\u015famaqdan \u0259s\u0259bl\u0259ri pozulub. Atam, anam \u2013 h\u0259r ikisi a\u011f\u0131r x\u0259st\u0259dir. Birc\u0259 \u0259lac\u0131m\u0131z odur ki, ayr\u0131ca ev tikib ail\u0259nin \u0259lilliyi olan \u00fczvl\u0259rini oraya k\u00f6\u00e7\u00fcr\u0259k, bir az s\u0131xl\u0131q aradan qalxs\u0131n. G\u0259l ki, n\u0259 ev tikm\u0259y\u0259 imkan verirl\u0259r, n\u0259 d\u0259 ya\u015fama\u011fa yer\u201d.\n<\/p>\n<p>\n  Yard\u0131ml\u0131n\u0131n Separadi k\u0259nd sakini R\u0259van \u018fs\u0259dov Meydan TV-y\u0259 dan\u0131\u015f\u0131r ki, k\u0259ndd\u0259 d\u0259d\u0259-babadan qalma k\u00f6hn\u0259, q\u0259zal\u0131 evd\u0259 17 n\u0259f\u0259rlik ail\u0259 \u00fczvl\u0259riyl\u0259 ya\u015fay\u0131r. \u00d6z\u00fc ikinci qrup \u0259lildir. \u00dc\u00e7 qarda\u015f\u0131n\u0131n v\u0259 bir bac\u0131s\u0131n\u0131n da e\u015fitm\u0259 v\u0259 dan\u0131\u015fma \u0259lilliyi var. He\u00e7 biri \u0259m\u0259k f\u0259aliyy\u0259ti il\u0259 m\u0259\u015f\u011ful ola bilmir, c\u00fczi pensiyalar\u0131 is\u0259 he\u00e7 d\u0259rmanlar\u0131na da \u00e7atm\u0131r. Dig\u0259r qarda\u015flar\u0131 da ail\u0259l\u0259riyl\u0259 birlikd\u0259 onlarla eyni evd\u0259 ya\u015fay\u0131rlar. M\u0259nzild\u0259ki s\u0131xl\u0131q \u0259sas\u0259n d\u0259 \u0259lilliyi olanlara ya\u015fama\u011fa imkan vermir.\n<\/p>\n<p>\n  <i><br \/>\n    \u201c7 ildir iki ma\u015f\u0131n da\u015f t\u00f6km\u00fc\u015f\u0259m ora&#8230;\u201d<br \/>\n  <\/i>\n<\/p>\n<p>\n  7 il \u0259vv\u0259l R\u0259van \u018fs\u0259dov k\u0259nd b\u0259l\u0259diyy\u0259sind\u0259n qarda\u015f\u0131 Sadiq \u018fs\u0259dovun ad\u0131na f\u0259rdi ev tikintisi \u00fc\u00e7\u00fcn torpaq sah\u0259si al\u0131b. Ancaq o vaxtdan ald\u0131qlar\u0131 torpaqda da\u015f\u0131 da\u015f \u00fcst\u00fcn\u0259 qoya bilmirl\u0259r:\n<\/p>\n<p>\n  \u201c\u00dcmumilikd\u0259 10 sot torpaq sah\u0259sidir, onun da 7 sotu f\u0259rdi ev tikintisin\u0259 g\u00f6r\u0259dir. \u0130lkin s\u0259n\u0259dl\u0259rinin ham\u0131s\u0131 var. B\u0259l\u0259diyy\u0259d\u0259n, icra hakimiyy\u0259tinin memarl\u0131q \u015f\u00f6b\u0259sind\u0259n, ke\u00e7mi\u015f Torpaq v\u0259 X\u0259rit\u0259\u00e7\u0259km\u0259 Komit\u0259sind\u0259n&#8230; \u0130ki ma\u015f\u0131n da\u015f t\u00f6kd\u00fck ki, tikintiy\u0259 ba\u015flayaq, k\u0259ndd\u0259n bir ail\u0259 \u00e7\u0131xd\u0131 ki, bura bizim d\u0259d\u0259-baba torpa\u011f\u0131m\u0131zd\u0131r. Halbuki, \u0259limd\u0259 s\u0259n\u0259dl\u0259rim var, qar\u015f\u0131 t\u0259r\u0259fins\u0259 \u0259lind\u0259 he\u00e7 bir s\u0259n\u0259di yoxdur, yaln\u0131z \u015fifahi \u015f\u0259kild\u0259 deyir ki, d\u0259d\u0259-babam\u0131n yeridir, v\u0259ssalam. 7 ildir ki, o torpa\u011f\u0131n m\u00fcbahis\u0259si gedir. B\u0259l\u0259diyy\u0259 d\u0259, icra hakimiyy\u0259ti d\u0259 deyir, get, \u00f6z\u00fcn dil tap, yola g\u0259tir, tik&#8230; \u018flind\u0259 s\u0259n\u0259di olmayan adam\u0131 niy\u0259 yola g\u0259tirm\u0259liy\u0259m? \u018fg\u0259r bunu m\u0259n ed\u0259c\u0259y\u0259ms\u0259, o zaman d\u00f6vl\u0259t n\u0259 \u00fc\u00e7\u00fcnd\u00fcr? O s\u0259n\u0259di m\u0259n\u0259 niy\u0259 verib? O yer biz\u0259 veril\u0259nd\u0259 ilan m\u0259l\u0259\u015f\u0259n \u0259razil\u0259r idi, ora he\u00e7 insan aya\u011f\u0131 da d\u0259ym\u0259mi\u015fdi. \u0130ndi evl\u0259r tikilib\u201d.\n<\/p>\n<p>\n  <i><br \/>\n    \u201cKombaynlar varl\u0131lar\u0131n sah\u0259sind\u0259 \u00e7al\u0131\u015f\u0131r\u201d<br \/>\n  <\/i>\n<\/p>\n<p>\n  R\u0259van \u018fs\u0259dovun s\u00f6zl\u0259rin\u0259 g\u00f6r\u0259, pay torpa\u011f\u0131 b\u00f6lg\u00fcs\u00fc d\u0259 u\u011fursuz olub:\n<\/p>\n<figure class=\"wp-block-image size-large\">\n  <img decoding=\"async\" src=\"https:\/\/www.meydan.tv\/az\/image_from_ios-4-jpg-34\/\" alt=\"image_from_ios (4).jpg\" class=\"wp-image-126100\"\/><figcaption>\n    \u015eikay\u0259t m\u0259ktublar\u0131 v\u0259 cavablar<br \/>\n  <\/figcaption><\/figure>\n<p>\n  \u201cS\u0259n\u0259dd\u0259 3,5 hektar g\u00f6st\u0259rilib, yeri \u00f6l\u00e7m\u00fc\u015f\u00fck, 1,5 hektard\u0131r. He\u00e7 orda da \u0259kin i\u015fl\u0259ri apara bilmirik. Daha do\u011frusu, \u0259kin i\u015fl\u0259ri aparmaq olur, ancaq m\u0259hsulu y\u0131\u011fmaq olmur. \u00c7\u00fcnki m\u0259hsulu y\u0131\u011fma\u011fa texnika verilmir. M\u0259hsul y\u0131\u011f\u0131m\u0131 vaxt\u0131 texnikalar varl\u0131lar\u0131n sah\u0259l\u0259rind\u0259 \u00e7al\u0131\u015f\u0131r. Biz\u0259 n\u00f6vb\u0259 \u00e7at\u0131nca tax\u0131l yer\u0259 t\u00f6k\u00fcl\u00fcr. \u00d6z pay torpa\u011f\u0131m ola-ola, m\u0259cbur qalm\u0131\u015fam, gedib Lerikd\u0259n icar\u0259y\u0259 torpaq g\u00f6t\u00fcr\u00fcb tax\u0131l \u0259kmi\u015f\u0259m ki, qar\u015f\u0131dan q\u0131\u015f g\u0259l\u0259nd\u0259 17 n\u0259f\u0259r ail\u0259 \u00fczv\u00fcm ac\u0131ndan \u00f6lm\u0259sin\u201d.\n<\/p>\n<p>\n  <i><br \/>\n    R\u0259smi qurum: M\u0259hk\u0259m\u0259 var, polis var&#8230;<br \/>\n  <\/i>\n<\/p>\n<p>\n  R\u0259van \u018fs\u0259dov ail\u0259 durumu il\u0259 ba\u011fl\u0131 yerli icra hakimiyy\u0259tinin ba\u015f\u00e7\u0131s\u0131na, k\u0259ndin b\u0259l\u0259diyy\u0259 s\u0259drin\u0259, \u00f6lk\u0259 ba\u015f\u00e7\u0131s\u0131na m\u00fcraci\u0259t edib. Ancaq ald\u0131\u011f\u0131 cavablar\u0131n he\u00e7 birind\u0259 s\u0131\u011f\u0131nma\u011fa \u00fcmidverici c\u00fcml\u0259 tapmay\u0131b. \u015eifahi \u015f\u0259kild\u0259 is\u0259 ona bildirilib ki, s\u0259n\u0259dli torpa\u011f\u0131na iddia ed\u0259n h\u0259mk\u0259ndlisi il\u0259 \u201cdil tap\u0131b, yola g\u0259tirsin\u201d.\n<\/p>\n<p>\n  Yard\u0131ml\u0131 Rayon \u0130cra Hakimiyy\u0259tind\u0259n Meydan TV-y\u0259 bildirilib ki, R\u0259van \u018fs\u0259dovun \u0259lind\u0259 torpa\u011fa dair m\u00fcvafiq s\u0259n\u0259dl\u0259ri varsa, m\u00fcbahis\u0259 il\u0259 ba\u011fl\u0131 icra hakimiyy\u0259tin\u0259, b\u0259l\u0259diyy\u0259y\u0259 yox, ona ba\u015fqa v\u0259t\u0259nda\u015f t\u0259r\u0259find\u0259n mane\u00e7ilik t\u00f6r\u0259dil\u0259n zaman polis\u0259 m\u00fcraci\u0259t etm\u0259lidir. \u018fg\u0259r qar\u015f\u0131 t\u0259r\u0259fin d\u0259 \u0259lind\u0259 torpa\u011fa dair h\u0259r hans\u0131 s\u0259n\u0259d varsa, o zaman m\u0259s\u0259l\u0259ni m\u00fcbahis\u0259l\u0259ndirm\u0259k \u00fc\u00e7\u00fcn m\u0259hk\u0259m\u0259y\u0259 m\u00fcraci\u0259t etm\u0259lidir. \u018fkin sah\u0259l\u0259rind\u0259 istifad\u0259 etm\u0259y\u0259 texnika verilm\u0259m\u0259si il\u0259 ba\u011fl\u0131 deyil\u0259nl\u0259r\u0259 g\u0259linc\u0259, qurumdan bildirilib ki, m\u0259hsul y\u0131\u011f\u0131m\u0131 zaman\u0131 rayonda bu m\u0259s\u0259l\u0259 n\u0259zar\u0259t alt\u0131nda olur. Texnikalar sah\u0259l\u0259rd\u0259 n\u00f6vb\u0259li qaydada i\u015fl\u0259yir v\u0259 h\u0259r k\u0259s m\u0259hsulunu y\u0131\u011fa bilir. \u018fg\u0259r R\u0259van \u018fs\u0259dovun \u0259lind\u0259 texnikalar\u0131n x\u00fcsusi adamlar\u0131n \u0259kin sah\u0259l\u0259rin\u0259 y\u00f6nl\u0259ndirilm\u0259siyl\u0259 ba\u011fl\u0131 faktlar varsa, quruma t\u0259qdim ed\u0259, qurum da yerli aqrolizinq filial\u0131 il\u0259 m\u0259s\u0259l\u0259ni ara\u015fd\u0131ra bil\u0259r.<\/p>\n","protected":false},"excerpt":{"rendered":"<p>\u00d6z pay torpa\u011f\u0131m ola-ola, m\u0259cbur qalm\u0131\u015fam, gedib Lerikd\u0259n icar\u0259y\u0259 torpaq g\u00f6t\u00fcr\u00fcb tax\u0131l \u0259kmi\u015f\u0259m ki, qar\u015f\u0131dan q\u0131\u015f g\u0259l\u0259nd\u0259 17 n\u0259f\u0259r ail\u0259 \u00fczv\u00fcm ac\u0131ndan \u00f6lm\u0259sin.<\/p>\n","protected":false},"author":11,"featured_media":126097,"comment_status":"closed","ping_status":"open","sticky":false,"template":"","format":"standard","meta":{"_acf_changed":false,"_sitemap_exclude":false,"_sitemap_priority":"","_sitemap_frequency":"","footnotes":""},"categories":[60],"tags":[],"class_list":["post-196025","post","type-post","status-publish","format-standard","has-post-thumbnail","hentry","category-bolge","infinite-scroll-item","generate-columns","tablet-grid-50","mobile-grid-100","grid-parent","grid-33","no-featured-image-padding"],"acf":[],"yoast_head":"<!-- This site is optimized with the Yoast SEO plugin v27.4 - https:\/\/yoast.com\/product\/yoast-seo-wordpress\/ -->\n<title>&#039;&#039;\u0130mkan vermirl\u0259r ki, ev tikim, \u0259lilliyi olan ail\u0259 \u00fczvl\u0259rimi y\u0131\u011f\u0131m i\u00e7\u0259risin\u0259...&#039;&#039; - MEYDAN.TV<\/title>\n<meta name=\"robots\" content=\"index, follow, max-snippet:-1, max-image-preview:large, max-video-preview:-1\" \/>\n<link rel=\"canonical\" href=\"https:\/\/www.meydan.tv\/az\/article\/imkan-vermirler-ki-ev-tikim-elilliyi-olan-aile-uzvlerimi-yigim-icerisine\/\" \/>\n<meta property=\"og:locale\" content=\"az_AZ\" \/>\n<meta property=\"og:type\" content=\"article\" \/>\n<meta property=\"og:title\" content=\"&#039;&#039;\u0130mkan vermirl\u0259r ki, ev tikim, \u0259lilliyi olan ail\u0259 \u00fczvl\u0259rimi y\u0131\u011f\u0131m i\u00e7\u0259risin\u0259...&#039;&#039; - MEYDAN.TV\" \/>\n<meta property=\"og:description\" content=\"\u00d6z pay torpa\u011f\u0131m ola-ola, m\u0259cbur qalm\u0131\u015fam, gedib Lerikd\u0259n icar\u0259y\u0259 torpaq g\u00f6t\u00fcr\u00fcb tax\u0131l \u0259kmi\u015f\u0259m ki, qar\u015f\u0131dan q\u0131\u015f g\u0259l\u0259nd\u0259 17 n\u0259f\u0259r ail\u0259 \u00fczv\u00fcm ac\u0131ndan \u00f6lm\u0259sin.\" \/>\n<meta property=\"og:url\" content=\"https:\/\/www.meydan.tv\/az\/article\/imkan-vermirler-ki-ev-tikim-elilliyi-olan-aile-uzvlerimi-yigim-icerisine\/\" \/>\n<meta property=\"og:site_name\" content=\"MEYDAN.TV\" \/>\n<meta property=\"article:published_time\" content=\"2019-06-29T06:19:16+00:00\" \/>\n<meta property=\"og:image\" content=\"https:\/\/www.meydan.tv\/wp-content\/uploads\/image_from_ios_ambzi4k.jpg\" \/>\n\t<meta property=\"og:image:width\" content=\"1280\" \/>\n\t<meta property=\"og:image:height\" content=\"720\" \/>\n\t<meta property=\"og:image:type\" content=\"image\/jpeg\" \/>\n<meta name=\"author\" content=\"user-manager\" \/>\n<meta name=\"twitter:card\" content=\"summary_large_image\" \/>\n<script type=\"application\/ld+json\" class=\"yoast-schema-graph\">{\"@context\":\"https:\\\/\\\/schema.org\",\"@graph\":[{\"@type\":\"Article\",\"@id\":\"https:\\\/\\\/www.meydan.tv\\\/az\\\/article\\\/imkan-vermirler-ki-ev-tikim-elilliyi-olan-aile-uzvlerimi-yigim-icerisine\\\/#article\",\"isPartOf\":{\"@id\":\"https:\\\/\\\/www.meydan.tv\\\/az\\\/article\\\/imkan-vermirler-ki-ev-tikim-elilliyi-olan-aile-uzvlerimi-yigim-icerisine\\\/\"},\"author\":{\"name\":\"user-manager\",\"@id\":\"https:\\\/\\\/www.meydan.tv\\\/az\\\/#\\\/schema\\\/person\\\/10d11eccf6da3662cf5fdab9806ea91a\"},\"headline\":\"&#8221;\u0130mkan vermirl\u0259r ki, ev tikim, \u0259lilliyi olan ail\u0259 \u00fczvl\u0259rimi y\u0131\u011f\u0131m i\u00e7\u0259risin\u0259&#8230;&#8221;\",\"datePublished\":\"2019-06-29T06:19:16+00:00\",\"mainEntityOfPage\":{\"@id\":\"https:\\\/\\\/www.meydan.tv\\\/az\\\/article\\\/imkan-vermirler-ki-ev-tikim-elilliyi-olan-aile-uzvlerimi-yigim-icerisine\\\/\"},\"wordCount\":887,\"publisher\":{\"@id\":\"https:\\\/\\\/www.meydan.tv\\\/az\\\/#organization\"},\"image\":{\"@id\":\"https:\\\/\\\/www.meydan.tv\\\/az\\\/article\\\/imkan-vermirler-ki-ev-tikim-elilliyi-olan-aile-uzvlerimi-yigim-icerisine\\\/#primaryimage\"},\"thumbnailUrl\":\"https:\\\/\\\/www.meydan.tv\\\/wp-content\\\/uploads\\\/image_from_ios_ambzi4k.jpg\",\"articleSection\":[\"B\u00f6lg\u0259\"],\"inLanguage\":\"az\"},{\"@type\":\"WebPage\",\"@id\":\"https:\\\/\\\/www.meydan.tv\\\/az\\\/article\\\/imkan-vermirler-ki-ev-tikim-elilliyi-olan-aile-uzvlerimi-yigim-icerisine\\\/\",\"url\":\"https:\\\/\\\/www.meydan.tv\\\/az\\\/article\\\/imkan-vermirler-ki-ev-tikim-elilliyi-olan-aile-uzvlerimi-yigim-icerisine\\\/\",\"name\":\"''\u0130mkan vermirl\u0259r ki, ev tikim, \u0259lilliyi olan ail\u0259 \u00fczvl\u0259rimi y\u0131\u011f\u0131m i\u00e7\u0259risin\u0259...'' - MEYDAN.TV\",\"isPartOf\":{\"@id\":\"https:\\\/\\\/www.meydan.tv\\\/az\\\/#website\"},\"primaryImageOfPage\":{\"@id\":\"https:\\\/\\\/www.meydan.tv\\\/az\\\/article\\\/imkan-vermirler-ki-ev-tikim-elilliyi-olan-aile-uzvlerimi-yigim-icerisine\\\/#primaryimage\"},\"image\":{\"@id\":\"https:\\\/\\\/www.meydan.tv\\\/az\\\/article\\\/imkan-vermirler-ki-ev-tikim-elilliyi-olan-aile-uzvlerimi-yigim-icerisine\\\/#primaryimage\"},\"thumbnailUrl\":\"https:\\\/\\\/www.meydan.tv\\\/wp-content\\\/uploads\\\/image_from_ios_ambzi4k.jpg\",\"datePublished\":\"2019-06-29T06:19:16+00:00\",\"breadcrumb\":{\"@id\":\"https:\\\/\\\/www.meydan.tv\\\/az\\\/article\\\/imkan-vermirler-ki-ev-tikim-elilliyi-olan-aile-uzvlerimi-yigim-icerisine\\\/#breadcrumb\"},\"inLanguage\":\"az\",\"potentialAction\":[{\"@type\":\"ReadAction\",\"target\":[\"https:\\\/\\\/www.meydan.tv\\\/az\\\/article\\\/imkan-vermirler-ki-ev-tikim-elilliyi-olan-aile-uzvlerimi-yigim-icerisine\\\/\"]}]},{\"@type\":\"ImageObject\",\"inLanguage\":\"az\",\"@id\":\"https:\\\/\\\/www.meydan.tv\\\/az\\\/article\\\/imkan-vermirler-ki-ev-tikim-elilliyi-olan-aile-uzvlerimi-yigim-icerisine\\\/#primaryimage\",\"url\":\"https:\\\/\\\/www.meydan.tv\\\/wp-content\\\/uploads\\\/image_from_ios_ambzi4k.jpg\",\"contentUrl\":\"https:\\\/\\\/www.meydan.tv\\\/wp-content\\\/uploads\\\/image_from_ios_ambzi4k.jpg\",\"width\":1280,\"height\":720,\"caption\":\"Source: meydan.tv\"},{\"@type\":\"BreadcrumbList\",\"@id\":\"https:\\\/\\\/www.meydan.tv\\\/az\\\/article\\\/imkan-vermirler-ki-ev-tikim-elilliyi-olan-aile-uzvlerimi-yigim-icerisine\\\/#breadcrumb\",\"itemListElement\":[{\"@type\":\"ListItem\",\"position\":1,\"name\":\"Ana s\u0259hif\u0259\",\"item\":\"https:\\\/\\\/www.meydan.tv\\\/az\\\/\"},{\"@type\":\"ListItem\",\"position\":2,\"name\":\"B\u00f6lg\u0259\",\"item\":\"https:\\\/\\\/www.meydan.tv\\\/az\\\/section\\\/bolge\\\/\"},{\"@type\":\"ListItem\",\"position\":3,\"name\":\"&#8221;\u0130mkan vermirl\u0259r ki, ev tikim, \u0259lilliyi olan ail\u0259 \u00fczvl\u0259rimi y\u0131\u011f\u0131m i\u00e7\u0259risin\u0259&#8230;&#8221;\"}]},{\"@type\":\"WebSite\",\"@id\":\"https:\\\/\\\/www.meydan.tv\\\/az\\\/#website\",\"url\":\"https:\\\/\\\/www.meydan.tv\\\/az\\\/\",\"name\":\"MEYDAN.TV\",\"description\":\"Meydan TV Az\u0259rbaycan\u0131n media m\u0259kan\u0131ndak\u0131 alternativ s\u0259sidir\",\"publisher\":{\"@id\":\"https:\\\/\\\/www.meydan.tv\\\/az\\\/#organization\"},\"potentialAction\":[{\"@type\":\"SearchAction\",\"target\":{\"@type\":\"EntryPoint\",\"urlTemplate\":\"https:\\\/\\\/www.meydan.tv\\\/az\\\/?s={search_term_string}\"},\"query-input\":{\"@type\":\"PropertyValueSpecification\",\"valueRequired\":true,\"valueName\":\"search_term_string\"}}],\"inLanguage\":\"az\"},{\"@type\":\"Organization\",\"@id\":\"https:\\\/\\\/www.meydan.tv\\\/az\\\/#organization\",\"name\":\"Meydan TV\",\"url\":\"https:\\\/\\\/www.meydan.tv\\\/az\\\/\",\"logo\":{\"@type\":\"ImageObject\",\"inLanguage\":\"az\",\"@id\":\"https:\\\/\\\/www.meydan.tv\\\/az\\\/#\\\/schema\\\/logo\\\/image\\\/\",\"url\":\"https:\\\/\\\/www.meydan.tv\\\/wp-content\\\/uploads\\\/2021\\\/07\\\/meydan-logo.svg\",\"contentUrl\":\"https:\\\/\\\/www.meydan.tv\\\/wp-content\\\/uploads\\\/2021\\\/07\\\/meydan-logo.svg\",\"width\":195,\"height\":46,\"caption\":\"Meydan TV\"},\"image\":{\"@id\":\"https:\\\/\\\/www.meydan.tv\\\/az\\\/#\\\/schema\\\/logo\\\/image\\\/\"}},{\"@type\":\"Person\",\"@id\":\"https:\\\/\\\/www.meydan.tv\\\/az\\\/#\\\/schema\\\/person\\\/10d11eccf6da3662cf5fdab9806ea91a\",\"name\":\"user-manager\"}]}<\/script>\n<!-- \/ Yoast SEO plugin. -->","yoast_head_json":{"title":"''\u0130mkan vermirl\u0259r ki, ev tikim, \u0259lilliyi olan ail\u0259 \u00fczvl\u0259rimi y\u0131\u011f\u0131m i\u00e7\u0259risin\u0259...'' - MEYDAN.TV","robots":{"index":"index","follow":"follow","max-snippet":"max-snippet:-1","max-image-preview":"max-image-preview:large","max-video-preview":"max-video-preview:-1"},"canonical":"https:\/\/www.meydan.tv\/az\/article\/imkan-vermirler-ki-ev-tikim-elilliyi-olan-aile-uzvlerimi-yigim-icerisine\/","og_locale":"az_AZ","og_type":"article","og_title":"''\u0130mkan vermirl\u0259r ki, ev tikim, \u0259lilliyi olan ail\u0259 \u00fczvl\u0259rimi y\u0131\u011f\u0131m i\u00e7\u0259risin\u0259...'' - MEYDAN.TV","og_description":"\u00d6z pay torpa\u011f\u0131m ola-ola, m\u0259cbur qalm\u0131\u015fam, gedib Lerikd\u0259n icar\u0259y\u0259 torpaq g\u00f6t\u00fcr\u00fcb tax\u0131l \u0259kmi\u015f\u0259m ki, qar\u015f\u0131dan q\u0131\u015f g\u0259l\u0259nd\u0259 17 n\u0259f\u0259r ail\u0259 \u00fczv\u00fcm ac\u0131ndan \u00f6lm\u0259sin.","og_url":"https:\/\/www.meydan.tv\/az\/article\/imkan-vermirler-ki-ev-tikim-elilliyi-olan-aile-uzvlerimi-yigim-icerisine\/","og_site_name":"MEYDAN.TV","article_published_time":"2019-06-29T06:19:16+00:00","og_image":[{"width":1280,"height":720,"url":"https:\/\/www.meydan.tv\/wp-content\/uploads\/image_from_ios_ambzi4k.jpg","type":"image\/jpeg"}],"author":"user-manager","twitter_card":"summary_large_image","schema":{"@context":"https:\/\/schema.org","@graph":[{"@type":"Article","@id":"https:\/\/www.meydan.tv\/az\/article\/imkan-vermirler-ki-ev-tikim-elilliyi-olan-aile-uzvlerimi-yigim-icerisine\/#article","isPartOf":{"@id":"https:\/\/www.meydan.tv\/az\/article\/imkan-vermirler-ki-ev-tikim-elilliyi-olan-aile-uzvlerimi-yigim-icerisine\/"},"author":{"name":"user-manager","@id":"https:\/\/www.meydan.tv\/az\/#\/schema\/person\/10d11eccf6da3662cf5fdab9806ea91a"},"headline":"&#8221;\u0130mkan vermirl\u0259r ki, ev tikim, \u0259lilliyi olan ail\u0259 \u00fczvl\u0259rimi y\u0131\u011f\u0131m i\u00e7\u0259risin\u0259&#8230;&#8221;","datePublished":"2019-06-29T06:19:16+00:00","mainEntityOfPage":{"@id":"https:\/\/www.meydan.tv\/az\/article\/imkan-vermirler-ki-ev-tikim-elilliyi-olan-aile-uzvlerimi-yigim-icerisine\/"},"wordCount":887,"publisher":{"@id":"https:\/\/www.meydan.tv\/az\/#organization"},"image":{"@id":"https:\/\/www.meydan.tv\/az\/article\/imkan-vermirler-ki-ev-tikim-elilliyi-olan-aile-uzvlerimi-yigim-icerisine\/#primaryimage"},"thumbnailUrl":"https:\/\/www.meydan.tv\/wp-content\/uploads\/image_from_ios_ambzi4k.jpg","articleSection":["B\u00f6lg\u0259"],"inLanguage":"az"},{"@type":"WebPage","@id":"https:\/\/www.meydan.tv\/az\/article\/imkan-vermirler-ki-ev-tikim-elilliyi-olan-aile-uzvlerimi-yigim-icerisine\/","url":"https:\/\/www.meydan.tv\/az\/article\/imkan-vermirler-ki-ev-tikim-elilliyi-olan-aile-uzvlerimi-yigim-icerisine\/","name":"''\u0130mkan vermirl\u0259r ki, ev tikim, \u0259lilliyi olan ail\u0259 \u00fczvl\u0259rimi y\u0131\u011f\u0131m i\u00e7\u0259risin\u0259...'' - MEYDAN.TV","isPartOf":{"@id":"https:\/\/www.meydan.tv\/az\/#website"},"primaryImageOfPage":{"@id":"https:\/\/www.meydan.tv\/az\/article\/imkan-vermirler-ki-ev-tikim-elilliyi-olan-aile-uzvlerimi-yigim-icerisine\/#primaryimage"},"image":{"@id":"https:\/\/www.meydan.tv\/az\/article\/imkan-vermirler-ki-ev-tikim-elilliyi-olan-aile-uzvlerimi-yigim-icerisine\/#primaryimage"},"thumbnailUrl":"https:\/\/www.meydan.tv\/wp-content\/uploads\/image_from_ios_ambzi4k.jpg","datePublished":"2019-06-29T06:19:16+00:00","breadcrumb":{"@id":"https:\/\/www.meydan.tv\/az\/article\/imkan-vermirler-ki-ev-tikim-elilliyi-olan-aile-uzvlerimi-yigim-icerisine\/#breadcrumb"},"inLanguage":"az","potentialAction":[{"@type":"ReadAction","target":["https:\/\/www.meydan.tv\/az\/article\/imkan-vermirler-ki-ev-tikim-elilliyi-olan-aile-uzvlerimi-yigim-icerisine\/"]}]},{"@type":"ImageObject","inLanguage":"az","@id":"https:\/\/www.meydan.tv\/az\/article\/imkan-vermirler-ki-ev-tikim-elilliyi-olan-aile-uzvlerimi-yigim-icerisine\/#primaryimage","url":"https:\/\/www.meydan.tv\/wp-content\/uploads\/image_from_ios_ambzi4k.jpg","contentUrl":"https:\/\/www.meydan.tv\/wp-content\/uploads\/image_from_ios_ambzi4k.jpg","width":1280,"height":720,"caption":"Source: meydan.tv"},{"@type":"BreadcrumbList","@id":"https:\/\/www.meydan.tv\/az\/article\/imkan-vermirler-ki-ev-tikim-elilliyi-olan-aile-uzvlerimi-yigim-icerisine\/#breadcrumb","itemListElement":[{"@type":"ListItem","position":1,"name":"Ana s\u0259hif\u0259","item":"https:\/\/www.meydan.tv\/az\/"},{"@type":"ListItem","position":2,"name":"B\u00f6lg\u0259","item":"https:\/\/www.meydan.tv\/az\/section\/bolge\/"},{"@type":"ListItem","position":3,"name":"&#8221;\u0130mkan vermirl\u0259r ki, ev tikim, \u0259lilliyi olan ail\u0259 \u00fczvl\u0259rimi y\u0131\u011f\u0131m i\u00e7\u0259risin\u0259&#8230;&#8221;"}]},{"@type":"WebSite","@id":"https:\/\/www.meydan.tv\/az\/#website","url":"https:\/\/www.meydan.tv\/az\/","name":"MEYDAN.TV","description":"Meydan TV Az\u0259rbaycan\u0131n media m\u0259kan\u0131ndak\u0131 alternativ s\u0259sidir","publisher":{"@id":"https:\/\/www.meydan.tv\/az\/#organization"},"potentialAction":[{"@type":"SearchAction","target":{"@type":"EntryPoint","urlTemplate":"https:\/\/www.meydan.tv\/az\/?s={search_term_string}"},"query-input":{"@type":"PropertyValueSpecification","valueRequired":true,"valueName":"search_term_string"}}],"inLanguage":"az"},{"@type":"Organization","@id":"https:\/\/www.meydan.tv\/az\/#organization","name":"Meydan TV","url":"https:\/\/www.meydan.tv\/az\/","logo":{"@type":"ImageObject","inLanguage":"az","@id":"https:\/\/www.meydan.tv\/az\/#\/schema\/logo\/image\/","url":"https:\/\/www.meydan.tv\/wp-content\/uploads\/2021\/07\/meydan-logo.svg","contentUrl":"https:\/\/www.meydan.tv\/wp-content\/uploads\/2021\/07\/meydan-logo.svg","width":195,"height":46,"caption":"Meydan TV"},"image":{"@id":"https:\/\/www.meydan.tv\/az\/#\/schema\/logo\/image\/"}},{"@type":"Person","@id":"https:\/\/www.meydan.tv\/az\/#\/schema\/person\/10d11eccf6da3662cf5fdab9806ea91a","name":"user-manager"}]}},"_links":{"self":[{"href":"https:\/\/www.meydan.tv\/az\/wp-json\/wp\/v2\/posts\/196025","targetHints":{"allow":["GET"]}}],"collection":[{"href":"https:\/\/www.meydan.tv\/az\/wp-json\/wp\/v2\/posts"}],"about":[{"href":"https:\/\/www.meydan.tv\/az\/wp-json\/wp\/v2\/types\/post"}],"author":[{"embeddable":true,"href":"https:\/\/www.meydan.tv\/az\/wp-json\/wp\/v2\/users\/11"}],"replies":[{"embeddable":true,"href":"https:\/\/www.meydan.tv\/az\/wp-json\/wp\/v2\/comments?post=196025"}],"version-history":[{"count":0,"href":"https:\/\/www.meydan.tv\/az\/wp-json\/wp\/v2\/posts\/196025\/revisions"}],"wp:featuredmedia":[{"embeddable":true,"href":"https:\/\/www.meydan.tv\/az\/wp-json\/wp\/v2\/media\/126097"}],"wp:attachment":[{"href":"https:\/\/www.meydan.tv\/az\/wp-json\/wp\/v2\/media?parent=196025"}],"wp:term":[{"taxonomy":"category","embeddable":true,"href":"https:\/\/www.meydan.tv\/az\/wp-json\/wp\/v2\/categories?post=196025"},{"taxonomy":"post_tag","embeddable":true,"href":"https:\/\/www.meydan.tv\/az\/wp-json\/wp\/v2\/tags?post=196025"}],"curies":[{"name":"wp","href":"https:\/\/api.w.org\/{rel}","templated":true}]}}