{"id":196015,"date":"2019-06-28T11:16:59","date_gmt":"2019-06-28T11:16:59","guid":{"rendered":"https:\/\/www.meydan.tv\/article\/sosial-mudafie-merkezinin-iscileri-vetendaslarla-kobud-davranir\/"},"modified":"2019-06-28T11:16:59","modified_gmt":"2019-06-28T11:16:59","slug":"sosial-mudafie-merkezinin-iscileri-vetendaslarla-kobud-davranir","status":"publish","type":"post","link":"https:\/\/www.meydan.tv\/az\/article\/sosial-mudafie-merkezinin-iscileri-vetendaslarla-kobud-davranir\/","title":{"rendered":"&#8221;Sosial M\u00fcdafi\u0259 M\u0259rk\u0259zinin i\u015f\u00e7il\u0259ri v\u0259t\u0259nda\u015flarla kobud davran\u0131r&#8221;"},"content":{"rendered":"<p>\n  <i><br \/>\n    K\u0259p\u0259z sakini deyir, ya\u015fad\u0131\u011f\u0131 \u00fcnvana g\u0259l\u0259n rayon Sosial M\u00fcdafi\u0259 M\u0259rk\u0259zinin xan\u0131m i\u015f\u00e7isi kobud davran\u0131\u015f\u0131yla ail\u0259 \u00fczvl\u0259rini a\u015fa\u011f\u0131lay\u0131b<br \/>\n  <\/i>\n<\/p>\n<p>\n  \u201cN\u0259 icaz\u0259 al\u0131b, n\u0259 \u00fczrxahl\u0131q edib&#8230; D\u00f6vl\u0259t qurumundan g\u0259libs\u0259, ev sahibiyl\u0259 h\u0259r c\u00fcr davrana bil\u0259r, y\u0259ni. \u00c7irkli ayaqqab\u0131s\u0131yla xal\u00e7alar\u0131n \u00fcst\u00fcnd\u0259 otaqlar\u0131 g\u0259zib, yolda\u015f\u0131mla olduqca kobud davran\u0131b, qap\u0131dan \u00e7\u0131xanda da deyib ki, onsuz da siz\u0259 imtina cavab\u0131 g\u0259l\u0259c\u0259k\u201d.\n<\/p>\n<p>\n  G\u0259nc\u0259 \u015f\u0259h\u0259ri, K\u0259p\u0259z rayon sakini Sadiq M\u0259mm\u0259dov Meydan TV-y\u0259 dan\u0131\u015f\u0131r ki, bu yax\u0131nlarda \u018fm\u0259k v\u0259 \u018fhalinin Sosial M\u00fcdafi\u0259si Nazirliyin\u0259 \u00fcnvanl\u0131 sosial yard\u0131m \u00fc\u00e7\u00fcn r\u0259smi m\u00fcraci\u0259t edib. Bu m\u00fcraci\u0259tind\u0259n on g\u00fcn sonra ya\u015fad\u0131qlar\u0131 \u00fcnvana nazirliyin K\u0259p\u0259z rayon \u015f\u00f6b\u0259sind\u0259n Rima adl\u0131 \u0259m\u0259kda\u015f g\u0259lib. Sadiq M\u0259mm\u0259dovu m\u0259yus ed\u0259ns\u0259 dem\u0259sin\u0259 g\u00f6r\u0259, d\u00f6vl\u0259t qurumundan g\u0259l\u0259n \u0259m\u0259kda\u015f\u0131n ail\u0259 \u00fczvl\u0259riyl\u0259 kobud davran\u0131\u015f\u0131 olub.\n<\/p>\n<p>\n  <i><br \/>\n    \u201cX\u0259b\u0259rdarl\u0131qs\u0131z ev\u0259 girib, icaz\u0259siz \u015f\u0259kill\u0259r \u00e7\u0259kib\u201d<br \/>\n  <\/i>\n<\/p>\n<p>\n  \u201c38 sayl\u0131 h\u0259rbi \u015f\u0259h\u0259rcikd\u0259 &#8211; m\u0259cburi k\u00f6\u00e7k\u00fcnl\u0259rin m\u0259skunla\u015fd\u0131qlar\u0131 binada ya\u015fay\u0131r\u0131q. 3 m\u0259rt\u0259b\u0259li bax\u0131ms\u0131z, t\u0259mirsiz binad\u0131r. Ancaq insanlar m\u0259nzill\u0259rini maksimum t\u0259miz, s\u0259liq\u0259li saxlama\u011fa \u00e7al\u0131\u015f\u0131r. S\u0259h\u0259r s\u00fcbhd\u0259n h\u0259yat yolda\u015f\u0131m u\u015faqlarla d\u0259hlizd\u0259 olanda x\u0259b\u0259r tutub ki, ev\u0259 kims\u0259 girib. Bax\u0131b ki, bir qad\u0131n ayaqqab\u0131yla otaqlar\u0131 g\u0259zir, \u0259\u015fyalar\u0131n \u015f\u0259kill\u0259rini \u00e7\u0259kir. Soru\u015fub ki, siz kimsiniz? Deyib, sosial m\u00fcdafi\u0259 \u015f\u00f6b\u0259sind\u0259n g\u0259lmi\u015f\u0259m. Yolda\u015f\u0131m ona x\u0259b\u0259rdarl\u0131qs\u0131z ev\u0259 girm\u0259sini, icaz\u0259 almadan \u015f\u0259kill\u0259r \u00e7\u0259km\u0259sini, k\u00f6rp\u0259 u\u015faqlar\u0131n \u00fcz\u0259rind\u0259 oturub oynad\u0131\u011f\u0131 v\u0259 h\u0259min vaxt \u00fcst\u00fcnd\u0259 oyuncaqlar olan xal\u00e7an\u0131n \u00fcst\u00fcnd\u0259 \u00e7irkli ayaqqab\u0131yla g\u0259zm\u0259sini irad tutub. O is\u0259 \u00fczrxahl\u0131q etm\u0259k \u0259v\u0259zin\u0259, yolda\u015f\u0131ma bildirib ki, m\u0259n getdiyim evl\u0259rd\u0259 ayaqqab\u0131m\u0131 soyunmuram,\u201d- Sadiq M\u0259mm\u0259dov deyir.\n<\/p>\n<p>\n  Sadiq M\u0259mm\u0259dovun s\u00f6zl\u0259rin\u0259 g\u00f6r\u0259, eyni v\u0259ziyy\u0259t qon\u015fuluqdak\u0131 m\u0259nzild\u0259 d\u0259 t\u0259krarlan\u0131b. H\u0259min \u0259m\u0259kda\u015f \u00fcst m\u0259rt\u0259b\u0259d\u0259 ya\u015fayan \u0130nqilab Mustafayevin m\u0259nzilin\u0259 gedib. Orada da n\u0259zak\u0259tsizlik n\u00fcmayi\u015f etdir\u0259r\u0259k otaqlar\u0131 ayaqqab\u0131yla g\u0259z\u0259nd\u0259 ev sahib\u0259si ona \u00e7\u0259k\u0259l\u0259k geyinm\u0259yi t\u0259klif edib:\n<\/p>\n<p>\n  <i><br \/>\n    \u201c\u00c7\u0131xanda dedi, onsuz da imtina cavab\u0131 alacaqs\u0131z\u201d<br \/>\n  <\/i>\n<\/p>\n<p>\n  \u201cO da \u00e7\u0259k\u0259l\u0259yi ayaqqab\u0131n\u0131n \u00fcst\u00fcnd\u0259n geyinib&#8230; Ancaq k\u00fc\u00e7\u0259nin pal\u00e7\u0131\u011f\u0131nda g\u0259zdiyi ayaqqab\u0131yla k\u00f6rp\u0259l\u0259rin im\u0259kl\u0259diyi evd\u0259 g\u0259zm\u0259kd\u0259n m\u0259mnunluq duyur. Ordan da \u00e7\u0131xanda son s\u00f6z\u00fc bu olub ki, onsuz da nazirlikd\u0259n imtina g\u0259l\u0259c\u0259k\u201d.\n<\/p>\n<p>\n  Bir ne\u00e7\u0259 g\u00fcn sonra h\u0259m Sadiq M\u0259mm\u0259dova, h\u0259m d\u0259 qon\u015fusuna h\u0259qiq\u0259t\u0259n d\u0259 \u00fcnvanl\u0131 sosial yard\u0131m\u0131n t\u0259yin olunmas\u0131ndan imtina cavab\u0131 g\u0259lib:\n<\/p>\n<p>\n  \u201cBunlar ucdantutma ham\u0131ya imtina yaz\u0131rlar dey\u0259, art\u0131q evl\u0259r\u0259 ged\u0259n \u0259m\u0259kda\u015flar\u0131 da bilir ki, bu ev\u0259 g\u0259lm\u0259yi d\u0259, m\u00fc\u0259yy\u0259n prosesl\u0259ri yerin\u0259 yetirm\u0259yi d\u0259 bo\u015f \u015feydir. Y\u0259ni art\u0131q evl\u0259r\u0259 ged\u0259nd\u0259 bildirirl\u0259r ki, \u00f6z\u00fcn\u00fcz\u00fc yormay\u0131n, onsuz da olmayacaq&#8230;\u201d\n<\/p>\n<p>\n  <i><br \/>\n    \u201c\u018fvv\u0259lc\u0259 etik davran\u0131\u015f qaydalar\u0131n\u0131 bilm\u0259lidil\u0259r\u201d<br \/>\n  <\/i>\n<\/p>\n<p>\n  Sadiq M\u0259mm\u0259dov iradl\u0131n\u0131 bildirm\u0259k \u00fc\u00e7\u00fcn \u018f\u018fSMN-nin K\u0259p\u0259z Rayon \u015e\u00f6b\u0259sin\u0259 gedib. T\u0259l\u0259b edib ki, kobud v\u0259 n\u0259zak\u0259tsiz davranan \u0259m\u0259kda\u015f h\u0259r iki ail\u0259d\u0259n \u00fczr ist\u0259sin:\n<\/p>\n<p>\n  \u201c\u00c7\u00fcnki o, bu davran\u0131\u015f\u0131 xidm\u0259ti vaxt\u0131 n\u00fcmayi\u015f etdirib, v\u0259t\u0259nda\u015flar\u0131 a\u015fa\u011f\u0131lay\u0131b, t\u0259hqir edib. M\u00fcdir dedi, \u015fikay\u0259tiniz varsa, polis\u0259 m\u00fcraci\u0259t edin. Halbuki, burada polislik bir i\u015f yoxdur, sad\u0259c\u0259, o \u0259m\u0259kda\u015f\u0131 t\u0259nbeh etm\u0259k, t\u00f6hm\u0259t verm\u0259k laz\u0131md\u0131r ki, n\u00f6vb\u0259ti d\u0259f\u0259 r\u0259smi qurumun ad\u0131ndan ail\u0259l\u0259r\u0259 ged\u0259nd\u0259 n\u0259zak\u0259tli, d\u00f6vl\u0259t qurumunun i\u015f\u00e7isi ad\u0131na davrans\u0131n. Bu m\u0259s\u0259l\u0259nin ictimail\u0259\u015fm\u0259sind\u0259 d\u0259 mara\u011f\u0131m odur ki, nazirlik ail\u0259l\u0259rl\u0259 i\u015fl\u0259y\u0259c\u0259k \u0259m\u0259kda\u015flar\u0131 i\u015f\u0259 g\u00f6t\u00fcr\u0259nd\u0259 onlar\u0131 \u00fcnvanlara g\u00f6nd\u0259rm\u0259mi\u015fd\u0259n \u0259vv\u0259l etik davran\u0131\u015f qaydalar\u0131 bar\u0259d\u0259 bilgil\u0259ndirsin. Bu i\u015f\u00e7il\u0259r \u00fc\u00e7\u00fcn vaxta\u015f\u0131r\u0131 treninql\u0259r t\u0259\u015fkil olunsun. Olduqca kobud, aqressiv davran\u0131rlar. Sanki \u00f6z \u015f\u0259xsi h\u0259yatlar\u0131ndak\u0131 a\u011fr\u0131n\u0131, ac\u0131n\u0131 v\u0259t\u0259nda\u015flara y\u00fckl\u0259yirl\u0259r. \u018fg\u0259r v\u0259t\u0259nda\u015f \u00fcnvanl\u0131 sosial yard\u0131m \u00fc\u00e7\u00fcn m\u00fcraci\u0259t edibs\u0259, bu, o dem\u0259k deyil ki, o qurumun \u0259m\u0259kda\u015f\u0131 g\u0259lib ya\u015fad\u0131\u011f\u0131 \u00fcnvanda onu a\u015fa\u011f\u0131lamal\u0131, ist\u0259diyi kimi davranmal\u0131d\u0131r\u201d.\n<\/p>\n<p>\n  \u018fm\u0259k v\u0259 \u018fhalinin Sosial M\u00fcdafi\u0259si Nazirliyind\u0259n bildirilib ki, Sadiq M\u0259mm\u0259dov r\u0259smi \u015f\u0259kild\u0259 m\u00fcraci\u0259t ets\u0259, m\u0259s\u0259l\u0259 ara\u015fd\u0131r\u0131lar. \u018fg\u0259r \u015f\u00f6b\u0259 \u0259m\u0259kda\u015f\u0131 h\u0259qiq\u0259t\u0259n d\u0259 v\u0259t\u0259nda\u015flarla kobud davran\u0131bsa, m\u00fcvafiq t\u0259dbir g\u00f6r\u00fcl\u0259c\u0259k.\n<\/p>\n<p>\n  Rima adl\u0131 xan\u0131mla \u0259laq\u0259 saxlamaq m\u00fcmk\u00fcn olmay\u0131b.\n<\/p>\n<p>\n  Az\u0259rbaycanda azt\u0259minatl\u0131 ail\u0259l\u0259r\u0259 \u00fcnvanl\u0131 sosial yard\u0131m\u0131n (\u00dcSY) verilm\u0259sin\u0259 2006-c\u0131 ild\u0259n ba\u015flan\u0131b. R\u0259smi m\u0259lumata g\u00f6r\u0259, 2016-c\u0131 ild\u0259 bu yard\u0131mdan 451,5 min ail\u0259 istifad\u0259 edib. 2017-ci ild\u0259n \u00fcnvanl\u0131 sosial yard\u0131m\u0131n verilm\u0259sind\u0259 k\u0259skin azalma m\u00fc\u015fahid\u0259 olunub. Haz\u0131rda xeyli ail\u0259 nazirliyin g\u00f6st\u0259rdiyi m\u00fcxt\u0259lif s\u0259b\u0259bl\u0259rd\u0259n bu yard\u0131mdan k\u0259narda qal\u0131b.<\/p>\n","protected":false},"excerpt":{"rendered":"<p>\u201c\u018fvv\u0259lc\u0259 etik davran\u0131\u015f qaydalar\u0131n\u0131 bilm\u0259lidil\u0259r\u201d<\/p>\n","protected":false},"author":11,"featured_media":126061,"comment_status":"closed","ping_status":"open","sticky":false,"template":"","format":"standard","meta":{"_acf_changed":false,"_sitemap_exclude":false,"_sitemap_priority":"","_sitemap_frequency":"","footnotes":""},"categories":[60],"tags":[],"class_list":["post-196015","post","type-post","status-publish","format-standard","has-post-thumbnail","hentry","category-bolge","infinite-scroll-item","generate-columns","tablet-grid-50","mobile-grid-100","grid-parent","grid-33","no-featured-image-padding"],"acf":[],"yoast_head":"<!-- This site is optimized with the Yoast SEO plugin v27.4 - https:\/\/yoast.com\/product\/yoast-seo-wordpress\/ -->\n<title>&#039;&#039;Sosial M\u00fcdafi\u0259 M\u0259rk\u0259zinin i\u015f\u00e7il\u0259ri v\u0259t\u0259nda\u015flarla kobud davran\u0131r&#039;&#039; - MEYDAN.TV<\/title>\n<meta name=\"robots\" content=\"index, follow, max-snippet:-1, max-image-preview:large, max-video-preview:-1\" \/>\n<link rel=\"canonical\" href=\"https:\/\/www.meydan.tv\/az\/article\/sosial-mudafie-merkezinin-iscileri-vetendaslarla-kobud-davranir\/\" \/>\n<meta property=\"og:locale\" content=\"az_AZ\" \/>\n<meta property=\"og:type\" content=\"article\" \/>\n<meta property=\"og:title\" content=\"&#039;&#039;Sosial M\u00fcdafi\u0259 M\u0259rk\u0259zinin i\u015f\u00e7il\u0259ri v\u0259t\u0259nda\u015flarla kobud davran\u0131r&#039;&#039; - MEYDAN.TV\" \/>\n<meta property=\"og:description\" content=\"\u201c\u018fvv\u0259lc\u0259 etik davran\u0131\u015f qaydalar\u0131n\u0131 bilm\u0259lidil\u0259r\u201d\" \/>\n<meta property=\"og:url\" content=\"https:\/\/www.meydan.tv\/az\/article\/sosial-mudafie-merkezinin-iscileri-vetendaslarla-kobud-davranir\/\" \/>\n<meta property=\"og:site_name\" content=\"MEYDAN.TV\" \/>\n<meta property=\"article:published_time\" content=\"2019-06-28T11:16:59+00:00\" \/>\n<meta property=\"og:image\" content=\"https:\/\/www.meydan.tv\/wp-content\/uploads\/image_from_ios_2_svbpncb.jpg\" \/>\n\t<meta property=\"og:image:width\" content=\"1280\" \/>\n\t<meta property=\"og:image:height\" content=\"720\" \/>\n\t<meta property=\"og:image:type\" content=\"image\/jpeg\" \/>\n<meta name=\"author\" content=\"user-manager\" \/>\n<meta name=\"twitter:card\" content=\"summary_large_image\" \/>\n<script type=\"application\/ld+json\" class=\"yoast-schema-graph\">{\"@context\":\"https:\\\/\\\/schema.org\",\"@graph\":[{\"@type\":\"Article\",\"@id\":\"https:\\\/\\\/www.meydan.tv\\\/az\\\/article\\\/sosial-mudafie-merkezinin-iscileri-vetendaslarla-kobud-davranir\\\/#article\",\"isPartOf\":{\"@id\":\"https:\\\/\\\/www.meydan.tv\\\/az\\\/article\\\/sosial-mudafie-merkezinin-iscileri-vetendaslarla-kobud-davranir\\\/\"},\"author\":{\"name\":\"user-manager\",\"@id\":\"https:\\\/\\\/www.meydan.tv\\\/az\\\/#\\\/schema\\\/person\\\/10d11eccf6da3662cf5fdab9806ea91a\"},\"headline\":\"&#8221;Sosial M\u00fcdafi\u0259 M\u0259rk\u0259zinin i\u015f\u00e7il\u0259ri v\u0259t\u0259nda\u015flarla kobud davran\u0131r&#8221;\",\"datePublished\":\"2019-06-28T11:16:59+00:00\",\"mainEntityOfPage\":{\"@id\":\"https:\\\/\\\/www.meydan.tv\\\/az\\\/article\\\/sosial-mudafie-merkezinin-iscileri-vetendaslarla-kobud-davranir\\\/\"},\"wordCount\":1001,\"publisher\":{\"@id\":\"https:\\\/\\\/www.meydan.tv\\\/az\\\/#organization\"},\"image\":{\"@id\":\"https:\\\/\\\/www.meydan.tv\\\/az\\\/article\\\/sosial-mudafie-merkezinin-iscileri-vetendaslarla-kobud-davranir\\\/#primaryimage\"},\"thumbnailUrl\":\"https:\\\/\\\/www.meydan.tv\\\/wp-content\\\/uploads\\\/image_from_ios_2_svbpncb.jpg\",\"articleSection\":[\"B\u00f6lg\u0259\"],\"inLanguage\":\"az\"},{\"@type\":\"WebPage\",\"@id\":\"https:\\\/\\\/www.meydan.tv\\\/az\\\/article\\\/sosial-mudafie-merkezinin-iscileri-vetendaslarla-kobud-davranir\\\/\",\"url\":\"https:\\\/\\\/www.meydan.tv\\\/az\\\/article\\\/sosial-mudafie-merkezinin-iscileri-vetendaslarla-kobud-davranir\\\/\",\"name\":\"''Sosial M\u00fcdafi\u0259 M\u0259rk\u0259zinin i\u015f\u00e7il\u0259ri v\u0259t\u0259nda\u015flarla kobud davran\u0131r'' - MEYDAN.TV\",\"isPartOf\":{\"@id\":\"https:\\\/\\\/www.meydan.tv\\\/az\\\/#website\"},\"primaryImageOfPage\":{\"@id\":\"https:\\\/\\\/www.meydan.tv\\\/az\\\/article\\\/sosial-mudafie-merkezinin-iscileri-vetendaslarla-kobud-davranir\\\/#primaryimage\"},\"image\":{\"@id\":\"https:\\\/\\\/www.meydan.tv\\\/az\\\/article\\\/sosial-mudafie-merkezinin-iscileri-vetendaslarla-kobud-davranir\\\/#primaryimage\"},\"thumbnailUrl\":\"https:\\\/\\\/www.meydan.tv\\\/wp-content\\\/uploads\\\/image_from_ios_2_svbpncb.jpg\",\"datePublished\":\"2019-06-28T11:16:59+00:00\",\"breadcrumb\":{\"@id\":\"https:\\\/\\\/www.meydan.tv\\\/az\\\/article\\\/sosial-mudafie-merkezinin-iscileri-vetendaslarla-kobud-davranir\\\/#breadcrumb\"},\"inLanguage\":\"az\",\"potentialAction\":[{\"@type\":\"ReadAction\",\"target\":[\"https:\\\/\\\/www.meydan.tv\\\/az\\\/article\\\/sosial-mudafie-merkezinin-iscileri-vetendaslarla-kobud-davranir\\\/\"]}]},{\"@type\":\"ImageObject\",\"inLanguage\":\"az\",\"@id\":\"https:\\\/\\\/www.meydan.tv\\\/az\\\/article\\\/sosial-mudafie-merkezinin-iscileri-vetendaslarla-kobud-davranir\\\/#primaryimage\",\"url\":\"https:\\\/\\\/www.meydan.tv\\\/wp-content\\\/uploads\\\/image_from_ios_2_svbpncb.jpg\",\"contentUrl\":\"https:\\\/\\\/www.meydan.tv\\\/wp-content\\\/uploads\\\/image_from_ios_2_svbpncb.jpg\",\"width\":1280,\"height\":720,\"caption\":\"Source: meydan tv\"},{\"@type\":\"BreadcrumbList\",\"@id\":\"https:\\\/\\\/www.meydan.tv\\\/az\\\/article\\\/sosial-mudafie-merkezinin-iscileri-vetendaslarla-kobud-davranir\\\/#breadcrumb\",\"itemListElement\":[{\"@type\":\"ListItem\",\"position\":1,\"name\":\"Ana s\u0259hif\u0259\",\"item\":\"https:\\\/\\\/www.meydan.tv\\\/az\\\/\"},{\"@type\":\"ListItem\",\"position\":2,\"name\":\"B\u00f6lg\u0259\",\"item\":\"https:\\\/\\\/www.meydan.tv\\\/az\\\/section\\\/bolge\\\/\"},{\"@type\":\"ListItem\",\"position\":3,\"name\":\"&#8221;Sosial M\u00fcdafi\u0259 M\u0259rk\u0259zinin i\u015f\u00e7il\u0259ri v\u0259t\u0259nda\u015flarla kobud davran\u0131r&#8221;\"}]},{\"@type\":\"WebSite\",\"@id\":\"https:\\\/\\\/www.meydan.tv\\\/az\\\/#website\",\"url\":\"https:\\\/\\\/www.meydan.tv\\\/az\\\/\",\"name\":\"MEYDAN.TV\",\"description\":\"Meydan TV Az\u0259rbaycan\u0131n media m\u0259kan\u0131ndak\u0131 alternativ s\u0259sidir\",\"publisher\":{\"@id\":\"https:\\\/\\\/www.meydan.tv\\\/az\\\/#organization\"},\"potentialAction\":[{\"@type\":\"SearchAction\",\"target\":{\"@type\":\"EntryPoint\",\"urlTemplate\":\"https:\\\/\\\/www.meydan.tv\\\/az\\\/?s={search_term_string}\"},\"query-input\":{\"@type\":\"PropertyValueSpecification\",\"valueRequired\":true,\"valueName\":\"search_term_string\"}}],\"inLanguage\":\"az\"},{\"@type\":\"Organization\",\"@id\":\"https:\\\/\\\/www.meydan.tv\\\/az\\\/#organization\",\"name\":\"Meydan TV\",\"url\":\"https:\\\/\\\/www.meydan.tv\\\/az\\\/\",\"logo\":{\"@type\":\"ImageObject\",\"inLanguage\":\"az\",\"@id\":\"https:\\\/\\\/www.meydan.tv\\\/az\\\/#\\\/schema\\\/logo\\\/image\\\/\",\"url\":\"https:\\\/\\\/www.meydan.tv\\\/wp-content\\\/uploads\\\/2021\\\/07\\\/meydan-logo.svg\",\"contentUrl\":\"https:\\\/\\\/www.meydan.tv\\\/wp-content\\\/uploads\\\/2021\\\/07\\\/meydan-logo.svg\",\"width\":195,\"height\":46,\"caption\":\"Meydan TV\"},\"image\":{\"@id\":\"https:\\\/\\\/www.meydan.tv\\\/az\\\/#\\\/schema\\\/logo\\\/image\\\/\"}},{\"@type\":\"Person\",\"@id\":\"https:\\\/\\\/www.meydan.tv\\\/az\\\/#\\\/schema\\\/person\\\/10d11eccf6da3662cf5fdab9806ea91a\",\"name\":\"user-manager\"}]}<\/script>\n<!-- \/ Yoast SEO plugin. -->","yoast_head_json":{"title":"''Sosial M\u00fcdafi\u0259 M\u0259rk\u0259zinin i\u015f\u00e7il\u0259ri v\u0259t\u0259nda\u015flarla kobud davran\u0131r'' - MEYDAN.TV","robots":{"index":"index","follow":"follow","max-snippet":"max-snippet:-1","max-image-preview":"max-image-preview:large","max-video-preview":"max-video-preview:-1"},"canonical":"https:\/\/www.meydan.tv\/az\/article\/sosial-mudafie-merkezinin-iscileri-vetendaslarla-kobud-davranir\/","og_locale":"az_AZ","og_type":"article","og_title":"''Sosial M\u00fcdafi\u0259 M\u0259rk\u0259zinin i\u015f\u00e7il\u0259ri v\u0259t\u0259nda\u015flarla kobud davran\u0131r'' - MEYDAN.TV","og_description":"\u201c\u018fvv\u0259lc\u0259 etik davran\u0131\u015f qaydalar\u0131n\u0131 bilm\u0259lidil\u0259r\u201d","og_url":"https:\/\/www.meydan.tv\/az\/article\/sosial-mudafie-merkezinin-iscileri-vetendaslarla-kobud-davranir\/","og_site_name":"MEYDAN.TV","article_published_time":"2019-06-28T11:16:59+00:00","og_image":[{"width":1280,"height":720,"url":"https:\/\/www.meydan.tv\/wp-content\/uploads\/image_from_ios_2_svbpncb.jpg","type":"image\/jpeg"}],"author":"user-manager","twitter_card":"summary_large_image","schema":{"@context":"https:\/\/schema.org","@graph":[{"@type":"Article","@id":"https:\/\/www.meydan.tv\/az\/article\/sosial-mudafie-merkezinin-iscileri-vetendaslarla-kobud-davranir\/#article","isPartOf":{"@id":"https:\/\/www.meydan.tv\/az\/article\/sosial-mudafie-merkezinin-iscileri-vetendaslarla-kobud-davranir\/"},"author":{"name":"user-manager","@id":"https:\/\/www.meydan.tv\/az\/#\/schema\/person\/10d11eccf6da3662cf5fdab9806ea91a"},"headline":"&#8221;Sosial M\u00fcdafi\u0259 M\u0259rk\u0259zinin i\u015f\u00e7il\u0259ri v\u0259t\u0259nda\u015flarla kobud davran\u0131r&#8221;","datePublished":"2019-06-28T11:16:59+00:00","mainEntityOfPage":{"@id":"https:\/\/www.meydan.tv\/az\/article\/sosial-mudafie-merkezinin-iscileri-vetendaslarla-kobud-davranir\/"},"wordCount":1001,"publisher":{"@id":"https:\/\/www.meydan.tv\/az\/#organization"},"image":{"@id":"https:\/\/www.meydan.tv\/az\/article\/sosial-mudafie-merkezinin-iscileri-vetendaslarla-kobud-davranir\/#primaryimage"},"thumbnailUrl":"https:\/\/www.meydan.tv\/wp-content\/uploads\/image_from_ios_2_svbpncb.jpg","articleSection":["B\u00f6lg\u0259"],"inLanguage":"az"},{"@type":"WebPage","@id":"https:\/\/www.meydan.tv\/az\/article\/sosial-mudafie-merkezinin-iscileri-vetendaslarla-kobud-davranir\/","url":"https:\/\/www.meydan.tv\/az\/article\/sosial-mudafie-merkezinin-iscileri-vetendaslarla-kobud-davranir\/","name":"''Sosial M\u00fcdafi\u0259 M\u0259rk\u0259zinin i\u015f\u00e7il\u0259ri v\u0259t\u0259nda\u015flarla kobud davran\u0131r'' - MEYDAN.TV","isPartOf":{"@id":"https:\/\/www.meydan.tv\/az\/#website"},"primaryImageOfPage":{"@id":"https:\/\/www.meydan.tv\/az\/article\/sosial-mudafie-merkezinin-iscileri-vetendaslarla-kobud-davranir\/#primaryimage"},"image":{"@id":"https:\/\/www.meydan.tv\/az\/article\/sosial-mudafie-merkezinin-iscileri-vetendaslarla-kobud-davranir\/#primaryimage"},"thumbnailUrl":"https:\/\/www.meydan.tv\/wp-content\/uploads\/image_from_ios_2_svbpncb.jpg","datePublished":"2019-06-28T11:16:59+00:00","breadcrumb":{"@id":"https:\/\/www.meydan.tv\/az\/article\/sosial-mudafie-merkezinin-iscileri-vetendaslarla-kobud-davranir\/#breadcrumb"},"inLanguage":"az","potentialAction":[{"@type":"ReadAction","target":["https:\/\/www.meydan.tv\/az\/article\/sosial-mudafie-merkezinin-iscileri-vetendaslarla-kobud-davranir\/"]}]},{"@type":"ImageObject","inLanguage":"az","@id":"https:\/\/www.meydan.tv\/az\/article\/sosial-mudafie-merkezinin-iscileri-vetendaslarla-kobud-davranir\/#primaryimage","url":"https:\/\/www.meydan.tv\/wp-content\/uploads\/image_from_ios_2_svbpncb.jpg","contentUrl":"https:\/\/www.meydan.tv\/wp-content\/uploads\/image_from_ios_2_svbpncb.jpg","width":1280,"height":720,"caption":"Source: meydan tv"},{"@type":"BreadcrumbList","@id":"https:\/\/www.meydan.tv\/az\/article\/sosial-mudafie-merkezinin-iscileri-vetendaslarla-kobud-davranir\/#breadcrumb","itemListElement":[{"@type":"ListItem","position":1,"name":"Ana s\u0259hif\u0259","item":"https:\/\/www.meydan.tv\/az\/"},{"@type":"ListItem","position":2,"name":"B\u00f6lg\u0259","item":"https:\/\/www.meydan.tv\/az\/section\/bolge\/"},{"@type":"ListItem","position":3,"name":"&#8221;Sosial M\u00fcdafi\u0259 M\u0259rk\u0259zinin i\u015f\u00e7il\u0259ri v\u0259t\u0259nda\u015flarla kobud davran\u0131r&#8221;"}]},{"@type":"WebSite","@id":"https:\/\/www.meydan.tv\/az\/#website","url":"https:\/\/www.meydan.tv\/az\/","name":"MEYDAN.TV","description":"Meydan TV Az\u0259rbaycan\u0131n media m\u0259kan\u0131ndak\u0131 alternativ s\u0259sidir","publisher":{"@id":"https:\/\/www.meydan.tv\/az\/#organization"},"potentialAction":[{"@type":"SearchAction","target":{"@type":"EntryPoint","urlTemplate":"https:\/\/www.meydan.tv\/az\/?s={search_term_string}"},"query-input":{"@type":"PropertyValueSpecification","valueRequired":true,"valueName":"search_term_string"}}],"inLanguage":"az"},{"@type":"Organization","@id":"https:\/\/www.meydan.tv\/az\/#organization","name":"Meydan TV","url":"https:\/\/www.meydan.tv\/az\/","logo":{"@type":"ImageObject","inLanguage":"az","@id":"https:\/\/www.meydan.tv\/az\/#\/schema\/logo\/image\/","url":"https:\/\/www.meydan.tv\/wp-content\/uploads\/2021\/07\/meydan-logo.svg","contentUrl":"https:\/\/www.meydan.tv\/wp-content\/uploads\/2021\/07\/meydan-logo.svg","width":195,"height":46,"caption":"Meydan TV"},"image":{"@id":"https:\/\/www.meydan.tv\/az\/#\/schema\/logo\/image\/"}},{"@type":"Person","@id":"https:\/\/www.meydan.tv\/az\/#\/schema\/person\/10d11eccf6da3662cf5fdab9806ea91a","name":"user-manager"}]}},"_links":{"self":[{"href":"https:\/\/www.meydan.tv\/az\/wp-json\/wp\/v2\/posts\/196015","targetHints":{"allow":["GET"]}}],"collection":[{"href":"https:\/\/www.meydan.tv\/az\/wp-json\/wp\/v2\/posts"}],"about":[{"href":"https:\/\/www.meydan.tv\/az\/wp-json\/wp\/v2\/types\/post"}],"author":[{"embeddable":true,"href":"https:\/\/www.meydan.tv\/az\/wp-json\/wp\/v2\/users\/11"}],"replies":[{"embeddable":true,"href":"https:\/\/www.meydan.tv\/az\/wp-json\/wp\/v2\/comments?post=196015"}],"version-history":[{"count":0,"href":"https:\/\/www.meydan.tv\/az\/wp-json\/wp\/v2\/posts\/196015\/revisions"}],"wp:featuredmedia":[{"embeddable":true,"href":"https:\/\/www.meydan.tv\/az\/wp-json\/wp\/v2\/media\/126061"}],"wp:attachment":[{"href":"https:\/\/www.meydan.tv\/az\/wp-json\/wp\/v2\/media?parent=196015"}],"wp:term":[{"taxonomy":"category","embeddable":true,"href":"https:\/\/www.meydan.tv\/az\/wp-json\/wp\/v2\/categories?post=196015"},{"taxonomy":"post_tag","embeddable":true,"href":"https:\/\/www.meydan.tv\/az\/wp-json\/wp\/v2\/tags?post=196015"}],"curies":[{"name":"wp","href":"https:\/\/api.w.org\/{rel}","templated":true}]}}