{"id":196014,"date":"2019-06-28T10:24:22","date_gmt":"2019-06-28T10:24:22","guid":{"rendered":"https:\/\/www.meydan.tv\/article\/samaxida-zelzeleden-zerercekmis-evlerin-temirinde-ayri-seckilik-edilir\/"},"modified":"2019-06-28T10:24:22","modified_gmt":"2019-06-28T10:24:22","slug":"samaxida-zelzeleden-zerercekmis-evlerin-temirinde-ayri-seckilik-edilir","status":"publish","type":"post","link":"https:\/\/www.meydan.tv\/az\/article\/samaxida-zelzeleden-zerercekmis-evlerin-temirinde-ayri-seckilik-edilir\/","title":{"rendered":"\u015eamax\u0131da: Z\u0259lz\u0259l\u0259d\u0259n z\u0259r\u0259r\u00e7\u0259kmi\u015f evl\u0259rin t\u0259mirind\u0259 ayr\u0131-se\u00e7kilik edilir"},"content":{"rendered":"<p>\n  <i><br \/>\n    &#x27;&#x27;Bu v\u0259ziyy\u0259td\u0259 olan evi tikmirl\u0259r, amma \u015f\u0259h\u0259rd\u0259 ya\u015fayan imkanl\u0131 adamlar var, onlar\u0131n evl\u0259rini tikirl\u0259r&#x27;&#x27;<br \/>\n  <\/i>\n<\/p>\n<p>\n  \u201cDivarlar bir-birind\u0259n aralan\u0131b, \u00e7it par\u00e7alar doldurmu\u015fuq ki, ev\u0259 ilan girm\u0259sin. Atam \u0259zab-\u0259ziyy\u0259tl\u0259 ev tikdi, xeyrini g\u00f6r\u0259 bilm\u0259di\u201d.\n<\/p>\n<p>\n  Bu s\u00f6zl\u0259ri Meydan TV-y\u0259 \u015eamax\u0131 rayonu, H\u0259my\u0259li k\u0259ndind\u0259 m\u0259skunla\u015fm\u0131\u015f k\u0259lb\u0259c\u0259rli m\u0259cburi k\u00f6\u00e7k\u00fcn Sevda C\u0259f\u0259rova deyir.\n<\/p>\n<p>\n  Onun s\u00f6zl\u0259rin\u0259 g\u00f6r\u0259, bu ilin \u0259vv\u0259lind\u0259 \u015eamax\u0131da ba\u015f ver\u0259n z\u0259lz\u0259l\u0259 evl\u0259rini q\u0259zal\u0131 v\u0259ziyy\u0259t\u0259 sal\u0131b. Yarad\u0131lm\u0131\u015f komissiya n\u00fcmay\u0259nd\u0259l\u0259ri t\u0259r\u0259find\u0259n ev\u0259 bax\u0131\u015f ke\u00e7iril\u0259r\u0259k, q\u0259rara al\u0131n\u0131b ki, b\u0259rpa olunsun. Lakin Sevda C\u0259f\u0259rova bununla raz\u0131 deyil:\n<\/p>\n<figure class=\"wp-block-image size-large\">\n  <img decoding=\"async\" src=\"https:\/\/www.meydan.tv\/az\/image_from_ios-5-jpg-22\/\" alt=\"image_from_ios (5).jpg\" class=\"wp-image-126040\"\/><figcaption>\n    z\u0259lz\u0259l\u0259d\u0259n z\u0259d\u0259l\u0259nmi\u015f m\u0259nzil<br \/>\n  <\/figcaption><\/figure>\n<p>\n  \u201cK\u0259lb\u0259c\u0259r i\u015f\u011fal olunandan sonra \u015eamax\u0131n\u0131n H\u0259my\u0259li k\u0259ndin\u0259 k\u00f6\u00e7m\u00fc\u015f\u00fck. 1993-c\u00fc ilin aprelin 4-d\u0259n burada m\u0259skunla\u015fm\u0131\u015f\u0131q, art\u0131q 26 ildir. O vaxt H\u0259my\u0259li k\u0259ndind\u0259 x\u0259st\u0259xana tikildi, lakin istifad\u0259y\u0259 verilm\u0259di, m\u0259cburi k\u00f6\u00e7k\u00fcnl\u0259r yerl\u0259\u015fdirildi. \u0130ll\u0259r \u0259vv\u0259l h\u0259min bina q\u0259zal\u0131 v\u0259ziyy\u0259t\u0259 d\u00fc\u015f\u0259nd\u0259, o vaxtk\u0131 icra ba\u015f\u00e7\u0131s\u0131 binan\u0131n \u00fcst\u00fcn\u00fc s\u00f6kd\u00fcrd\u00fc ki, ya\u015famaq t\u0259hl\u00fck\u0259lidir. Bundan sonra da orada m\u0259skunla\u015fan adamlar Bak\u0131ya v\u0259 m\u00fcxt\u0259lif regionlara \u00fcz tutdu. Biz is\u0259 H\u0259my\u0259lid\u0259 qald\u0131q, \u00e7\u00fcnki buran\u0131n havas\u0131 x\u0259st\u0259 anama d\u00fc\u015f\u00fcrd\u00fc. Atam M\u0259h\u0259r C\u0259f\u0259rov M\u0259h\u0259mm\u0259d o\u011flu 1934-c\u00fc ild\u0259ndir. \u00d6z\u00fcn\u00fcn v\u0259 anam\u0131n t\u0259qa\u00fcd\u00fc hesab\u0131na bir m\u0259tb\u0259x v\u0259 iki otaqdan ibar\u0259t ev tikdi. Alt\u0131 ildir tikilib, yenic\u0259 ev\u0259 y\u0131\u011f\u0131\u015fm\u0131\u015fd\u0131lar ki, anam v\u0259fat etdi. Sonra da z\u0259lz\u0259l\u0259 oldu. G\u00f6r\u00fcn, ev hans\u0131 v\u0259ziyy\u0259t\u0259dir. Erm\u0259ninin tifa\u011f\u0131 da\u011f\u0131ls\u0131n, torpaqlar\u0131m\u0131z i\u015f\u011fal olunmasayd\u0131, anam x\u0259st\u0259 d\u00fc\u015f\u00fcb, sonra da v\u0259fat etm\u0259y\u0259c\u0259kdi. H\u00f6kum\u0259tin betondan olan x\u0259st\u0259xana binas\u0131nda anam, qarda\u015flar\u0131m x\u0259st\u0259lik tapd\u0131. Atam ya\u015fl\u0131 adamd\u0131r, ona h\u00f6rm\u0259tsizlik edirl\u0259r. M\u0259n d\u0259 d\u00f6z\u0259 bilmir\u0259m, \u0259s\u0259b ke\u00e7irir\u0259m. F\u00f6vq\u0259lad\u0259 Halar Nazirliyinin n\u00fcmay\u0259nd\u0259l\u0259ri evi bax\u0131\u015f ke\u00e7irib getdil\u0259r. Sonradan H\u0259my\u0259li k\u0259nd inzibati \u0259razi dair\u0259sind\u0259n biz\u0259 x\u0259b\u0259r g\u0259ldi ki, evimiz\u0259 t\u0259mir yaz\u0131blar. \u0130ki divar bir-birind\u0259n aralan\u0131b, onun n\u0259yini t\u0259mir ed\u0259c\u0259kl\u0259r? Evin seyf qap\u0131s\u0131 divardan aralan\u0131b, indi ba\u011flanm\u0131r. Yeni a\u00e7ar ald\u0131q, usta baxd\u0131, dedi ki, m\u00fcmk\u00fcn deyil, divar aralan\u0131b dey\u0259 qap\u0131 ba\u011flanm\u0131r. Atam evin qap\u0131s\u0131n\u0131 a\u00e7\u0131q qoyub, biz\u0259 g\u0259lmi\u015fdi\u201d.\n<\/p>\n<p>\n  \u015eikay\u0259t\u00e7inin s\u00f6zl\u0259rin\u0259 g\u00f6r\u0259, evin q\u0259zal\u0131 olmas\u0131 il\u0259 \u0259laq\u0259dar \u015eamax\u0131 Rayon \u0130cra Hakimiyy\u0259tin\u0259 m\u00fcraci\u0259t olunub. Lakin onlara qar\u015f\u0131 laqeyid, yad m\u00fcnasib\u0259t g\u00f6st\u0259rilir:\n<\/p>\n<p>\n  \u201c\u00c7\u00fcnki biz g\u0259lm\u0259yik, m\u0259cburi k\u00f6\u00e7k\u00fcn\u00fck. G\u0259lib, yerli camaat\u0131n evl\u0259rini tikirl\u0259r, amma m\u0259nim atam qorxudan \u00f6z evin\u0259 gir\u0259 bilmir. O, k\u0259nardan oldu\u011fu \u00fc\u00e7\u00fcn evin\u0259 d\u0259 d\u0131rnaqaras\u0131 yana\u015f\u0131blar. \u00d6z\u00fcn\u00fcz d\u0259 bax\u0131n, bu ev t\u0259mirlikdir? Ev adam\u0131n ba\u015f\u0131na u\u00e7ur. K\u0259ndd\u0259 el\u0259 adamlara ev tikirl\u0259r ki, he\u00e7 k\u00f6hn\u0259sinin t\u0259mirin\u0259 ehtiyac yoxdur.\n<\/p>\n<p>\n  Atam Bak\u0131n\u0131n v\u0259 \u015eamax\u0131n\u0131n havas\u0131n\u0131 g\u00f6t\u00fcrm\u00fcr. A\u011f\u0131r t\u0259zyiq x\u0259st\u0259sidir. 26 ildir ki, H\u0259my\u0259lid\u0259 ya\u015fay\u0131r. Evind\u0259n \u00e7\u0131xmaq ist\u0259mir. \u015eamax\u0131ya, m\u0259nim evim\u0259 g\u0259l\u0259nd\u0259 n\u0259f\u0259s ala bilmir, bo\u011fulur. Rayon icra hakimiyy\u0259tin\u0259 m\u00fcraci\u0259t etmi\u015fik, Birinci vitse-prezident Mehriban \u018fliyevaya m\u0259ktub yazm\u0131\u015f\u0131q. Atam \u00f6z\u00fc \u015eamax\u0131 Rayon \u0130cra Hakimiyy\u0259tind\u0259 olub. \u0130mkans\u0131z\u0131q, kas\u0131b\u0131q, amma Az\u0259rbaycan v\u0259t\u0259nda\u015f\u0131y\u0131q. M\u0259g\u0259r bel\u0259 olanda, adama baxm\u0131rlar, k\u00fc\u00e7\u0259y\u0259 at\u0131rlar? Atam o evi \u0259zab-\u0259ziyy\u0259tl\u0259 tikib. Bel\u0259 haqs\u0131zl\u0131q olmaz ax\u0131. Bu v\u0259ziyy\u0259td\u0259 olan evi tikmirl\u0259r, amma \u015f\u0259h\u0259rd\u0259 ya\u015fayan imkanl\u0131 adamlar var, onlar\u0131n evl\u0259rini tikirl\u0259r. Deyirl\u0259r ki, evl\u0259r tikilib, ba\u015fa \u00e7atd\u0131r\u0131ld\u0131qdan sonra t\u0259miri n\u0259z\u0259rd\u0259 tutulan evl\u0259r\u0259 ba\u015flan\u0131lacaq. \u015eamax\u0131dak\u0131 b\u00fct\u00fcn evl\u0259r tikil\u0259c\u0259k, lap ax\u0131rda m\u0259nim atam\u0131n evini t\u0259mir ed\u0259c\u0259kl\u0259r? Be\u015f ayd\u0131r ki, qoca ki\u015fi yatma\u011fa yer tapm\u0131r\u201d.\n<\/p>\n<p>\n  \u015eamax\u0131 Rayon \u0130cra Hakimiyy\u0259ti Memarl\u0131q v\u0259 Tikinti \u015e\u00f6b\u0259sind\u0259n Meydan TV-y\u0259 bildirilib ki, t\u0259mir\u0259 yaz\u0131lan evl\u0259r\u0259 ikinci d\u0259f\u0259 bax\u0131\u015f ke\u00e7irilib, t\u0259krar qiym\u0259tl\u0259ndirilm\u0259 apar\u0131lacaq:\n<\/p>\n<figure class=\"wp-block-image size-large\">\n  <img decoding=\"async\" src=\"https:\/\/www.meydan.tv\/az\/image_from_ios-9-jpg-3\/\" alt=\"image_from_ios (9).jpg\" class=\"wp-image-126046\"\/><figcaption>\n    M\u0259h\u0259r C\u0259f\u0259rov<br \/>\n  <\/figcaption><\/figure>\n<p>\n  \u201cV\u0259t\u0259nda\u015f\u0131n evi t\u0259mir\u0259, b\u0259rpaya v\u0259 yaxud s\u00f6k\u00fcl\u00fcb, yenid\u0259n tikilm\u0259y\u0259 uy\u011fun olarsa, \u00fc\u00e7\u00fcnd\u0259n biri m\u00fctl\u0259q edil\u0259c\u0259k. Y\u0259ni z\u0259r\u0259r\u00e7\u0259k\u0259nin evinin aqib\u0259ti ikinci d\u0259f\u0259 olacaq qiym\u0259tl\u0259ndirilm\u0259d\u0259n as\u0131l\u0131d\u0131r. \u0130st\u0259nil\u0259n halda, \u015fikay\u0259t\u00e7il\u0259rin evl\u0259ri ya\u015famaq \u00fc\u00e7\u00fcn normal, \u0259lveri\u015fli v\u0259ziyy\u0259t\u0259 g\u0259tiril\u0259c\u0259k. Haz\u0131rda bizd\u0259 iki mind\u0259n \u00e7ox adam var, b\u0259rpan\u0131 bir qrup, t\u0259miri v\u0259 q\u0259zal\u0131 olan evl\u0259ri is\u0259 ba\u015fqa qrup i\u015fl\u0259yir. \u0130lk olaraq, \u015f\u0259h\u0259rd\u0259 yerl\u0259\u015f\u0259n q\u0259zal\u0131, da\u011f\u0131lm\u0131\u015f evl\u0259rd\u0259 i\u015fl\u0259r yekunla\u015fd\u0131qdan sonra k\u0259ndl\u0259r\u0259 ke\u00e7il\u0259c\u0259k. H\u0259min evl\u0259rd\u0259 ya\u015fayan adamlar evl\u0259rd\u0259n \u00e7\u0131x\u0131blar, qalma\u011fa yerl\u0259ri yoxdur. Ona g\u00f6r\u0259 d\u0259 ilk olaraq, tam q\u0259zal\u0131 v\u0259ziyy\u0259td\u0259 olan evl\u0259rin tikinti i\u015fl\u0259ri h\u0259yata ke\u00e7irilir. He\u00e7 bir v\u0259t\u0259nda\u015f k\u0259narda qalmayacaq. D\u00f6vl\u0259t \u015e\u0259h\u0259rsalma v\u0259 Arxitektura Komit\u0259si il\u0259 FHN-nin \u0259m\u0259kda\u015flar\u0131 bir yerd\u0259 evl\u0259r\u0259 t\u0259krar bax\u0131\u015f ke\u00e7ir\u0259c\u0259k, yenid\u0259n qiym\u0259tl\u0259ndirm\u0259 i\u015fl\u0259ri aparacaqlar\u201d.\n<\/p>\n<p>\n  \u201cOnlar yalan dan\u0131\u015f\u0131r. Atam \u0130cra Hakimiyy\u0259tind\u0259 olub, icra ba\u015f\u00e7\u0131s\u0131 Tahir M\u0259mm\u0259dov \u00f6z\u00fc d\u0259 orada imi\u015f. Ba\u015f memar deyib ki, \u015eamax\u0131 \u015f\u0259h\u0259rind\u0259 i\u015fl\u0259r yekunla\u015fd\u0131qdan sonra k\u0259ndl\u0259r\u0259 ke\u00e7\u0259c\u0259yik. H\u0259my\u0259lid\u0259 d\u0259, \u00c7ayl\u0131 da da art\u0131q evl\u0259r tikilib, \u00fcst\u00fc vurulur. Burada ba\u015fqa bir s\u00f6hb\u0259t var, ayr\u0131-se\u00e7kilik edirl\u0259r\u201d, &#8211; dey\u0259, Sevda C\u0259f\u0259rova Meydan TV \u0259m\u0259kda\u015f\u0131na bildirib.\n<\/p>\n<figure class=\"wp-block-image size-large\">\n  <img decoding=\"async\" src=\"https:\/\/www.meydan.tv\/az\/image_from_ios-jpg-63\/\" alt=\"image_from_ios.jpg\" class=\"wp-image-126049\"\/><figcaption>\n    C\u0259f\u0259rovlar\u0131n evi<br \/>\n  <\/figcaption><\/figure>\n","protected":false},"excerpt":{"rendered":"<p>V\u0259t\u0259nda\u015f\u0131n evi t\u0259mir\u0259, b\u0259rpaya v\u0259 yaxud s\u00f6k\u00fcl\u00fcb, yenid\u0259n tikilm\u0259y\u0259 uy\u011fun olarsa, \u00fc\u00e7\u00fcnd\u0259n biri m\u00fctl\u0259q edil\u0259c\u0259k.<\/p>\n","protected":false},"author":11,"featured_media":126034,"comment_status":"closed","ping_status":"open","sticky":false,"template":"","format":"standard","meta":{"_acf_changed":false,"_sitemap_exclude":false,"_sitemap_priority":"","_sitemap_frequency":"","footnotes":""},"categories":[60],"tags":[],"class_list":["post-196014","post","type-post","status-publish","format-standard","has-post-thumbnail","hentry","category-bolge","infinite-scroll-item","generate-columns","tablet-grid-50","mobile-grid-100","grid-parent","grid-33","no-featured-image-padding"],"acf":[],"yoast_head":"<!-- This site is optimized with the Yoast SEO plugin v27.4 - https:\/\/yoast.com\/product\/yoast-seo-wordpress\/ -->\n<title>\u015eamax\u0131da: Z\u0259lz\u0259l\u0259d\u0259n z\u0259r\u0259r\u00e7\u0259kmi\u015f evl\u0259rin t\u0259mirind\u0259 ayr\u0131-se\u00e7kilik edilir - MEYDAN.TV<\/title>\n<meta name=\"robots\" content=\"index, follow, max-snippet:-1, max-image-preview:large, max-video-preview:-1\" \/>\n<link rel=\"canonical\" href=\"https:\/\/www.meydan.tv\/az\/article\/samaxida-zelzeleden-zerercekmis-evlerin-temirinde-ayri-seckilik-edilir\/\" \/>\n<meta property=\"og:locale\" content=\"az_AZ\" \/>\n<meta property=\"og:type\" content=\"article\" \/>\n<meta property=\"og:title\" content=\"\u015eamax\u0131da: Z\u0259lz\u0259l\u0259d\u0259n z\u0259r\u0259r\u00e7\u0259kmi\u015f evl\u0259rin t\u0259mirind\u0259 ayr\u0131-se\u00e7kilik edilir - MEYDAN.TV\" \/>\n<meta property=\"og:description\" content=\"V\u0259t\u0259nda\u015f\u0131n evi t\u0259mir\u0259, b\u0259rpaya v\u0259 yaxud s\u00f6k\u00fcl\u00fcb, yenid\u0259n tikilm\u0259y\u0259 uy\u011fun olarsa, \u00fc\u00e7\u00fcnd\u0259n biri m\u00fctl\u0259q edil\u0259c\u0259k.\" \/>\n<meta property=\"og:url\" content=\"https:\/\/www.meydan.tv\/az\/article\/samaxida-zelzeleden-zerercekmis-evlerin-temirinde-ayri-seckilik-edilir\/\" \/>\n<meta property=\"og:site_name\" content=\"MEYDAN.TV\" \/>\n<meta property=\"article:published_time\" content=\"2019-06-28T10:24:22+00:00\" \/>\n<meta property=\"og:image\" content=\"https:\/\/www.meydan.tv\/wp-content\/uploads\/image_from_ios_7_qvnycxq.jpg\" \/>\n\t<meta property=\"og:image:width\" content=\"720\" \/>\n\t<meta property=\"og:image:height\" content=\"960\" \/>\n\t<meta property=\"og:image:type\" content=\"image\/jpeg\" \/>\n<meta name=\"author\" content=\"user-manager\" \/>\n<meta name=\"twitter:card\" content=\"summary_large_image\" \/>\n<script type=\"application\/ld+json\" class=\"yoast-schema-graph\">{\"@context\":\"https:\\\/\\\/schema.org\",\"@graph\":[{\"@type\":\"Article\",\"@id\":\"https:\\\/\\\/www.meydan.tv\\\/az\\\/article\\\/samaxida-zelzeleden-zerercekmis-evlerin-temirinde-ayri-seckilik-edilir\\\/#article\",\"isPartOf\":{\"@id\":\"https:\\\/\\\/www.meydan.tv\\\/az\\\/article\\\/samaxida-zelzeleden-zerercekmis-evlerin-temirinde-ayri-seckilik-edilir\\\/\"},\"author\":{\"name\":\"user-manager\",\"@id\":\"https:\\\/\\\/www.meydan.tv\\\/az\\\/#\\\/schema\\\/person\\\/10d11eccf6da3662cf5fdab9806ea91a\"},\"headline\":\"\u015eamax\u0131da: Z\u0259lz\u0259l\u0259d\u0259n z\u0259r\u0259r\u00e7\u0259kmi\u015f evl\u0259rin t\u0259mirind\u0259 ayr\u0131-se\u00e7kilik edilir\",\"datePublished\":\"2019-06-28T10:24:22+00:00\",\"mainEntityOfPage\":{\"@id\":\"https:\\\/\\\/www.meydan.tv\\\/az\\\/article\\\/samaxida-zelzeleden-zerercekmis-evlerin-temirinde-ayri-seckilik-edilir\\\/\"},\"wordCount\":1169,\"publisher\":{\"@id\":\"https:\\\/\\\/www.meydan.tv\\\/az\\\/#organization\"},\"image\":{\"@id\":\"https:\\\/\\\/www.meydan.tv\\\/az\\\/article\\\/samaxida-zelzeleden-zerercekmis-evlerin-temirinde-ayri-seckilik-edilir\\\/#primaryimage\"},\"thumbnailUrl\":\"https:\\\/\\\/www.meydan.tv\\\/wp-content\\\/uploads\\\/image_from_ios_7_qvnycxq.jpg\",\"articleSection\":[\"B\u00f6lg\u0259\"],\"inLanguage\":\"az\"},{\"@type\":\"WebPage\",\"@id\":\"https:\\\/\\\/www.meydan.tv\\\/az\\\/article\\\/samaxida-zelzeleden-zerercekmis-evlerin-temirinde-ayri-seckilik-edilir\\\/\",\"url\":\"https:\\\/\\\/www.meydan.tv\\\/az\\\/article\\\/samaxida-zelzeleden-zerercekmis-evlerin-temirinde-ayri-seckilik-edilir\\\/\",\"name\":\"\u015eamax\u0131da: Z\u0259lz\u0259l\u0259d\u0259n z\u0259r\u0259r\u00e7\u0259kmi\u015f evl\u0259rin t\u0259mirind\u0259 ayr\u0131-se\u00e7kilik edilir - MEYDAN.TV\",\"isPartOf\":{\"@id\":\"https:\\\/\\\/www.meydan.tv\\\/az\\\/#website\"},\"primaryImageOfPage\":{\"@id\":\"https:\\\/\\\/www.meydan.tv\\\/az\\\/article\\\/samaxida-zelzeleden-zerercekmis-evlerin-temirinde-ayri-seckilik-edilir\\\/#primaryimage\"},\"image\":{\"@id\":\"https:\\\/\\\/www.meydan.tv\\\/az\\\/article\\\/samaxida-zelzeleden-zerercekmis-evlerin-temirinde-ayri-seckilik-edilir\\\/#primaryimage\"},\"thumbnailUrl\":\"https:\\\/\\\/www.meydan.tv\\\/wp-content\\\/uploads\\\/image_from_ios_7_qvnycxq.jpg\",\"datePublished\":\"2019-06-28T10:24:22+00:00\",\"breadcrumb\":{\"@id\":\"https:\\\/\\\/www.meydan.tv\\\/az\\\/article\\\/samaxida-zelzeleden-zerercekmis-evlerin-temirinde-ayri-seckilik-edilir\\\/#breadcrumb\"},\"inLanguage\":\"az\",\"potentialAction\":[{\"@type\":\"ReadAction\",\"target\":[\"https:\\\/\\\/www.meydan.tv\\\/az\\\/article\\\/samaxida-zelzeleden-zerercekmis-evlerin-temirinde-ayri-seckilik-edilir\\\/\"]}]},{\"@type\":\"ImageObject\",\"inLanguage\":\"az\",\"@id\":\"https:\\\/\\\/www.meydan.tv\\\/az\\\/article\\\/samaxida-zelzeleden-zerercekmis-evlerin-temirinde-ayri-seckilik-edilir\\\/#primaryimage\",\"url\":\"https:\\\/\\\/www.meydan.tv\\\/wp-content\\\/uploads\\\/image_from_ios_7_qvnycxq.jpg\",\"contentUrl\":\"https:\\\/\\\/www.meydan.tv\\\/wp-content\\\/uploads\\\/image_from_ios_7_qvnycxq.jpg\",\"width\":720,\"height\":960,\"caption\":\"Source: meydan.tv\"},{\"@type\":\"BreadcrumbList\",\"@id\":\"https:\\\/\\\/www.meydan.tv\\\/az\\\/article\\\/samaxida-zelzeleden-zerercekmis-evlerin-temirinde-ayri-seckilik-edilir\\\/#breadcrumb\",\"itemListElement\":[{\"@type\":\"ListItem\",\"position\":1,\"name\":\"Ana s\u0259hif\u0259\",\"item\":\"https:\\\/\\\/www.meydan.tv\\\/az\\\/\"},{\"@type\":\"ListItem\",\"position\":2,\"name\":\"B\u00f6lg\u0259\",\"item\":\"https:\\\/\\\/www.meydan.tv\\\/az\\\/section\\\/bolge\\\/\"},{\"@type\":\"ListItem\",\"position\":3,\"name\":\"\u015eamax\u0131da: Z\u0259lz\u0259l\u0259d\u0259n z\u0259r\u0259r\u00e7\u0259kmi\u015f evl\u0259rin t\u0259mirind\u0259 ayr\u0131-se\u00e7kilik edilir\"}]},{\"@type\":\"WebSite\",\"@id\":\"https:\\\/\\\/www.meydan.tv\\\/az\\\/#website\",\"url\":\"https:\\\/\\\/www.meydan.tv\\\/az\\\/\",\"name\":\"MEYDAN.TV\",\"description\":\"Meydan TV Az\u0259rbaycan\u0131n media m\u0259kan\u0131ndak\u0131 alternativ s\u0259sidir\",\"publisher\":{\"@id\":\"https:\\\/\\\/www.meydan.tv\\\/az\\\/#organization\"},\"potentialAction\":[{\"@type\":\"SearchAction\",\"target\":{\"@type\":\"EntryPoint\",\"urlTemplate\":\"https:\\\/\\\/www.meydan.tv\\\/az\\\/?s={search_term_string}\"},\"query-input\":{\"@type\":\"PropertyValueSpecification\",\"valueRequired\":true,\"valueName\":\"search_term_string\"}}],\"inLanguage\":\"az\"},{\"@type\":\"Organization\",\"@id\":\"https:\\\/\\\/www.meydan.tv\\\/az\\\/#organization\",\"name\":\"Meydan TV\",\"url\":\"https:\\\/\\\/www.meydan.tv\\\/az\\\/\",\"logo\":{\"@type\":\"ImageObject\",\"inLanguage\":\"az\",\"@id\":\"https:\\\/\\\/www.meydan.tv\\\/az\\\/#\\\/schema\\\/logo\\\/image\\\/\",\"url\":\"https:\\\/\\\/www.meydan.tv\\\/wp-content\\\/uploads\\\/2021\\\/07\\\/meydan-logo.svg\",\"contentUrl\":\"https:\\\/\\\/www.meydan.tv\\\/wp-content\\\/uploads\\\/2021\\\/07\\\/meydan-logo.svg\",\"width\":195,\"height\":46,\"caption\":\"Meydan TV\"},\"image\":{\"@id\":\"https:\\\/\\\/www.meydan.tv\\\/az\\\/#\\\/schema\\\/logo\\\/image\\\/\"}},{\"@type\":\"Person\",\"@id\":\"https:\\\/\\\/www.meydan.tv\\\/az\\\/#\\\/schema\\\/person\\\/10d11eccf6da3662cf5fdab9806ea91a\",\"name\":\"user-manager\"}]}<\/script>\n<!-- \/ Yoast SEO plugin. -->","yoast_head_json":{"title":"\u015eamax\u0131da: Z\u0259lz\u0259l\u0259d\u0259n z\u0259r\u0259r\u00e7\u0259kmi\u015f evl\u0259rin t\u0259mirind\u0259 ayr\u0131-se\u00e7kilik edilir - MEYDAN.TV","robots":{"index":"index","follow":"follow","max-snippet":"max-snippet:-1","max-image-preview":"max-image-preview:large","max-video-preview":"max-video-preview:-1"},"canonical":"https:\/\/www.meydan.tv\/az\/article\/samaxida-zelzeleden-zerercekmis-evlerin-temirinde-ayri-seckilik-edilir\/","og_locale":"az_AZ","og_type":"article","og_title":"\u015eamax\u0131da: Z\u0259lz\u0259l\u0259d\u0259n z\u0259r\u0259r\u00e7\u0259kmi\u015f evl\u0259rin t\u0259mirind\u0259 ayr\u0131-se\u00e7kilik edilir - MEYDAN.TV","og_description":"V\u0259t\u0259nda\u015f\u0131n evi t\u0259mir\u0259, b\u0259rpaya v\u0259 yaxud s\u00f6k\u00fcl\u00fcb, yenid\u0259n tikilm\u0259y\u0259 uy\u011fun olarsa, \u00fc\u00e7\u00fcnd\u0259n biri m\u00fctl\u0259q edil\u0259c\u0259k.","og_url":"https:\/\/www.meydan.tv\/az\/article\/samaxida-zelzeleden-zerercekmis-evlerin-temirinde-ayri-seckilik-edilir\/","og_site_name":"MEYDAN.TV","article_published_time":"2019-06-28T10:24:22+00:00","og_image":[{"width":720,"height":960,"url":"https:\/\/www.meydan.tv\/wp-content\/uploads\/image_from_ios_7_qvnycxq.jpg","type":"image\/jpeg"}],"author":"user-manager","twitter_card":"summary_large_image","schema":{"@context":"https:\/\/schema.org","@graph":[{"@type":"Article","@id":"https:\/\/www.meydan.tv\/az\/article\/samaxida-zelzeleden-zerercekmis-evlerin-temirinde-ayri-seckilik-edilir\/#article","isPartOf":{"@id":"https:\/\/www.meydan.tv\/az\/article\/samaxida-zelzeleden-zerercekmis-evlerin-temirinde-ayri-seckilik-edilir\/"},"author":{"name":"user-manager","@id":"https:\/\/www.meydan.tv\/az\/#\/schema\/person\/10d11eccf6da3662cf5fdab9806ea91a"},"headline":"\u015eamax\u0131da: Z\u0259lz\u0259l\u0259d\u0259n z\u0259r\u0259r\u00e7\u0259kmi\u015f evl\u0259rin t\u0259mirind\u0259 ayr\u0131-se\u00e7kilik edilir","datePublished":"2019-06-28T10:24:22+00:00","mainEntityOfPage":{"@id":"https:\/\/www.meydan.tv\/az\/article\/samaxida-zelzeleden-zerercekmis-evlerin-temirinde-ayri-seckilik-edilir\/"},"wordCount":1169,"publisher":{"@id":"https:\/\/www.meydan.tv\/az\/#organization"},"image":{"@id":"https:\/\/www.meydan.tv\/az\/article\/samaxida-zelzeleden-zerercekmis-evlerin-temirinde-ayri-seckilik-edilir\/#primaryimage"},"thumbnailUrl":"https:\/\/www.meydan.tv\/wp-content\/uploads\/image_from_ios_7_qvnycxq.jpg","articleSection":["B\u00f6lg\u0259"],"inLanguage":"az"},{"@type":"WebPage","@id":"https:\/\/www.meydan.tv\/az\/article\/samaxida-zelzeleden-zerercekmis-evlerin-temirinde-ayri-seckilik-edilir\/","url":"https:\/\/www.meydan.tv\/az\/article\/samaxida-zelzeleden-zerercekmis-evlerin-temirinde-ayri-seckilik-edilir\/","name":"\u015eamax\u0131da: Z\u0259lz\u0259l\u0259d\u0259n z\u0259r\u0259r\u00e7\u0259kmi\u015f evl\u0259rin t\u0259mirind\u0259 ayr\u0131-se\u00e7kilik edilir - MEYDAN.TV","isPartOf":{"@id":"https:\/\/www.meydan.tv\/az\/#website"},"primaryImageOfPage":{"@id":"https:\/\/www.meydan.tv\/az\/article\/samaxida-zelzeleden-zerercekmis-evlerin-temirinde-ayri-seckilik-edilir\/#primaryimage"},"image":{"@id":"https:\/\/www.meydan.tv\/az\/article\/samaxida-zelzeleden-zerercekmis-evlerin-temirinde-ayri-seckilik-edilir\/#primaryimage"},"thumbnailUrl":"https:\/\/www.meydan.tv\/wp-content\/uploads\/image_from_ios_7_qvnycxq.jpg","datePublished":"2019-06-28T10:24:22+00:00","breadcrumb":{"@id":"https:\/\/www.meydan.tv\/az\/article\/samaxida-zelzeleden-zerercekmis-evlerin-temirinde-ayri-seckilik-edilir\/#breadcrumb"},"inLanguage":"az","potentialAction":[{"@type":"ReadAction","target":["https:\/\/www.meydan.tv\/az\/article\/samaxida-zelzeleden-zerercekmis-evlerin-temirinde-ayri-seckilik-edilir\/"]}]},{"@type":"ImageObject","inLanguage":"az","@id":"https:\/\/www.meydan.tv\/az\/article\/samaxida-zelzeleden-zerercekmis-evlerin-temirinde-ayri-seckilik-edilir\/#primaryimage","url":"https:\/\/www.meydan.tv\/wp-content\/uploads\/image_from_ios_7_qvnycxq.jpg","contentUrl":"https:\/\/www.meydan.tv\/wp-content\/uploads\/image_from_ios_7_qvnycxq.jpg","width":720,"height":960,"caption":"Source: meydan.tv"},{"@type":"BreadcrumbList","@id":"https:\/\/www.meydan.tv\/az\/article\/samaxida-zelzeleden-zerercekmis-evlerin-temirinde-ayri-seckilik-edilir\/#breadcrumb","itemListElement":[{"@type":"ListItem","position":1,"name":"Ana s\u0259hif\u0259","item":"https:\/\/www.meydan.tv\/az\/"},{"@type":"ListItem","position":2,"name":"B\u00f6lg\u0259","item":"https:\/\/www.meydan.tv\/az\/section\/bolge\/"},{"@type":"ListItem","position":3,"name":"\u015eamax\u0131da: Z\u0259lz\u0259l\u0259d\u0259n z\u0259r\u0259r\u00e7\u0259kmi\u015f evl\u0259rin t\u0259mirind\u0259 ayr\u0131-se\u00e7kilik edilir"}]},{"@type":"WebSite","@id":"https:\/\/www.meydan.tv\/az\/#website","url":"https:\/\/www.meydan.tv\/az\/","name":"MEYDAN.TV","description":"Meydan TV Az\u0259rbaycan\u0131n media m\u0259kan\u0131ndak\u0131 alternativ s\u0259sidir","publisher":{"@id":"https:\/\/www.meydan.tv\/az\/#organization"},"potentialAction":[{"@type":"SearchAction","target":{"@type":"EntryPoint","urlTemplate":"https:\/\/www.meydan.tv\/az\/?s={search_term_string}"},"query-input":{"@type":"PropertyValueSpecification","valueRequired":true,"valueName":"search_term_string"}}],"inLanguage":"az"},{"@type":"Organization","@id":"https:\/\/www.meydan.tv\/az\/#organization","name":"Meydan TV","url":"https:\/\/www.meydan.tv\/az\/","logo":{"@type":"ImageObject","inLanguage":"az","@id":"https:\/\/www.meydan.tv\/az\/#\/schema\/logo\/image\/","url":"https:\/\/www.meydan.tv\/wp-content\/uploads\/2021\/07\/meydan-logo.svg","contentUrl":"https:\/\/www.meydan.tv\/wp-content\/uploads\/2021\/07\/meydan-logo.svg","width":195,"height":46,"caption":"Meydan TV"},"image":{"@id":"https:\/\/www.meydan.tv\/az\/#\/schema\/logo\/image\/"}},{"@type":"Person","@id":"https:\/\/www.meydan.tv\/az\/#\/schema\/person\/10d11eccf6da3662cf5fdab9806ea91a","name":"user-manager"}]}},"_links":{"self":[{"href":"https:\/\/www.meydan.tv\/az\/wp-json\/wp\/v2\/posts\/196014","targetHints":{"allow":["GET"]}}],"collection":[{"href":"https:\/\/www.meydan.tv\/az\/wp-json\/wp\/v2\/posts"}],"about":[{"href":"https:\/\/www.meydan.tv\/az\/wp-json\/wp\/v2\/types\/post"}],"author":[{"embeddable":true,"href":"https:\/\/www.meydan.tv\/az\/wp-json\/wp\/v2\/users\/11"}],"replies":[{"embeddable":true,"href":"https:\/\/www.meydan.tv\/az\/wp-json\/wp\/v2\/comments?post=196014"}],"version-history":[{"count":0,"href":"https:\/\/www.meydan.tv\/az\/wp-json\/wp\/v2\/posts\/196014\/revisions"}],"wp:featuredmedia":[{"embeddable":true,"href":"https:\/\/www.meydan.tv\/az\/wp-json\/wp\/v2\/media\/126034"}],"wp:attachment":[{"href":"https:\/\/www.meydan.tv\/az\/wp-json\/wp\/v2\/media?parent=196014"}],"wp:term":[{"taxonomy":"category","embeddable":true,"href":"https:\/\/www.meydan.tv\/az\/wp-json\/wp\/v2\/categories?post=196014"},{"taxonomy":"post_tag","embeddable":true,"href":"https:\/\/www.meydan.tv\/az\/wp-json\/wp\/v2\/tags?post=196014"}],"curies":[{"name":"wp","href":"https:\/\/api.w.org\/{rel}","templated":true}]}}