{"id":195998,"date":"2019-06-26T17:57:35","date_gmt":"2019-06-26T17:57:35","guid":{"rendered":"https:\/\/www.meydan.tv\/article\/gedikliler-bir-birimizi-kanala-sallayib-su-cekirik\/"},"modified":"2019-06-26T17:57:35","modified_gmt":"2019-06-26T17:57:35","slug":"gedikliler-bir-birimizi-kanala-sallayib-su-cekirik","status":"publish","type":"post","link":"https:\/\/www.meydan.tv\/az\/article\/gedikliler-bir-birimizi-kanala-sallayib-su-cekirik\/","title":{"rendered":"G\u0259diklil\u0259r: Bir-birimizi kanala sallay\u0131b, su \u00e7\u0259kirik"},"content":{"rendered":"<p>\n  <i><br \/>\n    Quban\u0131n G\u0259dik k\u0259ndind\u0259 \u00fc\u00e7 \u0259sas problem:qaz x\u0259tti yox, suyun h\u0259cmi t\u0259l\u0259bat\u0131 \u00f6d\u0259mir, Sovetd\u0259n qalan \u00e7\u00fcr\u00fck elektrik dir\u0259kl\u0259ri&#8230;<br \/>\n  <\/i>\n<\/p>\n<p>\n  \u201cYayd\u0131r, su yoxdur. Me\u015f\u0259d\u0259n bulaqdan \u00e7\u0259kil\u0259n iki su x\u0259tti d\u0259 azl\u0131q edir. Su ehtiyat\u0131 a\u015f\u0131b-da\u015fan me\u015f\u0259nin k\u0259nar\u0131nda ya\u015fay\u0131r\u0131q, ancaq suyu k\u0259ndd\u0259ki kanaldan vedr\u0259yl\u0259, ipl\u0259 \u00e7\u0259kirik\u201d.\n<\/p>\n<p>\n  Quban\u0131n G\u0259dik k\u0259ndinin sakinl\u0259ri Meydan TV-y\u0259 k\u0259ndin sosial probleml\u0259rind\u0259n dan\u0131\u015f\u0131rlar. K\u0259ndin d\u0259 problemi bir deyil, iki deyil&#8230; Su q\u0131tl\u0131\u011f\u0131, elektrik dir\u0259kl\u0259rinin \u00e7\u00fcr\u00fckl\u00fcy\u00fc, qaz x\u0259ttinin yerli-dibli olmamas\u0131&#8230;\n<\/p>\n<p>\n  G\u0259dik k\u00f6hn\u0259 k\u0259nddir. Evl\u0259rin say\u0131 200-\u0259 \u00e7at\u0131b. Ail\u0259 t\u0259s\u0259rr\u00fcfatlar\u0131 ilb\u0259il art\u0131r. Buran\u0131n \u0259halisi \u0259sas\u0259n heyvandarl\u0131q v\u0259 \u0259kin i\u015fl\u0259riyl\u0259 m\u0259\u015f\u011ful olurlar. Ancaq susuzluq \u0259halini h\u0259r iki m\u0259\u015f\u011fuliyy\u0259td\u0259n m\u0259hrum edir. \u00dcst\u0259lik, me\u015f\u0259d\u0259ki iki bulaqdan g\u0259l\u0259n i\u00e7m\u0259li su da t\u0259l\u0259bat\u0131 \u00f6d\u0259mir.\n<\/p>\n<p>\n  <i><br \/>\n    \u201cHeyvanlar kanala t\u00f6k\u00fcl\u00fc\u015f\u00fcb t\u0259l\u0259f olur\u201d<br \/>\n  <\/i>\n<\/p>\n<p>\n  K\u0259nd sakini R\u0259sul Mehr\u0259liyev deyir, susuzluq \u00fcz\u00fcnd\u0259n h\u0259m insanlar\u0131n, h\u0259m d\u0259 heyvanlar\u0131n h\u0259yat\u0131 t\u0259hk\u00fcl\u0259d\u0259dir:\n<\/p>\n<p>\n  \u201cAdamlar bir-birl\u0259rini kanala sallay\u0131rlar ki, vedr\u0259yl\u0259 su \u00e7\u0259ksinl\u0259r. B\u0259z\u0259n kanal\u0131n suyu \u00e7ox d\u0259rin olur, bir an\u0131n i\u00e7ind\u0259 kanala d\u00fc\u015f\u00fcb bo\u011fula bil\u0259rik. Kanaldan k\u0259nd\u0259 heyvanlara su da\u015f\u0131maq \u00e7\u0259tin oldu\u011fu \u00fc\u00e7\u00fcn, m\u0259cbur oluruq ki, heyvanlar\u0131 kanala t\u0259r\u0259f aparaq, suyu \u00e7\u0259kib vedr\u0259yl\u0259 qoyaq qar\u015f\u0131lar\u0131na, i\u00e7sinl\u0259r. Kanal\u0131n \u0259traf\u0131 a\u00e7\u0131qd\u0131r dey\u0259, heyvanlar\u0131 idar\u0259 ed\u0259 bilm\u0259y\u0259nd\u0259 kanala t\u00f6k\u00fcl\u00fc\u015f\u00fcrl\u0259r, t\u0259l\u0259f olurlar&#8230; Susuzluq bu k\u0259ndd\u0259 \u0259sl faci\u0259dir&#8230;\u201d.\n<\/p>\n<figure class=\"wp-block-image size-large\">\n  <img decoding=\"async\" src=\"https:\/\/www.meydan.tv\/az\/image_from_ios-4-jpg-32\/\" alt=\"image_from_ios (4).jpg\" class=\"wp-image-125991\"\/><figcaption>\n    K\u0259nd\u00e7inin evi<br \/>\n  <\/figcaption><\/figure>\n<p>\n  Kanal\u0131n suyu i\u00e7m\u0259li deyil, yaln\u0131z m\u0259i\u015f\u0259td\u0259 istifad\u0259y\u0259 yaray\u0131r. Ancaq k\u0259nd sakini N\u0259zak\u0259t Allahverdiyeva deyir, su q\u0131tl\u0131\u011f\u0131 \u00fcz\u00fcnd\u0259n adamlar bu suyu duruldub \u00f6zl\u0259ri d\u0259 i\u00e7irl\u0259r:\n<\/p>\n<p>\n  \u201cYek\u0259 su \u00e7\u0259ll\u0259kl\u0259rinin a\u011fz\u0131na pamb\u0131q qoyuruq, suyu ordan s\u00fcz\u00fcr\u00fck, pamb\u0131q qapqara olur. Bunu az\u0131 on d\u0259f\u0259 t\u0259krarlamaq laz\u0131md\u0131r ki, su durulsun. Sonra da x\u00f6r\u0259y\u0259, \u00e7aya istifad\u0259 edirik. Paltarlar\u0131m\u0131z\u0131 yuyuruq, bu suyu duruldub \u00e7imirik&#8230;\u201d\n<\/p>\n<p>\n  <i><br \/>\n    K\u00fcl\u0259k \u0259s\u0259nd\u0259 naqill\u0259r yerl\u0259 s\u00fcr\u00fcn\u00fcr<br \/>\n  <\/i>\n<\/p>\n<p>\n  K\u0259ndd\u0259 elektrik m\u0259s\u0259l\u0259si d\u0259 insanlar\u0131n h\u0259yat\u0131n\u0131 t\u0259hl\u00fck\u0259 alt\u0131na al\u0131b. Dir\u0259kl\u0259r \u00e7\u00fcr\u00fcy\u00fcb, k\u0259ndin b\u0259zi yerl\u0259rind\u0259 vaxtil\u0259 k\u00fcl\u0259k s\u0259b\u0259bind\u0259n a\u015fan dir\u0259kl\u0259ri taxta par\u00e7alar\u0131 \u0259v\u0259z edir. Bir-birin\u0259 calaq olmu\u015f k\u00f6hn\u0259, \u00e7\u00fcr\u00fck naqill\u0259r sarma\u015f\u0131q kimi a\u011faclara, hasarlara dola\u015f\u0131b. K\u0259nd sakinl\u0259ri deyir, \u0259sas\u0259n ya\u011f\u0131\u015fl\u0131 g\u00fcnl\u0259rd\u0259 k\u00fc\u00e7\u0259y\u0259 \u00e7\u0131xmaq t\u0259hl\u00fck\u0259lidir:\n<\/p>\n<p>\n  \u201cYa\u011f\u0131\u015f ya\u011fanda, k\u00fcl\u0259k \u0259s\u0259nd\u0259 naqill\u0259r yerl\u0259 s\u00fcr\u00fcn\u00fcr, \u0259trafa q\u0131\u011f\u0131lc\u0131mlar sa\u00e7\u0131r. H\u0259r il c\u0259r\u0259yanvurmadan heyvan t\u0259l\u0259f olur. Ke\u00e7\u0259n il k\u0259ndin ortas\u0131nda bir at\u0131 c\u0259r\u0259yan vurub \u00f6ld\u00fcrd\u00fc. U\u015faqlar\u0131n m\u0259kt\u0259b vaxt\u0131 ya\u011f\u0131\u015fl\u0131, k\u00fcl\u0259kli aylara t\u0259sad\u00fcf edir. U\u015fa\u011f\u0131 evd\u0259n burax\u0131r\u0131q, ev\u0259 qay\u0131d\u0131nca nigaran qal\u0131r\u0131q ki, g\u00f6r\u0259s\u0259n hans\u0131 m\u0259h\u0259ll\u0259d\u0259 c\u0259r\u0259yan vurdu?\u201d\n<\/p>\n<p>\n  K\u0259ndd\u0259 elektrik x\u0259tl\u0259rind\u0259ki q\u0131saqapanmalardan v\u0259 nasazl\u0131qlardan tez-tez yan\u011f\u0131n ba\u015f verir.\n<\/p>\n<figure class=\"wp-block-image size-large\">\n  <img decoding=\"async\" src=\"https:\/\/www.meydan.tv\/az\/image_from_ios-5-jpg-20\/\" alt=\"image_from_ios (5).jpg\" class=\"wp-image-125995\"\/><figcaption>\n    \u0130\u015f\u0131q dir\u0259yi<br \/>\n  <\/figcaption><\/figure>\n<p>\n  <i><br \/>\n    V\u0259 qaz problemi&#8230;<br \/>\n  <\/i>\n<\/p>\n<p>\n  Bu problem k\u0259ndd\u0259 ta \u0259vv\u0259ld\u0259n m\u00f6vcuddur. G\u0259diyin qon\u015fulu\u011fundak\u0131 k\u0259ndl\u0259rin qaz probleml\u0259ri zamanla h\u0259llini tapsa da, bu k\u0259nd\u0259 h\u0259l\u0259 Sovet vaxt\u0131ndan qaz x\u0259tti \u00e7\u0259kilm\u0259yib. G\u0259diklil\u0259r d\u0259 q\u0131\u015fboyu evl\u0259rini k\u0259ndin yax\u0131nl\u0131\u011f\u0131ndak\u0131 me\u015f\u0259d\u0259n odun q\u0131r\u0131b g\u0259tirm\u0259kl\u0259 q\u0131zd\u0131rmal\u0131 olur. Yayda is\u0259 h\u0259y\u0259td\u0259 qaz balonu al\u0131\u015fd\u0131r\u0131rlar.\n<\/p>\n<p>\n  Quban\u0131n Su-Kanal \u0130dar\u0259sind\u0259n bildirilib ki, G\u0259dikd\u0259 su kranlar\u0131 var v\u0259 \u0259hali me\u015f\u0259nin bularlar\u0131ndan \u00e7\u0259kilmi\u015f su il\u0259 t\u0259min olunur. Yay\u0131n qurlaql\u0131\u011f\u0131 bulaqlardak\u0131 suyun s\u0259viyy\u0259sini d\u0259 a\u015fa\u011f\u0131 sal\u0131r. Bu s\u0259b\u0259bd\u0259n d\u0259 k\u0259ndd\u0259 suyun t\u0259zyiqi azal\u0131r. \u0130dar\u0259 problemi h\u0259ll etm\u0259k \u00fc\u00e7\u00fcn alternativ yollar axtar\u0131r.\n<\/p>\n<p>\n  Quban\u0131n \u0130cra Hakimiyy\u0259tind\u0259n bildirlib ki, k\u0259ndl\u0259rin qazla\u015fd\u0131r\u0131lmas\u0131 i\u015fl\u0259ri davam etdirilir. Bu i\u015fl\u0259r n\u00f6vb\u0259li \u015f\u0259kild\u0259 h\u0259yata ke\u00e7irilir. Elektrik naqill\u0259rin\u0259 g\u0259linc\u0259, bununla ba\u011fl\u0131 qurum rayon i\u015f\u0131q idar\u0259sin\u0259 m\u0259ktubla m\u00fcraci\u0259t edib.\n<\/p>\n<figure class=\"wp-block-image size-large\">\n  <img decoding=\"async\" src=\"https:\/\/www.meydan.tv\/az\/image_from_ios-6-jpg-15\/\" alt=\"image_from_ios (6).jpg\" class=\"wp-image-125998\"\/><figcaption>\n    G\u0259dik k\u0259ndi<br \/>\n  <\/figcaption><\/figure>\n","protected":false},"excerpt":{"rendered":"<p>G\u0259diyin qon\u015fulu\u011fundak\u0131 k\u0259ndl\u0259rin qaz probleml\u0259ri zamanla h\u0259llini tapsa da, bu k\u0259nd\u0259 h\u0259l\u0259 Sovet vaxt\u0131ndan qaz x\u0259tti \u00e7\u0259kilm\u0259yib.<\/p>\n","protected":false},"author":11,"featured_media":125989,"comment_status":"closed","ping_status":"open","sticky":false,"template":"","format":"standard","meta":{"_acf_changed":false,"_sitemap_exclude":false,"_sitemap_priority":"","_sitemap_frequency":"","footnotes":""},"categories":[60],"tags":[],"class_list":["post-195998","post","type-post","status-publish","format-standard","has-post-thumbnail","hentry","category-bolge","infinite-scroll-item","generate-columns","tablet-grid-50","mobile-grid-100","grid-parent","grid-33","no-featured-image-padding"],"acf":[],"yoast_head":"<!-- This site is optimized with the Yoast SEO plugin v27.4 - https:\/\/yoast.com\/product\/yoast-seo-wordpress\/ -->\n<title>G\u0259diklil\u0259r: Bir-birimizi kanala sallay\u0131b, su \u00e7\u0259kirik - MEYDAN.TV<\/title>\n<meta name=\"robots\" content=\"index, follow, max-snippet:-1, max-image-preview:large, max-video-preview:-1\" \/>\n<link rel=\"canonical\" href=\"https:\/\/www.meydan.tv\/az\/article\/gedikliler-bir-birimizi-kanala-sallayib-su-cekirik\/\" \/>\n<meta property=\"og:locale\" content=\"az_AZ\" \/>\n<meta property=\"og:type\" content=\"article\" \/>\n<meta property=\"og:title\" content=\"G\u0259diklil\u0259r: Bir-birimizi kanala sallay\u0131b, su \u00e7\u0259kirik - MEYDAN.TV\" \/>\n<meta property=\"og:description\" content=\"G\u0259diyin qon\u015fulu\u011fundak\u0131 k\u0259ndl\u0259rin qaz probleml\u0259ri zamanla h\u0259llini tapsa da, bu k\u0259nd\u0259 h\u0259l\u0259 Sovet vaxt\u0131ndan qaz x\u0259tti \u00e7\u0259kilm\u0259yib.\" \/>\n<meta property=\"og:url\" content=\"https:\/\/www.meydan.tv\/az\/article\/gedikliler-bir-birimizi-kanala-sallayib-su-cekirik\/\" \/>\n<meta property=\"og:site_name\" content=\"MEYDAN.TV\" \/>\n<meta property=\"article:published_time\" content=\"2019-06-26T17:57:35+00:00\" \/>\n<meta property=\"og:image\" content=\"https:\/\/www.meydan.tv\/wp-content\/uploads\/image_from_ios_e0l1pmj.jpg\" \/>\n\t<meta property=\"og:image:width\" content=\"1280\" \/>\n\t<meta property=\"og:image:height\" content=\"960\" \/>\n\t<meta property=\"og:image:type\" content=\"image\/jpeg\" \/>\n<meta name=\"author\" content=\"user-manager\" \/>\n<meta name=\"twitter:card\" content=\"summary_large_image\" \/>\n<script type=\"application\/ld+json\" class=\"yoast-schema-graph\">{\"@context\":\"https:\\\/\\\/schema.org\",\"@graph\":[{\"@type\":\"Article\",\"@id\":\"https:\\\/\\\/www.meydan.tv\\\/az\\\/article\\\/gedikliler-bir-birimizi-kanala-sallayib-su-cekirik\\\/#article\",\"isPartOf\":{\"@id\":\"https:\\\/\\\/www.meydan.tv\\\/az\\\/article\\\/gedikliler-bir-birimizi-kanala-sallayib-su-cekirik\\\/\"},\"author\":{\"name\":\"user-manager\",\"@id\":\"https:\\\/\\\/www.meydan.tv\\\/az\\\/#\\\/schema\\\/person\\\/10d11eccf6da3662cf5fdab9806ea91a\"},\"headline\":\"G\u0259diklil\u0259r: Bir-birimizi kanala sallay\u0131b, su \u00e7\u0259kirik\",\"datePublished\":\"2019-06-26T17:57:35+00:00\",\"mainEntityOfPage\":{\"@id\":\"https:\\\/\\\/www.meydan.tv\\\/az\\\/article\\\/gedikliler-bir-birimizi-kanala-sallayib-su-cekirik\\\/\"},\"wordCount\":829,\"publisher\":{\"@id\":\"https:\\\/\\\/www.meydan.tv\\\/az\\\/#organization\"},\"image\":{\"@id\":\"https:\\\/\\\/www.meydan.tv\\\/az\\\/article\\\/gedikliler-bir-birimizi-kanala-sallayib-su-cekirik\\\/#primaryimage\"},\"thumbnailUrl\":\"https:\\\/\\\/www.meydan.tv\\\/wp-content\\\/uploads\\\/image_from_ios_e0l1pmj.jpg\",\"articleSection\":[\"B\u00f6lg\u0259\"],\"inLanguage\":\"az\"},{\"@type\":\"WebPage\",\"@id\":\"https:\\\/\\\/www.meydan.tv\\\/az\\\/article\\\/gedikliler-bir-birimizi-kanala-sallayib-su-cekirik\\\/\",\"url\":\"https:\\\/\\\/www.meydan.tv\\\/az\\\/article\\\/gedikliler-bir-birimizi-kanala-sallayib-su-cekirik\\\/\",\"name\":\"G\u0259diklil\u0259r: Bir-birimizi kanala sallay\u0131b, su \u00e7\u0259kirik - MEYDAN.TV\",\"isPartOf\":{\"@id\":\"https:\\\/\\\/www.meydan.tv\\\/az\\\/#website\"},\"primaryImageOfPage\":{\"@id\":\"https:\\\/\\\/www.meydan.tv\\\/az\\\/article\\\/gedikliler-bir-birimizi-kanala-sallayib-su-cekirik\\\/#primaryimage\"},\"image\":{\"@id\":\"https:\\\/\\\/www.meydan.tv\\\/az\\\/article\\\/gedikliler-bir-birimizi-kanala-sallayib-su-cekirik\\\/#primaryimage\"},\"thumbnailUrl\":\"https:\\\/\\\/www.meydan.tv\\\/wp-content\\\/uploads\\\/image_from_ios_e0l1pmj.jpg\",\"datePublished\":\"2019-06-26T17:57:35+00:00\",\"breadcrumb\":{\"@id\":\"https:\\\/\\\/www.meydan.tv\\\/az\\\/article\\\/gedikliler-bir-birimizi-kanala-sallayib-su-cekirik\\\/#breadcrumb\"},\"inLanguage\":\"az\",\"potentialAction\":[{\"@type\":\"ReadAction\",\"target\":[\"https:\\\/\\\/www.meydan.tv\\\/az\\\/article\\\/gedikliler-bir-birimizi-kanala-sallayib-su-cekirik\\\/\"]}]},{\"@type\":\"ImageObject\",\"inLanguage\":\"az\",\"@id\":\"https:\\\/\\\/www.meydan.tv\\\/az\\\/article\\\/gedikliler-bir-birimizi-kanala-sallayib-su-cekirik\\\/#primaryimage\",\"url\":\"https:\\\/\\\/www.meydan.tv\\\/wp-content\\\/uploads\\\/image_from_ios_e0l1pmj.jpg\",\"contentUrl\":\"https:\\\/\\\/www.meydan.tv\\\/wp-content\\\/uploads\\\/image_from_ios_e0l1pmj.jpg\",\"width\":1280,\"height\":960,\"caption\":\"Source: meydan.tv\"},{\"@type\":\"BreadcrumbList\",\"@id\":\"https:\\\/\\\/www.meydan.tv\\\/az\\\/article\\\/gedikliler-bir-birimizi-kanala-sallayib-su-cekirik\\\/#breadcrumb\",\"itemListElement\":[{\"@type\":\"ListItem\",\"position\":1,\"name\":\"Ana s\u0259hif\u0259\",\"item\":\"https:\\\/\\\/www.meydan.tv\\\/az\\\/\"},{\"@type\":\"ListItem\",\"position\":2,\"name\":\"B\u00f6lg\u0259\",\"item\":\"https:\\\/\\\/www.meydan.tv\\\/az\\\/section\\\/bolge\\\/\"},{\"@type\":\"ListItem\",\"position\":3,\"name\":\"G\u0259diklil\u0259r: Bir-birimizi kanala sallay\u0131b, su \u00e7\u0259kirik\"}]},{\"@type\":\"WebSite\",\"@id\":\"https:\\\/\\\/www.meydan.tv\\\/az\\\/#website\",\"url\":\"https:\\\/\\\/www.meydan.tv\\\/az\\\/\",\"name\":\"MEYDAN.TV\",\"description\":\"Meydan TV Az\u0259rbaycan\u0131n media m\u0259kan\u0131ndak\u0131 alternativ s\u0259sidir\",\"publisher\":{\"@id\":\"https:\\\/\\\/www.meydan.tv\\\/az\\\/#organization\"},\"potentialAction\":[{\"@type\":\"SearchAction\",\"target\":{\"@type\":\"EntryPoint\",\"urlTemplate\":\"https:\\\/\\\/www.meydan.tv\\\/az\\\/?s={search_term_string}\"},\"query-input\":{\"@type\":\"PropertyValueSpecification\",\"valueRequired\":true,\"valueName\":\"search_term_string\"}}],\"inLanguage\":\"az\"},{\"@type\":\"Organization\",\"@id\":\"https:\\\/\\\/www.meydan.tv\\\/az\\\/#organization\",\"name\":\"Meydan TV\",\"url\":\"https:\\\/\\\/www.meydan.tv\\\/az\\\/\",\"logo\":{\"@type\":\"ImageObject\",\"inLanguage\":\"az\",\"@id\":\"https:\\\/\\\/www.meydan.tv\\\/az\\\/#\\\/schema\\\/logo\\\/image\\\/\",\"url\":\"https:\\\/\\\/www.meydan.tv\\\/wp-content\\\/uploads\\\/2021\\\/07\\\/meydan-logo.svg\",\"contentUrl\":\"https:\\\/\\\/www.meydan.tv\\\/wp-content\\\/uploads\\\/2021\\\/07\\\/meydan-logo.svg\",\"width\":195,\"height\":46,\"caption\":\"Meydan TV\"},\"image\":{\"@id\":\"https:\\\/\\\/www.meydan.tv\\\/az\\\/#\\\/schema\\\/logo\\\/image\\\/\"}},{\"@type\":\"Person\",\"@id\":\"https:\\\/\\\/www.meydan.tv\\\/az\\\/#\\\/schema\\\/person\\\/10d11eccf6da3662cf5fdab9806ea91a\",\"name\":\"user-manager\"}]}<\/script>\n<!-- \/ Yoast SEO plugin. -->","yoast_head_json":{"title":"G\u0259diklil\u0259r: Bir-birimizi kanala sallay\u0131b, su \u00e7\u0259kirik - MEYDAN.TV","robots":{"index":"index","follow":"follow","max-snippet":"max-snippet:-1","max-image-preview":"max-image-preview:large","max-video-preview":"max-video-preview:-1"},"canonical":"https:\/\/www.meydan.tv\/az\/article\/gedikliler-bir-birimizi-kanala-sallayib-su-cekirik\/","og_locale":"az_AZ","og_type":"article","og_title":"G\u0259diklil\u0259r: Bir-birimizi kanala sallay\u0131b, su \u00e7\u0259kirik - MEYDAN.TV","og_description":"G\u0259diyin qon\u015fulu\u011fundak\u0131 k\u0259ndl\u0259rin qaz probleml\u0259ri zamanla h\u0259llini tapsa da, bu k\u0259nd\u0259 h\u0259l\u0259 Sovet vaxt\u0131ndan qaz x\u0259tti \u00e7\u0259kilm\u0259yib.","og_url":"https:\/\/www.meydan.tv\/az\/article\/gedikliler-bir-birimizi-kanala-sallayib-su-cekirik\/","og_site_name":"MEYDAN.TV","article_published_time":"2019-06-26T17:57:35+00:00","og_image":[{"width":1280,"height":960,"url":"https:\/\/www.meydan.tv\/wp-content\/uploads\/image_from_ios_e0l1pmj.jpg","type":"image\/jpeg"}],"author":"user-manager","twitter_card":"summary_large_image","schema":{"@context":"https:\/\/schema.org","@graph":[{"@type":"Article","@id":"https:\/\/www.meydan.tv\/az\/article\/gedikliler-bir-birimizi-kanala-sallayib-su-cekirik\/#article","isPartOf":{"@id":"https:\/\/www.meydan.tv\/az\/article\/gedikliler-bir-birimizi-kanala-sallayib-su-cekirik\/"},"author":{"name":"user-manager","@id":"https:\/\/www.meydan.tv\/az\/#\/schema\/person\/10d11eccf6da3662cf5fdab9806ea91a"},"headline":"G\u0259diklil\u0259r: Bir-birimizi kanala sallay\u0131b, su \u00e7\u0259kirik","datePublished":"2019-06-26T17:57:35+00:00","mainEntityOfPage":{"@id":"https:\/\/www.meydan.tv\/az\/article\/gedikliler-bir-birimizi-kanala-sallayib-su-cekirik\/"},"wordCount":829,"publisher":{"@id":"https:\/\/www.meydan.tv\/az\/#organization"},"image":{"@id":"https:\/\/www.meydan.tv\/az\/article\/gedikliler-bir-birimizi-kanala-sallayib-su-cekirik\/#primaryimage"},"thumbnailUrl":"https:\/\/www.meydan.tv\/wp-content\/uploads\/image_from_ios_e0l1pmj.jpg","articleSection":["B\u00f6lg\u0259"],"inLanguage":"az"},{"@type":"WebPage","@id":"https:\/\/www.meydan.tv\/az\/article\/gedikliler-bir-birimizi-kanala-sallayib-su-cekirik\/","url":"https:\/\/www.meydan.tv\/az\/article\/gedikliler-bir-birimizi-kanala-sallayib-su-cekirik\/","name":"G\u0259diklil\u0259r: Bir-birimizi kanala sallay\u0131b, su \u00e7\u0259kirik - MEYDAN.TV","isPartOf":{"@id":"https:\/\/www.meydan.tv\/az\/#website"},"primaryImageOfPage":{"@id":"https:\/\/www.meydan.tv\/az\/article\/gedikliler-bir-birimizi-kanala-sallayib-su-cekirik\/#primaryimage"},"image":{"@id":"https:\/\/www.meydan.tv\/az\/article\/gedikliler-bir-birimizi-kanala-sallayib-su-cekirik\/#primaryimage"},"thumbnailUrl":"https:\/\/www.meydan.tv\/wp-content\/uploads\/image_from_ios_e0l1pmj.jpg","datePublished":"2019-06-26T17:57:35+00:00","breadcrumb":{"@id":"https:\/\/www.meydan.tv\/az\/article\/gedikliler-bir-birimizi-kanala-sallayib-su-cekirik\/#breadcrumb"},"inLanguage":"az","potentialAction":[{"@type":"ReadAction","target":["https:\/\/www.meydan.tv\/az\/article\/gedikliler-bir-birimizi-kanala-sallayib-su-cekirik\/"]}]},{"@type":"ImageObject","inLanguage":"az","@id":"https:\/\/www.meydan.tv\/az\/article\/gedikliler-bir-birimizi-kanala-sallayib-su-cekirik\/#primaryimage","url":"https:\/\/www.meydan.tv\/wp-content\/uploads\/image_from_ios_e0l1pmj.jpg","contentUrl":"https:\/\/www.meydan.tv\/wp-content\/uploads\/image_from_ios_e0l1pmj.jpg","width":1280,"height":960,"caption":"Source: meydan.tv"},{"@type":"BreadcrumbList","@id":"https:\/\/www.meydan.tv\/az\/article\/gedikliler-bir-birimizi-kanala-sallayib-su-cekirik\/#breadcrumb","itemListElement":[{"@type":"ListItem","position":1,"name":"Ana s\u0259hif\u0259","item":"https:\/\/www.meydan.tv\/az\/"},{"@type":"ListItem","position":2,"name":"B\u00f6lg\u0259","item":"https:\/\/www.meydan.tv\/az\/section\/bolge\/"},{"@type":"ListItem","position":3,"name":"G\u0259diklil\u0259r: Bir-birimizi kanala sallay\u0131b, su \u00e7\u0259kirik"}]},{"@type":"WebSite","@id":"https:\/\/www.meydan.tv\/az\/#website","url":"https:\/\/www.meydan.tv\/az\/","name":"MEYDAN.TV","description":"Meydan TV Az\u0259rbaycan\u0131n media m\u0259kan\u0131ndak\u0131 alternativ s\u0259sidir","publisher":{"@id":"https:\/\/www.meydan.tv\/az\/#organization"},"potentialAction":[{"@type":"SearchAction","target":{"@type":"EntryPoint","urlTemplate":"https:\/\/www.meydan.tv\/az\/?s={search_term_string}"},"query-input":{"@type":"PropertyValueSpecification","valueRequired":true,"valueName":"search_term_string"}}],"inLanguage":"az"},{"@type":"Organization","@id":"https:\/\/www.meydan.tv\/az\/#organization","name":"Meydan TV","url":"https:\/\/www.meydan.tv\/az\/","logo":{"@type":"ImageObject","inLanguage":"az","@id":"https:\/\/www.meydan.tv\/az\/#\/schema\/logo\/image\/","url":"https:\/\/www.meydan.tv\/wp-content\/uploads\/2021\/07\/meydan-logo.svg","contentUrl":"https:\/\/www.meydan.tv\/wp-content\/uploads\/2021\/07\/meydan-logo.svg","width":195,"height":46,"caption":"Meydan TV"},"image":{"@id":"https:\/\/www.meydan.tv\/az\/#\/schema\/logo\/image\/"}},{"@type":"Person","@id":"https:\/\/www.meydan.tv\/az\/#\/schema\/person\/10d11eccf6da3662cf5fdab9806ea91a","name":"user-manager"}]}},"_links":{"self":[{"href":"https:\/\/www.meydan.tv\/az\/wp-json\/wp\/v2\/posts\/195998","targetHints":{"allow":["GET"]}}],"collection":[{"href":"https:\/\/www.meydan.tv\/az\/wp-json\/wp\/v2\/posts"}],"about":[{"href":"https:\/\/www.meydan.tv\/az\/wp-json\/wp\/v2\/types\/post"}],"author":[{"embeddable":true,"href":"https:\/\/www.meydan.tv\/az\/wp-json\/wp\/v2\/users\/11"}],"replies":[{"embeddable":true,"href":"https:\/\/www.meydan.tv\/az\/wp-json\/wp\/v2\/comments?post=195998"}],"version-history":[{"count":0,"href":"https:\/\/www.meydan.tv\/az\/wp-json\/wp\/v2\/posts\/195998\/revisions"}],"wp:featuredmedia":[{"embeddable":true,"href":"https:\/\/www.meydan.tv\/az\/wp-json\/wp\/v2\/media\/125989"}],"wp:attachment":[{"href":"https:\/\/www.meydan.tv\/az\/wp-json\/wp\/v2\/media?parent=195998"}],"wp:term":[{"taxonomy":"category","embeddable":true,"href":"https:\/\/www.meydan.tv\/az\/wp-json\/wp\/v2\/categories?post=195998"},{"taxonomy":"post_tag","embeddable":true,"href":"https:\/\/www.meydan.tv\/az\/wp-json\/wp\/v2\/tags?post=195998"}],"curies":[{"name":"wp","href":"https:\/\/api.w.org\/{rel}","templated":true}]}}