{"id":195988,"date":"2019-06-26T09:48:10","date_gmt":"2019-06-26T09:48:10","guid":{"rendered":"https:\/\/www.meydan.tv\/article\/geceler-qorxa-qorxa-yatiram-ki-birden-ev-basima-ucar\/"},"modified":"2019-06-26T09:48:10","modified_gmt":"2019-06-26T09:48:10","slug":"geceler-qorxa-qorxa-yatiram-ki-birden-ev-basima-ucar","status":"publish","type":"post","link":"https:\/\/www.meydan.tv\/az\/article\/geceler-qorxa-qorxa-yatiram-ki-birden-ev-basima-ucar\/","title":{"rendered":"&#8221;Gec\u0259l\u0259r qorxa-qorxa yat\u0131ram ki, bird\u0259n ev ba\u015f\u0131ma u\u00e7ar&#8221;"},"content":{"rendered":"<p>\n  <i><br \/>\n    &#x27;&#x27;Gec\u0259l\u0259r qorxa-qorxa yat\u0131ram ki, bird\u0259n ev ba\u015f\u0131ma u\u00e7ar&#x27;&#x27;<br \/>\n  <\/i>\n<\/p>\n<p>\n  Yevlaxl\u0131 xadim\u0259 imkans\u0131zl\u0131qdan evini t\u0259mir etdir\u0259 bilmir\n<\/p>\n<p>\n  Yevlax\u0131n Qaram\u0259mm\u0259dli k\u0259ndinin sakini, 53 ya\u015fl\u0131 G\u00fclg\u0259z M\u0259h\u0259rr\u0259mova q\u0259zal\u0131 evd\u0259 ya\u015fay\u0131r. Deyir, h\u0259r \u0259s\u0259n k\u00fcl\u0259k, ya\u011fan ya\u011f\u0131\u015f, qar ya\u015fad\u0131\u011f\u0131 evd\u0259n n\u0259l\u0259rs\u0259 apar\u0131r. U\u015faql\u0131\u011f\u0131 bu evd\u0259 ke\u00e7ib, do\u011fmad\u0131r, ancaq art\u0131q ya\u015fanas\u0131 v\u0259ziyy\u0259td\u0259 deyil.\n<\/p>\n<p>\n  \u201cAil\u0259 qurmam\u0131\u015fam. Odur ki, ata evi m\u0259n\u0259 qal\u0131b. Bac\u0131 v\u0259 qarda\u015flar\u0131m k\u00f6\u00e7\u00fcb gedibl\u0259r. Xadim\u0259 i\u015fl\u0259yir\u0259m. O q\u0259d\u0259r b\u00f6y\u00fck imkan\u0131m yoxdur \u00f6z\u00fcm\u0259 ev al\u0131m, yaxud q\u0259zal\u0131 evi t\u0259mir edim. 120 manatd\u0131r maa\u015f\u0131m. Onunla \u00e7\u00f6r\u0259yimi, \u00e7ay\u0131m\u0131 g\u00fccl\u0259 al\u0131ram. Ya\u015f da az deyil. S\u0259hh\u0259td\u0259 probem yaran\u0131r, h\u0259kim\u0259 getm\u0259li olursan. Bac\u0131-qarda\u015f\u0131n da imkan\u0131 o q\u0259d\u0259r g\u00fccl\u00fc deyil ki, k\u00f6m\u0259k etsinl\u0259r. D\u00f6vl\u0259td\u0259n ba\u015fqa arxamda kims\u0259m yoxdur\u201d.\n<\/p>\n<figure class=\"wp-block-image size-large\">\n  <img decoding=\"async\" src=\"https:\/\/www.meydan.tv\/az\/image00013-jpeg-7\/\" alt=\"image00013.jpeg\" class=\"wp-image-125965\"\/><figcaption>\n    evin tavan\u0131<br \/>\n  <\/figcaption><\/figure>\n<p>\n  G\u00fclg\u0259z M\u0259h\u0259rr\u0259mova deyir ki, pensiya ya\u015f\u0131n\u0131n artmas\u0131 da ona s\u0259rf etmir. Az ya\u015f\u0131 yoxdur v\u0259 n\u0259 q\u0259d\u0259r s\u00fcp\u00fcrg\u0259\u00e7i kimi \u00e7al\u0131\u015fa bil\u0259r, onu da bilmir:\n<\/p>\n<p>\n  \u201cT\u0259zyiq olur, \u0259vv\u0259lki kimi enerjim yoxdur. D\u00fcz\u00fc, h\u0259kim\u0259 gets\u0259m, b\u0259lk\u0259 d\u0259 n\u0259 q\u0259d\u0259r problemim \u00e7\u0131xar. Getm\u0259y\u0259 imkan\u0131m da yoxdur\u201d.\n<\/p>\n<p>\n  G. M\u0259h\u0259rr\u0259mova bilmir 120 manatl\u0131q maa\u015f\u0131n\u0131 yem\u0259yin\u0259, kommunala, h\u0259kim\u0259, d\u0259rmana, yoxsa evinin t\u0259mirin\u0259 x\u0259rcl\u0259sin. Deyir, he\u00e7 t\u0259mir edil\u0259si durumda da deyil:\n<\/p>\n<p>\n  \u201cT\u0259miz t\u00f6k\u00fcl\u00fcb, \u0259ld\u0259n gedir. Bir yerini d\u00fcz\u0259ldirs\u0259n, dig\u0259ri \u0259ld\u0259n \u00e7\u0131x\u0131r. Bir bax\u0131n d\u0259, \u0259lim\u0259 g\u0259l\u0259nl\u0259 d\u0259lm\u0259-de\u015fikl\u0259ri tutmu\u015fam ki, evin i\u00e7in\u0259 k\u00fcl\u0259k \u0259sm\u0259sin. Yax\u015f\u0131 dolanmaq \u00fc\u00e7\u00fcn g\u0259r\u0259k yax\u015f\u0131 i\u015fl\u0259yib, pul qazanasan. Bu, k\u0259ndl\u0259rd\u0259 m\u00fcmk\u00fcn deyil. Cavanlar\u0131n \u00e7oxu ana-atas\u0131n\u0131n pensiyas\u0131 il\u0259 dolan\u0131r. M\u0259n h\u0259l\u0259 \u0259n yax\u015f\u0131s\u0131 say\u0131l\u0131ram ki, i\u015fim var. \u0130\u015f d\u0259, n\u0259 i\u015f&#8230; Yor\u011funlu\u011fun qar\u015f\u0131l\u0131\u011f\u0131nda ald\u0131\u011f\u0131m q\u0259pik-quru\u015f. Bunun m\u00fcqabilind\u0259 he\u00e7 olmasa evinin istismar m\u00fcdd\u0259ti ba\u015fa \u00e7atm\u0131\u015f insanlara bir g\u00fcn a\u011flayalar. Onu da etmirl\u0259r. Vallah, imkan\u0131 olan bu \u015f\u0259raitd\u0259 ya\u015famaz. Gec\u0259l\u0259ri qorxa-qorxa yat\u0131ram, x\u00fcsus\u0259n d\u0259 qar ya\u011fanda, k\u00fcl\u0259k \u0259s\u0259nd\u0259 deyir\u0259m indic\u0259 ev ba\u015f\u0131ma u\u00e7acaq\u201d.\n<\/p>\n<figure class=\"wp-block-image size-large\">\n  <img decoding=\"async\" src=\"https:\/\/www.meydan.tv\/az\/image00001-jpeg-18\/\" alt=\"image00001.jpeg\" class=\"wp-image-125968\"\/><figcaption>\n    M\u0259h\u0259rr\u0259movlar\u0131n evi<br \/>\n  <\/figcaption><\/figure>\n<p>\n  \u015eikay\u0259tci deyir ki, axtar\u0131\u015fdad\u0131, ancaq ba\u015fqa i\u015f tapa bilmir. Ona g\u00f6r\u0259 d\u0259 xadim\u0259likl\u0259 kifay\u0259tl\u0259nm\u0259li olub:\n<\/p>\n<p>\n  \u201cK\u0259nd yerind\u0259 h\u0259r\u0259 \u00f6z i\u015fini \u00f6z\u00fc g\u00f6r\u00fcr. Gedib kim\u0259s\u0259 k\u00f6m\u0259k edib, pul qazanmaq da m\u00fcmk\u00fcn deyil. Odur ki, el\u0259 tapa bildiyim i\u015f xadim\u0259lik olub. Ay\u0131 birt\u0259h\u0259r ba\u015fa vururam. X\u0259st\u0259 olsam da, gedib s\u00fcp\u00fcrg\u0259\u00e7ilik edib, \u00e7\u00f6r\u0259kpulumu qazan\u0131ram. Amma evi t\u0259mir etm\u0259y\u0259, he\u00e7 bir mismar alma\u011fa da pulum yoxdur. Y\u0259ni bel\u0259 b\u00f6y\u00fck i\u015fl\u0259r\u0259 g\u00fcc\u00fcm \u00e7atm\u0131r\u201d.\n<\/p>\n<p>\n  G.M\u0259h\u0259rr\u0259mova d\u0259f\u0259l\u0259rl\u0259 problem il\u0259 ba\u011fl\u0131 aidiyyat\u0131 qurumlara m\u0259ktubla m\u00fcraci\u0259t edib. Ancaq bir n\u0259tic\u0259sinin olmad\u0131\u011f\u0131n\u0131 deyir:\n<\/p>\n<figure class=\"wp-block-image size-large\">\n  <img decoding=\"async\" src=\"https:\/\/www.meydan.tv\/az\/image00002-jpeg-22\/\" alt=\"image00002.jpeg\" class=\"wp-image-125971\"\/><figcaption>\n    ev<br \/>\n  <\/figcaption><\/figure>\n<p>\n  \u201cH\u0259tta bir d\u0259f\u0259 Mehriban xan\u0131m \u018fliyevaya da m\u0259ktub yazm\u0131\u015fd\u0131m. \u0130zah etdim ki, t\u0259nhayam, imkan\u0131m yoxdur, \u00e7\u0259tinlikl\u0259 dolan\u0131ram. Evim is\u0259 ba\u015f\u0131ma u\u00e7ur, nolar bir yard\u0131m edin. M\u0259ktubun \u00e7atmas\u0131 il\u0259 ba\u011fl\u0131 x\u0259b\u0259rnam\u0259 d\u0259 ald\u0131m. Bu g\u00fcn\u0259d\u0259k s\u0259brl\u0259 g\u00f6zl\u0259yir\u0259m, amma he\u00e7 bir x\u0259b\u0259r yoxdur. Nolard\u0131, neft \u00f6lk\u0259siyik, h\u0259qiq\u0259t\u0259n yax\u015f\u0131 i\u015f olard\u0131, i\u015fl\u0259y\u0259rdik, ya da d\u00f6vl\u0259t yard\u0131m ed\u0259rdi, neft pullar\u0131ndan biz\u0259 pay d\u00fc\u015f\u0259rdi, bizim d\u0259 kim\u0259s\u0259 m\u00fcraci\u0259t etm\u0259miz\u0259 g\u0259r\u0259k qalmazd\u0131. Amma m\u0259n adic\u0259 q\u0259zal\u0131 evimi t\u0259mir etm\u0259kd\u0259n aciz\u0259m. Yoxdur d\u0259, n\u0259 ed\u0259 bil\u0259r\u0259m?\u201d\n<\/p>\n<p>\n  G.M\u0259h\u0259rr\u0259mova deyir ki, k\u0259ndd\u0259 ad\u0259t\u0259n yeni ev alm\u0131rlar, tikirl\u0259r. Onun is\u0259 n\u0259inki yeni ev tikm\u0259y\u0259, he\u00e7 t\u0259mir\u0259 d\u0259 pulu yoxdur:\n<\/p>\n<p>\n  \u201cO q\u0259d\u0259r pulu ancaq x\u0259yal ed\u0259 bil\u0259r\u0259m. T\u0259mir \u00fc\u00e7\u00fcn az\u0131 5-6 min laz\u0131md\u0131r. Bu, m\u0259nim 5 illik \u0259m\u0259k haqq\u0131md\u0131r. H\u00f6kum\u0259td\u0259n is\u0259 bir haray yoxdur. \u0130ndi siz\u0259 bu bar\u0259d\u0259 dan\u0131\u015f\u0131ram. Qorxuram i\u015fd\u0259n d\u0259 \u00e7\u0131xaralar, lap ac\u0131ndan \u00f6l\u0259m. Amma d\u00fc\u015f\u00fcn\u00fcr\u0259m ki, \u015fansd\u0131r, b\u0259lk\u0259 d\u0259 s\u0259simi e\u015fid\u0259rl\u0259r. N\u0259 bilim, \u00fcmiddir d\u0259 edir\u0259m, dan\u0131\u015f\u0131ram. B\u0259lk\u0259 bir i\u015f\u0259 yarayar\u201d.\n<\/p>\n<figure class=\"wp-block-image size-large\">\n  <img decoding=\"async\" src=\"https:\/\/www.meydan.tv\/az\/image00008-jpeg-15\/\" alt=\"image00008.jpeg\" class=\"wp-image-125974\"\/><figcaption>\n    ev<br \/>\n  <\/figcaption><\/figure>\n<p>\n  Meydan TV m\u0259s\u0259l\u0259y\u0259 m\u00fcnasib\u0259t \u00f6yr\u0259nm\u0259k \u00fc\u00e7\u00fcn Yevlax Rayon \u0130cra Hakimiyy\u0259ti il\u0259 \u0259laq\u0259 saxlay\u0131b. Qurumdan deyibl\u0259r ki, rayonda F\u00f6vq\u0259lad\u0259 Hallar Komissiyas\u0131 var. El\u0259 icra hakimiyy\u0259tind\u0259 yerl\u0259\u015fir. Bel\u0259 v\u0259ziyy\u0259tl\u0259rl\u0259 ba\u011fl\u0131 onlara m\u00fcraci\u0259t ed\u0259 bil\u0259rl\u0259r:\n<\/p>\n<p>\n  \u201cD\u00fczd\u00fcr, \u015f\u0259xsi q\u0259zal\u0131 evl\u0259rin t\u0259miri il\u0259 ba\u011fl\u0131 bir b\u00fcdc\u0259miz yoxdur. H\u0259r halda, bax\u0131b, q\u0259zal\u0131l\u0131q d\u0259r\u0259c\u0259sini \u00f6l\u00e7\u0259 bil\u0259rik. G\u0259l\u0259c\u0259kd\u0259 d\u0259 n\u0259s\u0259 etm\u0259k m\u00fcmk\u00fcn olsa, \u0259limizd\u0259n g\u0259l\u0259ni ed\u0259rik. Xan\u0131m m\u00fcraci\u0259t etsin\u201d.\n<\/p>\n<figure class=\"wp-block-image size-large\">\n  <img decoding=\"async\" src=\"https:\/\/www.meydan.tv\/az\/image00017-jpeg-6\/\" alt=\"image00017.jpeg\" class=\"wp-image-125977\"\/><figcaption>\n    ev<br \/>\n  <\/figcaption><\/figure>\n","protected":false},"excerpt":{"rendered":"<p>G\u0259l\u0259c\u0259kd\u0259 d\u0259 n\u0259s\u0259 etm\u0259k m\u00fcmk\u00fcn olsa, \u0259limizd\u0259n g\u0259l\u0259ni ed\u0259rik.<\/p>\n","protected":false},"author":11,"featured_media":125962,"comment_status":"closed","ping_status":"open","sticky":false,"template":"","format":"standard","meta":{"_acf_changed":false,"_sitemap_exclude":false,"_sitemap_priority":"","_sitemap_frequency":"","footnotes":""},"categories":[60],"tags":[],"class_list":["post-195988","post","type-post","status-publish","format-standard","has-post-thumbnail","hentry","category-bolge","infinite-scroll-item","generate-columns","tablet-grid-50","mobile-grid-100","grid-parent","grid-33","no-featured-image-padding"],"acf":[],"yoast_head":"<!-- This site is optimized with the Yoast SEO plugin v27.4 - https:\/\/yoast.com\/product\/yoast-seo-wordpress\/ -->\n<title>&#039;&#039;Gec\u0259l\u0259r qorxa-qorxa yat\u0131ram ki, bird\u0259n ev ba\u015f\u0131ma u\u00e7ar&#039;&#039; - MEYDAN.TV<\/title>\n<meta name=\"robots\" content=\"index, follow, max-snippet:-1, max-image-preview:large, max-video-preview:-1\" \/>\n<link rel=\"canonical\" href=\"https:\/\/www.meydan.tv\/az\/article\/geceler-qorxa-qorxa-yatiram-ki-birden-ev-basima-ucar\/\" \/>\n<meta property=\"og:locale\" content=\"az_AZ\" \/>\n<meta property=\"og:type\" content=\"article\" \/>\n<meta property=\"og:title\" content=\"&#039;&#039;Gec\u0259l\u0259r qorxa-qorxa yat\u0131ram ki, bird\u0259n ev ba\u015f\u0131ma u\u00e7ar&#039;&#039; - MEYDAN.TV\" \/>\n<meta property=\"og:description\" content=\"G\u0259l\u0259c\u0259kd\u0259 d\u0259 n\u0259s\u0259 etm\u0259k m\u00fcmk\u00fcn olsa, \u0259limizd\u0259n g\u0259l\u0259ni ed\u0259rik.\" \/>\n<meta property=\"og:url\" content=\"https:\/\/www.meydan.tv\/az\/article\/geceler-qorxa-qorxa-yatiram-ki-birden-ev-basima-ucar\/\" \/>\n<meta property=\"og:site_name\" content=\"MEYDAN.TV\" \/>\n<meta property=\"article:published_time\" content=\"2019-06-26T09:48:10+00:00\" \/>\n<meta property=\"og:image\" content=\"https:\/\/www.meydan.tv\/wp-content\/uploads\/image00015_rlxman6.jpeg\" \/>\n\t<meta property=\"og:image:width\" content=\"1365\" \/>\n\t<meta property=\"og:image:height\" content=\"1024\" \/>\n\t<meta property=\"og:image:type\" content=\"image\/jpeg\" \/>\n<meta name=\"author\" content=\"user-manager\" \/>\n<meta name=\"twitter:card\" content=\"summary_large_image\" \/>\n<script type=\"application\/ld+json\" class=\"yoast-schema-graph\">{\"@context\":\"https:\\\/\\\/schema.org\",\"@graph\":[{\"@type\":\"Article\",\"@id\":\"https:\\\/\\\/www.meydan.tv\\\/az\\\/article\\\/geceler-qorxa-qorxa-yatiram-ki-birden-ev-basima-ucar\\\/#article\",\"isPartOf\":{\"@id\":\"https:\\\/\\\/www.meydan.tv\\\/az\\\/article\\\/geceler-qorxa-qorxa-yatiram-ki-birden-ev-basima-ucar\\\/\"},\"author\":{\"name\":\"user-manager\",\"@id\":\"https:\\\/\\\/www.meydan.tv\\\/az\\\/#\\\/schema\\\/person\\\/10d11eccf6da3662cf5fdab9806ea91a\"},\"headline\":\"&#8221;Gec\u0259l\u0259r qorxa-qorxa yat\u0131ram ki, bird\u0259n ev ba\u015f\u0131ma u\u00e7ar&#8221;\",\"datePublished\":\"2019-06-26T09:48:10+00:00\",\"mainEntityOfPage\":{\"@id\":\"https:\\\/\\\/www.meydan.tv\\\/az\\\/article\\\/geceler-qorxa-qorxa-yatiram-ki-birden-ev-basima-ucar\\\/\"},\"wordCount\":977,\"publisher\":{\"@id\":\"https:\\\/\\\/www.meydan.tv\\\/az\\\/#organization\"},\"image\":{\"@id\":\"https:\\\/\\\/www.meydan.tv\\\/az\\\/article\\\/geceler-qorxa-qorxa-yatiram-ki-birden-ev-basima-ucar\\\/#primaryimage\"},\"thumbnailUrl\":\"https:\\\/\\\/www.meydan.tv\\\/wp-content\\\/uploads\\\/image00015_rlxman6.jpeg\",\"articleSection\":[\"B\u00f6lg\u0259\"],\"inLanguage\":\"az\"},{\"@type\":\"WebPage\",\"@id\":\"https:\\\/\\\/www.meydan.tv\\\/az\\\/article\\\/geceler-qorxa-qorxa-yatiram-ki-birden-ev-basima-ucar\\\/\",\"url\":\"https:\\\/\\\/www.meydan.tv\\\/az\\\/article\\\/geceler-qorxa-qorxa-yatiram-ki-birden-ev-basima-ucar\\\/\",\"name\":\"''Gec\u0259l\u0259r qorxa-qorxa yat\u0131ram ki, bird\u0259n ev ba\u015f\u0131ma u\u00e7ar'' - MEYDAN.TV\",\"isPartOf\":{\"@id\":\"https:\\\/\\\/www.meydan.tv\\\/az\\\/#website\"},\"primaryImageOfPage\":{\"@id\":\"https:\\\/\\\/www.meydan.tv\\\/az\\\/article\\\/geceler-qorxa-qorxa-yatiram-ki-birden-ev-basima-ucar\\\/#primaryimage\"},\"image\":{\"@id\":\"https:\\\/\\\/www.meydan.tv\\\/az\\\/article\\\/geceler-qorxa-qorxa-yatiram-ki-birden-ev-basima-ucar\\\/#primaryimage\"},\"thumbnailUrl\":\"https:\\\/\\\/www.meydan.tv\\\/wp-content\\\/uploads\\\/image00015_rlxman6.jpeg\",\"datePublished\":\"2019-06-26T09:48:10+00:00\",\"breadcrumb\":{\"@id\":\"https:\\\/\\\/www.meydan.tv\\\/az\\\/article\\\/geceler-qorxa-qorxa-yatiram-ki-birden-ev-basima-ucar\\\/#breadcrumb\"},\"inLanguage\":\"az\",\"potentialAction\":[{\"@type\":\"ReadAction\",\"target\":[\"https:\\\/\\\/www.meydan.tv\\\/az\\\/article\\\/geceler-qorxa-qorxa-yatiram-ki-birden-ev-basima-ucar\\\/\"]}]},{\"@type\":\"ImageObject\",\"inLanguage\":\"az\",\"@id\":\"https:\\\/\\\/www.meydan.tv\\\/az\\\/article\\\/geceler-qorxa-qorxa-yatiram-ki-birden-ev-basima-ucar\\\/#primaryimage\",\"url\":\"https:\\\/\\\/www.meydan.tv\\\/wp-content\\\/uploads\\\/image00015_rlxman6.jpeg\",\"contentUrl\":\"https:\\\/\\\/www.meydan.tv\\\/wp-content\\\/uploads\\\/image00015_rlxman6.jpeg\",\"width\":1365,\"height\":1024,\"caption\":\"Source: meydan.tv\"},{\"@type\":\"BreadcrumbList\",\"@id\":\"https:\\\/\\\/www.meydan.tv\\\/az\\\/article\\\/geceler-qorxa-qorxa-yatiram-ki-birden-ev-basima-ucar\\\/#breadcrumb\",\"itemListElement\":[{\"@type\":\"ListItem\",\"position\":1,\"name\":\"Ana s\u0259hif\u0259\",\"item\":\"https:\\\/\\\/www.meydan.tv\\\/az\\\/\"},{\"@type\":\"ListItem\",\"position\":2,\"name\":\"B\u00f6lg\u0259\",\"item\":\"https:\\\/\\\/www.meydan.tv\\\/az\\\/section\\\/bolge\\\/\"},{\"@type\":\"ListItem\",\"position\":3,\"name\":\"&#8221;Gec\u0259l\u0259r qorxa-qorxa yat\u0131ram ki, bird\u0259n ev ba\u015f\u0131ma u\u00e7ar&#8221;\"}]},{\"@type\":\"WebSite\",\"@id\":\"https:\\\/\\\/www.meydan.tv\\\/az\\\/#website\",\"url\":\"https:\\\/\\\/www.meydan.tv\\\/az\\\/\",\"name\":\"MEYDAN.TV\",\"description\":\"Meydan TV Az\u0259rbaycan\u0131n media m\u0259kan\u0131ndak\u0131 alternativ s\u0259sidir\",\"publisher\":{\"@id\":\"https:\\\/\\\/www.meydan.tv\\\/az\\\/#organization\"},\"potentialAction\":[{\"@type\":\"SearchAction\",\"target\":{\"@type\":\"EntryPoint\",\"urlTemplate\":\"https:\\\/\\\/www.meydan.tv\\\/az\\\/?s={search_term_string}\"},\"query-input\":{\"@type\":\"PropertyValueSpecification\",\"valueRequired\":true,\"valueName\":\"search_term_string\"}}],\"inLanguage\":\"az\"},{\"@type\":\"Organization\",\"@id\":\"https:\\\/\\\/www.meydan.tv\\\/az\\\/#organization\",\"name\":\"Meydan TV\",\"url\":\"https:\\\/\\\/www.meydan.tv\\\/az\\\/\",\"logo\":{\"@type\":\"ImageObject\",\"inLanguage\":\"az\",\"@id\":\"https:\\\/\\\/www.meydan.tv\\\/az\\\/#\\\/schema\\\/logo\\\/image\\\/\",\"url\":\"https:\\\/\\\/www.meydan.tv\\\/wp-content\\\/uploads\\\/2021\\\/07\\\/meydan-logo.svg\",\"contentUrl\":\"https:\\\/\\\/www.meydan.tv\\\/wp-content\\\/uploads\\\/2021\\\/07\\\/meydan-logo.svg\",\"width\":195,\"height\":46,\"caption\":\"Meydan TV\"},\"image\":{\"@id\":\"https:\\\/\\\/www.meydan.tv\\\/az\\\/#\\\/schema\\\/logo\\\/image\\\/\"}},{\"@type\":\"Person\",\"@id\":\"https:\\\/\\\/www.meydan.tv\\\/az\\\/#\\\/schema\\\/person\\\/10d11eccf6da3662cf5fdab9806ea91a\",\"name\":\"user-manager\"}]}<\/script>\n<!-- \/ Yoast SEO plugin. -->","yoast_head_json":{"title":"''Gec\u0259l\u0259r qorxa-qorxa yat\u0131ram ki, bird\u0259n ev ba\u015f\u0131ma u\u00e7ar'' - MEYDAN.TV","robots":{"index":"index","follow":"follow","max-snippet":"max-snippet:-1","max-image-preview":"max-image-preview:large","max-video-preview":"max-video-preview:-1"},"canonical":"https:\/\/www.meydan.tv\/az\/article\/geceler-qorxa-qorxa-yatiram-ki-birden-ev-basima-ucar\/","og_locale":"az_AZ","og_type":"article","og_title":"''Gec\u0259l\u0259r qorxa-qorxa yat\u0131ram ki, bird\u0259n ev ba\u015f\u0131ma u\u00e7ar'' - MEYDAN.TV","og_description":"G\u0259l\u0259c\u0259kd\u0259 d\u0259 n\u0259s\u0259 etm\u0259k m\u00fcmk\u00fcn olsa, \u0259limizd\u0259n g\u0259l\u0259ni ed\u0259rik.","og_url":"https:\/\/www.meydan.tv\/az\/article\/geceler-qorxa-qorxa-yatiram-ki-birden-ev-basima-ucar\/","og_site_name":"MEYDAN.TV","article_published_time":"2019-06-26T09:48:10+00:00","og_image":[{"width":1365,"height":1024,"url":"https:\/\/www.meydan.tv\/wp-content\/uploads\/image00015_rlxman6.jpeg","type":"image\/jpeg"}],"author":"user-manager","twitter_card":"summary_large_image","schema":{"@context":"https:\/\/schema.org","@graph":[{"@type":"Article","@id":"https:\/\/www.meydan.tv\/az\/article\/geceler-qorxa-qorxa-yatiram-ki-birden-ev-basima-ucar\/#article","isPartOf":{"@id":"https:\/\/www.meydan.tv\/az\/article\/geceler-qorxa-qorxa-yatiram-ki-birden-ev-basima-ucar\/"},"author":{"name":"user-manager","@id":"https:\/\/www.meydan.tv\/az\/#\/schema\/person\/10d11eccf6da3662cf5fdab9806ea91a"},"headline":"&#8221;Gec\u0259l\u0259r qorxa-qorxa yat\u0131ram ki, bird\u0259n ev ba\u015f\u0131ma u\u00e7ar&#8221;","datePublished":"2019-06-26T09:48:10+00:00","mainEntityOfPage":{"@id":"https:\/\/www.meydan.tv\/az\/article\/geceler-qorxa-qorxa-yatiram-ki-birden-ev-basima-ucar\/"},"wordCount":977,"publisher":{"@id":"https:\/\/www.meydan.tv\/az\/#organization"},"image":{"@id":"https:\/\/www.meydan.tv\/az\/article\/geceler-qorxa-qorxa-yatiram-ki-birden-ev-basima-ucar\/#primaryimage"},"thumbnailUrl":"https:\/\/www.meydan.tv\/wp-content\/uploads\/image00015_rlxman6.jpeg","articleSection":["B\u00f6lg\u0259"],"inLanguage":"az"},{"@type":"WebPage","@id":"https:\/\/www.meydan.tv\/az\/article\/geceler-qorxa-qorxa-yatiram-ki-birden-ev-basima-ucar\/","url":"https:\/\/www.meydan.tv\/az\/article\/geceler-qorxa-qorxa-yatiram-ki-birden-ev-basima-ucar\/","name":"''Gec\u0259l\u0259r qorxa-qorxa yat\u0131ram ki, bird\u0259n ev ba\u015f\u0131ma u\u00e7ar'' - MEYDAN.TV","isPartOf":{"@id":"https:\/\/www.meydan.tv\/az\/#website"},"primaryImageOfPage":{"@id":"https:\/\/www.meydan.tv\/az\/article\/geceler-qorxa-qorxa-yatiram-ki-birden-ev-basima-ucar\/#primaryimage"},"image":{"@id":"https:\/\/www.meydan.tv\/az\/article\/geceler-qorxa-qorxa-yatiram-ki-birden-ev-basima-ucar\/#primaryimage"},"thumbnailUrl":"https:\/\/www.meydan.tv\/wp-content\/uploads\/image00015_rlxman6.jpeg","datePublished":"2019-06-26T09:48:10+00:00","breadcrumb":{"@id":"https:\/\/www.meydan.tv\/az\/article\/geceler-qorxa-qorxa-yatiram-ki-birden-ev-basima-ucar\/#breadcrumb"},"inLanguage":"az","potentialAction":[{"@type":"ReadAction","target":["https:\/\/www.meydan.tv\/az\/article\/geceler-qorxa-qorxa-yatiram-ki-birden-ev-basima-ucar\/"]}]},{"@type":"ImageObject","inLanguage":"az","@id":"https:\/\/www.meydan.tv\/az\/article\/geceler-qorxa-qorxa-yatiram-ki-birden-ev-basima-ucar\/#primaryimage","url":"https:\/\/www.meydan.tv\/wp-content\/uploads\/image00015_rlxman6.jpeg","contentUrl":"https:\/\/www.meydan.tv\/wp-content\/uploads\/image00015_rlxman6.jpeg","width":1365,"height":1024,"caption":"Source: meydan.tv"},{"@type":"BreadcrumbList","@id":"https:\/\/www.meydan.tv\/az\/article\/geceler-qorxa-qorxa-yatiram-ki-birden-ev-basima-ucar\/#breadcrumb","itemListElement":[{"@type":"ListItem","position":1,"name":"Ana s\u0259hif\u0259","item":"https:\/\/www.meydan.tv\/az\/"},{"@type":"ListItem","position":2,"name":"B\u00f6lg\u0259","item":"https:\/\/www.meydan.tv\/az\/section\/bolge\/"},{"@type":"ListItem","position":3,"name":"&#8221;Gec\u0259l\u0259r qorxa-qorxa yat\u0131ram ki, bird\u0259n ev ba\u015f\u0131ma u\u00e7ar&#8221;"}]},{"@type":"WebSite","@id":"https:\/\/www.meydan.tv\/az\/#website","url":"https:\/\/www.meydan.tv\/az\/","name":"MEYDAN.TV","description":"Meydan TV Az\u0259rbaycan\u0131n media m\u0259kan\u0131ndak\u0131 alternativ s\u0259sidir","publisher":{"@id":"https:\/\/www.meydan.tv\/az\/#organization"},"potentialAction":[{"@type":"SearchAction","target":{"@type":"EntryPoint","urlTemplate":"https:\/\/www.meydan.tv\/az\/?s={search_term_string}"},"query-input":{"@type":"PropertyValueSpecification","valueRequired":true,"valueName":"search_term_string"}}],"inLanguage":"az"},{"@type":"Organization","@id":"https:\/\/www.meydan.tv\/az\/#organization","name":"Meydan TV","url":"https:\/\/www.meydan.tv\/az\/","logo":{"@type":"ImageObject","inLanguage":"az","@id":"https:\/\/www.meydan.tv\/az\/#\/schema\/logo\/image\/","url":"https:\/\/www.meydan.tv\/wp-content\/uploads\/2021\/07\/meydan-logo.svg","contentUrl":"https:\/\/www.meydan.tv\/wp-content\/uploads\/2021\/07\/meydan-logo.svg","width":195,"height":46,"caption":"Meydan TV"},"image":{"@id":"https:\/\/www.meydan.tv\/az\/#\/schema\/logo\/image\/"}},{"@type":"Person","@id":"https:\/\/www.meydan.tv\/az\/#\/schema\/person\/10d11eccf6da3662cf5fdab9806ea91a","name":"user-manager"}]}},"_links":{"self":[{"href":"https:\/\/www.meydan.tv\/az\/wp-json\/wp\/v2\/posts\/195988","targetHints":{"allow":["GET"]}}],"collection":[{"href":"https:\/\/www.meydan.tv\/az\/wp-json\/wp\/v2\/posts"}],"about":[{"href":"https:\/\/www.meydan.tv\/az\/wp-json\/wp\/v2\/types\/post"}],"author":[{"embeddable":true,"href":"https:\/\/www.meydan.tv\/az\/wp-json\/wp\/v2\/users\/11"}],"replies":[{"embeddable":true,"href":"https:\/\/www.meydan.tv\/az\/wp-json\/wp\/v2\/comments?post=195988"}],"version-history":[{"count":0,"href":"https:\/\/www.meydan.tv\/az\/wp-json\/wp\/v2\/posts\/195988\/revisions"}],"wp:featuredmedia":[{"embeddable":true,"href":"https:\/\/www.meydan.tv\/az\/wp-json\/wp\/v2\/media\/125962"}],"wp:attachment":[{"href":"https:\/\/www.meydan.tv\/az\/wp-json\/wp\/v2\/media?parent=195988"}],"wp:term":[{"taxonomy":"category","embeddable":true,"href":"https:\/\/www.meydan.tv\/az\/wp-json\/wp\/v2\/categories?post=195988"},{"taxonomy":"post_tag","embeddable":true,"href":"https:\/\/www.meydan.tv\/az\/wp-json\/wp\/v2\/tags?post=195988"}],"curies":[{"name":"wp","href":"https:\/\/api.w.org\/{rel}","templated":true}]}}