{"id":195985,"date":"2019-06-25T21:31:07","date_gmt":"2019-06-25T21:31:07","guid":{"rendered":"https:\/\/www.meydan.tv\/article\/su-memurlarin-teserrufatina-axidilir-pambiq-sahelerimiz-yanir\/"},"modified":"2019-06-25T21:31:07","modified_gmt":"2019-06-25T21:31:07","slug":"su-memurlarin-teserrufatina-axidilir-pambiq-sahelerimiz-yanir","status":"publish","type":"post","link":"https:\/\/www.meydan.tv\/az\/article\/su-memurlarin-teserrufatina-axidilir-pambiq-sahelerimiz-yanir\/","title":{"rendered":"\u201cSu m\u0259murlar\u0131n t\u0259s\u0259rr\u00fcfat\u0131na ax\u0131d\u0131l\u0131r, pamb\u0131q sah\u0259l\u0259rimiz yan\u0131r\u201d"},"content":{"rendered":"<p>\n  Bil\u0259suvar\u0131n N\u0259simi k\u0259ndinin sakinl\u0259ri susuzluq \u00fcz\u00fcnd\u0259n \u0259kinl\u0259 m\u0259\u015f\u011ful ola bilmir\n<\/p>\n<p>\n  \u201cM\u0259murlar \u00f6zl\u0259rin\u0259 k\u0259ndimizin arxa t\u0259r\u0259find\u0259 iri \u0259kin t\u0259s\u0259rr\u00fcfatlar\u0131 yarad\u0131blar. 500 hektarda pamb\u0131q, 600 hektarda \u00e7\u0259ltik, qalan sah\u0259d\u0259 qar\u011f\u0131dal\u0131 \u0259kilib. K\u0259ndin b\u00fct\u00fcn su ehtiyat\u0131 h\u0259min sah\u0259l\u0259r\u0259 y\u00f6nl\u0259ndirilib. Sad\u0259 k\u0259ndlil\u0259r susuzluqdan \u0259kin\u00e7ilikl\u0259 m\u0259\u015f\u011ful ola bilmirl\u0259r\u201d.\n<\/p>\n<p>\n  Bunu Meydan TV-y\u0259 Bil\u0259suvar\u0131n N\u0259simik\u0259nd sakinl\u0259ri deyir.  Onlar\u0131n s\u00f6zl\u0259rin\u0259 g\u00f6r\u0259, rayonun icra hakimiyy\u0259tinin ba\u015f\u00e7\u0131s\u0131 v\u0259 onun i\u015f\u00e7il\u0259ri k\u0259ndin yax\u0131nl\u0131\u011f\u0131nda iri \u0259kin t\u0259s\u0259rr\u00fcfatlar\u0131 yarad\u0131b. \u018fkin-bi\u00e7in vaxt\u0131 b\u00fct\u00fcn su v\u0259 texniki resurslar h\u0259min \u0259raziy\u0259 y\u00f6nl\u0259ndirilir. N\u0259tic\u0259d\u0259 sad\u0259 k\u0259ndlil\u0259r \u0259kin sah\u0259l\u0259rini suvara bilmirl\u0259r.\n<\/p>\n<h3>\n  \u201cDeyirl\u0259r, Araz quruyub\u201d<br \/>\n<\/h3>\n<p>\n  K\u0259nd sakinl\u0259ri dan\u0131\u015f\u0131r:\n<\/p>\n<p>\n  \u201cK\u0259ndl\u0259rd\u0259 he\u00e7 i\u00e7m\u0259y\u0259 d\u0259 bir ovuc su tap\u0131lm\u0131r. \u201cBetonkanal\u201d deyil\u0259n \u0259razi var, bir qram su g\u0259lmir ora&#8230; \u00c7\u00fcnki su kanallar\u0131n\u0131 ba\u011flay\u0131blar. Heyvanlar susuzluqdan q\u0131r\u0131l\u0131r. \u201c\u018fzizb\u0259yov\u201d su kanal\u0131 var, rayonda \u0259n b\u00f6y\u00fck kanald\u0131r, onun da suyu \u00f6zl\u0259rinin \u0259kin yerl\u0259rin\u0259 y\u00f6nl\u0259ndirilib. \u018fhalini aldad\u0131rlar ki, guya Araz \u00e7ay\u0131nda su quruyub. Halbuki, Araz\u0131n suyu a\u015f\u0131b-da\u015f\u0131r v\u0259 hara axd\u0131\u011f\u0131n\u0131 da ham\u0131 g\u00f6r\u00fcr\u201d.\n<\/p>\n<p>\n  K\u0259ndlil\u0259rin s\u00f6zl\u0259rin\u0259 g\u00f6r\u0259, onlara v\u0259d olunub ki, Xudaf\u0259rin su anbar\u0131ndan ehtiyat su al\u0131n\u0131b, 3 g\u00fcn \u0259rzind\u0259 \u0259hali i\u00e7m\u0259li su il\u0259 t\u0259min olacaq. Ancaq xeyli vaxt \u00f6ts\u0259 d\u0259, su yoxdur. K\u0259ndlil\u0259r:\n<\/p>\n<p>\n  \u201c\u0130cra hakimiyy\u0259tinin b\u00fct\u00fcn i\u00e7\u015f\u00e7il\u0259ri pamb\u0131q \u0259kib. Bizim k\u0259ndin sakinl\u0259ri d\u0259 pamb\u0131q, tax\u0131l \u0259kibl\u0259r. El\u0259 adam var ki, 50 min manat kredit g\u00f6t\u00fcr\u00fcb&#8230; H\u0259v\u0259sl\u0259ndirdil\u0259r, bo\u015f v\u0259dl\u0259r verdil\u0259r, biz d\u0259 inan\u0131b arpa sah\u0259l\u0259rimizi \u015fumlay\u0131b, yerind\u0259 pamb\u0131q \u0259kdik. \u0130ndi su vermirl\u0259r ki, i\u015fimizi bil\u0259k. Ham\u0131 borcun i\u00e7ind\u0259 bat\u0131r. Bu adamlar bu pullar\u0131 nec\u0259 qaytaracaqlar?\u201d\n<\/p>\n<figure class=\"wp-block-image size-large\">\n  <img decoding=\"async\" src=\"https:\/\/www.meydan.tv\/az\/image-from-ios-jpg-7\/\" alt=\"Image from iOS.jpg\" class=\"wp-image-125950\"\/><figcaption>\n    Bil\u0259suvar\u0131n N\u0259simi k\u0259ndi<br \/>\n  <\/figcaption><\/figure>\n<h3>\n  Pamb\u0131q \u0259kib pe\u015fman olublar<br \/>\n<\/h3>\n<p>\n  K\u0259ndlil\u0259rin pamb\u0131q \u0259kini pe\u015fman\u00e7\u0131l\u0131qlar\u0131 da gec qal\u0131b. Pamb\u0131q \u0259kinind\u0259n sonra torpaq m\u00fcnbitliyini itirdiyind\u0259n k\u0259ndlil\u0259r n\u00f6vb\u0259ti ill\u0259rd\u0259 h\u0259min \u0259razil\u0259rd\u0259n ba\u015fqa \u0259kin m\u0259qs\u0259dl\u0259ri \u00fc\u00e7\u00fcn istifad\u0259 ed\u0259 bilm\u0259y\u0259c\u0259kl\u0259r. Pamb\u0131q \u0259kinin\u0259 q\u0259d\u0259r heyvandarl\u0131qla m\u0259\u015f\u011ful olanlar\u0131n da i\u015fi q\u0259lizl\u0259\u015fib. \u00c7\u00fcnki onlar da bir m\u00fcdd\u0259t \u0259vv\u0259l heyvanlar\u0131n\u0131 sat\u0131b \u0259ld\u0259 etdikl\u0259ri pullar\u0131 pamb\u0131q i\u015fin\u0259 y\u00f6nl\u0259ndiribl\u0259r.\n<\/p>\n<p>\n  Bil\u0259suvar Rayon \u0130cra Hakimiyy\u0259ti deyil\u0259nl\u0259ri t\u0259kzib edib. Qurumdan bildirilib ki, n\u0259 ba\u015f\u00e7\u0131n\u0131n, n\u0259 d\u0259 qurumun ba\u015fqa i\u015f\u00e7il\u0259rinin rayonda \u0259kin t\u0259s\u0259rr\u00fcfat\u0131 var.\n<\/p>\n<p>\n  Bil\u0259suvar Rayon Suvarma Sisteml\u0259ri \u0130dar\u0259sind\u0259n is\u0259 bildirilib ki, rayonda \u0259kin sah\u0259l\u0259ri n\u00f6vb\u0259li qaydada suvar\u0131l\u0131r. Havalar\u0131n quraq ke\u00e7m\u0259si Araz \u00e7ay\u0131nda suyun s\u0259viyy\u0259sini a\u015fa\u011f\u0131 sal\u0131b. Bu da sah\u0259l\u0259rin suvar\u0131lmas\u0131na m\u0259nfi t\u0259sir g\u00f6st\u0259rir. Rayon r\u0259hb\u0259rliyi \u0259kin sah\u0259l\u0259rinin vaxt\u0131nda suvar\u0131lmas\u0131 \u00fc\u00e7\u00fcn idar\u0259 alternativ variantlar d\u00fc\u015f\u00fcn\u00fcr.\n<\/p>\n<p>\n  Bel\u0259c\u0259, su olmasa, h\u0259m N\u0259simi, h\u0259m d\u0259 dig\u0259r k\u0259ndl\u0259rd\u0259 a\u011f q\u0131z\u0131l tarlalar\u0131 tamamil\u0259 m\u0259hv ola bil\u0259r.\n<\/p>\n<p>\n  N\u0259simi k\u0259ndinin 4200 \u0259halisi var. K\u0259ndlil\u0259rin \u0259sas m\u0259\u015f\u011fuliyy\u0259tl\u0259ri heyvandarl\u0131q v\u0259 \u0259kin\u00e7ilikdir.<\/p>\n","protected":false},"excerpt":{"rendered":"<p>Bil\u0259suvar\u0131n N\u0259simi k\u0259ndinin sakinl\u0259ri susuzluq \u00fcz\u00fcnd\u0259n \u0259kinl\u0259 m\u0259\u015f\u011ful ola bilmir<\/p>\n","protected":false},"author":11,"featured_media":125953,"comment_status":"closed","ping_status":"open","sticky":false,"template":"","format":"standard","meta":{"_acf_changed":false,"_sitemap_exclude":false,"_sitemap_priority":"","_sitemap_frequency":"","footnotes":""},"categories":[60],"tags":[],"class_list":["post-195985","post","type-post","status-publish","format-standard","has-post-thumbnail","hentry","category-bolge","infinite-scroll-item","generate-columns","tablet-grid-50","mobile-grid-100","grid-parent","grid-33","no-featured-image-padding"],"acf":[],"yoast_head":"<!-- This site is optimized with the Yoast SEO plugin v27.4 - https:\/\/yoast.com\/product\/yoast-seo-wordpress\/ -->\n<title>\u201cSu m\u0259murlar\u0131n t\u0259s\u0259rr\u00fcfat\u0131na ax\u0131d\u0131l\u0131r, pamb\u0131q sah\u0259l\u0259rimiz yan\u0131r\u201d - MEYDAN.TV<\/title>\n<meta name=\"robots\" content=\"index, follow, max-snippet:-1, max-image-preview:large, max-video-preview:-1\" \/>\n<link rel=\"canonical\" href=\"https:\/\/www.meydan.tv\/az\/article\/su-memurlarin-teserrufatina-axidilir-pambiq-sahelerimiz-yanir\/\" \/>\n<meta property=\"og:locale\" content=\"az_AZ\" \/>\n<meta property=\"og:type\" content=\"article\" \/>\n<meta property=\"og:title\" content=\"\u201cSu m\u0259murlar\u0131n t\u0259s\u0259rr\u00fcfat\u0131na ax\u0131d\u0131l\u0131r, pamb\u0131q sah\u0259l\u0259rimiz yan\u0131r\u201d - MEYDAN.TV\" \/>\n<meta property=\"og:description\" content=\"Bil\u0259suvar\u0131n N\u0259simi k\u0259ndinin sakinl\u0259ri susuzluq \u00fcz\u00fcnd\u0259n \u0259kinl\u0259 m\u0259\u015f\u011ful ola bilmir\" \/>\n<meta property=\"og:url\" content=\"https:\/\/www.meydan.tv\/az\/article\/su-memurlarin-teserrufatina-axidilir-pambiq-sahelerimiz-yanir\/\" \/>\n<meta property=\"og:site_name\" content=\"MEYDAN.TV\" \/>\n<meta property=\"article:published_time\" content=\"2019-06-25T21:31:07+00:00\" \/>\n<meta property=\"og:image\" content=\"https:\/\/www.meydan.tv\/wp-content\/uploads\/image_from_ios_1_knag44a.jpg\" \/>\n\t<meta property=\"og:image:width\" content=\"1032\" \/>\n\t<meta property=\"og:image:height\" content=\"774\" \/>\n\t<meta property=\"og:image:type\" content=\"image\/jpeg\" \/>\n<meta name=\"author\" content=\"user-manager\" \/>\n<meta name=\"twitter:card\" content=\"summary_large_image\" \/>\n<script type=\"application\/ld+json\" class=\"yoast-schema-graph\">{\"@context\":\"https:\\\/\\\/schema.org\",\"@graph\":[{\"@type\":\"Article\",\"@id\":\"https:\\\/\\\/www.meydan.tv\\\/az\\\/article\\\/su-memurlarin-teserrufatina-axidilir-pambiq-sahelerimiz-yanir\\\/#article\",\"isPartOf\":{\"@id\":\"https:\\\/\\\/www.meydan.tv\\\/az\\\/article\\\/su-memurlarin-teserrufatina-axidilir-pambiq-sahelerimiz-yanir\\\/\"},\"author\":{\"name\":\"user-manager\",\"@id\":\"https:\\\/\\\/www.meydan.tv\\\/az\\\/#\\\/schema\\\/person\\\/10d11eccf6da3662cf5fdab9806ea91a\"},\"headline\":\"\u201cSu m\u0259murlar\u0131n t\u0259s\u0259rr\u00fcfat\u0131na ax\u0131d\u0131l\u0131r, pamb\u0131q sah\u0259l\u0259rimiz yan\u0131r\u201d\",\"datePublished\":\"2019-06-25T21:31:07+00:00\",\"mainEntityOfPage\":{\"@id\":\"https:\\\/\\\/www.meydan.tv\\\/az\\\/article\\\/su-memurlarin-teserrufatina-axidilir-pambiq-sahelerimiz-yanir\\\/\"},\"wordCount\":653,\"publisher\":{\"@id\":\"https:\\\/\\\/www.meydan.tv\\\/az\\\/#organization\"},\"image\":{\"@id\":\"https:\\\/\\\/www.meydan.tv\\\/az\\\/article\\\/su-memurlarin-teserrufatina-axidilir-pambiq-sahelerimiz-yanir\\\/#primaryimage\"},\"thumbnailUrl\":\"https:\\\/\\\/www.meydan.tv\\\/wp-content\\\/uploads\\\/image_from_ios_1_knag44a.jpg\",\"articleSection\":[\"B\u00f6lg\u0259\"],\"inLanguage\":\"az\"},{\"@type\":\"WebPage\",\"@id\":\"https:\\\/\\\/www.meydan.tv\\\/az\\\/article\\\/su-memurlarin-teserrufatina-axidilir-pambiq-sahelerimiz-yanir\\\/\",\"url\":\"https:\\\/\\\/www.meydan.tv\\\/az\\\/article\\\/su-memurlarin-teserrufatina-axidilir-pambiq-sahelerimiz-yanir\\\/\",\"name\":\"\u201cSu m\u0259murlar\u0131n t\u0259s\u0259rr\u00fcfat\u0131na ax\u0131d\u0131l\u0131r, pamb\u0131q sah\u0259l\u0259rimiz yan\u0131r\u201d - MEYDAN.TV\",\"isPartOf\":{\"@id\":\"https:\\\/\\\/www.meydan.tv\\\/az\\\/#website\"},\"primaryImageOfPage\":{\"@id\":\"https:\\\/\\\/www.meydan.tv\\\/az\\\/article\\\/su-memurlarin-teserrufatina-axidilir-pambiq-sahelerimiz-yanir\\\/#primaryimage\"},\"image\":{\"@id\":\"https:\\\/\\\/www.meydan.tv\\\/az\\\/article\\\/su-memurlarin-teserrufatina-axidilir-pambiq-sahelerimiz-yanir\\\/#primaryimage\"},\"thumbnailUrl\":\"https:\\\/\\\/www.meydan.tv\\\/wp-content\\\/uploads\\\/image_from_ios_1_knag44a.jpg\",\"datePublished\":\"2019-06-25T21:31:07+00:00\",\"breadcrumb\":{\"@id\":\"https:\\\/\\\/www.meydan.tv\\\/az\\\/article\\\/su-memurlarin-teserrufatina-axidilir-pambiq-sahelerimiz-yanir\\\/#breadcrumb\"},\"inLanguage\":\"az\",\"potentialAction\":[{\"@type\":\"ReadAction\",\"target\":[\"https:\\\/\\\/www.meydan.tv\\\/az\\\/article\\\/su-memurlarin-teserrufatina-axidilir-pambiq-sahelerimiz-yanir\\\/\"]}]},{\"@type\":\"ImageObject\",\"inLanguage\":\"az\",\"@id\":\"https:\\\/\\\/www.meydan.tv\\\/az\\\/article\\\/su-memurlarin-teserrufatina-axidilir-pambiq-sahelerimiz-yanir\\\/#primaryimage\",\"url\":\"https:\\\/\\\/www.meydan.tv\\\/wp-content\\\/uploads\\\/image_from_ios_1_knag44a.jpg\",\"contentUrl\":\"https:\\\/\\\/www.meydan.tv\\\/wp-content\\\/uploads\\\/image_from_ios_1_knag44a.jpg\",\"width\":1032,\"height\":774,\"caption\":\"Source: Meydan TV\"},{\"@type\":\"BreadcrumbList\",\"@id\":\"https:\\\/\\\/www.meydan.tv\\\/az\\\/article\\\/su-memurlarin-teserrufatina-axidilir-pambiq-sahelerimiz-yanir\\\/#breadcrumb\",\"itemListElement\":[{\"@type\":\"ListItem\",\"position\":1,\"name\":\"Ana s\u0259hif\u0259\",\"item\":\"https:\\\/\\\/www.meydan.tv\\\/az\\\/\"},{\"@type\":\"ListItem\",\"position\":2,\"name\":\"B\u00f6lg\u0259\",\"item\":\"https:\\\/\\\/www.meydan.tv\\\/az\\\/section\\\/bolge\\\/\"},{\"@type\":\"ListItem\",\"position\":3,\"name\":\"\u201cSu m\u0259murlar\u0131n t\u0259s\u0259rr\u00fcfat\u0131na ax\u0131d\u0131l\u0131r, pamb\u0131q sah\u0259l\u0259rimiz yan\u0131r\u201d\"}]},{\"@type\":\"WebSite\",\"@id\":\"https:\\\/\\\/www.meydan.tv\\\/az\\\/#website\",\"url\":\"https:\\\/\\\/www.meydan.tv\\\/az\\\/\",\"name\":\"MEYDAN.TV\",\"description\":\"Meydan TV Az\u0259rbaycan\u0131n media m\u0259kan\u0131ndak\u0131 alternativ s\u0259sidir\",\"publisher\":{\"@id\":\"https:\\\/\\\/www.meydan.tv\\\/az\\\/#organization\"},\"potentialAction\":[{\"@type\":\"SearchAction\",\"target\":{\"@type\":\"EntryPoint\",\"urlTemplate\":\"https:\\\/\\\/www.meydan.tv\\\/az\\\/?s={search_term_string}\"},\"query-input\":{\"@type\":\"PropertyValueSpecification\",\"valueRequired\":true,\"valueName\":\"search_term_string\"}}],\"inLanguage\":\"az\"},{\"@type\":\"Organization\",\"@id\":\"https:\\\/\\\/www.meydan.tv\\\/az\\\/#organization\",\"name\":\"Meydan TV\",\"url\":\"https:\\\/\\\/www.meydan.tv\\\/az\\\/\",\"logo\":{\"@type\":\"ImageObject\",\"inLanguage\":\"az\",\"@id\":\"https:\\\/\\\/www.meydan.tv\\\/az\\\/#\\\/schema\\\/logo\\\/image\\\/\",\"url\":\"https:\\\/\\\/www.meydan.tv\\\/wp-content\\\/uploads\\\/2021\\\/07\\\/meydan-logo.svg\",\"contentUrl\":\"https:\\\/\\\/www.meydan.tv\\\/wp-content\\\/uploads\\\/2021\\\/07\\\/meydan-logo.svg\",\"width\":195,\"height\":46,\"caption\":\"Meydan TV\"},\"image\":{\"@id\":\"https:\\\/\\\/www.meydan.tv\\\/az\\\/#\\\/schema\\\/logo\\\/image\\\/\"}},{\"@type\":\"Person\",\"@id\":\"https:\\\/\\\/www.meydan.tv\\\/az\\\/#\\\/schema\\\/person\\\/10d11eccf6da3662cf5fdab9806ea91a\",\"name\":\"user-manager\"}]}<\/script>\n<!-- \/ Yoast SEO plugin. -->","yoast_head_json":{"title":"\u201cSu m\u0259murlar\u0131n t\u0259s\u0259rr\u00fcfat\u0131na ax\u0131d\u0131l\u0131r, pamb\u0131q sah\u0259l\u0259rimiz yan\u0131r\u201d - MEYDAN.TV","robots":{"index":"index","follow":"follow","max-snippet":"max-snippet:-1","max-image-preview":"max-image-preview:large","max-video-preview":"max-video-preview:-1"},"canonical":"https:\/\/www.meydan.tv\/az\/article\/su-memurlarin-teserrufatina-axidilir-pambiq-sahelerimiz-yanir\/","og_locale":"az_AZ","og_type":"article","og_title":"\u201cSu m\u0259murlar\u0131n t\u0259s\u0259rr\u00fcfat\u0131na ax\u0131d\u0131l\u0131r, pamb\u0131q sah\u0259l\u0259rimiz yan\u0131r\u201d - MEYDAN.TV","og_description":"Bil\u0259suvar\u0131n N\u0259simi k\u0259ndinin sakinl\u0259ri susuzluq \u00fcz\u00fcnd\u0259n \u0259kinl\u0259 m\u0259\u015f\u011ful ola bilmir","og_url":"https:\/\/www.meydan.tv\/az\/article\/su-memurlarin-teserrufatina-axidilir-pambiq-sahelerimiz-yanir\/","og_site_name":"MEYDAN.TV","article_published_time":"2019-06-25T21:31:07+00:00","og_image":[{"width":1032,"height":774,"url":"https:\/\/www.meydan.tv\/wp-content\/uploads\/image_from_ios_1_knag44a.jpg","type":"image\/jpeg"}],"author":"user-manager","twitter_card":"summary_large_image","schema":{"@context":"https:\/\/schema.org","@graph":[{"@type":"Article","@id":"https:\/\/www.meydan.tv\/az\/article\/su-memurlarin-teserrufatina-axidilir-pambiq-sahelerimiz-yanir\/#article","isPartOf":{"@id":"https:\/\/www.meydan.tv\/az\/article\/su-memurlarin-teserrufatina-axidilir-pambiq-sahelerimiz-yanir\/"},"author":{"name":"user-manager","@id":"https:\/\/www.meydan.tv\/az\/#\/schema\/person\/10d11eccf6da3662cf5fdab9806ea91a"},"headline":"\u201cSu m\u0259murlar\u0131n t\u0259s\u0259rr\u00fcfat\u0131na ax\u0131d\u0131l\u0131r, pamb\u0131q sah\u0259l\u0259rimiz yan\u0131r\u201d","datePublished":"2019-06-25T21:31:07+00:00","mainEntityOfPage":{"@id":"https:\/\/www.meydan.tv\/az\/article\/su-memurlarin-teserrufatina-axidilir-pambiq-sahelerimiz-yanir\/"},"wordCount":653,"publisher":{"@id":"https:\/\/www.meydan.tv\/az\/#organization"},"image":{"@id":"https:\/\/www.meydan.tv\/az\/article\/su-memurlarin-teserrufatina-axidilir-pambiq-sahelerimiz-yanir\/#primaryimage"},"thumbnailUrl":"https:\/\/www.meydan.tv\/wp-content\/uploads\/image_from_ios_1_knag44a.jpg","articleSection":["B\u00f6lg\u0259"],"inLanguage":"az"},{"@type":"WebPage","@id":"https:\/\/www.meydan.tv\/az\/article\/su-memurlarin-teserrufatina-axidilir-pambiq-sahelerimiz-yanir\/","url":"https:\/\/www.meydan.tv\/az\/article\/su-memurlarin-teserrufatina-axidilir-pambiq-sahelerimiz-yanir\/","name":"\u201cSu m\u0259murlar\u0131n t\u0259s\u0259rr\u00fcfat\u0131na ax\u0131d\u0131l\u0131r, pamb\u0131q sah\u0259l\u0259rimiz yan\u0131r\u201d - MEYDAN.TV","isPartOf":{"@id":"https:\/\/www.meydan.tv\/az\/#website"},"primaryImageOfPage":{"@id":"https:\/\/www.meydan.tv\/az\/article\/su-memurlarin-teserrufatina-axidilir-pambiq-sahelerimiz-yanir\/#primaryimage"},"image":{"@id":"https:\/\/www.meydan.tv\/az\/article\/su-memurlarin-teserrufatina-axidilir-pambiq-sahelerimiz-yanir\/#primaryimage"},"thumbnailUrl":"https:\/\/www.meydan.tv\/wp-content\/uploads\/image_from_ios_1_knag44a.jpg","datePublished":"2019-06-25T21:31:07+00:00","breadcrumb":{"@id":"https:\/\/www.meydan.tv\/az\/article\/su-memurlarin-teserrufatina-axidilir-pambiq-sahelerimiz-yanir\/#breadcrumb"},"inLanguage":"az","potentialAction":[{"@type":"ReadAction","target":["https:\/\/www.meydan.tv\/az\/article\/su-memurlarin-teserrufatina-axidilir-pambiq-sahelerimiz-yanir\/"]}]},{"@type":"ImageObject","inLanguage":"az","@id":"https:\/\/www.meydan.tv\/az\/article\/su-memurlarin-teserrufatina-axidilir-pambiq-sahelerimiz-yanir\/#primaryimage","url":"https:\/\/www.meydan.tv\/wp-content\/uploads\/image_from_ios_1_knag44a.jpg","contentUrl":"https:\/\/www.meydan.tv\/wp-content\/uploads\/image_from_ios_1_knag44a.jpg","width":1032,"height":774,"caption":"Source: Meydan TV"},{"@type":"BreadcrumbList","@id":"https:\/\/www.meydan.tv\/az\/article\/su-memurlarin-teserrufatina-axidilir-pambiq-sahelerimiz-yanir\/#breadcrumb","itemListElement":[{"@type":"ListItem","position":1,"name":"Ana s\u0259hif\u0259","item":"https:\/\/www.meydan.tv\/az\/"},{"@type":"ListItem","position":2,"name":"B\u00f6lg\u0259","item":"https:\/\/www.meydan.tv\/az\/section\/bolge\/"},{"@type":"ListItem","position":3,"name":"\u201cSu m\u0259murlar\u0131n t\u0259s\u0259rr\u00fcfat\u0131na ax\u0131d\u0131l\u0131r, pamb\u0131q sah\u0259l\u0259rimiz yan\u0131r\u201d"}]},{"@type":"WebSite","@id":"https:\/\/www.meydan.tv\/az\/#website","url":"https:\/\/www.meydan.tv\/az\/","name":"MEYDAN.TV","description":"Meydan TV Az\u0259rbaycan\u0131n media m\u0259kan\u0131ndak\u0131 alternativ s\u0259sidir","publisher":{"@id":"https:\/\/www.meydan.tv\/az\/#organization"},"potentialAction":[{"@type":"SearchAction","target":{"@type":"EntryPoint","urlTemplate":"https:\/\/www.meydan.tv\/az\/?s={search_term_string}"},"query-input":{"@type":"PropertyValueSpecification","valueRequired":true,"valueName":"search_term_string"}}],"inLanguage":"az"},{"@type":"Organization","@id":"https:\/\/www.meydan.tv\/az\/#organization","name":"Meydan TV","url":"https:\/\/www.meydan.tv\/az\/","logo":{"@type":"ImageObject","inLanguage":"az","@id":"https:\/\/www.meydan.tv\/az\/#\/schema\/logo\/image\/","url":"https:\/\/www.meydan.tv\/wp-content\/uploads\/2021\/07\/meydan-logo.svg","contentUrl":"https:\/\/www.meydan.tv\/wp-content\/uploads\/2021\/07\/meydan-logo.svg","width":195,"height":46,"caption":"Meydan TV"},"image":{"@id":"https:\/\/www.meydan.tv\/az\/#\/schema\/logo\/image\/"}},{"@type":"Person","@id":"https:\/\/www.meydan.tv\/az\/#\/schema\/person\/10d11eccf6da3662cf5fdab9806ea91a","name":"user-manager"}]}},"_links":{"self":[{"href":"https:\/\/www.meydan.tv\/az\/wp-json\/wp\/v2\/posts\/195985","targetHints":{"allow":["GET"]}}],"collection":[{"href":"https:\/\/www.meydan.tv\/az\/wp-json\/wp\/v2\/posts"}],"about":[{"href":"https:\/\/www.meydan.tv\/az\/wp-json\/wp\/v2\/types\/post"}],"author":[{"embeddable":true,"href":"https:\/\/www.meydan.tv\/az\/wp-json\/wp\/v2\/users\/11"}],"replies":[{"embeddable":true,"href":"https:\/\/www.meydan.tv\/az\/wp-json\/wp\/v2\/comments?post=195985"}],"version-history":[{"count":0,"href":"https:\/\/www.meydan.tv\/az\/wp-json\/wp\/v2\/posts\/195985\/revisions"}],"wp:featuredmedia":[{"embeddable":true,"href":"https:\/\/www.meydan.tv\/az\/wp-json\/wp\/v2\/media\/125953"}],"wp:attachment":[{"href":"https:\/\/www.meydan.tv\/az\/wp-json\/wp\/v2\/media?parent=195985"}],"wp:term":[{"taxonomy":"category","embeddable":true,"href":"https:\/\/www.meydan.tv\/az\/wp-json\/wp\/v2\/categories?post=195985"},{"taxonomy":"post_tag","embeddable":true,"href":"https:\/\/www.meydan.tv\/az\/wp-json\/wp\/v2\/tags?post=195985"}],"curies":[{"name":"wp","href":"https:\/\/api.w.org\/{rel}","templated":true}]}}