{"id":195982,"date":"2019-06-25T16:25:41","date_gmt":"2019-06-25T16:25:41","guid":{"rendered":"https:\/\/www.meydan.tv\/article\/celilabad-sakini-usaq-ac-qalir-mektebe-getmir\/"},"modified":"2019-06-25T16:25:41","modified_gmt":"2019-06-25T16:25:41","slug":"celilabad-sakini-usaq-ac-qalir-mektebe-getmir","status":"publish","type":"post","link":"https:\/\/www.meydan.tv\/az\/article\/celilabad-sakini-usaq-ac-qalir-mektebe-getmir\/","title":{"rendered":"C\u0259lilabad sakini: U\u015faq ac qal\u0131r, m\u0259kt\u0259b\u0259 getmir"},"content":{"rendered":"<p>\n  \u201c\u00d6m\u00fcrl\u00fck \u0259lillik d\u0259r\u0259c\u0259si t\u0259yin etm\u0259k \u00fc\u00e7\u00fcn pul verm\u0259liy\u0259m. H\u0259m can\u0131m \u0259limd\u0259n gedib, h\u0259m d\u0259 pul verm\u0259liy\u0259m&#8230; Bunlar anlam\u0131r ki, o \u0259lillik d\u0259r\u0259c\u0259si m\u0259n\u0259 pensiya al\u0131b ba\u015f\u0131m\u0131 doland\u0131rmaq \u00fc\u00e7\u00fcn laz\u0131md\u0131r. \u00d6m\u00fcrl\u00fck \u0259m\u0259k f\u0259aliyy\u0259tind\u0259n m\u0259hrum olmu\u015fam, h\u0259yat yolda\u015f\u0131m\u0131n k\u00f6m\u0259yi olmasa, \u00f6z\u00fcm\u00fc idar\u0259 ed\u0259 bilmir\u0259m. M\u0259n\u0259 baxd\u0131\u011f\u0131 \u00fc\u00e7\u00fcn h\u0259yat yolda\u015f\u0131m da \u0259m\u0259k f\u0259aliyy\u0259ti il\u0259 m\u0259\u015f\u011ful ola bilmir. N\u0259tic\u0259d\u0259 \u00f6vlad\u0131m ac qal\u0131r,  m\u0259kt\u0259b\u0259 getmir. Bu g\u00fcn 9 ya\u015f\u0131nda \u0259zab \u00e7\u0259k\u0259n o\u011flumu sabah 18 ya\u015f\u0131na \u00e7atanda g\u0259lib qap\u0131mdan aparacaqlar \u00f6n x\u0259tt\u0259&#8230; Biz daha n\u0259 etm\u0259liyik ki, d\u00f6vl\u0259t biz\u0259 sahib \u00e7\u0131xs\u0131n?\u201d\n<\/p>\n<p>\n  C\u0259lilabad sakini Faba Nuriyev bel\u0259 deyir. O, 6 il \u0259vv\u0259l avtomobil q\u0259zas\u0131 ke\u00e7irib. N\u0259tic\u0259d\u0259 ald\u0131\u011f\u0131 x\u0259sar\u0259tl\u0259rd\u0259n \u0259m\u0259k f\u0259aliyy\u0259tini itirib. Aylarla x\u0259st\u0259xanalarda m\u00fcalic\u0259 al\u0131b, ancaq n\u0259tic\u0259si olmay\u0131b. Aidiyy\u0259ti qurumlara m\u00fcraci\u0259tl\u0259rind\u0259n sonra ona 3-c\u00fc qrup \u0259lillik d\u0259r\u0259c\u0259si t\u0259yin olunub.\n<\/p>\n<h3>\n  \u201c\u018flillik \u00fc\u00e7\u00fcn m\u00fcraci\u0259t etdim, say\u0259l\u0259rind\u0259 \u00fcst\u0259lik iflic oldum\u201d<br \/>\n<\/h3>\n<p>\n  2016-c\u0131 ild\u0259 s\u0259hh\u0259tind\u0259 a\u011f\u0131rla\u015fma oldu\u011funa g\u00f6r\u0259 \u0259lillik d\u0259r\u0259c\u0259si d\u0259yi\u015fdiril\u0259r\u0259k ona \u00f6m\u00fcrl\u00fck 2-ci qrup \u0259lillik d\u0259r\u0259c\u0259si t\u0259yin olunub. O is\u0259 yen\u0259 raz\u0131la\u015fmay\u0131b v\u0259 1-ci qrup \u00f6m\u00fcrl\u00fck \u0259lillik t\u0259yin olunmas\u0131 \u00fc\u00e7\u00fcn m\u00fcraci\u0259t edib. Ancaq n\u0259tic\u0259d\u0259 2-ci qrup \u0259lilliyini l\u0259\u011fv ed\u0259r\u0259k yenid\u0259n 3-c\u00fc qrup \u0259lillik t\u0259yin edibl\u0259r. \u018flilliiyi olan \u015f\u0259xs d\u0259 Prezident\u0259 v\u0259 Birinci vitse-prezident\u0259 m\u00fcraci\u0259t edib. Deyir ki, bundan q\u0259z\u0259bl\u0259n\u0259n rayon Tibbi Sosial Ekspertiza Komissiyas\u0131 (TSEK) Faba Nuriyevi \u201cc\u0259zaland\u0131rmaq\u201d \u00fc\u00e7\u00fcn onun \u0259lilliyini yerli-dibli l\u0259\u011fv edib.\n<\/p>\n<figure class=\"wp-block-image size-large\">\n  <img decoding=\"async\" src=\"https:\/\/www.meydan.tv\/az\/image-from-ios-1-jpg-2\/\" alt=\"Image from iOS (1).jpg\" class=\"wp-image-125920\"\/><figcaption>\n    C\u0259lilabad sakini Faba Nuriyevin evi<br \/>\n  <\/figcaption><\/figure>\n<h3>\n  \u201cDeyirl\u0259r, vaxt itirm\u0259kd\u0259ns\u0259, h\u0259kim\u0259 \u015firinlik ver, m\u0259s\u0259l\u0259 bitsin\u201d<br \/>\n<\/h3>\n<p>\n  Faba Nuriyev d\u0259 sakit dayanmay\u0131b, davaml\u0131 \u015f\u0259kild\u0259 Prezident\u0259 v\u0259 Birinci vitse-prezident\u0259 m\u0259ktublar yaz\u0131b. \u018fv\u0259zind\u0259 g\u00f6r\u00fcn ba\u015f\u0131na n\u0259 g\u0259lib:\n<\/p>\n<p>\n  \u201cM\u0259ni rayon polis \u015f\u00f6b\u0259sin\u0259 apar\u0131b t\u0259zyiq g\u00f6st\u0259rdil\u0259r ki, \u015fikay\u0259tl\u0259rini geri g\u00f6t\u00fcr, bir d\u0259 \u015fikay\u0259t yazma&#8230; N\u0259tic\u0259d\u0259 ke\u00e7irdiyim qorxu v\u0259 stresd\u0259n sol aya\u011f\u0131m\u0131n p\u0259nc\u0259si y\u0131\u011f\u0131ld\u0131, \u00f6m\u00fcrl\u00fck iflic oldum. M\u0259n d\u0259 rayon polisind\u0259ki \u00f6zba\u015f\u0131nal\u0131qlarla ba\u011fl\u0131 Daxili \u0130\u015fl\u0259r Nazirliyin\u0259 m\u00fcraci\u0259t etdim. Bu m\u00fcraci\u0259timd\u0259n sonra polis r\u0259isi m\u0259ni d\u0259v\u0259t edib problemiml\u0259 maraqland\u0131, onun m\u00fcdaxil\u0259sind\u0259n sonra m\u0259n\u0259 5 illik 2-ci qrup \u0259lillik d\u0259r\u0259c\u0259si r\u00fc\u015fv\u0259tsiz t\u0259yin olundu. Ancaq m\u0259n h\u0259m d\u0259 polisl\u0259rin say\u0259sind\u0259 \u00f6m\u00fcrl\u00fck iflic olmu\u015fdum dey\u0259, m\u0259n\u0259 ikinci yox, birinci qrup \u00f6m\u00fcrl\u00fck \u0259lillik d\u0259r\u0259c\u0259si t\u0259yin olunmal\u0131yd\u0131. Sonra da ba\u015flad\u0131m buna g\u00f6r\u0259 m\u00fcraci\u0259t etm\u0259y\u0259&#8230; H\u0259kiml\u0259r \u00f6zl\u0259ri d\u0259 \u015fifahi \u015f\u0259kild\u0259 deyir\u0259r ki, s\u0259nin m\u00fcalic\u0259n yoxdur, ancaq r\u0259y yazmaq laz\u0131m olanda, tamamil\u0259 ba\u015fqa \u015feyl\u0259r yaz\u0131rlar.  Prezindet\u0259, Birinci vitse-prezident\u0259, Nazirl\u0259r Kabinetin\u0259 etdiyim m\u00fcraci\u0259tl\u0259r sonda ryerli TSEK-\u0259, ya da rayon m\u0259rk\u0259zi x\u0259st\u0259xanas\u0131na g\u0259lib \u00e7\u0131x\u0131r, TSEK-\u0259 \u00e7a\u011f\u0131r\u0131b deyirl\u0259r ki, bu q\u0259d\u0259r \u015fikay\u0259t edib vaxt itirm\u0259kd\u0259ns\u0259, get, h\u0259kimi g\u00f6r, \u201c\u015firinlik\u201d ver, r\u0259yi d\u00fczg\u00fcn yazs\u0131n, g\u0259tir g\u0259l, 1-ci d\u0259r\u0259c\u0259li \u00f6m\u00fcrl\u00fck \u0259lillik t\u0259yin ed\u0259k. Bunlar \u0259lild\u0259n d\u0259 \u201c\u015firinlik uman varl\u0131qlard\u0131r. D\u00fc\u015f\u00fcnm\u00fcrl\u0259r ki, \u0259lild\u0259 \u201c\u015firinlik\u201d verm\u0259y\u0259 pul olsa, u\u015fa\u011f\u0131n\u0131n qarn\u0131na \u00e7\u00f6r\u0259k alar, m\u0259kt\u0259b\u0259 g\u00f6nd\u0259r\u0259r, d\u00fc\u015f\u00fcb TSEK-in, x\u0259st\u0259xanan\u0131n qap\u0131s\u0131nda qalmaz\u201d.\n<\/p>\n<figure class=\"wp-block-image size-large\">\n  <img decoding=\"async\" src=\"https:\/\/www.meydan.tv\/az\/image-from-ios-2-jpg-2\/\" alt=\"Image from iOS (2).jpg\" class=\"wp-image-125923\"\/><figcaption>\n    C\u0259lilabad sakini Faba Nuriyevin evi<br \/>\n  <\/figcaption><\/figure>\n<h3>\n  \u201cU\u015faq ac qal\u0131r, imkans\u0131zl\u0131qdan m\u0259kt\u0259b\u0259 getmir\u201d<br \/>\n<\/h3>\n<p>\n  Faba Nuriyev 2-ci qrup \u0259lilliy\u0259 g\u00f6r\u0259 130 manat pensiya al\u0131r, ail\u0259y\u0259  282 manat da \u00fcnvanl\u0131 sosial yard\u0131m verilir. Ancaq Faba Nuriyev deyir, toplam 412 manat\u0131n \u00e7ox hiss\u0259si onun d\u0259rmanlar\u0131na  x\u0259rcl\u0259nir.\n<\/p>\n<p>\n  \u015eikay\u0259t\u00e7i bildirir ki, \u0259lilliy\u0259 g\u00f6r\u0259 ona veril\u0259n pensiya n\u0259inki dolan\u0131\u015f\u0131\u011fa, he\u00e7 d\u0259rmanlar\u0131na da yet\u0259rli deyil. Bir \u00f6vlad\u0131 v\u0259 h\u0259yat yolda\u015f\u0131yla birlikd\u0259 qaz idar\u0259sinin ke\u00e7mi\u015f, q\u0259zal\u0131 binas\u0131nda ya\u015fay\u0131r:\n<\/p>\n<p>\n  \u201cHe\u00e7 bir \u015f\u0259raiti, ya\u015fay\u0131\u015f \u00fc\u00e7\u00fcn \u0259n a\u015fa\u011f\u0131 \u015f\u0259rtl\u0259ri bel\u0259 yoxdur. Q\u0131\u015fda can\u0131m\u0131z\u0131 di\u015fimiz\u0259 tutub yaza salamat \u00e7\u0131x\u0131r\u0131q. Dam \u00f6rt\u00fcy\u00fc \u00e7\u00fcr\u00fck-\u00e7\u00fcr\u00fckd\u00fcr, ya\u011f\u0131\u015f evin i\u00e7in\u0259 ya\u011f\u0131r. C\u0259lilabad Rayon \u0130cra Hakimiyy\u0259tin\u0259 gedirik, deyir, biz ev paylam\u0131r\u0131q, yol \u00e7\u0259kirik, a\u011fac \u0259kirik&#8230; \u00d6vlad\u0131m\u0131n 9 ya\u015f\u0131 var, 4-c\u00fc sinif\u0259 getm\u0259lidir, imkans\u0131zl\u0131qdan he\u00e7 bilmir\u0259m n\u00f6vb\u0259ti m\u0259kt\u0259b ilind\u0259 d\u0259rs\u0259 nec\u0259 g\u00f6nd\u0259r\u0259c\u0259y\u0259m, he\u00e7 q\u0259l\u0259m-d\u0259ft\u0259r alma\u011fa da pulumuz yoxdur. H\u0259yat yolda\u015f\u0131m m\u0259n\u0259 bax\u0131r, i\u015fl\u0259y\u0259 bilmir. Sosial yard\u0131m he\u00e7 d\u0259rmanlar\u0131ma \u00e7atm\u0131r\u201d.\n<\/p>\n<figure class=\"wp-block-image size-large\">\n  <img decoding=\"async\" src=\"https:\/\/www.meydan.tv\/az\/image-from-ios-3-jpg-2\/\" alt=\"Image from iOS (3).jpg\" class=\"wp-image-125926\"\/><figcaption>\n    C\u0259lilabad sakini Faba Nuriyevin evi<br \/>\n  <\/figcaption><\/figure>\n<p>\n  Faba Nuriyev deyir, ona imtina cavab\u0131 \u015fifahi bildirilir, r\u0259smi cavab verilmir ki, h\u0259min r\u0259smi cavab \u0259sas\u0131nda m\u0259hk\u0259m\u0259y\u0259 m\u00fcraci\u0259t etsin.\n<\/p>\n<p>\n  C\u0259lilabad TSEK-d\u0259n bildirilib ki, Faba Nuriyevin x\u0259st\u0259liyi 1-ci qrup \u00f6m\u00fcrl\u00fck \u0259lilliy\u0259 uy\u011fun g\u0259lmir. M\u0259rk\u0259zi Rayon X\u0259st\u0259xanas\u0131ndan elektron daxil olmu\u015f Forma \u2013 88 s\u0259n\u0259di \u0259sas\u0131nda onun \u0259lilliyi komissiya t\u0259r\u0259find\u0259n elektron qaydada qiym\u0259tl\u0259ndirilib v\u0259 v\u0259t\u0259nda\u015fa elektron m\u0259lumat verilib: \u201cV\u0259t\u0259nda\u015f\u0131n r\u00fc\u015fv\u0259tl\u0259 ba\u011fl\u0131 dedikl\u0259ri h\u0259qiq\u0259t\u0259uy\u011fun deyil. H\u0259r qap\u0131dan ke\u00e7\u0259n deyir, m\u0259n\u0259 \u00f6m\u00fcrl\u00fck birinci d\u0259r\u0259c\u0259 \u0259lillik t\u0259yin el\u0259&#8230;\u201d\n<\/p>\n<p>\n  M\u0259nzil \u015f\u0259raitinin yax\u015f\u0131la\u015fd\u0131r\u0131lmas\u0131na g\u0259linc\u0259, C\u0259lilabad Rayon \u0130cra Hakimiyy\u0259tind\u0259n bildirilib ki, m\u0259nzil fondu l\u0259\u011fv olundu\u011fu \u00fc\u00e7\u00fcn Faba Nuriyevin ya\u015fay\u0131\u015f yeri il\u0259 t\u0259min olunmas\u0131 m\u00fcmk\u00fcn deyil. O, m\u00fcvafiq s\u0259n\u0259dl\u0259ri toplay\u0131b \u018fm\u0259k v\u0259 \u018fhalinin Sosial N\u00fcdafi\u0259 Nazirliyin\u0259 m\u00fcraci\u0259t ed\u0259, \u0259lil kimi m\u0259nzil n\u00f6vb\u0259sin\u0259 dayana bil\u0259r.<\/p>\n","protected":false},"excerpt":{"rendered":"<p>Qaz \u0130dar\u0259sinin q\u0259zal\u0131 binas\u0131nda ya\u015fayan Nuriyevl\u0259r ail\u0259si d\u00f6vl\u0259t\u0259 s\u0259sl\u0259nir<\/p>\n","protected":false},"author":11,"featured_media":125917,"comment_status":"closed","ping_status":"open","sticky":false,"template":"","format":"standard","meta":{"_acf_changed":false,"_sitemap_exclude":false,"_sitemap_priority":"","_sitemap_frequency":"","footnotes":""},"categories":[60],"tags":[],"class_list":["post-195982","post","type-post","status-publish","format-standard","has-post-thumbnail","hentry","category-bolge","infinite-scroll-item","generate-columns","tablet-grid-50","mobile-grid-100","grid-parent","grid-33","no-featured-image-padding"],"acf":[],"yoast_head":"<!-- This site is optimized with the Yoast SEO plugin v27.4 - https:\/\/yoast.com\/product\/yoast-seo-wordpress\/ -->\n<title>C\u0259lilabad sakini: U\u015faq ac qal\u0131r, m\u0259kt\u0259b\u0259 getmir - MEYDAN.TV<\/title>\n<meta name=\"robots\" content=\"index, follow, max-snippet:-1, max-image-preview:large, max-video-preview:-1\" \/>\n<link rel=\"canonical\" href=\"https:\/\/www.meydan.tv\/az\/article\/celilabad-sakini-usaq-ac-qalir-mektebe-getmir\/\" \/>\n<meta property=\"og:locale\" content=\"az_AZ\" \/>\n<meta property=\"og:type\" content=\"article\" \/>\n<meta property=\"og:title\" content=\"C\u0259lilabad sakini: U\u015faq ac qal\u0131r, m\u0259kt\u0259b\u0259 getmir - MEYDAN.TV\" \/>\n<meta property=\"og:description\" content=\"Qaz \u0130dar\u0259sinin q\u0259zal\u0131 binas\u0131nda ya\u015fayan Nuriyevl\u0259r ail\u0259si d\u00f6vl\u0259t\u0259 s\u0259sl\u0259nir\" \/>\n<meta property=\"og:url\" content=\"https:\/\/www.meydan.tv\/az\/article\/celilabad-sakini-usaq-ac-qalir-mektebe-getmir\/\" \/>\n<meta property=\"og:site_name\" content=\"MEYDAN.TV\" \/>\n<meta property=\"article:published_time\" content=\"2019-06-25T16:25:41+00:00\" \/>\n<meta property=\"og:image\" content=\"https:\/\/www.meydan.tv\/wp-content\/uploads\/image_from_ios_ueg145p.jpg\" \/>\n\t<meta property=\"og:image:width\" content=\"1280\" \/>\n\t<meta property=\"og:image:height\" content=\"720\" \/>\n\t<meta property=\"og:image:type\" content=\"image\/jpeg\" \/>\n<meta name=\"author\" content=\"user-manager\" \/>\n<meta name=\"twitter:card\" content=\"summary_large_image\" \/>\n<script type=\"application\/ld+json\" class=\"yoast-schema-graph\">{\"@context\":\"https:\\\/\\\/schema.org\",\"@graph\":[{\"@type\":\"Article\",\"@id\":\"https:\\\/\\\/www.meydan.tv\\\/az\\\/article\\\/celilabad-sakini-usaq-ac-qalir-mektebe-getmir\\\/#article\",\"isPartOf\":{\"@id\":\"https:\\\/\\\/www.meydan.tv\\\/az\\\/article\\\/celilabad-sakini-usaq-ac-qalir-mektebe-getmir\\\/\"},\"author\":{\"name\":\"user-manager\",\"@id\":\"https:\\\/\\\/www.meydan.tv\\\/az\\\/#\\\/schema\\\/person\\\/10d11eccf6da3662cf5fdab9806ea91a\"},\"headline\":\"C\u0259lilabad sakini: U\u015faq ac qal\u0131r, m\u0259kt\u0259b\u0259 getmir\",\"datePublished\":\"2019-06-25T16:25:41+00:00\",\"mainEntityOfPage\":{\"@id\":\"https:\\\/\\\/www.meydan.tv\\\/az\\\/article\\\/celilabad-sakini-usaq-ac-qalir-mektebe-getmir\\\/\"},\"wordCount\":1134,\"publisher\":{\"@id\":\"https:\\\/\\\/www.meydan.tv\\\/az\\\/#organization\"},\"image\":{\"@id\":\"https:\\\/\\\/www.meydan.tv\\\/az\\\/article\\\/celilabad-sakini-usaq-ac-qalir-mektebe-getmir\\\/#primaryimage\"},\"thumbnailUrl\":\"https:\\\/\\\/www.meydan.tv\\\/wp-content\\\/uploads\\\/image_from_ios_ueg145p.jpg\",\"articleSection\":[\"B\u00f6lg\u0259\"],\"inLanguage\":\"az\"},{\"@type\":\"WebPage\",\"@id\":\"https:\\\/\\\/www.meydan.tv\\\/az\\\/article\\\/celilabad-sakini-usaq-ac-qalir-mektebe-getmir\\\/\",\"url\":\"https:\\\/\\\/www.meydan.tv\\\/az\\\/article\\\/celilabad-sakini-usaq-ac-qalir-mektebe-getmir\\\/\",\"name\":\"C\u0259lilabad sakini: U\u015faq ac qal\u0131r, m\u0259kt\u0259b\u0259 getmir - MEYDAN.TV\",\"isPartOf\":{\"@id\":\"https:\\\/\\\/www.meydan.tv\\\/az\\\/#website\"},\"primaryImageOfPage\":{\"@id\":\"https:\\\/\\\/www.meydan.tv\\\/az\\\/article\\\/celilabad-sakini-usaq-ac-qalir-mektebe-getmir\\\/#primaryimage\"},\"image\":{\"@id\":\"https:\\\/\\\/www.meydan.tv\\\/az\\\/article\\\/celilabad-sakini-usaq-ac-qalir-mektebe-getmir\\\/#primaryimage\"},\"thumbnailUrl\":\"https:\\\/\\\/www.meydan.tv\\\/wp-content\\\/uploads\\\/image_from_ios_ueg145p.jpg\",\"datePublished\":\"2019-06-25T16:25:41+00:00\",\"breadcrumb\":{\"@id\":\"https:\\\/\\\/www.meydan.tv\\\/az\\\/article\\\/celilabad-sakini-usaq-ac-qalir-mektebe-getmir\\\/#breadcrumb\"},\"inLanguage\":\"az\",\"potentialAction\":[{\"@type\":\"ReadAction\",\"target\":[\"https:\\\/\\\/www.meydan.tv\\\/az\\\/article\\\/celilabad-sakini-usaq-ac-qalir-mektebe-getmir\\\/\"]}]},{\"@type\":\"ImageObject\",\"inLanguage\":\"az\",\"@id\":\"https:\\\/\\\/www.meydan.tv\\\/az\\\/article\\\/celilabad-sakini-usaq-ac-qalir-mektebe-getmir\\\/#primaryimage\",\"url\":\"https:\\\/\\\/www.meydan.tv\\\/wp-content\\\/uploads\\\/image_from_ios_ueg145p.jpg\",\"contentUrl\":\"https:\\\/\\\/www.meydan.tv\\\/wp-content\\\/uploads\\\/image_from_ios_ueg145p.jpg\",\"width\":1280,\"height\":720,\"caption\":\"Source: Meydan TV\"},{\"@type\":\"BreadcrumbList\",\"@id\":\"https:\\\/\\\/www.meydan.tv\\\/az\\\/article\\\/celilabad-sakini-usaq-ac-qalir-mektebe-getmir\\\/#breadcrumb\",\"itemListElement\":[{\"@type\":\"ListItem\",\"position\":1,\"name\":\"Ana s\u0259hif\u0259\",\"item\":\"https:\\\/\\\/www.meydan.tv\\\/az\\\/\"},{\"@type\":\"ListItem\",\"position\":2,\"name\":\"B\u00f6lg\u0259\",\"item\":\"https:\\\/\\\/www.meydan.tv\\\/az\\\/section\\\/bolge\\\/\"},{\"@type\":\"ListItem\",\"position\":3,\"name\":\"C\u0259lilabad sakini: U\u015faq ac qal\u0131r, m\u0259kt\u0259b\u0259 getmir\"}]},{\"@type\":\"WebSite\",\"@id\":\"https:\\\/\\\/www.meydan.tv\\\/az\\\/#website\",\"url\":\"https:\\\/\\\/www.meydan.tv\\\/az\\\/\",\"name\":\"MEYDAN.TV\",\"description\":\"Meydan TV Az\u0259rbaycan\u0131n media m\u0259kan\u0131ndak\u0131 alternativ s\u0259sidir\",\"publisher\":{\"@id\":\"https:\\\/\\\/www.meydan.tv\\\/az\\\/#organization\"},\"potentialAction\":[{\"@type\":\"SearchAction\",\"target\":{\"@type\":\"EntryPoint\",\"urlTemplate\":\"https:\\\/\\\/www.meydan.tv\\\/az\\\/?s={search_term_string}\"},\"query-input\":{\"@type\":\"PropertyValueSpecification\",\"valueRequired\":true,\"valueName\":\"search_term_string\"}}],\"inLanguage\":\"az\"},{\"@type\":\"Organization\",\"@id\":\"https:\\\/\\\/www.meydan.tv\\\/az\\\/#organization\",\"name\":\"Meydan TV\",\"url\":\"https:\\\/\\\/www.meydan.tv\\\/az\\\/\",\"logo\":{\"@type\":\"ImageObject\",\"inLanguage\":\"az\",\"@id\":\"https:\\\/\\\/www.meydan.tv\\\/az\\\/#\\\/schema\\\/logo\\\/image\\\/\",\"url\":\"https:\\\/\\\/www.meydan.tv\\\/wp-content\\\/uploads\\\/2021\\\/07\\\/meydan-logo.svg\",\"contentUrl\":\"https:\\\/\\\/www.meydan.tv\\\/wp-content\\\/uploads\\\/2021\\\/07\\\/meydan-logo.svg\",\"width\":195,\"height\":46,\"caption\":\"Meydan TV\"},\"image\":{\"@id\":\"https:\\\/\\\/www.meydan.tv\\\/az\\\/#\\\/schema\\\/logo\\\/image\\\/\"}},{\"@type\":\"Person\",\"@id\":\"https:\\\/\\\/www.meydan.tv\\\/az\\\/#\\\/schema\\\/person\\\/10d11eccf6da3662cf5fdab9806ea91a\",\"name\":\"user-manager\"}]}<\/script>\n<!-- \/ Yoast SEO plugin. -->","yoast_head_json":{"title":"C\u0259lilabad sakini: U\u015faq ac qal\u0131r, m\u0259kt\u0259b\u0259 getmir - MEYDAN.TV","robots":{"index":"index","follow":"follow","max-snippet":"max-snippet:-1","max-image-preview":"max-image-preview:large","max-video-preview":"max-video-preview:-1"},"canonical":"https:\/\/www.meydan.tv\/az\/article\/celilabad-sakini-usaq-ac-qalir-mektebe-getmir\/","og_locale":"az_AZ","og_type":"article","og_title":"C\u0259lilabad sakini: U\u015faq ac qal\u0131r, m\u0259kt\u0259b\u0259 getmir - MEYDAN.TV","og_description":"Qaz \u0130dar\u0259sinin q\u0259zal\u0131 binas\u0131nda ya\u015fayan Nuriyevl\u0259r ail\u0259si d\u00f6vl\u0259t\u0259 s\u0259sl\u0259nir","og_url":"https:\/\/www.meydan.tv\/az\/article\/celilabad-sakini-usaq-ac-qalir-mektebe-getmir\/","og_site_name":"MEYDAN.TV","article_published_time":"2019-06-25T16:25:41+00:00","og_image":[{"width":1280,"height":720,"url":"https:\/\/www.meydan.tv\/wp-content\/uploads\/image_from_ios_ueg145p.jpg","type":"image\/jpeg"}],"author":"user-manager","twitter_card":"summary_large_image","schema":{"@context":"https:\/\/schema.org","@graph":[{"@type":"Article","@id":"https:\/\/www.meydan.tv\/az\/article\/celilabad-sakini-usaq-ac-qalir-mektebe-getmir\/#article","isPartOf":{"@id":"https:\/\/www.meydan.tv\/az\/article\/celilabad-sakini-usaq-ac-qalir-mektebe-getmir\/"},"author":{"name":"user-manager","@id":"https:\/\/www.meydan.tv\/az\/#\/schema\/person\/10d11eccf6da3662cf5fdab9806ea91a"},"headline":"C\u0259lilabad sakini: U\u015faq ac qal\u0131r, m\u0259kt\u0259b\u0259 getmir","datePublished":"2019-06-25T16:25:41+00:00","mainEntityOfPage":{"@id":"https:\/\/www.meydan.tv\/az\/article\/celilabad-sakini-usaq-ac-qalir-mektebe-getmir\/"},"wordCount":1134,"publisher":{"@id":"https:\/\/www.meydan.tv\/az\/#organization"},"image":{"@id":"https:\/\/www.meydan.tv\/az\/article\/celilabad-sakini-usaq-ac-qalir-mektebe-getmir\/#primaryimage"},"thumbnailUrl":"https:\/\/www.meydan.tv\/wp-content\/uploads\/image_from_ios_ueg145p.jpg","articleSection":["B\u00f6lg\u0259"],"inLanguage":"az"},{"@type":"WebPage","@id":"https:\/\/www.meydan.tv\/az\/article\/celilabad-sakini-usaq-ac-qalir-mektebe-getmir\/","url":"https:\/\/www.meydan.tv\/az\/article\/celilabad-sakini-usaq-ac-qalir-mektebe-getmir\/","name":"C\u0259lilabad sakini: U\u015faq ac qal\u0131r, m\u0259kt\u0259b\u0259 getmir - MEYDAN.TV","isPartOf":{"@id":"https:\/\/www.meydan.tv\/az\/#website"},"primaryImageOfPage":{"@id":"https:\/\/www.meydan.tv\/az\/article\/celilabad-sakini-usaq-ac-qalir-mektebe-getmir\/#primaryimage"},"image":{"@id":"https:\/\/www.meydan.tv\/az\/article\/celilabad-sakini-usaq-ac-qalir-mektebe-getmir\/#primaryimage"},"thumbnailUrl":"https:\/\/www.meydan.tv\/wp-content\/uploads\/image_from_ios_ueg145p.jpg","datePublished":"2019-06-25T16:25:41+00:00","breadcrumb":{"@id":"https:\/\/www.meydan.tv\/az\/article\/celilabad-sakini-usaq-ac-qalir-mektebe-getmir\/#breadcrumb"},"inLanguage":"az","potentialAction":[{"@type":"ReadAction","target":["https:\/\/www.meydan.tv\/az\/article\/celilabad-sakini-usaq-ac-qalir-mektebe-getmir\/"]}]},{"@type":"ImageObject","inLanguage":"az","@id":"https:\/\/www.meydan.tv\/az\/article\/celilabad-sakini-usaq-ac-qalir-mektebe-getmir\/#primaryimage","url":"https:\/\/www.meydan.tv\/wp-content\/uploads\/image_from_ios_ueg145p.jpg","contentUrl":"https:\/\/www.meydan.tv\/wp-content\/uploads\/image_from_ios_ueg145p.jpg","width":1280,"height":720,"caption":"Source: Meydan TV"},{"@type":"BreadcrumbList","@id":"https:\/\/www.meydan.tv\/az\/article\/celilabad-sakini-usaq-ac-qalir-mektebe-getmir\/#breadcrumb","itemListElement":[{"@type":"ListItem","position":1,"name":"Ana s\u0259hif\u0259","item":"https:\/\/www.meydan.tv\/az\/"},{"@type":"ListItem","position":2,"name":"B\u00f6lg\u0259","item":"https:\/\/www.meydan.tv\/az\/section\/bolge\/"},{"@type":"ListItem","position":3,"name":"C\u0259lilabad sakini: U\u015faq ac qal\u0131r, m\u0259kt\u0259b\u0259 getmir"}]},{"@type":"WebSite","@id":"https:\/\/www.meydan.tv\/az\/#website","url":"https:\/\/www.meydan.tv\/az\/","name":"MEYDAN.TV","description":"Meydan TV Az\u0259rbaycan\u0131n media m\u0259kan\u0131ndak\u0131 alternativ s\u0259sidir","publisher":{"@id":"https:\/\/www.meydan.tv\/az\/#organization"},"potentialAction":[{"@type":"SearchAction","target":{"@type":"EntryPoint","urlTemplate":"https:\/\/www.meydan.tv\/az\/?s={search_term_string}"},"query-input":{"@type":"PropertyValueSpecification","valueRequired":true,"valueName":"search_term_string"}}],"inLanguage":"az"},{"@type":"Organization","@id":"https:\/\/www.meydan.tv\/az\/#organization","name":"Meydan TV","url":"https:\/\/www.meydan.tv\/az\/","logo":{"@type":"ImageObject","inLanguage":"az","@id":"https:\/\/www.meydan.tv\/az\/#\/schema\/logo\/image\/","url":"https:\/\/www.meydan.tv\/wp-content\/uploads\/2021\/07\/meydan-logo.svg","contentUrl":"https:\/\/www.meydan.tv\/wp-content\/uploads\/2021\/07\/meydan-logo.svg","width":195,"height":46,"caption":"Meydan TV"},"image":{"@id":"https:\/\/www.meydan.tv\/az\/#\/schema\/logo\/image\/"}},{"@type":"Person","@id":"https:\/\/www.meydan.tv\/az\/#\/schema\/person\/10d11eccf6da3662cf5fdab9806ea91a","name":"user-manager"}]}},"_links":{"self":[{"href":"https:\/\/www.meydan.tv\/az\/wp-json\/wp\/v2\/posts\/195982","targetHints":{"allow":["GET"]}}],"collection":[{"href":"https:\/\/www.meydan.tv\/az\/wp-json\/wp\/v2\/posts"}],"about":[{"href":"https:\/\/www.meydan.tv\/az\/wp-json\/wp\/v2\/types\/post"}],"author":[{"embeddable":true,"href":"https:\/\/www.meydan.tv\/az\/wp-json\/wp\/v2\/users\/11"}],"replies":[{"embeddable":true,"href":"https:\/\/www.meydan.tv\/az\/wp-json\/wp\/v2\/comments?post=195982"}],"version-history":[{"count":0,"href":"https:\/\/www.meydan.tv\/az\/wp-json\/wp\/v2\/posts\/195982\/revisions"}],"wp:featuredmedia":[{"embeddable":true,"href":"https:\/\/www.meydan.tv\/az\/wp-json\/wp\/v2\/media\/125917"}],"wp:attachment":[{"href":"https:\/\/www.meydan.tv\/az\/wp-json\/wp\/v2\/media?parent=195982"}],"wp:term":[{"taxonomy":"category","embeddable":true,"href":"https:\/\/www.meydan.tv\/az\/wp-json\/wp\/v2\/categories?post=195982"},{"taxonomy":"post_tag","embeddable":true,"href":"https:\/\/www.meydan.tv\/az\/wp-json\/wp\/v2\/tags?post=195982"}],"curies":[{"name":"wp","href":"https:\/\/api.w.org\/{rel}","templated":true}]}}