{"id":195973,"date":"2019-06-25T12:19:00","date_gmt":"2019-06-25T12:19:00","guid":{"rendered":"https:\/\/www.meydan.tv\/article\/agsu-sakini-polis-meni-suruyub-24-gun-xestexanada-yatmisam\/"},"modified":"2019-06-25T12:19:00","modified_gmt":"2019-06-25T12:19:00","slug":"agsu-sakini-polis-meni-suruyub-24-gun-xestexanada-yatmisam","status":"publish","type":"post","link":"https:\/\/www.meydan.tv\/az\/article\/agsu-sakini-polis-meni-suruyub-24-gun-xestexanada-yatmisam\/","title":{"rendered":"A\u011fsu sakini: Polis m\u0259ni s\u00fcr\u00fcy\u00fcb, 24 g\u00fcn x\u0259st\u0259xanada yatm\u0131\u015fam"},"content":{"rendered":"<p>\n  <i><br \/>\n    R\u0259sulzad\u0259 k\u00fc\u00e7\u0259sinin sakinl\u0259ri deyir, m\u0259h\u0259ll\u0259d\u0259 avtoq\u0259za ba\u015f verib, k\u00f6m\u0259y\u0259 gedibl\u0259r, polis t\u0259r\u0259find\u0259n d\u00f6y\u00fcl\u00fcb-s\u00f6y\u00fcl\u00fcbl\u0259r<br \/>\n  <\/i>\n<\/p>\n<p>\n  \u201cK\u00fc\u00e7\u0259mizd\u0259 yol q\u0259zas\u0131 ba\u015f verdi, qa\u00e7\u0131b getdik ki, yaral\u0131 varsa, k\u00f6m\u0259k ed\u0259k. Yol polisl\u0259ri g\u0259ldi, bizi yax\u0131n buraxmad\u0131lar. Hadis\u0259nin yax\u0131nl\u0131\u011f\u0131nda dayan\u0131b m\u00fc\u015fahid\u0259 el\u0259yirdik ki, yaral\u0131 varsa, k\u00f6m\u0259k el\u0259y\u0259k. Bu vaxt post-patrul ma\u015f\u0131n\u0131 g\u0259lib yan\u0131m\u0131zda saxlad\u0131, Anar adl\u0131 polis \u0259m\u0259kda\u015f\u0131 ma\u015f\u0131ndan d\u00fc\u015f\u0259n kimi \u201cqoduq u\u015fa\u011f\u0131, qoduq, n\u0259 tama\u015faya durmusuz, c\u0259h\u0259nn\u0259m olun xaraban\u0131za\u201d deyib bizi t\u0259hqir el\u0259di, sin\u0259mizd\u0259n it\u0259l\u0259di. Abdulla adl\u0131 qon\u015fum ondan v\u0259t\u0259nda\u015flarla \u0259d\u0259bli davranmas\u0131n\u0131 t\u0259l\u0259b ed\u0259nd\u0259 it\u0259l\u0259yib yer\u0259 y\u0131xd\u0131\u201d.\n<\/p>\n<p>\n  Bunu Meydan TV-y\u0259 A\u011fsu sakini \u015e\u00f6hr\u0259t \u018fl\u0259kb\u0259rov deyir.\n<\/p>\n<p>\n  Onun s\u00f6zl\u0259rin\u0259 g\u00f6r\u0259, bu il aprelin 27-d\u0259 ax\u015fam saat 7 rad\u0259l\u0259rind\u0259 ya\u015fad\u0131\u011f\u0131 A\u011fsu rayonu, R\u0259sulzad\u0259 k\u00fc\u00e7\u0259sind\u0259 avtomobil toqqu\u015fmas\u0131 ba\u015f verib. O v\u0259 h\u0259min k\u00fc\u00e7\u0259d\u0259ki qon\u015fular \u00f6zl\u0259rini d\u0259rhal q\u0259za yerin\u0259 \u00e7atd\u0131r\u0131blar ki, yaral\u0131lara k\u00f6m\u0259k etsinl\u0259r. Ancaq q\u0259za y\u00fcng\u00fcl ke\u00e7diyind\u0259n yaral\u0131 da olmay\u0131b. Hadis\u0259 yerin\u0259 \u0259vv\u0259lc\u0259 yol polisl\u0259ri, daha sonra A\u011fsu Rayon Polis \u015e\u00f6b\u0259sinin post-patrul xidm\u0259tinin polisl\u0259ri g\u0259lib. \u015e\u00f6hr\u0259t \u018fl\u0259kb\u0259rov deyir, post-patrul xidm\u0259tinin \u0259m\u0259kda\u015f\u0131 Anar H\u0259midov ma\u015f\u0131ndan d\u00fc\u015f\u0259nd\u0259n sonra oraya y\u0131\u011f\u0131\u015fanlar\u0131 t\u0259hqir edib, h\u0259tta fiziki zor da t\u0259tbiq edib.\n<\/p>\n<figure class=\"wp-block-image size-large\">\n  <img decoding=\"async\" src=\"https:\/\/www.meydan.tv\/az\/reg_agsu_shohrat_alakbarov-jpg\/\" alt=\"reg_agsu_shohrat_alakbarov.jpg\" class=\"wp-image-125779\"\/><figcaption>\n    \u015e\u00f6hr\u0259t \u018fl\u0259kb\u0259rov<br \/>\n  <\/figcaption><\/figure>\n<p>\n  <i><br \/>\n    \u201cPolisin v\u0259t\u0259nda\u015f\u0131 d\u00f6ym\u0259si normaya \u00e7evrilib\u201d<br \/>\n  <\/i>\n<\/p>\n<p>\n  \u201cS\u0259rxo\u015f idi, ayaq \u00fcst\u0259 zorla dayan\u0131rd\u0131. \u015e\u0259xs\u0259n m\u0259ni k\u00fc\u00e7\u0259 s\u00f6y\u00fc\u015fl\u0259riyl\u0259 t\u0259hqir etdi, \u015fikay\u0259t el\u0259mi\u015f\u0259m, baxan yoxdur. Prezident\u0259, prokurorlu\u011fa, daxili i\u015fl\u0259r nazirin\u0259 yazm\u0131\u015f\u0131q&#8230; He\u00e7 bir reaksiya yoxdur. El\u0259 bil ki, bu, normad\u0131r, bel\u0259 d\u0259 olmal\u0131yd\u0131, polis v\u0259t\u0259nda\u015f\u0131 s\u00f6y\u0259 d\u0259, d\u00f6y\u0259 d\u0259 bil\u0259r, polis \u0259m\u0259kda\u015f\u0131 oldu\u011fu \u00fc\u00e7\u00fcn b\u00fct\u00fcn hallarda haql\u0131 odur&#8230; Bu, c\u0259zas\u0131zl\u0131\u011f\u0131n, arxay\u0131n\u00e7\u0131l\u0131\u011f\u0131n n\u0259tic\u0259sidir ki, h\u0259min polis i\u015f\u00e7il\u0259ri qanunsuzluqlar\u0131n\u0131 sonra da davam etdirirl\u0259r. Anar adl\u0131 h\u0259min polis i\u015f\u00e7isi hadis\u0259d\u0259n 10 g\u00fcn sonra post-patrul ma\u015f\u0131n\u0131 il\u0259 rayonun i\u00e7ind\u0259 b\u00f6yr\u00fcmd\u0259n \u00f6t\u0259nd\u0259 ma\u015f\u0131n\u0131 saxlad\u0131, \u015f\u00fc\u015f\u0259ni a\u015fa\u011f\u0131 endirib q\u0131\u015fq\u0131rd\u0131 ki, \u201cbura g\u0259l \u0259\u0259\u0259, s\u0259n kims\u0259n ki, Abdullaya \u015fahid durursan, m\u0259nim \u0259leyhim\u0259 izahat verirs\u0259n? Get izahat\u0131n\u0131 geri g\u00f6t\u00fcr, yoxsa var-yoxunu filan \u015fey el\u0259y\u0259r\u0259m, beynimi d\u00f6nd\u0259rm\u0259\u201d. Bunu deyib, \u00e7\u0131x\u0131b getdi,\u201d- \u015fikay\u0259t\u00e7i deyir.\n<\/p>\n<p>\n  <i><br \/>\n    \u201cM\u0259ni yer\u0259 y\u0131x\u0131b s\u00fcr\u00fcd\u00fc, 24 g\u00fcn m\u00fcalic\u0259 ald\u0131m\u201d<br \/>\n  <\/i>\n<\/p>\n<p>\n  \u015e\u00f6hr\u0259t \u018fl\u0259kb\u0259rovun dediyi kimi, hadis\u0259 yerind\u0259 olanlardan biri d\u0259 qon\u015fusu Abdulla Abdullazad\u0259 olub. Abdulla Abdullazad\u0259 deyir, polis i\u015f\u00e7isinin onu d\u00f6ym\u0259si v\u0259 t\u0259hqir etm\u0259si n\u0259tic\u0259sind\u0259 sars\u0131nt\u0131 ke\u00e7irib, 24 g\u00fcn x\u0259st\u0259xanada qal\u0131b:\n<\/p>\n<figure class=\"wp-block-image size-large\">\n  <img decoding=\"async\" src=\"https:\/\/www.meydan.tv\/az\/reg_agsu_abdulla_abdullazade-jpg\/\" alt=\"reg_agsu_abdulla_abdullazade.jpg\" class=\"wp-image-125785\"\/><figcaption>\n    Abdulla Abdullazad\u0259<br \/>\n  <\/figcaption><\/figure>\n<p>\n  \u201cHadis\u0259 yerin\u0259 g\u0259l\u0259n polis i\u015f\u00e7isi s\u0259rxo\u015f idi, biz\u0259 \u201cqodu\u011f u\u015fa\u011f\u0131, c\u0259h\u0259nn\u0259m olun, n\u0259 var \u0259l-aya\u011fa dola\u015f\u0131rs\u0131z\u201d deyib, t\u0259hqir ed\u0259nd\u0259 ona hadis\u0259 yerin\u0259 s\u0259rxo\u015f g\u0259lm\u0259sini irad tutduq. V\u0259t\u0259nda\u015flara qar\u015f\u0131 \u0259d\u0259bsiz davran\u0131\u015f\u0131na etiraz\u0131m\u0131z\u0131 bildirdik. \u00c7\u00fcnki m\u0259nd\u0259n \u0259vv\u0259l ba\u015fqa bir n\u0259f\u0259r\u0259 t\u0259r\u0259f cummu\u015fdu, onu vurmaq ist\u0259y\u0259nd\u0259 ba\u015fqa bir polis i\u015f\u00e7isi qar\u015f\u0131s\u0131na ke\u00e7ib dedi ki, i\u015fin olmas\u0131n, tan\u0131\u015f adamd\u0131r, ay\u0131bd\u0131r. O da h\u0259min adama \u201cqurban olasan buna, yoxsa s\u0259ni \u015f\u00f6b\u0259y\u0259 apar\u0131b cibin\u0259 n\u0259\u015f\u0259 atard\u0131m, a\u011fl\u0131n ba\u015f\u0131na g\u0259l\u0259rdi,\u201d- dedi. Sonra da ondan \u0259l \u00e7\u0259kib m\u0259nim \u00fcst\u00fcm\u0259 cumdu, boynumdan yap\u0131\u015f\u0131b m\u0259ni s\u00fcr\u00fcy\u0259-s\u00fcr\u00fcy\u0259 apard\u0131, aya\u011f\u0131ma t\u0259pik vurdu, t\u0259xmin\u0259n 10 metr s\u00fcr\u00fcy\u0259nd\u0259n sonra k\u00fcr\u0259yimd\u0259n yumruq ili\u015fdirdi, s\u0259nd\u0259l\u0259yib y\u0131x\u0131ld\u0131m. Adamlar \u00f6rtaya girdi, ondan sonra hu\u015fumu itirmi\u015f\u0259m, orada olan adamlar\u0131n k\u00f6m\u0259kliyi il\u0259 evim\u0259 g\u00f6t\u00fcr\u00fclm\u00fc\u015f\u0259m. V\u0259ziyy\u0259tim a\u011f\u0131r oldu\u011fundan t\u0259cili yard\u0131m \u00e7a\u011f\u0131r\u0131l\u0131b, m\u0259ni A\u011fru Rayon M\u0259rk\u0259zi X\u0259st\u0259xanas\u0131na g\u00f6t\u00fcr\u00fcbl\u0259r, 24 g\u00fcn m\u00fcalic\u0259 alm\u0131\u015fam. Onu da bildirim ki, \u00fcr\u0259k x\u0259st\u0259liyin\u0259 g\u00f6r\u0259 2-ci qrup \u0259lil\u0259m. Ekspertizadan ke\u00e7irilmi\u015f\u0259m. Bununla bel\u0259, rayon prokurorlu\u011fu polisin qanunsuz h\u0259r\u0259k\u0259tl\u0259rini \u00f6rt-basd\u0131r etm\u0259kl\u0259 m\u0259\u015f\u011fuldur\u201d.\n<\/p>\n<p>\n  A\u011fsu Rayon Polis \u015e\u00f6b\u0259sind\u0259n bildirilib ki, v\u0259t\u0259nda\u015flar \u015e\u00f6hr\u0259t \u018fl\u0259kb\u0259rovun v\u0259 Abdulla Abdullazad\u0259nin \u015fikay\u0259tl\u0259ri prokurorluq t\u0259r\u0259find\u0259n ara\u015fd\u0131r\u0131l\u0131b, t\u0259sdiqini tapmay\u0131b. \u015e\u00f6b\u0259d\u0259n \u0259lav\u0259 m\u0259lumat almaq \u00fc\u00e7\u00fcn prokurorlu\u011fa m\u00fcraci\u0259t etm\u0259yimizi bildiribl\u0259r. A\u011fsu Rayon Prokurorlu\u011fundansa bildirilib ki, \u015fikay\u0259t\u00e7i \u015f\u0259xs Abdulla Abdullazad\u0259nin h\u0259yat yolda\u015f\u0131 G\u00fclnar\u0259 Abdullazad\u0259 olub. M\u0259s\u0259l\u0259 ara\u015fd\u0131r\u0131l\u0131b, cinay\u0259t i\u015fi ba\u015flanmas\u0131n\u0131n r\u0259dd edilm\u0259si q\u0259rar\u0131 \u00e7\u0131xar\u0131l\u0131b, q\u0259rar\u0131n sur\u0259ti \u015fikay\u0259t\u00e7i \u015f\u0259xs\u0259 d\u0259 g\u00f6nd\u0259rilib.\n<\/p>\n<figure class=\"wp-block-image size-large\">\n  <img decoding=\"async\" src=\"https:\/\/www.meydan.tv\/az\/reg_agsu_sened_2-jpg\/\" alt=\"reg_agsu_sened_2.jpg\" class=\"wp-image-125788\"\/><figcaption>\n    aray\u0131\u015f<br \/>\n  <\/figcaption><\/figure>\n<p>\n  Anar H\u0259midov prokurorlu\u011fa izahat\u0131nda bildirib ki, A\u011fsu Rayon Polis \u015e\u00f6b\u0259sinin post-patrul xidm\u0259tinin manqa komandiridir, polis ba\u015f serjant\u0131d\u0131r. R\u0259sulzad\u0259 k\u00fc\u00e7\u0259sind\u0259 avtoq\u0259za il\u0259 ba\u011fl\u0131 m\u0259lumat alan kimi h\u0259min \u0259raziy\u0259 gedib. Hadis\u0259 yerin\u0259 topla\u015fan v\u0259t\u0259nda\u015flardan hadis\u0259 yerinin m\u00fcayin\u0259sin\u0259 mane\u00e7ilik yaratd\u0131qlar\u0131n\u0131 bildir\u0259r\u0259k oradan k\u0259narla\u015fmas\u0131n\u0131 t\u0259l\u0259b edib. Adamlar t\u0259l\u0259b\u0259 \u0259m\u0259l etm\u0259dikl\u0259ri \u00fc\u00e7\u00fcn t\u0259l\u0259bini daha y\u00fcks\u0259k s\u0259sl\u0259 t\u0259krarlamal\u0131 olub. \u015eikay\u0259t\u00e7il\u0259rin dediyi kimi, onlara qar\u015f\u0131 kobudluq v\u0259 fiziki zor t\u0259tbiq etm\u0259yib. N\u00f6vb\u0259ti g\u00fcn s\u0259h\u0259r ona m\u0259lum olub ki, Abdulla Abdullazad\u0259 onunla ba\u011fl\u0131 D\u0130N 102 xidm\u0259tin\u0259 \u015fikay\u0259t edib.\n<\/p>\n<p>\n  H\u0259r iki \u015fikay\u0259t\u00e7ini m\u0259yus ed\u0259n s\u0259b\u0259b polis \u0259m\u0259kda\u015f\u0131 il\u0259 ba\u011fl\u0131 qanuni t\u0259dbirl\u0259rin g\u00f6r\u00fclm\u0259m\u0259sidir. Onlar bildiribl\u0259r ki, n\u00f6vb\u0259ti d\u0259f\u0259 prezident\u0259, daxili i\u015fl\u0259r nazirin\u0259 v\u0259 Ba\u015f prokurora m\u00fcraci\u0259t ed\u0259c\u0259kl\u0259r.<\/p>\n","protected":false},"excerpt":{"rendered":"<p>Anar H\u0259midov prokurorlu\u011fa izahat\u0131nda bildirib ki, A\u011fsu Rayon Polis \u015e\u00f6b\u0259sinin post-patrul xidm\u0259tinin manqa komandiridir, polis ba\u015f serjant\u0131d\u0131r.<\/p>\n","protected":false},"author":11,"featured_media":125779,"comment_status":"closed","ping_status":"open","sticky":false,"template":"","format":"standard","meta":{"_acf_changed":false,"_sitemap_exclude":false,"_sitemap_priority":"","_sitemap_frequency":"","footnotes":""},"categories":[60],"tags":[],"class_list":["post-195973","post","type-post","status-publish","format-standard","has-post-thumbnail","hentry","category-bolge","infinite-scroll-item","generate-columns","tablet-grid-50","mobile-grid-100","grid-parent","grid-33","no-featured-image-padding"],"acf":[],"yoast_head":"<!-- This site is optimized with the Yoast SEO plugin v27.4 - https:\/\/yoast.com\/product\/yoast-seo-wordpress\/ -->\n<title>A\u011fsu sakini: Polis m\u0259ni s\u00fcr\u00fcy\u00fcb, 24 g\u00fcn x\u0259st\u0259xanada yatm\u0131\u015fam - MEYDAN.TV<\/title>\n<meta name=\"robots\" content=\"index, follow, max-snippet:-1, max-image-preview:large, max-video-preview:-1\" \/>\n<link rel=\"canonical\" href=\"https:\/\/www.meydan.tv\/az\/article\/agsu-sakini-polis-meni-suruyub-24-gun-xestexanada-yatmisam\/\" \/>\n<meta property=\"og:locale\" content=\"az_AZ\" \/>\n<meta property=\"og:type\" content=\"article\" \/>\n<meta property=\"og:title\" content=\"A\u011fsu sakini: Polis m\u0259ni s\u00fcr\u00fcy\u00fcb, 24 g\u00fcn x\u0259st\u0259xanada yatm\u0131\u015fam - MEYDAN.TV\" \/>\n<meta property=\"og:description\" content=\"Anar H\u0259midov prokurorlu\u011fa izahat\u0131nda bildirib ki, A\u011fsu Rayon Polis \u015e\u00f6b\u0259sinin post-patrul xidm\u0259tinin manqa komandiridir, polis ba\u015f serjant\u0131d\u0131r.\" \/>\n<meta property=\"og:url\" content=\"https:\/\/www.meydan.tv\/az\/article\/agsu-sakini-polis-meni-suruyub-24-gun-xestexanada-yatmisam\/\" \/>\n<meta property=\"og:site_name\" content=\"MEYDAN.TV\" \/>\n<meta property=\"article:published_time\" content=\"2019-06-25T12:19:00+00:00\" \/>\n<meta property=\"og:image\" content=\"https:\/\/www.meydan.tv\/wp-content\/uploads\/reg_agsu_shohrat_alakbarov.jpg\" \/>\n\t<meta property=\"og:image:width\" content=\"1280\" \/>\n\t<meta property=\"og:image:height\" content=\"720\" \/>\n\t<meta property=\"og:image:type\" content=\"image\/jpeg\" \/>\n<meta name=\"author\" content=\"user-manager\" \/>\n<meta name=\"twitter:card\" content=\"summary_large_image\" \/>\n<script type=\"application\/ld+json\" class=\"yoast-schema-graph\">{\"@context\":\"https:\\\/\\\/schema.org\",\"@graph\":[{\"@type\":\"Article\",\"@id\":\"https:\\\/\\\/www.meydan.tv\\\/az\\\/article\\\/agsu-sakini-polis-meni-suruyub-24-gun-xestexanada-yatmisam\\\/#article\",\"isPartOf\":{\"@id\":\"https:\\\/\\\/www.meydan.tv\\\/az\\\/article\\\/agsu-sakini-polis-meni-suruyub-24-gun-xestexanada-yatmisam\\\/\"},\"author\":{\"name\":\"user-manager\",\"@id\":\"https:\\\/\\\/www.meydan.tv\\\/az\\\/#\\\/schema\\\/person\\\/10d11eccf6da3662cf5fdab9806ea91a\"},\"headline\":\"A\u011fsu sakini: Polis m\u0259ni s\u00fcr\u00fcy\u00fcb, 24 g\u00fcn x\u0259st\u0259xanada yatm\u0131\u015fam\",\"datePublished\":\"2019-06-25T12:19:00+00:00\",\"mainEntityOfPage\":{\"@id\":\"https:\\\/\\\/www.meydan.tv\\\/az\\\/article\\\/agsu-sakini-polis-meni-suruyub-24-gun-xestexanada-yatmisam\\\/\"},\"wordCount\":1152,\"publisher\":{\"@id\":\"https:\\\/\\\/www.meydan.tv\\\/az\\\/#organization\"},\"image\":{\"@id\":\"https:\\\/\\\/www.meydan.tv\\\/az\\\/article\\\/agsu-sakini-polis-meni-suruyub-24-gun-xestexanada-yatmisam\\\/#primaryimage\"},\"thumbnailUrl\":\"https:\\\/\\\/www.meydan.tv\\\/wp-content\\\/uploads\\\/reg_agsu_shohrat_alakbarov.jpg\",\"articleSection\":[\"B\u00f6lg\u0259\"],\"inLanguage\":\"az\"},{\"@type\":\"WebPage\",\"@id\":\"https:\\\/\\\/www.meydan.tv\\\/az\\\/article\\\/agsu-sakini-polis-meni-suruyub-24-gun-xestexanada-yatmisam\\\/\",\"url\":\"https:\\\/\\\/www.meydan.tv\\\/az\\\/article\\\/agsu-sakini-polis-meni-suruyub-24-gun-xestexanada-yatmisam\\\/\",\"name\":\"A\u011fsu sakini: Polis m\u0259ni s\u00fcr\u00fcy\u00fcb, 24 g\u00fcn x\u0259st\u0259xanada yatm\u0131\u015fam - MEYDAN.TV\",\"isPartOf\":{\"@id\":\"https:\\\/\\\/www.meydan.tv\\\/az\\\/#website\"},\"primaryImageOfPage\":{\"@id\":\"https:\\\/\\\/www.meydan.tv\\\/az\\\/article\\\/agsu-sakini-polis-meni-suruyub-24-gun-xestexanada-yatmisam\\\/#primaryimage\"},\"image\":{\"@id\":\"https:\\\/\\\/www.meydan.tv\\\/az\\\/article\\\/agsu-sakini-polis-meni-suruyub-24-gun-xestexanada-yatmisam\\\/#primaryimage\"},\"thumbnailUrl\":\"https:\\\/\\\/www.meydan.tv\\\/wp-content\\\/uploads\\\/reg_agsu_shohrat_alakbarov.jpg\",\"datePublished\":\"2019-06-25T12:19:00+00:00\",\"breadcrumb\":{\"@id\":\"https:\\\/\\\/www.meydan.tv\\\/az\\\/article\\\/agsu-sakini-polis-meni-suruyub-24-gun-xestexanada-yatmisam\\\/#breadcrumb\"},\"inLanguage\":\"az\",\"potentialAction\":[{\"@type\":\"ReadAction\",\"target\":[\"https:\\\/\\\/www.meydan.tv\\\/az\\\/article\\\/agsu-sakini-polis-meni-suruyub-24-gun-xestexanada-yatmisam\\\/\"]}]},{\"@type\":\"ImageObject\",\"inLanguage\":\"az\",\"@id\":\"https:\\\/\\\/www.meydan.tv\\\/az\\\/article\\\/agsu-sakini-polis-meni-suruyub-24-gun-xestexanada-yatmisam\\\/#primaryimage\",\"url\":\"https:\\\/\\\/www.meydan.tv\\\/wp-content\\\/uploads\\\/reg_agsu_shohrat_alakbarov.jpg\",\"contentUrl\":\"https:\\\/\\\/www.meydan.tv\\\/wp-content\\\/uploads\\\/reg_agsu_shohrat_alakbarov.jpg\",\"width\":1280,\"height\":720,\"caption\":\"Source: meydan tv\"},{\"@type\":\"BreadcrumbList\",\"@id\":\"https:\\\/\\\/www.meydan.tv\\\/az\\\/article\\\/agsu-sakini-polis-meni-suruyub-24-gun-xestexanada-yatmisam\\\/#breadcrumb\",\"itemListElement\":[{\"@type\":\"ListItem\",\"position\":1,\"name\":\"Ana s\u0259hif\u0259\",\"item\":\"https:\\\/\\\/www.meydan.tv\\\/az\\\/\"},{\"@type\":\"ListItem\",\"position\":2,\"name\":\"B\u00f6lg\u0259\",\"item\":\"https:\\\/\\\/www.meydan.tv\\\/az\\\/section\\\/bolge\\\/\"},{\"@type\":\"ListItem\",\"position\":3,\"name\":\"A\u011fsu sakini: Polis m\u0259ni s\u00fcr\u00fcy\u00fcb, 24 g\u00fcn x\u0259st\u0259xanada yatm\u0131\u015fam\"}]},{\"@type\":\"WebSite\",\"@id\":\"https:\\\/\\\/www.meydan.tv\\\/az\\\/#website\",\"url\":\"https:\\\/\\\/www.meydan.tv\\\/az\\\/\",\"name\":\"MEYDAN.TV\",\"description\":\"Meydan TV Az\u0259rbaycan\u0131n media m\u0259kan\u0131ndak\u0131 alternativ s\u0259sidir\",\"publisher\":{\"@id\":\"https:\\\/\\\/www.meydan.tv\\\/az\\\/#organization\"},\"potentialAction\":[{\"@type\":\"SearchAction\",\"target\":{\"@type\":\"EntryPoint\",\"urlTemplate\":\"https:\\\/\\\/www.meydan.tv\\\/az\\\/?s={search_term_string}\"},\"query-input\":{\"@type\":\"PropertyValueSpecification\",\"valueRequired\":true,\"valueName\":\"search_term_string\"}}],\"inLanguage\":\"az\"},{\"@type\":\"Organization\",\"@id\":\"https:\\\/\\\/www.meydan.tv\\\/az\\\/#organization\",\"name\":\"Meydan TV\",\"url\":\"https:\\\/\\\/www.meydan.tv\\\/az\\\/\",\"logo\":{\"@type\":\"ImageObject\",\"inLanguage\":\"az\",\"@id\":\"https:\\\/\\\/www.meydan.tv\\\/az\\\/#\\\/schema\\\/logo\\\/image\\\/\",\"url\":\"https:\\\/\\\/www.meydan.tv\\\/wp-content\\\/uploads\\\/2021\\\/07\\\/meydan-logo.svg\",\"contentUrl\":\"https:\\\/\\\/www.meydan.tv\\\/wp-content\\\/uploads\\\/2021\\\/07\\\/meydan-logo.svg\",\"width\":195,\"height\":46,\"caption\":\"Meydan TV\"},\"image\":{\"@id\":\"https:\\\/\\\/www.meydan.tv\\\/az\\\/#\\\/schema\\\/logo\\\/image\\\/\"}},{\"@type\":\"Person\",\"@id\":\"https:\\\/\\\/www.meydan.tv\\\/az\\\/#\\\/schema\\\/person\\\/10d11eccf6da3662cf5fdab9806ea91a\",\"name\":\"user-manager\"}]}<\/script>\n<!-- \/ Yoast SEO plugin. -->","yoast_head_json":{"title":"A\u011fsu sakini: Polis m\u0259ni s\u00fcr\u00fcy\u00fcb, 24 g\u00fcn x\u0259st\u0259xanada yatm\u0131\u015fam - MEYDAN.TV","robots":{"index":"index","follow":"follow","max-snippet":"max-snippet:-1","max-image-preview":"max-image-preview:large","max-video-preview":"max-video-preview:-1"},"canonical":"https:\/\/www.meydan.tv\/az\/article\/agsu-sakini-polis-meni-suruyub-24-gun-xestexanada-yatmisam\/","og_locale":"az_AZ","og_type":"article","og_title":"A\u011fsu sakini: Polis m\u0259ni s\u00fcr\u00fcy\u00fcb, 24 g\u00fcn x\u0259st\u0259xanada yatm\u0131\u015fam - MEYDAN.TV","og_description":"Anar H\u0259midov prokurorlu\u011fa izahat\u0131nda bildirib ki, A\u011fsu Rayon Polis \u015e\u00f6b\u0259sinin post-patrul xidm\u0259tinin manqa komandiridir, polis ba\u015f serjant\u0131d\u0131r.","og_url":"https:\/\/www.meydan.tv\/az\/article\/agsu-sakini-polis-meni-suruyub-24-gun-xestexanada-yatmisam\/","og_site_name":"MEYDAN.TV","article_published_time":"2019-06-25T12:19:00+00:00","og_image":[{"width":1280,"height":720,"url":"https:\/\/www.meydan.tv\/wp-content\/uploads\/reg_agsu_shohrat_alakbarov.jpg","type":"image\/jpeg"}],"author":"user-manager","twitter_card":"summary_large_image","schema":{"@context":"https:\/\/schema.org","@graph":[{"@type":"Article","@id":"https:\/\/www.meydan.tv\/az\/article\/agsu-sakini-polis-meni-suruyub-24-gun-xestexanada-yatmisam\/#article","isPartOf":{"@id":"https:\/\/www.meydan.tv\/az\/article\/agsu-sakini-polis-meni-suruyub-24-gun-xestexanada-yatmisam\/"},"author":{"name":"user-manager","@id":"https:\/\/www.meydan.tv\/az\/#\/schema\/person\/10d11eccf6da3662cf5fdab9806ea91a"},"headline":"A\u011fsu sakini: Polis m\u0259ni s\u00fcr\u00fcy\u00fcb, 24 g\u00fcn x\u0259st\u0259xanada yatm\u0131\u015fam","datePublished":"2019-06-25T12:19:00+00:00","mainEntityOfPage":{"@id":"https:\/\/www.meydan.tv\/az\/article\/agsu-sakini-polis-meni-suruyub-24-gun-xestexanada-yatmisam\/"},"wordCount":1152,"publisher":{"@id":"https:\/\/www.meydan.tv\/az\/#organization"},"image":{"@id":"https:\/\/www.meydan.tv\/az\/article\/agsu-sakini-polis-meni-suruyub-24-gun-xestexanada-yatmisam\/#primaryimage"},"thumbnailUrl":"https:\/\/www.meydan.tv\/wp-content\/uploads\/reg_agsu_shohrat_alakbarov.jpg","articleSection":["B\u00f6lg\u0259"],"inLanguage":"az"},{"@type":"WebPage","@id":"https:\/\/www.meydan.tv\/az\/article\/agsu-sakini-polis-meni-suruyub-24-gun-xestexanada-yatmisam\/","url":"https:\/\/www.meydan.tv\/az\/article\/agsu-sakini-polis-meni-suruyub-24-gun-xestexanada-yatmisam\/","name":"A\u011fsu sakini: Polis m\u0259ni s\u00fcr\u00fcy\u00fcb, 24 g\u00fcn x\u0259st\u0259xanada yatm\u0131\u015fam - MEYDAN.TV","isPartOf":{"@id":"https:\/\/www.meydan.tv\/az\/#website"},"primaryImageOfPage":{"@id":"https:\/\/www.meydan.tv\/az\/article\/agsu-sakini-polis-meni-suruyub-24-gun-xestexanada-yatmisam\/#primaryimage"},"image":{"@id":"https:\/\/www.meydan.tv\/az\/article\/agsu-sakini-polis-meni-suruyub-24-gun-xestexanada-yatmisam\/#primaryimage"},"thumbnailUrl":"https:\/\/www.meydan.tv\/wp-content\/uploads\/reg_agsu_shohrat_alakbarov.jpg","datePublished":"2019-06-25T12:19:00+00:00","breadcrumb":{"@id":"https:\/\/www.meydan.tv\/az\/article\/agsu-sakini-polis-meni-suruyub-24-gun-xestexanada-yatmisam\/#breadcrumb"},"inLanguage":"az","potentialAction":[{"@type":"ReadAction","target":["https:\/\/www.meydan.tv\/az\/article\/agsu-sakini-polis-meni-suruyub-24-gun-xestexanada-yatmisam\/"]}]},{"@type":"ImageObject","inLanguage":"az","@id":"https:\/\/www.meydan.tv\/az\/article\/agsu-sakini-polis-meni-suruyub-24-gun-xestexanada-yatmisam\/#primaryimage","url":"https:\/\/www.meydan.tv\/wp-content\/uploads\/reg_agsu_shohrat_alakbarov.jpg","contentUrl":"https:\/\/www.meydan.tv\/wp-content\/uploads\/reg_agsu_shohrat_alakbarov.jpg","width":1280,"height":720,"caption":"Source: meydan tv"},{"@type":"BreadcrumbList","@id":"https:\/\/www.meydan.tv\/az\/article\/agsu-sakini-polis-meni-suruyub-24-gun-xestexanada-yatmisam\/#breadcrumb","itemListElement":[{"@type":"ListItem","position":1,"name":"Ana s\u0259hif\u0259","item":"https:\/\/www.meydan.tv\/az\/"},{"@type":"ListItem","position":2,"name":"B\u00f6lg\u0259","item":"https:\/\/www.meydan.tv\/az\/section\/bolge\/"},{"@type":"ListItem","position":3,"name":"A\u011fsu sakini: Polis m\u0259ni s\u00fcr\u00fcy\u00fcb, 24 g\u00fcn x\u0259st\u0259xanada yatm\u0131\u015fam"}]},{"@type":"WebSite","@id":"https:\/\/www.meydan.tv\/az\/#website","url":"https:\/\/www.meydan.tv\/az\/","name":"MEYDAN.TV","description":"Meydan TV Az\u0259rbaycan\u0131n media m\u0259kan\u0131ndak\u0131 alternativ s\u0259sidir","publisher":{"@id":"https:\/\/www.meydan.tv\/az\/#organization"},"potentialAction":[{"@type":"SearchAction","target":{"@type":"EntryPoint","urlTemplate":"https:\/\/www.meydan.tv\/az\/?s={search_term_string}"},"query-input":{"@type":"PropertyValueSpecification","valueRequired":true,"valueName":"search_term_string"}}],"inLanguage":"az"},{"@type":"Organization","@id":"https:\/\/www.meydan.tv\/az\/#organization","name":"Meydan TV","url":"https:\/\/www.meydan.tv\/az\/","logo":{"@type":"ImageObject","inLanguage":"az","@id":"https:\/\/www.meydan.tv\/az\/#\/schema\/logo\/image\/","url":"https:\/\/www.meydan.tv\/wp-content\/uploads\/2021\/07\/meydan-logo.svg","contentUrl":"https:\/\/www.meydan.tv\/wp-content\/uploads\/2021\/07\/meydan-logo.svg","width":195,"height":46,"caption":"Meydan TV"},"image":{"@id":"https:\/\/www.meydan.tv\/az\/#\/schema\/logo\/image\/"}},{"@type":"Person","@id":"https:\/\/www.meydan.tv\/az\/#\/schema\/person\/10d11eccf6da3662cf5fdab9806ea91a","name":"user-manager"}]}},"_links":{"self":[{"href":"https:\/\/www.meydan.tv\/az\/wp-json\/wp\/v2\/posts\/195973","targetHints":{"allow":["GET"]}}],"collection":[{"href":"https:\/\/www.meydan.tv\/az\/wp-json\/wp\/v2\/posts"}],"about":[{"href":"https:\/\/www.meydan.tv\/az\/wp-json\/wp\/v2\/types\/post"}],"author":[{"embeddable":true,"href":"https:\/\/www.meydan.tv\/az\/wp-json\/wp\/v2\/users\/11"}],"replies":[{"embeddable":true,"href":"https:\/\/www.meydan.tv\/az\/wp-json\/wp\/v2\/comments?post=195973"}],"version-history":[{"count":0,"href":"https:\/\/www.meydan.tv\/az\/wp-json\/wp\/v2\/posts\/195973\/revisions"}],"wp:featuredmedia":[{"embeddable":true,"href":"https:\/\/www.meydan.tv\/az\/wp-json\/wp\/v2\/media\/125779"}],"wp:attachment":[{"href":"https:\/\/www.meydan.tv\/az\/wp-json\/wp\/v2\/media?parent=195973"}],"wp:term":[{"taxonomy":"category","embeddable":true,"href":"https:\/\/www.meydan.tv\/az\/wp-json\/wp\/v2\/categories?post=195973"},{"taxonomy":"post_tag","embeddable":true,"href":"https:\/\/www.meydan.tv\/az\/wp-json\/wp\/v2\/tags?post=195973"}],"curies":[{"name":"wp","href":"https:\/\/api.w.org\/{rel}","templated":true}]}}