{"id":195970,"date":"2019-06-25T10:02:52","date_gmt":"2019-06-25T10:02:52","guid":{"rendered":"https:\/\/www.meydan.tv\/article\/gurcustan-rusiya-munasibetlerinin-gerginlesmesinde-behane-axtarisi\/"},"modified":"2019-06-25T10:02:52","modified_gmt":"2019-06-25T10:02:52","slug":"gurcustan-rusiya-munasibetlerinin-gerginlesmesinde-behane-axtarisi","status":"publish","type":"post","link":"https:\/\/www.meydan.tv\/az\/article\/gurcustan-rusiya-munasibetlerinin-gerginlesmesinde-behane-axtarisi\/","title":{"rendered":"G\u00fcrc\u00fcstan-Rusiya m\u00fcnasib\u0259tl\u0259rinin g\u0259rginl\u0259\u015fm\u0259sind\u0259 b\u0259han\u0259 axtar\u0131\u015f\u0131"},"content":{"rendered":"<p>\n  B\u00fct\u00fcn m\u00fc\u0259llifl\u0259r v\u0259 informasiya saytlar\u0131 eyni hadis\u0259l\u0259ri iki \u0259ks bax\u0131mdan v\u0259 d\u0259y\u0259rl\u0259ndirm\u0259 il\u0259 izah edirl\u0259r\n<\/p>\n<p>\n  Kim dey\u0259 bil\u0259rdi ki, on d\u00f6rd postsovet respublikas\u0131ndan yaln\u0131z G\u00fcrc\u00fcstan Rusiya il\u0259 diplomatik m\u00fcnasib\u0259tl\u0259rini pozacaq? H\u0259min respublikalardan \u00e7oxunun SSR\u0130-nin varisi il\u0259 m\u00fcnasib\u0259tl\u0259ri g\u0259rgindir, Moskvan\u0131n \u201cvasit\u0259\u00e7i\u201d kimi \u00e7\u0131x\u0131\u015f etdiyi m\u00fcnaqi\u015f\u0259l\u0259rd\u0259n \u0259ziyy\u0259t \u00e7\u0259kir, Ukrayna \u0259razil\u0259rini itirir v\u0259 hibrid m\u00fcharib\u0259sin\u0259 c\u0259lb edilir. Ancaq G\u00fcrc\u00fcstan il\u0259 hadis\u0259 b\u00fct\u00fcn analitikl\u0259rin d\u0259 etiraf etdiyi kimi, ba\u015fqad\u0131r. RF-in \u201cyax\u0131n xarici\u201d d\u00f6vl\u0259tl\u0259r\u0259 qar\u015f\u0131 m\u00fcnasib\u0259tind\u0259 xarici siyasi f\u0259aliyy\u0259ti n\u0259 q\u0259d\u0259r perspektivlidir ki, h\u0259tta \u201cm\u00fctt\u0259fiq d\u00f6vl\u0259t\u201din yarad\u0131lmas\u0131nda ilk namiz\u0259d olan Belarus da Rusiya il\u0259 tez-tez m\u00fcnaqi\u015f\u0259 edir? B\u0259zi MDB \u00f6lk\u0259l\u0259ri Moskvan\u0131n s\u0259rt himay\u0259sind\u0259n \u00e7\u0131xmaq \u00fc\u00e7\u00fcn m\u00fcnasib\u0259tl\u0259rin pisl\u0259\u015fm\u0259sind\u0259n \u00f6tr\u00fc h\u0259r hans\u0131 b\u0259han\u0259 axtar\u0131rm\u0131? \u0130yunun 19-22-d\u0259 Tbilisid\u0259 25 \u00f6lk\u0259d\u0259n 100 n\u00fcmay\u0259nd\u0259nin i\u015ftirak\u0131 il\u0259 ke\u00e7iril\u0259n Parlamentl\u0259raras\u0131 Pravoslav Assambleyas\u0131n\u0131n (PPA) 26-c\u0131 Ba\u015f sessiyas\u0131 sonuncu sual\u0131 m\u00fcsb\u0259t cavablama\u011fa sanki \u0259sas verir.\n<\/p>\n<p>\n  PPA 1993-c\u00fc ild\u0259 Yunan\u0131stan parlamentinin t\u0259\u015f\u0259bb\u00fcs\u00fc il\u0259 yarad\u0131l\u0131b. Yunan\u0131stanla yana\u015f\u0131 assambleyada lider rol Rusiyaya da m\u0259xsusdur. \u0130\u015ftirak\u00e7\u0131lar\u0131n say\u0131 25-dir, m\u0259nzil-q\u0259rargah Afinada yerl\u0259\u015fir. PPA-n\u0131n \u0259sas v\u0259zif\u0259l\u0259ri c\u0259miyy\u0259td\u0259 pravoslavl\u0131\u011f\u0131n maraqlar\u0131na cavab ver\u0259n qanunlar\u0131n milli parlamentl\u0259r t\u0259r\u0259find\u0259n q\u0259buluna yard\u0131m v\u0259 qanunvericilik f\u0259aliyy\u0259tinin koordinasiyas\u0131, kils\u0259l\u0259raras\u0131 \u00fcnsiyy\u0259tin inki\u015faf\u0131na yard\u0131m, pravoslavl\u0131\u011f\u0131n m\u0259n\u0259vi d\u0259y\u0259rl\u0259rinin qorunmas\u0131 i\u015find\u0259 siyasi t\u0259dbirl\u0259rin g\u00fccl\u0259ndirilm\u0259sidir.\n<\/p>\n<p>\n  B\u00fct\u00fcn m\u00fc\u0259llifl\u0259r v\u0259 informasiya saytlar\u0131 eyni hadis\u0259l\u0259ri iki \u0259ks bax\u0131mdan v\u0259 d\u0259y\u0259rl\u0259ndirm\u0259 il\u0259 izah edirl\u0259r.\n<\/p>\n<p>\n  Bel\u0259 dey\u0259k, &quot;g\u00fcrc\u00fcsaya\u011f\u0131 versiya&quot;: RF D\u00f6vl\u0259t Dumas\u0131n\u0131n v\u0259t\u0259nda\u015f c\u0259miyy\u0259tinin inki\u015faf\u0131, ictimai v\u0259 dini birlikl\u0259rin m\u0259s\u0259l\u0259l\u0259ri \u00fczr\u0259 komit\u0259sinin r\u0259hb\u0259ri, RFKP \u00fczv\u00fc, PPA prezidenti Sergey Qavrilov bu t\u0259\u015fkilat\u0131n 26-c\u0131 Ba\u015f sessiyas\u0131n\u0131n pozulmas\u0131na s\u0259b\u0259b olub.\n<\/p>\n<p>\n  S.Qavrilov sessiyan\u0131 parlament s\u0259drinin k\u00fcrs\u00fcs\u00fcnd\u0259 oturaraq a\u00e7\u0131b, bundan \u00f6nc\u0259 is\u0259 G\u00fcrc\u00fcstan K\u0130V-\u0259 bildirib ki, Abxaziya v\u0259 C\u0259nubi Osetiyan\u0131 G\u00fcrc\u00fcstan\u0131n bir hiss\u0259si kimi tan\u0131m\u0131r; &quot;Antii\u015f\u011fal h\u0259r\u0259kat\u0131&quot;n\u0131n lideri D.Katsarava ittiham ir\u0259li s\u00fcr\u00fcb ki, Qavrilov Abxaziyada v\u0259 Dnestryan\u0131da separat\u00e7\u0131lar\u0131n t\u0259r\u0259find\u0259 d\u00f6y\u00fc\u015f\u00fcb, h\u0259m\u00e7inin Rusiyan\u0131n G\u00fcrc\u00fcstan\u0131n iki b\u00f6lg\u0259sinin m\u00fcst\u0259qilliyini tan\u0131mas\u0131 bar\u0259d\u0259 akt\u0131 imzalay\u0131b.\n<\/p>\n<p>\n  Bundan sonra Tbilisid\u0259 ba\u015f ver\u0259n etiraz aksiyas\u0131 zaman\u0131 sessiya i\u015ftirak\u00e7\u0131s\u0131, Ukraynadan olan deputat Yelenski deyib: &quot;\u00d6lk\u0259l\u0259rd\u0259n biri dig\u0259r pravoslav \u00f6lk\u0259l\u0259rin\u0259 &#8211; Ukrayna, G\u00fcrc\u00fcstan, Moldovaya qar\u015f\u0131 t\u0259cav\u00fcz akt\u0131 h\u0259yata ke\u00e7irirs\u0259, pravoslav h\u0259mr\u0259yliyind\u0259n dan\u0131\u015fmaq m\u00fcmk\u00fcn deyil. Bizim \u00f6lk\u0259l\u0259rin ald\u0131\u011f\u0131 ibr\u0259t d\u0259rsl\u0259ri biz\u0259 deyir ki, t\u0259cav\u00fczkara r\u0259hm etm\u0259k olmaz. Onu ancaq dayand\u0131rmaq laz\u0131md\u0131r&quot;.\n<\/p>\n<p>\n  &quot;Rusiyasaya\u011f\u0131 versiya: Qavrilov bildirir ki, sessiyan\u0131n s\u0259dri kimi ona haran\u0131 g\u00f6st\u0259ribl\u0259r, o da orada oturub v\u0259 bu &quot;Vahid Milli H\u0259r\u0259kat&quot; v\u0259 &quot;Avropa G\u00fcrc\u00fcstan\u0131&quot;ndan olan m\u00fcxalif\u0259t\u00e7i deputatlar\u0131n naraz\u0131l\u0131\u011f\u0131na s\u0259b\u0259b olub v\u0259 onlar iclas\u0131 t\u0259rk edibl\u0259r. Sonra radikallar parlamentin binas\u0131n\u0131 tutublar. Aksiya i\u015ftirak\u00e7\u0131lar\u0131 rusiyal\u0131 deputatlardan d\u0259rhal G\u00fcrc\u00fcstan\u0131 t\u0259rk etm\u0259yi t\u0259l\u0259b edibl\u0259r. Bundan \u0259lav\u0259, onlar spiker \u0130rakli Kobaxidze v\u0259 D\u0130N r\u0259hb\u0259ri Georgi Qaxariyan\u0131n istefas\u0131n\u0131 t\u0259l\u0259b edibl\u0259r. Qavrilov \u0259lav\u0259 edib ki, ekstremistl\u0259r onu haqq-hesab \u00e7\u0259km\u0259kl\u0259 h\u0259d\u0259l\u0259yibl\u0259r, vurublar v\u0259 sessiyan\u0131n s\u0259n\u0259dl\u0259rini \u0259l\u0259 ke\u00e7irm\u0259y\u0259 c\u0259hd edibl\u0259r. &quot;B\u0259yan edir\u0259m ki, he\u00e7 vaxt Abxaziyada v\u0259 dig\u0259r \u00f6lk\u0259d\u0259 h\u0259rbi \u0259m\u0259liyyatlarda i\u015ftirak etm\u0259dim. He\u00e7 bir zaman v\u0259 he\u00e7 bir yerd\u0259 d\u00f6y\u00fc\u015fl\u0259rd\u0259 i\u015ftirak etm\u0259dim, silah da\u015f\u0131mad\u0131m&quot;.\n<\/p>\n<p>\n  Sonrak\u0131 hadis\u0259l\u0259r K\u0130V-d\u0259 v\u0259 \u0130nternetd\u0259 yay\u0131lan x\u0259b\u0259rl\u0259rd\u0259n yax\u015f\u0131 m\u0259lumdur. Moskva v\u0259 Tbilisi bir-birini ittiham edir. C\u00fcm\u0259 g\u00fcn\u00fc, iyunun 21-d\u0259 Rusiya prezidenti Vladimir Putin RF avia\u015firk\u0259tl\u0259rin\u0259 Rusiyadan G\u00fcrc\u00fcstana hava s\u0259rni\u015fin da\u015f\u0131malar\u0131n\u0131 (h\u0259m\u00e7inin kommersiya) h\u0259yata ke\u00e7irm\u0259yi qada\u011fan etdi.\n<\/p>\n<p>\n  H\u0259m\u00e7inin Rusiya lideri h\u00f6kum\u0259t\u0259 tap\u015f\u0131rd\u0131 ki, G\u00fcrc\u00fcstanda m\u00fcv\u0259qq\u0259ti olan ruslar\u0131n \u00f6z v\u0259t\u0259nl\u0259rin\u0259 qay\u0131tmas\u0131n\u0131 t\u0259min etsin.\n<\/p>\n<p>\n  Prezident S.Zurabi\u015fvili hesab edir ki, RF il\u0259 pravoslav v\u0259 ya dig\u0259r \u0259laq\u0259l\u0259r bar\u0259d\u0259 he\u00e7 bir s\u00f6hb\u0259t ged\u0259 bilm\u0259z, \u00e7\u00fcnki siyasi m\u0259qs\u0259dl\u0259r\u0259 nail olmaqdan \u00f6tr\u00fc dind\u0259n istifad\u0259 Rusiya \u00fc\u00e7\u00fcn adi praktikaya \u00e7evrilib.\n<\/p>\n<p>\n  Bel\u0259 t\u0259\u0259ss\u00fcrat yaran\u0131r ki, \u00f6z\u00fc-\u00f6zl\u00fcy\u00fcnd\u0259 ba\u015f ver\u0259n hadis\u0259l\u0259r v\u0259 onlar\u0131n g\u0259l\u0259c\u0259k inki\u015faf\u0131 bir ne\u00e7\u0259 latent m\u00fcnaqi\u015f\u0259nin a\u00e7\u0131q siyasi m\u0259kana \u00e7evrilm\u0259si \u00fc\u00e7\u00fcn yaln\u0131z bir b\u0259han\u0259dir.\n<\/p>\n<p>\n  \u018fvv\u0259la, bu, son bir ne\u00e7\u0259 ildir ki, davam ed\u0259n Rusiya-G\u00fcrc\u00fcstan dialoqunun s\u0259m\u0259r\u0259sizliyidir. T\u0259r\u0259fl\u0259r bir-birin\u0259 q\u0259buledilm\u0259z \u015f\u0259rtl\u0259r ir\u0259li s\u00fcr\u00fcrl\u0259r. \u0130yunun 13-d\u0259 Praqada G\u00fcrc\u00fcstan\u0131n Ba\u015f nazirinin RF il\u0259 m\u00fcnasib\u0259tl\u0259rin nizamlanmas\u0131 m\u0259s\u0259l\u0259l\u0259ri \u00fczr\u0259 x\u00fcsusi n\u00fcmay\u0259nd\u0259si Z.Aba\u015fidze il\u0259 g\u00f6r\u00fc\u015fd\u0259n sonra RF X\u0130N r\u0259hb\u0259rinin m\u00fcavini G.Karasin bildirib ki, G\u00fcrc\u00fcstan\u0131n NATO-ya daxil olmas\u0131 G\u00fcrc\u00fcstanla Rusiya m\u00fcnasib\u0259tl\u0259ri \u00fc\u00e7\u00fcn &quot;ac\u0131nacaql\u0131&quot; olacaq.\n<\/p>\n<p>\n  &quot;Bu, daha \u00e7ox, Rusiya-G\u00fcrc\u00fcstan m\u00fcnasib\u0259tl\u0259ri \u00fc\u00e7\u00fcn t\u0259hl\u00fck\u0259lidir, n\u0259inki Rusiya&quot;. Karasin G\u00fcrc\u00fcstan\u0131n Anaklia \u015f\u0259h\u0259rind\u0259 d\u0259rinsulu liman\u0131n in\u015fas\u0131 il\u0259 ba\u011fl\u0131 AB\u015e d\u00f6vl\u0259t katibi M.Pompeonun iyunun 11-d\u0259 verdiyi b\u0259yanat\u0131 q\u0259buledilm\u0259z adland\u0131r\u0131b. Pompeo Tbilisiy\u0259 m\u0259sl\u0259h\u0259t g\u00f6r\u00fcb ki, Anakliada obyektin tikintisini ba\u015fa \u00e7atd\u0131rs\u0131nlar. Onun s\u00f6zl\u0259rin\u0259 g\u00f6r\u0259, bu, G\u00fcrc\u00fcstan iqtisadiyyat\u0131n\u0131 Rusiya v\u0259 \u00c7inin &#8211; &quot;\u0259slind\u0259 G\u00fcrc\u00fcstan\u0131n maraqlar\u0131n\u0131 d\u00fc\u015f\u00fcnm\u0259y\u0259n saxta dostlar\u0131n&quot; h\u0259dsiz t\u0259sirind\u0259n qoruyacaq&quot;.\n<\/p>\n<p>\n  Z.Aba\u015fidze Karasinin \u00f6z\u00fcn\u00fcn dan\u0131\u015f\u0131q tonunun q\u0259buledilm\u0259zliyini qeyd edib: &quot;Rusiyan\u0131n n\u00fcmay\u0259nd\u0259l\u0259ri t\u0259r\u0259find\u0259n t\u0259hdidedici tonda b\u0259yanatlar veril\u0259rk\u0259n biz bunun tamamil\u0259 q\u0259buledilm\u0259z oldu\u011funu hesab edirik. Qon\u015fu \u00f6lk\u0259l\u0259r bel\u0259 bir tonda dan\u0131\u015fmamal\u0131d\u0131r&quot;.\n<\/p>\n<p>\n  Xat\u0131rladaq ki, Anakliada in\u015fa edil\u0259n liman AB\u015e v\u0259 A\u0130 HDQ g\u0259mil\u0259rini q\u0259bul ed\u0259 bil\u0259c\u0259k.\n<\/p>\n<figure class=\"wp-block-image size-large\">\n  <img decoding=\"async\" src=\"https:\/\/www.meydan.tv\/az\/062400019847-jpg\/\" alt=\"062400019847.jpg\" class=\"wp-image-125893\"\/><figcaption>\n    Parlamentin qar\u015f\u0131s\u0131<br \/>\n  <\/figcaption><\/figure>\n<p>\n  Bel\u0259likl\u0259, G\u00fcrc\u00fcstan\u0131n NATO-ya \u00fczv olmaq c\u0259hdl\u0259ri g\u0259rgin m\u00fcnasib\u0259tl\u0259r\u0259 s\u0259b\u0259b oldu. G\u00fcrc\u00fcstan ba\u015fa d\u00fc\u015fd\u00fc ki, &quot;i\u015f\u011fal olunmu\u015f \u0259razil\u0259r&quot;in geri qaytar\u0131lmas\u0131 Rusiya-G\u00fcrc\u00fcstan m\u00fcnasib\u0259tl\u0259rinin v\u0259ziyy\u0259ti il\u0259 \u0259laq\u0259dar deyil, \u0259ksin\u0259, A\u0130-y\u0259 \u00fczv olmaq c\u0259hdidir v\u0259 NATO Tbilisiy\u0259 \u015fans verir.\n<\/p>\n<p>\n  &quot;M\u0259qs\u0259di G\u00fcrc\u00fcstan\u0131 yenid\u0259n \u00f6z\u00fcn\u00fcn t\u0259sir dair\u0259sin\u0259 salmaq olan Kreml il\u0259 g\u00fcz\u0259\u015ft siyas\u0259ti i\u015fl\u0259mir. Odur ki, bizim ed\u0259 bil\u0259c\u0259yimiz yegan\u0259 \u015fey \u00f6z t\u0259hl\u00fck\u0259sizliyimizi v\u0259 inki\u015faf\u0131m\u0131z\u0131 t\u0259min etm\u0259kdir, bu, demokratiyan\u0131n inki\u015faf\u0131nda \u00e7evik ir\u0259lil\u0259yi\u015f, demokratik institutlar\u0131n v\u0259 iqtisadiyyat\u0131n m\u00f6hk\u0259ml\u0259ndirilm\u0259si, Q\u0259rb standartlar\u0131na maksimum uy\u011funluq v\u0259 NATO-ya daxil olmaqd\u0131r&quot;, &#8211; politoloq Matsaberidze deyib.\n<\/p>\n<p>\n  G\u00fcrc\u00fcstan A.Bjezetskinin &quot;G\u00fcrc\u00fcstanda i\u011fti\u015fa\u015flar v\u0259 ya tarixin \u00f6yr\u0259nilm\u0259mi\u015f d\u0259rsi&quot; m\u0259qal\u0259sind\u0259 (&quot;Polityka&quot;, Pol\u015fa 21.06.2019) s\u00f6yl\u0259diyi s\u00f6zl\u0259r\u0259 qulaq asmal\u0131d\u0131r: &quot;2008-ci il g\u00f6st\u0259rdi ki, Moskvan\u0131 t\u0259hrik etm\u0259k asand\u0131r, Q\u0259rbin k\u00f6m\u0259yin\u0259 nail olmaq is\u0259 \u00e7\u0259tin&quot;. H\u0259qiq\u0259t\u0259n \u00f6t\u0259n on ild\u0259 G\u00fcrc\u00fcstan\u0131n NATO v\u0259 A\u0130 il\u0259 ir\u0259lil\u0259yi\u015fd\u0259 u\u011furlar\u0131 \u00e7oxdur.\n<\/p>\n<p>\n  G\u00fcrc\u00fcstan\u0131n indiki hakimiyy\u0259tinin probleml\u0259ri Rusiya il\u0259 b\u00f6hranl\u0131 m\u00fcnasib\u0259tl\u0259rl\u0259 bitmir. Analitikl\u0259r qeyd edirl\u0259r ki, haz\u0131rda i\u011fti\u015fa\u015flar siyasi b\u00f6hrana ke\u00e7ir, m\u00fcxalif\u0259t v\u0259ziyy\u0259td\u0259n maksimum yararlanmaq ist\u0259yir. H\u0259tta m\u00fcxalif\u0259tin prezident k\u00fcrs\u00fcs\u00fc u\u011frunda m\u00fcbariz\u0259d\u0259 m\u0259\u011flubiyy\u0259ti g\u00f6st\u0259rdi ki, G\u00fcrc\u00fcstan\u0131n siyasi land\u015faft\u0131 s\u00fcr\u0259tl\u0259 d\u0259yi\u015fir. G\u00fcrc\u00fc Arzusu Partiyas\u0131n\u0131n hegemonlu\u011fu n\u0259inki s\u0131nd\u0131r\u0131l\u0131b, o, t\u0259dric\u0259n z\u0259ifl\u0259yir, yerini g\u00f6z \u00f6n\u00fcnd\u0259 m\u00f6hk\u0259ml\u0259n\u0259n m\u00fcxalif\u0259t\u0259 verir. Parlamentin spikeri \u0130.Kobaxidzenin v\u0259 D\u0130N r\u0259hb\u0259ri G.Qaxariyan\u0131n istefas\u0131 t\u0259l\u0259bi ancaq ba\u015flan\u011f\u0131cd\u0131r. M\u00fcxalif\u0259t g\u00f6r\u00fcr ki, hakim G\u00fcrc\u00fc Arzusu h\u0259m siyasi, h\u0259m d\u0259 iqtisadi t\u0259n\u0259zz\u00fcl zolag\u0131na daxil olub.\n<\/p>\n<p>\n  Zurabi\u015fvilinin &quot;Euronews&quot;a m\u00fcsahib\u0259si d\u0259 (22.06) bunu g\u00f6st\u0259rir. O qeyd edib ki, bu g\u00fcn \u00f6lk\u0259 \u00fc\u00e7\u00fcn \u0259sas olan sabitliyin v\u0259 asayi\u015fin qorunmas\u0131d\u0131r.\n<\/p>\n<p>\n  &quot;Parlamentd\u0259 ba\u015f ver\u0259nl\u0259r \u00e7ox b\u00f6y\u00fck cinay\u0259t idi, \u00f6lk\u0259nin l\u0259yaq\u0259tin\u0259 ziyan vuran faktd\u0131r. Lakin bu, s\u00fcni qald\u0131r\u0131lm\u0131\u015f dal\u011faya, d\u00f6vl\u0259t \u0259leyhin\u0259 h\u0259r\u0259k\u0259tl\u0259r\u0259, h\u0259m \u00f6lk\u0259 daxilind\u0259, h\u0259m d\u0259 onun h\u00fcdudlar\u0131ndan k\u0259narda parlamenti tutma\u011fa v\u0259 h\u00f6kum\u0259tin devrilm\u0259sin\u0259 y\u00f6n\u0259l\u0259n \u00e7a\u011f\u0131r\u0131\u015flara haqq qazand\u0131rm\u0131r. Rusiya bizim d\u00fc\u015fm\u0259nimizdir v\u0259 i\u015f\u011fal\u00e7\u0131d\u0131r. Onun idar\u0259 etdiyi be\u015finci kolon b\u0259lk\u0259 d\u0259 bu g\u00fcn daha t\u0259hl\u00fck\u0259li ola bil\u0259r, n\u0259inki a\u00e7\u0131q t\u0259cav\u00fcz&quot;, &#8211; S.Zurabi\u015fvili deyib.\n<\/p>\n<p>\n  Ancaq m\u00fcxalif\u0259t harada v\u0259 n\u0259 zaman \u00f6z opponentl\u0259rinin ist\u0259kl\u0259rini d\u0259st\u0259kl\u0259yib? G\u00fcrc\u00fcstanda bu, olmayacaq, bel\u0259 ki, \u00f6lk\u0259d\u0259n yeni etiraz aksiyalar\u0131 bar\u0259d\u0259 informasiya g\u0259lir. Art\u0131q bu, &quot;r\u00fcsvay\u00e7\u0131 hadis\u0259l\u0259r&quot;\u0259 yol ver\u0259n hakimiyy\u0259t\u0259 y\u00f6n\u0259lib. Yeri g\u0259lmi\u015fk\u0259n, M.Saaka\u015fvilini d\u0259st\u0259kl\u0259y\u0259n h\u0259r\u0259kat\u0131n tezlikl\u0259 hakimiyy\u0259t\u0259 g\u0259l\u0259c\u0259yini d\u0259 s\u00f6yl\u0259m\u0259k h\u0259l\u0259 tezdir. G\u00fcrc\u00fcstanda bir \u00e7ox n\u00fcfuzlu \u015f\u0259xsin eks-prezident il\u0259 \u015f\u0259xsi haqq-hesab\u0131 var. B\u00fct\u00fcn hallarda bir ild\u0259n sonra G\u00fcrc\u00fcstan\u0131 n\u00f6vb\u0259ti parlament se\u00e7kil\u0259ri g\u00f6zl\u0259yir. Ba\u015f ver\u0259n hadis\u0259l\u0259r G\u00fcrc\u00fcstanda ya\u015fay\u0131\u015f s\u0259viyy\u0259sini z\u0259ifl\u0259d\u0259n G\u00fcrc\u00fc Arzusunun m\u00f6vqeyini xeyli laxlad\u0131r.<\/p>\n","protected":false},"excerpt":{"rendered":"<p>G\u00fcrc\u00fcstan A.Bjezetskinin &#8220;G\u00fcrc\u00fcstanda i\u011fti\u015fa\u015flar v\u0259 ya tarixin \u00f6yr\u0259nilm\u0259mi\u015f d\u0259rsi&#8221; m\u0259qal\u0259sind\u0259 (&#8220;Polityka&#8221;, Pol\u015fa 21.06.2019) s\u00f6yl\u0259diyi s\u00f6zl\u0259r\u0259 qulaq asmal\u0131d\u0131r<\/p>\n","protected":false},"author":11,"featured_media":125890,"comment_status":"closed","ping_status":"open","sticky":false,"template":"","format":"standard","meta":{"_acf_changed":false,"_sitemap_exclude":false,"_sitemap_priority":"","_sitemap_frequency":"","footnotes":""},"categories":[51],"tags":[],"class_list":["post-195970","post","type-post","status-publish","format-standard","has-post-thumbnail","hentry","category-analitika","infinite-scroll-item","generate-columns","tablet-grid-50","mobile-grid-100","grid-parent","grid-33","no-featured-image-padding"],"acf":[],"yoast_head":"<!-- This site is optimized with the Yoast SEO plugin v27.4 - https:\/\/yoast.com\/product\/yoast-seo-wordpress\/ -->\n<title>G\u00fcrc\u00fcstan-Rusiya m\u00fcnasib\u0259tl\u0259rinin g\u0259rginl\u0259\u015fm\u0259sind\u0259 b\u0259han\u0259 axtar\u0131\u015f\u0131 - MEYDAN.TV<\/title>\n<meta name=\"robots\" content=\"index, follow, max-snippet:-1, max-image-preview:large, max-video-preview:-1\" \/>\n<link rel=\"canonical\" href=\"https:\/\/www.meydan.tv\/az\/article\/gurcustan-rusiya-munasibetlerinin-gerginlesmesinde-behane-axtarisi\/\" \/>\n<meta property=\"og:locale\" content=\"az_AZ\" \/>\n<meta property=\"og:type\" content=\"article\" \/>\n<meta property=\"og:title\" content=\"G\u00fcrc\u00fcstan-Rusiya m\u00fcnasib\u0259tl\u0259rinin g\u0259rginl\u0259\u015fm\u0259sind\u0259 b\u0259han\u0259 axtar\u0131\u015f\u0131 - MEYDAN.TV\" \/>\n<meta property=\"og:description\" content=\"G\u00fcrc\u00fcstan A.Bjezetskinin &quot;G\u00fcrc\u00fcstanda i\u011fti\u015fa\u015flar v\u0259 ya tarixin \u00f6yr\u0259nilm\u0259mi\u015f d\u0259rsi&quot; m\u0259qal\u0259sind\u0259 (&quot;Polityka&quot;, Pol\u015fa 21.06.2019) s\u00f6yl\u0259diyi s\u00f6zl\u0259r\u0259 qulaq asmal\u0131d\u0131r\" \/>\n<meta property=\"og:url\" content=\"https:\/\/www.meydan.tv\/az\/article\/gurcustan-rusiya-munasibetlerinin-gerginlesmesinde-behane-axtarisi\/\" \/>\n<meta property=\"og:site_name\" content=\"MEYDAN.TV\" \/>\n<meta property=\"article:published_time\" content=\"2019-06-25T10:02:52+00:00\" \/>\n<meta property=\"og:image\" content=\"https:\/\/www.meydan.tv\/wp-content\/uploads\/401533386.jpg\" \/>\n\t<meta property=\"og:image:width\" content=\"1000\" \/>\n\t<meta property=\"og:image:height\" content=\"541\" \/>\n\t<meta property=\"og:image:type\" content=\"image\/jpeg\" \/>\n<meta name=\"author\" content=\"user-manager\" \/>\n<meta name=\"twitter:card\" content=\"summary_large_image\" \/>\n<script type=\"application\/ld+json\" class=\"yoast-schema-graph\">{\"@context\":\"https:\\\/\\\/schema.org\",\"@graph\":[{\"@type\":\"Article\",\"@id\":\"https:\\\/\\\/www.meydan.tv\\\/az\\\/article\\\/gurcustan-rusiya-munasibetlerinin-gerginlesmesinde-behane-axtarisi\\\/#article\",\"isPartOf\":{\"@id\":\"https:\\\/\\\/www.meydan.tv\\\/az\\\/article\\\/gurcustan-rusiya-munasibetlerinin-gerginlesmesinde-behane-axtarisi\\\/\"},\"author\":{\"name\":\"user-manager\",\"@id\":\"https:\\\/\\\/www.meydan.tv\\\/az\\\/#\\\/schema\\\/person\\\/10d11eccf6da3662cf5fdab9806ea91a\"},\"headline\":\"G\u00fcrc\u00fcstan-Rusiya m\u00fcnasib\u0259tl\u0259rinin g\u0259rginl\u0259\u015fm\u0259sind\u0259 b\u0259han\u0259 axtar\u0131\u015f\u0131\",\"datePublished\":\"2019-06-25T10:02:52+00:00\",\"mainEntityOfPage\":{\"@id\":\"https:\\\/\\\/www.meydan.tv\\\/az\\\/article\\\/gurcustan-rusiya-munasibetlerinin-gerginlesmesinde-behane-axtarisi\\\/\"},\"wordCount\":1970,\"publisher\":{\"@id\":\"https:\\\/\\\/www.meydan.tv\\\/az\\\/#organization\"},\"image\":{\"@id\":\"https:\\\/\\\/www.meydan.tv\\\/az\\\/article\\\/gurcustan-rusiya-munasibetlerinin-gerginlesmesinde-behane-axtarisi\\\/#primaryimage\"},\"thumbnailUrl\":\"https:\\\/\\\/www.meydan.tv\\\/wp-content\\\/uploads\\\/401533386.jpg\",\"articleSection\":[\"Analitika\"],\"inLanguage\":\"az\"},{\"@type\":\"WebPage\",\"@id\":\"https:\\\/\\\/www.meydan.tv\\\/az\\\/article\\\/gurcustan-rusiya-munasibetlerinin-gerginlesmesinde-behane-axtarisi\\\/\",\"url\":\"https:\\\/\\\/www.meydan.tv\\\/az\\\/article\\\/gurcustan-rusiya-munasibetlerinin-gerginlesmesinde-behane-axtarisi\\\/\",\"name\":\"G\u00fcrc\u00fcstan-Rusiya m\u00fcnasib\u0259tl\u0259rinin g\u0259rginl\u0259\u015fm\u0259sind\u0259 b\u0259han\u0259 axtar\u0131\u015f\u0131 - MEYDAN.TV\",\"isPartOf\":{\"@id\":\"https:\\\/\\\/www.meydan.tv\\\/az\\\/#website\"},\"primaryImageOfPage\":{\"@id\":\"https:\\\/\\\/www.meydan.tv\\\/az\\\/article\\\/gurcustan-rusiya-munasibetlerinin-gerginlesmesinde-behane-axtarisi\\\/#primaryimage\"},\"image\":{\"@id\":\"https:\\\/\\\/www.meydan.tv\\\/az\\\/article\\\/gurcustan-rusiya-munasibetlerinin-gerginlesmesinde-behane-axtarisi\\\/#primaryimage\"},\"thumbnailUrl\":\"https:\\\/\\\/www.meydan.tv\\\/wp-content\\\/uploads\\\/401533386.jpg\",\"datePublished\":\"2019-06-25T10:02:52+00:00\",\"breadcrumb\":{\"@id\":\"https:\\\/\\\/www.meydan.tv\\\/az\\\/article\\\/gurcustan-rusiya-munasibetlerinin-gerginlesmesinde-behane-axtarisi\\\/#breadcrumb\"},\"inLanguage\":\"az\",\"potentialAction\":[{\"@type\":\"ReadAction\",\"target\":[\"https:\\\/\\\/www.meydan.tv\\\/az\\\/article\\\/gurcustan-rusiya-munasibetlerinin-gerginlesmesinde-behane-axtarisi\\\/\"]}]},{\"@type\":\"ImageObject\",\"inLanguage\":\"az\",\"@id\":\"https:\\\/\\\/www.meydan.tv\\\/az\\\/article\\\/gurcustan-rusiya-munasibetlerinin-gerginlesmesinde-behane-axtarisi\\\/#primaryimage\",\"url\":\"https:\\\/\\\/www.meydan.tv\\\/wp-content\\\/uploads\\\/401533386.jpg\",\"contentUrl\":\"https:\\\/\\\/www.meydan.tv\\\/wp-content\\\/uploads\\\/401533386.jpg\",\"width\":1000,\"height\":541,\"caption\":\"Source: google.az\"},{\"@type\":\"BreadcrumbList\",\"@id\":\"https:\\\/\\\/www.meydan.tv\\\/az\\\/article\\\/gurcustan-rusiya-munasibetlerinin-gerginlesmesinde-behane-axtarisi\\\/#breadcrumb\",\"itemListElement\":[{\"@type\":\"ListItem\",\"position\":1,\"name\":\"Ana s\u0259hif\u0259\",\"item\":\"https:\\\/\\\/www.meydan.tv\\\/az\\\/\"},{\"@type\":\"ListItem\",\"position\":2,\"name\":\"Analitika\",\"item\":\"https:\\\/\\\/www.meydan.tv\\\/az\\\/section\\\/analitika\\\/\"},{\"@type\":\"ListItem\",\"position\":3,\"name\":\"G\u00fcrc\u00fcstan-Rusiya m\u00fcnasib\u0259tl\u0259rinin g\u0259rginl\u0259\u015fm\u0259sind\u0259 b\u0259han\u0259 axtar\u0131\u015f\u0131\"}]},{\"@type\":\"WebSite\",\"@id\":\"https:\\\/\\\/www.meydan.tv\\\/az\\\/#website\",\"url\":\"https:\\\/\\\/www.meydan.tv\\\/az\\\/\",\"name\":\"MEYDAN.TV\",\"description\":\"Meydan TV Az\u0259rbaycan\u0131n media m\u0259kan\u0131ndak\u0131 alternativ s\u0259sidir\",\"publisher\":{\"@id\":\"https:\\\/\\\/www.meydan.tv\\\/az\\\/#organization\"},\"potentialAction\":[{\"@type\":\"SearchAction\",\"target\":{\"@type\":\"EntryPoint\",\"urlTemplate\":\"https:\\\/\\\/www.meydan.tv\\\/az\\\/?s={search_term_string}\"},\"query-input\":{\"@type\":\"PropertyValueSpecification\",\"valueRequired\":true,\"valueName\":\"search_term_string\"}}],\"inLanguage\":\"az\"},{\"@type\":\"Organization\",\"@id\":\"https:\\\/\\\/www.meydan.tv\\\/az\\\/#organization\",\"name\":\"Meydan TV\",\"url\":\"https:\\\/\\\/www.meydan.tv\\\/az\\\/\",\"logo\":{\"@type\":\"ImageObject\",\"inLanguage\":\"az\",\"@id\":\"https:\\\/\\\/www.meydan.tv\\\/az\\\/#\\\/schema\\\/logo\\\/image\\\/\",\"url\":\"https:\\\/\\\/www.meydan.tv\\\/wp-content\\\/uploads\\\/2021\\\/07\\\/meydan-logo.svg\",\"contentUrl\":\"https:\\\/\\\/www.meydan.tv\\\/wp-content\\\/uploads\\\/2021\\\/07\\\/meydan-logo.svg\",\"width\":195,\"height\":46,\"caption\":\"Meydan TV\"},\"image\":{\"@id\":\"https:\\\/\\\/www.meydan.tv\\\/az\\\/#\\\/schema\\\/logo\\\/image\\\/\"}},{\"@type\":\"Person\",\"@id\":\"https:\\\/\\\/www.meydan.tv\\\/az\\\/#\\\/schema\\\/person\\\/10d11eccf6da3662cf5fdab9806ea91a\",\"name\":\"user-manager\"}]}<\/script>\n<!-- \/ Yoast SEO plugin. -->","yoast_head_json":{"title":"G\u00fcrc\u00fcstan-Rusiya m\u00fcnasib\u0259tl\u0259rinin g\u0259rginl\u0259\u015fm\u0259sind\u0259 b\u0259han\u0259 axtar\u0131\u015f\u0131 - MEYDAN.TV","robots":{"index":"index","follow":"follow","max-snippet":"max-snippet:-1","max-image-preview":"max-image-preview:large","max-video-preview":"max-video-preview:-1"},"canonical":"https:\/\/www.meydan.tv\/az\/article\/gurcustan-rusiya-munasibetlerinin-gerginlesmesinde-behane-axtarisi\/","og_locale":"az_AZ","og_type":"article","og_title":"G\u00fcrc\u00fcstan-Rusiya m\u00fcnasib\u0259tl\u0259rinin g\u0259rginl\u0259\u015fm\u0259sind\u0259 b\u0259han\u0259 axtar\u0131\u015f\u0131 - MEYDAN.TV","og_description":"G\u00fcrc\u00fcstan A.Bjezetskinin \"G\u00fcrc\u00fcstanda i\u011fti\u015fa\u015flar v\u0259 ya tarixin \u00f6yr\u0259nilm\u0259mi\u015f d\u0259rsi\" m\u0259qal\u0259sind\u0259 (\"Polityka\", Pol\u015fa 21.06.2019) s\u00f6yl\u0259diyi s\u00f6zl\u0259r\u0259 qulaq asmal\u0131d\u0131r","og_url":"https:\/\/www.meydan.tv\/az\/article\/gurcustan-rusiya-munasibetlerinin-gerginlesmesinde-behane-axtarisi\/","og_site_name":"MEYDAN.TV","article_published_time":"2019-06-25T10:02:52+00:00","og_image":[{"width":1000,"height":541,"url":"https:\/\/www.meydan.tv\/wp-content\/uploads\/401533386.jpg","type":"image\/jpeg"}],"author":"user-manager","twitter_card":"summary_large_image","schema":{"@context":"https:\/\/schema.org","@graph":[{"@type":"Article","@id":"https:\/\/www.meydan.tv\/az\/article\/gurcustan-rusiya-munasibetlerinin-gerginlesmesinde-behane-axtarisi\/#article","isPartOf":{"@id":"https:\/\/www.meydan.tv\/az\/article\/gurcustan-rusiya-munasibetlerinin-gerginlesmesinde-behane-axtarisi\/"},"author":{"name":"user-manager","@id":"https:\/\/www.meydan.tv\/az\/#\/schema\/person\/10d11eccf6da3662cf5fdab9806ea91a"},"headline":"G\u00fcrc\u00fcstan-Rusiya m\u00fcnasib\u0259tl\u0259rinin g\u0259rginl\u0259\u015fm\u0259sind\u0259 b\u0259han\u0259 axtar\u0131\u015f\u0131","datePublished":"2019-06-25T10:02:52+00:00","mainEntityOfPage":{"@id":"https:\/\/www.meydan.tv\/az\/article\/gurcustan-rusiya-munasibetlerinin-gerginlesmesinde-behane-axtarisi\/"},"wordCount":1970,"publisher":{"@id":"https:\/\/www.meydan.tv\/az\/#organization"},"image":{"@id":"https:\/\/www.meydan.tv\/az\/article\/gurcustan-rusiya-munasibetlerinin-gerginlesmesinde-behane-axtarisi\/#primaryimage"},"thumbnailUrl":"https:\/\/www.meydan.tv\/wp-content\/uploads\/401533386.jpg","articleSection":["Analitika"],"inLanguage":"az"},{"@type":"WebPage","@id":"https:\/\/www.meydan.tv\/az\/article\/gurcustan-rusiya-munasibetlerinin-gerginlesmesinde-behane-axtarisi\/","url":"https:\/\/www.meydan.tv\/az\/article\/gurcustan-rusiya-munasibetlerinin-gerginlesmesinde-behane-axtarisi\/","name":"G\u00fcrc\u00fcstan-Rusiya m\u00fcnasib\u0259tl\u0259rinin g\u0259rginl\u0259\u015fm\u0259sind\u0259 b\u0259han\u0259 axtar\u0131\u015f\u0131 - MEYDAN.TV","isPartOf":{"@id":"https:\/\/www.meydan.tv\/az\/#website"},"primaryImageOfPage":{"@id":"https:\/\/www.meydan.tv\/az\/article\/gurcustan-rusiya-munasibetlerinin-gerginlesmesinde-behane-axtarisi\/#primaryimage"},"image":{"@id":"https:\/\/www.meydan.tv\/az\/article\/gurcustan-rusiya-munasibetlerinin-gerginlesmesinde-behane-axtarisi\/#primaryimage"},"thumbnailUrl":"https:\/\/www.meydan.tv\/wp-content\/uploads\/401533386.jpg","datePublished":"2019-06-25T10:02:52+00:00","breadcrumb":{"@id":"https:\/\/www.meydan.tv\/az\/article\/gurcustan-rusiya-munasibetlerinin-gerginlesmesinde-behane-axtarisi\/#breadcrumb"},"inLanguage":"az","potentialAction":[{"@type":"ReadAction","target":["https:\/\/www.meydan.tv\/az\/article\/gurcustan-rusiya-munasibetlerinin-gerginlesmesinde-behane-axtarisi\/"]}]},{"@type":"ImageObject","inLanguage":"az","@id":"https:\/\/www.meydan.tv\/az\/article\/gurcustan-rusiya-munasibetlerinin-gerginlesmesinde-behane-axtarisi\/#primaryimage","url":"https:\/\/www.meydan.tv\/wp-content\/uploads\/401533386.jpg","contentUrl":"https:\/\/www.meydan.tv\/wp-content\/uploads\/401533386.jpg","width":1000,"height":541,"caption":"Source: google.az"},{"@type":"BreadcrumbList","@id":"https:\/\/www.meydan.tv\/az\/article\/gurcustan-rusiya-munasibetlerinin-gerginlesmesinde-behane-axtarisi\/#breadcrumb","itemListElement":[{"@type":"ListItem","position":1,"name":"Ana s\u0259hif\u0259","item":"https:\/\/www.meydan.tv\/az\/"},{"@type":"ListItem","position":2,"name":"Analitika","item":"https:\/\/www.meydan.tv\/az\/section\/analitika\/"},{"@type":"ListItem","position":3,"name":"G\u00fcrc\u00fcstan-Rusiya m\u00fcnasib\u0259tl\u0259rinin g\u0259rginl\u0259\u015fm\u0259sind\u0259 b\u0259han\u0259 axtar\u0131\u015f\u0131"}]},{"@type":"WebSite","@id":"https:\/\/www.meydan.tv\/az\/#website","url":"https:\/\/www.meydan.tv\/az\/","name":"MEYDAN.TV","description":"Meydan TV Az\u0259rbaycan\u0131n media m\u0259kan\u0131ndak\u0131 alternativ s\u0259sidir","publisher":{"@id":"https:\/\/www.meydan.tv\/az\/#organization"},"potentialAction":[{"@type":"SearchAction","target":{"@type":"EntryPoint","urlTemplate":"https:\/\/www.meydan.tv\/az\/?s={search_term_string}"},"query-input":{"@type":"PropertyValueSpecification","valueRequired":true,"valueName":"search_term_string"}}],"inLanguage":"az"},{"@type":"Organization","@id":"https:\/\/www.meydan.tv\/az\/#organization","name":"Meydan TV","url":"https:\/\/www.meydan.tv\/az\/","logo":{"@type":"ImageObject","inLanguage":"az","@id":"https:\/\/www.meydan.tv\/az\/#\/schema\/logo\/image\/","url":"https:\/\/www.meydan.tv\/wp-content\/uploads\/2021\/07\/meydan-logo.svg","contentUrl":"https:\/\/www.meydan.tv\/wp-content\/uploads\/2021\/07\/meydan-logo.svg","width":195,"height":46,"caption":"Meydan TV"},"image":{"@id":"https:\/\/www.meydan.tv\/az\/#\/schema\/logo\/image\/"}},{"@type":"Person","@id":"https:\/\/www.meydan.tv\/az\/#\/schema\/person\/10d11eccf6da3662cf5fdab9806ea91a","name":"user-manager"}]}},"_links":{"self":[{"href":"https:\/\/www.meydan.tv\/az\/wp-json\/wp\/v2\/posts\/195970","targetHints":{"allow":["GET"]}}],"collection":[{"href":"https:\/\/www.meydan.tv\/az\/wp-json\/wp\/v2\/posts"}],"about":[{"href":"https:\/\/www.meydan.tv\/az\/wp-json\/wp\/v2\/types\/post"}],"author":[{"embeddable":true,"href":"https:\/\/www.meydan.tv\/az\/wp-json\/wp\/v2\/users\/11"}],"replies":[{"embeddable":true,"href":"https:\/\/www.meydan.tv\/az\/wp-json\/wp\/v2\/comments?post=195970"}],"version-history":[{"count":0,"href":"https:\/\/www.meydan.tv\/az\/wp-json\/wp\/v2\/posts\/195970\/revisions"}],"wp:featuredmedia":[{"embeddable":true,"href":"https:\/\/www.meydan.tv\/az\/wp-json\/wp\/v2\/media\/125890"}],"wp:attachment":[{"href":"https:\/\/www.meydan.tv\/az\/wp-json\/wp\/v2\/media?parent=195970"}],"wp:term":[{"taxonomy":"category","embeddable":true,"href":"https:\/\/www.meydan.tv\/az\/wp-json\/wp\/v2\/categories?post=195970"},{"taxonomy":"post_tag","embeddable":true,"href":"https:\/\/www.meydan.tv\/az\/wp-json\/wp\/v2\/tags?post=195970"}],"curies":[{"name":"wp","href":"https:\/\/api.w.org\/{rel}","templated":true}]}}