{"id":195960,"date":"2019-06-24T11:45:33","date_gmt":"2019-06-24T11:45:33","guid":{"rendered":"https:\/\/www.meydan.tv\/article\/bezen-gunlerle-ac-qaliram-corek-tapanda-suya-batirib-yeyirem\/"},"modified":"2019-06-24T11:45:33","modified_gmt":"2019-06-24T11:45:33","slug":"bezen-gunlerle-ac-qaliram-corek-tapanda-suya-batirib-yeyirem","status":"publish","type":"post","link":"https:\/\/www.meydan.tv\/az\/article\/bezen-gunlerle-ac-qaliram-corek-tapanda-suya-batirib-yeyirem\/","title":{"rendered":"&#8221;B\u0259z\u0259n g\u00fcnl\u0259rl\u0259 ac qal\u0131ram, \u00e7\u00f6r\u0259k tapanda suya bat\u0131r\u0131b yeyir\u0259m&#8230;&#8221;"},"content":{"rendered":"<p>\n  <i><br \/>\n    Maa\u015f kart\u0131n\u0131 borclu oldu\u011fu \u015f\u0259xs\u0259 ver\u0259n qad\u0131n imkans\u0131zl\u0131qdan \u0259ziyy\u0259t \u00e7\u0259kir<br \/>\n  <\/i>\n<\/p>\n<p>\n  \u015eabran M\u0259rk\u0259zi X\u0259st\u0259xanas\u0131nda xadim\u0259 i\u015fl\u0259y\u0259n R\u0259smiyy\u0259 Ba\u011f\u0131rova \u015f\u0259h\u0259r m\u0259rk\u0259zind\u0259n uzaqda, D\u0259v\u0259\u00e7ik\u0259nd \u0259razisin\u0259 yax\u0131n yerd\u0259 t\u0259nha ya\u015fay\u0131r.\n<\/p>\n<p>\n  Evin d\u00fcz-\u0259m\u0259lli hasar\u0131 yoxdur. Ya\u015fay\u0131\u015f yerinin v\u0259ziyy\u0259ti h\u0259m d\u0259 R\u0259smiyy\u0259nin sosial durumundan x\u0259b\u0259ri verir.\n<\/p>\n<p>\n  <i><br \/>\n    \u201cC\u0259mi 130 manat maa\u015f al\u0131ram\u201d<br \/>\n  <\/i>\n<\/p>\n<p>\n  Dan\u0131\u015f\u0131r ki, h\u0259r \u015fey g\u00f6r\u00fcnd\u00fcy\u00fcnd\u0259n d\u0259 pisdir: \u201c\u00c7oxlu borclar\u0131m yaran\u0131b. Banka, q\u0131zlar\u0131n toylar\u0131na, mebell\u0259r\u0259 g\u00f6r\u0259 ayr\u0131-ayr\u0131 adamlara. C\u0259mi 130 manat maa\u015f al\u0131ram. Bunun 51 manat\u0131n\u0131 bank tutur. Mebel\u0259 g\u00f6r\u0259 borclu qald\u0131\u011f\u0131m adam kart\u0131 \u0259limd\u0259n al\u0131b. Qalan pulu da o g\u00f6t\u00fcr\u00fcr. Son bir ild\u0259 bel\u0259dir. Tamam a\u011f\u0131r v\u0259ziyy\u0259t\u0259 d\u00fc\u015fm\u00fc\u015f\u0259m\u201d.\n<\/p>\n<p>\n  R\u0259smiyy\u0259 \u0259vv\u0259l bu evd\u0259 h\u0259yat yolda\u015f\u0131 v\u0259 iki q\u0131z\u0131 il\u0259 ya\u015fay\u0131b. S\u0259kkiz il \u0259vv\u0259l \u0259ri v\u0259fat edib. Bundan az sonra b\u00f6y\u00fck q\u0131z\u0131, bir il \u0259vv\u0259l is\u0259 ki\u00e7ik q\u0131z\u0131 ail\u0259 h\u0259yat\u0131 qurub. N\u0259tic\u0259d\u0259 m\u00fc\u0259yy\u0259n x\u0259rcl\u0259r yaran\u0131b. Onsuz da c\u00fczi maa\u015fa i\u015fl\u0259y\u0259n R\u0259smiyy\u0259nin v\u0259ziyy\u0259ti \u00e7ox a\u011f\u0131rla\u015f\u0131b.\n<\/p>\n<p>\n  R\u0259smiyy\u0259 Ba\u011f\u0131rova bundan sonra h\u0259l\u0259 t\u0259xmin\u0259n d\u00f6rd il borc \u00f6d\u0259y\u0259c\u0259yini s\u00f6yl\u0259yir: \u201c400 manat borcum olan adam var, faiz say\u0131b, indi deyir, 1100 manat borclusan. M\u0259n he\u00e7 o 400 manat\u0131 \u00f6d\u0259y\u0259 bilmir\u0259m\u201d.\n<\/p>\n<figure class=\"wp-block-image size-large\">\n  <img decoding=\"async\" src=\"https:\/\/www.meydan.tv\/az\/image_from_ios-1-jpg-30\/\" alt=\"image_from_ios (1).jpg\" class=\"wp-image-125860\"\/><figcaption>\n    R\u0259smiyy\u0259 Ba\u011f\u0131rova<br \/>\n  <\/figcaption><\/figure>\n<p>\n  <i><br \/>\n    \u201c\u0130ki manata g\u00f6r\u0259 g\u0259lib i\u015f\u0131\u011f\u0131 k\u0259smi\u015fdil\u0259r\u201d<br \/>\n  <\/i>\n<\/p>\n<p>\n  R\u0259smiyy\u0259 maa\u015f kart\u0131ndan istifad\u0259 ed\u0259 bilm\u0259diyind\u0259n kommunal xidm\u0259tl\u0259rin haqq\u0131n\u0131 \u00f6d\u0259m\u0259kd\u0259 \u00e7\u0259tinlik \u00e7\u0259kir. Deyir ki, yeddi-s\u0259kkiz ayd\u0131r su pulunu ver\u0259 bilmir:\n<\/p>\n<p>\n  \u201cBorc 50 manata \u00e7at\u0131b. \u0130ki manata g\u00f6r\u0259 g\u0259lib i\u015f\u0131\u011f\u0131 k\u0259smi\u015fdil\u0259r. Q\u0131\u015fda soyuqda qald\u0131m. Ayda 25-28 manat yaz\u0131rd\u0131, \u00e7atd\u0131r\u0131b \u00f6d\u0259y\u0259 bilmirdim\u201d.\n<\/p>\n<p>\n  Q\u0131zlar\u0131 da ona \u0259l tuta bilmir. \u00c7\u00fcnki onlar da \u00e7\u0259tin \u015f\u0259rtl\u0259r alt\u0131nda ya\u015fay\u0131rlar: \u201cQ\u0131z\u0131m bir ne\u00e7\u0259 d\u0259f\u0259 kommunal x\u0259rcl\u0259r\u0259 k\u00f6m\u0259k el\u0259yib. Bir d\u0259 toylar\u0131 yola verm\u0259y\u0259 \u00e7al\u0131\u015f\u0131rlar. \u00c7a\u011f\u0131r\u0131rlar, borcluyuq dey\u0259, pul atmal\u0131 oluruq. Buna q\u0131zlar \u0259l uzad\u0131r\u201d.\n<\/p>\n<p>\n  Kommunal xidm\u0259tl\u0259r\u0259 g\u00f6r\u0259 h\u0259m d\u00f6vl\u0259t qurumlar\u0131n\u0131n i\u015f\u00e7il\u0259ri, h\u0259m d\u0259 borclu oldu\u011fu adamlar g\u0259lib h\u0259y\u0259td\u0259 s\u0259s-k\u00fcy sal\u0131r. R\u0259smiyy\u0259 bunun \u00fc\u00e7\u00fcn \u00e7ox x\u0259cal\u0259t \u00e7\u0259kdiyini deyir. Dan\u0131\u015f\u0131r ki, h\u0259tta polisl\u0259 d\u0259 h\u0259d\u0259l\u0259yirl\u0259r.\n<\/p>\n<p>\n  R\u0259smiyy\u0259 Ba\u011f\u0131rova sosial yard\u0131m \u00fc\u00e7\u00fcn m\u00fcraci\u0259t etm\u0259yib. Amma deyir ki, m\u00fcraci\u0259t ets\u0259ydi bel\u0259, ona yard\u0131m ayr\u0131lmayacaqd\u0131:\n<\/p>\n<p>\n  \u201e\u00c7\u00fcnki m\u0259nas\u0131zd\u0131r, \u015eabranda tan\u0131d\u0131\u011f\u0131m n\u0259 q\u0259d\u0259r adama bir b\u0259han\u0259 il\u0259 \u201cyox\u201d deyibl\u0259r\u201c.\n<\/p>\n<p>\n  <i><br \/>\n    \u201cD\u00f6rd-be\u015f g\u00fcn ard\u0131c\u0131l ac yat\u0131ram\u201d<br \/>\n  <\/i>\n<\/p>\n<p>\n  \u0130\u015f yolda\u015flar\u0131 da onun v\u0259ziyy\u0259tinin a\u011f\u0131r oldu\u011funu bilir. Deyir ki, b\u0259lk\u0259 d\u0259, maa\u015f\u0131 art\u0131b, kart \u00f6z\u00fcnd\u0259 olmad\u0131\u011f\u0131ndan, x\u0259b\u0259ri yoxdur. Amma artsa bel\u0259, he\u00e7 n\u0259 d\u0259yi\u015fm\u0259y\u0259c\u0259k: \u201cHe\u00e7 o 130 manata da dolanmaq m\u00fcmk\u00fcn deyil\u201d.\n<\/p>\n<figure class=\"wp-block-image size-large\">\n  <img decoding=\"async\" src=\"https:\/\/www.meydan.tv\/az\/image_from_ios-5-jpg-19\/\" alt=\"image_from_ios (5).jpg\" class=\"wp-image-125863\"\/><figcaption>\n    qonaq ota\u011f\u0131<br \/>\n  <\/figcaption><\/figure>\n<p>\n  R\u0259smiyy\u0259 deyir ki, b\u0259z\u0259n g\u00fcnl\u0259rl\u0259 ac qal\u0131r:\n<\/p>\n<p>\n  \u201cYax\u0131nda qohum var, gedib qap\u0131s\u0131n\u0131 d\u00f6y\u00fcr\u0259m ki, s\u0259n Allah, m\u0259n\u0259 bir \u00e7\u00f6r\u0259k al ver, yeyim. Qohumlar \u00fc\u00e7 manat, be\u015f manat k\u00f6m\u0259k el\u0259m\u0259y\u0259 \u00e7al\u0131\u015f\u0131r. B\u0259z\u0259n d\u00f6rd-be\u015f g\u00fcn ard\u0131c\u0131l ac yat\u0131ram. \u00c7\u00f6r\u0259yi suya bat\u0131r\u0131b yeyir\u0259m. Aylarla evd\u0259 ya\u011f olmur ki, n\u0259s\u0259 bi\u015firib yeyim\u201d.\n<\/p>\n<p>\n  Ev\u0259 dolan\u0131\u015f\u0131q \u00fc\u00e7\u00fcn yet\u0259rinc\u0259 pul g\u0259lm\u0259diyind\u0259n qad\u0131n v\u0259ziyy\u0259td\u0259n ba\u015fqa \u00e7\u0131x\u0131\u015f yollar\u0131 d\u00fc\u015f\u00fcn\u00fcr. Rayonda m\u00fcxt\u0259lif adamlara ev i\u015fl\u0259rind\u0259 k\u00f6m\u0259k edir &#8211; paltar, yun yuyur, p\u0259nc\u0259r\u0259 silir. Xa\u00e7maza, Qubaya \u0259kin sah\u0259l\u0259rind\u0259 i\u015fl\u0259m\u0259y\u0259 gedir:\n<\/p>\n<p>\n  \u201cOra getm\u0259y\u0259 d\u0259 yolpulu \u00e7ox \u00e7\u0131x\u0131r. Uza\u011f\u0131 15 manat verirl\u0259r. S\u0259hh\u0259tim d\u0259 i\u015fl\u0259m\u0259y\u0259 imkan vermir. G\u00fcn\u00fcn alt\u0131nda n\u0259 z\u00fclml\u0259 i\u015fl\u0259yir\u0259m. 12-14 saat \u00e7\u00f6ll\u0259rd\u0259 oluram. M\u0259cburam getm\u0259y\u0259. Ac\u0131ndan \u00f6l\u00fcr\u0259m\u201d.\n<\/p>\n<p>\n  R\u0259smiyy\u0259 \u201che\u00e7 kimim yoxdur\u201d deyir. \u018fslind\u0259, q\u0131zlar\u0131ndan ba\u015fqa, bir qarda\u015f\u0131 v\u0259 bir bac\u0131s\u0131 var. Bac\u0131s\u0131 da onun kimi h\u0259yat yolda\u015f\u0131n\u0131 itirib, sosial qay\u011f\u0131lar\u0131n i\u00e7ind\u0259 itib-bat\u0131b: \u201cQarda\u015f\u0131m \u00f6z ail\u0259sini g\u00fccl\u0259 saxlay\u0131r. D\u0259niz\u0259 gedir, bax, indi \u00fc\u00e7 ay evd\u0259 oturacaq. \u00c7im\u0259rlik m\u00f6vs\u00fcm\u00fcnd\u0259 i\u015f olmur\u201d.\n<\/p>\n<p>\n  Qad\u0131n he\u00e7 bir \u00fcmid yeri olmad\u0131\u011f\u0131n\u0131 deyir. T\u0259qa\u00fcd\u0259 \u00e7\u0131xma\u011f\u0131na da h\u0259l\u0259 \u00e7ox var: \u201cV\u0259ziyy\u0259t o q\u0259d\u0259r pisdir ki, adam qocalma\u011f\u0131 arzulay\u0131r. 54 ya\u015f\u0131m var h\u0259l\u0259. \u00dcmid qal\u0131r qocal\u0131b pensiya alma\u011fa&#8230;\u201d\n<\/p>\n<figure class=\"wp-block-image size-large\">\n  <img decoding=\"async\" src=\"https:\/\/www.meydan.tv\/az\/image_from_ios-4-jpg-31\/\" alt=\"image_from_ios (4).jpg\" class=\"wp-image-125866\"\/><figcaption>\n    ya\u015fay\u0131\u015f evi<br \/>\n  <\/figcaption><\/figure>\n","protected":false},"excerpt":{"rendered":"<p>Ev\u0259 dolan\u0131\u015f\u0131q \u00fc\u00e7\u00fcn yet\u0259rinc\u0259 pul g\u0259lm\u0259diyind\u0259n qad\u0131n v\u0259ziyy\u0259td\u0259n ba\u015fqa \u00e7\u0131x\u0131\u015f yollar\u0131 d\u00fc\u015f\u00fcn\u00fcr.<\/p>\n","protected":false},"author":11,"featured_media":125857,"comment_status":"closed","ping_status":"open","sticky":false,"template":"","format":"standard","meta":{"_acf_changed":false,"_sitemap_exclude":false,"_sitemap_priority":"","_sitemap_frequency":"","footnotes":""},"categories":[60],"tags":[],"class_list":["post-195960","post","type-post","status-publish","format-standard","has-post-thumbnail","hentry","category-bolge","infinite-scroll-item","generate-columns","tablet-grid-50","mobile-grid-100","grid-parent","grid-33","no-featured-image-padding"],"acf":[],"yoast_head":"<!-- This site is optimized with the Yoast SEO plugin v27.4 - https:\/\/yoast.com\/product\/yoast-seo-wordpress\/ -->\n<title>&#039;&#039;B\u0259z\u0259n g\u00fcnl\u0259rl\u0259 ac qal\u0131ram, \u00e7\u00f6r\u0259k tapanda suya bat\u0131r\u0131b yeyir\u0259m...&#039;&#039; - MEYDAN.TV<\/title>\n<meta name=\"robots\" content=\"index, follow, max-snippet:-1, max-image-preview:large, max-video-preview:-1\" \/>\n<link rel=\"canonical\" href=\"https:\/\/www.meydan.tv\/az\/article\/bezen-gunlerle-ac-qaliram-corek-tapanda-suya-batirib-yeyirem\/\" \/>\n<meta property=\"og:locale\" content=\"az_AZ\" \/>\n<meta property=\"og:type\" content=\"article\" \/>\n<meta property=\"og:title\" content=\"&#039;&#039;B\u0259z\u0259n g\u00fcnl\u0259rl\u0259 ac qal\u0131ram, \u00e7\u00f6r\u0259k tapanda suya bat\u0131r\u0131b yeyir\u0259m...&#039;&#039; - MEYDAN.TV\" \/>\n<meta property=\"og:description\" content=\"Ev\u0259 dolan\u0131\u015f\u0131q \u00fc\u00e7\u00fcn yet\u0259rinc\u0259 pul g\u0259lm\u0259diyind\u0259n qad\u0131n v\u0259ziyy\u0259td\u0259n ba\u015fqa \u00e7\u0131x\u0131\u015f yollar\u0131 d\u00fc\u015f\u00fcn\u00fcr.\" \/>\n<meta property=\"og:url\" content=\"https:\/\/www.meydan.tv\/az\/article\/bezen-gunlerle-ac-qaliram-corek-tapanda-suya-batirib-yeyirem\/\" \/>\n<meta property=\"og:site_name\" content=\"MEYDAN.TV\" \/>\n<meta property=\"article:published_time\" content=\"2019-06-24T11:45:33+00:00\" \/>\n<meta property=\"og:image\" content=\"https:\/\/www.meydan.tv\/wp-content\/uploads\/image_from_ios_jqf04ha.jpg\" \/>\n\t<meta property=\"og:image:width\" content=\"1004\" \/>\n\t<meta property=\"og:image:height\" content=\"750\" \/>\n\t<meta property=\"og:image:type\" content=\"image\/jpeg\" \/>\n<meta name=\"author\" content=\"user-manager\" \/>\n<meta name=\"twitter:card\" content=\"summary_large_image\" \/>\n<script type=\"application\/ld+json\" class=\"yoast-schema-graph\">{\"@context\":\"https:\\\/\\\/schema.org\",\"@graph\":[{\"@type\":\"Article\",\"@id\":\"https:\\\/\\\/www.meydan.tv\\\/az\\\/article\\\/bezen-gunlerle-ac-qaliram-corek-tapanda-suya-batirib-yeyirem\\\/#article\",\"isPartOf\":{\"@id\":\"https:\\\/\\\/www.meydan.tv\\\/az\\\/article\\\/bezen-gunlerle-ac-qaliram-corek-tapanda-suya-batirib-yeyirem\\\/\"},\"author\":{\"name\":\"user-manager\",\"@id\":\"https:\\\/\\\/www.meydan.tv\\\/az\\\/#\\\/schema\\\/person\\\/10d11eccf6da3662cf5fdab9806ea91a\"},\"headline\":\"&#8221;B\u0259z\u0259n g\u00fcnl\u0259rl\u0259 ac qal\u0131ram, \u00e7\u00f6r\u0259k tapanda suya bat\u0131r\u0131b yeyir\u0259m&#8230;&#8221;\",\"datePublished\":\"2019-06-24T11:45:33+00:00\",\"mainEntityOfPage\":{\"@id\":\"https:\\\/\\\/www.meydan.tv\\\/az\\\/article\\\/bezen-gunlerle-ac-qaliram-corek-tapanda-suya-batirib-yeyirem\\\/\"},\"wordCount\":894,\"publisher\":{\"@id\":\"https:\\\/\\\/www.meydan.tv\\\/az\\\/#organization\"},\"image\":{\"@id\":\"https:\\\/\\\/www.meydan.tv\\\/az\\\/article\\\/bezen-gunlerle-ac-qaliram-corek-tapanda-suya-batirib-yeyirem\\\/#primaryimage\"},\"thumbnailUrl\":\"https:\\\/\\\/www.meydan.tv\\\/wp-content\\\/uploads\\\/image_from_ios_jqf04ha.jpg\",\"articleSection\":[\"B\u00f6lg\u0259\"],\"inLanguage\":\"az\"},{\"@type\":\"WebPage\",\"@id\":\"https:\\\/\\\/www.meydan.tv\\\/az\\\/article\\\/bezen-gunlerle-ac-qaliram-corek-tapanda-suya-batirib-yeyirem\\\/\",\"url\":\"https:\\\/\\\/www.meydan.tv\\\/az\\\/article\\\/bezen-gunlerle-ac-qaliram-corek-tapanda-suya-batirib-yeyirem\\\/\",\"name\":\"''B\u0259z\u0259n g\u00fcnl\u0259rl\u0259 ac qal\u0131ram, \u00e7\u00f6r\u0259k tapanda suya bat\u0131r\u0131b yeyir\u0259m...'' - MEYDAN.TV\",\"isPartOf\":{\"@id\":\"https:\\\/\\\/www.meydan.tv\\\/az\\\/#website\"},\"primaryImageOfPage\":{\"@id\":\"https:\\\/\\\/www.meydan.tv\\\/az\\\/article\\\/bezen-gunlerle-ac-qaliram-corek-tapanda-suya-batirib-yeyirem\\\/#primaryimage\"},\"image\":{\"@id\":\"https:\\\/\\\/www.meydan.tv\\\/az\\\/article\\\/bezen-gunlerle-ac-qaliram-corek-tapanda-suya-batirib-yeyirem\\\/#primaryimage\"},\"thumbnailUrl\":\"https:\\\/\\\/www.meydan.tv\\\/wp-content\\\/uploads\\\/image_from_ios_jqf04ha.jpg\",\"datePublished\":\"2019-06-24T11:45:33+00:00\",\"breadcrumb\":{\"@id\":\"https:\\\/\\\/www.meydan.tv\\\/az\\\/article\\\/bezen-gunlerle-ac-qaliram-corek-tapanda-suya-batirib-yeyirem\\\/#breadcrumb\"},\"inLanguage\":\"az\",\"potentialAction\":[{\"@type\":\"ReadAction\",\"target\":[\"https:\\\/\\\/www.meydan.tv\\\/az\\\/article\\\/bezen-gunlerle-ac-qaliram-corek-tapanda-suya-batirib-yeyirem\\\/\"]}]},{\"@type\":\"ImageObject\",\"inLanguage\":\"az\",\"@id\":\"https:\\\/\\\/www.meydan.tv\\\/az\\\/article\\\/bezen-gunlerle-ac-qaliram-corek-tapanda-suya-batirib-yeyirem\\\/#primaryimage\",\"url\":\"https:\\\/\\\/www.meydan.tv\\\/wp-content\\\/uploads\\\/image_from_ios_jqf04ha.jpg\",\"contentUrl\":\"https:\\\/\\\/www.meydan.tv\\\/wp-content\\\/uploads\\\/image_from_ios_jqf04ha.jpg\",\"width\":1004,\"height\":750,\"caption\":\"Source: meydan tv\"},{\"@type\":\"BreadcrumbList\",\"@id\":\"https:\\\/\\\/www.meydan.tv\\\/az\\\/article\\\/bezen-gunlerle-ac-qaliram-corek-tapanda-suya-batirib-yeyirem\\\/#breadcrumb\",\"itemListElement\":[{\"@type\":\"ListItem\",\"position\":1,\"name\":\"Ana s\u0259hif\u0259\",\"item\":\"https:\\\/\\\/www.meydan.tv\\\/az\\\/\"},{\"@type\":\"ListItem\",\"position\":2,\"name\":\"B\u00f6lg\u0259\",\"item\":\"https:\\\/\\\/www.meydan.tv\\\/az\\\/section\\\/bolge\\\/\"},{\"@type\":\"ListItem\",\"position\":3,\"name\":\"&#8221;B\u0259z\u0259n g\u00fcnl\u0259rl\u0259 ac qal\u0131ram, \u00e7\u00f6r\u0259k tapanda suya bat\u0131r\u0131b yeyir\u0259m&#8230;&#8221;\"}]},{\"@type\":\"WebSite\",\"@id\":\"https:\\\/\\\/www.meydan.tv\\\/az\\\/#website\",\"url\":\"https:\\\/\\\/www.meydan.tv\\\/az\\\/\",\"name\":\"MEYDAN.TV\",\"description\":\"Meydan TV Az\u0259rbaycan\u0131n media m\u0259kan\u0131ndak\u0131 alternativ s\u0259sidir\",\"publisher\":{\"@id\":\"https:\\\/\\\/www.meydan.tv\\\/az\\\/#organization\"},\"potentialAction\":[{\"@type\":\"SearchAction\",\"target\":{\"@type\":\"EntryPoint\",\"urlTemplate\":\"https:\\\/\\\/www.meydan.tv\\\/az\\\/?s={search_term_string}\"},\"query-input\":{\"@type\":\"PropertyValueSpecification\",\"valueRequired\":true,\"valueName\":\"search_term_string\"}}],\"inLanguage\":\"az\"},{\"@type\":\"Organization\",\"@id\":\"https:\\\/\\\/www.meydan.tv\\\/az\\\/#organization\",\"name\":\"Meydan TV\",\"url\":\"https:\\\/\\\/www.meydan.tv\\\/az\\\/\",\"logo\":{\"@type\":\"ImageObject\",\"inLanguage\":\"az\",\"@id\":\"https:\\\/\\\/www.meydan.tv\\\/az\\\/#\\\/schema\\\/logo\\\/image\\\/\",\"url\":\"https:\\\/\\\/www.meydan.tv\\\/wp-content\\\/uploads\\\/2021\\\/07\\\/meydan-logo.svg\",\"contentUrl\":\"https:\\\/\\\/www.meydan.tv\\\/wp-content\\\/uploads\\\/2021\\\/07\\\/meydan-logo.svg\",\"width\":195,\"height\":46,\"caption\":\"Meydan TV\"},\"image\":{\"@id\":\"https:\\\/\\\/www.meydan.tv\\\/az\\\/#\\\/schema\\\/logo\\\/image\\\/\"}},{\"@type\":\"Person\",\"@id\":\"https:\\\/\\\/www.meydan.tv\\\/az\\\/#\\\/schema\\\/person\\\/10d11eccf6da3662cf5fdab9806ea91a\",\"name\":\"user-manager\"}]}<\/script>\n<!-- \/ Yoast SEO plugin. -->","yoast_head_json":{"title":"''B\u0259z\u0259n g\u00fcnl\u0259rl\u0259 ac qal\u0131ram, \u00e7\u00f6r\u0259k tapanda suya bat\u0131r\u0131b yeyir\u0259m...'' - MEYDAN.TV","robots":{"index":"index","follow":"follow","max-snippet":"max-snippet:-1","max-image-preview":"max-image-preview:large","max-video-preview":"max-video-preview:-1"},"canonical":"https:\/\/www.meydan.tv\/az\/article\/bezen-gunlerle-ac-qaliram-corek-tapanda-suya-batirib-yeyirem\/","og_locale":"az_AZ","og_type":"article","og_title":"''B\u0259z\u0259n g\u00fcnl\u0259rl\u0259 ac qal\u0131ram, \u00e7\u00f6r\u0259k tapanda suya bat\u0131r\u0131b yeyir\u0259m...'' - MEYDAN.TV","og_description":"Ev\u0259 dolan\u0131\u015f\u0131q \u00fc\u00e7\u00fcn yet\u0259rinc\u0259 pul g\u0259lm\u0259diyind\u0259n qad\u0131n v\u0259ziyy\u0259td\u0259n ba\u015fqa \u00e7\u0131x\u0131\u015f yollar\u0131 d\u00fc\u015f\u00fcn\u00fcr.","og_url":"https:\/\/www.meydan.tv\/az\/article\/bezen-gunlerle-ac-qaliram-corek-tapanda-suya-batirib-yeyirem\/","og_site_name":"MEYDAN.TV","article_published_time":"2019-06-24T11:45:33+00:00","og_image":[{"width":1004,"height":750,"url":"https:\/\/www.meydan.tv\/wp-content\/uploads\/image_from_ios_jqf04ha.jpg","type":"image\/jpeg"}],"author":"user-manager","twitter_card":"summary_large_image","schema":{"@context":"https:\/\/schema.org","@graph":[{"@type":"Article","@id":"https:\/\/www.meydan.tv\/az\/article\/bezen-gunlerle-ac-qaliram-corek-tapanda-suya-batirib-yeyirem\/#article","isPartOf":{"@id":"https:\/\/www.meydan.tv\/az\/article\/bezen-gunlerle-ac-qaliram-corek-tapanda-suya-batirib-yeyirem\/"},"author":{"name":"user-manager","@id":"https:\/\/www.meydan.tv\/az\/#\/schema\/person\/10d11eccf6da3662cf5fdab9806ea91a"},"headline":"&#8221;B\u0259z\u0259n g\u00fcnl\u0259rl\u0259 ac qal\u0131ram, \u00e7\u00f6r\u0259k tapanda suya bat\u0131r\u0131b yeyir\u0259m&#8230;&#8221;","datePublished":"2019-06-24T11:45:33+00:00","mainEntityOfPage":{"@id":"https:\/\/www.meydan.tv\/az\/article\/bezen-gunlerle-ac-qaliram-corek-tapanda-suya-batirib-yeyirem\/"},"wordCount":894,"publisher":{"@id":"https:\/\/www.meydan.tv\/az\/#organization"},"image":{"@id":"https:\/\/www.meydan.tv\/az\/article\/bezen-gunlerle-ac-qaliram-corek-tapanda-suya-batirib-yeyirem\/#primaryimage"},"thumbnailUrl":"https:\/\/www.meydan.tv\/wp-content\/uploads\/image_from_ios_jqf04ha.jpg","articleSection":["B\u00f6lg\u0259"],"inLanguage":"az"},{"@type":"WebPage","@id":"https:\/\/www.meydan.tv\/az\/article\/bezen-gunlerle-ac-qaliram-corek-tapanda-suya-batirib-yeyirem\/","url":"https:\/\/www.meydan.tv\/az\/article\/bezen-gunlerle-ac-qaliram-corek-tapanda-suya-batirib-yeyirem\/","name":"''B\u0259z\u0259n g\u00fcnl\u0259rl\u0259 ac qal\u0131ram, \u00e7\u00f6r\u0259k tapanda suya bat\u0131r\u0131b yeyir\u0259m...'' - MEYDAN.TV","isPartOf":{"@id":"https:\/\/www.meydan.tv\/az\/#website"},"primaryImageOfPage":{"@id":"https:\/\/www.meydan.tv\/az\/article\/bezen-gunlerle-ac-qaliram-corek-tapanda-suya-batirib-yeyirem\/#primaryimage"},"image":{"@id":"https:\/\/www.meydan.tv\/az\/article\/bezen-gunlerle-ac-qaliram-corek-tapanda-suya-batirib-yeyirem\/#primaryimage"},"thumbnailUrl":"https:\/\/www.meydan.tv\/wp-content\/uploads\/image_from_ios_jqf04ha.jpg","datePublished":"2019-06-24T11:45:33+00:00","breadcrumb":{"@id":"https:\/\/www.meydan.tv\/az\/article\/bezen-gunlerle-ac-qaliram-corek-tapanda-suya-batirib-yeyirem\/#breadcrumb"},"inLanguage":"az","potentialAction":[{"@type":"ReadAction","target":["https:\/\/www.meydan.tv\/az\/article\/bezen-gunlerle-ac-qaliram-corek-tapanda-suya-batirib-yeyirem\/"]}]},{"@type":"ImageObject","inLanguage":"az","@id":"https:\/\/www.meydan.tv\/az\/article\/bezen-gunlerle-ac-qaliram-corek-tapanda-suya-batirib-yeyirem\/#primaryimage","url":"https:\/\/www.meydan.tv\/wp-content\/uploads\/image_from_ios_jqf04ha.jpg","contentUrl":"https:\/\/www.meydan.tv\/wp-content\/uploads\/image_from_ios_jqf04ha.jpg","width":1004,"height":750,"caption":"Source: meydan tv"},{"@type":"BreadcrumbList","@id":"https:\/\/www.meydan.tv\/az\/article\/bezen-gunlerle-ac-qaliram-corek-tapanda-suya-batirib-yeyirem\/#breadcrumb","itemListElement":[{"@type":"ListItem","position":1,"name":"Ana s\u0259hif\u0259","item":"https:\/\/www.meydan.tv\/az\/"},{"@type":"ListItem","position":2,"name":"B\u00f6lg\u0259","item":"https:\/\/www.meydan.tv\/az\/section\/bolge\/"},{"@type":"ListItem","position":3,"name":"&#8221;B\u0259z\u0259n g\u00fcnl\u0259rl\u0259 ac qal\u0131ram, \u00e7\u00f6r\u0259k tapanda suya bat\u0131r\u0131b yeyir\u0259m&#8230;&#8221;"}]},{"@type":"WebSite","@id":"https:\/\/www.meydan.tv\/az\/#website","url":"https:\/\/www.meydan.tv\/az\/","name":"MEYDAN.TV","description":"Meydan TV Az\u0259rbaycan\u0131n media m\u0259kan\u0131ndak\u0131 alternativ s\u0259sidir","publisher":{"@id":"https:\/\/www.meydan.tv\/az\/#organization"},"potentialAction":[{"@type":"SearchAction","target":{"@type":"EntryPoint","urlTemplate":"https:\/\/www.meydan.tv\/az\/?s={search_term_string}"},"query-input":{"@type":"PropertyValueSpecification","valueRequired":true,"valueName":"search_term_string"}}],"inLanguage":"az"},{"@type":"Organization","@id":"https:\/\/www.meydan.tv\/az\/#organization","name":"Meydan TV","url":"https:\/\/www.meydan.tv\/az\/","logo":{"@type":"ImageObject","inLanguage":"az","@id":"https:\/\/www.meydan.tv\/az\/#\/schema\/logo\/image\/","url":"https:\/\/www.meydan.tv\/wp-content\/uploads\/2021\/07\/meydan-logo.svg","contentUrl":"https:\/\/www.meydan.tv\/wp-content\/uploads\/2021\/07\/meydan-logo.svg","width":195,"height":46,"caption":"Meydan TV"},"image":{"@id":"https:\/\/www.meydan.tv\/az\/#\/schema\/logo\/image\/"}},{"@type":"Person","@id":"https:\/\/www.meydan.tv\/az\/#\/schema\/person\/10d11eccf6da3662cf5fdab9806ea91a","name":"user-manager"}]}},"_links":{"self":[{"href":"https:\/\/www.meydan.tv\/az\/wp-json\/wp\/v2\/posts\/195960","targetHints":{"allow":["GET"]}}],"collection":[{"href":"https:\/\/www.meydan.tv\/az\/wp-json\/wp\/v2\/posts"}],"about":[{"href":"https:\/\/www.meydan.tv\/az\/wp-json\/wp\/v2\/types\/post"}],"author":[{"embeddable":true,"href":"https:\/\/www.meydan.tv\/az\/wp-json\/wp\/v2\/users\/11"}],"replies":[{"embeddable":true,"href":"https:\/\/www.meydan.tv\/az\/wp-json\/wp\/v2\/comments?post=195960"}],"version-history":[{"count":0,"href":"https:\/\/www.meydan.tv\/az\/wp-json\/wp\/v2\/posts\/195960\/revisions"}],"wp:featuredmedia":[{"embeddable":true,"href":"https:\/\/www.meydan.tv\/az\/wp-json\/wp\/v2\/media\/125857"}],"wp:attachment":[{"href":"https:\/\/www.meydan.tv\/az\/wp-json\/wp\/v2\/media?parent=195960"}],"wp:term":[{"taxonomy":"category","embeddable":true,"href":"https:\/\/www.meydan.tv\/az\/wp-json\/wp\/v2\/categories?post=195960"},{"taxonomy":"post_tag","embeddable":true,"href":"https:\/\/www.meydan.tv\/az\/wp-json\/wp\/v2\/tags?post=195960"}],"curies":[{"name":"wp","href":"https:\/\/api.w.org\/{rel}","templated":true}]}}