{"id":195944,"date":"2019-06-21T16:12:08","date_gmt":"2019-06-21T16:12:08","guid":{"rendered":"https:\/\/www.meydan.tv\/article\/guc-ve-hakimiyyet\/"},"modified":"2019-06-21T16:12:08","modified_gmt":"2019-06-21T16:12:08","slug":"guc-ve-hakimiyyet","status":"publish","type":"post","link":"https:\/\/www.meydan.tv\/az\/article\/guc-ve-hakimiyyet\/","title":{"rendered":"G\u00fcc v\u0259 Hakimiyy\u0259t"},"content":{"rendered":"<p>\n  <b><br \/>\n    <i><br \/>\n      Prezident \u0130lham \u018fliyev iyunun 20-d\u0259 g\u00fcc qurumlar\u0131n\u0131n s\u0131ralar\u0131nda rotasiya h\u0259yata ke\u00e7irib.<br \/>\n    <\/i><br \/>\n  <\/b>\n<\/p>\n<p>\n  24 illik staja malik daxili i\u015fl\u0259r naziri Ramil Usubov T\u0259hl\u00fck\u0259sizlik \u015euras\u0131n\u0131n katibi t\u0259yin edilib. \u018fvv\u0259ll\u0259r bu v\u0259zif\u0259ni Prezident Administrasiyas\u0131n\u0131n r\u0259hb\u0259ri, sovet partnomenklaturas\u0131n\u0131n patriarx\u0131 Ramiz Mehdiyev yerin\u0259 yetirirdi. O, s\u0259hh\u0259ti il\u0259 \u0259laq\u0259dar v\u0259 prezident t\u0259r\u0259find\u0259n administrasiya idar\u0259etm\u0259sinin m\u0259rk\u0259zl\u0259\u015fdirilm\u0259sinin g\u00fccl\u0259nm\u0259si \u015f\u0259raitind\u0259 \u0259vv\u0259lki ill\u0259rd\u0259 oldu\u011fu q\u0259d\u0259r f\u0259al deyil.\n<\/p>\n<p>\n  Usubovun yerini onun yeti\u015fdirm\u0259si v\u0259 sadiq xidm\u0259t yolda\u015f\u0131, 1-ci m\u00fcavini 51 ya\u015fl\u0131 Vilay\u0259t Eyvazov tutub. O, uzun ill\u0259r beyn\u0259lxalq ictimaiyy\u0259tin b\u00f6y\u00fck mara\u011f\u0131n\u0131 c\u0259lb ed\u0259n trafikinq\u0259 qar\u015f\u0131 m\u00fcbariz\u0259 sah\u0259sin\u0259 r\u0259hb\u0259rlik edib.\n<\/p>\n<p>\n  D\u00f6vl\u0259t T\u0259hl\u00fck\u0259sizliyi Xidm\u0259tinin r\u0259hb\u0259ri, Milli Q\u0259hr\u0259man ad\u0131na malik pe\u015f\u0259kar polis M\u0259d\u0259t Quliyev el\u0259 d\u00fcn\u0259n yenid\u0259n b\u0259rpa edilmi\u015f M\u00fcdafi\u0259 S\u0259nayesi Nazirliyinin r\u0259hb\u0259ri t\u0259yin edilib. Bu, onun ordunun silah t\u0259chizat\u0131 v\u0259 silahlar\u0131n v\u0259ziyy\u0259ti, dolay\u0131s\u0131 il\u0259 he\u00e7 d\u0259 yax\u015f\u0131 m\u00fcnasib\u0259tl\u0259ri olmayan h\u0259rbi\u00e7il\u0259r \u00fcz\u0259rind\u0259 n\u0259zar\u0259ti g\u00fccl\u0259ndirm\u0259k imkan\u0131 ver\u0259c\u0259k. \u018fn yeni n\u00fcmun\u0259 h\u0259rbi komandanl\u0131\u011f\u0131n v\u0259 h\u0259rbi prokurorlu\u011fun saxta ittihamlar\u0131 il\u0259 bir qrup zabitin i\u015fg\u0259nc\u0259y\u0259 m\u0259ruz qoyulmas\u0131 v\u0259 \u00f6ld\u00fcr\u00fclm\u0259si il\u0259 n\u0259tic\u0259l\u0259n\u0259n &quot;T\u0259rt\u0259r i\u015fi&quot;dir. \u0130\u015fin \u00fcst\u00fc DTX-d\u0259 a\u00e7\u0131l\u0131b, zabitl\u0259r is\u0259 b\u0259ra\u0259t al\u0131blar.\n<\/p>\n<p>\n  Quliyevin yerini d\u00fcn\u0259n\u0259 q\u0259d\u0259r Ba\u015f Prokurorluq yan\u0131nda antikorrupsiya idar\u0259sinin r\u0259is m\u00fcavini, pe\u015f\u0259kar \u00e7ekist \u018fli Na\u011f\u0131yev tutub. O, do\u011fma yerin\u0259 qay\u0131d\u0131r, burada t\u0259cr\u00fcb\u0259li pe\u015f\u0259kar kadrlara t\u0259l\u0259bat v\u0259 sistemin m\u00fcasir t\u0259l\u0259bl\u0259r\u0259 v\u0259 \u00e7a\u011f\u0131r\u0131\u015flara uy\u011fun yenid\u0259n qurulmas\u0131na ehtiyac var. Na\u011f\u0131yev art\u0131q x\u00fcsusi xidm\u0259tl\u0259r\u0259 nazirin birinci m\u00fcavini v\u0259zif\u0259sind\u0259 r\u0259hb\u0259rlik edib.\n<\/p>\n<p>\n  <b><br \/>\n    \u00c7a\u011f\u0131r\u0131\u015flar<br \/>\n  <\/b>\n<\/p>\n<p>\n  \u00c7ekist-polis sisteminin bel\u0259 g\u00fccl\u0259ndirilm\u0259si, \u00f6lk\u0259d\u0259 m\u00f6hk\u0259m qayda-qanunu q\u00fcsursuzca t\u0259min etmi\u015f qocaman polisin \u0259sas koordinatora \u00e7evrilm\u0259si d\u00f6vl\u0259tin v\u0259 c\u0259miyy\u0259tin d\u00f6vl\u0259t ma\u015f\u0131n\u0131n\u0131n s\u0259f\u0259rb\u0259r edilm\u0259sini t\u0259l\u0259b ed\u0259n ciddi s\u0131naq d\u00f6vr\u00fcn\u0259 q\u0259d\u0259m qoydu\u011funu g\u00f6st\u0259rir.\n<\/p>\n<p>\n  Ciddi s\u0131naqlar sosial-iqtisadi b\u00f6hrandan, c\u0259miyy\u0259tin b\u00fct\u00fcn t\u0259b\u0259q\u0259l\u0259rind\u0259 artan naraz\u0131l\u0131qdan, islahatlara artan ictimai \u00fcmidl\u0259rd\u0259n, geni\u015fl\u0259n\u0259n informasiya azadl\u0131\u011f\u0131ndan ibar\u0259tdir.\n<\/p>\n<p>\n  Xarici s\u0131naqlar Q\u0259rbin islahatlar aparmaq t\u0259l\u0259bind\u0259, Q\u0259rbin regionda g\u00fccl\u0259nm\u0259sind\u0259n Rusiyan\u0131n naraz\u0131l\u0131\u011f\u0131nda, d\u0259rinl\u0259\u015f\u0259n \u0130ran-AB\u015e b\u00f6hran\u0131nda \u00f6z\u00fcn\u00fc b\u00fcruz\u0259 verir.\n<\/p>\n<p>\n  Prezidentd\u0259n siyasi meydanda getdikc\u0259 daha \u00e7ox \u00fcst\u00fcnl\u00fck t\u0259\u015fkil etm\u0259y\u0259 ba\u015flayan v\u0259 \u0259traf\u0131nda postsovet d\u00f6vr\u00fcn\u00fcn g\u0259nc kadrlar\u0131ndan ibar\u0259t blok formala\u015fan v\u0259 g\u00fcn\u00fcn t\u0259l\u0259bl\u0259rin\u0259 daha \u00e7ox cavab verm\u0259k iqtidar\u0131nda olan birinci vitse-prezident Mehriban \u018fliyevaya q\u0259d\u0259r hakimiyy\u0259tin m\u00fcmk\u00fcn tranzaksiyas\u0131n\u0131 diqq\u0259td\u0259n k\u0259narda qoymamaq laz\u0131md\u0131r.\n<\/p>\n<p>\n  Bu kadrlar bu g\u00fcn struktur d\u0259yi\u015fiklikl\u0259ri v\u0259 islahatlar prosesin\u0259 c\u0259lb edilib, bu proses ard\u0131c\u0131l olmamas\u0131 il\u0259 f\u0259rql\u0259nir ki, bu da klanlar\u0131n daxili fikir ayr\u0131l\u0131qlar\u0131 v\u0259 islahat aparmaq z\u0259rur\u0259ti v\u0259 ist\u0259ksizliyi aras\u0131nda m\u00fcbariz\u0259 il\u0259 \u015f\u0259rtl\u0259nib. Tranzaksiya nisbi zaman ala bil\u0259r v\u0259 buna g\u00f6r\u0259 bu proses rejimin \u0259leyhdarlar\u0131n\u0131n v\u0259 c\u0259miyy\u0259tin naraz\u0131 t\u0259b\u0259q\u0259l\u0259rinin k\u0259skin \u015f\u0259kild\u0259 f\u0259alla\u015fmas\u0131 ehtimal\u0131na qar\u015f\u0131 g\u00fcc blokunun d\u0259st\u0259yini t\u0259l\u0259b ed\u0259c\u0259k.\n<\/p>\n<p>\n  \u0130st\u0259nil\u0259n halda, 2015-ci ild\u0259 sistem b\u00f6hran\u0131n\u0131n ba\u015flamas\u0131ndan sonra az da olsa g\u00fccl\u0259n\u0259n prosesin getdikc\u0259 daha dinamik v\u0259 dramatik hal ald\u0131\u011f\u0131n\u0131 g\u00f6r\u00fcr\u00fck. Dinamika Q\u0259rbin \u00f6hd\u0259likl\u0259r v\u0259 v\u0259dl\u0259r sah\u0259sind\u0259 t\u0259zyiqind\u0259 v\u0259 c\u0259miyy\u0259tin t\u0259zyiqind\u0259 sezilir, bu, etiraz aksiyalar\u0131n\u0131n say\u0131n\u0131n artmas\u0131nda v\u0259 m\u00fcxalif\u0259tin y\u00fcks\u0259k m\u0259murlara qar\u015f\u0131 g\u00fccl\u0259n\u0259n informasiya h\u00fccumlar\u0131nda \u00f6z\u00fcn\u00fc g\u00f6st\u0259rir, internet azadl\u0131\u011f\u0131 \u015f\u0259raitind\u0259 bu h\u00fccumlarda hakimiyy\u0259t uduzur.\n<\/p>\n<p>\n  Sonrak\u0131 d\u00f6vrl\u0259rd\u0259 prezidentin d\u00f6vl\u0259t idar\u0259\u00e7iliyi sisteminin optimalla\u015fd\u0131r\u0131lmas\u0131 \u00fczr\u0259, habel\u0259 \u0259hali \u00fc\u00e7\u00fcn sosial imtiyazlar sah\u0259sind\u0259 yeni add\u0131mlar\u0131n\u0131n \u015fahidi olmal\u0131y\u0131q. Q\u0259rbl\u0259 m\u00fcnasib\u0259tl\u0259rd\u0259 hakimiyy\u0259t \u00f6hd\u0259likl\u0259rin yerin\u0259 yetirilm\u0259sini maksimum uzatma\u011fa \u00e7al\u0131\u015facaq. Hakimiyy\u0259tin fikrinc\u0259, bu \u00f6hd\u0259likl\u0259rin h\u0259yata ke\u00e7irilm\u0259si sistemin v\u0259 hakimiyy\u0259tin tranzaksiyas\u0131 \u015f\u0259raitind\u0259 rejimin t\u0259m\u0259lini z\u0259ifl\u0259d\u0259 bil\u0259r. O, h\u0259m\u00e7inin indiy\u0259d\u0259k \u0259n\u0259n\u0259vi olaraq etdiyi kimi, tarazl\u0131\u011f\u0131n pozulmas\u0131na yol verm\u0259m\u0259k \u00fc\u00e7\u00fcn dig\u0259r g\u00fcc m\u0259rk\u0259zl\u0259rind\u0259n uzaq duracaq.<\/p>\n","protected":false},"excerpt":{"rendered":"<p>Sonrak\u0131 d\u00f6vrl\u0259rd\u0259 prezidentin d\u00f6vl\u0259t idar\u0259\u00e7iliyi sisteminin optimalla\u015fd\u0131r\u0131lmas\u0131 \u00fczr\u0259, habel\u0259 \u0259hali \u00fc\u00e7\u00fcn sosial imtiyazlar sah\u0259sind\u0259 yeni add\u0131mlar\u0131n\u0131n \u015fahidi olmal\u0131y\u0131q.<\/p>\n","protected":false},"author":11,"featured_media":125800,"comment_status":"closed","ping_status":"open","sticky":false,"template":"","format":"standard","meta":{"_acf_changed":false,"_sitemap_exclude":false,"_sitemap_priority":"","_sitemap_frequency":"","footnotes":""},"categories":[51],"tags":[],"class_list":["post-195944","post","type-post","status-publish","format-standard","has-post-thumbnail","hentry","category-analitika","infinite-scroll-item","generate-columns","tablet-grid-50","mobile-grid-100","grid-parent","grid-33","no-featured-image-padding"],"acf":[],"yoast_head":"<!-- This site is optimized with the Yoast SEO plugin v27.4 - https:\/\/yoast.com\/product\/yoast-seo-wordpress\/ -->\n<title>G\u00fcc v\u0259 Hakimiyy\u0259t - MEYDAN.TV<\/title>\n<meta name=\"robots\" content=\"index, follow, max-snippet:-1, max-image-preview:large, max-video-preview:-1\" \/>\n<link rel=\"canonical\" href=\"https:\/\/www.meydan.tv\/az\/article\/guc-ve-hakimiyyet\/\" \/>\n<meta property=\"og:locale\" content=\"az_AZ\" \/>\n<meta property=\"og:type\" content=\"article\" \/>\n<meta property=\"og:title\" content=\"G\u00fcc v\u0259 Hakimiyy\u0259t - MEYDAN.TV\" \/>\n<meta property=\"og:description\" content=\"Sonrak\u0131 d\u00f6vrl\u0259rd\u0259 prezidentin d\u00f6vl\u0259t idar\u0259\u00e7iliyi sisteminin optimalla\u015fd\u0131r\u0131lmas\u0131 \u00fczr\u0259, habel\u0259 \u0259hali \u00fc\u00e7\u00fcn sosial imtiyazlar sah\u0259sind\u0259 yeni add\u0131mlar\u0131n\u0131n \u015fahidi olmal\u0131y\u0131q.\" \/>\n<meta property=\"og:url\" content=\"https:\/\/www.meydan.tv\/az\/article\/guc-ve-hakimiyyet\/\" \/>\n<meta property=\"og:site_name\" content=\"MEYDAN.TV\" \/>\n<meta property=\"article:published_time\" content=\"2019-06-21T16:12:08+00:00\" \/>\n<meta property=\"og:image\" content=\"https:\/\/www.meydan.tv\/wp-content\/uploads\/062100019811.jpg\" \/>\n\t<meta property=\"og:image:width\" content=\"800\" \/>\n\t<meta property=\"og:image:height\" content=\"504\" \/>\n\t<meta property=\"og:image:type\" content=\"image\/jpeg\" \/>\n<meta name=\"author\" content=\"user-manager\" \/>\n<meta name=\"twitter:card\" content=\"summary_large_image\" \/>\n<script type=\"application\/ld+json\" class=\"yoast-schema-graph\">{\"@context\":\"https:\\\/\\\/schema.org\",\"@graph\":[{\"@type\":\"Article\",\"@id\":\"https:\\\/\\\/www.meydan.tv\\\/az\\\/article\\\/guc-ve-hakimiyyet\\\/#article\",\"isPartOf\":{\"@id\":\"https:\\\/\\\/www.meydan.tv\\\/az\\\/article\\\/guc-ve-hakimiyyet\\\/\"},\"author\":{\"name\":\"user-manager\",\"@id\":\"https:\\\/\\\/www.meydan.tv\\\/az\\\/#\\\/schema\\\/person\\\/10d11eccf6da3662cf5fdab9806ea91a\"},\"headline\":\"G\u00fcc v\u0259 Hakimiyy\u0259t\",\"datePublished\":\"2019-06-21T16:12:08+00:00\",\"mainEntityOfPage\":{\"@id\":\"https:\\\/\\\/www.meydan.tv\\\/az\\\/article\\\/guc-ve-hakimiyyet\\\/\"},\"wordCount\":899,\"publisher\":{\"@id\":\"https:\\\/\\\/www.meydan.tv\\\/az\\\/#organization\"},\"image\":{\"@id\":\"https:\\\/\\\/www.meydan.tv\\\/az\\\/article\\\/guc-ve-hakimiyyet\\\/#primaryimage\"},\"thumbnailUrl\":\"https:\\\/\\\/www.meydan.tv\\\/wp-content\\\/uploads\\\/062100019811.jpg\",\"articleSection\":[\"Analitika\"],\"inLanguage\":\"az\"},{\"@type\":\"WebPage\",\"@id\":\"https:\\\/\\\/www.meydan.tv\\\/az\\\/article\\\/guc-ve-hakimiyyet\\\/\",\"url\":\"https:\\\/\\\/www.meydan.tv\\\/az\\\/article\\\/guc-ve-hakimiyyet\\\/\",\"name\":\"G\u00fcc v\u0259 Hakimiyy\u0259t - MEYDAN.TV\",\"isPartOf\":{\"@id\":\"https:\\\/\\\/www.meydan.tv\\\/az\\\/#website\"},\"primaryImageOfPage\":{\"@id\":\"https:\\\/\\\/www.meydan.tv\\\/az\\\/article\\\/guc-ve-hakimiyyet\\\/#primaryimage\"},\"image\":{\"@id\":\"https:\\\/\\\/www.meydan.tv\\\/az\\\/article\\\/guc-ve-hakimiyyet\\\/#primaryimage\"},\"thumbnailUrl\":\"https:\\\/\\\/www.meydan.tv\\\/wp-content\\\/uploads\\\/062100019811.jpg\",\"datePublished\":\"2019-06-21T16:12:08+00:00\",\"breadcrumb\":{\"@id\":\"https:\\\/\\\/www.meydan.tv\\\/az\\\/article\\\/guc-ve-hakimiyyet\\\/#breadcrumb\"},\"inLanguage\":\"az\",\"potentialAction\":[{\"@type\":\"ReadAction\",\"target\":[\"https:\\\/\\\/www.meydan.tv\\\/az\\\/article\\\/guc-ve-hakimiyyet\\\/\"]}]},{\"@type\":\"ImageObject\",\"inLanguage\":\"az\",\"@id\":\"https:\\\/\\\/www.meydan.tv\\\/az\\\/article\\\/guc-ve-hakimiyyet\\\/#primaryimage\",\"url\":\"https:\\\/\\\/www.meydan.tv\\\/wp-content\\\/uploads\\\/062100019811.jpg\",\"contentUrl\":\"https:\\\/\\\/www.meydan.tv\\\/wp-content\\\/uploads\\\/062100019811.jpg\",\"width\":800,\"height\":504,\"caption\":\"Source: Foto: Turan \u0130A\"},{\"@type\":\"BreadcrumbList\",\"@id\":\"https:\\\/\\\/www.meydan.tv\\\/az\\\/article\\\/guc-ve-hakimiyyet\\\/#breadcrumb\",\"itemListElement\":[{\"@type\":\"ListItem\",\"position\":1,\"name\":\"Ana s\u0259hif\u0259\",\"item\":\"https:\\\/\\\/www.meydan.tv\\\/az\\\/\"},{\"@type\":\"ListItem\",\"position\":2,\"name\":\"Analitika\",\"item\":\"https:\\\/\\\/www.meydan.tv\\\/az\\\/section\\\/analitika\\\/\"},{\"@type\":\"ListItem\",\"position\":3,\"name\":\"G\u00fcc v\u0259 Hakimiyy\u0259t\"}]},{\"@type\":\"WebSite\",\"@id\":\"https:\\\/\\\/www.meydan.tv\\\/az\\\/#website\",\"url\":\"https:\\\/\\\/www.meydan.tv\\\/az\\\/\",\"name\":\"MEYDAN.TV\",\"description\":\"Meydan TV Az\u0259rbaycan\u0131n media m\u0259kan\u0131ndak\u0131 alternativ s\u0259sidir\",\"publisher\":{\"@id\":\"https:\\\/\\\/www.meydan.tv\\\/az\\\/#organization\"},\"potentialAction\":[{\"@type\":\"SearchAction\",\"target\":{\"@type\":\"EntryPoint\",\"urlTemplate\":\"https:\\\/\\\/www.meydan.tv\\\/az\\\/?s={search_term_string}\"},\"query-input\":{\"@type\":\"PropertyValueSpecification\",\"valueRequired\":true,\"valueName\":\"search_term_string\"}}],\"inLanguage\":\"az\"},{\"@type\":\"Organization\",\"@id\":\"https:\\\/\\\/www.meydan.tv\\\/az\\\/#organization\",\"name\":\"Meydan TV\",\"url\":\"https:\\\/\\\/www.meydan.tv\\\/az\\\/\",\"logo\":{\"@type\":\"ImageObject\",\"inLanguage\":\"az\",\"@id\":\"https:\\\/\\\/www.meydan.tv\\\/az\\\/#\\\/schema\\\/logo\\\/image\\\/\",\"url\":\"https:\\\/\\\/www.meydan.tv\\\/wp-content\\\/uploads\\\/2021\\\/07\\\/meydan-logo.svg\",\"contentUrl\":\"https:\\\/\\\/www.meydan.tv\\\/wp-content\\\/uploads\\\/2021\\\/07\\\/meydan-logo.svg\",\"width\":195,\"height\":46,\"caption\":\"Meydan TV\"},\"image\":{\"@id\":\"https:\\\/\\\/www.meydan.tv\\\/az\\\/#\\\/schema\\\/logo\\\/image\\\/\"}},{\"@type\":\"Person\",\"@id\":\"https:\\\/\\\/www.meydan.tv\\\/az\\\/#\\\/schema\\\/person\\\/10d11eccf6da3662cf5fdab9806ea91a\",\"name\":\"user-manager\"}]}<\/script>\n<!-- \/ Yoast SEO plugin. -->","yoast_head_json":{"title":"G\u00fcc v\u0259 Hakimiyy\u0259t - MEYDAN.TV","robots":{"index":"index","follow":"follow","max-snippet":"max-snippet:-1","max-image-preview":"max-image-preview:large","max-video-preview":"max-video-preview:-1"},"canonical":"https:\/\/www.meydan.tv\/az\/article\/guc-ve-hakimiyyet\/","og_locale":"az_AZ","og_type":"article","og_title":"G\u00fcc v\u0259 Hakimiyy\u0259t - MEYDAN.TV","og_description":"Sonrak\u0131 d\u00f6vrl\u0259rd\u0259 prezidentin d\u00f6vl\u0259t idar\u0259\u00e7iliyi sisteminin optimalla\u015fd\u0131r\u0131lmas\u0131 \u00fczr\u0259, habel\u0259 \u0259hali \u00fc\u00e7\u00fcn sosial imtiyazlar sah\u0259sind\u0259 yeni add\u0131mlar\u0131n\u0131n \u015fahidi olmal\u0131y\u0131q.","og_url":"https:\/\/www.meydan.tv\/az\/article\/guc-ve-hakimiyyet\/","og_site_name":"MEYDAN.TV","article_published_time":"2019-06-21T16:12:08+00:00","og_image":[{"width":800,"height":504,"url":"https:\/\/www.meydan.tv\/wp-content\/uploads\/062100019811.jpg","type":"image\/jpeg"}],"author":"user-manager","twitter_card":"summary_large_image","schema":{"@context":"https:\/\/schema.org","@graph":[{"@type":"Article","@id":"https:\/\/www.meydan.tv\/az\/article\/guc-ve-hakimiyyet\/#article","isPartOf":{"@id":"https:\/\/www.meydan.tv\/az\/article\/guc-ve-hakimiyyet\/"},"author":{"name":"user-manager","@id":"https:\/\/www.meydan.tv\/az\/#\/schema\/person\/10d11eccf6da3662cf5fdab9806ea91a"},"headline":"G\u00fcc v\u0259 Hakimiyy\u0259t","datePublished":"2019-06-21T16:12:08+00:00","mainEntityOfPage":{"@id":"https:\/\/www.meydan.tv\/az\/article\/guc-ve-hakimiyyet\/"},"wordCount":899,"publisher":{"@id":"https:\/\/www.meydan.tv\/az\/#organization"},"image":{"@id":"https:\/\/www.meydan.tv\/az\/article\/guc-ve-hakimiyyet\/#primaryimage"},"thumbnailUrl":"https:\/\/www.meydan.tv\/wp-content\/uploads\/062100019811.jpg","articleSection":["Analitika"],"inLanguage":"az"},{"@type":"WebPage","@id":"https:\/\/www.meydan.tv\/az\/article\/guc-ve-hakimiyyet\/","url":"https:\/\/www.meydan.tv\/az\/article\/guc-ve-hakimiyyet\/","name":"G\u00fcc v\u0259 Hakimiyy\u0259t - MEYDAN.TV","isPartOf":{"@id":"https:\/\/www.meydan.tv\/az\/#website"},"primaryImageOfPage":{"@id":"https:\/\/www.meydan.tv\/az\/article\/guc-ve-hakimiyyet\/#primaryimage"},"image":{"@id":"https:\/\/www.meydan.tv\/az\/article\/guc-ve-hakimiyyet\/#primaryimage"},"thumbnailUrl":"https:\/\/www.meydan.tv\/wp-content\/uploads\/062100019811.jpg","datePublished":"2019-06-21T16:12:08+00:00","breadcrumb":{"@id":"https:\/\/www.meydan.tv\/az\/article\/guc-ve-hakimiyyet\/#breadcrumb"},"inLanguage":"az","potentialAction":[{"@type":"ReadAction","target":["https:\/\/www.meydan.tv\/az\/article\/guc-ve-hakimiyyet\/"]}]},{"@type":"ImageObject","inLanguage":"az","@id":"https:\/\/www.meydan.tv\/az\/article\/guc-ve-hakimiyyet\/#primaryimage","url":"https:\/\/www.meydan.tv\/wp-content\/uploads\/062100019811.jpg","contentUrl":"https:\/\/www.meydan.tv\/wp-content\/uploads\/062100019811.jpg","width":800,"height":504,"caption":"Source: Foto: Turan \u0130A"},{"@type":"BreadcrumbList","@id":"https:\/\/www.meydan.tv\/az\/article\/guc-ve-hakimiyyet\/#breadcrumb","itemListElement":[{"@type":"ListItem","position":1,"name":"Ana s\u0259hif\u0259","item":"https:\/\/www.meydan.tv\/az\/"},{"@type":"ListItem","position":2,"name":"Analitika","item":"https:\/\/www.meydan.tv\/az\/section\/analitika\/"},{"@type":"ListItem","position":3,"name":"G\u00fcc v\u0259 Hakimiyy\u0259t"}]},{"@type":"WebSite","@id":"https:\/\/www.meydan.tv\/az\/#website","url":"https:\/\/www.meydan.tv\/az\/","name":"MEYDAN.TV","description":"Meydan TV Az\u0259rbaycan\u0131n media m\u0259kan\u0131ndak\u0131 alternativ s\u0259sidir","publisher":{"@id":"https:\/\/www.meydan.tv\/az\/#organization"},"potentialAction":[{"@type":"SearchAction","target":{"@type":"EntryPoint","urlTemplate":"https:\/\/www.meydan.tv\/az\/?s={search_term_string}"},"query-input":{"@type":"PropertyValueSpecification","valueRequired":true,"valueName":"search_term_string"}}],"inLanguage":"az"},{"@type":"Organization","@id":"https:\/\/www.meydan.tv\/az\/#organization","name":"Meydan TV","url":"https:\/\/www.meydan.tv\/az\/","logo":{"@type":"ImageObject","inLanguage":"az","@id":"https:\/\/www.meydan.tv\/az\/#\/schema\/logo\/image\/","url":"https:\/\/www.meydan.tv\/wp-content\/uploads\/2021\/07\/meydan-logo.svg","contentUrl":"https:\/\/www.meydan.tv\/wp-content\/uploads\/2021\/07\/meydan-logo.svg","width":195,"height":46,"caption":"Meydan TV"},"image":{"@id":"https:\/\/www.meydan.tv\/az\/#\/schema\/logo\/image\/"}},{"@type":"Person","@id":"https:\/\/www.meydan.tv\/az\/#\/schema\/person\/10d11eccf6da3662cf5fdab9806ea91a","name":"user-manager"}]}},"_links":{"self":[{"href":"https:\/\/www.meydan.tv\/az\/wp-json\/wp\/v2\/posts\/195944","targetHints":{"allow":["GET"]}}],"collection":[{"href":"https:\/\/www.meydan.tv\/az\/wp-json\/wp\/v2\/posts"}],"about":[{"href":"https:\/\/www.meydan.tv\/az\/wp-json\/wp\/v2\/types\/post"}],"author":[{"embeddable":true,"href":"https:\/\/www.meydan.tv\/az\/wp-json\/wp\/v2\/users\/11"}],"replies":[{"embeddable":true,"href":"https:\/\/www.meydan.tv\/az\/wp-json\/wp\/v2\/comments?post=195944"}],"version-history":[{"count":0,"href":"https:\/\/www.meydan.tv\/az\/wp-json\/wp\/v2\/posts\/195944\/revisions"}],"wp:featuredmedia":[{"embeddable":true,"href":"https:\/\/www.meydan.tv\/az\/wp-json\/wp\/v2\/media\/125800"}],"wp:attachment":[{"href":"https:\/\/www.meydan.tv\/az\/wp-json\/wp\/v2\/media?parent=195944"}],"wp:term":[{"taxonomy":"category","embeddable":true,"href":"https:\/\/www.meydan.tv\/az\/wp-json\/wp\/v2\/categories?post=195944"},{"taxonomy":"post_tag","embeddable":true,"href":"https:\/\/www.meydan.tv\/az\/wp-json\/wp\/v2\/tags?post=195944"}],"curies":[{"name":"wp","href":"https:\/\/api.w.org\/{rel}","templated":true}]}}