{"id":195888,"date":"2019-06-18T14:41:27","date_gmt":"2019-06-18T14:41:27","guid":{"rendered":"https:\/\/www.meydan.tv\/article\/kerpickesen-qarabag-elilinin-dastani\/"},"modified":"2019-06-18T14:41:27","modified_gmt":"2019-06-18T14:41:27","slug":"kerpickesen-qarabag-elilinin-dastani","status":"publish","type":"post","link":"https:\/\/www.meydan.tv\/az\/article\/kerpickesen-qarabag-elilinin-dastani\/","title":{"rendered":"K\u0259rpick\u0259s\u0259n Qaraba\u011f \u0259lilinin dastan\u0131"},"content":{"rendered":"<p>\n  <i><br \/>\n    \u201cSosial M\u00fcdafi\u0259 Fondu icra hakimiyy\u0259tin\u0259 y\u00f6n\u0259ldir, onlar da m\u0259n\u0259 k\u00f6m\u0259k el\u0259m\u0259kd\u0259n boyun qa\u00e7\u0131r\u0131r\u201d<br \/>\n  <\/i>\n<\/p>\n<p>\n  Yenik\u0259nd q\u0259biristanl\u0131\u011f\u0131n\u0131n lap k\u0259nar\u0131nda miskin g\u00f6rk\u0259mli daxma g\u00f6z\u0259 d\u0259yir. Siy\u0259z\u0259nli Qaraba\u011f m\u00fcharib\u0259si \u0259lili Natiq Dada\u015fov ail\u0259si il\u0259 o birotaql\u0131 komada ya\u015fay\u0131r. Daxma bataql\u0131q il\u0259 \u0259hat\u0259 olunub.\n<\/p>\n<p>\n  <b><br \/>\n    <i><br \/>\n      \u018flilliyi olan \u015f\u0259xsin h\u0259yat\u0131<br \/>\n    <\/i><br \/>\n  <\/b>\n<\/p>\n<p>\n  Natiq Dada\u015fov 3-c\u00fc qrup \u0259lilidir. 1993-c\u00fc ilin yanvar\u0131nda K\u0259lb\u0259c\u0259rd\u0259 ayaqlar\u0131n\u0131 don vurub. Sa\u011f aya\u011f\u0131n\u0131n barmaqlar\u0131n\u0131, sol aya\u011f\u0131n\u0131n daban\u0131n\u0131 k\u0259sibl\u0259r. \u00dc\u00e7 d\u0259f\u0259 \u0259m\u0259liyyat olunub. Aya\u011f\u0131n\u0131n hiss\u0259l\u0259rini par\u00e7a-par\u00e7a itirib: \u201cSoyuqlar d\u00fc\u015f\u0259n kimi ayaqlar\u0131m \u015fi\u015fir, g\u00f6mg\u00f6y olur. \u0130yn\u0259 vurdururam. Birt\u0259h\u0259r d\u00f6z\u00fcr\u0259m\u201d.\n<\/p>\n<p>\n  Natiq \u00e7ox \u00e7\u0259tinlikl\u0259 g\u0259zir. G\u00fcn\u00fcn asud\u0259 vaxt\u0131nda daha \u00e7ox oturma\u011fa, uzanma\u011fa \u00e7al\u0131\u015f\u0131r. \u018flillik d\u0259r\u0259c\u0259sind\u0259n d\u0259 naraz\u0131d\u0131r: \u201cHe\u00e7 olmasa, ikinci qrup ver\u0259rdil\u0259r. \u0130mran h\u0259kim o vaxt 160 manat pul ald\u0131 m\u0259nd\u0259n, amma \u00fc\u00e7\u00fcnc\u00fc qrup yazd\u0131\u201d.\n<\/p>\n<p>\n  Natiqin s\u00f6hb\u0259td\u0259 ad\u0131n\u0131 \u00e7\u0259kdiyi \u0130mran M\u0259mm\u0259dov \u018fm\u0259k v\u0259 \u018fhalinin Sosial M\u00fcdafi\u0259si Nazirliyinin 14 sayl\u0131 Tibbi Sosial Ekspert Komissiyas\u0131n\u0131n s\u0259dri idi. Bir m\u00fcdd\u0259t \u0259vv\u0259l o, \u0259lillik d\u0259r\u0259c\u0259sinin t\u0259yin edilm\u0259si \u00fc\u00e7\u00fcn adamlardan r\u00fc\u015fv\u0259t almaq ittiham\u0131yla h\u0259bs olunmu\u015fdu.\n<\/p>\n<p>\n  M\u00fcharib\u0259 \u0259lili qay\u011f\u0131 g\u00f6rm\u0259m\u0259sind\u0259n \u015fikay\u0259t el\u0259yir:\n<\/p>\n<p>\n  \u201cV\u0259t\u0259n yolunda can\u0131m\u0131z\u0131 qoymaq borcumuzdu. Amma sabah-birisig\u00fcn u\u015faqlar\u0131m \u00e7\u00f6ld\u0259 qalacaq. H\u0259r q\u0131\u015f fikirl\u0259\u015fir\u0259m ki, daxma bu d\u0259qiq\u0259 u\u00e7acaq\u201d.\n<\/p>\n<p>\n  Natiq deyir ki, televizorda ba\u015fqa yerl\u0259rd\u0259 m\u00fcharib\u0259 veteranlar\u0131na, \u0259lill\u0259r\u0259 ev verilm\u0259sini g\u00f6r\u0259nd\u0259 bir ayaqlar\u0131na, bir d\u0259 d\u00f6rd n\u0259f\u0259rlik ail\u0259si il\u0259 ya\u015fad\u0131\u011f\u0131 daxmaya bax\u0131r. \u0130ll\u0259rdir bu \u015f\u0259raitsizliy\u0259 d\u00f6z\u00fcrl\u0259r.\n<\/p>\n<figure class=\"wp-block-image size-large\">\n  <img decoding=\"async\" src=\"https:\/\/www.meydan.tv\/az\/natiq-dadasov\/\" alt=\"Natiq Dada\u015fov\" class=\"wp-image-125634\"\/><figcaption>\n    Natiq Dada\u015fovun ail\u0259si<br \/>\n  <\/figcaption><\/figure>\n<p>\n  <b><br \/>\n    <i><br \/>\n      \u201cBirc\u0259 ev m\u0259s\u0259l\u0259si d\u00fcz\u0259lsin\u201d<br \/>\n    <\/i><br \/>\n  <\/b>\n<\/p>\n<p>\n  Natiq ail\u0259si il\u0259 a\u011f\u0131r \u015f\u0259rtl\u0259r alt\u0131nda ya\u015fay\u0131r. Daxma pal\u00e7\u0131q k\u0259rpicd\u0259n tikilib. H\u0259r an u\u00e7maq t\u0259hl\u00fck\u0259si var. Dam\u0131na \u015fifer vurulmay\u0131b, sad\u0259c\u0259, k\u00f6hn\u0259 materialla \u00f6rt\u00fcl\u00fcb, \u00fcst\u00fcn\u0259 da\u015f qoyulub. Dan\u0131\u015f\u0131r ki, uzun ill\u0259r m\u00fcxt\u0259lif d\u00f6vl\u0259t orqanlar\u0131na ayaq d\u00f6y\u0259nd\u0259n sonra q\u0259biristanl\u0131\u011f\u0131n k\u0259nar\u0131nda bataql\u0131qla \u0259hat\u0259 olan bu yar\u0131mtikilini ona veribl\u0259r: \u201cBu ill\u0259r \u0259rzind\u0259 d\u0259f\u0259l\u0259rl\u0259 \u018fm\u0259k v\u0259 \u018fhalinin Sosial M\u00fcdafi\u0259si Nazirliyin\u0259, D\u00f6vl\u0259t Sosial M\u00fcdafi\u0259 Fonduna yazm\u0131\u015fam, Siy\u0259z\u0259n Rayon \u0130cra Hakimiyy\u0259tin\u0259 getmi\u015f\u0259m. Baxan yoxdu. Yiy\u0259siz\u0259m. \u0130cra Hakimiyy\u0259tind\u0259 m\u0259ni ba\u015flar\u0131ndan el\u0259yirl\u0259r. Sosial M\u00fcdafi\u0259 Fondu icra hakimiyy\u0259tin\u0259 y\u00f6n\u0259ldir, onlar da m\u0259n\u0259 k\u00f6m\u0259k el\u0259m\u0259kd\u0259n boyun qa\u00e7\u0131r\u0131r\u201d.\n<\/p>\n<p>\n  Siy\u0259z\u0259n Rayon \u0130cra Hakimiyy\u0259tind\u0259n Meydan TV-y\u0259 Qaraba\u011f \u0259lilinin v\u0259ziyy\u0259ti il\u0259 maraqlanacaqlar\u0131n\u0131 s\u00f6yl\u0259yirl\u0259r.\n<\/p>\n<p>\n  Natiq is\u0259 deyir ki, onun ev m\u0259s\u0259l\u0259si m\u00fczakir\u0259 olunanda h\u0259l\u0259 u\u015faqlar\u0131 d\u00fcnyaya g\u0259lm\u0259mi\u015fdi. \u0130ndi q\u0131z\u0131n\u0131n 14, o\u011flunun 12 ya\u015f\u0131 var: \u201cSosial yard\u0131m vermirl\u0259r. Deyirl\u0259r ki, aya\u011f\u0131nda 12 sot pay torpaq var. N\u0259yim\u0259 laz\u0131md\u0131 o torpaq? \u018flil adamam m\u0259n. G\u0259lib tiksinl\u0259r. M\u0259nim \u00fc\u00e7\u00fcn f\u0259rqi yoxdu. \u018fsas ev olsun. Lap k\u0259ndd\u0259n k\u0259narda da ya\u015fama\u011fa raz\u0131yam. \u00c7ox ac\u0131nacaql\u0131 v\u0259ziyy\u0259td\u0259 ya\u015fay\u0131r\u0131q, h\u0259r \u015feyi dem\u0259k ist\u0259mir\u0259m\u201d.\n<\/p>\n<figure class=\"wp-block-image size-large\">\n  <img decoding=\"async\" src=\"https:\/\/www.meydan.tv\/az\/natiq-dadasov-2\/\" alt=\"Natiq Dada\u015fov\" class=\"wp-image-125643\"\/><figcaption>\n    Natiq Dada\u015fov<br \/>\n  <\/figcaption><\/figure>\n<p>\n  <b><br \/>\n    <i><br \/>\n      K\u0259rpic k\u0259sm\u0259kl\u0259 ya\u015famaq<br \/>\n    <\/i><br \/>\n  <\/b>\n<\/p>\n<p>\n  Natiq n\u0259 q\u0259d\u0259r s\u0259fal\u0259t i\u00e7ind\u0259 ya\u015fad\u0131qlar\u0131n\u0131 dem\u0259k ist\u0259mir. Qon\u015fular onun \u0259v\u0259zind\u0259n dan\u0131\u015f\u0131r. Deyirl\u0259r ki, b\u0259lk\u0259 d\u0259, onlar\u0131n evind\u0259 yaln\u0131z Natiq pensiya alanda qazan as\u0131l\u0131r\n<\/p>\n<p>\n  Qon\u015fusu P\u0259nah deyir ki, bir i\u015f\u0131\u011f\u0131 \u00e7\u0259km\u0259dil\u0259r onun \u00fc\u00e7\u00fcn. Natiq daxman\u0131 \u00f6z g\u00fcc\u00fcn\u0259 bu v\u0259ziyy\u0259t\u0259 g\u0259tirib. Qaz\u0131 v\u0259 i\u00e7m\u0259li suyu yoxdu. Qon\u015fular su, yand\u0131rma\u011fa odun verir.\n<\/p>\n<p>\n  Natiqin s\u00f6zl\u0259rin\u0259 g\u00f6r\u0259, icra strukturlar\u0131 v\u0259ziyy\u0259tinin n\u0259 q\u0259d\u0259r ac\u0131nacaql\u0131 oldu\u011funu bilir, amma \u0259l tutmaq ist\u0259mirl\u0259r: \u201cB\u0259l\u0259diyy\u0259 yaln\u0131z \u00f6z\u00fcn\u00fc fikirl\u0259\u015fir. \u018fvv\u0259ll\u0259r yard\u0131m verirdil\u0259r, onu da k\u0259sdil\u0259r. Bir az \u0259rzaq verirdil\u0259r, t\u0259z\u0259 k\u0259nd soveti g\u0259l\u0259nd\u0259n sonra l\u0259\u011fv el\u0259tdirdi. \u0130ndi 172 manat pensiyan\u0131n \u00fcmidin\u0259 qalm\u0131\u015fam\u201d.\n<\/p>\n<p>\n  Natiq acl\u0131qla m\u00fcbariz\u0259 aparmaq \u00fc\u00e7\u00fcn k\u0259rpic k\u0259sib at\u0131r. H\u0259rd\u0259n o\u011flu da ona k\u00f6m\u0259k el\u0259yir. Daxman\u0131n arxas\u0131nda k\u0259rpicl\u0259r s\u0131ra il\u0259 d\u00fcz\u00fcl\u00fcb. Natiq k\u0259sdikl\u0259rinin ham\u0131s\u0131n\u0131 sata bils\u0259, evd\u0259 bayram olur: \u201cBirini 20 q\u0259piy\u0259 sat\u0131ram. B\u0259z\u0259n sata bilmir\u0259m, q\u0131\u015f g\u0259lir, k\u0259sdikl\u0259rim xarab olur. Bu q\u0131\u015f 1000 k\u0259rpic s\u0131radan \u00e7\u0131xd\u0131. N\u0259 z\u00fclml\u0259 k\u0259sir\u0259m, bir bils\u0259z&#8230;\u201d\n<\/p>\n<p>\n  Natiqin daxmas\u0131n\u0131n \u0259traf\u0131nda k\u00f6lg\u0259sin\u0259 s\u0131\u011f\u0131nacaq bir a\u011fac bel\u0259, yoxdur. \u018fn adi qay\u011f\u0131lar\u0131n \u00f6hd\u0259sind\u0259n g\u0259lm\u0259k m\u00fcmk\u00fcn deyil. Amma m\u00fcharib\u0259 \u0259lilini ev qay\u011f\u0131s\u0131 h\u0259r \u015feyd\u0259n \u00e7ox narahat el\u0259yir: \u201cFikir verirsizs\u0259, acl\u0131qdan, d\u0259rmans\u0131zl\u0131qdan he\u00e7 dan\u0131\u015fm\u0131ram. Birc\u0259 ev versinl\u0259r&#8230;\u201d\n<\/p>\n<p>\n  O, d\u00f6vl\u0259tin m\u00fcharib\u0259 \u0259lilin\u0259 k\u00f6m\u0259k el\u0259y\u0259c\u0259yin\u0259 \u00fcmidini itirmir. Bir az uzaqla\u015fandan sonra arxadan s\u0259si g\u0259lir: \u201cM\u00fc\u015ft\u0259ri olsa, h\u0259r g\u00fcn k\u0259rpic k\u0259s\u0259r\u0259m&#8230;\u201d\n<\/p>\n<figure class=\"wp-block-image size-large\">\n  <img decoding=\"async\" src=\"https:\/\/www.meydan.tv\/az\/evin-veziyyeti-10\/\" alt=\"Evin v\u0259ziyy\u0259ti\" class=\"wp-image-125640\"\/><figcaption>\n    Evin v\u0259ziyy\u0259ti<br \/>\n  <\/figcaption><\/figure>\n<figure class=\"wp-block-image size-large\">\n  <img decoding=\"async\" src=\"https:\/\/www.meydan.tv\/az\/natiq-dadasov\/\" alt=\"Natiq Dada\u015fov\" class=\"wp-image-125637\"\/><figcaption>\n    Natiq Dada\u015fov<br \/>\n  <\/figcaption><\/figure>\n","protected":false},"excerpt":{"rendered":"<p>\u201cSosial M\u00fcdafi\u0259 Fondu icra hakimiyy\u0259tin\u0259 y\u00f6n\u0259ldir, onlar da m\u0259n\u0259 k\u00f6m\u0259k el\u0259m\u0259kd\u0259n boyun qa\u00e7\u0131r\u0131r\u201d<\/p>\n","protected":false},"author":11,"featured_media":125631,"comment_status":"closed","ping_status":"open","sticky":false,"template":"","format":"standard","meta":{"_acf_changed":false,"_sitemap_exclude":false,"_sitemap_priority":"","_sitemap_frequency":"","footnotes":""},"categories":[60],"tags":[],"class_list":["post-195888","post","type-post","status-publish","format-standard","has-post-thumbnail","hentry","category-bolge","infinite-scroll-item","generate-columns","tablet-grid-50","mobile-grid-100","grid-parent","grid-33","no-featured-image-padding"],"acf":[],"yoast_head":"<!-- This site is optimized with the Yoast SEO plugin v27.4 - https:\/\/yoast.com\/product\/yoast-seo-wordpress\/ -->\n<title>K\u0259rpick\u0259s\u0259n Qaraba\u011f \u0259lilinin dastan\u0131 - MEYDAN.TV<\/title>\n<meta name=\"robots\" content=\"index, follow, max-snippet:-1, max-image-preview:large, max-video-preview:-1\" \/>\n<link rel=\"canonical\" href=\"https:\/\/www.meydan.tv\/az\/article\/kerpickesen-qarabag-elilinin-dastani\/\" \/>\n<meta property=\"og:locale\" content=\"az_AZ\" \/>\n<meta property=\"og:type\" content=\"article\" \/>\n<meta property=\"og:title\" content=\"K\u0259rpick\u0259s\u0259n Qaraba\u011f \u0259lilinin dastan\u0131 - MEYDAN.TV\" \/>\n<meta property=\"og:description\" content=\"\u201cSosial M\u00fcdafi\u0259 Fondu icra hakimiyy\u0259tin\u0259 y\u00f6n\u0259ldir, onlar da m\u0259n\u0259 k\u00f6m\u0259k el\u0259m\u0259kd\u0259n boyun qa\u00e7\u0131r\u0131r\u201d\" \/>\n<meta property=\"og:url\" content=\"https:\/\/www.meydan.tv\/az\/article\/kerpickesen-qarabag-elilinin-dastani\/\" \/>\n<meta property=\"og:site_name\" content=\"MEYDAN.TV\" \/>\n<meta property=\"article:published_time\" content=\"2019-06-18T14:41:27+00:00\" \/>\n<meta property=\"og:image\" content=\"https:\/\/www.meydan.tv\/wp-content\/uploads\/image_from_ios_45.jpg\" \/>\n\t<meta property=\"og:image:width\" content=\"1004\" \/>\n\t<meta property=\"og:image:height\" content=\"750\" \/>\n\t<meta property=\"og:image:type\" content=\"image\/jpeg\" \/>\n<meta name=\"author\" content=\"user-manager\" \/>\n<meta name=\"twitter:card\" content=\"summary_large_image\" \/>\n<script type=\"application\/ld+json\" class=\"yoast-schema-graph\">{\"@context\":\"https:\\\/\\\/schema.org\",\"@graph\":[{\"@type\":\"Article\",\"@id\":\"https:\\\/\\\/www.meydan.tv\\\/az\\\/article\\\/kerpickesen-qarabag-elilinin-dastani\\\/#article\",\"isPartOf\":{\"@id\":\"https:\\\/\\\/www.meydan.tv\\\/az\\\/article\\\/kerpickesen-qarabag-elilinin-dastani\\\/\"},\"author\":{\"name\":\"user-manager\",\"@id\":\"https:\\\/\\\/www.meydan.tv\\\/az\\\/#\\\/schema\\\/person\\\/10d11eccf6da3662cf5fdab9806ea91a\"},\"headline\":\"K\u0259rpick\u0259s\u0259n Qaraba\u011f \u0259lilinin dastan\u0131\",\"datePublished\":\"2019-06-18T14:41:27+00:00\",\"mainEntityOfPage\":{\"@id\":\"https:\\\/\\\/www.meydan.tv\\\/az\\\/article\\\/kerpickesen-qarabag-elilinin-dastani\\\/\"},\"wordCount\":1005,\"publisher\":{\"@id\":\"https:\\\/\\\/www.meydan.tv\\\/az\\\/#organization\"},\"image\":{\"@id\":\"https:\\\/\\\/www.meydan.tv\\\/az\\\/article\\\/kerpickesen-qarabag-elilinin-dastani\\\/#primaryimage\"},\"thumbnailUrl\":\"https:\\\/\\\/www.meydan.tv\\\/wp-content\\\/uploads\\\/image_from_ios_45.jpg\",\"articleSection\":[\"B\u00f6lg\u0259\"],\"inLanguage\":\"az\"},{\"@type\":\"WebPage\",\"@id\":\"https:\\\/\\\/www.meydan.tv\\\/az\\\/article\\\/kerpickesen-qarabag-elilinin-dastani\\\/\",\"url\":\"https:\\\/\\\/www.meydan.tv\\\/az\\\/article\\\/kerpickesen-qarabag-elilinin-dastani\\\/\",\"name\":\"K\u0259rpick\u0259s\u0259n Qaraba\u011f \u0259lilinin dastan\u0131 - MEYDAN.TV\",\"isPartOf\":{\"@id\":\"https:\\\/\\\/www.meydan.tv\\\/az\\\/#website\"},\"primaryImageOfPage\":{\"@id\":\"https:\\\/\\\/www.meydan.tv\\\/az\\\/article\\\/kerpickesen-qarabag-elilinin-dastani\\\/#primaryimage\"},\"image\":{\"@id\":\"https:\\\/\\\/www.meydan.tv\\\/az\\\/article\\\/kerpickesen-qarabag-elilinin-dastani\\\/#primaryimage\"},\"thumbnailUrl\":\"https:\\\/\\\/www.meydan.tv\\\/wp-content\\\/uploads\\\/image_from_ios_45.jpg\",\"datePublished\":\"2019-06-18T14:41:27+00:00\",\"breadcrumb\":{\"@id\":\"https:\\\/\\\/www.meydan.tv\\\/az\\\/article\\\/kerpickesen-qarabag-elilinin-dastani\\\/#breadcrumb\"},\"inLanguage\":\"az\",\"potentialAction\":[{\"@type\":\"ReadAction\",\"target\":[\"https:\\\/\\\/www.meydan.tv\\\/az\\\/article\\\/kerpickesen-qarabag-elilinin-dastani\\\/\"]}]},{\"@type\":\"ImageObject\",\"inLanguage\":\"az\",\"@id\":\"https:\\\/\\\/www.meydan.tv\\\/az\\\/article\\\/kerpickesen-qarabag-elilinin-dastani\\\/#primaryimage\",\"url\":\"https:\\\/\\\/www.meydan.tv\\\/wp-content\\\/uploads\\\/image_from_ios_45.jpg\",\"contentUrl\":\"https:\\\/\\\/www.meydan.tv\\\/wp-content\\\/uploads\\\/image_from_ios_45.jpg\",\"width\":1004,\"height\":750,\"caption\":\"Source: Meydan TV\"},{\"@type\":\"BreadcrumbList\",\"@id\":\"https:\\\/\\\/www.meydan.tv\\\/az\\\/article\\\/kerpickesen-qarabag-elilinin-dastani\\\/#breadcrumb\",\"itemListElement\":[{\"@type\":\"ListItem\",\"position\":1,\"name\":\"Ana s\u0259hif\u0259\",\"item\":\"https:\\\/\\\/www.meydan.tv\\\/az\\\/\"},{\"@type\":\"ListItem\",\"position\":2,\"name\":\"B\u00f6lg\u0259\",\"item\":\"https:\\\/\\\/www.meydan.tv\\\/az\\\/section\\\/bolge\\\/\"},{\"@type\":\"ListItem\",\"position\":3,\"name\":\"K\u0259rpick\u0259s\u0259n Qaraba\u011f \u0259lilinin dastan\u0131\"}]},{\"@type\":\"WebSite\",\"@id\":\"https:\\\/\\\/www.meydan.tv\\\/az\\\/#website\",\"url\":\"https:\\\/\\\/www.meydan.tv\\\/az\\\/\",\"name\":\"MEYDAN.TV\",\"description\":\"Meydan TV Az\u0259rbaycan\u0131n media m\u0259kan\u0131ndak\u0131 alternativ s\u0259sidir\",\"publisher\":{\"@id\":\"https:\\\/\\\/www.meydan.tv\\\/az\\\/#organization\"},\"potentialAction\":[{\"@type\":\"SearchAction\",\"target\":{\"@type\":\"EntryPoint\",\"urlTemplate\":\"https:\\\/\\\/www.meydan.tv\\\/az\\\/?s={search_term_string}\"},\"query-input\":{\"@type\":\"PropertyValueSpecification\",\"valueRequired\":true,\"valueName\":\"search_term_string\"}}],\"inLanguage\":\"az\"},{\"@type\":\"Organization\",\"@id\":\"https:\\\/\\\/www.meydan.tv\\\/az\\\/#organization\",\"name\":\"Meydan TV\",\"url\":\"https:\\\/\\\/www.meydan.tv\\\/az\\\/\",\"logo\":{\"@type\":\"ImageObject\",\"inLanguage\":\"az\",\"@id\":\"https:\\\/\\\/www.meydan.tv\\\/az\\\/#\\\/schema\\\/logo\\\/image\\\/\",\"url\":\"https:\\\/\\\/www.meydan.tv\\\/wp-content\\\/uploads\\\/2021\\\/07\\\/meydan-logo.svg\",\"contentUrl\":\"https:\\\/\\\/www.meydan.tv\\\/wp-content\\\/uploads\\\/2021\\\/07\\\/meydan-logo.svg\",\"width\":195,\"height\":46,\"caption\":\"Meydan TV\"},\"image\":{\"@id\":\"https:\\\/\\\/www.meydan.tv\\\/az\\\/#\\\/schema\\\/logo\\\/image\\\/\"}},{\"@type\":\"Person\",\"@id\":\"https:\\\/\\\/www.meydan.tv\\\/az\\\/#\\\/schema\\\/person\\\/10d11eccf6da3662cf5fdab9806ea91a\",\"name\":\"user-manager\"}]}<\/script>\n<!-- \/ Yoast SEO plugin. -->","yoast_head_json":{"title":"K\u0259rpick\u0259s\u0259n Qaraba\u011f \u0259lilinin dastan\u0131 - MEYDAN.TV","robots":{"index":"index","follow":"follow","max-snippet":"max-snippet:-1","max-image-preview":"max-image-preview:large","max-video-preview":"max-video-preview:-1"},"canonical":"https:\/\/www.meydan.tv\/az\/article\/kerpickesen-qarabag-elilinin-dastani\/","og_locale":"az_AZ","og_type":"article","og_title":"K\u0259rpick\u0259s\u0259n Qaraba\u011f \u0259lilinin dastan\u0131 - MEYDAN.TV","og_description":"\u201cSosial M\u00fcdafi\u0259 Fondu icra hakimiyy\u0259tin\u0259 y\u00f6n\u0259ldir, onlar da m\u0259n\u0259 k\u00f6m\u0259k el\u0259m\u0259kd\u0259n boyun qa\u00e7\u0131r\u0131r\u201d","og_url":"https:\/\/www.meydan.tv\/az\/article\/kerpickesen-qarabag-elilinin-dastani\/","og_site_name":"MEYDAN.TV","article_published_time":"2019-06-18T14:41:27+00:00","og_image":[{"width":1004,"height":750,"url":"https:\/\/www.meydan.tv\/wp-content\/uploads\/image_from_ios_45.jpg","type":"image\/jpeg"}],"author":"user-manager","twitter_card":"summary_large_image","schema":{"@context":"https:\/\/schema.org","@graph":[{"@type":"Article","@id":"https:\/\/www.meydan.tv\/az\/article\/kerpickesen-qarabag-elilinin-dastani\/#article","isPartOf":{"@id":"https:\/\/www.meydan.tv\/az\/article\/kerpickesen-qarabag-elilinin-dastani\/"},"author":{"name":"user-manager","@id":"https:\/\/www.meydan.tv\/az\/#\/schema\/person\/10d11eccf6da3662cf5fdab9806ea91a"},"headline":"K\u0259rpick\u0259s\u0259n Qaraba\u011f \u0259lilinin dastan\u0131","datePublished":"2019-06-18T14:41:27+00:00","mainEntityOfPage":{"@id":"https:\/\/www.meydan.tv\/az\/article\/kerpickesen-qarabag-elilinin-dastani\/"},"wordCount":1005,"publisher":{"@id":"https:\/\/www.meydan.tv\/az\/#organization"},"image":{"@id":"https:\/\/www.meydan.tv\/az\/article\/kerpickesen-qarabag-elilinin-dastani\/#primaryimage"},"thumbnailUrl":"https:\/\/www.meydan.tv\/wp-content\/uploads\/image_from_ios_45.jpg","articleSection":["B\u00f6lg\u0259"],"inLanguage":"az"},{"@type":"WebPage","@id":"https:\/\/www.meydan.tv\/az\/article\/kerpickesen-qarabag-elilinin-dastani\/","url":"https:\/\/www.meydan.tv\/az\/article\/kerpickesen-qarabag-elilinin-dastani\/","name":"K\u0259rpick\u0259s\u0259n Qaraba\u011f \u0259lilinin dastan\u0131 - MEYDAN.TV","isPartOf":{"@id":"https:\/\/www.meydan.tv\/az\/#website"},"primaryImageOfPage":{"@id":"https:\/\/www.meydan.tv\/az\/article\/kerpickesen-qarabag-elilinin-dastani\/#primaryimage"},"image":{"@id":"https:\/\/www.meydan.tv\/az\/article\/kerpickesen-qarabag-elilinin-dastani\/#primaryimage"},"thumbnailUrl":"https:\/\/www.meydan.tv\/wp-content\/uploads\/image_from_ios_45.jpg","datePublished":"2019-06-18T14:41:27+00:00","breadcrumb":{"@id":"https:\/\/www.meydan.tv\/az\/article\/kerpickesen-qarabag-elilinin-dastani\/#breadcrumb"},"inLanguage":"az","potentialAction":[{"@type":"ReadAction","target":["https:\/\/www.meydan.tv\/az\/article\/kerpickesen-qarabag-elilinin-dastani\/"]}]},{"@type":"ImageObject","inLanguage":"az","@id":"https:\/\/www.meydan.tv\/az\/article\/kerpickesen-qarabag-elilinin-dastani\/#primaryimage","url":"https:\/\/www.meydan.tv\/wp-content\/uploads\/image_from_ios_45.jpg","contentUrl":"https:\/\/www.meydan.tv\/wp-content\/uploads\/image_from_ios_45.jpg","width":1004,"height":750,"caption":"Source: Meydan TV"},{"@type":"BreadcrumbList","@id":"https:\/\/www.meydan.tv\/az\/article\/kerpickesen-qarabag-elilinin-dastani\/#breadcrumb","itemListElement":[{"@type":"ListItem","position":1,"name":"Ana s\u0259hif\u0259","item":"https:\/\/www.meydan.tv\/az\/"},{"@type":"ListItem","position":2,"name":"B\u00f6lg\u0259","item":"https:\/\/www.meydan.tv\/az\/section\/bolge\/"},{"@type":"ListItem","position":3,"name":"K\u0259rpick\u0259s\u0259n Qaraba\u011f \u0259lilinin dastan\u0131"}]},{"@type":"WebSite","@id":"https:\/\/www.meydan.tv\/az\/#website","url":"https:\/\/www.meydan.tv\/az\/","name":"MEYDAN.TV","description":"Meydan TV Az\u0259rbaycan\u0131n media m\u0259kan\u0131ndak\u0131 alternativ s\u0259sidir","publisher":{"@id":"https:\/\/www.meydan.tv\/az\/#organization"},"potentialAction":[{"@type":"SearchAction","target":{"@type":"EntryPoint","urlTemplate":"https:\/\/www.meydan.tv\/az\/?s={search_term_string}"},"query-input":{"@type":"PropertyValueSpecification","valueRequired":true,"valueName":"search_term_string"}}],"inLanguage":"az"},{"@type":"Organization","@id":"https:\/\/www.meydan.tv\/az\/#organization","name":"Meydan TV","url":"https:\/\/www.meydan.tv\/az\/","logo":{"@type":"ImageObject","inLanguage":"az","@id":"https:\/\/www.meydan.tv\/az\/#\/schema\/logo\/image\/","url":"https:\/\/www.meydan.tv\/wp-content\/uploads\/2021\/07\/meydan-logo.svg","contentUrl":"https:\/\/www.meydan.tv\/wp-content\/uploads\/2021\/07\/meydan-logo.svg","width":195,"height":46,"caption":"Meydan TV"},"image":{"@id":"https:\/\/www.meydan.tv\/az\/#\/schema\/logo\/image\/"}},{"@type":"Person","@id":"https:\/\/www.meydan.tv\/az\/#\/schema\/person\/10d11eccf6da3662cf5fdab9806ea91a","name":"user-manager"}]}},"_links":{"self":[{"href":"https:\/\/www.meydan.tv\/az\/wp-json\/wp\/v2\/posts\/195888","targetHints":{"allow":["GET"]}}],"collection":[{"href":"https:\/\/www.meydan.tv\/az\/wp-json\/wp\/v2\/posts"}],"about":[{"href":"https:\/\/www.meydan.tv\/az\/wp-json\/wp\/v2\/types\/post"}],"author":[{"embeddable":true,"href":"https:\/\/www.meydan.tv\/az\/wp-json\/wp\/v2\/users\/11"}],"replies":[{"embeddable":true,"href":"https:\/\/www.meydan.tv\/az\/wp-json\/wp\/v2\/comments?post=195888"}],"version-history":[{"count":0,"href":"https:\/\/www.meydan.tv\/az\/wp-json\/wp\/v2\/posts\/195888\/revisions"}],"wp:featuredmedia":[{"embeddable":true,"href":"https:\/\/www.meydan.tv\/az\/wp-json\/wp\/v2\/media\/125631"}],"wp:attachment":[{"href":"https:\/\/www.meydan.tv\/az\/wp-json\/wp\/v2\/media?parent=195888"}],"wp:term":[{"taxonomy":"category","embeddable":true,"href":"https:\/\/www.meydan.tv\/az\/wp-json\/wp\/v2\/categories?post=195888"},{"taxonomy":"post_tag","embeddable":true,"href":"https:\/\/www.meydan.tv\/az\/wp-json\/wp\/v2\/tags?post=195888"}],"curies":[{"name":"wp","href":"https:\/\/api.w.org\/{rel}","templated":true}]}}