{"id":195887,"date":"2019-06-18T15:34:09","date_gmt":"2019-06-18T15:34:09","guid":{"rendered":"https:\/\/www.meydan.tv\/article\/iran-uran-istehsali-ile-bagli-limiti-asacagini-beyan-edib\/"},"modified":"2019-06-18T15:34:09","modified_gmt":"2019-06-18T15:34:09","slug":"iran-uran-istehsali-ile-bagli-limiti-asacagini-beyan-edib","status":"publish","type":"post","link":"https:\/\/www.meydan.tv\/az\/article\/iran-uran-istehsali-ile-bagli-limiti-asacagini-beyan-edib\/","title":{"rendered":"\u0130ran uran istehsal\u0131 il\u0259 ba\u011fl\u0131 limiti a\u015faca\u011f\u0131n\u0131 b\u0259yan edib"},"content":{"rendered":"<p>\n  <i><br \/>\n    \u201cAvropa \u00f6lk\u0259l\u0259ri indi \u0130ran\u0131 AB\u015e-\u0131n sanksiyalar\u0131na qar\u015f\u0131 m\u00fcdafi\u0259 etm\u0259lidir\u201d<br \/>\n  <\/i>\n<\/p>\n<p>\n  Z\u0259nginl\u0259\u015fdirilmi\u015f uran istehsal\u0131n\u0131 art\u0131ran \u0130ran 2015-ci ild\u0259 beyn\u0259lxalq n\u00fcv\u0259 raz\u0131la\u015fmas\u0131 il\u0259 t\u0259yin olunmu\u015f limiti iyunun 27-d\u0259 a\u015faca\u011f\u0131n\u0131 bildirib, &#8211; BBC x\u0259b\u0259r verir.\n<\/p>\n<p>\n  \u0130ran Atom Enerjisi T\u0259\u015fkilat\u0131n\u0131n m\u0259tbuat katibi B\u0259hruz Kamalvandi deyib ki, \u0130ran uran istehsal\u0131n\u0131 d\u00f6rdqat art\u0131r\u0131b. Kamalvandinin s\u00f6zl\u0259rin\u0259 g\u00f6r\u0259, Avropa \u00f6lk\u0259l\u0259ri indi \u0130ran\u0131 AB\u015e-\u0131n sanksiyalar\u0131na qar\u015f\u0131 m\u00fcdafi\u0259 etm\u0259lidir. 2015-ci ild\u0259 Tehran v\u0259 d\u00fcnya g\u00fccl\u0259ri aras\u0131nda imzalanm\u0131\u015f beyn\u0259lxalq sazi\u015f \u0130ran\u0131n z\u0259nginl\u0259\u015fdirilmi\u015f uran ehtiyat\u0131n\u0131 300 kiloqramla limitl\u0259yib. Sazi\u015f h\u0259m\u00e7inin art\u0131q istehsal edilmi\u015f uran\u0131n \u00f6lk\u0259 xaricin\u0259 sat\u0131\u015f\u0131n\u0131n dayand\u0131r\u0131lmas\u0131n\u0131 t\u0259l\u0259b edir. AB\u015e prezidenti Donald Tramp ke\u00e7\u0259n il raz\u0131la\u015fmadan geri \u00e7\u0259kildiyini a\u00e7\u0131qlay\u0131b. Avropa \u00f6lk\u0259l\u0259ri \u0130ngilt\u0259r\u0259, Fransa v\u0259 Almanya anla\u015fman\u0131n davam etm\u0259si \u00fc\u00e7\u00fcn bir xeyli c\u0259hd edib.\n<\/p>\n<p>\n  Z\u0259nginl\u0259\u015fdirilmi\u015f uran reaktor yanaca\u011f\u0131 olaraq v\u0259 n\u00fcv\u0259 silahlar\u0131n istehsal\u0131nda istifad\u0259 edilir. Avropal\u0131 \u00f6lk\u0259l\u0259r \u0259g\u0259r raz\u0131la\u015fma pozularsa, \u0130rana qar\u015f\u0131 sanksiylar\u0131 yenid\u0259n b\u0259rpa ed\u0259c\u0259kl\u0259rini a\u00e7\u0131qlay\u0131blar. \u0130ran\u0131n n\u00fcv\u0259 f\u0259aliyy\u0259tl\u0259rind\u0259n \u0259l \u00e7\u0259km\u0259si qar\u015f\u0131l\u0131\u011f\u0131nda qald\u0131r\u0131lan embarqolar\u0131 yenid\u0259n t\u0259tbiq ed\u0259n Tramp ke\u00e7\u0259n ay \u0130randan neft alma\u011fa davam ed\u0259n T\u00fcrkiy\u0259 daxil bir ne\u00e7\u0259 \u00f6lk\u0259y\u0259 edil\u0259n g\u00fcz\u0259\u015ftl\u0259ri sonland\u0131r\u0131b. Bundan sonra \u0130ran prezidenti H\u0259s\u0259n Ruhani \u0130ran\u0131n neft ixrac\u0131n\u0131 Amerika embarqosundan qorumaq \u00fc\u00e7\u00fcn Almaniya, \u0130ngilt\u0259r\u0259, Fransa, \u00c7in v\u0259 Rusiyaya iyulun 7-n\u0259 q\u0259d\u0259r vaxt verib.<\/p>\n","protected":false},"excerpt":{"rendered":"<p>\u201cAvropa \u00f6lk\u0259l\u0259ri indi \u0130ran\u0131 AB\u015e-\u0131n sanksiyalar\u0131na qar\u015f\u0131 m\u00fcdafi\u0259 etm\u0259lidir\u201d<\/p>\n","protected":false},"author":11,"featured_media":104070,"comment_status":"closed","ping_status":"open","sticky":false,"template":"","format":"standard","meta":{"_acf_changed":false,"_sitemap_exclude":false,"_sitemap_priority":"","_sitemap_frequency":"","footnotes":""},"categories":[64],"tags":[],"class_list":["post-195887","post","type-post","status-publish","format-standard","has-post-thumbnail","hentry","category-dunya","infinite-scroll-item","generate-columns","tablet-grid-50","mobile-grid-100","grid-parent","grid-33","no-featured-image-padding"],"acf":[],"yoast_head":"<!-- This site is optimized with the Yoast SEO plugin v27.5 - https:\/\/yoast.com\/product\/yoast-seo-wordpress\/ -->\n<title>\u0130ran uran istehsal\u0131 il\u0259 ba\u011fl\u0131 limiti a\u015faca\u011f\u0131n\u0131 b\u0259yan edib - MEYDAN.TV<\/title>\n<meta name=\"robots\" content=\"index, follow, max-snippet:-1, max-image-preview:large, max-video-preview:-1\" \/>\n<link rel=\"canonical\" href=\"https:\/\/www.meydan.tv\/az\/article\/iran-uran-istehsali-ile-bagli-limiti-asacagini-beyan-edib\/\" \/>\n<meta property=\"og:locale\" content=\"az_AZ\" \/>\n<meta property=\"og:type\" content=\"article\" \/>\n<meta property=\"og:title\" content=\"\u0130ran uran istehsal\u0131 il\u0259 ba\u011fl\u0131 limiti a\u015faca\u011f\u0131n\u0131 b\u0259yan edib - MEYDAN.TV\" \/>\n<meta property=\"og:description\" content=\"\u201cAvropa \u00f6lk\u0259l\u0259ri indi \u0130ran\u0131 AB\u015e-\u0131n sanksiyalar\u0131na qar\u015f\u0131 m\u00fcdafi\u0259 etm\u0259lidir\u201d\" \/>\n<meta property=\"og:url\" content=\"https:\/\/www.meydan.tv\/az\/article\/iran-uran-istehsali-ile-bagli-limiti-asacagini-beyan-edib\/\" \/>\n<meta property=\"og:site_name\" content=\"MEYDAN.TV\" \/>\n<meta property=\"article:published_time\" content=\"2019-06-18T15:34:09+00:00\" \/>\n<meta property=\"og:image\" content=\"https:\/\/www.meydan.tv\/wp-content\/uploads\/41289.jpg\" \/>\n\t<meta property=\"og:image:width\" content=\"1280\" \/>\n\t<meta property=\"og:image:height\" content=\"720\" \/>\n\t<meta property=\"og:image:type\" content=\"image\/jpeg\" \/>\n<meta name=\"author\" content=\"user-manager\" \/>\n<meta name=\"twitter:card\" content=\"summary_large_image\" \/>\n<script type=\"application\/ld+json\" class=\"yoast-schema-graph\">{\"@context\":\"https:\\\/\\\/schema.org\",\"@graph\":[{\"@type\":\"Article\",\"@id\":\"https:\\\/\\\/www.meydan.tv\\\/az\\\/article\\\/iran-uran-istehsali-ile-bagli-limiti-asacagini-beyan-edib\\\/#article\",\"isPartOf\":{\"@id\":\"https:\\\/\\\/www.meydan.tv\\\/az\\\/article\\\/iran-uran-istehsali-ile-bagli-limiti-asacagini-beyan-edib\\\/\"},\"author\":{\"name\":\"user-manager\",\"@id\":\"https:\\\/\\\/www.meydan.tv\\\/az\\\/#\\\/schema\\\/person\\\/10d11eccf6da3662cf5fdab9806ea91a\"},\"headline\":\"\u0130ran uran istehsal\u0131 il\u0259 ba\u011fl\u0131 limiti a\u015faca\u011f\u0131n\u0131 b\u0259yan edib\",\"datePublished\":\"2019-06-18T15:34:09+00:00\",\"mainEntityOfPage\":{\"@id\":\"https:\\\/\\\/www.meydan.tv\\\/az\\\/article\\\/iran-uran-istehsali-ile-bagli-limiti-asacagini-beyan-edib\\\/\"},\"wordCount\":318,\"publisher\":{\"@id\":\"https:\\\/\\\/www.meydan.tv\\\/az\\\/#organization\"},\"image\":{\"@id\":\"https:\\\/\\\/www.meydan.tv\\\/az\\\/article\\\/iran-uran-istehsali-ile-bagli-limiti-asacagini-beyan-edib\\\/#primaryimage\"},\"thumbnailUrl\":\"https:\\\/\\\/www.meydan.tv\\\/wp-content\\\/uploads\\\/41289.jpg\",\"articleSection\":[\"D\u00fcnya\"],\"inLanguage\":\"az\"},{\"@type\":\"WebPage\",\"@id\":\"https:\\\/\\\/www.meydan.tv\\\/az\\\/article\\\/iran-uran-istehsali-ile-bagli-limiti-asacagini-beyan-edib\\\/\",\"url\":\"https:\\\/\\\/www.meydan.tv\\\/az\\\/article\\\/iran-uran-istehsali-ile-bagli-limiti-asacagini-beyan-edib\\\/\",\"name\":\"\u0130ran uran istehsal\u0131 il\u0259 ba\u011fl\u0131 limiti a\u015faca\u011f\u0131n\u0131 b\u0259yan edib - MEYDAN.TV\",\"isPartOf\":{\"@id\":\"https:\\\/\\\/www.meydan.tv\\\/az\\\/#website\"},\"primaryImageOfPage\":{\"@id\":\"https:\\\/\\\/www.meydan.tv\\\/az\\\/article\\\/iran-uran-istehsali-ile-bagli-limiti-asacagini-beyan-edib\\\/#primaryimage\"},\"image\":{\"@id\":\"https:\\\/\\\/www.meydan.tv\\\/az\\\/article\\\/iran-uran-istehsali-ile-bagli-limiti-asacagini-beyan-edib\\\/#primaryimage\"},\"thumbnailUrl\":\"https:\\\/\\\/www.meydan.tv\\\/wp-content\\\/uploads\\\/41289.jpg\",\"datePublished\":\"2019-06-18T15:34:09+00:00\",\"breadcrumb\":{\"@id\":\"https:\\\/\\\/www.meydan.tv\\\/az\\\/article\\\/iran-uran-istehsali-ile-bagli-limiti-asacagini-beyan-edib\\\/#breadcrumb\"},\"inLanguage\":\"az\",\"potentialAction\":[{\"@type\":\"ReadAction\",\"target\":[\"https:\\\/\\\/www.meydan.tv\\\/az\\\/article\\\/iran-uran-istehsali-ile-bagli-limiti-asacagini-beyan-edib\\\/\"]}]},{\"@type\":\"ImageObject\",\"inLanguage\":\"az\",\"@id\":\"https:\\\/\\\/www.meydan.tv\\\/az\\\/article\\\/iran-uran-istehsali-ile-bagli-limiti-asacagini-beyan-edib\\\/#primaryimage\",\"url\":\"https:\\\/\\\/www.meydan.tv\\\/wp-content\\\/uploads\\\/41289.jpg\",\"contentUrl\":\"https:\\\/\\\/www.meydan.tv\\\/wp-content\\\/uploads\\\/41289.jpg\",\"width\":1280,\"height\":720,\"caption\":\"Source:\"},{\"@type\":\"BreadcrumbList\",\"@id\":\"https:\\\/\\\/www.meydan.tv\\\/az\\\/article\\\/iran-uran-istehsali-ile-bagli-limiti-asacagini-beyan-edib\\\/#breadcrumb\",\"itemListElement\":[{\"@type\":\"ListItem\",\"position\":1,\"name\":\"Ana s\u0259hif\u0259\",\"item\":\"https:\\\/\\\/www.meydan.tv\\\/az\\\/\"},{\"@type\":\"ListItem\",\"position\":2,\"name\":\"D\u00fcnya\",\"item\":\"https:\\\/\\\/www.meydan.tv\\\/az\\\/section\\\/dunya\\\/\"},{\"@type\":\"ListItem\",\"position\":3,\"name\":\"\u0130ran uran istehsal\u0131 il\u0259 ba\u011fl\u0131 limiti a\u015faca\u011f\u0131n\u0131 b\u0259yan edib\"}]},{\"@type\":\"WebSite\",\"@id\":\"https:\\\/\\\/www.meydan.tv\\\/az\\\/#website\",\"url\":\"https:\\\/\\\/www.meydan.tv\\\/az\\\/\",\"name\":\"MEYDAN.TV\",\"description\":\"Meydan TV Az\u0259rbaycan\u0131n media m\u0259kan\u0131ndak\u0131 alternativ s\u0259sidir\",\"publisher\":{\"@id\":\"https:\\\/\\\/www.meydan.tv\\\/az\\\/#organization\"},\"potentialAction\":[{\"@type\":\"SearchAction\",\"target\":{\"@type\":\"EntryPoint\",\"urlTemplate\":\"https:\\\/\\\/www.meydan.tv\\\/az\\\/?s={search_term_string}\"},\"query-input\":{\"@type\":\"PropertyValueSpecification\",\"valueRequired\":true,\"valueName\":\"search_term_string\"}}],\"inLanguage\":\"az\"},{\"@type\":\"Organization\",\"@id\":\"https:\\\/\\\/www.meydan.tv\\\/az\\\/#organization\",\"name\":\"Meydan TV\",\"url\":\"https:\\\/\\\/www.meydan.tv\\\/az\\\/\",\"logo\":{\"@type\":\"ImageObject\",\"inLanguage\":\"az\",\"@id\":\"https:\\\/\\\/www.meydan.tv\\\/az\\\/#\\\/schema\\\/logo\\\/image\\\/\",\"url\":\"https:\\\/\\\/www.meydan.tv\\\/wp-content\\\/uploads\\\/2021\\\/07\\\/meydan-logo.svg\",\"contentUrl\":\"https:\\\/\\\/www.meydan.tv\\\/wp-content\\\/uploads\\\/2021\\\/07\\\/meydan-logo.svg\",\"width\":195,\"height\":46,\"caption\":\"Meydan TV\"},\"image\":{\"@id\":\"https:\\\/\\\/www.meydan.tv\\\/az\\\/#\\\/schema\\\/logo\\\/image\\\/\"}},{\"@type\":\"Person\",\"@id\":\"https:\\\/\\\/www.meydan.tv\\\/az\\\/#\\\/schema\\\/person\\\/10d11eccf6da3662cf5fdab9806ea91a\",\"name\":\"user-manager\"}]}<\/script>\n<!-- \/ Yoast SEO plugin. -->","yoast_head_json":{"title":"\u0130ran uran istehsal\u0131 il\u0259 ba\u011fl\u0131 limiti a\u015faca\u011f\u0131n\u0131 b\u0259yan edib - MEYDAN.TV","robots":{"index":"index","follow":"follow","max-snippet":"max-snippet:-1","max-image-preview":"max-image-preview:large","max-video-preview":"max-video-preview:-1"},"canonical":"https:\/\/www.meydan.tv\/az\/article\/iran-uran-istehsali-ile-bagli-limiti-asacagini-beyan-edib\/","og_locale":"az_AZ","og_type":"article","og_title":"\u0130ran uran istehsal\u0131 il\u0259 ba\u011fl\u0131 limiti a\u015faca\u011f\u0131n\u0131 b\u0259yan edib - MEYDAN.TV","og_description":"\u201cAvropa \u00f6lk\u0259l\u0259ri indi \u0130ran\u0131 AB\u015e-\u0131n sanksiyalar\u0131na qar\u015f\u0131 m\u00fcdafi\u0259 etm\u0259lidir\u201d","og_url":"https:\/\/www.meydan.tv\/az\/article\/iran-uran-istehsali-ile-bagli-limiti-asacagini-beyan-edib\/","og_site_name":"MEYDAN.TV","article_published_time":"2019-06-18T15:34:09+00:00","og_image":[{"width":1280,"height":720,"url":"https:\/\/www.meydan.tv\/wp-content\/uploads\/41289.jpg","type":"image\/jpeg"}],"author":"user-manager","twitter_card":"summary_large_image","schema":{"@context":"https:\/\/schema.org","@graph":[{"@type":"Article","@id":"https:\/\/www.meydan.tv\/az\/article\/iran-uran-istehsali-ile-bagli-limiti-asacagini-beyan-edib\/#article","isPartOf":{"@id":"https:\/\/www.meydan.tv\/az\/article\/iran-uran-istehsali-ile-bagli-limiti-asacagini-beyan-edib\/"},"author":{"name":"user-manager","@id":"https:\/\/www.meydan.tv\/az\/#\/schema\/person\/10d11eccf6da3662cf5fdab9806ea91a"},"headline":"\u0130ran uran istehsal\u0131 il\u0259 ba\u011fl\u0131 limiti a\u015faca\u011f\u0131n\u0131 b\u0259yan edib","datePublished":"2019-06-18T15:34:09+00:00","mainEntityOfPage":{"@id":"https:\/\/www.meydan.tv\/az\/article\/iran-uran-istehsali-ile-bagli-limiti-asacagini-beyan-edib\/"},"wordCount":318,"publisher":{"@id":"https:\/\/www.meydan.tv\/az\/#organization"},"image":{"@id":"https:\/\/www.meydan.tv\/az\/article\/iran-uran-istehsali-ile-bagli-limiti-asacagini-beyan-edib\/#primaryimage"},"thumbnailUrl":"https:\/\/www.meydan.tv\/wp-content\/uploads\/41289.jpg","articleSection":["D\u00fcnya"],"inLanguage":"az"},{"@type":"WebPage","@id":"https:\/\/www.meydan.tv\/az\/article\/iran-uran-istehsali-ile-bagli-limiti-asacagini-beyan-edib\/","url":"https:\/\/www.meydan.tv\/az\/article\/iran-uran-istehsali-ile-bagli-limiti-asacagini-beyan-edib\/","name":"\u0130ran uran istehsal\u0131 il\u0259 ba\u011fl\u0131 limiti a\u015faca\u011f\u0131n\u0131 b\u0259yan edib - MEYDAN.TV","isPartOf":{"@id":"https:\/\/www.meydan.tv\/az\/#website"},"primaryImageOfPage":{"@id":"https:\/\/www.meydan.tv\/az\/article\/iran-uran-istehsali-ile-bagli-limiti-asacagini-beyan-edib\/#primaryimage"},"image":{"@id":"https:\/\/www.meydan.tv\/az\/article\/iran-uran-istehsali-ile-bagli-limiti-asacagini-beyan-edib\/#primaryimage"},"thumbnailUrl":"https:\/\/www.meydan.tv\/wp-content\/uploads\/41289.jpg","datePublished":"2019-06-18T15:34:09+00:00","breadcrumb":{"@id":"https:\/\/www.meydan.tv\/az\/article\/iran-uran-istehsali-ile-bagli-limiti-asacagini-beyan-edib\/#breadcrumb"},"inLanguage":"az","potentialAction":[{"@type":"ReadAction","target":["https:\/\/www.meydan.tv\/az\/article\/iran-uran-istehsali-ile-bagli-limiti-asacagini-beyan-edib\/"]}]},{"@type":"ImageObject","inLanguage":"az","@id":"https:\/\/www.meydan.tv\/az\/article\/iran-uran-istehsali-ile-bagli-limiti-asacagini-beyan-edib\/#primaryimage","url":"https:\/\/www.meydan.tv\/wp-content\/uploads\/41289.jpg","contentUrl":"https:\/\/www.meydan.tv\/wp-content\/uploads\/41289.jpg","width":1280,"height":720,"caption":"Source:"},{"@type":"BreadcrumbList","@id":"https:\/\/www.meydan.tv\/az\/article\/iran-uran-istehsali-ile-bagli-limiti-asacagini-beyan-edib\/#breadcrumb","itemListElement":[{"@type":"ListItem","position":1,"name":"Ana s\u0259hif\u0259","item":"https:\/\/www.meydan.tv\/az\/"},{"@type":"ListItem","position":2,"name":"D\u00fcnya","item":"https:\/\/www.meydan.tv\/az\/section\/dunya\/"},{"@type":"ListItem","position":3,"name":"\u0130ran uran istehsal\u0131 il\u0259 ba\u011fl\u0131 limiti a\u015faca\u011f\u0131n\u0131 b\u0259yan edib"}]},{"@type":"WebSite","@id":"https:\/\/www.meydan.tv\/az\/#website","url":"https:\/\/www.meydan.tv\/az\/","name":"MEYDAN.TV","description":"Meydan TV Az\u0259rbaycan\u0131n media m\u0259kan\u0131ndak\u0131 alternativ s\u0259sidir","publisher":{"@id":"https:\/\/www.meydan.tv\/az\/#organization"},"potentialAction":[{"@type":"SearchAction","target":{"@type":"EntryPoint","urlTemplate":"https:\/\/www.meydan.tv\/az\/?s={search_term_string}"},"query-input":{"@type":"PropertyValueSpecification","valueRequired":true,"valueName":"search_term_string"}}],"inLanguage":"az"},{"@type":"Organization","@id":"https:\/\/www.meydan.tv\/az\/#organization","name":"Meydan TV","url":"https:\/\/www.meydan.tv\/az\/","logo":{"@type":"ImageObject","inLanguage":"az","@id":"https:\/\/www.meydan.tv\/az\/#\/schema\/logo\/image\/","url":"https:\/\/www.meydan.tv\/wp-content\/uploads\/2021\/07\/meydan-logo.svg","contentUrl":"https:\/\/www.meydan.tv\/wp-content\/uploads\/2021\/07\/meydan-logo.svg","width":195,"height":46,"caption":"Meydan TV"},"image":{"@id":"https:\/\/www.meydan.tv\/az\/#\/schema\/logo\/image\/"}},{"@type":"Person","@id":"https:\/\/www.meydan.tv\/az\/#\/schema\/person\/10d11eccf6da3662cf5fdab9806ea91a","name":"user-manager"}]}},"_links":{"self":[{"href":"https:\/\/www.meydan.tv\/az\/wp-json\/wp\/v2\/posts\/195887","targetHints":{"allow":["GET"]}}],"collection":[{"href":"https:\/\/www.meydan.tv\/az\/wp-json\/wp\/v2\/posts"}],"about":[{"href":"https:\/\/www.meydan.tv\/az\/wp-json\/wp\/v2\/types\/post"}],"author":[{"embeddable":true,"href":"https:\/\/www.meydan.tv\/az\/wp-json\/wp\/v2\/users\/11"}],"replies":[{"embeddable":true,"href":"https:\/\/www.meydan.tv\/az\/wp-json\/wp\/v2\/comments?post=195887"}],"version-history":[{"count":0,"href":"https:\/\/www.meydan.tv\/az\/wp-json\/wp\/v2\/posts\/195887\/revisions"}],"wp:featuredmedia":[{"embeddable":true,"href":"https:\/\/www.meydan.tv\/az\/wp-json\/wp\/v2\/media\/104070"}],"wp:attachment":[{"href":"https:\/\/www.meydan.tv\/az\/wp-json\/wp\/v2\/media?parent=195887"}],"wp:term":[{"taxonomy":"category","embeddable":true,"href":"https:\/\/www.meydan.tv\/az\/wp-json\/wp\/v2\/categories?post=195887"},{"taxonomy":"post_tag","embeddable":true,"href":"https:\/\/www.meydan.tv\/az\/wp-json\/wp\/v2\/tags?post=195887"}],"curies":[{"name":"wp","href":"https:\/\/api.w.org\/{rel}","templated":true}]}}