{"id":195883,"date":"2019-06-18T14:39:13","date_gmt":"2019-06-18T14:39:13","guid":{"rendered":"https:\/\/www.meydan.tv\/article\/misirin-kecmis-prezidenti-morsi-vefat-edib\/"},"modified":"2019-06-18T14:39:13","modified_gmt":"2019-06-18T14:39:13","slug":"misirin-kecmis-prezidenti-morsi-vefat-edib","status":"publish","type":"post","link":"https:\/\/www.meydan.tv\/az\/article\/misirin-kecmis-prezidenti-morsi-vefat-edib\/","title":{"rendered":"Misirin ke\u00e7mi\u015f prezidenti Mursi v\u0259fat edib"},"content":{"rendered":"<p>\n  <i><br \/>\n    D\u00f6vl\u0259t televiziyas\u0131 bildirib ki, Mursi m\u0259hk\u0259m\u0259 dinl\u0259m\u0259sind\u0259n sonra hu\u015funu itirib v\u0259 \u00f6l\u00fcb<br \/>\n  <\/i>\n<\/p>\n<p>\n  Misirin ke\u00e7mi\u015f prezidenti M\u0259h\u0259mm\u0259d Mursi m\u0259hk\u0259m\u0259y\u0259 \u00e7\u0131xd\u0131qdan sonra \u00f6l\u00fcb, &#8211; \u201cAljazeera\u201d d\u00f6vl\u0259t medias\u0131na istinad\u0259n x\u0259b\u0259r verir.\n<\/p>\n<p>\n  D\u00f6vl\u0259t televiziyas\u0131 bildirib ki, Mursi m\u0259hk\u0259m\u0259 dinl\u0259m\u0259sind\u0259n sonra hu\u015funu itirib v\u0259 sonras\u0131nda \u00f6l\u00fcb.\n<\/p>\n<p>\n  &quot;Hakim qar\u015f\u0131s\u0131nda 20 d\u0259qiq\u0259 dan\u0131\u015f\u0131rd\u0131, sonra hu\u015funu itirdi. O, tez bir zamanda x\u0259st\u0259xanaya \u00e7atd\u0131rsa da, v\u0259fat edib&quot; m\u0259hk\u0259m\u0259d\u0259n qaynaq bildirib.\n<\/p>\n<p>\n  67 ya\u015fl\u0131 Mursi 2011-ci ild\u0259 \u201c\u0259r\u0259b bahar\u0131\u201d inqilab\u0131 il\u0259 30 illik hakimiyy\u0259tin\u0259 son qoyulmu\u015f prezident Husni M\u00fcbar\u0259kd\u0259n sonra hakimiyy\u0259t\u0259 g\u0259lib. 2012-ci ild\u0259 Misirin ilk d\u0259f\u0259 olaraq demokratik yolla se\u00e7ilmi\u015f prezidenti olub. Lakin o, 2013-c\u00fc ilin iyul ay\u0131nda k\u00fctl\u0259vi etiraz aksiyalar\u0131 v\u0259 h\u0259rbi \u00e7evrili\u015fl\u0259 devrilib.\n<\/p>\n<p>\n  Mursi d\u00f6rd illik hakimiyy\u0259t m\u00fcdd\u0259tinin yaln\u0131z bir ilini xidm\u0259t edib. \u00dczv\u00fc v\u0259 liderl\u0259rind\u0259n oldu\u011fu \u201cM\u00fcs\u0259lman Qarda\u015flar\u0131\u201d t\u0259\u015fkilat\u0131 o zamandan etibar\u0259n qanunsuz hesab edilir.\n<\/p>\n<p>\n  Qahir\u0259 C\u0259za M\u0259hk\u0259m\u0259si &quot;Hamasla \u0259m\u0259kda\u015fl\u0131q&quot; iddias\u0131 \u00fcz\u0259rin\u0259 Mursinin v\u0259 23 n\u0259f\u0259r dig\u0259r m\u00fctt\u0259himl\u0259rin m\u00fchakim\u0259sini iyunun 18-d\u0259k t\u0259xir\u0259 sal\u0131b.<\/p>\n","protected":false},"excerpt":{"rendered":"<p>Qahir\u0259 C\u0259za M\u0259hk\u0259m\u0259si &#8220;Hamasla \u0259m\u0259kda\u015fl\u0131q&#8221; iddias\u0131 \u00fcz\u0259rin\u0259 Morsinin v\u0259 23 n\u0259f\u0259r dig\u0259r m\u00fctt\u0259himl\u0259rin m\u00fchakim\u0259sini iyunun 18-d\u0259k t\u0259xir\u0259 sal\u0131b.<\/p>\n","protected":false},"author":11,"featured_media":125607,"comment_status":"closed","ping_status":"open","sticky":false,"template":"","format":"standard","meta":{"_acf_changed":false,"_sitemap_exclude":false,"_sitemap_priority":"","_sitemap_frequency":"","footnotes":""},"categories":[64],"tags":[],"class_list":["post-195883","post","type-post","status-publish","format-standard","has-post-thumbnail","hentry","category-dunya","infinite-scroll-item","generate-columns","tablet-grid-50","mobile-grid-100","grid-parent","grid-33","no-featured-image-padding"],"acf":[],"yoast_head":"<!-- This site is optimized with the Yoast SEO plugin v27.5 - https:\/\/yoast.com\/product\/yoast-seo-wordpress\/ -->\n<title>Misirin ke\u00e7mi\u015f prezidenti Mursi v\u0259fat edib - MEYDAN.TV<\/title>\n<meta name=\"robots\" content=\"index, follow, max-snippet:-1, max-image-preview:large, max-video-preview:-1\" \/>\n<link rel=\"canonical\" href=\"https:\/\/www.meydan.tv\/az\/article\/misirin-kecmis-prezidenti-morsi-vefat-edib\/\" \/>\n<meta property=\"og:locale\" content=\"az_AZ\" \/>\n<meta property=\"og:type\" content=\"article\" \/>\n<meta property=\"og:title\" content=\"Misirin ke\u00e7mi\u015f prezidenti Mursi v\u0259fat edib - MEYDAN.TV\" \/>\n<meta property=\"og:description\" content=\"Qahir\u0259 C\u0259za M\u0259hk\u0259m\u0259si &quot;Hamasla \u0259m\u0259kda\u015fl\u0131q&quot; iddias\u0131 \u00fcz\u0259rin\u0259 Morsinin v\u0259 23 n\u0259f\u0259r dig\u0259r m\u00fctt\u0259himl\u0259rin m\u00fchakim\u0259sini iyunun 18-d\u0259k t\u0259xir\u0259 sal\u0131b.\" \/>\n<meta property=\"og:url\" content=\"https:\/\/www.meydan.tv\/az\/article\/misirin-kecmis-prezidenti-morsi-vefat-edib\/\" \/>\n<meta property=\"og:site_name\" content=\"MEYDAN.TV\" \/>\n<meta property=\"article:published_time\" content=\"2019-06-18T14:39:13+00:00\" \/>\n<meta property=\"og:image\" content=\"https:\/\/www.meydan.tv\/wp-content\/uploads\/thumbs_b_c_4ca0823e528dc6bc23bf2d7daf57a0f6.jpg\" \/>\n\t<meta property=\"og:image:width\" content=\"864\" \/>\n\t<meta property=\"og:image:height\" content=\"486\" \/>\n\t<meta property=\"og:image:type\" content=\"image\/jpeg\" \/>\n<meta name=\"author\" content=\"user-manager\" \/>\n<meta name=\"twitter:card\" content=\"summary_large_image\" \/>\n<script type=\"application\/ld+json\" class=\"yoast-schema-graph\">{\"@context\":\"https:\\\/\\\/schema.org\",\"@graph\":[{\"@type\":\"Article\",\"@id\":\"https:\\\/\\\/www.meydan.tv\\\/az\\\/article\\\/misirin-kecmis-prezidenti-morsi-vefat-edib\\\/#article\",\"isPartOf\":{\"@id\":\"https:\\\/\\\/www.meydan.tv\\\/az\\\/article\\\/misirin-kecmis-prezidenti-morsi-vefat-edib\\\/\"},\"author\":{\"name\":\"user-manager\",\"@id\":\"https:\\\/\\\/www.meydan.tv\\\/az\\\/#\\\/schema\\\/person\\\/10d11eccf6da3662cf5fdab9806ea91a\"},\"headline\":\"Misirin ke\u00e7mi\u015f prezidenti Mursi v\u0259fat edib\",\"datePublished\":\"2019-06-18T14:39:13+00:00\",\"mainEntityOfPage\":{\"@id\":\"https:\\\/\\\/www.meydan.tv\\\/az\\\/article\\\/misirin-kecmis-prezidenti-morsi-vefat-edib\\\/\"},\"wordCount\":249,\"publisher\":{\"@id\":\"https:\\\/\\\/www.meydan.tv\\\/az\\\/#organization\"},\"image\":{\"@id\":\"https:\\\/\\\/www.meydan.tv\\\/az\\\/article\\\/misirin-kecmis-prezidenti-morsi-vefat-edib\\\/#primaryimage\"},\"thumbnailUrl\":\"https:\\\/\\\/www.meydan.tv\\\/wp-content\\\/uploads\\\/thumbs_b_c_4ca0823e528dc6bc23bf2d7daf57a0f6.jpg\",\"articleSection\":[\"D\u00fcnya\"],\"inLanguage\":\"az\"},{\"@type\":\"WebPage\",\"@id\":\"https:\\\/\\\/www.meydan.tv\\\/az\\\/article\\\/misirin-kecmis-prezidenti-morsi-vefat-edib\\\/\",\"url\":\"https:\\\/\\\/www.meydan.tv\\\/az\\\/article\\\/misirin-kecmis-prezidenti-morsi-vefat-edib\\\/\",\"name\":\"Misirin ke\u00e7mi\u015f prezidenti Mursi v\u0259fat edib - MEYDAN.TV\",\"isPartOf\":{\"@id\":\"https:\\\/\\\/www.meydan.tv\\\/az\\\/#website\"},\"primaryImageOfPage\":{\"@id\":\"https:\\\/\\\/www.meydan.tv\\\/az\\\/article\\\/misirin-kecmis-prezidenti-morsi-vefat-edib\\\/#primaryimage\"},\"image\":{\"@id\":\"https:\\\/\\\/www.meydan.tv\\\/az\\\/article\\\/misirin-kecmis-prezidenti-morsi-vefat-edib\\\/#primaryimage\"},\"thumbnailUrl\":\"https:\\\/\\\/www.meydan.tv\\\/wp-content\\\/uploads\\\/thumbs_b_c_4ca0823e528dc6bc23bf2d7daf57a0f6.jpg\",\"datePublished\":\"2019-06-18T14:39:13+00:00\",\"breadcrumb\":{\"@id\":\"https:\\\/\\\/www.meydan.tv\\\/az\\\/article\\\/misirin-kecmis-prezidenti-morsi-vefat-edib\\\/#breadcrumb\"},\"inLanguage\":\"az\",\"potentialAction\":[{\"@type\":\"ReadAction\",\"target\":[\"https:\\\/\\\/www.meydan.tv\\\/az\\\/article\\\/misirin-kecmis-prezidenti-morsi-vefat-edib\\\/\"]}]},{\"@type\":\"ImageObject\",\"inLanguage\":\"az\",\"@id\":\"https:\\\/\\\/www.meydan.tv\\\/az\\\/article\\\/misirin-kecmis-prezidenti-morsi-vefat-edib\\\/#primaryimage\",\"url\":\"https:\\\/\\\/www.meydan.tv\\\/wp-content\\\/uploads\\\/thumbs_b_c_4ca0823e528dc6bc23bf2d7daf57a0f6.jpg\",\"contentUrl\":\"https:\\\/\\\/www.meydan.tv\\\/wp-content\\\/uploads\\\/thumbs_b_c_4ca0823e528dc6bc23bf2d7daf57a0f6.jpg\",\"width\":864,\"height\":486,\"caption\":\"Source: google.az\"},{\"@type\":\"BreadcrumbList\",\"@id\":\"https:\\\/\\\/www.meydan.tv\\\/az\\\/article\\\/misirin-kecmis-prezidenti-morsi-vefat-edib\\\/#breadcrumb\",\"itemListElement\":[{\"@type\":\"ListItem\",\"position\":1,\"name\":\"Ana s\u0259hif\u0259\",\"item\":\"https:\\\/\\\/www.meydan.tv\\\/az\\\/\"},{\"@type\":\"ListItem\",\"position\":2,\"name\":\"D\u00fcnya\",\"item\":\"https:\\\/\\\/www.meydan.tv\\\/az\\\/section\\\/dunya\\\/\"},{\"@type\":\"ListItem\",\"position\":3,\"name\":\"Misirin ke\u00e7mi\u015f prezidenti Mursi v\u0259fat edib\"}]},{\"@type\":\"WebSite\",\"@id\":\"https:\\\/\\\/www.meydan.tv\\\/az\\\/#website\",\"url\":\"https:\\\/\\\/www.meydan.tv\\\/az\\\/\",\"name\":\"MEYDAN.TV\",\"description\":\"Meydan TV Az\u0259rbaycan\u0131n media m\u0259kan\u0131ndak\u0131 alternativ s\u0259sidir\",\"publisher\":{\"@id\":\"https:\\\/\\\/www.meydan.tv\\\/az\\\/#organization\"},\"potentialAction\":[{\"@type\":\"SearchAction\",\"target\":{\"@type\":\"EntryPoint\",\"urlTemplate\":\"https:\\\/\\\/www.meydan.tv\\\/az\\\/?s={search_term_string}\"},\"query-input\":{\"@type\":\"PropertyValueSpecification\",\"valueRequired\":true,\"valueName\":\"search_term_string\"}}],\"inLanguage\":\"az\"},{\"@type\":\"Organization\",\"@id\":\"https:\\\/\\\/www.meydan.tv\\\/az\\\/#organization\",\"name\":\"Meydan TV\",\"url\":\"https:\\\/\\\/www.meydan.tv\\\/az\\\/\",\"logo\":{\"@type\":\"ImageObject\",\"inLanguage\":\"az\",\"@id\":\"https:\\\/\\\/www.meydan.tv\\\/az\\\/#\\\/schema\\\/logo\\\/image\\\/\",\"url\":\"https:\\\/\\\/www.meydan.tv\\\/wp-content\\\/uploads\\\/2021\\\/07\\\/meydan-logo.svg\",\"contentUrl\":\"https:\\\/\\\/www.meydan.tv\\\/wp-content\\\/uploads\\\/2021\\\/07\\\/meydan-logo.svg\",\"width\":195,\"height\":46,\"caption\":\"Meydan TV\"},\"image\":{\"@id\":\"https:\\\/\\\/www.meydan.tv\\\/az\\\/#\\\/schema\\\/logo\\\/image\\\/\"}},{\"@type\":\"Person\",\"@id\":\"https:\\\/\\\/www.meydan.tv\\\/az\\\/#\\\/schema\\\/person\\\/10d11eccf6da3662cf5fdab9806ea91a\",\"name\":\"user-manager\"}]}<\/script>\n<!-- \/ Yoast SEO plugin. -->","yoast_head_json":{"title":"Misirin ke\u00e7mi\u015f prezidenti Mursi v\u0259fat edib - MEYDAN.TV","robots":{"index":"index","follow":"follow","max-snippet":"max-snippet:-1","max-image-preview":"max-image-preview:large","max-video-preview":"max-video-preview:-1"},"canonical":"https:\/\/www.meydan.tv\/az\/article\/misirin-kecmis-prezidenti-morsi-vefat-edib\/","og_locale":"az_AZ","og_type":"article","og_title":"Misirin ke\u00e7mi\u015f prezidenti Mursi v\u0259fat edib - MEYDAN.TV","og_description":"Qahir\u0259 C\u0259za M\u0259hk\u0259m\u0259si \"Hamasla \u0259m\u0259kda\u015fl\u0131q\" iddias\u0131 \u00fcz\u0259rin\u0259 Morsinin v\u0259 23 n\u0259f\u0259r dig\u0259r m\u00fctt\u0259himl\u0259rin m\u00fchakim\u0259sini iyunun 18-d\u0259k t\u0259xir\u0259 sal\u0131b.","og_url":"https:\/\/www.meydan.tv\/az\/article\/misirin-kecmis-prezidenti-morsi-vefat-edib\/","og_site_name":"MEYDAN.TV","article_published_time":"2019-06-18T14:39:13+00:00","og_image":[{"width":864,"height":486,"url":"https:\/\/www.meydan.tv\/wp-content\/uploads\/thumbs_b_c_4ca0823e528dc6bc23bf2d7daf57a0f6.jpg","type":"image\/jpeg"}],"author":"user-manager","twitter_card":"summary_large_image","schema":{"@context":"https:\/\/schema.org","@graph":[{"@type":"Article","@id":"https:\/\/www.meydan.tv\/az\/article\/misirin-kecmis-prezidenti-morsi-vefat-edib\/#article","isPartOf":{"@id":"https:\/\/www.meydan.tv\/az\/article\/misirin-kecmis-prezidenti-morsi-vefat-edib\/"},"author":{"name":"user-manager","@id":"https:\/\/www.meydan.tv\/az\/#\/schema\/person\/10d11eccf6da3662cf5fdab9806ea91a"},"headline":"Misirin ke\u00e7mi\u015f prezidenti Mursi v\u0259fat edib","datePublished":"2019-06-18T14:39:13+00:00","mainEntityOfPage":{"@id":"https:\/\/www.meydan.tv\/az\/article\/misirin-kecmis-prezidenti-morsi-vefat-edib\/"},"wordCount":249,"publisher":{"@id":"https:\/\/www.meydan.tv\/az\/#organization"},"image":{"@id":"https:\/\/www.meydan.tv\/az\/article\/misirin-kecmis-prezidenti-morsi-vefat-edib\/#primaryimage"},"thumbnailUrl":"https:\/\/www.meydan.tv\/wp-content\/uploads\/thumbs_b_c_4ca0823e528dc6bc23bf2d7daf57a0f6.jpg","articleSection":["D\u00fcnya"],"inLanguage":"az"},{"@type":"WebPage","@id":"https:\/\/www.meydan.tv\/az\/article\/misirin-kecmis-prezidenti-morsi-vefat-edib\/","url":"https:\/\/www.meydan.tv\/az\/article\/misirin-kecmis-prezidenti-morsi-vefat-edib\/","name":"Misirin ke\u00e7mi\u015f prezidenti Mursi v\u0259fat edib - MEYDAN.TV","isPartOf":{"@id":"https:\/\/www.meydan.tv\/az\/#website"},"primaryImageOfPage":{"@id":"https:\/\/www.meydan.tv\/az\/article\/misirin-kecmis-prezidenti-morsi-vefat-edib\/#primaryimage"},"image":{"@id":"https:\/\/www.meydan.tv\/az\/article\/misirin-kecmis-prezidenti-morsi-vefat-edib\/#primaryimage"},"thumbnailUrl":"https:\/\/www.meydan.tv\/wp-content\/uploads\/thumbs_b_c_4ca0823e528dc6bc23bf2d7daf57a0f6.jpg","datePublished":"2019-06-18T14:39:13+00:00","breadcrumb":{"@id":"https:\/\/www.meydan.tv\/az\/article\/misirin-kecmis-prezidenti-morsi-vefat-edib\/#breadcrumb"},"inLanguage":"az","potentialAction":[{"@type":"ReadAction","target":["https:\/\/www.meydan.tv\/az\/article\/misirin-kecmis-prezidenti-morsi-vefat-edib\/"]}]},{"@type":"ImageObject","inLanguage":"az","@id":"https:\/\/www.meydan.tv\/az\/article\/misirin-kecmis-prezidenti-morsi-vefat-edib\/#primaryimage","url":"https:\/\/www.meydan.tv\/wp-content\/uploads\/thumbs_b_c_4ca0823e528dc6bc23bf2d7daf57a0f6.jpg","contentUrl":"https:\/\/www.meydan.tv\/wp-content\/uploads\/thumbs_b_c_4ca0823e528dc6bc23bf2d7daf57a0f6.jpg","width":864,"height":486,"caption":"Source: google.az"},{"@type":"BreadcrumbList","@id":"https:\/\/www.meydan.tv\/az\/article\/misirin-kecmis-prezidenti-morsi-vefat-edib\/#breadcrumb","itemListElement":[{"@type":"ListItem","position":1,"name":"Ana s\u0259hif\u0259","item":"https:\/\/www.meydan.tv\/az\/"},{"@type":"ListItem","position":2,"name":"D\u00fcnya","item":"https:\/\/www.meydan.tv\/az\/section\/dunya\/"},{"@type":"ListItem","position":3,"name":"Misirin ke\u00e7mi\u015f prezidenti Mursi v\u0259fat edib"}]},{"@type":"WebSite","@id":"https:\/\/www.meydan.tv\/az\/#website","url":"https:\/\/www.meydan.tv\/az\/","name":"MEYDAN.TV","description":"Meydan TV Az\u0259rbaycan\u0131n media m\u0259kan\u0131ndak\u0131 alternativ s\u0259sidir","publisher":{"@id":"https:\/\/www.meydan.tv\/az\/#organization"},"potentialAction":[{"@type":"SearchAction","target":{"@type":"EntryPoint","urlTemplate":"https:\/\/www.meydan.tv\/az\/?s={search_term_string}"},"query-input":{"@type":"PropertyValueSpecification","valueRequired":true,"valueName":"search_term_string"}}],"inLanguage":"az"},{"@type":"Organization","@id":"https:\/\/www.meydan.tv\/az\/#organization","name":"Meydan TV","url":"https:\/\/www.meydan.tv\/az\/","logo":{"@type":"ImageObject","inLanguage":"az","@id":"https:\/\/www.meydan.tv\/az\/#\/schema\/logo\/image\/","url":"https:\/\/www.meydan.tv\/wp-content\/uploads\/2021\/07\/meydan-logo.svg","contentUrl":"https:\/\/www.meydan.tv\/wp-content\/uploads\/2021\/07\/meydan-logo.svg","width":195,"height":46,"caption":"Meydan TV"},"image":{"@id":"https:\/\/www.meydan.tv\/az\/#\/schema\/logo\/image\/"}},{"@type":"Person","@id":"https:\/\/www.meydan.tv\/az\/#\/schema\/person\/10d11eccf6da3662cf5fdab9806ea91a","name":"user-manager"}]}},"_links":{"self":[{"href":"https:\/\/www.meydan.tv\/az\/wp-json\/wp\/v2\/posts\/195883","targetHints":{"allow":["GET"]}}],"collection":[{"href":"https:\/\/www.meydan.tv\/az\/wp-json\/wp\/v2\/posts"}],"about":[{"href":"https:\/\/www.meydan.tv\/az\/wp-json\/wp\/v2\/types\/post"}],"author":[{"embeddable":true,"href":"https:\/\/www.meydan.tv\/az\/wp-json\/wp\/v2\/users\/11"}],"replies":[{"embeddable":true,"href":"https:\/\/www.meydan.tv\/az\/wp-json\/wp\/v2\/comments?post=195883"}],"version-history":[{"count":0,"href":"https:\/\/www.meydan.tv\/az\/wp-json\/wp\/v2\/posts\/195883\/revisions"}],"wp:featuredmedia":[{"embeddable":true,"href":"https:\/\/www.meydan.tv\/az\/wp-json\/wp\/v2\/media\/125607"}],"wp:attachment":[{"href":"https:\/\/www.meydan.tv\/az\/wp-json\/wp\/v2\/media?parent=195883"}],"wp:term":[{"taxonomy":"category","embeddable":true,"href":"https:\/\/www.meydan.tv\/az\/wp-json\/wp\/v2\/categories?post=195883"},{"taxonomy":"post_tag","embeddable":true,"href":"https:\/\/www.meydan.tv\/az\/wp-json\/wp\/v2\/tags?post=195883"}],"curies":[{"name":"wp","href":"https:\/\/api.w.org\/{rel}","templated":true}]}}